{"id":20100,"date":"2025-05-04T15:25:04","date_gmt":"2025-05-04T13:25:04","guid":{"rendered":"https:\/\/ismfrance.org\/?p=20100"},"modified":"2025-05-04T15:25:04","modified_gmt":"2025-05-04T13:25:04","slug":"malak-al-qanou-le-bebe-ne-a-gaza-sans-cerveau-a-cause-des-armes-israeliennes","status":"publish","type":"post","link":"https:\/\/ismfrance.org\/index.php\/2025\/05\/04\/malak-al-qanou-le-bebe-ne-a-gaza-sans-cerveau-a-cause-des-armes-israeliennes\/","title":{"rendered":"Malak Al-Qanou, le b\u00e9b\u00e9 n\u00e9 \u00e0 Gaza sans cerveau \u00e0 cause des armes isra\u00e9liennes"},"content":{"rendered":"<p><span style=\"color: #000000;\"><span style=\"font-family: Verdana, sans-serif;\"><span style=\"font-size: medium;\"><strong><a href=\"https:\/\/x.com\/ezzingaza\"><span style=\"color: #008000;\">Dr. Ezzideen<\/span><\/a>, 4 mai 2025.-<\/strong> Hier, \u00e0 l&rsquo;h\u00f4pital Al-Awda, dans le nord de Gaza, une petite fille, Malak Al-Qanou, est venue au monde, et le monde l&rsquo;a rejet\u00e9e. Elle n&rsquo;avait pas de cerveau. Non pas au sens po\u00e9tique de l&rsquo;innocence ou de la puret\u00e9, mais anatomiquement, litt\u00e9ralement : anenc\u00e9phalie. Pas de cerveau. Pas de pens\u00e9e future, pas de r\u00eaves, pas de souvenirs \u00e0 cr\u00e9er. Un cr\u00e2ne vide de sens. Elle \u00e9tait \u00e0 terme. Sa m\u00e8re l&rsquo;a port\u00e9e pendant neuf longs mois, \u00e0 travers des nuits br\u00fblantes et des matins en pleurs, \u00e0 travers la poussi\u00e8re, le chagrin et les sir\u00e8nes. Et puis, la naissance. Mais aucune vie \u00e0 sauver. Que du silence. Les m\u00e9decins restaient impuissants, bafou\u00e9s par les limites de leurs capacit\u00e9s.<\/span><\/span><\/span><\/p>\n<p><a href=\"https:\/\/ismfrance.org\/wp-content\/uploads\/2025\/05\/baby-without-brain.jpeg\"><img loading=\"lazy\" decoding=\"async\" class=\"size-large wp-image-20101 aligncenter\" src=\"https:\/\/ismfrance.org\/wp-content\/uploads\/2025\/05\/baby-without-brain-483x700.jpeg\" alt=\"\" width=\"483\" height=\"700\" srcset=\"https:\/\/ismfrance.org\/wp-content\/uploads\/2025\/05\/baby-without-brain-483x700.jpeg 483w, https:\/\/ismfrance.org\/wp-content\/uploads\/2025\/05\/baby-without-brain-207x300.jpeg 207w, https:\/\/ismfrance.org\/wp-content\/uploads\/2025\/05\/baby-without-brain-768x1114.jpeg 768w, https:\/\/ismfrance.org\/wp-content\/uploads\/2025\/05\/baby-without-brain-1059x1536.jpeg 1059w, https:\/\/ismfrance.org\/wp-content\/uploads\/2025\/05\/baby-without-brain.jpeg 1125w\" sizes=\"auto, (max-width: 483px) 100vw, 483px\" \/><\/a><span style=\"color: #000000;\"><span style=\"font-family: Verdana, sans-serif;\"><span style=\"font-size: medium;\">Je les ai vus, ces m\u00e9decins, leurs doigts habiles et st\u00e9riles tremblant. Non pas de confusion, mais de reconnaissance. Dommages t\u00e9ratog\u00e8nes. D\u00e9faillance du d\u00e9veloppement. D\u00e9figuration g\u00e9n\u00e9tique, non pas due au hasard, mais \u00e0 la guerre. Les bombes ont frapp\u00e9 non seulement des b\u00e2timents, mais des chromosomes. Les armes, d&rsquo;acier, brillantes, am\u00e9ricaines, sont tomb\u00e9es non seulement pour d\u00e9truire le pr\u00e9sent, mais pour corrompre l&rsquo;ut\u00e9rus. Pour empoisonner l&rsquo;id\u00e9e de demain.<\/span><\/span><\/span><\/p>\n<p><span style=\"color: #000000;\"><span style=\"font-family: Verdana, sans-serif;\"><span style=\"font-size: medium;\">Comment appelle-t-on cette horreur ? Radiations ? Dioxines ? Uranium appauvri ? Des toxines invisibles qui ne tuent pas rapidement, elles attendent. Elles s&rsquo;incrustent, traversent les parois placentaires et d\u00e9forment le tube neural. Elles perturbent la vie avant m\u00eame qu&rsquo;elle ne commence.<\/span><\/span><\/span><\/p>\n<p><span style=\"color: #000000;\"><span style=\"font-family: Verdana, sans-serif;\"><span style=\"font-size: medium;\">Les cas se multiplient. Fausses couches. Naissances pr\u00e9matur\u00e9es. Membres malform\u00e9s. Fentes palatines plus profondes que le chagrin. Moelle \u00e9pini\u00e8re comme des parchemins bris\u00e9s. Les m\u00e9decins murmurent d\u00e9sormais : il ne s&rsquo;agit pas d&rsquo;une s\u00e9rie de cas. C&rsquo;est une tendance. Une \u00e9tude du Lancet met en garde contre jusqu&rsquo;\u00e0 200.000 victimes indirectes, non pas de blessures par explosion, mais de dommages g\u00e9n\u00e9tiques transmis aux g\u00e9n\u00e9rations futures.<\/span><\/span><\/span><\/p>\n<p><span style=\"color: #000000;\"><span style=\"font-family: Verdana, sans-serif;\"><span style=\"font-size: medium;\">Mais le monde est sourd. Il compte les morts par explosion, pas par malformation. Il comptabilise les victimes par membres perdus, pas par g\u00e8nes bris\u00e9s.<\/span><\/span><\/span><\/p>\n<p><span style=\"color: #000000;\"><span style=\"font-family: Verdana, sans-serif;\"><span style=\"font-size: medium;\">Et l\u00e0, sous les d\u00e9combres, la blessure la plus profonde est dans l&rsquo;ut\u00e9rus. Je l&rsquo;ai vue hier. La m\u00e8re. Elle ne pleurait pas. Elle regardait seulement. Ses bras \u00e9taient vides. Elle avait port\u00e9 une fille sans cerveau. Mais l&rsquo;enfant avait des cils. Des doigts. Et c&rsquo;est le plus terrible : que la vie ait essay\u00e9. Que le corps ait ob\u00e9i. Que, m\u00eame en pleine apocalypse, les cellules aient continu\u00e9 \u00e0 se reconstituer.<\/span><\/span><\/span><\/p>\n<p><span style=\"color: #000000;\"><span style=\"font-family: Verdana, sans-serif;\"><span style=\"font-size: medium;\">Quelque part, un autre enfant pourrait na\u00eetre marqu\u00e9 par l&rsquo;air que sa m\u00e8re a respir\u00e9. Sans savoir pourquoi.<\/span><\/span><\/span><\/p>\n<p><span style=\"color: #000000;\"><span style=\"font-family: Verdana, sans-serif;\"><span style=\"font-size: medium;\">On dit que la guerre prend fin. Que les cessez-le-feu arrivent. Que la gu\u00e9rison est possible. Mais comment peut-elle prendre fin quand elle vit dans les cellules ? Quand le placenta devient un champ de bataille ? Quand la biologie devient l&rsquo;archive de la guerre ?<\/span><\/span><\/span><\/p>\n<p><span style=\"color: #000000;\"><span style=\"font-family: Verdana, sans-serif;\"><span style=\"font-size: medium;\">Ce n&rsquo;est pas seulement une guerre de feu et d&rsquo;acier. C&rsquo;est une guerre contre la vie. Contre les femmes. Contre l&rsquo;acte m\u00eame de la naissance. J&rsquo;ai vu la mort, des corps d\u00e9chir\u00e9s, des poumons haletant sous des c\u00f4tes bris\u00e9es. Mais jamais je n&rsquo;ai entendu un silence aussi profond que celui d&rsquo;une m\u00e8re qui accouche d&rsquo;un enfant d\u00e9j\u00e0 condamn\u00e9 par le ciel.<\/span><\/span><\/span><\/p>\n<p><span style=\"color: #000000;\"><span style=\"font-family: Verdana, sans-serif;\"><span style=\"font-size: medium;\">Et donc j&rsquo;\u00e9cris. Non pas pour accuser. Non pas pour pleurer. Mais pour me souvenir.<\/span><\/span><\/span><\/p>\n<p><span style=\"color: #000000;\"><span style=\"font-family: Verdana, sans-serif;\"><span style=\"font-size: medium;\">Parce que certaines armes n\u2019explosent pas. Elles incubent. <\/span><\/span><\/span><\/p>\n<p><em><span style=\"color: #000000;\"><span style=\"font-family: Verdana, sans-serif;\"><span style=\"font-size: medium;\">Article original en anglais sur le compte X<span style=\"color: #339966;\"> <a style=\"color: #339966;\" href=\"https:\/\/x.com\/ezzingaza\/status\/1918793172227948898\">Dr. Ezziden Gaza<\/a><\/span> \/ Traduction MR<\/span><\/span><\/span><\/em><\/p>\n","protected":false},"excerpt":{"rendered":"<p>Dr. Ezzideen, 4 mai 2025.- Hier, \u00e0 l&rsquo;h\u00f4pital Al-Awda, dans le nord de Gaza, une petite fille, Malak Al-Qanou, est venue au monde, et le monde l&rsquo;a rejet\u00e9e. Elle n&rsquo;avait <a class=\"more-link\" href=\"https:\/\/ismfrance.org\/index.php\/2025\/05\/04\/malak-al-qanou-le-bebe-ne-a-gaza-sans-cerveau-a-cause-des-armes-israeliennes\/\">Lire la suite &rarr;<\/a><\/p>\n","protected":false},"author":3,"featured_media":20101,"comment_status":"closed","ping_status":"closed","sticky":false,"template":"","format":"standard","meta":{"footnotes":""},"categories":[2,13],"tags":[65,156],"class_list":["post-20100","post","type-post","status-publish","format-standard","has-post-thumbnail","hentry","category-articles","category-temoignages","tag-armement-israelien","tag-genocide"],"yoast_head":"<!-- This site is optimized with the Yoast SEO plugin v27.2 - https:\/\/yoast.com\/product\/yoast-seo-wordpress\/ -->\n<title>Malak Al-Qanou, le b\u00e9b\u00e9 n\u00e9 \u00e0 Gaza sans cerveau \u00e0 cause des armes isra\u00e9liennes - International Solidarity Movement - ISM-France<\/title>\n<meta name=\"robots\" content=\"index, follow, max-snippet:-1, max-image-preview:large, max-video-preview:-1\" \/>\n<link rel=\"canonical\" href=\"https:\/\/ismfrance.org\/index.php\/2025\/05\/04\/malak-al-qanou-le-bebe-ne-a-gaza-sans-cerveau-a-cause-des-armes-israeliennes\/\" \/>\n<meta property=\"og:locale\" content=\"fr_FR\" \/>\n<meta property=\"og:type\" content=\"article\" \/>\n<meta property=\"og:title\" content=\"Malak Al-Qanou, le b\u00e9b\u00e9 n\u00e9 \u00e0 Gaza sans cerveau \u00e0 cause des armes isra\u00e9liennes - International Solidarity Movement - ISM-France\" \/>\n<meta property=\"og:description\" content=\"Dr. Ezzideen, 4 mai 2025.- Hier, \u00e0 l&rsquo;h\u00f4pital Al-Awda, dans le nord de Gaza, une petite fille, Malak Al-Qanou, est venue au monde, et le monde l&rsquo;a rejet\u00e9e. Elle n&rsquo;avait Lire la suite &rarr;\" \/>\n<meta property=\"og:url\" content=\"https:\/\/ismfrance.org\/index.php\/2025\/05\/04\/malak-al-qanou-le-bebe-ne-a-gaza-sans-cerveau-a-cause-des-armes-israeliennes\/\" \/>\n<meta property=\"og:site_name\" content=\"International Solidarity Movement - ISM-France\" \/>\n<meta property=\"article:published_time\" content=\"2025-05-04T13:25:04+00:00\" \/>\n<meta property=\"og:image\" content=\"https:\/\/ismfrance.org\/wp-content\/uploads\/2025\/05\/baby-without-brain.jpeg\" \/>\n\t<meta property=\"og:image:width\" content=\"1125\" \/>\n\t<meta property=\"og:image:height\" content=\"1632\" \/>\n\t<meta property=\"og:image:type\" content=\"image\/jpeg\" \/>\n<meta name=\"author\" content=\"mru_01\" \/>\n<meta name=\"twitter:card\" content=\"summary_large_image\" \/>\n<meta name=\"twitter:creator\" content=\"@ISMFRANCE\" \/>\n<meta name=\"twitter:site\" content=\"@ISMFRANCE\" \/>\n<meta name=\"twitter:label1\" content=\"\u00c9crit par\" \/>\n\t<meta name=\"twitter:data1\" content=\"mru_01\" \/>\n\t<meta name=\"twitter:label2\" content=\"Dur\u00e9e de lecture estim\u00e9e\" \/>\n\t<meta name=\"twitter:data2\" content=\"4 minutes\" \/>\n<script type=\"application\/ld+json\" class=\"yoast-schema-graph\">{\"@context\":\"https:\/\/schema.org\",\"@graph\":[{\"@type\":\"Article\",\"@id\":\"https:\/\/ismfrance.org\/index.php\/2025\/05\/04\/malak-al-qanou-le-bebe-ne-a-gaza-sans-cerveau-a-cause-des-armes-israeliennes\/#article\",\"isPartOf\":{\"@id\":\"https:\/\/ismfrance.org\/index.php\/2025\/05\/04\/malak-al-qanou-le-bebe-ne-a-gaza-sans-cerveau-a-cause-des-armes-israeliennes\/\"},\"author\":{\"name\":\"mru_01\",\"@id\":\"https:\/\/ismfrance.org\/#\/schema\/person\/3c411eb72adfaae19c0dca1f41fae01d\"},\"headline\":\"Malak Al-Qanou, le b\u00e9b\u00e9 n\u00e9 \u00e0 Gaza sans cerveau \u00e0 cause des armes isra\u00e9liennes\",\"datePublished\":\"2025-05-04T13:25:04+00:00\",\"mainEntityOfPage\":{\"@id\":\"https:\/\/ismfrance.org\/index.php\/2025\/05\/04\/malak-al-qanou-le-bebe-ne-a-gaza-sans-cerveau-a-cause-des-armes-israeliennes\/\"},\"wordCount\":643,\"publisher\":{\"@id\":\"https:\/\/ismfrance.org\/#organization\"},\"image\":{\"@id\":\"https:\/\/ismfrance.org\/index.php\/2025\/05\/04\/malak-al-qanou-le-bebe-ne-a-gaza-sans-cerveau-a-cause-des-armes-israeliennes\/#primaryimage\"},\"thumbnailUrl\":\"https:\/\/ismfrance.org\/wp-content\/uploads\/2025\/05\/baby-without-brain.jpeg\",\"keywords\":[\"armement isra\u00e9lien\",\"G\u00e9nocide\"],\"articleSection\":[\"Articles\",\"T\u00e9moignages\"],\"inLanguage\":\"fr-FR\"},{\"@type\":\"WebPage\",\"@id\":\"https:\/\/ismfrance.org\/index.php\/2025\/05\/04\/malak-al-qanou-le-bebe-ne-a-gaza-sans-cerveau-a-cause-des-armes-israeliennes\/\",\"url\":\"https:\/\/ismfrance.org\/index.php\/2025\/05\/04\/malak-al-qanou-le-bebe-ne-a-gaza-sans-cerveau-a-cause-des-armes-israeliennes\/\",\"name\":\"Malak Al-Qanou, le b\u00e9b\u00e9 n\u00e9 \u00e0 Gaza sans cerveau \u00e0 cause des armes isra\u00e9liennes - International Solidarity Movement - ISM-France\",\"isPartOf\":{\"@id\":\"https:\/\/ismfrance.org\/#website\"},\"primaryImageOfPage\":{\"@id\":\"https:\/\/ismfrance.org\/index.php\/2025\/05\/04\/malak-al-qanou-le-bebe-ne-a-gaza-sans-cerveau-a-cause-des-armes-israeliennes\/#primaryimage\"},\"image\":{\"@id\":\"https:\/\/ismfrance.org\/index.php\/2025\/05\/04\/malak-al-qanou-le-bebe-ne-a-gaza-sans-cerveau-a-cause-des-armes-israeliennes\/#primaryimage\"},\"thumbnailUrl\":\"https:\/\/ismfrance.org\/wp-content\/uploads\/2025\/05\/baby-without-brain.jpeg\",\"datePublished\":\"2025-05-04T13:25:04+00:00\",\"breadcrumb\":{\"@id\":\"https:\/\/ismfrance.org\/index.php\/2025\/05\/04\/malak-al-qanou-le-bebe-ne-a-gaza-sans-cerveau-a-cause-des-armes-israeliennes\/#breadcrumb\"},\"inLanguage\":\"fr-FR\",\"potentialAction\":[{\"@type\":\"ReadAction\",\"target\":[\"https:\/\/ismfrance.org\/index.php\/2025\/05\/04\/malak-al-qanou-le-bebe-ne-a-gaza-sans-cerveau-a-cause-des-armes-israeliennes\/\"]}]},{\"@type\":\"ImageObject\",\"inLanguage\":\"fr-FR\",\"@id\":\"https:\/\/ismfrance.org\/index.php\/2025\/05\/04\/malak-al-qanou-le-bebe-ne-a-gaza-sans-cerveau-a-cause-des-armes-israeliennes\/#primaryimage\",\"url\":\"https:\/\/ismfrance.org\/wp-content\/uploads\/2025\/05\/baby-without-brain.jpeg\",\"contentUrl\":\"https:\/\/ismfrance.org\/wp-content\/uploads\/2025\/05\/baby-without-brain.jpeg\",\"width\":1125,\"height\":1632},{\"@type\":\"BreadcrumbList\",\"@id\":\"https:\/\/ismfrance.org\/index.php\/2025\/05\/04\/malak-al-qanou-le-bebe-ne-a-gaza-sans-cerveau-a-cause-des-armes-israeliennes\/#breadcrumb\",\"itemListElement\":[{\"@type\":\"ListItem\",\"position\":1,\"name\":\"Accueil\",\"item\":\"https:\/\/ismfrance.org\/\"},{\"@type\":\"ListItem\",\"position\":2,\"name\":\"Malak Al-Qanou, le b\u00e9b\u00e9 n\u00e9 \u00e0 Gaza sans cerveau \u00e0 cause des armes isra\u00e9liennes\"}]},{\"@type\":\"WebSite\",\"@id\":\"https:\/\/ismfrance.org\/#website\",\"url\":\"https:\/\/ismfrance.org\/\",\"name\":\"ISM Palestine France\",\"description\":\"Soutien aux luttes de lib\u00e9ration du peuple palestinien\",\"publisher\":{\"@id\":\"https:\/\/ismfrance.org\/#organization\"},\"potentialAction\":[{\"@type\":\"SearchAction\",\"target\":{\"@type\":\"EntryPoint\",\"urlTemplate\":\"https:\/\/ismfrance.org\/?s={search_term_string}\"},\"query-input\":{\"@type\":\"PropertyValueSpecification\",\"valueRequired\":true,\"valueName\":\"search_term_string\"}}],\"inLanguage\":\"fr-FR\"},{\"@type\":\"Organization\",\"@id\":\"https:\/\/ismfrance.org\/#organization\",\"name\":\"International Solidarity Movement\",\"url\":\"https:\/\/ismfrance.org\/\",\"logo\":{\"@type\":\"ImageObject\",\"inLanguage\":\"fr-FR\",\"@id\":\"https:\/\/ismfrance.org\/#\/schema\/logo\/image\/\",\"url\":\"https:\/\/ismfrance.org\/wp-content\/uploads\/2020\/12\/00.png\",\"contentUrl\":\"https:\/\/ismfrance.org\/wp-content\/uploads\/2020\/12\/00.png\",\"width\":400,\"height\":400,\"caption\":\"International Solidarity Movement\"},\"image\":{\"@id\":\"https:\/\/ismfrance.org\/#\/schema\/logo\/image\/\"},\"sameAs\":[\"https:\/\/x.com\/ISMFRANCE\"]},{\"@type\":\"Person\",\"@id\":\"https:\/\/ismfrance.org\/#\/schema\/person\/3c411eb72adfaae19c0dca1f41fae01d\",\"name\":\"mru_01\",\"image\":{\"@type\":\"ImageObject\",\"inLanguage\":\"fr-FR\",\"@id\":\"https:\/\/secure.gravatar.com\/avatar\/3a0be343b445d2ccc79e87444a294fad2b232e90d2051d0e3cc219e1ecd6a330?s=96&d=mm&r=g\",\"url\":\"https:\/\/secure.gravatar.com\/avatar\/3a0be343b445d2ccc79e87444a294fad2b232e90d2051d0e3cc219e1ecd6a330?s=96&d=mm&r=g\",\"contentUrl\":\"https:\/\/secure.gravatar.com\/avatar\/3a0be343b445d2ccc79e87444a294fad2b232e90d2051d0e3cc219e1ecd6a330?s=96&d=mm&r=g\",\"caption\":\"mru_01\"},\"url\":\"https:\/\/ismfrance.org\/index.php\/author\/admin02\/\"}]}<\/script>\n<!-- \/ Yoast SEO plugin. -->","yoast_head_json":{"title":"Malak Al-Qanou, le b\u00e9b\u00e9 n\u00e9 \u00e0 Gaza sans cerveau \u00e0 cause des armes isra\u00e9liennes - International Solidarity Movement - ISM-France","robots":{"index":"index","follow":"follow","max-snippet":"max-snippet:-1","max-image-preview":"max-image-preview:large","max-video-preview":"max-video-preview:-1"},"canonical":"https:\/\/ismfrance.org\/index.php\/2025\/05\/04\/malak-al-qanou-le-bebe-ne-a-gaza-sans-cerveau-a-cause-des-armes-israeliennes\/","og_locale":"fr_FR","og_type":"article","og_title":"Malak Al-Qanou, le b\u00e9b\u00e9 n\u00e9 \u00e0 Gaza sans cerveau \u00e0 cause des armes isra\u00e9liennes - International Solidarity Movement - ISM-France","og_description":"Dr. Ezzideen, 4 mai 2025.- Hier, \u00e0 l&rsquo;h\u00f4pital Al-Awda, dans le nord de Gaza, une petite fille, Malak Al-Qanou, est venue au monde, et le monde l&rsquo;a rejet\u00e9e. Elle n&rsquo;avait Lire la suite &rarr;","og_url":"https:\/\/ismfrance.org\/index.php\/2025\/05\/04\/malak-al-qanou-le-bebe-ne-a-gaza-sans-cerveau-a-cause-des-armes-israeliennes\/","og_site_name":"International Solidarity Movement - ISM-France","article_published_time":"2025-05-04T13:25:04+00:00","og_image":[{"width":1125,"height":1632,"url":"https:\/\/ismfrance.org\/wp-content\/uploads\/2025\/05\/baby-without-brain.jpeg","type":"image\/jpeg"}],"author":"mru_01","twitter_card":"summary_large_image","twitter_creator":"@ISMFRANCE","twitter_site":"@ISMFRANCE","twitter_misc":{"\u00c9crit par":"mru_01","Dur\u00e9e de lecture estim\u00e9e":"4 minutes"},"schema":{"@context":"https:\/\/schema.org","@graph":[{"@type":"Article","@id":"https:\/\/ismfrance.org\/index.php\/2025\/05\/04\/malak-al-qanou-le-bebe-ne-a-gaza-sans-cerveau-a-cause-des-armes-israeliennes\/#article","isPartOf":{"@id":"https:\/\/ismfrance.org\/index.php\/2025\/05\/04\/malak-al-qanou-le-bebe-ne-a-gaza-sans-cerveau-a-cause-des-armes-israeliennes\/"},"author":{"name":"mru_01","@id":"https:\/\/ismfrance.org\/#\/schema\/person\/3c411eb72adfaae19c0dca1f41fae01d"},"headline":"Malak Al-Qanou, le b\u00e9b\u00e9 n\u00e9 \u00e0 Gaza sans cerveau \u00e0 cause des armes isra\u00e9liennes","datePublished":"2025-05-04T13:25:04+00:00","mainEntityOfPage":{"@id":"https:\/\/ismfrance.org\/index.php\/2025\/05\/04\/malak-al-qanou-le-bebe-ne-a-gaza-sans-cerveau-a-cause-des-armes-israeliennes\/"},"wordCount":643,"publisher":{"@id":"https:\/\/ismfrance.org\/#organization"},"image":{"@id":"https:\/\/ismfrance.org\/index.php\/2025\/05\/04\/malak-al-qanou-le-bebe-ne-a-gaza-sans-cerveau-a-cause-des-armes-israeliennes\/#primaryimage"},"thumbnailUrl":"https:\/\/ismfrance.org\/wp-content\/uploads\/2025\/05\/baby-without-brain.jpeg","keywords":["armement isra\u00e9lien","G\u00e9nocide"],"articleSection":["Articles","T\u00e9moignages"],"inLanguage":"fr-FR"},{"@type":"WebPage","@id":"https:\/\/ismfrance.org\/index.php\/2025\/05\/04\/malak-al-qanou-le-bebe-ne-a-gaza-sans-cerveau-a-cause-des-armes-israeliennes\/","url":"https:\/\/ismfrance.org\/index.php\/2025\/05\/04\/malak-al-qanou-le-bebe-ne-a-gaza-sans-cerveau-a-cause-des-armes-israeliennes\/","name":"Malak Al-Qanou, le b\u00e9b\u00e9 n\u00e9 \u00e0 Gaza sans cerveau \u00e0 cause des armes isra\u00e9liennes - International Solidarity Movement - ISM-France","isPartOf":{"@id":"https:\/\/ismfrance.org\/#website"},"primaryImageOfPage":{"@id":"https:\/\/ismfrance.org\/index.php\/2025\/05\/04\/malak-al-qanou-le-bebe-ne-a-gaza-sans-cerveau-a-cause-des-armes-israeliennes\/#primaryimage"},"image":{"@id":"https:\/\/ismfrance.org\/index.php\/2025\/05\/04\/malak-al-qanou-le-bebe-ne-a-gaza-sans-cerveau-a-cause-des-armes-israeliennes\/#primaryimage"},"thumbnailUrl":"https:\/\/ismfrance.org\/wp-content\/uploads\/2025\/05\/baby-without-brain.jpeg","datePublished":"2025-05-04T13:25:04+00:00","breadcrumb":{"@id":"https:\/\/ismfrance.org\/index.php\/2025\/05\/04\/malak-al-qanou-le-bebe-ne-a-gaza-sans-cerveau-a-cause-des-armes-israeliennes\/#breadcrumb"},"inLanguage":"fr-FR","potentialAction":[{"@type":"ReadAction","target":["https:\/\/ismfrance.org\/index.php\/2025\/05\/04\/malak-al-qanou-le-bebe-ne-a-gaza-sans-cerveau-a-cause-des-armes-israeliennes\/"]}]},{"@type":"ImageObject","inLanguage":"fr-FR","@id":"https:\/\/ismfrance.org\/index.php\/2025\/05\/04\/malak-al-qanou-le-bebe-ne-a-gaza-sans-cerveau-a-cause-des-armes-israeliennes\/#primaryimage","url":"https:\/\/ismfrance.org\/wp-content\/uploads\/2025\/05\/baby-without-brain.jpeg","contentUrl":"https:\/\/ismfrance.org\/wp-content\/uploads\/2025\/05\/baby-without-brain.jpeg","width":1125,"height":1632},{"@type":"BreadcrumbList","@id":"https:\/\/ismfrance.org\/index.php\/2025\/05\/04\/malak-al-qanou-le-bebe-ne-a-gaza-sans-cerveau-a-cause-des-armes-israeliennes\/#breadcrumb","itemListElement":[{"@type":"ListItem","position":1,"name":"Accueil","item":"https:\/\/ismfrance.org\/"},{"@type":"ListItem","position":2,"name":"Malak Al-Qanou, le b\u00e9b\u00e9 n\u00e9 \u00e0 Gaza sans cerveau \u00e0 cause des armes isra\u00e9liennes"}]},{"@type":"WebSite","@id":"https:\/\/ismfrance.org\/#website","url":"https:\/\/ismfrance.org\/","name":"ISM Palestine France","description":"Soutien aux luttes de lib\u00e9ration du peuple palestinien","publisher":{"@id":"https:\/\/ismfrance.org\/#organization"},"potentialAction":[{"@type":"SearchAction","target":{"@type":"EntryPoint","urlTemplate":"https:\/\/ismfrance.org\/?s={search_term_string}"},"query-input":{"@type":"PropertyValueSpecification","valueRequired":true,"valueName":"search_term_string"}}],"inLanguage":"fr-FR"},{"@type":"Organization","@id":"https:\/\/ismfrance.org\/#organization","name":"International Solidarity Movement","url":"https:\/\/ismfrance.org\/","logo":{"@type":"ImageObject","inLanguage":"fr-FR","@id":"https:\/\/ismfrance.org\/#\/schema\/logo\/image\/","url":"https:\/\/ismfrance.org\/wp-content\/uploads\/2020\/12\/00.png","contentUrl":"https:\/\/ismfrance.org\/wp-content\/uploads\/2020\/12\/00.png","width":400,"height":400,"caption":"International Solidarity Movement"},"image":{"@id":"https:\/\/ismfrance.org\/#\/schema\/logo\/image\/"},"sameAs":["https:\/\/x.com\/ISMFRANCE"]},{"@type":"Person","@id":"https:\/\/ismfrance.org\/#\/schema\/person\/3c411eb72adfaae19c0dca1f41fae01d","name":"mru_01","image":{"@type":"ImageObject","inLanguage":"fr-FR","@id":"https:\/\/secure.gravatar.com\/avatar\/3a0be343b445d2ccc79e87444a294fad2b232e90d2051d0e3cc219e1ecd6a330?s=96&d=mm&r=g","url":"https:\/\/secure.gravatar.com\/avatar\/3a0be343b445d2ccc79e87444a294fad2b232e90d2051d0e3cc219e1ecd6a330?s=96&d=mm&r=g","contentUrl":"https:\/\/secure.gravatar.com\/avatar\/3a0be343b445d2ccc79e87444a294fad2b232e90d2051d0e3cc219e1ecd6a330?s=96&d=mm&r=g","caption":"mru_01"},"url":"https:\/\/ismfrance.org\/index.php\/author\/admin02\/"}]}},"_links":{"self":[{"href":"https:\/\/ismfrance.org\/index.php\/wp-json\/wp\/v2\/posts\/20100","targetHints":{"allow":["GET"]}}],"collection":[{"href":"https:\/\/ismfrance.org\/index.php\/wp-json\/wp\/v2\/posts"}],"about":[{"href":"https:\/\/ismfrance.org\/index.php\/wp-json\/wp\/v2\/types\/post"}],"author":[{"embeddable":true,"href":"https:\/\/ismfrance.org\/index.php\/wp-json\/wp\/v2\/users\/3"}],"replies":[{"embeddable":true,"href":"https:\/\/ismfrance.org\/index.php\/wp-json\/wp\/v2\/comments?post=20100"}],"version-history":[{"count":0,"href":"https:\/\/ismfrance.org\/index.php\/wp-json\/wp\/v2\/posts\/20100\/revisions"}],"wp:featuredmedia":[{"embeddable":true,"href":"https:\/\/ismfrance.org\/index.php\/wp-json\/wp\/v2\/media\/20101"}],"wp:attachment":[{"href":"https:\/\/ismfrance.org\/index.php\/wp-json\/wp\/v2\/media?parent=20100"}],"wp:term":[{"taxonomy":"category","embeddable":true,"href":"https:\/\/ismfrance.org\/index.php\/wp-json\/wp\/v2\/categories?post=20100"},{"taxonomy":"post_tag","embeddable":true,"href":"https:\/\/ismfrance.org\/index.php\/wp-json\/wp\/v2\/tags?post=20100"}],"curies":[{"name":"wp","href":"https:\/\/api.w.org\/{rel}","templated":true}]}}