{"id":19956,"date":"2025-04-28T09:46:33","date_gmt":"2025-04-28T07:46:33","guid":{"rendered":"https:\/\/ismfrance.org\/?p=19956"},"modified":"2025-04-28T09:46:33","modified_gmt":"2025-04-28T07:46:33","slug":"temoignages-de-gazaouis-la-survie-qui-sorganise-au-jour-le-jour-dans-lenfer-de-gaza-partie-377-27-avril-sur-les-ruines-des-ecoles-detruites-les-enfants","status":"publish","type":"post","link":"https:\/\/ismfrance.org\/index.php\/2025\/04\/28\/temoignages-de-gazaouis-la-survie-qui-sorganise-au-jour-le-jour-dans-lenfer-de-gaza-partie-377-27-avril-sur-les-ruines-des-ecoles-detruites-les-enfants\/","title":{"rendered":"T\u00e9moignages de Gazaouis : La survie qui s\u2019organise au jour le jour dans l\u2019enfer de Gaza \u2013 partie 377 \/ 27 avril \u2013\u00a0Sur les ruines des \u00e9coles d\u00e9truites, les enfants de Gaza s\u00e8ment les graines de la vie"},"content":{"rendered":"<p align=\"LEFT\"><span style=\"color: #000000;\"><span style=\"font-family: Arial, sans-serif;\"><span style=\"font-size: medium;\"><b>Brigitte Challande, 28 avril 2025.- <\/b>Dans les ruines de la bande de Gaza, l\u2019\u00e9quipe soutenue par l\u2019UJFP continue son travail co<span lang=\"en-US\">\u00fbte que co\u00fbte :<b> priorit\u00e9 \u00e0 l\u2019\u00e9ducation ! Deux \u00e9coles et 352 \u00e9colier.e.s<\/b><\/span><\/span><\/span><\/span><\/p>\n<p align=\"LEFT\"><span style=\"color: #000000;\"><span style=\"font-family: Arial, sans-serif;\"><span style=\"font-size: medium;\">\u00ab\u00a0\u00c0 Gaza, o\u00f9 tout s&rsquo;effondre sous le poids de la guerre, l&rsquo;\u00e9ducation demeure le dernier bastion d&rsquo;espoir auquel les habitants s&rsquo;accrochent, tels des naufrag\u00e9s \u00e0 une planche en pleine mer d\u00e9cha\u00een\u00e9e. \u00c0 travers des d\u00e9cennies de douleur, de blocus et de privations, le peuple palestinien, en particulier celui de Gaza, est rest\u00e9 un symbole de savoir et de culture dans le monde arabe, conservant l&rsquo;un des taux les plus \u00e9lev\u00e9s de dipl\u00f4m\u00e9s malgr\u00e9 les blessures inflig\u00e9es par les jours sombres. Pour eux, l&rsquo;\u00e9ducation n&rsquo;a jamais \u00e9t\u00e9 un luxe, mais une arme d&rsquo;un autre genre, un bouclier pour pr\u00e9server leur identit\u00e9 et une arme pour d\u00e9fendre leur dignit\u00e9 face au monde.<\/span><\/span><\/span><\/p>\n<p align=\"LEFT\"><a href=\"https:\/\/ismfrance.org\/wp-content\/uploads\/2025\/04\/IMG_05311.jpg\"><img loading=\"lazy\" decoding=\"async\" class=\"alignnone size-large wp-image-19959\" src=\"https:\/\/ismfrance.org\/wp-content\/uploads\/2025\/04\/IMG_05311-700x394.jpg\" alt=\"\" width=\"600\" height=\"338\" srcset=\"https:\/\/ismfrance.org\/wp-content\/uploads\/2025\/04\/IMG_05311-700x394.jpg 700w, https:\/\/ismfrance.org\/wp-content\/uploads\/2025\/04\/IMG_05311-300x169.jpg 300w, https:\/\/ismfrance.org\/wp-content\/uploads\/2025\/04\/IMG_05311-768x432.jpg 768w, https:\/\/ismfrance.org\/wp-content\/uploads\/2025\/04\/IMG_05311.jpg 1280w\" sizes=\"auto, (max-width: 600px) 100vw, 600px\" \/><\/a><\/p>\n<p align=\"LEFT\"><a href=\"https:\/\/ismfrance.org\/wp-content\/uploads\/2025\/04\/IMG_0550.jpg\"><img loading=\"lazy\" decoding=\"async\" class=\"alignnone size-large wp-image-19960\" src=\"https:\/\/ismfrance.org\/wp-content\/uploads\/2025\/04\/IMG_0550-700x394.jpg\" alt=\"\" width=\"600\" height=\"338\" srcset=\"https:\/\/ismfrance.org\/wp-content\/uploads\/2025\/04\/IMG_0550-700x394.jpg 700w, https:\/\/ismfrance.org\/wp-content\/uploads\/2025\/04\/IMG_0550-300x169.jpg 300w, https:\/\/ismfrance.org\/wp-content\/uploads\/2025\/04\/IMG_0550-768x432.jpg 768w, https:\/\/ismfrance.org\/wp-content\/uploads\/2025\/04\/IMG_0550.jpg 1280w\" sizes=\"auto, (max-width: 600px) 100vw, 600px\" \/><\/a><\/p>\n<p align=\"LEFT\"><span style=\"color: #000000;\"><span style=\"font-family: Arial, sans-serif;\"><span style=\"font-size: medium;\">Avec l&rsquo;intensification de la derni\u00e8re guerre, malgr\u00e9 la mort qui r\u00f4de dans les ruelles et les camps, malgr\u00e9 le bourdonnement incessant des avions dans le ciel, les familles ont obstin\u00e9ment continu\u00e9 d&rsquo;envoyer leurs enfants dans les centres \u00e9ducatifs, anim\u00e9es par une foi ancienne et profonde : un peuple ne meurt jamais tant qu&rsquo;un enfant lit un livre ou trace une lettre. La sc\u00e8ne des m\u00e8res accompagnant leurs enfants vers les centres d&rsquo;apprentissage, les yeux embu\u00e9s de larmes et le c\u0153ur tremblant de peur, est plus \u00e9loquente que tous les po\u00e8mes.<\/span><\/span><\/span><\/p>\n<p align=\"LEFT\"><span style=\"color: #000000;\"><span style=\"font-family: Arial, sans-serif;\"><span style=\"font-size: medium;\">Mais la guerre ne s&rsquo;est pas content\u00e9e de disperser les familles et de tuer les innocents ; elle a aussi frapp\u00e9 de plein fouet le syst\u00e8me \u00e9ducatif. L&rsquo;arm\u00e9e isra\u00e9lienne a d\u00e9truit des centaines d&rsquo;\u00e9coles et d&rsquo;\u00e9tablissements d&rsquo;enseignement, les r\u00e9duisant en ruines \u00e0 ciel ouvert. Ici, les \u00e9coles n&rsquo;\u00e9taient pas de simples b\u00e2timents, mais des m\u00e9moires d&rsquo;enfance et des promesses d&rsquo;avenir. Chaque d\u00e9placement forc\u00e9 effa\u00e7ait un peu plus la stabilit\u00e9 des familles et l&rsquo;insouciance des enfants, \u00e9parpillant leurs r\u00eaves comme leurs cahiers d\u00e9chir\u00e9s sur les routes.<\/span><\/span><\/span><\/p>\n<p align=\"LEFT\"><a href=\"https:\/\/ismfrance.org\/wp-content\/uploads\/2025\/04\/IMG_0546.jpg\"><img loading=\"lazy\" decoding=\"async\" class=\"alignnone size-large wp-image-19961\" src=\"https:\/\/ismfrance.org\/wp-content\/uploads\/2025\/04\/IMG_0546-700x394.jpg\" alt=\"\" width=\"600\" height=\"338\" srcset=\"https:\/\/ismfrance.org\/wp-content\/uploads\/2025\/04\/IMG_0546-700x394.jpg 700w, https:\/\/ismfrance.org\/wp-content\/uploads\/2025\/04\/IMG_0546-300x169.jpg 300w, https:\/\/ismfrance.org\/wp-content\/uploads\/2025\/04\/IMG_0546-768x432.jpg 768w, https:\/\/ismfrance.org\/wp-content\/uploads\/2025\/04\/IMG_0546.jpg 1280w\" sizes=\"auto, (max-width: 600px) 100vw, 600px\" \/><\/a> <a href=\"https:\/\/ismfrance.org\/wp-content\/uploads\/2025\/04\/IMG_2521-scaled.jpg\"><img loading=\"lazy\" decoding=\"async\" class=\"alignnone size-large wp-image-19962\" src=\"https:\/\/ismfrance.org\/wp-content\/uploads\/2025\/04\/IMG_2521-700x394.jpg\" alt=\"\" width=\"600\" height=\"338\" srcset=\"https:\/\/ismfrance.org\/wp-content\/uploads\/2025\/04\/IMG_2521-700x394.jpg 700w, https:\/\/ismfrance.org\/wp-content\/uploads\/2025\/04\/IMG_2521-300x169.jpg 300w, https:\/\/ismfrance.org\/wp-content\/uploads\/2025\/04\/IMG_2521-768x432.jpg 768w, https:\/\/ismfrance.org\/wp-content\/uploads\/2025\/04\/IMG_2521-1536x864.jpg 1536w, https:\/\/ismfrance.org\/wp-content\/uploads\/2025\/04\/IMG_2521-2048x1152.jpg 2048w, https:\/\/ismfrance.org\/wp-content\/uploads\/2025\/04\/IMG_2521-1320x743.jpg 1320w\" sizes=\"auto, (max-width: 600px) 100vw, 600px\" \/><\/a><\/p>\n<p align=\"LEFT\"><span style=\"color: #000000;\"><span style=\"font-family: Arial, sans-serif;\"><span style=\"font-size: medium;\">Dans ce tableau apocalyptique, l&rsquo;UJFP s&rsquo;est distingu\u00e9e, d\u00e9cid\u00e9e \u00e0 replanter les graines de l&rsquo;\u00e9ducation sur une terre br\u00fbl\u00e9e. Depuis le d\u00e9but de la guerre,elle s&rsquo;est employ\u00e9e \u00e0 cr\u00e9er des centres \u00e9ducatifs dans les zones de d\u00e9placement forc\u00e9, offrant aux enfants des espaces s\u00fbrs et sains pour retrouver l&rsquo;apprentissage perdu. Elle a ouvert plusieurs centres dans les camps de Khan Youn\u00e8s, Deir al-Balah et Nuseirat, r\u00e9pondant au besoin vital des enfants de redevenir des \u00e9l\u00e8ves plut\u00f4t que de simples num\u00e9ros sur les listes de d\u00e9plac\u00e9s.<\/span><\/span><\/span><\/p>\n<p align=\"LEFT\"><span style=\"color: #000000;\"><span style=\"font-family: Arial, sans-serif;\"><span style=\"font-size: medium;\">Aujourd&rsquo;hui, alors que de nombreuses familles regagnent le nord de la bande de Gaza, l&rsquo;UJFP continue de soutenir ces centres malgr\u00e9 des moyens limit\u00e9s et des conditions extr\u00eamement difficiles. \u00c0 Abu Taima, un centre \u00e9ducatif modeste se dresse tel une forteresse contre l&rsquo;oubli, accueillant les enfants de familles de paysans ayant refus\u00e9 un nouvel exode, pr\u00e9f\u00e9rant affronter la mort plut\u00f4t que de revivre l&rsquo;humiliation de l&rsquo;errance.<\/span><\/span><\/span><\/p>\n<p align=\"LEFT\"><a href=\"https:\/\/ismfrance.org\/wp-content\/uploads\/2025\/04\/IMG_2578-scaled.jpg\"><img loading=\"lazy\" decoding=\"async\" class=\"alignnone size-large wp-image-19963\" src=\"https:\/\/ismfrance.org\/wp-content\/uploads\/2025\/04\/IMG_2578-700x394.jpg\" alt=\"\" width=\"600\" height=\"338\" srcset=\"https:\/\/ismfrance.org\/wp-content\/uploads\/2025\/04\/IMG_2578-700x394.jpg 700w, https:\/\/ismfrance.org\/wp-content\/uploads\/2025\/04\/IMG_2578-300x169.jpg 300w, https:\/\/ismfrance.org\/wp-content\/uploads\/2025\/04\/IMG_2578-768x432.jpg 768w, https:\/\/ismfrance.org\/wp-content\/uploads\/2025\/04\/IMG_2578-1536x864.jpg 1536w, https:\/\/ismfrance.org\/wp-content\/uploads\/2025\/04\/IMG_2578-2048x1152.jpg 2048w, https:\/\/ismfrance.org\/wp-content\/uploads\/2025\/04\/IMG_2578-1320x743.jpg 1320w\" sizes=\"auto, (max-width: 600px) 100vw, 600px\" \/><\/a><\/p>\n<p align=\"LEFT\"><span style=\"color: #000000;\"><span style=\"font-family: Arial, sans-serif;\"><span style=\"font-size: medium;\">\u00c0 Nuseirat, une autre histoire s\u2019\u00e9crit chaque jour. Dans une zone isol\u00e9e pr\u00e8s de la c\u00f4te, aux chemins impraticables et presque d\u00e9pourvue de services, l&rsquo;\u00e9cole \u00ab\u00a0Premier Pas\u00a0\u00bb, soutenue directement par l&rsquo;UJFP, a ouvert ses portes pour offrir un refuge \u00e0 des dizaines d&rsquo;enfants. Ils y retrouvent ce qui leur avait \u00e9t\u00e9 arrach\u00e9 : un pupitre, un cahier immacul\u00e9, et le sourire d&rsquo;un enseignant. La semaine derni\u00e8re, l&rsquo;\u00e9cole accueillait 255 \u00e9l\u00e8ves, un chiffre d\u00e9j\u00e0 impressionnant compte tenu des circonstances ; cette semaine, ils sont 352, preuve de la confiance sem\u00e9e par l&rsquo;\u00e9quipe \u00e9ducative et de la s\u00e9curit\u00e9 que l&rsquo;\u00e9cole procure aux enfants, gr\u00e2ce aussi \u00e0 sa proximit\u00e9 avec leurs lieux d&rsquo;habitation.<\/span><\/span><\/span><\/p>\n<p align=\"LEFT\"><span style=\"color: #000000;\"><span style=\"font-family: Arial, sans-serif;\"><span style=\"font-size: medium;\">L&rsquo;\u00e9ducation ici n&rsquo;\u00e9tait pas que livres et devoirs : c&rsquo;\u00e9tait aussi du dessin, des rires, des dessins anim\u00e9s ramenant aux enfants des sourires vol\u00e9s par les bombardements, de la musique et des danses timides sur un sol plus habitu\u00e9 aux explosions qu&rsquo;aux m\u00e9lodies. Les fournitures scolaires, bien que simples, \u00e9taient pr\u00e9sentes, et l&rsquo;\u00e9cole fonctionnait sur deux plages horaires, matin et apr\u00e8s-midi, pour accueillir le maximum d&rsquo;\u00e9l\u00e8ves, d\u00e9fiant la destruction par une r\u00e9sistance silencieuse mais puissante.<\/span><\/span><\/span><\/p>\n<p align=\"LEFT\"><a href=\"https:\/\/ismfrance.org\/wp-content\/uploads\/2025\/04\/IMG_2597-scaled.jpg\"><img loading=\"lazy\" decoding=\"async\" class=\"alignnone size-large wp-image-19964\" src=\"https:\/\/ismfrance.org\/wp-content\/uploads\/2025\/04\/IMG_2597-700x394.jpg\" alt=\"\" width=\"600\" height=\"338\" srcset=\"https:\/\/ismfrance.org\/wp-content\/uploads\/2025\/04\/IMG_2597-700x394.jpg 700w, https:\/\/ismfrance.org\/wp-content\/uploads\/2025\/04\/IMG_2597-300x169.jpg 300w, https:\/\/ismfrance.org\/wp-content\/uploads\/2025\/04\/IMG_2597-768x432.jpg 768w, https:\/\/ismfrance.org\/wp-content\/uploads\/2025\/04\/IMG_2597-1536x864.jpg 1536w, https:\/\/ismfrance.org\/wp-content\/uploads\/2025\/04\/IMG_2597-2048x1152.jpg 2048w, https:\/\/ismfrance.org\/wp-content\/uploads\/2025\/04\/IMG_2597-1320x743.jpg 1320w\" sizes=\"auto, (max-width: 600px) 100vw, 600px\" \/><\/a><\/p>\n<p align=\"LEFT\"><span style=\"color: #000000;\"><span style=\"font-family: Arial, sans-serif;\"><span style=\"font-size: medium;\">Chaque enfant qui franchissait les portes de l&rsquo;\u00e9cole portait en lui une histoire de peur et de r\u00eave bris\u00e9, mais repartait avec un petit espoir cousu \u00e0 son c\u0153ur. Et tout cela n&rsquo;aurait pas \u00e9t\u00e9 possible sans la conviction profonde que l&rsquo;\u00e9ducation, \u00e0 Gaza, est une bataille pour la survie, ni sans l&rsquo;engagement in\u00e9branlable de l&rsquo;UJFP, qui persiste \u00e0 semer les graines de l&rsquo;avenir parmi les d\u00e9combres d&rsquo;aujourd&rsquo;hui.<\/span><\/span><\/span><\/p>\n<p align=\"LEFT\"><span style=\"color: #000000;\"><span style=\"font-family: Arial, sans-serif;\"><span style=\"font-size: medium;\">\u00c0 Gaza, la pierre peut tomber, la fleur peut mourir sous les chenilles de la guerre, mais l&rsquo;id\u00e9e ne meurt jamais. L&rsquo;id\u00e9e qu&rsquo;un enfant palestinien, portant son livre sur les ruines d&rsquo;une \u00e9cole d\u00e9truite, puisse continuer \u00e0 r\u00eaver envers et contre tout : voil\u00e0 la v\u00e9ritable merveille que Gaza \u00e9crit chaque jour avec son sang, ses larmes et son encre.\u00a0\u00bb<\/span><\/span><\/span><\/p>\n<p align=\"LEFT\"><span style=\"color: #000000;\"><span style=\"font-family: Arial, sans-serif;\"><span style=\"font-size: medium;\">Photos et vid\u00e9os <a href=\"https:\/\/drive.google.com\/drive\/folders\/1jqXsKQIlUHgf2VjfHR6TvmG94clOt2Cs\">ICI<\/a>.<\/span><\/span><\/span><\/p>\n<hr \/>\n<p align=\"LEFT\"><strong>Retrouvez l\u2019ensemble des t\u00e9moignages d\u2019Abu Amir et Marsel :<\/strong><\/p>\n<p>*<strong>Abu Amir Mutasem Ele\u00efwa<\/strong>\u00a0est coordinateur des Projets paysans depuis 2016 au sud de la bande de Gaza et correspondant de l\u2019Union Juive Fran\u00e7aise pour la Paix.<\/p>\n<p>*<strong>Marsel Alledawi<\/strong>\u00a0est responsable du Centre Ibn Sina du nord de la bande de Gaza, centre qui se consacre au suivi \u00e9ducatif et psychologique de l\u2019enfance.<\/p>\n<p>Tous les deux sont soutenus par l\u2019UJFP en France.<\/p>\n<p><strong><em>Cliquez ici pour consulter les\u00a0<a href=\"https:\/\/ismfrance.org\/index.php\/temoignages-gazaouis-survie-enfer-gaza-1\/\" target=\"_blank\" rel=\"noopener\">T\u00e9moignages du 20 novembre 2023 au 5 janvier 2025.<\/a><\/em><\/strong><\/p>\n<p><a href=\"https:\/\/ismfrance.org\/index.php\/2025\/01\/07\/temoignages-de-gazaouis-la-survie-qui-sorganise-au-jour-le-jour-dans-lenfer-de-gaza-partie-270-6-janvier-un-regard-sur-gaza\/\">Partie 270<\/a>\u00a0\/ 6 janvier\u00a0;\u00a0<a href=\"https:\/\/ismfrance.org\/index.php\/2025\/01\/09\/deuxieme-hiver-sous-des-abris-de-fortune-dans-la-faim-et-la-souffrance-le-temoignage-de-madleen-seule-femme-pecheure-dans-la-bande-de-gaza\/\">Partie 271<\/a>\u00a0\/ 7 janvier\u00a0;\u00a0<a href=\"https:\/\/ismfrance.org\/index.php\/2025\/01\/09\/temoignages-de-gazaouis-la-survie-qui-sorganise-au-jour-le-jour-dans-lenfer-de-gaza-partie-272-8-janvier-agressions-sans-limite\/\">Partie 272<\/a>\u00a0: 8 janvier\u00a0;\u00a0<a href=\"https:\/\/ismfrance.org\/index.php\/2025\/01\/10\/temoignages-de-gazaouis-la-survie-qui-sorganise-au-jour-le-jour-dans-lenfer-de-gaza-partie-273-10-janvier-fournitures-dhiver-pour-les-camps-de-d\/\">Partie 273<\/a>\u00a0: 10 janvier\u00a0;\u00a0<a href=\"https:\/\/ismfrance.org\/index.php\/2025\/01\/11\/temoignages-de-gazaouis-la-survie-qui-sorganise-au-jour-le-jour-dans-lenfer-de-gaza-partie-274-11-janvier-distribution-alimentaire-les-6-7-et-8-janvier\/\">Partie 274<\/a>\u00a0\/ 11 janvier ;\u00a0<a href=\"https:\/\/ismfrance.org\/index.php\/2025\/01\/11\/temoignages-de-gazaouis-la-survie-qui-sorganise-au-jour-le-jour-dans-lenfer-de-gaza-partie-275-11-janvier-1-rapport-complet-sur-la-situation-generale-dans-l\/\">Partie 275<\/a>\u00a0\/ 11 janvier (1) ;\u00a0<a href=\"https:\/\/ismfrance.org\/index.php\/2025\/01\/12\/temoignages-de-gazaouis-la-survie-qui-sorganise-au-jour-le-jour-dans-lenfer-de-gaza-partie-276-12-janvier-des-actions-persistantes-dans-les-camps-d\/\">Partie 276<\/a>\u00a0: 12 janvier ;\u00a0<a href=\"https:\/\/ismfrance.org\/index.php\/2025\/01\/14\/temoignages-de-gazaouis-la-survie-qui-sorganise-au-jour-le-jour-dans-lenfer-de-gaza-partie-277-13-janvier-massacres-continus-et-espoir-de-treve-imminent\/\">Partie 277<\/a>\u00a0: 13 janvier ;<a href=\"https:\/\/ismfrance.org\/index.php\/2025\/01\/15\/temoignages-de-gazaouis-la-survie-qui-sorganise-au-jour-le-jour-dans-lenfer-de-gaza-partie-278-14-janvier-initiative-pain-despoir\/\">\u00a0Partie 278<\/a>\u00a0: 14 janvier.\u00a0<a href=\"https:\/\/ismfrance.org\/index.php\/2025\/01\/16\/temoignages-de-gazaouis-la-survie-qui-sorganise-au-jour-le-jour-dans-lenfer-de-gaza-partie-279-15-janvier-apres-lannonce-dun-cess\/\">Partie 279<\/a>\u00a0: 15 janvier.\u00a0<a href=\"https:\/\/ismfrance.org\/index.php\/2025\/01\/17\/17518\/\">Partie 280<\/a>\u00a0: 16 janvier.\u00a0<a href=\"https:\/\/ismfrance.org\/index.php\/2025\/01\/17\/temoignages-de-gazaouis-la-survie-qui-sorganise-au-jour-le-jour-dans-lenfer-de-gaza-partie-280-16-janvier-un-accord-dans-un-ciel-tres-sombre\/\">Partie 281<\/a>\u00a0: 16 janvier (1).\u00a0<a href=\"https:\/\/ismfrance.org\/index.php\/2025\/01\/18\/temoignages-de-gazaouis-la-survie-qui-sorganise-au-jour-le-jour-dans-lenfer-de-gaza-partie-282-17-janvier-laccord-une-joie-teintee\/\">Partie 282<\/a>\u00a0: 17 janvier.\u00a0<a href=\"https:\/\/ismfrance.org\/index.php\/2025\/01\/19\/temoignages-de-gazaouis-la-survie-qui-sorganise-au-jour-le-jour-dans-lenfer-de-gaza-partie-283-18-janvier-laccord-vu-de-gaza-calme\/\">Partie 283<\/a>\u00a0: 18 janvier.\u00a0<a href=\"https:\/\/ismfrance.org\/index.php\/2025\/01\/20\/temoignages-de-gazaouis-la-survie-qui-sorganise-au-jour-le-jour-dans-lenfer-de-gaza-partie-284-18-janvier-1-saison-de-la-recolte-de-lespoir-pour\/\">Partie 284<\/a>\u00a0: 18 janvier\/1.<a href=\"https:\/\/ismfrance.org\/index.php\/2025\/01\/21\/temoignages-de-gazaouis-la-survie-qui-sorganise-au-jour-le-jour-dans-lenfer-de-gaza-partie-285-19-20-janvier-la-joie-de-la-treve-melee-au-choc-de-la-dec\/\">\u00a0Partie 285<\/a>\u00a0: 19-20 janvier.\u00a0<a href=\"https:\/\/ismfrance.org\/index.php\/2025\/01\/22\/temoignages-de-gazaouis-la-survie-qui-sorganise-au-jour-le-jour-dans-lenfer-de-gaza-partie-286-22-janvier-israel-reprendra-t-il-la-guerre-apres-avo\/\">Partie 286<\/a>\u00a0: 22 janvier.\u00a0<a href=\"https:\/\/ismfrance.org\/index.php\/2025\/01\/23\/17722\/\">Partie 287<\/a>\u00a0: 22 janvier (1).\u00a0<a href=\"https:\/\/ismfrance.org\/index.php\/2025\/01\/24\/temoignages-de-gazaouis-la-survie-qui-sorganise-au-jour-le-jour-dans-lenfer-de-gaza-partie-288-23-janvier-dans-le-defi-que-represente-la-situation-le-tr\/\">Partie 288<\/a>\u00a0: 23 janvier.\u00a0<a href=\"https:\/\/ismfrance.org\/index.php\/2025\/01\/25\/temoignages-de-gazaouis-la-survie-qui-sorganise-au-jour-le-jour-dans-lenfer-de-gaza-partie-289-23-janvier-1-une-tragedie-continue\/\">Partie 289<\/a>\u00a0: 23 janvier (1).\u00a0<a href=\"https:\/\/ismfrance.org\/index.php\/2025\/01\/26\/temoignages-de-gazaouis-la-survie-qui-sorganise-au-jour-le-jour-dans-lenfer-de-gaza-partie-290-25-janvier-preparer-les-femmes-au-retour-dans-leurs-regions-d\/\">Partie 290<\/a>\u00a0: 25 janvier.\u00a0<a href=\"https:\/\/ismfrance.org\/index.php\/2025\/01\/27\/temoignages-de-gazaouis-la-survie-qui-sorganise-au-jour-le-jour-dans-lenfer-de-gaza-partie-291-26-janvier-les-terribles-conditions-du-retour-chez-soi-pou\/\">Partie 291<\/a>\u00a0: 26 janvier.<a href=\"https:\/\/ismfrance.org\/index.php\/2025\/01\/27\/temoignages-de-gazaouis-la-survie-qui-sorganise-au-jour-le-jour-dans-lenfer-de-gaza-partie-292-27-janvier-contexte-menacant-pour-le-retour-des-gazaouis-d\/\">\u00a0Partie 292<\/a>\u00a0: 27 janvier.\u00a0<a href=\"https:\/\/ismfrance.org\/index.php\/2025\/01\/29\/temoignages-de-gazaouis-la-survie-qui-sorganise-au-jour-le-jour-dans-lenfer-de-gaza-partie-293-28-janvier-une-description-frappante-la-tragedie-de\/\">Partie 293<\/a>\u00a0: 28 janvier.\u00a0<a href=\"https:\/\/ismfrance.org\/index.php\/2025\/01\/29\/temoignages-de-gazaouis-la-survie-qui-sorganise-au-jour-le-jour-dans-lenfer-de-gaza-partie-294-28-janvier-retour-de-zakaria-baker-pecheur-au-port-de-gaza\/\">Partie 294<\/a>\u00a0: 28 janvier (1).\u00a0<a href=\"https:\/\/ismfrance.org\/index.php\/2025\/01\/29\/temoignages-de-gazaouis-la-survie-qui-sorganise-au-jour-le-jour-dans-lenfer-de-gaza-partie-295-29-janvier-entre-deplacement-et-retour\/\">Partie 295<\/a>\u00a0: 29 janvier.<a href=\"https:\/\/ismfrance.org\/index.php\/2025\/01\/31\/temoignages-de-gazaouis-la-survie-qui-sorganise-au-jour-le-jour-dans-lenfer-de-gaza-partie-296-30-janvier-survivre-dans-le-nord-de-gaza-et-distribution-d\/\">\u00a0Partie 296<\/a>\u00a0: 30 janvier.\u00a0<a href=\"https:\/\/ismfrance.org\/index.php\/2025\/02\/01\/temoignages-de-gazaouis-la-survie-qui-sorganise-au-jour-le-jour-dans-lenfer-de-gaza-partie-297-31-janvier-dans-les-camps-de-deplaces-une-lutte-constant\/\">Partie 297<\/a>\u00a0: 31 janvier.\u00a0<a href=\"https:\/\/ismfrance.org\/index.php\/2025\/02\/02\/temoignages-de-gazaouis-la-survie-qui-sorganise-au-jour-le-jour-dans-lenfer-de-gaza-partie-298-1er-fevrier-dans-le-nord-de-la-bande-de-gaza-entre-la-fai\/\">Partie 298<\/a>\u00a0: 1er f\u00e9vrier.\u00a0<a href=\"https:\/\/ismfrance.org\/index.php\/2025\/02\/03\/temoignages-de-gazaouis-la-survie-qui-sorganise-au-jour-le-jour-dans-lenfer-de-gaza-partie-299-1er-fevrier-1-tenacite-persistance-regularite-main\/\">Partie 299<\/a>\u00a0: 1er f\u00e9vrier (1).\u00a0<a href=\"ttps:\/\/ismfrance.org\/index.php\/2025\/02\/03\/temoignages-de-gazaouis-la-survie-qui-sorganise-au-jour-le-jour-dans-lenfer-de-gaza-partie-300-2-fevrier-voyage-vers-le-nord\/\">Partie 300<\/a>\u00a0: 2 f\u00e9vrier.<a href=\"https:\/\/ismfrance.org\/index.php\/2025\/02\/05\/temoignages-de-gazaouis-la-survie-qui-sorganise-au-jour-le-jour-dans-lenfer-de-gaza-partie-301-4-fevrier-le-scenario-de-guerre-se-deplace-vers-la-cisjorda\/\">\u00a0Partie 301<\/a>\u00a0: 4 f\u00e9vrier.\u00a0<a href=\"https:\/\/ismfrance.org\/index.php\/2025\/02\/06\/temoignages-de-gazaouis-la-survie-qui-sorganise-au-jour-le-jour-dans-lenfer-de-gaza-partie-302-5-fevrier-la-crise-humanitaire-a-gaza-une-tragedie-qui-s\/\">Partie 302<\/a>\u00a0: 5 f\u00e9vrier.\u00a0<a href=\"https:\/\/ismfrance.org\/index.php\/2025\/02\/06\/temoignages-de-gazaouis-la-survie-qui-sorganise-au-jour-le-jour-dans-lenfer-de-gaza-partie-303-6-fevrier-poursuite-du-ciblage-israelien-contre-les-civils\/\">Partie 303<\/a>\u00a0: 6 f\u00e9vrier.\u00a0<a href=\"https:\/\/ismfrance.org\/index.php\/2025\/02\/07\/temoignages-de-gazaouis-la-survie-qui-sorganise-au-jour-le-jour-dans-lenfer-de-gaza-partie-304-7-fevrier-les-enfants-lavenir-et-lespoir\/\">Partie 304<\/a>\u00a0: 7 f\u00e9vrier.\u00a0<a href=\"https:\/\/ismfrance.org\/index.php\/2025\/02\/08\/temoignages-de-gazaouis-la-survie-qui-sorganise-au-jour-le-jour-dans-lenfer-de-gaza-partie-305-7-fevrier-1-des-nuits-eprouvantes-froid-meurtrier-corps-sou\/\">Partie 305<\/a>\u00a0: 7 f\u00e9vrier (1).\u00a0<a href=\"https:\/\/ismfrance.org\/index.php\/2025\/02\/09\/temoignages-de-gazaouis-la-survie-qui-sorganise-au-jour-le-jour-dans-lenfer-de-gaza-partie-306-8-fevrier-soutenir-les-femmes-tous-les-deplace-e-s-et-surtout-l\/\">Partie 306<\/a>\u00a0: 8 f\u00e9vrier.\u00a0<a href=\"https:\/\/ismfrance.org\/index.php\/2025\/02\/11\/temoignages-de-gazaouis-la-survie-qui-sorganise-au-jour-le-jour-dans-lenfer-de-gaza-partie-307-9-fevrier-renforcement-de-lagriculture-et-amelior\/\">Partie 307<\/a>\u00a0: 9 f\u00e9vrier.\u00a0<a href=\"https:\/\/ismfrance.org\/index.php\/2025\/02\/12\/temoignages-de-gazaouis-la-survie-qui-sorganise-au-jour-le-jour-dans-lenfer-de-gaza-partie-308-10-fevrier-nord-de-gaza-une-crise-de-leau-dans-un-cont\/\">Partie 308<\/a>\u00a0: 10 f\u00e9vrier.\u00a0<a href=\"https:\/\/ismfrance.org\/index.php\/2025\/02\/12\/temoignages-de-gazaouis-la-survie-qui-sorganise-au-jour-le-jour-dans-lenfer-de-gaza-partie-309-11-fevrier-lavenir-de-gaza-est-dans-le-vent\/\">Partie 309<\/a>\u00a0: 11 f\u00e9vrier.\u00a0<a href=\"https:\/\/ismfrance.org\/index.php\/2025\/02\/13\/temoignages-de-gazaouis-la-survie-qui-sorganise-au-jour-le-jour-dans-lenfer-de-gaza-partie-310-12-fevrier-suivi-des-conditions-de-vie-des-agriculteurs-a-les\/\">Partie 310<\/a>\u00a0: 12 f\u00e9vrier.\u00a0<a href=\"https:\/\/ismfrance.org\/index.php\/2025\/02\/16\/temoignages-de-gazaouis-la-survie-qui-sorganise-au-jour-le-jour-dans-lenfer-de-gaza-partie-311-14-fevrier-la-crise-humanitaire-le-chomage-la-soif-et-l\/\">Partie 311<\/a>\u00a0: 14 f\u00e9vrier.\u00a0<a href=\"https:\/\/ismfrance.org\/index.php\/2025\/02\/16\/temoignages-de-gazaouis-la-survie-qui-sorganise-au-jour-le-jour-dans-lenfer-de-gaza-partie-312-15-fevrier-importance-de-leducation-et-du-soutien\/\">Partie 312<\/a>\u00a0: 15 f\u00e9vrier.\u00a0<a href=\"https:\/\/ismfrance.org\/index.php\/2025\/02\/17\/temoignages-de-gazaouis-la-survie-qui-sorganise-au-jour-le-jour-dans-lenfer-de-gaza-partie-313-15-fevrier-1-gaza-continue-de-crier-mais-qui-le\/\">Partie 313<\/a>\u00a0: 15 f\u00e9vrier (1).\u00a0<a href=\"https:\/\/ismfrance.org\/index.php\/2025\/02\/19\/temoignages-de-gazaouis-la-survie-qui-sorganise-au-jour-le-jour-dans-lenfer-de-gaza-partie-314-18-fevrier-une-tristesse-infinie\/\">Partie 314<\/a>\u00a0: 18 f\u00e9vrier.\u00a0<a href=\"https:\/\/ismfrance.org\/index.php\/2025\/02\/19\/temoignages-de-gazaouis-la-survie-qui-sorganise-au-jour-le-jour-dans-lenfer-de-gaza-partie-315-18-fevrier-1-colis-de-secours-pour-les-personnes-deplacees-da\/\">Partie 315<\/a>\u00a0: 18 f\u00e9vrier (1).\u00a0<a href=\"https:\/\/ismfrance.org\/index.php\/2025\/02\/20\/temoignages-de-gazaouis-la-survie-qui-sorganise-au-jour-le-jour-dans-lenfer-de-gaza-partie-316-18-fevrier-2-des-nouvelles-de-madleen-femme-pecheur-a-g\/\">Partie 316<\/a>\u00a0: 18 f\u00e9vrier (2).\u00a0<a href=\"https:\/\/ismfrance.org\/index.php\/2025\/02\/20\/temoignages-de-gazaouis-la-survie-qui-sorganise-au-jour-le-jour-dans-lenfer-de-gaza-partie-317-19-fevrier-le-secteur-agricole-entre-destruction-et-fami\/\">Partie 317<\/a>\u00a0: 19 f\u00e9vrier.\u00a0<a href=\"https:\/\/ismfrance.org\/index.php\/2025\/02\/21\/temoignages-de-gazaouis-la-survie-qui-sorganise-au-jour-le-jour-dans-lenfer-de-gaza-partie-318-20-fevrier-quen-est-il-de-la-deuxieme-phase-de-l\/\">Partie 318<\/a>\u00a0: 20 f\u00e9vrier.\u00a0<a href=\"https:\/\/ismfrance.org\/index.php\/2025\/02\/22\/temoignages-de-gazaouis-la-survie-qui-sorganise-au-jour-le-jour-dans-lenfer-de-gaza-partie-319-21-fevrier-la-destruction-des-secteurs-productifs\/\">Partie 319<\/a>\u00a0: 21 f\u00e9vrier.\u00a0<a href=\"https:\/\/ismfrance.org\/index.php\/2025\/02\/24\/temoignages-de-gazaouis-la-survie-qui-sorganise-au-jour-le-jour-dans-lenfer-de-gaza-partie-320-22-fevrier-gaza-compte-rendu-hebdomadaire-des-activ\/\">Partie 320<\/a>\u00a0: 22 f\u00e9vrier.\u00a0<a href=\"https:\/\/ismfrance.org\/index.php\/2025\/02\/25\/temoignages-de-gazaouis-la-survie-qui-sorganise-au-jour-le-jour-dans-lenfer-de-gaza-partie-321-23-fevrier-une-tentative-de-regarder-en-face-la-situation\/\">Partie 321<\/a>\u00a0: 23 f\u00e9vrier.\u00a0<a href=\"https:\/\/ismfrance.org\/index.php\/2025\/02\/25\/temoignages-de-gazaouis-la-survie-qui-sorganise-au-jour-le-jour-dans-lenfer-de-gaza-partie-322-24-fevrier-le-recit-dune-femme-dans-le-ven\/\">Partie 322<\/a>\u00a0: 24 f\u00e9vrier.\u00a0<a href=\"https:\/\/ismfrance.org\/index.php\/2025\/02\/26\/temoignages-de-gazaouis-la-survie-qui-sorganise-au-jour-le-jour-dans-lenfer-de-gaza-partie-323-25-fevrier-gaza-sous-lemprise-du-froid-et-dun\/\">Partie 323<\/a>\u00a0: 25 f\u00e9vrier.\u00a0<a href=\"https:\/\/ismfrance.org\/index.php\/2025\/02\/28\/temoignages-de-gazaouis-la-survie-qui-sorganise-au-jour-le-jour-dans-lenfer-de-gaza-partie-324-27-fevrier-aggravation-de-la-crise-economique-pour-les-familles\/\">Partie 324<\/a>\u00a0: 27 f\u00e9vrier.\u00a0<a href=\"https:\/\/ismfrance.org\/index.php\/2025\/03\/01\/temoignages-de-gazaouis-la-survie-qui-sorganise-au-jour-le-jour-dans-lenfer-de-gaza-partie-325-28-fevrier-encore-une-semaine-pleine-dactivites-d\/\">Partie 325<\/a>\u00a0: 28 f\u00e9vrier.\u00a0<a href=\"ttps:\/\/ismfrance.org\/index.php\/2025\/03\/02\/temoignages-de-gazaouis-la-survie-qui-sorganise-au-jour-le-jour-dans-lenfer-de-gaza-partie-326-1er-mars-dans-lhumiliation-de-lattente\/\">Partie 326<\/a>\u00a0: 1er mars.\u00a0<a href=\"https:\/\/ismfrance.org\/index.php\/2025\/03\/06\/temoignages-de-gazaouis-la-survie-qui-sorganise-au-jour-le-jour-dans-lenfer-de-gaza-partie-327-5-mars-violations-et-escalades-des-sanctions-commises-par-israe\/\">Partie 327<\/a>\u00a0: 5 mars.\u00a0<a href=\"https:\/\/ismfrance.org\/index.php\/2025\/03\/07\/temoignages-de-gazaouis-la-survie-qui-sorganise-au-jour-le-jour-dans-lenfer-de-gaza-partie-328-6-mars-sous-blocus-et-fermeture-des-passages-la-crise-hum\/\">Partie 328<\/a>\u00a0: 6 mars.\u00a0<a href=\"https:\/\/ismfrance.org\/index.php\/2025\/03\/10\/temoignages-de-gazaouis-la-survie-qui-sorganise-au-jour-le-jour-dans-lenfer-de-gaza-partie-329-9-mars-scenarios-pour-gaza-entre-prolongation-de-la-treve-et-reprise\/\">Partie 329<\/a>\u00a0: 9 mars.\u00a0<a href=\"https:\/\/ismfrance.org\/index.php\/2025\/03\/11\/temoignages-de-gazaouis-la-survie-qui-sorganise-au-jour-le-jour-dans-lenfer-de-gaza-partie-330-10-mars-a-gaza-aussi-les-femmes-sont-la-moitie-du-ciel\/\">Partie 330<\/a>\u00a0: 10 mars.\u00a0<a href=\"https:\/\/ismfrance.org\/index.php\/2025\/03\/12\/temoignages-de-gazaouis-la-survie-qui-sorganise-au-jour-le-jour-dans-lenfer-de-gaza-partie-331-11-mars-une-realite-accablante-le-secteur-agricole-est-l\/\">Partie 331<\/a>\u00a0: 11 mars.\u00a0<a href=\"https:\/\/ismfrance.org\/index.php\/2025\/03\/13\/temoignages-de-gazaouis-la-survie-qui-sorganise-au-jour-le-jour-dans-lenfer-de-gaza-partie-332-12-mars-fermeture-des-points-de-passage-menace-de-famine\/\">Partie 332<\/a>\u00a0: 12 mars.\u00a0<a href=\"https:\/\/ismfrance.org\/index.php\/2025\/03\/14\/temoignages-de-gazaouis-la-survie-qui-sorganise-au-jour-le-jour-dans-lenfer-de-gaza-partie-333-13-mars-la-guerre-vole-la-joie-du-ramadan\/\">Partie 333<\/a>\u00a0: 13 mars.\u00a0<a href=\"https:\/\/ismfrance.org\/index.php\/2025\/03\/15\/temoignages-de-gazaouis-la-survie-qui-sorganise-au-jour-le-jour-dans-lenfer-de-gaza-partie-334-14-mars-menaces-graves-sur-la-vie-quotidienne-des-gazaoui-e-s\/\">Partie 334<\/a>\u00a0: 14 mars.\u00a0<a href=\"https:\/\/ismfrance.org\/index.php\/2025\/03\/17\/temoignages-de-gazaouis-la-survie-qui-sorganise-au-jour-le-jour-dans-lenfer-de-gaza-partie-335-15-mars-aucun-peuple-ne-peut-se-relever-dun-confl\/\">Partie 335<\/a>\u00a0: 15 mars.<a href=\"https:\/\/ismfrance.org\/index.php\/2025\/03\/17\/temoignages-de-gazaouis-la-survie-qui-sorganise-au-jour-le-jour-dans-lenfer-de-gaza-partie-336-16-mars-distribution-de-colis-alimentaires-pour-les-pecheu\/\">\u00a0Partie 336<\/a>\u00a0: 16 mars.\u00a0<a href=\"https:\/\/ismfrance.org\/index.php\/2025\/03\/18\/temoignages-de-gazaouis-la-survie-qui-sorganise-au-jour-le-jour-dans-lenfer-de-gaza-partie-337-16-mars-1-le-ramadan-un-mois-de-jeune-a-lombre\/\">Partie 337<\/a>\u00a0: 16 mars (1).\u00a0<a href=\"https:\/\/ismfrance.org\/index.php\/2025\/03\/18\/temoignages-de-gazaouis-la-survie-qui-sorganise-au-jour-le-jour-dans-lenfer-de-gaza-partie-338-18-mars-alerte-les-massacres-de-larmee-israelienne-r\/\">Partie 338<\/a>\u00a0: 18 mars.\u00a0<a href=\"https:\/\/ismfrance.org\/index.php\/2025\/03\/19\/temoignages-de-gazaouis-la-survie-qui-sorganise-au-jour-le-jour-dans-lenfer-de-gaza-partie-339-18-mars-1-les-raids-continuent\/\">Partie 339<\/a>\u00a0: 18 mars (1).\u00a0<a href=\"https:\/\/ismfrance.org\/index.php\/2025\/03\/20\/temoignages-de-gazaouis-la-survie-qui-sorganise-au-jour-le-jour-dans-lenfer-de-gaza-partie-340-19-mars-menaces-dune-operation-terrestre-israelie\/\">Partie 340<\/a>\u00a0: 19 mars.\u00a0<a href=\"https:\/\/ismfrance.org\/index.php\/2025\/03\/20\/temoignages-de-gazaouis-la-survie-qui-sorganise-au-jour-le-jour-dans-lenfer-de-gaza-partie-341-20-mars-expansion-des-operations-militaires-et-aggravation\/\">Partie 341<\/a>\u00a0: 20 mars.\u00a0<a href=\"https:\/\/ismfrance.org\/index.php\/2025\/03\/22\/temoignages-de-gazaouis-la-survie-qui-sorganise-au-jour-le-jour-dans-lenfer-de-gaza-partie-342-21-mars-persister-dans-les-actions-de-soutien-vital-pour-l\/\">Partie 342<\/a>\u00a0: 21 mars.\u00a0<a href=\"https:\/\/ismfrance.org\/index.php\/2025\/03\/23\/temoignages-de-gazaouis-la-survie-qui-sorganise-au-jour-le-jour-dans-lenfer-de-gaza-partie-343-22-mars-rien-a-gaza-aujourdhui-ne-ressemble-a-la-vie\/\">Partie 343<\/a>\u00a0: 22 mars.\u00a0<a href=\"https:\/\/ismfrance.org\/index.php\/2025\/03\/24\/temoignages-de-gazaouis-la-survie-qui-sorganise-au-jour-le-jour-dans-lenfer-de-gaza-partie-344-23-mars-ecrivez-sur-nous-avant-que-nous-ne\/\">Partie 344<\/a>\u00a0: 23 mars.\u00a0<a href=\"https:\/\/ismfrance.org\/index.php\/2025\/03\/26\/temoignages-de-gazaouis-la-survie-qui-sorganise-au-jour-le-jour-dans-lenfer-de-gaza-partie-345-25-mars-malgre-la-guerre-je-suis-revenu-semer-la-vie\/\">Partie 345<\/a>\u00a0: 25 mars.<a href=\"https:\/\/ismfrance.org\/index.php\/2025\/03\/27\/temoignages-de-gazaouis-la-survie-qui-sorganise-au-jour-le-jour-dans-lenfer-de-gaza-partie-346-26-mars-impasse-des-efforts-de-treve-et-escalade-des-tensi\/\">\u00a0Partie 346<\/a>\u00a0: 26 mars.\u00a0<a href=\"https:\/\/ismfrance.org\/index.php\/2025\/03\/28\/temoignages-de-gazaouis-la-survie-qui-sorganise-au-jour-le-jour-dans-lenfer-de-gaza-partie-347-27-mars-redonner-vie-a-leau-a-la-terre-et-a-l\/\">Partie 347<\/a>\u00a0: 27 mars.\u00a0<a href=\"https:\/\/ismfrance.org\/index.php\/2025\/03\/29\/temoignages-de-gazaouis-la-survie-qui-sorganise-au-jour-le-jour-dans-lenfer-de-gaza-partie-348-28-mars-le-coeur-du-drame-gaza-sous-le-feu-entre-massac\/\">Partie 348<\/a>\u00a0: 28 mars.\u00a0<a href=\"https:\/\/ismfrance.org\/index.php\/2025\/03\/29\/temoignages-de-gazaouis-la-survie-qui-sorganise-au-jour-le-jour-dans-lenfer-de-gaza-partie-349-29-mars-comment-porter-nos-enfants-dans-la-tempete-sous\/\">Partie 349<\/a>\u00a0: 29 mars.\u00a0<a href=\"https:\/\/ismfrance.org\/index.php\/2025\/03\/31\/temoignages-de-gazaouis-la-survie-qui-sorganise-au-jour-le-jour-dans-lenfer-de-gaza-partie-350-30-mars-a-gaza-laid-une-fete-qui-nest-p\/\">Partie 350<\/a>\u00a0: 30 mars.\u00a0<a href=\"https:\/\/ismfrance.org\/index.php\/2025\/04\/01\/temoignages-de-gazaouis-la-survie-qui-sorganise-au-jour-le-jour-dans-lenfer-de-gaza-partie-351-31-mars-la-terre-contre-la-reddition-netanyahu-promoteur\/\">Partie 351<\/a>\u00a0: 31 mars.\u00a0<a href=\"https:\/\/ismfrance.org\/index.php\/2025\/04\/02\/temoignages-de-gazaouis-la-survie-qui-sorganise-au-jour-le-jour-dans-lenfer-de-gaza-partie-352-1er-avril-des-cris-sous-les-decombres\/\">Partie 352<\/a>\u00a0: 1er avril.<a href=\"https:\/\/ismfrance.org\/index.php\/2025\/04\/03\/temoignages-de-gazaouis-la-survie-qui-sorganise-au-jour-le-jour-dans-lenfer-de-gaza-partie-353-3-avril-gaza-saigne-et-le-monde-regarde\/\">\u00a0Partie 353<\/a>\u00a0 : 3 avril.\u00a0<a href=\"https:\/\/ismfrance.org\/index.php\/2025\/04\/04\/temoignages-de-gazaouis-la-survie-qui-sorganise-au-jour-le-jour-dans-lenfer-de-gaza-partie-354-3-avril-1-des-operations-militaires-pour-annexer-tout-le-terr\/\">Partie 354<\/a>\u00a0: 3 avril (1).\u00a0<a href=\"https:\/\/ismfrance.org\/index.php\/2025\/04\/05\/temoignages-de-gazaouis-la-survie-qui-sorganise-au-jour-le-jour-dans-lenfer-de-gaza-partie-355-4-avril-au-coeur-de-gaza-assiegee-quand-lespoir\/\">Partie 355<\/a>\u00a0: 4 avril.\u00a0<a href=\"https:\/\/ismfrance.org\/index.php\/2025\/04\/06\/temoignages-de-gazaouis-la-survie-qui-sorganise-au-jour-le-jour-dans-lenfer-de-gaza-partie-356-5-avril-gaza-sous-le-feu\/\">Partie 356<\/a>\u00a0: 5 avril.\u00a0<a href=\"https:\/\/ismfrance.org\/index.php\/2025\/04\/06\/temoignages-de-gazaouis-la-survie-qui-sorganise-au-jour-le-jour-dans-lenfer-de-gaza-partie-357-5-avril-1-a-gaza-il-y-a-encore-ceux-qui-travaillent-qu\/\">Partie 357<\/a>\u00a0: 5 avril (1).\u00a0<a href=\"https:\/\/ismfrance.org\/index.php\/2025\/04\/07\/temoignages-de-gazaouis-la-survie-qui-sorganise-au-jour-le-jour-dans-lenfer-de-gaza-partie-358-6-avril-les-equipes-de-lujfp-poursuivent-leur-tra\/\">Partie 358<\/a>\u00a0: 6 avril.<a href=\"https:\/\/ismfrance.org\/index.php\/2025\/04\/08\/temoignages-de-gazaouis-la-survie-qui-sorganise-au-jour-le-jour-dans-lenfer-de-gaza-partie-359-7-avril-lenfer-sur-terre-sous-les-yeux-du-monde\/\">\u00a0Partie 359<\/a>\u00a0: 7 avril.\u00a0<a href=\"https:\/\/ismfrance.org\/index.php\/2025\/04\/10\/temoignages-de-gazaouis-la-survie-qui-sorganise-au-jour-le-jour-dans-lenfer-de-gaza-partie-360-9-avril-comment-raconter-gaza\/\">Partie 360<\/a>\u00a0: 9 avril.\u00a0<a href=\"https:\/\/ismfrance.org\/index.php\/2025\/04\/11\/temoignages-de-gazaouis-la-survie-qui-sorganise-au-jour-le-jour-dans-lenfer-de-gaza-partie-361-10-avril-vivants-sous-les-decombres-morts-aux-yeux\/\">Partie 361<\/a>\u00a0: 10 avril.\u00a0<a href=\"https:\/\/ismfrance.org\/index.php\/2025\/04\/12\/temoignages-de-gazaouis-la-survie-qui-sorganise-au-jour-le-jour-dans-lenfer-de-gaza-partie-362-11-avril-espoirs-et-ambitions-des-femmes-de-gaza-pendant-l\/\">Partie 362<\/a>\u00a0: 11 avril.\u00a0<a href=\"https:\/\/ismfrance.org\/index.php\/2025\/04\/13\/temoignages-de-gazaouis-la-survie-qui-sorganise-au-jour-le-jour-dans-lenfer-de-gaza-partie-363-12-avril-gaza-sous-le-feu-bombardements-incessants-et-f\/\">Partie 363<\/a>\u00a0: 12 avril.\u00a0<a href=\"https:\/\/ismfrance.org\/index.php\/2025\/04\/16\/temoignages-de-gazaouis-la-survie-qui-sorganise-au-jour-le-jour-dans-lenfer-de-gaza-partie-365-15-avril-gaza-dans-le-miroir-du-silence-international\/\">Partie 364<\/a>\u00a0: 15 avril.\u00a0<a href=\"https:\/\/ismfrance.org\/index.php\/2025\/04\/17\/temoignages-de-gazaouis-la-survie-qui-sorganise-au-jour-le-jour-dans-lenfer-de-gaza-partie-366-16-avril-a-gaza-la-faim-est-devenue-lultime-arme-de-m\/\">Partie 365<\/a>\u00a0: 16 avril.\u00a0<a href=\"https:\/\/ismfrance.org\/index.php\/2025\/04\/18\/temoignages-de-gazaouis-la-survie-qui-sorganise-au-jour-le-jour-dans-lenfer-de-gaza-partie-367-17-avril-comment-israel-planifie-t-il-de-vider-gaza\/\">Partie 366<\/a>\u00a0: 17 avril.\u00a0<a href=\"https:\/\/ismfrance.org\/index.php\/2025\/04\/19\/temoignages-de-gazaouis-la-survie-qui-sorganise-au-jour-le-jour-dans-lenfer-de-gaza-partie-368-18-avril-gaza-a-la-merci-des-negociations\/\">Partie 367<\/a>\u00a0: 18 avril.\u00a0<a href=\"https:\/\/ismfrance.org\/index.php\/2025\/04\/20\/temoignages-de-gazaouis-la-survie-qui-sorganise-au-jour-le-jour-dans-lenfer-de-gaza-partie-369-18-avril-1-histoire-dune-generation-educative-p\/\">Partie 368<\/a>\u00a0: 18 avril (1).\u00a0<a href=\"https:\/\/ismfrance.org\/index.php\/2025\/04\/20\/temoignages-de-gazaouis-la-survie-qui-sorganise-au-jour-le-jour-dans-lenfer-de-gaza-partie-369-18-avril-1-histoire-dune-generation-educative-p\/\">Partie 369<\/a>\u00a0: 18 avril (1).\u00a0<a href=\"https:\/\/ismfrance.org\/index.php\/2025\/04\/20\/temoignages-de-gazaouis-la-survie-qui-sorganise-au-jour-le-jour-dans-lenfer-de-gaza-partie-370-19-avril-crise-alimentaire-du-ble-a-la-famine\/\">Partie 370<\/a>\u00a0: 19 avril.\u00a0<a href=\"https:\/\/ismfrance.org\/index.php\/2025\/04\/21\/temoignages-de-gazaouis-la-survie-qui-sorganise-au-jour-le-jour-dans-lenfer-de-gaza-partie-371-21-avril-poursuite-du-soutien-psychologique-pour-les-femme\/\">Partie 371<\/a>\u00a0: 21 avril.\u00a0<a href=\"https:\/\/ismfrance.org\/index.php\/2025\/04\/23\/temoignages-de-gazaouis-la-survie-qui-sorganise-au-jour-le-jour-dans-lenfer-de-gaza-partie-372-23-avril-le-desir-des-gazaoui-e-s-vivre-sans-tutelle-ni\/\">Partie 372<\/a>\u00a0: 23 avril.\u00a0<a href=\"https:\/\/ismfrance.org\/index.php\/2025\/04\/24\/temoignages-de-gazaouis-la-survie-qui-sorganise-au-jour-le-jour-dans-lenfer-de-gaza-partie-373-24-avril-la-femme-palestinienne-une-combattante-dans-la-g\/\">Partie 373<\/a>\u00a0: 24 avril.\u00a0<a href=\"https:\/\/ismfrance.org\/index.php\/2025\/04\/25\/temoignages-de-gazaouis-la-survie-qui-sorganise-au-jour-le-jour-dans-lenfer-de-gaza-partie-374-25-avril-comment-trouver-le-calme-et-lintimite-sous-un\/\">Partie 374<\/a>\u00a0: 25 avril.\u00a0<a href=\"https:\/\/ismfrance.org\/index.php\/2025\/04\/26\/temoignages-de-gazaouis-la-survie-qui-sorganise-au-jour-le-jour-dans-lenfer-de-gaza-partie-375-25-avril-1-partage-de-souvenirs-positifs-entre-femmes\/\">Partie 375<\/a> : 25 avril (1). <a href=\"https:\/\/ismfrance.org\/index.php\/2025\/04\/27\/temoignages-de-gazaouis-la-survie-qui-sorganise-au-jour-le-jour-dans-lenfer-de-gaza-partie-376-25-avril-2-distribution-de-vetements-pour-les-enfants-de\/\">Partie 376<\/a> : 25 avril (2).<\/p>\n<p><strong>Pour participer \u00e0 la collecte \u00ab Urgence Guerre \u00e0 Gaza \u00bb :\u00a0<a href=\"https:\/\/www.helloasso.com\/associations\/union-juive-francaise-pour-la-paix\/collectes\/urgence-guerre-a-gaza\">HelloAsso.com<\/a><\/strong><br \/>\n<strong>Les t\u00e9moignages sont \u00e9galement publi\u00e9s sur\u00a0<a href=\"https:\/\/ujfp.org\/\">UJFP<\/a>,\u00a0<a href=\"https:\/\/altermidi.org\/\">Altermidi<\/a>\u00a0et sur\u00a0<a href=\"https:\/\/lepoing.net\/\">Le Poing<\/a>.<\/strong><\/p>\n","protected":false},"excerpt":{"rendered":"<p>Brigitte Challande, 28 avril 2025.- Dans les ruines de la bande de Gaza, l\u2019\u00e9quipe soutenue par l\u2019UJFP continue son travail co\u00fbte que co\u00fbte : priorit\u00e9 \u00e0 l\u2019\u00e9ducation ! Deux \u00e9coles <a class=\"more-link\" href=\"https:\/\/ismfrance.org\/index.php\/2025\/04\/28\/temoignages-de-gazaouis-la-survie-qui-sorganise-au-jour-le-jour-dans-lenfer-de-gaza-partie-377-27-avril-sur-les-ruines-des-ecoles-detruites-les-enfants\/\">Lire la suite &rarr;<\/a><\/p>\n","protected":false},"author":3,"featured_media":19962,"comment_status":"closed","ping_status":"closed","sticky":false,"template":"","format":"standard","meta":{"footnotes":""},"categories":[2,13],"tags":[61,156],"class_list":["post-19956","post","type-post","status-publish","format-standard","has-post-thumbnail","hentry","category-articles","category-temoignages","tag-enfants","tag-genocide"],"yoast_head":"<!-- This site is optimized with the Yoast SEO plugin v27.2 - https:\/\/yoast.com\/product\/yoast-seo-wordpress\/ -->\n<title>T\u00e9moignages de Gazaouis : La survie qui s\u2019organise au jour le jour dans l\u2019enfer de Gaza \u2013 partie 377 \/ 27 avril \u2013\u00a0Sur les ruines des \u00e9coles d\u00e9truites, les enfants de Gaza s\u00e8ment les graines de la vie - International Solidarity Movement - ISM-France<\/title>\n<meta name=\"robots\" content=\"index, follow, max-snippet:-1, max-image-preview:large, max-video-preview:-1\" \/>\n<link rel=\"canonical\" href=\"https:\/\/ismfrance.org\/index.php\/2025\/04\/28\/temoignages-de-gazaouis-la-survie-qui-sorganise-au-jour-le-jour-dans-lenfer-de-gaza-partie-377-27-avril-sur-les-ruines-des-ecoles-detruites-les-enfants\/\" \/>\n<meta property=\"og:locale\" content=\"fr_FR\" \/>\n<meta property=\"og:type\" content=\"article\" \/>\n<meta property=\"og:title\" content=\"T\u00e9moignages de Gazaouis : La survie qui s\u2019organise au jour le jour dans l\u2019enfer de Gaza \u2013 partie 377 \/ 27 avril \u2013\u00a0Sur les ruines des \u00e9coles d\u00e9truites, les enfants de Gaza s\u00e8ment les graines de la vie - International Solidarity Movement - ISM-France\" \/>\n<meta property=\"og:description\" content=\"Brigitte Challande, 28 avril 2025.- Dans les ruines de la bande de Gaza, l\u2019\u00e9quipe soutenue par l\u2019UJFP continue son travail co\u00fbte que co\u00fbte : priorit\u00e9 \u00e0 l\u2019\u00e9ducation ! Deux \u00e9coles Lire la suite &rarr;\" \/>\n<meta property=\"og:url\" content=\"https:\/\/ismfrance.org\/index.php\/2025\/04\/28\/temoignages-de-gazaouis-la-survie-qui-sorganise-au-jour-le-jour-dans-lenfer-de-gaza-partie-377-27-avril-sur-les-ruines-des-ecoles-detruites-les-enfants\/\" \/>\n<meta property=\"og:site_name\" content=\"International Solidarity Movement - ISM-France\" \/>\n<meta property=\"article:published_time\" content=\"2025-04-28T07:46:33+00:00\" \/>\n<meta property=\"og:image\" content=\"https:\/\/ismfrance.org\/wp-content\/uploads\/2025\/04\/IMG_2521-scaled.jpg\" \/>\n\t<meta property=\"og:image:width\" content=\"2560\" \/>\n\t<meta property=\"og:image:height\" content=\"1440\" \/>\n\t<meta property=\"og:image:type\" content=\"image\/jpeg\" \/>\n<meta name=\"author\" content=\"mru_01\" \/>\n<meta name=\"twitter:card\" content=\"summary_large_image\" \/>\n<meta name=\"twitter:creator\" content=\"@ISMFRANCE\" \/>\n<meta name=\"twitter:site\" content=\"@ISMFRANCE\" \/>\n<meta name=\"twitter:label1\" content=\"\u00c9crit par\" \/>\n\t<meta name=\"twitter:data1\" content=\"mru_01\" \/>\n\t<meta name=\"twitter:label2\" content=\"Dur\u00e9e de lecture estim\u00e9e\" \/>\n\t<meta name=\"twitter:data2\" content=\"9 minutes\" \/>\n<script type=\"application\/ld+json\" class=\"yoast-schema-graph\">{\"@context\":\"https:\/\/schema.org\",\"@graph\":[{\"@type\":\"Article\",\"@id\":\"https:\/\/ismfrance.org\/index.php\/2025\/04\/28\/temoignages-de-gazaouis-la-survie-qui-sorganise-au-jour-le-jour-dans-lenfer-de-gaza-partie-377-27-avril-sur-les-ruines-des-ecoles-detruites-les-enfants\/#article\",\"isPartOf\":{\"@id\":\"https:\/\/ismfrance.org\/index.php\/2025\/04\/28\/temoignages-de-gazaouis-la-survie-qui-sorganise-au-jour-le-jour-dans-lenfer-de-gaza-partie-377-27-avril-sur-les-ruines-des-ecoles-detruites-les-enfants\/\"},\"author\":{\"name\":\"mru_01\",\"@id\":\"https:\/\/ismfrance.org\/#\/schema\/person\/3c411eb72adfaae19c0dca1f41fae01d\"},\"headline\":\"T\u00e9moignages de Gazaouis : La survie qui s\u2019organise au jour le jour dans l\u2019enfer de Gaza \u2013 partie 377 \/ 27 avril \u2013\u00a0Sur les ruines des \u00e9coles d\u00e9truites, les enfants de Gaza s\u00e8ment les graines de la vie\",\"datePublished\":\"2025-04-28T07:46:33+00:00\",\"mainEntityOfPage\":{\"@id\":\"https:\/\/ismfrance.org\/index.php\/2025\/04\/28\/temoignages-de-gazaouis-la-survie-qui-sorganise-au-jour-le-jour-dans-lenfer-de-gaza-partie-377-27-avril-sur-les-ruines-des-ecoles-detruites-les-enfants\/\"},\"wordCount\":1302,\"publisher\":{\"@id\":\"https:\/\/ismfrance.org\/#organization\"},\"image\":{\"@id\":\"https:\/\/ismfrance.org\/index.php\/2025\/04\/28\/temoignages-de-gazaouis-la-survie-qui-sorganise-au-jour-le-jour-dans-lenfer-de-gaza-partie-377-27-avril-sur-les-ruines-des-ecoles-detruites-les-enfants\/#primaryimage\"},\"thumbnailUrl\":\"https:\/\/ismfrance.org\/wp-content\/uploads\/2025\/04\/IMG_2521-scaled.jpg\",\"keywords\":[\"enfants\",\"G\u00e9nocide\"],\"articleSection\":[\"Articles\",\"T\u00e9moignages\"],\"inLanguage\":\"fr-FR\"},{\"@type\":\"WebPage\",\"@id\":\"https:\/\/ismfrance.org\/index.php\/2025\/04\/28\/temoignages-de-gazaouis-la-survie-qui-sorganise-au-jour-le-jour-dans-lenfer-de-gaza-partie-377-27-avril-sur-les-ruines-des-ecoles-detruites-les-enfants\/\",\"url\":\"https:\/\/ismfrance.org\/index.php\/2025\/04\/28\/temoignages-de-gazaouis-la-survie-qui-sorganise-au-jour-le-jour-dans-lenfer-de-gaza-partie-377-27-avril-sur-les-ruines-des-ecoles-detruites-les-enfants\/\",\"name\":\"T\u00e9moignages de Gazaouis : La survie qui s\u2019organise au jour le jour dans l\u2019enfer de Gaza \u2013 partie 377 \/ 27 avril \u2013\u00a0Sur les ruines des \u00e9coles d\u00e9truites, les enfants de Gaza s\u00e8ment les graines de la vie - International Solidarity Movement - ISM-France\",\"isPartOf\":{\"@id\":\"https:\/\/ismfrance.org\/#website\"},\"primaryImageOfPage\":{\"@id\":\"https:\/\/ismfrance.org\/index.php\/2025\/04\/28\/temoignages-de-gazaouis-la-survie-qui-sorganise-au-jour-le-jour-dans-lenfer-de-gaza-partie-377-27-avril-sur-les-ruines-des-ecoles-detruites-les-enfants\/#primaryimage\"},\"image\":{\"@id\":\"https:\/\/ismfrance.org\/index.php\/2025\/04\/28\/temoignages-de-gazaouis-la-survie-qui-sorganise-au-jour-le-jour-dans-lenfer-de-gaza-partie-377-27-avril-sur-les-ruines-des-ecoles-detruites-les-enfants\/#primaryimage\"},\"thumbnailUrl\":\"https:\/\/ismfrance.org\/wp-content\/uploads\/2025\/04\/IMG_2521-scaled.jpg\",\"datePublished\":\"2025-04-28T07:46:33+00:00\",\"breadcrumb\":{\"@id\":\"https:\/\/ismfrance.org\/index.php\/2025\/04\/28\/temoignages-de-gazaouis-la-survie-qui-sorganise-au-jour-le-jour-dans-lenfer-de-gaza-partie-377-27-avril-sur-les-ruines-des-ecoles-detruites-les-enfants\/#breadcrumb\"},\"inLanguage\":\"fr-FR\",\"potentialAction\":[{\"@type\":\"ReadAction\",\"target\":[\"https:\/\/ismfrance.org\/index.php\/2025\/04\/28\/temoignages-de-gazaouis-la-survie-qui-sorganise-au-jour-le-jour-dans-lenfer-de-gaza-partie-377-27-avril-sur-les-ruines-des-ecoles-detruites-les-enfants\/\"]}]},{\"@type\":\"ImageObject\",\"inLanguage\":\"fr-FR\",\"@id\":\"https:\/\/ismfrance.org\/index.php\/2025\/04\/28\/temoignages-de-gazaouis-la-survie-qui-sorganise-au-jour-le-jour-dans-lenfer-de-gaza-partie-377-27-avril-sur-les-ruines-des-ecoles-detruites-les-enfants\/#primaryimage\",\"url\":\"https:\/\/ismfrance.org\/wp-content\/uploads\/2025\/04\/IMG_2521-scaled.jpg\",\"contentUrl\":\"https:\/\/ismfrance.org\/wp-content\/uploads\/2025\/04\/IMG_2521-scaled.jpg\",\"width\":2560,\"height\":1440},{\"@type\":\"BreadcrumbList\",\"@id\":\"https:\/\/ismfrance.org\/index.php\/2025\/04\/28\/temoignages-de-gazaouis-la-survie-qui-sorganise-au-jour-le-jour-dans-lenfer-de-gaza-partie-377-27-avril-sur-les-ruines-des-ecoles-detruites-les-enfants\/#breadcrumb\",\"itemListElement\":[{\"@type\":\"ListItem\",\"position\":1,\"name\":\"Accueil\",\"item\":\"https:\/\/ismfrance.org\/\"},{\"@type\":\"ListItem\",\"position\":2,\"name\":\"T\u00e9moignages de Gazaouis : La survie qui s\u2019organise au jour le jour dans l\u2019enfer de Gaza \u2013 partie 377 \/ 27 avril \u2013\u00a0Sur les ruines des \u00e9coles d\u00e9truites, les enfants de Gaza s\u00e8ment les graines de la vie\"}]},{\"@type\":\"WebSite\",\"@id\":\"https:\/\/ismfrance.org\/#website\",\"url\":\"https:\/\/ismfrance.org\/\",\"name\":\"ISM Palestine France\",\"description\":\"Soutien aux luttes de lib\u00e9ration du peuple palestinien\",\"publisher\":{\"@id\":\"https:\/\/ismfrance.org\/#organization\"},\"potentialAction\":[{\"@type\":\"SearchAction\",\"target\":{\"@type\":\"EntryPoint\",\"urlTemplate\":\"https:\/\/ismfrance.org\/?s={search_term_string}\"},\"query-input\":{\"@type\":\"PropertyValueSpecification\",\"valueRequired\":true,\"valueName\":\"search_term_string\"}}],\"inLanguage\":\"fr-FR\"},{\"@type\":\"Organization\",\"@id\":\"https:\/\/ismfrance.org\/#organization\",\"name\":\"International Solidarity Movement\",\"url\":\"https:\/\/ismfrance.org\/\",\"logo\":{\"@type\":\"ImageObject\",\"inLanguage\":\"fr-FR\",\"@id\":\"https:\/\/ismfrance.org\/#\/schema\/logo\/image\/\",\"url\":\"https:\/\/ismfrance.org\/wp-content\/uploads\/2020\/12\/00.png\",\"contentUrl\":\"https:\/\/ismfrance.org\/wp-content\/uploads\/2020\/12\/00.png\",\"width\":400,\"height\":400,\"caption\":\"International Solidarity Movement\"},\"image\":{\"@id\":\"https:\/\/ismfrance.org\/#\/schema\/logo\/image\/\"},\"sameAs\":[\"https:\/\/x.com\/ISMFRANCE\"]},{\"@type\":\"Person\",\"@id\":\"https:\/\/ismfrance.org\/#\/schema\/person\/3c411eb72adfaae19c0dca1f41fae01d\",\"name\":\"mru_01\",\"image\":{\"@type\":\"ImageObject\",\"inLanguage\":\"fr-FR\",\"@id\":\"https:\/\/secure.gravatar.com\/avatar\/3a0be343b445d2ccc79e87444a294fad2b232e90d2051d0e3cc219e1ecd6a330?s=96&d=mm&r=g\",\"url\":\"https:\/\/secure.gravatar.com\/avatar\/3a0be343b445d2ccc79e87444a294fad2b232e90d2051d0e3cc219e1ecd6a330?s=96&d=mm&r=g\",\"contentUrl\":\"https:\/\/secure.gravatar.com\/avatar\/3a0be343b445d2ccc79e87444a294fad2b232e90d2051d0e3cc219e1ecd6a330?s=96&d=mm&r=g\",\"caption\":\"mru_01\"},\"url\":\"https:\/\/ismfrance.org\/index.php\/author\/admin02\/\"}]}<\/script>\n<!-- \/ Yoast SEO plugin. -->","yoast_head_json":{"title":"T\u00e9moignages de Gazaouis : La survie qui s\u2019organise au jour le jour dans l\u2019enfer de Gaza \u2013 partie 377 \/ 27 avril \u2013\u00a0Sur les ruines des \u00e9coles d\u00e9truites, les enfants de Gaza s\u00e8ment les graines de la vie - International Solidarity Movement - ISM-France","robots":{"index":"index","follow":"follow","max-snippet":"max-snippet:-1","max-image-preview":"max-image-preview:large","max-video-preview":"max-video-preview:-1"},"canonical":"https:\/\/ismfrance.org\/index.php\/2025\/04\/28\/temoignages-de-gazaouis-la-survie-qui-sorganise-au-jour-le-jour-dans-lenfer-de-gaza-partie-377-27-avril-sur-les-ruines-des-ecoles-detruites-les-enfants\/","og_locale":"fr_FR","og_type":"article","og_title":"T\u00e9moignages de Gazaouis : La survie qui s\u2019organise au jour le jour dans l\u2019enfer de Gaza \u2013 partie 377 \/ 27 avril \u2013\u00a0Sur les ruines des \u00e9coles d\u00e9truites, les enfants de Gaza s\u00e8ment les graines de la vie - International Solidarity Movement - ISM-France","og_description":"Brigitte Challande, 28 avril 2025.- Dans les ruines de la bande de Gaza, l\u2019\u00e9quipe soutenue par l\u2019UJFP continue son travail co\u00fbte que co\u00fbte : priorit\u00e9 \u00e0 l\u2019\u00e9ducation ! Deux \u00e9coles Lire la suite &rarr;","og_url":"https:\/\/ismfrance.org\/index.php\/2025\/04\/28\/temoignages-de-gazaouis-la-survie-qui-sorganise-au-jour-le-jour-dans-lenfer-de-gaza-partie-377-27-avril-sur-les-ruines-des-ecoles-detruites-les-enfants\/","og_site_name":"International Solidarity Movement - ISM-France","article_published_time":"2025-04-28T07:46:33+00:00","og_image":[{"width":2560,"height":1440,"url":"https:\/\/ismfrance.org\/wp-content\/uploads\/2025\/04\/IMG_2521-scaled.jpg","type":"image\/jpeg"}],"author":"mru_01","twitter_card":"summary_large_image","twitter_creator":"@ISMFRANCE","twitter_site":"@ISMFRANCE","twitter_misc":{"\u00c9crit par":"mru_01","Dur\u00e9e de lecture estim\u00e9e":"9 minutes"},"schema":{"@context":"https:\/\/schema.org","@graph":[{"@type":"Article","@id":"https:\/\/ismfrance.org\/index.php\/2025\/04\/28\/temoignages-de-gazaouis-la-survie-qui-sorganise-au-jour-le-jour-dans-lenfer-de-gaza-partie-377-27-avril-sur-les-ruines-des-ecoles-detruites-les-enfants\/#article","isPartOf":{"@id":"https:\/\/ismfrance.org\/index.php\/2025\/04\/28\/temoignages-de-gazaouis-la-survie-qui-sorganise-au-jour-le-jour-dans-lenfer-de-gaza-partie-377-27-avril-sur-les-ruines-des-ecoles-detruites-les-enfants\/"},"author":{"name":"mru_01","@id":"https:\/\/ismfrance.org\/#\/schema\/person\/3c411eb72adfaae19c0dca1f41fae01d"},"headline":"T\u00e9moignages de Gazaouis : La survie qui s\u2019organise au jour le jour dans l\u2019enfer de Gaza \u2013 partie 377 \/ 27 avril \u2013\u00a0Sur les ruines des \u00e9coles d\u00e9truites, les enfants de Gaza s\u00e8ment les graines de la vie","datePublished":"2025-04-28T07:46:33+00:00","mainEntityOfPage":{"@id":"https:\/\/ismfrance.org\/index.php\/2025\/04\/28\/temoignages-de-gazaouis-la-survie-qui-sorganise-au-jour-le-jour-dans-lenfer-de-gaza-partie-377-27-avril-sur-les-ruines-des-ecoles-detruites-les-enfants\/"},"wordCount":1302,"publisher":{"@id":"https:\/\/ismfrance.org\/#organization"},"image":{"@id":"https:\/\/ismfrance.org\/index.php\/2025\/04\/28\/temoignages-de-gazaouis-la-survie-qui-sorganise-au-jour-le-jour-dans-lenfer-de-gaza-partie-377-27-avril-sur-les-ruines-des-ecoles-detruites-les-enfants\/#primaryimage"},"thumbnailUrl":"https:\/\/ismfrance.org\/wp-content\/uploads\/2025\/04\/IMG_2521-scaled.jpg","keywords":["enfants","G\u00e9nocide"],"articleSection":["Articles","T\u00e9moignages"],"inLanguage":"fr-FR"},{"@type":"WebPage","@id":"https:\/\/ismfrance.org\/index.php\/2025\/04\/28\/temoignages-de-gazaouis-la-survie-qui-sorganise-au-jour-le-jour-dans-lenfer-de-gaza-partie-377-27-avril-sur-les-ruines-des-ecoles-detruites-les-enfants\/","url":"https:\/\/ismfrance.org\/index.php\/2025\/04\/28\/temoignages-de-gazaouis-la-survie-qui-sorganise-au-jour-le-jour-dans-lenfer-de-gaza-partie-377-27-avril-sur-les-ruines-des-ecoles-detruites-les-enfants\/","name":"T\u00e9moignages de Gazaouis : La survie qui s\u2019organise au jour le jour dans l\u2019enfer de Gaza \u2013 partie 377 \/ 27 avril \u2013\u00a0Sur les ruines des \u00e9coles d\u00e9truites, les enfants de Gaza s\u00e8ment les graines de la vie - International Solidarity Movement - ISM-France","isPartOf":{"@id":"https:\/\/ismfrance.org\/#website"},"primaryImageOfPage":{"@id":"https:\/\/ismfrance.org\/index.php\/2025\/04\/28\/temoignages-de-gazaouis-la-survie-qui-sorganise-au-jour-le-jour-dans-lenfer-de-gaza-partie-377-27-avril-sur-les-ruines-des-ecoles-detruites-les-enfants\/#primaryimage"},"image":{"@id":"https:\/\/ismfrance.org\/index.php\/2025\/04\/28\/temoignages-de-gazaouis-la-survie-qui-sorganise-au-jour-le-jour-dans-lenfer-de-gaza-partie-377-27-avril-sur-les-ruines-des-ecoles-detruites-les-enfants\/#primaryimage"},"thumbnailUrl":"https:\/\/ismfrance.org\/wp-content\/uploads\/2025\/04\/IMG_2521-scaled.jpg","datePublished":"2025-04-28T07:46:33+00:00","breadcrumb":{"@id":"https:\/\/ismfrance.org\/index.php\/2025\/04\/28\/temoignages-de-gazaouis-la-survie-qui-sorganise-au-jour-le-jour-dans-lenfer-de-gaza-partie-377-27-avril-sur-les-ruines-des-ecoles-detruites-les-enfants\/#breadcrumb"},"inLanguage":"fr-FR","potentialAction":[{"@type":"ReadAction","target":["https:\/\/ismfrance.org\/index.php\/2025\/04\/28\/temoignages-de-gazaouis-la-survie-qui-sorganise-au-jour-le-jour-dans-lenfer-de-gaza-partie-377-27-avril-sur-les-ruines-des-ecoles-detruites-les-enfants\/"]}]},{"@type":"ImageObject","inLanguage":"fr-FR","@id":"https:\/\/ismfrance.org\/index.php\/2025\/04\/28\/temoignages-de-gazaouis-la-survie-qui-sorganise-au-jour-le-jour-dans-lenfer-de-gaza-partie-377-27-avril-sur-les-ruines-des-ecoles-detruites-les-enfants\/#primaryimage","url":"https:\/\/ismfrance.org\/wp-content\/uploads\/2025\/04\/IMG_2521-scaled.jpg","contentUrl":"https:\/\/ismfrance.org\/wp-content\/uploads\/2025\/04\/IMG_2521-scaled.jpg","width":2560,"height":1440},{"@type":"BreadcrumbList","@id":"https:\/\/ismfrance.org\/index.php\/2025\/04\/28\/temoignages-de-gazaouis-la-survie-qui-sorganise-au-jour-le-jour-dans-lenfer-de-gaza-partie-377-27-avril-sur-les-ruines-des-ecoles-detruites-les-enfants\/#breadcrumb","itemListElement":[{"@type":"ListItem","position":1,"name":"Accueil","item":"https:\/\/ismfrance.org\/"},{"@type":"ListItem","position":2,"name":"T\u00e9moignages de Gazaouis : La survie qui s\u2019organise au jour le jour dans l\u2019enfer de Gaza \u2013 partie 377 \/ 27 avril \u2013\u00a0Sur les ruines des \u00e9coles d\u00e9truites, les enfants de Gaza s\u00e8ment les graines de la vie"}]},{"@type":"WebSite","@id":"https:\/\/ismfrance.org\/#website","url":"https:\/\/ismfrance.org\/","name":"ISM Palestine France","description":"Soutien aux luttes de lib\u00e9ration du peuple palestinien","publisher":{"@id":"https:\/\/ismfrance.org\/#organization"},"potentialAction":[{"@type":"SearchAction","target":{"@type":"EntryPoint","urlTemplate":"https:\/\/ismfrance.org\/?s={search_term_string}"},"query-input":{"@type":"PropertyValueSpecification","valueRequired":true,"valueName":"search_term_string"}}],"inLanguage":"fr-FR"},{"@type":"Organization","@id":"https:\/\/ismfrance.org\/#organization","name":"International Solidarity Movement","url":"https:\/\/ismfrance.org\/","logo":{"@type":"ImageObject","inLanguage":"fr-FR","@id":"https:\/\/ismfrance.org\/#\/schema\/logo\/image\/","url":"https:\/\/ismfrance.org\/wp-content\/uploads\/2020\/12\/00.png","contentUrl":"https:\/\/ismfrance.org\/wp-content\/uploads\/2020\/12\/00.png","width":400,"height":400,"caption":"International Solidarity Movement"},"image":{"@id":"https:\/\/ismfrance.org\/#\/schema\/logo\/image\/"},"sameAs":["https:\/\/x.com\/ISMFRANCE"]},{"@type":"Person","@id":"https:\/\/ismfrance.org\/#\/schema\/person\/3c411eb72adfaae19c0dca1f41fae01d","name":"mru_01","image":{"@type":"ImageObject","inLanguage":"fr-FR","@id":"https:\/\/secure.gravatar.com\/avatar\/3a0be343b445d2ccc79e87444a294fad2b232e90d2051d0e3cc219e1ecd6a330?s=96&d=mm&r=g","url":"https:\/\/secure.gravatar.com\/avatar\/3a0be343b445d2ccc79e87444a294fad2b232e90d2051d0e3cc219e1ecd6a330?s=96&d=mm&r=g","contentUrl":"https:\/\/secure.gravatar.com\/avatar\/3a0be343b445d2ccc79e87444a294fad2b232e90d2051d0e3cc219e1ecd6a330?s=96&d=mm&r=g","caption":"mru_01"},"url":"https:\/\/ismfrance.org\/index.php\/author\/admin02\/"}]}},"_links":{"self":[{"href":"https:\/\/ismfrance.org\/index.php\/wp-json\/wp\/v2\/posts\/19956","targetHints":{"allow":["GET"]}}],"collection":[{"href":"https:\/\/ismfrance.org\/index.php\/wp-json\/wp\/v2\/posts"}],"about":[{"href":"https:\/\/ismfrance.org\/index.php\/wp-json\/wp\/v2\/types\/post"}],"author":[{"embeddable":true,"href":"https:\/\/ismfrance.org\/index.php\/wp-json\/wp\/v2\/users\/3"}],"replies":[{"embeddable":true,"href":"https:\/\/ismfrance.org\/index.php\/wp-json\/wp\/v2\/comments?post=19956"}],"version-history":[{"count":0,"href":"https:\/\/ismfrance.org\/index.php\/wp-json\/wp\/v2\/posts\/19956\/revisions"}],"wp:featuredmedia":[{"embeddable":true,"href":"https:\/\/ismfrance.org\/index.php\/wp-json\/wp\/v2\/media\/19962"}],"wp:attachment":[{"href":"https:\/\/ismfrance.org\/index.php\/wp-json\/wp\/v2\/media?parent=19956"}],"wp:term":[{"taxonomy":"category","embeddable":true,"href":"https:\/\/ismfrance.org\/index.php\/wp-json\/wp\/v2\/categories?post=19956"},{"taxonomy":"post_tag","embeddable":true,"href":"https:\/\/ismfrance.org\/index.php\/wp-json\/wp\/v2\/tags?post=19956"}],"curies":[{"name":"wp","href":"https:\/\/api.w.org\/{rel}","templated":true}]}}