{"id":19917,"date":"2025-04-26T12:01:30","date_gmt":"2025-04-26T10:01:30","guid":{"rendered":"https:\/\/ismfrance.org\/?p=19917"},"modified":"2025-04-26T12:01:30","modified_gmt":"2025-04-26T10:01:30","slug":"temoignages-de-gazaouis-la-survie-qui-sorganise-au-jour-le-jour-dans-lenfer-de-gaza-partie-375-25-avril-1-partage-de-souvenirs-positifs-entre-femmes","status":"publish","type":"post","link":"https:\/\/ismfrance.org\/index.php\/2025\/04\/26\/temoignages-de-gazaouis-la-survie-qui-sorganise-au-jour-le-jour-dans-lenfer-de-gaza-partie-375-25-avril-1-partage-de-souvenirs-positifs-entre-femmes\/","title":{"rendered":"T\u00e9moignages de Gazaouis : La survie qui s\u2019organise au jour le jour dans l\u2019enfer de Gaza \u2013 partie 375 \/ 25 avril (1) \u2013\u00a0Partage de souvenirs positifs entre femmes"},"content":{"rendered":"<p><span style=\"color: #000000;\"><span style=\"font-family: Arial, sans-serif;\"><span style=\"font-size: medium;\"><strong>Brigitte Challande, 26 avril 2025.<\/strong> C\u2019\u00e9tait le th\u00e8me de l\u2019atelier de soutien psychologique \u00e0 Deir al- Balah dans le sud de la bande de Gaza, dont Abu Amir envoie le compte rendu le 25 avril au soir.<\/span><\/span><\/span><\/p>\n<p><span style=\"color: #000000;\"><span style=\"font-family: Arial, sans-serif;\"><span style=\"font-size: medium;\">\u00ab\u00a0Par un matin gris et morose, l\u2019un de ces matins typiques de la guerre, entre le vrombissement incessant des avions et les g\u00e9missements dans les tentes \u00e9parpill\u00e9es \u00e0 ciel ouvert, le camp \u00ab\u00a0Al-Suwaidi\u00a0\u00bb \u00e0 Deir al-Balah a \u00e9t\u00e9 le th\u00e9\u00e2tre d\u2019un \u00e9v\u00e9nement humain exceptionnel, semblable \u00e0 une bouff\u00e9e de chaleur au c\u0153ur d\u2019une temp\u00eate. L\u00e0, o\u00f9 des d\u00e9plac\u00e9s vivent depuis des mois sous des toiles qui ne prot\u00e8gent ni du froid ni de la chaleur, vingt-cinq femmes venues de diff\u00e9rentes r\u00e9gions de la bande de Gaza se sont r\u00e9unies pour participer \u00e0 une s\u00e9ance de soutien psychologique intitul\u00e9e <\/span><\/span><\/span><em><span style=\"color: #000000;\"><span style=\"font-family: Arial, sans-serif;\"><span style=\"font-size: medium;\">\u00ab Partage de souvenirs positifs \u00bb<\/span><\/span><\/span><\/em><span style=\"color: #000000;\"><span style=\"font-family: Arial, sans-serif;\"><span style=\"font-size: medium;\">, organis\u00e9e par l\u2019UJPF.<\/span><\/span><\/span><\/p>\n<p><a href=\"https:\/\/ismfrance.org\/wp-content\/uploads\/2025\/04\/IMG_0416.jpg\"><img loading=\"lazy\" decoding=\"async\" class=\"size-full wp-image-19919 aligncenter\" src=\"https:\/\/ismfrance.org\/wp-content\/uploads\/2025\/04\/IMG_0416.jpg\" alt=\"\" width=\"1290\" height=\"726\" srcset=\"https:\/\/ismfrance.org\/wp-content\/uploads\/2025\/04\/IMG_0416.jpg 1290w, https:\/\/ismfrance.org\/wp-content\/uploads\/2025\/04\/IMG_0416-300x169.jpg 300w, https:\/\/ismfrance.org\/wp-content\/uploads\/2025\/04\/IMG_0416-700x394.jpg 700w, https:\/\/ismfrance.org\/wp-content\/uploads\/2025\/04\/IMG_0416-768x432.jpg 768w\" sizes=\"auto, (max-width: 1290px) 100vw, 1290px\" \/><\/a><\/p>\n<p><span style=\"color: #000000;\"><span style=\"font-family: Arial, sans-serif;\"><span style=\"font-size: medium;\">La s\u00e9ance n\u2019\u00e9tait pas une invitation \u00e0 l\u2019oubli ou au d\u00e9ni de la douleur, mais plut\u00f4t une tentative simple d\u2019ouvrir une petite fen\u00eatre dans le mur de la catastrophe, permettant \u00e0 ces femmes de respirer un peu de l\u2019air de la vie, de se rappeler qui elles \u00e9taient avant que leurs maisons, leurs souvenirs, et leur stabilit\u00e9 ne leur soient arrach\u00e9s.<br \/>\n<\/span><\/span><\/span><em><span style=\"color: #000000;\"><span style=\"font-family: Arial, sans-serif;\"><span style=\"font-size: medium;\">\u00ab Nous ne sommes pas ici pour oublier ce qui s\u2019est pass\u00e9, mais pour retrouver ce qui reste de lumi\u00e8re en nous. Qui \u00e9tiez-vous avant la guerre ? Avant le d\u00e9placement ? Avant la douleur ? Aujourd\u2019hui, nous allons nous souvenir, non pour fuir, mais pour revivre. \u00bb<\/span><\/span><\/span><\/em><\/p>\n<p><span style=\"color: #000000;\"><span style=\"font-family: Arial, sans-serif;\"><span style=\"font-size: medium;\">Une technique de psychologie appel\u00e9e <\/span><\/span><\/span><em><span style=\"color: #000000;\"><span style=\"font-family: Arial, sans-serif;\"><span style=\"font-size: medium;\">\u00ab <strong>\u00e9vocation positive stimul\u00e9e par les sens<\/strong> \u00bb<\/span><\/span><\/span><\/em><span style=\"color: #000000;\"><span style=\"font-family: Arial, sans-serif;\"><span style=\"font-size: medium;\">, visant \u00e0 activer les souvenirs de s\u00e9curit\u00e9 et de r\u00e9confort dans le cerveau.<br \/>\n<\/span><\/span><\/span><em><span style=\"color: #000000;\"><span style=\"font-family: Arial, sans-serif;\"><span style=\"font-size: medium;\">\u00ab Quelle est la premi\u00e8re image qui vous vient \u00e0 l\u2019esprit lorsque vous pensez \u00e0 votre maison ?<\/span><\/span><\/span><\/em><span style=\"color: #000000;\"><span style=\"font-family: Arial, sans-serif;\"><span style=\"font-size: medium;\"><i><br \/>\n<\/i><\/span><\/span><\/span><em><span style=\"color: #000000;\"><span style=\"font-family: Arial, sans-serif;\"><span style=\"font-size: medium;\">Quel son remplissait vos matins ?<\/span><\/span><\/span><\/em><span style=\"color: #000000;\"><span style=\"font-family: Arial, sans-serif;\"><span style=\"font-size: medium;\"><i><br \/>\n<\/i><\/span><\/span><\/span><em><span style=\"color: #000000;\"><span style=\"font-family: Arial, sans-serif;\"><span style=\"font-size: medium;\">Quelle odeur reste grav\u00e9e dans votre m\u00e9moire ? \u00bb<\/span><\/span><\/span><\/em><\/p>\n<p><span style=\"color: #000000;\"><span style=\"font-family: Arial, sans-serif;\"><span style=\"font-size: medium;\">Un exercice intitul\u00e9 <\/span><\/span><\/span><em><span style=\"color: #000000;\"><span style=\"font-family: Arial, sans-serif;\"><span style=\"font-size: medium;\">\u00ab <strong>Temp\u00eate \u00e9motionnelle<\/strong> \u00bb<\/span><\/span><\/span><\/em><span style=\"color: #000000;\"><span style=\"font-family: Arial, sans-serif;\"><span style=\"font-size: medium;\"> a suivi, demandant aux femmes d\u2019\u00e9crire ou de dessiner un souvenir heureux sans contrainte. Exercice a accompagn\u00e9 de techniques de respiration profonde et de relaxation musculaire, favorisant un acc\u00e8s \u00e0 un espace plus s\u00fbr.<\/span><\/span><\/span><\/p>\n<p><span style=\"color: #000000;\"><span style=\"font-family: Arial, sans-serif;\"><span style=\"font-size: medium;\">Peu \u00e0 peu, les r\u00e9cits ont commenc\u00e9 \u00e0 \u00e9merger, timides, bris\u00e9s. Une femme, en essuyant ses larmes, a lev\u00e9 la t\u00eate et dit :<br \/>\n<\/span><\/span><\/span><em><span style=\"color: #000000;\"><span style=\"font-family: Arial, sans-serif;\"><span style=\"font-size: medium;\">\u00ab Je me suis souvenue de l\u2019odeur du pain que ma m\u00e8re cuisait \u00e0 l\u2019aube\u2026 Je me levais juste pour la voir p\u00e9trir. L\u2019odeur de la maison ressemblait \u00e0 une \u00e9treinte. \u00bb<\/span><\/span><\/span><\/em><span style=\"color: #000000;\"><span style=\"font-family: Arial, sans-serif;\"><span style=\"font-size: medium;\"><br \/>\nUne autre,<br \/>\n<\/span><\/span><\/span><em><span style=\"color: #000000;\"><span style=\"font-family: Arial, sans-serif;\"><span style=\"font-size: medium;\">\u00ab Mon mari nous r\u00e9unissait chaque soir dans notre petit jardin. Aujourd\u2019hui, il n\u2019y a plus ni maison, ni enfants\u2026 mais ce souvenir m\u2019a r\u00e9chauff\u00e9e. \u00bb<\/span><\/span><\/span><\/em><\/p>\n<p><span style=\"color: #000000;\"><span style=\"font-family: Arial, sans-serif;\"><span style=\"font-size: medium;\">L\u2019animatrice a ensuite propos\u00e9 un exercice appel\u00e9 <\/span><\/span><\/span><em><span style=\"color: #000000;\"><span style=\"font-family: Arial, sans-serif;\"><span style=\"font-size: medium;\">\u00ab <strong>ancrage \u00e9motionnel<\/strong> \u00bb<\/span><\/span><\/span><\/em><span style=\"color: #000000;\"><span style=\"font-family: Arial, sans-serif;\"><span style=\"font-size: medium;\">, consistant \u00e0 associer un souvenir positif \u00e0 un geste corporel, comme poser la main sur le c\u0153ur, afin de pouvoir le rappeler plus tard en reproduisant ce geste. Une jeune femme dans la vingtaine, le sourire timide, a lev\u00e9 la main :<br \/>\n<\/span><\/span><\/span><em><span style=\"color: #000000;\"><span style=\"font-family: Arial, sans-serif;\"><span style=\"font-size: medium;\">\u00ab Je me suis souvenue du mariage de ma grande s\u0153ur\u2026 les youyous, les rires, les robes. J\u2019ai eu l\u2019impression de sourire de tout mon c\u0153ur, pour la premi\u00e8re fois depuis des mois. \u00bb<\/span><\/span><\/span><\/em><\/p>\n<p><span style=\"color: #000000;\"><span style=\"font-family: Arial, sans-serif;\"><span style=\"font-size: medium;\">Puis, un troisi\u00e8me exercice intitul\u00e9 <\/span><\/span><\/span><em><span style=\"color: #000000;\"><span style=\"font-family: Arial, sans-serif;\"><span style=\"font-size: medium;\">\u00ab <strong>La bo\u00eete \u00e0 souvenirs<\/strong> \u00bb<\/span><\/span><\/span><\/em><span style=\"color: #000000;\"><span style=\"font-family: Arial, sans-serif;\"><span style=\"font-size: medium;\"> a \u00e9t\u00e9 mis en place. Des papiers color\u00e9s ont \u00e9t\u00e9 distribu\u00e9s, chaque femme y a inscrit un souvenir heureux, puis les a d\u00e9pos\u00e9s dans une bo\u00eete. L\u2019animatrice a ensuite lu quelques-uns de ces souvenirs \u00e0 voix haute : des souvenirs de la mer, des jeux d\u2019enfants, d\u2019une chanson chant\u00e9e par un p\u00e8re, ou du coucher de soleil vu depuis un balcon.<\/span><\/span><\/span><\/p>\n<p><a href=\"https:\/\/ismfrance.org\/wp-content\/uploads\/2025\/04\/IMG_0419.jpg\"><img loading=\"lazy\" decoding=\"async\" class=\"size-full wp-image-19920 aligncenter\" src=\"https:\/\/ismfrance.org\/wp-content\/uploads\/2025\/04\/IMG_0419.jpg\" alt=\"\" width=\"1290\" height=\"595\" srcset=\"https:\/\/ismfrance.org\/wp-content\/uploads\/2025\/04\/IMG_0419.jpg 1290w, https:\/\/ismfrance.org\/wp-content\/uploads\/2025\/04\/IMG_0419-300x138.jpg 300w, https:\/\/ismfrance.org\/wp-content\/uploads\/2025\/04\/IMG_0419-700x323.jpg 700w, https:\/\/ismfrance.org\/wp-content\/uploads\/2025\/04\/IMG_0419-768x354.jpg 768w\" sizes=\"auto, (max-width: 1290px) 100vw, 1290px\" \/><\/a><span style=\"color: #000000;\"><span style=\"font-family: Arial, sans-serif;\"><span style=\"font-size: medium;\">Apr\u00e8s l\u2019un de ces souvenirs, une femme a murmur\u00e9 les yeux brillants :<br \/>\n<\/span><\/span><\/span><em><span style=\"color: #000000;\"><span style=\"font-family: Arial, sans-serif;\"><span style=\"font-size: medium;\">\u00ab Chaque jour, nous pensons \u00e0 ce que nous avons perdu. Mais aujourd\u2019hui, j\u2019ai compris qu\u2019il y a encore du beau en nous\u2026 et qu\u2019on peut y retourner quand la temp\u00eate fait rage. \u00bb<\/span><\/span><\/span><\/em><\/p>\n<p><span style=\"color: #000000;\"><span style=\"font-family: Arial, sans-serif;\"><span style=\"font-size: medium;\">La session s\u2019est termin\u00e9e avec la technique des <\/span><\/span><\/span><em><span style=\"color: #000000;\"><span style=\"font-family: Arial, sans-serif;\"><span style=\"font-size: medium;\">\u00ab<strong> journaux de gratitude quotidiens<\/strong> \u00bb<\/span><\/span><\/span><\/em><span style=\"color: #000000;\"><span style=\"font-family: Arial, sans-serif;\"><span style=\"font-size: medium;\">, o\u00f9 l\u2019on a demand\u00e9 \u00e0 chaque femme de consacrer un moment chaque jour \u00e0 \u00e9crire une chose positive, aussi petite soit-elle : une tasse de th\u00e9, le rire d\u2019un enfant, ou une minute de silence apaisant.<\/span><\/span><\/span><\/p>\n<p><span style=\"color: #000000;\"><span style=\"font-family: Arial, sans-serif;\"><span style=\"font-size: medium;\">\u00c0 la fin de la rencontre, les mots ne suffisaient plus \u00e0 d\u00e9crire ce qui s\u2019\u00e9tait pass\u00e9. Les regards disaient tout. Ces femmes avaient compris qu\u2019il leur restait quelque chose qu\u2019aucune bombe ne pouvait leur enlever : une belle m\u00e9moire, un souvenir qui donne de la force, des racines profondes capables de refleurir. La s\u00e9ance <\/span><\/span><\/span><em><span style=\"color: #000000;\"><span style=\"font-family: Arial, sans-serif;\"><span style=\"font-size: medium;\">\u00ab <strong>Partage de souvenirs positifs<\/strong> \u00bb<\/span><\/span><\/span><\/em><span style=\"color: #000000;\"><span style=\"font-family: Arial, sans-serif;\"><span style=\"font-size: medium;\"> a prouv\u00e9 qu\u2019elle n\u2019\u00e9tait pas un simple moment de conversation, mais un outil r\u00e9el pour reconstruire ce qui reste de l\u2019\u00e2me. Elle a cr\u00e9\u00e9 un espace chaleureux au c\u0153ur du chaos, renforc\u00e9 le sentiment d\u2019identit\u00e9 des femmes et leur a rappel\u00e9 que la joie ne s\u2019efface pas, et que l\u2019espoir, m\u00eame vacillant, ne meurt jamais.<\/span><\/span><\/span><\/p>\n<p><span style=\"color: #000000;\"><span style=\"font-family: Arial, sans-serif;\"><span style=\"font-size: medium;\">Cette s\u00e9ance, empreinte d\u2019\u00e9motion et de v\u00e9rit\u00e9 humaine, a montr\u00e9 \u00e0 quel point une seule rencontre de soutien psychologique peut transformer la r\u00e9alit\u00e9 des femmes d\u00e9plac\u00e9es. Dans un environnement domin\u00e9 par la peur, la privation et l\u2019incertitude, ces ateliers sont un v\u00e9ritable souffle de vie, r\u00e9tablissant un peu d\u2019\u00e9quilibre \u00e9motionnel et permettant aux femmes de se r\u00e9approprier une part d\u2019elles-m\u00eames presque perdue.<\/span><\/span><\/span><\/p>\n<p><span style=\"color: #000000;\"><span style=\"font-family: Arial, sans-serif;\"><span style=\"font-size: medium;\">Offrir un espace s\u00e9curis\u00e9 et bienveillant o\u00f9 les femmes peuvent exprimer leurs \u00e9motions et renouer avec leurs souvenirs positifs n\u2019est pas un luxe en temps de guerre, mais une n\u00e9cessit\u00e9 vitale pour la survie. Ces ateliers ne gu\u00e9rissent pas les blessures physiques, mais touchent celles, plus profondes, qui ne se voient pas, et plantent des graines d\u2019espoir pr\u00eates \u00e0 \u00e9clore au milieu des ruines.\u00a0\u00bb<\/span><\/span><\/span><\/p>\n<p><em><strong><span style=\"color: #000000;\"><span style=\"font-family: Arial, sans-serif;\"><span style=\"font-size: medium;\">Photos et vid\u00e9os <a href=\"https:\/\/drive.google.com\/drive\/folders\/1_njnNuLg75jAyBiroVCgOoDR1_IHZBLi\">ICI<\/a>.<\/span><\/span><\/span><\/strong><\/em><\/p>\n<hr \/>\n<p align=\"LEFT\"><strong>Retrouvez l\u2019ensemble des t\u00e9moignages d\u2019Abu Amir et Marsel :<\/strong><\/p>\n<p>*<strong>Abu Amir Mutasem Ele\u00efwa<\/strong>\u00a0est coordinateur des Projets paysans depuis 2016 au sud de la bande de Gaza et correspondant de l\u2019Union Juive Fran\u00e7aise pour la Paix.<\/p>\n<p>*<strong>Marsel Alledawi<\/strong>\u00a0est responsable du Centre Ibn Sina du nord de la bande de Gaza, centre qui se consacre au suivi \u00e9ducatif et psychologique de l\u2019enfance.<\/p>\n<p>Tous les deux sont soutenus par l\u2019UJFP en France.<\/p>\n<p><strong><em>Cliquez ici pour consulter les\u00a0<a href=\"https:\/\/ismfrance.org\/index.php\/temoignages-gazaouis-survie-enfer-gaza-1\/\" target=\"_blank\" rel=\"noopener\">T\u00e9moignages du 20 novembre 2023 au 5 janvier 2025.<\/a><\/em><\/strong><\/p>\n<p><a href=\"https:\/\/ismfrance.org\/index.php\/2025\/01\/07\/temoignages-de-gazaouis-la-survie-qui-sorganise-au-jour-le-jour-dans-lenfer-de-gaza-partie-270-6-janvier-un-regard-sur-gaza\/\">Partie 270<\/a>\u00a0\/ 6 janvier\u00a0;\u00a0<a href=\"https:\/\/ismfrance.org\/index.php\/2025\/01\/09\/deuxieme-hiver-sous-des-abris-de-fortune-dans-la-faim-et-la-souffrance-le-temoignage-de-madleen-seule-femme-pecheure-dans-la-bande-de-gaza\/\">Partie 271<\/a>\u00a0\/ 7 janvier\u00a0;\u00a0<a href=\"https:\/\/ismfrance.org\/index.php\/2025\/01\/09\/temoignages-de-gazaouis-la-survie-qui-sorganise-au-jour-le-jour-dans-lenfer-de-gaza-partie-272-8-janvier-agressions-sans-limite\/\">Partie 272<\/a>\u00a0: 8 janvier\u00a0;\u00a0<a href=\"https:\/\/ismfrance.org\/index.php\/2025\/01\/10\/temoignages-de-gazaouis-la-survie-qui-sorganise-au-jour-le-jour-dans-lenfer-de-gaza-partie-273-10-janvier-fournitures-dhiver-pour-les-camps-de-d\/\">Partie 273<\/a>\u00a0: 10 janvier\u00a0;\u00a0<a href=\"https:\/\/ismfrance.org\/index.php\/2025\/01\/11\/temoignages-de-gazaouis-la-survie-qui-sorganise-au-jour-le-jour-dans-lenfer-de-gaza-partie-274-11-janvier-distribution-alimentaire-les-6-7-et-8-janvier\/\">Partie 274<\/a>\u00a0\/ 11 janvier ;\u00a0<a href=\"https:\/\/ismfrance.org\/index.php\/2025\/01\/11\/temoignages-de-gazaouis-la-survie-qui-sorganise-au-jour-le-jour-dans-lenfer-de-gaza-partie-275-11-janvier-1-rapport-complet-sur-la-situation-generale-dans-l\/\">Partie 275<\/a>\u00a0\/ 11 janvier (1) ;\u00a0<a href=\"https:\/\/ismfrance.org\/index.php\/2025\/01\/12\/temoignages-de-gazaouis-la-survie-qui-sorganise-au-jour-le-jour-dans-lenfer-de-gaza-partie-276-12-janvier-des-actions-persistantes-dans-les-camps-d\/\">Partie 276<\/a>\u00a0: 12 janvier ;\u00a0<a href=\"https:\/\/ismfrance.org\/index.php\/2025\/01\/14\/temoignages-de-gazaouis-la-survie-qui-sorganise-au-jour-le-jour-dans-lenfer-de-gaza-partie-277-13-janvier-massacres-continus-et-espoir-de-treve-imminent\/\">Partie 277<\/a>\u00a0: 13 janvier ;<a href=\"https:\/\/ismfrance.org\/index.php\/2025\/01\/15\/temoignages-de-gazaouis-la-survie-qui-sorganise-au-jour-le-jour-dans-lenfer-de-gaza-partie-278-14-janvier-initiative-pain-despoir\/\">\u00a0Partie 278<\/a>\u00a0: 14 janvier.\u00a0<a href=\"https:\/\/ismfrance.org\/index.php\/2025\/01\/16\/temoignages-de-gazaouis-la-survie-qui-sorganise-au-jour-le-jour-dans-lenfer-de-gaza-partie-279-15-janvier-apres-lannonce-dun-cess\/\">Partie 279<\/a>\u00a0: 15 janvier.\u00a0<a href=\"https:\/\/ismfrance.org\/index.php\/2025\/01\/17\/17518\/\">Partie 280<\/a>\u00a0: 16 janvier.\u00a0<a href=\"https:\/\/ismfrance.org\/index.php\/2025\/01\/17\/temoignages-de-gazaouis-la-survie-qui-sorganise-au-jour-le-jour-dans-lenfer-de-gaza-partie-280-16-janvier-un-accord-dans-un-ciel-tres-sombre\/\">Partie 281<\/a>\u00a0: 16 janvier (1).\u00a0<a href=\"https:\/\/ismfrance.org\/index.php\/2025\/01\/18\/temoignages-de-gazaouis-la-survie-qui-sorganise-au-jour-le-jour-dans-lenfer-de-gaza-partie-282-17-janvier-laccord-une-joie-teintee\/\">Partie 282<\/a>\u00a0: 17 janvier.\u00a0<a href=\"https:\/\/ismfrance.org\/index.php\/2025\/01\/19\/temoignages-de-gazaouis-la-survie-qui-sorganise-au-jour-le-jour-dans-lenfer-de-gaza-partie-283-18-janvier-laccord-vu-de-gaza-calme\/\">Partie 283<\/a>\u00a0: 18 janvier.\u00a0<a href=\"https:\/\/ismfrance.org\/index.php\/2025\/01\/20\/temoignages-de-gazaouis-la-survie-qui-sorganise-au-jour-le-jour-dans-lenfer-de-gaza-partie-284-18-janvier-1-saison-de-la-recolte-de-lespoir-pour\/\">Partie 284<\/a>\u00a0: 18 janvier\/1.<a href=\"https:\/\/ismfrance.org\/index.php\/2025\/01\/21\/temoignages-de-gazaouis-la-survie-qui-sorganise-au-jour-le-jour-dans-lenfer-de-gaza-partie-285-19-20-janvier-la-joie-de-la-treve-melee-au-choc-de-la-dec\/\">\u00a0Partie 285<\/a>\u00a0: 19-20 janvier.\u00a0<a href=\"https:\/\/ismfrance.org\/index.php\/2025\/01\/22\/temoignages-de-gazaouis-la-survie-qui-sorganise-au-jour-le-jour-dans-lenfer-de-gaza-partie-286-22-janvier-israel-reprendra-t-il-la-guerre-apres-avo\/\">Partie 286<\/a>\u00a0: 22 janvier.\u00a0<a href=\"https:\/\/ismfrance.org\/index.php\/2025\/01\/23\/17722\/\">Partie 287<\/a>\u00a0: 22 janvier (1).\u00a0<a href=\"https:\/\/ismfrance.org\/index.php\/2025\/01\/24\/temoignages-de-gazaouis-la-survie-qui-sorganise-au-jour-le-jour-dans-lenfer-de-gaza-partie-288-23-janvier-dans-le-defi-que-represente-la-situation-le-tr\/\">Partie 288<\/a>\u00a0: 23 janvier.\u00a0<a href=\"https:\/\/ismfrance.org\/index.php\/2025\/01\/25\/temoignages-de-gazaouis-la-survie-qui-sorganise-au-jour-le-jour-dans-lenfer-de-gaza-partie-289-23-janvier-1-une-tragedie-continue\/\">Partie 289<\/a>\u00a0: 23 janvier (1).\u00a0<a href=\"https:\/\/ismfrance.org\/index.php\/2025\/01\/26\/temoignages-de-gazaouis-la-survie-qui-sorganise-au-jour-le-jour-dans-lenfer-de-gaza-partie-290-25-janvier-preparer-les-femmes-au-retour-dans-leurs-regions-d\/\">Partie 290<\/a>\u00a0: 25 janvier.\u00a0<a href=\"https:\/\/ismfrance.org\/index.php\/2025\/01\/27\/temoignages-de-gazaouis-la-survie-qui-sorganise-au-jour-le-jour-dans-lenfer-de-gaza-partie-291-26-janvier-les-terribles-conditions-du-retour-chez-soi-pou\/\">Partie 291<\/a>\u00a0: 26 janvier.<a href=\"https:\/\/ismfrance.org\/index.php\/2025\/01\/27\/temoignages-de-gazaouis-la-survie-qui-sorganise-au-jour-le-jour-dans-lenfer-de-gaza-partie-292-27-janvier-contexte-menacant-pour-le-retour-des-gazaouis-d\/\">\u00a0Partie 292<\/a>\u00a0: 27 janvier.\u00a0<a href=\"https:\/\/ismfrance.org\/index.php\/2025\/01\/29\/temoignages-de-gazaouis-la-survie-qui-sorganise-au-jour-le-jour-dans-lenfer-de-gaza-partie-293-28-janvier-une-description-frappante-la-tragedie-de\/\">Partie 293<\/a>\u00a0: 28 janvier.\u00a0<a href=\"https:\/\/ismfrance.org\/index.php\/2025\/01\/29\/temoignages-de-gazaouis-la-survie-qui-sorganise-au-jour-le-jour-dans-lenfer-de-gaza-partie-294-28-janvier-retour-de-zakaria-baker-pecheur-au-port-de-gaza\/\">Partie 294<\/a>\u00a0: 28 janvier (1).\u00a0<a href=\"https:\/\/ismfrance.org\/index.php\/2025\/01\/29\/temoignages-de-gazaouis-la-survie-qui-sorganise-au-jour-le-jour-dans-lenfer-de-gaza-partie-295-29-janvier-entre-deplacement-et-retour\/\">Partie 295<\/a>\u00a0: 29 janvier.<a href=\"https:\/\/ismfrance.org\/index.php\/2025\/01\/31\/temoignages-de-gazaouis-la-survie-qui-sorganise-au-jour-le-jour-dans-lenfer-de-gaza-partie-296-30-janvier-survivre-dans-le-nord-de-gaza-et-distribution-d\/\">\u00a0Partie 296<\/a>\u00a0: 30 janvier.\u00a0<a href=\"https:\/\/ismfrance.org\/index.php\/2025\/02\/01\/temoignages-de-gazaouis-la-survie-qui-sorganise-au-jour-le-jour-dans-lenfer-de-gaza-partie-297-31-janvier-dans-les-camps-de-deplaces-une-lutte-constant\/\">Partie 297<\/a>\u00a0: 31 janvier.\u00a0<a href=\"https:\/\/ismfrance.org\/index.php\/2025\/02\/02\/temoignages-de-gazaouis-la-survie-qui-sorganise-au-jour-le-jour-dans-lenfer-de-gaza-partie-298-1er-fevrier-dans-le-nord-de-la-bande-de-gaza-entre-la-fai\/\">Partie 298<\/a>\u00a0: 1er f\u00e9vrier.\u00a0<a href=\"https:\/\/ismfrance.org\/index.php\/2025\/02\/03\/temoignages-de-gazaouis-la-survie-qui-sorganise-au-jour-le-jour-dans-lenfer-de-gaza-partie-299-1er-fevrier-1-tenacite-persistance-regularite-main\/\">Partie 299<\/a>\u00a0: 1er f\u00e9vrier (1).\u00a0<a href=\"ttps:\/\/ismfrance.org\/index.php\/2025\/02\/03\/temoignages-de-gazaouis-la-survie-qui-sorganise-au-jour-le-jour-dans-lenfer-de-gaza-partie-300-2-fevrier-voyage-vers-le-nord\/\">Partie 300<\/a>\u00a0: 2 f\u00e9vrier.<a href=\"https:\/\/ismfrance.org\/index.php\/2025\/02\/05\/temoignages-de-gazaouis-la-survie-qui-sorganise-au-jour-le-jour-dans-lenfer-de-gaza-partie-301-4-fevrier-le-scenario-de-guerre-se-deplace-vers-la-cisjorda\/\">\u00a0Partie 301<\/a>\u00a0: 4 f\u00e9vrier.\u00a0<a href=\"https:\/\/ismfrance.org\/index.php\/2025\/02\/06\/temoignages-de-gazaouis-la-survie-qui-sorganise-au-jour-le-jour-dans-lenfer-de-gaza-partie-302-5-fevrier-la-crise-humanitaire-a-gaza-une-tragedie-qui-s\/\">Partie 302<\/a>\u00a0: 5 f\u00e9vrier.\u00a0<a href=\"https:\/\/ismfrance.org\/index.php\/2025\/02\/06\/temoignages-de-gazaouis-la-survie-qui-sorganise-au-jour-le-jour-dans-lenfer-de-gaza-partie-303-6-fevrier-poursuite-du-ciblage-israelien-contre-les-civils\/\">Partie 303<\/a>\u00a0: 6 f\u00e9vrier.\u00a0<a href=\"https:\/\/ismfrance.org\/index.php\/2025\/02\/07\/temoignages-de-gazaouis-la-survie-qui-sorganise-au-jour-le-jour-dans-lenfer-de-gaza-partie-304-7-fevrier-les-enfants-lavenir-et-lespoir\/\">Partie 304<\/a>\u00a0: 7 f\u00e9vrier.\u00a0<a href=\"https:\/\/ismfrance.org\/index.php\/2025\/02\/08\/temoignages-de-gazaouis-la-survie-qui-sorganise-au-jour-le-jour-dans-lenfer-de-gaza-partie-305-7-fevrier-1-des-nuits-eprouvantes-froid-meurtrier-corps-sou\/\">Partie 305<\/a>\u00a0: 7 f\u00e9vrier (1).\u00a0<a href=\"https:\/\/ismfrance.org\/index.php\/2025\/02\/09\/temoignages-de-gazaouis-la-survie-qui-sorganise-au-jour-le-jour-dans-lenfer-de-gaza-partie-306-8-fevrier-soutenir-les-femmes-tous-les-deplace-e-s-et-surtout-l\/\">Partie 306<\/a>\u00a0: 8 f\u00e9vrier.\u00a0<a href=\"https:\/\/ismfrance.org\/index.php\/2025\/02\/11\/temoignages-de-gazaouis-la-survie-qui-sorganise-au-jour-le-jour-dans-lenfer-de-gaza-partie-307-9-fevrier-renforcement-de-lagriculture-et-amelior\/\">Partie 307<\/a>\u00a0: 9 f\u00e9vrier.\u00a0<a href=\"https:\/\/ismfrance.org\/index.php\/2025\/02\/12\/temoignages-de-gazaouis-la-survie-qui-sorganise-au-jour-le-jour-dans-lenfer-de-gaza-partie-308-10-fevrier-nord-de-gaza-une-crise-de-leau-dans-un-cont\/\">Partie 308<\/a>\u00a0: 10 f\u00e9vrier.\u00a0<a href=\"https:\/\/ismfrance.org\/index.php\/2025\/02\/12\/temoignages-de-gazaouis-la-survie-qui-sorganise-au-jour-le-jour-dans-lenfer-de-gaza-partie-309-11-fevrier-lavenir-de-gaza-est-dans-le-vent\/\">Partie 309<\/a>\u00a0: 11 f\u00e9vrier.\u00a0<a href=\"https:\/\/ismfrance.org\/index.php\/2025\/02\/13\/temoignages-de-gazaouis-la-survie-qui-sorganise-au-jour-le-jour-dans-lenfer-de-gaza-partie-310-12-fevrier-suivi-des-conditions-de-vie-des-agriculteurs-a-les\/\">Partie 310<\/a>\u00a0: 12 f\u00e9vrier.\u00a0<a href=\"https:\/\/ismfrance.org\/index.php\/2025\/02\/16\/temoignages-de-gazaouis-la-survie-qui-sorganise-au-jour-le-jour-dans-lenfer-de-gaza-partie-311-14-fevrier-la-crise-humanitaire-le-chomage-la-soif-et-l\/\">Partie 311<\/a>\u00a0: 14 f\u00e9vrier.\u00a0<a href=\"https:\/\/ismfrance.org\/index.php\/2025\/02\/16\/temoignages-de-gazaouis-la-survie-qui-sorganise-au-jour-le-jour-dans-lenfer-de-gaza-partie-312-15-fevrier-importance-de-leducation-et-du-soutien\/\">Partie 312<\/a>\u00a0: 15 f\u00e9vrier.\u00a0<a href=\"https:\/\/ismfrance.org\/index.php\/2025\/02\/17\/temoignages-de-gazaouis-la-survie-qui-sorganise-au-jour-le-jour-dans-lenfer-de-gaza-partie-313-15-fevrier-1-gaza-continue-de-crier-mais-qui-le\/\">Partie 313<\/a>\u00a0: 15 f\u00e9vrier (1).\u00a0<a href=\"https:\/\/ismfrance.org\/index.php\/2025\/02\/19\/temoignages-de-gazaouis-la-survie-qui-sorganise-au-jour-le-jour-dans-lenfer-de-gaza-partie-314-18-fevrier-une-tristesse-infinie\/\">Partie 314<\/a>\u00a0: 18 f\u00e9vrier.\u00a0<a href=\"https:\/\/ismfrance.org\/index.php\/2025\/02\/19\/temoignages-de-gazaouis-la-survie-qui-sorganise-au-jour-le-jour-dans-lenfer-de-gaza-partie-315-18-fevrier-1-colis-de-secours-pour-les-personnes-deplacees-da\/\">Partie 315<\/a>\u00a0: 18 f\u00e9vrier (1).\u00a0<a href=\"https:\/\/ismfrance.org\/index.php\/2025\/02\/20\/temoignages-de-gazaouis-la-survie-qui-sorganise-au-jour-le-jour-dans-lenfer-de-gaza-partie-316-18-fevrier-2-des-nouvelles-de-madleen-femme-pecheur-a-g\/\">Partie 316<\/a>\u00a0: 18 f\u00e9vrier (2).\u00a0<a href=\"https:\/\/ismfrance.org\/index.php\/2025\/02\/20\/temoignages-de-gazaouis-la-survie-qui-sorganise-au-jour-le-jour-dans-lenfer-de-gaza-partie-317-19-fevrier-le-secteur-agricole-entre-destruction-et-fami\/\">Partie 317<\/a>\u00a0: 19 f\u00e9vrier.\u00a0<a href=\"https:\/\/ismfrance.org\/index.php\/2025\/02\/21\/temoignages-de-gazaouis-la-survie-qui-sorganise-au-jour-le-jour-dans-lenfer-de-gaza-partie-318-20-fevrier-quen-est-il-de-la-deuxieme-phase-de-l\/\">Partie 318<\/a>\u00a0: 20 f\u00e9vrier.\u00a0<a href=\"https:\/\/ismfrance.org\/index.php\/2025\/02\/22\/temoignages-de-gazaouis-la-survie-qui-sorganise-au-jour-le-jour-dans-lenfer-de-gaza-partie-319-21-fevrier-la-destruction-des-secteurs-productifs\/\">Partie 319<\/a>\u00a0: 21 f\u00e9vrier.\u00a0<a href=\"https:\/\/ismfrance.org\/index.php\/2025\/02\/24\/temoignages-de-gazaouis-la-survie-qui-sorganise-au-jour-le-jour-dans-lenfer-de-gaza-partie-320-22-fevrier-gaza-compte-rendu-hebdomadaire-des-activ\/\">Partie 320<\/a>\u00a0: 22 f\u00e9vrier.\u00a0<a href=\"https:\/\/ismfrance.org\/index.php\/2025\/02\/25\/temoignages-de-gazaouis-la-survie-qui-sorganise-au-jour-le-jour-dans-lenfer-de-gaza-partie-321-23-fevrier-une-tentative-de-regarder-en-face-la-situation\/\">Partie 321<\/a>\u00a0: 23 f\u00e9vrier.\u00a0<a href=\"https:\/\/ismfrance.org\/index.php\/2025\/02\/25\/temoignages-de-gazaouis-la-survie-qui-sorganise-au-jour-le-jour-dans-lenfer-de-gaza-partie-322-24-fevrier-le-recit-dune-femme-dans-le-ven\/\">Partie 322<\/a>\u00a0: 24 f\u00e9vrier.\u00a0<a href=\"https:\/\/ismfrance.org\/index.php\/2025\/02\/26\/temoignages-de-gazaouis-la-survie-qui-sorganise-au-jour-le-jour-dans-lenfer-de-gaza-partie-323-25-fevrier-gaza-sous-lemprise-du-froid-et-dun\/\">Partie 323<\/a>\u00a0: 25 f\u00e9vrier.\u00a0<a href=\"https:\/\/ismfrance.org\/index.php\/2025\/02\/28\/temoignages-de-gazaouis-la-survie-qui-sorganise-au-jour-le-jour-dans-lenfer-de-gaza-partie-324-27-fevrier-aggravation-de-la-crise-economique-pour-les-familles\/\">Partie 324<\/a>\u00a0: 27 f\u00e9vrier.\u00a0<a href=\"https:\/\/ismfrance.org\/index.php\/2025\/03\/01\/temoignages-de-gazaouis-la-survie-qui-sorganise-au-jour-le-jour-dans-lenfer-de-gaza-partie-325-28-fevrier-encore-une-semaine-pleine-dactivites-d\/\">Partie 325<\/a>\u00a0: 28 f\u00e9vrier.\u00a0<a href=\"ttps:\/\/ismfrance.org\/index.php\/2025\/03\/02\/temoignages-de-gazaouis-la-survie-qui-sorganise-au-jour-le-jour-dans-lenfer-de-gaza-partie-326-1er-mars-dans-lhumiliation-de-lattente\/\">Partie 326<\/a>\u00a0: 1er mars.\u00a0<a href=\"https:\/\/ismfrance.org\/index.php\/2025\/03\/06\/temoignages-de-gazaouis-la-survie-qui-sorganise-au-jour-le-jour-dans-lenfer-de-gaza-partie-327-5-mars-violations-et-escalades-des-sanctions-commises-par-israe\/\">Partie 327<\/a>\u00a0: 5 mars.\u00a0<a href=\"https:\/\/ismfrance.org\/index.php\/2025\/03\/07\/temoignages-de-gazaouis-la-survie-qui-sorganise-au-jour-le-jour-dans-lenfer-de-gaza-partie-328-6-mars-sous-blocus-et-fermeture-des-passages-la-crise-hum\/\">Partie 328<\/a>\u00a0: 6 mars.\u00a0<a href=\"https:\/\/ismfrance.org\/index.php\/2025\/03\/10\/temoignages-de-gazaouis-la-survie-qui-sorganise-au-jour-le-jour-dans-lenfer-de-gaza-partie-329-9-mars-scenarios-pour-gaza-entre-prolongation-de-la-treve-et-reprise\/\">Partie 329<\/a>\u00a0: 9 mars.\u00a0<a href=\"https:\/\/ismfrance.org\/index.php\/2025\/03\/11\/temoignages-de-gazaouis-la-survie-qui-sorganise-au-jour-le-jour-dans-lenfer-de-gaza-partie-330-10-mars-a-gaza-aussi-les-femmes-sont-la-moitie-du-ciel\/\">Partie 330<\/a>\u00a0: 10 mars.\u00a0<a href=\"https:\/\/ismfrance.org\/index.php\/2025\/03\/12\/temoignages-de-gazaouis-la-survie-qui-sorganise-au-jour-le-jour-dans-lenfer-de-gaza-partie-331-11-mars-une-realite-accablante-le-secteur-agricole-est-l\/\">Partie 331<\/a>\u00a0: 11 mars.\u00a0<a href=\"https:\/\/ismfrance.org\/index.php\/2025\/03\/13\/temoignages-de-gazaouis-la-survie-qui-sorganise-au-jour-le-jour-dans-lenfer-de-gaza-partie-332-12-mars-fermeture-des-points-de-passage-menace-de-famine\/\">Partie 332<\/a>\u00a0: 12 mars.\u00a0<a href=\"https:\/\/ismfrance.org\/index.php\/2025\/03\/14\/temoignages-de-gazaouis-la-survie-qui-sorganise-au-jour-le-jour-dans-lenfer-de-gaza-partie-333-13-mars-la-guerre-vole-la-joie-du-ramadan\/\">Partie 333<\/a>\u00a0: 13 mars.\u00a0<a href=\"https:\/\/ismfrance.org\/index.php\/2025\/03\/15\/temoignages-de-gazaouis-la-survie-qui-sorganise-au-jour-le-jour-dans-lenfer-de-gaza-partie-334-14-mars-menaces-graves-sur-la-vie-quotidienne-des-gazaoui-e-s\/\">Partie 334<\/a>\u00a0: 14 mars.\u00a0<a href=\"https:\/\/ismfrance.org\/index.php\/2025\/03\/17\/temoignages-de-gazaouis-la-survie-qui-sorganise-au-jour-le-jour-dans-lenfer-de-gaza-partie-335-15-mars-aucun-peuple-ne-peut-se-relever-dun-confl\/\">Partie 335<\/a>\u00a0: 15 mars.<a href=\"https:\/\/ismfrance.org\/index.php\/2025\/03\/17\/temoignages-de-gazaouis-la-survie-qui-sorganise-au-jour-le-jour-dans-lenfer-de-gaza-partie-336-16-mars-distribution-de-colis-alimentaires-pour-les-pecheu\/\">\u00a0Partie 336<\/a>\u00a0: 16 mars.\u00a0<a href=\"https:\/\/ismfrance.org\/index.php\/2025\/03\/18\/temoignages-de-gazaouis-la-survie-qui-sorganise-au-jour-le-jour-dans-lenfer-de-gaza-partie-337-16-mars-1-le-ramadan-un-mois-de-jeune-a-lombre\/\">Partie 337<\/a>\u00a0: 16 mars (1).\u00a0<a href=\"https:\/\/ismfrance.org\/index.php\/2025\/03\/18\/temoignages-de-gazaouis-la-survie-qui-sorganise-au-jour-le-jour-dans-lenfer-de-gaza-partie-338-18-mars-alerte-les-massacres-de-larmee-israelienne-r\/\">Partie 338<\/a>\u00a0: 18 mars.\u00a0<a href=\"https:\/\/ismfrance.org\/index.php\/2025\/03\/19\/temoignages-de-gazaouis-la-survie-qui-sorganise-au-jour-le-jour-dans-lenfer-de-gaza-partie-339-18-mars-1-les-raids-continuent\/\">Partie 339<\/a>\u00a0: 18 mars (1).\u00a0<a href=\"https:\/\/ismfrance.org\/index.php\/2025\/03\/20\/temoignages-de-gazaouis-la-survie-qui-sorganise-au-jour-le-jour-dans-lenfer-de-gaza-partie-340-19-mars-menaces-dune-operation-terrestre-israelie\/\">Partie 340<\/a>\u00a0: 19 mars.\u00a0<a href=\"https:\/\/ismfrance.org\/index.php\/2025\/03\/20\/temoignages-de-gazaouis-la-survie-qui-sorganise-au-jour-le-jour-dans-lenfer-de-gaza-partie-341-20-mars-expansion-des-operations-militaires-et-aggravation\/\">Partie 341<\/a>\u00a0: 20 mars.\u00a0<a href=\"https:\/\/ismfrance.org\/index.php\/2025\/03\/22\/temoignages-de-gazaouis-la-survie-qui-sorganise-au-jour-le-jour-dans-lenfer-de-gaza-partie-342-21-mars-persister-dans-les-actions-de-soutien-vital-pour-l\/\">Partie 342<\/a>\u00a0: 21 mars.\u00a0<a href=\"https:\/\/ismfrance.org\/index.php\/2025\/03\/23\/temoignages-de-gazaouis-la-survie-qui-sorganise-au-jour-le-jour-dans-lenfer-de-gaza-partie-343-22-mars-rien-a-gaza-aujourdhui-ne-ressemble-a-la-vie\/\">Partie 343<\/a>\u00a0: 22 mars.\u00a0<a href=\"https:\/\/ismfrance.org\/index.php\/2025\/03\/24\/temoignages-de-gazaouis-la-survie-qui-sorganise-au-jour-le-jour-dans-lenfer-de-gaza-partie-344-23-mars-ecrivez-sur-nous-avant-que-nous-ne\/\">Partie 344<\/a>\u00a0: 23 mars.\u00a0<a href=\"https:\/\/ismfrance.org\/index.php\/2025\/03\/26\/temoignages-de-gazaouis-la-survie-qui-sorganise-au-jour-le-jour-dans-lenfer-de-gaza-partie-345-25-mars-malgre-la-guerre-je-suis-revenu-semer-la-vie\/\">Partie 345<\/a>\u00a0: 25 mars.<a href=\"https:\/\/ismfrance.org\/index.php\/2025\/03\/27\/temoignages-de-gazaouis-la-survie-qui-sorganise-au-jour-le-jour-dans-lenfer-de-gaza-partie-346-26-mars-impasse-des-efforts-de-treve-et-escalade-des-tensi\/\">\u00a0Partie 346<\/a>\u00a0: 26 mars.\u00a0<a href=\"https:\/\/ismfrance.org\/index.php\/2025\/03\/28\/temoignages-de-gazaouis-la-survie-qui-sorganise-au-jour-le-jour-dans-lenfer-de-gaza-partie-347-27-mars-redonner-vie-a-leau-a-la-terre-et-a-l\/\">Partie 347<\/a>\u00a0: 27 mars.\u00a0<a href=\"https:\/\/ismfrance.org\/index.php\/2025\/03\/29\/temoignages-de-gazaouis-la-survie-qui-sorganise-au-jour-le-jour-dans-lenfer-de-gaza-partie-348-28-mars-le-coeur-du-drame-gaza-sous-le-feu-entre-massac\/\">Partie 348<\/a>\u00a0: 28 mars.\u00a0<a href=\"https:\/\/ismfrance.org\/index.php\/2025\/03\/29\/temoignages-de-gazaouis-la-survie-qui-sorganise-au-jour-le-jour-dans-lenfer-de-gaza-partie-349-29-mars-comment-porter-nos-enfants-dans-la-tempete-sous\/\">Partie 349<\/a>\u00a0: 29 mars.\u00a0<a href=\"https:\/\/ismfrance.org\/index.php\/2025\/03\/31\/temoignages-de-gazaouis-la-survie-qui-sorganise-au-jour-le-jour-dans-lenfer-de-gaza-partie-350-30-mars-a-gaza-laid-une-fete-qui-nest-p\/\">Partie 350<\/a>\u00a0: 30 mars.\u00a0<a href=\"https:\/\/ismfrance.org\/index.php\/2025\/04\/01\/temoignages-de-gazaouis-la-survie-qui-sorganise-au-jour-le-jour-dans-lenfer-de-gaza-partie-351-31-mars-la-terre-contre-la-reddition-netanyahu-promoteur\/\">Partie 351<\/a>\u00a0: 31 mars.\u00a0<a href=\"https:\/\/ismfrance.org\/index.php\/2025\/04\/02\/temoignages-de-gazaouis-la-survie-qui-sorganise-au-jour-le-jour-dans-lenfer-de-gaza-partie-352-1er-avril-des-cris-sous-les-decombres\/\">Partie 352<\/a>\u00a0: 1er avril.<a href=\"https:\/\/ismfrance.org\/index.php\/2025\/04\/03\/temoignages-de-gazaouis-la-survie-qui-sorganise-au-jour-le-jour-dans-lenfer-de-gaza-partie-353-3-avril-gaza-saigne-et-le-monde-regarde\/\">\u00a0Partie 353<\/a>\u00a0 : 3 avril.\u00a0<a href=\"https:\/\/ismfrance.org\/index.php\/2025\/04\/04\/temoignages-de-gazaouis-la-survie-qui-sorganise-au-jour-le-jour-dans-lenfer-de-gaza-partie-354-3-avril-1-des-operations-militaires-pour-annexer-tout-le-terr\/\">Partie 354<\/a>\u00a0: 3 avril (1).\u00a0<a href=\"https:\/\/ismfrance.org\/index.php\/2025\/04\/05\/temoignages-de-gazaouis-la-survie-qui-sorganise-au-jour-le-jour-dans-lenfer-de-gaza-partie-355-4-avril-au-coeur-de-gaza-assiegee-quand-lespoir\/\">Partie 355<\/a>\u00a0: 4 avril.\u00a0<a href=\"https:\/\/ismfrance.org\/index.php\/2025\/04\/06\/temoignages-de-gazaouis-la-survie-qui-sorganise-au-jour-le-jour-dans-lenfer-de-gaza-partie-356-5-avril-gaza-sous-le-feu\/\">Partie 356<\/a>\u00a0: 5 avril.\u00a0<a href=\"https:\/\/ismfrance.org\/index.php\/2025\/04\/06\/temoignages-de-gazaouis-la-survie-qui-sorganise-au-jour-le-jour-dans-lenfer-de-gaza-partie-357-5-avril-1-a-gaza-il-y-a-encore-ceux-qui-travaillent-qu\/\">Partie 357<\/a>\u00a0: 5 avril (1).\u00a0<a href=\"https:\/\/ismfrance.org\/index.php\/2025\/04\/07\/temoignages-de-gazaouis-la-survie-qui-sorganise-au-jour-le-jour-dans-lenfer-de-gaza-partie-358-6-avril-les-equipes-de-lujfp-poursuivent-leur-tra\/\">Partie 358<\/a>\u00a0: 6 avril.<a href=\"https:\/\/ismfrance.org\/index.php\/2025\/04\/08\/temoignages-de-gazaouis-la-survie-qui-sorganise-au-jour-le-jour-dans-lenfer-de-gaza-partie-359-7-avril-lenfer-sur-terre-sous-les-yeux-du-monde\/\">\u00a0Partie 359<\/a>\u00a0: 7 avril.\u00a0<a href=\"https:\/\/ismfrance.org\/index.php\/2025\/04\/10\/temoignages-de-gazaouis-la-survie-qui-sorganise-au-jour-le-jour-dans-lenfer-de-gaza-partie-360-9-avril-comment-raconter-gaza\/\">Partie 360<\/a>\u00a0: 9 avril.\u00a0<a href=\"https:\/\/ismfrance.org\/index.php\/2025\/04\/11\/temoignages-de-gazaouis-la-survie-qui-sorganise-au-jour-le-jour-dans-lenfer-de-gaza-partie-361-10-avril-vivants-sous-les-decombres-morts-aux-yeux\/\">Partie 361<\/a>\u00a0: 10 avril.\u00a0<a href=\"https:\/\/ismfrance.org\/index.php\/2025\/04\/12\/temoignages-de-gazaouis-la-survie-qui-sorganise-au-jour-le-jour-dans-lenfer-de-gaza-partie-362-11-avril-espoirs-et-ambitions-des-femmes-de-gaza-pendant-l\/\">Partie 362<\/a>\u00a0: 11 avril.\u00a0<a href=\"https:\/\/ismfrance.org\/index.php\/2025\/04\/13\/temoignages-de-gazaouis-la-survie-qui-sorganise-au-jour-le-jour-dans-lenfer-de-gaza-partie-363-12-avril-gaza-sous-le-feu-bombardements-incessants-et-f\/\">Partie 363<\/a>\u00a0: 12 avril.\u00a0<a href=\"https:\/\/ismfrance.org\/index.php\/2025\/04\/16\/temoignages-de-gazaouis-la-survie-qui-sorganise-au-jour-le-jour-dans-lenfer-de-gaza-partie-365-15-avril-gaza-dans-le-miroir-du-silence-international\/\">Partie 364<\/a>\u00a0: 15 avril.\u00a0<a href=\"https:\/\/ismfrance.org\/index.php\/2025\/04\/17\/temoignages-de-gazaouis-la-survie-qui-sorganise-au-jour-le-jour-dans-lenfer-de-gaza-partie-366-16-avril-a-gaza-la-faim-est-devenue-lultime-arme-de-m\/\">Partie 365<\/a>\u00a0: 16 avril.\u00a0<a href=\"https:\/\/ismfrance.org\/index.php\/2025\/04\/18\/temoignages-de-gazaouis-la-survie-qui-sorganise-au-jour-le-jour-dans-lenfer-de-gaza-partie-367-17-avril-comment-israel-planifie-t-il-de-vider-gaza\/\">Partie 366<\/a>\u00a0: 17 avril.\u00a0<a href=\"https:\/\/ismfrance.org\/index.php\/2025\/04\/19\/temoignages-de-gazaouis-la-survie-qui-sorganise-au-jour-le-jour-dans-lenfer-de-gaza-partie-368-18-avril-gaza-a-la-merci-des-negociations\/\">Partie 367<\/a>\u00a0: 18 avril.\u00a0<a href=\"https:\/\/ismfrance.org\/index.php\/2025\/04\/20\/temoignages-de-gazaouis-la-survie-qui-sorganise-au-jour-le-jour-dans-lenfer-de-gaza-partie-369-18-avril-1-histoire-dune-generation-educative-p\/\">Partie 368<\/a>\u00a0: 18 avril (1).\u00a0<a href=\"https:\/\/ismfrance.org\/index.php\/2025\/04\/20\/temoignages-de-gazaouis-la-survie-qui-sorganise-au-jour-le-jour-dans-lenfer-de-gaza-partie-369-18-avril-1-histoire-dune-generation-educative-p\/\">Partie 369<\/a>\u00a0: 18 avril (1).\u00a0<a href=\"https:\/\/ismfrance.org\/index.php\/2025\/04\/20\/temoignages-de-gazaouis-la-survie-qui-sorganise-au-jour-le-jour-dans-lenfer-de-gaza-partie-370-19-avril-crise-alimentaire-du-ble-a-la-famine\/\">Partie 370<\/a>\u00a0: 19 avril.\u00a0<a href=\"https:\/\/ismfrance.org\/index.php\/2025\/04\/21\/temoignages-de-gazaouis-la-survie-qui-sorganise-au-jour-le-jour-dans-lenfer-de-gaza-partie-371-21-avril-poursuite-du-soutien-psychologique-pour-les-femme\/\">Partie 371<\/a>\u00a0: 21 avril.\u00a0<a href=\"https:\/\/ismfrance.org\/index.php\/2025\/04\/23\/temoignages-de-gazaouis-la-survie-qui-sorganise-au-jour-le-jour-dans-lenfer-de-gaza-partie-372-23-avril-le-desir-des-gazaoui-e-s-vivre-sans-tutelle-ni\/\">Partie 372<\/a>\u00a0: 23 avril.\u00a0<a href=\"https:\/\/ismfrance.org\/index.php\/2025\/04\/24\/temoignages-de-gazaouis-la-survie-qui-sorganise-au-jour-le-jour-dans-lenfer-de-gaza-partie-373-24-avril-la-femme-palestinienne-une-combattante-dans-la-g\/\">Partie 373<\/a> : 24 avril. <a href=\"https:\/\/ismfrance.org\/index.php\/2025\/04\/25\/temoignages-de-gazaouis-la-survie-qui-sorganise-au-jour-le-jour-dans-lenfer-de-gaza-partie-374-25-avril-comment-trouver-le-calme-et-lintimite-sous-un\/\">Partie 374<\/a> : 25 avril.<\/p>\n<p><strong>Pour participer \u00e0 la collecte \u00ab Urgence Guerre \u00e0 Gaza \u00bb :\u00a0<a href=\"https:\/\/www.helloasso.com\/associations\/union-juive-francaise-pour-la-paix\/collectes\/urgence-guerre-a-gaza\">HelloAsso.com<\/a><\/strong><br \/>\n<strong>Les t\u00e9moignages sont \u00e9galement publi\u00e9s sur\u00a0<a href=\"https:\/\/ujfp.org\/\">UJFP<\/a>,\u00a0<a href=\"https:\/\/altermidi.org\/\">Altermidi<\/a>\u00a0et sur\u00a0<a href=\"https:\/\/lepoing.net\/\">Le Poing<\/a>.<\/strong><\/p>\n","protected":false},"excerpt":{"rendered":"<p>Brigitte Challande, 26 avril 2025. C\u2019\u00e9tait le th\u00e8me de l\u2019atelier de soutien psychologique \u00e0 Deir al- Balah dans le sud de la bande de Gaza, dont Abu Amir envoie le <a class=\"more-link\" href=\"https:\/\/ismfrance.org\/index.php\/2025\/04\/26\/temoignages-de-gazaouis-la-survie-qui-sorganise-au-jour-le-jour-dans-lenfer-de-gaza-partie-375-25-avril-1-partage-de-souvenirs-positifs-entre-femmes\/\">Lire la suite &rarr;<\/a><\/p>\n","protected":false},"author":3,"featured_media":19919,"comment_status":"closed","ping_status":"closed","sticky":false,"template":"","format":"standard","meta":{"footnotes":""},"categories":[2,13],"tags":[156,46],"class_list":["post-19917","post","type-post","status-publish","format-standard","has-post-thumbnail","hentry","category-articles","category-temoignages","tag-genocide","tag-solidarite"],"yoast_head":"<!-- This site is optimized with the Yoast SEO plugin v27.2 - https:\/\/yoast.com\/product\/yoast-seo-wordpress\/ -->\n<title>T\u00e9moignages de Gazaouis : La survie qui s\u2019organise au jour le jour dans l\u2019enfer de Gaza \u2013 partie 375 \/ 25 avril (1) \u2013\u00a0Partage de souvenirs positifs entre femmes - International Solidarity Movement - ISM-France<\/title>\n<meta name=\"robots\" content=\"index, follow, max-snippet:-1, max-image-preview:large, max-video-preview:-1\" \/>\n<link rel=\"canonical\" href=\"https:\/\/ismfrance.org\/index.php\/2025\/04\/26\/temoignages-de-gazaouis-la-survie-qui-sorganise-au-jour-le-jour-dans-lenfer-de-gaza-partie-375-25-avril-1-partage-de-souvenirs-positifs-entre-femmes\/\" \/>\n<meta property=\"og:locale\" content=\"fr_FR\" \/>\n<meta property=\"og:type\" content=\"article\" \/>\n<meta property=\"og:title\" content=\"T\u00e9moignages de Gazaouis : La survie qui s\u2019organise au jour le jour dans l\u2019enfer de Gaza \u2013 partie 375 \/ 25 avril (1) \u2013\u00a0Partage de souvenirs positifs entre femmes - International Solidarity Movement - ISM-France\" \/>\n<meta property=\"og:description\" content=\"Brigitte Challande, 26 avril 2025. C\u2019\u00e9tait le th\u00e8me de l\u2019atelier de soutien psychologique \u00e0 Deir al- Balah dans le sud de la bande de Gaza, dont Abu Amir envoie le Lire la suite &rarr;\" \/>\n<meta property=\"og:url\" content=\"https:\/\/ismfrance.org\/index.php\/2025\/04\/26\/temoignages-de-gazaouis-la-survie-qui-sorganise-au-jour-le-jour-dans-lenfer-de-gaza-partie-375-25-avril-1-partage-de-souvenirs-positifs-entre-femmes\/\" \/>\n<meta property=\"og:site_name\" content=\"International Solidarity Movement - ISM-France\" \/>\n<meta property=\"article:published_time\" content=\"2025-04-26T10:01:30+00:00\" \/>\n<meta property=\"og:image\" content=\"https:\/\/ismfrance.org\/wp-content\/uploads\/2025\/04\/IMG_0416.jpg\" \/>\n\t<meta property=\"og:image:width\" content=\"1290\" \/>\n\t<meta property=\"og:image:height\" content=\"726\" \/>\n\t<meta property=\"og:image:type\" content=\"image\/jpeg\" \/>\n<meta name=\"author\" content=\"mru_01\" \/>\n<meta name=\"twitter:card\" content=\"summary_large_image\" \/>\n<meta name=\"twitter:creator\" content=\"@ISMFRANCE\" \/>\n<meta name=\"twitter:site\" content=\"@ISMFRANCE\" \/>\n<meta name=\"twitter:label1\" content=\"\u00c9crit par\" \/>\n\t<meta name=\"twitter:data1\" content=\"mru_01\" \/>\n\t<meta name=\"twitter:label2\" content=\"Dur\u00e9e de lecture estim\u00e9e\" \/>\n\t<meta name=\"twitter:data2\" content=\"9 minutes\" \/>\n<script type=\"application\/ld+json\" class=\"yoast-schema-graph\">{\"@context\":\"https:\/\/schema.org\",\"@graph\":[{\"@type\":\"Article\",\"@id\":\"https:\/\/ismfrance.org\/index.php\/2025\/04\/26\/temoignages-de-gazaouis-la-survie-qui-sorganise-au-jour-le-jour-dans-lenfer-de-gaza-partie-375-25-avril-1-partage-de-souvenirs-positifs-entre-femmes\/#article\",\"isPartOf\":{\"@id\":\"https:\/\/ismfrance.org\/index.php\/2025\/04\/26\/temoignages-de-gazaouis-la-survie-qui-sorganise-au-jour-le-jour-dans-lenfer-de-gaza-partie-375-25-avril-1-partage-de-souvenirs-positifs-entre-femmes\/\"},\"author\":{\"name\":\"mru_01\",\"@id\":\"https:\/\/ismfrance.org\/#\/schema\/person\/3c411eb72adfaae19c0dca1f41fae01d\"},\"headline\":\"T\u00e9moignages de Gazaouis : La survie qui s\u2019organise au jour le jour dans l\u2019enfer de Gaza \u2013 partie 375 \/ 25 avril (1) \u2013\u00a0Partage de souvenirs positifs entre femmes\",\"datePublished\":\"2025-04-26T10:01:30+00:00\",\"mainEntityOfPage\":{\"@id\":\"https:\/\/ismfrance.org\/index.php\/2025\/04\/26\/temoignages-de-gazaouis-la-survie-qui-sorganise-au-jour-le-jour-dans-lenfer-de-gaza-partie-375-25-avril-1-partage-de-souvenirs-positifs-entre-femmes\/\"},\"wordCount\":1379,\"publisher\":{\"@id\":\"https:\/\/ismfrance.org\/#organization\"},\"image\":{\"@id\":\"https:\/\/ismfrance.org\/index.php\/2025\/04\/26\/temoignages-de-gazaouis-la-survie-qui-sorganise-au-jour-le-jour-dans-lenfer-de-gaza-partie-375-25-avril-1-partage-de-souvenirs-positifs-entre-femmes\/#primaryimage\"},\"thumbnailUrl\":\"https:\/\/ismfrance.org\/wp-content\/uploads\/2025\/04\/IMG_0416.jpg\",\"keywords\":[\"G\u00e9nocide\",\"solidarit\u00e9\"],\"articleSection\":[\"Articles\",\"T\u00e9moignages\"],\"inLanguage\":\"fr-FR\"},{\"@type\":\"WebPage\",\"@id\":\"https:\/\/ismfrance.org\/index.php\/2025\/04\/26\/temoignages-de-gazaouis-la-survie-qui-sorganise-au-jour-le-jour-dans-lenfer-de-gaza-partie-375-25-avril-1-partage-de-souvenirs-positifs-entre-femmes\/\",\"url\":\"https:\/\/ismfrance.org\/index.php\/2025\/04\/26\/temoignages-de-gazaouis-la-survie-qui-sorganise-au-jour-le-jour-dans-lenfer-de-gaza-partie-375-25-avril-1-partage-de-souvenirs-positifs-entre-femmes\/\",\"name\":\"T\u00e9moignages de Gazaouis : La survie qui s\u2019organise au jour le jour dans l\u2019enfer de Gaza \u2013 partie 375 \/ 25 avril (1) \u2013\u00a0Partage de souvenirs positifs entre femmes - International Solidarity Movement - ISM-France\",\"isPartOf\":{\"@id\":\"https:\/\/ismfrance.org\/#website\"},\"primaryImageOfPage\":{\"@id\":\"https:\/\/ismfrance.org\/index.php\/2025\/04\/26\/temoignages-de-gazaouis-la-survie-qui-sorganise-au-jour-le-jour-dans-lenfer-de-gaza-partie-375-25-avril-1-partage-de-souvenirs-positifs-entre-femmes\/#primaryimage\"},\"image\":{\"@id\":\"https:\/\/ismfrance.org\/index.php\/2025\/04\/26\/temoignages-de-gazaouis-la-survie-qui-sorganise-au-jour-le-jour-dans-lenfer-de-gaza-partie-375-25-avril-1-partage-de-souvenirs-positifs-entre-femmes\/#primaryimage\"},\"thumbnailUrl\":\"https:\/\/ismfrance.org\/wp-content\/uploads\/2025\/04\/IMG_0416.jpg\",\"datePublished\":\"2025-04-26T10:01:30+00:00\",\"breadcrumb\":{\"@id\":\"https:\/\/ismfrance.org\/index.php\/2025\/04\/26\/temoignages-de-gazaouis-la-survie-qui-sorganise-au-jour-le-jour-dans-lenfer-de-gaza-partie-375-25-avril-1-partage-de-souvenirs-positifs-entre-femmes\/#breadcrumb\"},\"inLanguage\":\"fr-FR\",\"potentialAction\":[{\"@type\":\"ReadAction\",\"target\":[\"https:\/\/ismfrance.org\/index.php\/2025\/04\/26\/temoignages-de-gazaouis-la-survie-qui-sorganise-au-jour-le-jour-dans-lenfer-de-gaza-partie-375-25-avril-1-partage-de-souvenirs-positifs-entre-femmes\/\"]}]},{\"@type\":\"ImageObject\",\"inLanguage\":\"fr-FR\",\"@id\":\"https:\/\/ismfrance.org\/index.php\/2025\/04\/26\/temoignages-de-gazaouis-la-survie-qui-sorganise-au-jour-le-jour-dans-lenfer-de-gaza-partie-375-25-avril-1-partage-de-souvenirs-positifs-entre-femmes\/#primaryimage\",\"url\":\"https:\/\/ismfrance.org\/wp-content\/uploads\/2025\/04\/IMG_0416.jpg\",\"contentUrl\":\"https:\/\/ismfrance.org\/wp-content\/uploads\/2025\/04\/IMG_0416.jpg\",\"width\":1290,\"height\":726},{\"@type\":\"BreadcrumbList\",\"@id\":\"https:\/\/ismfrance.org\/index.php\/2025\/04\/26\/temoignages-de-gazaouis-la-survie-qui-sorganise-au-jour-le-jour-dans-lenfer-de-gaza-partie-375-25-avril-1-partage-de-souvenirs-positifs-entre-femmes\/#breadcrumb\",\"itemListElement\":[{\"@type\":\"ListItem\",\"position\":1,\"name\":\"Accueil\",\"item\":\"https:\/\/ismfrance.org\/\"},{\"@type\":\"ListItem\",\"position\":2,\"name\":\"T\u00e9moignages de Gazaouis : La survie qui s\u2019organise au jour le jour dans l\u2019enfer de Gaza \u2013 partie 375 \/ 25 avril (1) \u2013\u00a0Partage de souvenirs positifs entre femmes\"}]},{\"@type\":\"WebSite\",\"@id\":\"https:\/\/ismfrance.org\/#website\",\"url\":\"https:\/\/ismfrance.org\/\",\"name\":\"ISM Palestine France\",\"description\":\"Soutien aux luttes de lib\u00e9ration du peuple palestinien\",\"publisher\":{\"@id\":\"https:\/\/ismfrance.org\/#organization\"},\"potentialAction\":[{\"@type\":\"SearchAction\",\"target\":{\"@type\":\"EntryPoint\",\"urlTemplate\":\"https:\/\/ismfrance.org\/?s={search_term_string}\"},\"query-input\":{\"@type\":\"PropertyValueSpecification\",\"valueRequired\":true,\"valueName\":\"search_term_string\"}}],\"inLanguage\":\"fr-FR\"},{\"@type\":\"Organization\",\"@id\":\"https:\/\/ismfrance.org\/#organization\",\"name\":\"International Solidarity Movement\",\"url\":\"https:\/\/ismfrance.org\/\",\"logo\":{\"@type\":\"ImageObject\",\"inLanguage\":\"fr-FR\",\"@id\":\"https:\/\/ismfrance.org\/#\/schema\/logo\/image\/\",\"url\":\"https:\/\/ismfrance.org\/wp-content\/uploads\/2020\/12\/00.png\",\"contentUrl\":\"https:\/\/ismfrance.org\/wp-content\/uploads\/2020\/12\/00.png\",\"width\":400,\"height\":400,\"caption\":\"International Solidarity Movement\"},\"image\":{\"@id\":\"https:\/\/ismfrance.org\/#\/schema\/logo\/image\/\"},\"sameAs\":[\"https:\/\/x.com\/ISMFRANCE\"]},{\"@type\":\"Person\",\"@id\":\"https:\/\/ismfrance.org\/#\/schema\/person\/3c411eb72adfaae19c0dca1f41fae01d\",\"name\":\"mru_01\",\"image\":{\"@type\":\"ImageObject\",\"inLanguage\":\"fr-FR\",\"@id\":\"https:\/\/secure.gravatar.com\/avatar\/3a0be343b445d2ccc79e87444a294fad2b232e90d2051d0e3cc219e1ecd6a330?s=96&d=mm&r=g\",\"url\":\"https:\/\/secure.gravatar.com\/avatar\/3a0be343b445d2ccc79e87444a294fad2b232e90d2051d0e3cc219e1ecd6a330?s=96&d=mm&r=g\",\"contentUrl\":\"https:\/\/secure.gravatar.com\/avatar\/3a0be343b445d2ccc79e87444a294fad2b232e90d2051d0e3cc219e1ecd6a330?s=96&d=mm&r=g\",\"caption\":\"mru_01\"},\"url\":\"https:\/\/ismfrance.org\/index.php\/author\/admin02\/\"}]}<\/script>\n<!-- \/ Yoast SEO plugin. -->","yoast_head_json":{"title":"T\u00e9moignages de Gazaouis : La survie qui s\u2019organise au jour le jour dans l\u2019enfer de Gaza \u2013 partie 375 \/ 25 avril (1) \u2013\u00a0Partage de souvenirs positifs entre femmes - International Solidarity Movement - ISM-France","robots":{"index":"index","follow":"follow","max-snippet":"max-snippet:-1","max-image-preview":"max-image-preview:large","max-video-preview":"max-video-preview:-1"},"canonical":"https:\/\/ismfrance.org\/index.php\/2025\/04\/26\/temoignages-de-gazaouis-la-survie-qui-sorganise-au-jour-le-jour-dans-lenfer-de-gaza-partie-375-25-avril-1-partage-de-souvenirs-positifs-entre-femmes\/","og_locale":"fr_FR","og_type":"article","og_title":"T\u00e9moignages de Gazaouis : La survie qui s\u2019organise au jour le jour dans l\u2019enfer de Gaza \u2013 partie 375 \/ 25 avril (1) \u2013\u00a0Partage de souvenirs positifs entre femmes - International Solidarity Movement - ISM-France","og_description":"Brigitte Challande, 26 avril 2025. C\u2019\u00e9tait le th\u00e8me de l\u2019atelier de soutien psychologique \u00e0 Deir al- Balah dans le sud de la bande de Gaza, dont Abu Amir envoie le Lire la suite &rarr;","og_url":"https:\/\/ismfrance.org\/index.php\/2025\/04\/26\/temoignages-de-gazaouis-la-survie-qui-sorganise-au-jour-le-jour-dans-lenfer-de-gaza-partie-375-25-avril-1-partage-de-souvenirs-positifs-entre-femmes\/","og_site_name":"International Solidarity Movement - ISM-France","article_published_time":"2025-04-26T10:01:30+00:00","og_image":[{"width":1290,"height":726,"url":"https:\/\/ismfrance.org\/wp-content\/uploads\/2025\/04\/IMG_0416.jpg","type":"image\/jpeg"}],"author":"mru_01","twitter_card":"summary_large_image","twitter_creator":"@ISMFRANCE","twitter_site":"@ISMFRANCE","twitter_misc":{"\u00c9crit par":"mru_01","Dur\u00e9e de lecture estim\u00e9e":"9 minutes"},"schema":{"@context":"https:\/\/schema.org","@graph":[{"@type":"Article","@id":"https:\/\/ismfrance.org\/index.php\/2025\/04\/26\/temoignages-de-gazaouis-la-survie-qui-sorganise-au-jour-le-jour-dans-lenfer-de-gaza-partie-375-25-avril-1-partage-de-souvenirs-positifs-entre-femmes\/#article","isPartOf":{"@id":"https:\/\/ismfrance.org\/index.php\/2025\/04\/26\/temoignages-de-gazaouis-la-survie-qui-sorganise-au-jour-le-jour-dans-lenfer-de-gaza-partie-375-25-avril-1-partage-de-souvenirs-positifs-entre-femmes\/"},"author":{"name":"mru_01","@id":"https:\/\/ismfrance.org\/#\/schema\/person\/3c411eb72adfaae19c0dca1f41fae01d"},"headline":"T\u00e9moignages de Gazaouis : La survie qui s\u2019organise au jour le jour dans l\u2019enfer de Gaza \u2013 partie 375 \/ 25 avril (1) \u2013\u00a0Partage de souvenirs positifs entre femmes","datePublished":"2025-04-26T10:01:30+00:00","mainEntityOfPage":{"@id":"https:\/\/ismfrance.org\/index.php\/2025\/04\/26\/temoignages-de-gazaouis-la-survie-qui-sorganise-au-jour-le-jour-dans-lenfer-de-gaza-partie-375-25-avril-1-partage-de-souvenirs-positifs-entre-femmes\/"},"wordCount":1379,"publisher":{"@id":"https:\/\/ismfrance.org\/#organization"},"image":{"@id":"https:\/\/ismfrance.org\/index.php\/2025\/04\/26\/temoignages-de-gazaouis-la-survie-qui-sorganise-au-jour-le-jour-dans-lenfer-de-gaza-partie-375-25-avril-1-partage-de-souvenirs-positifs-entre-femmes\/#primaryimage"},"thumbnailUrl":"https:\/\/ismfrance.org\/wp-content\/uploads\/2025\/04\/IMG_0416.jpg","keywords":["G\u00e9nocide","solidarit\u00e9"],"articleSection":["Articles","T\u00e9moignages"],"inLanguage":"fr-FR"},{"@type":"WebPage","@id":"https:\/\/ismfrance.org\/index.php\/2025\/04\/26\/temoignages-de-gazaouis-la-survie-qui-sorganise-au-jour-le-jour-dans-lenfer-de-gaza-partie-375-25-avril-1-partage-de-souvenirs-positifs-entre-femmes\/","url":"https:\/\/ismfrance.org\/index.php\/2025\/04\/26\/temoignages-de-gazaouis-la-survie-qui-sorganise-au-jour-le-jour-dans-lenfer-de-gaza-partie-375-25-avril-1-partage-de-souvenirs-positifs-entre-femmes\/","name":"T\u00e9moignages de Gazaouis : La survie qui s\u2019organise au jour le jour dans l\u2019enfer de Gaza \u2013 partie 375 \/ 25 avril (1) \u2013\u00a0Partage de souvenirs positifs entre femmes - International Solidarity Movement - ISM-France","isPartOf":{"@id":"https:\/\/ismfrance.org\/#website"},"primaryImageOfPage":{"@id":"https:\/\/ismfrance.org\/index.php\/2025\/04\/26\/temoignages-de-gazaouis-la-survie-qui-sorganise-au-jour-le-jour-dans-lenfer-de-gaza-partie-375-25-avril-1-partage-de-souvenirs-positifs-entre-femmes\/#primaryimage"},"image":{"@id":"https:\/\/ismfrance.org\/index.php\/2025\/04\/26\/temoignages-de-gazaouis-la-survie-qui-sorganise-au-jour-le-jour-dans-lenfer-de-gaza-partie-375-25-avril-1-partage-de-souvenirs-positifs-entre-femmes\/#primaryimage"},"thumbnailUrl":"https:\/\/ismfrance.org\/wp-content\/uploads\/2025\/04\/IMG_0416.jpg","datePublished":"2025-04-26T10:01:30+00:00","breadcrumb":{"@id":"https:\/\/ismfrance.org\/index.php\/2025\/04\/26\/temoignages-de-gazaouis-la-survie-qui-sorganise-au-jour-le-jour-dans-lenfer-de-gaza-partie-375-25-avril-1-partage-de-souvenirs-positifs-entre-femmes\/#breadcrumb"},"inLanguage":"fr-FR","potentialAction":[{"@type":"ReadAction","target":["https:\/\/ismfrance.org\/index.php\/2025\/04\/26\/temoignages-de-gazaouis-la-survie-qui-sorganise-au-jour-le-jour-dans-lenfer-de-gaza-partie-375-25-avril-1-partage-de-souvenirs-positifs-entre-femmes\/"]}]},{"@type":"ImageObject","inLanguage":"fr-FR","@id":"https:\/\/ismfrance.org\/index.php\/2025\/04\/26\/temoignages-de-gazaouis-la-survie-qui-sorganise-au-jour-le-jour-dans-lenfer-de-gaza-partie-375-25-avril-1-partage-de-souvenirs-positifs-entre-femmes\/#primaryimage","url":"https:\/\/ismfrance.org\/wp-content\/uploads\/2025\/04\/IMG_0416.jpg","contentUrl":"https:\/\/ismfrance.org\/wp-content\/uploads\/2025\/04\/IMG_0416.jpg","width":1290,"height":726},{"@type":"BreadcrumbList","@id":"https:\/\/ismfrance.org\/index.php\/2025\/04\/26\/temoignages-de-gazaouis-la-survie-qui-sorganise-au-jour-le-jour-dans-lenfer-de-gaza-partie-375-25-avril-1-partage-de-souvenirs-positifs-entre-femmes\/#breadcrumb","itemListElement":[{"@type":"ListItem","position":1,"name":"Accueil","item":"https:\/\/ismfrance.org\/"},{"@type":"ListItem","position":2,"name":"T\u00e9moignages de Gazaouis : La survie qui s\u2019organise au jour le jour dans l\u2019enfer de Gaza \u2013 partie 375 \/ 25 avril (1) \u2013\u00a0Partage de souvenirs positifs entre femmes"}]},{"@type":"WebSite","@id":"https:\/\/ismfrance.org\/#website","url":"https:\/\/ismfrance.org\/","name":"ISM Palestine France","description":"Soutien aux luttes de lib\u00e9ration du peuple palestinien","publisher":{"@id":"https:\/\/ismfrance.org\/#organization"},"potentialAction":[{"@type":"SearchAction","target":{"@type":"EntryPoint","urlTemplate":"https:\/\/ismfrance.org\/?s={search_term_string}"},"query-input":{"@type":"PropertyValueSpecification","valueRequired":true,"valueName":"search_term_string"}}],"inLanguage":"fr-FR"},{"@type":"Organization","@id":"https:\/\/ismfrance.org\/#organization","name":"International Solidarity Movement","url":"https:\/\/ismfrance.org\/","logo":{"@type":"ImageObject","inLanguage":"fr-FR","@id":"https:\/\/ismfrance.org\/#\/schema\/logo\/image\/","url":"https:\/\/ismfrance.org\/wp-content\/uploads\/2020\/12\/00.png","contentUrl":"https:\/\/ismfrance.org\/wp-content\/uploads\/2020\/12\/00.png","width":400,"height":400,"caption":"International Solidarity Movement"},"image":{"@id":"https:\/\/ismfrance.org\/#\/schema\/logo\/image\/"},"sameAs":["https:\/\/x.com\/ISMFRANCE"]},{"@type":"Person","@id":"https:\/\/ismfrance.org\/#\/schema\/person\/3c411eb72adfaae19c0dca1f41fae01d","name":"mru_01","image":{"@type":"ImageObject","inLanguage":"fr-FR","@id":"https:\/\/secure.gravatar.com\/avatar\/3a0be343b445d2ccc79e87444a294fad2b232e90d2051d0e3cc219e1ecd6a330?s=96&d=mm&r=g","url":"https:\/\/secure.gravatar.com\/avatar\/3a0be343b445d2ccc79e87444a294fad2b232e90d2051d0e3cc219e1ecd6a330?s=96&d=mm&r=g","contentUrl":"https:\/\/secure.gravatar.com\/avatar\/3a0be343b445d2ccc79e87444a294fad2b232e90d2051d0e3cc219e1ecd6a330?s=96&d=mm&r=g","caption":"mru_01"},"url":"https:\/\/ismfrance.org\/index.php\/author\/admin02\/"}]}},"_links":{"self":[{"href":"https:\/\/ismfrance.org\/index.php\/wp-json\/wp\/v2\/posts\/19917","targetHints":{"allow":["GET"]}}],"collection":[{"href":"https:\/\/ismfrance.org\/index.php\/wp-json\/wp\/v2\/posts"}],"about":[{"href":"https:\/\/ismfrance.org\/index.php\/wp-json\/wp\/v2\/types\/post"}],"author":[{"embeddable":true,"href":"https:\/\/ismfrance.org\/index.php\/wp-json\/wp\/v2\/users\/3"}],"replies":[{"embeddable":true,"href":"https:\/\/ismfrance.org\/index.php\/wp-json\/wp\/v2\/comments?post=19917"}],"version-history":[{"count":0,"href":"https:\/\/ismfrance.org\/index.php\/wp-json\/wp\/v2\/posts\/19917\/revisions"}],"wp:featuredmedia":[{"embeddable":true,"href":"https:\/\/ismfrance.org\/index.php\/wp-json\/wp\/v2\/media\/19919"}],"wp:attachment":[{"href":"https:\/\/ismfrance.org\/index.php\/wp-json\/wp\/v2\/media?parent=19917"}],"wp:term":[{"taxonomy":"category","embeddable":true,"href":"https:\/\/ismfrance.org\/index.php\/wp-json\/wp\/v2\/categories?post=19917"},{"taxonomy":"post_tag","embeddable":true,"href":"https:\/\/ismfrance.org\/index.php\/wp-json\/wp\/v2\/tags?post=19917"}],"curies":[{"name":"wp","href":"https:\/\/api.w.org\/{rel}","templated":true}]}}