{"id":19894,"date":"2025-04-25T17:45:41","date_gmt":"2025-04-25T15:45:41","guid":{"rendered":"https:\/\/ismfrance.org\/?p=19894"},"modified":"2025-04-26T11:01:42","modified_gmt":"2025-04-26T09:01:42","slug":"la-france-aide-t-elle-israel-a-evacuer-des-palestiniens-de-gaza-sous-couvert-de-mission-humanitaire","status":"publish","type":"post","link":"https:\/\/ismfrance.org\/index.php\/2025\/04\/25\/la-france-aide-t-elle-israel-a-evacuer-des-palestiniens-de-gaza-sous-couvert-de-mission-humanitaire\/","title":{"rendered":"La France aide-t-elle Isra\u00ebl \u00e0 \u00e9vacuer des Palestiniens de Gaza sous couvert de \u00ab\u00a0mission humanitaire\u00a0\u00bb ?"},"content":{"rendered":"<p><span style=\"color: #000000;\"><span style=\"font-family: Verdana, sans-serif;\"><span style=\"font-size: medium;\"><strong>Ramy Abdu, 25 avril 2025.<\/strong> L&rsquo;ambassade de France a facilit\u00e9 le d\u00e9part de 115 Palestiniens de la bande de Gaza le 23 avril 2025 par le passage isra\u00e9lien de Kerem Shalom puis le pont du Roi Hussein.<\/span><\/span><\/span><\/p>\n<div id=\"attachment_19895\" style=\"width: 568px\" class=\"wp-caption aligncenter\"><a href=\"https:\/\/ismfrance.org\/wp-content\/uploads\/2025\/04\/Gm4oB3bWMAAjMmM.jpeg\"><img loading=\"lazy\" decoding=\"async\" aria-describedby=\"caption-attachment-19895\" class=\"wp-image-19895 size-large\" src=\"https:\/\/ismfrance.org\/wp-content\/uploads\/2025\/04\/Gm4oB3bWMAAjMmM-558x700.jpeg\" alt=\"\" width=\"558\" height=\"700\" srcset=\"https:\/\/ismfrance.org\/wp-content\/uploads\/2025\/04\/Gm4oB3bWMAAjMmM-558x700.jpeg 558w, https:\/\/ismfrance.org\/wp-content\/uploads\/2025\/04\/Gm4oB3bWMAAjMmM-239x300.jpeg 239w, https:\/\/ismfrance.org\/wp-content\/uploads\/2025\/04\/Gm4oB3bWMAAjMmM-768x963.jpeg 768w, https:\/\/ismfrance.org\/wp-content\/uploads\/2025\/04\/Gm4oB3bWMAAjMmM-1225x1536.jpeg 1225w, https:\/\/ismfrance.org\/wp-content\/uploads\/2025\/04\/Gm4oB3bWMAAjMmM-1320x1655.jpeg 1320w, https:\/\/ismfrance.org\/wp-content\/uploads\/2025\/04\/Gm4oB3bWMAAjMmM.jpeg 1620w\" sizes=\"auto, (max-width: 558px) 100vw, 558px\" \/><\/a><p id=\"caption-attachment-19895\" class=\"wp-caption-text\"><em><strong>\u00ab\u00a0The times they are a changin'\u00a0\u00bb, chantait Bob Dylan<\/strong><\/em><\/p><\/div>\n<p><span style=\"color: #000000;\"><span style=\"font-family: Verdana, sans-serif;\"><span style=\"font-size: medium;\">Le minist\u00e8re fran\u00e7ais des Affaires \u00e9trang\u00e8res affirme aujourd&rsquo;hui ne pas \u00eatre impliqu\u00e9 dans les politiques am\u00e9ricaines et isra\u00e9liennes de nettoyage ethnique de la bande de Gaza. Pourtant, ce n&rsquo;est que deux jours apr\u00e8s \u00ab l&rsquo;\u00e9vacuation \u00bb que le gouvernement fran\u00e7ais a publi\u00e9 une d\u00e9claration officielle concernant cette \u00ab mission \u00bb. <\/span><\/span><\/span><\/p>\n<p><span style=\"color: #000000;\"><span style=\"font-family: Verdana, sans-serif;\"><span style=\"font-size: medium;\">L&rsquo;op\u00e9ration a \u00e9t\u00e9 men\u00e9e dans le secret, avec une communication limit\u00e9e, des crit\u00e8res flous et un refus de r\u00e9pondre aux demandes de renseignements pr\u00e9alables. Les informations selon lesquelles les personnes \u00e9vacu\u00e9es ont re\u00e7u pour instruction de ne pas communiquer les directives d&rsquo;\u00e9vacuation de l&rsquo;ambassade ne font que renforcer le sentiment que la transparence et la responsabilit\u00e9 ont \u00e9t\u00e9 d\u00e9lib\u00e9r\u00e9ment \u00e9vit\u00e9es. Ce n&rsquo;est qu&rsquo;apr\u00e8s des pressions que le gouvernement fran\u00e7ais a publi\u00e9 une br\u00e8ve d\u00e9claration. <\/span><\/span><\/span><\/p>\n<p><span style=\"color: #000000;\"><span style=\"font-family: Verdana, sans-serif;\"><span style=\"font-size: medium;\">Selon une source fran\u00e7aise, l&rsquo;\u00e9vacuation concernait des binationaux, des personnes ayant de la famille en France, des boursiers palestiniens et des personnes d\u00e9crites comme des \u00ab personnalit\u00e9s palestiniennes li\u00e9es \u00e0 notre pays \u00bb. Mais cette explication soul\u00e8ve plus de questions qu&rsquo;elle n&rsquo;apporte de r\u00e9ponses\u00a0: <\/span><\/span><\/span><\/p>\n<ul>\n<li><span style=\"color: #000000;\"><span style=\"font-family: Verdana, sans-serif;\"><span style=\"font-size: medium;\">Pourquoi ces ressortissants et individus n\u2019ont-ils pas \u00e9t\u00e9 \u00e9vacu\u00e9s dans les premi\u00e8res semaines du g\u00e9nocide ?<\/span><\/span><\/span><\/li>\n<li><span style=\"color: #000000;\"><span style=\"font-family: Verdana, sans-serif;\"><span style=\"font-size: medium;\">Qu&rsquo;est-ce qui constitue exactement une \u00ab personnalit\u00e9 palestinienne li\u00e9e \u00e0 notre pays \u00bb ? Lorsqu&rsquo;on parle d&rsquo;universitaires b\u00e9n\u00e9ficiant de programmes \u00e0 risque, il s&rsquo;agit d&rsquo;une arme \u00e0 double tranchant : cela pourrait \u00eatre interpr\u00e9t\u00e9 comme une tentative de vider la soci\u00e9t\u00e9 de Gaza de son \u00e9lite intellectuelle et culturelle, ce qui risque de contribuer \u00e0 son appauvrissement \u00e0 long terme. <\/span><\/span><\/span><\/li>\n<li><span style=\"color: #000000;\"><span style=\"font-family: Verdana, sans-serif;\"><span style=\"font-size: medium;\">Pourquoi la priorit\u00e9 n\u2019a-t-elle pas \u00e9t\u00e9 accord\u00e9e aux patients m\u00e9dicaux, en particulier aux enfants bless\u00e9s, priv\u00e9s de leur droit \u00e0 des soins vitaux ou ad\u00e9quats en raison de la destruction d\u00e9lib\u00e9r\u00e9e par Isra\u00ebl du secteur de la sant\u00e9 de Gaza ? <\/span><\/span><\/span><\/li>\n<\/ul>\n<p><span style=\"color: #000000;\"><span style=\"font-family: Verdana, sans-serif;\"><span style=\"font-size: medium;\">Certaines sources fran\u00e7aises affirment que le processus de s\u00e9lection de certains individus a d\u00e9but\u00e9 il y a plus d&rsquo;un an, tandis que d&rsquo;autres ont \u00e9t\u00e9 ajout\u00e9s quelques semaines seulement avant l&rsquo;op\u00e9ration. Cette incoh\u00e9rence temporelle est pr\u00e9occupante, d&rsquo;autant plus que l&rsquo;\u00e9vacuation a eu lieu peu apr\u00e8s le lancement par les responsables isra\u00e9liens d&rsquo;une campagne psychologique pr\u00f4nant le d\u00e9placement forc\u00e9 de la population de Gaza. Cette op\u00e9ration s&rsquo;inscrivait-elle dans le cadre de cette campagne de pression\u00a0? Ou constituait-elle un signal \u00e0 la communaut\u00e9 internationale indiquant que le transfert massif de Palestiniens est non seulement possible, mais d\u00e9j\u00e0 en cours\u00a0? <\/span><\/span><\/span><\/p>\n<p><span style=\"color: #000000;\"><span style=\"font-family: Verdana, sans-serif;\"><span style=\"font-size: medium;\">Ces questions ne visent pas \u00e0 remettre en cause le droit des individus \u00e0 la s\u00e9curit\u00e9 et \u00e0 la survie. Elles visent plut\u00f4t \u00e0 comprendre les motivations plus larges de cette op\u00e9ration, notamment au vu de l&rsquo;incapacit\u00e9 persistante du gouvernement fran\u00e7ais \u00e0 prendre des mesures concr\u00e8tes pour acheminer une aide humanitaire \u2013 notamment en nourriture, en eau et en fournitures m\u00e9dicales \u2013 aux centaines de milliers de civils assi\u00e9g\u00e9s \u00e0 Gaza. <\/span><\/span><\/span><\/p>\n<p><span style=\"color: #000000;\"><span style=\"font-family: Verdana, sans-serif;\"><span style=\"font-size: medium;\">Il est \u00e9galement remarquable que cette action ait lieu alors que la France est l\u2019un des rares pays \u00e0 autoriser \u00e0 plusieurs reprises le Premier ministre isra\u00e9lien Benjamin Netanyahu \u00e0 traverser son espace a\u00e9rien en toute s\u00e9curit\u00e9, malgr\u00e9 le fait qu\u2019il soit recherch\u00e9 pour crimes de guerre et crimes contre l\u2019humanit\u00e9 en vertu d\u2019un mandat d\u2019arr\u00eat de la Cour p\u00e9nale internationale. <\/span><\/span><\/span><\/p>\n<p><span style=\"color: #000000;\"><span style=\"font-family: Verdana, sans-serif;\"><span style=\"font-size: medium;\">Ce secret et ce manque de transparence autour de l\u2019\u00e9vacuation alimentent l\u2019inqui\u00e9tude des Palestiniens selon laquelle des parties \u00e9trang\u00e8res seraient complices des intentions am\u00e9ricaines et isra\u00e9liennes clairement annonc\u00e9es de nettoyage ethnique de Gaza, et cela pourrait nuire aux individus qui quittent Gaza pour des raisons l\u00e9gitimes. <\/span><\/span><\/span><\/p>\n<p><span style=\"color: #000000;\"><span style=\"font-family: Verdana, sans-serif;\"><span style=\"font-size: medium;\">De plus, l&rsquo;affirmation selon laquelle les personnes \u00e9vacu\u00e9es n&rsquo;ont pas \u00e9t\u00e9 invit\u00e9es \u00e0 signer des accords de non-retour occulte la triste r\u00e9alit\u00e9 humanitaire impos\u00e9e par le contr\u00f4le isra\u00e9lien sur les fronti\u00e8res de Gaza. En pratique, la plupart des personnes \u00e9vacu\u00e9es se trouveront probablement dans l&rsquo;impossibilit\u00e9 de rentrer chez elles, que ce soit en raison des restrictions isra\u00e9liennes, des restrictions \u00e9gyptiennes \u00e0 la fronti\u00e8re de Rafah ou de l&rsquo;immense difficult\u00e9 de se r\u00e9int\u00e9grer apr\u00e8s un d\u00e9placement. <\/span><\/span><\/span><\/p>\n<p><span style=\"color: #000000;\"><span style=\"font-family: Verdana, sans-serif;\"><span style=\"font-size: medium;\">Toute \u00e9vacuation de Palestiniens de Gaza, qu&rsquo;elle soit destin\u00e9e \u00e0 des fins m\u00e9dicales, \u00e9ducatives, de regroupement familial ou \u00e0 toute autre fin, doit \u00eatre accompagn\u00e9e de garanties claires qu&rsquo;ils pourront exercer leur droit au retour s&rsquo;ils le d\u00e9cident, m\u00eame si Isra\u00ebl maintient son si\u00e8ge et son blocus ill\u00e9gaux sur le territoire. S&rsquo;il a \u00e9t\u00e9 possible de les \u00e9vacuer de Gaza assi\u00e9g\u00e9e, il leur est tout aussi possible d&rsquo;y retourner. <\/span><\/span><\/span><\/p>\n<p><span style=\"color: #000000;\"><span style=\"font-family: Verdana, sans-serif;\"><span style=\"font-size: medium;\">Dans le m\u00eame temps, tous les pays doivent utiliser tous les moyens \u00e0 leur disposition, y compris la pression politique, diplomatique et \u00e9conomique, pour contraindre Isra\u00ebl \u00e0 cesser ses crimes croissants contre le peuple palestinien dans son ensemble, en particulier la famine et les massacres continus de Palestiniens \u00e0 Gaza, ainsi que la destruction et le blocus syst\u00e9matiques du territoire qui sont calcul\u00e9s et destin\u00e9s \u00e0 le rendre invivable.<\/span><\/span><\/span><\/p>\n<p><span style=\"color: #000000;\"><span style=\"font-family: Verdana, sans-serif;\"><span style=\"font-size: medium;\">Bien que les Palestiniens aient le droit de chercher s\u00e9curit\u00e9 et refuge, faciliter les d\u00e9parts sans prendre de mesures efficaces pour emp\u00eacher Isra\u00ebl de cr\u00e9er les conditions horribles qui obligent certains Palestiniens \u00e0 quitter leur patrie pourrait en fin de compte \u00e9quivaloir \u00e0 une complicit\u00e9 dans les plans d\u2019Isra\u00ebl visant \u00e0 vider Gaza de sa population. <\/span><\/span><\/span><\/p>\n<p><span style=\"color: #000000;\"><span style=\"font-family: Verdana, sans-serif;\"><span style=\"font-size: medium;\">Au mieux, cet \u00e9pisode r\u00e9v\u00e8le un \u00e9chec troublant dans la communication officielle de la France, au pire, une tentative d\u00e9lib\u00e9r\u00e9e de perp\u00e9tuer le g\u00e9nocide du peuple palestinien.<\/span><\/span><\/span><\/p>\n<p><em><span style=\"color: #000000;\"><span style=\"font-family: Verdana, sans-serif;\"><span style=\"font-size: medium;\">Source : <a href=\"https:\/\/x.com\/RamAbdu\/status\/1915782890387919042\">compte X de Rami Abdu<\/a><\/span><\/span><\/span><\/em><\/p>\n<p>L&rsquo;information donn\u00e9e par<a href=\"https:\/\/www.leparisien.fr\/international\/israel\/115-personnes-evacuees-de-gaza-a-linitiative-de-la-france-accueillies-a-laeroport-dorly-25-04-2025-6GNOFRDLDNBXRNPJPGPAG6NYYQ.php\"> Le Parisien<\/a>, 25 avril 2025.<\/p>\n","protected":false},"excerpt":{"rendered":"<p>Ramy Abdu, 25 avril 2025. L&rsquo;ambassade de France a facilit\u00e9 le d\u00e9part de 115 Palestiniens de la bande de Gaza le 23 avril 2025 par le passage isra\u00e9lien de Kerem <a class=\"more-link\" href=\"https:\/\/ismfrance.org\/index.php\/2025\/04\/25\/la-france-aide-t-elle-israel-a-evacuer-des-palestiniens-de-gaza-sous-couvert-de-mission-humanitaire\/\">Lire la suite &rarr;<\/a><\/p>\n","protected":false},"author":3,"featured_media":19895,"comment_status":"closed","ping_status":"closed","sticky":false,"template":"","format":"standard","meta":{"footnotes":""},"categories":[12,2],"tags":[53,45],"class_list":["post-19894","post","type-post","status-publish","format-standard","has-post-thumbnail","hentry","category-analyses","category-articles","tag-collabos","tag-nettoyage-ethnique"],"yoast_head":"<!-- This site is optimized with the Yoast SEO plugin v27.2 - https:\/\/yoast.com\/product\/yoast-seo-wordpress\/ -->\n<title>La France aide-t-elle Isra\u00ebl \u00e0 \u00e9vacuer des Palestiniens de Gaza sous couvert de &quot;mission humanitaire&quot; ? - International Solidarity Movement - ISM-France<\/title>\n<meta name=\"robots\" content=\"index, follow, max-snippet:-1, max-image-preview:large, max-video-preview:-1\" \/>\n<link rel=\"canonical\" href=\"https:\/\/ismfrance.org\/index.php\/2025\/04\/25\/la-france-aide-t-elle-israel-a-evacuer-des-palestiniens-de-gaza-sous-couvert-de-mission-humanitaire\/\" \/>\n<meta property=\"og:locale\" content=\"fr_FR\" \/>\n<meta property=\"og:type\" content=\"article\" \/>\n<meta property=\"og:title\" content=\"La France aide-t-elle Isra\u00ebl \u00e0 \u00e9vacuer des Palestiniens de Gaza sous couvert de &quot;mission humanitaire&quot; ? - International Solidarity Movement - ISM-France\" \/>\n<meta property=\"og:description\" content=\"Ramy Abdu, 25 avril 2025. L&rsquo;ambassade de France a facilit\u00e9 le d\u00e9part de 115 Palestiniens de la bande de Gaza le 23 avril 2025 par le passage isra\u00e9lien de Kerem Lire la suite &rarr;\" \/>\n<meta property=\"og:url\" content=\"https:\/\/ismfrance.org\/index.php\/2025\/04\/25\/la-france-aide-t-elle-israel-a-evacuer-des-palestiniens-de-gaza-sous-couvert-de-mission-humanitaire\/\" \/>\n<meta property=\"og:site_name\" content=\"International Solidarity Movement - ISM-France\" \/>\n<meta property=\"article:published_time\" content=\"2025-04-25T15:45:41+00:00\" \/>\n<meta property=\"article:modified_time\" content=\"2025-04-26T09:01:42+00:00\" \/>\n<meta property=\"og:image\" content=\"https:\/\/ismfrance.org\/wp-content\/uploads\/2025\/04\/Gm4oB3bWMAAjMmM.jpeg\" \/>\n\t<meta property=\"og:image:width\" content=\"1620\" \/>\n\t<meta property=\"og:image:height\" content=\"2031\" \/>\n\t<meta property=\"og:image:type\" content=\"image\/jpeg\" \/>\n<meta name=\"author\" content=\"mru_01\" \/>\n<meta name=\"twitter:card\" content=\"summary_large_image\" \/>\n<meta name=\"twitter:creator\" content=\"@ISMFRANCE\" \/>\n<meta name=\"twitter:site\" content=\"@ISMFRANCE\" \/>\n<meta name=\"twitter:label1\" content=\"\u00c9crit par\" \/>\n\t<meta name=\"twitter:data1\" content=\"mru_01\" \/>\n\t<meta name=\"twitter:label2\" content=\"Dur\u00e9e de lecture estim\u00e9e\" \/>\n\t<meta name=\"twitter:data2\" content=\"6 minutes\" \/>\n<script type=\"application\/ld+json\" class=\"yoast-schema-graph\">{\"@context\":\"https:\/\/schema.org\",\"@graph\":[{\"@type\":\"Article\",\"@id\":\"https:\/\/ismfrance.org\/index.php\/2025\/04\/25\/la-france-aide-t-elle-israel-a-evacuer-des-palestiniens-de-gaza-sous-couvert-de-mission-humanitaire\/#article\",\"isPartOf\":{\"@id\":\"https:\/\/ismfrance.org\/index.php\/2025\/04\/25\/la-france-aide-t-elle-israel-a-evacuer-des-palestiniens-de-gaza-sous-couvert-de-mission-humanitaire\/\"},\"author\":{\"name\":\"mru_01\",\"@id\":\"https:\/\/ismfrance.org\/#\/schema\/person\/3c411eb72adfaae19c0dca1f41fae01d\"},\"headline\":\"La France aide-t-elle Isra\u00ebl \u00e0 \u00e9vacuer des Palestiniens de Gaza sous couvert de \u00ab\u00a0mission humanitaire\u00a0\u00bb ?\",\"datePublished\":\"2025-04-25T15:45:41+00:00\",\"dateModified\":\"2025-04-26T09:01:42+00:00\",\"mainEntityOfPage\":{\"@id\":\"https:\/\/ismfrance.org\/index.php\/2025\/04\/25\/la-france-aide-t-elle-israel-a-evacuer-des-palestiniens-de-gaza-sous-couvert-de-mission-humanitaire\/\"},\"wordCount\":1058,\"publisher\":{\"@id\":\"https:\/\/ismfrance.org\/#organization\"},\"image\":{\"@id\":\"https:\/\/ismfrance.org\/index.php\/2025\/04\/25\/la-france-aide-t-elle-israel-a-evacuer-des-palestiniens-de-gaza-sous-couvert-de-mission-humanitaire\/#primaryimage\"},\"thumbnailUrl\":\"https:\/\/ismfrance.org\/wp-content\/uploads\/2025\/04\/Gm4oB3bWMAAjMmM.jpeg\",\"keywords\":[\"Collabos\",\"nettoyage ethnique\"],\"articleSection\":[\"Analyses\",\"Articles\"],\"inLanguage\":\"fr-FR\"},{\"@type\":\"WebPage\",\"@id\":\"https:\/\/ismfrance.org\/index.php\/2025\/04\/25\/la-france-aide-t-elle-israel-a-evacuer-des-palestiniens-de-gaza-sous-couvert-de-mission-humanitaire\/\",\"url\":\"https:\/\/ismfrance.org\/index.php\/2025\/04\/25\/la-france-aide-t-elle-israel-a-evacuer-des-palestiniens-de-gaza-sous-couvert-de-mission-humanitaire\/\",\"name\":\"La France aide-t-elle Isra\u00ebl \u00e0 \u00e9vacuer des Palestiniens de Gaza sous couvert de \\\"mission humanitaire\\\" ? - International Solidarity Movement - ISM-France\",\"isPartOf\":{\"@id\":\"https:\/\/ismfrance.org\/#website\"},\"primaryImageOfPage\":{\"@id\":\"https:\/\/ismfrance.org\/index.php\/2025\/04\/25\/la-france-aide-t-elle-israel-a-evacuer-des-palestiniens-de-gaza-sous-couvert-de-mission-humanitaire\/#primaryimage\"},\"image\":{\"@id\":\"https:\/\/ismfrance.org\/index.php\/2025\/04\/25\/la-france-aide-t-elle-israel-a-evacuer-des-palestiniens-de-gaza-sous-couvert-de-mission-humanitaire\/#primaryimage\"},\"thumbnailUrl\":\"https:\/\/ismfrance.org\/wp-content\/uploads\/2025\/04\/Gm4oB3bWMAAjMmM.jpeg\",\"datePublished\":\"2025-04-25T15:45:41+00:00\",\"dateModified\":\"2025-04-26T09:01:42+00:00\",\"breadcrumb\":{\"@id\":\"https:\/\/ismfrance.org\/index.php\/2025\/04\/25\/la-france-aide-t-elle-israel-a-evacuer-des-palestiniens-de-gaza-sous-couvert-de-mission-humanitaire\/#breadcrumb\"},\"inLanguage\":\"fr-FR\",\"potentialAction\":[{\"@type\":\"ReadAction\",\"target\":[\"https:\/\/ismfrance.org\/index.php\/2025\/04\/25\/la-france-aide-t-elle-israel-a-evacuer-des-palestiniens-de-gaza-sous-couvert-de-mission-humanitaire\/\"]}]},{\"@type\":\"ImageObject\",\"inLanguage\":\"fr-FR\",\"@id\":\"https:\/\/ismfrance.org\/index.php\/2025\/04\/25\/la-france-aide-t-elle-israel-a-evacuer-des-palestiniens-de-gaza-sous-couvert-de-mission-humanitaire\/#primaryimage\",\"url\":\"https:\/\/ismfrance.org\/wp-content\/uploads\/2025\/04\/Gm4oB3bWMAAjMmM.jpeg\",\"contentUrl\":\"https:\/\/ismfrance.org\/wp-content\/uploads\/2025\/04\/Gm4oB3bWMAAjMmM.jpeg\",\"width\":1620,\"height\":2031},{\"@type\":\"BreadcrumbList\",\"@id\":\"https:\/\/ismfrance.org\/index.php\/2025\/04\/25\/la-france-aide-t-elle-israel-a-evacuer-des-palestiniens-de-gaza-sous-couvert-de-mission-humanitaire\/#breadcrumb\",\"itemListElement\":[{\"@type\":\"ListItem\",\"position\":1,\"name\":\"Accueil\",\"item\":\"https:\/\/ismfrance.org\/\"},{\"@type\":\"ListItem\",\"position\":2,\"name\":\"La France aide-t-elle Isra\u00ebl \u00e0 \u00e9vacuer des Palestiniens de Gaza sous couvert de \u00ab\u00a0mission humanitaire\u00a0\u00bb ?\"}]},{\"@type\":\"WebSite\",\"@id\":\"https:\/\/ismfrance.org\/#website\",\"url\":\"https:\/\/ismfrance.org\/\",\"name\":\"ISM Palestine France\",\"description\":\"Soutien aux luttes de lib\u00e9ration du peuple palestinien\",\"publisher\":{\"@id\":\"https:\/\/ismfrance.org\/#organization\"},\"potentialAction\":[{\"@type\":\"SearchAction\",\"target\":{\"@type\":\"EntryPoint\",\"urlTemplate\":\"https:\/\/ismfrance.org\/?s={search_term_string}\"},\"query-input\":{\"@type\":\"PropertyValueSpecification\",\"valueRequired\":true,\"valueName\":\"search_term_string\"}}],\"inLanguage\":\"fr-FR\"},{\"@type\":\"Organization\",\"@id\":\"https:\/\/ismfrance.org\/#organization\",\"name\":\"International Solidarity Movement\",\"url\":\"https:\/\/ismfrance.org\/\",\"logo\":{\"@type\":\"ImageObject\",\"inLanguage\":\"fr-FR\",\"@id\":\"https:\/\/ismfrance.org\/#\/schema\/logo\/image\/\",\"url\":\"https:\/\/ismfrance.org\/wp-content\/uploads\/2020\/12\/00.png\",\"contentUrl\":\"https:\/\/ismfrance.org\/wp-content\/uploads\/2020\/12\/00.png\",\"width\":400,\"height\":400,\"caption\":\"International Solidarity Movement\"},\"image\":{\"@id\":\"https:\/\/ismfrance.org\/#\/schema\/logo\/image\/\"},\"sameAs\":[\"https:\/\/x.com\/ISMFRANCE\"]},{\"@type\":\"Person\",\"@id\":\"https:\/\/ismfrance.org\/#\/schema\/person\/3c411eb72adfaae19c0dca1f41fae01d\",\"name\":\"mru_01\",\"image\":{\"@type\":\"ImageObject\",\"inLanguage\":\"fr-FR\",\"@id\":\"https:\/\/secure.gravatar.com\/avatar\/3a0be343b445d2ccc79e87444a294fad2b232e90d2051d0e3cc219e1ecd6a330?s=96&d=mm&r=g\",\"url\":\"https:\/\/secure.gravatar.com\/avatar\/3a0be343b445d2ccc79e87444a294fad2b232e90d2051d0e3cc219e1ecd6a330?s=96&d=mm&r=g\",\"contentUrl\":\"https:\/\/secure.gravatar.com\/avatar\/3a0be343b445d2ccc79e87444a294fad2b232e90d2051d0e3cc219e1ecd6a330?s=96&d=mm&r=g\",\"caption\":\"mru_01\"},\"url\":\"https:\/\/ismfrance.org\/index.php\/author\/admin02\/\"}]}<\/script>\n<!-- \/ Yoast SEO plugin. -->","yoast_head_json":{"title":"La France aide-t-elle Isra\u00ebl \u00e0 \u00e9vacuer des Palestiniens de Gaza sous couvert de \"mission humanitaire\" ? - International Solidarity Movement - ISM-France","robots":{"index":"index","follow":"follow","max-snippet":"max-snippet:-1","max-image-preview":"max-image-preview:large","max-video-preview":"max-video-preview:-1"},"canonical":"https:\/\/ismfrance.org\/index.php\/2025\/04\/25\/la-france-aide-t-elle-israel-a-evacuer-des-palestiniens-de-gaza-sous-couvert-de-mission-humanitaire\/","og_locale":"fr_FR","og_type":"article","og_title":"La France aide-t-elle Isra\u00ebl \u00e0 \u00e9vacuer des Palestiniens de Gaza sous couvert de \"mission humanitaire\" ? - International Solidarity Movement - ISM-France","og_description":"Ramy Abdu, 25 avril 2025. L&rsquo;ambassade de France a facilit\u00e9 le d\u00e9part de 115 Palestiniens de la bande de Gaza le 23 avril 2025 par le passage isra\u00e9lien de Kerem Lire la suite &rarr;","og_url":"https:\/\/ismfrance.org\/index.php\/2025\/04\/25\/la-france-aide-t-elle-israel-a-evacuer-des-palestiniens-de-gaza-sous-couvert-de-mission-humanitaire\/","og_site_name":"International Solidarity Movement - ISM-France","article_published_time":"2025-04-25T15:45:41+00:00","article_modified_time":"2025-04-26T09:01:42+00:00","og_image":[{"width":1620,"height":2031,"url":"https:\/\/ismfrance.org\/wp-content\/uploads\/2025\/04\/Gm4oB3bWMAAjMmM.jpeg","type":"image\/jpeg"}],"author":"mru_01","twitter_card":"summary_large_image","twitter_creator":"@ISMFRANCE","twitter_site":"@ISMFRANCE","twitter_misc":{"\u00c9crit par":"mru_01","Dur\u00e9e de lecture estim\u00e9e":"6 minutes"},"schema":{"@context":"https:\/\/schema.org","@graph":[{"@type":"Article","@id":"https:\/\/ismfrance.org\/index.php\/2025\/04\/25\/la-france-aide-t-elle-israel-a-evacuer-des-palestiniens-de-gaza-sous-couvert-de-mission-humanitaire\/#article","isPartOf":{"@id":"https:\/\/ismfrance.org\/index.php\/2025\/04\/25\/la-france-aide-t-elle-israel-a-evacuer-des-palestiniens-de-gaza-sous-couvert-de-mission-humanitaire\/"},"author":{"name":"mru_01","@id":"https:\/\/ismfrance.org\/#\/schema\/person\/3c411eb72adfaae19c0dca1f41fae01d"},"headline":"La France aide-t-elle Isra\u00ebl \u00e0 \u00e9vacuer des Palestiniens de Gaza sous couvert de \u00ab\u00a0mission humanitaire\u00a0\u00bb ?","datePublished":"2025-04-25T15:45:41+00:00","dateModified":"2025-04-26T09:01:42+00:00","mainEntityOfPage":{"@id":"https:\/\/ismfrance.org\/index.php\/2025\/04\/25\/la-france-aide-t-elle-israel-a-evacuer-des-palestiniens-de-gaza-sous-couvert-de-mission-humanitaire\/"},"wordCount":1058,"publisher":{"@id":"https:\/\/ismfrance.org\/#organization"},"image":{"@id":"https:\/\/ismfrance.org\/index.php\/2025\/04\/25\/la-france-aide-t-elle-israel-a-evacuer-des-palestiniens-de-gaza-sous-couvert-de-mission-humanitaire\/#primaryimage"},"thumbnailUrl":"https:\/\/ismfrance.org\/wp-content\/uploads\/2025\/04\/Gm4oB3bWMAAjMmM.jpeg","keywords":["Collabos","nettoyage ethnique"],"articleSection":["Analyses","Articles"],"inLanguage":"fr-FR"},{"@type":"WebPage","@id":"https:\/\/ismfrance.org\/index.php\/2025\/04\/25\/la-france-aide-t-elle-israel-a-evacuer-des-palestiniens-de-gaza-sous-couvert-de-mission-humanitaire\/","url":"https:\/\/ismfrance.org\/index.php\/2025\/04\/25\/la-france-aide-t-elle-israel-a-evacuer-des-palestiniens-de-gaza-sous-couvert-de-mission-humanitaire\/","name":"La France aide-t-elle Isra\u00ebl \u00e0 \u00e9vacuer des Palestiniens de Gaza sous couvert de \"mission humanitaire\" ? - International Solidarity Movement - ISM-France","isPartOf":{"@id":"https:\/\/ismfrance.org\/#website"},"primaryImageOfPage":{"@id":"https:\/\/ismfrance.org\/index.php\/2025\/04\/25\/la-france-aide-t-elle-israel-a-evacuer-des-palestiniens-de-gaza-sous-couvert-de-mission-humanitaire\/#primaryimage"},"image":{"@id":"https:\/\/ismfrance.org\/index.php\/2025\/04\/25\/la-france-aide-t-elle-israel-a-evacuer-des-palestiniens-de-gaza-sous-couvert-de-mission-humanitaire\/#primaryimage"},"thumbnailUrl":"https:\/\/ismfrance.org\/wp-content\/uploads\/2025\/04\/Gm4oB3bWMAAjMmM.jpeg","datePublished":"2025-04-25T15:45:41+00:00","dateModified":"2025-04-26T09:01:42+00:00","breadcrumb":{"@id":"https:\/\/ismfrance.org\/index.php\/2025\/04\/25\/la-france-aide-t-elle-israel-a-evacuer-des-palestiniens-de-gaza-sous-couvert-de-mission-humanitaire\/#breadcrumb"},"inLanguage":"fr-FR","potentialAction":[{"@type":"ReadAction","target":["https:\/\/ismfrance.org\/index.php\/2025\/04\/25\/la-france-aide-t-elle-israel-a-evacuer-des-palestiniens-de-gaza-sous-couvert-de-mission-humanitaire\/"]}]},{"@type":"ImageObject","inLanguage":"fr-FR","@id":"https:\/\/ismfrance.org\/index.php\/2025\/04\/25\/la-france-aide-t-elle-israel-a-evacuer-des-palestiniens-de-gaza-sous-couvert-de-mission-humanitaire\/#primaryimage","url":"https:\/\/ismfrance.org\/wp-content\/uploads\/2025\/04\/Gm4oB3bWMAAjMmM.jpeg","contentUrl":"https:\/\/ismfrance.org\/wp-content\/uploads\/2025\/04\/Gm4oB3bWMAAjMmM.jpeg","width":1620,"height":2031},{"@type":"BreadcrumbList","@id":"https:\/\/ismfrance.org\/index.php\/2025\/04\/25\/la-france-aide-t-elle-israel-a-evacuer-des-palestiniens-de-gaza-sous-couvert-de-mission-humanitaire\/#breadcrumb","itemListElement":[{"@type":"ListItem","position":1,"name":"Accueil","item":"https:\/\/ismfrance.org\/"},{"@type":"ListItem","position":2,"name":"La France aide-t-elle Isra\u00ebl \u00e0 \u00e9vacuer des Palestiniens de Gaza sous couvert de \u00ab\u00a0mission humanitaire\u00a0\u00bb ?"}]},{"@type":"WebSite","@id":"https:\/\/ismfrance.org\/#website","url":"https:\/\/ismfrance.org\/","name":"ISM Palestine France","description":"Soutien aux luttes de lib\u00e9ration du peuple palestinien","publisher":{"@id":"https:\/\/ismfrance.org\/#organization"},"potentialAction":[{"@type":"SearchAction","target":{"@type":"EntryPoint","urlTemplate":"https:\/\/ismfrance.org\/?s={search_term_string}"},"query-input":{"@type":"PropertyValueSpecification","valueRequired":true,"valueName":"search_term_string"}}],"inLanguage":"fr-FR"},{"@type":"Organization","@id":"https:\/\/ismfrance.org\/#organization","name":"International Solidarity Movement","url":"https:\/\/ismfrance.org\/","logo":{"@type":"ImageObject","inLanguage":"fr-FR","@id":"https:\/\/ismfrance.org\/#\/schema\/logo\/image\/","url":"https:\/\/ismfrance.org\/wp-content\/uploads\/2020\/12\/00.png","contentUrl":"https:\/\/ismfrance.org\/wp-content\/uploads\/2020\/12\/00.png","width":400,"height":400,"caption":"International Solidarity Movement"},"image":{"@id":"https:\/\/ismfrance.org\/#\/schema\/logo\/image\/"},"sameAs":["https:\/\/x.com\/ISMFRANCE"]},{"@type":"Person","@id":"https:\/\/ismfrance.org\/#\/schema\/person\/3c411eb72adfaae19c0dca1f41fae01d","name":"mru_01","image":{"@type":"ImageObject","inLanguage":"fr-FR","@id":"https:\/\/secure.gravatar.com\/avatar\/3a0be343b445d2ccc79e87444a294fad2b232e90d2051d0e3cc219e1ecd6a330?s=96&d=mm&r=g","url":"https:\/\/secure.gravatar.com\/avatar\/3a0be343b445d2ccc79e87444a294fad2b232e90d2051d0e3cc219e1ecd6a330?s=96&d=mm&r=g","contentUrl":"https:\/\/secure.gravatar.com\/avatar\/3a0be343b445d2ccc79e87444a294fad2b232e90d2051d0e3cc219e1ecd6a330?s=96&d=mm&r=g","caption":"mru_01"},"url":"https:\/\/ismfrance.org\/index.php\/author\/admin02\/"}]}},"_links":{"self":[{"href":"https:\/\/ismfrance.org\/index.php\/wp-json\/wp\/v2\/posts\/19894","targetHints":{"allow":["GET"]}}],"collection":[{"href":"https:\/\/ismfrance.org\/index.php\/wp-json\/wp\/v2\/posts"}],"about":[{"href":"https:\/\/ismfrance.org\/index.php\/wp-json\/wp\/v2\/types\/post"}],"author":[{"embeddable":true,"href":"https:\/\/ismfrance.org\/index.php\/wp-json\/wp\/v2\/users\/3"}],"replies":[{"embeddable":true,"href":"https:\/\/ismfrance.org\/index.php\/wp-json\/wp\/v2\/comments?post=19894"}],"version-history":[{"count":0,"href":"https:\/\/ismfrance.org\/index.php\/wp-json\/wp\/v2\/posts\/19894\/revisions"}],"wp:featuredmedia":[{"embeddable":true,"href":"https:\/\/ismfrance.org\/index.php\/wp-json\/wp\/v2\/media\/19895"}],"wp:attachment":[{"href":"https:\/\/ismfrance.org\/index.php\/wp-json\/wp\/v2\/media?parent=19894"}],"wp:term":[{"taxonomy":"category","embeddable":true,"href":"https:\/\/ismfrance.org\/index.php\/wp-json\/wp\/v2\/categories?post=19894"},{"taxonomy":"post_tag","embeddable":true,"href":"https:\/\/ismfrance.org\/index.php\/wp-json\/wp\/v2\/tags?post=19894"}],"curies":[{"name":"wp","href":"https:\/\/api.w.org\/{rel}","templated":true}]}}