{"id":19758,"date":"2025-04-18T11:40:11","date_gmt":"2025-04-18T09:40:11","guid":{"rendered":"https:\/\/ismfrance.org\/?p=19758"},"modified":"2025-04-18T11:40:11","modified_gmt":"2025-04-18T09:40:11","slug":"israel-controle-le-paradigme-humanitaire","status":"publish","type":"post","link":"https:\/\/ismfrance.org\/index.php\/2025\/04\/18\/israel-controle-le-paradigme-humanitaire\/","title":{"rendered":"Isra\u00ebl contr\u00f4le le paradigme humanitaire"},"content":{"rendered":"<p><span style=\"color: #000000;\"><span style=\"font-family: Verdana, sans-serif;\"><span style=\"font-size: medium;\"><strong>Ramona Wadi, 17 avril 2025<\/strong>. Depuis les premiers jours de la derni\u00e8re phase du g\u00e9nocide isra\u00e9lien \u00e0 Gaza, l&rsquo;aide humanitaire est devenue une arme majeure. Le 9 octobre 2023, le ministre isra\u00e9lien de la D\u00e9fense de l&rsquo;\u00e9poque, Yoav Gallant, a ordonn\u00e9 un si\u00e8ge total de Gaza. \u00ab <i>Il n&rsquo;y aura ni \u00e9lectricit\u00e9, ni nourriture, ni carburant, tout est ferm\u00e9<\/i> \u00bb, a-t-il <a href=\"https:\/\/www.timesofisrael.com\/liveblog_entry\/defense-minister-announces-complete-siege-of-gaza-no-power-food-or-fuel\/\">annonc\u00e9<\/a>. \u00ab <i>Nous combattons des animaux humains et nous agissons en cons\u00e9quence<\/i>. \u00bb<\/span><\/span><\/span><\/p>\n<p><a href=\"https:\/\/ismfrance.org\/wp-content\/uploads\/2025\/04\/cri-Gaza.png\"><img loading=\"lazy\" decoding=\"async\" class=\"size-full wp-image-19761 aligncenter\" src=\"https:\/\/ismfrance.org\/wp-content\/uploads\/2025\/04\/cri-Gaza.png\" alt=\"\" width=\"536\" height=\"525\" srcset=\"https:\/\/ismfrance.org\/wp-content\/uploads\/2025\/04\/cri-Gaza.png 536w, https:\/\/ismfrance.org\/wp-content\/uploads\/2025\/04\/cri-Gaza-300x294.png 300w\" sizes=\"auto, (max-width: 536px) 100vw, 536px\" \/><\/a><\/p>\n<p><span style=\"color: #000000;\"><span style=\"font-family: Verdana, sans-serif;\"><span style=\"font-size: medium;\">Les \u00ab <i>animaux humains <\/i>\u00bb n&rsquo;existent que dans l&rsquo;esprit des sionistes et de leur faux discours s\u00e9curitaire, bien s\u00fbr. La r\u00e9alit\u00e9 est qu&rsquo;Isra\u00ebl a d\u00e9cid\u00e9 de priver totalement les Palestiniens de vie, et la famine \u00e9tait le meilleur moyen de compl\u00e9ter ses bombardements a\u00e9riens sur Gaza.<\/span><\/span><\/span><\/p>\n<p><span style=\"color: #000000;\"><span style=\"font-family: Verdana, sans-serif;\"><span style=\"font-size: medium;\">Le raisonnement \u00e9tait que les Palestiniens mourraient, d&rsquo;une mani\u00e8re ou d&rsquo;une autre, ou les deux \u00e0 la fois.<\/span><\/span><\/span><\/p>\n<p><span style=\"color: #000000;\"><span style=\"font-family: Verdana, sans-serif;\"><span style=\"font-size: medium;\">Un an et demi plus tard, les responsables isra\u00e9liens d\u00e9battent toujours de leurs conceptions d\u00e9form\u00e9es de l&rsquo;aide humanitaire. Le ministre de la D\u00e9fense, Isra\u00ebl Katz, a annonc\u00e9 hier qu&rsquo;aucune aide humanitaire n&rsquo;entrerait \u00e0 Gaza tant que des \u00ab <i>entreprises civiles <\/i>\u00bb n&rsquo;auraient pas \u00e9t\u00e9 cr\u00e9\u00e9es. L&rsquo;annonce selon laquelle les Palestiniens rest\u00e9s \u00e0 Gaza pourraient recevoir une aide humanitaire \u00e0 un moment donn\u00e9 a suscit\u00e9 l&rsquo;opposition d&rsquo;autres responsables isra\u00e9liens de la coalition gouvernementale d&rsquo;extr\u00eame droite.<\/span><\/span><\/span><\/p>\n<p><span style=\"color: #000000;\"><span style=\"font-family: Verdana, sans-serif;\"><span style=\"font-size: medium;\">\u00ab\u00a0<i>Tant que nos otages meurent dans les tunnels, il n&rsquo;y a aucune raison pour qu&rsquo;un gramme de nourriture ou d&rsquo;aide entre \u00e0 Gaza<\/i>\u00a0\u00bb, a d\u00e9clar\u00e9 le ministre isra\u00e9lien de la S\u00e9curit\u00e9 nationale, Itamar Ben Gvir. Sa d\u00e9claration ne reconna\u00eet pas le risque \u00e9lev\u00e9 que les otages isra\u00e9liens soient tu\u00e9s par les bombardements incessants de l&rsquo;\u00c9tat g\u00e9nocidaire.<\/span><\/span><\/span><\/p>\n<p><span style=\"color: #000000;\"><span style=\"font-family: Verdana, sans-serif;\"><span style=\"font-size: medium;\">Le ministre de la Culture, Miki Zohar, s&rsquo;est \u00e9galement oppos\u00e9 \u00e0 tout transfert d&rsquo;aide humanitaire. \u00ab\u00a0<i>Que l&rsquo;enfer soit r\u00e9serv\u00e9 aux terroristes jusqu&rsquo;\u00e0 ce que nos derniers fr\u00e8res et s\u0153urs otages rentrent chez eux sains et saufs<\/i>\u00a0\u00bb, a-t-il d\u00e9clar\u00e9. Un g\u00e9nocide ne permet \u00e0 personne de rentrer chez lui sain et sauf, et le postulat avanc\u00e9 par Zohar est donc interminable.<\/span><\/span><\/span><\/p>\n<p><span style=\"color: #000000;\"><span style=\"font-family: Verdana, sans-serif;\"><span style=\"font-size: medium;\">Pr\u00e9cisant sa d\u00e9claration, Katz a d\u00e9clar\u00e9\u00a0: \u00ab\u00a0<i>La politique d\u2019Isra\u00ebl est claire\u00a0: aucune aide humanitaire n\u2019est sur le point d\u2019entrer \u00e0 Gaza. Dans la r\u00e9alit\u00e9 actuelle, personne n\u2019acheminera d\u2019aide humanitaire \u00e0 Gaza, et personne ne se pr\u00e9pare \u00e0 en acheminer. <\/i>\u00bb<\/span><\/span><\/span><\/p>\n<p><span style=\"color: #000000;\"><span style=\"font-family: Verdana, sans-serif;\"><span style=\"font-size: medium;\">Ce qui ressort de ces commentaires, c\u2019est que les responsables isra\u00e9liens ont un penchant pour affamer les Palestiniens de Gaza.<\/span><\/span><\/span><\/p>\n<p><span style=\"color: #000000;\"><span style=\"font-family: Verdana, sans-serif;\"><span style=\"font-size: medium;\">Ces commentaires n\u2019envisagent pas de mettre fin \u00e0 la famine, tandis que la d\u00e9claration de Katz sur les entreprises civiles et l\u2019aide humanitaire laisse simplement entendre que la bureaucratie aggravera la privation d\u2019aide humanitaire. En bref, les Palestiniens mourront de faim, ou seront tu\u00e9s par une bureaucratie qui les affame, s\u2019ils ne sont pas d\u00e9j\u00e0 tu\u00e9s par les bombes.<\/span><\/span><\/span><\/p>\n<p><span style=\"color: #000000;\"><span style=\"font-family: Verdana, sans-serif;\"><span style=\"font-size: medium;\">Katz d\u00e9finit peut-\u00eatre la famine comme une politique isra\u00e9lienne, mais cela d\u00e9note aussi le fait que la communaut\u00e9 internationale se laisse de plus en plus aller \u00e0 l\u2019id\u00e9e que la famine soit utilis\u00e9e comme arme de guerre. Malgr\u00e9 les millions promis pour l\u2019aide humanitaire, Isra\u00ebl contr\u00f4le le paradigme humanitaire, et ce depuis un certain temps d\u00e9j\u00e0. Pour la communaut\u00e9 internationale, l&rsquo;aide humanitaire ne se traduit pas n\u00e9cessairement par une aide concr\u00e8te, mais plut\u00f4t par des postures et des d\u00e9clarations routini\u00e8res qui ont pris le pas sur une action coordonn\u00e9e visant \u00e0 mettre fin au g\u00e9nocide par la famine.<\/span><\/span><\/span><\/p>\n<p><span style=\"color: #000000;\"><span style=\"font-family: Verdana, sans-serif;\"><span style=\"font-size: medium;\">Les civils sont contraints de vivre soit dans des abris de fortune, surpeupl\u00e9s et insalubres, soit dans des b\u00e2timents en ruine, comme l&rsquo;ont <a href=\"https:\/\/civil-protection-humanitarian-aid.ec.europa.eu\/news-stories\/stories\/eu-humanitarian-efforts-gaza-lifeline-amidst-destruction_en\">r\u00e9sum\u00e9<\/a> ce mois-ci les op\u00e9rations de protection civile et d&rsquo;aide humanitaire de l&rsquo;UE.<\/span><\/span><\/span><\/p>\n<p><span style=\"color: #000000;\"><span style=\"font-family: Verdana, sans-serif;\"><span style=\"font-size: medium;\">Bien s\u00fbr, il n&rsquo;est pas fait mention de la participation directe des pays de l&rsquo;UE au g\u00e9nocide et du fait qu&rsquo;ils forcent les Palestiniens \u00e0 vivre dans de telles conditions, car l&rsquo;aide humanitaire et la politique sont des domaines totalement distincts, du moins c&rsquo;est ce que nous disent les responsables politiques qui politisent l&rsquo;aide humanitaire. <\/span><\/span><\/span><\/p>\n<p><span style=\"color: #000000;\"><span style=\"font-family: Verdana, sans-serif;\"><span style=\"font-size: medium;\">Il n&rsquo;est donc pas \u00e9tonnant que le monde ne crie pas \u00ab\u00a0g\u00e9nocide\u00a0! \u00bb \u00e0 l&rsquo;unisson\u00a0; la politique de famine d&rsquo;Isra\u00ebl est en r\u00e9alit\u00e9 soutenue par le paradigme humanitaire actuel.<\/span><\/span><\/span><\/p>\n<pre><em><span style=\"color: #000000;\"><span style=\"font-family: Verdana, sans-serif;\"><span style=\"font-size: medium;\"><span style=\"font-size: small;\">Article original en anglais sur <a href=\"https:\/\/www.middleeastmonitor.com\/20250417-israel-is-controlling-the-humanitarian-paradigm\/\">Middle East Monitor <\/a>\/ Traduction MR<\/span><\/span><\/span><\/span><\/em><\/pre>\n","protected":false},"excerpt":{"rendered":"<p>Ramona Wadi, 17 avril 2025. Depuis les premiers jours de la derni\u00e8re phase du g\u00e9nocide isra\u00e9lien \u00e0 Gaza, l&rsquo;aide humanitaire est devenue une arme majeure. Le 9 octobre 2023, le <a class=\"more-link\" href=\"https:\/\/ismfrance.org\/index.php\/2025\/04\/18\/israel-controle-le-paradigme-humanitaire\/\">Lire la suite &rarr;<\/a><\/p>\n","protected":false},"author":3,"featured_media":19761,"comment_status":"closed","ping_status":"closed","sticky":false,"template":"","format":"standard","meta":{"footnotes":""},"categories":[12,2],"tags":[156],"class_list":["post-19758","post","type-post","status-publish","format-standard","has-post-thumbnail","hentry","category-analyses","category-articles","tag-genocide"],"yoast_head":"<!-- This site is optimized with the Yoast SEO plugin v27.2 - https:\/\/yoast.com\/product\/yoast-seo-wordpress\/ -->\n<title>Isra\u00ebl contr\u00f4le le paradigme humanitaire - International Solidarity Movement - ISM-France<\/title>\n<meta name=\"robots\" content=\"index, follow, max-snippet:-1, max-image-preview:large, max-video-preview:-1\" \/>\n<link rel=\"canonical\" href=\"https:\/\/ismfrance.org\/index.php\/2025\/04\/18\/israel-controle-le-paradigme-humanitaire\/\" \/>\n<meta property=\"og:locale\" content=\"fr_FR\" \/>\n<meta property=\"og:type\" content=\"article\" \/>\n<meta property=\"og:title\" content=\"Isra\u00ebl contr\u00f4le le paradigme humanitaire - International Solidarity Movement - ISM-France\" \/>\n<meta property=\"og:description\" content=\"Ramona Wadi, 17 avril 2025. Depuis les premiers jours de la derni\u00e8re phase du g\u00e9nocide isra\u00e9lien \u00e0 Gaza, l&rsquo;aide humanitaire est devenue une arme majeure. Le 9 octobre 2023, le Lire la suite &rarr;\" \/>\n<meta property=\"og:url\" content=\"https:\/\/ismfrance.org\/index.php\/2025\/04\/18\/israel-controle-le-paradigme-humanitaire\/\" \/>\n<meta property=\"og:site_name\" content=\"International Solidarity Movement - ISM-France\" \/>\n<meta property=\"article:published_time\" content=\"2025-04-18T09:40:11+00:00\" \/>\n<meta property=\"og:image\" content=\"https:\/\/ismfrance.org\/wp-content\/uploads\/2025\/04\/cri-Gaza.png\" \/>\n\t<meta property=\"og:image:width\" content=\"536\" \/>\n\t<meta property=\"og:image:height\" content=\"525\" \/>\n\t<meta property=\"og:image:type\" content=\"image\/png\" \/>\n<meta name=\"author\" content=\"mru_01\" \/>\n<meta name=\"twitter:card\" content=\"summary_large_image\" \/>\n<meta name=\"twitter:creator\" content=\"@ISMFRANCE\" \/>\n<meta name=\"twitter:site\" content=\"@ISMFRANCE\" \/>\n<meta name=\"twitter:label1\" content=\"\u00c9crit par\" \/>\n\t<meta name=\"twitter:data1\" content=\"mru_01\" \/>\n\t<meta name=\"twitter:label2\" content=\"Dur\u00e9e de lecture estim\u00e9e\" \/>\n\t<meta name=\"twitter:data2\" content=\"4 minutes\" \/>\n<script type=\"application\/ld+json\" class=\"yoast-schema-graph\">{\"@context\":\"https:\/\/schema.org\",\"@graph\":[{\"@type\":\"Article\",\"@id\":\"https:\/\/ismfrance.org\/index.php\/2025\/04\/18\/israel-controle-le-paradigme-humanitaire\/#article\",\"isPartOf\":{\"@id\":\"https:\/\/ismfrance.org\/index.php\/2025\/04\/18\/israel-controle-le-paradigme-humanitaire\/\"},\"author\":{\"name\":\"mru_01\",\"@id\":\"https:\/\/ismfrance.org\/#\/schema\/person\/3c411eb72adfaae19c0dca1f41fae01d\"},\"headline\":\"Isra\u00ebl contr\u00f4le le paradigme humanitaire\",\"datePublished\":\"2025-04-18T09:40:11+00:00\",\"mainEntityOfPage\":{\"@id\":\"https:\/\/ismfrance.org\/index.php\/2025\/04\/18\/israel-controle-le-paradigme-humanitaire\/\"},\"wordCount\":764,\"publisher\":{\"@id\":\"https:\/\/ismfrance.org\/#organization\"},\"image\":{\"@id\":\"https:\/\/ismfrance.org\/index.php\/2025\/04\/18\/israel-controle-le-paradigme-humanitaire\/#primaryimage\"},\"thumbnailUrl\":\"https:\/\/ismfrance.org\/wp-content\/uploads\/2025\/04\/cri-Gaza.png\",\"keywords\":[\"G\u00e9nocide\"],\"articleSection\":[\"Analyses\",\"Articles\"],\"inLanguage\":\"fr-FR\"},{\"@type\":\"WebPage\",\"@id\":\"https:\/\/ismfrance.org\/index.php\/2025\/04\/18\/israel-controle-le-paradigme-humanitaire\/\",\"url\":\"https:\/\/ismfrance.org\/index.php\/2025\/04\/18\/israel-controle-le-paradigme-humanitaire\/\",\"name\":\"Isra\u00ebl contr\u00f4le le paradigme humanitaire - International Solidarity Movement - ISM-France\",\"isPartOf\":{\"@id\":\"https:\/\/ismfrance.org\/#website\"},\"primaryImageOfPage\":{\"@id\":\"https:\/\/ismfrance.org\/index.php\/2025\/04\/18\/israel-controle-le-paradigme-humanitaire\/#primaryimage\"},\"image\":{\"@id\":\"https:\/\/ismfrance.org\/index.php\/2025\/04\/18\/israel-controle-le-paradigme-humanitaire\/#primaryimage\"},\"thumbnailUrl\":\"https:\/\/ismfrance.org\/wp-content\/uploads\/2025\/04\/cri-Gaza.png\",\"datePublished\":\"2025-04-18T09:40:11+00:00\",\"breadcrumb\":{\"@id\":\"https:\/\/ismfrance.org\/index.php\/2025\/04\/18\/israel-controle-le-paradigme-humanitaire\/#breadcrumb\"},\"inLanguage\":\"fr-FR\",\"potentialAction\":[{\"@type\":\"ReadAction\",\"target\":[\"https:\/\/ismfrance.org\/index.php\/2025\/04\/18\/israel-controle-le-paradigme-humanitaire\/\"]}]},{\"@type\":\"ImageObject\",\"inLanguage\":\"fr-FR\",\"@id\":\"https:\/\/ismfrance.org\/index.php\/2025\/04\/18\/israel-controle-le-paradigme-humanitaire\/#primaryimage\",\"url\":\"https:\/\/ismfrance.org\/wp-content\/uploads\/2025\/04\/cri-Gaza.png\",\"contentUrl\":\"https:\/\/ismfrance.org\/wp-content\/uploads\/2025\/04\/cri-Gaza.png\",\"width\":536,\"height\":525},{\"@type\":\"BreadcrumbList\",\"@id\":\"https:\/\/ismfrance.org\/index.php\/2025\/04\/18\/israel-controle-le-paradigme-humanitaire\/#breadcrumb\",\"itemListElement\":[{\"@type\":\"ListItem\",\"position\":1,\"name\":\"Accueil\",\"item\":\"https:\/\/ismfrance.org\/\"},{\"@type\":\"ListItem\",\"position\":2,\"name\":\"Isra\u00ebl contr\u00f4le le paradigme humanitaire\"}]},{\"@type\":\"WebSite\",\"@id\":\"https:\/\/ismfrance.org\/#website\",\"url\":\"https:\/\/ismfrance.org\/\",\"name\":\"ISM Palestine France\",\"description\":\"Soutien aux luttes de lib\u00e9ration du peuple palestinien\",\"publisher\":{\"@id\":\"https:\/\/ismfrance.org\/#organization\"},\"potentialAction\":[{\"@type\":\"SearchAction\",\"target\":{\"@type\":\"EntryPoint\",\"urlTemplate\":\"https:\/\/ismfrance.org\/?s={search_term_string}\"},\"query-input\":{\"@type\":\"PropertyValueSpecification\",\"valueRequired\":true,\"valueName\":\"search_term_string\"}}],\"inLanguage\":\"fr-FR\"},{\"@type\":\"Organization\",\"@id\":\"https:\/\/ismfrance.org\/#organization\",\"name\":\"International Solidarity Movement\",\"url\":\"https:\/\/ismfrance.org\/\",\"logo\":{\"@type\":\"ImageObject\",\"inLanguage\":\"fr-FR\",\"@id\":\"https:\/\/ismfrance.org\/#\/schema\/logo\/image\/\",\"url\":\"https:\/\/ismfrance.org\/wp-content\/uploads\/2020\/12\/00.png\",\"contentUrl\":\"https:\/\/ismfrance.org\/wp-content\/uploads\/2020\/12\/00.png\",\"width\":400,\"height\":400,\"caption\":\"International Solidarity Movement\"},\"image\":{\"@id\":\"https:\/\/ismfrance.org\/#\/schema\/logo\/image\/\"},\"sameAs\":[\"https:\/\/x.com\/ISMFRANCE\"]},{\"@type\":\"Person\",\"@id\":\"https:\/\/ismfrance.org\/#\/schema\/person\/3c411eb72adfaae19c0dca1f41fae01d\",\"name\":\"mru_01\",\"image\":{\"@type\":\"ImageObject\",\"inLanguage\":\"fr-FR\",\"@id\":\"https:\/\/secure.gravatar.com\/avatar\/3a0be343b445d2ccc79e87444a294fad2b232e90d2051d0e3cc219e1ecd6a330?s=96&d=mm&r=g\",\"url\":\"https:\/\/secure.gravatar.com\/avatar\/3a0be343b445d2ccc79e87444a294fad2b232e90d2051d0e3cc219e1ecd6a330?s=96&d=mm&r=g\",\"contentUrl\":\"https:\/\/secure.gravatar.com\/avatar\/3a0be343b445d2ccc79e87444a294fad2b232e90d2051d0e3cc219e1ecd6a330?s=96&d=mm&r=g\",\"caption\":\"mru_01\"},\"url\":\"https:\/\/ismfrance.org\/index.php\/author\/admin02\/\"}]}<\/script>\n<!-- \/ Yoast SEO plugin. -->","yoast_head_json":{"title":"Isra\u00ebl contr\u00f4le le paradigme humanitaire - International Solidarity Movement - ISM-France","robots":{"index":"index","follow":"follow","max-snippet":"max-snippet:-1","max-image-preview":"max-image-preview:large","max-video-preview":"max-video-preview:-1"},"canonical":"https:\/\/ismfrance.org\/index.php\/2025\/04\/18\/israel-controle-le-paradigme-humanitaire\/","og_locale":"fr_FR","og_type":"article","og_title":"Isra\u00ebl contr\u00f4le le paradigme humanitaire - International Solidarity Movement - ISM-France","og_description":"Ramona Wadi, 17 avril 2025. Depuis les premiers jours de la derni\u00e8re phase du g\u00e9nocide isra\u00e9lien \u00e0 Gaza, l&rsquo;aide humanitaire est devenue une arme majeure. Le 9 octobre 2023, le Lire la suite &rarr;","og_url":"https:\/\/ismfrance.org\/index.php\/2025\/04\/18\/israel-controle-le-paradigme-humanitaire\/","og_site_name":"International Solidarity Movement - ISM-France","article_published_time":"2025-04-18T09:40:11+00:00","og_image":[{"width":536,"height":525,"url":"https:\/\/ismfrance.org\/wp-content\/uploads\/2025\/04\/cri-Gaza.png","type":"image\/png"}],"author":"mru_01","twitter_card":"summary_large_image","twitter_creator":"@ISMFRANCE","twitter_site":"@ISMFRANCE","twitter_misc":{"\u00c9crit par":"mru_01","Dur\u00e9e de lecture estim\u00e9e":"4 minutes"},"schema":{"@context":"https:\/\/schema.org","@graph":[{"@type":"Article","@id":"https:\/\/ismfrance.org\/index.php\/2025\/04\/18\/israel-controle-le-paradigme-humanitaire\/#article","isPartOf":{"@id":"https:\/\/ismfrance.org\/index.php\/2025\/04\/18\/israel-controle-le-paradigme-humanitaire\/"},"author":{"name":"mru_01","@id":"https:\/\/ismfrance.org\/#\/schema\/person\/3c411eb72adfaae19c0dca1f41fae01d"},"headline":"Isra\u00ebl contr\u00f4le le paradigme humanitaire","datePublished":"2025-04-18T09:40:11+00:00","mainEntityOfPage":{"@id":"https:\/\/ismfrance.org\/index.php\/2025\/04\/18\/israel-controle-le-paradigme-humanitaire\/"},"wordCount":764,"publisher":{"@id":"https:\/\/ismfrance.org\/#organization"},"image":{"@id":"https:\/\/ismfrance.org\/index.php\/2025\/04\/18\/israel-controle-le-paradigme-humanitaire\/#primaryimage"},"thumbnailUrl":"https:\/\/ismfrance.org\/wp-content\/uploads\/2025\/04\/cri-Gaza.png","keywords":["G\u00e9nocide"],"articleSection":["Analyses","Articles"],"inLanguage":"fr-FR"},{"@type":"WebPage","@id":"https:\/\/ismfrance.org\/index.php\/2025\/04\/18\/israel-controle-le-paradigme-humanitaire\/","url":"https:\/\/ismfrance.org\/index.php\/2025\/04\/18\/israel-controle-le-paradigme-humanitaire\/","name":"Isra\u00ebl contr\u00f4le le paradigme humanitaire - International Solidarity Movement - ISM-France","isPartOf":{"@id":"https:\/\/ismfrance.org\/#website"},"primaryImageOfPage":{"@id":"https:\/\/ismfrance.org\/index.php\/2025\/04\/18\/israel-controle-le-paradigme-humanitaire\/#primaryimage"},"image":{"@id":"https:\/\/ismfrance.org\/index.php\/2025\/04\/18\/israel-controle-le-paradigme-humanitaire\/#primaryimage"},"thumbnailUrl":"https:\/\/ismfrance.org\/wp-content\/uploads\/2025\/04\/cri-Gaza.png","datePublished":"2025-04-18T09:40:11+00:00","breadcrumb":{"@id":"https:\/\/ismfrance.org\/index.php\/2025\/04\/18\/israel-controle-le-paradigme-humanitaire\/#breadcrumb"},"inLanguage":"fr-FR","potentialAction":[{"@type":"ReadAction","target":["https:\/\/ismfrance.org\/index.php\/2025\/04\/18\/israel-controle-le-paradigme-humanitaire\/"]}]},{"@type":"ImageObject","inLanguage":"fr-FR","@id":"https:\/\/ismfrance.org\/index.php\/2025\/04\/18\/israel-controle-le-paradigme-humanitaire\/#primaryimage","url":"https:\/\/ismfrance.org\/wp-content\/uploads\/2025\/04\/cri-Gaza.png","contentUrl":"https:\/\/ismfrance.org\/wp-content\/uploads\/2025\/04\/cri-Gaza.png","width":536,"height":525},{"@type":"BreadcrumbList","@id":"https:\/\/ismfrance.org\/index.php\/2025\/04\/18\/israel-controle-le-paradigme-humanitaire\/#breadcrumb","itemListElement":[{"@type":"ListItem","position":1,"name":"Accueil","item":"https:\/\/ismfrance.org\/"},{"@type":"ListItem","position":2,"name":"Isra\u00ebl contr\u00f4le le paradigme humanitaire"}]},{"@type":"WebSite","@id":"https:\/\/ismfrance.org\/#website","url":"https:\/\/ismfrance.org\/","name":"ISM Palestine France","description":"Soutien aux luttes de lib\u00e9ration du peuple palestinien","publisher":{"@id":"https:\/\/ismfrance.org\/#organization"},"potentialAction":[{"@type":"SearchAction","target":{"@type":"EntryPoint","urlTemplate":"https:\/\/ismfrance.org\/?s={search_term_string}"},"query-input":{"@type":"PropertyValueSpecification","valueRequired":true,"valueName":"search_term_string"}}],"inLanguage":"fr-FR"},{"@type":"Organization","@id":"https:\/\/ismfrance.org\/#organization","name":"International Solidarity Movement","url":"https:\/\/ismfrance.org\/","logo":{"@type":"ImageObject","inLanguage":"fr-FR","@id":"https:\/\/ismfrance.org\/#\/schema\/logo\/image\/","url":"https:\/\/ismfrance.org\/wp-content\/uploads\/2020\/12\/00.png","contentUrl":"https:\/\/ismfrance.org\/wp-content\/uploads\/2020\/12\/00.png","width":400,"height":400,"caption":"International Solidarity Movement"},"image":{"@id":"https:\/\/ismfrance.org\/#\/schema\/logo\/image\/"},"sameAs":["https:\/\/x.com\/ISMFRANCE"]},{"@type":"Person","@id":"https:\/\/ismfrance.org\/#\/schema\/person\/3c411eb72adfaae19c0dca1f41fae01d","name":"mru_01","image":{"@type":"ImageObject","inLanguage":"fr-FR","@id":"https:\/\/secure.gravatar.com\/avatar\/3a0be343b445d2ccc79e87444a294fad2b232e90d2051d0e3cc219e1ecd6a330?s=96&d=mm&r=g","url":"https:\/\/secure.gravatar.com\/avatar\/3a0be343b445d2ccc79e87444a294fad2b232e90d2051d0e3cc219e1ecd6a330?s=96&d=mm&r=g","contentUrl":"https:\/\/secure.gravatar.com\/avatar\/3a0be343b445d2ccc79e87444a294fad2b232e90d2051d0e3cc219e1ecd6a330?s=96&d=mm&r=g","caption":"mru_01"},"url":"https:\/\/ismfrance.org\/index.php\/author\/admin02\/"}]}},"_links":{"self":[{"href":"https:\/\/ismfrance.org\/index.php\/wp-json\/wp\/v2\/posts\/19758","targetHints":{"allow":["GET"]}}],"collection":[{"href":"https:\/\/ismfrance.org\/index.php\/wp-json\/wp\/v2\/posts"}],"about":[{"href":"https:\/\/ismfrance.org\/index.php\/wp-json\/wp\/v2\/types\/post"}],"author":[{"embeddable":true,"href":"https:\/\/ismfrance.org\/index.php\/wp-json\/wp\/v2\/users\/3"}],"replies":[{"embeddable":true,"href":"https:\/\/ismfrance.org\/index.php\/wp-json\/wp\/v2\/comments?post=19758"}],"version-history":[{"count":0,"href":"https:\/\/ismfrance.org\/index.php\/wp-json\/wp\/v2\/posts\/19758\/revisions"}],"wp:featuredmedia":[{"embeddable":true,"href":"https:\/\/ismfrance.org\/index.php\/wp-json\/wp\/v2\/media\/19761"}],"wp:attachment":[{"href":"https:\/\/ismfrance.org\/index.php\/wp-json\/wp\/v2\/media?parent=19758"}],"wp:term":[{"taxonomy":"category","embeddable":true,"href":"https:\/\/ismfrance.org\/index.php\/wp-json\/wp\/v2\/categories?post=19758"},{"taxonomy":"post_tag","embeddable":true,"href":"https:\/\/ismfrance.org\/index.php\/wp-json\/wp\/v2\/tags?post=19758"}],"curies":[{"name":"wp","href":"https:\/\/api.w.org\/{rel}","templated":true}]}}