{"id":19752,"date":"2025-04-18T08:51:24","date_gmt":"2025-04-18T06:51:24","guid":{"rendered":"https:\/\/ismfrance.org\/?p=19752"},"modified":"2025-04-21T19:23:42","modified_gmt":"2025-04-21T17:23:42","slug":"temoignages-de-gazaouis-la-survie-qui-sorganise-au-jour-le-jour-dans-lenfer-de-gaza-partie-367-17-avril-comment-israel-planifie-t-il-de-vider-gaza","status":"publish","type":"post","link":"https:\/\/ismfrance.org\/index.php\/2025\/04\/18\/temoignages-de-gazaouis-la-survie-qui-sorganise-au-jour-le-jour-dans-lenfer-de-gaza-partie-367-17-avril-comment-israel-planifie-t-il-de-vider-gaza\/","title":{"rendered":"T\u00e9moignages de Gazaouis : La survie qui s\u2019organise au jour le jour dans l\u2019enfer de Gaza \u2013 partie 367 \/ 17 avril \u2013\u00a0Comment Isra\u00ebl planifie-t-il de vider Gaza ?"},"content":{"rendered":"<p><span style=\"color: #000000;\"><span style=\"font-family: Arial, sans-serif;\"><span style=\"font-size: medium;\"><strong>Brigitte Challande, 18 avril 2025.-<\/strong> Le 17 avril, Abu Amir envoie ce texte qui montre avec d\u00e9tails et pr\u00e9cisions les outils \u00ab doux \u00bb du d\u00e9placement forc\u00e9 qu\u2019emploie Isra<\/span><\/span><\/span><span style=\"color: #000000;\"><span style=\"font-family: Arial, sans-serif;\"><span style=\"font-size: medium;\"><span lang=\"fr-FR\">\u00ebl\u00a0: pr\u00e9parer le terrain d\u2019une troisi\u00e8me Nakba.<\/span><\/span><\/span><\/span><\/p>\n<p><a href=\"https:\/\/ismfrance.org\/wp-content\/uploads\/2025\/04\/nakba-now.png\"><img loading=\"lazy\" decoding=\"async\" class=\"size-large wp-image-19754 aligncenter\" src=\"https:\/\/ismfrance.org\/wp-content\/uploads\/2025\/04\/nakba-now-700x700.png\" alt=\"\" width=\"600\" height=\"600\" srcset=\"https:\/\/ismfrance.org\/wp-content\/uploads\/2025\/04\/nakba-now-700x700.png 700w, https:\/\/ismfrance.org\/wp-content\/uploads\/2025\/04\/nakba-now-300x300.png 300w, https:\/\/ismfrance.org\/wp-content\/uploads\/2025\/04\/nakba-now-150x150.png 150w, https:\/\/ismfrance.org\/wp-content\/uploads\/2025\/04\/nakba-now-144x144.png 144w, https:\/\/ismfrance.org\/wp-content\/uploads\/2025\/04\/nakba-now.png 720w\" sizes=\"auto, (max-width: 600px) 100vw, 600px\" \/><\/a><\/p>\n<p><span style=\"color: #000000;\"><span style=\"font-family: Arial, sans-serif;\"><span style=\"font-size: medium;\">\u00ab\u00a0La guerre \u00e0 Gaza n\u2019est plus une simple confrontation militaire men\u00e9e \u00e0 coups de bombes : elle est devenue un projet strat\u00e9gique dont l\u2019objectif profond est de vider Gaza de sa population, en imposant une nouvelle r\u00e9alit\u00e9 d\u00e9mographique, sans d\u00e9claration officielle. Ce projet repose sur ce qu\u2019on appelle les \u00ab outils doux du d\u00e9placement forc\u00e9 \u00bb. Pas de d\u00e9portation directe, pas d\u2019ordre d\u2019\u00e9vacuation total, mais un \u00e9touffement lent, brutal, prolong\u00e9, qui pousse les gens \u00e0 partir par eux-m\u00eames, en emportant les restes de leurs maisons et de leurs souvenirs, croyant \u2013 \u00e0 tort \u2013 avoir fait ce choix librement.<\/span><\/span><\/span><\/p>\n<p><span style=\"color: #000000;\"><span style=\"font-family: Arial, sans-serif;\"><span style=\"font-size: medium;\">Ce plan ne se met pas en \u0153uvre en un jour. Il est pr\u00e9par\u00e9 depuis des ann\u00e9es, en s\u2019appuyant sur une normalisation progressive : destruction syst\u00e9matique des infrastructures, interdiction de la reconstruction, restriction de la libert\u00e9 de circulation, fermeture des points de passage, d\u00e9mant\u00e8lement des syst\u00e8mes \u00e9ducatifs et sanitaires, ciblage des terres agricoles, an\u00e9antissement des industries locales. Puis vient l\u2019\u00e9tape la plus pernicieuse : les aides internationales deviennent conditionn\u00e9es ; le discours international commence \u00e0 int\u00e9grer la notion de \u00ab relocalisation volontaire \u00bb ; des discussions \u00e9mergent sur l\u2019accueil des r\u00e9fugi\u00e9s palestiniens dans d\u2019autres pays, comme si cet exode planifi\u00e9 n\u2019\u00e9tait qu\u2019une r\u00e9ponse humanitaire temporaire \u00e0 une trag\u00e9die passag\u00e8re \u2014 et non un crime soigneusement orchestr\u00e9.<\/span><\/span><\/span><\/p>\n<p><span style=\"color: #000000;\"><span style=\"font-family: Arial, sans-serif;\"><span style=\"font-size: medium;\">Ainsi, on ne demande pas explicitement aux Palestiniens de partir ; on les pousse \u00e0 croire que fuir est leur seule chance de survivre \u00e0 la mort, \u00e0 la faim, \u00e0 la noyade sous une tente qui ne prot\u00e8ge ni de la pluie ni des bombes.<\/span><\/span><\/span><\/p>\n<p><span style=\"color: #000000;\"><span style=\"font-family: Arial, sans-serif;\"><span style=\"font-size: medium;\">Depuis le d\u00e9but de l\u2019agression d\u2019octobre 2023, Isra\u00ebl a commenc\u00e9 \u00e0 d\u00e9placer les habitants du nord vers le sud sous pr\u00e9texte de cr\u00e9er des \u00ab zones s\u00fbres \u00bb. Des tracts ont \u00e9t\u00e9 largu\u00e9s par avion, des messages envoy\u00e9s par t\u00e9l\u00e9phone portable, des avertissements publics \u00e9mis par l\u2019arm\u00e9e isra\u00e9lienne. Les gens ont fui par peur, non par conviction. Mais une fois arriv\u00e9s au sud, les bombardements les ont poursuivis, la destruction s\u2019est \u00e9tendue, et il ne leur restait plus que le passage de Rafah\u2026 ferm\u00e9, contr\u00f4l\u00e9, ouvert uniquement pour ceux qui disposent de \u00ab coordinations \u00bb ou de sommes d\u2019argent. Sortir vers l\u2019\u00c9gypte est ainsi devenu un mince fil de survie, tendu devant ceux que la guerre a d\u00e9j\u00e0 vid\u00e9s.<\/span><\/span><\/span><\/p>\n<p><span style=\"color: #000000;\"><span style=\"font-family: Arial, sans-serif;\"><span style=\"font-size: medium;\">En parall\u00e8le, une nouvelle rh\u00e9torique est apparue dans le monde : celle du \u00ab transfert humanitaire temporaire \u00bb. Des voix politiques occidentales \u00e9voquent la n\u00e9cessit\u00e9 de \u00ab trouver une solution pour les r\u00e9fugi\u00e9s \u00bb et \u00ab d\u2019ouvrir des corridors humanitaires \u00bb \u2013 mais non pas \u00e0 l\u2019int\u00e9rieur de Gaza, plut\u00f4t \u00e0 l\u2019ext\u00e9rieur. Des informations ont circul\u00e9 \u2013 parfois fuit\u00e9es, parfois assum\u00e9es \u2013 sur des pr\u00e9paratifs pour cr\u00e9er des zones d\u2019accueil dans le nord du Sina\u00ef, accompagn\u00e9s de propositions de facilit\u00e9s \u00e9gypto-occidentales pour permettre \u00e0 un nombre limit\u00e9 de Palestiniens de sortir, pr\u00e9tendument pour une \u00ab protection temporaire \u00bb. Tout cela se d\u00e9roule dans un silence international suspect, qui pr\u00e9pare le terrain \u00e0 une troisi\u00e8me Nakba\u2026 sans d\u00e9portation visible, mais par l\u2019humiliation collective, la famine organis\u00e9e, la paup\u00e9risation impos\u00e9e.<\/span><\/span><\/span><\/p>\n<p><span style=\"color: #000000;\"><span style=\"font-family: Arial, sans-serif;\"><span style=\"font-size: medium;\">Les gens ne sont plus expuls\u00e9s par les chars, mais par le d\u00e9sespoir. Quand un p\u00e8re ne trouve plus de m\u00e9dicament pour sa fille, ni de pain pour sa famille, ni d\u2019eau potable \u00e0 boire, il commence \u00e0 penser : \u00ab Et si on partait ? Et si ce cauchemar prenait fin ailleurs ? \u00bb Le d\u00e9part devient alors une id\u00e9e tentante, m\u00eame au prix de grands risques. C\u2019est ainsi qu\u2019est organis\u00e9 le d\u00e9placement aujourd\u2019hui : non par des soldats arm\u00e9s, mais par un monde qui pousse les gens au bord du gouffre\u2026 puis leur tend une corde qui ressemble au salut, mais les attache \u00e0 l\u2019exil \u00e9ternel.<\/span><\/span><\/span><\/p>\n<p><span style=\"color: #000000;\"><span style=\"font-family: Arial, sans-serif;\"><span style=\"font-size: medium;\">Ce qui se trame \u00e0 Gaza n\u2019est pas une r\u00e9ponse provisoire \u00e0 une crise passag\u00e8re, mais un projet d\u2019\u00e9limination de long terme. Un projet auquel coop\u00e8rent la puissance militaire, la diplomatie internationale, l\u2019abandon du monde arabe, l\u2019\u00e9puisement des soci\u00e9t\u00e9s, et la trahison de l\u2019humanit\u00e9. Le d\u00e9placement de Gaza n\u2019est pas un fantasme, c\u2019est une r\u00e9alit\u00e9 qui se construit, mot apr\u00e8s mot, crise apr\u00e8s crise, tente apr\u00e8s tente.<\/span><\/span><\/span><\/p>\n<p><span style=\"color: #000000;\"><span style=\"font-family: Arial, sans-serif;\"><span style=\"font-size: medium;\">Mais ce que les planificateurs ignorent, c\u2019est que cette terre ne s\u2019oublie pas. Et que son peuple, m\u00eame s\u2019il est contraint \u00e0 l\u2019exil, porte dans son c\u0153ur la carte du retour. Car la Palestine ne s\u2019efface pas. Gaza ne dispara\u00eet pas. Et les peuples qui ont travers\u00e9 les massacres ne sont pas vaincus par la peur. Ils se rel\u00e8vent des cendres\u2026 et \u00e9crivent \u00e0 nouveau leurs noms sur les murs, les champs, et sur les cl\u00e9s des maisons qui, dans leur m\u00e9moire, ne se sont jamais referm\u00e9es.\u00a0\u00bb<\/span><\/span><\/span><\/p>\n<hr \/>\n<p align=\"LEFT\"><strong>Retrouvez l\u2019ensemble des t\u00e9moignages d\u2019Abu Amir et Marsel :<\/strong><\/p>\n<p>*<strong>Abu Amir Mutasem Ele\u00efwa<\/strong>\u00a0est coordinateur des Projets paysans depuis 2016 au sud de la bande de Gaza et correspondant de l\u2019Union Juive Fran\u00e7aise pour la Paix.<\/p>\n<p>*<strong>Marsel Alledawi<\/strong>\u00a0est responsable du Centre Ibn Sina du nord de la bande de Gaza, centre qui se consacre au suivi \u00e9ducatif et psychologique de l\u2019enfance.<\/p>\n<p>Tous les deux sont soutenus par l\u2019UJFP en France.<\/p>\n<p><strong><em>Cliquez ici pour consulter les\u00a0<a href=\"https:\/\/ismfrance.org\/index.php\/temoignages-gazaouis-survie-enfer-gaza-1\/\" target=\"_blank\" rel=\"noopener\">T\u00e9moignages du 20 novembre 2023 au 5 janvier 2025.<\/a><\/em><\/strong><\/p>\n<p><a href=\"https:\/\/ismfrance.org\/index.php\/2025\/01\/07\/temoignages-de-gazaouis-la-survie-qui-sorganise-au-jour-le-jour-dans-lenfer-de-gaza-partie-270-6-janvier-un-regard-sur-gaza\/\">Partie 270<\/a>\u00a0\/ 6 janvier\u00a0;\u00a0<a href=\"https:\/\/ismfrance.org\/index.php\/2025\/01\/09\/deuxieme-hiver-sous-des-abris-de-fortune-dans-la-faim-et-la-souffrance-le-temoignage-de-madleen-seule-femme-pecheure-dans-la-bande-de-gaza\/\">Partie 271<\/a>\u00a0\/ 7 janvier\u00a0;\u00a0<a href=\"https:\/\/ismfrance.org\/index.php\/2025\/01\/09\/temoignages-de-gazaouis-la-survie-qui-sorganise-au-jour-le-jour-dans-lenfer-de-gaza-partie-272-8-janvier-agressions-sans-limite\/\">Partie 272<\/a>\u00a0: 8 janvier\u00a0;\u00a0<a href=\"https:\/\/ismfrance.org\/index.php\/2025\/01\/10\/temoignages-de-gazaouis-la-survie-qui-sorganise-au-jour-le-jour-dans-lenfer-de-gaza-partie-273-10-janvier-fournitures-dhiver-pour-les-camps-de-d\/\">Partie 273<\/a>\u00a0: 10 janvier\u00a0;\u00a0<a href=\"https:\/\/ismfrance.org\/index.php\/2025\/01\/11\/temoignages-de-gazaouis-la-survie-qui-sorganise-au-jour-le-jour-dans-lenfer-de-gaza-partie-274-11-janvier-distribution-alimentaire-les-6-7-et-8-janvier\/\">Partie 274<\/a>\u00a0\/ 11 janvier ;\u00a0<a href=\"https:\/\/ismfrance.org\/index.php\/2025\/01\/11\/temoignages-de-gazaouis-la-survie-qui-sorganise-au-jour-le-jour-dans-lenfer-de-gaza-partie-275-11-janvier-1-rapport-complet-sur-la-situation-generale-dans-l\/\">Partie 275<\/a>\u00a0\/ 11 janvier (1) ;\u00a0<a href=\"https:\/\/ismfrance.org\/index.php\/2025\/01\/12\/temoignages-de-gazaouis-la-survie-qui-sorganise-au-jour-le-jour-dans-lenfer-de-gaza-partie-276-12-janvier-des-actions-persistantes-dans-les-camps-d\/\">Partie 276<\/a>\u00a0: 12 janvier ;\u00a0<a href=\"https:\/\/ismfrance.org\/index.php\/2025\/01\/14\/temoignages-de-gazaouis-la-survie-qui-sorganise-au-jour-le-jour-dans-lenfer-de-gaza-partie-277-13-janvier-massacres-continus-et-espoir-de-treve-imminent\/\">Partie 277<\/a>\u00a0: 13 janvier ;<a href=\"https:\/\/ismfrance.org\/index.php\/2025\/01\/15\/temoignages-de-gazaouis-la-survie-qui-sorganise-au-jour-le-jour-dans-lenfer-de-gaza-partie-278-14-janvier-initiative-pain-despoir\/\">\u00a0Partie 278<\/a>\u00a0: 14 janvier.\u00a0<a href=\"https:\/\/ismfrance.org\/index.php\/2025\/01\/16\/temoignages-de-gazaouis-la-survie-qui-sorganise-au-jour-le-jour-dans-lenfer-de-gaza-partie-279-15-janvier-apres-lannonce-dun-cess\/\">Partie 279<\/a>\u00a0: 15 janvier.\u00a0<a href=\"https:\/\/ismfrance.org\/index.php\/2025\/01\/17\/17518\/\">Partie 280<\/a>\u00a0: 16 janvier.\u00a0<a href=\"https:\/\/ismfrance.org\/index.php\/2025\/01\/17\/temoignages-de-gazaouis-la-survie-qui-sorganise-au-jour-le-jour-dans-lenfer-de-gaza-partie-280-16-janvier-un-accord-dans-un-ciel-tres-sombre\/\">Partie 281<\/a>\u00a0: 16 janvier (1).\u00a0<a href=\"https:\/\/ismfrance.org\/index.php\/2025\/01\/18\/temoignages-de-gazaouis-la-survie-qui-sorganise-au-jour-le-jour-dans-lenfer-de-gaza-partie-282-17-janvier-laccord-une-joie-teintee\/\">Partie 282<\/a>\u00a0: 17 janvier.\u00a0<a href=\"https:\/\/ismfrance.org\/index.php\/2025\/01\/19\/temoignages-de-gazaouis-la-survie-qui-sorganise-au-jour-le-jour-dans-lenfer-de-gaza-partie-283-18-janvier-laccord-vu-de-gaza-calme\/\">Partie 283<\/a>\u00a0: 18 janvier.\u00a0<a href=\"https:\/\/ismfrance.org\/index.php\/2025\/01\/20\/temoignages-de-gazaouis-la-survie-qui-sorganise-au-jour-le-jour-dans-lenfer-de-gaza-partie-284-18-janvier-1-saison-de-la-recolte-de-lespoir-pour\/\">Partie 284<\/a>\u00a0: 18 janvier\/1.<a href=\"https:\/\/ismfrance.org\/index.php\/2025\/01\/21\/temoignages-de-gazaouis-la-survie-qui-sorganise-au-jour-le-jour-dans-lenfer-de-gaza-partie-285-19-20-janvier-la-joie-de-la-treve-melee-au-choc-de-la-dec\/\">\u00a0Partie 285<\/a>\u00a0: 19-20 janvier.\u00a0<a href=\"https:\/\/ismfrance.org\/index.php\/2025\/01\/22\/temoignages-de-gazaouis-la-survie-qui-sorganise-au-jour-le-jour-dans-lenfer-de-gaza-partie-286-22-janvier-israel-reprendra-t-il-la-guerre-apres-avo\/\">Partie 286<\/a>\u00a0: 22 janvier.\u00a0<a href=\"https:\/\/ismfrance.org\/index.php\/2025\/01\/23\/17722\/\">Partie 287<\/a>\u00a0: 22 janvier (1).\u00a0<a href=\"https:\/\/ismfrance.org\/index.php\/2025\/01\/24\/temoignages-de-gazaouis-la-survie-qui-sorganise-au-jour-le-jour-dans-lenfer-de-gaza-partie-288-23-janvier-dans-le-defi-que-represente-la-situation-le-tr\/\">Partie 288<\/a>\u00a0: 23 janvier.\u00a0<a href=\"https:\/\/ismfrance.org\/index.php\/2025\/01\/25\/temoignages-de-gazaouis-la-survie-qui-sorganise-au-jour-le-jour-dans-lenfer-de-gaza-partie-289-23-janvier-1-une-tragedie-continue\/\">Partie 289<\/a>\u00a0: 23 janvier (1).\u00a0<a href=\"https:\/\/ismfrance.org\/index.php\/2025\/01\/26\/temoignages-de-gazaouis-la-survie-qui-sorganise-au-jour-le-jour-dans-lenfer-de-gaza-partie-290-25-janvier-preparer-les-femmes-au-retour-dans-leurs-regions-d\/\">Partie 290<\/a>\u00a0: 25 janvier.\u00a0<a href=\"https:\/\/ismfrance.org\/index.php\/2025\/01\/27\/temoignages-de-gazaouis-la-survie-qui-sorganise-au-jour-le-jour-dans-lenfer-de-gaza-partie-291-26-janvier-les-terribles-conditions-du-retour-chez-soi-pou\/\">Partie 291<\/a>\u00a0: 26 janvier.<a href=\"https:\/\/ismfrance.org\/index.php\/2025\/01\/27\/temoignages-de-gazaouis-la-survie-qui-sorganise-au-jour-le-jour-dans-lenfer-de-gaza-partie-292-27-janvier-contexte-menacant-pour-le-retour-des-gazaouis-d\/\">\u00a0Partie 292<\/a>\u00a0: 27 janvier.\u00a0<a href=\"https:\/\/ismfrance.org\/index.php\/2025\/01\/29\/temoignages-de-gazaouis-la-survie-qui-sorganise-au-jour-le-jour-dans-lenfer-de-gaza-partie-293-28-janvier-une-description-frappante-la-tragedie-de\/\">Partie 293<\/a>\u00a0: 28 janvier.\u00a0<a href=\"https:\/\/ismfrance.org\/index.php\/2025\/01\/29\/temoignages-de-gazaouis-la-survie-qui-sorganise-au-jour-le-jour-dans-lenfer-de-gaza-partie-294-28-janvier-retour-de-zakaria-baker-pecheur-au-port-de-gaza\/\">Partie 294<\/a>\u00a0: 28 janvier (1).\u00a0<a href=\"https:\/\/ismfrance.org\/index.php\/2025\/01\/29\/temoignages-de-gazaouis-la-survie-qui-sorganise-au-jour-le-jour-dans-lenfer-de-gaza-partie-295-29-janvier-entre-deplacement-et-retour\/\">Partie 295<\/a>\u00a0: 29 janvier.<a href=\"https:\/\/ismfrance.org\/index.php\/2025\/01\/31\/temoignages-de-gazaouis-la-survie-qui-sorganise-au-jour-le-jour-dans-lenfer-de-gaza-partie-296-30-janvier-survivre-dans-le-nord-de-gaza-et-distribution-d\/\">\u00a0Partie 296<\/a>\u00a0: 30 janvier.\u00a0<a href=\"https:\/\/ismfrance.org\/index.php\/2025\/02\/01\/temoignages-de-gazaouis-la-survie-qui-sorganise-au-jour-le-jour-dans-lenfer-de-gaza-partie-297-31-janvier-dans-les-camps-de-deplaces-une-lutte-constant\/\">Partie 297<\/a>\u00a0: 31 janvier.\u00a0<a href=\"https:\/\/ismfrance.org\/index.php\/2025\/02\/02\/temoignages-de-gazaouis-la-survie-qui-sorganise-au-jour-le-jour-dans-lenfer-de-gaza-partie-298-1er-fevrier-dans-le-nord-de-la-bande-de-gaza-entre-la-fai\/\">Partie 298<\/a>\u00a0: 1er f\u00e9vrier.\u00a0<a href=\"https:\/\/ismfrance.org\/index.php\/2025\/02\/03\/temoignages-de-gazaouis-la-survie-qui-sorganise-au-jour-le-jour-dans-lenfer-de-gaza-partie-299-1er-fevrier-1-tenacite-persistance-regularite-main\/\">Partie 299<\/a>\u00a0: 1er f\u00e9vrier (1).\u00a0<a href=\"ttps:\/\/ismfrance.org\/index.php\/2025\/02\/03\/temoignages-de-gazaouis-la-survie-qui-sorganise-au-jour-le-jour-dans-lenfer-de-gaza-partie-300-2-fevrier-voyage-vers-le-nord\/\">Partie 300<\/a>\u00a0: 2 f\u00e9vrier.<a href=\"https:\/\/ismfrance.org\/index.php\/2025\/02\/05\/temoignages-de-gazaouis-la-survie-qui-sorganise-au-jour-le-jour-dans-lenfer-de-gaza-partie-301-4-fevrier-le-scenario-de-guerre-se-deplace-vers-la-cisjorda\/\">\u00a0Partie 301<\/a>\u00a0: 4 f\u00e9vrier.\u00a0<a href=\"https:\/\/ismfrance.org\/index.php\/2025\/02\/06\/temoignages-de-gazaouis-la-survie-qui-sorganise-au-jour-le-jour-dans-lenfer-de-gaza-partie-302-5-fevrier-la-crise-humanitaire-a-gaza-une-tragedie-qui-s\/\">Partie 302<\/a>\u00a0: 5 f\u00e9vrier.\u00a0<a href=\"https:\/\/ismfrance.org\/index.php\/2025\/02\/06\/temoignages-de-gazaouis-la-survie-qui-sorganise-au-jour-le-jour-dans-lenfer-de-gaza-partie-303-6-fevrier-poursuite-du-ciblage-israelien-contre-les-civils\/\">Partie 303<\/a>\u00a0: 6 f\u00e9vrier.\u00a0<a href=\"https:\/\/ismfrance.org\/index.php\/2025\/02\/07\/temoignages-de-gazaouis-la-survie-qui-sorganise-au-jour-le-jour-dans-lenfer-de-gaza-partie-304-7-fevrier-les-enfants-lavenir-et-lespoir\/\">Partie 304<\/a>\u00a0: 7 f\u00e9vrier.\u00a0<a href=\"https:\/\/ismfrance.org\/index.php\/2025\/02\/08\/temoignages-de-gazaouis-la-survie-qui-sorganise-au-jour-le-jour-dans-lenfer-de-gaza-partie-305-7-fevrier-1-des-nuits-eprouvantes-froid-meurtrier-corps-sou\/\">Partie 305<\/a>\u00a0: 7 f\u00e9vrier (1).\u00a0<a href=\"https:\/\/ismfrance.org\/index.php\/2025\/02\/09\/temoignages-de-gazaouis-la-survie-qui-sorganise-au-jour-le-jour-dans-lenfer-de-gaza-partie-306-8-fevrier-soutenir-les-femmes-tous-les-deplace-e-s-et-surtout-l\/\">Partie 306<\/a>\u00a0: 8 f\u00e9vrier.\u00a0<a href=\"https:\/\/ismfrance.org\/index.php\/2025\/02\/11\/temoignages-de-gazaouis-la-survie-qui-sorganise-au-jour-le-jour-dans-lenfer-de-gaza-partie-307-9-fevrier-renforcement-de-lagriculture-et-amelior\/\">Partie 307<\/a>\u00a0: 9 f\u00e9vrier.\u00a0<a href=\"https:\/\/ismfrance.org\/index.php\/2025\/02\/12\/temoignages-de-gazaouis-la-survie-qui-sorganise-au-jour-le-jour-dans-lenfer-de-gaza-partie-308-10-fevrier-nord-de-gaza-une-crise-de-leau-dans-un-cont\/\">Partie 308<\/a>\u00a0: 10 f\u00e9vrier.\u00a0<a href=\"https:\/\/ismfrance.org\/index.php\/2025\/02\/12\/temoignages-de-gazaouis-la-survie-qui-sorganise-au-jour-le-jour-dans-lenfer-de-gaza-partie-309-11-fevrier-lavenir-de-gaza-est-dans-le-vent\/\">Partie 309<\/a>\u00a0: 11 f\u00e9vrier.\u00a0<a href=\"https:\/\/ismfrance.org\/index.php\/2025\/02\/13\/temoignages-de-gazaouis-la-survie-qui-sorganise-au-jour-le-jour-dans-lenfer-de-gaza-partie-310-12-fevrier-suivi-des-conditions-de-vie-des-agriculteurs-a-les\/\">Partie 310<\/a>\u00a0: 12 f\u00e9vrier.\u00a0<a href=\"https:\/\/ismfrance.org\/index.php\/2025\/02\/16\/temoignages-de-gazaouis-la-survie-qui-sorganise-au-jour-le-jour-dans-lenfer-de-gaza-partie-311-14-fevrier-la-crise-humanitaire-le-chomage-la-soif-et-l\/\">Partie 311<\/a>\u00a0: 14 f\u00e9vrier.\u00a0<a href=\"https:\/\/ismfrance.org\/index.php\/2025\/02\/16\/temoignages-de-gazaouis-la-survie-qui-sorganise-au-jour-le-jour-dans-lenfer-de-gaza-partie-312-15-fevrier-importance-de-leducation-et-du-soutien\/\">Partie 312<\/a>\u00a0: 15 f\u00e9vrier.\u00a0<a href=\"https:\/\/ismfrance.org\/index.php\/2025\/02\/17\/temoignages-de-gazaouis-la-survie-qui-sorganise-au-jour-le-jour-dans-lenfer-de-gaza-partie-313-15-fevrier-1-gaza-continue-de-crier-mais-qui-le\/\">Partie 313<\/a>\u00a0: 15 f\u00e9vrier (1).\u00a0<a href=\"https:\/\/ismfrance.org\/index.php\/2025\/02\/19\/temoignages-de-gazaouis-la-survie-qui-sorganise-au-jour-le-jour-dans-lenfer-de-gaza-partie-314-18-fevrier-une-tristesse-infinie\/\">Partie 314<\/a>\u00a0: 18 f\u00e9vrier.\u00a0<a href=\"https:\/\/ismfrance.org\/index.php\/2025\/02\/19\/temoignages-de-gazaouis-la-survie-qui-sorganise-au-jour-le-jour-dans-lenfer-de-gaza-partie-315-18-fevrier-1-colis-de-secours-pour-les-personnes-deplacees-da\/\">Partie 315<\/a>\u00a0: 18 f\u00e9vrier (1).\u00a0<a href=\"https:\/\/ismfrance.org\/index.php\/2025\/02\/20\/temoignages-de-gazaouis-la-survie-qui-sorganise-au-jour-le-jour-dans-lenfer-de-gaza-partie-316-18-fevrier-2-des-nouvelles-de-madleen-femme-pecheur-a-g\/\">Partie 316<\/a>\u00a0: 18 f\u00e9vrier (2).\u00a0<a href=\"https:\/\/ismfrance.org\/index.php\/2025\/02\/20\/temoignages-de-gazaouis-la-survie-qui-sorganise-au-jour-le-jour-dans-lenfer-de-gaza-partie-317-19-fevrier-le-secteur-agricole-entre-destruction-et-fami\/\">Partie 317<\/a>\u00a0: 19 f\u00e9vrier.\u00a0<a href=\"https:\/\/ismfrance.org\/index.php\/2025\/02\/21\/temoignages-de-gazaouis-la-survie-qui-sorganise-au-jour-le-jour-dans-lenfer-de-gaza-partie-318-20-fevrier-quen-est-il-de-la-deuxieme-phase-de-l\/\">Partie 318<\/a>\u00a0: 20 f\u00e9vrier.\u00a0<a href=\"https:\/\/ismfrance.org\/index.php\/2025\/02\/22\/temoignages-de-gazaouis-la-survie-qui-sorganise-au-jour-le-jour-dans-lenfer-de-gaza-partie-319-21-fevrier-la-destruction-des-secteurs-productifs\/\">Partie 319<\/a>\u00a0: 21 f\u00e9vrier.\u00a0<a href=\"https:\/\/ismfrance.org\/index.php\/2025\/02\/24\/temoignages-de-gazaouis-la-survie-qui-sorganise-au-jour-le-jour-dans-lenfer-de-gaza-partie-320-22-fevrier-gaza-compte-rendu-hebdomadaire-des-activ\/\">Partie 320<\/a>\u00a0: 22 f\u00e9vrier.\u00a0<a href=\"https:\/\/ismfrance.org\/index.php\/2025\/02\/25\/temoignages-de-gazaouis-la-survie-qui-sorganise-au-jour-le-jour-dans-lenfer-de-gaza-partie-321-23-fevrier-une-tentative-de-regarder-en-face-la-situation\/\">Partie 321<\/a>\u00a0: 23 f\u00e9vrier.\u00a0<a href=\"https:\/\/ismfrance.org\/index.php\/2025\/02\/25\/temoignages-de-gazaouis-la-survie-qui-sorganise-au-jour-le-jour-dans-lenfer-de-gaza-partie-322-24-fevrier-le-recit-dune-femme-dans-le-ven\/\">Partie 322<\/a>\u00a0: 24 f\u00e9vrier.\u00a0<a href=\"https:\/\/ismfrance.org\/index.php\/2025\/02\/26\/temoignages-de-gazaouis-la-survie-qui-sorganise-au-jour-le-jour-dans-lenfer-de-gaza-partie-323-25-fevrier-gaza-sous-lemprise-du-froid-et-dun\/\">Partie 323<\/a>\u00a0: 25 f\u00e9vrier.\u00a0<a href=\"https:\/\/ismfrance.org\/index.php\/2025\/02\/28\/temoignages-de-gazaouis-la-survie-qui-sorganise-au-jour-le-jour-dans-lenfer-de-gaza-partie-324-27-fevrier-aggravation-de-la-crise-economique-pour-les-familles\/\">Partie 324<\/a>\u00a0: 27 f\u00e9vrier.\u00a0<a href=\"https:\/\/ismfrance.org\/index.php\/2025\/03\/01\/temoignages-de-gazaouis-la-survie-qui-sorganise-au-jour-le-jour-dans-lenfer-de-gaza-partie-325-28-fevrier-encore-une-semaine-pleine-dactivites-d\/\">Partie 325<\/a>\u00a0: 28 f\u00e9vrier.\u00a0<a href=\"ttps:\/\/ismfrance.org\/index.php\/2025\/03\/02\/temoignages-de-gazaouis-la-survie-qui-sorganise-au-jour-le-jour-dans-lenfer-de-gaza-partie-326-1er-mars-dans-lhumiliation-de-lattente\/\">Partie 326<\/a>\u00a0: 1er mars.\u00a0<a href=\"https:\/\/ismfrance.org\/index.php\/2025\/03\/06\/temoignages-de-gazaouis-la-survie-qui-sorganise-au-jour-le-jour-dans-lenfer-de-gaza-partie-327-5-mars-violations-et-escalades-des-sanctions-commises-par-israe\/\">Partie 327<\/a>\u00a0: 5 mars.\u00a0<a href=\"https:\/\/ismfrance.org\/index.php\/2025\/03\/07\/temoignages-de-gazaouis-la-survie-qui-sorganise-au-jour-le-jour-dans-lenfer-de-gaza-partie-328-6-mars-sous-blocus-et-fermeture-des-passages-la-crise-hum\/\">Partie 328<\/a>\u00a0: 6 mars.\u00a0<a href=\"https:\/\/ismfrance.org\/index.php\/2025\/03\/10\/temoignages-de-gazaouis-la-survie-qui-sorganise-au-jour-le-jour-dans-lenfer-de-gaza-partie-329-9-mars-scenarios-pour-gaza-entre-prolongation-de-la-treve-et-reprise\/\">Partie 329<\/a>\u00a0: 9 mars.\u00a0<a href=\"https:\/\/ismfrance.org\/index.php\/2025\/03\/11\/temoignages-de-gazaouis-la-survie-qui-sorganise-au-jour-le-jour-dans-lenfer-de-gaza-partie-330-10-mars-a-gaza-aussi-les-femmes-sont-la-moitie-du-ciel\/\">Partie 330<\/a>\u00a0: 10 mars.\u00a0<a href=\"https:\/\/ismfrance.org\/index.php\/2025\/03\/12\/temoignages-de-gazaouis-la-survie-qui-sorganise-au-jour-le-jour-dans-lenfer-de-gaza-partie-331-11-mars-une-realite-accablante-le-secteur-agricole-est-l\/\">Partie 331<\/a>\u00a0: 11 mars.\u00a0<a href=\"https:\/\/ismfrance.org\/index.php\/2025\/03\/13\/temoignages-de-gazaouis-la-survie-qui-sorganise-au-jour-le-jour-dans-lenfer-de-gaza-partie-332-12-mars-fermeture-des-points-de-passage-menace-de-famine\/\">Partie 332<\/a>\u00a0: 12 mars.\u00a0<a href=\"https:\/\/ismfrance.org\/index.php\/2025\/03\/14\/temoignages-de-gazaouis-la-survie-qui-sorganise-au-jour-le-jour-dans-lenfer-de-gaza-partie-333-13-mars-la-guerre-vole-la-joie-du-ramadan\/\">Partie 333<\/a>\u00a0: 13 mars.\u00a0<a href=\"https:\/\/ismfrance.org\/index.php\/2025\/03\/15\/temoignages-de-gazaouis-la-survie-qui-sorganise-au-jour-le-jour-dans-lenfer-de-gaza-partie-334-14-mars-menaces-graves-sur-la-vie-quotidienne-des-gazaoui-e-s\/\">Partie 334<\/a>\u00a0: 14 mars.\u00a0<a href=\"https:\/\/ismfrance.org\/index.php\/2025\/03\/17\/temoignages-de-gazaouis-la-survie-qui-sorganise-au-jour-le-jour-dans-lenfer-de-gaza-partie-335-15-mars-aucun-peuple-ne-peut-se-relever-dun-confl\/\">Partie 335<\/a>\u00a0: 15 mars.<a href=\"https:\/\/ismfrance.org\/index.php\/2025\/03\/17\/temoignages-de-gazaouis-la-survie-qui-sorganise-au-jour-le-jour-dans-lenfer-de-gaza-partie-336-16-mars-distribution-de-colis-alimentaires-pour-les-pecheu\/\">\u00a0Partie 336<\/a>\u00a0: 16 mars.\u00a0<a href=\"https:\/\/ismfrance.org\/index.php\/2025\/03\/18\/temoignages-de-gazaouis-la-survie-qui-sorganise-au-jour-le-jour-dans-lenfer-de-gaza-partie-337-16-mars-1-le-ramadan-un-mois-de-jeune-a-lombre\/\">Partie 337<\/a>\u00a0: 16 mars (1).\u00a0<a href=\"https:\/\/ismfrance.org\/index.php\/2025\/03\/18\/temoignages-de-gazaouis-la-survie-qui-sorganise-au-jour-le-jour-dans-lenfer-de-gaza-partie-338-18-mars-alerte-les-massacres-de-larmee-israelienne-r\/\">Partie 338<\/a>\u00a0: 18 mars.\u00a0<a href=\"https:\/\/ismfrance.org\/index.php\/2025\/03\/19\/temoignages-de-gazaouis-la-survie-qui-sorganise-au-jour-le-jour-dans-lenfer-de-gaza-partie-339-18-mars-1-les-raids-continuent\/\">Partie 339<\/a>\u00a0: 18 mars (1).\u00a0<a href=\"https:\/\/ismfrance.org\/index.php\/2025\/03\/20\/temoignages-de-gazaouis-la-survie-qui-sorganise-au-jour-le-jour-dans-lenfer-de-gaza-partie-340-19-mars-menaces-dune-operation-terrestre-israelie\/\">Partie 340<\/a>\u00a0: 19 mars.\u00a0<a href=\"https:\/\/ismfrance.org\/index.php\/2025\/03\/20\/temoignages-de-gazaouis-la-survie-qui-sorganise-au-jour-le-jour-dans-lenfer-de-gaza-partie-341-20-mars-expansion-des-operations-militaires-et-aggravation\/\">Partie 341<\/a>\u00a0: 20 mars.\u00a0<a href=\"https:\/\/ismfrance.org\/index.php\/2025\/03\/22\/temoignages-de-gazaouis-la-survie-qui-sorganise-au-jour-le-jour-dans-lenfer-de-gaza-partie-342-21-mars-persister-dans-les-actions-de-soutien-vital-pour-l\/\">Partie 342<\/a>\u00a0: 21 mars.\u00a0<a href=\"https:\/\/ismfrance.org\/index.php\/2025\/03\/23\/temoignages-de-gazaouis-la-survie-qui-sorganise-au-jour-le-jour-dans-lenfer-de-gaza-partie-343-22-mars-rien-a-gaza-aujourdhui-ne-ressemble-a-la-vie\/\">Partie 343<\/a>\u00a0: 22 mars.\u00a0<a href=\"https:\/\/ismfrance.org\/index.php\/2025\/03\/24\/temoignages-de-gazaouis-la-survie-qui-sorganise-au-jour-le-jour-dans-lenfer-de-gaza-partie-344-23-mars-ecrivez-sur-nous-avant-que-nous-ne\/\">Partie 344<\/a>\u00a0: 23 mars.\u00a0<a href=\"https:\/\/ismfrance.org\/index.php\/2025\/03\/26\/temoignages-de-gazaouis-la-survie-qui-sorganise-au-jour-le-jour-dans-lenfer-de-gaza-partie-345-25-mars-malgre-la-guerre-je-suis-revenu-semer-la-vie\/\">Partie 345<\/a>\u00a0: 25 mars.<a href=\"https:\/\/ismfrance.org\/index.php\/2025\/03\/27\/temoignages-de-gazaouis-la-survie-qui-sorganise-au-jour-le-jour-dans-lenfer-de-gaza-partie-346-26-mars-impasse-des-efforts-de-treve-et-escalade-des-tensi\/\">\u00a0Partie 346<\/a>\u00a0: 26 mars.\u00a0<a href=\"https:\/\/ismfrance.org\/index.php\/2025\/03\/28\/temoignages-de-gazaouis-la-survie-qui-sorganise-au-jour-le-jour-dans-lenfer-de-gaza-partie-347-27-mars-redonner-vie-a-leau-a-la-terre-et-a-l\/\">Partie 347<\/a>\u00a0: 27 mars.\u00a0<a href=\"https:\/\/ismfrance.org\/index.php\/2025\/03\/29\/temoignages-de-gazaouis-la-survie-qui-sorganise-au-jour-le-jour-dans-lenfer-de-gaza-partie-348-28-mars-le-coeur-du-drame-gaza-sous-le-feu-entre-massac\/\">Partie 348<\/a>\u00a0: 28 mars.\u00a0<a href=\"https:\/\/ismfrance.org\/index.php\/2025\/03\/29\/temoignages-de-gazaouis-la-survie-qui-sorganise-au-jour-le-jour-dans-lenfer-de-gaza-partie-349-29-mars-comment-porter-nos-enfants-dans-la-tempete-sous\/\">Partie 349<\/a>\u00a0: 29 mars.\u00a0<a href=\"https:\/\/ismfrance.org\/index.php\/2025\/03\/31\/temoignages-de-gazaouis-la-survie-qui-sorganise-au-jour-le-jour-dans-lenfer-de-gaza-partie-350-30-mars-a-gaza-laid-une-fete-qui-nest-p\/\">Partie 350<\/a>\u00a0: 30 mars.\u00a0<a href=\"https:\/\/ismfrance.org\/index.php\/2025\/04\/01\/temoignages-de-gazaouis-la-survie-qui-sorganise-au-jour-le-jour-dans-lenfer-de-gaza-partie-351-31-mars-la-terre-contre-la-reddition-netanyahu-promoteur\/\">Partie 351<\/a>\u00a0: 31 mars.\u00a0<a href=\"https:\/\/ismfrance.org\/index.php\/2025\/04\/02\/temoignages-de-gazaouis-la-survie-qui-sorganise-au-jour-le-jour-dans-lenfer-de-gaza-partie-352-1er-avril-des-cris-sous-les-decombres\/\">Partie 352<\/a>\u00a0: 1er avril.<a href=\"https:\/\/ismfrance.org\/index.php\/2025\/04\/03\/temoignages-de-gazaouis-la-survie-qui-sorganise-au-jour-le-jour-dans-lenfer-de-gaza-partie-353-3-avril-gaza-saigne-et-le-monde-regarde\/\">\u00a0Partie 353<\/a>\u00a0 : 3 avril.\u00a0<a href=\"https:\/\/ismfrance.org\/index.php\/2025\/04\/04\/temoignages-de-gazaouis-la-survie-qui-sorganise-au-jour-le-jour-dans-lenfer-de-gaza-partie-354-3-avril-1-des-operations-militaires-pour-annexer-tout-le-terr\/\">Partie 354<\/a>\u00a0: 3 avril (1).\u00a0<a href=\"https:\/\/ismfrance.org\/index.php\/2025\/04\/05\/temoignages-de-gazaouis-la-survie-qui-sorganise-au-jour-le-jour-dans-lenfer-de-gaza-partie-355-4-avril-au-coeur-de-gaza-assiegee-quand-lespoir\/\">Partie 355<\/a>\u00a0: 4 avril.\u00a0<a href=\"https:\/\/ismfrance.org\/index.php\/2025\/04\/06\/temoignages-de-gazaouis-la-survie-qui-sorganise-au-jour-le-jour-dans-lenfer-de-gaza-partie-356-5-avril-gaza-sous-le-feu\/\">Partie 356<\/a>\u00a0: 5 avril.\u00a0<a href=\"https:\/\/ismfrance.org\/index.php\/2025\/04\/06\/temoignages-de-gazaouis-la-survie-qui-sorganise-au-jour-le-jour-dans-lenfer-de-gaza-partie-357-5-avril-1-a-gaza-il-y-a-encore-ceux-qui-travaillent-qu\/\">Partie 357<\/a>\u00a0: 5 avril (1).\u00a0<a href=\"https:\/\/ismfrance.org\/index.php\/2025\/04\/07\/temoignages-de-gazaouis-la-survie-qui-sorganise-au-jour-le-jour-dans-lenfer-de-gaza-partie-358-6-avril-les-equipes-de-lujfp-poursuivent-leur-tra\/\">Partie 358<\/a>\u00a0: 6 avril.<a href=\"https:\/\/ismfrance.org\/index.php\/2025\/04\/08\/temoignages-de-gazaouis-la-survie-qui-sorganise-au-jour-le-jour-dans-lenfer-de-gaza-partie-359-7-avril-lenfer-sur-terre-sous-les-yeux-du-monde\/\">\u00a0Partie 359<\/a>\u00a0: 7 avril.\u00a0<a href=\"https:\/\/ismfrance.org\/index.php\/2025\/04\/10\/temoignages-de-gazaouis-la-survie-qui-sorganise-au-jour-le-jour-dans-lenfer-de-gaza-partie-360-9-avril-comment-raconter-gaza\/\">Partie 360<\/a>\u00a0: 9 avril.\u00a0<a href=\"https:\/\/ismfrance.org\/index.php\/2025\/04\/11\/temoignages-de-gazaouis-la-survie-qui-sorganise-au-jour-le-jour-dans-lenfer-de-gaza-partie-361-10-avril-vivants-sous-les-decombres-morts-aux-yeux\/\">Partie 361<\/a>\u00a0: 10 avril.\u00a0<a href=\"https:\/\/ismfrance.org\/index.php\/2025\/04\/12\/temoignages-de-gazaouis-la-survie-qui-sorganise-au-jour-le-jour-dans-lenfer-de-gaza-partie-362-11-avril-espoirs-et-ambitions-des-femmes-de-gaza-pendant-l\/\">Partie 362<\/a>\u00a0: 11 avril.\u00a0<a href=\"https:\/\/ismfrance.org\/index.php\/2025\/04\/13\/temoignages-de-gazaouis-la-survie-qui-sorganise-au-jour-le-jour-dans-lenfer-de-gaza-partie-363-12-avril-gaza-sous-le-feu-bombardements-incessants-et-f\/\">Partie 363<\/a>\u00a0: 12 avril.\u00a0<a href=\"https:\/\/ismfrance.org\/index.php\/2025\/04\/16\/temoignages-de-gazaouis-la-survie-qui-sorganise-au-jour-le-jour-dans-lenfer-de-gaza-partie-365-15-avril-gaza-dans-le-miroir-du-silence-international\/\">Partie 364<\/a> : 15 avril. <a href=\"https:\/\/ismfrance.org\/index.php\/2025\/04\/17\/temoignages-de-gazaouis-la-survie-qui-sorganise-au-jour-le-jour-dans-lenfer-de-gaza-partie-366-16-avril-a-gaza-la-faim-est-devenue-lultime-arme-de-m\/\">Partie 365<\/a> : 16 avril.<\/p>\n<p><strong>Pour participer \u00e0 la collecte \u00ab Urgence Guerre \u00e0 Gaza \u00bb :\u00a0<a href=\"https:\/\/www.helloasso.com\/associations\/union-juive-francaise-pour-la-paix\/collectes\/urgence-guerre-a-gaza\">HelloAsso.com<\/a><\/strong><br \/>\n<strong>Les t\u00e9moignages sont \u00e9galement publi\u00e9s sur\u00a0<a href=\"https:\/\/ujfp.org\/\">UJFP<\/a>,\u00a0<a href=\"https:\/\/altermidi.org\/\">Altermidi<\/a>\u00a0et sur\u00a0<a href=\"https:\/\/lepoing.net\/\">Le Poing<\/a>.<\/strong><\/p>\n","protected":false},"excerpt":{"rendered":"<p>Brigitte Challande, 18 avril 2025.- Le 17 avril, Abu Amir envoie ce texte qui montre avec d\u00e9tails et pr\u00e9cisions les outils \u00ab doux \u00bb du d\u00e9placement forc\u00e9 qu\u2019emploie Isra\u00ebl\u00a0: pr\u00e9parer <a class=\"more-link\" href=\"https:\/\/ismfrance.org\/index.php\/2025\/04\/18\/temoignages-de-gazaouis-la-survie-qui-sorganise-au-jour-le-jour-dans-lenfer-de-gaza-partie-367-17-avril-comment-israel-planifie-t-il-de-vider-gaza\/\">Lire la suite &rarr;<\/a><\/p>\n","protected":false},"author":3,"featured_media":19754,"comment_status":"closed","ping_status":"closed","sticky":false,"template":"","format":"standard","meta":{"footnotes":""},"categories":[2,13],"tags":[156,238,45,29],"class_list":["post-19752","post","type-post","status-publish","format-standard","has-post-thumbnail","hentry","category-articles","category-temoignages","tag-genocide","tag-nakba","tag-nettoyage-ethnique","tag-refugies"],"yoast_head":"<!-- This site is optimized with the Yoast SEO plugin v27.2 - https:\/\/yoast.com\/product\/yoast-seo-wordpress\/ -->\n<title>T\u00e9moignages de Gazaouis : La survie qui s\u2019organise au jour le jour dans l\u2019enfer de Gaza \u2013 partie 367 \/ 17 avril \u2013\u00a0Comment Isra\u00ebl planifie-t-il de vider Gaza ? - International Solidarity Movement - ISM-France<\/title>\n<meta name=\"robots\" content=\"index, follow, max-snippet:-1, max-image-preview:large, max-video-preview:-1\" \/>\n<link rel=\"canonical\" href=\"https:\/\/ismfrance.org\/index.php\/2025\/04\/18\/temoignages-de-gazaouis-la-survie-qui-sorganise-au-jour-le-jour-dans-lenfer-de-gaza-partie-367-17-avril-comment-israel-planifie-t-il-de-vider-gaza\/\" \/>\n<meta property=\"og:locale\" content=\"fr_FR\" \/>\n<meta property=\"og:type\" content=\"article\" \/>\n<meta property=\"og:title\" content=\"T\u00e9moignages de Gazaouis : La survie qui s\u2019organise au jour le jour dans l\u2019enfer de Gaza \u2013 partie 367 \/ 17 avril \u2013\u00a0Comment Isra\u00ebl planifie-t-il de vider Gaza ? - International Solidarity Movement - ISM-France\" \/>\n<meta property=\"og:description\" content=\"Brigitte Challande, 18 avril 2025.- Le 17 avril, Abu Amir envoie ce texte qui montre avec d\u00e9tails et pr\u00e9cisions les outils \u00ab doux \u00bb du d\u00e9placement forc\u00e9 qu\u2019emploie Isra\u00ebl\u00a0: pr\u00e9parer Lire la suite &rarr;\" \/>\n<meta property=\"og:url\" content=\"https:\/\/ismfrance.org\/index.php\/2025\/04\/18\/temoignages-de-gazaouis-la-survie-qui-sorganise-au-jour-le-jour-dans-lenfer-de-gaza-partie-367-17-avril-comment-israel-planifie-t-il-de-vider-gaza\/\" \/>\n<meta property=\"og:site_name\" content=\"International Solidarity Movement - ISM-France\" \/>\n<meta property=\"article:published_time\" content=\"2025-04-18T06:51:24+00:00\" \/>\n<meta property=\"article:modified_time\" content=\"2025-04-21T17:23:42+00:00\" \/>\n<meta property=\"og:image\" content=\"https:\/\/ismfrance.org\/wp-content\/uploads\/2025\/04\/nakba-now.png\" \/>\n\t<meta property=\"og:image:width\" content=\"720\" \/>\n\t<meta property=\"og:image:height\" content=\"720\" \/>\n\t<meta property=\"og:image:type\" content=\"image\/png\" \/>\n<meta name=\"author\" content=\"mru_01\" \/>\n<meta name=\"twitter:card\" content=\"summary_large_image\" \/>\n<meta name=\"twitter:creator\" content=\"@ISMFRANCE\" \/>\n<meta name=\"twitter:site\" content=\"@ISMFRANCE\" \/>\n<meta name=\"twitter:label1\" content=\"\u00c9crit par\" \/>\n\t<meta name=\"twitter:data1\" content=\"mru_01\" \/>\n\t<meta name=\"twitter:label2\" content=\"Dur\u00e9e de lecture estim\u00e9e\" \/>\n\t<meta name=\"twitter:data2\" content=\"7 minutes\" \/>\n<script type=\"application\/ld+json\" class=\"yoast-schema-graph\">{\"@context\":\"https:\/\/schema.org\",\"@graph\":[{\"@type\":\"Article\",\"@id\":\"https:\/\/ismfrance.org\/index.php\/2025\/04\/18\/temoignages-de-gazaouis-la-survie-qui-sorganise-au-jour-le-jour-dans-lenfer-de-gaza-partie-367-17-avril-comment-israel-planifie-t-il-de-vider-gaza\/#article\",\"isPartOf\":{\"@id\":\"https:\/\/ismfrance.org\/index.php\/2025\/04\/18\/temoignages-de-gazaouis-la-survie-qui-sorganise-au-jour-le-jour-dans-lenfer-de-gaza-partie-367-17-avril-comment-israel-planifie-t-il-de-vider-gaza\/\"},\"author\":{\"name\":\"mru_01\",\"@id\":\"https:\/\/ismfrance.org\/#\/schema\/person\/3c411eb72adfaae19c0dca1f41fae01d\"},\"headline\":\"T\u00e9moignages de Gazaouis : La survie qui s\u2019organise au jour le jour dans l\u2019enfer de Gaza \u2013 partie 367 \/ 17 avril \u2013\u00a0Comment Isra\u00ebl planifie-t-il de vider Gaza ?\",\"datePublished\":\"2025-04-18T06:51:24+00:00\",\"dateModified\":\"2025-04-21T17:23:42+00:00\",\"mainEntityOfPage\":{\"@id\":\"https:\/\/ismfrance.org\/index.php\/2025\/04\/18\/temoignages-de-gazaouis-la-survie-qui-sorganise-au-jour-le-jour-dans-lenfer-de-gaza-partie-367-17-avril-comment-israel-planifie-t-il-de-vider-gaza\/\"},\"wordCount\":1240,\"publisher\":{\"@id\":\"https:\/\/ismfrance.org\/#organization\"},\"image\":{\"@id\":\"https:\/\/ismfrance.org\/index.php\/2025\/04\/18\/temoignages-de-gazaouis-la-survie-qui-sorganise-au-jour-le-jour-dans-lenfer-de-gaza-partie-367-17-avril-comment-israel-planifie-t-il-de-vider-gaza\/#primaryimage\"},\"thumbnailUrl\":\"https:\/\/ismfrance.org\/wp-content\/uploads\/2025\/04\/nakba-now.png\",\"keywords\":[\"G\u00e9nocide\",\"Nakba\",\"nettoyage ethnique\",\"r\u00e9fugi\u00e9s\"],\"articleSection\":[\"Articles\",\"T\u00e9moignages\"],\"inLanguage\":\"fr-FR\"},{\"@type\":\"WebPage\",\"@id\":\"https:\/\/ismfrance.org\/index.php\/2025\/04\/18\/temoignages-de-gazaouis-la-survie-qui-sorganise-au-jour-le-jour-dans-lenfer-de-gaza-partie-367-17-avril-comment-israel-planifie-t-il-de-vider-gaza\/\",\"url\":\"https:\/\/ismfrance.org\/index.php\/2025\/04\/18\/temoignages-de-gazaouis-la-survie-qui-sorganise-au-jour-le-jour-dans-lenfer-de-gaza-partie-367-17-avril-comment-israel-planifie-t-il-de-vider-gaza\/\",\"name\":\"T\u00e9moignages de Gazaouis : La survie qui s\u2019organise au jour le jour dans l\u2019enfer de Gaza \u2013 partie 367 \/ 17 avril \u2013\u00a0Comment Isra\u00ebl planifie-t-il de vider Gaza ? - International Solidarity Movement - ISM-France\",\"isPartOf\":{\"@id\":\"https:\/\/ismfrance.org\/#website\"},\"primaryImageOfPage\":{\"@id\":\"https:\/\/ismfrance.org\/index.php\/2025\/04\/18\/temoignages-de-gazaouis-la-survie-qui-sorganise-au-jour-le-jour-dans-lenfer-de-gaza-partie-367-17-avril-comment-israel-planifie-t-il-de-vider-gaza\/#primaryimage\"},\"image\":{\"@id\":\"https:\/\/ismfrance.org\/index.php\/2025\/04\/18\/temoignages-de-gazaouis-la-survie-qui-sorganise-au-jour-le-jour-dans-lenfer-de-gaza-partie-367-17-avril-comment-israel-planifie-t-il-de-vider-gaza\/#primaryimage\"},\"thumbnailUrl\":\"https:\/\/ismfrance.org\/wp-content\/uploads\/2025\/04\/nakba-now.png\",\"datePublished\":\"2025-04-18T06:51:24+00:00\",\"dateModified\":\"2025-04-21T17:23:42+00:00\",\"breadcrumb\":{\"@id\":\"https:\/\/ismfrance.org\/index.php\/2025\/04\/18\/temoignages-de-gazaouis-la-survie-qui-sorganise-au-jour-le-jour-dans-lenfer-de-gaza-partie-367-17-avril-comment-israel-planifie-t-il-de-vider-gaza\/#breadcrumb\"},\"inLanguage\":\"fr-FR\",\"potentialAction\":[{\"@type\":\"ReadAction\",\"target\":[\"https:\/\/ismfrance.org\/index.php\/2025\/04\/18\/temoignages-de-gazaouis-la-survie-qui-sorganise-au-jour-le-jour-dans-lenfer-de-gaza-partie-367-17-avril-comment-israel-planifie-t-il-de-vider-gaza\/\"]}]},{\"@type\":\"ImageObject\",\"inLanguage\":\"fr-FR\",\"@id\":\"https:\/\/ismfrance.org\/index.php\/2025\/04\/18\/temoignages-de-gazaouis-la-survie-qui-sorganise-au-jour-le-jour-dans-lenfer-de-gaza-partie-367-17-avril-comment-israel-planifie-t-il-de-vider-gaza\/#primaryimage\",\"url\":\"https:\/\/ismfrance.org\/wp-content\/uploads\/2025\/04\/nakba-now.png\",\"contentUrl\":\"https:\/\/ismfrance.org\/wp-content\/uploads\/2025\/04\/nakba-now.png\",\"width\":720,\"height\":720},{\"@type\":\"BreadcrumbList\",\"@id\":\"https:\/\/ismfrance.org\/index.php\/2025\/04\/18\/temoignages-de-gazaouis-la-survie-qui-sorganise-au-jour-le-jour-dans-lenfer-de-gaza-partie-367-17-avril-comment-israel-planifie-t-il-de-vider-gaza\/#breadcrumb\",\"itemListElement\":[{\"@type\":\"ListItem\",\"position\":1,\"name\":\"Accueil\",\"item\":\"https:\/\/ismfrance.org\/\"},{\"@type\":\"ListItem\",\"position\":2,\"name\":\"T\u00e9moignages de Gazaouis : La survie qui s\u2019organise au jour le jour dans l\u2019enfer de Gaza \u2013 partie 367 \/ 17 avril \u2013\u00a0Comment Isra\u00ebl planifie-t-il de vider Gaza ?\"}]},{\"@type\":\"WebSite\",\"@id\":\"https:\/\/ismfrance.org\/#website\",\"url\":\"https:\/\/ismfrance.org\/\",\"name\":\"ISM Palestine France\",\"description\":\"Soutien aux luttes de lib\u00e9ration du peuple palestinien\",\"publisher\":{\"@id\":\"https:\/\/ismfrance.org\/#organization\"},\"potentialAction\":[{\"@type\":\"SearchAction\",\"target\":{\"@type\":\"EntryPoint\",\"urlTemplate\":\"https:\/\/ismfrance.org\/?s={search_term_string}\"},\"query-input\":{\"@type\":\"PropertyValueSpecification\",\"valueRequired\":true,\"valueName\":\"search_term_string\"}}],\"inLanguage\":\"fr-FR\"},{\"@type\":\"Organization\",\"@id\":\"https:\/\/ismfrance.org\/#organization\",\"name\":\"International Solidarity Movement\",\"url\":\"https:\/\/ismfrance.org\/\",\"logo\":{\"@type\":\"ImageObject\",\"inLanguage\":\"fr-FR\",\"@id\":\"https:\/\/ismfrance.org\/#\/schema\/logo\/image\/\",\"url\":\"https:\/\/ismfrance.org\/wp-content\/uploads\/2020\/12\/00.png\",\"contentUrl\":\"https:\/\/ismfrance.org\/wp-content\/uploads\/2020\/12\/00.png\",\"width\":400,\"height\":400,\"caption\":\"International Solidarity Movement\"},\"image\":{\"@id\":\"https:\/\/ismfrance.org\/#\/schema\/logo\/image\/\"},\"sameAs\":[\"https:\/\/x.com\/ISMFRANCE\"]},{\"@type\":\"Person\",\"@id\":\"https:\/\/ismfrance.org\/#\/schema\/person\/3c411eb72adfaae19c0dca1f41fae01d\",\"name\":\"mru_01\",\"image\":{\"@type\":\"ImageObject\",\"inLanguage\":\"fr-FR\",\"@id\":\"https:\/\/secure.gravatar.com\/avatar\/3a0be343b445d2ccc79e87444a294fad2b232e90d2051d0e3cc219e1ecd6a330?s=96&d=mm&r=g\",\"url\":\"https:\/\/secure.gravatar.com\/avatar\/3a0be343b445d2ccc79e87444a294fad2b232e90d2051d0e3cc219e1ecd6a330?s=96&d=mm&r=g\",\"contentUrl\":\"https:\/\/secure.gravatar.com\/avatar\/3a0be343b445d2ccc79e87444a294fad2b232e90d2051d0e3cc219e1ecd6a330?s=96&d=mm&r=g\",\"caption\":\"mru_01\"},\"url\":\"https:\/\/ismfrance.org\/index.php\/author\/admin02\/\"}]}<\/script>\n<!-- \/ Yoast SEO plugin. -->","yoast_head_json":{"title":"T\u00e9moignages de Gazaouis : La survie qui s\u2019organise au jour le jour dans l\u2019enfer de Gaza \u2013 partie 367 \/ 17 avril \u2013\u00a0Comment Isra\u00ebl planifie-t-il de vider Gaza ? - International Solidarity Movement - ISM-France","robots":{"index":"index","follow":"follow","max-snippet":"max-snippet:-1","max-image-preview":"max-image-preview:large","max-video-preview":"max-video-preview:-1"},"canonical":"https:\/\/ismfrance.org\/index.php\/2025\/04\/18\/temoignages-de-gazaouis-la-survie-qui-sorganise-au-jour-le-jour-dans-lenfer-de-gaza-partie-367-17-avril-comment-israel-planifie-t-il-de-vider-gaza\/","og_locale":"fr_FR","og_type":"article","og_title":"T\u00e9moignages de Gazaouis : La survie qui s\u2019organise au jour le jour dans l\u2019enfer de Gaza \u2013 partie 367 \/ 17 avril \u2013\u00a0Comment Isra\u00ebl planifie-t-il de vider Gaza ? - International Solidarity Movement - ISM-France","og_description":"Brigitte Challande, 18 avril 2025.- Le 17 avril, Abu Amir envoie ce texte qui montre avec d\u00e9tails et pr\u00e9cisions les outils \u00ab doux \u00bb du d\u00e9placement forc\u00e9 qu\u2019emploie Isra\u00ebl\u00a0: pr\u00e9parer Lire la suite &rarr;","og_url":"https:\/\/ismfrance.org\/index.php\/2025\/04\/18\/temoignages-de-gazaouis-la-survie-qui-sorganise-au-jour-le-jour-dans-lenfer-de-gaza-partie-367-17-avril-comment-israel-planifie-t-il-de-vider-gaza\/","og_site_name":"International Solidarity Movement - ISM-France","article_published_time":"2025-04-18T06:51:24+00:00","article_modified_time":"2025-04-21T17:23:42+00:00","og_image":[{"width":720,"height":720,"url":"https:\/\/ismfrance.org\/wp-content\/uploads\/2025\/04\/nakba-now.png","type":"image\/png"}],"author":"mru_01","twitter_card":"summary_large_image","twitter_creator":"@ISMFRANCE","twitter_site":"@ISMFRANCE","twitter_misc":{"\u00c9crit par":"mru_01","Dur\u00e9e de lecture estim\u00e9e":"7 minutes"},"schema":{"@context":"https:\/\/schema.org","@graph":[{"@type":"Article","@id":"https:\/\/ismfrance.org\/index.php\/2025\/04\/18\/temoignages-de-gazaouis-la-survie-qui-sorganise-au-jour-le-jour-dans-lenfer-de-gaza-partie-367-17-avril-comment-israel-planifie-t-il-de-vider-gaza\/#article","isPartOf":{"@id":"https:\/\/ismfrance.org\/index.php\/2025\/04\/18\/temoignages-de-gazaouis-la-survie-qui-sorganise-au-jour-le-jour-dans-lenfer-de-gaza-partie-367-17-avril-comment-israel-planifie-t-il-de-vider-gaza\/"},"author":{"name":"mru_01","@id":"https:\/\/ismfrance.org\/#\/schema\/person\/3c411eb72adfaae19c0dca1f41fae01d"},"headline":"T\u00e9moignages de Gazaouis : La survie qui s\u2019organise au jour le jour dans l\u2019enfer de Gaza \u2013 partie 367 \/ 17 avril \u2013\u00a0Comment Isra\u00ebl planifie-t-il de vider Gaza ?","datePublished":"2025-04-18T06:51:24+00:00","dateModified":"2025-04-21T17:23:42+00:00","mainEntityOfPage":{"@id":"https:\/\/ismfrance.org\/index.php\/2025\/04\/18\/temoignages-de-gazaouis-la-survie-qui-sorganise-au-jour-le-jour-dans-lenfer-de-gaza-partie-367-17-avril-comment-israel-planifie-t-il-de-vider-gaza\/"},"wordCount":1240,"publisher":{"@id":"https:\/\/ismfrance.org\/#organization"},"image":{"@id":"https:\/\/ismfrance.org\/index.php\/2025\/04\/18\/temoignages-de-gazaouis-la-survie-qui-sorganise-au-jour-le-jour-dans-lenfer-de-gaza-partie-367-17-avril-comment-israel-planifie-t-il-de-vider-gaza\/#primaryimage"},"thumbnailUrl":"https:\/\/ismfrance.org\/wp-content\/uploads\/2025\/04\/nakba-now.png","keywords":["G\u00e9nocide","Nakba","nettoyage ethnique","r\u00e9fugi\u00e9s"],"articleSection":["Articles","T\u00e9moignages"],"inLanguage":"fr-FR"},{"@type":"WebPage","@id":"https:\/\/ismfrance.org\/index.php\/2025\/04\/18\/temoignages-de-gazaouis-la-survie-qui-sorganise-au-jour-le-jour-dans-lenfer-de-gaza-partie-367-17-avril-comment-israel-planifie-t-il-de-vider-gaza\/","url":"https:\/\/ismfrance.org\/index.php\/2025\/04\/18\/temoignages-de-gazaouis-la-survie-qui-sorganise-au-jour-le-jour-dans-lenfer-de-gaza-partie-367-17-avril-comment-israel-planifie-t-il-de-vider-gaza\/","name":"T\u00e9moignages de Gazaouis : La survie qui s\u2019organise au jour le jour dans l\u2019enfer de Gaza \u2013 partie 367 \/ 17 avril \u2013\u00a0Comment Isra\u00ebl planifie-t-il de vider Gaza ? - International Solidarity Movement - ISM-France","isPartOf":{"@id":"https:\/\/ismfrance.org\/#website"},"primaryImageOfPage":{"@id":"https:\/\/ismfrance.org\/index.php\/2025\/04\/18\/temoignages-de-gazaouis-la-survie-qui-sorganise-au-jour-le-jour-dans-lenfer-de-gaza-partie-367-17-avril-comment-israel-planifie-t-il-de-vider-gaza\/#primaryimage"},"image":{"@id":"https:\/\/ismfrance.org\/index.php\/2025\/04\/18\/temoignages-de-gazaouis-la-survie-qui-sorganise-au-jour-le-jour-dans-lenfer-de-gaza-partie-367-17-avril-comment-israel-planifie-t-il-de-vider-gaza\/#primaryimage"},"thumbnailUrl":"https:\/\/ismfrance.org\/wp-content\/uploads\/2025\/04\/nakba-now.png","datePublished":"2025-04-18T06:51:24+00:00","dateModified":"2025-04-21T17:23:42+00:00","breadcrumb":{"@id":"https:\/\/ismfrance.org\/index.php\/2025\/04\/18\/temoignages-de-gazaouis-la-survie-qui-sorganise-au-jour-le-jour-dans-lenfer-de-gaza-partie-367-17-avril-comment-israel-planifie-t-il-de-vider-gaza\/#breadcrumb"},"inLanguage":"fr-FR","potentialAction":[{"@type":"ReadAction","target":["https:\/\/ismfrance.org\/index.php\/2025\/04\/18\/temoignages-de-gazaouis-la-survie-qui-sorganise-au-jour-le-jour-dans-lenfer-de-gaza-partie-367-17-avril-comment-israel-planifie-t-il-de-vider-gaza\/"]}]},{"@type":"ImageObject","inLanguage":"fr-FR","@id":"https:\/\/ismfrance.org\/index.php\/2025\/04\/18\/temoignages-de-gazaouis-la-survie-qui-sorganise-au-jour-le-jour-dans-lenfer-de-gaza-partie-367-17-avril-comment-israel-planifie-t-il-de-vider-gaza\/#primaryimage","url":"https:\/\/ismfrance.org\/wp-content\/uploads\/2025\/04\/nakba-now.png","contentUrl":"https:\/\/ismfrance.org\/wp-content\/uploads\/2025\/04\/nakba-now.png","width":720,"height":720},{"@type":"BreadcrumbList","@id":"https:\/\/ismfrance.org\/index.php\/2025\/04\/18\/temoignages-de-gazaouis-la-survie-qui-sorganise-au-jour-le-jour-dans-lenfer-de-gaza-partie-367-17-avril-comment-israel-planifie-t-il-de-vider-gaza\/#breadcrumb","itemListElement":[{"@type":"ListItem","position":1,"name":"Accueil","item":"https:\/\/ismfrance.org\/"},{"@type":"ListItem","position":2,"name":"T\u00e9moignages de Gazaouis : La survie qui s\u2019organise au jour le jour dans l\u2019enfer de Gaza \u2013 partie 367 \/ 17 avril \u2013\u00a0Comment Isra\u00ebl planifie-t-il de vider Gaza ?"}]},{"@type":"WebSite","@id":"https:\/\/ismfrance.org\/#website","url":"https:\/\/ismfrance.org\/","name":"ISM Palestine France","description":"Soutien aux luttes de lib\u00e9ration du peuple palestinien","publisher":{"@id":"https:\/\/ismfrance.org\/#organization"},"potentialAction":[{"@type":"SearchAction","target":{"@type":"EntryPoint","urlTemplate":"https:\/\/ismfrance.org\/?s={search_term_string}"},"query-input":{"@type":"PropertyValueSpecification","valueRequired":true,"valueName":"search_term_string"}}],"inLanguage":"fr-FR"},{"@type":"Organization","@id":"https:\/\/ismfrance.org\/#organization","name":"International Solidarity Movement","url":"https:\/\/ismfrance.org\/","logo":{"@type":"ImageObject","inLanguage":"fr-FR","@id":"https:\/\/ismfrance.org\/#\/schema\/logo\/image\/","url":"https:\/\/ismfrance.org\/wp-content\/uploads\/2020\/12\/00.png","contentUrl":"https:\/\/ismfrance.org\/wp-content\/uploads\/2020\/12\/00.png","width":400,"height":400,"caption":"International Solidarity Movement"},"image":{"@id":"https:\/\/ismfrance.org\/#\/schema\/logo\/image\/"},"sameAs":["https:\/\/x.com\/ISMFRANCE"]},{"@type":"Person","@id":"https:\/\/ismfrance.org\/#\/schema\/person\/3c411eb72adfaae19c0dca1f41fae01d","name":"mru_01","image":{"@type":"ImageObject","inLanguage":"fr-FR","@id":"https:\/\/secure.gravatar.com\/avatar\/3a0be343b445d2ccc79e87444a294fad2b232e90d2051d0e3cc219e1ecd6a330?s=96&d=mm&r=g","url":"https:\/\/secure.gravatar.com\/avatar\/3a0be343b445d2ccc79e87444a294fad2b232e90d2051d0e3cc219e1ecd6a330?s=96&d=mm&r=g","contentUrl":"https:\/\/secure.gravatar.com\/avatar\/3a0be343b445d2ccc79e87444a294fad2b232e90d2051d0e3cc219e1ecd6a330?s=96&d=mm&r=g","caption":"mru_01"},"url":"https:\/\/ismfrance.org\/index.php\/author\/admin02\/"}]}},"_links":{"self":[{"href":"https:\/\/ismfrance.org\/index.php\/wp-json\/wp\/v2\/posts\/19752","targetHints":{"allow":["GET"]}}],"collection":[{"href":"https:\/\/ismfrance.org\/index.php\/wp-json\/wp\/v2\/posts"}],"about":[{"href":"https:\/\/ismfrance.org\/index.php\/wp-json\/wp\/v2\/types\/post"}],"author":[{"embeddable":true,"href":"https:\/\/ismfrance.org\/index.php\/wp-json\/wp\/v2\/users\/3"}],"replies":[{"embeddable":true,"href":"https:\/\/ismfrance.org\/index.php\/wp-json\/wp\/v2\/comments?post=19752"}],"version-history":[{"count":0,"href":"https:\/\/ismfrance.org\/index.php\/wp-json\/wp\/v2\/posts\/19752\/revisions"}],"wp:featuredmedia":[{"embeddable":true,"href":"https:\/\/ismfrance.org\/index.php\/wp-json\/wp\/v2\/media\/19754"}],"wp:attachment":[{"href":"https:\/\/ismfrance.org\/index.php\/wp-json\/wp\/v2\/media?parent=19752"}],"wp:term":[{"taxonomy":"category","embeddable":true,"href":"https:\/\/ismfrance.org\/index.php\/wp-json\/wp\/v2\/categories?post=19752"},{"taxonomy":"post_tag","embeddable":true,"href":"https:\/\/ismfrance.org\/index.php\/wp-json\/wp\/v2\/tags?post=19752"}],"curies":[{"name":"wp","href":"https:\/\/api.w.org\/{rel}","templated":true}]}}