{"id":1969,"date":"2022-02-24T12:24:48","date_gmt":"2022-02-24T11:24:48","guid":{"rendered":"https:\/\/ismfrance.org\/?p=1969"},"modified":"2022-02-24T12:24:48","modified_gmt":"2022-02-24T11:24:48","slug":"petition-1-million-de-signatures-assurer-la-conformite-de-la-politique-commerciale-commune-avec-les-traites-de-lunion-europeenne-ainsi-que-le-respect-du-droit-international","status":"publish","type":"post","link":"https:\/\/ismfrance.org\/index.php\/2022\/02\/24\/petition-1-million-de-signatures-assurer-la-conformite-de-la-politique-commerciale-commune-avec-les-traites-de-lunion-europeenne-ainsi-que-le-respect-du-droit-international\/","title":{"rendered":"P\u00e9tition ->\u00a01 million de signatures : Assurer la conformit\u00e9 de la politique commerciale commune avec les trait\u00e9s de l\u2019Union europ\u00e9enne ainsi que le respect du droit international"},"content":{"rendered":"<p><span style=\"font-family: Verdana, sans-serif;\"><span style=\"font-size: small;\"><b>Initiative citoyenne europ\u00e9enne, 21 f\u00e9vrier 2022.<\/b> Ne participons pas \u00e0 notre insu \u00e0 la colonisation du territoire palestinien occup\u00e9.<\/span><\/span><\/p>\n<p><img loading=\"lazy\" decoding=\"async\" class=\"size-large wp-image-1970 aligncenter\" src=\"https:\/\/ismfrance.org\/wp-content\/uploads\/2022\/02\/madeinillegality-700x341.png\" alt=\"\" width=\"600\" height=\"292\" srcset=\"https:\/\/ismfrance.org\/wp-content\/uploads\/2022\/02\/madeinillegality-700x341.png 700w, https:\/\/ismfrance.org\/wp-content\/uploads\/2022\/02\/madeinillegality-300x146.png 300w, https:\/\/ismfrance.org\/wp-content\/uploads\/2022\/02\/madeinillegality-768x375.png 768w, https:\/\/ismfrance.org\/wp-content\/uploads\/2022\/02\/madeinillegality.png 943w\" sizes=\"auto, (max-width: 600px) 100vw, 600px\" \/><\/p>\n<p align=\"CENTER\"><span style=\"font-family: Verdana, sans-serif;\"><span style=\"font-size: medium;\"><b>Ce que nous d\u00e9non\u00e7ons<\/b><\/span><\/span><\/p>\n<p><span style=\"font-family: Verdana, sans-serif;\"><span style=\"font-size: small;\"><b>La colonisation isra\u00e9lienne en toute impunit\u00e9<\/b><\/span><\/span><\/p>\n<p><span style=\"color: #000000;\"><span style=\"font-family: Verdana, sans-serif;\"><span style=\"font-size: small;\">De 262.500 lors des Accords d\u2019Oslo en 1993, la population isra\u00e9lienne install\u00e9e dans le territoire occup\u00e9 a quasiment tripl\u00e9, atteignant 720.000 colons.<\/span><\/span><\/span><\/p>\n<p><span style=\"color: #000000;\"><span style=\"font-family: Verdana, sans-serif;\"><span style=\"font-size: small;\">Le 17 janvier 2022, des repr\u00e9sentants de l\u2019Union europ\u00e9enne et des Etats membres assistaient \u00e0 l\u2019expulsion et \u00e0 la destruction de la maison de la famille palestinienne Salhiye au profit de colons isra\u00e9liens, dans le quartier de Sheikh Jarrah, \u00e0 J\u00e9rusalem-Est. En r\u00e9action, l\u2019UE a une \u00e9ni\u00e8me fois r\u00e9p\u00e9t\u00e9 sa position\u00a0: \u00ab\u00a0<i>Les expulsions\/d\u00e9molitions sont ill\u00e9gales au regard du droit international et compromettent consid\u00e9rablement les perspectives de paix, tout en alimentant les tensions sur le terrain<\/i>\u00a0\u00bb. M\u00eame leitmotiv du c\u00f4t\u00e9 de la Belgique o\u00f9 la ministre des Affaires \u00e9trang\u00e8res, Sophie Wilm\u00e8s, a encore rappel\u00e9 \u00e0 la Chambre des repr\u00e9sentants le 1er\u00a0f\u00e9vrier dernier\u00a0: \u00ab\u00a0\u00a0<i>Avec l\u2019Union europ\u00e9enne, la Belgique consid\u00e8re que l\u2019expansion des colonies, les d\u00e9molitions, les expulsions sont ill\u00e9gales au regard du droit international. Elles exacerbent les tensions, menacent la viabilit\u00e9 et la solution \u00e0 deux \u00c9tats et diminuent les perspectives d\u2019une paix durable.<\/i>\u00a0\u00bb<\/span><\/span><\/span><\/p>\n<p><span style=\"font-family: Verdana, sans-serif;\"><span style=\"font-size: small;\"><span style=\"color: #000000;\">Ces condamnations permanentes n\u2019emp\u00eachent pourtant pas Isra\u00ebl de poursuivre sa politique de colonisation, au point d\u2019\u00eatre aujourd\u2019hui qualifi\u00e9e d\u2019annexion du territoire palestinien. De 262 500 lors des Accords d\u2019Oslo en 1993, la population isra\u00e9lienne install\u00e9e dans le territoire occup\u00e9 a quasiment tripl\u00e9, atteignant 720.000 colons, r\u00e9partis entre J\u00e9rusalem-Est et la zone C en Cisjordanie.<\/span><\/span><\/span><\/p>\n<p align=\"LEFT\"><span style=\"font-family: Verdana, sans-serif;\"><span style=\"font-size: small;\"><b>Une colonisation consolid\u00e9e par son \u00e9conomie<\/b><\/span><\/span><\/p>\n<p><span style=\"color: #000000;\"><span style=\"font-family: Verdana, sans-serif;\"><span style=\"font-size: small;\">Une importante vie \u00e9conomique s\u2019est d\u00e9velopp\u00e9e dans les colonies isra\u00e9liennes au fil des ann\u00e9es, constitu\u00e9e d\u2019industries, de production agricole et d\u2019exploitation des ressources naturelles du territoire palestinien. Ces activit\u00e9s \u00e9conomiques contribuent au maintien de la colonisation et \u00e0 son expansion.<\/span><\/span><\/span><\/p>\n<p><span style=\"color: #000000;\"><span style=\"font-family: Verdana, sans-serif;\"><span style=\"font-size: small;\">Plusieurs dispositifs attractifs incitent les entreprises isra\u00e9liennes des secteurs industriels et agro-industriels \u00e0 s\u2019installer dans les colonies. Des subventions sont g\u00e9n\u00e9reusement octroy\u00e9es par l\u2019\u00c9tat isra\u00e9lien\u00a0: avantages fiscaux, ristournes sur la location des terrains, fonds allou\u00e9s pour la recherche et le d\u00e9veloppement, etc. Sans oublier de mentionner les fonds consid\u00e9rables investis par le gouvernement pour la construction d\u2019infrastructures \u00e0 l\u2019usage des colons, notamment les routes qui leur sont r\u00e9serv\u00e9es et qui permettent l\u2019acc\u00e8s rapide aux march\u00e9s isra\u00e9lien et \u00e9tranger.<\/span><\/span><\/span><\/p>\n<p><span style=\"font-family: Verdana, sans-serif;\"><span style=\"font-size: small;\"><b>Une colonisation renforc\u00e9e par le commerce avec l\u2019UE<\/b><\/span><\/span><\/p>\n<p><span style=\"color: #000000;\"><span style=\"font-family: Verdana, sans-serif;\"><span style=\"font-size: small;\">L\u2019UE est le premier march\u00e9 d\u2019exportation pour Isra\u00ebl. Or une part consid\u00e9rable des produits isra\u00e9liens export\u00e9s vers l\u2019UE provienne en r\u00e9alit\u00e9 des colonies.<\/span><\/span><\/span><\/p>\n<p><span style=\"font-family: Verdana, sans-serif;\"><span style=\"font-size: small;\">Alors que l\u2019\u00e9tablissement de colonies dans un territoire occup\u00e9 constitue un crime de guerre selon le Statut de Rome, l\u2019UE continue d\u2019entretenir des relations commerciales avec les colonies isra\u00e9liennes \u00e9tablies dans le territoire palestinien occup\u00e9. Ces liens commerciaux permettent la viabilit\u00e9 \u00e9conomique et l\u2019extension de ces colonies. Alors m\u00eame que l\u2019UE d\u00e9nonce la colonisation isra\u00e9lienne, elle contribue \u00e0 la renforcer.<\/span><\/span><\/p>\n<p><span style=\"font-family: Verdana, sans-serif;\"><span style=\"font-size: small;\">En effet l\u2019UE est le premier march\u00e9 d\u2019exportation pour Isra\u00ebl, qui y b\u00e9n\u00e9ficie des avantages de l\u2019Accord d\u2019association entr\u00e9 en vigueur en 2000. Or une part consid\u00e9rable des produits isra\u00e9liens export\u00e9s vers l\u2019UE provienne en r\u00e9alit\u00e9 des colonies, qui ne font pas partie du territoire isra\u00e9lien tel que reconnu par le droit international.<\/span><\/span><\/p>\n<p><span style=\"font-family: Verdana, sans-serif;\"><span style=\"font-size: small;\">Et ces produits provenant de colonies ill\u00e9gales sont propos\u00e9s aux consommateurs europ\u00e9ens, le plus souvent \u00e0 leur insu. En effet, l\u2019\u00e9tiquetage d\u2019origine des produits des colonies isra\u00e9liennes a beau \u00eatre obligatoire dans l\u2019UE depuis 2015, de nombreux produits sont encore commercialis\u00e9s sans \u00e9tiquetage correct. En achetant ces produits et services, les citoyens europ\u00e9ens contribuent donc sans le savoir au vol des terres et \u00e0 l\u2019expulsion violente de familles palestiniennes.<\/span><\/span><\/p>\n<p align=\"CENTER\"><span style=\"font-family: Verdana, sans-serif;\"><span style=\"font-size: medium;\"><b>Ce que nous demandons<\/b><\/span><\/span><\/p>\n<p><span style=\"font-family: Verdana, sans-serif;\"><span style=\"font-size: small;\"><b>Interdire le commerce avec les colonies\u00a0: une obligation<\/b><\/span><\/span><\/p>\n<p><span style=\"font-family: Verdana, sans-serif;\"><span style=\"font-size: small;\">La colonisation et l\u2019annexion du territoire palestinien constituent des violations graves du droit international. Face \u00e0 ce genre de violations, les Etats tiers comme la Belgique ou l\u2019UE ont des obligations\u00a0: celle de faire respecter le droit international, celle de ne pas reconna\u00eetre la situation comme l\u00e9gitime et celle de ne pas y apporter aide ou assistance.<\/span><\/span><\/p>\n<p><span style=\"font-family: Verdana, sans-serif;\"><span style=\"font-size: small;\">En important et en commercialisant des produits et des services issus des colonies isra\u00e9liennes, l\u2019UE et ses Etats membres contribuent \u00e0 la prosp\u00e9rit\u00e9 \u00e9conomique de ces derni\u00e8res. \u00ab\u00a0<i>Les obligations de faire respecter et de non-assistance exigent une interdiction de l\u2019importation au sein de l\u2019UE de produits des colonies, et non un simple \u00e9tiquetage pr\u00e9cisant leur origine<\/i>\u00a0\u00bb souligne Fran\u00e7ois Dubuisson, professeur de droit international \u00e0 l\u2019ULB.<\/span><\/span><\/p>\n<p style=\"text-align: center;\"><a name=\"side-tab-7491-tab\"><\/a><span style=\"color: #000000;\"><span style=\"font-family: Verdana, sans-serif;\"><span style=\"font-size: medium;\"><b>Objectif : 1 million de signatures europ\u00e9ennes<\/b><\/span><\/span><\/span><b> <\/b><\/p>\n<p><span style=\"font-family: Verdana, sans-serif;\"><span style=\"font-size: small;\"><b>Pourquoi signer ?<\/b><\/span><\/span><\/p>\n<p><span style=\"font-family: Verdana, sans-serif;\"><span style=\"font-size: small;\">Alors que l\u2019\u00e9tablissement de colonies dans un territoire occup\u00e9 constitue un crime de guerre, l\u2019UE continue d\u2019entretenir des relations commerciales avec les colonies isra\u00e9liennes \u00e9tablies dans le territoire palestinien occup\u00e9. Ces liens commerciaux permettent la viabilit\u00e9 \u00e9conomique et l\u2019extension de ces colonies. Alors m\u00eame que l\u2019UE d\u00e9nonce la colonisation isra\u00e9lienne, elle contribue \u00e0 la renforcer.<\/span><\/span><\/p>\n<p><span style=\"font-family: Verdana, sans-serif;\"><span style=\"font-size: small;\">Des produits et services provenant de colonies ill\u00e9gales sont propos\u00e9s aux citoyens\/consommateurs europ\u00e9ens, le plus souvent \u00e0 leur insu. En effet, l\u2019\u00e9tiquetage d\u2019origine des produits des colonies isra\u00e9liennes a beau \u00eatre obligatoire dans l\u2019UE depuis 2015, de nombreux produits sont encore commercialis\u00e9s sans \u00e9tiquetage correct. En achetant ces produits et services, les citoyens europ\u00e9ens contribuent donc sans le savoir au vol des terres et \u00e0 l\u2019expulsion violente de familles palestinienne.<\/span><\/span><\/p>\n<p><span style=\"font-family: Verdana, sans-serif;\"><span style=\"font-size: small;\">En signant cette Initiative citoyenne europ\u00e9enne,<\/span><\/span><\/p>\n<ul>\n<li><span style=\"font-family: Verdana, sans-serif;\"><span style=\"font-size: small;\">vous demandez que l\u2019UE mette fin au commerce avec les colonies ill\u00e9galement \u00e9tablies dans les territoires occup\u00e9s, y compris le territoire palestinien occup\u00e9 et les colonies ill\u00e9gales isra\u00e9liennes.<\/span><\/span><\/li>\n<li><span style=\"font-family: Verdana, sans-serif;\"><span style=\"font-size: small;\">Vous demandez \u00e0 l\u2019UE d\u2019appliquer le droit international et les droits humains de mani\u00e8re coh\u00e9rente, y compris dans ses relations commerciales.<\/span><\/span><\/li>\n<li><span style=\"font-family: Verdana, sans-serif;\"><span style=\"font-size: small;\">Vous signifiez \u00e0 l\u2019UE que vous ne voulez plus risquer d\u2019\u00eatre complice par vos achats de la colonisation et des violences inflig\u00e9es, entre autres, au peuple palestinien.<\/span><\/span><\/li>\n<\/ul>\n<p><strong><span style=\"color: #555555;\"><span style=\"font-family: Verdana, sans-serif;\"><span style=\"font-size: small;\"><b>Si elle parvient \u00e0 rassembler 1 million de signatures \u00e0 travers l\u2019Europe, cette ICE obligera la Commission europ\u00e9enne \u00e0 discuter de mesures concr\u00e8tes dans ce sens.<\/b><\/span><\/span><\/span><\/strong><\/p>\n<p><em><span style=\"font-family: Verdana, sans-serif;\"><span style=\"font-size: small;\">Qu\u2019est-ce qu\u2019une Initiative citoyenne europ\u00e9enne\u00a0?<\/span><\/span><\/em><\/p>\n<p><em><span style=\"font-family: Verdana, sans-serif;\"><span style=\"font-size: small;\">Une Initiative citoyenne europ\u00e9enne (ICE) est diff\u00e9rente d\u2019une p\u00e9tition \u00ab\u00a0normale\u00a0\u00bb\u00a0: c\u2019est un instrument d\u00e9mocratique officiel qui permet aux citoyens de l\u2019UE de contribuer \u00e0 fa\u00e7onner l\u2019Europe, en sollicitant la Commission europ\u00e9enne pour qu\u2019elle propose un acte l\u00e9gislatif. Si nous parvenons \u00e0 recueillir un million de signatures (valid\u00e9es), la Commission europ\u00e9enne sera l\u00e9galement oblig\u00e9e de donner suite \u00e0 nos demandes.<\/span><\/span><\/em><\/p>\n<p>Source : <a href=\"https:\/\/www.madeinillegality.org\/fr\">madeinillegality.org<\/a><\/p>\n","protected":false},"excerpt":{"rendered":"<p>Initiative citoyenne europ\u00e9enne, 21 f\u00e9vrier 2022. Ne participons pas \u00e0 notre insu \u00e0 la colonisation du territoire palestinien occup\u00e9. Ce que nous d\u00e9non\u00e7ons La colonisation isra\u00e9lienne en toute impunit\u00e9 De <a class=\"more-link\" href=\"https:\/\/ismfrance.org\/index.php\/2022\/02\/24\/petition-1-million-de-signatures-assurer-la-conformite-de-la-politique-commerciale-commune-avec-les-traites-de-lunion-europeenne-ainsi-que-le-respect-du-droit-international\/\">Lire la suite &rarr;<\/a><\/p>\n","protected":false},"author":3,"featured_media":1970,"comment_status":"closed","ping_status":"closed","sticky":false,"template":"","format":"standard","meta":{"footnotes":""},"categories":[2,15],"tags":[31,164,44],"class_list":["post-1969","post","type-post","status-publish","format-standard","has-post-thumbnail","hentry","category-articles","category-campagnes","tag-boycott","tag-europe","tag-materiel-militant"],"yoast_head":"<!-- This site is optimized with the Yoast SEO plugin v27.2 - https:\/\/yoast.com\/product\/yoast-seo-wordpress\/ -->\n<title>P\u00e9tition -&gt;\u00a01 million de signatures : Assurer la conformit\u00e9 de la politique commerciale commune avec les trait\u00e9s de l\u2019Union europ\u00e9enne ainsi que le respect du droit international - International Solidarity Movement - ISM-France<\/title>\n<meta name=\"robots\" content=\"index, follow, max-snippet:-1, max-image-preview:large, max-video-preview:-1\" \/>\n<link rel=\"canonical\" href=\"https:\/\/ismfrance.org\/index.php\/2022\/02\/24\/petition-1-million-de-signatures-assurer-la-conformite-de-la-politique-commerciale-commune-avec-les-traites-de-lunion-europeenne-ainsi-que-le-respect-du-droit-international\/\" \/>\n<meta property=\"og:locale\" content=\"fr_FR\" \/>\n<meta property=\"og:type\" content=\"article\" \/>\n<meta property=\"og:title\" content=\"P\u00e9tition -&gt;\u00a01 million de signatures : Assurer la conformit\u00e9 de la politique commerciale commune avec les trait\u00e9s de l\u2019Union europ\u00e9enne ainsi que le respect du droit international - International Solidarity Movement - ISM-France\" \/>\n<meta property=\"og:description\" content=\"Initiative citoyenne europ\u00e9enne, 21 f\u00e9vrier 2022. Ne participons pas \u00e0 notre insu \u00e0 la colonisation du territoire palestinien occup\u00e9. Ce que nous d\u00e9non\u00e7ons La colonisation isra\u00e9lienne en toute impunit\u00e9 De Lire la suite &rarr;\" \/>\n<meta property=\"og:url\" content=\"https:\/\/ismfrance.org\/index.php\/2022\/02\/24\/petition-1-million-de-signatures-assurer-la-conformite-de-la-politique-commerciale-commune-avec-les-traites-de-lunion-europeenne-ainsi-que-le-respect-du-droit-international\/\" \/>\n<meta property=\"og:site_name\" content=\"International Solidarity Movement - ISM-France\" \/>\n<meta property=\"article:published_time\" content=\"2022-02-24T11:24:48+00:00\" \/>\n<meta property=\"og:image\" content=\"https:\/\/ismfrance.org\/wp-content\/uploads\/2022\/02\/madeinillegality.png\" \/>\n\t<meta property=\"og:image:width\" content=\"943\" \/>\n\t<meta property=\"og:image:height\" content=\"460\" \/>\n\t<meta property=\"og:image:type\" content=\"image\/png\" \/>\n<meta name=\"author\" content=\"mru_01\" \/>\n<meta name=\"twitter:card\" content=\"summary_large_image\" \/>\n<meta name=\"twitter:creator\" content=\"@ISMFRANCE\" \/>\n<meta name=\"twitter:site\" content=\"@ISMFRANCE\" \/>\n<meta name=\"twitter:label1\" content=\"\u00c9crit par\" \/>\n\t<meta name=\"twitter:data1\" content=\"mru_01\" \/>\n\t<meta name=\"twitter:label2\" content=\"Dur\u00e9e de lecture estim\u00e9e\" \/>\n\t<meta name=\"twitter:data2\" content=\"6 minutes\" \/>\n<script type=\"application\/ld+json\" class=\"yoast-schema-graph\">{\"@context\":\"https:\/\/schema.org\",\"@graph\":[{\"@type\":\"Article\",\"@id\":\"https:\/\/ismfrance.org\/index.php\/2022\/02\/24\/petition-1-million-de-signatures-assurer-la-conformite-de-la-politique-commerciale-commune-avec-les-traites-de-lunion-europeenne-ainsi-que-le-respect-du-droit-international\/#article\",\"isPartOf\":{\"@id\":\"https:\/\/ismfrance.org\/index.php\/2022\/02\/24\/petition-1-million-de-signatures-assurer-la-conformite-de-la-politique-commerciale-commune-avec-les-traites-de-lunion-europeenne-ainsi-que-le-respect-du-droit-international\/\"},\"author\":{\"name\":\"mru_01\",\"@id\":\"https:\/\/ismfrance.org\/#\/schema\/person\/3c411eb72adfaae19c0dca1f41fae01d\"},\"headline\":\"P\u00e9tition ->\u00a01 million de signatures : Assurer la conformit\u00e9 de la politique commerciale commune avec les trait\u00e9s de l\u2019Union europ\u00e9enne ainsi que le respect du droit international\",\"datePublished\":\"2022-02-24T11:24:48+00:00\",\"mainEntityOfPage\":{\"@id\":\"https:\/\/ismfrance.org\/index.php\/2022\/02\/24\/petition-1-million-de-signatures-assurer-la-conformite-de-la-politique-commerciale-commune-avec-les-traites-de-lunion-europeenne-ainsi-que-le-respect-du-droit-international\/\"},\"wordCount\":1201,\"publisher\":{\"@id\":\"https:\/\/ismfrance.org\/#organization\"},\"image\":{\"@id\":\"https:\/\/ismfrance.org\/index.php\/2022\/02\/24\/petition-1-million-de-signatures-assurer-la-conformite-de-la-politique-commerciale-commune-avec-les-traites-de-lunion-europeenne-ainsi-que-le-respect-du-droit-international\/#primaryimage\"},\"thumbnailUrl\":\"https:\/\/ismfrance.org\/wp-content\/uploads\/2022\/02\/madeinillegality.png\",\"keywords\":[\"Boycott\",\"Europe\",\"mat\u00e9riel militant\"],\"articleSection\":[\"Articles\",\"Campagnes\"],\"inLanguage\":\"fr-FR\"},{\"@type\":\"WebPage\",\"@id\":\"https:\/\/ismfrance.org\/index.php\/2022\/02\/24\/petition-1-million-de-signatures-assurer-la-conformite-de-la-politique-commerciale-commune-avec-les-traites-de-lunion-europeenne-ainsi-que-le-respect-du-droit-international\/\",\"url\":\"https:\/\/ismfrance.org\/index.php\/2022\/02\/24\/petition-1-million-de-signatures-assurer-la-conformite-de-la-politique-commerciale-commune-avec-les-traites-de-lunion-europeenne-ainsi-que-le-respect-du-droit-international\/\",\"name\":\"P\u00e9tition ->\u00a01 million de signatures : Assurer la conformit\u00e9 de la politique commerciale commune avec les trait\u00e9s de l\u2019Union europ\u00e9enne ainsi que le respect du droit international - International Solidarity Movement - ISM-France\",\"isPartOf\":{\"@id\":\"https:\/\/ismfrance.org\/#website\"},\"primaryImageOfPage\":{\"@id\":\"https:\/\/ismfrance.org\/index.php\/2022\/02\/24\/petition-1-million-de-signatures-assurer-la-conformite-de-la-politique-commerciale-commune-avec-les-traites-de-lunion-europeenne-ainsi-que-le-respect-du-droit-international\/#primaryimage\"},\"image\":{\"@id\":\"https:\/\/ismfrance.org\/index.php\/2022\/02\/24\/petition-1-million-de-signatures-assurer-la-conformite-de-la-politique-commerciale-commune-avec-les-traites-de-lunion-europeenne-ainsi-que-le-respect-du-droit-international\/#primaryimage\"},\"thumbnailUrl\":\"https:\/\/ismfrance.org\/wp-content\/uploads\/2022\/02\/madeinillegality.png\",\"datePublished\":\"2022-02-24T11:24:48+00:00\",\"breadcrumb\":{\"@id\":\"https:\/\/ismfrance.org\/index.php\/2022\/02\/24\/petition-1-million-de-signatures-assurer-la-conformite-de-la-politique-commerciale-commune-avec-les-traites-de-lunion-europeenne-ainsi-que-le-respect-du-droit-international\/#breadcrumb\"},\"inLanguage\":\"fr-FR\",\"potentialAction\":[{\"@type\":\"ReadAction\",\"target\":[\"https:\/\/ismfrance.org\/index.php\/2022\/02\/24\/petition-1-million-de-signatures-assurer-la-conformite-de-la-politique-commerciale-commune-avec-les-traites-de-lunion-europeenne-ainsi-que-le-respect-du-droit-international\/\"]}]},{\"@type\":\"ImageObject\",\"inLanguage\":\"fr-FR\",\"@id\":\"https:\/\/ismfrance.org\/index.php\/2022\/02\/24\/petition-1-million-de-signatures-assurer-la-conformite-de-la-politique-commerciale-commune-avec-les-traites-de-lunion-europeenne-ainsi-que-le-respect-du-droit-international\/#primaryimage\",\"url\":\"https:\/\/ismfrance.org\/wp-content\/uploads\/2022\/02\/madeinillegality.png\",\"contentUrl\":\"https:\/\/ismfrance.org\/wp-content\/uploads\/2022\/02\/madeinillegality.png\",\"width\":943,\"height\":460},{\"@type\":\"BreadcrumbList\",\"@id\":\"https:\/\/ismfrance.org\/index.php\/2022\/02\/24\/petition-1-million-de-signatures-assurer-la-conformite-de-la-politique-commerciale-commune-avec-les-traites-de-lunion-europeenne-ainsi-que-le-respect-du-droit-international\/#breadcrumb\",\"itemListElement\":[{\"@type\":\"ListItem\",\"position\":1,\"name\":\"Accueil\",\"item\":\"https:\/\/ismfrance.org\/\"},{\"@type\":\"ListItem\",\"position\":2,\"name\":\"P\u00e9tition ->\u00a01 million de signatures : Assurer la conformit\u00e9 de la politique commerciale commune avec les trait\u00e9s de l\u2019Union europ\u00e9enne ainsi que le respect du droit international\"}]},{\"@type\":\"WebSite\",\"@id\":\"https:\/\/ismfrance.org\/#website\",\"url\":\"https:\/\/ismfrance.org\/\",\"name\":\"ISM Palestine France\",\"description\":\"Soutien aux luttes de lib\u00e9ration du peuple palestinien\",\"publisher\":{\"@id\":\"https:\/\/ismfrance.org\/#organization\"},\"potentialAction\":[{\"@type\":\"SearchAction\",\"target\":{\"@type\":\"EntryPoint\",\"urlTemplate\":\"https:\/\/ismfrance.org\/?s={search_term_string}\"},\"query-input\":{\"@type\":\"PropertyValueSpecification\",\"valueRequired\":true,\"valueName\":\"search_term_string\"}}],\"inLanguage\":\"fr-FR\"},{\"@type\":\"Organization\",\"@id\":\"https:\/\/ismfrance.org\/#organization\",\"name\":\"International Solidarity Movement\",\"url\":\"https:\/\/ismfrance.org\/\",\"logo\":{\"@type\":\"ImageObject\",\"inLanguage\":\"fr-FR\",\"@id\":\"https:\/\/ismfrance.org\/#\/schema\/logo\/image\/\",\"url\":\"https:\/\/ismfrance.org\/wp-content\/uploads\/2020\/12\/00.png\",\"contentUrl\":\"https:\/\/ismfrance.org\/wp-content\/uploads\/2020\/12\/00.png\",\"width\":400,\"height\":400,\"caption\":\"International Solidarity Movement\"},\"image\":{\"@id\":\"https:\/\/ismfrance.org\/#\/schema\/logo\/image\/\"},\"sameAs\":[\"https:\/\/x.com\/ISMFRANCE\"]},{\"@type\":\"Person\",\"@id\":\"https:\/\/ismfrance.org\/#\/schema\/person\/3c411eb72adfaae19c0dca1f41fae01d\",\"name\":\"mru_01\",\"image\":{\"@type\":\"ImageObject\",\"inLanguage\":\"fr-FR\",\"@id\":\"https:\/\/secure.gravatar.com\/avatar\/3a0be343b445d2ccc79e87444a294fad2b232e90d2051d0e3cc219e1ecd6a330?s=96&d=mm&r=g\",\"url\":\"https:\/\/secure.gravatar.com\/avatar\/3a0be343b445d2ccc79e87444a294fad2b232e90d2051d0e3cc219e1ecd6a330?s=96&d=mm&r=g\",\"contentUrl\":\"https:\/\/secure.gravatar.com\/avatar\/3a0be343b445d2ccc79e87444a294fad2b232e90d2051d0e3cc219e1ecd6a330?s=96&d=mm&r=g\",\"caption\":\"mru_01\"},\"url\":\"https:\/\/ismfrance.org\/index.php\/author\/admin02\/\"}]}<\/script>\n<!-- \/ Yoast SEO plugin. -->","yoast_head_json":{"title":"P\u00e9tition ->\u00a01 million de signatures : Assurer la conformit\u00e9 de la politique commerciale commune avec les trait\u00e9s de l\u2019Union europ\u00e9enne ainsi que le respect du droit international - International Solidarity Movement - ISM-France","robots":{"index":"index","follow":"follow","max-snippet":"max-snippet:-1","max-image-preview":"max-image-preview:large","max-video-preview":"max-video-preview:-1"},"canonical":"https:\/\/ismfrance.org\/index.php\/2022\/02\/24\/petition-1-million-de-signatures-assurer-la-conformite-de-la-politique-commerciale-commune-avec-les-traites-de-lunion-europeenne-ainsi-que-le-respect-du-droit-international\/","og_locale":"fr_FR","og_type":"article","og_title":"P\u00e9tition ->\u00a01 million de signatures : Assurer la conformit\u00e9 de la politique commerciale commune avec les trait\u00e9s de l\u2019Union europ\u00e9enne ainsi que le respect du droit international - International Solidarity Movement - ISM-France","og_description":"Initiative citoyenne europ\u00e9enne, 21 f\u00e9vrier 2022. Ne participons pas \u00e0 notre insu \u00e0 la colonisation du territoire palestinien occup\u00e9. Ce que nous d\u00e9non\u00e7ons La colonisation isra\u00e9lienne en toute impunit\u00e9 De Lire la suite &rarr;","og_url":"https:\/\/ismfrance.org\/index.php\/2022\/02\/24\/petition-1-million-de-signatures-assurer-la-conformite-de-la-politique-commerciale-commune-avec-les-traites-de-lunion-europeenne-ainsi-que-le-respect-du-droit-international\/","og_site_name":"International Solidarity Movement - ISM-France","article_published_time":"2022-02-24T11:24:48+00:00","og_image":[{"width":943,"height":460,"url":"https:\/\/ismfrance.org\/wp-content\/uploads\/2022\/02\/madeinillegality.png","type":"image\/png"}],"author":"mru_01","twitter_card":"summary_large_image","twitter_creator":"@ISMFRANCE","twitter_site":"@ISMFRANCE","twitter_misc":{"\u00c9crit par":"mru_01","Dur\u00e9e de lecture estim\u00e9e":"6 minutes"},"schema":{"@context":"https:\/\/schema.org","@graph":[{"@type":"Article","@id":"https:\/\/ismfrance.org\/index.php\/2022\/02\/24\/petition-1-million-de-signatures-assurer-la-conformite-de-la-politique-commerciale-commune-avec-les-traites-de-lunion-europeenne-ainsi-que-le-respect-du-droit-international\/#article","isPartOf":{"@id":"https:\/\/ismfrance.org\/index.php\/2022\/02\/24\/petition-1-million-de-signatures-assurer-la-conformite-de-la-politique-commerciale-commune-avec-les-traites-de-lunion-europeenne-ainsi-que-le-respect-du-droit-international\/"},"author":{"name":"mru_01","@id":"https:\/\/ismfrance.org\/#\/schema\/person\/3c411eb72adfaae19c0dca1f41fae01d"},"headline":"P\u00e9tition ->\u00a01 million de signatures : Assurer la conformit\u00e9 de la politique commerciale commune avec les trait\u00e9s de l\u2019Union europ\u00e9enne ainsi que le respect du droit international","datePublished":"2022-02-24T11:24:48+00:00","mainEntityOfPage":{"@id":"https:\/\/ismfrance.org\/index.php\/2022\/02\/24\/petition-1-million-de-signatures-assurer-la-conformite-de-la-politique-commerciale-commune-avec-les-traites-de-lunion-europeenne-ainsi-que-le-respect-du-droit-international\/"},"wordCount":1201,"publisher":{"@id":"https:\/\/ismfrance.org\/#organization"},"image":{"@id":"https:\/\/ismfrance.org\/index.php\/2022\/02\/24\/petition-1-million-de-signatures-assurer-la-conformite-de-la-politique-commerciale-commune-avec-les-traites-de-lunion-europeenne-ainsi-que-le-respect-du-droit-international\/#primaryimage"},"thumbnailUrl":"https:\/\/ismfrance.org\/wp-content\/uploads\/2022\/02\/madeinillegality.png","keywords":["Boycott","Europe","mat\u00e9riel militant"],"articleSection":["Articles","Campagnes"],"inLanguage":"fr-FR"},{"@type":"WebPage","@id":"https:\/\/ismfrance.org\/index.php\/2022\/02\/24\/petition-1-million-de-signatures-assurer-la-conformite-de-la-politique-commerciale-commune-avec-les-traites-de-lunion-europeenne-ainsi-que-le-respect-du-droit-international\/","url":"https:\/\/ismfrance.org\/index.php\/2022\/02\/24\/petition-1-million-de-signatures-assurer-la-conformite-de-la-politique-commerciale-commune-avec-les-traites-de-lunion-europeenne-ainsi-que-le-respect-du-droit-international\/","name":"P\u00e9tition ->\u00a01 million de signatures : Assurer la conformit\u00e9 de la politique commerciale commune avec les trait\u00e9s de l\u2019Union europ\u00e9enne ainsi que le respect du droit international - International Solidarity Movement - ISM-France","isPartOf":{"@id":"https:\/\/ismfrance.org\/#website"},"primaryImageOfPage":{"@id":"https:\/\/ismfrance.org\/index.php\/2022\/02\/24\/petition-1-million-de-signatures-assurer-la-conformite-de-la-politique-commerciale-commune-avec-les-traites-de-lunion-europeenne-ainsi-que-le-respect-du-droit-international\/#primaryimage"},"image":{"@id":"https:\/\/ismfrance.org\/index.php\/2022\/02\/24\/petition-1-million-de-signatures-assurer-la-conformite-de-la-politique-commerciale-commune-avec-les-traites-de-lunion-europeenne-ainsi-que-le-respect-du-droit-international\/#primaryimage"},"thumbnailUrl":"https:\/\/ismfrance.org\/wp-content\/uploads\/2022\/02\/madeinillegality.png","datePublished":"2022-02-24T11:24:48+00:00","breadcrumb":{"@id":"https:\/\/ismfrance.org\/index.php\/2022\/02\/24\/petition-1-million-de-signatures-assurer-la-conformite-de-la-politique-commerciale-commune-avec-les-traites-de-lunion-europeenne-ainsi-que-le-respect-du-droit-international\/#breadcrumb"},"inLanguage":"fr-FR","potentialAction":[{"@type":"ReadAction","target":["https:\/\/ismfrance.org\/index.php\/2022\/02\/24\/petition-1-million-de-signatures-assurer-la-conformite-de-la-politique-commerciale-commune-avec-les-traites-de-lunion-europeenne-ainsi-que-le-respect-du-droit-international\/"]}]},{"@type":"ImageObject","inLanguage":"fr-FR","@id":"https:\/\/ismfrance.org\/index.php\/2022\/02\/24\/petition-1-million-de-signatures-assurer-la-conformite-de-la-politique-commerciale-commune-avec-les-traites-de-lunion-europeenne-ainsi-que-le-respect-du-droit-international\/#primaryimage","url":"https:\/\/ismfrance.org\/wp-content\/uploads\/2022\/02\/madeinillegality.png","contentUrl":"https:\/\/ismfrance.org\/wp-content\/uploads\/2022\/02\/madeinillegality.png","width":943,"height":460},{"@type":"BreadcrumbList","@id":"https:\/\/ismfrance.org\/index.php\/2022\/02\/24\/petition-1-million-de-signatures-assurer-la-conformite-de-la-politique-commerciale-commune-avec-les-traites-de-lunion-europeenne-ainsi-que-le-respect-du-droit-international\/#breadcrumb","itemListElement":[{"@type":"ListItem","position":1,"name":"Accueil","item":"https:\/\/ismfrance.org\/"},{"@type":"ListItem","position":2,"name":"P\u00e9tition ->\u00a01 million de signatures : Assurer la conformit\u00e9 de la politique commerciale commune avec les trait\u00e9s de l\u2019Union europ\u00e9enne ainsi que le respect du droit international"}]},{"@type":"WebSite","@id":"https:\/\/ismfrance.org\/#website","url":"https:\/\/ismfrance.org\/","name":"ISM Palestine France","description":"Soutien aux luttes de lib\u00e9ration du peuple palestinien","publisher":{"@id":"https:\/\/ismfrance.org\/#organization"},"potentialAction":[{"@type":"SearchAction","target":{"@type":"EntryPoint","urlTemplate":"https:\/\/ismfrance.org\/?s={search_term_string}"},"query-input":{"@type":"PropertyValueSpecification","valueRequired":true,"valueName":"search_term_string"}}],"inLanguage":"fr-FR"},{"@type":"Organization","@id":"https:\/\/ismfrance.org\/#organization","name":"International Solidarity Movement","url":"https:\/\/ismfrance.org\/","logo":{"@type":"ImageObject","inLanguage":"fr-FR","@id":"https:\/\/ismfrance.org\/#\/schema\/logo\/image\/","url":"https:\/\/ismfrance.org\/wp-content\/uploads\/2020\/12\/00.png","contentUrl":"https:\/\/ismfrance.org\/wp-content\/uploads\/2020\/12\/00.png","width":400,"height":400,"caption":"International Solidarity Movement"},"image":{"@id":"https:\/\/ismfrance.org\/#\/schema\/logo\/image\/"},"sameAs":["https:\/\/x.com\/ISMFRANCE"]},{"@type":"Person","@id":"https:\/\/ismfrance.org\/#\/schema\/person\/3c411eb72adfaae19c0dca1f41fae01d","name":"mru_01","image":{"@type":"ImageObject","inLanguage":"fr-FR","@id":"https:\/\/secure.gravatar.com\/avatar\/3a0be343b445d2ccc79e87444a294fad2b232e90d2051d0e3cc219e1ecd6a330?s=96&d=mm&r=g","url":"https:\/\/secure.gravatar.com\/avatar\/3a0be343b445d2ccc79e87444a294fad2b232e90d2051d0e3cc219e1ecd6a330?s=96&d=mm&r=g","contentUrl":"https:\/\/secure.gravatar.com\/avatar\/3a0be343b445d2ccc79e87444a294fad2b232e90d2051d0e3cc219e1ecd6a330?s=96&d=mm&r=g","caption":"mru_01"},"url":"https:\/\/ismfrance.org\/index.php\/author\/admin02\/"}]}},"_links":{"self":[{"href":"https:\/\/ismfrance.org\/index.php\/wp-json\/wp\/v2\/posts\/1969","targetHints":{"allow":["GET"]}}],"collection":[{"href":"https:\/\/ismfrance.org\/index.php\/wp-json\/wp\/v2\/posts"}],"about":[{"href":"https:\/\/ismfrance.org\/index.php\/wp-json\/wp\/v2\/types\/post"}],"author":[{"embeddable":true,"href":"https:\/\/ismfrance.org\/index.php\/wp-json\/wp\/v2\/users\/3"}],"replies":[{"embeddable":true,"href":"https:\/\/ismfrance.org\/index.php\/wp-json\/wp\/v2\/comments?post=1969"}],"version-history":[{"count":0,"href":"https:\/\/ismfrance.org\/index.php\/wp-json\/wp\/v2\/posts\/1969\/revisions"}],"wp:featuredmedia":[{"embeddable":true,"href":"https:\/\/ismfrance.org\/index.php\/wp-json\/wp\/v2\/media\/1970"}],"wp:attachment":[{"href":"https:\/\/ismfrance.org\/index.php\/wp-json\/wp\/v2\/media?parent=1969"}],"wp:term":[{"taxonomy":"category","embeddable":true,"href":"https:\/\/ismfrance.org\/index.php\/wp-json\/wp\/v2\/categories?post=1969"},{"taxonomy":"post_tag","embeddable":true,"href":"https:\/\/ismfrance.org\/index.php\/wp-json\/wp\/v2\/tags?post=1969"}],"curies":[{"name":"wp","href":"https:\/\/api.w.org\/{rel}","templated":true}]}}