{"id":19594,"date":"2025-04-10T18:09:44","date_gmt":"2025-04-10T16:09:44","guid":{"rendered":"https:\/\/ismfrance.org\/?p=19594"},"modified":"2025-04-11T09:39:55","modified_gmt":"2025-04-11T07:39:55","slug":"le-detenu-ahmed-manasra-libere-apres-10-ans-dans-les-prisons-israeliennes","status":"publish","type":"post","link":"https:\/\/ismfrance.org\/index.php\/2025\/04\/10\/le-detenu-ahmed-manasra-libere-apres-10-ans-dans-les-prisons-israeliennes\/","title":{"rendered":"Le d\u00e9tenu Ahmed Manasra lib\u00e9r\u00e9 apr\u00e8s 10 ans dans les prisons isra\u00e9liennes"},"content":{"rendered":"<p><span style=\"color: #000000;\"><span style=\"font-family: Verdana, sans-serif;\"><span style=\"font-size: medium;\"><strong>Mise \u00e0 jour :<\/strong> <em>Quelques heures seulement apr\u00e8s sa lib\u00e9ration apr\u00e8s 9 ans de prison, les autorit\u00e9s isra\u00e9liennes ont \u00e9mis un ordre d&rsquo;assignation \u00e0 r\u00e9sidence contre Ahmad Manasra jusqu&rsquo;\u00e0 dimanche, avec une caution fix\u00e9e \u00e0 3.000 shekels. (source <a href=\"https:\/\/x.com\/QudsNen\/status\/1910377828605911488?t=vCiAoYW5nuRmqE7pFE-Esg&amp;s=09\">Quds News Network<\/a>)<\/em><\/span><\/span><\/span><\/p>\n<p><span style=\"color: #000000;\"><span style=\"font-family: Verdana, sans-serif;\"><span style=\"font-size: medium;\"><strong>Al Mayadeen, 10 avril 2025.-<\/strong> Les autorit\u00e9s isra\u00e9liennes ont lib\u00e9r\u00e9 aujourd&rsquo;hui Ahmad Manasra, 23 ans, de la prison de Nafha, dans le d\u00e9sert du N\u00e9guev, mettant fin \u00e0 10 ans d&#8217;emprisonnement.<\/span><\/span><\/span><\/p>\n<div id=\"attachment_19595\" style=\"width: 535px\" class=\"wp-caption aligncenter\"><a href=\"https:\/\/ismfrance.org\/wp-content\/uploads\/2025\/04\/GoLNFUTXEAANn3V.jpeg\"><img loading=\"lazy\" decoding=\"async\" aria-describedby=\"caption-attachment-19595\" class=\"wp-image-19595 size-large\" src=\"https:\/\/ismfrance.org\/wp-content\/uploads\/2025\/04\/GoLNFUTXEAANn3V-525x700.jpeg\" alt=\"\" width=\"525\" height=\"700\" srcset=\"https:\/\/ismfrance.org\/wp-content\/uploads\/2025\/04\/GoLNFUTXEAANn3V-525x700.jpeg 525w, https:\/\/ismfrance.org\/wp-content\/uploads\/2025\/04\/GoLNFUTXEAANn3V-225x300.jpeg 225w, https:\/\/ismfrance.org\/wp-content\/uploads\/2025\/04\/GoLNFUTXEAANn3V-768x1024.jpeg 768w, https:\/\/ismfrance.org\/wp-content\/uploads\/2025\/04\/GoLNFUTXEAANn3V.jpeg 960w\" sizes=\"auto, (max-width: 525px) 100vw, 525px\" \/><\/a><p id=\"caption-attachment-19595\" class=\"wp-caption-text\"><em><strong>Ahmed Manasra lorsqu&rsquo;il a \u00e9t\u00e9 retrouv\u00e9 ce matin, loin de l&rsquo;entr\u00e9e principale de la prison de Nafha, o\u00f9 sa famille l&rsquo;attendait.<\/strong><\/em><\/p><\/div>\n<p><span style=\"color: #000000;\"><span style=\"font-family: Verdana, sans-serif;\"><span style=\"font-size: medium;\">Les autorit\u00e9s isra\u00e9liennes l&rsquo;ont volontairement lib\u00e9r\u00e9 loin de l&rsquo;entr\u00e9e principale de la prison de Nafha, o\u00f9 sa famille l&rsquo;attendait pour l&rsquo;accueillir. <a href=\"https:\/\/x.com\/i\/status\/1910375053746659569\">Apr\u00e8s sa lib\u00e9ration<\/a>, il a rencontr\u00e9 un habitant de Beer Sheva et s&rsquo;est servi de son t\u00e9l\u00e9phone pour appeler sa famille et l&rsquo;avertir qu&rsquo;il \u00e9tait libre, selon le correspondant d&rsquo;<i>Al Mayadeen<\/i>.<\/span><\/span><\/span><\/p>\n<p><span style=\"color: #000000;\"><span style=\"font-family: Verdana, sans-serif;\"><span style=\"font-size: medium;\">L&rsquo;avocat d&rsquo;Ahmad Manasra a d\u00e9clar\u00e9 \u00e0 <\/span><\/span><span style=\"font-family: Verdana, sans-serif;\"><span style=\"font-size: medium;\"><i>Al Mayadeen<\/i><\/span><\/span><span style=\"font-family: Verdana, sans-serif;\"><span style=\"font-size: medium;\"> que son client avait \u00e9t\u00e9 lib\u00e9r\u00e9 dans un \u00e9tat mental extr\u00eamement fragile, ayant subi torture et isolement cellulaire de 2021 jusqu&rsquo;au d\u00e9but de la guerre actuelle, et qu&rsquo;il avait \u00e9t\u00e9 soumis aux m\u00eames traitements cruels et mesures punitives que ceux impos\u00e9s aux autres prisonniers pendant le conflit.<\/span><\/span><\/span><\/p>\n<p><span style=\"color: #000000;\"><span style=\"font-family: Verdana, sans-serif;\"><span style=\"font-size: medium;\">Les services de renseignement isra\u00e9liens ont mis en garde la famille de Manasra contre toute c\u00e9l\u00e9bration de son retour, a ajout\u00e9 l&rsquo;avocat.<\/span><\/span><\/span><\/p>\n<p><span style=\"color: #000000;\"><span style=\"font-family: Verdana, sans-serif;\"><span style=\"font-size: medium;\">Ahmad Manasra a \u00e9t\u00e9 arr\u00eat\u00e9 en 2015 \u00e0 l&rsquo;\u00e2ge de 13 ans apr\u00e8s avoir \u00e9t\u00e9 accus\u00e9, avec son cousin, d&rsquo;avoir men\u00e9 une op\u00e9ration de r\u00e9sistance \u00e0 J\u00e9rusalem occup\u00e9e. Au cours de cette op\u00e9ration, son cousin Hassan Manasra a \u00e9t\u00e9 tu\u00e9 par balle par les forces isra\u00e9liennes et Ahmad a \u00e9t\u00e9 gri\u00e8vement bless\u00e9.<\/span><\/span><\/span><\/p>\n<p><span style=\"color: #000000;\"><span style=\"font-family: Verdana, sans-serif;\"><span style=\"font-size: medium;\">Le jour de son arrestation, Ahmad Manasra a \u00e9t\u00e9 violemment battu, ce qui lui a fractur\u00e9 le cr\u00e2ne et provoqu\u00e9 une h\u00e9morragie interne. Il a \u00e9galement \u00e9t\u00e9 soumis \u00e0 des interrogatoires physiques et psychologiques tr\u00e8s durs, notamment la privation de sommeil, de longues heures d&rsquo;interrogatoires incessants, l&rsquo;isolement des autres prisonniers et le refus de visites et des soins m\u00e9dicaux n\u00e9cessaires. Apr\u00e8s plusieurs audiences, le tribunal d&rsquo;occupation isra\u00e9lien a prononc\u00e9 un verdict de douze ans de prison contre Ahmad et une peine p\u00e9cuniaire de 180.000 shekels (43.000\u20ac). La peine de prison a \u00e9t\u00e9 r\u00e9duite \u00e0 neuf ans et demi en 2017.<\/span><\/span><\/span><\/p>\n<p><span style=\"color: #000000;\"><span style=\"font-family: Verdana, sans-serif;\"><span style=\"font-size: medium;\">Avant son transfert en prison, les autorit\u00e9s d&rsquo;occupation isra\u00e9liennes ont d\u00e9tenu Ahmad pendant deux ans dans un \u00e9tablissement sp\u00e9cial pour mineurs dans des conditions difficiles et \u00e9prouvantes, puis l&rsquo;ont transf\u00e9r\u00e9 \u00e0 la prison de \u00ab Megiddo \u00bb \u00e0 l&rsquo;\u00e2ge de 14 ans.<\/span><\/span><\/span><\/p>\n<p><iframe loading=\"lazy\" title=\"Free Ahmad Manasra\" width=\"600\" height=\"450\" src=\"https:\/\/www.youtube.com\/embed\/AwRFO_r6QGk?feature=oembed\" frameborder=\"0\" allow=\"accelerometer; autoplay; clipboard-write; encrypted-media; gyroscope; picture-in-picture; web-share\" referrerpolicy=\"strict-origin-when-cross-origin\" allowfullscreen><\/iframe><\/p>\n<p><span style=\"color: #000000;\"><span style=\"font-family: Verdana, sans-serif;\"><span style=\"font-size: medium;\">En septembre 2023, le tribunal isra\u00e9lien de la prison de \u00ab Ramla \u00bb a <a href=\"https:\/\/english.almayadeen.net\/news\/politics\/israel-delays-manasras-trial-despite-deteriorating-health-co\">report\u00e9<\/a> un proc\u00e8s pour statuer sur la fin de l&rsquo;isolement cellulaire de Manasra, qui avait d\u00e9but\u00e9 en octobre 2021, malgr\u00e9 la d\u00e9t\u00e9rioration de sa sant\u00e9 et de son \u00e9tat psychologique.<\/span><\/span><\/span><\/p>\n<p><span style=\"color: #000000;\"><span style=\"font-family: Verdana, sans-serif;\"><span style=\"font-size: medium;\">La peine d&rsquo;isolement cellulaire de Mansara a \u00e9t\u00e9 <a href=\"https:\/\/english.almayadeen.net\/news\/politics\/israeli-occupation-court-extends-solitary-confinement-of-ahm?utm_source=mango-searchx&amp;utm_medium=title_and_relatives&amp;utm_campaign=Ahmad%20Manasra\">prolong\u00e9e<\/a> \u00e0 plusieurs reprises, au m\u00e9pris total de sa sant\u00e9 mentale et physique, comme en ao\u00fbt 2022.<\/span><\/span><\/span><\/p>\n<p><span style=\"color: #000000;\"><span style=\"font-family: Verdana, sans-serif;\"><span style=\"font-size: medium;\">Ces derni\u00e8res ann\u00e9es, une <a href=\"https:\/\/english.almayadeen.net\/news\/politics\/israel-must-immediately-release-ahmad-manasra:-eu\">campagne mondiale<\/a> a \u00e9t\u00e9 lanc\u00e9e pour demander la lib\u00e9ration d&rsquo;Ahmad Manasra en raison de la d\u00e9t\u00e9rioration de sa sant\u00e9 mentale caus\u00e9e par le traumatisme qu&rsquo;il a subi en tant qu&rsquo;enfant en d\u00e9tention. Cette campagne s&rsquo;est accompagn\u00e9e d&rsquo;une s\u00e9rie d&rsquo;audiences devant les tribunaux isra\u00e9liens qui ont syst\u00e9matiquement rejet\u00e9 les appels en faveur de sa lib\u00e9ration et refus\u00e9 d&rsquo;assouplir les restrictions qui lui \u00e9taient impos\u00e9es.<\/span><\/span><\/span><\/p>\n<p><span style=\"font-family: Verdana, sans-serif;\"><span style=\"font-size: medium;\"><span style=\"color: #000000;\">En ao\u00fbt 2022, Amnesty International a <a href=\"https:\/\/english.almayadeen.net\/news\/politics\/amnesty-demands-immediate-release-of-ahmad-manasra?utm_source=mango-searchx&amp;utm_medium=title_and_relatives&amp;utm_campaign=Ahmad%20Manasra\">appel\u00e9<\/a> \u00e0 la lib\u00e9ration imm\u00e9diate de Mansara apr\u00e8s qu\u2019il ait d\u00e9velopp\u00e9 de graves probl\u00e8mes de sant\u00e9 mentale depuis son arrestation \u00e0 seulement 13 ans, en raison du traitement brutal perp\u00e9tr\u00e9 par les autorit\u00e9s p\u00e9nitentiaires isra\u00e9liennes.<\/span><\/span><\/span><\/p>\n<pre><em><strong><span style=\"font-family: Verdana, sans-serif;\"><span style=\"font-size: medium;\"><span style=\"color: #000000;\"><span style=\"font-size: small;\">Article original en anglais sur <a href=\"https:\/\/english.almayadeen.net\/news\/politics\/detainee-ahmed-manasra-freed-after-10-years-in-israeli-priso\">Al Mayadeen<\/a> \/ Traduction MR<\/span><\/span><\/span><\/span><\/strong><\/em><\/pre>\n","protected":false},"excerpt":{"rendered":"<p>Mise \u00e0 jour : Quelques heures seulement apr\u00e8s sa lib\u00e9ration apr\u00e8s 9 ans de prison, les autorit\u00e9s isra\u00e9liennes ont \u00e9mis un ordre d&rsquo;assignation \u00e0 r\u00e9sidence contre Ahmad Manasra jusqu&rsquo;\u00e0 dimanche, <a class=\"more-link\" href=\"https:\/\/ismfrance.org\/index.php\/2025\/04\/10\/le-detenu-ahmed-manasra-libere-apres-10-ans-dans-les-prisons-israeliennes\/\">Lire la suite &rarr;<\/a><\/p>\n","protected":false},"author":3,"featured_media":19595,"comment_status":"closed","ping_status":"closed","sticky":false,"template":"","format":"standard","meta":{"footnotes":""},"categories":[2,13],"tags":[61,21],"class_list":["post-19594","post","type-post","status-publish","format-standard","has-post-thumbnail","hentry","category-articles","category-temoignages","tag-enfants","tag-prisonniers"],"yoast_head":"<!-- This site is optimized with the Yoast SEO plugin v27.2 - https:\/\/yoast.com\/product\/yoast-seo-wordpress\/ -->\n<title>Le d\u00e9tenu Ahmed Manasra lib\u00e9r\u00e9 apr\u00e8s 10 ans dans les prisons isra\u00e9liennes - International Solidarity Movement - ISM-France<\/title>\n<meta name=\"robots\" content=\"index, follow, max-snippet:-1, max-image-preview:large, max-video-preview:-1\" \/>\n<link rel=\"canonical\" href=\"https:\/\/ismfrance.org\/index.php\/2025\/04\/10\/le-detenu-ahmed-manasra-libere-apres-10-ans-dans-les-prisons-israeliennes\/\" \/>\n<meta property=\"og:locale\" content=\"fr_FR\" \/>\n<meta property=\"og:type\" content=\"article\" \/>\n<meta property=\"og:title\" content=\"Le d\u00e9tenu Ahmed Manasra lib\u00e9r\u00e9 apr\u00e8s 10 ans dans les prisons isra\u00e9liennes - International Solidarity Movement - ISM-France\" \/>\n<meta property=\"og:description\" content=\"Mise \u00e0 jour : Quelques heures seulement apr\u00e8s sa lib\u00e9ration apr\u00e8s 9 ans de prison, les autorit\u00e9s isra\u00e9liennes ont \u00e9mis un ordre d&rsquo;assignation \u00e0 r\u00e9sidence contre Ahmad Manasra jusqu&rsquo;\u00e0 dimanche, Lire la suite &rarr;\" \/>\n<meta property=\"og:url\" content=\"https:\/\/ismfrance.org\/index.php\/2025\/04\/10\/le-detenu-ahmed-manasra-libere-apres-10-ans-dans-les-prisons-israeliennes\/\" \/>\n<meta property=\"og:site_name\" content=\"International Solidarity Movement - ISM-France\" \/>\n<meta property=\"article:published_time\" content=\"2025-04-10T16:09:44+00:00\" \/>\n<meta property=\"article:modified_time\" content=\"2025-04-11T07:39:55+00:00\" \/>\n<meta property=\"og:image\" content=\"https:\/\/ismfrance.org\/wp-content\/uploads\/2025\/04\/GoLNFUTXEAANn3V.jpeg\" \/>\n\t<meta property=\"og:image:width\" content=\"960\" \/>\n\t<meta property=\"og:image:height\" content=\"1280\" \/>\n\t<meta property=\"og:image:type\" content=\"image\/jpeg\" \/>\n<meta name=\"author\" content=\"mru_01\" \/>\n<meta name=\"twitter:card\" content=\"summary_large_image\" \/>\n<meta name=\"twitter:creator\" content=\"@ISMFRANCE\" \/>\n<meta name=\"twitter:site\" content=\"@ISMFRANCE\" \/>\n<meta name=\"twitter:label1\" content=\"\u00c9crit par\" \/>\n\t<meta name=\"twitter:data1\" content=\"mru_01\" \/>\n\t<meta name=\"twitter:label2\" content=\"Dur\u00e9e de lecture estim\u00e9e\" \/>\n\t<meta name=\"twitter:data2\" content=\"4 minutes\" \/>\n<script type=\"application\/ld+json\" class=\"yoast-schema-graph\">{\"@context\":\"https:\/\/schema.org\",\"@graph\":[{\"@type\":\"Article\",\"@id\":\"https:\/\/ismfrance.org\/index.php\/2025\/04\/10\/le-detenu-ahmed-manasra-libere-apres-10-ans-dans-les-prisons-israeliennes\/#article\",\"isPartOf\":{\"@id\":\"https:\/\/ismfrance.org\/index.php\/2025\/04\/10\/le-detenu-ahmed-manasra-libere-apres-10-ans-dans-les-prisons-israeliennes\/\"},\"author\":{\"name\":\"mru_01\",\"@id\":\"https:\/\/ismfrance.org\/#\/schema\/person\/3c411eb72adfaae19c0dca1f41fae01d\"},\"headline\":\"Le d\u00e9tenu Ahmed Manasra lib\u00e9r\u00e9 apr\u00e8s 10 ans dans les prisons isra\u00e9liennes\",\"datePublished\":\"2025-04-10T16:09:44+00:00\",\"dateModified\":\"2025-04-11T07:39:55+00:00\",\"mainEntityOfPage\":{\"@id\":\"https:\/\/ismfrance.org\/index.php\/2025\/04\/10\/le-detenu-ahmed-manasra-libere-apres-10-ans-dans-les-prisons-israeliennes\/\"},\"wordCount\":709,\"publisher\":{\"@id\":\"https:\/\/ismfrance.org\/#organization\"},\"image\":{\"@id\":\"https:\/\/ismfrance.org\/index.php\/2025\/04\/10\/le-detenu-ahmed-manasra-libere-apres-10-ans-dans-les-prisons-israeliennes\/#primaryimage\"},\"thumbnailUrl\":\"https:\/\/ismfrance.org\/wp-content\/uploads\/2025\/04\/GoLNFUTXEAANn3V.jpeg\",\"keywords\":[\"enfants\",\"Prisonniers\"],\"articleSection\":[\"Articles\",\"T\u00e9moignages\"],\"inLanguage\":\"fr-FR\"},{\"@type\":\"WebPage\",\"@id\":\"https:\/\/ismfrance.org\/index.php\/2025\/04\/10\/le-detenu-ahmed-manasra-libere-apres-10-ans-dans-les-prisons-israeliennes\/\",\"url\":\"https:\/\/ismfrance.org\/index.php\/2025\/04\/10\/le-detenu-ahmed-manasra-libere-apres-10-ans-dans-les-prisons-israeliennes\/\",\"name\":\"Le d\u00e9tenu Ahmed Manasra lib\u00e9r\u00e9 apr\u00e8s 10 ans dans les prisons isra\u00e9liennes - International Solidarity Movement - ISM-France\",\"isPartOf\":{\"@id\":\"https:\/\/ismfrance.org\/#website\"},\"primaryImageOfPage\":{\"@id\":\"https:\/\/ismfrance.org\/index.php\/2025\/04\/10\/le-detenu-ahmed-manasra-libere-apres-10-ans-dans-les-prisons-israeliennes\/#primaryimage\"},\"image\":{\"@id\":\"https:\/\/ismfrance.org\/index.php\/2025\/04\/10\/le-detenu-ahmed-manasra-libere-apres-10-ans-dans-les-prisons-israeliennes\/#primaryimage\"},\"thumbnailUrl\":\"https:\/\/ismfrance.org\/wp-content\/uploads\/2025\/04\/GoLNFUTXEAANn3V.jpeg\",\"datePublished\":\"2025-04-10T16:09:44+00:00\",\"dateModified\":\"2025-04-11T07:39:55+00:00\",\"breadcrumb\":{\"@id\":\"https:\/\/ismfrance.org\/index.php\/2025\/04\/10\/le-detenu-ahmed-manasra-libere-apres-10-ans-dans-les-prisons-israeliennes\/#breadcrumb\"},\"inLanguage\":\"fr-FR\",\"potentialAction\":[{\"@type\":\"ReadAction\",\"target\":[\"https:\/\/ismfrance.org\/index.php\/2025\/04\/10\/le-detenu-ahmed-manasra-libere-apres-10-ans-dans-les-prisons-israeliennes\/\"]}]},{\"@type\":\"ImageObject\",\"inLanguage\":\"fr-FR\",\"@id\":\"https:\/\/ismfrance.org\/index.php\/2025\/04\/10\/le-detenu-ahmed-manasra-libere-apres-10-ans-dans-les-prisons-israeliennes\/#primaryimage\",\"url\":\"https:\/\/ismfrance.org\/wp-content\/uploads\/2025\/04\/GoLNFUTXEAANn3V.jpeg\",\"contentUrl\":\"https:\/\/ismfrance.org\/wp-content\/uploads\/2025\/04\/GoLNFUTXEAANn3V.jpeg\",\"width\":960,\"height\":1280},{\"@type\":\"BreadcrumbList\",\"@id\":\"https:\/\/ismfrance.org\/index.php\/2025\/04\/10\/le-detenu-ahmed-manasra-libere-apres-10-ans-dans-les-prisons-israeliennes\/#breadcrumb\",\"itemListElement\":[{\"@type\":\"ListItem\",\"position\":1,\"name\":\"Accueil\",\"item\":\"https:\/\/ismfrance.org\/\"},{\"@type\":\"ListItem\",\"position\":2,\"name\":\"Le d\u00e9tenu Ahmed Manasra lib\u00e9r\u00e9 apr\u00e8s 10 ans dans les prisons isra\u00e9liennes\"}]},{\"@type\":\"WebSite\",\"@id\":\"https:\/\/ismfrance.org\/#website\",\"url\":\"https:\/\/ismfrance.org\/\",\"name\":\"ISM Palestine France\",\"description\":\"Soutien aux luttes de lib\u00e9ration du peuple palestinien\",\"publisher\":{\"@id\":\"https:\/\/ismfrance.org\/#organization\"},\"potentialAction\":[{\"@type\":\"SearchAction\",\"target\":{\"@type\":\"EntryPoint\",\"urlTemplate\":\"https:\/\/ismfrance.org\/?s={search_term_string}\"},\"query-input\":{\"@type\":\"PropertyValueSpecification\",\"valueRequired\":true,\"valueName\":\"search_term_string\"}}],\"inLanguage\":\"fr-FR\"},{\"@type\":\"Organization\",\"@id\":\"https:\/\/ismfrance.org\/#organization\",\"name\":\"International Solidarity Movement\",\"url\":\"https:\/\/ismfrance.org\/\",\"logo\":{\"@type\":\"ImageObject\",\"inLanguage\":\"fr-FR\",\"@id\":\"https:\/\/ismfrance.org\/#\/schema\/logo\/image\/\",\"url\":\"https:\/\/ismfrance.org\/wp-content\/uploads\/2020\/12\/00.png\",\"contentUrl\":\"https:\/\/ismfrance.org\/wp-content\/uploads\/2020\/12\/00.png\",\"width\":400,\"height\":400,\"caption\":\"International Solidarity Movement\"},\"image\":{\"@id\":\"https:\/\/ismfrance.org\/#\/schema\/logo\/image\/\"},\"sameAs\":[\"https:\/\/x.com\/ISMFRANCE\"]},{\"@type\":\"Person\",\"@id\":\"https:\/\/ismfrance.org\/#\/schema\/person\/3c411eb72adfaae19c0dca1f41fae01d\",\"name\":\"mru_01\",\"image\":{\"@type\":\"ImageObject\",\"inLanguage\":\"fr-FR\",\"@id\":\"https:\/\/secure.gravatar.com\/avatar\/3a0be343b445d2ccc79e87444a294fad2b232e90d2051d0e3cc219e1ecd6a330?s=96&d=mm&r=g\",\"url\":\"https:\/\/secure.gravatar.com\/avatar\/3a0be343b445d2ccc79e87444a294fad2b232e90d2051d0e3cc219e1ecd6a330?s=96&d=mm&r=g\",\"contentUrl\":\"https:\/\/secure.gravatar.com\/avatar\/3a0be343b445d2ccc79e87444a294fad2b232e90d2051d0e3cc219e1ecd6a330?s=96&d=mm&r=g\",\"caption\":\"mru_01\"},\"url\":\"https:\/\/ismfrance.org\/index.php\/author\/admin02\/\"}]}<\/script>\n<!-- \/ Yoast SEO plugin. -->","yoast_head_json":{"title":"Le d\u00e9tenu Ahmed Manasra lib\u00e9r\u00e9 apr\u00e8s 10 ans dans les prisons isra\u00e9liennes - International Solidarity Movement - ISM-France","robots":{"index":"index","follow":"follow","max-snippet":"max-snippet:-1","max-image-preview":"max-image-preview:large","max-video-preview":"max-video-preview:-1"},"canonical":"https:\/\/ismfrance.org\/index.php\/2025\/04\/10\/le-detenu-ahmed-manasra-libere-apres-10-ans-dans-les-prisons-israeliennes\/","og_locale":"fr_FR","og_type":"article","og_title":"Le d\u00e9tenu Ahmed Manasra lib\u00e9r\u00e9 apr\u00e8s 10 ans dans les prisons isra\u00e9liennes - International Solidarity Movement - ISM-France","og_description":"Mise \u00e0 jour : Quelques heures seulement apr\u00e8s sa lib\u00e9ration apr\u00e8s 9 ans de prison, les autorit\u00e9s isra\u00e9liennes ont \u00e9mis un ordre d&rsquo;assignation \u00e0 r\u00e9sidence contre Ahmad Manasra jusqu&rsquo;\u00e0 dimanche, Lire la suite &rarr;","og_url":"https:\/\/ismfrance.org\/index.php\/2025\/04\/10\/le-detenu-ahmed-manasra-libere-apres-10-ans-dans-les-prisons-israeliennes\/","og_site_name":"International Solidarity Movement - ISM-France","article_published_time":"2025-04-10T16:09:44+00:00","article_modified_time":"2025-04-11T07:39:55+00:00","og_image":[{"width":960,"height":1280,"url":"https:\/\/ismfrance.org\/wp-content\/uploads\/2025\/04\/GoLNFUTXEAANn3V.jpeg","type":"image\/jpeg"}],"author":"mru_01","twitter_card":"summary_large_image","twitter_creator":"@ISMFRANCE","twitter_site":"@ISMFRANCE","twitter_misc":{"\u00c9crit par":"mru_01","Dur\u00e9e de lecture estim\u00e9e":"4 minutes"},"schema":{"@context":"https:\/\/schema.org","@graph":[{"@type":"Article","@id":"https:\/\/ismfrance.org\/index.php\/2025\/04\/10\/le-detenu-ahmed-manasra-libere-apres-10-ans-dans-les-prisons-israeliennes\/#article","isPartOf":{"@id":"https:\/\/ismfrance.org\/index.php\/2025\/04\/10\/le-detenu-ahmed-manasra-libere-apres-10-ans-dans-les-prisons-israeliennes\/"},"author":{"name":"mru_01","@id":"https:\/\/ismfrance.org\/#\/schema\/person\/3c411eb72adfaae19c0dca1f41fae01d"},"headline":"Le d\u00e9tenu Ahmed Manasra lib\u00e9r\u00e9 apr\u00e8s 10 ans dans les prisons isra\u00e9liennes","datePublished":"2025-04-10T16:09:44+00:00","dateModified":"2025-04-11T07:39:55+00:00","mainEntityOfPage":{"@id":"https:\/\/ismfrance.org\/index.php\/2025\/04\/10\/le-detenu-ahmed-manasra-libere-apres-10-ans-dans-les-prisons-israeliennes\/"},"wordCount":709,"publisher":{"@id":"https:\/\/ismfrance.org\/#organization"},"image":{"@id":"https:\/\/ismfrance.org\/index.php\/2025\/04\/10\/le-detenu-ahmed-manasra-libere-apres-10-ans-dans-les-prisons-israeliennes\/#primaryimage"},"thumbnailUrl":"https:\/\/ismfrance.org\/wp-content\/uploads\/2025\/04\/GoLNFUTXEAANn3V.jpeg","keywords":["enfants","Prisonniers"],"articleSection":["Articles","T\u00e9moignages"],"inLanguage":"fr-FR"},{"@type":"WebPage","@id":"https:\/\/ismfrance.org\/index.php\/2025\/04\/10\/le-detenu-ahmed-manasra-libere-apres-10-ans-dans-les-prisons-israeliennes\/","url":"https:\/\/ismfrance.org\/index.php\/2025\/04\/10\/le-detenu-ahmed-manasra-libere-apres-10-ans-dans-les-prisons-israeliennes\/","name":"Le d\u00e9tenu Ahmed Manasra lib\u00e9r\u00e9 apr\u00e8s 10 ans dans les prisons isra\u00e9liennes - International Solidarity Movement - ISM-France","isPartOf":{"@id":"https:\/\/ismfrance.org\/#website"},"primaryImageOfPage":{"@id":"https:\/\/ismfrance.org\/index.php\/2025\/04\/10\/le-detenu-ahmed-manasra-libere-apres-10-ans-dans-les-prisons-israeliennes\/#primaryimage"},"image":{"@id":"https:\/\/ismfrance.org\/index.php\/2025\/04\/10\/le-detenu-ahmed-manasra-libere-apres-10-ans-dans-les-prisons-israeliennes\/#primaryimage"},"thumbnailUrl":"https:\/\/ismfrance.org\/wp-content\/uploads\/2025\/04\/GoLNFUTXEAANn3V.jpeg","datePublished":"2025-04-10T16:09:44+00:00","dateModified":"2025-04-11T07:39:55+00:00","breadcrumb":{"@id":"https:\/\/ismfrance.org\/index.php\/2025\/04\/10\/le-detenu-ahmed-manasra-libere-apres-10-ans-dans-les-prisons-israeliennes\/#breadcrumb"},"inLanguage":"fr-FR","potentialAction":[{"@type":"ReadAction","target":["https:\/\/ismfrance.org\/index.php\/2025\/04\/10\/le-detenu-ahmed-manasra-libere-apres-10-ans-dans-les-prisons-israeliennes\/"]}]},{"@type":"ImageObject","inLanguage":"fr-FR","@id":"https:\/\/ismfrance.org\/index.php\/2025\/04\/10\/le-detenu-ahmed-manasra-libere-apres-10-ans-dans-les-prisons-israeliennes\/#primaryimage","url":"https:\/\/ismfrance.org\/wp-content\/uploads\/2025\/04\/GoLNFUTXEAANn3V.jpeg","contentUrl":"https:\/\/ismfrance.org\/wp-content\/uploads\/2025\/04\/GoLNFUTXEAANn3V.jpeg","width":960,"height":1280},{"@type":"BreadcrumbList","@id":"https:\/\/ismfrance.org\/index.php\/2025\/04\/10\/le-detenu-ahmed-manasra-libere-apres-10-ans-dans-les-prisons-israeliennes\/#breadcrumb","itemListElement":[{"@type":"ListItem","position":1,"name":"Accueil","item":"https:\/\/ismfrance.org\/"},{"@type":"ListItem","position":2,"name":"Le d\u00e9tenu Ahmed Manasra lib\u00e9r\u00e9 apr\u00e8s 10 ans dans les prisons isra\u00e9liennes"}]},{"@type":"WebSite","@id":"https:\/\/ismfrance.org\/#website","url":"https:\/\/ismfrance.org\/","name":"ISM Palestine France","description":"Soutien aux luttes de lib\u00e9ration du peuple palestinien","publisher":{"@id":"https:\/\/ismfrance.org\/#organization"},"potentialAction":[{"@type":"SearchAction","target":{"@type":"EntryPoint","urlTemplate":"https:\/\/ismfrance.org\/?s={search_term_string}"},"query-input":{"@type":"PropertyValueSpecification","valueRequired":true,"valueName":"search_term_string"}}],"inLanguage":"fr-FR"},{"@type":"Organization","@id":"https:\/\/ismfrance.org\/#organization","name":"International Solidarity Movement","url":"https:\/\/ismfrance.org\/","logo":{"@type":"ImageObject","inLanguage":"fr-FR","@id":"https:\/\/ismfrance.org\/#\/schema\/logo\/image\/","url":"https:\/\/ismfrance.org\/wp-content\/uploads\/2020\/12\/00.png","contentUrl":"https:\/\/ismfrance.org\/wp-content\/uploads\/2020\/12\/00.png","width":400,"height":400,"caption":"International Solidarity Movement"},"image":{"@id":"https:\/\/ismfrance.org\/#\/schema\/logo\/image\/"},"sameAs":["https:\/\/x.com\/ISMFRANCE"]},{"@type":"Person","@id":"https:\/\/ismfrance.org\/#\/schema\/person\/3c411eb72adfaae19c0dca1f41fae01d","name":"mru_01","image":{"@type":"ImageObject","inLanguage":"fr-FR","@id":"https:\/\/secure.gravatar.com\/avatar\/3a0be343b445d2ccc79e87444a294fad2b232e90d2051d0e3cc219e1ecd6a330?s=96&d=mm&r=g","url":"https:\/\/secure.gravatar.com\/avatar\/3a0be343b445d2ccc79e87444a294fad2b232e90d2051d0e3cc219e1ecd6a330?s=96&d=mm&r=g","contentUrl":"https:\/\/secure.gravatar.com\/avatar\/3a0be343b445d2ccc79e87444a294fad2b232e90d2051d0e3cc219e1ecd6a330?s=96&d=mm&r=g","caption":"mru_01"},"url":"https:\/\/ismfrance.org\/index.php\/author\/admin02\/"}]}},"_links":{"self":[{"href":"https:\/\/ismfrance.org\/index.php\/wp-json\/wp\/v2\/posts\/19594","targetHints":{"allow":["GET"]}}],"collection":[{"href":"https:\/\/ismfrance.org\/index.php\/wp-json\/wp\/v2\/posts"}],"about":[{"href":"https:\/\/ismfrance.org\/index.php\/wp-json\/wp\/v2\/types\/post"}],"author":[{"embeddable":true,"href":"https:\/\/ismfrance.org\/index.php\/wp-json\/wp\/v2\/users\/3"}],"replies":[{"embeddable":true,"href":"https:\/\/ismfrance.org\/index.php\/wp-json\/wp\/v2\/comments?post=19594"}],"version-history":[{"count":0,"href":"https:\/\/ismfrance.org\/index.php\/wp-json\/wp\/v2\/posts\/19594\/revisions"}],"wp:featuredmedia":[{"embeddable":true,"href":"https:\/\/ismfrance.org\/index.php\/wp-json\/wp\/v2\/media\/19595"}],"wp:attachment":[{"href":"https:\/\/ismfrance.org\/index.php\/wp-json\/wp\/v2\/media?parent=19594"}],"wp:term":[{"taxonomy":"category","embeddable":true,"href":"https:\/\/ismfrance.org\/index.php\/wp-json\/wp\/v2\/categories?post=19594"},{"taxonomy":"post_tag","embeddable":true,"href":"https:\/\/ismfrance.org\/index.php\/wp-json\/wp\/v2\/tags?post=19594"}],"curies":[{"name":"wp","href":"https:\/\/api.w.org\/{rel}","templated":true}]}}