{"id":1954,"date":"2022-02-23T09:22:24","date_gmt":"2022-02-23T08:22:24","guid":{"rendered":"https:\/\/ismfrance.org\/?p=1954"},"modified":"2022-02-23T09:22:24","modified_gmt":"2022-02-23T08:22:24","slug":"israel-gele-lexpulsion-dune-famille-palestinienne-a-sheikh-jarrah-pour-des-raisons-de-securite","status":"publish","type":"post","link":"https:\/\/ismfrance.org\/index.php\/2022\/02\/23\/israel-gele-lexpulsion-dune-famille-palestinienne-a-sheikh-jarrah-pour-des-raisons-de-securite\/","title":{"rendered":"Isra\u00ebl g\u00e8le l&rsquo;expulsion d&rsquo;une famille palestinienne \u00e0 Sheikh Jarrah pour des raisons de s\u00e9curit\u00e9"},"content":{"rendered":"<p><span style=\"color: #000000;\"><span style=\"font-family: Verdana, sans-serif;\"><span style=\"font-size: small;\"><b>MEMO, 22 f\u00e9vrier 2022.<\/b> Une famille palestinienne du quartier de Sheikh Jarrah, \u00e0 J\u00e9rusalem, menac\u00e9e d&rsquo;expulsion par un groupe de colons juifs, b\u00e9n\u00e9ficie d&rsquo;un bref r\u00e9pit, suite \u00e0 la d\u00e9cision d&rsquo;un tribunal isra\u00e9lien de J\u00e9rusalem occup\u00e9e de suspendre l&rsquo;ordre d&rsquo;expulsion par crainte d&rsquo;un regain de violence.<\/span><\/span><\/span><\/p>\n<p><div id=\"attachment_1955\" style=\"width: 610px\" class=\"wp-caption aligncenter\"><img loading=\"lazy\" decoding=\"async\" aria-describedby=\"caption-attachment-1955\" class=\"size-large wp-image-1955\" src=\"https:\/\/ismfrance.org\/wp-content\/uploads\/2022\/02\/salem-sheikh-jarrah-700x467.jpg\" alt=\"\" width=\"600\" height=\"400\" srcset=\"https:\/\/ismfrance.org\/wp-content\/uploads\/2022\/02\/salem-sheikh-jarrah-700x467.jpg 700w, https:\/\/ismfrance.org\/wp-content\/uploads\/2022\/02\/salem-sheikh-jarrah-300x200.jpg 300w, https:\/\/ismfrance.org\/wp-content\/uploads\/2022\/02\/salem-sheikh-jarrah-768x512.jpg 768w, https:\/\/ismfrance.org\/wp-content\/uploads\/2022\/02\/salem-sheikh-jarrah.jpg 1200w\" sizes=\"auto, (max-width: 600px) 100vw, 600px\" \/><p id=\"caption-attachment-1955\" class=\"wp-caption-text\">La famille palestinienne Salem et des militants soutenant la famille c\u00e9l\u00e8brent une d\u00e9cision de justice visant \u00e0 geler leur expulsion, dans le quartier de Sheikh Jarrah \u00e0 J\u00e9rusalem-Est, le 22 f\u00e9vrier 2022 [Enes Canl\u0131 \/ Anadolu Agency].<\/p><\/div><span style=\"color: #000000;\"><span style=\"font-family: Verdana, sans-serif;\"><span style=\"font-size: small;\">Au d\u00e9but du mois, un tribunal isra\u00e9lien avait ordonn\u00e9 que les 11 membres de la famille Salem soient expuls\u00e9s de leurs maisons entre le 1er mars et le 1er avril.<\/span><\/span><\/span><\/p>\n<p><span style=\"color: #000000;\"><span style=\"font-family: Verdana, sans-serif;\"><span style=\"font-size: small;\">Cette d\u00e9cision a \u00e9t\u00e9 prise apr\u00e8s qu&rsquo;un membre de droite du conseil municipal de J\u00e9rusalem contr\u00f4l\u00e9 par Isra\u00ebl, Yonatan Yosef, et le maire adjoint, Arieh King, ont affirm\u00e9 avoir achet\u00e9 la maison \u00e0 ses pr\u00e9tendus \u00ab\u00a0<em>propri\u00e9taires juifs d&rsquo;avant 1948<\/em>\u00a0\u00bb.<\/span><\/span><\/span><\/p>\n<p><span style=\"color: #000000;\"><span style=\"font-family: Verdana, sans-serif;\"><span style=\"font-size: small;\">La r\u00e9sidence de la famille Salem &#8211; trois g\u00e9n\u00e9rations qui sont n\u00e9es dans la maison &#8211; est situ\u00e9e sur le c\u00f4t\u00e9 ouest de Sheikh Jarrah. Sur les 45 familles palestiniennes qui vivent dans le quartier, 17 font l&rsquo;objet d&rsquo;un ordre d&rsquo;expulsion. Cependant, les Salem seraient les seuls \u00e0 \u00eatre all\u00e9s jusqu&rsquo;au bout de la proc\u00e9dure judiciaire, les tribunaux de J\u00e9rusalem ayant rejet\u00e9 les appels des r\u00e9sidents.<\/span><\/span><\/span><\/p>\n<p><span style=\"color: #000000;\"><span style=\"font-family: Verdana, sans-serif;\"><span style=\"font-size: small;\">Comme de nombreux Palestiniens vivant \u00e0 Sheikh Jarrah, les Salem s&rsquo;attendaient \u00e0 \u00eatre expuls\u00e9s de chez eux de fa\u00e7on imminente. Cependant, des sources polici\u00e8res et d&rsquo;autres responsables ont estim\u00e9 que l&rsquo;\u00e9vacuation de la famille aurait pu raviver la violence \u00e0 J\u00e9rusalem. La police \u00e9tait particuli\u00e8rement pr\u00e9occup\u00e9e par la date de l&rsquo;expulsion pr\u00e9vue, proche du Ramadan, qui commence d\u00e9but avril cette ann\u00e9e.<\/span><\/span><\/span><\/p>\n<p><span style=\"color: #000000;\"><span style=\"font-family: Verdana, sans-serif;\"><span style=\"font-size: small;\">Au Ramadan dernier, la menace d&rsquo;expulsion des Palestiniens de Sheik Jarrah a d\u00e9clench\u00e9 des semaines de violence, qui ont culmin\u00e9 avec la brutale attaque militaire isra\u00e9lienne de 11 jours contre la bande de Gaza, qui a tu\u00e9 230 Palestiniens, dont 65 enfants.<\/span><\/span><\/span><\/p>\n<p><span style=\"color: #000000;\"><span style=\"font-family: Verdana, sans-serif;\"><span style=\"font-size: small;\">Les avocats qui travaillent \u00e0 l&rsquo;expulsion des Palestiniens de Sheikh Jarrah seraient financ\u00e9s par des ONG de droite qui s&rsquo;efforcent de peupler le quartier de colons juifs.<\/span><\/span><\/span><\/p>\n<p><em><span style=\"color: #000000;\"><span style=\"font-family: Verdana, sans-serif;\"><span style=\"font-size: small;\">Article original en anglais sur <a href=\"https:\/\/www.middleeastmonitor.com\/20220222-israel-freezes-eviction-of-palestinian-family-in-sheikh-jarrah-over-security-concerns\/\">Middle East Monitor<\/a> \/ Traduction MR<\/span><\/span><\/span><\/em><\/p>\n","protected":false},"excerpt":{"rendered":"<p>MEMO, 22 f\u00e9vrier 2022. Une famille palestinienne du quartier de Sheikh Jarrah, \u00e0 J\u00e9rusalem, menac\u00e9e d&rsquo;expulsion par un groupe de colons juifs, b\u00e9n\u00e9ficie d&rsquo;un bref r\u00e9pit, suite \u00e0 la d\u00e9cision <a class=\"more-link\" href=\"https:\/\/ismfrance.org\/index.php\/2022\/02\/23\/israel-gele-lexpulsion-dune-famille-palestinienne-a-sheikh-jarrah-pour-des-raisons-de-securite\/\">Lire la suite &rarr;<\/a><\/p>\n","protected":false},"author":3,"featured_media":1955,"comment_status":"closed","ping_status":"closed","sticky":false,"template":"","format":"standard","meta":{"footnotes":""},"categories":[2,14],"tags":[45,3],"class_list":["post-1954","post","type-post","status-publish","format-standard","has-post-thumbnail","hentry","category-articles","category-communiques","tag-nettoyage-ethnique","tag-resistance"],"yoast_head":"<!-- This site is optimized with the Yoast SEO plugin v27.2 - https:\/\/yoast.com\/product\/yoast-seo-wordpress\/ -->\n<title>Isra\u00ebl g\u00e8le l&#039;expulsion d&#039;une famille palestinienne \u00e0 Sheikh Jarrah pour des raisons de s\u00e9curit\u00e9 - International Solidarity Movement - ISM-France<\/title>\n<meta name=\"robots\" content=\"index, follow, max-snippet:-1, max-image-preview:large, max-video-preview:-1\" \/>\n<link rel=\"canonical\" href=\"https:\/\/ismfrance.org\/index.php\/2022\/02\/23\/israel-gele-lexpulsion-dune-famille-palestinienne-a-sheikh-jarrah-pour-des-raisons-de-securite\/\" \/>\n<meta property=\"og:locale\" content=\"fr_FR\" \/>\n<meta property=\"og:type\" content=\"article\" \/>\n<meta property=\"og:title\" content=\"Isra\u00ebl g\u00e8le l&#039;expulsion d&#039;une famille palestinienne \u00e0 Sheikh Jarrah pour des raisons de s\u00e9curit\u00e9 - International Solidarity Movement - ISM-France\" \/>\n<meta property=\"og:description\" content=\"MEMO, 22 f\u00e9vrier 2022. Une famille palestinienne du quartier de Sheikh Jarrah, \u00e0 J\u00e9rusalem, menac\u00e9e d&rsquo;expulsion par un groupe de colons juifs, b\u00e9n\u00e9ficie d&rsquo;un bref r\u00e9pit, suite \u00e0 la d\u00e9cision Lire la suite &rarr;\" \/>\n<meta property=\"og:url\" content=\"https:\/\/ismfrance.org\/index.php\/2022\/02\/23\/israel-gele-lexpulsion-dune-famille-palestinienne-a-sheikh-jarrah-pour-des-raisons-de-securite\/\" \/>\n<meta property=\"og:site_name\" content=\"International Solidarity Movement - ISM-France\" \/>\n<meta property=\"article:published_time\" content=\"2022-02-23T08:22:24+00:00\" \/>\n<meta property=\"og:image\" content=\"https:\/\/ismfrance.org\/wp-content\/uploads\/2022\/02\/salem-sheikh-jarrah.jpg\" \/>\n\t<meta property=\"og:image:width\" content=\"1200\" \/>\n\t<meta property=\"og:image:height\" content=\"800\" \/>\n\t<meta property=\"og:image:type\" content=\"image\/jpeg\" \/>\n<meta name=\"author\" content=\"mru_01\" \/>\n<meta name=\"twitter:card\" content=\"summary_large_image\" \/>\n<meta name=\"twitter:creator\" content=\"@ISMFRANCE\" \/>\n<meta name=\"twitter:site\" content=\"@ISMFRANCE\" \/>\n<meta name=\"twitter:label1\" content=\"\u00c9crit par\" \/>\n\t<meta name=\"twitter:data1\" content=\"mru_01\" \/>\n\t<meta name=\"twitter:label2\" content=\"Dur\u00e9e de lecture estim\u00e9e\" \/>\n\t<meta name=\"twitter:data2\" content=\"2 minutes\" \/>\n<script type=\"application\/ld+json\" class=\"yoast-schema-graph\">{\"@context\":\"https:\/\/schema.org\",\"@graph\":[{\"@type\":\"Article\",\"@id\":\"https:\/\/ismfrance.org\/index.php\/2022\/02\/23\/israel-gele-lexpulsion-dune-famille-palestinienne-a-sheikh-jarrah-pour-des-raisons-de-securite\/#article\",\"isPartOf\":{\"@id\":\"https:\/\/ismfrance.org\/index.php\/2022\/02\/23\/israel-gele-lexpulsion-dune-famille-palestinienne-a-sheikh-jarrah-pour-des-raisons-de-securite\/\"},\"author\":{\"name\":\"mru_01\",\"@id\":\"https:\/\/ismfrance.org\/#\/schema\/person\/3c411eb72adfaae19c0dca1f41fae01d\"},\"headline\":\"Isra\u00ebl g\u00e8le l&rsquo;expulsion d&rsquo;une famille palestinienne \u00e0 Sheikh Jarrah pour des raisons de s\u00e9curit\u00e9\",\"datePublished\":\"2022-02-23T08:22:24+00:00\",\"mainEntityOfPage\":{\"@id\":\"https:\/\/ismfrance.org\/index.php\/2022\/02\/23\/israel-gele-lexpulsion-dune-famille-palestinienne-a-sheikh-jarrah-pour-des-raisons-de-securite\/\"},\"wordCount\":428,\"publisher\":{\"@id\":\"https:\/\/ismfrance.org\/#organization\"},\"image\":{\"@id\":\"https:\/\/ismfrance.org\/index.php\/2022\/02\/23\/israel-gele-lexpulsion-dune-famille-palestinienne-a-sheikh-jarrah-pour-des-raisons-de-securite\/#primaryimage\"},\"thumbnailUrl\":\"https:\/\/ismfrance.org\/wp-content\/uploads\/2022\/02\/salem-sheikh-jarrah.jpg\",\"keywords\":[\"nettoyage ethnique\",\"R\u00e9sistance\"],\"articleSection\":[\"Articles\",\"Communiqu\u00e9s\"],\"inLanguage\":\"fr-FR\"},{\"@type\":\"WebPage\",\"@id\":\"https:\/\/ismfrance.org\/index.php\/2022\/02\/23\/israel-gele-lexpulsion-dune-famille-palestinienne-a-sheikh-jarrah-pour-des-raisons-de-securite\/\",\"url\":\"https:\/\/ismfrance.org\/index.php\/2022\/02\/23\/israel-gele-lexpulsion-dune-famille-palestinienne-a-sheikh-jarrah-pour-des-raisons-de-securite\/\",\"name\":\"Isra\u00ebl g\u00e8le l'expulsion d'une famille palestinienne \u00e0 Sheikh Jarrah pour des raisons de s\u00e9curit\u00e9 - International Solidarity Movement - ISM-France\",\"isPartOf\":{\"@id\":\"https:\/\/ismfrance.org\/#website\"},\"primaryImageOfPage\":{\"@id\":\"https:\/\/ismfrance.org\/index.php\/2022\/02\/23\/israel-gele-lexpulsion-dune-famille-palestinienne-a-sheikh-jarrah-pour-des-raisons-de-securite\/#primaryimage\"},\"image\":{\"@id\":\"https:\/\/ismfrance.org\/index.php\/2022\/02\/23\/israel-gele-lexpulsion-dune-famille-palestinienne-a-sheikh-jarrah-pour-des-raisons-de-securite\/#primaryimage\"},\"thumbnailUrl\":\"https:\/\/ismfrance.org\/wp-content\/uploads\/2022\/02\/salem-sheikh-jarrah.jpg\",\"datePublished\":\"2022-02-23T08:22:24+00:00\",\"breadcrumb\":{\"@id\":\"https:\/\/ismfrance.org\/index.php\/2022\/02\/23\/israel-gele-lexpulsion-dune-famille-palestinienne-a-sheikh-jarrah-pour-des-raisons-de-securite\/#breadcrumb\"},\"inLanguage\":\"fr-FR\",\"potentialAction\":[{\"@type\":\"ReadAction\",\"target\":[\"https:\/\/ismfrance.org\/index.php\/2022\/02\/23\/israel-gele-lexpulsion-dune-famille-palestinienne-a-sheikh-jarrah-pour-des-raisons-de-securite\/\"]}]},{\"@type\":\"ImageObject\",\"inLanguage\":\"fr-FR\",\"@id\":\"https:\/\/ismfrance.org\/index.php\/2022\/02\/23\/israel-gele-lexpulsion-dune-famille-palestinienne-a-sheikh-jarrah-pour-des-raisons-de-securite\/#primaryimage\",\"url\":\"https:\/\/ismfrance.org\/wp-content\/uploads\/2022\/02\/salem-sheikh-jarrah.jpg\",\"contentUrl\":\"https:\/\/ismfrance.org\/wp-content\/uploads\/2022\/02\/salem-sheikh-jarrah.jpg\",\"width\":1200,\"height\":800,\"caption\":\"La famille palestinienne Salem et des militants soutenant la famille c\u00e9l\u00e8brent une d\u00e9cision de justice visant \u00e0 geler leur expulsion, dans le quartier de Sheikh Jarrah \u00e0 J\u00e9rusalem-Est, le 22 f\u00e9vrier 2022 [Enes Canl\u0131 \/ Anadolu Agency].\"},{\"@type\":\"BreadcrumbList\",\"@id\":\"https:\/\/ismfrance.org\/index.php\/2022\/02\/23\/israel-gele-lexpulsion-dune-famille-palestinienne-a-sheikh-jarrah-pour-des-raisons-de-securite\/#breadcrumb\",\"itemListElement\":[{\"@type\":\"ListItem\",\"position\":1,\"name\":\"Accueil\",\"item\":\"https:\/\/ismfrance.org\/\"},{\"@type\":\"ListItem\",\"position\":2,\"name\":\"Isra\u00ebl g\u00e8le l&#8217;expulsion d&#8217;une famille palestinienne \u00e0 Sheikh Jarrah pour des raisons de s\u00e9curit\u00e9\"}]},{\"@type\":\"WebSite\",\"@id\":\"https:\/\/ismfrance.org\/#website\",\"url\":\"https:\/\/ismfrance.org\/\",\"name\":\"ISM Palestine France\",\"description\":\"Soutien aux luttes de lib\u00e9ration du peuple palestinien\",\"publisher\":{\"@id\":\"https:\/\/ismfrance.org\/#organization\"},\"potentialAction\":[{\"@type\":\"SearchAction\",\"target\":{\"@type\":\"EntryPoint\",\"urlTemplate\":\"https:\/\/ismfrance.org\/?s={search_term_string}\"},\"query-input\":{\"@type\":\"PropertyValueSpecification\",\"valueRequired\":true,\"valueName\":\"search_term_string\"}}],\"inLanguage\":\"fr-FR\"},{\"@type\":\"Organization\",\"@id\":\"https:\/\/ismfrance.org\/#organization\",\"name\":\"International Solidarity Movement\",\"url\":\"https:\/\/ismfrance.org\/\",\"logo\":{\"@type\":\"ImageObject\",\"inLanguage\":\"fr-FR\",\"@id\":\"https:\/\/ismfrance.org\/#\/schema\/logo\/image\/\",\"url\":\"https:\/\/ismfrance.org\/wp-content\/uploads\/2020\/12\/00.png\",\"contentUrl\":\"https:\/\/ismfrance.org\/wp-content\/uploads\/2020\/12\/00.png\",\"width\":400,\"height\":400,\"caption\":\"International Solidarity Movement\"},\"image\":{\"@id\":\"https:\/\/ismfrance.org\/#\/schema\/logo\/image\/\"},\"sameAs\":[\"https:\/\/x.com\/ISMFRANCE\"]},{\"@type\":\"Person\",\"@id\":\"https:\/\/ismfrance.org\/#\/schema\/person\/3c411eb72adfaae19c0dca1f41fae01d\",\"name\":\"mru_01\",\"image\":{\"@type\":\"ImageObject\",\"inLanguage\":\"fr-FR\",\"@id\":\"https:\/\/secure.gravatar.com\/avatar\/3a0be343b445d2ccc79e87444a294fad2b232e90d2051d0e3cc219e1ecd6a330?s=96&d=mm&r=g\",\"url\":\"https:\/\/secure.gravatar.com\/avatar\/3a0be343b445d2ccc79e87444a294fad2b232e90d2051d0e3cc219e1ecd6a330?s=96&d=mm&r=g\",\"contentUrl\":\"https:\/\/secure.gravatar.com\/avatar\/3a0be343b445d2ccc79e87444a294fad2b232e90d2051d0e3cc219e1ecd6a330?s=96&d=mm&r=g\",\"caption\":\"mru_01\"},\"url\":\"https:\/\/ismfrance.org\/index.php\/author\/admin02\/\"}]}<\/script>\n<!-- \/ Yoast SEO plugin. -->","yoast_head_json":{"title":"Isra\u00ebl g\u00e8le l'expulsion d'une famille palestinienne \u00e0 Sheikh Jarrah pour des raisons de s\u00e9curit\u00e9 - International Solidarity Movement - ISM-France","robots":{"index":"index","follow":"follow","max-snippet":"max-snippet:-1","max-image-preview":"max-image-preview:large","max-video-preview":"max-video-preview:-1"},"canonical":"https:\/\/ismfrance.org\/index.php\/2022\/02\/23\/israel-gele-lexpulsion-dune-famille-palestinienne-a-sheikh-jarrah-pour-des-raisons-de-securite\/","og_locale":"fr_FR","og_type":"article","og_title":"Isra\u00ebl g\u00e8le l'expulsion d'une famille palestinienne \u00e0 Sheikh Jarrah pour des raisons de s\u00e9curit\u00e9 - International Solidarity Movement - ISM-France","og_description":"MEMO, 22 f\u00e9vrier 2022. Une famille palestinienne du quartier de Sheikh Jarrah, \u00e0 J\u00e9rusalem, menac\u00e9e d&rsquo;expulsion par un groupe de colons juifs, b\u00e9n\u00e9ficie d&rsquo;un bref r\u00e9pit, suite \u00e0 la d\u00e9cision Lire la suite &rarr;","og_url":"https:\/\/ismfrance.org\/index.php\/2022\/02\/23\/israel-gele-lexpulsion-dune-famille-palestinienne-a-sheikh-jarrah-pour-des-raisons-de-securite\/","og_site_name":"International Solidarity Movement - ISM-France","article_published_time":"2022-02-23T08:22:24+00:00","og_image":[{"width":1200,"height":800,"url":"https:\/\/ismfrance.org\/wp-content\/uploads\/2022\/02\/salem-sheikh-jarrah.jpg","type":"image\/jpeg"}],"author":"mru_01","twitter_card":"summary_large_image","twitter_creator":"@ISMFRANCE","twitter_site":"@ISMFRANCE","twitter_misc":{"\u00c9crit par":"mru_01","Dur\u00e9e de lecture estim\u00e9e":"2 minutes"},"schema":{"@context":"https:\/\/schema.org","@graph":[{"@type":"Article","@id":"https:\/\/ismfrance.org\/index.php\/2022\/02\/23\/israel-gele-lexpulsion-dune-famille-palestinienne-a-sheikh-jarrah-pour-des-raisons-de-securite\/#article","isPartOf":{"@id":"https:\/\/ismfrance.org\/index.php\/2022\/02\/23\/israel-gele-lexpulsion-dune-famille-palestinienne-a-sheikh-jarrah-pour-des-raisons-de-securite\/"},"author":{"name":"mru_01","@id":"https:\/\/ismfrance.org\/#\/schema\/person\/3c411eb72adfaae19c0dca1f41fae01d"},"headline":"Isra\u00ebl g\u00e8le l&rsquo;expulsion d&rsquo;une famille palestinienne \u00e0 Sheikh Jarrah pour des raisons de s\u00e9curit\u00e9","datePublished":"2022-02-23T08:22:24+00:00","mainEntityOfPage":{"@id":"https:\/\/ismfrance.org\/index.php\/2022\/02\/23\/israel-gele-lexpulsion-dune-famille-palestinienne-a-sheikh-jarrah-pour-des-raisons-de-securite\/"},"wordCount":428,"publisher":{"@id":"https:\/\/ismfrance.org\/#organization"},"image":{"@id":"https:\/\/ismfrance.org\/index.php\/2022\/02\/23\/israel-gele-lexpulsion-dune-famille-palestinienne-a-sheikh-jarrah-pour-des-raisons-de-securite\/#primaryimage"},"thumbnailUrl":"https:\/\/ismfrance.org\/wp-content\/uploads\/2022\/02\/salem-sheikh-jarrah.jpg","keywords":["nettoyage ethnique","R\u00e9sistance"],"articleSection":["Articles","Communiqu\u00e9s"],"inLanguage":"fr-FR"},{"@type":"WebPage","@id":"https:\/\/ismfrance.org\/index.php\/2022\/02\/23\/israel-gele-lexpulsion-dune-famille-palestinienne-a-sheikh-jarrah-pour-des-raisons-de-securite\/","url":"https:\/\/ismfrance.org\/index.php\/2022\/02\/23\/israel-gele-lexpulsion-dune-famille-palestinienne-a-sheikh-jarrah-pour-des-raisons-de-securite\/","name":"Isra\u00ebl g\u00e8le l'expulsion d'une famille palestinienne \u00e0 Sheikh Jarrah pour des raisons de s\u00e9curit\u00e9 - International Solidarity Movement - ISM-France","isPartOf":{"@id":"https:\/\/ismfrance.org\/#website"},"primaryImageOfPage":{"@id":"https:\/\/ismfrance.org\/index.php\/2022\/02\/23\/israel-gele-lexpulsion-dune-famille-palestinienne-a-sheikh-jarrah-pour-des-raisons-de-securite\/#primaryimage"},"image":{"@id":"https:\/\/ismfrance.org\/index.php\/2022\/02\/23\/israel-gele-lexpulsion-dune-famille-palestinienne-a-sheikh-jarrah-pour-des-raisons-de-securite\/#primaryimage"},"thumbnailUrl":"https:\/\/ismfrance.org\/wp-content\/uploads\/2022\/02\/salem-sheikh-jarrah.jpg","datePublished":"2022-02-23T08:22:24+00:00","breadcrumb":{"@id":"https:\/\/ismfrance.org\/index.php\/2022\/02\/23\/israel-gele-lexpulsion-dune-famille-palestinienne-a-sheikh-jarrah-pour-des-raisons-de-securite\/#breadcrumb"},"inLanguage":"fr-FR","potentialAction":[{"@type":"ReadAction","target":["https:\/\/ismfrance.org\/index.php\/2022\/02\/23\/israel-gele-lexpulsion-dune-famille-palestinienne-a-sheikh-jarrah-pour-des-raisons-de-securite\/"]}]},{"@type":"ImageObject","inLanguage":"fr-FR","@id":"https:\/\/ismfrance.org\/index.php\/2022\/02\/23\/israel-gele-lexpulsion-dune-famille-palestinienne-a-sheikh-jarrah-pour-des-raisons-de-securite\/#primaryimage","url":"https:\/\/ismfrance.org\/wp-content\/uploads\/2022\/02\/salem-sheikh-jarrah.jpg","contentUrl":"https:\/\/ismfrance.org\/wp-content\/uploads\/2022\/02\/salem-sheikh-jarrah.jpg","width":1200,"height":800,"caption":"La famille palestinienne Salem et des militants soutenant la famille c\u00e9l\u00e8brent une d\u00e9cision de justice visant \u00e0 geler leur expulsion, dans le quartier de Sheikh Jarrah \u00e0 J\u00e9rusalem-Est, le 22 f\u00e9vrier 2022 [Enes Canl\u0131 \/ Anadolu Agency]."},{"@type":"BreadcrumbList","@id":"https:\/\/ismfrance.org\/index.php\/2022\/02\/23\/israel-gele-lexpulsion-dune-famille-palestinienne-a-sheikh-jarrah-pour-des-raisons-de-securite\/#breadcrumb","itemListElement":[{"@type":"ListItem","position":1,"name":"Accueil","item":"https:\/\/ismfrance.org\/"},{"@type":"ListItem","position":2,"name":"Isra\u00ebl g\u00e8le l&#8217;expulsion d&#8217;une famille palestinienne \u00e0 Sheikh Jarrah pour des raisons de s\u00e9curit\u00e9"}]},{"@type":"WebSite","@id":"https:\/\/ismfrance.org\/#website","url":"https:\/\/ismfrance.org\/","name":"ISM Palestine France","description":"Soutien aux luttes de lib\u00e9ration du peuple palestinien","publisher":{"@id":"https:\/\/ismfrance.org\/#organization"},"potentialAction":[{"@type":"SearchAction","target":{"@type":"EntryPoint","urlTemplate":"https:\/\/ismfrance.org\/?s={search_term_string}"},"query-input":{"@type":"PropertyValueSpecification","valueRequired":true,"valueName":"search_term_string"}}],"inLanguage":"fr-FR"},{"@type":"Organization","@id":"https:\/\/ismfrance.org\/#organization","name":"International Solidarity Movement","url":"https:\/\/ismfrance.org\/","logo":{"@type":"ImageObject","inLanguage":"fr-FR","@id":"https:\/\/ismfrance.org\/#\/schema\/logo\/image\/","url":"https:\/\/ismfrance.org\/wp-content\/uploads\/2020\/12\/00.png","contentUrl":"https:\/\/ismfrance.org\/wp-content\/uploads\/2020\/12\/00.png","width":400,"height":400,"caption":"International Solidarity Movement"},"image":{"@id":"https:\/\/ismfrance.org\/#\/schema\/logo\/image\/"},"sameAs":["https:\/\/x.com\/ISMFRANCE"]},{"@type":"Person","@id":"https:\/\/ismfrance.org\/#\/schema\/person\/3c411eb72adfaae19c0dca1f41fae01d","name":"mru_01","image":{"@type":"ImageObject","inLanguage":"fr-FR","@id":"https:\/\/secure.gravatar.com\/avatar\/3a0be343b445d2ccc79e87444a294fad2b232e90d2051d0e3cc219e1ecd6a330?s=96&d=mm&r=g","url":"https:\/\/secure.gravatar.com\/avatar\/3a0be343b445d2ccc79e87444a294fad2b232e90d2051d0e3cc219e1ecd6a330?s=96&d=mm&r=g","contentUrl":"https:\/\/secure.gravatar.com\/avatar\/3a0be343b445d2ccc79e87444a294fad2b232e90d2051d0e3cc219e1ecd6a330?s=96&d=mm&r=g","caption":"mru_01"},"url":"https:\/\/ismfrance.org\/index.php\/author\/admin02\/"}]}},"_links":{"self":[{"href":"https:\/\/ismfrance.org\/index.php\/wp-json\/wp\/v2\/posts\/1954","targetHints":{"allow":["GET"]}}],"collection":[{"href":"https:\/\/ismfrance.org\/index.php\/wp-json\/wp\/v2\/posts"}],"about":[{"href":"https:\/\/ismfrance.org\/index.php\/wp-json\/wp\/v2\/types\/post"}],"author":[{"embeddable":true,"href":"https:\/\/ismfrance.org\/index.php\/wp-json\/wp\/v2\/users\/3"}],"replies":[{"embeddable":true,"href":"https:\/\/ismfrance.org\/index.php\/wp-json\/wp\/v2\/comments?post=1954"}],"version-history":[{"count":0,"href":"https:\/\/ismfrance.org\/index.php\/wp-json\/wp\/v2\/posts\/1954\/revisions"}],"wp:featuredmedia":[{"embeddable":true,"href":"https:\/\/ismfrance.org\/index.php\/wp-json\/wp\/v2\/media\/1955"}],"wp:attachment":[{"href":"https:\/\/ismfrance.org\/index.php\/wp-json\/wp\/v2\/media?parent=1954"}],"wp:term":[{"taxonomy":"category","embeddable":true,"href":"https:\/\/ismfrance.org\/index.php\/wp-json\/wp\/v2\/categories?post=1954"},{"taxonomy":"post_tag","embeddable":true,"href":"https:\/\/ismfrance.org\/index.php\/wp-json\/wp\/v2\/tags?post=1954"}],"curies":[{"name":"wp","href":"https:\/\/api.w.org\/{rel}","templated":true}]}}