{"id":19349,"date":"2025-03-31T14:50:10","date_gmt":"2025-03-31T12:50:10","guid":{"rendered":"https:\/\/ismfrance.org\/?p=19349"},"modified":"2025-04-01T19:49:53","modified_gmt":"2025-04-01T17:49:53","slug":"cisjordanie-le-nouveau-coeur-de-la-lutte-anti-imperialiste-en-palestine","status":"publish","type":"post","link":"https:\/\/ismfrance.org\/index.php\/2025\/03\/31\/cisjordanie-le-nouveau-coeur-de-la-lutte-anti-imperialiste-en-palestine\/","title":{"rendered":"Cisjordanie : le nouveau c\u0153ur de la lutte anti-imp\u00e9rialiste en Palestine"},"content":{"rendered":"<p><em><span style=\"color: #000000;\"><span style=\"font-family: Verdana, sans-serif;\"><span style=\"font-size: medium;\">NDLR : Cet article a \u00e9t\u00e9 \u00e9crit avant la reprise des bombardements \u00e0 Gaza et au Liban. Les auteurs consid\u00e9rent cependant que l\u2019op\u00e9ration actuelle en Cisjordanie a toujours une place centrale.<\/span><\/span><\/span><\/em><b> <\/b><\/p>\n<p><strong><span style=\"color: #000000;\"><span style=\"font-family: Verdana, sans-serif;\"><span style=\"font-size: medium;\">La Cause du Peuple, 28 mars 2025. <\/span><\/span><\/span><\/strong><span style=\"color: #000000;\"><span style=\"font-family: Verdana, sans-serif;\"><span style=\"font-size: medium;\">Peu apr\u00e8s le cessez-le-feu \u00e0 Gaza, l\u2019arm\u00e9e isra\u00e9lienne a annonc\u00e9 l\u2019op\u00e9ration militaire \u00ab mur de fer \u00bb. Cette offensive de grande ampleur vise \u00e0 \u00e9radiquer les camps de r\u00e9fugi\u00e9s de J\u00e9nine et de Tulkarem. La raison est bien simple : c\u2019est l\u00e0 que se situe le c\u0153ur de la R\u00e9sistance.<\/span><\/span><\/span><\/p>\n<div id=\"attachment_19356\" style=\"width: 610px\" class=\"wp-caption aligncenter\"><a href=\"https:\/\/ismfrance.org\/wp-content\/uploads\/2025\/03\/manif-jenin.jpeg\"><img loading=\"lazy\" decoding=\"async\" aria-describedby=\"caption-attachment-19356\" class=\"size-large wp-image-19356\" src=\"https:\/\/ismfrance.org\/wp-content\/uploads\/2025\/03\/manif-jenin-700x641.jpeg\" alt=\"\" width=\"600\" height=\"549\" srcset=\"https:\/\/ismfrance.org\/wp-content\/uploads\/2025\/03\/manif-jenin-700x641.jpeg 700w, https:\/\/ismfrance.org\/wp-content\/uploads\/2025\/03\/manif-jenin-300x275.jpeg 300w, https:\/\/ismfrance.org\/wp-content\/uploads\/2025\/03\/manif-jenin-768x703.jpeg 768w, https:\/\/ismfrance.org\/wp-content\/uploads\/2025\/03\/manif-jenin.jpeg 800w\" sizes=\"auto, (max-width: 600px) 100vw, 600px\" \/><\/a><p id=\"caption-attachment-19356\" class=\"wp-caption-text\"><em><strong>D\u00e9cembre 2025 : J\u00e9nine se mobilise contre le si\u00e8ge de son camp et en soutien \u00e0 sa population et aux combattants de la r\u00e9sistance, pris pour cible par l&rsquo;Autorit\u00e9 palestinienne \u00e0 la demande d&rsquo;Isra\u00ebl.<\/strong><\/em><\/p><\/div>\n<p><span style=\"color: #000000;\"><span style=\"font-family: Verdana, sans-serif;\"><span style=\"font-size: medium;\">L\u2019annonce du cessez-le-feu \u00e0 Gaza a \u00e9t\u00e9 une immense victoire de la R\u00e9sistance. Les sc\u00e8nes de liesse dans les rues de Gaza, mais aussi de Ramallah, J\u00e9nine, Tulkarem ou Naplouse contrastaient avec les mines d\u00e9faites du gouvernement isra\u00e9lien battu. D\u00e9j\u00e0, l\u2019ancien chef adjoint du Mossad, Ram Ben-Barak, lors d\u2019une interview \u00e0 la radio publique isra\u00e9lienne le 18\u00a0mai 2024 d\u00e9clarait :\u00a0<\/span><\/span><\/span><em><span style=\"color: #000000;\"><span style=\"font-family: Verdana, sans-serif;\"><span style=\"font-size: medium;\">\u00ab\u00a0<\/span><\/span><\/span><\/em><em><span style=\"color: #000000;\"><span style=\"font-family: Verdana, sans-serif;\"><span style=\"font-size: medium;\"><i>Cette guerre n\u2019a pas d\u2019objectif clair, et il est \u00e9vident que nous sommes en train de la perdre.<\/i><\/span><\/span><\/span><\/em><em><span style=\"color: #000000;\"><span style=\"font-family: Verdana, sans-serif;\"><span style=\"font-size: medium;\">\u00a0\u00bb<\/span><\/span><\/span><\/em><span style=\"color: #000000;\"><span style=\"font-family: Verdana, sans-serif;\"><span style=\"font-size: medium;\">\u00a0Le cessez-le-feu a prouv\u00e9 la justesse des paroles de Georges Abdallah en f\u00e9vrier 2024 :\u00a0<\/span><\/span><\/span><em><span style=\"color: #000000;\"><span style=\"font-family: Verdana, sans-serif;\"><span style=\"font-size: medium;\">\u00ab\u00a0<\/span><\/span><\/span><\/em><em><span style=\"color: #000000;\"><span style=\"font-family: Verdana, sans-serif;\"><span style=\"font-size: medium;\"><i>Gaza ne portera jamais le drapeau blanc de la capitulation. Ni les sionistes, ni aucune autre criminelle force ne r\u00e9ussiront jamais \u00e0 briser la volont\u00e9 de la r\u00e9sistance \u00e0 Gaza.<\/i><\/span><\/span><\/span><\/em><em><span style=\"color: #000000;\"><span style=\"font-family: Verdana, sans-serif;\"><span style=\"font-size: medium;\">\u00bb<\/span><\/span><\/span><\/em><span style=\"color: #000000;\"><span style=\"font-family: Verdana, sans-serif;\"><span style=\"font-size: medium;\">\u00a0La victoire politique de la R\u00e9sistance est totale. Le niveau d\u2019unit\u00e9 \u00e0 Gaza est tr\u00e8s haut, les masses populaires ont fait rempart pour prot\u00e9ger leurs brigades arm\u00e9es, et sont toujours plus li\u00e9es aux combattants. Tout cela a \u00e9t\u00e9 clair avec le plan des g\u00e9n\u00e9raux, qui a \u00e9t\u00e9 un \u00e9chec total d\u00fb au refus des masses palestinienne de quitter Jabalia. Les d\u00e9clarations de Trump \u00ab\u00a0\u00e0 long terme\u00a0\u00bb ne sont qu\u2019un effet d\u2019annonce pour montrer \u00e0 ses partisans qu\u2019il garde une ligne de marche \u00e0 la guerre.<\/span><\/span><\/span><\/p>\n<p><span style=\"color: #000000;\"><span style=\"font-family: Verdana, sans-serif;\"><span style=\"font-size: medium;\">Mais les faits sont l\u00e0 : Gaza ne s\u2019est pas isol\u00e9e de la Cisjordanie ; bien au contraire, la Cisjordanie et Gaza ont \u00e9t\u00e9 politiquement unifi\u00e9es. Les camps de r\u00e9fugi\u00e9s de Syrie, du Liban et de Jordanie bouillonnent pour la R\u00e9sistance. Les accords d\u2019Oslo de 1993 sont d\u00e9finitivement enterr\u00e9s, et le Hamas, \u00e0 la t\u00eate de la R\u00e9sistance, a \u00e9branl\u00e9 l\u2019h\u00e9g\u00e9monie am\u00e9ricaine sur le Moyen Orient. Et cela malgr\u00e9 l\u2019isolement relatif et la faiblesse du mouvement de soutien international, qui, dans une p\u00e9riode de recomposition des forces de la R\u00e9volution, est tr\u00e8s loin d\u2019atteindre le niveau de conflictualit\u00e9 des mouvements anti-imp\u00e9rialistes des ann\u00e9es 30 ou 70. Les masses palestiniennes ont prouv\u00e9, presque seules, et par les actes, leur rejet des accords d\u2019Oslo, des tra\u00eetres du Fatah et de l\u2019OLP, et de la \u00ab<i>\u00a0normalisation\u00a0<\/i>\u00bb.<\/span><\/span><\/span><\/p>\n<p><span style=\"color: #000000;\"><span style=\"font-family: Verdana, sans-serif;\"><span style=\"font-size: medium;\">A l&rsquo;inverse, la soci\u00e9t\u00e9 isra\u00e9lienne semble plus fragilis\u00e9e que jamais : fuite massive des Isra\u00e9liens (85.000 d\u00e9parts en 2024), croissance d\u00e9mographique \u00e0 l\u2019arr\u00eat, effondrement du PIB, arr\u00eat de nombreux secteurs \u00e9conomiques, manifestations massives, affrontements violents entre factions de la soci\u00e9t\u00e9 isra\u00e9lienne (mat\u00e9rialis\u00e9s par les grandes manifestations), menaces de l\u2019arm\u00e9e\u2026<\/span><\/span><\/span><\/p>\n<p><span style=\"color: #000000;\"><span style=\"font-family: Verdana, sans-serif;\"><span style=\"font-size: medium;\">Ce constat \u00e9tabli, il faut rappeler que le cessez-le-feu n\u2019est pas la fin de la guerre ouverte en Palestine. La guerre entre les masses opprim\u00e9es, entre la Nation, et l\u2019Imp\u00e9rialisme, entre la Palestine et Isra\u00ebl, ne s\u2019arr\u00eate jamais depuis 75 ans. Toutefois, la guerre est tant\u00f4t ouverte, tant\u00f4t larv\u00e9e. C\u2019est donc la Cisjordanie qui est devenue le Front principal de la guerre. C\u2019est en Cisjordanie que nous voyons le mieux ce que repr\u00e9sente la guerre en Palestine : une guerre de l\u2019imp\u00e9rialisme pour accaparer la terre. Dans les camps de r\u00e9fugi\u00e9s de Gaza, de Naplouse, de Tubas ou de Tulkarem comme dans les villages, ce sont des paysans chass\u00e9s de leurs terres, des paysans pauvres, c\u2019est toute la mis\u00e8re produite par l\u2019imp\u00e9rialisme, qui a pris les armes pour reprendre la terre et la travailler.<\/span><\/span><\/span><\/p>\n<p><span style=\"color: #000000;\"><span style=\"font-family: Verdana, sans-serif;\"><span style=\"font-size: medium;\">Le basculement effectif a commenc\u00e9 d\u00e8s le 5 d\u00e9cembre 2024, alors que les n\u00e9gociations sur l\u2019accord de cessez-le-feu \u00e0 Gaza ne faisaient que progresser. C\u2019est l\u2019Autorit\u00e9 Palestinienne (AP) qui a impos\u00e9 le si\u00e8ge de J\u00e9nine. L\u2019AP, dirig\u00e9e par le Fatah, le parti historiquement le plus puissant de l\u2019Organisation de Lib\u00e9ration de la Palestine, est consid\u00e9r\u00e9e par l\u2019immense majorit\u00e9 des Palestiniens comme une organisation tra\u00eetre, corrompue, \u00e0 la solde d\u2019Isra\u00ebl, qui ne survit que parce qu\u2019elle donne des salaires aux forces de s\u00e9curit\u00e9 et aux fonctionnaires et qui peut donc faire vivre une fraction de la population. D\u00e8s le 5 d\u00e9cembre, donc, le si\u00e8ge de J\u00e9nine est mis en place pour\u00a0<\/span><\/span><\/span><em><span style=\"color: #000000;\"><span style=\"font-family: Verdana, sans-serif;\"><span style=\"font-size: medium;\">\u00ab\u00a0<\/span><\/span><\/span><\/em><em><span style=\"color: #000000;\"><span style=\"font-family: Verdana, sans-serif;\"><span style=\"font-size: medium;\"><i>combattre le terrorisme<\/i><\/span><\/span><\/span><\/em><em><span style=\"color: #000000;\"><span style=\"font-family: Verdana, sans-serif;\"><span style=\"font-size: medium;\">\u00a0\u00bb<\/span><\/span><\/span><\/em><span style=\"color: #000000;\"><span style=\"font-family: Verdana, sans-serif;\"><span style=\"font-size: medium;\">. Il est facile de comprendre l\u2019objectif de l\u2019AP dans le cadre des n\u00e9gociations. Les imp\u00e9rialistes US envisageaient de redonner le gouvernement de Gaza \u00e0 l\u2019AP. Cette derni\u00e8re s\u2019est donc totalement couch\u00e9e devant les Am\u00e9ricains et leur valet sioniste, pour montrer patte blanche, en ciblant les organisations de R\u00e9sistance de J\u00e9nine. Le 17 janvier, le si\u00e8ge a \u00e9t\u00e9 lev\u00e9 avec un accord entre l\u2019AP et les R\u00e9sistants.<\/span><\/span><\/span><\/p>\n<blockquote><p>30 mars 2025 : Ce matin, les forces d&rsquo;occupation isra\u00e9liennes qui ont envahi J\u00e9nine ont tir\u00e9 des gaz lacrymog\u00e8nes sur des Palestiniens qui se rendaient sur les tombes de leurs proches pour l&rsquo;A\u00efd. Les familles ont \u00e9t\u00e9 oblig\u00e9es de fuir alors que plusieurs personnes souffraient de suffocation et \u00e9taient hospitalis\u00e9es. Source <a href=\"https:\/\/x.com\/i\/status\/1906218658642207131\">VIDEO<\/a> : Quds News Network<\/p><\/blockquote>\n<p><span style=\"color: #000000;\"><span style=\"font-family: Verdana, sans-serif;\"><span style=\"font-size: medium;\">R\u00e9pit de courte dur\u00e9e, puisque d\u00e8s le 21 janvier, l\u2019op\u00e9ration \u00ab\u00a0mur de fer\u00a0\u00bb est lanc\u00e9e. Il s\u2019agit d\u2019une grande offensive pour \u00e9radiquer la R\u00e9sistance \u00e0 J\u00e9nine. D\u2019autres op\u00e9rations sont men\u00e9es, particuli\u00e8rement contre Tulkarem et Tubas. Les camps de r\u00e9fugi\u00e9s o\u00f9 sont concentr\u00e9es les populations et la mis\u00e8re sont le c\u0153ur de la R\u00e9sistance, c\u2019est logiquement qu\u2019ils ont \u00e9t\u00e9 cibl\u00e9s par les forces isra\u00e9liennes. L\u00e0, les forces de s\u00e9curit\u00e9 de l\u2019AP disparaissent, refusant de se battre au c\u00f4t\u00e9 de leur peuple violemment attaqu\u00e9.<\/span><\/span><\/span><\/p>\n<div id=\"attachment_19353\" style=\"width: 535px\" class=\"wp-caption aligncenter\"><a href=\"https:\/\/ismfrance.org\/wp-content\/uploads\/2025\/03\/jenin.jpeg\"><img loading=\"lazy\" decoding=\"async\" aria-describedby=\"caption-attachment-19353\" class=\"wp-image-19353 size-large\" src=\"https:\/\/ismfrance.org\/wp-content\/uploads\/2025\/03\/jenin-525x700.jpeg\" alt=\"\" width=\"525\" height=\"700\" srcset=\"https:\/\/ismfrance.org\/wp-content\/uploads\/2025\/03\/jenin-525x700.jpeg 525w, https:\/\/ismfrance.org\/wp-content\/uploads\/2025\/03\/jenin-225x300.jpeg 225w, https:\/\/ismfrance.org\/wp-content\/uploads\/2025\/03\/jenin.jpeg 675w\" sizes=\"auto, (max-width: 525px) 100vw, 525px\" \/><\/a><p id=\"caption-attachment-19353\" class=\"wp-caption-text\"><em><strong>J\u00e9nine, f\u00e9vrier 2025 : le nettoyage ethnique en direct.<\/strong><\/em><\/p><\/div>\n<p><span style=\"color: #000000;\"><span style=\"font-family: Verdana, sans-serif;\"><span style=\"font-size: medium;\"> Des dizaines de milliers de Palestiniens de Cisjordanie, dans leur immense majorit\u00e9 des camps de r\u00e9fugi\u00e9s, sont chass\u00e9s de leur maisons par les bombardements et les destructions. Pour la premi\u00e8re fois, l\u2019arm\u00e9e isra\u00e9lienne a utilis\u00e9 des v\u00e9hicules de transport blind\u00e9s, ce qu\u2019elle n\u2019avait jamais fait jusqu\u2019\u00e0 ce mois de f\u00e9vrier 2025 en dehors de Gaza. L\u2019invasion de la Cisjordanie par Isra\u00ebl va toutefois r\u00e9gler d\u00e9finitivement la question de l\u2019AP. Au carrefour entre les camps de r\u00e9fugi\u00e9s de Syrie, du Liban et surtout de Jordanie (ou 4,3 millions de Palestiniens vivent), mais aussi \u00e0 moins de 70 km de Gaza, la Cisjordanie est au bord du soul\u00e8vement et va devenir le carrefour de la R\u00e9sistance au Moyen-Orient. L\u2019Autorit\u00e9 Palestinienne ne pourra que prendre les armes contre Isra\u00ebl ou disparaitre d\u00e9finitivement.<\/span><\/span><\/span><\/p>\n<p><span style=\"color: #000000;\"><span style=\"font-family: Verdana, sans-serif;\"><span style=\"font-size: medium;\">Car la Cisjordanie, comme toute la Palestine, est une terre historique de R\u00e9sistance. \u00c0 J\u00e9nine, particuli\u00e8rement, le bataillon de J\u00e9nine regroupe les brigades Al-Qassam du Hamas, les brigades Al-Qods du Jihad Islamique Palestinien, et ce depuis de nombreuses ann\u00e9es, mais \u00e9galement les Brigades des Martyrs d\u2019Al-Aqsa \u2013 Jeunesse de la Vengeance et de la Lib\u00e9ration, un groupe dissident du Fatah. \u00c0 Naplouse, la Fosse aux Lions a \u00e9t\u00e9 une grande avanc\u00e9e dans l\u2019unit\u00e9 de la R\u00e9sistance ; avec l\u2019unification de tous les jeunes r\u00e9sistants sous une direction commune, sans affiliation partisane. M\u00eame si l\u2019organisation est consid\u00e9rablement affaiblie, ce principe existe partout en Cisjordanie, avec les \u00ab\u00a0Comit\u00e9s de R\u00e9sistance Populaire\u00a0\u00bb, qui regroupent les diff\u00e9rentes factions existantes. La situation g\u00e9ographique, avec les murs, les checkpoints, les routes de contournement, isole les diff\u00e9rentes localit\u00e9s et oblige les r\u00e9sistants \u00e0 s\u2019unir avec toutes les forces souhaitant lutter.<\/span><\/span><\/span><\/p>\n<p><span style=\"color: #000000;\"><span style=\"font-family: Verdana, sans-serif;\"><span style=\"font-size: medium;\">En Cisjordanie, la R\u00e9sistance, bien que tr\u00e8s unie, n\u2019a pas le niveau de d\u00e9veloppement de Gaza. C\u2019est d\u00fb, en partie, au cloisonnement g\u00e9ographique, au fait que la population est moins concentr\u00e9e. Mais aussi \u00e0 la question de l\u2019Autorit\u00e9 Palestinienne, qui divise le peuple. Des centaines de jeunes r\u00e9sistants ont \u00e9t\u00e9 tu\u00e9s depuis le 7 octobre, et c\u2019est parfois une g\u00e9n\u00e9ration enti\u00e8re de R\u00e9sistants qui disparait ; toutefois, cela n\u2019a pas affaibli la R\u00e9sistance, qui continue \u00e0 agir et se renforcer partout en Cisjordanie. Ainsi, nous voyons de r\u00e9guli\u00e8res embuscades contre les soldats isra\u00e9liens dans les camps de r\u00e9fugi\u00e9s de J\u00e9nine, Naplouse ou Tulkarem, avec des explosifs artisanaux (mais d\u2019une qualit\u00e9 professionnelle) ou des armes lourdes. Des attaques martyrs contre des soldats (c\u2019est-\u00e0-dire des op\u00e9rations o\u00f9 le ou les r\u00e9sistants n\u2019ont quasiment aucune chance de survivre) sont de plus en plus nombreuses, particuli\u00e8rement en Cisjordanie. Quelques-unes ont \u00e9galement \u00e9t\u00e9 recens\u00e9es dans les territoires de 48, c\u2019est-\u00e0-dire au c\u0153ur de l\u2019\u00c9tat isra\u00e9lien, o\u00f9 vivent pr\u00e8s de 2 millions de Palestiniens avec la nationalit\u00e9 isra\u00e9lienne.<\/span><\/span><\/span><\/p>\n<div id=\"attachment_19351\" style=\"width: 610px\" class=\"wp-caption aligncenter\"><a href=\"https:\/\/ismfrance.org\/wp-content\/uploads\/2025\/03\/teargas-shuafat-jerusalem-4-mars-25.png\"><img loading=\"lazy\" decoding=\"async\" aria-describedby=\"caption-attachment-19351\" class=\"size-large wp-image-19351\" src=\"https:\/\/ismfrance.org\/wp-content\/uploads\/2025\/03\/teargas-shuafat-jerusalem-4-mars-25-693x700.png\" alt=\"\" width=\"600\" height=\"606\" srcset=\"https:\/\/ismfrance.org\/wp-content\/uploads\/2025\/03\/teargas-shuafat-jerusalem-4-mars-25-693x700.png 693w, https:\/\/ismfrance.org\/wp-content\/uploads\/2025\/03\/teargas-shuafat-jerusalem-4-mars-25-297x300.png 297w, https:\/\/ismfrance.org\/wp-content\/uploads\/2025\/03\/teargas-shuafat-jerusalem-4-mars-25-144x144.png 144w, https:\/\/ismfrance.org\/wp-content\/uploads\/2025\/03\/teargas-shuafat-jerusalem-4-mars-25.png 741w\" sizes=\"auto, (max-width: 600px) 100vw, 600px\" \/><\/a><p id=\"caption-attachment-19351\" class=\"wp-caption-text\"><em><strong>R\u00e9pression \u00e0 coup de gaz lacrymog\u00e8nes dans le quartier Shuafat, \u00e0 Al-Qods, le 4 mars 2025.<\/strong><\/em><\/p><\/div>\n<p><span style=\"color: #000000;\"><span style=\"font-family: Verdana, sans-serif;\"><span style=\"font-size: medium;\">Bien que moins d\u00e9velopp\u00e9e qu\u2019\u00e0 Gaza, le c\u0153ur de cette R\u00e9sistance est la juste r\u00e9volte contre l\u2019oppression\u00a0; la gu\u00e9rilla bas\u00e9e sur les masses les plus larges qui prot\u00e8gent la R\u00e9sistance ; et enfin l\u2019id\u00e9e que seuls les fusils peuvent apporter la lib\u00e9ration contre l\u2019imp\u00e9rialisme. En ce sens, comme \u00e0 Gaza, la R\u00e9sistance en Cisjordanie ne peut que se d\u00e9velopper, grandir, malgr\u00e9 les rivi\u00e8res de sang ; et ne peut \u00eatre vaincue. Plus, elle est en lien organique avec les camps de r\u00e9fugi\u00e9s palestiniens de tout le Moyen-Orient, du Liban, de Jordanie, de Syrie, mais aussi avec les Palestiniens de 1948. La Cisjordanie, plus que Gaza, repr\u00e9sente le c\u0153ur d\u2019un Moyen-Orient soumis de plus en plus \u00e0 la pression am\u00e9ricano-sioniste. Or, l\u00e0 o\u00f9 il y a oppression, il y a r\u00e9sistance, et cette r\u00e9sistance anti-imp\u00e9rialiste commence d\u00e9j\u00e0 \u00e0 se lever, contre les tra\u00eetres d\u2019HTS en Syrie, vendus aux Am\u00e9ricains et contre l\u2019occupation sioniste, mais \u00e9galement au Liban, avec le Hezbollah et bien au-del\u00e0. Rappelons que 70 % des colons du nord ont fui leurs domiciles, de peur des frappes venues du sud Liban. Enfin, en Jordanie, les camps de r\u00e9fugi\u00e9s repr\u00e9sentent encore une partie significative de la population pr\u00eate \u00e0 se soulever. Tout le Moyen-Orient est une poudri\u00e8re.<\/span><\/span><\/span><\/p>\n<p><span style=\"color: #000000;\"><span style=\"font-family: Verdana, sans-serif;\"><span style=\"font-size: medium;\">Car la dialectique veut que toute chose ait deux aspects ; et si la guerre au peuple palestinien est si brutale, c\u2019est parce que la R\u00e9sistance n\u2019a jamais \u00e9t\u00e9 aussi forte. Et la guerre d\u2019agression sioniste n\u2019est que le sympt\u00f4me de la d\u00e9composition du syst\u00e8me imp\u00e9rialiste arriv\u00e9 \u00e0 bout de souffle.<\/span><\/span><\/span><\/p>\n<p><span style=\"color: #000000;\"><span style=\"font-family: Verdana, sans-serif;\"><span style=\"font-size: medium;\">Source\u00a0: <a href=\"https:\/\/www.causedupeuple.net\/2025\/03\/28\/cisjordanie-le-nouveau-coeur-de-la-lutte-anti-imperialiste-en-palestine\/\">La Cause du Peuple<\/a><\/span><\/span><\/span><\/p>\n","protected":false},"excerpt":{"rendered":"<p>NDLR : Cet article a \u00e9t\u00e9 \u00e9crit avant la reprise des bombardements \u00e0 Gaza et au Liban. Les auteurs consid\u00e9rent cependant que l\u2019op\u00e9ration actuelle en Cisjordanie a toujours une place <a class=\"more-link\" href=\"https:\/\/ismfrance.org\/index.php\/2025\/03\/31\/cisjordanie-le-nouveau-coeur-de-la-lutte-anti-imperialiste-en-palestine\/\">Lire la suite &rarr;<\/a><\/p>\n","protected":false},"author":3,"featured_media":19356,"comment_status":"closed","ping_status":"closed","sticky":false,"template":"","format":"standard","meta":{"footnotes":""},"categories":[12,2],"tags":[99,45,3],"class_list":["post-19349","post","type-post","status-publish","format-standard","has-post-thumbnail","hentry","category-analyses","category-articles","tag-imperialisme","tag-nettoyage-ethnique","tag-resistance"],"yoast_head":"<!-- This site is optimized with the Yoast SEO plugin v27.2 - https:\/\/yoast.com\/product\/yoast-seo-wordpress\/ -->\n<title>Cisjordanie : le nouveau c\u0153ur de la lutte anti-imp\u00e9rialiste en Palestine - International Solidarity Movement - ISM-France<\/title>\n<meta name=\"robots\" content=\"index, follow, max-snippet:-1, max-image-preview:large, max-video-preview:-1\" \/>\n<link rel=\"canonical\" href=\"https:\/\/ismfrance.org\/index.php\/2025\/03\/31\/cisjordanie-le-nouveau-coeur-de-la-lutte-anti-imperialiste-en-palestine\/\" \/>\n<meta property=\"og:locale\" content=\"fr_FR\" \/>\n<meta property=\"og:type\" content=\"article\" \/>\n<meta property=\"og:title\" content=\"Cisjordanie : le nouveau c\u0153ur de la lutte anti-imp\u00e9rialiste en Palestine - International Solidarity Movement - ISM-France\" \/>\n<meta property=\"og:description\" content=\"NDLR : Cet article a \u00e9t\u00e9 \u00e9crit avant la reprise des bombardements \u00e0 Gaza et au Liban. Les auteurs consid\u00e9rent cependant que l\u2019op\u00e9ration actuelle en Cisjordanie a toujours une place Lire la suite &rarr;\" \/>\n<meta property=\"og:url\" content=\"https:\/\/ismfrance.org\/index.php\/2025\/03\/31\/cisjordanie-le-nouveau-coeur-de-la-lutte-anti-imperialiste-en-palestine\/\" \/>\n<meta property=\"og:site_name\" content=\"International Solidarity Movement - ISM-France\" \/>\n<meta property=\"article:published_time\" content=\"2025-03-31T12:50:10+00:00\" \/>\n<meta property=\"article:modified_time\" content=\"2025-04-01T17:49:53+00:00\" \/>\n<meta property=\"og:image\" content=\"https:\/\/ismfrance.org\/wp-content\/uploads\/2025\/03\/manif-jenin.jpeg\" \/>\n\t<meta property=\"og:image:width\" content=\"800\" \/>\n\t<meta property=\"og:image:height\" content=\"732\" \/>\n\t<meta property=\"og:image:type\" content=\"image\/jpeg\" \/>\n<meta name=\"author\" content=\"mru_01\" \/>\n<meta name=\"twitter:card\" content=\"summary_large_image\" \/>\n<meta name=\"twitter:creator\" content=\"@ISMFRANCE\" \/>\n<meta name=\"twitter:site\" content=\"@ISMFRANCE\" \/>\n<meta name=\"twitter:label1\" content=\"\u00c9crit par\" \/>\n\t<meta name=\"twitter:data1\" content=\"mru_01\" \/>\n\t<meta name=\"twitter:label2\" content=\"Dur\u00e9e de lecture estim\u00e9e\" \/>\n\t<meta name=\"twitter:data2\" content=\"10 minutes\" \/>\n<script type=\"application\/ld+json\" class=\"yoast-schema-graph\">{\"@context\":\"https:\/\/schema.org\",\"@graph\":[{\"@type\":\"Article\",\"@id\":\"https:\/\/ismfrance.org\/index.php\/2025\/03\/31\/cisjordanie-le-nouveau-coeur-de-la-lutte-anti-imperialiste-en-palestine\/#article\",\"isPartOf\":{\"@id\":\"https:\/\/ismfrance.org\/index.php\/2025\/03\/31\/cisjordanie-le-nouveau-coeur-de-la-lutte-anti-imperialiste-en-palestine\/\"},\"author\":{\"name\":\"mru_01\",\"@id\":\"https:\/\/ismfrance.org\/#\/schema\/person\/3c411eb72adfaae19c0dca1f41fae01d\"},\"headline\":\"Cisjordanie : le nouveau c\u0153ur de la lutte anti-imp\u00e9rialiste en Palestine\",\"datePublished\":\"2025-03-31T12:50:10+00:00\",\"dateModified\":\"2025-04-01T17:49:53+00:00\",\"mainEntityOfPage\":{\"@id\":\"https:\/\/ismfrance.org\/index.php\/2025\/03\/31\/cisjordanie-le-nouveau-coeur-de-la-lutte-anti-imperialiste-en-palestine\/\"},\"wordCount\":1967,\"publisher\":{\"@id\":\"https:\/\/ismfrance.org\/#organization\"},\"image\":{\"@id\":\"https:\/\/ismfrance.org\/index.php\/2025\/03\/31\/cisjordanie-le-nouveau-coeur-de-la-lutte-anti-imperialiste-en-palestine\/#primaryimage\"},\"thumbnailUrl\":\"https:\/\/ismfrance.org\/wp-content\/uploads\/2025\/03\/manif-jenin.jpeg\",\"keywords\":[\"Imp\u00e9rialisme\",\"nettoyage ethnique\",\"R\u00e9sistance\"],\"articleSection\":[\"Analyses\",\"Articles\"],\"inLanguage\":\"fr-FR\"},{\"@type\":\"WebPage\",\"@id\":\"https:\/\/ismfrance.org\/index.php\/2025\/03\/31\/cisjordanie-le-nouveau-coeur-de-la-lutte-anti-imperialiste-en-palestine\/\",\"url\":\"https:\/\/ismfrance.org\/index.php\/2025\/03\/31\/cisjordanie-le-nouveau-coeur-de-la-lutte-anti-imperialiste-en-palestine\/\",\"name\":\"Cisjordanie : le nouveau c\u0153ur de la lutte anti-imp\u00e9rialiste en Palestine - International Solidarity Movement - ISM-France\",\"isPartOf\":{\"@id\":\"https:\/\/ismfrance.org\/#website\"},\"primaryImageOfPage\":{\"@id\":\"https:\/\/ismfrance.org\/index.php\/2025\/03\/31\/cisjordanie-le-nouveau-coeur-de-la-lutte-anti-imperialiste-en-palestine\/#primaryimage\"},\"image\":{\"@id\":\"https:\/\/ismfrance.org\/index.php\/2025\/03\/31\/cisjordanie-le-nouveau-coeur-de-la-lutte-anti-imperialiste-en-palestine\/#primaryimage\"},\"thumbnailUrl\":\"https:\/\/ismfrance.org\/wp-content\/uploads\/2025\/03\/manif-jenin.jpeg\",\"datePublished\":\"2025-03-31T12:50:10+00:00\",\"dateModified\":\"2025-04-01T17:49:53+00:00\",\"breadcrumb\":{\"@id\":\"https:\/\/ismfrance.org\/index.php\/2025\/03\/31\/cisjordanie-le-nouveau-coeur-de-la-lutte-anti-imperialiste-en-palestine\/#breadcrumb\"},\"inLanguage\":\"fr-FR\",\"potentialAction\":[{\"@type\":\"ReadAction\",\"target\":[\"https:\/\/ismfrance.org\/index.php\/2025\/03\/31\/cisjordanie-le-nouveau-coeur-de-la-lutte-anti-imperialiste-en-palestine\/\"]}]},{\"@type\":\"ImageObject\",\"inLanguage\":\"fr-FR\",\"@id\":\"https:\/\/ismfrance.org\/index.php\/2025\/03\/31\/cisjordanie-le-nouveau-coeur-de-la-lutte-anti-imperialiste-en-palestine\/#primaryimage\",\"url\":\"https:\/\/ismfrance.org\/wp-content\/uploads\/2025\/03\/manif-jenin.jpeg\",\"contentUrl\":\"https:\/\/ismfrance.org\/wp-content\/uploads\/2025\/03\/manif-jenin.jpeg\",\"width\":800,\"height\":732,\"caption\":\"La ville occup\u00e9e de J\u00e9nine en Cisjordanie se mobilise contre le si\u00e8ge de son camp et en soutien \u00e0 sa population et aux combattants de la r\u00e9sistance, qui sont pris pour cible par l'Autorit\u00e9 palestinienne \u00e0 la demande d'Isra\u00ebl.\"},{\"@type\":\"BreadcrumbList\",\"@id\":\"https:\/\/ismfrance.org\/index.php\/2025\/03\/31\/cisjordanie-le-nouveau-coeur-de-la-lutte-anti-imperialiste-en-palestine\/#breadcrumb\",\"itemListElement\":[{\"@type\":\"ListItem\",\"position\":1,\"name\":\"Accueil\",\"item\":\"https:\/\/ismfrance.org\/\"},{\"@type\":\"ListItem\",\"position\":2,\"name\":\"Cisjordanie : le nouveau c\u0153ur de la lutte anti-imp\u00e9rialiste en Palestine\"}]},{\"@type\":\"WebSite\",\"@id\":\"https:\/\/ismfrance.org\/#website\",\"url\":\"https:\/\/ismfrance.org\/\",\"name\":\"ISM Palestine France\",\"description\":\"Soutien aux luttes de lib\u00e9ration du peuple palestinien\",\"publisher\":{\"@id\":\"https:\/\/ismfrance.org\/#organization\"},\"potentialAction\":[{\"@type\":\"SearchAction\",\"target\":{\"@type\":\"EntryPoint\",\"urlTemplate\":\"https:\/\/ismfrance.org\/?s={search_term_string}\"},\"query-input\":{\"@type\":\"PropertyValueSpecification\",\"valueRequired\":true,\"valueName\":\"search_term_string\"}}],\"inLanguage\":\"fr-FR\"},{\"@type\":\"Organization\",\"@id\":\"https:\/\/ismfrance.org\/#organization\",\"name\":\"International Solidarity Movement\",\"url\":\"https:\/\/ismfrance.org\/\",\"logo\":{\"@type\":\"ImageObject\",\"inLanguage\":\"fr-FR\",\"@id\":\"https:\/\/ismfrance.org\/#\/schema\/logo\/image\/\",\"url\":\"https:\/\/ismfrance.org\/wp-content\/uploads\/2020\/12\/00.png\",\"contentUrl\":\"https:\/\/ismfrance.org\/wp-content\/uploads\/2020\/12\/00.png\",\"width\":400,\"height\":400,\"caption\":\"International Solidarity Movement\"},\"image\":{\"@id\":\"https:\/\/ismfrance.org\/#\/schema\/logo\/image\/\"},\"sameAs\":[\"https:\/\/x.com\/ISMFRANCE\"]},{\"@type\":\"Person\",\"@id\":\"https:\/\/ismfrance.org\/#\/schema\/person\/3c411eb72adfaae19c0dca1f41fae01d\",\"name\":\"mru_01\",\"image\":{\"@type\":\"ImageObject\",\"inLanguage\":\"fr-FR\",\"@id\":\"https:\/\/secure.gravatar.com\/avatar\/3a0be343b445d2ccc79e87444a294fad2b232e90d2051d0e3cc219e1ecd6a330?s=96&d=mm&r=g\",\"url\":\"https:\/\/secure.gravatar.com\/avatar\/3a0be343b445d2ccc79e87444a294fad2b232e90d2051d0e3cc219e1ecd6a330?s=96&d=mm&r=g\",\"contentUrl\":\"https:\/\/secure.gravatar.com\/avatar\/3a0be343b445d2ccc79e87444a294fad2b232e90d2051d0e3cc219e1ecd6a330?s=96&d=mm&r=g\",\"caption\":\"mru_01\"},\"url\":\"https:\/\/ismfrance.org\/index.php\/author\/admin02\/\"}]}<\/script>\n<!-- \/ Yoast SEO plugin. -->","yoast_head_json":{"title":"Cisjordanie : le nouveau c\u0153ur de la lutte anti-imp\u00e9rialiste en Palestine - International Solidarity Movement - ISM-France","robots":{"index":"index","follow":"follow","max-snippet":"max-snippet:-1","max-image-preview":"max-image-preview:large","max-video-preview":"max-video-preview:-1"},"canonical":"https:\/\/ismfrance.org\/index.php\/2025\/03\/31\/cisjordanie-le-nouveau-coeur-de-la-lutte-anti-imperialiste-en-palestine\/","og_locale":"fr_FR","og_type":"article","og_title":"Cisjordanie : le nouveau c\u0153ur de la lutte anti-imp\u00e9rialiste en Palestine - International Solidarity Movement - ISM-France","og_description":"NDLR : Cet article a \u00e9t\u00e9 \u00e9crit avant la reprise des bombardements \u00e0 Gaza et au Liban. Les auteurs consid\u00e9rent cependant que l\u2019op\u00e9ration actuelle en Cisjordanie a toujours une place Lire la suite &rarr;","og_url":"https:\/\/ismfrance.org\/index.php\/2025\/03\/31\/cisjordanie-le-nouveau-coeur-de-la-lutte-anti-imperialiste-en-palestine\/","og_site_name":"International Solidarity Movement - ISM-France","article_published_time":"2025-03-31T12:50:10+00:00","article_modified_time":"2025-04-01T17:49:53+00:00","og_image":[{"width":800,"height":732,"url":"https:\/\/ismfrance.org\/wp-content\/uploads\/2025\/03\/manif-jenin.jpeg","type":"image\/jpeg"}],"author":"mru_01","twitter_card":"summary_large_image","twitter_creator":"@ISMFRANCE","twitter_site":"@ISMFRANCE","twitter_misc":{"\u00c9crit par":"mru_01","Dur\u00e9e de lecture estim\u00e9e":"10 minutes"},"schema":{"@context":"https:\/\/schema.org","@graph":[{"@type":"Article","@id":"https:\/\/ismfrance.org\/index.php\/2025\/03\/31\/cisjordanie-le-nouveau-coeur-de-la-lutte-anti-imperialiste-en-palestine\/#article","isPartOf":{"@id":"https:\/\/ismfrance.org\/index.php\/2025\/03\/31\/cisjordanie-le-nouveau-coeur-de-la-lutte-anti-imperialiste-en-palestine\/"},"author":{"name":"mru_01","@id":"https:\/\/ismfrance.org\/#\/schema\/person\/3c411eb72adfaae19c0dca1f41fae01d"},"headline":"Cisjordanie : le nouveau c\u0153ur de la lutte anti-imp\u00e9rialiste en Palestine","datePublished":"2025-03-31T12:50:10+00:00","dateModified":"2025-04-01T17:49:53+00:00","mainEntityOfPage":{"@id":"https:\/\/ismfrance.org\/index.php\/2025\/03\/31\/cisjordanie-le-nouveau-coeur-de-la-lutte-anti-imperialiste-en-palestine\/"},"wordCount":1967,"publisher":{"@id":"https:\/\/ismfrance.org\/#organization"},"image":{"@id":"https:\/\/ismfrance.org\/index.php\/2025\/03\/31\/cisjordanie-le-nouveau-coeur-de-la-lutte-anti-imperialiste-en-palestine\/#primaryimage"},"thumbnailUrl":"https:\/\/ismfrance.org\/wp-content\/uploads\/2025\/03\/manif-jenin.jpeg","keywords":["Imp\u00e9rialisme","nettoyage ethnique","R\u00e9sistance"],"articleSection":["Analyses","Articles"],"inLanguage":"fr-FR"},{"@type":"WebPage","@id":"https:\/\/ismfrance.org\/index.php\/2025\/03\/31\/cisjordanie-le-nouveau-coeur-de-la-lutte-anti-imperialiste-en-palestine\/","url":"https:\/\/ismfrance.org\/index.php\/2025\/03\/31\/cisjordanie-le-nouveau-coeur-de-la-lutte-anti-imperialiste-en-palestine\/","name":"Cisjordanie : le nouveau c\u0153ur de la lutte anti-imp\u00e9rialiste en Palestine - International Solidarity Movement - ISM-France","isPartOf":{"@id":"https:\/\/ismfrance.org\/#website"},"primaryImageOfPage":{"@id":"https:\/\/ismfrance.org\/index.php\/2025\/03\/31\/cisjordanie-le-nouveau-coeur-de-la-lutte-anti-imperialiste-en-palestine\/#primaryimage"},"image":{"@id":"https:\/\/ismfrance.org\/index.php\/2025\/03\/31\/cisjordanie-le-nouveau-coeur-de-la-lutte-anti-imperialiste-en-palestine\/#primaryimage"},"thumbnailUrl":"https:\/\/ismfrance.org\/wp-content\/uploads\/2025\/03\/manif-jenin.jpeg","datePublished":"2025-03-31T12:50:10+00:00","dateModified":"2025-04-01T17:49:53+00:00","breadcrumb":{"@id":"https:\/\/ismfrance.org\/index.php\/2025\/03\/31\/cisjordanie-le-nouveau-coeur-de-la-lutte-anti-imperialiste-en-palestine\/#breadcrumb"},"inLanguage":"fr-FR","potentialAction":[{"@type":"ReadAction","target":["https:\/\/ismfrance.org\/index.php\/2025\/03\/31\/cisjordanie-le-nouveau-coeur-de-la-lutte-anti-imperialiste-en-palestine\/"]}]},{"@type":"ImageObject","inLanguage":"fr-FR","@id":"https:\/\/ismfrance.org\/index.php\/2025\/03\/31\/cisjordanie-le-nouveau-coeur-de-la-lutte-anti-imperialiste-en-palestine\/#primaryimage","url":"https:\/\/ismfrance.org\/wp-content\/uploads\/2025\/03\/manif-jenin.jpeg","contentUrl":"https:\/\/ismfrance.org\/wp-content\/uploads\/2025\/03\/manif-jenin.jpeg","width":800,"height":732,"caption":"La ville occup\u00e9e de J\u00e9nine en Cisjordanie se mobilise contre le si\u00e8ge de son camp et en soutien \u00e0 sa population et aux combattants de la r\u00e9sistance, qui sont pris pour cible par l'Autorit\u00e9 palestinienne \u00e0 la demande d'Isra\u00ebl."},{"@type":"BreadcrumbList","@id":"https:\/\/ismfrance.org\/index.php\/2025\/03\/31\/cisjordanie-le-nouveau-coeur-de-la-lutte-anti-imperialiste-en-palestine\/#breadcrumb","itemListElement":[{"@type":"ListItem","position":1,"name":"Accueil","item":"https:\/\/ismfrance.org\/"},{"@type":"ListItem","position":2,"name":"Cisjordanie : le nouveau c\u0153ur de la lutte anti-imp\u00e9rialiste en Palestine"}]},{"@type":"WebSite","@id":"https:\/\/ismfrance.org\/#website","url":"https:\/\/ismfrance.org\/","name":"ISM Palestine France","description":"Soutien aux luttes de lib\u00e9ration du peuple palestinien","publisher":{"@id":"https:\/\/ismfrance.org\/#organization"},"potentialAction":[{"@type":"SearchAction","target":{"@type":"EntryPoint","urlTemplate":"https:\/\/ismfrance.org\/?s={search_term_string}"},"query-input":{"@type":"PropertyValueSpecification","valueRequired":true,"valueName":"search_term_string"}}],"inLanguage":"fr-FR"},{"@type":"Organization","@id":"https:\/\/ismfrance.org\/#organization","name":"International Solidarity Movement","url":"https:\/\/ismfrance.org\/","logo":{"@type":"ImageObject","inLanguage":"fr-FR","@id":"https:\/\/ismfrance.org\/#\/schema\/logo\/image\/","url":"https:\/\/ismfrance.org\/wp-content\/uploads\/2020\/12\/00.png","contentUrl":"https:\/\/ismfrance.org\/wp-content\/uploads\/2020\/12\/00.png","width":400,"height":400,"caption":"International Solidarity Movement"},"image":{"@id":"https:\/\/ismfrance.org\/#\/schema\/logo\/image\/"},"sameAs":["https:\/\/x.com\/ISMFRANCE"]},{"@type":"Person","@id":"https:\/\/ismfrance.org\/#\/schema\/person\/3c411eb72adfaae19c0dca1f41fae01d","name":"mru_01","image":{"@type":"ImageObject","inLanguage":"fr-FR","@id":"https:\/\/secure.gravatar.com\/avatar\/3a0be343b445d2ccc79e87444a294fad2b232e90d2051d0e3cc219e1ecd6a330?s=96&d=mm&r=g","url":"https:\/\/secure.gravatar.com\/avatar\/3a0be343b445d2ccc79e87444a294fad2b232e90d2051d0e3cc219e1ecd6a330?s=96&d=mm&r=g","contentUrl":"https:\/\/secure.gravatar.com\/avatar\/3a0be343b445d2ccc79e87444a294fad2b232e90d2051d0e3cc219e1ecd6a330?s=96&d=mm&r=g","caption":"mru_01"},"url":"https:\/\/ismfrance.org\/index.php\/author\/admin02\/"}]}},"_links":{"self":[{"href":"https:\/\/ismfrance.org\/index.php\/wp-json\/wp\/v2\/posts\/19349","targetHints":{"allow":["GET"]}}],"collection":[{"href":"https:\/\/ismfrance.org\/index.php\/wp-json\/wp\/v2\/posts"}],"about":[{"href":"https:\/\/ismfrance.org\/index.php\/wp-json\/wp\/v2\/types\/post"}],"author":[{"embeddable":true,"href":"https:\/\/ismfrance.org\/index.php\/wp-json\/wp\/v2\/users\/3"}],"replies":[{"embeddable":true,"href":"https:\/\/ismfrance.org\/index.php\/wp-json\/wp\/v2\/comments?post=19349"}],"version-history":[{"count":0,"href":"https:\/\/ismfrance.org\/index.php\/wp-json\/wp\/v2\/posts\/19349\/revisions"}],"wp:featuredmedia":[{"embeddable":true,"href":"https:\/\/ismfrance.org\/index.php\/wp-json\/wp\/v2\/media\/19356"}],"wp:attachment":[{"href":"https:\/\/ismfrance.org\/index.php\/wp-json\/wp\/v2\/media?parent=19349"}],"wp:term":[{"taxonomy":"category","embeddable":true,"href":"https:\/\/ismfrance.org\/index.php\/wp-json\/wp\/v2\/categories?post=19349"},{"taxonomy":"post_tag","embeddable":true,"href":"https:\/\/ismfrance.org\/index.php\/wp-json\/wp\/v2\/tags?post=19349"}],"curies":[{"name":"wp","href":"https:\/\/api.w.org\/{rel}","templated":true}]}}