{"id":19198,"date":"2025-03-24T09:48:08","date_gmt":"2025-03-24T08:48:08","guid":{"rendered":"https:\/\/ismfrance.org\/?p=19198"},"modified":"2025-03-24T09:48:08","modified_gmt":"2025-03-24T08:48:08","slug":"palestine-yemen-liban-syrie-jordanie-lentite-sioniste-entre-dictature-et-nouvelles-occupations","status":"publish","type":"post","link":"https:\/\/ismfrance.org\/index.php\/2025\/03\/24\/palestine-yemen-liban-syrie-jordanie-lentite-sioniste-entre-dictature-et-nouvelles-occupations\/","title":{"rendered":"PALESTINE &#8211; Y\u00e9men &#8211; Liban \u2013 Syrie \u2013 Jordanie\u00a0: l\u2019entit\u00e9 sioniste, entre dictature et nouvelles occupations."},"content":{"rendered":"<p align=\"LEFT\"><span style=\"color: #000000;\"><span style=\"font-family: Verdana, sans-serif;\"><span style=\"font-size: medium;\"><strong>Association de Palestiniens en \u00cele de France, 23 mars 2025.<\/strong>&#8211; Depuis mardi 18 mars \u00e0 l\u2019aube, l\u2019arm\u00e9e d\u2019occupation isra\u00e9lienne m\u00e8ne des raids sur la population civile de Gaza afin de tuer un maximum de personnes \u2013 pr\u00e8s de 700 martyrs (dont plus de 200 enfants) et des centaines de bless\u00e9s. Voil\u00e0 les ordres du nazi Donald Trump, prix Nobel de la guerre g\u00e9nocidaire, semblable \u00e0 son pr\u00e9d\u00e9cesseur Joe Biden avec son secr\u00e9taire aux affaires g\u00e9nocidaires, Blinken.<\/span><\/span><\/span><\/p>\n<div id=\"attachment_19200\" style=\"width: 610px\" class=\"wp-caption aligncenter\"><a href=\"https:\/\/ismfrance.org\/wp-content\/uploads\/2025\/03\/fuir-rafah.jpeg\"><img loading=\"lazy\" decoding=\"async\" aria-describedby=\"caption-attachment-19200\" class=\"wp-image-19200 size-large\" src=\"https:\/\/ismfrance.org\/wp-content\/uploads\/2025\/03\/fuir-rafah-700x467.jpeg\" alt=\"\" width=\"600\" height=\"400\" srcset=\"https:\/\/ismfrance.org\/wp-content\/uploads\/2025\/03\/fuir-rafah-700x467.jpeg 700w, https:\/\/ismfrance.org\/wp-content\/uploads\/2025\/03\/fuir-rafah-300x200.jpeg 300w, https:\/\/ismfrance.org\/wp-content\/uploads\/2025\/03\/fuir-rafah-768x512.jpeg 768w, https:\/\/ismfrance.org\/wp-content\/uploads\/2025\/03\/fuir-rafah.jpeg 1320w\" sizes=\"auto, (max-width: 600px) 100vw, 600px\" \/><\/a><p id=\"caption-attachment-19200\" class=\"wp-caption-text\"><em><strong>Des dizaines de milliers de Palestiniens ont fui Rafah le 23 mars au matin, mais au moins 50.000 autres sont enferm\u00e9es sous les bombardements isra\u00e9liens, y compris des \u00e9quipes du Croissant-Rouge et de la D\u00e9fense civile (source photo <a href=\"https:\/\/x.com\/AbujomaaGaza\/status\/1903808089486172549\/photo\/1\">Motasem A Dalloul<\/a>)<\/strong><\/em><\/p><\/div>\n<p align=\"LEFT\"><span style=\"color: #000000;\"><span style=\"font-family: Verdana, sans-serif;\"><span style=\"font-size: medium;\">Hier, Steve Witkoff, conseiller sp\u00e9cial du Pr\u00e9sident Trump, d\u00e9clare que les USA fourniront toutes les aides militaires dont Isra\u00ebl a besoin pour ses op\u00e9rations et \u00e9tant donn\u00e9 que le Hamas a refus\u00e9 de rendre les armes, c&rsquo;est de sa faute si le cessez-le-feu est rompu.<\/span><\/span><\/span><\/p>\n<p align=\"LEFT\"><span style=\"color: #000000;\"><span style=\"font-family: Verdana, sans-serif;\"><span style=\"font-size: medium;\">Avec le retour du ministre Ben Gvir au gouvernement, l\u2019\u00c9tat colonial Isra\u00ebl affiche cette fois ci sa volont\u00e9 de r\u00e9occuper le territoire de Gaza et de l\u2019annexer.<\/span><\/span><\/span><\/p>\n<p align=\"LEFT\"><span style=\"color: #000000;\"><span style=\"font-family: Verdana, sans-serif;\"><span style=\"font-size: medium;\">Aussi, l\u2019arm\u00e9e d\u2019occupation continue sa campagne destructrice des camps de r\u00e9fugi\u00e9s palestiniens en Cisjordanie \u2013 pr\u00e8s de 40.000 d\u00e9plac\u00e9s ainsi que dans d\u2019autres localit\u00e9s, avec leurs lots d\u2019arrestations et d&rsquo;ex\u00e9cutions avec l\u2019aide des services du collabo Abou Mazen.<\/span><\/span><\/span><\/p>\n<p align=\"LEFT\"><strong><span style=\"color: #000000;\"><span style=\"font-family: Verdana, sans-serif;\"><span style=\"font-size: large;\">La politique isra\u00e9lienne<\/span><\/span><\/span><\/strong><\/p>\n<p align=\"LEFT\"><span style=\"color: #000000;\"><span style=\"font-family: Verdana, sans-serif;\"><span style=\"font-size: medium;\">Mais ce qui est nouveau au niveau politique isra\u00e9lien, c\u2019est la d\u00e9cision de Nethanyahu de cong\u00e9dier le responsable du Shabak \u2013 le service de renseignement int\u00e9rieur isra\u00e9lien.<\/span><\/span><\/span><\/p>\n<p align=\"LEFT\"><span style=\"color: #000000;\"><span style=\"font-family: Verdana, sans-serif;\"><span style=\"font-size: medium;\">C\u2019est le quatri\u00e8me responsable de haut rang, apr\u00e8s le Ministre de la d\u00e9fense Yoav Galant, le ministre Benny Gantz et le chef d\u2019\u00c9tat Major Hartzy Halevi et son porte parole, qui sont maintenant hors jeu.<\/span><\/span><\/span><\/p>\n<p align=\"LEFT\"><span style=\"color: #000000;\"><span style=\"font-family: Verdana, sans-serif;\"><span style=\"font-size: medium;\">La raison commune de ces responsables, c\u2019est d\u2019avoir demand\u00e9 une commission d\u2019enqu\u00eate officielle de l\u2019\u00c9tat car ils ont mis en cause le Premier Ministre Nethanyahu concernant le 7 octobre 2023.<\/span><\/span><\/span><\/p>\n<p align=\"LEFT\"><span style=\"color: #000000;\"><span style=\"font-family: Verdana, sans-serif;\"><span style=\"font-size: medium;\">Nethanyahu, \u00ab MALIK ISRA\u00cbL \u00bb, le \u00ab Roi d\u2019Isra\u00ebl ou Roi de la s\u00e9curit\u00e9 d\u2019Isra\u00ebl \u00bb comme il s\u2019appelle lui m\u00eame, est accus\u00e9 de trois choses principales :<\/span><\/span><\/span><\/p>\n<p align=\"LEFT\"><span style=\"color: #000000;\"><span style=\"font-family: Verdana, sans-serif;\"><span style=\"font-size: medium;\">&#8211; La premi\u00e8re est qu\u2019il \u00e9tait au courant d\u2019une \u00ab attaque d\u2019envergure imminente \u00bb car le chef des services de renseignements \u00e9gyptiens l\u2019avait averti directement une dizaine de jours auparavant et qu\u2019il a laiss\u00e9 faire. Certains journaux isra\u00e9liens avaient accus\u00e9 des \u00ab responsables politiques et s\u00e9curitaires \u00bb d&rsquo;avoir mis\u00e9 \u00e0 la bourse de Tel Aviv en pr\u00e9vision de ces futurs \u00e9v\u00e9nements (comme en 2006). Certains avaient accus\u00e9 le Hamas pour faire diversion, mais des m\u00e9dias ont soulign\u00e9 l\u2019imb\u00e9cilit\u00e9 de ces dires, parce que le Hamas est dans l\u2019impossibilit\u00e9 de miser \u00e0 la bourse isra\u00e9lienne !<\/span><\/span><\/span><\/p>\n<p align=\"LEFT\"><span style=\"color: #000000;\"><span style=\"font-family: Verdana, sans-serif;\"><span style=\"font-size: medium;\">&#8211; La deuxi\u00e8me est sa responsabilit\u00e9 dans la prise des casernes militaires isra\u00e9liennes et des colonies autour de Gaza avec leur nombre de morts, bless\u00e9s et prisonniers (environ 250), puisqu\u2019il savait. La question des prisonniers isra\u00e9liens \u00e9tant maintenant au c\u0153ur des contestations contre Nethanyahu.<\/span><\/span><\/span><\/p>\n<p align=\"LEFT\"><span style=\"color: #000000;\"><span style=\"font-family: Verdana, sans-serif;\"><span style=\"font-size: medium;\">&#8211; La troisi\u00e8me est sa responsabilit\u00e9 dans la mort des isra\u00e9liens prisonniers des organisations palestiniennes le 7 octobre, provoqu\u00e9e par l\u2019arm\u00e9e ou la police isra\u00e9lienne, suite aux ordres des politiques et des responsables s\u00e9curitaires de d\u00e9clencher le protocole \u00ab Hannibal \u00bb.<\/span><\/span><\/span><\/p>\n<p align=\"LEFT\"><span style=\"color: #000000;\"><span style=\"font-family: Verdana, sans-serif;\"><span style=\"font-size: medium;\">Nethanyahu, le \u00ab Roi d\u2019Isra\u00ebl ou Roi de la s\u00e9curit\u00e9 d\u2019Isra\u00ebl \u00bb, ne veut pas reconna\u00eetre sa responsabilit\u00e9 pour ces morts autant que ceux dans les colonies autour de Gaza ou lors du festival qui avait lieu ce jour l\u00e0, attaqu\u00e9 par un h\u00e9licopt\u00e8re Apache. Or, si la campagne pour la lib\u00e9ration des prisonniers isra\u00e9liens est tr\u00e8s bien relay\u00e9e en Isra\u00ebl et en France, il y a une nouvelle campagne qui s\u2019est invit\u00e9e au parlement isra\u00e9lien le 3 mars dernier pour demander des comptes \u00e0 \u00ab\u00a0Bibi\u00a0\u00bb et ses coll\u00e8gues ministres complices \u00e0 travers une commission d\u2019enqu\u00eate.<\/span><\/span><\/span><\/p>\n<p align=\"LEFT\"><span style=\"color: #3366ff;\"><a style=\"color: #3366ff;\" href=\"https:\/\/t.me\/ramallahmix1\/142933?single\" target=\"_blank\" rel=\"noopener\"><span style=\"font-family: Verdana, sans-serif;\"><span style=\"font-size: medium;\">https:\/\/t.me\/ramallahmix1\/142933?single<\/span><\/span><\/a><\/span><\/p>\n<p align=\"LEFT\"><span style=\"color: #3366ff;\"><a style=\"color: #3366ff;\" href=\"https:\/\/t.me\/ramallahmix1\/142934?single\" target=\"_blank\" rel=\"noopener\"><span style=\"font-family: Verdana, sans-serif;\"><span style=\"font-size: medium;\">https:\/\/t.me\/ramallahmix1\/142934?single<\/span><\/span><\/a><\/span><\/p>\n<p align=\"LEFT\"><span style=\"color: #000000;\"><span style=\"font-family: Verdana, sans-serif;\"><span style=\"font-size: medium;\">Le fait que des familles isra\u00e9liennes juives demandent des comptes au gouvernement sur \u00ab qui a tu\u00e9 les membres de leurs familles ?\u00a0\u00bb, montre \u00e0 l\u2019\u00e9vidence qu\u2019il y a un mensonge de l\u2019\u00c9tat isra\u00e9lien envers ses citoyens et un manque des journalistes isra\u00e9liens ou \u00e9trangers afin de conna\u00eetre la v\u00e9rit\u00e9. Dans ce contexte, tout le monde a menti afin de faire porter toute la responsabilit\u00e9 sur le Hamas ou les autres organisations palestiniennes.<\/span><\/span><\/span><\/p>\n<p align=\"LEFT\"><span style=\"color: #000000;\"><span style=\"font-family: Verdana, sans-serif;\"><span style=\"font-size: medium;\">Dans une information relev\u00e9e sur le m\u00e9dia <i>RamallahMix<\/i> du 22 mars 2025, le journaliste isra\u00e9lien Ronen Bergman, proche des services de s\u00e9curit\u00e9 et de renseignement de l&rsquo;\u00c9tat occupant, d\u00e9clare : \u00ab <em>Les masques sont tomb\u00e9s : Netanyahu est en \u00ab\u00a0r\u00e9bellion\u00a0\u00bb contre la loi&#8230; Le Premier ministre a affirm\u00e9 avoir perdu confiance dans le chef du Shabak le 7 octobre, parce que ce dernier \u00ab\u00a0\u00e9tait au courant de l&rsquo;attaque et ne l&rsquo;avait pas pr\u00e9venu\u00a0\u00bb. Mais la question qui se pose est de savoir comment a-t-il pu g\u00e9rer les questions de s\u00e9curit\u00e9 les plus sensibles pendant un an et demi apr\u00e8s cela ?<\/em> \u00bb<\/span><\/span><\/span><\/p>\n<p align=\"LEFT\"><span style=\"color: #000000;\"><span style=\"font-family: Verdana, sans-serif;\"><span style=\"font-size: medium;\">Les r\u00e9centes d\u00e9clarations et actions de Netanyahu, ainsi que le \u00ab royaume des menteurs \u00bb qui l\u2019entoure, font na\u00eetre, comme l\u2019a dit un \u00e9minent avocat, des soup\u00e7ons selon lesquels le gouvernement tente de se d\u00e9barrasser de sa subordination aux tribunaux. \u00ab<em>\u00a0Qu&rsquo;est-ce qu&rsquo;il a en t\u00eate ? Il s&rsquo;est effondr\u00e9<\/em>\u00a0\u00bb, commente un proche, ajoutant : \u00ab\u00a0<em>Il faut essayer de l&rsquo;arr\u00eater<\/em>\u00a0\u00bb.<\/span><\/span><\/span><\/p>\n<p align=\"LEFT\"><span style=\"color: #000000;\"><span style=\"font-family: Verdana, sans-serif;\"><span style=\"font-size: medium;\">Hier, Nethanyahu a \u00e9galement limog\u00e9 la conseill\u00e8re juridique du gouvernement qui rendra ce dernier en partie ind\u00e9pendant du syst\u00e8me judiciaire, en attendant l&rsquo;\u00e9radication de la cour supr\u00eame isra\u00e9lienne qu&rsquo;il r\u00e9clamait avec ses ministres d\u00e9j\u00e0 avant le 7 octobre.<\/span><\/span><\/span><\/p>\n<p align=\"LEFT\"><span style=\"color: #000000;\"><span style=\"font-family: Verdana, sans-serif;\"><span style=\"font-size: medium;\">Le protocole \u00ab Hannibal \u00bb, montre aussi que l\u2019\u00c9tat isra\u00e9lien ne tient aucun compte de la vie de ses propres citoyens juifs, il doit au contraire continuer sa mission au service du syst\u00e8me imp\u00e9rialiste.<\/span><\/span><\/span><\/p>\n<p align=\"LEFT\"><span style=\"color: #000000;\"><span style=\"font-family: Verdana, sans-serif;\"><span style=\"font-size: medium;\">La t\u00e2che principale pour Nethanyahu est comment \u00e9viter d\u2019\u00eatre jug\u00e9 pour ses faits de corruption et ses responsabilit\u00e9s \u00e9nonc\u00e9es ci-dessus.<\/span><\/span><\/span><\/p>\n<p align=\"LEFT\"><span style=\"color: #000000;\"><span style=\"font-family: Verdana, sans-serif;\"><span style=\"font-size: medium;\">Il veut rester au pouvoir m\u00eame au prix de saborder les institutions judiciaires isra\u00e9liennes.<\/span><\/span><\/span><\/p>\n<p align=\"LEFT\"><span style=\"color: #000000;\"><span style=\"font-family: Verdana, sans-serif;\"><span style=\"font-size: medium;\">Les contestations isra\u00e9liennes, qui n\u2019en ont rien \u00e0 faire des massacres \u00e0 l\u2019encontre des Palestiniens, vont aller <i>crescendo<\/i>, ce qui fait entrer l\u2019\u00c9tat d\u00e9mocratique, dictatorial et colonial dans dans une phase d\u2019usure rapide de l\u2019int\u00e9rieur puisque la confiance est d\u00e9sormais en partie rompue entre les citoyens isra\u00e9liens et leur \u00c9tat. Isra\u00ebl est son propre ennemi.<\/span><\/span><\/span><\/p>\n<p align=\"LEFT\"><span style=\"color: #000000;\"><span style=\"font-family: Verdana, sans-serif;\"><span style=\"font-size: medium;\">Sur le plan r\u00e9gional, l\u2019\u00c9tat colonial continue le grignotage du territoire syrien et ses frappes l\u00e0-bas, ainsi qu\u2019au Liban o\u00f9 il n\u2019a jamais respect\u00e9 le cessez le feu. Il continue aussi, avec les USA et les Britanniques, les frappes sur le Yemen solidaire du peuple martyr de Gaza.<\/span><\/span><\/span><\/p>\n<p align=\"LEFT\"><span style=\"color: #000000;\"><span style=\"font-family: Verdana, sans-serif;\"><span style=\"font-size: medium;\">Il y a un autre pays qu\u2019Isra\u00ebl menace de plus en plus, c\u2019est la Jordanie dont l\u2019occupation et l\u2019annexion de certaines parties de son territoire sont annonc\u00e9es publiquement avec des cartes \u00e0 l\u2019appui par les ministres Smotrich, Ben Gvir ou autres. <\/span><\/span><\/span><\/p>\n<p align=\"LEFT\"><span style=\"color: #000000;\"><span style=\"font-family: Verdana, sans-serif;\"><span style=\"font-size: medium;\">La Jordanie poss\u00e8de environ 400 km de fronti\u00e8res avec la colonie Isra\u00ebl et les d\u00e9clarations d\u2019annexion depuis 2023, ainsi que l\u2019occupation de portions du territoire syrien \u00e0 quelques kilom\u00e8tres de la fronti\u00e8re nord jordanienne, provoquent une grande appr\u00e9hension chez les Jordaniens, majoritairement des Palestiniens issus de l\u2019expulsion de 1948 (la Nakba) et de celle de 1967. Elle provoque une grande incertitude sur l\u2019\u00e9conomie (d\u00e9j\u00e0 dans le rouge vif) et l\u2019avenir du pays, \u00e9tant donn\u00e9 qu\u2019il y a une grande fuite de capitaux et d\u00e9j\u00e0 beaucoup de manifestations dans tout le pays.<\/span><\/span><\/span><\/p>\n","protected":false},"excerpt":{"rendered":"<p>Association de Palestiniens en \u00cele de France, 23 mars 2025.&#8211; Depuis mardi 18 mars \u00e0 l\u2019aube, l\u2019arm\u00e9e d\u2019occupation isra\u00e9lienne m\u00e8ne des raids sur la population civile de Gaza afin de <a class=\"more-link\" href=\"https:\/\/ismfrance.org\/index.php\/2025\/03\/24\/palestine-yemen-liban-syrie-jordanie-lentite-sioniste-entre-dictature-et-nouvelles-occupations\/\">Lire la suite &rarr;<\/a><\/p>\n","protected":false},"author":3,"featured_media":19200,"comment_status":"closed","ping_status":"closed","sticky":false,"template":"","format":"standard","meta":{"footnotes":""},"categories":[12,2],"tags":[228,156,99],"class_list":["post-19198","post","type-post","status-publish","format-standard","has-post-thumbnail","hentry","category-analyses","category-articles","tag-axe-de-la-resistance","tag-genocide","tag-imperialisme"],"yoast_head":"<!-- This site is optimized with the Yoast SEO plugin v27.2 - https:\/\/yoast.com\/product\/yoast-seo-wordpress\/ -->\n<title>PALESTINE - Y\u00e9men - Liban \u2013 Syrie \u2013 Jordanie\u00a0: l\u2019entit\u00e9 sioniste, entre dictature et nouvelles occupations. - International Solidarity Movement - ISM-France<\/title>\n<meta name=\"robots\" content=\"index, follow, max-snippet:-1, max-image-preview:large, max-video-preview:-1\" \/>\n<link rel=\"canonical\" href=\"https:\/\/ismfrance.org\/index.php\/2025\/03\/24\/palestine-yemen-liban-syrie-jordanie-lentite-sioniste-entre-dictature-et-nouvelles-occupations\/\" \/>\n<meta property=\"og:locale\" content=\"fr_FR\" \/>\n<meta property=\"og:type\" content=\"article\" \/>\n<meta property=\"og:title\" content=\"PALESTINE - Y\u00e9men - Liban \u2013 Syrie \u2013 Jordanie\u00a0: l\u2019entit\u00e9 sioniste, entre dictature et nouvelles occupations. - International Solidarity Movement - ISM-France\" \/>\n<meta property=\"og:description\" content=\"Association de Palestiniens en \u00cele de France, 23 mars 2025.&#8211; Depuis mardi 18 mars \u00e0 l\u2019aube, l\u2019arm\u00e9e d\u2019occupation isra\u00e9lienne m\u00e8ne des raids sur la population civile de Gaza afin de Lire la suite &rarr;\" \/>\n<meta property=\"og:url\" content=\"https:\/\/ismfrance.org\/index.php\/2025\/03\/24\/palestine-yemen-liban-syrie-jordanie-lentite-sioniste-entre-dictature-et-nouvelles-occupations\/\" \/>\n<meta property=\"og:site_name\" content=\"International Solidarity Movement - ISM-France\" \/>\n<meta property=\"article:published_time\" content=\"2025-03-24T08:48:08+00:00\" \/>\n<meta property=\"og:image\" content=\"https:\/\/ismfrance.org\/wp-content\/uploads\/2025\/03\/fuir-rafah.jpeg\" \/>\n\t<meta property=\"og:image:width\" content=\"1320\" \/>\n\t<meta property=\"og:image:height\" content=\"880\" \/>\n\t<meta property=\"og:image:type\" content=\"image\/jpeg\" \/>\n<meta name=\"author\" content=\"mru_01\" \/>\n<meta name=\"twitter:card\" content=\"summary_large_image\" \/>\n<meta name=\"twitter:creator\" content=\"@ISMFRANCE\" \/>\n<meta name=\"twitter:site\" content=\"@ISMFRANCE\" \/>\n<meta name=\"twitter:label1\" content=\"\u00c9crit par\" \/>\n\t<meta name=\"twitter:data1\" content=\"mru_01\" \/>\n\t<meta name=\"twitter:label2\" content=\"Dur\u00e9e de lecture estim\u00e9e\" \/>\n\t<meta name=\"twitter:data2\" content=\"7 minutes\" \/>\n<script type=\"application\/ld+json\" class=\"yoast-schema-graph\">{\"@context\":\"https:\/\/schema.org\",\"@graph\":[{\"@type\":\"Article\",\"@id\":\"https:\/\/ismfrance.org\/index.php\/2025\/03\/24\/palestine-yemen-liban-syrie-jordanie-lentite-sioniste-entre-dictature-et-nouvelles-occupations\/#article\",\"isPartOf\":{\"@id\":\"https:\/\/ismfrance.org\/index.php\/2025\/03\/24\/palestine-yemen-liban-syrie-jordanie-lentite-sioniste-entre-dictature-et-nouvelles-occupations\/\"},\"author\":{\"name\":\"mru_01\",\"@id\":\"https:\/\/ismfrance.org\/#\/schema\/person\/3c411eb72adfaae19c0dca1f41fae01d\"},\"headline\":\"PALESTINE &#8211; Y\u00e9men &#8211; Liban \u2013 Syrie \u2013 Jordanie\u00a0: l\u2019entit\u00e9 sioniste, entre dictature et nouvelles occupations.\",\"datePublished\":\"2025-03-24T08:48:08+00:00\",\"mainEntityOfPage\":{\"@id\":\"https:\/\/ismfrance.org\/index.php\/2025\/03\/24\/palestine-yemen-liban-syrie-jordanie-lentite-sioniste-entre-dictature-et-nouvelles-occupations\/\"},\"wordCount\":1378,\"publisher\":{\"@id\":\"https:\/\/ismfrance.org\/#organization\"},\"image\":{\"@id\":\"https:\/\/ismfrance.org\/index.php\/2025\/03\/24\/palestine-yemen-liban-syrie-jordanie-lentite-sioniste-entre-dictature-et-nouvelles-occupations\/#primaryimage\"},\"thumbnailUrl\":\"https:\/\/ismfrance.org\/wp-content\/uploads\/2025\/03\/fuir-rafah.jpeg\",\"keywords\":[\"Axe de la R\u00e9sistance\",\"G\u00e9nocide\",\"Imp\u00e9rialisme\"],\"articleSection\":[\"Analyses\",\"Articles\"],\"inLanguage\":\"fr-FR\"},{\"@type\":\"WebPage\",\"@id\":\"https:\/\/ismfrance.org\/index.php\/2025\/03\/24\/palestine-yemen-liban-syrie-jordanie-lentite-sioniste-entre-dictature-et-nouvelles-occupations\/\",\"url\":\"https:\/\/ismfrance.org\/index.php\/2025\/03\/24\/palestine-yemen-liban-syrie-jordanie-lentite-sioniste-entre-dictature-et-nouvelles-occupations\/\",\"name\":\"PALESTINE - Y\u00e9men - Liban \u2013 Syrie \u2013 Jordanie\u00a0: l\u2019entit\u00e9 sioniste, entre dictature et nouvelles occupations. - International Solidarity Movement - ISM-France\",\"isPartOf\":{\"@id\":\"https:\/\/ismfrance.org\/#website\"},\"primaryImageOfPage\":{\"@id\":\"https:\/\/ismfrance.org\/index.php\/2025\/03\/24\/palestine-yemen-liban-syrie-jordanie-lentite-sioniste-entre-dictature-et-nouvelles-occupations\/#primaryimage\"},\"image\":{\"@id\":\"https:\/\/ismfrance.org\/index.php\/2025\/03\/24\/palestine-yemen-liban-syrie-jordanie-lentite-sioniste-entre-dictature-et-nouvelles-occupations\/#primaryimage\"},\"thumbnailUrl\":\"https:\/\/ismfrance.org\/wp-content\/uploads\/2025\/03\/fuir-rafah.jpeg\",\"datePublished\":\"2025-03-24T08:48:08+00:00\",\"breadcrumb\":{\"@id\":\"https:\/\/ismfrance.org\/index.php\/2025\/03\/24\/palestine-yemen-liban-syrie-jordanie-lentite-sioniste-entre-dictature-et-nouvelles-occupations\/#breadcrumb\"},\"inLanguage\":\"fr-FR\",\"potentialAction\":[{\"@type\":\"ReadAction\",\"target\":[\"https:\/\/ismfrance.org\/index.php\/2025\/03\/24\/palestine-yemen-liban-syrie-jordanie-lentite-sioniste-entre-dictature-et-nouvelles-occupations\/\"]}]},{\"@type\":\"ImageObject\",\"inLanguage\":\"fr-FR\",\"@id\":\"https:\/\/ismfrance.org\/index.php\/2025\/03\/24\/palestine-yemen-liban-syrie-jordanie-lentite-sioniste-entre-dictature-et-nouvelles-occupations\/#primaryimage\",\"url\":\"https:\/\/ismfrance.org\/wp-content\/uploads\/2025\/03\/fuir-rafah.jpeg\",\"contentUrl\":\"https:\/\/ismfrance.org\/wp-content\/uploads\/2025\/03\/fuir-rafah.jpeg\",\"width\":1320,\"height\":880},{\"@type\":\"BreadcrumbList\",\"@id\":\"https:\/\/ismfrance.org\/index.php\/2025\/03\/24\/palestine-yemen-liban-syrie-jordanie-lentite-sioniste-entre-dictature-et-nouvelles-occupations\/#breadcrumb\",\"itemListElement\":[{\"@type\":\"ListItem\",\"position\":1,\"name\":\"Accueil\",\"item\":\"https:\/\/ismfrance.org\/\"},{\"@type\":\"ListItem\",\"position\":2,\"name\":\"PALESTINE &#8211; Y\u00e9men &#8211; Liban \u2013 Syrie \u2013 Jordanie\u00a0: l\u2019entit\u00e9 sioniste, entre dictature et nouvelles occupations.\"}]},{\"@type\":\"WebSite\",\"@id\":\"https:\/\/ismfrance.org\/#website\",\"url\":\"https:\/\/ismfrance.org\/\",\"name\":\"ISM Palestine France\",\"description\":\"Soutien aux luttes de lib\u00e9ration du peuple palestinien\",\"publisher\":{\"@id\":\"https:\/\/ismfrance.org\/#organization\"},\"potentialAction\":[{\"@type\":\"SearchAction\",\"target\":{\"@type\":\"EntryPoint\",\"urlTemplate\":\"https:\/\/ismfrance.org\/?s={search_term_string}\"},\"query-input\":{\"@type\":\"PropertyValueSpecification\",\"valueRequired\":true,\"valueName\":\"search_term_string\"}}],\"inLanguage\":\"fr-FR\"},{\"@type\":\"Organization\",\"@id\":\"https:\/\/ismfrance.org\/#organization\",\"name\":\"International Solidarity Movement\",\"url\":\"https:\/\/ismfrance.org\/\",\"logo\":{\"@type\":\"ImageObject\",\"inLanguage\":\"fr-FR\",\"@id\":\"https:\/\/ismfrance.org\/#\/schema\/logo\/image\/\",\"url\":\"https:\/\/ismfrance.org\/wp-content\/uploads\/2020\/12\/00.png\",\"contentUrl\":\"https:\/\/ismfrance.org\/wp-content\/uploads\/2020\/12\/00.png\",\"width\":400,\"height\":400,\"caption\":\"International Solidarity Movement\"},\"image\":{\"@id\":\"https:\/\/ismfrance.org\/#\/schema\/logo\/image\/\"},\"sameAs\":[\"https:\/\/x.com\/ISMFRANCE\"]},{\"@type\":\"Person\",\"@id\":\"https:\/\/ismfrance.org\/#\/schema\/person\/3c411eb72adfaae19c0dca1f41fae01d\",\"name\":\"mru_01\",\"image\":{\"@type\":\"ImageObject\",\"inLanguage\":\"fr-FR\",\"@id\":\"https:\/\/secure.gravatar.com\/avatar\/3a0be343b445d2ccc79e87444a294fad2b232e90d2051d0e3cc219e1ecd6a330?s=96&d=mm&r=g\",\"url\":\"https:\/\/secure.gravatar.com\/avatar\/3a0be343b445d2ccc79e87444a294fad2b232e90d2051d0e3cc219e1ecd6a330?s=96&d=mm&r=g\",\"contentUrl\":\"https:\/\/secure.gravatar.com\/avatar\/3a0be343b445d2ccc79e87444a294fad2b232e90d2051d0e3cc219e1ecd6a330?s=96&d=mm&r=g\",\"caption\":\"mru_01\"},\"url\":\"https:\/\/ismfrance.org\/index.php\/author\/admin02\/\"}]}<\/script>\n<!-- \/ Yoast SEO plugin. -->","yoast_head_json":{"title":"PALESTINE - Y\u00e9men - Liban \u2013 Syrie \u2013 Jordanie\u00a0: l\u2019entit\u00e9 sioniste, entre dictature et nouvelles occupations. - International Solidarity Movement - ISM-France","robots":{"index":"index","follow":"follow","max-snippet":"max-snippet:-1","max-image-preview":"max-image-preview:large","max-video-preview":"max-video-preview:-1"},"canonical":"https:\/\/ismfrance.org\/index.php\/2025\/03\/24\/palestine-yemen-liban-syrie-jordanie-lentite-sioniste-entre-dictature-et-nouvelles-occupations\/","og_locale":"fr_FR","og_type":"article","og_title":"PALESTINE - Y\u00e9men - Liban \u2013 Syrie \u2013 Jordanie\u00a0: l\u2019entit\u00e9 sioniste, entre dictature et nouvelles occupations. - International Solidarity Movement - ISM-France","og_description":"Association de Palestiniens en \u00cele de France, 23 mars 2025.&#8211; Depuis mardi 18 mars \u00e0 l\u2019aube, l\u2019arm\u00e9e d\u2019occupation isra\u00e9lienne m\u00e8ne des raids sur la population civile de Gaza afin de Lire la suite &rarr;","og_url":"https:\/\/ismfrance.org\/index.php\/2025\/03\/24\/palestine-yemen-liban-syrie-jordanie-lentite-sioniste-entre-dictature-et-nouvelles-occupations\/","og_site_name":"International Solidarity Movement - ISM-France","article_published_time":"2025-03-24T08:48:08+00:00","og_image":[{"width":1320,"height":880,"url":"https:\/\/ismfrance.org\/wp-content\/uploads\/2025\/03\/fuir-rafah.jpeg","type":"image\/jpeg"}],"author":"mru_01","twitter_card":"summary_large_image","twitter_creator":"@ISMFRANCE","twitter_site":"@ISMFRANCE","twitter_misc":{"\u00c9crit par":"mru_01","Dur\u00e9e de lecture estim\u00e9e":"7 minutes"},"schema":{"@context":"https:\/\/schema.org","@graph":[{"@type":"Article","@id":"https:\/\/ismfrance.org\/index.php\/2025\/03\/24\/palestine-yemen-liban-syrie-jordanie-lentite-sioniste-entre-dictature-et-nouvelles-occupations\/#article","isPartOf":{"@id":"https:\/\/ismfrance.org\/index.php\/2025\/03\/24\/palestine-yemen-liban-syrie-jordanie-lentite-sioniste-entre-dictature-et-nouvelles-occupations\/"},"author":{"name":"mru_01","@id":"https:\/\/ismfrance.org\/#\/schema\/person\/3c411eb72adfaae19c0dca1f41fae01d"},"headline":"PALESTINE &#8211; Y\u00e9men &#8211; Liban \u2013 Syrie \u2013 Jordanie\u00a0: l\u2019entit\u00e9 sioniste, entre dictature et nouvelles occupations.","datePublished":"2025-03-24T08:48:08+00:00","mainEntityOfPage":{"@id":"https:\/\/ismfrance.org\/index.php\/2025\/03\/24\/palestine-yemen-liban-syrie-jordanie-lentite-sioniste-entre-dictature-et-nouvelles-occupations\/"},"wordCount":1378,"publisher":{"@id":"https:\/\/ismfrance.org\/#organization"},"image":{"@id":"https:\/\/ismfrance.org\/index.php\/2025\/03\/24\/palestine-yemen-liban-syrie-jordanie-lentite-sioniste-entre-dictature-et-nouvelles-occupations\/#primaryimage"},"thumbnailUrl":"https:\/\/ismfrance.org\/wp-content\/uploads\/2025\/03\/fuir-rafah.jpeg","keywords":["Axe de la R\u00e9sistance","G\u00e9nocide","Imp\u00e9rialisme"],"articleSection":["Analyses","Articles"],"inLanguage":"fr-FR"},{"@type":"WebPage","@id":"https:\/\/ismfrance.org\/index.php\/2025\/03\/24\/palestine-yemen-liban-syrie-jordanie-lentite-sioniste-entre-dictature-et-nouvelles-occupations\/","url":"https:\/\/ismfrance.org\/index.php\/2025\/03\/24\/palestine-yemen-liban-syrie-jordanie-lentite-sioniste-entre-dictature-et-nouvelles-occupations\/","name":"PALESTINE - Y\u00e9men - Liban \u2013 Syrie \u2013 Jordanie\u00a0: l\u2019entit\u00e9 sioniste, entre dictature et nouvelles occupations. - International Solidarity Movement - ISM-France","isPartOf":{"@id":"https:\/\/ismfrance.org\/#website"},"primaryImageOfPage":{"@id":"https:\/\/ismfrance.org\/index.php\/2025\/03\/24\/palestine-yemen-liban-syrie-jordanie-lentite-sioniste-entre-dictature-et-nouvelles-occupations\/#primaryimage"},"image":{"@id":"https:\/\/ismfrance.org\/index.php\/2025\/03\/24\/palestine-yemen-liban-syrie-jordanie-lentite-sioniste-entre-dictature-et-nouvelles-occupations\/#primaryimage"},"thumbnailUrl":"https:\/\/ismfrance.org\/wp-content\/uploads\/2025\/03\/fuir-rafah.jpeg","datePublished":"2025-03-24T08:48:08+00:00","breadcrumb":{"@id":"https:\/\/ismfrance.org\/index.php\/2025\/03\/24\/palestine-yemen-liban-syrie-jordanie-lentite-sioniste-entre-dictature-et-nouvelles-occupations\/#breadcrumb"},"inLanguage":"fr-FR","potentialAction":[{"@type":"ReadAction","target":["https:\/\/ismfrance.org\/index.php\/2025\/03\/24\/palestine-yemen-liban-syrie-jordanie-lentite-sioniste-entre-dictature-et-nouvelles-occupations\/"]}]},{"@type":"ImageObject","inLanguage":"fr-FR","@id":"https:\/\/ismfrance.org\/index.php\/2025\/03\/24\/palestine-yemen-liban-syrie-jordanie-lentite-sioniste-entre-dictature-et-nouvelles-occupations\/#primaryimage","url":"https:\/\/ismfrance.org\/wp-content\/uploads\/2025\/03\/fuir-rafah.jpeg","contentUrl":"https:\/\/ismfrance.org\/wp-content\/uploads\/2025\/03\/fuir-rafah.jpeg","width":1320,"height":880},{"@type":"BreadcrumbList","@id":"https:\/\/ismfrance.org\/index.php\/2025\/03\/24\/palestine-yemen-liban-syrie-jordanie-lentite-sioniste-entre-dictature-et-nouvelles-occupations\/#breadcrumb","itemListElement":[{"@type":"ListItem","position":1,"name":"Accueil","item":"https:\/\/ismfrance.org\/"},{"@type":"ListItem","position":2,"name":"PALESTINE &#8211; Y\u00e9men &#8211; Liban \u2013 Syrie \u2013 Jordanie\u00a0: l\u2019entit\u00e9 sioniste, entre dictature et nouvelles occupations."}]},{"@type":"WebSite","@id":"https:\/\/ismfrance.org\/#website","url":"https:\/\/ismfrance.org\/","name":"ISM Palestine France","description":"Soutien aux luttes de lib\u00e9ration du peuple palestinien","publisher":{"@id":"https:\/\/ismfrance.org\/#organization"},"potentialAction":[{"@type":"SearchAction","target":{"@type":"EntryPoint","urlTemplate":"https:\/\/ismfrance.org\/?s={search_term_string}"},"query-input":{"@type":"PropertyValueSpecification","valueRequired":true,"valueName":"search_term_string"}}],"inLanguage":"fr-FR"},{"@type":"Organization","@id":"https:\/\/ismfrance.org\/#organization","name":"International Solidarity Movement","url":"https:\/\/ismfrance.org\/","logo":{"@type":"ImageObject","inLanguage":"fr-FR","@id":"https:\/\/ismfrance.org\/#\/schema\/logo\/image\/","url":"https:\/\/ismfrance.org\/wp-content\/uploads\/2020\/12\/00.png","contentUrl":"https:\/\/ismfrance.org\/wp-content\/uploads\/2020\/12\/00.png","width":400,"height":400,"caption":"International Solidarity Movement"},"image":{"@id":"https:\/\/ismfrance.org\/#\/schema\/logo\/image\/"},"sameAs":["https:\/\/x.com\/ISMFRANCE"]},{"@type":"Person","@id":"https:\/\/ismfrance.org\/#\/schema\/person\/3c411eb72adfaae19c0dca1f41fae01d","name":"mru_01","image":{"@type":"ImageObject","inLanguage":"fr-FR","@id":"https:\/\/secure.gravatar.com\/avatar\/3a0be343b445d2ccc79e87444a294fad2b232e90d2051d0e3cc219e1ecd6a330?s=96&d=mm&r=g","url":"https:\/\/secure.gravatar.com\/avatar\/3a0be343b445d2ccc79e87444a294fad2b232e90d2051d0e3cc219e1ecd6a330?s=96&d=mm&r=g","contentUrl":"https:\/\/secure.gravatar.com\/avatar\/3a0be343b445d2ccc79e87444a294fad2b232e90d2051d0e3cc219e1ecd6a330?s=96&d=mm&r=g","caption":"mru_01"},"url":"https:\/\/ismfrance.org\/index.php\/author\/admin02\/"}]}},"_links":{"self":[{"href":"https:\/\/ismfrance.org\/index.php\/wp-json\/wp\/v2\/posts\/19198","targetHints":{"allow":["GET"]}}],"collection":[{"href":"https:\/\/ismfrance.org\/index.php\/wp-json\/wp\/v2\/posts"}],"about":[{"href":"https:\/\/ismfrance.org\/index.php\/wp-json\/wp\/v2\/types\/post"}],"author":[{"embeddable":true,"href":"https:\/\/ismfrance.org\/index.php\/wp-json\/wp\/v2\/users\/3"}],"replies":[{"embeddable":true,"href":"https:\/\/ismfrance.org\/index.php\/wp-json\/wp\/v2\/comments?post=19198"}],"version-history":[{"count":0,"href":"https:\/\/ismfrance.org\/index.php\/wp-json\/wp\/v2\/posts\/19198\/revisions"}],"wp:featuredmedia":[{"embeddable":true,"href":"https:\/\/ismfrance.org\/index.php\/wp-json\/wp\/v2\/media\/19200"}],"wp:attachment":[{"href":"https:\/\/ismfrance.org\/index.php\/wp-json\/wp\/v2\/media?parent=19198"}],"wp:term":[{"taxonomy":"category","embeddable":true,"href":"https:\/\/ismfrance.org\/index.php\/wp-json\/wp\/v2\/categories?post=19198"},{"taxonomy":"post_tag","embeddable":true,"href":"https:\/\/ismfrance.org\/index.php\/wp-json\/wp\/v2\/tags?post=19198"}],"curies":[{"name":"wp","href":"https:\/\/api.w.org\/{rel}","templated":true}]}}