{"id":19181,"date":"2025-03-23T10:23:18","date_gmt":"2025-03-23T09:23:18","guid":{"rendered":"https:\/\/ismfrance.org\/?p=19181"},"modified":"2025-03-23T20:46:23","modified_gmt":"2025-03-23T19:46:23","slug":"temoignages-de-gazaouis-la-survie-qui-sorganise-au-jour-le-jour-dans-lenfer-de-gaza-partie-343-22-mars-rien-a-gaza-aujourdhui-ne-ressemble-a-la-vie","status":"publish","type":"post","link":"https:\/\/ismfrance.org\/index.php\/2025\/03\/23\/temoignages-de-gazaouis-la-survie-qui-sorganise-au-jour-le-jour-dans-lenfer-de-gaza-partie-343-22-mars-rien-a-gaza-aujourdhui-ne-ressemble-a-la-vie\/","title":{"rendered":"T\u00e9moignages de Gazaouis : La survie qui s\u2019organise au jour le jour dans l\u2019enfer de Gaza \u2013 partie 343 \/ 22 mars \u2013 Rien \u00e0 Gaza aujourd\u2019hui ne ressemble \u00e0 la vie. Tout ressemble \u00e0 la mort"},"content":{"rendered":"<p><span style=\"color: #000000;\"><span style=\"font-family: Arial, sans-serif;\"><span style=\"font-size: medium;\"><strong>Brigitte Challande, 23 mars 2025.<\/strong> Ce 22 mars, Abu Amir envoie un rapport de terrain d\u00e9taill\u00e9 sur la situation humanitaire dans la bande de Gaza cinq jours apr\u00e8s la reprise de l\u2019agression isra\u00e9lienne\u00a0: bombardements incessants, d\u00e9placements massifs, temp<\/span><\/span><\/span><span style=\"color: #000000;\"><span style=\"font-family: Arial, sans-serif;\"><span style=\"font-size: medium;\">\u00eate hivernale.<\/span><\/span><\/span><\/p>\n<div id=\"attachment_19185\" style=\"width: 610px\" class=\"wp-caption aligncenter\"><a href=\"https:\/\/ismfrance.org\/wp-content\/uploads\/2025\/03\/GmttsW9WYAA3KR9.jpeg\"><img loading=\"lazy\" decoding=\"async\" aria-describedby=\"caption-attachment-19185\" class=\"wp-image-19185 size-large\" src=\"https:\/\/ismfrance.org\/wp-content\/uploads\/2025\/03\/GmttsW9WYAA3KR9-700x479.jpeg\" alt=\"\" width=\"600\" height=\"411\" srcset=\"https:\/\/ismfrance.org\/wp-content\/uploads\/2025\/03\/GmttsW9WYAA3KR9-700x479.jpeg 700w, https:\/\/ismfrance.org\/wp-content\/uploads\/2025\/03\/GmttsW9WYAA3KR9-300x205.jpeg 300w, https:\/\/ismfrance.org\/wp-content\/uploads\/2025\/03\/GmttsW9WYAA3KR9-768x525.jpeg 768w, https:\/\/ismfrance.org\/wp-content\/uploads\/2025\/03\/GmttsW9WYAA3KR9.jpeg 1024w\" sizes=\"auto, (max-width: 600px) 100vw, 600px\" \/><\/a><p id=\"caption-attachment-19185\" class=\"wp-caption-text\"><em>Trois employ\u00e9s municipaux palestiniens ont \u00e9t\u00e9 assassin\u00e9s par l&rsquo;arm\u00e9e d&rsquo;occupation, apr\u00e8s avoir pris pour cible un v\u00e9hicule de la d\u00e9fense civile \u00e0 Khan Younis, dans le sud de Gaza.<\/em><\/p><\/div>\n<p><span style=\"color: #000000;\"><span style=\"font-family: Arial, sans-serif;\"><span style=\"font-size: medium;\">\u00ab La bande de Gaza traverse des jours extr\u00eamement difficiles, marqu\u00e9s par la destruction, la mort et le d\u00e9placement massif, alors que l\u2019agression isra\u00e9lienne se poursuit pour le cinqui\u00e8me jour cons\u00e9cutif depuis sa reprise mardi dernier. Les frappes a\u00e9riennes ne cessent de cibler diff\u00e9rentes r\u00e9gions de l\u2019enclave, accompagn\u00e9es de bombardements d\u2019artillerie particuli\u00e8rement intenses \u00e0 l\u2019est de Gaza, au nord du territoire et au centre de la ville de Rafah. Les civils vivent sous un feu constant, dans une absence totale de couloirs humanitaires ou de protection internationale.<\/span><\/span><\/span><\/p>\n<p><span style=\"color: #000000;\"><span style=\"font-family: Arial, sans-serif;\"><span style=\"font-size: medium;\">Des quartiers entiers ont \u00e9t\u00e9 r\u00e9duits en ruines, des maisons d\u00e9truites sur leurs habitants, tandis que l\u2019arm\u00e9e isra\u00e9lienne poursuit son offensive terrestre. Des v\u00e9hicules militaires ont p\u00e9n\u00e9tr\u00e9 l\u2019ouest de Beit Lahia, au nord de Gaza, sous une pluie de tirs et d\u2019obus. L\u2019arm\u00e9e a \u00e9galement annonc\u00e9 officiellement le d\u00e9but d\u2019une op\u00e9ration terrestre dans la ville de Rafah, au sud, \u00e9tendant ses activit\u00e9s militaires dans le quartier dens\u00e9ment peupl\u00e9 de Shaboura.<\/span><\/span><\/span><\/p>\n<p><span style=\"color: #000000;\"><span style=\"font-family: Arial, sans-serif;\"><span style=\"font-size: medium;\">Dans une nouvelle escalade, le ministre isra\u00e9lien de la S\u00e9curit\u00e9, Israel Katz, a d\u00e9clar\u00e9 avoir ordonn\u00e9 \u00e0 l\u2019arm\u00e9e de prendre le contr\u00f4le de nouvelles zones dans Gaza et de d\u00e9placer les populations vers le sud, dans ce qui semble \u00eatre une pr\u00e9paration \u00e0 un d\u00e9placement forc\u00e9 massif. Il a affirm\u00e9 que \u00ab plus le Hamas refusera de lib\u00e9rer les otages, plus il perdra de territoires au profit d\u2019Isra\u00ebl \u00bb, assumant clairement une politique de punition collective et d\u2019occupation.<\/span><\/span><\/span><\/p>\n<p><span style=\"color: #000000;\"><span style=\"font-family: Arial, sans-serif;\"><span style=\"font-size: medium;\">Depuis la reprise de la guerre mardi dernier, <\/span><\/span><\/span><b><span style=\"color: #000000;\"><span style=\"font-family: Arial, sans-serif;\"><span style=\"font-size: medium;\">Isra\u00ebl a tu\u00e9 591 personnes et bless\u00e9 1.042 autres jusqu\u2019\u00e0 vendredi soir<\/span><\/span><\/span><\/b><span style=\"color: #000000;\"><span style=\"font-family: Arial, sans-serif;\"><span style=\"font-size: medium;\">, selon les chiffres du Bureau d\u2019information gouvernemental de Gaza. La majorit\u00e9 des victimes sont des femmes et des enfants.<\/span><\/span><\/span><\/p>\n<p><span style=\"color: #000000;\"><span style=\"font-family: Arial, sans-serif;\"><span style=\"font-size: medium;\">Face \u00e0 cette escalade sanglante, le mouvement Hamas continue de demander \u00e0 la Ligue arabe et \u00e0 l\u2019Organisation de la coop\u00e9ration islamique d\u2019agir en urgence aupr\u00e8s des instances internationales, notamment le Conseil de s\u00e9curit\u00e9 de l\u2019ONU, pour stopper l\u2019agression et le g\u00e9nocide perp\u00e9tr\u00e9 contre le peuple palestinien \u00e0 Gaza.<\/span><\/span><\/span><\/p>\n<p><span style=\"color: #000000;\"><span style=\"font-family: Arial, sans-serif;\"><span style=\"font-size: medium;\">Parall\u00e8lement \u00e0 l\u2019offensive militaire, les conditions humanitaires des d\u00e9plac\u00e9s internes sont en <\/span><\/span><\/span><span style=\"color: #000000;\"><span style=\"font-family: Arial, sans-serif;\"><span style=\"font-size: medium;\">d\u00e9t\u00e9rioration dramatique, aggrav\u00e9es par une <\/span><\/span><\/span><span style=\"color: #000000;\"><span style=\"font-family: Arial, sans-serif;\"><span style=\"font-size: medium;\">forte temp\u00eate hivernale qui frappe Gaza depuis trois jours<\/span><\/span><\/span><span style=\"color: #000000;\"><span style=\"font-family: Arial, sans-serif;\"><span style=\"font-size: medium;\">,<\/span><\/span><\/span><span style=\"color: #000000;\"><span style=\"font-family: Arial, sans-serif;\"><span style=\"font-size: medium;\"> accompagn\u00e9e de pluies abondantes et de vents violents. Les tentes de fortune, \u00e0 peine capables de prot\u00e9ger du froid, sont inond\u00e9es, et de nombreuses zones se sont transform\u00e9es en mares de boue. Les enfants grelottent, les femmes luttent pour offrir chaleur et nourriture, dans l\u2019absence d\u2019\u00e9lectricit\u00e9 et avec des aides humanitaires insuffisantes. Chaque coin de Gaza raconte une histoire de douleur sans fin.<\/span><\/span><\/span><\/p>\n<p><span style=\"color: #000000;\"><span style=\"font-family: Arial, sans-serif;\"><span style=\"font-size: medium;\">Dans ce context<\/span><\/span><\/span><span style=\"color: #000000;\"><span style=\"font-family: Arial, sans-serif;\"><span style=\"font-size: medium;\">e, <\/span><\/span><\/span><span style=\"color: #000000;\"><span style=\"font-family: Arial, sans-serif;\"><span style=\"font-size: medium;\">les points de passage restent herm\u00e9tiquement ferm\u00e9s<\/span><\/span><\/span><span style=\"color: #000000;\"><span style=\"font-family: Arial, sans-serif;\"><span style=\"font-size: medium;\">, aggravant encore plus la crise humanitaire. Sans couloirs humanitaires ouverts, <\/span><\/span><\/span><span style=\"color: #000000;\"><span style=\"font-family: Arial, sans-serif;\"><span style=\"font-size: medium;\">la population vit dans des conditions<\/span><\/span><\/span><b> <\/b><span style=\"color: #000000;\"><span style=\"font-family: Arial, sans-serif;\"><span style=\"font-size: medium;\">dramatiques<\/span><\/span><\/span><span style=\"color: #000000;\"><span style=\"font-family: Arial, sans-serif;\"><span style=\"font-size: medium;\">,<\/span><\/span><\/span><span style=\"color: #000000;\"><span style=\"font-family: Arial, sans-serif;\"><span style=\"font-size: medium;\"> souffrant de p\u00e9nuries extr\u00eames de nourriture, avec des prix atteignant des niveaux inaccessibles. Les produits de base sont devenus rares, et les besoins les plus \u00e9l\u00e9mentaires sont d\u00e9sormais un luxe.<\/span><\/span><\/span><\/p>\n<p><span style=\"color: #000000;\"><span style=\"font-family: Arial, sans-serif;\"><span style=\"font-size: medium;\">Les perso<\/span><\/span><\/span><span style=\"color: #000000;\"><span style=\"font-family: Arial, sans-serif;\"><span style=\"font-size: medium;\">nnes d\u00e9plac\u00e9es, qui ont fui sous les bombardements, se trouvent confront\u00e9es \u00e0 une double trag\u00e9die : <\/span><\/span><\/span><span style=\"color: #000000;\"><span style=\"font-family: Arial, sans-serif;\"><span style=\"font-size: medium;\">la peur de la mort et du d\u00e9racinement d\u2019un c\u00f4t\u00e9, et la faim et l\u2019impuissance de l\u2019autre<\/span><\/span><\/span><span style=\"color: #000000;\"><span style=\"font-family: Arial, sans-serif;\"><span style=\"font-size: medium;\">. Les m\u00e8res font la queue pendant des heures pour obtenir <\/span><\/span><\/span><span style=\"color: #000000;\"><span style=\"font-family: Arial, sans-serif;\"><span style=\"font-size: medium;\">quelques pains<\/span><\/span><\/span><span style=\"color: #000000;\"><span style=\"font-family: Arial, sans-serif;\"><span style=\"font-size: medium;\">, tandis que les p\u00e8res n\u2019ont que des paroles de patience \u00e0 offrir \u00e0 leurs enfants. Trouver un repas par jour est devenu un d\u00e9fi quotidien, alors que l\u2019aide humanitaire reste bloqu\u00e9e aux fronti\u00e8res et que le blocus continue d\u2019\u00e9trangler les derniers espoirs de survie.<\/span><\/span><\/span><\/p>\n<p><span style=\"color: #000000;\"><span style=\"font-family: Arial, sans-serif;\"><span style=\"font-size: medium;\">Dans ce tableau dramatique, la souffrance des <\/span><\/span><\/span><span style=\"color: #000000;\"><span style=\"font-family: Arial, sans-serif;\"><span style=\"font-size: medium;\">agriculteurs d\u00e9plac\u00e9s des r\u00e9gions de Khuza\u2019a, Abu Ta\u2019ima et <a href=\"https:\/\/www.instagram.com\/reel\/DHdn9ylyWku\/?utm_source=ig_web_button_share_sheet&amp;igsh=M2M0Y2JmOTAyOA%3D%3D\">Abassan<\/a><\/span><\/span><\/span><span style=\"color: #000000;\"><span style=\"font-family: Arial, sans-serif;\"><span style=\"font-size: medium;\"> m\u00e9rite \u00e9galement d\u2019\u00eatre soulign\u00e9e. Environ <\/span><\/span><\/span><span style=\"color: #000000;\"><span style=\"font-family: Arial, sans-serif;\"><span style=\"font-size: medium;\">50 % d\u2019entre eux ont \u00e9t\u00e9 contraints de fuir<\/span><\/span><\/span><span style=\"color: #000000;\"><span style=\"font-family: Arial, sans-serif;\"><span style=\"font-size: medium;\"> apr\u00e8s les ordres d\u2019\u00e9vacuation et les attaques par ceintures de feu lanc\u00e9es sur Khuza\u2019a, causant des destructions massives de maisons et de propri\u00e9t\u00e9s.<\/span><\/span><\/span><\/p>\n<p><span style=\"color: #000000;\"><span style=\"font-family: Arial, sans-serif;\"><span style=\"font-size: medium;\">Ces agriculteurs d\u00e9plac\u00e9s se sont r\u00e9partis en trois zones principales : la majorit\u00e9 s\u2019est install\u00e9e <\/span><\/span><\/span><span style=\"color: #000000;\"><span style=\"font-family: Arial, sans-serif;\"><span style=\"font-size: medium;\">pr\u00e8s de l\u2019h\u00f4pital europ\u00e9en \u00e0 Khan Youn\u00e8s<\/span><\/span><\/span><span style=\"color: #000000;\"><span style=\"font-family: Arial, sans-serif;\"><span style=\"font-size: medium;\">, un second groupe a rejoint <\/span><\/span><\/span><span style=\"color: #000000;\"><span style=\"font-family: Arial, sans-serif;\"><span style=\"font-size: medium;\">la r\u00e9gion d\u2019al-Mawasi entre Rafah et Khan Youn\u00e8s<\/span><\/span><\/span><span style=\"color: #000000;\"><span style=\"font-family: Arial, sans-serif;\"><span style=\"font-size: medium;\">, tandis qu\u2019un troisi\u00e8me groupe s\u2019est dirig\u00e9 vers <\/span><\/span><\/span><span style=\"color: #000000;\"><span style=\"font-family: Arial, sans-serif;\"><span style=\"font-size: medium;\">l\u2019ancien emplacement du camp temporaire des agriculteurs<\/span><\/span><\/span><span style=\"color: #000000;\"><span style=\"font-family: Arial, sans-serif;\"><span style=\"font-size: medium;\">.<\/span><\/span><\/span><\/p>\n<p><span style=\"color: #000000;\"><span style=\"font-family: Arial, sans-serif;\"><span style=\"font-size: medium;\">Ce qui rend leur sort encore plus difficile, c\u2019est que ceux qui vivent pr\u00e8s de l\u2019h\u00f4pital europ\u00e9en <\/span><\/span><\/span><span style=\"color: #000000;\"><span style=\"font-family: Arial, sans-serif;\"><span style=\"font-size: medium;\">entreprennent chaque matin un long trajet \u00e0 pied avec leurs femmes et enfants pour rejoindre leurs maisons dans la r\u00e9gion d\u2019Abu Ta\u2019ima<\/span><\/span><\/span><span style=\"color: #000000;\"><span style=\"font-family: Arial, sans-serif;\"><span style=\"font-size: medium;\">, un aller qui prend environ une heure et demie. Ils reviennent le soir vers leurs tentes. Ces trajets sont extr\u00eamement dangereux, en raison des frappes continues et des risques de tirs cibl\u00e9s, mais malgr\u00e9 cela, ces familles tiennent \u00e0 retourner voir leurs maisons chaque jour, affirmant leur lien \u00e0 leur terre et leur refus du d\u00e9placement forc\u00e9.<\/span><\/span><\/span><\/p>\n<p><span style=\"color: #000000;\"><span style=\"font-family: Arial, sans-serif;\"><span style=\"font-size: medium;\">Au nord de la bande de Gaza, <\/span><\/span><\/span><span style=\"color: #000000;\"><span style=\"font-family: Arial, sans-serif;\"><span style=\"font-size: medium;\">de nombreux d\u00e9plac\u00e9s de Beit Hanoun<\/span><\/span><\/span><span style=\"color: #000000;\"><span style=\"font-family: Arial, sans-serif;\"><span style=\"font-size: medium;\"> ont trouv\u00e9 refuge <\/span><\/span><\/span><span style=\"color: #000000;\"><span style=\"font-family: Arial, sans-serif;\"><span style=\"font-size: medium;\">sur la place du Soldat Inconnu en plein c\u0153ur de Gaza<\/span><\/span><\/span><span style=\"color: #000000;\"><span style=\"font-family: Arial, sans-serif;\"><span style=\"font-size: medium;\">, tandis que d\u2019autres se sont dirig\u00e9s vers l\u2019ouest de la ville. Ils vivent dans des conditions tr\u00e8s pr\u00e9caires, dans des tentes improvis\u00e9es ou \u00e0 l\u2019int\u00e9rieur de v\u00e9hicules, sans eau potable, avec peu de nourriture, et une propagation inqui\u00e9tante des maladies due aux conditions sanitaires d\u00e9sastreuses.<\/span><\/span><\/span><\/p>\n<p><a name=\"_GoBack\"><\/a><span style=\"color: #000000;\"><span style=\"font-family: Arial, sans-serif;\"><span style=\"font-size: medium;\">Rien \u00e0 Gaza aujourd\u2019hui ne ressemble \u00e0 la vie. Tout ressemble \u00e0 la mort : les bombardements, le froid, la faim, le d\u00e9placement, la peur, et le silence du monde. Le tableau humanitaire est en h\u00e9morragie permanente, pendant que la communaut\u00e9 internationale reste silencieuse, voire complice. Gaza, seule, continue de faire face \u00e0 son destin, port\u00e9e par un peuple qui s\u2019accroche \u00e0 la vie malgr\u00e9 toutes les tentatives de l\u2019\u00e9teindre.<\/span><\/span><\/span><\/p>\n<p><span style=\"color: #000000;\"><span style=\"font-family: Arial, sans-serif;\"><span style=\"font-size: medium;\">Dans ce contexte, <\/span><\/span><\/span><b><span style=\"color: #000000;\"><span style=\"font-family: Arial, sans-serif;\"><span style=\"font-size: medium;\">la n\u00e9cessit\u00e9 d\u2019une intervention internationale urgente et efficace devient plus pressante que jamais<\/span><\/span><\/span><\/b><span style=\"color: #000000;\"><span style=\"font-family: Arial, sans-serif;\"><span style=\"font-size: medium;\">, non seulement pour mettre fin \u00e0 l\u2019agression, mais aussi pour sauver ce qui reste de l\u2019\u00e2me d\u2019un peuple qui ne r\u00e9clame que son droit \u00e0 vivre avec dignit\u00e9.<\/span><\/span><\/span><\/p>\n<hr \/>\n<p align=\"LEFT\"><strong>Retrouvez l\u2019ensemble des t\u00e9moignages d\u2019Abu Amir et Marsel :<\/strong><\/p>\n<p>*<strong>Abu Amir Mutasem Ele\u00efwa<\/strong>\u00a0est coordinateur des Projets paysans depuis 2016 au sud de la bande de Gaza et correspondant de l\u2019Union Juive Fran\u00e7aise pour la Paix.<\/p>\n<p>*<strong>Marsel Alledawi<\/strong>\u00a0est responsable du Centre Ibn Sina du nord de la bande de Gaza, centre qui se consacre au suivi \u00e9ducatif et psychologique de l\u2019enfance.<\/p>\n<p>Tous les deux sont soutenus par l\u2019UJFP en France.<\/p>\n<p><strong><em>Cliquez ici pour consulter les\u00a0<a href=\"https:\/\/ismfrance.org\/index.php\/temoignages-gazaouis-survie-enfer-gaza-1\/\" target=\"_blank\" rel=\"noopener\">T\u00e9moignages du 20 novembre 2023 au 5 janvier 2025.<\/a><\/em><\/strong><\/p>\n<p><a href=\"https:\/\/ismfrance.org\/index.php\/2025\/01\/07\/temoignages-de-gazaouis-la-survie-qui-sorganise-au-jour-le-jour-dans-lenfer-de-gaza-partie-270-6-janvier-un-regard-sur-gaza\/\">Partie 270<\/a>\u00a0\/ 6 janvier\u00a0;\u00a0<a href=\"https:\/\/ismfrance.org\/index.php\/2025\/01\/09\/deuxieme-hiver-sous-des-abris-de-fortune-dans-la-faim-et-la-souffrance-le-temoignage-de-madleen-seule-femme-pecheure-dans-la-bande-de-gaza\/\">Partie 271<\/a>\u00a0\/ 7 janvier\u00a0;\u00a0<a href=\"https:\/\/ismfrance.org\/index.php\/2025\/01\/09\/temoignages-de-gazaouis-la-survie-qui-sorganise-au-jour-le-jour-dans-lenfer-de-gaza-partie-272-8-janvier-agressions-sans-limite\/\">Partie 272<\/a>\u00a0: 8 janvier\u00a0;\u00a0<a href=\"https:\/\/ismfrance.org\/index.php\/2025\/01\/10\/temoignages-de-gazaouis-la-survie-qui-sorganise-au-jour-le-jour-dans-lenfer-de-gaza-partie-273-10-janvier-fournitures-dhiver-pour-les-camps-de-d\/\">Partie 273<\/a>\u00a0: 10 janvier\u00a0;\u00a0<a href=\"https:\/\/ismfrance.org\/index.php\/2025\/01\/11\/temoignages-de-gazaouis-la-survie-qui-sorganise-au-jour-le-jour-dans-lenfer-de-gaza-partie-274-11-janvier-distribution-alimentaire-les-6-7-et-8-janvier\/\">Partie 274<\/a>\u00a0\/ 11 janvier ;\u00a0<a href=\"https:\/\/ismfrance.org\/index.php\/2025\/01\/11\/temoignages-de-gazaouis-la-survie-qui-sorganise-au-jour-le-jour-dans-lenfer-de-gaza-partie-275-11-janvier-1-rapport-complet-sur-la-situation-generale-dans-l\/\">Partie 275<\/a>\u00a0\/ 11 janvier (1) ;\u00a0<a href=\"https:\/\/ismfrance.org\/index.php\/2025\/01\/12\/temoignages-de-gazaouis-la-survie-qui-sorganise-au-jour-le-jour-dans-lenfer-de-gaza-partie-276-12-janvier-des-actions-persistantes-dans-les-camps-d\/\">Partie 276<\/a>\u00a0: 12 janvier ;\u00a0<a href=\"https:\/\/ismfrance.org\/index.php\/2025\/01\/14\/temoignages-de-gazaouis-la-survie-qui-sorganise-au-jour-le-jour-dans-lenfer-de-gaza-partie-277-13-janvier-massacres-continus-et-espoir-de-treve-imminent\/\">Partie 277<\/a>\u00a0: 13 janvier ;<a href=\"https:\/\/ismfrance.org\/index.php\/2025\/01\/15\/temoignages-de-gazaouis-la-survie-qui-sorganise-au-jour-le-jour-dans-lenfer-de-gaza-partie-278-14-janvier-initiative-pain-despoir\/\">\u00a0Partie 278<\/a>\u00a0: 14 janvier.\u00a0<a href=\"https:\/\/ismfrance.org\/index.php\/2025\/01\/16\/temoignages-de-gazaouis-la-survie-qui-sorganise-au-jour-le-jour-dans-lenfer-de-gaza-partie-279-15-janvier-apres-lannonce-dun-cess\/\">Partie 279<\/a>\u00a0: 15 janvier.\u00a0<a href=\"https:\/\/ismfrance.org\/index.php\/2025\/01\/17\/17518\/\">Partie 280<\/a>\u00a0: 16 janvier.\u00a0<a href=\"https:\/\/ismfrance.org\/index.php\/2025\/01\/17\/temoignages-de-gazaouis-la-survie-qui-sorganise-au-jour-le-jour-dans-lenfer-de-gaza-partie-280-16-janvier-un-accord-dans-un-ciel-tres-sombre\/\">Partie 281<\/a>\u00a0: 16 janvier (1).\u00a0<a href=\"https:\/\/ismfrance.org\/index.php\/2025\/01\/18\/temoignages-de-gazaouis-la-survie-qui-sorganise-au-jour-le-jour-dans-lenfer-de-gaza-partie-282-17-janvier-laccord-une-joie-teintee\/\">Partie 282<\/a>\u00a0: 17 janvier.\u00a0<a href=\"https:\/\/ismfrance.org\/index.php\/2025\/01\/19\/temoignages-de-gazaouis-la-survie-qui-sorganise-au-jour-le-jour-dans-lenfer-de-gaza-partie-283-18-janvier-laccord-vu-de-gaza-calme\/\">Partie 283<\/a>\u00a0: 18 janvier.\u00a0<a href=\"https:\/\/ismfrance.org\/index.php\/2025\/01\/20\/temoignages-de-gazaouis-la-survie-qui-sorganise-au-jour-le-jour-dans-lenfer-de-gaza-partie-284-18-janvier-1-saison-de-la-recolte-de-lespoir-pour\/\">Partie 284<\/a>\u00a0: 18 janvier\/1.<a href=\"https:\/\/ismfrance.org\/index.php\/2025\/01\/21\/temoignages-de-gazaouis-la-survie-qui-sorganise-au-jour-le-jour-dans-lenfer-de-gaza-partie-285-19-20-janvier-la-joie-de-la-treve-melee-au-choc-de-la-dec\/\">\u00a0Partie 285<\/a>\u00a0: 19-20 janvier.\u00a0<a href=\"https:\/\/ismfrance.org\/index.php\/2025\/01\/22\/temoignages-de-gazaouis-la-survie-qui-sorganise-au-jour-le-jour-dans-lenfer-de-gaza-partie-286-22-janvier-israel-reprendra-t-il-la-guerre-apres-avo\/\">Partie 286<\/a>\u00a0: 22 janvier.\u00a0<a href=\"https:\/\/ismfrance.org\/index.php\/2025\/01\/23\/17722\/\">Partie 287<\/a>\u00a0: 22 janvier (1).\u00a0<a href=\"https:\/\/ismfrance.org\/index.php\/2025\/01\/24\/temoignages-de-gazaouis-la-survie-qui-sorganise-au-jour-le-jour-dans-lenfer-de-gaza-partie-288-23-janvier-dans-le-defi-que-represente-la-situation-le-tr\/\">Partie 288<\/a>\u00a0: 23 janvier.\u00a0<a href=\"https:\/\/ismfrance.org\/index.php\/2025\/01\/25\/temoignages-de-gazaouis-la-survie-qui-sorganise-au-jour-le-jour-dans-lenfer-de-gaza-partie-289-23-janvier-1-une-tragedie-continue\/\">Partie 289<\/a>\u00a0: 23 janvier (1).\u00a0<a href=\"https:\/\/ismfrance.org\/index.php\/2025\/01\/26\/temoignages-de-gazaouis-la-survie-qui-sorganise-au-jour-le-jour-dans-lenfer-de-gaza-partie-290-25-janvier-preparer-les-femmes-au-retour-dans-leurs-regions-d\/\">Partie 290<\/a>\u00a0: 25 janvier.\u00a0<a href=\"https:\/\/ismfrance.org\/index.php\/2025\/01\/27\/temoignages-de-gazaouis-la-survie-qui-sorganise-au-jour-le-jour-dans-lenfer-de-gaza-partie-291-26-janvier-les-terribles-conditions-du-retour-chez-soi-pou\/\">Partie 291<\/a>\u00a0: 26 janvier.<a href=\"https:\/\/ismfrance.org\/index.php\/2025\/01\/27\/temoignages-de-gazaouis-la-survie-qui-sorganise-au-jour-le-jour-dans-lenfer-de-gaza-partie-292-27-janvier-contexte-menacant-pour-le-retour-des-gazaouis-d\/\">\u00a0Partie 292<\/a>\u00a0: 27 janvier.\u00a0<a href=\"https:\/\/ismfrance.org\/index.php\/2025\/01\/29\/temoignages-de-gazaouis-la-survie-qui-sorganise-au-jour-le-jour-dans-lenfer-de-gaza-partie-293-28-janvier-une-description-frappante-la-tragedie-de\/\">Partie 293<\/a>\u00a0: 28 janvier.\u00a0<a href=\"https:\/\/ismfrance.org\/index.php\/2025\/01\/29\/temoignages-de-gazaouis-la-survie-qui-sorganise-au-jour-le-jour-dans-lenfer-de-gaza-partie-294-28-janvier-retour-de-zakaria-baker-pecheur-au-port-de-gaza\/\">Partie 294<\/a>\u00a0: 28 janvier (1).\u00a0<a href=\"https:\/\/ismfrance.org\/index.php\/2025\/01\/29\/temoignages-de-gazaouis-la-survie-qui-sorganise-au-jour-le-jour-dans-lenfer-de-gaza-partie-295-29-janvier-entre-deplacement-et-retour\/\">Partie 295<\/a>\u00a0: 29 janvier.<a href=\"https:\/\/ismfrance.org\/index.php\/2025\/01\/31\/temoignages-de-gazaouis-la-survie-qui-sorganise-au-jour-le-jour-dans-lenfer-de-gaza-partie-296-30-janvier-survivre-dans-le-nord-de-gaza-et-distribution-d\/\">\u00a0Partie 296<\/a>\u00a0: 30 janvier.\u00a0<a href=\"https:\/\/ismfrance.org\/index.php\/2025\/02\/01\/temoignages-de-gazaouis-la-survie-qui-sorganise-au-jour-le-jour-dans-lenfer-de-gaza-partie-297-31-janvier-dans-les-camps-de-deplaces-une-lutte-constant\/\">Partie 297<\/a>\u00a0: 31 janvier.\u00a0<a href=\"https:\/\/ismfrance.org\/index.php\/2025\/02\/02\/temoignages-de-gazaouis-la-survie-qui-sorganise-au-jour-le-jour-dans-lenfer-de-gaza-partie-298-1er-fevrier-dans-le-nord-de-la-bande-de-gaza-entre-la-fai\/\">Partie 298<\/a>\u00a0: 1er f\u00e9vrier.\u00a0<a href=\"https:\/\/ismfrance.org\/index.php\/2025\/02\/03\/temoignages-de-gazaouis-la-survie-qui-sorganise-au-jour-le-jour-dans-lenfer-de-gaza-partie-299-1er-fevrier-1-tenacite-persistance-regularite-main\/\">Partie 299<\/a>\u00a0: 1er f\u00e9vrier (1).\u00a0<a href=\"ttps:\/\/ismfrance.org\/index.php\/2025\/02\/03\/temoignages-de-gazaouis-la-survie-qui-sorganise-au-jour-le-jour-dans-lenfer-de-gaza-partie-300-2-fevrier-voyage-vers-le-nord\/\">Partie 300<\/a>\u00a0: 2 f\u00e9vrier.<a href=\"https:\/\/ismfrance.org\/index.php\/2025\/02\/05\/temoignages-de-gazaouis-la-survie-qui-sorganise-au-jour-le-jour-dans-lenfer-de-gaza-partie-301-4-fevrier-le-scenario-de-guerre-se-deplace-vers-la-cisjorda\/\">\u00a0Partie 301<\/a>\u00a0: 4 f\u00e9vrier.\u00a0<a href=\"https:\/\/ismfrance.org\/index.php\/2025\/02\/06\/temoignages-de-gazaouis-la-survie-qui-sorganise-au-jour-le-jour-dans-lenfer-de-gaza-partie-302-5-fevrier-la-crise-humanitaire-a-gaza-une-tragedie-qui-s\/\">Partie 302<\/a>\u00a0: 5 f\u00e9vrier.\u00a0<a href=\"https:\/\/ismfrance.org\/index.php\/2025\/02\/06\/temoignages-de-gazaouis-la-survie-qui-sorganise-au-jour-le-jour-dans-lenfer-de-gaza-partie-303-6-fevrier-poursuite-du-ciblage-israelien-contre-les-civils\/\">Partie 303<\/a>\u00a0: 6 f\u00e9vrier.\u00a0<a href=\"https:\/\/ismfrance.org\/index.php\/2025\/02\/07\/temoignages-de-gazaouis-la-survie-qui-sorganise-au-jour-le-jour-dans-lenfer-de-gaza-partie-304-7-fevrier-les-enfants-lavenir-et-lespoir\/\">Partie 304<\/a>\u00a0: 7 f\u00e9vrier.\u00a0<a href=\"https:\/\/ismfrance.org\/index.php\/2025\/02\/08\/temoignages-de-gazaouis-la-survie-qui-sorganise-au-jour-le-jour-dans-lenfer-de-gaza-partie-305-7-fevrier-1-des-nuits-eprouvantes-froid-meurtrier-corps-sou\/\">Partie 305<\/a>\u00a0: 7 f\u00e9vrier (1).\u00a0<a href=\"https:\/\/ismfrance.org\/index.php\/2025\/02\/09\/temoignages-de-gazaouis-la-survie-qui-sorganise-au-jour-le-jour-dans-lenfer-de-gaza-partie-306-8-fevrier-soutenir-les-femmes-tous-les-deplace-e-s-et-surtout-l\/\">Partie 306<\/a>\u00a0: 8 f\u00e9vrier.\u00a0<a href=\"https:\/\/ismfrance.org\/index.php\/2025\/02\/11\/temoignages-de-gazaouis-la-survie-qui-sorganise-au-jour-le-jour-dans-lenfer-de-gaza-partie-307-9-fevrier-renforcement-de-lagriculture-et-amelior\/\">Partie 307<\/a>\u00a0: 9 f\u00e9vrier.\u00a0<a href=\"https:\/\/ismfrance.org\/index.php\/2025\/02\/12\/temoignages-de-gazaouis-la-survie-qui-sorganise-au-jour-le-jour-dans-lenfer-de-gaza-partie-308-10-fevrier-nord-de-gaza-une-crise-de-leau-dans-un-cont\/\">Partie 308<\/a>\u00a0: 10 f\u00e9vrier.\u00a0<a href=\"https:\/\/ismfrance.org\/index.php\/2025\/02\/12\/temoignages-de-gazaouis-la-survie-qui-sorganise-au-jour-le-jour-dans-lenfer-de-gaza-partie-309-11-fevrier-lavenir-de-gaza-est-dans-le-vent\/\">Partie 309<\/a>\u00a0: 11 f\u00e9vrier.\u00a0<a href=\"https:\/\/ismfrance.org\/index.php\/2025\/02\/13\/temoignages-de-gazaouis-la-survie-qui-sorganise-au-jour-le-jour-dans-lenfer-de-gaza-partie-310-12-fevrier-suivi-des-conditions-de-vie-des-agriculteurs-a-les\/\">Partie 310<\/a>\u00a0: 12 f\u00e9vrier.\u00a0<a href=\"https:\/\/ismfrance.org\/index.php\/2025\/02\/16\/temoignages-de-gazaouis-la-survie-qui-sorganise-au-jour-le-jour-dans-lenfer-de-gaza-partie-311-14-fevrier-la-crise-humanitaire-le-chomage-la-soif-et-l\/\">Partie 311<\/a>\u00a0: 14 f\u00e9vrier.\u00a0<a href=\"https:\/\/ismfrance.org\/index.php\/2025\/02\/16\/temoignages-de-gazaouis-la-survie-qui-sorganise-au-jour-le-jour-dans-lenfer-de-gaza-partie-312-15-fevrier-importance-de-leducation-et-du-soutien\/\">Partie 312<\/a>\u00a0: 15 f\u00e9vrier.\u00a0<a href=\"https:\/\/ismfrance.org\/index.php\/2025\/02\/17\/temoignages-de-gazaouis-la-survie-qui-sorganise-au-jour-le-jour-dans-lenfer-de-gaza-partie-313-15-fevrier-1-gaza-continue-de-crier-mais-qui-le\/\">Partie 313<\/a>\u00a0: 15 f\u00e9vrier (1).\u00a0<a href=\"https:\/\/ismfrance.org\/index.php\/2025\/02\/19\/temoignages-de-gazaouis-la-survie-qui-sorganise-au-jour-le-jour-dans-lenfer-de-gaza-partie-314-18-fevrier-une-tristesse-infinie\/\">Partie 314<\/a>\u00a0: 18 f\u00e9vrier.\u00a0<a href=\"https:\/\/ismfrance.org\/index.php\/2025\/02\/19\/temoignages-de-gazaouis-la-survie-qui-sorganise-au-jour-le-jour-dans-lenfer-de-gaza-partie-315-18-fevrier-1-colis-de-secours-pour-les-personnes-deplacees-da\/\">Partie 315<\/a>\u00a0: 18 f\u00e9vrier (1).\u00a0<a href=\"https:\/\/ismfrance.org\/index.php\/2025\/02\/20\/temoignages-de-gazaouis-la-survie-qui-sorganise-au-jour-le-jour-dans-lenfer-de-gaza-partie-316-18-fevrier-2-des-nouvelles-de-madleen-femme-pecheur-a-g\/\">Partie 316<\/a>\u00a0: 18 f\u00e9vrier (2).\u00a0<a href=\"https:\/\/ismfrance.org\/index.php\/2025\/02\/20\/temoignages-de-gazaouis-la-survie-qui-sorganise-au-jour-le-jour-dans-lenfer-de-gaza-partie-317-19-fevrier-le-secteur-agricole-entre-destruction-et-fami\/\">Partie 317<\/a>\u00a0: 19 f\u00e9vrier.\u00a0<a href=\"https:\/\/ismfrance.org\/index.php\/2025\/02\/21\/temoignages-de-gazaouis-la-survie-qui-sorganise-au-jour-le-jour-dans-lenfer-de-gaza-partie-318-20-fevrier-quen-est-il-de-la-deuxieme-phase-de-l\/\">Partie 318<\/a>\u00a0: 20 f\u00e9vrier.\u00a0<a href=\"https:\/\/ismfrance.org\/index.php\/2025\/02\/22\/temoignages-de-gazaouis-la-survie-qui-sorganise-au-jour-le-jour-dans-lenfer-de-gaza-partie-319-21-fevrier-la-destruction-des-secteurs-productifs\/\">Partie 319<\/a>\u00a0: 21 f\u00e9vrier.\u00a0<a href=\"https:\/\/ismfrance.org\/index.php\/2025\/02\/24\/temoignages-de-gazaouis-la-survie-qui-sorganise-au-jour-le-jour-dans-lenfer-de-gaza-partie-320-22-fevrier-gaza-compte-rendu-hebdomadaire-des-activ\/\">Partie 320<\/a>\u00a0: 22 f\u00e9vrier.\u00a0<a href=\"https:\/\/ismfrance.org\/index.php\/2025\/02\/25\/temoignages-de-gazaouis-la-survie-qui-sorganise-au-jour-le-jour-dans-lenfer-de-gaza-partie-321-23-fevrier-une-tentative-de-regarder-en-face-la-situation\/\">Partie 321<\/a>\u00a0: 23 f\u00e9vrier.\u00a0<a href=\"https:\/\/ismfrance.org\/index.php\/2025\/02\/25\/temoignages-de-gazaouis-la-survie-qui-sorganise-au-jour-le-jour-dans-lenfer-de-gaza-partie-322-24-fevrier-le-recit-dune-femme-dans-le-ven\/\">Partie 322<\/a>\u00a0: 24 f\u00e9vrier.\u00a0<a href=\"https:\/\/ismfrance.org\/index.php\/2025\/02\/26\/temoignages-de-gazaouis-la-survie-qui-sorganise-au-jour-le-jour-dans-lenfer-de-gaza-partie-323-25-fevrier-gaza-sous-lemprise-du-froid-et-dun\/\">Partie 323<\/a>\u00a0: 25 f\u00e9vrier.\u00a0<a href=\"https:\/\/ismfrance.org\/index.php\/2025\/02\/28\/temoignages-de-gazaouis-la-survie-qui-sorganise-au-jour-le-jour-dans-lenfer-de-gaza-partie-324-27-fevrier-aggravation-de-la-crise-economique-pour-les-familles\/\">Partie 324<\/a>\u00a0: 27 f\u00e9vrier.\u00a0<a href=\"https:\/\/ismfrance.org\/index.php\/2025\/03\/01\/temoignages-de-gazaouis-la-survie-qui-sorganise-au-jour-le-jour-dans-lenfer-de-gaza-partie-325-28-fevrier-encore-une-semaine-pleine-dactivites-d\/\">Partie 325<\/a>\u00a0: 28 f\u00e9vrier.\u00a0<a href=\"ttps:\/\/ismfrance.org\/index.php\/2025\/03\/02\/temoignages-de-gazaouis-la-survie-qui-sorganise-au-jour-le-jour-dans-lenfer-de-gaza-partie-326-1er-mars-dans-lhumiliation-de-lattente\/\">Partie 326<\/a>\u00a0: 1er mars.\u00a0<a href=\"https:\/\/ismfrance.org\/index.php\/2025\/03\/06\/temoignages-de-gazaouis-la-survie-qui-sorganise-au-jour-le-jour-dans-lenfer-de-gaza-partie-327-5-mars-violations-et-escalades-des-sanctions-commises-par-israe\/\">Partie 327<\/a>\u00a0: 5 mars.\u00a0<a href=\"https:\/\/ismfrance.org\/index.php\/2025\/03\/07\/temoignages-de-gazaouis-la-survie-qui-sorganise-au-jour-le-jour-dans-lenfer-de-gaza-partie-328-6-mars-sous-blocus-et-fermeture-des-passages-la-crise-hum\/\">Partie 328<\/a>\u00a0: 6 mars.\u00a0<a href=\"https:\/\/ismfrance.org\/index.php\/2025\/03\/10\/temoignages-de-gazaouis-la-survie-qui-sorganise-au-jour-le-jour-dans-lenfer-de-gaza-partie-329-9-mars-scenarios-pour-gaza-entre-prolongation-de-la-treve-et-reprise\/\">Partie 329<\/a>\u00a0: 9 mars.\u00a0<a href=\"https:\/\/ismfrance.org\/index.php\/2025\/03\/11\/temoignages-de-gazaouis-la-survie-qui-sorganise-au-jour-le-jour-dans-lenfer-de-gaza-partie-330-10-mars-a-gaza-aussi-les-femmes-sont-la-moitie-du-ciel\/\">Partie 330<\/a>\u00a0: 10 mars.\u00a0<a href=\"https:\/\/ismfrance.org\/index.php\/2025\/03\/12\/temoignages-de-gazaouis-la-survie-qui-sorganise-au-jour-le-jour-dans-lenfer-de-gaza-partie-331-11-mars-une-realite-accablante-le-secteur-agricole-est-l\/\">Partie 331<\/a>\u00a0: 11 mars.\u00a0<a href=\"https:\/\/ismfrance.org\/index.php\/2025\/03\/13\/temoignages-de-gazaouis-la-survie-qui-sorganise-au-jour-le-jour-dans-lenfer-de-gaza-partie-332-12-mars-fermeture-des-points-de-passage-menace-de-famine\/\">Partie 332<\/a>\u00a0: 12 mars.\u00a0<a href=\"https:\/\/ismfrance.org\/index.php\/2025\/03\/14\/temoignages-de-gazaouis-la-survie-qui-sorganise-au-jour-le-jour-dans-lenfer-de-gaza-partie-333-13-mars-la-guerre-vole-la-joie-du-ramadan\/\">Partie 333<\/a>\u00a0: 13 mars.\u00a0<a href=\"https:\/\/ismfrance.org\/index.php\/2025\/03\/15\/temoignages-de-gazaouis-la-survie-qui-sorganise-au-jour-le-jour-dans-lenfer-de-gaza-partie-334-14-mars-menaces-graves-sur-la-vie-quotidienne-des-gazaoui-e-s\/\">Partie 334<\/a>\u00a0: 14 mars.\u00a0<a href=\"https:\/\/ismfrance.org\/index.php\/2025\/03\/17\/temoignages-de-gazaouis-la-survie-qui-sorganise-au-jour-le-jour-dans-lenfer-de-gaza-partie-335-15-mars-aucun-peuple-ne-peut-se-relever-dun-confl\/\">Partie 335<\/a>\u00a0: 15 mars.<a href=\"https:\/\/ismfrance.org\/index.php\/2025\/03\/17\/temoignages-de-gazaouis-la-survie-qui-sorganise-au-jour-le-jour-dans-lenfer-de-gaza-partie-336-16-mars-distribution-de-colis-alimentaires-pour-les-pecheu\/\">\u00a0Partie 336<\/a>\u00a0: 16 mars.\u00a0<a href=\"https:\/\/ismfrance.org\/index.php\/2025\/03\/18\/temoignages-de-gazaouis-la-survie-qui-sorganise-au-jour-le-jour-dans-lenfer-de-gaza-partie-337-16-mars-1-le-ramadan-un-mois-de-jeune-a-lombre\/\">Partie 337<\/a>\u00a0: 16 mars (1).\u00a0<a href=\"https:\/\/ismfrance.org\/index.php\/2025\/03\/18\/temoignages-de-gazaouis-la-survie-qui-sorganise-au-jour-le-jour-dans-lenfer-de-gaza-partie-338-18-mars-alerte-les-massacres-de-larmee-israelienne-r\/\">Partie 338<\/a>\u00a0: 18 mars.\u00a0<a href=\"https:\/\/ismfrance.org\/index.php\/2025\/03\/19\/temoignages-de-gazaouis-la-survie-qui-sorganise-au-jour-le-jour-dans-lenfer-de-gaza-partie-339-18-mars-1-les-raids-continuent\/\">Partie 339<\/a>\u00a0: 18 mars (1).\u00a0<a href=\"https:\/\/ismfrance.org\/index.php\/2025\/03\/20\/temoignages-de-gazaouis-la-survie-qui-sorganise-au-jour-le-jour-dans-lenfer-de-gaza-partie-340-19-mars-menaces-dune-operation-terrestre-israelie\/\">Partie 340<\/a>\u00a0: 19 mars.\u00a0<a href=\"https:\/\/ismfrance.org\/index.php\/2025\/03\/20\/temoignages-de-gazaouis-la-survie-qui-sorganise-au-jour-le-jour-dans-lenfer-de-gaza-partie-341-20-mars-expansion-des-operations-militaires-et-aggravation\/\">Partie 341<\/a> : 20 mars. <a href=\"https:\/\/ismfrance.org\/index.php\/2025\/03\/22\/temoignages-de-gazaouis-la-survie-qui-sorganise-au-jour-le-jour-dans-lenfer-de-gaza-partie-342-21-mars-persister-dans-les-actions-de-soutien-vital-pour-l\/\">Partie 342<\/a> : 21 mars.<\/p>\n<p><strong>Pour participer \u00e0 la collecte \u00ab Urgence Guerre \u00e0 Gaza \u00bb :\u00a0<a href=\"https:\/\/www.helloasso.com\/associations\/union-juive-francaise-pour-la-paix\/collectes\/urgence-guerre-a-gaza\">HelloAsso.com<\/a><\/strong><br \/>\n<strong>Les t\u00e9moignages sont \u00e9galement publi\u00e9s sur\u00a0<a href=\"https:\/\/ujfp.org\/\">UJFP<\/a>,\u00a0<a href=\"https:\/\/altermidi.org\/\">Altermidi<\/a>\u00a0et sur\u00a0<a href=\"https:\/\/lepoing.net\/\">Le Poing<\/a>.<\/strong><\/p>\n","protected":false},"excerpt":{"rendered":"<p>Brigitte Challande, 23 mars 2025. Ce 22 mars, Abu Amir envoie un rapport de terrain d\u00e9taill\u00e9 sur la situation humanitaire dans la bande de Gaza cinq jours apr\u00e8s la reprise <a class=\"more-link\" href=\"https:\/\/ismfrance.org\/index.php\/2025\/03\/23\/temoignages-de-gazaouis-la-survie-qui-sorganise-au-jour-le-jour-dans-lenfer-de-gaza-partie-343-22-mars-rien-a-gaza-aujourdhui-ne-ressemble-a-la-vie\/\">Lire la suite &rarr;<\/a><\/p>\n","protected":false},"author":3,"featured_media":19185,"comment_status":"closed","ping_status":"closed","sticky":false,"template":"","format":"standard","meta":{"footnotes":""},"categories":[2,13],"tags":[156],"class_list":["post-19181","post","type-post","status-publish","format-standard","has-post-thumbnail","hentry","category-articles","category-temoignages","tag-genocide"],"yoast_head":"<!-- This site is optimized with the Yoast SEO plugin v27.2 - https:\/\/yoast.com\/product\/yoast-seo-wordpress\/ -->\n<title>T\u00e9moignages de Gazaouis : La survie qui s\u2019organise au jour le jour dans l\u2019enfer de Gaza \u2013 partie 343 \/ 22 mars \u2013 Rien \u00e0 Gaza aujourd\u2019hui ne ressemble \u00e0 la vie. Tout ressemble \u00e0 la mort - International Solidarity Movement - ISM-France<\/title>\n<meta name=\"robots\" content=\"index, follow, max-snippet:-1, max-image-preview:large, max-video-preview:-1\" \/>\n<link rel=\"canonical\" href=\"https:\/\/ismfrance.org\/index.php\/2025\/03\/23\/temoignages-de-gazaouis-la-survie-qui-sorganise-au-jour-le-jour-dans-lenfer-de-gaza-partie-343-22-mars-rien-a-gaza-aujourdhui-ne-ressemble-a-la-vie\/\" \/>\n<meta property=\"og:locale\" content=\"fr_FR\" \/>\n<meta property=\"og:type\" content=\"article\" \/>\n<meta property=\"og:title\" content=\"T\u00e9moignages de Gazaouis : La survie qui s\u2019organise au jour le jour dans l\u2019enfer de Gaza \u2013 partie 343 \/ 22 mars \u2013 Rien \u00e0 Gaza aujourd\u2019hui ne ressemble \u00e0 la vie. Tout ressemble \u00e0 la mort - International Solidarity Movement - ISM-France\" \/>\n<meta property=\"og:description\" content=\"Brigitte Challande, 23 mars 2025. Ce 22 mars, Abu Amir envoie un rapport de terrain d\u00e9taill\u00e9 sur la situation humanitaire dans la bande de Gaza cinq jours apr\u00e8s la reprise Lire la suite &rarr;\" \/>\n<meta property=\"og:url\" content=\"https:\/\/ismfrance.org\/index.php\/2025\/03\/23\/temoignages-de-gazaouis-la-survie-qui-sorganise-au-jour-le-jour-dans-lenfer-de-gaza-partie-343-22-mars-rien-a-gaza-aujourdhui-ne-ressemble-a-la-vie\/\" \/>\n<meta property=\"og:site_name\" content=\"International Solidarity Movement - ISM-France\" \/>\n<meta property=\"article:published_time\" content=\"2025-03-23T09:23:18+00:00\" \/>\n<meta property=\"article:modified_time\" content=\"2025-03-23T19:46:23+00:00\" \/>\n<meta property=\"og:image\" content=\"https:\/\/ismfrance.org\/wp-content\/uploads\/2025\/03\/GmttsW9WYAA3KR9.jpeg\" \/>\n\t<meta property=\"og:image:width\" content=\"1024\" \/>\n\t<meta property=\"og:image:height\" content=\"700\" \/>\n\t<meta property=\"og:image:type\" content=\"image\/jpeg\" \/>\n<meta name=\"author\" content=\"mru_01\" \/>\n<meta name=\"twitter:card\" content=\"summary_large_image\" \/>\n<meta name=\"twitter:creator\" content=\"@ISMFRANCE\" \/>\n<meta name=\"twitter:site\" content=\"@ISMFRANCE\" \/>\n<meta name=\"twitter:label1\" content=\"\u00c9crit par\" \/>\n\t<meta name=\"twitter:data1\" content=\"mru_01\" \/>\n\t<meta name=\"twitter:label2\" content=\"Dur\u00e9e de lecture estim\u00e9e\" \/>\n\t<meta name=\"twitter:data2\" content=\"8 minutes\" \/>\n<script type=\"application\/ld+json\" class=\"yoast-schema-graph\">{\"@context\":\"https:\/\/schema.org\",\"@graph\":[{\"@type\":\"Article\",\"@id\":\"https:\/\/ismfrance.org\/index.php\/2025\/03\/23\/temoignages-de-gazaouis-la-survie-qui-sorganise-au-jour-le-jour-dans-lenfer-de-gaza-partie-343-22-mars-rien-a-gaza-aujourdhui-ne-ressemble-a-la-vie\/#article\",\"isPartOf\":{\"@id\":\"https:\/\/ismfrance.org\/index.php\/2025\/03\/23\/temoignages-de-gazaouis-la-survie-qui-sorganise-au-jour-le-jour-dans-lenfer-de-gaza-partie-343-22-mars-rien-a-gaza-aujourdhui-ne-ressemble-a-la-vie\/\"},\"author\":{\"name\":\"mru_01\",\"@id\":\"https:\/\/ismfrance.org\/#\/schema\/person\/3c411eb72adfaae19c0dca1f41fae01d\"},\"headline\":\"T\u00e9moignages de Gazaouis : La survie qui s\u2019organise au jour le jour dans l\u2019enfer de Gaza \u2013 partie 343 \/ 22 mars \u2013 Rien \u00e0 Gaza aujourd\u2019hui ne ressemble \u00e0 la vie. Tout ressemble \u00e0 la mort\",\"datePublished\":\"2025-03-23T09:23:18+00:00\",\"dateModified\":\"2025-03-23T19:46:23+00:00\",\"mainEntityOfPage\":{\"@id\":\"https:\/\/ismfrance.org\/index.php\/2025\/03\/23\/temoignages-de-gazaouis-la-survie-qui-sorganise-au-jour-le-jour-dans-lenfer-de-gaza-partie-343-22-mars-rien-a-gaza-aujourdhui-ne-ressemble-a-la-vie\/\"},\"wordCount\":1480,\"publisher\":{\"@id\":\"https:\/\/ismfrance.org\/#organization\"},\"image\":{\"@id\":\"https:\/\/ismfrance.org\/index.php\/2025\/03\/23\/temoignages-de-gazaouis-la-survie-qui-sorganise-au-jour-le-jour-dans-lenfer-de-gaza-partie-343-22-mars-rien-a-gaza-aujourdhui-ne-ressemble-a-la-vie\/#primaryimage\"},\"thumbnailUrl\":\"https:\/\/ismfrance.org\/wp-content\/uploads\/2025\/03\/GmttsW9WYAA3KR9.jpeg\",\"keywords\":[\"G\u00e9nocide\"],\"articleSection\":[\"Articles\",\"T\u00e9moignages\"],\"inLanguage\":\"fr-FR\"},{\"@type\":\"WebPage\",\"@id\":\"https:\/\/ismfrance.org\/index.php\/2025\/03\/23\/temoignages-de-gazaouis-la-survie-qui-sorganise-au-jour-le-jour-dans-lenfer-de-gaza-partie-343-22-mars-rien-a-gaza-aujourdhui-ne-ressemble-a-la-vie\/\",\"url\":\"https:\/\/ismfrance.org\/index.php\/2025\/03\/23\/temoignages-de-gazaouis-la-survie-qui-sorganise-au-jour-le-jour-dans-lenfer-de-gaza-partie-343-22-mars-rien-a-gaza-aujourdhui-ne-ressemble-a-la-vie\/\",\"name\":\"T\u00e9moignages de Gazaouis : La survie qui s\u2019organise au jour le jour dans l\u2019enfer de Gaza \u2013 partie 343 \/ 22 mars \u2013 Rien \u00e0 Gaza aujourd\u2019hui ne ressemble \u00e0 la vie. Tout ressemble \u00e0 la mort - International Solidarity Movement - ISM-France\",\"isPartOf\":{\"@id\":\"https:\/\/ismfrance.org\/#website\"},\"primaryImageOfPage\":{\"@id\":\"https:\/\/ismfrance.org\/index.php\/2025\/03\/23\/temoignages-de-gazaouis-la-survie-qui-sorganise-au-jour-le-jour-dans-lenfer-de-gaza-partie-343-22-mars-rien-a-gaza-aujourdhui-ne-ressemble-a-la-vie\/#primaryimage\"},\"image\":{\"@id\":\"https:\/\/ismfrance.org\/index.php\/2025\/03\/23\/temoignages-de-gazaouis-la-survie-qui-sorganise-au-jour-le-jour-dans-lenfer-de-gaza-partie-343-22-mars-rien-a-gaza-aujourdhui-ne-ressemble-a-la-vie\/#primaryimage\"},\"thumbnailUrl\":\"https:\/\/ismfrance.org\/wp-content\/uploads\/2025\/03\/GmttsW9WYAA3KR9.jpeg\",\"datePublished\":\"2025-03-23T09:23:18+00:00\",\"dateModified\":\"2025-03-23T19:46:23+00:00\",\"breadcrumb\":{\"@id\":\"https:\/\/ismfrance.org\/index.php\/2025\/03\/23\/temoignages-de-gazaouis-la-survie-qui-sorganise-au-jour-le-jour-dans-lenfer-de-gaza-partie-343-22-mars-rien-a-gaza-aujourdhui-ne-ressemble-a-la-vie\/#breadcrumb\"},\"inLanguage\":\"fr-FR\",\"potentialAction\":[{\"@type\":\"ReadAction\",\"target\":[\"https:\/\/ismfrance.org\/index.php\/2025\/03\/23\/temoignages-de-gazaouis-la-survie-qui-sorganise-au-jour-le-jour-dans-lenfer-de-gaza-partie-343-22-mars-rien-a-gaza-aujourdhui-ne-ressemble-a-la-vie\/\"]}]},{\"@type\":\"ImageObject\",\"inLanguage\":\"fr-FR\",\"@id\":\"https:\/\/ismfrance.org\/index.php\/2025\/03\/23\/temoignages-de-gazaouis-la-survie-qui-sorganise-au-jour-le-jour-dans-lenfer-de-gaza-partie-343-22-mars-rien-a-gaza-aujourdhui-ne-ressemble-a-la-vie\/#primaryimage\",\"url\":\"https:\/\/ismfrance.org\/wp-content\/uploads\/2025\/03\/GmttsW9WYAA3KR9.jpeg\",\"contentUrl\":\"https:\/\/ismfrance.org\/wp-content\/uploads\/2025\/03\/GmttsW9WYAA3KR9.jpeg\",\"width\":1024,\"height\":700},{\"@type\":\"BreadcrumbList\",\"@id\":\"https:\/\/ismfrance.org\/index.php\/2025\/03\/23\/temoignages-de-gazaouis-la-survie-qui-sorganise-au-jour-le-jour-dans-lenfer-de-gaza-partie-343-22-mars-rien-a-gaza-aujourdhui-ne-ressemble-a-la-vie\/#breadcrumb\",\"itemListElement\":[{\"@type\":\"ListItem\",\"position\":1,\"name\":\"Accueil\",\"item\":\"https:\/\/ismfrance.org\/\"},{\"@type\":\"ListItem\",\"position\":2,\"name\":\"T\u00e9moignages de Gazaouis : La survie qui s\u2019organise au jour le jour dans l\u2019enfer de Gaza \u2013 partie 343 \/ 22 mars \u2013 Rien \u00e0 Gaza aujourd\u2019hui ne ressemble \u00e0 la vie. Tout ressemble \u00e0 la mort\"}]},{\"@type\":\"WebSite\",\"@id\":\"https:\/\/ismfrance.org\/#website\",\"url\":\"https:\/\/ismfrance.org\/\",\"name\":\"ISM Palestine France\",\"description\":\"Soutien aux luttes de lib\u00e9ration du peuple palestinien\",\"publisher\":{\"@id\":\"https:\/\/ismfrance.org\/#organization\"},\"potentialAction\":[{\"@type\":\"SearchAction\",\"target\":{\"@type\":\"EntryPoint\",\"urlTemplate\":\"https:\/\/ismfrance.org\/?s={search_term_string}\"},\"query-input\":{\"@type\":\"PropertyValueSpecification\",\"valueRequired\":true,\"valueName\":\"search_term_string\"}}],\"inLanguage\":\"fr-FR\"},{\"@type\":\"Organization\",\"@id\":\"https:\/\/ismfrance.org\/#organization\",\"name\":\"International Solidarity Movement\",\"url\":\"https:\/\/ismfrance.org\/\",\"logo\":{\"@type\":\"ImageObject\",\"inLanguage\":\"fr-FR\",\"@id\":\"https:\/\/ismfrance.org\/#\/schema\/logo\/image\/\",\"url\":\"https:\/\/ismfrance.org\/wp-content\/uploads\/2020\/12\/00.png\",\"contentUrl\":\"https:\/\/ismfrance.org\/wp-content\/uploads\/2020\/12\/00.png\",\"width\":400,\"height\":400,\"caption\":\"International Solidarity Movement\"},\"image\":{\"@id\":\"https:\/\/ismfrance.org\/#\/schema\/logo\/image\/\"},\"sameAs\":[\"https:\/\/x.com\/ISMFRANCE\"]},{\"@type\":\"Person\",\"@id\":\"https:\/\/ismfrance.org\/#\/schema\/person\/3c411eb72adfaae19c0dca1f41fae01d\",\"name\":\"mru_01\",\"image\":{\"@type\":\"ImageObject\",\"inLanguage\":\"fr-FR\",\"@id\":\"https:\/\/secure.gravatar.com\/avatar\/3a0be343b445d2ccc79e87444a294fad2b232e90d2051d0e3cc219e1ecd6a330?s=96&d=mm&r=g\",\"url\":\"https:\/\/secure.gravatar.com\/avatar\/3a0be343b445d2ccc79e87444a294fad2b232e90d2051d0e3cc219e1ecd6a330?s=96&d=mm&r=g\",\"contentUrl\":\"https:\/\/secure.gravatar.com\/avatar\/3a0be343b445d2ccc79e87444a294fad2b232e90d2051d0e3cc219e1ecd6a330?s=96&d=mm&r=g\",\"caption\":\"mru_01\"},\"url\":\"https:\/\/ismfrance.org\/index.php\/author\/admin02\/\"}]}<\/script>\n<!-- \/ Yoast SEO plugin. -->","yoast_head_json":{"title":"T\u00e9moignages de Gazaouis : La survie qui s\u2019organise au jour le jour dans l\u2019enfer de Gaza \u2013 partie 343 \/ 22 mars \u2013 Rien \u00e0 Gaza aujourd\u2019hui ne ressemble \u00e0 la vie. Tout ressemble \u00e0 la mort - International Solidarity Movement - ISM-France","robots":{"index":"index","follow":"follow","max-snippet":"max-snippet:-1","max-image-preview":"max-image-preview:large","max-video-preview":"max-video-preview:-1"},"canonical":"https:\/\/ismfrance.org\/index.php\/2025\/03\/23\/temoignages-de-gazaouis-la-survie-qui-sorganise-au-jour-le-jour-dans-lenfer-de-gaza-partie-343-22-mars-rien-a-gaza-aujourdhui-ne-ressemble-a-la-vie\/","og_locale":"fr_FR","og_type":"article","og_title":"T\u00e9moignages de Gazaouis : La survie qui s\u2019organise au jour le jour dans l\u2019enfer de Gaza \u2013 partie 343 \/ 22 mars \u2013 Rien \u00e0 Gaza aujourd\u2019hui ne ressemble \u00e0 la vie. Tout ressemble \u00e0 la mort - International Solidarity Movement - ISM-France","og_description":"Brigitte Challande, 23 mars 2025. Ce 22 mars, Abu Amir envoie un rapport de terrain d\u00e9taill\u00e9 sur la situation humanitaire dans la bande de Gaza cinq jours apr\u00e8s la reprise Lire la suite &rarr;","og_url":"https:\/\/ismfrance.org\/index.php\/2025\/03\/23\/temoignages-de-gazaouis-la-survie-qui-sorganise-au-jour-le-jour-dans-lenfer-de-gaza-partie-343-22-mars-rien-a-gaza-aujourdhui-ne-ressemble-a-la-vie\/","og_site_name":"International Solidarity Movement - ISM-France","article_published_time":"2025-03-23T09:23:18+00:00","article_modified_time":"2025-03-23T19:46:23+00:00","og_image":[{"width":1024,"height":700,"url":"https:\/\/ismfrance.org\/wp-content\/uploads\/2025\/03\/GmttsW9WYAA3KR9.jpeg","type":"image\/jpeg"}],"author":"mru_01","twitter_card":"summary_large_image","twitter_creator":"@ISMFRANCE","twitter_site":"@ISMFRANCE","twitter_misc":{"\u00c9crit par":"mru_01","Dur\u00e9e de lecture estim\u00e9e":"8 minutes"},"schema":{"@context":"https:\/\/schema.org","@graph":[{"@type":"Article","@id":"https:\/\/ismfrance.org\/index.php\/2025\/03\/23\/temoignages-de-gazaouis-la-survie-qui-sorganise-au-jour-le-jour-dans-lenfer-de-gaza-partie-343-22-mars-rien-a-gaza-aujourdhui-ne-ressemble-a-la-vie\/#article","isPartOf":{"@id":"https:\/\/ismfrance.org\/index.php\/2025\/03\/23\/temoignages-de-gazaouis-la-survie-qui-sorganise-au-jour-le-jour-dans-lenfer-de-gaza-partie-343-22-mars-rien-a-gaza-aujourdhui-ne-ressemble-a-la-vie\/"},"author":{"name":"mru_01","@id":"https:\/\/ismfrance.org\/#\/schema\/person\/3c411eb72adfaae19c0dca1f41fae01d"},"headline":"T\u00e9moignages de Gazaouis : La survie qui s\u2019organise au jour le jour dans l\u2019enfer de Gaza \u2013 partie 343 \/ 22 mars \u2013 Rien \u00e0 Gaza aujourd\u2019hui ne ressemble \u00e0 la vie. Tout ressemble \u00e0 la mort","datePublished":"2025-03-23T09:23:18+00:00","dateModified":"2025-03-23T19:46:23+00:00","mainEntityOfPage":{"@id":"https:\/\/ismfrance.org\/index.php\/2025\/03\/23\/temoignages-de-gazaouis-la-survie-qui-sorganise-au-jour-le-jour-dans-lenfer-de-gaza-partie-343-22-mars-rien-a-gaza-aujourdhui-ne-ressemble-a-la-vie\/"},"wordCount":1480,"publisher":{"@id":"https:\/\/ismfrance.org\/#organization"},"image":{"@id":"https:\/\/ismfrance.org\/index.php\/2025\/03\/23\/temoignages-de-gazaouis-la-survie-qui-sorganise-au-jour-le-jour-dans-lenfer-de-gaza-partie-343-22-mars-rien-a-gaza-aujourdhui-ne-ressemble-a-la-vie\/#primaryimage"},"thumbnailUrl":"https:\/\/ismfrance.org\/wp-content\/uploads\/2025\/03\/GmttsW9WYAA3KR9.jpeg","keywords":["G\u00e9nocide"],"articleSection":["Articles","T\u00e9moignages"],"inLanguage":"fr-FR"},{"@type":"WebPage","@id":"https:\/\/ismfrance.org\/index.php\/2025\/03\/23\/temoignages-de-gazaouis-la-survie-qui-sorganise-au-jour-le-jour-dans-lenfer-de-gaza-partie-343-22-mars-rien-a-gaza-aujourdhui-ne-ressemble-a-la-vie\/","url":"https:\/\/ismfrance.org\/index.php\/2025\/03\/23\/temoignages-de-gazaouis-la-survie-qui-sorganise-au-jour-le-jour-dans-lenfer-de-gaza-partie-343-22-mars-rien-a-gaza-aujourdhui-ne-ressemble-a-la-vie\/","name":"T\u00e9moignages de Gazaouis : La survie qui s\u2019organise au jour le jour dans l\u2019enfer de Gaza \u2013 partie 343 \/ 22 mars \u2013 Rien \u00e0 Gaza aujourd\u2019hui ne ressemble \u00e0 la vie. Tout ressemble \u00e0 la mort - International Solidarity Movement - ISM-France","isPartOf":{"@id":"https:\/\/ismfrance.org\/#website"},"primaryImageOfPage":{"@id":"https:\/\/ismfrance.org\/index.php\/2025\/03\/23\/temoignages-de-gazaouis-la-survie-qui-sorganise-au-jour-le-jour-dans-lenfer-de-gaza-partie-343-22-mars-rien-a-gaza-aujourdhui-ne-ressemble-a-la-vie\/#primaryimage"},"image":{"@id":"https:\/\/ismfrance.org\/index.php\/2025\/03\/23\/temoignages-de-gazaouis-la-survie-qui-sorganise-au-jour-le-jour-dans-lenfer-de-gaza-partie-343-22-mars-rien-a-gaza-aujourdhui-ne-ressemble-a-la-vie\/#primaryimage"},"thumbnailUrl":"https:\/\/ismfrance.org\/wp-content\/uploads\/2025\/03\/GmttsW9WYAA3KR9.jpeg","datePublished":"2025-03-23T09:23:18+00:00","dateModified":"2025-03-23T19:46:23+00:00","breadcrumb":{"@id":"https:\/\/ismfrance.org\/index.php\/2025\/03\/23\/temoignages-de-gazaouis-la-survie-qui-sorganise-au-jour-le-jour-dans-lenfer-de-gaza-partie-343-22-mars-rien-a-gaza-aujourdhui-ne-ressemble-a-la-vie\/#breadcrumb"},"inLanguage":"fr-FR","potentialAction":[{"@type":"ReadAction","target":["https:\/\/ismfrance.org\/index.php\/2025\/03\/23\/temoignages-de-gazaouis-la-survie-qui-sorganise-au-jour-le-jour-dans-lenfer-de-gaza-partie-343-22-mars-rien-a-gaza-aujourdhui-ne-ressemble-a-la-vie\/"]}]},{"@type":"ImageObject","inLanguage":"fr-FR","@id":"https:\/\/ismfrance.org\/index.php\/2025\/03\/23\/temoignages-de-gazaouis-la-survie-qui-sorganise-au-jour-le-jour-dans-lenfer-de-gaza-partie-343-22-mars-rien-a-gaza-aujourdhui-ne-ressemble-a-la-vie\/#primaryimage","url":"https:\/\/ismfrance.org\/wp-content\/uploads\/2025\/03\/GmttsW9WYAA3KR9.jpeg","contentUrl":"https:\/\/ismfrance.org\/wp-content\/uploads\/2025\/03\/GmttsW9WYAA3KR9.jpeg","width":1024,"height":700},{"@type":"BreadcrumbList","@id":"https:\/\/ismfrance.org\/index.php\/2025\/03\/23\/temoignages-de-gazaouis-la-survie-qui-sorganise-au-jour-le-jour-dans-lenfer-de-gaza-partie-343-22-mars-rien-a-gaza-aujourdhui-ne-ressemble-a-la-vie\/#breadcrumb","itemListElement":[{"@type":"ListItem","position":1,"name":"Accueil","item":"https:\/\/ismfrance.org\/"},{"@type":"ListItem","position":2,"name":"T\u00e9moignages de Gazaouis : La survie qui s\u2019organise au jour le jour dans l\u2019enfer de Gaza \u2013 partie 343 \/ 22 mars \u2013 Rien \u00e0 Gaza aujourd\u2019hui ne ressemble \u00e0 la vie. Tout ressemble \u00e0 la mort"}]},{"@type":"WebSite","@id":"https:\/\/ismfrance.org\/#website","url":"https:\/\/ismfrance.org\/","name":"ISM Palestine France","description":"Soutien aux luttes de lib\u00e9ration du peuple palestinien","publisher":{"@id":"https:\/\/ismfrance.org\/#organization"},"potentialAction":[{"@type":"SearchAction","target":{"@type":"EntryPoint","urlTemplate":"https:\/\/ismfrance.org\/?s={search_term_string}"},"query-input":{"@type":"PropertyValueSpecification","valueRequired":true,"valueName":"search_term_string"}}],"inLanguage":"fr-FR"},{"@type":"Organization","@id":"https:\/\/ismfrance.org\/#organization","name":"International Solidarity Movement","url":"https:\/\/ismfrance.org\/","logo":{"@type":"ImageObject","inLanguage":"fr-FR","@id":"https:\/\/ismfrance.org\/#\/schema\/logo\/image\/","url":"https:\/\/ismfrance.org\/wp-content\/uploads\/2020\/12\/00.png","contentUrl":"https:\/\/ismfrance.org\/wp-content\/uploads\/2020\/12\/00.png","width":400,"height":400,"caption":"International Solidarity Movement"},"image":{"@id":"https:\/\/ismfrance.org\/#\/schema\/logo\/image\/"},"sameAs":["https:\/\/x.com\/ISMFRANCE"]},{"@type":"Person","@id":"https:\/\/ismfrance.org\/#\/schema\/person\/3c411eb72adfaae19c0dca1f41fae01d","name":"mru_01","image":{"@type":"ImageObject","inLanguage":"fr-FR","@id":"https:\/\/secure.gravatar.com\/avatar\/3a0be343b445d2ccc79e87444a294fad2b232e90d2051d0e3cc219e1ecd6a330?s=96&d=mm&r=g","url":"https:\/\/secure.gravatar.com\/avatar\/3a0be343b445d2ccc79e87444a294fad2b232e90d2051d0e3cc219e1ecd6a330?s=96&d=mm&r=g","contentUrl":"https:\/\/secure.gravatar.com\/avatar\/3a0be343b445d2ccc79e87444a294fad2b232e90d2051d0e3cc219e1ecd6a330?s=96&d=mm&r=g","caption":"mru_01"},"url":"https:\/\/ismfrance.org\/index.php\/author\/admin02\/"}]}},"_links":{"self":[{"href":"https:\/\/ismfrance.org\/index.php\/wp-json\/wp\/v2\/posts\/19181","targetHints":{"allow":["GET"]}}],"collection":[{"href":"https:\/\/ismfrance.org\/index.php\/wp-json\/wp\/v2\/posts"}],"about":[{"href":"https:\/\/ismfrance.org\/index.php\/wp-json\/wp\/v2\/types\/post"}],"author":[{"embeddable":true,"href":"https:\/\/ismfrance.org\/index.php\/wp-json\/wp\/v2\/users\/3"}],"replies":[{"embeddable":true,"href":"https:\/\/ismfrance.org\/index.php\/wp-json\/wp\/v2\/comments?post=19181"}],"version-history":[{"count":0,"href":"https:\/\/ismfrance.org\/index.php\/wp-json\/wp\/v2\/posts\/19181\/revisions"}],"wp:featuredmedia":[{"embeddable":true,"href":"https:\/\/ismfrance.org\/index.php\/wp-json\/wp\/v2\/media\/19185"}],"wp:attachment":[{"href":"https:\/\/ismfrance.org\/index.php\/wp-json\/wp\/v2\/media?parent=19181"}],"wp:term":[{"taxonomy":"category","embeddable":true,"href":"https:\/\/ismfrance.org\/index.php\/wp-json\/wp\/v2\/categories?post=19181"},{"taxonomy":"post_tag","embeddable":true,"href":"https:\/\/ismfrance.org\/index.php\/wp-json\/wp\/v2\/tags?post=19181"}],"curies":[{"name":"wp","href":"https:\/\/api.w.org\/{rel}","templated":true}]}}