{"id":19092,"date":"2025-03-19T10:33:18","date_gmt":"2025-03-19T09:33:18","guid":{"rendered":"https:\/\/ismfrance.org\/?p=19092"},"modified":"2025-03-19T10:33:18","modified_gmt":"2025-03-19T09:33:18","slug":"actualites-sur-limplosion-de-lempire-le-massacre-americano-israelien-reprend","status":"publish","type":"post","link":"https:\/\/ismfrance.org\/index.php\/2025\/03\/19\/actualites-sur-limplosion-de-lempire-le-massacre-americano-israelien-reprend\/","title":{"rendered":"Actualit\u00e9s sur l&rsquo;implosion de l&#8217;empire\u00a0: Le massacre am\u00e9ricano-isra\u00e9lien reprend"},"content":{"rendered":"<p><span style=\"color: #222222;\"><span style=\"font-family: Arial, Helvetica, sans-serif;\"><span style=\"font-size: medium;\"><strong>Mazin Qumsiyeh, 19 mars 2025.-<\/strong> Le r\u00e9gime isra\u00e9lien, soutenu par le r\u00e9gime am\u00e9ricain, vient d&rsquo;attaquer la population de la bande de Gaza, tuant 304 civils (selon les chiffres au moment o\u00f9 j&rsquo;\u00e9cris ces lignes) et en blessant des centaines. Hommes, femmes et enfants sont \u00e0 nouveau massacr\u00e9s en masse, avec les armes et le soutien des \u00c9tats-Unis. Et ce, alors que l&rsquo;aide humanitaire est interdite (2 millions de personnes sont priv\u00e9es de nourriture, de m\u00e9dicaments et d&rsquo;eau).<\/span><\/span><\/span><\/p>\n<p><a href=\"https:\/\/ismfrance.org\/wp-content\/uploads\/2025\/03\/gaza-1803-2.jpg\"><img loading=\"lazy\" decoding=\"async\" class=\"size-large wp-image-19094 aligncenter\" src=\"https:\/\/ismfrance.org\/wp-content\/uploads\/2025\/03\/gaza-1803-2-700x700.jpg\" alt=\"\" width=\"600\" height=\"600\" srcset=\"https:\/\/ismfrance.org\/wp-content\/uploads\/2025\/03\/gaza-1803-2-700x700.jpg 700w, https:\/\/ismfrance.org\/wp-content\/uploads\/2025\/03\/gaza-1803-2-300x300.jpg 300w, https:\/\/ismfrance.org\/wp-content\/uploads\/2025\/03\/gaza-1803-2-150x150.jpg 150w, https:\/\/ismfrance.org\/wp-content\/uploads\/2025\/03\/gaza-1803-2-768x768.jpg 768w, https:\/\/ismfrance.org\/wp-content\/uploads\/2025\/03\/gaza-1803-2-144x144.jpg 144w, https:\/\/ismfrance.org\/wp-content\/uploads\/2025\/03\/gaza-1803-2.jpg 1080w\" sizes=\"auto, (max-width: 600px) 100vw, 600px\" \/><\/a><\/p>\n<p><span style=\"color: #222222;\"><span style=\"font-family: Arial, Helvetica, sans-serif;\"><span style=\"font-size: medium;\">Y a-t-il un groupe qui interviendra pour mettre fin au g\u00e9nocide\u00a0? Comment se fait-il que l&rsquo;ordre mondial tout entier soit soumis au racisme sioniste, alors que seul le Y\u00e9men tente d&rsquo;agir\u00a0? L&rsquo;\u00c9gypte, la Jordanie, l&rsquo;Europe, l&rsquo;ONU, les \u00c9tats-Unis sont des partenaires dans ce g\u00e9nocide. Personne ne croit encore \u00e0 la propagande sioniste, mais les politiciens c\u00e8dent aux lobbies sionistes et au chantage (Jeffrey Epstein \u00e9tait du Mossad).<\/span><\/span><\/span><\/p>\n<p><span style=\"color: #222222;\"><span style=\"font-family: Arial, Helvetica, sans-serif;\"><span style=\"font-size: medium;\">Le r\u00e9gime am\u00e9ricain vient \u00e9galement d&rsquo;expulser l&rsquo;ambassadeur d&rsquo;Afrique du Sud <a href=\"https:\/\/www.francetvinfo.fr\/monde\/usa\/etats-unis-l-ambassadeur-sud-africain-qualifie-de-persona-non-grata-par-washington-a-72-heures-pour-quitter-le-territoire_7131795.html\">Ebrahim Rasool<\/a> (pour son rejet cat\u00e9gorique de l&rsquo;imp\u00e9rialisme) et tente d&rsquo;expulser un r\u00e9sident permanent l\u00e9gal (<a href=\"https:\/\/ismfrance.org\/index.php\/2025\/03\/13\/qui-est-mahmoud-khalil-letudiant-militant-palestinien-menace-dexpulsion-des-etats-unis\/\">Mahmoud Khalil<\/a>) pour avoir dit la v\u00e9rit\u00e9 sur un g\u00e9nocide en cours. Il s&rsquo;est \u00e9galement d\u00e9barrass\u00e9 d&rsquo;<a href=\"https:\/\/x.com\/aboehler?lang=fr\">Adam Boehler<\/a>, l&rsquo;envoy\u00e9 am\u00e9ricain qui discutait avec le Hamas (Mouvement de r\u00e9sistance islamique) au sujet des prisonniers isra\u00e9liens. Les \u00c9tats-Unis et Isra\u00ebl rompent les cessez-le-feu qu&rsquo;ils ont sign\u00e9s sur tous les fronts. <\/span><\/span><\/span><\/p>\n<p><span style=\"color: #222222;\"><span style=\"font-family: Arial, Helvetica, sans-serif;\"><span style=\"font-size: medium;\">Ce qui est effroyable, alors que les \u00c9tats-Unis deviennent une filiale \u00e0 part enti\u00e8re des sionistes fascistes de droite, c&rsquo;est que tout est l\u00e9gitim\u00e9 : la d\u00e9shumanisation, le g\u00e9nocide, le racisme, l&rsquo;extorsion de pays, le blocus, la loi du plus fort. C&rsquo;est d\u00e9sormais d&rsquo;une \u00e9vidence jamais vue auparavant. Les nazis ont cach\u00e9 leurs actes. L&rsquo;alliance des n\u00e9onazis (supr\u00e9macistes blancs comme Trump et Musk) et les sionistes qui les utilisent ne cherchent pas \u00e0 cacher quoi que ce soit. Ils appellent ouvertement au g\u00e9nocide et \u00e0 l&rsquo;\u00e9cocide et s&rsquo;y livrent. Une grande partie de leurs activit\u00e9s coloniales ill\u00e9gales est financ\u00e9e par les \u00c9tats arabes du Golfe (<a href=\"https:\/\/french.almanartv.com.lb\/3208614\">French Al Manar<\/a>). Ils ne r\u00e9ussiront pas (et ne doivent pas r\u00e9ussir) et leur strat\u00e9gie et leurs tactiques sont m\u00eame suicidaires pour eux-m\u00eames.<\/span><\/span><\/span><\/p>\n<p><span style=\"color: #222222;\"><span style=\"font-family: Arial, Helvetica, sans-serif;\"><span style=\"font-size: medium;\">L&rsquo;ampleur des d\u00e9g\u00e2ts qu&rsquo;ils causeront jusqu&rsquo;\u00e0 l&rsquo;effondrement de l&#8217;empire d\u00e9pend en grande partie de notre capacit\u00e9 \u00e0 les arr\u00eater. C&rsquo;est pourquoi des actions comme le vote des \u00e9tudiants en droit de Harvard pour le d\u00e9sinvestissement de l&rsquo;apartheid isra\u00e9lien et les actions de la Voix juive pour la paix \u00e0 Trump Plaza, ainsi que des milliers d&rsquo;autres, sont si cruciales pour affaiblir l&#8217;empire et nous conduire vers la durabilit\u00e9 (des personnes et de la nature).<\/span><\/span><\/span><\/p>\n<p><span style=\"color: #222222;\"><span style=\"font-family: Arial, Helvetica, sans-serif;\"><span style=\"font-size: medium;\">Mais que faites-vous alors que l&#8217;empire s&rsquo;affaiblit et s&rsquo;en prend aux plus vuln\u00e9rables\u00a0?<\/span><\/span><\/span><\/p>\n<p><span style=\"color: #222222;\"><span style=\"font-family: Arial, Helvetica, sans-serif;\"><span style=\"font-size: medium;\">Voir Rapport 2040 : \u00ab Qu&rsquo;as-tu fait pour l&rsquo;arr\u00eater, Grand P\u00e8re ? \u00bb<\/span><\/span><\/span><\/p>\n<p><iframe loading=\"lazy\" title=\"Israel will eventually pay price for Gaza genocide going on for a year: Turkish President Erdogan\" width=\"600\" height=\"338\" src=\"https:\/\/www.youtube.com\/embed\/dtoWptrhPOM?feature=oembed\" frameborder=\"0\" allow=\"accelerometer; autoplay; clipboard-write; encrypted-media; gyroscope; picture-in-picture; web-share\" referrerpolicy=\"strict-origin-when-cross-origin\" allowfullscreen><\/iframe><\/p>\n<p>(<a href=\"https:\/\/www.commondreams.org\/news\/gaza-genocide-in-the-future\"><span style=\"color: #222222;\"><span style=\"font-family: Arial, Helvetica, sans-serif;\"><span style=\"font-size: medium;\"><span style=\"color: #800000;\">https:\/\/www.commondreams.org\/news\/gaza-genocide-in-the-future<\/span>)<\/span><\/span><\/span><\/a><\/p>\n<p><span style=\"color: #222222;\"><span style=\"font-family: Arial, Helvetica, sans-serif;\"><span style=\"font-size: medium;\">*Ici, en Palestine, nous faisons notre part. Le num\u00e9ro de mars 2025 de <\/span><\/span><\/span><span style=\"color: #222222;\"><span style=\"font-family: Arial, Helvetica, sans-serif;\"><span style=\"font-size: medium;\"><i>This Week in Palestine<\/i><\/span><\/span><\/span><span style=\"color: #222222;\"><span style=\"font-family: Arial, Helvetica, sans-serif;\"><span style=\"font-size: medium;\">, intitul\u00e9 \u00ab\u00a0Femmes palestiniennes exceptionnelles\u00a0\u00bb, est d\u00e9sormais accessible en ligne sur <a href=\"http:\/\/www.thisweekinpalestine.com\/\">www.thisweekinpalestine.com<\/a><\/span><\/span><\/span><\/p>\n<p><span style=\"color: #222222;\"><span style=\"font-family: Arial, Helvetica, sans-serif;\"><span style=\"font-size: medium;\">*D\u00e9couvrez nos activit\u00e9s \u00e0 l&rsquo;Institut palestinien pour la biodiversit\u00e9 et la durabilit\u00e9 sur <a href=\"https:\/\/www.facebook.com\/PIBS.PMNH\">https:\/\/www.facebook.com\/PIBS.PMNH<\/a><\/span><\/span><\/span><\/p>\n<p><span style=\"color: #222222;\"><span style=\"font-family: Arial, Helvetica, sans-serif;\"><span style=\"font-size: medium;\">*Le combat des professeurs et des \u00e9tudiants de l&rsquo;Universit\u00e9 Columbia est un combat pour nous tous. <a href=\"https:\/\/actionnetwork.org\/letters\/demand-the-immediate-release-of-columbia-student-pro-palestine-advocate-mahmoud-khalil-from-dhs-detention\">La p\u00e9tition que j&rsquo;ai partag\u00e9e pr\u00e9c\u00e9demment<\/a> a recueilli plus de 3 millions de signatures pour que le gouvernement am\u00e9ricain (occup\u00e9 par Isra\u00ebl) lib\u00e8re Mahmoud Khalil. Il s&rsquo;av\u00e8re que la personne derri\u00e8re ce scandale &#8211;<a href=\"https:\/\/www.mintpressnews.com\/professor-columbia-university-scandal-former-israeli-spy\/289231\/\"> Dr. Keren Yarhi-Milo<\/a> &#8211; est un espion isra\u00e9lien.<\/span><\/span><\/span><\/p>\n<p><span style=\"color: #222222;\"><span style=\"font-family: Arial, Helvetica, sans-serif;\"><span style=\"font-size: medium;\">*Des manifestants juifs envahissent le hall de la Trump Tower pour exiger la lib\u00e9ration du militant de l&rsquo;Universit\u00e9 Columbia (<a href=\"https:\/\/apnews.com\/article\/columbia-university-protests-khalil-trump-tower-8e2f455134a2f1b82458e32aecbb59f7\">ICI<\/a>) et (<a href=\"https:\/\/edition.cnn.com\/2025\/03\/13\/us\/mahmoud-khalil-protesters-arrested-trump-tower\/index.html\">ICI<\/a>). <\/span><\/span><\/span><span style=\"color: #222222;\"><span style=\"font-family: Arial, Helvetica, sans-serif;\"><span style=\"font-size: medium;\">Pourtant, Trump exige et l&rsquo;Universit\u00e9 Columbia ob\u00e9it. <a href=\"https:\/\/www.middleeasteye.net\/news\/feds-appear-columbia-second-time-week-while-university-capitualates-government-ultimatum-0\">R\u00e9voque<\/a>.<\/span><\/span><\/span><\/p>\n<p><span style=\"color: #222222;\"><span style=\"font-family: Arial, Helvetica, sans-serif;\"><span style=\"font-size: medium;\">*<a href=\"https:\/\/lithub.com\/a-columbia-professors-message-to-his-fellow-jewish-faculty-members\/\">Message<\/a> d&rsquo;un professeur de Columbia \u00e0 ses coll\u00e8gues juifs. <\/span><\/span><\/span><\/p>\n<p><span style=\"color: #222222;\"><span style=\"font-family: Arial, Helvetica, sans-serif;\"><span style=\"font-size: medium;\">*Article du rabbin Brant Rosen : <em><a href=\"https:\/\/rabbibrant.com\/2025\/03\/12\/first-they-came-for-mahmoud-khalil\/\">First they came for Mahmoud Khalil<\/a><\/em> (D\u2019abord, ils sont venus pour Mahmoud Khalil)<\/span><\/span><\/span><\/p>\n<p><span style=\"color: #222222;\"><span style=\"font-family: Arial, Helvetica, sans-serif;\"><span style=\"font-size: medium;\">*De l&rsquo;Association am\u00e9ricaine des professeurs d&rsquo;Universit\u00e9 (AAUP) : <em><a href=\"https:\/\/www.aaup.org\/news\/cowardice-and-capitulation-columbia-has-sacrificed-its-own-students-authoritarianism\">Cowardice and Capitulation: Columia Has Sacrified Its Own Students to Authoritarianism<\/a><\/em> (L\u00e2chet\u00e9 et capitulation : Columbia a sacrifi\u00e9 ses propres \u00e9tudiants \u00e0 l&rsquo;autoritarisme).<\/span><\/span><\/span><\/p>\n<p><span style=\"color: #222222;\"><span style=\"font-family: Arial, Helvetica, sans-serif;\"><span style=\"font-size: medium;\">[<a href=\"https:\/\/www.ohchr.org\/sites\/default\/files\/documents\/hrbodies\/hrcouncil\/sessions-regular\/session58\/a-hrc-58-crp-6.pdf\">Nouveau rapport de l\u2019ONU<\/a>] : <em><a href=\"https:\/\/www.ohchr.org\/en\/press-releases\/2025\/03\/more-human-can-bear-israels-systematic-use-sexual-reproductive-and-other\">\u00ab\u00a0More than a human can bear\u201d: Israel&rsquo;s systematic use of sexual, reproductive and other forms of gender-based violence since October 2023<\/a><\/em> (<\/span><\/span><\/span><span style=\"color: #222222;\"><span style=\"font-family: Arial, Helvetica, sans-serif;\"><span style=\"font-size: medium;\">\u00ab Plus qu\u2019un \u00eatre humain ne peut en supporter \u00bb : Le recours syst\u00e9matique par Isra\u00ebl \u00e0 la violence sexuelle, reproductive et autres formes de violence sexiste depuis Octobre 2023).<\/span><\/span><\/span><\/p>\n<p align=\"LEFT\"><span style=\"color: #000000;\"><span style=\"font-family: Arial, sans-serif;\"><span style=\"font-size: medium;\">*Actions pour la Palestine dans le monde sur <a href=\"https:\/\/palactions.com\/#home\">PalActions.<\/a> <\/span><\/span><\/span><\/p>\n<p align=\"LEFT\"><strong><span style=\"color: #000000;\"><span style=\"font-family: Arial, sans-serif;\"><span style=\"font-size: medium;\"><i><b>Restez humains et gardez la Palestine\/l\u2019espoir vivant<\/b><\/i><\/span><\/span><\/span><\/strong><\/p>\n<p align=\"LEFT\"><strong><span style=\"color: #000000;\"><span style=\"font-family: Arial, sans-serif;\"><span style=\"font-size: medium;\"><b>Mazin Qumsiyeh<\/b><\/span><\/span><\/span><\/strong><span style=\"color: #000000;\"><span style=\"font-family: Arial, sans-serif;\"><span style=\"font-size: medium;\"><br \/>\nUn b\u00e9douin dans le cyberespace, un villageois chez lui<br \/>\nProfesseur, fondateur et directeur (b\u00e9n\u00e9vole)<br \/>\nMus\u00e9e d\u2019histoire naturelle de Palestine<br \/>\nInstitut palestinien de la biodiversit\u00e9 et de la durabilit\u00e9<br \/>\nUniversit\u00e9 de Bethl\u00e9em<br \/>\nPalestine occup\u00e9e<br \/>\n<\/span><\/span><\/span><span style=\"color: #3366ff;\"><a style=\"color: #3366ff;\" href=\"http:\/\/qumsiyeh.org\"><span style=\"font-family: Arial, sans-serif;\"><span style=\"font-size: medium;\"><u>http:\/\/qumsiyeh.org<\/u><\/span><\/span><\/a><\/span><span style=\"color: #000000;\"><span style=\"font-family: Arial, sans-serif;\"><span style=\"font-size: medium;\"><br \/>\n<a href=\"https:\/\/www.palestinenature.org\/\">https:\/\/www.palestinenature.org\/<\/a><br \/>\n<\/span><\/span><\/span><strong><span style=\"color: #000000;\"><span style=\"font-family: Arial, sans-serif;\"><span style=\"font-size: medium;\"><b>Pages Facebook<\/b><\/span><\/span><\/span><\/strong><span style=\"color: #000000;\"><span style=\"font-family: Arial, sans-serif;\"><span style=\"font-size: medium;\"><br \/>\n-Personnel : <a href=\"https:\/\/www.facebook.com\/mazin.qumsiyeh.9\">https:\/\/www.facebook.com\/mazin.qumsiyeh.9<\/a><br \/>\n-Institut : <\/span><\/span><\/span><span style=\"color: #3366ff;\"><a style=\"color: #3366ff;\" href=\"https:\/\/www.facebook.com\/PIBS.PMNH\"><span style=\"font-family: Arial, sans-serif;\"><span style=\"font-size: medium;\"><u>https:\/\/www.facebook.com\/PIBS.PMNH<\/u><\/span><\/span><\/a><\/span><\/p>\n<p align=\"LEFT\"><em><strong>Source : Lettre d&rsquo;information Mazin Qumsiyeh \/ Traduction MR<\/strong><\/em><\/p>\n","protected":false},"excerpt":{"rendered":"<p>Mazin Qumsiyeh, 19 mars 2025.- Le r\u00e9gime isra\u00e9lien, soutenu par le r\u00e9gime am\u00e9ricain, vient d&rsquo;attaquer la population de la bande de Gaza, tuant 304 civils (selon les chiffres au moment <a class=\"more-link\" href=\"https:\/\/ismfrance.org\/index.php\/2025\/03\/19\/actualites-sur-limplosion-de-lempire-le-massacre-americano-israelien-reprend\/\">Lire la suite &rarr;<\/a><\/p>\n","protected":false},"author":3,"featured_media":19094,"comment_status":"closed","ping_status":"closed","sticky":false,"template":"","format":"standard","meta":{"footnotes":""},"categories":[12,2],"tags":[156,99,44,3],"class_list":["post-19092","post","type-post","status-publish","format-standard","has-post-thumbnail","hentry","category-analyses","category-articles","tag-genocide","tag-imperialisme","tag-materiel-militant","tag-resistance"],"yoast_head":"<!-- This site is optimized with the Yoast SEO plugin v27.2 - https:\/\/yoast.com\/product\/yoast-seo-wordpress\/ -->\n<title>Actualit\u00e9s sur l&#039;implosion de l&#039;empire\u00a0: Le massacre am\u00e9ricano-isra\u00e9lien reprend - International Solidarity Movement - ISM-France<\/title>\n<meta name=\"robots\" content=\"index, follow, max-snippet:-1, max-image-preview:large, max-video-preview:-1\" \/>\n<link rel=\"canonical\" href=\"https:\/\/ismfrance.org\/index.php\/2025\/03\/19\/actualites-sur-limplosion-de-lempire-le-massacre-americano-israelien-reprend\/\" \/>\n<meta property=\"og:locale\" content=\"fr_FR\" \/>\n<meta property=\"og:type\" content=\"article\" \/>\n<meta property=\"og:title\" content=\"Actualit\u00e9s sur l&#039;implosion de l&#039;empire\u00a0: Le massacre am\u00e9ricano-isra\u00e9lien reprend - International Solidarity Movement - ISM-France\" \/>\n<meta property=\"og:description\" content=\"Mazin Qumsiyeh, 19 mars 2025.- Le r\u00e9gime isra\u00e9lien, soutenu par le r\u00e9gime am\u00e9ricain, vient d&rsquo;attaquer la population de la bande de Gaza, tuant 304 civils (selon les chiffres au moment Lire la suite &rarr;\" \/>\n<meta property=\"og:url\" content=\"https:\/\/ismfrance.org\/index.php\/2025\/03\/19\/actualites-sur-limplosion-de-lempire-le-massacre-americano-israelien-reprend\/\" \/>\n<meta property=\"og:site_name\" content=\"International Solidarity Movement - ISM-France\" \/>\n<meta property=\"article:published_time\" content=\"2025-03-19T09:33:18+00:00\" \/>\n<meta property=\"og:image\" content=\"https:\/\/ismfrance.org\/wp-content\/uploads\/2025\/03\/gaza-1803-2.jpg\" \/>\n\t<meta property=\"og:image:width\" content=\"1080\" \/>\n\t<meta property=\"og:image:height\" content=\"1080\" \/>\n\t<meta property=\"og:image:type\" content=\"image\/jpeg\" \/>\n<meta name=\"author\" content=\"mru_01\" \/>\n<meta name=\"twitter:card\" content=\"summary_large_image\" \/>\n<meta name=\"twitter:creator\" content=\"@ISMFRANCE\" \/>\n<meta name=\"twitter:site\" content=\"@ISMFRANCE\" \/>\n<meta name=\"twitter:label1\" content=\"\u00c9crit par\" \/>\n\t<meta name=\"twitter:data1\" content=\"mru_01\" \/>\n\t<meta name=\"twitter:label2\" content=\"Dur\u00e9e de lecture estim\u00e9e\" \/>\n\t<meta name=\"twitter:data2\" content=\"5 minutes\" \/>\n<script type=\"application\/ld+json\" class=\"yoast-schema-graph\">{\"@context\":\"https:\/\/schema.org\",\"@graph\":[{\"@type\":\"Article\",\"@id\":\"https:\/\/ismfrance.org\/index.php\/2025\/03\/19\/actualites-sur-limplosion-de-lempire-le-massacre-americano-israelien-reprend\/#article\",\"isPartOf\":{\"@id\":\"https:\/\/ismfrance.org\/index.php\/2025\/03\/19\/actualites-sur-limplosion-de-lempire-le-massacre-americano-israelien-reprend\/\"},\"author\":{\"name\":\"mru_01\",\"@id\":\"https:\/\/ismfrance.org\/#\/schema\/person\/3c411eb72adfaae19c0dca1f41fae01d\"},\"headline\":\"Actualit\u00e9s sur l&rsquo;implosion de l&#8217;empire\u00a0: Le massacre am\u00e9ricano-isra\u00e9lien reprend\",\"datePublished\":\"2025-03-19T09:33:18+00:00\",\"mainEntityOfPage\":{\"@id\":\"https:\/\/ismfrance.org\/index.php\/2025\/03\/19\/actualites-sur-limplosion-de-lempire-le-massacre-americano-israelien-reprend\/\"},\"wordCount\":907,\"publisher\":{\"@id\":\"https:\/\/ismfrance.org\/#organization\"},\"image\":{\"@id\":\"https:\/\/ismfrance.org\/index.php\/2025\/03\/19\/actualites-sur-limplosion-de-lempire-le-massacre-americano-israelien-reprend\/#primaryimage\"},\"thumbnailUrl\":\"https:\/\/ismfrance.org\/wp-content\/uploads\/2025\/03\/gaza-1803-2.jpg\",\"keywords\":[\"G\u00e9nocide\",\"Imp\u00e9rialisme\",\"mat\u00e9riel militant\",\"R\u00e9sistance\"],\"articleSection\":[\"Analyses\",\"Articles\"],\"inLanguage\":\"fr-FR\"},{\"@type\":\"WebPage\",\"@id\":\"https:\/\/ismfrance.org\/index.php\/2025\/03\/19\/actualites-sur-limplosion-de-lempire-le-massacre-americano-israelien-reprend\/\",\"url\":\"https:\/\/ismfrance.org\/index.php\/2025\/03\/19\/actualites-sur-limplosion-de-lempire-le-massacre-americano-israelien-reprend\/\",\"name\":\"Actualit\u00e9s sur l'implosion de l'empire\u00a0: Le massacre am\u00e9ricano-isra\u00e9lien reprend - International Solidarity Movement - ISM-France\",\"isPartOf\":{\"@id\":\"https:\/\/ismfrance.org\/#website\"},\"primaryImageOfPage\":{\"@id\":\"https:\/\/ismfrance.org\/index.php\/2025\/03\/19\/actualites-sur-limplosion-de-lempire-le-massacre-americano-israelien-reprend\/#primaryimage\"},\"image\":{\"@id\":\"https:\/\/ismfrance.org\/index.php\/2025\/03\/19\/actualites-sur-limplosion-de-lempire-le-massacre-americano-israelien-reprend\/#primaryimage\"},\"thumbnailUrl\":\"https:\/\/ismfrance.org\/wp-content\/uploads\/2025\/03\/gaza-1803-2.jpg\",\"datePublished\":\"2025-03-19T09:33:18+00:00\",\"breadcrumb\":{\"@id\":\"https:\/\/ismfrance.org\/index.php\/2025\/03\/19\/actualites-sur-limplosion-de-lempire-le-massacre-americano-israelien-reprend\/#breadcrumb\"},\"inLanguage\":\"fr-FR\",\"potentialAction\":[{\"@type\":\"ReadAction\",\"target\":[\"https:\/\/ismfrance.org\/index.php\/2025\/03\/19\/actualites-sur-limplosion-de-lempire-le-massacre-americano-israelien-reprend\/\"]}]},{\"@type\":\"ImageObject\",\"inLanguage\":\"fr-FR\",\"@id\":\"https:\/\/ismfrance.org\/index.php\/2025\/03\/19\/actualites-sur-limplosion-de-lempire-le-massacre-americano-israelien-reprend\/#primaryimage\",\"url\":\"https:\/\/ismfrance.org\/wp-content\/uploads\/2025\/03\/gaza-1803-2.jpg\",\"contentUrl\":\"https:\/\/ismfrance.org\/wp-content\/uploads\/2025\/03\/gaza-1803-2.jpg\",\"width\":1080,\"height\":1080},{\"@type\":\"BreadcrumbList\",\"@id\":\"https:\/\/ismfrance.org\/index.php\/2025\/03\/19\/actualites-sur-limplosion-de-lempire-le-massacre-americano-israelien-reprend\/#breadcrumb\",\"itemListElement\":[{\"@type\":\"ListItem\",\"position\":1,\"name\":\"Accueil\",\"item\":\"https:\/\/ismfrance.org\/\"},{\"@type\":\"ListItem\",\"position\":2,\"name\":\"Actualit\u00e9s sur l&rsquo;implosion de l&#8217;empire\u00a0: Le massacre am\u00e9ricano-isra\u00e9lien reprend\"}]},{\"@type\":\"WebSite\",\"@id\":\"https:\/\/ismfrance.org\/#website\",\"url\":\"https:\/\/ismfrance.org\/\",\"name\":\"ISM Palestine France\",\"description\":\"Soutien aux luttes de lib\u00e9ration du peuple palestinien\",\"publisher\":{\"@id\":\"https:\/\/ismfrance.org\/#organization\"},\"potentialAction\":[{\"@type\":\"SearchAction\",\"target\":{\"@type\":\"EntryPoint\",\"urlTemplate\":\"https:\/\/ismfrance.org\/?s={search_term_string}\"},\"query-input\":{\"@type\":\"PropertyValueSpecification\",\"valueRequired\":true,\"valueName\":\"search_term_string\"}}],\"inLanguage\":\"fr-FR\"},{\"@type\":\"Organization\",\"@id\":\"https:\/\/ismfrance.org\/#organization\",\"name\":\"International Solidarity Movement\",\"url\":\"https:\/\/ismfrance.org\/\",\"logo\":{\"@type\":\"ImageObject\",\"inLanguage\":\"fr-FR\",\"@id\":\"https:\/\/ismfrance.org\/#\/schema\/logo\/image\/\",\"url\":\"https:\/\/ismfrance.org\/wp-content\/uploads\/2020\/12\/00.png\",\"contentUrl\":\"https:\/\/ismfrance.org\/wp-content\/uploads\/2020\/12\/00.png\",\"width\":400,\"height\":400,\"caption\":\"International Solidarity Movement\"},\"image\":{\"@id\":\"https:\/\/ismfrance.org\/#\/schema\/logo\/image\/\"},\"sameAs\":[\"https:\/\/x.com\/ISMFRANCE\"]},{\"@type\":\"Person\",\"@id\":\"https:\/\/ismfrance.org\/#\/schema\/person\/3c411eb72adfaae19c0dca1f41fae01d\",\"name\":\"mru_01\",\"image\":{\"@type\":\"ImageObject\",\"inLanguage\":\"fr-FR\",\"@id\":\"https:\/\/secure.gravatar.com\/avatar\/3a0be343b445d2ccc79e87444a294fad2b232e90d2051d0e3cc219e1ecd6a330?s=96&d=mm&r=g\",\"url\":\"https:\/\/secure.gravatar.com\/avatar\/3a0be343b445d2ccc79e87444a294fad2b232e90d2051d0e3cc219e1ecd6a330?s=96&d=mm&r=g\",\"contentUrl\":\"https:\/\/secure.gravatar.com\/avatar\/3a0be343b445d2ccc79e87444a294fad2b232e90d2051d0e3cc219e1ecd6a330?s=96&d=mm&r=g\",\"caption\":\"mru_01\"},\"url\":\"https:\/\/ismfrance.org\/index.php\/author\/admin02\/\"}]}<\/script>\n<!-- \/ Yoast SEO plugin. -->","yoast_head_json":{"title":"Actualit\u00e9s sur l'implosion de l'empire\u00a0: Le massacre am\u00e9ricano-isra\u00e9lien reprend - International Solidarity Movement - ISM-France","robots":{"index":"index","follow":"follow","max-snippet":"max-snippet:-1","max-image-preview":"max-image-preview:large","max-video-preview":"max-video-preview:-1"},"canonical":"https:\/\/ismfrance.org\/index.php\/2025\/03\/19\/actualites-sur-limplosion-de-lempire-le-massacre-americano-israelien-reprend\/","og_locale":"fr_FR","og_type":"article","og_title":"Actualit\u00e9s sur l'implosion de l'empire\u00a0: Le massacre am\u00e9ricano-isra\u00e9lien reprend - International Solidarity Movement - ISM-France","og_description":"Mazin Qumsiyeh, 19 mars 2025.- Le r\u00e9gime isra\u00e9lien, soutenu par le r\u00e9gime am\u00e9ricain, vient d&rsquo;attaquer la population de la bande de Gaza, tuant 304 civils (selon les chiffres au moment Lire la suite &rarr;","og_url":"https:\/\/ismfrance.org\/index.php\/2025\/03\/19\/actualites-sur-limplosion-de-lempire-le-massacre-americano-israelien-reprend\/","og_site_name":"International Solidarity Movement - ISM-France","article_published_time":"2025-03-19T09:33:18+00:00","og_image":[{"width":1080,"height":1080,"url":"https:\/\/ismfrance.org\/wp-content\/uploads\/2025\/03\/gaza-1803-2.jpg","type":"image\/jpeg"}],"author":"mru_01","twitter_card":"summary_large_image","twitter_creator":"@ISMFRANCE","twitter_site":"@ISMFRANCE","twitter_misc":{"\u00c9crit par":"mru_01","Dur\u00e9e de lecture estim\u00e9e":"5 minutes"},"schema":{"@context":"https:\/\/schema.org","@graph":[{"@type":"Article","@id":"https:\/\/ismfrance.org\/index.php\/2025\/03\/19\/actualites-sur-limplosion-de-lempire-le-massacre-americano-israelien-reprend\/#article","isPartOf":{"@id":"https:\/\/ismfrance.org\/index.php\/2025\/03\/19\/actualites-sur-limplosion-de-lempire-le-massacre-americano-israelien-reprend\/"},"author":{"name":"mru_01","@id":"https:\/\/ismfrance.org\/#\/schema\/person\/3c411eb72adfaae19c0dca1f41fae01d"},"headline":"Actualit\u00e9s sur l&rsquo;implosion de l&#8217;empire\u00a0: Le massacre am\u00e9ricano-isra\u00e9lien reprend","datePublished":"2025-03-19T09:33:18+00:00","mainEntityOfPage":{"@id":"https:\/\/ismfrance.org\/index.php\/2025\/03\/19\/actualites-sur-limplosion-de-lempire-le-massacre-americano-israelien-reprend\/"},"wordCount":907,"publisher":{"@id":"https:\/\/ismfrance.org\/#organization"},"image":{"@id":"https:\/\/ismfrance.org\/index.php\/2025\/03\/19\/actualites-sur-limplosion-de-lempire-le-massacre-americano-israelien-reprend\/#primaryimage"},"thumbnailUrl":"https:\/\/ismfrance.org\/wp-content\/uploads\/2025\/03\/gaza-1803-2.jpg","keywords":["G\u00e9nocide","Imp\u00e9rialisme","mat\u00e9riel militant","R\u00e9sistance"],"articleSection":["Analyses","Articles"],"inLanguage":"fr-FR"},{"@type":"WebPage","@id":"https:\/\/ismfrance.org\/index.php\/2025\/03\/19\/actualites-sur-limplosion-de-lempire-le-massacre-americano-israelien-reprend\/","url":"https:\/\/ismfrance.org\/index.php\/2025\/03\/19\/actualites-sur-limplosion-de-lempire-le-massacre-americano-israelien-reprend\/","name":"Actualit\u00e9s sur l'implosion de l'empire\u00a0: Le massacre am\u00e9ricano-isra\u00e9lien reprend - International Solidarity Movement - ISM-France","isPartOf":{"@id":"https:\/\/ismfrance.org\/#website"},"primaryImageOfPage":{"@id":"https:\/\/ismfrance.org\/index.php\/2025\/03\/19\/actualites-sur-limplosion-de-lempire-le-massacre-americano-israelien-reprend\/#primaryimage"},"image":{"@id":"https:\/\/ismfrance.org\/index.php\/2025\/03\/19\/actualites-sur-limplosion-de-lempire-le-massacre-americano-israelien-reprend\/#primaryimage"},"thumbnailUrl":"https:\/\/ismfrance.org\/wp-content\/uploads\/2025\/03\/gaza-1803-2.jpg","datePublished":"2025-03-19T09:33:18+00:00","breadcrumb":{"@id":"https:\/\/ismfrance.org\/index.php\/2025\/03\/19\/actualites-sur-limplosion-de-lempire-le-massacre-americano-israelien-reprend\/#breadcrumb"},"inLanguage":"fr-FR","potentialAction":[{"@type":"ReadAction","target":["https:\/\/ismfrance.org\/index.php\/2025\/03\/19\/actualites-sur-limplosion-de-lempire-le-massacre-americano-israelien-reprend\/"]}]},{"@type":"ImageObject","inLanguage":"fr-FR","@id":"https:\/\/ismfrance.org\/index.php\/2025\/03\/19\/actualites-sur-limplosion-de-lempire-le-massacre-americano-israelien-reprend\/#primaryimage","url":"https:\/\/ismfrance.org\/wp-content\/uploads\/2025\/03\/gaza-1803-2.jpg","contentUrl":"https:\/\/ismfrance.org\/wp-content\/uploads\/2025\/03\/gaza-1803-2.jpg","width":1080,"height":1080},{"@type":"BreadcrumbList","@id":"https:\/\/ismfrance.org\/index.php\/2025\/03\/19\/actualites-sur-limplosion-de-lempire-le-massacre-americano-israelien-reprend\/#breadcrumb","itemListElement":[{"@type":"ListItem","position":1,"name":"Accueil","item":"https:\/\/ismfrance.org\/"},{"@type":"ListItem","position":2,"name":"Actualit\u00e9s sur l&rsquo;implosion de l&#8217;empire\u00a0: Le massacre am\u00e9ricano-isra\u00e9lien reprend"}]},{"@type":"WebSite","@id":"https:\/\/ismfrance.org\/#website","url":"https:\/\/ismfrance.org\/","name":"ISM Palestine France","description":"Soutien aux luttes de lib\u00e9ration du peuple palestinien","publisher":{"@id":"https:\/\/ismfrance.org\/#organization"},"potentialAction":[{"@type":"SearchAction","target":{"@type":"EntryPoint","urlTemplate":"https:\/\/ismfrance.org\/?s={search_term_string}"},"query-input":{"@type":"PropertyValueSpecification","valueRequired":true,"valueName":"search_term_string"}}],"inLanguage":"fr-FR"},{"@type":"Organization","@id":"https:\/\/ismfrance.org\/#organization","name":"International Solidarity Movement","url":"https:\/\/ismfrance.org\/","logo":{"@type":"ImageObject","inLanguage":"fr-FR","@id":"https:\/\/ismfrance.org\/#\/schema\/logo\/image\/","url":"https:\/\/ismfrance.org\/wp-content\/uploads\/2020\/12\/00.png","contentUrl":"https:\/\/ismfrance.org\/wp-content\/uploads\/2020\/12\/00.png","width":400,"height":400,"caption":"International Solidarity Movement"},"image":{"@id":"https:\/\/ismfrance.org\/#\/schema\/logo\/image\/"},"sameAs":["https:\/\/x.com\/ISMFRANCE"]},{"@type":"Person","@id":"https:\/\/ismfrance.org\/#\/schema\/person\/3c411eb72adfaae19c0dca1f41fae01d","name":"mru_01","image":{"@type":"ImageObject","inLanguage":"fr-FR","@id":"https:\/\/secure.gravatar.com\/avatar\/3a0be343b445d2ccc79e87444a294fad2b232e90d2051d0e3cc219e1ecd6a330?s=96&d=mm&r=g","url":"https:\/\/secure.gravatar.com\/avatar\/3a0be343b445d2ccc79e87444a294fad2b232e90d2051d0e3cc219e1ecd6a330?s=96&d=mm&r=g","contentUrl":"https:\/\/secure.gravatar.com\/avatar\/3a0be343b445d2ccc79e87444a294fad2b232e90d2051d0e3cc219e1ecd6a330?s=96&d=mm&r=g","caption":"mru_01"},"url":"https:\/\/ismfrance.org\/index.php\/author\/admin02\/"}]}},"_links":{"self":[{"href":"https:\/\/ismfrance.org\/index.php\/wp-json\/wp\/v2\/posts\/19092","targetHints":{"allow":["GET"]}}],"collection":[{"href":"https:\/\/ismfrance.org\/index.php\/wp-json\/wp\/v2\/posts"}],"about":[{"href":"https:\/\/ismfrance.org\/index.php\/wp-json\/wp\/v2\/types\/post"}],"author":[{"embeddable":true,"href":"https:\/\/ismfrance.org\/index.php\/wp-json\/wp\/v2\/users\/3"}],"replies":[{"embeddable":true,"href":"https:\/\/ismfrance.org\/index.php\/wp-json\/wp\/v2\/comments?post=19092"}],"version-history":[{"count":0,"href":"https:\/\/ismfrance.org\/index.php\/wp-json\/wp\/v2\/posts\/19092\/revisions"}],"wp:featuredmedia":[{"embeddable":true,"href":"https:\/\/ismfrance.org\/index.php\/wp-json\/wp\/v2\/media\/19094"}],"wp:attachment":[{"href":"https:\/\/ismfrance.org\/index.php\/wp-json\/wp\/v2\/media?parent=19092"}],"wp:term":[{"taxonomy":"category","embeddable":true,"href":"https:\/\/ismfrance.org\/index.php\/wp-json\/wp\/v2\/categories?post=19092"},{"taxonomy":"post_tag","embeddable":true,"href":"https:\/\/ismfrance.org\/index.php\/wp-json\/wp\/v2\/tags?post=19092"}],"curies":[{"name":"wp","href":"https:\/\/api.w.org\/{rel}","templated":true}]}}