{"id":19064,"date":"2025-03-18T11:02:32","date_gmt":"2025-03-18T10:02:32","guid":{"rendered":"https:\/\/ismfrance.org\/?p=19064"},"modified":"2025-03-18T11:03:06","modified_gmt":"2025-03-18T10:03:06","slug":"communique-du-directeur-general-du-ministere-de-la-sante-a-gaza","status":"publish","type":"post","link":"https:\/\/ismfrance.org\/index.php\/2025\/03\/18\/communique-du-directeur-general-du-ministere-de-la-sante-a-gaza\/","title":{"rendered":"Communiqu\u00e9 du Directeur g\u00e9n\u00e9ral du minist\u00e8re de la Sant\u00e9 \u00e0 Gaza"},"content":{"rendered":"<p><span style=\"color: #000000;\"><span style=\"font-family: Arial, sans-serif;\"><span style=\"font-size: medium;\"><strong>Quds News Network, 18 mars 2025<\/strong>. D<\/span><\/span><\/span><span style=\"color: #000000;\"><span style=\"font-family: Arial, sans-serif;\"><span style=\"font-size: medium;\">r Munir al-Bursh, directeur g\u00e9n\u00e9ral du minist\u00e8re de la Sant\u00e9 \u00e0 Gaza :<\/span><\/span><\/span><\/p>\n<p><a href=\"https:\/\/ismfrance.org\/wp-content\/uploads\/2025\/03\/enfant-gaza.jpeg\"><img loading=\"lazy\" decoding=\"async\" class=\"alignnone size-large wp-image-19066\" src=\"https:\/\/ismfrance.org\/wp-content\/uploads\/2025\/03\/enfant-gaza-700x394.jpeg\" alt=\"\" width=\"600\" height=\"338\" srcset=\"https:\/\/ismfrance.org\/wp-content\/uploads\/2025\/03\/enfant-gaza-700x394.jpeg 700w, https:\/\/ismfrance.org\/wp-content\/uploads\/2025\/03\/enfant-gaza-300x169.jpeg 300w, https:\/\/ismfrance.org\/wp-content\/uploads\/2025\/03\/enfant-gaza-768x432.jpeg 768w, https:\/\/ismfrance.org\/wp-content\/uploads\/2025\/03\/enfant-gaza.jpeg 1280w\" sizes=\"auto, (max-width: 600px) 100vw, 600px\" \/><\/a><\/p>\n<p>&nbsp;<\/p>\n<p><span style=\"color: #000000;\">\u2022 <span style=\"font-family: Arial, sans-serif;\"><span style=\"font-size: medium;\">L&rsquo;occupation isra\u00e9lienne a \u00e9tabli un nouveau record de meurtres parmi les Palestiniens, avec environ 326 morts et plus de 660 bless\u00e9s lors des attaques.<\/span><\/span><\/span><\/p>\n<p><span style=\"color: #000000;\">\u2022 <span style=\"font-family: Arial, sans-serif;\"><span style=\"font-size: medium;\">De nombreuses autres victimes restent coinc\u00e9es sous les d\u00e9combres, et la majorit\u00e9 des victimes des massacres sont des femmes et des enfants.<\/span><\/span><\/span><\/p>\n<p><span style=\"color: #000000;\">\u2022 <span style=\"font-family: Arial, sans-serif;\"><span style=\"font-size: medium;\">Il y a une grave p\u00e9nurie de fournitures m\u00e9dicales, et nos h\u00f4pitaux manquent m\u00eame des ressources les plus \u00e9l\u00e9mentaires.<\/span><\/span><\/span><\/p>\n<p><span style=\"color: #000000;\">\u2022 <span style=\"font-family: Arial, sans-serif;\"><span style=\"font-size: medium;\">La situation sanitaire est catastrophique, avec 25 h\u00f4pitaux sur 38 hors service.<\/span><\/span><\/span><\/p>\n<p><strong><span style=\"color: #000000;\">\u2022 <span style=\"font-family: Arial, sans-serif;\"><span style=\"font-size: medium;\">Nous avons un besoin urgent d&rsquo;h\u00f4pitaux de campagne, de lits et de blocs op\u00e9ratoires pour prendre en charge le nombre consid\u00e9rable de bless\u00e9s et de victimes de cette attaque.<\/span><\/span><\/span><\/strong><\/p>\n<p><span style=\"color: #000000;\"><span style=\"font-family: Arial, sans-serif;\"><span style=\"font-size: medium;\">Source\u00a0: <em>Quds News Network, Telegram.<\/em><\/span><\/span><\/span><\/p>\n","protected":false},"excerpt":{"rendered":"<p>Quds News Network, 18 mars 2025. Dr Munir al-Bursh, directeur g\u00e9n\u00e9ral du minist\u00e8re de la Sant\u00e9 \u00e0 Gaza : &nbsp; \u2022 L&rsquo;occupation isra\u00e9lienne a \u00e9tabli un nouveau record de meurtres <a class=\"more-link\" href=\"https:\/\/ismfrance.org\/index.php\/2025\/03\/18\/communique-du-directeur-general-du-ministere-de-la-sante-a-gaza\/\">Lire la suite &rarr;<\/a><\/p>\n","protected":false},"author":3,"featured_media":19066,"comment_status":"closed","ping_status":"closed","sticky":false,"template":"","format":"standard","meta":{"footnotes":""},"categories":[2,13],"tags":[156],"class_list":["post-19064","post","type-post","status-publish","format-standard","has-post-thumbnail","hentry","category-articles","category-temoignages","tag-genocide"],"yoast_head":"<!-- This site is optimized with the Yoast SEO plugin v27.2 - https:\/\/yoast.com\/product\/yoast-seo-wordpress\/ -->\n<title>Communiqu\u00e9 du Directeur g\u00e9n\u00e9ral du minist\u00e8re de la Sant\u00e9 \u00e0 Gaza - International Solidarity Movement - ISM-France<\/title>\n<meta name=\"robots\" content=\"index, follow, max-snippet:-1, max-image-preview:large, max-video-preview:-1\" \/>\n<link rel=\"canonical\" href=\"https:\/\/ismfrance.org\/index.php\/2025\/03\/18\/communique-du-directeur-general-du-ministere-de-la-sante-a-gaza\/\" \/>\n<meta property=\"og:locale\" content=\"fr_FR\" \/>\n<meta property=\"og:type\" content=\"article\" \/>\n<meta property=\"og:title\" content=\"Communiqu\u00e9 du Directeur g\u00e9n\u00e9ral du minist\u00e8re de la Sant\u00e9 \u00e0 Gaza - International Solidarity Movement - ISM-France\" \/>\n<meta property=\"og:description\" content=\"Quds News Network, 18 mars 2025. Dr Munir al-Bursh, directeur g\u00e9n\u00e9ral du minist\u00e8re de la Sant\u00e9 \u00e0 Gaza : &nbsp; \u2022 L&rsquo;occupation isra\u00e9lienne a \u00e9tabli un nouveau record de meurtres Lire la suite &rarr;\" \/>\n<meta property=\"og:url\" content=\"https:\/\/ismfrance.org\/index.php\/2025\/03\/18\/communique-du-directeur-general-du-ministere-de-la-sante-a-gaza\/\" \/>\n<meta property=\"og:site_name\" content=\"International Solidarity Movement - ISM-France\" \/>\n<meta property=\"article:published_time\" content=\"2025-03-18T10:02:32+00:00\" \/>\n<meta property=\"article:modified_time\" content=\"2025-03-18T10:03:06+00:00\" \/>\n<meta property=\"og:image\" content=\"https:\/\/ismfrance.org\/wp-content\/uploads\/2025\/03\/enfant-gaza.jpeg\" \/>\n\t<meta property=\"og:image:width\" content=\"1280\" \/>\n\t<meta property=\"og:image:height\" content=\"720\" \/>\n\t<meta property=\"og:image:type\" content=\"image\/jpeg\" \/>\n<meta name=\"author\" content=\"mru_01\" \/>\n<meta name=\"twitter:card\" content=\"summary_large_image\" \/>\n<meta name=\"twitter:creator\" content=\"@ISMFRANCE\" \/>\n<meta name=\"twitter:site\" content=\"@ISMFRANCE\" \/>\n<meta name=\"twitter:label1\" content=\"\u00c9crit par\" \/>\n\t<meta name=\"twitter:data1\" content=\"mru_01\" \/>\n\t<meta name=\"twitter:label2\" content=\"Dur\u00e9e de lecture estim\u00e9e\" \/>\n\t<meta name=\"twitter:data2\" content=\"2 minutes\" \/>\n<script type=\"application\/ld+json\" class=\"yoast-schema-graph\">{\"@context\":\"https:\/\/schema.org\",\"@graph\":[{\"@type\":\"Article\",\"@id\":\"https:\/\/ismfrance.org\/index.php\/2025\/03\/18\/communique-du-directeur-general-du-ministere-de-la-sante-a-gaza\/#article\",\"isPartOf\":{\"@id\":\"https:\/\/ismfrance.org\/index.php\/2025\/03\/18\/communique-du-directeur-general-du-ministere-de-la-sante-a-gaza\/\"},\"author\":{\"name\":\"mru_01\",\"@id\":\"https:\/\/ismfrance.org\/#\/schema\/person\/3c411eb72adfaae19c0dca1f41fae01d\"},\"headline\":\"Communiqu\u00e9 du Directeur g\u00e9n\u00e9ral du minist\u00e8re de la Sant\u00e9 \u00e0 Gaza\",\"datePublished\":\"2025-03-18T10:02:32+00:00\",\"dateModified\":\"2025-03-18T10:03:06+00:00\",\"mainEntityOfPage\":{\"@id\":\"https:\/\/ismfrance.org\/index.php\/2025\/03\/18\/communique-du-directeur-general-du-ministere-de-la-sante-a-gaza\/\"},\"wordCount\":156,\"publisher\":{\"@id\":\"https:\/\/ismfrance.org\/#organization\"},\"image\":{\"@id\":\"https:\/\/ismfrance.org\/index.php\/2025\/03\/18\/communique-du-directeur-general-du-ministere-de-la-sante-a-gaza\/#primaryimage\"},\"thumbnailUrl\":\"https:\/\/ismfrance.org\/wp-content\/uploads\/2025\/03\/enfant-gaza.jpeg\",\"keywords\":[\"G\u00e9nocide\"],\"articleSection\":[\"Articles\",\"T\u00e9moignages\"],\"inLanguage\":\"fr-FR\"},{\"@type\":\"WebPage\",\"@id\":\"https:\/\/ismfrance.org\/index.php\/2025\/03\/18\/communique-du-directeur-general-du-ministere-de-la-sante-a-gaza\/\",\"url\":\"https:\/\/ismfrance.org\/index.php\/2025\/03\/18\/communique-du-directeur-general-du-ministere-de-la-sante-a-gaza\/\",\"name\":\"Communiqu\u00e9 du Directeur g\u00e9n\u00e9ral du minist\u00e8re de la Sant\u00e9 \u00e0 Gaza - International Solidarity Movement - ISM-France\",\"isPartOf\":{\"@id\":\"https:\/\/ismfrance.org\/#website\"},\"primaryImageOfPage\":{\"@id\":\"https:\/\/ismfrance.org\/index.php\/2025\/03\/18\/communique-du-directeur-general-du-ministere-de-la-sante-a-gaza\/#primaryimage\"},\"image\":{\"@id\":\"https:\/\/ismfrance.org\/index.php\/2025\/03\/18\/communique-du-directeur-general-du-ministere-de-la-sante-a-gaza\/#primaryimage\"},\"thumbnailUrl\":\"https:\/\/ismfrance.org\/wp-content\/uploads\/2025\/03\/enfant-gaza.jpeg\",\"datePublished\":\"2025-03-18T10:02:32+00:00\",\"dateModified\":\"2025-03-18T10:03:06+00:00\",\"breadcrumb\":{\"@id\":\"https:\/\/ismfrance.org\/index.php\/2025\/03\/18\/communique-du-directeur-general-du-ministere-de-la-sante-a-gaza\/#breadcrumb\"},\"inLanguage\":\"fr-FR\",\"potentialAction\":[{\"@type\":\"ReadAction\",\"target\":[\"https:\/\/ismfrance.org\/index.php\/2025\/03\/18\/communique-du-directeur-general-du-ministere-de-la-sante-a-gaza\/\"]}]},{\"@type\":\"ImageObject\",\"inLanguage\":\"fr-FR\",\"@id\":\"https:\/\/ismfrance.org\/index.php\/2025\/03\/18\/communique-du-directeur-general-du-ministere-de-la-sante-a-gaza\/#primaryimage\",\"url\":\"https:\/\/ismfrance.org\/wp-content\/uploads\/2025\/03\/enfant-gaza.jpeg\",\"contentUrl\":\"https:\/\/ismfrance.org\/wp-content\/uploads\/2025\/03\/enfant-gaza.jpeg\",\"width\":1280,\"height\":720},{\"@type\":\"BreadcrumbList\",\"@id\":\"https:\/\/ismfrance.org\/index.php\/2025\/03\/18\/communique-du-directeur-general-du-ministere-de-la-sante-a-gaza\/#breadcrumb\",\"itemListElement\":[{\"@type\":\"ListItem\",\"position\":1,\"name\":\"Accueil\",\"item\":\"https:\/\/ismfrance.org\/\"},{\"@type\":\"ListItem\",\"position\":2,\"name\":\"Communiqu\u00e9 du Directeur g\u00e9n\u00e9ral du minist\u00e8re de la Sant\u00e9 \u00e0 Gaza\"}]},{\"@type\":\"WebSite\",\"@id\":\"https:\/\/ismfrance.org\/#website\",\"url\":\"https:\/\/ismfrance.org\/\",\"name\":\"ISM Palestine France\",\"description\":\"Soutien aux luttes de lib\u00e9ration du peuple palestinien\",\"publisher\":{\"@id\":\"https:\/\/ismfrance.org\/#organization\"},\"potentialAction\":[{\"@type\":\"SearchAction\",\"target\":{\"@type\":\"EntryPoint\",\"urlTemplate\":\"https:\/\/ismfrance.org\/?s={search_term_string}\"},\"query-input\":{\"@type\":\"PropertyValueSpecification\",\"valueRequired\":true,\"valueName\":\"search_term_string\"}}],\"inLanguage\":\"fr-FR\"},{\"@type\":\"Organization\",\"@id\":\"https:\/\/ismfrance.org\/#organization\",\"name\":\"International Solidarity Movement\",\"url\":\"https:\/\/ismfrance.org\/\",\"logo\":{\"@type\":\"ImageObject\",\"inLanguage\":\"fr-FR\",\"@id\":\"https:\/\/ismfrance.org\/#\/schema\/logo\/image\/\",\"url\":\"https:\/\/ismfrance.org\/wp-content\/uploads\/2020\/12\/00.png\",\"contentUrl\":\"https:\/\/ismfrance.org\/wp-content\/uploads\/2020\/12\/00.png\",\"width\":400,\"height\":400,\"caption\":\"International Solidarity Movement\"},\"image\":{\"@id\":\"https:\/\/ismfrance.org\/#\/schema\/logo\/image\/\"},\"sameAs\":[\"https:\/\/x.com\/ISMFRANCE\"]},{\"@type\":\"Person\",\"@id\":\"https:\/\/ismfrance.org\/#\/schema\/person\/3c411eb72adfaae19c0dca1f41fae01d\",\"name\":\"mru_01\",\"image\":{\"@type\":\"ImageObject\",\"inLanguage\":\"fr-FR\",\"@id\":\"https:\/\/secure.gravatar.com\/avatar\/3a0be343b445d2ccc79e87444a294fad2b232e90d2051d0e3cc219e1ecd6a330?s=96&d=mm&r=g\",\"url\":\"https:\/\/secure.gravatar.com\/avatar\/3a0be343b445d2ccc79e87444a294fad2b232e90d2051d0e3cc219e1ecd6a330?s=96&d=mm&r=g\",\"contentUrl\":\"https:\/\/secure.gravatar.com\/avatar\/3a0be343b445d2ccc79e87444a294fad2b232e90d2051d0e3cc219e1ecd6a330?s=96&d=mm&r=g\",\"caption\":\"mru_01\"},\"url\":\"https:\/\/ismfrance.org\/index.php\/author\/admin02\/\"}]}<\/script>\n<!-- \/ Yoast SEO plugin. -->","yoast_head_json":{"title":"Communiqu\u00e9 du Directeur g\u00e9n\u00e9ral du minist\u00e8re de la Sant\u00e9 \u00e0 Gaza - International Solidarity Movement - ISM-France","robots":{"index":"index","follow":"follow","max-snippet":"max-snippet:-1","max-image-preview":"max-image-preview:large","max-video-preview":"max-video-preview:-1"},"canonical":"https:\/\/ismfrance.org\/index.php\/2025\/03\/18\/communique-du-directeur-general-du-ministere-de-la-sante-a-gaza\/","og_locale":"fr_FR","og_type":"article","og_title":"Communiqu\u00e9 du Directeur g\u00e9n\u00e9ral du minist\u00e8re de la Sant\u00e9 \u00e0 Gaza - International Solidarity Movement - ISM-France","og_description":"Quds News Network, 18 mars 2025. Dr Munir al-Bursh, directeur g\u00e9n\u00e9ral du minist\u00e8re de la Sant\u00e9 \u00e0 Gaza : &nbsp; \u2022 L&rsquo;occupation isra\u00e9lienne a \u00e9tabli un nouveau record de meurtres Lire la suite &rarr;","og_url":"https:\/\/ismfrance.org\/index.php\/2025\/03\/18\/communique-du-directeur-general-du-ministere-de-la-sante-a-gaza\/","og_site_name":"International Solidarity Movement - ISM-France","article_published_time":"2025-03-18T10:02:32+00:00","article_modified_time":"2025-03-18T10:03:06+00:00","og_image":[{"width":1280,"height":720,"url":"https:\/\/ismfrance.org\/wp-content\/uploads\/2025\/03\/enfant-gaza.jpeg","type":"image\/jpeg"}],"author":"mru_01","twitter_card":"summary_large_image","twitter_creator":"@ISMFRANCE","twitter_site":"@ISMFRANCE","twitter_misc":{"\u00c9crit par":"mru_01","Dur\u00e9e de lecture estim\u00e9e":"2 minutes"},"schema":{"@context":"https:\/\/schema.org","@graph":[{"@type":"Article","@id":"https:\/\/ismfrance.org\/index.php\/2025\/03\/18\/communique-du-directeur-general-du-ministere-de-la-sante-a-gaza\/#article","isPartOf":{"@id":"https:\/\/ismfrance.org\/index.php\/2025\/03\/18\/communique-du-directeur-general-du-ministere-de-la-sante-a-gaza\/"},"author":{"name":"mru_01","@id":"https:\/\/ismfrance.org\/#\/schema\/person\/3c411eb72adfaae19c0dca1f41fae01d"},"headline":"Communiqu\u00e9 du Directeur g\u00e9n\u00e9ral du minist\u00e8re de la Sant\u00e9 \u00e0 Gaza","datePublished":"2025-03-18T10:02:32+00:00","dateModified":"2025-03-18T10:03:06+00:00","mainEntityOfPage":{"@id":"https:\/\/ismfrance.org\/index.php\/2025\/03\/18\/communique-du-directeur-general-du-ministere-de-la-sante-a-gaza\/"},"wordCount":156,"publisher":{"@id":"https:\/\/ismfrance.org\/#organization"},"image":{"@id":"https:\/\/ismfrance.org\/index.php\/2025\/03\/18\/communique-du-directeur-general-du-ministere-de-la-sante-a-gaza\/#primaryimage"},"thumbnailUrl":"https:\/\/ismfrance.org\/wp-content\/uploads\/2025\/03\/enfant-gaza.jpeg","keywords":["G\u00e9nocide"],"articleSection":["Articles","T\u00e9moignages"],"inLanguage":"fr-FR"},{"@type":"WebPage","@id":"https:\/\/ismfrance.org\/index.php\/2025\/03\/18\/communique-du-directeur-general-du-ministere-de-la-sante-a-gaza\/","url":"https:\/\/ismfrance.org\/index.php\/2025\/03\/18\/communique-du-directeur-general-du-ministere-de-la-sante-a-gaza\/","name":"Communiqu\u00e9 du Directeur g\u00e9n\u00e9ral du minist\u00e8re de la Sant\u00e9 \u00e0 Gaza - International Solidarity Movement - ISM-France","isPartOf":{"@id":"https:\/\/ismfrance.org\/#website"},"primaryImageOfPage":{"@id":"https:\/\/ismfrance.org\/index.php\/2025\/03\/18\/communique-du-directeur-general-du-ministere-de-la-sante-a-gaza\/#primaryimage"},"image":{"@id":"https:\/\/ismfrance.org\/index.php\/2025\/03\/18\/communique-du-directeur-general-du-ministere-de-la-sante-a-gaza\/#primaryimage"},"thumbnailUrl":"https:\/\/ismfrance.org\/wp-content\/uploads\/2025\/03\/enfant-gaza.jpeg","datePublished":"2025-03-18T10:02:32+00:00","dateModified":"2025-03-18T10:03:06+00:00","breadcrumb":{"@id":"https:\/\/ismfrance.org\/index.php\/2025\/03\/18\/communique-du-directeur-general-du-ministere-de-la-sante-a-gaza\/#breadcrumb"},"inLanguage":"fr-FR","potentialAction":[{"@type":"ReadAction","target":["https:\/\/ismfrance.org\/index.php\/2025\/03\/18\/communique-du-directeur-general-du-ministere-de-la-sante-a-gaza\/"]}]},{"@type":"ImageObject","inLanguage":"fr-FR","@id":"https:\/\/ismfrance.org\/index.php\/2025\/03\/18\/communique-du-directeur-general-du-ministere-de-la-sante-a-gaza\/#primaryimage","url":"https:\/\/ismfrance.org\/wp-content\/uploads\/2025\/03\/enfant-gaza.jpeg","contentUrl":"https:\/\/ismfrance.org\/wp-content\/uploads\/2025\/03\/enfant-gaza.jpeg","width":1280,"height":720},{"@type":"BreadcrumbList","@id":"https:\/\/ismfrance.org\/index.php\/2025\/03\/18\/communique-du-directeur-general-du-ministere-de-la-sante-a-gaza\/#breadcrumb","itemListElement":[{"@type":"ListItem","position":1,"name":"Accueil","item":"https:\/\/ismfrance.org\/"},{"@type":"ListItem","position":2,"name":"Communiqu\u00e9 du Directeur g\u00e9n\u00e9ral du minist\u00e8re de la Sant\u00e9 \u00e0 Gaza"}]},{"@type":"WebSite","@id":"https:\/\/ismfrance.org\/#website","url":"https:\/\/ismfrance.org\/","name":"ISM Palestine France","description":"Soutien aux luttes de lib\u00e9ration du peuple palestinien","publisher":{"@id":"https:\/\/ismfrance.org\/#organization"},"potentialAction":[{"@type":"SearchAction","target":{"@type":"EntryPoint","urlTemplate":"https:\/\/ismfrance.org\/?s={search_term_string}"},"query-input":{"@type":"PropertyValueSpecification","valueRequired":true,"valueName":"search_term_string"}}],"inLanguage":"fr-FR"},{"@type":"Organization","@id":"https:\/\/ismfrance.org\/#organization","name":"International Solidarity Movement","url":"https:\/\/ismfrance.org\/","logo":{"@type":"ImageObject","inLanguage":"fr-FR","@id":"https:\/\/ismfrance.org\/#\/schema\/logo\/image\/","url":"https:\/\/ismfrance.org\/wp-content\/uploads\/2020\/12\/00.png","contentUrl":"https:\/\/ismfrance.org\/wp-content\/uploads\/2020\/12\/00.png","width":400,"height":400,"caption":"International Solidarity Movement"},"image":{"@id":"https:\/\/ismfrance.org\/#\/schema\/logo\/image\/"},"sameAs":["https:\/\/x.com\/ISMFRANCE"]},{"@type":"Person","@id":"https:\/\/ismfrance.org\/#\/schema\/person\/3c411eb72adfaae19c0dca1f41fae01d","name":"mru_01","image":{"@type":"ImageObject","inLanguage":"fr-FR","@id":"https:\/\/secure.gravatar.com\/avatar\/3a0be343b445d2ccc79e87444a294fad2b232e90d2051d0e3cc219e1ecd6a330?s=96&d=mm&r=g","url":"https:\/\/secure.gravatar.com\/avatar\/3a0be343b445d2ccc79e87444a294fad2b232e90d2051d0e3cc219e1ecd6a330?s=96&d=mm&r=g","contentUrl":"https:\/\/secure.gravatar.com\/avatar\/3a0be343b445d2ccc79e87444a294fad2b232e90d2051d0e3cc219e1ecd6a330?s=96&d=mm&r=g","caption":"mru_01"},"url":"https:\/\/ismfrance.org\/index.php\/author\/admin02\/"}]}},"_links":{"self":[{"href":"https:\/\/ismfrance.org\/index.php\/wp-json\/wp\/v2\/posts\/19064","targetHints":{"allow":["GET"]}}],"collection":[{"href":"https:\/\/ismfrance.org\/index.php\/wp-json\/wp\/v2\/posts"}],"about":[{"href":"https:\/\/ismfrance.org\/index.php\/wp-json\/wp\/v2\/types\/post"}],"author":[{"embeddable":true,"href":"https:\/\/ismfrance.org\/index.php\/wp-json\/wp\/v2\/users\/3"}],"replies":[{"embeddable":true,"href":"https:\/\/ismfrance.org\/index.php\/wp-json\/wp\/v2\/comments?post=19064"}],"version-history":[{"count":0,"href":"https:\/\/ismfrance.org\/index.php\/wp-json\/wp\/v2\/posts\/19064\/revisions"}],"wp:featuredmedia":[{"embeddable":true,"href":"https:\/\/ismfrance.org\/index.php\/wp-json\/wp\/v2\/media\/19066"}],"wp:attachment":[{"href":"https:\/\/ismfrance.org\/index.php\/wp-json\/wp\/v2\/media?parent=19064"}],"wp:term":[{"taxonomy":"category","embeddable":true,"href":"https:\/\/ismfrance.org\/index.php\/wp-json\/wp\/v2\/categories?post=19064"},{"taxonomy":"post_tag","embeddable":true,"href":"https:\/\/ismfrance.org\/index.php\/wp-json\/wp\/v2\/tags?post=19064"}],"curies":[{"name":"wp","href":"https:\/\/api.w.org\/{rel}","templated":true}]}}