{"id":19014,"date":"2025-03-16T19:15:33","date_gmt":"2025-03-16T18:15:33","guid":{"rendered":"https:\/\/ismfrance.org\/?p=19014"},"modified":"2025-03-16T19:15:33","modified_gmt":"2025-03-16T18:15:33","slug":"les-yeux-et-les-oreilles-qui-ont-decapite-le-hezbollah","status":"publish","type":"post","link":"https:\/\/ismfrance.org\/index.php\/2025\/03\/16\/les-yeux-et-les-oreilles-qui-ont-decapite-le-hezbollah\/","title":{"rendered":"Les yeux et les oreilles qui ont d\u00e9capit\u00e9 le Hezbollah"},"content":{"rendered":"<p><em><span style=\"color: #000000;\"><span style=\"font-family: Arial, sans-serif;\"><span style=\"font-size: medium;\">Alors que le Hezbollah se remet d&rsquo;une vague d&rsquo;assassinats au c\u0153ur de ses bastions, une guerre invisible fait rage \u2013 men\u00e9e non pas par balles, mais par des signaux pirat\u00e9s, des r\u00e9seaux infiltr\u00e9s et un champ de bataille num\u00e9rique o\u00f9 chaque mouvement est cartographi\u00e9 avant m\u00eame qu&rsquo;il ne se produise.<\/span><\/span><\/span><\/em><\/p>\n<p><a href=\"https:\/\/ismfrance.org\/wp-content\/uploads\/2025\/03\/cradle.webp\"><img loading=\"lazy\" decoding=\"async\" class=\"size-large wp-image-19015 aligncenter\" src=\"https:\/\/ismfrance.org\/wp-content\/uploads\/2025\/03\/cradle-700x331.webp\" alt=\"\" width=\"600\" height=\"284\" srcset=\"https:\/\/ismfrance.org\/wp-content\/uploads\/2025\/03\/cradle-700x331.webp 700w, https:\/\/ismfrance.org\/wp-content\/uploads\/2025\/03\/cradle-300x142.webp 300w, https:\/\/ismfrance.org\/wp-content\/uploads\/2025\/03\/cradle-768x363.webp 768w, https:\/\/ismfrance.org\/wp-content\/uploads\/2025\/03\/cradle-1536x727.webp 1536w, https:\/\/ismfrance.org\/wp-content\/uploads\/2025\/03\/cradle-2048x969.webp 2048w, https:\/\/ismfrance.org\/wp-content\/uploads\/2025\/03\/cradle-1320x625.webp 1320w\" sizes=\"auto, (max-width: 600px) 100vw, 600px\" \/><\/a><span style=\"color: #000000;\"><span style=\"font-family: Arial, sans-serif;\"><span style=\"font-size: medium;\"><strong><a href=\"https:\/\/thecradle.co\/authors\/anis-raiss-122\">Anis Raiss<\/a>, 14 mars 2025.<\/strong> &#8211; Ils n&rsquo;ont pas \u00e9t\u00e9 tu\u00e9s sur le champ de bataille. Un par un, dans les salles d&rsquo;op\u00e9ration, les b\u00e2timents s\u00e9curis\u00e9s et ce qui \u00e9tait cens\u00e9 \u00eatre des refuges \u00e0 Dahiye \u2013 la banlieue sud de Beyrouth \u2013 les commandants, les membres et les agents du Hezbollah ont \u00e9t\u00e9 assassin\u00e9s.<\/span><\/span><\/span><\/p>\n<p><span style=\"color: #000000;\"><span style=\"font-family: Arial, sans-serif;\"><span style=\"font-size: medium;\">Fouad Shukr, Ibrahim Aqil, Ali Karaki, Nabil Kaouk, Mohammad Srour, Ahmed Mahmoud Wehbe. Puis, l&rsquo;impensable\u00a0: le secr\u00e9taire g\u00e9n\u00e9ral Hassan Nasrallah en personne. Quelques jours plus tard, son successeur, Hashem Safieddine, \u00e9tait \u00e9galement assassin\u00e9. Isra\u00ebl s&rsquo;est vant\u00e9 de son succ\u00e8s\u00a0: avoir \u00e9limin\u00e9 le chef de la r\u00e9sistance le plus charismatique d&rsquo;Asie occidentale et son rempla\u00e7ant en l&rsquo;espace d&rsquo;une semaine.<\/span><\/span><\/span><\/p>\n<p><span style=\"color: #000000;\"><span style=\"font-family: Arial, sans-serif;\"><span style=\"font-size: medium;\">Ce ne furent pas des morts chaotiques des temps de guerre. Ce furent des assassinats calcul\u00e9s, ex\u00e9cut\u00e9s avec pr\u00e9cision, non pas par des infiltrations au niveau des rues, mais par la surveillance, l&rsquo;interception de signaux et la compromission de syst\u00e8mes de s\u00e9curit\u00e9.<\/span><\/span><\/span><\/p>\n<p><span style=\"color: #000000;\"><span style=\"font-family: Arial, sans-serif;\"><span style=\"font-size: medium;\">Le Hezbollah \u00e9tait autrefois disciplin\u00e9, isol\u00e9 et quasi imp\u00e9n\u00e9trable. Mais des ann\u00e9es de guerre en Syrie ont contraint l&rsquo;organisation \u00e0 \u00e9largir consid\u00e9rablement ses rangs pour soutenir son intervention militaire dans l&rsquo;\u00c9tat voisin. Yezid Sayigh, du <a href=\"https:\/\/www.ft.com\/content\/6638813e-e246-4409-9a38-95bf60a220a8\">Carnegie Middle East Center<\/a>, note que le Hezbollah \u00ab\u00a0<i>est pass\u00e9 d&rsquo;un groupe tr\u00e8s disciplin\u00e9 et puriste \u00e0 un groupe qui (\u2026) a laiss\u00e9 entrer beaucoup plus de personnes qu&rsquo;il n&rsquo;aurait d\u00fb\u00a0<\/i>\u00bb. La structure qui assurait autrefois sa s\u00e9curit\u00e9 s&rsquo;est affaiblie et le groupe s&rsquo;est retrouv\u00e9 plus expos\u00e9.<\/span><\/span><\/span><\/p>\n<p><span style=\"color: #000000;\"><span style=\"font-family: Arial, sans-serif;\"><span style=\"font-size: medium;\">Miri Eisin, ancienne officier du renseignement isra\u00e9lien \u2013 aujourd\u2019hui chercheuse principale \u00e0 l\u2019<a href=\"https:\/\/www.ict.org.il\/\">Institut international de lutte contre le terrorisme<\/a> \u2013 a expliqu\u00e9 qu\u2019apr\u00e8s la guerre de 2006 contre le Liban, Isra\u00ebl ne consid\u00e9rait plus le Hezbollah comme une simple force de gu\u00e9rilla, mais comme une \u00ab <i>arm\u00e9e terroriste<\/i> \u00bb complexe. Cette nouvelle \u00e9valuation a contraint les services de renseignement isra\u00e9liens \u00e0 approfondir leur analyse, en scrutant les r\u00e9seaux internes, la dynamique de leadership et les vuln\u00e9rabilit\u00e9s du Hezbollah avec une intensit\u00e9 sans pr\u00e9c\u00e9dent.<\/span><\/span><\/span><\/p>\n<p><span style=\"color: #000000;\"><span style=\"font-family: Arial, sans-serif;\"><span style=\"font-size: medium;\">Cette concentration, qui incluait une analyse des modes de communication du Hezbollah bas\u00e9e sur l\u2019IA, a permis \u00e0 Isra\u00ebl de dresser progressivement une carte d\u00e9taill\u00e9e des personnalit\u00e9s de haut rang de l\u2019organisation et de leurs d\u00e9placements.<\/span><\/span><\/span><\/p>\n<p><strong><span style=\"font-size: large;\"><span style=\"color: #000000;\"><span style=\"font-family: Arial, sans-serif;\">Les informateurs silencieux de Dahiye<\/span><\/span><\/span><\/strong><\/p>\n<p><span style=\"color: #000000;\"><span style=\"font-family: Arial, sans-serif;\"><span style=\"font-size: medium;\">A Haret Hreik, Ghobeiry et d&rsquo;autres quartiers de Dahiye, les cam\u00e9ras de s\u00e9curit\u00e9, principalement de fabrication chinoise, sont omnipr\u00e9sentes. Derri\u00e8re les comptoirs des boucheries et des boulangeries, dans les magasins de r\u00e9paration \u00e9lectronique et les bureaux de change, elles capturent discr\u00e8tement le quotidien des habitants de Dahiye. Leur distributeur \u00e0 Beyrouth, <a href=\"https:\/\/www.bachirhanbali.com\/\">Bachir Hanbali Est.<\/a>, fournit un nombre impressionnant de ces syst\u00e8mes de surveillance, principalement de <a href=\"https:\/\/www.dahuasecurity.com\/nl\">Dahua Technology<\/a>.<\/span><\/span><\/span><\/p>\n<p><span style=\"color: #000000;\"><span style=\"font-family: Arial, sans-serif;\"><span style=\"font-size: medium;\">L&rsquo;influence de Dahua au Liban est consid\u00e9rable, avec des cam\u00e9ras install\u00e9es non seulement dans des espaces commerciaux, mais aussi dans certains r\u00e9seaux de s\u00e9curit\u00e9 municipaux et priv\u00e9s.<\/span><\/span><\/span><\/p>\n<p><span style=\"color: #000000;\"><span style=\"font-family: Arial, sans-serif;\"><span style=\"font-size: medium;\">Outre la ma\u00eetrise d&rsquo;Isra\u00ebl en mati\u00e8re d&rsquo;interception de signaux et de surveillance par saut de fr\u00e9quence, ces dispositifs pourraient avoir jou\u00e9 un r\u00f4le crucial dans la d\u00e9cimation des hauts dirigeants du Hezbollah. Dans presque tous les magasins et \u00e9tablissements, un \u00e9cran est install\u00e9 derri\u00e8re le comptoir et diffuse en direct les images d&rsquo;une cam\u00e9ra de s\u00e9curit\u00e9\u00a0: un objectif point\u00e9 vers l&rsquo;int\u00e9rieur capture les all\u00e9es, les rayons et la caisse, et l&rsquo;autre fix\u00e9 sur la rue, observe le flux et le reflux des pi\u00e9tons et des scooters. Ces appareils sont produits en s\u00e9rie, vendus en vrac et install\u00e9s sans h\u00e9sitation\u00a0; le genre de cam\u00e9ras qui inondent les march\u00e9s internationaux\u00a0: bon march\u00e9, fonctionnelles et faciles \u00e0 oublier.<\/span><\/span><\/span><\/p>\n<p><span style=\"color: #000000;\"><span style=\"font-family: Arial, sans-serif;\"><span style=\"font-size: medium;\">Mais les cam\u00e9ras Dahua sont depuis longtemps cribl\u00e9es de vuln\u00e9rabilit\u00e9s. Leurs syst\u00e8mes ont \u00e9t\u00e9 compromis \u00e0 plusieurs reprises, des failles de s\u00e9curit\u00e9 permettant \u00e0 des hackeurs de prendre le contr\u00f4le total des appareils \u00e0 distance. L&rsquo;un des incidents les plus stup\u00e9fiants s&rsquo;est produit en 2017, lorsque des chercheurs ont d\u00e9couvert un compte administrateur cach\u00e9 \u2013 <a href=\"https:\/\/www.exploit-db.com\/exploits\/44002\">le nom d&rsquo;utilisateur 888888<\/a> \u2013 int\u00e9gr\u00e9 \u00e0 des milliers d&rsquo;enregistreurs vid\u00e9o num\u00e9riques, de NVR et de cam\u00e9ras IP Dahua. La faille permettait des connexions \u00e0 distance qui donnaient un acc\u00e8s complet \u00e0 l&rsquo;appareil.<\/span><\/span><\/span><\/p>\n<p><span style=\"color: #000000;\"><span style=\"font-family: Arial, sans-serif;\"><span style=\"font-size: medium;\">En 2021, de nouvelles vuln\u00e9rabilit\u00e9s sont apparues. Des contournements d&rsquo;authentification (<a href=\"https:\/\/nvd.nist.gov\/vuln\/detail\/cve-2021-33044\">CVE-2021-33044<\/a>) ont permis \u00e0 des hackeurs de pirater des cam\u00e9ras Dahua sans identifiants, facilitant ainsi l&rsquo;exploitation des failles de s\u00e9curit\u00e9. La d\u00e9pendance de Dahua au stockage cloud a \u00e9galement pos\u00e9 de nouvelles menaces\u00a0; gr\u00e2ce \u00e0 des services comme <a href=\"https:\/\/www.throughtek.com\/overview\/\">ThroughTek Kalay<\/a>, les hackeurs pouvaient siphonner des images en direct \u00e0 distance, interceptant ainsi les images en temps r\u00e9el des magasins et des rues de Dahiye. Une analyse plus approfondie a r\u00e9v\u00e9l\u00e9 qu&rsquo;une part importante des cam\u00e9ras Dahua dans la banlieue sud de Beyrouth n&rsquo;avait jamais \u00e9t\u00e9 mises \u00e0 jour, ce qui les rendaient vuln\u00e9rables aux failles d&rsquo;acc\u00e8s \u00e0 distance.<\/span><\/span><\/span><\/p>\n<p><span style=\"color: #000000;\"><span style=\"font-family: Arial, sans-serif;\"><span style=\"font-size: medium;\">La correction des vuln\u00e9rabilit\u00e9s est souvent une pr\u00e9occupation secondaire. En 2021, au moins <a href=\"https:\/\/nvd.nist.gov\/vuln\/detail\/cve-2021-33044\">1,2 million de cam\u00e9ras Dahua<\/a> restaient expos\u00e9es sur les r\u00e9seaux publics et index\u00e9es sur Shodan, un moteur de recherche pour les appareils connect\u00e9s \u00e0 Internet. En 2023, une vuln\u00e9rabilit\u00e9 (<a href=\"https:\/\/www.incibe.es\/en\/incibe-cert\/notices\/aviso\/session-hijacking-imou-life-app\">CVE-2023-6913<\/a>) dans la marque grand public Imou de Dahua a permis \u00e0 des hackeurs de pirater les flux de cam\u00e9ras simplement en int\u00e9grant des commandes malveillantes dans des codes QR.<\/span><\/span><\/span><\/p>\n<p><strong><span style=\"font-size: large;\"><span style=\"color: #000000;\"><span style=\"font-family: Arial, sans-serif;\">La cyberguerre isra\u00e9lienne\u00a0: cartographier, surveiller, tuer<\/span><\/span><\/span><\/strong><\/p>\n<p><span style=\"color: #000000;\"><span style=\"font-family: Arial, sans-serif;\"><span style=\"font-size: medium;\">Isra\u00ebl a d\u00e9velopp\u00e9 une vaste industrie du cyberespionnage capable d\u2019exploiter ces vuln\u00e9rabilit\u00e9s. L\u2019un des acteurs les plus importants dans ce domaine est <a href=\"https:\/\/www.tokagroup.com\/products#targeted\">Toka<\/a>, une entreprise fond\u00e9e par l\u2019ancien Premier ministre isra\u00e9lien Ehud Barak et l\u2019ancien chef de la cybers\u00e9curit\u00e9 de l\u2019arm\u00e9e d\u2019occupation Yaron Rosen. Toka est sp\u00e9cialis\u00e9e dans le piratage de cam\u00e9ras de s\u00e9curit\u00e9, permettant aux op\u00e9rateurs de localiser, de p\u00e9n\u00e9trer et de surveiller les syst\u00e8mes de surveillance sans \u00eatre d\u00e9tect\u00e9s.<\/span><\/span><\/span><\/p>\n<p><span style=\"color: #000000;\"><span style=\"font-family: Arial, sans-serif;\"><span style=\"font-size: medium;\">La technologie de l\u2019entreprise est particuli\u00e8rement efficace contre les mod\u00e8les de cam\u00e9ras obsol\u00e8tes ou peu s\u00fbrs, ce qui fait de l\u2019utilisation g\u00e9n\u00e9ralis\u00e9e de Dahua dans les bastions du Hezbollah une faiblesse exploitable.<\/span><\/span><\/span><\/p>\n<p><span style=\"color: #000000;\"><span style=\"font-family: Arial, sans-serif;\"><span style=\"font-size: medium;\">Des documents internes obtenus par <\/span><\/span><\/span><a href=\"https:\/\/www.haaretz.com\/israel-news\/security-aviation\/2022-12-26\/ty-article-magazine\/.premium\/this-dystopian-cyber-firm-could-have-saved-mossad-assassins-from-exposure\/00000185-0bc6-d26d-a1b7-dbd739100000\"><span style=\"color: #000000;\"><span style=\"font-family: Arial, sans-serif;\"><span style=\"font-size: medium;\"><i>Haaretz<\/i><\/span><\/span><\/span><\/a><span style=\"color: #000000;\"><span style=\"font-family: Arial, sans-serif;\"><span style=\"font-size: medium;\"> ont r\u00e9v\u00e9l\u00e9 l\u2019\u00e9tendue des capacit\u00e9s de Toka. Un logiciel bas\u00e9 sur l\u2019IA cartographie chaque cam\u00e9ra de s\u00e9curit\u00e9 d\u2019une zone cibl\u00e9e, infiltre leurs syst\u00e8mes et \u00e9tablit une carte thermique compl\u00e8te des mouvements.<\/span><\/span><\/span><\/p>\n<p><span style=\"color: #000000;\"><span style=\"font-family: Arial, sans-serif;\"><span style=\"font-size: medium;\"><a href=\"https:\/\/www.timesofisrael.com\/2-said-killed-as-idf-strike-targets-prominent-hezbollah-operative-in-south-lebanon\/\">L\u2019assassinat d\u2019Abbas Ahmad Hamoud<\/a>, membre du Hezbollah, en f\u00e9vrier\u00a02025 a d\u00e9montr\u00e9 le fonctionnement de ce syst\u00e8me en temps r\u00e9el. Des images de la cam\u00e9ra de s\u00e9curit\u00e9 d&rsquo;un bar \u00e0 jus de fruits ont \u00e9t\u00e9 retrouv\u00e9es quelques heures plus tard, montrant Hamoud et son associ\u00e9 quelques instants avant la frappe. La r\u00e9cup\u00e9ration rapide de ces images souligne l&rsquo;ampleur du cyberespionnage ancr\u00e9 dans les bastions du Hezbollah.<\/span><\/span><\/span><\/p>\n<p><strong><span style=\"font-size: large;\"><span style=\"color: #000000;\"><span style=\"font-family: Arial, sans-serif;\">La double br\u00e8che\u00a0: signaux et surveillance<\/span><\/span><\/span><\/strong><\/p>\n<p><span style=\"color: #000000;\"><span style=\"font-family: Arial, sans-serif;\"><span style=\"font-size: medium;\">Le lacis de cam\u00e9ras de s\u00e9curit\u00e9 du Liban est probablement d\u00e9sormais cartographi\u00e9, compromis et il alimente des renseignements en temps r\u00e9el. Un logiciel de reconnaissance faciale bas\u00e9 sur l\u2019IA traite les donn\u00e9es, identifie les visages connus, les compare aux bases de donn\u00e9es existantes et \u00e9tablit une carte thermique des commandants, agents et membres du Hezbollah. Mais ce n\u2019est pas tout.<\/span><\/span><\/span><\/p>\n<p><span style=\"color: #000000;\"><span style=\"font-family: Arial, sans-serif;\"><span style=\"font-size: medium;\">De nombreux syst\u00e8mes de surveillance int\u00e8grent d\u00e9sormais la reconnaissance vocale en analysant les enregistrements intercept\u00e9s \u00e0 la recherche de voix famili\u00e8res et en associant les sch\u00e9mas de parole aux individus. Un commandant entre dans un caf\u00e9 pour une r\u00e9union tranquille et commande du th\u00e9 d\u2019un ton distinct\u00a0; le syst\u00e8me le d\u00e9tecte, identifie l\u2019empreinte vocale et met \u00e0 jour sa position.<\/span><\/span><\/span><\/p>\n<p><span style=\"color: #000000;\"><span style=\"font-family: Arial, sans-serif;\"><span style=\"font-size: medium;\">Cependant, il ne s\u2019agit pas seulement de suivre des individus, mais aussi de cartographier leurs cachettes\u00a0: les outils de surveillance bas\u00e9s sur l\u2019IA suivent les mouvements group\u00e9s et identifient les lieux qui servent de points de rencontre non officiels. Une petite boutique o\u00f9 le m\u00eame groupe d\u2019hommes se r\u00e9unit r\u00e9guli\u00e8rement\u00a0? Signal\u00e9e. Un salon de th\u00e9 tranquille o\u00f9 certaines personnes convergent r\u00e9guli\u00e8rement \u00e0 des heures indues\u00a0? Not\u00e9e. Un appartement o\u00f9 plusieurs personnalit\u00e9s de haut rang sont apparues s\u00e9par\u00e9ment au cours d&rsquo;un mois\u00a0? Marqu\u00e9 comme une probable planque.<\/span><\/span><\/span><\/p>\n<p><span style=\"color: #000000;\"><span style=\"font-family: Arial, sans-serif;\"><span style=\"font-size: medium;\">Si les cam\u00e9ras furent les yeux des services de renseignement isra\u00e9liens, les signaux intercept\u00e9s furent ses oreilles. Pendant des ann\u00e9es, le Hezbollah a utilis\u00e9 des communications crypt\u00e9es \u00e0 sauts de fr\u00e9quence pour emp\u00eacher les interceptions isra\u00e9liennes. Le principe est simple, du moins en th\u00e9orie. Plut\u00f4t que de transmettre sur une seule fr\u00e9quence radio, le signal passe de mani\u00e8re impr\u00e9visible sur plusieurs fr\u00e9quences selon une s\u00e9quence connue uniquement de l&rsquo;\u00e9metteur et du r\u00e9cepteur. C&rsquo;est comme essayer d&rsquo;\u00e9couter une conversation o\u00f9 chaque mot est prononc\u00e9 dans une pi\u00e8ce diff\u00e9rente, \u00e0 un \u00e9tage diff\u00e9rent et dans un b\u00e2timent diff\u00e9rent. Sans conna\u00eetre le sch\u00e9ma, le message reste fragment\u00e9 et inaccessible.<\/span><\/span><\/span><\/p>\n<p><span style=\"color: #000000;\"><span style=\"font-family: Arial, sans-serif;\"><span style=\"font-size: medium;\">Cette technique, l&rsquo;\u00e9talement de spectre \u00e0 sauts de fr\u00e9quence (FHSS), est l&rsquo;\u00e9pine dorsale des communications militaires s\u00e9curis\u00e9es depuis la Guerre froide. Les Am\u00e9ricains l&rsquo;utilisaient pour \u00e9chapper aux interceptions sovi\u00e9tiques. Les Sovi\u00e9tiques ont d\u00e9velopp\u00e9 des contre-mesures pour la contourner. L&rsquo;Iran, observant comment ses signaux radio non crypt\u00e9s \u00e9taient intercept\u00e9s par les services de renseignement irakiens et am\u00e9ricains dans les ann\u00e9es 1980, en a compris la n\u00e9cessit\u00e9 et a construit ses propres syst\u00e8mes FHSS pour prot\u00e9ger ses communications et celles du Hezbollah sur le champ de bataille.<\/span><\/span><\/span><\/p>\n<p><span style=\"color: #000000;\"><span style=\"font-family: Arial, sans-serif;\"><span style=\"font-size: medium;\">D\u00e8s la guerre isra\u00e9lienne de 2006 contre le Liban, cette technologie avait d\u00e9j\u00e0 fait ses preuves. Les combattants du Hezbollah, \u00e9quip\u00e9s de radios crypt\u00e9es fournies par l&rsquo;Iran, \u00e9vit\u00e8rent non seulement les interceptions isra\u00e9liennes, mais <a href=\"https:\/\/www.theregister.com\/2006\/09\/20\/hezbollah_cracks_israeli_radio\/#:~:text=Hezbollah%20fighters%20reportedly%20used%20Iranian,to%20Hezbollah%20and%20Lebanese%20officials\">\u00e9cout\u00e8rent activement<\/a> les communications des forces isra\u00e9liennes. Les soldats isra\u00e9liens tomb\u00e8rent dans des embuscades sans savoir comment leurs positions avaient \u00e9t\u00e9 d\u00e9couvertes. Cette guerre se termina par une prise de conscience pour Tel-Aviv\u00a0: Isra\u00ebl \u00e9tait battu dans le domaine de la guerre \u00e9lectronique. Les m\u00eames tactiques qui lui avaient autrefois permis de dominer les arm\u00e9es arabes \u00e9taient d\u00e9sormais utilis\u00e9es contre lui.<\/span><\/span><\/span><\/p>\n<p><span style=\"color: #000000;\"><span style=\"font-family: Arial, sans-serif;\"><span style=\"font-size: medium;\">Ainsi, apr\u00e8s la guerre de 2006 \u2013 qui n\u2019a pas r\u00e9ussi \u00e0 porter un coup d\u00e9cisif au Hezbollah \u2013 l\u2019appareil de renseignement isra\u00e9lien, en particulier l\u2019unit\u00e9 8200 et la direction du renseignement militaire, Aman, ont intensifi\u00e9 leurs efforts de collecte de donn\u00e9es sur le groupe.<\/span><\/span><\/span><\/p>\n<p><strong><span style=\"font-size: large;\"><span style=\"color: #000000;\"><span style=\"font-family: Arial, sans-serif;\">La contre-attaque d\u00e9vastatrice d&rsquo;Isra\u00ebl<\/span><\/span><\/span><\/strong><\/p>\n<p><span style=\"color: #000000;\"><span style=\"font-family: Arial, sans-serif;\"><span style=\"font-size: medium;\">La contre-strat\u00e9gie de Tel-Aviv a \u00e9t\u00e9 m\u00e9thodique. <a href=\"https:\/\/elbitsystems.com\/product\/comint-df-solutions\/#:~:text=Covering%20a%20wide%20frequency%20range%2C,tactical%20picture%20of%20the%20battlefield\">Elbit Systems<\/a>, le g\u00e9ant de la d\u00e9fense isra\u00e9lienne, a d\u00e9velopp\u00e9 des plateformes de guerre \u00e9lectronique avanc\u00e9es capables de d\u00e9tecter, d&rsquo;analyser et de neutraliser les transmissions \u00e0 sauts de fr\u00e9quence.<\/span><\/span><\/span><\/p>\n<p><span style=\"color: #000000;\"><span style=\"font-family: Arial, sans-serif;\"><span style=\"font-size: medium;\">Pour comprendre son fonctionnement, imaginez un r\u00e9seau \u00e9tendu sur un oc\u00e9an de fr\u00e9quences radio. Au lieu d&rsquo;\u00e9couter un seul canal, les plateformes COMINT\/DF Solutions (intelligence des communications) d&rsquo;Elbit balayent des bandes de fr\u00e9quences enti\u00e8res simultan\u00e9ment. D\u00e8s qu&rsquo;une transmission appara\u00eet \u2013 aussi br\u00e8ve soit-elle avant le saut \u2013 le syst\u00e8me la d\u00e9tecte, l&rsquo;enregistre et commence \u00e0 reconstituer le sch\u00e9ma.<\/span><\/span><\/span><\/p>\n<p><span style=\"color: #000000;\"><span style=\"font-family: Arial, sans-serif;\"><span style=\"font-size: medium;\">Au d\u00e9but, ce n&rsquo;est que du bruit\u00a0: une s\u00e9rie dispers\u00e9e de signaux apparaissant et disparaissant sur diff\u00e9rents canaux. Mais avec le temps, des sch\u00e9mas apparaissent. L&rsquo;algorithme commence \u00e0 pr\u00e9dire quand et o\u00f9 le prochain saut aura lieu. Le signal cesse d&rsquo;\u00eatre un fant\u00f4me et devient une entit\u00e9 tra\u00e7able. Une fois le sch\u00e9ma d\u00e9chiffr\u00e9, l&rsquo;\u00e9tape suivante consiste \u00e0 en localiser la source. Chaque transmission radio laisse une empreinte\u00a0: une explosion d&rsquo;\u00e9nergie \u00e9lectromagn\u00e9tique qui se propage vers l&rsquo;ext\u00e9rieur. La technologie de radiogoniom\u00e9trie (DF) d&rsquo;Elbit fonctionne en d\u00e9ployant plusieurs r\u00e9cepteurs (charges utiles SIGINT) dans plusieurs de ses drones, comme les <a href=\"https:\/\/www.youtube.com\/watch?v=1wOJkpK-35Y\">Hermes 450 et 900<\/a> et le SKYLARK 3, sur une zone donn\u00e9e, triangulant les signaux pour localiser pr\u00e9cis\u00e9ment les cibles.<\/span><\/span><\/span><\/p>\n<p><span style=\"color: #000000;\"><span style=\"font-family: Arial, sans-serif;\"><span style=\"font-size: medium;\">Au-del\u00e0 de Toka, des entreprises isra\u00e9liennes comme <a href=\"https:\/\/decoded.avast.io\/janvojtesek\/the-return-of-candiru-zero-days-in-the-middle-east\/\">Candiru<\/a> et <a href=\"https:\/\/www.middleeastmonitor.com\/20250207-israeli-spyware-scandal-paragons-graphite-used-to-target-italian-journalists-and-critics\/\">Paragon Solutions<\/a> ont d\u00e9velopp\u00e9 des logiciels malveillants pour infiltrer les donn\u00e9es stock\u00e9es dans le cloud. Le logiciel espion phare de Candiru, Devil&rsquo;s Tongue, permet aux hackeurs de compromettre les appareils personnels, notamment les PC et les smartphones, notamment en Asie occidentale. Contrairement \u00e0 Toka, qui d\u00e9tourne les objets connect\u00e9s, le logiciel malveillant de Candiru infecte les syst\u00e8mes d&rsquo;exploitation, offrant un acc\u00e8s direct aux images de s\u00e9curit\u00e9 stock\u00e9es dans le cloud.<\/span><\/span><\/span><\/p>\n<p><span style=\"color: #000000;\"><span style=\"font-family: Arial, sans-serif;\"><span style=\"font-size: medium;\">Ceci est particuli\u00e8rement important car les cam\u00e9ras de surveillance modernes ne se contentent pas de stocker les images localement\u00a0; beaucoup t\u00e9l\u00e9chargent leurs enregistrements sur des serveurs cloud accessibles via des applications mobiles, des portails de navigation ou des sauvegardes r\u00e9seau. Si un commer\u00e7ant stockait des images de s\u00e9curit\u00e9 \u00e0 distance, le logiciel malveillant de Candiru pourrait les siphonner directement depuis son compte cloud, \u00e9vitant ainsi de pirater la cam\u00e9ra elle-m\u00eame.<\/span><\/span><\/span><\/p>\n<p><span style=\"color: #000000;\"><span style=\"font-family: Arial, sans-serif;\"><span style=\"font-size: medium;\">Une autre entreprise isra\u00e9lienne, Paragon Solutions, pousse ce concept plus loin. Son logiciel espion, <a href=\"https:\/\/www.middleeastmonitor.com\/20250207-israeli-spyware-scandal-paragons-graphite-used-to-target-italian-journalists-and-critics\/\">Graphite<\/a>, extrait des donn\u00e9es de sauvegardes cloud\u00a0: non seulement des vid\u00e9os, mais aussi des journaux, des horodatages et des m\u00e9tadonn\u00e9es. Cela permet aux services de renseignement isra\u00e9liens de reconstituer des r\u00e9seaux entiers d\u2019activit\u00e9s, d\u00e9taillant qui est entr\u00e9 dans un b\u00e2timent, quand et par o\u00f9.<\/span><\/span><\/span><\/p>\n<p><span style=\"color: #000000;\"><span style=\"font-family: Arial, sans-serif;\"><span style=\"font-size: medium;\"><a href=\"https:\/\/en.globes.co.il\/en\/article-how-virtuous-is-paragon-on-privacy-1001497228\">Paragon a \u00e9t\u00e9 fond\u00e9<\/a> par le g\u00e9n\u00e9ral de brigade (r\u00e9serviste) Ehud Schneorson, ancien commandant de l\u2019unit\u00e9 d\u2019\u00e9lite isra\u00e9lienne de cyber-renseignement 8200, en collaboration avec l\u2019ancien Premier ministre isra\u00e9lien Ehud Barak, fondateur de Toka.<\/span><\/span><\/span><\/p>\n<p><span style=\"color: #000000;\"><span style=\"font-family: Arial, sans-serif;\"><span style=\"font-size: medium;\">En d\u00e9cembre\u00a02024, Paragon a \u00e9t\u00e9 <a href=\"https:\/\/newsinterpretation.com\/the-500-million-secret-inside-the-paragon-deal\/\">rachet\u00e9<\/a> pour 500\u00a0millions de dollars par AE Industrial Partners, un g\u00e9ant am\u00e9ricain du capital-investissement. En fonction de son expansion, la transaction pourrait atteindre 900\u00a0millions de dollars, une valorisation qui souligne \u00e0 quel point cette technologie est devenue lucrative et strat\u00e9giquement pr\u00e9cieuse. Avec les empreintes digitales de Barak sur Paragon et Toka, les liens entre les entreprises isra\u00e9liennes de cyberguerre et les int\u00e9r\u00eats des services de renseignement occidentaux deviennent de plus en plus difficiles \u00e0 ignorer.<\/span><\/span><\/span><\/p>\n<p><strong><span style=\"font-size: large;\"><span style=\"color: #000000;\"><span style=\"font-family: Arial, sans-serif;\">Les prochaines \u00e9tapes du Hezbollah<\/span><\/span><\/span><\/strong><\/p>\n<p><span style=\"color: #000000;\"><span style=\"font-family: Arial, sans-serif;\"><span style=\"font-size: medium;\">Le Hezbollah a d\u00e9j\u00e0 connu la guerre et les assassinats, mais il s&rsquo;est relev\u00e9 plus fort que jamais. Il a notamment \u00e9t\u00e9 victime de l&rsquo;assassinat du secr\u00e9taire g\u00e9n\u00e9ral du mouvement de r\u00e9sistance, Abbas al-Musawi, en 1992, et des assassinats cibl\u00e9s de <a href=\"https:\/\/jcpa.org\/mustafa-badr-al-din-zulfiqar-and-the-ansariya-operation\/\">Mustafa Badreddine<\/a> et d&rsquo;Imad Mughniyeh, architectes de la strat\u00e9gie militaire du Hezbollah. Ces assassinats ont port\u00e9 de lourds coups, mais n&rsquo;ont pas d\u00e9mantel\u00e9 le commandement de l&rsquo;organisation.<\/span><\/span><\/span><\/p>\n<p><span style=\"color: #000000;\"><span style=\"font-family: Arial, sans-serif;\"><span style=\"font-size: medium;\">M\u00eame l&rsquo;assassinat du commandant de la Force Al-Qods iranienne, <a href=\"https:\/\/www.france24.com\/en\/20191001-shadowy-iran-commander-gives-interview-on-2006-israel-hezbollah-war\">Qassem Soleimani<\/a>, une figure dont l&rsquo;influence s&rsquo;\u00e9tendait profond\u00e9ment \u00e0 la doctrine strat\u00e9gique du Hezbollah, n&rsquo;a pas fractur\u00e9 l&rsquo;Axe de la R\u00e9sistance.<\/span><\/span><\/span><\/p>\n<p><span style=\"color: #000000;\"><span style=\"font-family: Arial, sans-serif;\"><span style=\"font-size: medium;\">Les assassinats de Dahiye \u2013 172 commandants tu\u00e9s, dont six membres du Conseil djihadiste, 15 chefs d\u2019unit\u00e9 et de nombreux commandants de second rang \u2013 ont constitu\u00e9 un signal d\u2019alarme brutal et marqueront le d\u00e9but d\u2019une p\u00e9riode d\u2019\u00e9valuation et de r\u00e9ajustement, qui pourrait impliquer des changements dans le commandement, la logistique, le renseignement et la gestion \u00e9conomique.<\/span><\/span><\/span><\/p>\n<p><span style=\"color: #000000;\"><span style=\"font-family: Arial, sans-serif;\"><span style=\"font-size: medium;\">Les Isra\u00e9liens affirment d\u00e9j\u00e0 que la renaissance technologique du Hezbollah sera men\u00e9e par le Corps des gardiens de la r\u00e9volution islamique (CGRI) iranien, bien qu\u2019il n\u2019existe aucune preuve cr\u00e9dible de cette affirmation. \u00c0 titre d\u2019exemple, le centre de recherche isra\u00e9lien <a href=\"https:\/\/israel-alma.org\/irans-military-aid-to-hezbollahs-rehabilitation-involved-units\/\">Alma<\/a> a affirm\u00e9 que le CGRI avait mobilis\u00e9 cinq unit\u00e9s pour contribuer \u00e0 la reconstruction technologique et logistique du Hezbollah. Bien que l&rsquo;expertise iranienne en mati\u00e8re de cyberop\u00e9rations, de collecte de renseignements et de guerre \u00e9lectronique soit bien document\u00e9e, ces affirmations reposent sur des \u00e9valuations isra\u00e9liennes et n&rsquo;ont pas \u00e9t\u00e9 v\u00e9rifi\u00e9es de mani\u00e8re ind\u00e9pendante.<\/span><\/span><\/span><\/p>\n<p><span style=\"color: #000000;\"><span style=\"font-family: Arial, sans-serif;\"><span style=\"font-size: medium;\">Ce qui sera toutefois int\u00e9ressant \u00e0 observer, c&rsquo;est de savoir si la r\u00e9sistance libanaise tirera profit du <a href=\"https:\/\/vpk.name\/en\/538275_the-military-of-10-countries-are-interested-in-buying-russian-communication-systems-azart.html\">Partenariat strat\u00e9gique global Iran-Russie<\/a>, qui comprend la fourniture de syst\u00e8mes de communication s\u00e9curis\u00e9s sur le champ de bataille r\u00e9sistants \u00e0 la guerre \u00e9lectronique de niveau OTAN. L&rsquo;acc\u00e8s de l&rsquo;Iran aux <a href=\"https:\/\/uawire.org\/iran-used-russian-satellite-navigation-system-during-the-attack-on-us-military-bases-in-iraq\">radios tactiques russes Azart<\/a> pourrait \u00e9galement renforcer la capacit\u00e9 du Hezbollah \u00e0 \u00e9chapper aux SIGINT isra\u00e9liens.<\/span><\/span><\/span><\/p>\n<p><span style=\"color: #000000;\"><span style=\"font-family: Arial, sans-serif;\"><span style=\"font-size: medium;\">Pour les habitants de Dahiye, malgr\u00e9 leur chagrin, les questions se posent avec acuit\u00e9 : et maintenant\u00a0? Que se passe-t-il lorsqu&rsquo;une structure de commandement enti\u00e8re est d\u00e9cim\u00e9e\u00a0? Qui prend sa place\u00a0? Quelles le\u00e7ons en tirer\u00a0?<\/span><\/span><\/span><\/p>\n<p><span style=\"color: #000000;\"><span style=\"font-family: Arial, sans-serif;\"><span style=\"font-size: medium;\">Les r\u00e9ponses vont dans le m\u00eame sens\u00a0: une r\u00e9volution technologique sur le champ de bataille, o\u00f9 la pr\u00e9cision de l&rsquo;information compte plus que la puissance de feu. Une r\u00e9sistance revitalis\u00e9e capable d&rsquo;\u00e9galer l&rsquo;avance technologique d&rsquo;Isra\u00ebl. Le Hezbollah avait cet avantage en 2006\u00a0; Isra\u00ebl a invers\u00e9 cette tendance en 2024.<\/span><\/span><\/span><\/p>\n<p><span style=\"color: #000000;\"><span style=\"font-family: Arial, sans-serif;\"><span style=\"font-size: medium;\">Dans une r\u00e9cente interview sur la cha\u00eene <\/span><\/span><\/span><span style=\"color: #000000;\"><span style=\"font-family: Arial, sans-serif;\"><span style=\"font-size: medium;\"><i>Al Mayadeen<\/i><\/span><\/span><\/span><span style=\"color: #000000;\"><span style=\"font-family: Arial, sans-serif;\"><span style=\"font-size: medium;\">, Nawaf Moussawi, haut responsable du Hezbollah, <a href=\"https:\/\/x.com\/thecradlemedia\/status\/1897710773901967765?s=46\">a officiellement admis<\/a> que la n\u00e9gligence et les d\u00e9faillances op\u00e9rationnelles avaient contribu\u00e9 au martyre d&rsquo;Hassan Nasrallah. Le reconna\u00eetre est une chose. Combler l&rsquo;\u00e9cart en est une autre. Si le Hezbollah ne parvient pas \u00e0 combler ses vuln\u00e9rabilit\u00e9s, le prochain assassinat ne sera pas seulement in\u00e9vitable : il est d\u00e9j\u00e0 en pr\u00e9paration.<\/span><\/span><\/span><\/p>\n<p><em><strong><span style=\"color: #000000;\"><span style=\"font-family: Arial, sans-serif;\"><span style=\"font-size: small;\">Article original en anglais sur <a href=\"https:\/\/thecradle.co\/articles\/the-eyes-and-ears-that-decapitated-hezbollah\">The Cradle<\/a> \/ Traduction MR<\/span><\/span><\/span><\/strong><\/em><span style=\"color: #000000;\"><span style=\"font-family: Arial, sans-serif;\"><span style=\"font-size: medium;\">\u200b<\/span><\/span><\/span><\/p>\n","protected":false},"excerpt":{"rendered":"<p>Alors que le Hezbollah se remet d&rsquo;une vague d&rsquo;assassinats au c\u0153ur de ses bastions, une guerre invisible fait rage \u2013 men\u00e9e non pas par balles, mais par des signaux pirat\u00e9s, <a class=\"more-link\" href=\"https:\/\/ismfrance.org\/index.php\/2025\/03\/16\/les-yeux-et-les-oreilles-qui-ont-decapite-le-hezbollah\/\">Lire la suite &rarr;<\/a><\/p>\n","protected":false},"author":3,"featured_media":19015,"comment_status":"closed","ping_status":"closed","sticky":false,"template":"","format":"standard","meta":{"footnotes":""},"categories":[12,2],"tags":[329],"class_list":["post-19014","post","type-post","status-publish","format-standard","has-post-thumbnail","hentry","category-analyses","category-articles","tag-cyber"],"yoast_head":"<!-- This site is optimized with the Yoast SEO plugin v27.2 - https:\/\/yoast.com\/product\/yoast-seo-wordpress\/ -->\n<title>Les yeux et les oreilles qui ont d\u00e9capit\u00e9 le Hezbollah - International Solidarity Movement - ISM-France<\/title>\n<meta name=\"robots\" content=\"index, follow, max-snippet:-1, max-image-preview:large, max-video-preview:-1\" \/>\n<link rel=\"canonical\" href=\"https:\/\/ismfrance.org\/index.php\/2025\/03\/16\/les-yeux-et-les-oreilles-qui-ont-decapite-le-hezbollah\/\" \/>\n<meta property=\"og:locale\" content=\"fr_FR\" \/>\n<meta property=\"og:type\" content=\"article\" \/>\n<meta property=\"og:title\" content=\"Les yeux et les oreilles qui ont d\u00e9capit\u00e9 le Hezbollah - International Solidarity Movement - ISM-France\" \/>\n<meta property=\"og:description\" content=\"Alors que le Hezbollah se remet d&rsquo;une vague d&rsquo;assassinats au c\u0153ur de ses bastions, une guerre invisible fait rage \u2013 men\u00e9e non pas par balles, mais par des signaux pirat\u00e9s, Lire la suite &rarr;\" \/>\n<meta property=\"og:url\" content=\"https:\/\/ismfrance.org\/index.php\/2025\/03\/16\/les-yeux-et-les-oreilles-qui-ont-decapite-le-hezbollah\/\" \/>\n<meta property=\"og:site_name\" content=\"International Solidarity Movement - ISM-France\" \/>\n<meta property=\"article:published_time\" content=\"2025-03-16T18:15:33+00:00\" \/>\n<meta property=\"og:image\" content=\"https:\/\/ismfrance.org\/wp-content\/uploads\/2025\/03\/cradle.webp\" \/>\n\t<meta property=\"og:image:width\" content=\"2088\" \/>\n\t<meta property=\"og:image:height\" content=\"988\" \/>\n\t<meta property=\"og:image:type\" content=\"image\/webp\" \/>\n<meta name=\"author\" content=\"mru_01\" \/>\n<meta name=\"twitter:card\" content=\"summary_large_image\" \/>\n<meta name=\"twitter:creator\" content=\"@ISMFRANCE\" \/>\n<meta name=\"twitter:site\" content=\"@ISMFRANCE\" \/>\n<meta name=\"twitter:label1\" content=\"\u00c9crit par\" \/>\n\t<meta name=\"twitter:data1\" content=\"mru_01\" \/>\n\t<meta name=\"twitter:label2\" content=\"Dur\u00e9e de lecture estim\u00e9e\" \/>\n\t<meta name=\"twitter:data2\" content=\"14 minutes\" \/>\n<script type=\"application\/ld+json\" class=\"yoast-schema-graph\">{\"@context\":\"https:\/\/schema.org\",\"@graph\":[{\"@type\":\"Article\",\"@id\":\"https:\/\/ismfrance.org\/index.php\/2025\/03\/16\/les-yeux-et-les-oreilles-qui-ont-decapite-le-hezbollah\/#article\",\"isPartOf\":{\"@id\":\"https:\/\/ismfrance.org\/index.php\/2025\/03\/16\/les-yeux-et-les-oreilles-qui-ont-decapite-le-hezbollah\/\"},\"author\":{\"name\":\"mru_01\",\"@id\":\"https:\/\/ismfrance.org\/#\/schema\/person\/3c411eb72adfaae19c0dca1f41fae01d\"},\"headline\":\"Les yeux et les oreilles qui ont d\u00e9capit\u00e9 le Hezbollah\",\"datePublished\":\"2025-03-16T18:15:33+00:00\",\"mainEntityOfPage\":{\"@id\":\"https:\/\/ismfrance.org\/index.php\/2025\/03\/16\/les-yeux-et-les-oreilles-qui-ont-decapite-le-hezbollah\/\"},\"wordCount\":3100,\"publisher\":{\"@id\":\"https:\/\/ismfrance.org\/#organization\"},\"image\":{\"@id\":\"https:\/\/ismfrance.org\/index.php\/2025\/03\/16\/les-yeux-et-les-oreilles-qui-ont-decapite-le-hezbollah\/#primaryimage\"},\"thumbnailUrl\":\"https:\/\/ismfrance.org\/wp-content\/uploads\/2025\/03\/cradle.webp\",\"keywords\":[\"cyber\"],\"articleSection\":[\"Analyses\",\"Articles\"],\"inLanguage\":\"fr-FR\"},{\"@type\":\"WebPage\",\"@id\":\"https:\/\/ismfrance.org\/index.php\/2025\/03\/16\/les-yeux-et-les-oreilles-qui-ont-decapite-le-hezbollah\/\",\"url\":\"https:\/\/ismfrance.org\/index.php\/2025\/03\/16\/les-yeux-et-les-oreilles-qui-ont-decapite-le-hezbollah\/\",\"name\":\"Les yeux et les oreilles qui ont d\u00e9capit\u00e9 le Hezbollah - International Solidarity Movement - ISM-France\",\"isPartOf\":{\"@id\":\"https:\/\/ismfrance.org\/#website\"},\"primaryImageOfPage\":{\"@id\":\"https:\/\/ismfrance.org\/index.php\/2025\/03\/16\/les-yeux-et-les-oreilles-qui-ont-decapite-le-hezbollah\/#primaryimage\"},\"image\":{\"@id\":\"https:\/\/ismfrance.org\/index.php\/2025\/03\/16\/les-yeux-et-les-oreilles-qui-ont-decapite-le-hezbollah\/#primaryimage\"},\"thumbnailUrl\":\"https:\/\/ismfrance.org\/wp-content\/uploads\/2025\/03\/cradle.webp\",\"datePublished\":\"2025-03-16T18:15:33+00:00\",\"breadcrumb\":{\"@id\":\"https:\/\/ismfrance.org\/index.php\/2025\/03\/16\/les-yeux-et-les-oreilles-qui-ont-decapite-le-hezbollah\/#breadcrumb\"},\"inLanguage\":\"fr-FR\",\"potentialAction\":[{\"@type\":\"ReadAction\",\"target\":[\"https:\/\/ismfrance.org\/index.php\/2025\/03\/16\/les-yeux-et-les-oreilles-qui-ont-decapite-le-hezbollah\/\"]}]},{\"@type\":\"ImageObject\",\"inLanguage\":\"fr-FR\",\"@id\":\"https:\/\/ismfrance.org\/index.php\/2025\/03\/16\/les-yeux-et-les-oreilles-qui-ont-decapite-le-hezbollah\/#primaryimage\",\"url\":\"https:\/\/ismfrance.org\/wp-content\/uploads\/2025\/03\/cradle.webp\",\"contentUrl\":\"https:\/\/ismfrance.org\/wp-content\/uploads\/2025\/03\/cradle.webp\",\"width\":2088,\"height\":988},{\"@type\":\"BreadcrumbList\",\"@id\":\"https:\/\/ismfrance.org\/index.php\/2025\/03\/16\/les-yeux-et-les-oreilles-qui-ont-decapite-le-hezbollah\/#breadcrumb\",\"itemListElement\":[{\"@type\":\"ListItem\",\"position\":1,\"name\":\"Accueil\",\"item\":\"https:\/\/ismfrance.org\/\"},{\"@type\":\"ListItem\",\"position\":2,\"name\":\"Les yeux et les oreilles qui ont d\u00e9capit\u00e9 le Hezbollah\"}]},{\"@type\":\"WebSite\",\"@id\":\"https:\/\/ismfrance.org\/#website\",\"url\":\"https:\/\/ismfrance.org\/\",\"name\":\"ISM Palestine France\",\"description\":\"Soutien aux luttes de lib\u00e9ration du peuple palestinien\",\"publisher\":{\"@id\":\"https:\/\/ismfrance.org\/#organization\"},\"potentialAction\":[{\"@type\":\"SearchAction\",\"target\":{\"@type\":\"EntryPoint\",\"urlTemplate\":\"https:\/\/ismfrance.org\/?s={search_term_string}\"},\"query-input\":{\"@type\":\"PropertyValueSpecification\",\"valueRequired\":true,\"valueName\":\"search_term_string\"}}],\"inLanguage\":\"fr-FR\"},{\"@type\":\"Organization\",\"@id\":\"https:\/\/ismfrance.org\/#organization\",\"name\":\"International Solidarity Movement\",\"url\":\"https:\/\/ismfrance.org\/\",\"logo\":{\"@type\":\"ImageObject\",\"inLanguage\":\"fr-FR\",\"@id\":\"https:\/\/ismfrance.org\/#\/schema\/logo\/image\/\",\"url\":\"https:\/\/ismfrance.org\/wp-content\/uploads\/2020\/12\/00.png\",\"contentUrl\":\"https:\/\/ismfrance.org\/wp-content\/uploads\/2020\/12\/00.png\",\"width\":400,\"height\":400,\"caption\":\"International Solidarity Movement\"},\"image\":{\"@id\":\"https:\/\/ismfrance.org\/#\/schema\/logo\/image\/\"},\"sameAs\":[\"https:\/\/x.com\/ISMFRANCE\"]},{\"@type\":\"Person\",\"@id\":\"https:\/\/ismfrance.org\/#\/schema\/person\/3c411eb72adfaae19c0dca1f41fae01d\",\"name\":\"mru_01\",\"image\":{\"@type\":\"ImageObject\",\"inLanguage\":\"fr-FR\",\"@id\":\"https:\/\/secure.gravatar.com\/avatar\/3a0be343b445d2ccc79e87444a294fad2b232e90d2051d0e3cc219e1ecd6a330?s=96&d=mm&r=g\",\"url\":\"https:\/\/secure.gravatar.com\/avatar\/3a0be343b445d2ccc79e87444a294fad2b232e90d2051d0e3cc219e1ecd6a330?s=96&d=mm&r=g\",\"contentUrl\":\"https:\/\/secure.gravatar.com\/avatar\/3a0be343b445d2ccc79e87444a294fad2b232e90d2051d0e3cc219e1ecd6a330?s=96&d=mm&r=g\",\"caption\":\"mru_01\"},\"url\":\"https:\/\/ismfrance.org\/index.php\/author\/admin02\/\"}]}<\/script>\n<!-- \/ Yoast SEO plugin. -->","yoast_head_json":{"title":"Les yeux et les oreilles qui ont d\u00e9capit\u00e9 le Hezbollah - International Solidarity Movement - ISM-France","robots":{"index":"index","follow":"follow","max-snippet":"max-snippet:-1","max-image-preview":"max-image-preview:large","max-video-preview":"max-video-preview:-1"},"canonical":"https:\/\/ismfrance.org\/index.php\/2025\/03\/16\/les-yeux-et-les-oreilles-qui-ont-decapite-le-hezbollah\/","og_locale":"fr_FR","og_type":"article","og_title":"Les yeux et les oreilles qui ont d\u00e9capit\u00e9 le Hezbollah - International Solidarity Movement - ISM-France","og_description":"Alors que le Hezbollah se remet d&rsquo;une vague d&rsquo;assassinats au c\u0153ur de ses bastions, une guerre invisible fait rage \u2013 men\u00e9e non pas par balles, mais par des signaux pirat\u00e9s, Lire la suite &rarr;","og_url":"https:\/\/ismfrance.org\/index.php\/2025\/03\/16\/les-yeux-et-les-oreilles-qui-ont-decapite-le-hezbollah\/","og_site_name":"International Solidarity Movement - ISM-France","article_published_time":"2025-03-16T18:15:33+00:00","og_image":[{"width":2088,"height":988,"url":"https:\/\/ismfrance.org\/wp-content\/uploads\/2025\/03\/cradle.webp","type":"image\/webp"}],"author":"mru_01","twitter_card":"summary_large_image","twitter_creator":"@ISMFRANCE","twitter_site":"@ISMFRANCE","twitter_misc":{"\u00c9crit par":"mru_01","Dur\u00e9e de lecture estim\u00e9e":"14 minutes"},"schema":{"@context":"https:\/\/schema.org","@graph":[{"@type":"Article","@id":"https:\/\/ismfrance.org\/index.php\/2025\/03\/16\/les-yeux-et-les-oreilles-qui-ont-decapite-le-hezbollah\/#article","isPartOf":{"@id":"https:\/\/ismfrance.org\/index.php\/2025\/03\/16\/les-yeux-et-les-oreilles-qui-ont-decapite-le-hezbollah\/"},"author":{"name":"mru_01","@id":"https:\/\/ismfrance.org\/#\/schema\/person\/3c411eb72adfaae19c0dca1f41fae01d"},"headline":"Les yeux et les oreilles qui ont d\u00e9capit\u00e9 le Hezbollah","datePublished":"2025-03-16T18:15:33+00:00","mainEntityOfPage":{"@id":"https:\/\/ismfrance.org\/index.php\/2025\/03\/16\/les-yeux-et-les-oreilles-qui-ont-decapite-le-hezbollah\/"},"wordCount":3100,"publisher":{"@id":"https:\/\/ismfrance.org\/#organization"},"image":{"@id":"https:\/\/ismfrance.org\/index.php\/2025\/03\/16\/les-yeux-et-les-oreilles-qui-ont-decapite-le-hezbollah\/#primaryimage"},"thumbnailUrl":"https:\/\/ismfrance.org\/wp-content\/uploads\/2025\/03\/cradle.webp","keywords":["cyber"],"articleSection":["Analyses","Articles"],"inLanguage":"fr-FR"},{"@type":"WebPage","@id":"https:\/\/ismfrance.org\/index.php\/2025\/03\/16\/les-yeux-et-les-oreilles-qui-ont-decapite-le-hezbollah\/","url":"https:\/\/ismfrance.org\/index.php\/2025\/03\/16\/les-yeux-et-les-oreilles-qui-ont-decapite-le-hezbollah\/","name":"Les yeux et les oreilles qui ont d\u00e9capit\u00e9 le Hezbollah - International Solidarity Movement - ISM-France","isPartOf":{"@id":"https:\/\/ismfrance.org\/#website"},"primaryImageOfPage":{"@id":"https:\/\/ismfrance.org\/index.php\/2025\/03\/16\/les-yeux-et-les-oreilles-qui-ont-decapite-le-hezbollah\/#primaryimage"},"image":{"@id":"https:\/\/ismfrance.org\/index.php\/2025\/03\/16\/les-yeux-et-les-oreilles-qui-ont-decapite-le-hezbollah\/#primaryimage"},"thumbnailUrl":"https:\/\/ismfrance.org\/wp-content\/uploads\/2025\/03\/cradle.webp","datePublished":"2025-03-16T18:15:33+00:00","breadcrumb":{"@id":"https:\/\/ismfrance.org\/index.php\/2025\/03\/16\/les-yeux-et-les-oreilles-qui-ont-decapite-le-hezbollah\/#breadcrumb"},"inLanguage":"fr-FR","potentialAction":[{"@type":"ReadAction","target":["https:\/\/ismfrance.org\/index.php\/2025\/03\/16\/les-yeux-et-les-oreilles-qui-ont-decapite-le-hezbollah\/"]}]},{"@type":"ImageObject","inLanguage":"fr-FR","@id":"https:\/\/ismfrance.org\/index.php\/2025\/03\/16\/les-yeux-et-les-oreilles-qui-ont-decapite-le-hezbollah\/#primaryimage","url":"https:\/\/ismfrance.org\/wp-content\/uploads\/2025\/03\/cradle.webp","contentUrl":"https:\/\/ismfrance.org\/wp-content\/uploads\/2025\/03\/cradle.webp","width":2088,"height":988},{"@type":"BreadcrumbList","@id":"https:\/\/ismfrance.org\/index.php\/2025\/03\/16\/les-yeux-et-les-oreilles-qui-ont-decapite-le-hezbollah\/#breadcrumb","itemListElement":[{"@type":"ListItem","position":1,"name":"Accueil","item":"https:\/\/ismfrance.org\/"},{"@type":"ListItem","position":2,"name":"Les yeux et les oreilles qui ont d\u00e9capit\u00e9 le Hezbollah"}]},{"@type":"WebSite","@id":"https:\/\/ismfrance.org\/#website","url":"https:\/\/ismfrance.org\/","name":"ISM Palestine France","description":"Soutien aux luttes de lib\u00e9ration du peuple palestinien","publisher":{"@id":"https:\/\/ismfrance.org\/#organization"},"potentialAction":[{"@type":"SearchAction","target":{"@type":"EntryPoint","urlTemplate":"https:\/\/ismfrance.org\/?s={search_term_string}"},"query-input":{"@type":"PropertyValueSpecification","valueRequired":true,"valueName":"search_term_string"}}],"inLanguage":"fr-FR"},{"@type":"Organization","@id":"https:\/\/ismfrance.org\/#organization","name":"International Solidarity Movement","url":"https:\/\/ismfrance.org\/","logo":{"@type":"ImageObject","inLanguage":"fr-FR","@id":"https:\/\/ismfrance.org\/#\/schema\/logo\/image\/","url":"https:\/\/ismfrance.org\/wp-content\/uploads\/2020\/12\/00.png","contentUrl":"https:\/\/ismfrance.org\/wp-content\/uploads\/2020\/12\/00.png","width":400,"height":400,"caption":"International Solidarity Movement"},"image":{"@id":"https:\/\/ismfrance.org\/#\/schema\/logo\/image\/"},"sameAs":["https:\/\/x.com\/ISMFRANCE"]},{"@type":"Person","@id":"https:\/\/ismfrance.org\/#\/schema\/person\/3c411eb72adfaae19c0dca1f41fae01d","name":"mru_01","image":{"@type":"ImageObject","inLanguage":"fr-FR","@id":"https:\/\/secure.gravatar.com\/avatar\/3a0be343b445d2ccc79e87444a294fad2b232e90d2051d0e3cc219e1ecd6a330?s=96&d=mm&r=g","url":"https:\/\/secure.gravatar.com\/avatar\/3a0be343b445d2ccc79e87444a294fad2b232e90d2051d0e3cc219e1ecd6a330?s=96&d=mm&r=g","contentUrl":"https:\/\/secure.gravatar.com\/avatar\/3a0be343b445d2ccc79e87444a294fad2b232e90d2051d0e3cc219e1ecd6a330?s=96&d=mm&r=g","caption":"mru_01"},"url":"https:\/\/ismfrance.org\/index.php\/author\/admin02\/"}]}},"_links":{"self":[{"href":"https:\/\/ismfrance.org\/index.php\/wp-json\/wp\/v2\/posts\/19014","targetHints":{"allow":["GET"]}}],"collection":[{"href":"https:\/\/ismfrance.org\/index.php\/wp-json\/wp\/v2\/posts"}],"about":[{"href":"https:\/\/ismfrance.org\/index.php\/wp-json\/wp\/v2\/types\/post"}],"author":[{"embeddable":true,"href":"https:\/\/ismfrance.org\/index.php\/wp-json\/wp\/v2\/users\/3"}],"replies":[{"embeddable":true,"href":"https:\/\/ismfrance.org\/index.php\/wp-json\/wp\/v2\/comments?post=19014"}],"version-history":[{"count":0,"href":"https:\/\/ismfrance.org\/index.php\/wp-json\/wp\/v2\/posts\/19014\/revisions"}],"wp:featuredmedia":[{"embeddable":true,"href":"https:\/\/ismfrance.org\/index.php\/wp-json\/wp\/v2\/media\/19015"}],"wp:attachment":[{"href":"https:\/\/ismfrance.org\/index.php\/wp-json\/wp\/v2\/media?parent=19014"}],"wp:term":[{"taxonomy":"category","embeddable":true,"href":"https:\/\/ismfrance.org\/index.php\/wp-json\/wp\/v2\/categories?post=19014"},{"taxonomy":"post_tag","embeddable":true,"href":"https:\/\/ismfrance.org\/index.php\/wp-json\/wp\/v2\/tags?post=19014"}],"curies":[{"name":"wp","href":"https:\/\/api.w.org\/{rel}","templated":true}]}}