{"id":18982,"date":"2025-03-15T11:44:32","date_gmt":"2025-03-15T10:44:32","guid":{"rendered":"https:\/\/ismfrance.org\/?p=18982"},"modified":"2025-03-15T11:44:32","modified_gmt":"2025-03-15T10:44:32","slug":"temoignages-de-gazaouis-la-survie-qui-sorganise-au-jour-le-jour-dans-lenfer-de-gaza-partie-334-14-mars-menaces-graves-sur-la-vie-quotidienne-des-gazaoui-e-s","status":"publish","type":"post","link":"https:\/\/ismfrance.org\/index.php\/2025\/03\/15\/temoignages-de-gazaouis-la-survie-qui-sorganise-au-jour-le-jour-dans-lenfer-de-gaza-partie-334-14-mars-menaces-graves-sur-la-vie-quotidienne-des-gazaoui-e-s\/","title":{"rendered":"T\u00e9moignages de Gazaouis : La survie qui s\u2019organise au jour le jour dans l\u2019enfer de Gaza \u2013 partie 334 \/ 14 mars \u2013 Menaces graves sur la vie quotidienne des Gazaoui.e.s"},"content":{"rendered":"<p align=\"LEFT\"><span style=\"color: #000000;\"><span style=\"font-family: Arial, sans-serif;\"><span style=\"font-size: medium;\"><b>Brigitte Challande, 15 mars 2025. <\/b>Le 14 mars, Abu Amir nous envoie une texte tr\u00e8s pr\u00e9cis sur la crise de l\u2019eau et de la nourriture dans la bande de Gaza qui repr\u00e9sente une trag\u00e9die sans pr\u00e9c\u00e9dent pour la vie des habitants.<\/span><\/span><\/span><\/p>\n<p align=\"LEFT\"><span style=\"color: #000000;\"><span style=\"font-family: Arial, sans-serif;\"><span style=\"font-size: medium;\"><b>\u00ab Gaza priv\u00e9e d\u2019eau potable : une catastrophe humanitaire qui s\u2019aggrave<\/b><\/span><\/span><\/span><\/p>\n<p align=\"LEFT\"><span style=\"color: #000000;\"><span style=\"font-family: Arial, sans-serif;\"><span style=\"font-size: medium;\">La bande de Gaza fait face \u00e0 une crise de l\u2019eau sans pr\u00e9c\u00e9dent qui menace la vie de plus de deux millions d\u2019habitants. L\u2019eau potable est devenue presque inexistante apr\u00e8s la destruction de la plupart des sources d\u2019approvisionnement durant la derni\u00e8re guerre. Le ciblage syst\u00e9matique des puits et des stations de dessalement a entra\u00een\u00e9 une p\u00e9nurie dramatique, rendant l\u2019acc\u00e8s \u00e0 l\u2019eau propre extr\u00eamement difficile.<\/span><\/span><\/span><\/p>\n<p align=\"LEFT\"><span style=\"color: #000000;\"><span style=\"font-family: Arial, sans-serif;\"><span style=\"font-size: medium;\">Au c\u0153ur de cette catastrophe, la station principale de dessalement de l\u2019eau \u00e0 Deir al-Balah a \u00e9t\u00e9 plong\u00e9e dans une situation d\u00e9sastreuse apr\u00e8s que l&rsquo;arm\u00e9e isra\u00e9lienne a totalement coup\u00e9 son alimentation \u00e9lectrique, stoppant ainsi l\u2019approvisionnement en eau des habitants de la r\u00e9gion. Pendant la guerre, cette station fonctionnait gr\u00e2ce aux approvisionnements en diesel qui permettaient d\u2019alimenter les puits et l\u2019usine de dessalement. Apr\u00e8s le cessez-le-feu, des m\u00e9diateurs sont intervenus pour assurer son fonctionnement gr\u00e2ce \u00e0 une ligne \u00e9lectrique fournie par Isra\u00ebl, ce qui lui a permis de produire 20 000 m\u00e8tres cubes d\u2019eau potable par jour. Cette quantit\u00e9 suffisait \u00e0 couvrir les besoins de la ville de Deir al-Balah, y compris les milliers de d\u00e9plac\u00e9s, ainsi qu\u2019une partie importante du centre de la bande de Gaza et de la ville de Khan Youn\u00e8s.<\/span><\/span><\/span><\/p>\n<div id=\"attachment_18995\" style=\"width: 610px\" class=\"wp-caption aligncenter\"><a href=\"https:\/\/ismfrance.org\/wp-content\/uploads\/2025\/03\/IMG_8637.jpg\"><img loading=\"lazy\" decoding=\"async\" aria-describedby=\"caption-attachment-18995\" class=\"wp-image-18995 size-large\" src=\"https:\/\/ismfrance.org\/wp-content\/uploads\/2025\/03\/IMG_8637-700x394.jpg\" alt=\"\" width=\"600\" height=\"338\" srcset=\"https:\/\/ismfrance.org\/wp-content\/uploads\/2025\/03\/IMG_8637-700x394.jpg 700w, https:\/\/ismfrance.org\/wp-content\/uploads\/2025\/03\/IMG_8637-300x169.jpg 300w, https:\/\/ismfrance.org\/wp-content\/uploads\/2025\/03\/IMG_8637-768x432.jpg 768w, https:\/\/ismfrance.org\/wp-content\/uploads\/2025\/03\/IMG_8637.jpg 1280w\" sizes=\"auto, (max-width: 600px) 100vw, 600px\" \/><\/a><p id=\"caption-attachment-18995\" class=\"wp-caption-text\"><em><strong>Poursuite des programmes \u00e9ducatifs par les \u00e9quipes de l&rsquo;UJFP.<\/strong><\/em><\/p><\/div>\n<p align=\"LEFT\"><span style=\"color: #000000;\"><span style=\"font-family: Arial, sans-serif;\"><span style=\"font-size: medium;\"><b><a href=\"https:\/\/ismfrance.org\/wp-content\/uploads\/2025\/03\/IMG_8652.jpg\"><img loading=\"lazy\" decoding=\"async\" class=\"size-large wp-image-18997 aligncenter\" src=\"https:\/\/ismfrance.org\/wp-content\/uploads\/2025\/03\/IMG_8652-700x394.jpg\" alt=\"\" width=\"600\" height=\"338\" srcset=\"https:\/\/ismfrance.org\/wp-content\/uploads\/2025\/03\/IMG_8652-700x394.jpg 700w, https:\/\/ismfrance.org\/wp-content\/uploads\/2025\/03\/IMG_8652-300x169.jpg 300w, https:\/\/ismfrance.org\/wp-content\/uploads\/2025\/03\/IMG_8652-768x432.jpg 768w, https:\/\/ismfrance.org\/wp-content\/uploads\/2025\/03\/IMG_8652.jpg 1280w\" sizes=\"auto, (max-width: 600px) 100vw, 600px\" \/><\/a> <a href=\"https:\/\/ismfrance.org\/wp-content\/uploads\/2025\/03\/IMG_8649.jpg\"><img loading=\"lazy\" decoding=\"async\" class=\"size-large wp-image-18996 aligncenter\" src=\"https:\/\/ismfrance.org\/wp-content\/uploads\/2025\/03\/IMG_8649-700x394.jpg\" alt=\"\" width=\"600\" height=\"338\" srcset=\"https:\/\/ismfrance.org\/wp-content\/uploads\/2025\/03\/IMG_8649-700x394.jpg 700w, https:\/\/ismfrance.org\/wp-content\/uploads\/2025\/03\/IMG_8649-300x169.jpg 300w, https:\/\/ismfrance.org\/wp-content\/uploads\/2025\/03\/IMG_8649-768x432.jpg 768w, https:\/\/ismfrance.org\/wp-content\/uploads\/2025\/03\/IMG_8649.jpg 1280w\" sizes=\"auto, (max-width: 600px) 100vw, 600px\" \/><\/a> <\/b><\/span><\/span><\/span><\/p>\n<p align=\"LEFT\"><span style=\"color: #000000;\"><span style=\"font-family: Arial, sans-serif;\"><span style=\"font-size: medium;\">Cependant, la coupure totale d\u2019\u00e9lectricit\u00e9 et de carburant a entra\u00een\u00e9 l\u2019arr\u00eat complet de la station, plongeant le territoire dans une catastrophe humanitaire sans pr\u00e9c\u00e9dent. Pour la premi\u00e8re fois depuis le d\u00e9but du blocus, Gaza se retrouve totalement priv\u00e9e d\u2019eau potable. Le minist\u00e8re de l\u2019Administration locale \u00e0 Gaza a qualifi\u00e9 cette situation de trag\u00e9die absolue, insistant sur le fait que \u00ab\u00a0des milliers de personnes vivent d\u00e9sormais sans eau, et personne ne r\u00e9pond \u00e0 leurs appels \u00e0 l\u2019aide\u00a0\u00bb.<\/span><\/span><\/span><\/p>\n<p align=\"LEFT\"><span style=\"color: #000000;\"><span style=\"font-family: Arial, sans-serif;\"><span style=\"font-size: medium;\"><b>Destruction des puits et des infrastructures hydrauliques : l\u2019effondrement du syst\u00e8me d\u2019approvisionnement en eau<\/b><\/span><\/span><\/span><\/p>\n<p align=\"LEFT\"><span style=\"color: #000000;\"><span style=\"font-family: Arial, sans-serif;\"><span style=\"font-size: medium;\">La coupure d\u2019\u00e9lectricit\u00e9 de la station de Deir al-Balah n\u2019est pas la seule catastrophe. Plus de 80 % des puits d\u2019eau de la bande de Gaza ont \u00e9t\u00e9 d\u00e9truits lors de la derni\u00e8re guerre isra\u00e9lienne. De plus, les principales conduites d\u2019eau ont \u00e9t\u00e9 directement cibl\u00e9es, interrompant la distribution d\u2019eau \u00e0 travers tout le r\u00e9seau.<\/span><\/span><\/span><\/p>\n<p align=\"LEFT\"><span style=\"color: #000000;\"><span style=\"font-family: Arial, sans-serif;\"><span style=\"font-size: medium;\">La destruction a \u00e9galement touch\u00e9 les infrastructures isra\u00e9liennes de distribution d\u2019eau qui approvisionnaient une partie de Gaza, ce qui a exacerb\u00e9 la crise \u00e0 des niveaux critiques.<\/span><\/span><\/span><\/p>\n<p align=\"LEFT\"><span style=\"color: #000000;\"><span style=\"font-family: Arial, sans-serif;\"><span style=\"font-size: medium;\">Dans ces conditions, les municipalit\u00e9s de Gaza sont incapables de faire fonctionner les rares puits souterrains encore en \u00e9tat, faute de carburant n\u00e9cessaire \u00e0 leur mise en marche. Le blocus strict et la fermeture des points de passage emp\u00eachent l\u2019entr\u00e9e du fuel. Chaque jour qui passe sans solution concr\u00e8te aggrave les souffrances des habitants, contraints de faire la queue pendant des heures devant les camions-citernes et les points de distribution dans l\u2019espoir d\u2019obtenir un peu d\u2019eau.<\/span><\/span><\/span><\/p>\n<p align=\"LEFT\"><span style=\"color: #000000;\"><span style=\"font-family: Arial, sans-serif;\"><span style=\"font-size: medium;\"><b>Appels \u00e0 l\u2019aide pour sauver Gaza de la soif<\/b><\/span><\/span><\/span><\/p>\n<p align=\"LEFT\"><span style=\"color: #000000;\"><span style=\"font-family: Arial, sans-serif;\"><span style=\"font-size: medium;\">Face \u00e0 cette catastrophe, le minist\u00e8re de l\u2019Administration locale \u00e0 Gaza a lanc\u00e9 des avertissements urgents, demandant \u00e0 la communaut\u00e9 internationale d\u2019intervenir imm\u00e9diatement pour remettre en \u00e9tat les conduites d\u2019eau, restaurer les puits locaux et permettre l\u2019entr\u00e9e du diesel pour alimenter les pompes \u00e0 eau.<\/span><\/span><\/span><\/p>\n<p align=\"LEFT\"><span style=\"color: #000000;\"><span style=\"font-family: Arial, sans-serif;\"><span style=\"font-size: medium;\">Les autorit\u00e9s ont \u00e9galement averti que la situation deviendra encore plus dramatique avec l\u2019arriv\u00e9e du printemps et la mont\u00e9e des temp\u00e9ratures, qui amplifieront les besoins en eau.<\/span><\/span><\/span><\/p>\n<p align=\"LEFT\"><span style=\"color: #000000;\"><span style=\"font-family: Arial, sans-serif;\"><span style=\"font-size: medium;\">Malgr\u00e9 ces appels incessants, aucune r\u00e9ponse concr\u00e8te n\u2019a encore \u00e9t\u00e9 donn\u00e9e. Pendant ce temps, les habitants de Gaza continuent de former d\u2019interminables files d\u2019attente devant les camions d\u2019eau et les centres de distribution, un spectacle quotidien qui illustre l\u2019ampleur de la catastrophe humanitaire.<\/span><\/span><\/span><\/p>\n<p align=\"LEFT\"><span style=\"color: #000000;\"><span style=\"font-family: Arial, sans-serif;\"><span style=\"font-size: medium;\"><b>Crise alimentaire : Gaza face \u00e0 la famine<\/b><\/span><\/span><\/span><\/p>\n<p align=\"LEFT\"><span style=\"color: #000000;\"><span style=\"font-family: Arial, sans-serif;\"><span style=\"font-size: medium;\">La crise ne se limite pas \u00e0 l\u2019eau : la famine menace \u00e9galement la population. Apr\u00e8s la fermeture des points de passage par Isra\u00ebl, emp\u00eachant l\u2019acheminement de l\u2019aide humanitaire et des marchandises, les produits alimentaires de base se rar\u00e9fient dangereusement.<\/span><\/span><\/span><\/p>\n<p align=\"LEFT\"><span style=\"color: #000000;\"><span style=\"font-family: Arial, sans-serif;\"><span style=\"font-size: medium;\">Sous ce blocus asphyxiant, les habitants de Gaza passent des heures dans des files d\u2019attente interminables devant les boulangeries et les centres de distribution alimentaire pour obtenir du pain ou un repas.<\/span><\/span><\/span><\/p>\n<p align=\"LEFT\"><span style=\"color: #000000;\"><span style=\"font-family: Arial, sans-serif;\"><span style=\"font-size: medium;\">Les centres d\u2019aide alimentaire, qui fournissaient des repas aux d\u00e9plac\u00e9s, ne peuvent plus r\u00e9pondre \u00e0 la demande. Le nombre de personnes en d\u00e9tresse a explos\u00e9, atteignant un niveau jamais vu auparavant. Malgr\u00e9 les efforts des organisations humanitaires, les ressources disponibles sont insuffisantes pour couvrir les besoins vitaux de centaines de milliers d\u2019habitants qui ont perdu toutes leurs sources de revenus et d\u00e9pendent exclusivement de l\u2019aide alimentaire.<\/span><\/span><\/span><\/p>\n<p align=\"LEFT\"><span style=\"color: #000000;\"><span style=\"font-family: Arial, sans-serif;\"><span style=\"font-size: medium;\"><b>Approvisionnement en eau et en nourriture malgr\u00e9 le blocus<\/b><\/span><\/span><\/span><\/p>\n<p align=\"LEFT\"><span style=\"color: #000000;\"><span style=\"font-family: Arial, sans-serif;\"><span style=\"font-size: medium;\">Malgr\u00e9 ces conditions extr\u00eames, les \u00e9quipes de l\u2019UJFP poursuivent sans rel\u00e2che leur travail humanitaire pour venir en aide aux habitants touch\u00e9s par la guerre et le blocus.<\/span><\/span><\/span><\/p>\n<p align=\"LEFT\"><span style=\"color: #000000;\"><span style=\"font-family: Arial, sans-serif;\"><span style=\"font-size: medium;\">Elles continuent notamment de distribuer des repas aux familles vuln\u00e9rables (photos ci-dessous), en se concentrant particuli\u00e8rement sur la r\u00e9gion d\u2019Abou Ta\u00efma, o\u00f9 de nombreuses familles de paysans ont perdu leurs moyens de subsistance en raison des destructions.<\/span><\/span><\/span><a href=\"https:\/\/ismfrance.org\/wp-content\/uploads\/2025\/03\/IMG_8670.jpg\"><img loading=\"lazy\" decoding=\"async\" class=\"size-large wp-image-18998 aligncenter\" src=\"https:\/\/ismfrance.org\/wp-content\/uploads\/2025\/03\/IMG_8670-700x394.jpg\" alt=\"\" width=\"600\" height=\"338\" srcset=\"https:\/\/ismfrance.org\/wp-content\/uploads\/2025\/03\/IMG_8670-700x394.jpg 700w, https:\/\/ismfrance.org\/wp-content\/uploads\/2025\/03\/IMG_8670-300x169.jpg 300w, https:\/\/ismfrance.org\/wp-content\/uploads\/2025\/03\/IMG_8670-768x432.jpg 768w, https:\/\/ismfrance.org\/wp-content\/uploads\/2025\/03\/IMG_8670.jpg 1280w\" sizes=\"auto, (max-width: 600px) 100vw, 600px\" \/><\/a> <a href=\"https:\/\/ismfrance.org\/wp-content\/uploads\/2025\/03\/IMG_8682.jpg\"><img loading=\"lazy\" decoding=\"async\" class=\"size-large wp-image-18999 aligncenter\" src=\"https:\/\/ismfrance.org\/wp-content\/uploads\/2025\/03\/IMG_8682-700x394.jpg\" alt=\"\" width=\"600\" height=\"338\" srcset=\"https:\/\/ismfrance.org\/wp-content\/uploads\/2025\/03\/IMG_8682-700x394.jpg 700w, https:\/\/ismfrance.org\/wp-content\/uploads\/2025\/03\/IMG_8682-300x169.jpg 300w, https:\/\/ismfrance.org\/wp-content\/uploads\/2025\/03\/IMG_8682-768x432.jpg 768w, https:\/\/ismfrance.org\/wp-content\/uploads\/2025\/03\/IMG_8682.jpg 1280w\" sizes=\"auto, (max-width: 600px) 100vw, 600px\" \/><\/a> <a href=\"https:\/\/ismfrance.org\/wp-content\/uploads\/2025\/03\/IMG_8702.jpg\"><img loading=\"lazy\" decoding=\"async\" class=\"size-large wp-image-19000 aligncenter\" src=\"https:\/\/ismfrance.org\/wp-content\/uploads\/2025\/03\/IMG_8702-700x394.jpg\" alt=\"\" width=\"600\" height=\"338\" srcset=\"https:\/\/ismfrance.org\/wp-content\/uploads\/2025\/03\/IMG_8702-700x394.jpg 700w, https:\/\/ismfrance.org\/wp-content\/uploads\/2025\/03\/IMG_8702-300x169.jpg 300w, https:\/\/ismfrance.org\/wp-content\/uploads\/2025\/03\/IMG_8702-768x432.jpg 768w, https:\/\/ismfrance.org\/wp-content\/uploads\/2025\/03\/IMG_8702.jpg 1280w\" sizes=\"auto, (max-width: 600px) 100vw, 600px\" \/><\/a><\/p>\n<p align=\"LEFT\"><span style=\"color: #000000;\"><span style=\"font-family: Arial, sans-serif;\"><span style=\"font-size: medium;\">Concernant l\u2019eau, un projet majeur a \u00e9t\u00e9 men\u00e9 \u00e0 bien dans la r\u00e9gion d&rsquo;Abou Ta\u00efma et Khuzaa, o\u00f9 une r\u00e9serve d\u2019eau a \u00e9t\u00e9 am\u00e9nag\u00e9e. Cette infrastructure fournit d\u00e9sormais de l\u2019eau aux habitants et aux agriculteurs, leur permettant de cultiver leurs terres apr\u00e8s une longue p\u00e9riode de s\u00e9cheresse forc\u00e9e.<\/span><\/span><\/span><\/p>\n<p align=\"LEFT\"><span style=\"color: #000000;\"><span style=\"font-family: Arial, sans-serif;\"><span style=\"font-size: medium;\">De plus, l\u2019usine de dessalement de l\u2019UJFP continue d\u2019approvisionner en eau potable les zones situ\u00e9es \u00e0 l\u2019est du gouvernorat de Khan Younis, incluant Khuzaa, Abou Ta\u00efma et Abassan. Malgr\u00e9 des moyens limit\u00e9s, ces efforts att\u00e9nuent en partie la souffrance des habitants en leur fournissant les besoins les plus essentiels.<\/span><\/span><\/span><\/p>\n<p align=\"LEFT\"><span style=\"color: #000000;\"><span style=\"font-family: Arial, sans-serif;\"><span style=\"font-size: medium;\"><b>Un appel \u00e0 une intervention internationale urgente pour sauver Gaza<\/b><\/span><\/span><\/span><\/p>\n<p align=\"LEFT\"><span style=\"color: #000000;\"><span style=\"font-family: Arial, sans-serif;\"><span style=\"font-size: medium;\">Ce qui se passe \u00e0 Gaza ne rel\u00e8ve plus d\u2019une simple crise humanitaire, c\u2019est une trag\u00e9die humaine d\u2019une ampleur alarmante, qui menace directement la vie de plus de deux millions de personnes.<\/span><\/span><\/span><\/p>\n<p align=\"LEFT\"><span style=\"color: #000000;\"><span style=\"font-family: Arial, sans-serif;\"><span style=\"font-size: medium;\">L\u2019eau potable est inexistante, la nourriture se fait rare, et les points de passage sont bloqu\u00e9s, rendant la vie \u00e0 Gaza insoutenable.<\/span><\/span><\/span><\/p>\n<p align=\"LEFT\"><span style=\"color: #000000;\"><span style=\"font-family: Arial, sans-serif;\"><span style=\"font-size: medium;\">Alors que les municipalit\u00e9s et les ONG lancent des appels de d\u00e9tresse incessants, une question se pose : Jusqu\u2019\u00e0 quand le monde restera-t-il indiff\u00e9rent \u00e0 cette souffrance ?<\/span><\/span><\/span><\/p>\n<p align=\"LEFT\"><span style=\"color: #000000;\"><span style=\"font-family: Arial, sans-serif;\"><span style=\"font-size: medium;\">Si aucune action imm\u00e9diate n\u2019est entreprise pour r\u00e9tablir l\u2019approvisionnement en eau, rouvrir les points de passage et permettre l\u2019entr\u00e9e de carburant et de nourriture, les cons\u00e9quences seront catastrophiques \u00e0 tous les niveaux, surtout avec l\u2019arriv\u00e9e des temp\u00e9ratures estivales \u00e9lev\u00e9es qui augmenteront la demande en eau et en nourriture.<\/span><\/span><\/span><\/p>\n<p align=\"LEFT\"><span style=\"color: #000000;\"><span style=\"font-family: Arial, sans-serif;\"><span style=\"font-size: medium;\">Les habitants de Gaza ne r\u00e9clament que leurs droits fondamentaux : de l\u2019eau potable, de la nourriture en quantit\u00e9 suffisante, et de l\u2019\u00e9lectricit\u00e9 pour faire fonctionner les stations de dessalement et les boulangeries.<\/span><\/span><\/span><\/p>\n<p align=\"LEFT\"><span style=\"color: #000000;\"><span style=\"font-family: Arial, sans-serif;\"><span style=\"font-size: medium;\">Mais m\u00eame ces besoins vitaux leur sont refus\u00e9s. Leur quotidien n\u2019est plus qu\u2019une interminable file d\u2019attente pour survivre un jour de plus.\u00a0\u00bb<\/span><\/span><\/span><\/p>\n<p align=\"LEFT\"><em><span style=\"color: #000000;\"><span style=\"font-family: Arial, sans-serif;\"><span style=\"font-size: medium;\"><b>Photos et vid\u00e9os des repas <a href=\"https:\/\/drive.google.com\/drive\/folders\/1XO6hs9UrfkLPxnJ3PV_GssebebN0N1iR\">ICI<\/a> et des programmes \u00e9ducatifs <a href=\"https:\/\/drive.google.com\/drive\/folders\/1XqJpcqbj4mHHc3Z6aYMQwkHT2N6GKOvE\">ICI<\/a>.<\/b><\/span><\/span><\/span><\/em><\/p>\n<p align=\"LEFT\">***<\/p>\n<p align=\"LEFT\"><a href=\"https:\/\/ismfrance.org\/wp-content\/uploads\/2025\/03\/chalets.png\"><img loading=\"lazy\" decoding=\"async\" class=\"size-full wp-image-19005 aligncenter\" src=\"https:\/\/ismfrance.org\/wp-content\/uploads\/2025\/03\/chalets.png\" alt=\"\" width=\"569\" height=\"561\" srcset=\"https:\/\/ismfrance.org\/wp-content\/uploads\/2025\/03\/chalets.png 569w, https:\/\/ismfrance.org\/wp-content\/uploads\/2025\/03\/chalets-300x296.png 300w\" sizes=\"auto, (max-width: 569px) 100vw, 569px\" \/><\/a><\/p>\n<p><span style=\"color: #000000;\"><span style=\"font-family: Arial, sans-serif;\"><span style=\"font-size: medium;\">On retrouve \u00e9galement la d\u00e9termination invincible des Palestiniens qui, las d&rsquo;attendre des caravanes promises mais bloqu\u00e9es, lancent <strong><a href=\"https:\/\/x.com\/thaeralbannaa\/status\/1900661525511102841\">cette iniative de construction de chalets en bois<\/a><\/strong> \u00e0 Gaza. (note ISM-France)<\/span><\/span><\/span><\/p>\n<hr \/>\n<p align=\"LEFT\"><strong>Retrouvez l\u2019ensemble des t\u00e9moignages d\u2019Abu Amir et Marsel :<\/strong><\/p>\n<p>*<strong>Abu Amir Mutasem Ele\u00efwa<\/strong>\u00a0est coordinateur des Projets paysans depuis 2016 au sud de la bande de Gaza et correspondant de l\u2019Union Juive Fran\u00e7aise pour la Paix.<\/p>\n<p>*<strong>Marsel Alledawi<\/strong>\u00a0est responsable du Centre Ibn Sina du nord de la bande de Gaza, centre qui se consacre au suivi \u00e9ducatif et psychologique de l\u2019enfance.<\/p>\n<p>Tous les deux sont soutenus par l\u2019UJFP en France.<\/p>\n<p><strong><em>Cliquez ici pour consulter les\u00a0<a href=\"https:\/\/ismfrance.org\/index.php\/temoignages-gazaouis-survie-enfer-gaza-1\/\" target=\"_blank\" rel=\"noopener\">T\u00e9moignages du 20 novembre 2023 au 5 janvier 2025.<\/a><\/em><\/strong><\/p>\n<p><a href=\"https:\/\/ismfrance.org\/index.php\/2025\/01\/07\/temoignages-de-gazaouis-la-survie-qui-sorganise-au-jour-le-jour-dans-lenfer-de-gaza-partie-270-6-janvier-un-regard-sur-gaza\/\">Partie 270<\/a>\u00a0\/ 6 janvier\u00a0;\u00a0<a href=\"https:\/\/ismfrance.org\/index.php\/2025\/01\/09\/deuxieme-hiver-sous-des-abris-de-fortune-dans-la-faim-et-la-souffrance-le-temoignage-de-madleen-seule-femme-pecheure-dans-la-bande-de-gaza\/\">Partie 271<\/a>\u00a0\/ 7 janvier\u00a0;\u00a0<a href=\"https:\/\/ismfrance.org\/index.php\/2025\/01\/09\/temoignages-de-gazaouis-la-survie-qui-sorganise-au-jour-le-jour-dans-lenfer-de-gaza-partie-272-8-janvier-agressions-sans-limite\/\">Partie 272<\/a>\u00a0: 8 janvier\u00a0;\u00a0<a href=\"https:\/\/ismfrance.org\/index.php\/2025\/01\/10\/temoignages-de-gazaouis-la-survie-qui-sorganise-au-jour-le-jour-dans-lenfer-de-gaza-partie-273-10-janvier-fournitures-dhiver-pour-les-camps-de-d\/\">Partie 273<\/a>\u00a0: 10 janvier\u00a0;\u00a0<a href=\"https:\/\/ismfrance.org\/index.php\/2025\/01\/11\/temoignages-de-gazaouis-la-survie-qui-sorganise-au-jour-le-jour-dans-lenfer-de-gaza-partie-274-11-janvier-distribution-alimentaire-les-6-7-et-8-janvier\/\">Partie 274<\/a>\u00a0\/ 11 janvier ;\u00a0<a href=\"https:\/\/ismfrance.org\/index.php\/2025\/01\/11\/temoignages-de-gazaouis-la-survie-qui-sorganise-au-jour-le-jour-dans-lenfer-de-gaza-partie-275-11-janvier-1-rapport-complet-sur-la-situation-generale-dans-l\/\">Partie 275<\/a>\u00a0\/ 11 janvier (1) ;\u00a0<a href=\"https:\/\/ismfrance.org\/index.php\/2025\/01\/12\/temoignages-de-gazaouis-la-survie-qui-sorganise-au-jour-le-jour-dans-lenfer-de-gaza-partie-276-12-janvier-des-actions-persistantes-dans-les-camps-d\/\">Partie 276<\/a>\u00a0: 12 janvier ;\u00a0<a href=\"https:\/\/ismfrance.org\/index.php\/2025\/01\/14\/temoignages-de-gazaouis-la-survie-qui-sorganise-au-jour-le-jour-dans-lenfer-de-gaza-partie-277-13-janvier-massacres-continus-et-espoir-de-treve-imminent\/\">Partie 277<\/a>\u00a0: 13 janvier ;<a href=\"https:\/\/ismfrance.org\/index.php\/2025\/01\/15\/temoignages-de-gazaouis-la-survie-qui-sorganise-au-jour-le-jour-dans-lenfer-de-gaza-partie-278-14-janvier-initiative-pain-despoir\/\">\u00a0Partie 278<\/a>\u00a0: 14 janvier.\u00a0<a href=\"https:\/\/ismfrance.org\/index.php\/2025\/01\/16\/temoignages-de-gazaouis-la-survie-qui-sorganise-au-jour-le-jour-dans-lenfer-de-gaza-partie-279-15-janvier-apres-lannonce-dun-cess\/\">Partie 279<\/a>\u00a0: 15 janvier.\u00a0<a href=\"https:\/\/ismfrance.org\/index.php\/2025\/01\/17\/17518\/\">Partie 280<\/a>\u00a0: 16 janvier.\u00a0<a href=\"https:\/\/ismfrance.org\/index.php\/2025\/01\/17\/temoignages-de-gazaouis-la-survie-qui-sorganise-au-jour-le-jour-dans-lenfer-de-gaza-partie-280-16-janvier-un-accord-dans-un-ciel-tres-sombre\/\">Partie 281<\/a>\u00a0: 16 janvier (1).\u00a0<a href=\"https:\/\/ismfrance.org\/index.php\/2025\/01\/18\/temoignages-de-gazaouis-la-survie-qui-sorganise-au-jour-le-jour-dans-lenfer-de-gaza-partie-282-17-janvier-laccord-une-joie-teintee\/\">Partie 282<\/a>\u00a0: 17 janvier.\u00a0<a href=\"https:\/\/ismfrance.org\/index.php\/2025\/01\/19\/temoignages-de-gazaouis-la-survie-qui-sorganise-au-jour-le-jour-dans-lenfer-de-gaza-partie-283-18-janvier-laccord-vu-de-gaza-calme\/\">Partie 283<\/a>\u00a0: 18 janvier.\u00a0<a href=\"https:\/\/ismfrance.org\/index.php\/2025\/01\/20\/temoignages-de-gazaouis-la-survie-qui-sorganise-au-jour-le-jour-dans-lenfer-de-gaza-partie-284-18-janvier-1-saison-de-la-recolte-de-lespoir-pour\/\">Partie 284<\/a>\u00a0: 18 janvier\/1.<a href=\"https:\/\/ismfrance.org\/index.php\/2025\/01\/21\/temoignages-de-gazaouis-la-survie-qui-sorganise-au-jour-le-jour-dans-lenfer-de-gaza-partie-285-19-20-janvier-la-joie-de-la-treve-melee-au-choc-de-la-dec\/\">\u00a0Partie 285<\/a>\u00a0: 19-20 janvier.\u00a0<a href=\"https:\/\/ismfrance.org\/index.php\/2025\/01\/22\/temoignages-de-gazaouis-la-survie-qui-sorganise-au-jour-le-jour-dans-lenfer-de-gaza-partie-286-22-janvier-israel-reprendra-t-il-la-guerre-apres-avo\/\">Partie 286<\/a>\u00a0: 22 janvier.\u00a0<a href=\"https:\/\/ismfrance.org\/index.php\/2025\/01\/23\/17722\/\">Partie 287<\/a>\u00a0: 22 janvier (1).\u00a0<a href=\"https:\/\/ismfrance.org\/index.php\/2025\/01\/24\/temoignages-de-gazaouis-la-survie-qui-sorganise-au-jour-le-jour-dans-lenfer-de-gaza-partie-288-23-janvier-dans-le-defi-que-represente-la-situation-le-tr\/\">Partie 288<\/a>\u00a0: 23 janvier.\u00a0<a href=\"https:\/\/ismfrance.org\/index.php\/2025\/01\/25\/temoignages-de-gazaouis-la-survie-qui-sorganise-au-jour-le-jour-dans-lenfer-de-gaza-partie-289-23-janvier-1-une-tragedie-continue\/\">Partie 289<\/a>\u00a0: 23 janvier (1).\u00a0<a href=\"https:\/\/ismfrance.org\/index.php\/2025\/01\/26\/temoignages-de-gazaouis-la-survie-qui-sorganise-au-jour-le-jour-dans-lenfer-de-gaza-partie-290-25-janvier-preparer-les-femmes-au-retour-dans-leurs-regions-d\/\">Partie 290<\/a>\u00a0: 25 janvier.\u00a0<a href=\"https:\/\/ismfrance.org\/index.php\/2025\/01\/27\/temoignages-de-gazaouis-la-survie-qui-sorganise-au-jour-le-jour-dans-lenfer-de-gaza-partie-291-26-janvier-les-terribles-conditions-du-retour-chez-soi-pou\/\">Partie 291<\/a>\u00a0: 26 janvier.<a href=\"https:\/\/ismfrance.org\/index.php\/2025\/01\/27\/temoignages-de-gazaouis-la-survie-qui-sorganise-au-jour-le-jour-dans-lenfer-de-gaza-partie-292-27-janvier-contexte-menacant-pour-le-retour-des-gazaouis-d\/\">\u00a0Partie 292<\/a>\u00a0: 27 janvier.\u00a0<a href=\"https:\/\/ismfrance.org\/index.php\/2025\/01\/29\/temoignages-de-gazaouis-la-survie-qui-sorganise-au-jour-le-jour-dans-lenfer-de-gaza-partie-293-28-janvier-une-description-frappante-la-tragedie-de\/\">Partie 293<\/a>\u00a0: 28 janvier.\u00a0<a href=\"https:\/\/ismfrance.org\/index.php\/2025\/01\/29\/temoignages-de-gazaouis-la-survie-qui-sorganise-au-jour-le-jour-dans-lenfer-de-gaza-partie-294-28-janvier-retour-de-zakaria-baker-pecheur-au-port-de-gaza\/\">Partie 294<\/a>\u00a0: 28 janvier (1).\u00a0<a href=\"https:\/\/ismfrance.org\/index.php\/2025\/01\/29\/temoignages-de-gazaouis-la-survie-qui-sorganise-au-jour-le-jour-dans-lenfer-de-gaza-partie-295-29-janvier-entre-deplacement-et-retour\/\">Partie 295<\/a>\u00a0: 29 janvier.<a href=\"https:\/\/ismfrance.org\/index.php\/2025\/01\/31\/temoignages-de-gazaouis-la-survie-qui-sorganise-au-jour-le-jour-dans-lenfer-de-gaza-partie-296-30-janvier-survivre-dans-le-nord-de-gaza-et-distribution-d\/\">\u00a0Partie 296<\/a>\u00a0: 30 janvier.\u00a0<a href=\"https:\/\/ismfrance.org\/index.php\/2025\/02\/01\/temoignages-de-gazaouis-la-survie-qui-sorganise-au-jour-le-jour-dans-lenfer-de-gaza-partie-297-31-janvier-dans-les-camps-de-deplaces-une-lutte-constant\/\">Partie 297<\/a>\u00a0: 31 janvier.\u00a0<a href=\"https:\/\/ismfrance.org\/index.php\/2025\/02\/02\/temoignages-de-gazaouis-la-survie-qui-sorganise-au-jour-le-jour-dans-lenfer-de-gaza-partie-298-1er-fevrier-dans-le-nord-de-la-bande-de-gaza-entre-la-fai\/\">Partie 298<\/a>\u00a0: 1er f\u00e9vrier.\u00a0<a href=\"https:\/\/ismfrance.org\/index.php\/2025\/02\/03\/temoignages-de-gazaouis-la-survie-qui-sorganise-au-jour-le-jour-dans-lenfer-de-gaza-partie-299-1er-fevrier-1-tenacite-persistance-regularite-main\/\">Partie 299<\/a>\u00a0: 1er f\u00e9vrier (1).\u00a0<a href=\"ttps:\/\/ismfrance.org\/index.php\/2025\/02\/03\/temoignages-de-gazaouis-la-survie-qui-sorganise-au-jour-le-jour-dans-lenfer-de-gaza-partie-300-2-fevrier-voyage-vers-le-nord\/\">Partie 300<\/a>\u00a0: 2 f\u00e9vrier.<a href=\"https:\/\/ismfrance.org\/index.php\/2025\/02\/05\/temoignages-de-gazaouis-la-survie-qui-sorganise-au-jour-le-jour-dans-lenfer-de-gaza-partie-301-4-fevrier-le-scenario-de-guerre-se-deplace-vers-la-cisjorda\/\">\u00a0Partie 301<\/a>\u00a0: 4 f\u00e9vrier.\u00a0<a href=\"https:\/\/ismfrance.org\/index.php\/2025\/02\/06\/temoignages-de-gazaouis-la-survie-qui-sorganise-au-jour-le-jour-dans-lenfer-de-gaza-partie-302-5-fevrier-la-crise-humanitaire-a-gaza-une-tragedie-qui-s\/\">Partie 302<\/a>\u00a0: 5 f\u00e9vrier.\u00a0<a href=\"https:\/\/ismfrance.org\/index.php\/2025\/02\/06\/temoignages-de-gazaouis-la-survie-qui-sorganise-au-jour-le-jour-dans-lenfer-de-gaza-partie-303-6-fevrier-poursuite-du-ciblage-israelien-contre-les-civils\/\">Partie 303<\/a>\u00a0: 6 f\u00e9vrier.\u00a0<a href=\"https:\/\/ismfrance.org\/index.php\/2025\/02\/07\/temoignages-de-gazaouis-la-survie-qui-sorganise-au-jour-le-jour-dans-lenfer-de-gaza-partie-304-7-fevrier-les-enfants-lavenir-et-lespoir\/\">Partie 304<\/a>\u00a0: 7 f\u00e9vrier.\u00a0<a href=\"https:\/\/ismfrance.org\/index.php\/2025\/02\/08\/temoignages-de-gazaouis-la-survie-qui-sorganise-au-jour-le-jour-dans-lenfer-de-gaza-partie-305-7-fevrier-1-des-nuits-eprouvantes-froid-meurtrier-corps-sou\/\">Partie 305<\/a>\u00a0: 7 f\u00e9vrier (1).\u00a0<a href=\"https:\/\/ismfrance.org\/index.php\/2025\/02\/09\/temoignages-de-gazaouis-la-survie-qui-sorganise-au-jour-le-jour-dans-lenfer-de-gaza-partie-306-8-fevrier-soutenir-les-femmes-tous-les-deplace-e-s-et-surtout-l\/\">Partie 306<\/a>\u00a0: 8 f\u00e9vrier.\u00a0<a href=\"https:\/\/ismfrance.org\/index.php\/2025\/02\/11\/temoignages-de-gazaouis-la-survie-qui-sorganise-au-jour-le-jour-dans-lenfer-de-gaza-partie-307-9-fevrier-renforcement-de-lagriculture-et-amelior\/\">Partie 307<\/a>\u00a0: 9 f\u00e9vrier.\u00a0<a href=\"https:\/\/ismfrance.org\/index.php\/2025\/02\/12\/temoignages-de-gazaouis-la-survie-qui-sorganise-au-jour-le-jour-dans-lenfer-de-gaza-partie-308-10-fevrier-nord-de-gaza-une-crise-de-leau-dans-un-cont\/\">Partie 308<\/a>\u00a0: 10 f\u00e9vrier.\u00a0<a href=\"https:\/\/ismfrance.org\/index.php\/2025\/02\/12\/temoignages-de-gazaouis-la-survie-qui-sorganise-au-jour-le-jour-dans-lenfer-de-gaza-partie-309-11-fevrier-lavenir-de-gaza-est-dans-le-vent\/\">Partie 309<\/a>\u00a0: 11 f\u00e9vrier.\u00a0<a href=\"https:\/\/ismfrance.org\/index.php\/2025\/02\/13\/temoignages-de-gazaouis-la-survie-qui-sorganise-au-jour-le-jour-dans-lenfer-de-gaza-partie-310-12-fevrier-suivi-des-conditions-de-vie-des-agriculteurs-a-les\/\">Partie 310<\/a>\u00a0: 12 f\u00e9vrier.\u00a0<a href=\"https:\/\/ismfrance.org\/index.php\/2025\/02\/16\/temoignages-de-gazaouis-la-survie-qui-sorganise-au-jour-le-jour-dans-lenfer-de-gaza-partie-311-14-fevrier-la-crise-humanitaire-le-chomage-la-soif-et-l\/\">Partie 311<\/a>\u00a0: 14 f\u00e9vrier.\u00a0<a href=\"https:\/\/ismfrance.org\/index.php\/2025\/02\/16\/temoignages-de-gazaouis-la-survie-qui-sorganise-au-jour-le-jour-dans-lenfer-de-gaza-partie-312-15-fevrier-importance-de-leducation-et-du-soutien\/\">Partie 312<\/a>\u00a0: 15 f\u00e9vrier.\u00a0<a href=\"https:\/\/ismfrance.org\/index.php\/2025\/02\/17\/temoignages-de-gazaouis-la-survie-qui-sorganise-au-jour-le-jour-dans-lenfer-de-gaza-partie-313-15-fevrier-1-gaza-continue-de-crier-mais-qui-le\/\">Partie 313<\/a>\u00a0: 15 f\u00e9vrier (1).\u00a0<a href=\"https:\/\/ismfrance.org\/index.php\/2025\/02\/19\/temoignages-de-gazaouis-la-survie-qui-sorganise-au-jour-le-jour-dans-lenfer-de-gaza-partie-314-18-fevrier-une-tristesse-infinie\/\">Partie 314<\/a>\u00a0: 18 f\u00e9vrier.\u00a0<a href=\"https:\/\/ismfrance.org\/index.php\/2025\/02\/19\/temoignages-de-gazaouis-la-survie-qui-sorganise-au-jour-le-jour-dans-lenfer-de-gaza-partie-315-18-fevrier-1-colis-de-secours-pour-les-personnes-deplacees-da\/\">Partie 315<\/a>\u00a0: 18 f\u00e9vrier (1).\u00a0<a href=\"https:\/\/ismfrance.org\/index.php\/2025\/02\/20\/temoignages-de-gazaouis-la-survie-qui-sorganise-au-jour-le-jour-dans-lenfer-de-gaza-partie-316-18-fevrier-2-des-nouvelles-de-madleen-femme-pecheur-a-g\/\">Partie 316<\/a>\u00a0: 18 f\u00e9vrier (2).\u00a0<a href=\"https:\/\/ismfrance.org\/index.php\/2025\/02\/20\/temoignages-de-gazaouis-la-survie-qui-sorganise-au-jour-le-jour-dans-lenfer-de-gaza-partie-317-19-fevrier-le-secteur-agricole-entre-destruction-et-fami\/\">Partie 317<\/a>\u00a0: 19 f\u00e9vrier.\u00a0<a href=\"https:\/\/ismfrance.org\/index.php\/2025\/02\/21\/temoignages-de-gazaouis-la-survie-qui-sorganise-au-jour-le-jour-dans-lenfer-de-gaza-partie-318-20-fevrier-quen-est-il-de-la-deuxieme-phase-de-l\/\">Partie 318<\/a>\u00a0: 20 f\u00e9vrier.\u00a0<a href=\"https:\/\/ismfrance.org\/index.php\/2025\/02\/22\/temoignages-de-gazaouis-la-survie-qui-sorganise-au-jour-le-jour-dans-lenfer-de-gaza-partie-319-21-fevrier-la-destruction-des-secteurs-productifs\/\">Partie 319<\/a>\u00a0: 21 f\u00e9vrier.\u00a0<a href=\"https:\/\/ismfrance.org\/index.php\/2025\/02\/24\/temoignages-de-gazaouis-la-survie-qui-sorganise-au-jour-le-jour-dans-lenfer-de-gaza-partie-320-22-fevrier-gaza-compte-rendu-hebdomadaire-des-activ\/\">Partie 320<\/a>\u00a0: 22 f\u00e9vrier.\u00a0<a href=\"https:\/\/ismfrance.org\/index.php\/2025\/02\/25\/temoignages-de-gazaouis-la-survie-qui-sorganise-au-jour-le-jour-dans-lenfer-de-gaza-partie-321-23-fevrier-une-tentative-de-regarder-en-face-la-situation\/\">Partie 321<\/a>\u00a0: 23 f\u00e9vrier.\u00a0<a href=\"https:\/\/ismfrance.org\/index.php\/2025\/02\/25\/temoignages-de-gazaouis-la-survie-qui-sorganise-au-jour-le-jour-dans-lenfer-de-gaza-partie-322-24-fevrier-le-recit-dune-femme-dans-le-ven\/\">Partie 322<\/a>\u00a0: 24 f\u00e9vrier.\u00a0<a href=\"https:\/\/ismfrance.org\/index.php\/2025\/02\/26\/temoignages-de-gazaouis-la-survie-qui-sorganise-au-jour-le-jour-dans-lenfer-de-gaza-partie-323-25-fevrier-gaza-sous-lemprise-du-froid-et-dun\/\">Partie 323<\/a>\u00a0: 25 f\u00e9vrier.\u00a0<a href=\"https:\/\/ismfrance.org\/index.php\/2025\/02\/28\/temoignages-de-gazaouis-la-survie-qui-sorganise-au-jour-le-jour-dans-lenfer-de-gaza-partie-324-27-fevrier-aggravation-de-la-crise-economique-pour-les-familles\/\">Partie 324<\/a>\u00a0: 27 f\u00e9vrier.\u00a0<a href=\"https:\/\/ismfrance.org\/index.php\/2025\/03\/01\/temoignages-de-gazaouis-la-survie-qui-sorganise-au-jour-le-jour-dans-lenfer-de-gaza-partie-325-28-fevrier-encore-une-semaine-pleine-dactivites-d\/\">Partie 325<\/a>\u00a0: 28 f\u00e9vrier.\u00a0<a href=\"ttps:\/\/ismfrance.org\/index.php\/2025\/03\/02\/temoignages-de-gazaouis-la-survie-qui-sorganise-au-jour-le-jour-dans-lenfer-de-gaza-partie-326-1er-mars-dans-lhumiliation-de-lattente\/\">Partie 326<\/a>\u00a0: 1er mars.\u00a0<a href=\"https:\/\/ismfrance.org\/index.php\/2025\/03\/06\/temoignages-de-gazaouis-la-survie-qui-sorganise-au-jour-le-jour-dans-lenfer-de-gaza-partie-327-5-mars-violations-et-escalades-des-sanctions-commises-par-israe\/\">Partie 327<\/a>\u00a0: 5 mars.\u00a0<a href=\"https:\/\/ismfrance.org\/index.php\/2025\/03\/07\/temoignages-de-gazaouis-la-survie-qui-sorganise-au-jour-le-jour-dans-lenfer-de-gaza-partie-328-6-mars-sous-blocus-et-fermeture-des-passages-la-crise-hum\/\">Partie 328<\/a>\u00a0: 6 mars.\u00a0<a href=\"https:\/\/ismfrance.org\/index.php\/2025\/03\/10\/temoignages-de-gazaouis-la-survie-qui-sorganise-au-jour-le-jour-dans-lenfer-de-gaza-partie-329-9-mars-scenarios-pour-gaza-entre-prolongation-de-la-treve-et-reprise\/\">Partie 329<\/a>\u00a0: 9 mars.\u00a0<a href=\"https:\/\/ismfrance.org\/index.php\/2025\/03\/11\/temoignages-de-gazaouis-la-survie-qui-sorganise-au-jour-le-jour-dans-lenfer-de-gaza-partie-330-10-mars-a-gaza-aussi-les-femmes-sont-la-moitie-du-ciel\/\">Partie 330<\/a>\u00a0: 10 mars.\u00a0<a href=\"https:\/\/ismfrance.org\/index.php\/2025\/03\/12\/temoignages-de-gazaouis-la-survie-qui-sorganise-au-jour-le-jour-dans-lenfer-de-gaza-partie-331-11-mars-une-realite-accablante-le-secteur-agricole-est-l\/\">Partie 331<\/a>\u00a0: 11 mars.\u00a0<a href=\"https:\/\/ismfrance.org\/index.php\/2025\/03\/13\/temoignages-de-gazaouis-la-survie-qui-sorganise-au-jour-le-jour-dans-lenfer-de-gaza-partie-332-12-mars-fermeture-des-points-de-passage-menace-de-famine\/\">Partie 332<\/a> : 12 mars. <a href=\"https:\/\/ismfrance.org\/index.php\/2025\/03\/14\/temoignages-de-gazaouis-la-survie-qui-sorganise-au-jour-le-jour-dans-lenfer-de-gaza-partie-333-13-mars-la-guerre-vole-la-joie-du-ramadan\/\">Partie 333<\/a> : 13 mars.<\/p>\n<p><strong>Pour participer \u00e0 la collecte \u00ab Urgence Guerre \u00e0 Gaza \u00bb :\u00a0<a href=\"https:\/\/www.helloasso.com\/associations\/union-juive-francaise-pour-la-paix\/collectes\/urgence-guerre-a-gaza\">HelloAsso.com<\/a><\/strong><br \/>\n<strong>Les t\u00e9moignages sont \u00e9galement publi\u00e9s sur\u00a0<a href=\"https:\/\/ujfp.org\/\">UJFP<\/a>,\u00a0<a href=\"https:\/\/altermidi.org\/\">Altermidi<\/a>\u00a0et sur\u00a0<a href=\"https:\/\/lepoing.net\/\">Le Poing<\/a>.<\/strong><\/p>\n","protected":false},"excerpt":{"rendered":"<p>Brigitte Challande, 15 mars 2025. Le 14 mars, Abu Amir nous envoie une texte tr\u00e8s pr\u00e9cis sur la crise de l\u2019eau et de la nourriture dans la bande de Gaza <a class=\"more-link\" href=\"https:\/\/ismfrance.org\/index.php\/2025\/03\/15\/temoignages-de-gazaouis-la-survie-qui-sorganise-au-jour-le-jour-dans-lenfer-de-gaza-partie-334-14-mars-menaces-graves-sur-la-vie-quotidienne-des-gazaoui-e-s\/\">Lire la suite &rarr;<\/a><\/p>\n","protected":false},"author":3,"featured_media":18996,"comment_status":"closed","ping_status":"closed","sticky":false,"template":"","format":"standard","meta":{"footnotes":""},"categories":[2,13],"tags":[156,46],"class_list":["post-18982","post","type-post","status-publish","format-standard","has-post-thumbnail","hentry","category-articles","category-temoignages","tag-genocide","tag-solidarite"],"yoast_head":"<!-- This site is optimized with the Yoast SEO plugin v27.2 - https:\/\/yoast.com\/product\/yoast-seo-wordpress\/ -->\n<title>T\u00e9moignages de Gazaouis : La survie qui s\u2019organise au jour le jour dans l\u2019enfer de Gaza \u2013 partie 334 \/ 14 mars \u2013 Menaces graves sur la vie quotidienne des Gazaoui.e.s - International Solidarity Movement - ISM-France<\/title>\n<meta name=\"robots\" content=\"index, follow, max-snippet:-1, max-image-preview:large, max-video-preview:-1\" \/>\n<link rel=\"canonical\" href=\"https:\/\/ismfrance.org\/index.php\/2025\/03\/15\/temoignages-de-gazaouis-la-survie-qui-sorganise-au-jour-le-jour-dans-lenfer-de-gaza-partie-334-14-mars-menaces-graves-sur-la-vie-quotidienne-des-gazaoui-e-s\/\" \/>\n<meta property=\"og:locale\" content=\"fr_FR\" \/>\n<meta property=\"og:type\" content=\"article\" \/>\n<meta property=\"og:title\" content=\"T\u00e9moignages de Gazaouis : La survie qui s\u2019organise au jour le jour dans l\u2019enfer de Gaza \u2013 partie 334 \/ 14 mars \u2013 Menaces graves sur la vie quotidienne des Gazaoui.e.s - International Solidarity Movement - ISM-France\" \/>\n<meta property=\"og:description\" content=\"Brigitte Challande, 15 mars 2025. Le 14 mars, Abu Amir nous envoie une texte tr\u00e8s pr\u00e9cis sur la crise de l\u2019eau et de la nourriture dans la bande de Gaza Lire la suite &rarr;\" \/>\n<meta property=\"og:url\" content=\"https:\/\/ismfrance.org\/index.php\/2025\/03\/15\/temoignages-de-gazaouis-la-survie-qui-sorganise-au-jour-le-jour-dans-lenfer-de-gaza-partie-334-14-mars-menaces-graves-sur-la-vie-quotidienne-des-gazaoui-e-s\/\" \/>\n<meta property=\"og:site_name\" content=\"International Solidarity Movement - ISM-France\" \/>\n<meta property=\"article:published_time\" content=\"2025-03-15T10:44:32+00:00\" \/>\n<meta property=\"og:image\" content=\"https:\/\/ismfrance.org\/wp-content\/uploads\/2025\/03\/IMG_8649.jpg\" \/>\n\t<meta property=\"og:image:width\" content=\"1280\" \/>\n\t<meta property=\"og:image:height\" content=\"720\" \/>\n\t<meta property=\"og:image:type\" content=\"image\/jpeg\" \/>\n<meta name=\"author\" content=\"mru_01\" \/>\n<meta name=\"twitter:card\" content=\"summary_large_image\" \/>\n<meta name=\"twitter:creator\" content=\"@ISMFRANCE\" \/>\n<meta name=\"twitter:site\" content=\"@ISMFRANCE\" \/>\n<meta name=\"twitter:label1\" content=\"\u00c9crit par\" \/>\n\t<meta name=\"twitter:data1\" content=\"mru_01\" \/>\n\t<meta name=\"twitter:label2\" content=\"Dur\u00e9e de lecture estim\u00e9e\" \/>\n\t<meta name=\"twitter:data2\" content=\"10 minutes\" \/>\n<script type=\"application\/ld+json\" class=\"yoast-schema-graph\">{\"@context\":\"https:\/\/schema.org\",\"@graph\":[{\"@type\":\"Article\",\"@id\":\"https:\/\/ismfrance.org\/index.php\/2025\/03\/15\/temoignages-de-gazaouis-la-survie-qui-sorganise-au-jour-le-jour-dans-lenfer-de-gaza-partie-334-14-mars-menaces-graves-sur-la-vie-quotidienne-des-gazaoui-e-s\/#article\",\"isPartOf\":{\"@id\":\"https:\/\/ismfrance.org\/index.php\/2025\/03\/15\/temoignages-de-gazaouis-la-survie-qui-sorganise-au-jour-le-jour-dans-lenfer-de-gaza-partie-334-14-mars-menaces-graves-sur-la-vie-quotidienne-des-gazaoui-e-s\/\"},\"author\":{\"name\":\"mru_01\",\"@id\":\"https:\/\/ismfrance.org\/#\/schema\/person\/3c411eb72adfaae19c0dca1f41fae01d\"},\"headline\":\"T\u00e9moignages de Gazaouis : La survie qui s\u2019organise au jour le jour dans l\u2019enfer de Gaza \u2013 partie 334 \/ 14 mars \u2013 Menaces graves sur la vie quotidienne des Gazaoui.e.s\",\"datePublished\":\"2025-03-15T10:44:32+00:00\",\"mainEntityOfPage\":{\"@id\":\"https:\/\/ismfrance.org\/index.php\/2025\/03\/15\/temoignages-de-gazaouis-la-survie-qui-sorganise-au-jour-le-jour-dans-lenfer-de-gaza-partie-334-14-mars-menaces-graves-sur-la-vie-quotidienne-des-gazaoui-e-s\/\"},\"wordCount\":1636,\"publisher\":{\"@id\":\"https:\/\/ismfrance.org\/#organization\"},\"image\":{\"@id\":\"https:\/\/ismfrance.org\/index.php\/2025\/03\/15\/temoignages-de-gazaouis-la-survie-qui-sorganise-au-jour-le-jour-dans-lenfer-de-gaza-partie-334-14-mars-menaces-graves-sur-la-vie-quotidienne-des-gazaoui-e-s\/#primaryimage\"},\"thumbnailUrl\":\"https:\/\/ismfrance.org\/wp-content\/uploads\/2025\/03\/IMG_8649.jpg\",\"keywords\":[\"G\u00e9nocide\",\"solidarit\u00e9\"],\"articleSection\":[\"Articles\",\"T\u00e9moignages\"],\"inLanguage\":\"fr-FR\"},{\"@type\":\"WebPage\",\"@id\":\"https:\/\/ismfrance.org\/index.php\/2025\/03\/15\/temoignages-de-gazaouis-la-survie-qui-sorganise-au-jour-le-jour-dans-lenfer-de-gaza-partie-334-14-mars-menaces-graves-sur-la-vie-quotidienne-des-gazaoui-e-s\/\",\"url\":\"https:\/\/ismfrance.org\/index.php\/2025\/03\/15\/temoignages-de-gazaouis-la-survie-qui-sorganise-au-jour-le-jour-dans-lenfer-de-gaza-partie-334-14-mars-menaces-graves-sur-la-vie-quotidienne-des-gazaoui-e-s\/\",\"name\":\"T\u00e9moignages de Gazaouis : La survie qui s\u2019organise au jour le jour dans l\u2019enfer de Gaza \u2013 partie 334 \/ 14 mars \u2013 Menaces graves sur la vie quotidienne des Gazaoui.e.s - International Solidarity Movement - ISM-France\",\"isPartOf\":{\"@id\":\"https:\/\/ismfrance.org\/#website\"},\"primaryImageOfPage\":{\"@id\":\"https:\/\/ismfrance.org\/index.php\/2025\/03\/15\/temoignages-de-gazaouis-la-survie-qui-sorganise-au-jour-le-jour-dans-lenfer-de-gaza-partie-334-14-mars-menaces-graves-sur-la-vie-quotidienne-des-gazaoui-e-s\/#primaryimage\"},\"image\":{\"@id\":\"https:\/\/ismfrance.org\/index.php\/2025\/03\/15\/temoignages-de-gazaouis-la-survie-qui-sorganise-au-jour-le-jour-dans-lenfer-de-gaza-partie-334-14-mars-menaces-graves-sur-la-vie-quotidienne-des-gazaoui-e-s\/#primaryimage\"},\"thumbnailUrl\":\"https:\/\/ismfrance.org\/wp-content\/uploads\/2025\/03\/IMG_8649.jpg\",\"datePublished\":\"2025-03-15T10:44:32+00:00\",\"breadcrumb\":{\"@id\":\"https:\/\/ismfrance.org\/index.php\/2025\/03\/15\/temoignages-de-gazaouis-la-survie-qui-sorganise-au-jour-le-jour-dans-lenfer-de-gaza-partie-334-14-mars-menaces-graves-sur-la-vie-quotidienne-des-gazaoui-e-s\/#breadcrumb\"},\"inLanguage\":\"fr-FR\",\"potentialAction\":[{\"@type\":\"ReadAction\",\"target\":[\"https:\/\/ismfrance.org\/index.php\/2025\/03\/15\/temoignages-de-gazaouis-la-survie-qui-sorganise-au-jour-le-jour-dans-lenfer-de-gaza-partie-334-14-mars-menaces-graves-sur-la-vie-quotidienne-des-gazaoui-e-s\/\"]}]},{\"@type\":\"ImageObject\",\"inLanguage\":\"fr-FR\",\"@id\":\"https:\/\/ismfrance.org\/index.php\/2025\/03\/15\/temoignages-de-gazaouis-la-survie-qui-sorganise-au-jour-le-jour-dans-lenfer-de-gaza-partie-334-14-mars-menaces-graves-sur-la-vie-quotidienne-des-gazaoui-e-s\/#primaryimage\",\"url\":\"https:\/\/ismfrance.org\/wp-content\/uploads\/2025\/03\/IMG_8649.jpg\",\"contentUrl\":\"https:\/\/ismfrance.org\/wp-content\/uploads\/2025\/03\/IMG_8649.jpg\",\"width\":1280,\"height\":720},{\"@type\":\"BreadcrumbList\",\"@id\":\"https:\/\/ismfrance.org\/index.php\/2025\/03\/15\/temoignages-de-gazaouis-la-survie-qui-sorganise-au-jour-le-jour-dans-lenfer-de-gaza-partie-334-14-mars-menaces-graves-sur-la-vie-quotidienne-des-gazaoui-e-s\/#breadcrumb\",\"itemListElement\":[{\"@type\":\"ListItem\",\"position\":1,\"name\":\"Accueil\",\"item\":\"https:\/\/ismfrance.org\/\"},{\"@type\":\"ListItem\",\"position\":2,\"name\":\"T\u00e9moignages de Gazaouis : La survie qui s\u2019organise au jour le jour dans l\u2019enfer de Gaza \u2013 partie 334 \/ 14 mars \u2013 Menaces graves sur la vie quotidienne des Gazaoui.e.s\"}]},{\"@type\":\"WebSite\",\"@id\":\"https:\/\/ismfrance.org\/#website\",\"url\":\"https:\/\/ismfrance.org\/\",\"name\":\"ISM Palestine France\",\"description\":\"Soutien aux luttes de lib\u00e9ration du peuple palestinien\",\"publisher\":{\"@id\":\"https:\/\/ismfrance.org\/#organization\"},\"potentialAction\":[{\"@type\":\"SearchAction\",\"target\":{\"@type\":\"EntryPoint\",\"urlTemplate\":\"https:\/\/ismfrance.org\/?s={search_term_string}\"},\"query-input\":{\"@type\":\"PropertyValueSpecification\",\"valueRequired\":true,\"valueName\":\"search_term_string\"}}],\"inLanguage\":\"fr-FR\"},{\"@type\":\"Organization\",\"@id\":\"https:\/\/ismfrance.org\/#organization\",\"name\":\"International Solidarity Movement\",\"url\":\"https:\/\/ismfrance.org\/\",\"logo\":{\"@type\":\"ImageObject\",\"inLanguage\":\"fr-FR\",\"@id\":\"https:\/\/ismfrance.org\/#\/schema\/logo\/image\/\",\"url\":\"https:\/\/ismfrance.org\/wp-content\/uploads\/2020\/12\/00.png\",\"contentUrl\":\"https:\/\/ismfrance.org\/wp-content\/uploads\/2020\/12\/00.png\",\"width\":400,\"height\":400,\"caption\":\"International Solidarity Movement\"},\"image\":{\"@id\":\"https:\/\/ismfrance.org\/#\/schema\/logo\/image\/\"},\"sameAs\":[\"https:\/\/x.com\/ISMFRANCE\"]},{\"@type\":\"Person\",\"@id\":\"https:\/\/ismfrance.org\/#\/schema\/person\/3c411eb72adfaae19c0dca1f41fae01d\",\"name\":\"mru_01\",\"image\":{\"@type\":\"ImageObject\",\"inLanguage\":\"fr-FR\",\"@id\":\"https:\/\/secure.gravatar.com\/avatar\/3a0be343b445d2ccc79e87444a294fad2b232e90d2051d0e3cc219e1ecd6a330?s=96&d=mm&r=g\",\"url\":\"https:\/\/secure.gravatar.com\/avatar\/3a0be343b445d2ccc79e87444a294fad2b232e90d2051d0e3cc219e1ecd6a330?s=96&d=mm&r=g\",\"contentUrl\":\"https:\/\/secure.gravatar.com\/avatar\/3a0be343b445d2ccc79e87444a294fad2b232e90d2051d0e3cc219e1ecd6a330?s=96&d=mm&r=g\",\"caption\":\"mru_01\"},\"url\":\"https:\/\/ismfrance.org\/index.php\/author\/admin02\/\"}]}<\/script>\n<!-- \/ Yoast SEO plugin. -->","yoast_head_json":{"title":"T\u00e9moignages de Gazaouis : La survie qui s\u2019organise au jour le jour dans l\u2019enfer de Gaza \u2013 partie 334 \/ 14 mars \u2013 Menaces graves sur la vie quotidienne des Gazaoui.e.s - International Solidarity Movement - ISM-France","robots":{"index":"index","follow":"follow","max-snippet":"max-snippet:-1","max-image-preview":"max-image-preview:large","max-video-preview":"max-video-preview:-1"},"canonical":"https:\/\/ismfrance.org\/index.php\/2025\/03\/15\/temoignages-de-gazaouis-la-survie-qui-sorganise-au-jour-le-jour-dans-lenfer-de-gaza-partie-334-14-mars-menaces-graves-sur-la-vie-quotidienne-des-gazaoui-e-s\/","og_locale":"fr_FR","og_type":"article","og_title":"T\u00e9moignages de Gazaouis : La survie qui s\u2019organise au jour le jour dans l\u2019enfer de Gaza \u2013 partie 334 \/ 14 mars \u2013 Menaces graves sur la vie quotidienne des Gazaoui.e.s - International Solidarity Movement - ISM-France","og_description":"Brigitte Challande, 15 mars 2025. Le 14 mars, Abu Amir nous envoie une texte tr\u00e8s pr\u00e9cis sur la crise de l\u2019eau et de la nourriture dans la bande de Gaza Lire la suite &rarr;","og_url":"https:\/\/ismfrance.org\/index.php\/2025\/03\/15\/temoignages-de-gazaouis-la-survie-qui-sorganise-au-jour-le-jour-dans-lenfer-de-gaza-partie-334-14-mars-menaces-graves-sur-la-vie-quotidienne-des-gazaoui-e-s\/","og_site_name":"International Solidarity Movement - ISM-France","article_published_time":"2025-03-15T10:44:32+00:00","og_image":[{"width":1280,"height":720,"url":"https:\/\/ismfrance.org\/wp-content\/uploads\/2025\/03\/IMG_8649.jpg","type":"image\/jpeg"}],"author":"mru_01","twitter_card":"summary_large_image","twitter_creator":"@ISMFRANCE","twitter_site":"@ISMFRANCE","twitter_misc":{"\u00c9crit par":"mru_01","Dur\u00e9e de lecture estim\u00e9e":"10 minutes"},"schema":{"@context":"https:\/\/schema.org","@graph":[{"@type":"Article","@id":"https:\/\/ismfrance.org\/index.php\/2025\/03\/15\/temoignages-de-gazaouis-la-survie-qui-sorganise-au-jour-le-jour-dans-lenfer-de-gaza-partie-334-14-mars-menaces-graves-sur-la-vie-quotidienne-des-gazaoui-e-s\/#article","isPartOf":{"@id":"https:\/\/ismfrance.org\/index.php\/2025\/03\/15\/temoignages-de-gazaouis-la-survie-qui-sorganise-au-jour-le-jour-dans-lenfer-de-gaza-partie-334-14-mars-menaces-graves-sur-la-vie-quotidienne-des-gazaoui-e-s\/"},"author":{"name":"mru_01","@id":"https:\/\/ismfrance.org\/#\/schema\/person\/3c411eb72adfaae19c0dca1f41fae01d"},"headline":"T\u00e9moignages de Gazaouis : La survie qui s\u2019organise au jour le jour dans l\u2019enfer de Gaza \u2013 partie 334 \/ 14 mars \u2013 Menaces graves sur la vie quotidienne des Gazaoui.e.s","datePublished":"2025-03-15T10:44:32+00:00","mainEntityOfPage":{"@id":"https:\/\/ismfrance.org\/index.php\/2025\/03\/15\/temoignages-de-gazaouis-la-survie-qui-sorganise-au-jour-le-jour-dans-lenfer-de-gaza-partie-334-14-mars-menaces-graves-sur-la-vie-quotidienne-des-gazaoui-e-s\/"},"wordCount":1636,"publisher":{"@id":"https:\/\/ismfrance.org\/#organization"},"image":{"@id":"https:\/\/ismfrance.org\/index.php\/2025\/03\/15\/temoignages-de-gazaouis-la-survie-qui-sorganise-au-jour-le-jour-dans-lenfer-de-gaza-partie-334-14-mars-menaces-graves-sur-la-vie-quotidienne-des-gazaoui-e-s\/#primaryimage"},"thumbnailUrl":"https:\/\/ismfrance.org\/wp-content\/uploads\/2025\/03\/IMG_8649.jpg","keywords":["G\u00e9nocide","solidarit\u00e9"],"articleSection":["Articles","T\u00e9moignages"],"inLanguage":"fr-FR"},{"@type":"WebPage","@id":"https:\/\/ismfrance.org\/index.php\/2025\/03\/15\/temoignages-de-gazaouis-la-survie-qui-sorganise-au-jour-le-jour-dans-lenfer-de-gaza-partie-334-14-mars-menaces-graves-sur-la-vie-quotidienne-des-gazaoui-e-s\/","url":"https:\/\/ismfrance.org\/index.php\/2025\/03\/15\/temoignages-de-gazaouis-la-survie-qui-sorganise-au-jour-le-jour-dans-lenfer-de-gaza-partie-334-14-mars-menaces-graves-sur-la-vie-quotidienne-des-gazaoui-e-s\/","name":"T\u00e9moignages de Gazaouis : La survie qui s\u2019organise au jour le jour dans l\u2019enfer de Gaza \u2013 partie 334 \/ 14 mars \u2013 Menaces graves sur la vie quotidienne des Gazaoui.e.s - International Solidarity Movement - ISM-France","isPartOf":{"@id":"https:\/\/ismfrance.org\/#website"},"primaryImageOfPage":{"@id":"https:\/\/ismfrance.org\/index.php\/2025\/03\/15\/temoignages-de-gazaouis-la-survie-qui-sorganise-au-jour-le-jour-dans-lenfer-de-gaza-partie-334-14-mars-menaces-graves-sur-la-vie-quotidienne-des-gazaoui-e-s\/#primaryimage"},"image":{"@id":"https:\/\/ismfrance.org\/index.php\/2025\/03\/15\/temoignages-de-gazaouis-la-survie-qui-sorganise-au-jour-le-jour-dans-lenfer-de-gaza-partie-334-14-mars-menaces-graves-sur-la-vie-quotidienne-des-gazaoui-e-s\/#primaryimage"},"thumbnailUrl":"https:\/\/ismfrance.org\/wp-content\/uploads\/2025\/03\/IMG_8649.jpg","datePublished":"2025-03-15T10:44:32+00:00","breadcrumb":{"@id":"https:\/\/ismfrance.org\/index.php\/2025\/03\/15\/temoignages-de-gazaouis-la-survie-qui-sorganise-au-jour-le-jour-dans-lenfer-de-gaza-partie-334-14-mars-menaces-graves-sur-la-vie-quotidienne-des-gazaoui-e-s\/#breadcrumb"},"inLanguage":"fr-FR","potentialAction":[{"@type":"ReadAction","target":["https:\/\/ismfrance.org\/index.php\/2025\/03\/15\/temoignages-de-gazaouis-la-survie-qui-sorganise-au-jour-le-jour-dans-lenfer-de-gaza-partie-334-14-mars-menaces-graves-sur-la-vie-quotidienne-des-gazaoui-e-s\/"]}]},{"@type":"ImageObject","inLanguage":"fr-FR","@id":"https:\/\/ismfrance.org\/index.php\/2025\/03\/15\/temoignages-de-gazaouis-la-survie-qui-sorganise-au-jour-le-jour-dans-lenfer-de-gaza-partie-334-14-mars-menaces-graves-sur-la-vie-quotidienne-des-gazaoui-e-s\/#primaryimage","url":"https:\/\/ismfrance.org\/wp-content\/uploads\/2025\/03\/IMG_8649.jpg","contentUrl":"https:\/\/ismfrance.org\/wp-content\/uploads\/2025\/03\/IMG_8649.jpg","width":1280,"height":720},{"@type":"BreadcrumbList","@id":"https:\/\/ismfrance.org\/index.php\/2025\/03\/15\/temoignages-de-gazaouis-la-survie-qui-sorganise-au-jour-le-jour-dans-lenfer-de-gaza-partie-334-14-mars-menaces-graves-sur-la-vie-quotidienne-des-gazaoui-e-s\/#breadcrumb","itemListElement":[{"@type":"ListItem","position":1,"name":"Accueil","item":"https:\/\/ismfrance.org\/"},{"@type":"ListItem","position":2,"name":"T\u00e9moignages de Gazaouis : La survie qui s\u2019organise au jour le jour dans l\u2019enfer de Gaza \u2013 partie 334 \/ 14 mars \u2013 Menaces graves sur la vie quotidienne des Gazaoui.e.s"}]},{"@type":"WebSite","@id":"https:\/\/ismfrance.org\/#website","url":"https:\/\/ismfrance.org\/","name":"ISM Palestine France","description":"Soutien aux luttes de lib\u00e9ration du peuple palestinien","publisher":{"@id":"https:\/\/ismfrance.org\/#organization"},"potentialAction":[{"@type":"SearchAction","target":{"@type":"EntryPoint","urlTemplate":"https:\/\/ismfrance.org\/?s={search_term_string}"},"query-input":{"@type":"PropertyValueSpecification","valueRequired":true,"valueName":"search_term_string"}}],"inLanguage":"fr-FR"},{"@type":"Organization","@id":"https:\/\/ismfrance.org\/#organization","name":"International Solidarity Movement","url":"https:\/\/ismfrance.org\/","logo":{"@type":"ImageObject","inLanguage":"fr-FR","@id":"https:\/\/ismfrance.org\/#\/schema\/logo\/image\/","url":"https:\/\/ismfrance.org\/wp-content\/uploads\/2020\/12\/00.png","contentUrl":"https:\/\/ismfrance.org\/wp-content\/uploads\/2020\/12\/00.png","width":400,"height":400,"caption":"International Solidarity Movement"},"image":{"@id":"https:\/\/ismfrance.org\/#\/schema\/logo\/image\/"},"sameAs":["https:\/\/x.com\/ISMFRANCE"]},{"@type":"Person","@id":"https:\/\/ismfrance.org\/#\/schema\/person\/3c411eb72adfaae19c0dca1f41fae01d","name":"mru_01","image":{"@type":"ImageObject","inLanguage":"fr-FR","@id":"https:\/\/secure.gravatar.com\/avatar\/3a0be343b445d2ccc79e87444a294fad2b232e90d2051d0e3cc219e1ecd6a330?s=96&d=mm&r=g","url":"https:\/\/secure.gravatar.com\/avatar\/3a0be343b445d2ccc79e87444a294fad2b232e90d2051d0e3cc219e1ecd6a330?s=96&d=mm&r=g","contentUrl":"https:\/\/secure.gravatar.com\/avatar\/3a0be343b445d2ccc79e87444a294fad2b232e90d2051d0e3cc219e1ecd6a330?s=96&d=mm&r=g","caption":"mru_01"},"url":"https:\/\/ismfrance.org\/index.php\/author\/admin02\/"}]}},"_links":{"self":[{"href":"https:\/\/ismfrance.org\/index.php\/wp-json\/wp\/v2\/posts\/18982","targetHints":{"allow":["GET"]}}],"collection":[{"href":"https:\/\/ismfrance.org\/index.php\/wp-json\/wp\/v2\/posts"}],"about":[{"href":"https:\/\/ismfrance.org\/index.php\/wp-json\/wp\/v2\/types\/post"}],"author":[{"embeddable":true,"href":"https:\/\/ismfrance.org\/index.php\/wp-json\/wp\/v2\/users\/3"}],"replies":[{"embeddable":true,"href":"https:\/\/ismfrance.org\/index.php\/wp-json\/wp\/v2\/comments?post=18982"}],"version-history":[{"count":0,"href":"https:\/\/ismfrance.org\/index.php\/wp-json\/wp\/v2\/posts\/18982\/revisions"}],"wp:featuredmedia":[{"embeddable":true,"href":"https:\/\/ismfrance.org\/index.php\/wp-json\/wp\/v2\/media\/18996"}],"wp:attachment":[{"href":"https:\/\/ismfrance.org\/index.php\/wp-json\/wp\/v2\/media?parent=18982"}],"wp:term":[{"taxonomy":"category","embeddable":true,"href":"https:\/\/ismfrance.org\/index.php\/wp-json\/wp\/v2\/categories?post=18982"},{"taxonomy":"post_tag","embeddable":true,"href":"https:\/\/ismfrance.org\/index.php\/wp-json\/wp\/v2\/tags?post=18982"}],"curies":[{"name":"wp","href":"https:\/\/api.w.org\/{rel}","templated":true}]}}