{"id":18969,"date":"2025-03-14T10:31:44","date_gmt":"2025-03-14T09:31:44","guid":{"rendered":"https:\/\/ismfrance.org\/?p=18969"},"modified":"2025-03-14T10:31:44","modified_gmt":"2025-03-14T09:31:44","slug":"rassemblement-palestine-soutien-a-la-resistance-bordeaux-samedi-15-mars-15h30-victoire","status":"publish","type":"post","link":"https:\/\/ismfrance.org\/index.php\/2025\/03\/14\/rassemblement-palestine-soutien-a-la-resistance-bordeaux-samedi-15-mars-15h30-victoire\/","title":{"rendered":"RASSEMBLEMENT PALESTINE SOUTIEN A LA RESISTANCE BORDEAUX SAMEDI 15 MARS 15H30 VICTOIRE"},"content":{"rendered":"<p align=\"LEFT\"><span style=\"color: #000000;\"><span style=\"font-family: Arial, sans-serif;\"><span style=\"font-size: medium;\">Le Comit\u00e9 Action Palestine organise sa 73eme manifestation hebdomadaire en soutien \u00e0 la r\u00e9sistance des peuples palestinien et libanais<\/span><\/span><\/span><\/p>\n<p align=\"LEFT\"><span style=\"color: #000000;\"><span style=\"font-family: Arial, sans-serif;\"><span style=\"font-size: medium;\"><a href=\"https:\/\/ismfrance.org\/wp-content\/uploads\/2025\/03\/bdx-1503.png\"><img loading=\"lazy\" decoding=\"async\" class=\"alignnone size-large wp-image-18971\" src=\"https:\/\/ismfrance.org\/wp-content\/uploads\/2025\/03\/bdx-1503-531x700.png\" alt=\"\" width=\"531\" height=\"700\" srcset=\"https:\/\/ismfrance.org\/wp-content\/uploads\/2025\/03\/bdx-1503-531x700.png 531w, https:\/\/ismfrance.org\/wp-content\/uploads\/2025\/03\/bdx-1503-228x300.png 228w, https:\/\/ismfrance.org\/wp-content\/uploads\/2025\/03\/bdx-1503.png 686w\" sizes=\"auto, (max-width: 531px) 100vw, 531px\" \/><\/a><\/p>\n<p><em><strong>Samedi 15 Mars \u00e0 15h30 Place de la Victoire \u00e0 Bordeaux<\/strong><\/em><\/p>\n<p>Le Comit\u00e9 Action Palestine appelle \u00e0 ne pas baisser la garde pour Gaza et \u00e0 renforcer le soutien aux r\u00e9sistants de la Cisjordanie qui font face, plus que jamais, au feu sioniste.<\/p>\n<p>Ce sera aussi l\u2019occasion d\u2019exprimer notre solidarit\u00e9 \u00e0 nos camarades Georges Ibrahim Abdallah, Abdourahmane Ridouane ainsi qu\u2019\u00e0 tous les militants r\u00e9prim\u00e9s.<br \/>\n<\/span><\/span><\/span><\/p>\n","protected":false},"excerpt":{"rendered":"<p>Le Comit\u00e9 Action Palestine organise sa 73eme manifestation hebdomadaire en soutien \u00e0 la r\u00e9sistance des peuples palestinien et libanais Samedi 15 Mars \u00e0 15h30 Place de la Victoire \u00e0 Bordeaux <a class=\"more-link\" href=\"https:\/\/ismfrance.org\/index.php\/2025\/03\/14\/rassemblement-palestine-soutien-a-la-resistance-bordeaux-samedi-15-mars-15h30-victoire\/\">Lire la suite &rarr;<\/a><\/p>\n","protected":false},"author":3,"featured_media":18971,"comment_status":"closed","ping_status":"closed","sticky":false,"template":"","format":"standard","meta":{"footnotes":""},"categories":[2,14],"tags":[44],"class_list":["post-18969","post","type-post","status-publish","format-standard","has-post-thumbnail","hentry","category-articles","category-communiques","tag-materiel-militant"],"yoast_head":"<!-- This site is optimized with the Yoast SEO plugin v27.2 - https:\/\/yoast.com\/product\/yoast-seo-wordpress\/ -->\n<title>RASSEMBLEMENT PALESTINE SOUTIEN A LA RESISTANCE BORDEAUX SAMEDI 15 MARS 15H30 VICTOIRE - International Solidarity Movement - ISM-France<\/title>\n<meta name=\"robots\" content=\"index, follow, max-snippet:-1, max-image-preview:large, max-video-preview:-1\" \/>\n<link rel=\"canonical\" href=\"https:\/\/ismfrance.org\/index.php\/2025\/03\/14\/rassemblement-palestine-soutien-a-la-resistance-bordeaux-samedi-15-mars-15h30-victoire\/\" \/>\n<meta property=\"og:locale\" content=\"fr_FR\" \/>\n<meta property=\"og:type\" content=\"article\" \/>\n<meta property=\"og:title\" content=\"RASSEMBLEMENT PALESTINE SOUTIEN A LA RESISTANCE BORDEAUX SAMEDI 15 MARS 15H30 VICTOIRE - International Solidarity Movement - ISM-France\" \/>\n<meta property=\"og:description\" content=\"Le Comit\u00e9 Action Palestine organise sa 73eme manifestation hebdomadaire en soutien \u00e0 la r\u00e9sistance des peuples palestinien et libanais Samedi 15 Mars \u00e0 15h30 Place de la Victoire \u00e0 Bordeaux Lire la suite &rarr;\" \/>\n<meta property=\"og:url\" content=\"https:\/\/ismfrance.org\/index.php\/2025\/03\/14\/rassemblement-palestine-soutien-a-la-resistance-bordeaux-samedi-15-mars-15h30-victoire\/\" \/>\n<meta property=\"og:site_name\" content=\"International Solidarity Movement - ISM-France\" \/>\n<meta property=\"article:published_time\" content=\"2025-03-14T09:31:44+00:00\" \/>\n<meta property=\"og:image\" content=\"https:\/\/ismfrance.org\/wp-content\/uploads\/2025\/03\/bdx-1503.png\" \/>\n\t<meta property=\"og:image:width\" content=\"686\" \/>\n\t<meta property=\"og:image:height\" content=\"904\" \/>\n\t<meta property=\"og:image:type\" content=\"image\/png\" \/>\n<meta name=\"author\" content=\"mru_01\" \/>\n<meta name=\"twitter:card\" content=\"summary_large_image\" \/>\n<meta name=\"twitter:creator\" content=\"@ISMFRANCE\" \/>\n<meta name=\"twitter:site\" content=\"@ISMFRANCE\" \/>\n<meta name=\"twitter:label1\" content=\"\u00c9crit par\" \/>\n\t<meta name=\"twitter:data1\" content=\"mru_01\" \/>\n\t<meta name=\"twitter:label2\" content=\"Dur\u00e9e de lecture estim\u00e9e\" \/>\n\t<meta name=\"twitter:data2\" content=\"1 minute\" \/>\n<script type=\"application\/ld+json\" class=\"yoast-schema-graph\">{\"@context\":\"https:\/\/schema.org\",\"@graph\":[{\"@type\":\"Article\",\"@id\":\"https:\/\/ismfrance.org\/index.php\/2025\/03\/14\/rassemblement-palestine-soutien-a-la-resistance-bordeaux-samedi-15-mars-15h30-victoire\/#article\",\"isPartOf\":{\"@id\":\"https:\/\/ismfrance.org\/index.php\/2025\/03\/14\/rassemblement-palestine-soutien-a-la-resistance-bordeaux-samedi-15-mars-15h30-victoire\/\"},\"author\":{\"name\":\"mru_01\",\"@id\":\"https:\/\/ismfrance.org\/#\/schema\/person\/3c411eb72adfaae19c0dca1f41fae01d\"},\"headline\":\"RASSEMBLEMENT PALESTINE SOUTIEN A LA RESISTANCE BORDEAUX SAMEDI 15 MARS 15H30 VICTOIRE\",\"datePublished\":\"2025-03-14T09:31:44+00:00\",\"mainEntityOfPage\":{\"@id\":\"https:\/\/ismfrance.org\/index.php\/2025\/03\/14\/rassemblement-palestine-soutien-a-la-resistance-bordeaux-samedi-15-mars-15h30-victoire\/\"},\"wordCount\":93,\"publisher\":{\"@id\":\"https:\/\/ismfrance.org\/#organization\"},\"image\":{\"@id\":\"https:\/\/ismfrance.org\/index.php\/2025\/03\/14\/rassemblement-palestine-soutien-a-la-resistance-bordeaux-samedi-15-mars-15h30-victoire\/#primaryimage\"},\"thumbnailUrl\":\"https:\/\/ismfrance.org\/wp-content\/uploads\/2025\/03\/bdx-1503.png\",\"keywords\":[\"mat\u00e9riel militant\"],\"articleSection\":[\"Articles\",\"Communiqu\u00e9s\"],\"inLanguage\":\"fr-FR\"},{\"@type\":\"WebPage\",\"@id\":\"https:\/\/ismfrance.org\/index.php\/2025\/03\/14\/rassemblement-palestine-soutien-a-la-resistance-bordeaux-samedi-15-mars-15h30-victoire\/\",\"url\":\"https:\/\/ismfrance.org\/index.php\/2025\/03\/14\/rassemblement-palestine-soutien-a-la-resistance-bordeaux-samedi-15-mars-15h30-victoire\/\",\"name\":\"RASSEMBLEMENT PALESTINE SOUTIEN A LA RESISTANCE BORDEAUX SAMEDI 15 MARS 15H30 VICTOIRE - International Solidarity Movement - ISM-France\",\"isPartOf\":{\"@id\":\"https:\/\/ismfrance.org\/#website\"},\"primaryImageOfPage\":{\"@id\":\"https:\/\/ismfrance.org\/index.php\/2025\/03\/14\/rassemblement-palestine-soutien-a-la-resistance-bordeaux-samedi-15-mars-15h30-victoire\/#primaryimage\"},\"image\":{\"@id\":\"https:\/\/ismfrance.org\/index.php\/2025\/03\/14\/rassemblement-palestine-soutien-a-la-resistance-bordeaux-samedi-15-mars-15h30-victoire\/#primaryimage\"},\"thumbnailUrl\":\"https:\/\/ismfrance.org\/wp-content\/uploads\/2025\/03\/bdx-1503.png\",\"datePublished\":\"2025-03-14T09:31:44+00:00\",\"breadcrumb\":{\"@id\":\"https:\/\/ismfrance.org\/index.php\/2025\/03\/14\/rassemblement-palestine-soutien-a-la-resistance-bordeaux-samedi-15-mars-15h30-victoire\/#breadcrumb\"},\"inLanguage\":\"fr-FR\",\"potentialAction\":[{\"@type\":\"ReadAction\",\"target\":[\"https:\/\/ismfrance.org\/index.php\/2025\/03\/14\/rassemblement-palestine-soutien-a-la-resistance-bordeaux-samedi-15-mars-15h30-victoire\/\"]}]},{\"@type\":\"ImageObject\",\"inLanguage\":\"fr-FR\",\"@id\":\"https:\/\/ismfrance.org\/index.php\/2025\/03\/14\/rassemblement-palestine-soutien-a-la-resistance-bordeaux-samedi-15-mars-15h30-victoire\/#primaryimage\",\"url\":\"https:\/\/ismfrance.org\/wp-content\/uploads\/2025\/03\/bdx-1503.png\",\"contentUrl\":\"https:\/\/ismfrance.org\/wp-content\/uploads\/2025\/03\/bdx-1503.png\",\"width\":686,\"height\":904},{\"@type\":\"BreadcrumbList\",\"@id\":\"https:\/\/ismfrance.org\/index.php\/2025\/03\/14\/rassemblement-palestine-soutien-a-la-resistance-bordeaux-samedi-15-mars-15h30-victoire\/#breadcrumb\",\"itemListElement\":[{\"@type\":\"ListItem\",\"position\":1,\"name\":\"Accueil\",\"item\":\"https:\/\/ismfrance.org\/\"},{\"@type\":\"ListItem\",\"position\":2,\"name\":\"RASSEMBLEMENT PALESTINE SOUTIEN A LA RESISTANCE BORDEAUX SAMEDI 15 MARS 15H30 VICTOIRE\"}]},{\"@type\":\"WebSite\",\"@id\":\"https:\/\/ismfrance.org\/#website\",\"url\":\"https:\/\/ismfrance.org\/\",\"name\":\"ISM Palestine France\",\"description\":\"Soutien aux luttes de lib\u00e9ration du peuple palestinien\",\"publisher\":{\"@id\":\"https:\/\/ismfrance.org\/#organization\"},\"potentialAction\":[{\"@type\":\"SearchAction\",\"target\":{\"@type\":\"EntryPoint\",\"urlTemplate\":\"https:\/\/ismfrance.org\/?s={search_term_string}\"},\"query-input\":{\"@type\":\"PropertyValueSpecification\",\"valueRequired\":true,\"valueName\":\"search_term_string\"}}],\"inLanguage\":\"fr-FR\"},{\"@type\":\"Organization\",\"@id\":\"https:\/\/ismfrance.org\/#organization\",\"name\":\"International Solidarity Movement\",\"url\":\"https:\/\/ismfrance.org\/\",\"logo\":{\"@type\":\"ImageObject\",\"inLanguage\":\"fr-FR\",\"@id\":\"https:\/\/ismfrance.org\/#\/schema\/logo\/image\/\",\"url\":\"https:\/\/ismfrance.org\/wp-content\/uploads\/2020\/12\/00.png\",\"contentUrl\":\"https:\/\/ismfrance.org\/wp-content\/uploads\/2020\/12\/00.png\",\"width\":400,\"height\":400,\"caption\":\"International Solidarity Movement\"},\"image\":{\"@id\":\"https:\/\/ismfrance.org\/#\/schema\/logo\/image\/\"},\"sameAs\":[\"https:\/\/x.com\/ISMFRANCE\"]},{\"@type\":\"Person\",\"@id\":\"https:\/\/ismfrance.org\/#\/schema\/person\/3c411eb72adfaae19c0dca1f41fae01d\",\"name\":\"mru_01\",\"image\":{\"@type\":\"ImageObject\",\"inLanguage\":\"fr-FR\",\"@id\":\"https:\/\/secure.gravatar.com\/avatar\/3a0be343b445d2ccc79e87444a294fad2b232e90d2051d0e3cc219e1ecd6a330?s=96&d=mm&r=g\",\"url\":\"https:\/\/secure.gravatar.com\/avatar\/3a0be343b445d2ccc79e87444a294fad2b232e90d2051d0e3cc219e1ecd6a330?s=96&d=mm&r=g\",\"contentUrl\":\"https:\/\/secure.gravatar.com\/avatar\/3a0be343b445d2ccc79e87444a294fad2b232e90d2051d0e3cc219e1ecd6a330?s=96&d=mm&r=g\",\"caption\":\"mru_01\"},\"url\":\"https:\/\/ismfrance.org\/index.php\/author\/admin02\/\"}]}<\/script>\n<!-- \/ Yoast SEO plugin. -->","yoast_head_json":{"title":"RASSEMBLEMENT PALESTINE SOUTIEN A LA RESISTANCE BORDEAUX SAMEDI 15 MARS 15H30 VICTOIRE - International Solidarity Movement - ISM-France","robots":{"index":"index","follow":"follow","max-snippet":"max-snippet:-1","max-image-preview":"max-image-preview:large","max-video-preview":"max-video-preview:-1"},"canonical":"https:\/\/ismfrance.org\/index.php\/2025\/03\/14\/rassemblement-palestine-soutien-a-la-resistance-bordeaux-samedi-15-mars-15h30-victoire\/","og_locale":"fr_FR","og_type":"article","og_title":"RASSEMBLEMENT PALESTINE SOUTIEN A LA RESISTANCE BORDEAUX SAMEDI 15 MARS 15H30 VICTOIRE - International Solidarity Movement - ISM-France","og_description":"Le Comit\u00e9 Action Palestine organise sa 73eme manifestation hebdomadaire en soutien \u00e0 la r\u00e9sistance des peuples palestinien et libanais Samedi 15 Mars \u00e0 15h30 Place de la Victoire \u00e0 Bordeaux Lire la suite &rarr;","og_url":"https:\/\/ismfrance.org\/index.php\/2025\/03\/14\/rassemblement-palestine-soutien-a-la-resistance-bordeaux-samedi-15-mars-15h30-victoire\/","og_site_name":"International Solidarity Movement - ISM-France","article_published_time":"2025-03-14T09:31:44+00:00","og_image":[{"width":686,"height":904,"url":"https:\/\/ismfrance.org\/wp-content\/uploads\/2025\/03\/bdx-1503.png","type":"image\/png"}],"author":"mru_01","twitter_card":"summary_large_image","twitter_creator":"@ISMFRANCE","twitter_site":"@ISMFRANCE","twitter_misc":{"\u00c9crit par":"mru_01","Dur\u00e9e de lecture estim\u00e9e":"1 minute"},"schema":{"@context":"https:\/\/schema.org","@graph":[{"@type":"Article","@id":"https:\/\/ismfrance.org\/index.php\/2025\/03\/14\/rassemblement-palestine-soutien-a-la-resistance-bordeaux-samedi-15-mars-15h30-victoire\/#article","isPartOf":{"@id":"https:\/\/ismfrance.org\/index.php\/2025\/03\/14\/rassemblement-palestine-soutien-a-la-resistance-bordeaux-samedi-15-mars-15h30-victoire\/"},"author":{"name":"mru_01","@id":"https:\/\/ismfrance.org\/#\/schema\/person\/3c411eb72adfaae19c0dca1f41fae01d"},"headline":"RASSEMBLEMENT PALESTINE SOUTIEN A LA RESISTANCE BORDEAUX SAMEDI 15 MARS 15H30 VICTOIRE","datePublished":"2025-03-14T09:31:44+00:00","mainEntityOfPage":{"@id":"https:\/\/ismfrance.org\/index.php\/2025\/03\/14\/rassemblement-palestine-soutien-a-la-resistance-bordeaux-samedi-15-mars-15h30-victoire\/"},"wordCount":93,"publisher":{"@id":"https:\/\/ismfrance.org\/#organization"},"image":{"@id":"https:\/\/ismfrance.org\/index.php\/2025\/03\/14\/rassemblement-palestine-soutien-a-la-resistance-bordeaux-samedi-15-mars-15h30-victoire\/#primaryimage"},"thumbnailUrl":"https:\/\/ismfrance.org\/wp-content\/uploads\/2025\/03\/bdx-1503.png","keywords":["mat\u00e9riel militant"],"articleSection":["Articles","Communiqu\u00e9s"],"inLanguage":"fr-FR"},{"@type":"WebPage","@id":"https:\/\/ismfrance.org\/index.php\/2025\/03\/14\/rassemblement-palestine-soutien-a-la-resistance-bordeaux-samedi-15-mars-15h30-victoire\/","url":"https:\/\/ismfrance.org\/index.php\/2025\/03\/14\/rassemblement-palestine-soutien-a-la-resistance-bordeaux-samedi-15-mars-15h30-victoire\/","name":"RASSEMBLEMENT PALESTINE SOUTIEN A LA RESISTANCE BORDEAUX SAMEDI 15 MARS 15H30 VICTOIRE - International Solidarity Movement - ISM-France","isPartOf":{"@id":"https:\/\/ismfrance.org\/#website"},"primaryImageOfPage":{"@id":"https:\/\/ismfrance.org\/index.php\/2025\/03\/14\/rassemblement-palestine-soutien-a-la-resistance-bordeaux-samedi-15-mars-15h30-victoire\/#primaryimage"},"image":{"@id":"https:\/\/ismfrance.org\/index.php\/2025\/03\/14\/rassemblement-palestine-soutien-a-la-resistance-bordeaux-samedi-15-mars-15h30-victoire\/#primaryimage"},"thumbnailUrl":"https:\/\/ismfrance.org\/wp-content\/uploads\/2025\/03\/bdx-1503.png","datePublished":"2025-03-14T09:31:44+00:00","breadcrumb":{"@id":"https:\/\/ismfrance.org\/index.php\/2025\/03\/14\/rassemblement-palestine-soutien-a-la-resistance-bordeaux-samedi-15-mars-15h30-victoire\/#breadcrumb"},"inLanguage":"fr-FR","potentialAction":[{"@type":"ReadAction","target":["https:\/\/ismfrance.org\/index.php\/2025\/03\/14\/rassemblement-palestine-soutien-a-la-resistance-bordeaux-samedi-15-mars-15h30-victoire\/"]}]},{"@type":"ImageObject","inLanguage":"fr-FR","@id":"https:\/\/ismfrance.org\/index.php\/2025\/03\/14\/rassemblement-palestine-soutien-a-la-resistance-bordeaux-samedi-15-mars-15h30-victoire\/#primaryimage","url":"https:\/\/ismfrance.org\/wp-content\/uploads\/2025\/03\/bdx-1503.png","contentUrl":"https:\/\/ismfrance.org\/wp-content\/uploads\/2025\/03\/bdx-1503.png","width":686,"height":904},{"@type":"BreadcrumbList","@id":"https:\/\/ismfrance.org\/index.php\/2025\/03\/14\/rassemblement-palestine-soutien-a-la-resistance-bordeaux-samedi-15-mars-15h30-victoire\/#breadcrumb","itemListElement":[{"@type":"ListItem","position":1,"name":"Accueil","item":"https:\/\/ismfrance.org\/"},{"@type":"ListItem","position":2,"name":"RASSEMBLEMENT PALESTINE SOUTIEN A LA RESISTANCE BORDEAUX SAMEDI 15 MARS 15H30 VICTOIRE"}]},{"@type":"WebSite","@id":"https:\/\/ismfrance.org\/#website","url":"https:\/\/ismfrance.org\/","name":"ISM Palestine France","description":"Soutien aux luttes de lib\u00e9ration du peuple palestinien","publisher":{"@id":"https:\/\/ismfrance.org\/#organization"},"potentialAction":[{"@type":"SearchAction","target":{"@type":"EntryPoint","urlTemplate":"https:\/\/ismfrance.org\/?s={search_term_string}"},"query-input":{"@type":"PropertyValueSpecification","valueRequired":true,"valueName":"search_term_string"}}],"inLanguage":"fr-FR"},{"@type":"Organization","@id":"https:\/\/ismfrance.org\/#organization","name":"International Solidarity Movement","url":"https:\/\/ismfrance.org\/","logo":{"@type":"ImageObject","inLanguage":"fr-FR","@id":"https:\/\/ismfrance.org\/#\/schema\/logo\/image\/","url":"https:\/\/ismfrance.org\/wp-content\/uploads\/2020\/12\/00.png","contentUrl":"https:\/\/ismfrance.org\/wp-content\/uploads\/2020\/12\/00.png","width":400,"height":400,"caption":"International Solidarity Movement"},"image":{"@id":"https:\/\/ismfrance.org\/#\/schema\/logo\/image\/"},"sameAs":["https:\/\/x.com\/ISMFRANCE"]},{"@type":"Person","@id":"https:\/\/ismfrance.org\/#\/schema\/person\/3c411eb72adfaae19c0dca1f41fae01d","name":"mru_01","image":{"@type":"ImageObject","inLanguage":"fr-FR","@id":"https:\/\/secure.gravatar.com\/avatar\/3a0be343b445d2ccc79e87444a294fad2b232e90d2051d0e3cc219e1ecd6a330?s=96&d=mm&r=g","url":"https:\/\/secure.gravatar.com\/avatar\/3a0be343b445d2ccc79e87444a294fad2b232e90d2051d0e3cc219e1ecd6a330?s=96&d=mm&r=g","contentUrl":"https:\/\/secure.gravatar.com\/avatar\/3a0be343b445d2ccc79e87444a294fad2b232e90d2051d0e3cc219e1ecd6a330?s=96&d=mm&r=g","caption":"mru_01"},"url":"https:\/\/ismfrance.org\/index.php\/author\/admin02\/"}]}},"_links":{"self":[{"href":"https:\/\/ismfrance.org\/index.php\/wp-json\/wp\/v2\/posts\/18969","targetHints":{"allow":["GET"]}}],"collection":[{"href":"https:\/\/ismfrance.org\/index.php\/wp-json\/wp\/v2\/posts"}],"about":[{"href":"https:\/\/ismfrance.org\/index.php\/wp-json\/wp\/v2\/types\/post"}],"author":[{"embeddable":true,"href":"https:\/\/ismfrance.org\/index.php\/wp-json\/wp\/v2\/users\/3"}],"replies":[{"embeddable":true,"href":"https:\/\/ismfrance.org\/index.php\/wp-json\/wp\/v2\/comments?post=18969"}],"version-history":[{"count":0,"href":"https:\/\/ismfrance.org\/index.php\/wp-json\/wp\/v2\/posts\/18969\/revisions"}],"wp:featuredmedia":[{"embeddable":true,"href":"https:\/\/ismfrance.org\/index.php\/wp-json\/wp\/v2\/media\/18971"}],"wp:attachment":[{"href":"https:\/\/ismfrance.org\/index.php\/wp-json\/wp\/v2\/media?parent=18969"}],"wp:term":[{"taxonomy":"category","embeddable":true,"href":"https:\/\/ismfrance.org\/index.php\/wp-json\/wp\/v2\/categories?post=18969"},{"taxonomy":"post_tag","embeddable":true,"href":"https:\/\/ismfrance.org\/index.php\/wp-json\/wp\/v2\/tags?post=18969"}],"curies":[{"name":"wp","href":"https:\/\/api.w.org\/{rel}","templated":true}]}}