{"id":18934,"date":"2025-03-13T12:14:23","date_gmt":"2025-03-13T11:14:23","guid":{"rendered":"https:\/\/ismfrance.org\/?p=18934"},"modified":"2025-03-13T12:16:23","modified_gmt":"2025-03-13T11:16:23","slug":"qui-est-mahmoud-khalil-letudiant-militant-palestinien-menace-dexpulsion-des-etats-unis","status":"publish","type":"post","link":"https:\/\/ismfrance.org\/index.php\/2025\/03\/13\/qui-est-mahmoud-khalil-letudiant-militant-palestinien-menace-dexpulsion-des-etats-unis\/","title":{"rendered":"Qui est Mahmoud Khalil, l&rsquo;\u00e9tudiant militant palestinien menac\u00e9 d&rsquo;expulsion des \u00c9tats-Unis\u00a0?"},"content":{"rendered":"<p><span style=\"color: #000000;\"><span style=\"font-family: Arial, sans-serif;\"><span style=\"font-size: medium;\"><strong><a href=\"https:\/\/x.com\/azadessa\"><span style=\"color: #512f70;\"><span style=\"font-family: OpenSans, Arial, Helvetica, sans-serif;\"><span style=\"font-size: large;\">Azad Essa<\/span><\/span><\/span><\/a>, 12 mars 2025.-<\/strong> Mahmoud Khalil, l&rsquo;\u00e9tudiant militant palestinien qui a jou\u00e9 un r\u00f4le important dans les manifestations \u00e9tudiantes de l&rsquo;Universit\u00e9 Columbia l&rsquo;ann\u00e9e derni\u00e8re, a \u00e9t\u00e9 interpell\u00e9 samedi par des agents de l&rsquo;Immigration and Customs Enforcement (ICE) \u00e0 son appartement new-yorkais.<\/span><\/span><\/span><\/p>\n<p><a href=\"https:\/\/ismfrance.org\/wp-content\/uploads\/2025\/03\/free-mahmoud.png\"><img loading=\"lazy\" decoding=\"async\" class=\"size-full wp-image-18939 aligncenter\" src=\"https:\/\/ismfrance.org\/wp-content\/uploads\/2025\/03\/free-mahmoud.png\" alt=\"\" width=\"682\" height=\"682\" srcset=\"https:\/\/ismfrance.org\/wp-content\/uploads\/2025\/03\/free-mahmoud.png 682w, https:\/\/ismfrance.org\/wp-content\/uploads\/2025\/03\/free-mahmoud-300x300.png 300w, https:\/\/ismfrance.org\/wp-content\/uploads\/2025\/03\/free-mahmoud-150x150.png 150w, https:\/\/ismfrance.org\/wp-content\/uploads\/2025\/03\/free-mahmoud-144x144.png 144w\" sizes=\"auto, (max-width: 682px) 100vw, 682px\" \/><\/a><\/p>\n<p><span style=\"color: #000000;\"><span style=\"font-family: Arial, sans-serif;\"><span style=\"font-size: medium;\">Dans les heures qui ont suivi, une machine de d\u00e9sinformation s&rsquo;est mise en marche, l&rsquo;administration Trump l&rsquo;accusant de soutenir le \u00ab<i>\u00a0terrorisme\u00a0<\/i>\u00bb et d&rsquo;avoir \u00ab\u00a0<i>men\u00e9 des activit\u00e9s en lien avec le Hamas, une organisation terroriste d\u00e9sign\u00e9e<\/i>\u00a0\u00bb.<\/span><\/span><\/span><\/p>\n<p><span style=\"color: #000000;\"><span style=\"font-family: Arial, sans-serif;\"><span style=\"font-size: medium;\">Des personnalit\u00e9s politiques de premier plan, du pr\u00e9sident am\u00e9ricain Donald Trump au secr\u00e9taire d&rsquo;\u00c9tat Marco Rubio, ont attaqu\u00e9 Khalil, tandis que les comptes pro-isra\u00e9liens sur les r\u00e9seaux sociaux aux \u00c9tats-Unis ont salu\u00e9 son arrestation.<\/span><\/span><\/span><\/p>\n<p><span style=\"color: #000000;\"><span style=\"font-family: Arial, sans-serif;\"><span style=\"font-size: medium;\">Dans un communiqu\u00e9 publi\u00e9 en d\u00e9but de semaine, son \u00e9quipe juridique a d\u00e9clar\u00e9 que les propos du pr\u00e9sident d\u00e9montraient que Khalil avait \u00e9t\u00e9 \u00ab\u00a0<i>choisi comme exemple pour \u00e9touffer toute dissidence parfaitement l\u00e9gale, en violation du Premier Amendement<\/i>\u00a0\u00bb. \u00ab\u00a0<i>M\u00eame si demain ou plus tard le gouvernement peut invoquer la loi ou la proc\u00e9dure, il a ouvert la bo\u00eete de Pandore et il sera difficile de la fermer. L&rsquo;objectif du gouvernement est aussi transparent qu&rsquo;ill\u00e9gal, et notre r\u00f4le, en tant qu&rsquo;avocats de Mahmoud, est de veiller \u00e0 ce qu&rsquo;il ne pr\u00e9vale pas<\/i>\u00a0\u00bb, peut-on lire dans le communiqu\u00e9 envoy\u00e9 aux journalistes lundi.<\/span><\/span><\/span><\/p>\n<p><span style=\"color: #000000;\"><span style=\"font-family: Arial, sans-serif;\"><span style=\"font-size: medium;\">Bien que l&rsquo;administration Trump ait cherch\u00e9 \u00e0 diaboliser Khalil, le qualifiant d&rsquo;\u00ab\u00a0<i>\u00e9tudiant \u00e9tranger radical pro-Hamas<\/i>\u00a0\u00bb, la communaut\u00e9 \u00e9tudiante de Columbia dresse un portrait totalement diff\u00e9rent du militant.<\/span><\/span><\/span><\/p>\n<p><strong><span style=\"color: #000000;\"><span style=\"font-family: Arial, sans-serif;\"><span style=\"font-size: large;\">Qui est Mahmoud Khalil\u00a0?<\/span><\/span><\/span><\/strong><\/p>\n<p><span style=\"color: #000000;\"><span style=\"font-family: Arial, sans-serif;\"><span style=\"font-size: medium;\">Khalil est n\u00e9 en 1995 et a grandi en Syrie, o\u00f9 sa famille a v\u00e9cu comme r\u00e9fugi\u00e9e pendant des d\u00e9cennies apr\u00e8s son expulsion forc\u00e9e de la ville de Tib\u00e9riade, en Palestine, lors de la Nakba de 1948.<\/span><\/span><\/span><\/p>\n<ul>\n<li><em><strong>Khalil raconte lui-m\u00eame son histoire sur une<a href=\"https:\/\/x.com\/SuppressedNws\/status\/1899946727513481391\"> vid\u00e9o \u00e0 ce lien.<\/a><\/strong><\/em><\/li>\n<\/ul>\n<p><span style=\"color: #000000;\"><span style=\"font-family: Arial, sans-serif;\"><span style=\"font-size: medium;\">Apr\u00e8s le d\u00e9but de la guerre en Syrie il y a plus de dix ans, la famille de Khalil a cherch\u00e9 refuge \u00e0 l&rsquo;\u00e9tranger, et nombre d&rsquo;entre eux se sont retrouv\u00e9s en Europe et dans d&rsquo;autres r\u00e9gions du Moyen-Orient.<\/span><\/span><\/span><\/p>\n<p><span style=\"color: #000000;\"><span style=\"font-family: Arial, sans-serif;\"><span style=\"font-size: medium;\">Entre 2018 et 2022, Khalil a <a href=\"https:\/\/www.middleeasteye.net\/news\/palestine-mahmoud-khalil-uk-government-flagship-soft-power-policy\">travaill\u00e9<\/a> au bureau syrien de l&rsquo;ambassade britannique \u00e0 Beyrouth.<\/span><\/span><\/span><\/p>\n<p><span style=\"color: #000000;\"><span style=\"font-family: Arial, sans-serif;\"><span style=\"font-size: medium;\">Andrew Waller, ancien diplomate britannique qui travaillait \u00e0 l&rsquo;ambassade pendant le s\u00e9jour de Khalil \u00e0 Beyrouth, a d\u00e9crit Khalil comme \u00ab<i>\u00a0un homme extr\u00eamement gentil et consciencieux, appr\u00e9ci\u00e9 de ses coll\u00e8gues du bureau syrien<\/i>\u00a0\u00bb.<\/span><\/span><\/span><\/p>\n<p><span style=\"color: #000000;\"><span style=\"font-family: Arial, sans-serif;\"><span style=\"font-size: medium;\">Waller a rejet\u00e9 la description de Khalil par Trump, la qualifiant de motif de diffamation.<\/span><\/span><\/span><\/p>\n<p><span style=\"color: #000000;\"><span style=\"font-family: Arial, sans-serif;\"><span style=\"font-size: medium;\">\u00ab<i>\u00a0Vous ne trouverez personne pour le critiquer. Il \u00e9tait tr\u00e8s comp\u00e9tent dans son travail<\/i>\u00a0\u00bb, a-t-il d\u00e9clar\u00e9 \u00e0 <i>Middle East Eye<\/i>, ajoutant que Khalil avait suivi un processus de s\u00e9lection pour obtenir le poste et avait \u00e9t\u00e9 autoris\u00e9 \u00e0 travailler sur des questions sensibles pour le gouvernement britannique.<\/span><\/span><\/span><\/p>\n<p><span style=\"color: #000000;\"><span style=\"font-family: Arial, sans-serif;\"><span style=\"font-size: medium;\">Apr\u00e8s son travail \u00e0 Beyrouth, Khalil a \u00e9t\u00e9 admis en 2022 au master en administration publique de l&rsquo;\u00c9cole des affaires internationales et publiques de l&rsquo;Universit\u00e9 Columbia, plus connue sous son acronyme Sipa.<\/span><\/span><\/span><\/p>\n<p><span style=\"color: #000000;\"><span style=\"font-family: Arial, sans-serif;\"><span style=\"font-size: medium;\">Mahmoud a termin\u00e9 ses \u00e9tudes en d\u00e9cembre 2024 et devrait obtenir son dipl\u00f4me en mai 2025.<\/span><\/span><\/span><\/p>\n<p><span style=\"color: #000000;\"><span style=\"font-family: Arial, sans-serif;\"><span style=\"font-size: medium;\">En novembre 2023, Khalil a \u00e9pous\u00e9 une citoyenne am\u00e9ricaine et est devenu r\u00e9sident permanent des \u00c9tats-Unis en 2024.<\/span><\/span><\/span><\/p>\n<p><span style=\"color: #000000;\"><span style=\"font-family: Arial, sans-serif;\"><span style=\"font-size: medium;\">Lorsque Khalil a \u00e9t\u00e9 arr\u00eat\u00e9 samedi soir, sa femme, enceinte de huit mois, \u00e9tait \u00e0 ses c\u00f4t\u00e9s et a <a href=\"https:\/\/x.com\/RyanRozbiani\/status\/1899910977241461062\">elle-m\u00eame \u00e9t\u00e9 menac\u00e9e d&rsquo;arrestation<\/a> si elle continuait \u00e0 protester contre la situation.<\/span><\/span><\/span><\/p>\n<p><span style=\"color: #000000;\"><span style=\"font-family: Arial, sans-serif;\"><span style=\"font-size: medium;\">Selon ses avocats, les agents de l&rsquo;ICE en civil l&rsquo;ont fait monter dans un v\u00e9hicule banalis\u00e9 et l&rsquo;ont laiss\u00e9e sans aucune information sur l&rsquo;endroit o\u00f9 il serait emmen\u00e9 ni sur la fa\u00e7on de le joindre.<\/span><\/span><\/span><\/p>\n<p><span style=\"color: #000000;\"><span style=\"font-family: Arial, sans-serif;\"><span style=\"font-size: medium;\">Ce n&rsquo;est que lundi matin qu&rsquo;elle a appris qu&rsquo;il avait \u00e9t\u00e9 emmen\u00e9 dans un centre de l&rsquo;ICE \u00e0 plus de deux mille kilom\u00e8tres de l\u00e0, en Louisiane.<\/span><\/span><\/span><\/p>\n<p><strong><span style=\"color: #000000;\"><span style=\"font-family: Arial, sans-serif;\"><span style=\"font-size: large;\">Intimidation \u00e0 Columbia<\/span><\/span><\/span><\/strong><\/p>\n<p><span style=\"color: #000000;\"><span style=\"font-family: Arial, sans-serif;\"><span style=\"font-size: medium;\">Lorsque les manifestations ont commenc\u00e9 \u00e0 l&rsquo;Universit\u00e9 Columbia, suite aux attaques men\u00e9es par le Hamas contre le sud d&rsquo;Isra\u00ebl et \u00e0 la guerre qui a suivi contre Gaza, Khalil a servi d&rsquo;interm\u00e9diaire entre les \u00e9tudiants et l&rsquo;administration de l&rsquo;universit\u00e9, r\u00e9pondant aux demandes du mouvement \u00e9tudiant de d\u00e9sinvestissement de l&rsquo;universit\u00e9 aupr\u00e8s des entreprises d&rsquo;armement qui profitaient de la guerre isra\u00e9lienne contre l&rsquo;enclave assi\u00e9g\u00e9e.<\/span><\/span><\/span><\/p>\n<p><span style=\"color: #000000;\"><span style=\"font-family: Arial, sans-serif;\"><span style=\"font-size: medium;\">Khalil n&rsquo;a pas particip\u00e9 lui-m\u00eame aux campements, pr\u00e9f\u00e9rant n\u00e9gocier avec l&rsquo;administration et conseiller les \u00e9tudiants.<\/span><\/span><\/span><\/p>\n<p><span style=\"color: #000000;\"><span style=\"font-family: Arial, sans-serif;\"><span style=\"font-size: medium;\">Plusieurs coll\u00e8gues et amis ont d\u00e9crit Khalil comme un mentor, un grand fr\u00e8re et une figure inspirante pour la communaut\u00e9 \u00e9tudiante.<\/span><\/span><\/span><\/p>\n<p><span style=\"color: #000000;\"><span style=\"font-family: Arial, sans-serif;\"><span style=\"font-size: medium;\">Ils ont d\u00e9clar\u00e9 que Khalil estimait qu&rsquo;il \u00e9tait de sa responsabilit\u00e9 de d\u00e9fendre les droits des Palestiniens dans le cadre du droit international. Il \u00e9tait \u00e9galement un ardent d\u00e9fenseur du traitement \u00e9quitable de tous les \u00e9tudiants.<\/span><\/span><\/span><\/p>\n<div id=\"attachment_18937\" style=\"width: 610px\" class=\"wp-caption aligncenter\"><a href=\"https:\/\/ismfrance.org\/wp-content\/uploads\/2025\/03\/khalil2.webp\"><img loading=\"lazy\" decoding=\"async\" aria-describedby=\"caption-attachment-18937\" class=\"size-large wp-image-18937\" src=\"https:\/\/ismfrance.org\/wp-content\/uploads\/2025\/03\/khalil2-700x394.webp\" alt=\"\" width=\"600\" height=\"338\" srcset=\"https:\/\/ismfrance.org\/wp-content\/uploads\/2025\/03\/khalil2-700x394.webp 700w, https:\/\/ismfrance.org\/wp-content\/uploads\/2025\/03\/khalil2-300x169.webp 300w, https:\/\/ismfrance.org\/wp-content\/uploads\/2025\/03\/khalil2-768x432.webp 768w, https:\/\/ismfrance.org\/wp-content\/uploads\/2025\/03\/khalil2-1320x743.webp 1320w, https:\/\/ismfrance.org\/wp-content\/uploads\/2025\/03\/khalil2.webp 1400w\" sizes=\"auto, (max-width: 600px) 100vw, 600px\" \/><\/a><p id=\"caption-attachment-18937\" class=\"wp-caption-text\"><strong>Des milliers de personnes ont manifest\u00e9 \u00e0 New York pour la lib\u00e9ration de Mahmoud Khalil, le 10 mars 2025 (Azad Essa\/MEE)<\/strong><\/p><\/div>\n<p><span style=\"color: #000000;\"><span style=\"font-family: Arial, sans-serif;\"><span style=\"font-size: medium;\">\u00ab <i>Je pense simplement qu&rsquo;il est courageux, car l&#8217;empathie a toujours \u00e9clips\u00e9 tout risque potentiel auquel il pouvait \u00eatre confront\u00e9 <\/i>\u00bb, a d\u00e9clar\u00e9 \u00e0 <i>MEE<\/i> Maryam Alwan, \u00e9tudiante \u00e0 Columbia et amie de Khalil. \u00ab<i> Il avait un visa \u00e9tudiant au moment du campement et il se tenait toujours devant chaque micro, le visage visible, et rencontrait l&rsquo;administration malgr\u00e9 toutes les menaces des responsables gouvernementaux collaborant avec les donateurs sur WhatsApp<\/i> \u00bb, a d\u00e9clar\u00e9 Alwan, faisant r\u00e9f\u00e9rence aux r\u00e9v\u00e9lations selon lesquelles plusieurs milliardaires am\u00e9ricains avaient cr\u00e9\u00e9 un groupe de discussion priv\u00e9 avec des responsables municipaux afin de fa\u00e7onner l&rsquo;opinion publique pendant les six premiers mois de la guerre isra\u00e9lienne contre Gaza.<\/span><\/span><\/span><\/p>\n<p><span style=\"color: #000000;\"><span style=\"font-family: Arial, sans-serif;\"><span style=\"font-size: medium;\">Le <i>Washington Post<\/i> rapportait \u00e0 l&rsquo;\u00e9poque que parmi les membres du groupe figuraient Howard Schultz, alors PDG de Starbucks, Michael Dell, le fondateur de Dell, ainsi que Joshua Kushner, un financier et fr\u00e8re du gendre de Trump, Jared Kushner.<\/span><\/span><\/span><\/p>\n<p><span style=\"color: #000000;\"><span style=\"font-family: Arial, sans-serif;\"><span style=\"font-size: medium;\">Alwan a d\u00e9clar\u00e9 que malgr\u00e9 les tentatives r\u00e9guli\u00e8res de l&rsquo;administration et des m\u00e9dias grand public pour pr\u00e9senter les manifestations comme antis\u00e9mites, Khalil \u00ab\u00a0<i>\u00e9tait toujours devant une cam\u00e9ra et exprimait constamment son sentiment de culpabilit\u00e9 de ne pas pouvoir faire plus pour son peuple confront\u00e9 au g\u00e9nocide<\/i>\u00a0\u00bb. \u00ab <i>Je ne supporte pas de l&rsquo;imaginer en ce moment, se sentant moins courageux qu&rsquo;avant. Mais je sais que son c\u0153ur le poussera \u00e0 se soucier davantage de la cause que de ce qui peut lui arriver<\/i> \u00bb, a ajout\u00e9 Alwan, 22 ans.<\/span><\/span><\/span><\/p>\n<p><span style=\"color: #000000;\"><span style=\"font-family: Arial, sans-serif;\"><span style=\"font-size: medium;\">Selon des amis et coll\u00e8gues de Sipa, Khalil \u00e9tait victime de harc\u00e8lement et d&rsquo;intimidation de la part d&rsquo;\u00e9tudiants pro-isra\u00e9liens et sionistes depuis des mois dans le d\u00e9partement o\u00f9 il \u00e9tudiait. Ils l&rsquo;ont d\u00e9crit comme g\u00e9rant les attaques avec patience et bienveillance.<\/span><\/span><\/span><\/p>\n<p><span style=\"color: #000000;\"><span style=\"font-family: Arial, sans-serif;\"><span style=\"font-size: medium;\">Une \u00e9tudiante dipl\u00f4m\u00e9e de Sipa, qui a demand\u00e9 \u00e0 \u00eatre identifi\u00e9e uniquement par son pr\u00e9nom, a d\u00e9clar\u00e9 l&rsquo;admirer pour son sang-froid dans un environnement tr\u00e8s stressant.<\/span><\/span><\/span><\/p>\n<p><span style=\"color: #000000;\"><span style=\"font-family: Arial, sans-serif;\"><span style=\"font-size: medium;\">\u00ab <i>Il est vraiment super gentil, tout comme un diplomate accompli\u00a0; il sait s&rsquo;entendre avec les gens, est amical et super intelligent. <\/i>\u00bb<\/span><\/span><\/span><\/p>\n<p><span style=\"color: #000000;\"><span style=\"font-family: Arial, sans-serif;\"><span style=\"font-size: medium;\">Un autre \u00e9tudiant de Sipa, qui s&rsquo;identifie comme juif et a demand\u00e9 \u00e0 ne pas \u00eatre nomm\u00e9 par crainte de repr\u00e9sailles de la part de ses camarades pro-isra\u00e9liens, a d\u00e9clar\u00e9 \u00e0 <i>MEE<\/i> que Khalil avait \u00e9t\u00e9 victime \u00e0 plusieurs reprises de <a href=\"https:\/\/x.com\/CampusJewHate\/status\/1898081410415837481\"><i>doxxing<\/i><\/a> sur les r\u00e9seaux sociaux, ainsi que de commentaires agressifs de la part de ses camarades dans des groupes \u00e9tudiants en ligne.<\/span><\/span><\/span><\/p>\n<p><span style=\"color: #000000;\"><span style=\"font-family: Arial, sans-serif;\"><span style=\"font-size: medium;\">\u00ab\u00a0<i>Certains membres de cette campagne de <a href=\"https:\/\/www.instagram.com\/p\/DG4TQIFxQcj\/\">doxxing<\/a> font non seulement partie de la communaut\u00e9 de Columbia, mais aussi de la communaut\u00e9 de Columbia Sipa.<\/i><\/span><\/span><\/span><\/p>\n<p><span style=\"color: #000000;\"><span style=\"font-family: Arial, sans-serif;\"><span style=\"font-size: medium;\">\u00ab\u00a0<i>Ce sont des personnes avec lesquelles il \u00e9tait cens\u00e9 aller en cours et avec lesquelles il \u00e9tait cens\u00e9 se sentir en s\u00e9curit\u00e9.<\/i>\u00a0\u00bb \u00ab <i>Cela a cr\u00e9\u00e9 une situation impossible [pour lui] <\/i>\u00bb, a ajout\u00e9 l&rsquo;\u00e9tudiant.<\/span><\/span><\/span><\/p>\n<p><span style=\"color: #000000;\"><span style=\"font-family: Arial, sans-serif;\"><span style=\"font-size: medium;\">D\u00e9but mars, Khalil a <a href=\"https:\/\/apnews.com\/article\/columbia-university-campus-protests-trump-congress-ba0eddec4679d70287202831c52ebed6\">d\u00e9clar\u00e9<\/a> que l&rsquo;universit\u00e9 avait port\u00e9 plus d&rsquo;une douzaine d&rsquo;accusations contre lui, impliquant plusieurs publications sur les r\u00e9seaux sociaux qui n&rsquo;avaient rien \u00e0 voir avec lui.<\/span><\/span><\/span><\/p>\n<p><span style=\"color: #000000;\"><span style=\"font-family: Arial, sans-serif;\"><span style=\"font-size: medium;\">Apr\u00e8s l&rsquo;intervention de son avocat, l&rsquo;universit\u00e9 a renonc\u00e9 \u00e0 ses menaces de retenir son relev\u00e9 de notes et d&rsquo;interrompre sa remise de dipl\u00f4me.<\/span><\/span><\/span><\/p>\n<p><span style=\"color: #000000;\"><span style=\"font-family: Arial, sans-serif;\"><span style=\"font-size: medium;\">Dans sa requ\u00eate en<i> habeas corpus<\/i> d\u00e9pos\u00e9e ce week-end, ses avocats d\u00e9crivent Khalil comme ayant subi \u00ab <i>une campagne de doxing intense pendant plus de deux mois, li\u00e9e \u00e0 ses activit\u00e9s de soutien aux droits humains des Palestiniens, prot\u00e9g\u00e9es par le Premier Amendement <\/i>\u00bb.<\/span><\/span><\/span><\/p>\n<p><span style=\"color: #000000;\"><span style=\"font-family: Arial, sans-serif;\"><span style=\"font-size: medium;\">\u00ab <i>Le harc\u00e8lement \u00e9tait si intense que Mahmoud a envoy\u00e9 des courriels \u00e0 l&rsquo;administration de l&rsquo;Universit\u00e9 Columbia pour demander du soutien \u00e0 plusieurs reprises<\/i> \u00bb, ont \u00e9crit les avocats.<\/span><\/span><\/span><\/p>\n<p><span style=\"color: #000000;\"><span style=\"font-family: Arial, sans-serif;\"><span style=\"font-size: medium;\">Parmi les autres personnes qui ont constamment cherch\u00e9 \u00e0 le vilipender, selon Khalil, figurait Shai Davidai, le professeur de Columbia qui a d\u00e9crit Khalil comme un \u00ab <i>partisan du terrorisme<\/i> \u00bb et a publiquement sugg\u00e9r\u00e9 son expulsion.<\/span><\/span><\/span><\/p>\n<p><span style=\"color: #000000;\"><span style=\"font-family: Arial, sans-serif;\"><span style=\"font-size: medium;\">Apr\u00e8s l&rsquo;arrestation de Khalil, Davidai a \u00e9crit\u00a0: \u00ab <i>L&rsquo;expulsion potentielle de Khalil est la cons\u00e9quence directe de ses choix.<\/i> \u00bb<\/span><\/span><\/span><\/p>\n<p><span style=\"color: #000000;\"><span style=\"font-family: Arial, sans-serif;\"><span style=\"font-size: medium;\">Khalil a \u00e9galement \u00e9t\u00e9 pris pour cible par le groupe supr\u00e9maciste juif ultrasioniste Betar USA, qui a d\u00e9clar\u00e9 qu&rsquo;il figurait sur sa liste de personnes \u00e0 expulser.<\/span><\/span><\/span><\/p>\n<div id=\"attachment_18936\" style=\"width: 610px\" class=\"wp-caption aligncenter\"><a href=\"https:\/\/ismfrance.org\/wp-content\/uploads\/2025\/03\/khalil1.jpg\"><img loading=\"lazy\" decoding=\"async\" aria-describedby=\"caption-attachment-18936\" class=\"wp-image-18936 size-large\" src=\"https:\/\/ismfrance.org\/wp-content\/uploads\/2025\/03\/khalil1-700x394.jpg\" alt=\"\" width=\"600\" height=\"338\" srcset=\"https:\/\/ismfrance.org\/wp-content\/uploads\/2025\/03\/khalil1-700x394.jpg 700w, https:\/\/ismfrance.org\/wp-content\/uploads\/2025\/03\/khalil1-300x169.jpg 300w, https:\/\/ismfrance.org\/wp-content\/uploads\/2025\/03\/khalil1-768x432.jpg 768w, https:\/\/ismfrance.org\/wp-content\/uploads\/2025\/03\/khalil1-1536x864.jpg 1536w, https:\/\/ismfrance.org\/wp-content\/uploads\/2025\/03\/khalil1-1320x743.jpg 1320w, https:\/\/ismfrance.org\/wp-content\/uploads\/2025\/03\/khalil1.jpg 1920w\" sizes=\"auto, (max-width: 600px) 100vw, 600px\" \/><\/a><p id=\"caption-attachment-18936\" class=\"wp-caption-text\"><strong>Plusieurs manifestations sont pr\u00e9vues \u00e0 travers les \u00c9tats-Unis en soutien \u00e0 Mahmoud Khalil (Azad Essa\/MEE)<\/strong><\/p><\/div>\n<p><strong><span style=\"color: #000000;\"><span style=\"font-family: Arial, sans-serif;\"><span style=\"font-size: large;\">Manifestation de soutien<\/span><\/span><\/span><\/strong><\/p>\n<p><span style=\"color: #000000;\"><span style=\"font-family: Arial, sans-serif;\"><span style=\"font-size: medium;\">Lundi, <a href=\"https:\/\/x.com\/i\/status\/1899534950493204790\">des milliers de personnes<\/a> ont d\u00e9fil\u00e9 dans les rues du sud de Manhattan pour exprimer leur m\u00e9pris envers l&rsquo;attaque du gouvernement am\u00e9ricain contre Khalil, ainsi que ce qu&rsquo;ils qualifient de collaboration ouverte de l&rsquo;Universit\u00e9 Columbia avec l&rsquo;administration Trump, qui utilise la menace de l&rsquo;annulation des visas \u00e9tudiants ou du statut de r\u00e9sident permanent comme moyen de pression pour mettre fin aux manifestations pro-palestiniennes contre la guerre isra\u00e9lienne \u00e0 Gaza, qualifi\u00e9e de g\u00e9nocide par des groupes de d\u00e9fense des droits humains, des organisations internationales et des dirigeants mondiaux.<\/span><\/span><\/span><\/p>\n<p><span style=\"color: #000000;\"><span style=\"font-family: Arial, sans-serif;\"><span style=\"font-size: medium;\">Les manifestants portaient des pancartes et scandaient des slogans tandis que les organisateurs d&rsquo;organisations locales r\u00e9primandaient Trump et l&rsquo;Universit\u00e9 Columbia pour leur collaboration avec lui. Des dizaines de policiers \u00e9taient align\u00e9s dans les rues, tandis que les manifestants les raillaient et les narguaient pour leur collaboration avec Trump.<\/span><\/span><\/span><\/p>\n<p><span style=\"color: #000000;\"><span style=\"font-family: Arial, sans-serif;\"><span style=\"font-size: medium;\">Plusieurs militants ont compar\u00e9 ces tactiques r\u00e9pressives \u00e0 l&rsquo;\u00e9poque du maccarthysme des ann\u00e9es 1950, \u00e0 la lutte pour mettre fin \u00e0 la guerre du Vietnam sous la pr\u00e9sidence de Richard Nixon, ainsi qu&rsquo;\u00e0 la menace d&rsquo;expulsion impos\u00e9e par l&rsquo;interdiction de voyager de Trump lors de son premier mandat.<\/span><\/span><\/span><\/p>\n<p><span style=\"color: #000000;\"><span style=\"font-family: Arial, sans-serif;\"><span style=\"font-size: medium;\">\u00ab\u00a0<i>Nous avons d\u00e9j\u00e0 v\u00e9cu cette situation. Plus jeune, je pensais que le pr\u00e9sident Richard Nixon \u00e9tait le diable absolu. Et nous avons r\u00e9ussi \u00e0 le vaincre\u00a0<\/i>\u00bb, a d\u00e9clar\u00e9 \u00e0 <i>MEE<\/i> Jaime, un militant new-yorkais.<\/span><\/span><\/span><\/p>\n<p><span style=\"color: #000000;\"><span style=\"font-family: Arial, sans-serif;\"><span style=\"font-size: medium;\">Mercredi, l&rsquo;affaire Khalil sera entendue pour la premi\u00e8re fois par le tribunal. Parall\u00e8lement, une p\u00e9tition lanc\u00e9e quelques heures apr\u00e8s son arrestation continue de recueillir des millions de signatures.<\/span><\/span><\/span><\/p>\n<p><span style=\"color: #000000;\"><span style=\"font-family: Arial, sans-serif;\"><span style=\"font-size: medium;\">Plusieurs autres actions sont pr\u00e9vues dans les prochains jours \u00e0 travers le pays, les militants mettant en garde contre les enjeux li\u00e9s au fait de permettre \u00e0 Trump de cr\u00e9er un pr\u00e9c\u00e9dent avec l&rsquo;affaire Khalil. Lundi, ses avocats ont publi\u00e9 une d\u00e9claration affirmant que Khalil \u00e9tait en bonne sant\u00e9 et \u00ab<i> touch\u00e9 par le soutien extraordinairement large et ind\u00e9fectible qu&rsquo;il a re\u00e7u de diverses communaut\u00e9s qui comprennent les enjeux<\/i> \u00bb. Un sentiment partag\u00e9 par ses coll\u00e8gues et amis de Columbia. \u00ab <i>Les \u00e9tudiants de l&rsquo;Universit\u00e9 Columbia le soutiennent, et nous ne voulons pas que les choses continuent comme avant pendant sa d\u00e9tention. Nous continuerons \u00e0 nous battre pour lui, \u00e0 le d\u00e9fendre\u00a0; et nous l&rsquo;aimons profond\u00e9ment. Il y a un tel vide dans notre communaut\u00e9 en ce moment<\/i> \u00bb, a d\u00e9clar\u00e9 l&rsquo;\u00e9tudiant juif de Sipa.<\/span><\/span><\/span><\/p>\n<pre><strong><em><span style=\"color: #000000;\"><span style=\"font-family: Arial, sans-serif;\"><span style=\"font-size: medium;\"><span style=\"font-size: small;\">Article original en anglais sur <a href=\"&quot;The harassment was so pervasive that Mahmoud emailed the Columbia University administration repeatedly asking for support,&quot; the lawyers wrote.\">Middle East Eye<\/a> \/ Traduction MR<\/span><\/span><\/span><\/span><\/em><\/strong><\/pre>\n","protected":false},"excerpt":{"rendered":"<p>Azad Essa, 12 mars 2025.- Mahmoud Khalil, l&rsquo;\u00e9tudiant militant palestinien qui a jou\u00e9 un r\u00f4le important dans les manifestations \u00e9tudiantes de l&rsquo;Universit\u00e9 Columbia l&rsquo;ann\u00e9e derni\u00e8re, a \u00e9t\u00e9 interpell\u00e9 samedi par <a class=\"more-link\" href=\"https:\/\/ismfrance.org\/index.php\/2025\/03\/13\/qui-est-mahmoud-khalil-letudiant-militant-palestinien-menace-dexpulsion-des-etats-unis\/\">Lire la suite &rarr;<\/a><\/p>\n","protected":false},"author":3,"featured_media":18939,"comment_status":"closed","ping_status":"closed","sticky":false,"template":"","format":"standard","meta":{"footnotes":""},"categories":[12,2],"tags":[109,194],"class_list":["post-18934","post","type-post","status-publish","format-standard","has-post-thumbnail","hentry","category-analyses","category-articles","tag-criminalisation","tag-etudiants"],"yoast_head":"<!-- This site is optimized with the Yoast SEO plugin v27.2 - https:\/\/yoast.com\/product\/yoast-seo-wordpress\/ -->\n<title>Qui est Mahmoud Khalil, l&#039;\u00e9tudiant militant palestinien menac\u00e9 d&#039;expulsion des \u00c9tats-Unis\u00a0? - International Solidarity Movement - ISM-France<\/title>\n<meta name=\"robots\" content=\"index, follow, max-snippet:-1, max-image-preview:large, max-video-preview:-1\" \/>\n<link rel=\"canonical\" href=\"https:\/\/ismfrance.org\/index.php\/2025\/03\/13\/qui-est-mahmoud-khalil-letudiant-militant-palestinien-menace-dexpulsion-des-etats-unis\/\" \/>\n<meta property=\"og:locale\" content=\"fr_FR\" \/>\n<meta property=\"og:type\" content=\"article\" \/>\n<meta property=\"og:title\" content=\"Qui est Mahmoud Khalil, l&#039;\u00e9tudiant militant palestinien menac\u00e9 d&#039;expulsion des \u00c9tats-Unis\u00a0? - International Solidarity Movement - ISM-France\" \/>\n<meta property=\"og:description\" content=\"Azad Essa, 12 mars 2025.- Mahmoud Khalil, l&rsquo;\u00e9tudiant militant palestinien qui a jou\u00e9 un r\u00f4le important dans les manifestations \u00e9tudiantes de l&rsquo;Universit\u00e9 Columbia l&rsquo;ann\u00e9e derni\u00e8re, a \u00e9t\u00e9 interpell\u00e9 samedi par Lire la suite &rarr;\" \/>\n<meta property=\"og:url\" content=\"https:\/\/ismfrance.org\/index.php\/2025\/03\/13\/qui-est-mahmoud-khalil-letudiant-militant-palestinien-menace-dexpulsion-des-etats-unis\/\" \/>\n<meta property=\"og:site_name\" content=\"International Solidarity Movement - ISM-France\" \/>\n<meta property=\"article:published_time\" content=\"2025-03-13T11:14:23+00:00\" \/>\n<meta property=\"article:modified_time\" content=\"2025-03-13T11:16:23+00:00\" \/>\n<meta property=\"og:image\" content=\"https:\/\/ismfrance.org\/wp-content\/uploads\/2025\/03\/free-mahmoud.png\" \/>\n\t<meta property=\"og:image:width\" content=\"682\" \/>\n\t<meta property=\"og:image:height\" content=\"682\" \/>\n\t<meta property=\"og:image:type\" content=\"image\/png\" \/>\n<meta name=\"author\" content=\"mru_01\" \/>\n<meta name=\"twitter:card\" content=\"summary_large_image\" \/>\n<meta name=\"twitter:creator\" content=\"@ISMFRANCE\" \/>\n<meta name=\"twitter:site\" content=\"@ISMFRANCE\" \/>\n<meta name=\"twitter:label1\" content=\"\u00c9crit par\" \/>\n\t<meta name=\"twitter:data1\" content=\"mru_01\" \/>\n\t<meta name=\"twitter:label2\" content=\"Dur\u00e9e de lecture estim\u00e9e\" \/>\n\t<meta name=\"twitter:data2\" content=\"11 minutes\" \/>\n<script type=\"application\/ld+json\" class=\"yoast-schema-graph\">{\"@context\":\"https:\/\/schema.org\",\"@graph\":[{\"@type\":\"Article\",\"@id\":\"https:\/\/ismfrance.org\/index.php\/2025\/03\/13\/qui-est-mahmoud-khalil-letudiant-militant-palestinien-menace-dexpulsion-des-etats-unis\/#article\",\"isPartOf\":{\"@id\":\"https:\/\/ismfrance.org\/index.php\/2025\/03\/13\/qui-est-mahmoud-khalil-letudiant-militant-palestinien-menace-dexpulsion-des-etats-unis\/\"},\"author\":{\"name\":\"mru_01\",\"@id\":\"https:\/\/ismfrance.org\/#\/schema\/person\/3c411eb72adfaae19c0dca1f41fae01d\"},\"headline\":\"Qui est Mahmoud Khalil, l&rsquo;\u00e9tudiant militant palestinien menac\u00e9 d&rsquo;expulsion des \u00c9tats-Unis\u00a0?\",\"datePublished\":\"2025-03-13T11:14:23+00:00\",\"dateModified\":\"2025-03-13T11:16:23+00:00\",\"mainEntityOfPage\":{\"@id\":\"https:\/\/ismfrance.org\/index.php\/2025\/03\/13\/qui-est-mahmoud-khalil-letudiant-militant-palestinien-menace-dexpulsion-des-etats-unis\/\"},\"wordCount\":2023,\"publisher\":{\"@id\":\"https:\/\/ismfrance.org\/#organization\"},\"image\":{\"@id\":\"https:\/\/ismfrance.org\/index.php\/2025\/03\/13\/qui-est-mahmoud-khalil-letudiant-militant-palestinien-menace-dexpulsion-des-etats-unis\/#primaryimage\"},\"thumbnailUrl\":\"https:\/\/ismfrance.org\/wp-content\/uploads\/2025\/03\/free-mahmoud.png\",\"keywords\":[\"Criminalisation\",\"Etudiants\"],\"articleSection\":[\"Analyses\",\"Articles\"],\"inLanguage\":\"fr-FR\"},{\"@type\":\"WebPage\",\"@id\":\"https:\/\/ismfrance.org\/index.php\/2025\/03\/13\/qui-est-mahmoud-khalil-letudiant-militant-palestinien-menace-dexpulsion-des-etats-unis\/\",\"url\":\"https:\/\/ismfrance.org\/index.php\/2025\/03\/13\/qui-est-mahmoud-khalil-letudiant-militant-palestinien-menace-dexpulsion-des-etats-unis\/\",\"name\":\"Qui est Mahmoud Khalil, l'\u00e9tudiant militant palestinien menac\u00e9 d'expulsion des \u00c9tats-Unis\u00a0? - International Solidarity Movement - ISM-France\",\"isPartOf\":{\"@id\":\"https:\/\/ismfrance.org\/#website\"},\"primaryImageOfPage\":{\"@id\":\"https:\/\/ismfrance.org\/index.php\/2025\/03\/13\/qui-est-mahmoud-khalil-letudiant-militant-palestinien-menace-dexpulsion-des-etats-unis\/#primaryimage\"},\"image\":{\"@id\":\"https:\/\/ismfrance.org\/index.php\/2025\/03\/13\/qui-est-mahmoud-khalil-letudiant-militant-palestinien-menace-dexpulsion-des-etats-unis\/#primaryimage\"},\"thumbnailUrl\":\"https:\/\/ismfrance.org\/wp-content\/uploads\/2025\/03\/free-mahmoud.png\",\"datePublished\":\"2025-03-13T11:14:23+00:00\",\"dateModified\":\"2025-03-13T11:16:23+00:00\",\"breadcrumb\":{\"@id\":\"https:\/\/ismfrance.org\/index.php\/2025\/03\/13\/qui-est-mahmoud-khalil-letudiant-militant-palestinien-menace-dexpulsion-des-etats-unis\/#breadcrumb\"},\"inLanguage\":\"fr-FR\",\"potentialAction\":[{\"@type\":\"ReadAction\",\"target\":[\"https:\/\/ismfrance.org\/index.php\/2025\/03\/13\/qui-est-mahmoud-khalil-letudiant-militant-palestinien-menace-dexpulsion-des-etats-unis\/\"]}]},{\"@type\":\"ImageObject\",\"inLanguage\":\"fr-FR\",\"@id\":\"https:\/\/ismfrance.org\/index.php\/2025\/03\/13\/qui-est-mahmoud-khalil-letudiant-militant-palestinien-menace-dexpulsion-des-etats-unis\/#primaryimage\",\"url\":\"https:\/\/ismfrance.org\/wp-content\/uploads\/2025\/03\/free-mahmoud.png\",\"contentUrl\":\"https:\/\/ismfrance.org\/wp-content\/uploads\/2025\/03\/free-mahmoud.png\",\"width\":682,\"height\":682},{\"@type\":\"BreadcrumbList\",\"@id\":\"https:\/\/ismfrance.org\/index.php\/2025\/03\/13\/qui-est-mahmoud-khalil-letudiant-militant-palestinien-menace-dexpulsion-des-etats-unis\/#breadcrumb\",\"itemListElement\":[{\"@type\":\"ListItem\",\"position\":1,\"name\":\"Accueil\",\"item\":\"https:\/\/ismfrance.org\/\"},{\"@type\":\"ListItem\",\"position\":2,\"name\":\"Qui est Mahmoud Khalil, l&rsquo;\u00e9tudiant militant palestinien menac\u00e9 d&rsquo;expulsion des \u00c9tats-Unis\u00a0?\"}]},{\"@type\":\"WebSite\",\"@id\":\"https:\/\/ismfrance.org\/#website\",\"url\":\"https:\/\/ismfrance.org\/\",\"name\":\"ISM Palestine France\",\"description\":\"Soutien aux luttes de lib\u00e9ration du peuple palestinien\",\"publisher\":{\"@id\":\"https:\/\/ismfrance.org\/#organization\"},\"potentialAction\":[{\"@type\":\"SearchAction\",\"target\":{\"@type\":\"EntryPoint\",\"urlTemplate\":\"https:\/\/ismfrance.org\/?s={search_term_string}\"},\"query-input\":{\"@type\":\"PropertyValueSpecification\",\"valueRequired\":true,\"valueName\":\"search_term_string\"}}],\"inLanguage\":\"fr-FR\"},{\"@type\":\"Organization\",\"@id\":\"https:\/\/ismfrance.org\/#organization\",\"name\":\"International Solidarity Movement\",\"url\":\"https:\/\/ismfrance.org\/\",\"logo\":{\"@type\":\"ImageObject\",\"inLanguage\":\"fr-FR\",\"@id\":\"https:\/\/ismfrance.org\/#\/schema\/logo\/image\/\",\"url\":\"https:\/\/ismfrance.org\/wp-content\/uploads\/2020\/12\/00.png\",\"contentUrl\":\"https:\/\/ismfrance.org\/wp-content\/uploads\/2020\/12\/00.png\",\"width\":400,\"height\":400,\"caption\":\"International Solidarity Movement\"},\"image\":{\"@id\":\"https:\/\/ismfrance.org\/#\/schema\/logo\/image\/\"},\"sameAs\":[\"https:\/\/x.com\/ISMFRANCE\"]},{\"@type\":\"Person\",\"@id\":\"https:\/\/ismfrance.org\/#\/schema\/person\/3c411eb72adfaae19c0dca1f41fae01d\",\"name\":\"mru_01\",\"image\":{\"@type\":\"ImageObject\",\"inLanguage\":\"fr-FR\",\"@id\":\"https:\/\/secure.gravatar.com\/avatar\/3a0be343b445d2ccc79e87444a294fad2b232e90d2051d0e3cc219e1ecd6a330?s=96&d=mm&r=g\",\"url\":\"https:\/\/secure.gravatar.com\/avatar\/3a0be343b445d2ccc79e87444a294fad2b232e90d2051d0e3cc219e1ecd6a330?s=96&d=mm&r=g\",\"contentUrl\":\"https:\/\/secure.gravatar.com\/avatar\/3a0be343b445d2ccc79e87444a294fad2b232e90d2051d0e3cc219e1ecd6a330?s=96&d=mm&r=g\",\"caption\":\"mru_01\"},\"url\":\"https:\/\/ismfrance.org\/index.php\/author\/admin02\/\"}]}<\/script>\n<!-- \/ Yoast SEO plugin. -->","yoast_head_json":{"title":"Qui est Mahmoud Khalil, l'\u00e9tudiant militant palestinien menac\u00e9 d'expulsion des \u00c9tats-Unis\u00a0? - International Solidarity Movement - ISM-France","robots":{"index":"index","follow":"follow","max-snippet":"max-snippet:-1","max-image-preview":"max-image-preview:large","max-video-preview":"max-video-preview:-1"},"canonical":"https:\/\/ismfrance.org\/index.php\/2025\/03\/13\/qui-est-mahmoud-khalil-letudiant-militant-palestinien-menace-dexpulsion-des-etats-unis\/","og_locale":"fr_FR","og_type":"article","og_title":"Qui est Mahmoud Khalil, l'\u00e9tudiant militant palestinien menac\u00e9 d'expulsion des \u00c9tats-Unis\u00a0? - International Solidarity Movement - ISM-France","og_description":"Azad Essa, 12 mars 2025.- Mahmoud Khalil, l&rsquo;\u00e9tudiant militant palestinien qui a jou\u00e9 un r\u00f4le important dans les manifestations \u00e9tudiantes de l&rsquo;Universit\u00e9 Columbia l&rsquo;ann\u00e9e derni\u00e8re, a \u00e9t\u00e9 interpell\u00e9 samedi par Lire la suite &rarr;","og_url":"https:\/\/ismfrance.org\/index.php\/2025\/03\/13\/qui-est-mahmoud-khalil-letudiant-militant-palestinien-menace-dexpulsion-des-etats-unis\/","og_site_name":"International Solidarity Movement - ISM-France","article_published_time":"2025-03-13T11:14:23+00:00","article_modified_time":"2025-03-13T11:16:23+00:00","og_image":[{"width":682,"height":682,"url":"https:\/\/ismfrance.org\/wp-content\/uploads\/2025\/03\/free-mahmoud.png","type":"image\/png"}],"author":"mru_01","twitter_card":"summary_large_image","twitter_creator":"@ISMFRANCE","twitter_site":"@ISMFRANCE","twitter_misc":{"\u00c9crit par":"mru_01","Dur\u00e9e de lecture estim\u00e9e":"11 minutes"},"schema":{"@context":"https:\/\/schema.org","@graph":[{"@type":"Article","@id":"https:\/\/ismfrance.org\/index.php\/2025\/03\/13\/qui-est-mahmoud-khalil-letudiant-militant-palestinien-menace-dexpulsion-des-etats-unis\/#article","isPartOf":{"@id":"https:\/\/ismfrance.org\/index.php\/2025\/03\/13\/qui-est-mahmoud-khalil-letudiant-militant-palestinien-menace-dexpulsion-des-etats-unis\/"},"author":{"name":"mru_01","@id":"https:\/\/ismfrance.org\/#\/schema\/person\/3c411eb72adfaae19c0dca1f41fae01d"},"headline":"Qui est Mahmoud Khalil, l&rsquo;\u00e9tudiant militant palestinien menac\u00e9 d&rsquo;expulsion des \u00c9tats-Unis\u00a0?","datePublished":"2025-03-13T11:14:23+00:00","dateModified":"2025-03-13T11:16:23+00:00","mainEntityOfPage":{"@id":"https:\/\/ismfrance.org\/index.php\/2025\/03\/13\/qui-est-mahmoud-khalil-letudiant-militant-palestinien-menace-dexpulsion-des-etats-unis\/"},"wordCount":2023,"publisher":{"@id":"https:\/\/ismfrance.org\/#organization"},"image":{"@id":"https:\/\/ismfrance.org\/index.php\/2025\/03\/13\/qui-est-mahmoud-khalil-letudiant-militant-palestinien-menace-dexpulsion-des-etats-unis\/#primaryimage"},"thumbnailUrl":"https:\/\/ismfrance.org\/wp-content\/uploads\/2025\/03\/free-mahmoud.png","keywords":["Criminalisation","Etudiants"],"articleSection":["Analyses","Articles"],"inLanguage":"fr-FR"},{"@type":"WebPage","@id":"https:\/\/ismfrance.org\/index.php\/2025\/03\/13\/qui-est-mahmoud-khalil-letudiant-militant-palestinien-menace-dexpulsion-des-etats-unis\/","url":"https:\/\/ismfrance.org\/index.php\/2025\/03\/13\/qui-est-mahmoud-khalil-letudiant-militant-palestinien-menace-dexpulsion-des-etats-unis\/","name":"Qui est Mahmoud Khalil, l'\u00e9tudiant militant palestinien menac\u00e9 d'expulsion des \u00c9tats-Unis\u00a0? - International Solidarity Movement - ISM-France","isPartOf":{"@id":"https:\/\/ismfrance.org\/#website"},"primaryImageOfPage":{"@id":"https:\/\/ismfrance.org\/index.php\/2025\/03\/13\/qui-est-mahmoud-khalil-letudiant-militant-palestinien-menace-dexpulsion-des-etats-unis\/#primaryimage"},"image":{"@id":"https:\/\/ismfrance.org\/index.php\/2025\/03\/13\/qui-est-mahmoud-khalil-letudiant-militant-palestinien-menace-dexpulsion-des-etats-unis\/#primaryimage"},"thumbnailUrl":"https:\/\/ismfrance.org\/wp-content\/uploads\/2025\/03\/free-mahmoud.png","datePublished":"2025-03-13T11:14:23+00:00","dateModified":"2025-03-13T11:16:23+00:00","breadcrumb":{"@id":"https:\/\/ismfrance.org\/index.php\/2025\/03\/13\/qui-est-mahmoud-khalil-letudiant-militant-palestinien-menace-dexpulsion-des-etats-unis\/#breadcrumb"},"inLanguage":"fr-FR","potentialAction":[{"@type":"ReadAction","target":["https:\/\/ismfrance.org\/index.php\/2025\/03\/13\/qui-est-mahmoud-khalil-letudiant-militant-palestinien-menace-dexpulsion-des-etats-unis\/"]}]},{"@type":"ImageObject","inLanguage":"fr-FR","@id":"https:\/\/ismfrance.org\/index.php\/2025\/03\/13\/qui-est-mahmoud-khalil-letudiant-militant-palestinien-menace-dexpulsion-des-etats-unis\/#primaryimage","url":"https:\/\/ismfrance.org\/wp-content\/uploads\/2025\/03\/free-mahmoud.png","contentUrl":"https:\/\/ismfrance.org\/wp-content\/uploads\/2025\/03\/free-mahmoud.png","width":682,"height":682},{"@type":"BreadcrumbList","@id":"https:\/\/ismfrance.org\/index.php\/2025\/03\/13\/qui-est-mahmoud-khalil-letudiant-militant-palestinien-menace-dexpulsion-des-etats-unis\/#breadcrumb","itemListElement":[{"@type":"ListItem","position":1,"name":"Accueil","item":"https:\/\/ismfrance.org\/"},{"@type":"ListItem","position":2,"name":"Qui est Mahmoud Khalil, l&rsquo;\u00e9tudiant militant palestinien menac\u00e9 d&rsquo;expulsion des \u00c9tats-Unis\u00a0?"}]},{"@type":"WebSite","@id":"https:\/\/ismfrance.org\/#website","url":"https:\/\/ismfrance.org\/","name":"ISM Palestine France","description":"Soutien aux luttes de lib\u00e9ration du peuple palestinien","publisher":{"@id":"https:\/\/ismfrance.org\/#organization"},"potentialAction":[{"@type":"SearchAction","target":{"@type":"EntryPoint","urlTemplate":"https:\/\/ismfrance.org\/?s={search_term_string}"},"query-input":{"@type":"PropertyValueSpecification","valueRequired":true,"valueName":"search_term_string"}}],"inLanguage":"fr-FR"},{"@type":"Organization","@id":"https:\/\/ismfrance.org\/#organization","name":"International Solidarity Movement","url":"https:\/\/ismfrance.org\/","logo":{"@type":"ImageObject","inLanguage":"fr-FR","@id":"https:\/\/ismfrance.org\/#\/schema\/logo\/image\/","url":"https:\/\/ismfrance.org\/wp-content\/uploads\/2020\/12\/00.png","contentUrl":"https:\/\/ismfrance.org\/wp-content\/uploads\/2020\/12\/00.png","width":400,"height":400,"caption":"International Solidarity Movement"},"image":{"@id":"https:\/\/ismfrance.org\/#\/schema\/logo\/image\/"},"sameAs":["https:\/\/x.com\/ISMFRANCE"]},{"@type":"Person","@id":"https:\/\/ismfrance.org\/#\/schema\/person\/3c411eb72adfaae19c0dca1f41fae01d","name":"mru_01","image":{"@type":"ImageObject","inLanguage":"fr-FR","@id":"https:\/\/secure.gravatar.com\/avatar\/3a0be343b445d2ccc79e87444a294fad2b232e90d2051d0e3cc219e1ecd6a330?s=96&d=mm&r=g","url":"https:\/\/secure.gravatar.com\/avatar\/3a0be343b445d2ccc79e87444a294fad2b232e90d2051d0e3cc219e1ecd6a330?s=96&d=mm&r=g","contentUrl":"https:\/\/secure.gravatar.com\/avatar\/3a0be343b445d2ccc79e87444a294fad2b232e90d2051d0e3cc219e1ecd6a330?s=96&d=mm&r=g","caption":"mru_01"},"url":"https:\/\/ismfrance.org\/index.php\/author\/admin02\/"}]}},"_links":{"self":[{"href":"https:\/\/ismfrance.org\/index.php\/wp-json\/wp\/v2\/posts\/18934","targetHints":{"allow":["GET"]}}],"collection":[{"href":"https:\/\/ismfrance.org\/index.php\/wp-json\/wp\/v2\/posts"}],"about":[{"href":"https:\/\/ismfrance.org\/index.php\/wp-json\/wp\/v2\/types\/post"}],"author":[{"embeddable":true,"href":"https:\/\/ismfrance.org\/index.php\/wp-json\/wp\/v2\/users\/3"}],"replies":[{"embeddable":true,"href":"https:\/\/ismfrance.org\/index.php\/wp-json\/wp\/v2\/comments?post=18934"}],"version-history":[{"count":0,"href":"https:\/\/ismfrance.org\/index.php\/wp-json\/wp\/v2\/posts\/18934\/revisions"}],"wp:featuredmedia":[{"embeddable":true,"href":"https:\/\/ismfrance.org\/index.php\/wp-json\/wp\/v2\/media\/18939"}],"wp:attachment":[{"href":"https:\/\/ismfrance.org\/index.php\/wp-json\/wp\/v2\/media?parent=18934"}],"wp:term":[{"taxonomy":"category","embeddable":true,"href":"https:\/\/ismfrance.org\/index.php\/wp-json\/wp\/v2\/categories?post=18934"},{"taxonomy":"post_tag","embeddable":true,"href":"https:\/\/ismfrance.org\/index.php\/wp-json\/wp\/v2\/tags?post=18934"}],"curies":[{"name":"wp","href":"https:\/\/api.w.org\/{rel}","templated":true}]}}