{"id":18713,"date":"2025-02-28T11:42:46","date_gmt":"2025-02-28T10:42:46","guid":{"rendered":"https:\/\/ismfrance.org\/?p=18713"},"modified":"2025-04-22T19:56:26","modified_gmt":"2025-04-22T17:56:26","slug":"comment-lislamophobie-et-le-racisme-anti-palestinien-sont-nes-ensemble","status":"publish","type":"post","link":"https:\/\/ismfrance.org\/index.php\/2025\/02\/28\/comment-lislamophobie-et-le-racisme-anti-palestinien-sont-nes-ensemble\/","title":{"rendered":"Comment l\u2019islamophobie et le racisme anti-palestinien sont n\u00e9s ensemble"},"content":{"rendered":"<p align=\"LEFT\"><span style=\"color: #000000;\"><span style=\"font-family: Verdana, sans-serif;\"><span style=\"font-size: medium;\"><strong>Joseph Massad, 27 f\u00e9vrier 2025<\/strong>. L\u2019islamophobie et l\u2019anti-palestinisme sont n\u00e9s ensemble, indissociables depuis le d\u00e9but, il y a un mill\u00e9naire.<\/span><\/span><\/span><\/p>\n<p align=\"LEFT\"><span style=\"color: #000000;\"><span style=\"font-family: Verdana, sans-serif;\"><span style=\"font-size: medium;\">Bien avant que ces id\u00e9ologies n\u2019aient acquis leurs noms contemporains comme masques de conqu\u00eate, les Palestiniens \u00e9taient d\u00e9j\u00e0 devenus une cible. Au XIe si\u00e8cle, tout comme aujourd\u2019hui, ils \u00e9taient marqu\u00e9s pour \u00eatre \u00e9limin\u00e9s parce qu\u2019ils sont les habitants natifs de la Palestine, et la majorit\u00e9 sont musulmans.<\/span><\/span><\/span><\/p>\n<p align=\"LEFT\"><a href=\"https:\/\/ismfrance.org\/wp-content\/uploads\/2025\/02\/maroc.jpeg\"><img loading=\"lazy\" decoding=\"async\" class=\"size-large wp-image-19823 aligncenter\" src=\"https:\/\/ismfrance.org\/wp-content\/uploads\/2025\/02\/maroc-700x525.jpeg\" alt=\"\" width=\"600\" height=\"450\" srcset=\"https:\/\/ismfrance.org\/wp-content\/uploads\/2025\/02\/maroc-700x525.jpeg 700w, https:\/\/ismfrance.org\/wp-content\/uploads\/2025\/02\/maroc-300x225.jpeg 300w, https:\/\/ismfrance.org\/wp-content\/uploads\/2025\/02\/maroc-768x576.jpeg 768w, https:\/\/ismfrance.org\/wp-content\/uploads\/2025\/02\/maroc-350x263.jpeg 350w, https:\/\/ismfrance.org\/wp-content\/uploads\/2025\/02\/maroc.jpeg 1040w\" sizes=\"auto, (max-width: 600px) 100vw, 600px\" \/><\/a><span style=\"color: #000000;\"><span style=\"font-family: Verdana, sans-serif;\"><span style=\"font-size: medium;\">La Palestine a eu le malheur d\u2019\u00eatre le site \u00e0 la fois de la premi\u00e8re et de la derni\u00e8re colonie europ\u00e9enne, une calamit\u00e9 dont le peuple palestinien continue de souffrir et contre laquelle il continue de r\u00e9sister.<\/span><\/span><\/span><\/p>\n<p align=\"LEFT\"><span style=\"color: #000000;\"><span style=\"font-family: Verdana, sans-serif;\"><span style=\"font-size: medium;\">Les Palestiniens n\u2019ont certainement pas \u00e9t\u00e9 les premiers musulmans ou chr\u00e9tiens arabes \u00e0 \u00eatre pris pour cible par les arm\u00e9es europ\u00e9ennes.<\/span><\/span><\/span><\/p>\n<p align=\"LEFT\"><span style=\"color: #000000;\"><span style=\"font-family: Verdana, sans-serif;\"><span style=\"font-size: medium;\">Les premiers furent les musulmans arabes d\u2019Espagne, de Sicile et du sud de l\u2019Italie. Ces derniers furent conquis par les Normands pour \u00e9tendre les fronti\u00e8res de la chr\u00e9tient\u00e9 latine et arracher ces territoires \u00e0 la domination arabo-musulmane.<\/span><\/span><\/span><\/p>\n<p align=\"LEFT\"><span style=\"color: #000000;\"><span style=\"font-family: Verdana, sans-serif;\"><span style=\"font-size: medium;\">Mais contrairement \u00e0 la conqu\u00eate de la Sicile arabe musulmane et de l&rsquo;Italie du Sud, les musulmans et les chr\u00e9tiens d&rsquo;Orient de Palestine furent les premiers \u00e0 \u00eatre cibl\u00e9s par la chr\u00e9tient\u00e9 latine dans une \u00ab guerre sainte \u00bb, connue par la suite sous le nom de premi\u00e8re croisade.<\/span><\/span><\/span><\/p>\n<p align=\"LEFT\"><span style=\"color: #000000;\"><span style=\"font-family: Verdana, sans-serif;\"><span style=\"font-size: medium;\">La croisade inspira \u00e9galement le z\u00e8le de la soi-disant <i>Reconquista<\/i> en Ib\u00e9rie, qui fut consid\u00e9r\u00e9e comme une \u00ab seconde marche vers J\u00e9rusalem \u00bb. Mais contrairement \u00e0 l&rsquo;Italie arabe musulmane et \u00e0 l&rsquo;Espagne, la Palestine n&rsquo;\u00e9tait pas limitrophe de la chr\u00e9tient\u00e9 latine, m\u00eame si c&rsquo;\u00e9tait le territoire o\u00f9 les \u00e9v\u00e9nements de la foi \u00e0 laquelle s&rsquo;\u00e9taient convertis les pa\u00efens europ\u00e9ens avaient pris naissance.<\/span><\/span><\/span><\/p>\n<p align=\"LEFT\"><span style=\"color: #000000;\"><span style=\"font-family: Verdana, sans-serif;\"><span style=\"font-size: medium;\">Le p\u00e9ch\u00e9 du peuple de Palestine, aux yeux des crois\u00e9s, \u00e9tait pr\u00e9cis\u00e9ment de ne pas \u00eatre des chr\u00e9tiens latins. De m\u00eame, depuis que le projet sioniste de conqu\u00eate de la Palestine a commenc\u00e9, le p\u00e9ch\u00e9 du peuple palestinien, aux yeux des derniers crois\u00e9s, est de ne pas \u00eatre juif.<\/span><\/span><\/span><\/p>\n<p align=\"LEFT\"><span style=\"color: #000000;\"><span style=\"font-family: Verdana, sans-serif;\"><span style=\"font-size: medium;\">Dans les deux cas, la Palestine a \u00e9t\u00e9 identifi\u00e9e comme une terre que le Seigneur avait l\u00e9gu\u00e9e \u2013 d\u2019abord aux chr\u00e9tiens latins et, depuis le d\u00e9but du XXe si\u00e8cle, aux juifs ashk\u00e9nazes, tous deux originaires de ce qui est devenu l\u2019Europe.<\/span><\/span><\/span><\/p>\n<p align=\"LEFT\"><strong><span style=\"color: #000000;\"><span style=\"font-family: Verdana, sans-serif;\"><span style=\"font-size: large;\">\u00ab La guerre contre les musulmans \u00bb<\/span><\/span><\/span><\/strong><\/p>\n<p align=\"LEFT\"><span style=\"color: #000000;\"><span style=\"font-family: Verdana, sans-serif;\"><span style=\"font-size: medium;\">Alors que l\u2019anti-islam a structur\u00e9 les guerres des crois\u00e9s latins \u00e0 partir du XIe si\u00e8cle, au XIXe si\u00e8cle, ce sont la supr\u00e9matie chr\u00e9tienne blanche europ\u00e9enne et l\u2019orientalisme qui ont assum\u00e9 ce r\u00f4le.<\/span><\/span><\/span><\/p>\n<p align=\"LEFT\"><span style=\"color: #000000;\"><span style=\"font-family: Verdana, sans-serif;\"><span style=\"font-size: medium;\">L\u2019islam est rest\u00e9 un facteur structurant, mais il \u00e9tait d\u00e9sormais m\u00eal\u00e9 \u00e0 plusieurs questions que l\u2019Europe a exprim\u00e9es, \u00e9mergeant au XVIIIe si\u00e8cle \u2013 ce que les Britanniques ont appel\u00e9 la \u00ab question juive \u00bb et la \u00ab question orientale \u00bb.<\/span><\/span><\/span><\/p>\n<p align=\"LEFT\"><span style=\"color: #000000;\"><span style=\"font-family: Verdana, sans-serif;\"><span style=\"font-size: medium;\">Pourtant, la guerre contre les musulmans entre la fin du XVIIIe si\u00e8cle et la fin de la Premi\u00e8re Guerre mondiale ne s\u2019est pas apais\u00e9e. Selon les estimations, jusqu\u2019\u00e0 cinq millions de musulmans ottomans ont \u00e9t\u00e9 tu\u00e9s entre 1820 et 1914, et six millions d\u2019autres sont devenus des r\u00e9fugi\u00e9s.<\/span><\/span><\/span><\/p>\n<p align=\"LEFT\"><span style=\"color: #000000;\"><span style=\"font-family: Verdana, sans-serif;\"><span style=\"font-size: medium;\">Certaines de ces campagnes meurtri\u00e8res ont \u00e9pargn\u00e9 le peuple palestinien qui, au XXe si\u00e8cle, \u00e9tait per\u00e7u par l\u2019Occident chr\u00e9tien principalement comme des Arabes \u2013 une identit\u00e9 tr\u00e8s proche de l\u2019islam.<\/span><\/span><\/span><\/p>\n<p align=\"LEFT\"><span style=\"color: #000000;\"><span style=\"font-family: Verdana, sans-serif;\"><span style=\"font-size: medium;\">Cette d\u00e9signation arabe est rest\u00e9e pr\u00e9gnante jusqu\u2019au 11 septembre, lorsque l\u2019islamophobie la plus r\u00e9cente en Europe, qui avait vu ses premi\u00e8res manifestations apr\u00e8s le triomphe de la r\u00e9volution iranienne, a \u00e9t\u00e9 exprim\u00e9e comme le pr\u00e9sident George W. Bush l\u2019a formul\u00e9 en 2001 : une nouvelle \u00ab <i>croisade<\/i> \u00bb qui \u00ab <i>va prendre un certain temps <\/i>\u00bb.<\/span><\/span><\/span><\/p>\n<p align=\"LEFT\"><span style=\"color: #000000;\"><span style=\"font-family: Verdana, sans-serif;\"><span style=\"font-size: medium;\">C\u2019est alors qu\u2019Isra\u00ebl et l\u2019Occident ont r\u00e9identifi\u00e9 les Palestiniens comme des musulmans r\u00e9pr\u00e9hensibles qui doivent \u00eatre vaincus.<\/span><\/span><\/span><\/p>\n<p align=\"LEFT\"><span style=\"color: #000000;\"><span style=\"font-family: Verdana, sans-serif;\"><span style=\"font-size: medium;\">Comme l\u2019a laiss\u00e9 entendre Bush, la croisade a effectivement pris un certain temps et reste pr\u00e9sente. Les r\u00e9cents plans du pr\u00e9sident Donald Trump pour les Palestiniens de Gaza font \u00e9cho \u00e0 l\u2019histoire des croisades, voire s\u2019en inspirent directement.<\/span><\/span><\/span><\/p>\n<p align=\"LEFT\"><span style=\"color: #000000;\"><span style=\"font-family: Verdana, sans-serif;\"><span style=\"font-size: medium;\">En novembre 1095, le pape Urbain II a d\u00e9clar\u00e9 qu&rsquo;il fallait reconqu\u00e9rir la terre o\u00f9 le christianisme est n\u00e9. S&rsquo;adressant aux Europ\u00e9ens convertis \u00e0 la religion palestinienne du christianisme, le pape a d\u00e9clar\u00e9 :<\/span><\/span><\/span><\/p>\n<p align=\"LEFT\"><span style=\"color: #000000;\"><span style=\"font-family: Verdana, sans-serif;\"><span style=\"font-size: medium;\">\u00ab\u00a0Entrez sur la route du Saint-S\u00e9pulcre ; arrachez cette terre \u00e0 la race m\u00e9chante et soumettez-la \u00e0 vous-m\u00eames. Cette terre qui, comme le dit l&rsquo;\u00c9criture, \u00ab\u00a0ruisselle de lait et de miel\u00a0\u00bb, a \u00e9t\u00e9 donn\u00e9e par Dieu en possession des enfants d&rsquo;Isra\u00ebl. J\u00e9rusalem est le nombril du monde ; la terre est fertile au-dessus des autres, comme un autre paradis de d\u00e9lices&#8230; Cette ville royale, donc, situ\u00e9e au centre du monde, est maintenant tenue captive par ses ennemis, et est soumise \u00e0 ceux qui ne connaissent pas Dieu, au culte des pa\u00efens. Elle cherche donc et d\u00e9sire \u00eatre lib\u00e9r\u00e9e et ne cesse de vous implorer de venir \u00e0 son secours. C&rsquo;est \u00e0 vous surtout qu&rsquo;elle demande du secours.\u00a0\u00bb<\/span><\/span><\/span><\/p>\n<p align=\"LEFT\"><span style=\"color: #000000;\"><span style=\"font-family: Verdana, sans-serif;\"><span style=\"font-size: medium;\">A l&rsquo;\u00e9poque, la majorit\u00e9 des habitants indig\u00e8nes de J\u00e9rusalem \u00e9taient des chr\u00e9tiens arabophones, ou ce que les crois\u00e9s appelaient \u00ab\u00a0<i>suryani<\/i>\u00ab\u00a0. L&rsquo;un des motifs d\u00e9clar\u00e9s de la croisade \u00e9tait de sauver les chr\u00e9tiens d&rsquo;Orient et les \u00e9glises d&rsquo;Orient des musulmans, m\u00eame si aucun chr\u00e9tien d&rsquo;Orient ne s&rsquo;\u00e9tait jamais plaint ou n&rsquo;avait fait appel \u00e0 l&rsquo;aide des Latins.<\/span><\/span><\/span><\/p>\n<p align=\"LEFT\"><span style=\"color: #000000;\"><span style=\"font-family: Verdana, sans-serif;\"><span style=\"font-size: medium;\">En fait, les chr\u00e9tiens d&rsquo;Orient, en particulier ceux de Palestine, furent, avec les musulmans, comme l&rsquo;ont dit les historiens, les \u00ab <i>victimes les plus r\u00e9ticentes et les plus<\/i> <i>malheureuses<\/i> \u00bb des croisades.<\/span><\/span><\/span><\/p>\n<p align=\"LEFT\"><span style=\"color: #000000;\"><span style=\"font-family: Verdana, sans-serif;\"><span style=\"font-size: medium;\">Le crime des musulmans arabes de Palestine &#8211; ces \u00ab <i>ennemis<\/i> \u00bb de Dieu, cette \u00ab <i>race m\u00e9chante<\/i> \u00bb de \u00ab <i>pa\u00efens<\/i> \u00bb &#8211; fut leur \u00ab <i>possession ill\u00e9gale<\/i> \u00bb des lieux \u00ab <i>saints<\/i> \u00bb que convoitait la chr\u00e9tient\u00e9 latine.<\/span><\/span><\/span><\/p>\n<p align=\"LEFT\"><strong><span style=\"color: #000000;\"><span style=\"font-family: Verdana, sans-serif;\"><span style=\"font-size: large;\">Cadres de conqu\u00eate<\/span><\/span><\/span><\/strong><\/p>\n<p align=\"LEFT\"><span style=\"color: #000000;\"><span style=\"font-family: Verdana, sans-serif;\"><span style=\"font-size: medium;\">C&rsquo;est au cours de la premi\u00e8re croisade que les chr\u00e9tiens latins fanatiques ont nomm\u00e9 pour la premi\u00e8re fois la Palestine \u00ab Terre sainte \u00bb, rempla\u00e7ant son surnom biblique de l&rsquo;Ancien Testament par \u00ab Terre promise \u00bb.<\/span><\/span><\/span><\/p>\n<p align=\"LEFT\"><span style=\"color: #000000;\"><span style=\"font-family: Verdana, sans-serif;\"><span style=\"font-size: medium;\">Ils ont \u00e9galement refus\u00e9 d&rsquo;utiliser le vrai nom de J\u00e9rusalem, <i>al-Quds<\/i>, qui avait remplac\u00e9 son nom aram\u00e9en au IXe si\u00e8cle.<\/span><\/span><\/span><\/p>\n<p align=\"LEFT\"><span style=\"color: #000000;\"><span style=\"font-family: Verdana, sans-serif;\"><span style=\"font-size: medium;\">Le peuple de Palestine a servi de repoussoir pratique \u00e0 la papaut\u00e9, car les guerres intestines entre chr\u00e9tiens latins \u00e9taient consid\u00e9r\u00e9es comme un p\u00e9ch\u00e9 par l&rsquo;\u00c9glise et entravaient leur service \u00e0 Dieu.<\/span><\/span><\/span><\/p>\n<p align=\"LEFT\"><span style=\"color: #000000;\"><span style=\"font-family: Verdana, sans-serif;\"><span style=\"font-size: medium;\">L&rsquo;unification des Latins et l&rsquo;expansion territoriale de la chr\u00e9tient\u00e9 \u00e9taient consid\u00e9r\u00e9es comme aussi cruciales que la r\u00e9orientation de l&rsquo;animosit\u00e9 latine envers les musulmans.<\/span><\/span><\/span><\/p>\n<p align=\"LEFT\"><span style=\"color: #000000;\"><span style=\"font-family: Verdana, sans-serif;\"><span style=\"font-size: medium;\">Comme les chr\u00e9tiens latins consid\u00e9raient les musulmans comme inconvertibles et que l&rsquo;\u00c9glise interdisait de faire la paix avec eux, les consid\u00e9rant comme des pa\u00efens, ils devaient \u00eatre tu\u00e9s, et tous les survivants expuls\u00e9s de la \u00ab Terre sainte \u00bb.<\/span><\/span><\/span><\/p>\n<p align=\"LEFT\"><span style=\"color: #000000;\"><span style=\"font-family: Verdana, sans-serif;\"><span style=\"font-size: medium;\">Quant aux chr\u00e9tiens arabes, les crois\u00e9s ont tent\u00e9 de les latiniser par la force, mais ont finalement \u00e9chou\u00e9. En cons\u00e9quence, les membres survivants des grandes populations arabes musulmanes et chr\u00e9tiennes, ainsi que la petite communaut\u00e9 juive arabe de J\u00e9rusalem, furent expuls\u00e9s pour laisser la place aux colons francs.<\/span><\/span><\/span><\/p>\n<p align=\"LEFT\"><span style=\"color: #000000;\"><span style=\"font-family: Verdana, sans-serif;\"><span style=\"font-size: medium;\">Lorsque les croisades fanatiques massacr\u00e8rent entre 20.000 et 40.000 de ces \u00ab <i>Sarrasins<\/i> \u00bb, comme on appelait aussi les musulmans arabes, \u00e0 J\u00e9rusalem et \u00e0 l&rsquo;int\u00e9rieur de la mosqu\u00e9e al-Aqsa lors d&rsquo;un horrible massacre les 15 et 16 juillet 1099, ils furent furieux que leurs victimes se d\u00e9fendent.<\/span><\/span><\/span><\/p>\n<p align=\"LEFT\"><span style=\"color: #000000;\"><span style=\"font-family: Verdana, sans-serif;\"><span style=\"font-size: medium;\">Par la Bible et l&rsquo;\u00e9p\u00e9e, les croisades \u00e9tablirent la premi\u00e8re colonie europ\u00e9enne \u00e0 J\u00e9rusalem apr\u00e8s l&rsquo;extermination g\u00e9nocidaire de sa population. Ils appel\u00e8rent leur colonie \u00ab <i>le Royaume latin<\/i> \u00bb.<\/span><\/span><\/span><\/p>\n<p align=\"LEFT\"><span style=\"color: #000000;\"><span style=\"font-family: Verdana, sans-serif;\"><span style=\"font-size: medium;\">Apr\u00e8s avoir expuls\u00e9 toute la population, ils firent venir 120.000 colons chr\u00e9tiens latins, qui repr\u00e9sentaient 15 \u00e0 25 pour cent de la population de la colonie franque, qui s&rsquo;\u00e9tendait \u00e0 travers la Palestine et au-del\u00e0.<\/span><\/span><\/span><\/p>\n<p align=\"LEFT\"><span style=\"color: #000000;\"><span style=\"font-family: Verdana, sans-serif;\"><span style=\"font-size: medium;\">Dans leur colonie de peuplement, les Crois\u00e9s ont institu\u00e9 un syst\u00e8me juridique \u00ab <i>d&rsquo;apartheid<\/i> \u00bb, comme le d\u00e9crit l&rsquo;historien isra\u00e9lien des Croisades Joshua Prawer.<\/span><\/span><\/span><\/p>\n<p align=\"LEFT\"><strong><span style=\"color: #000000;\"><span style=\"font-family: Verdana, sans-serif;\"><span style=\"font-size: large;\">Des id\u00e9ologies entrelac\u00e9es<\/span><\/span><\/span><\/strong><\/p>\n<p align=\"LEFT\"><span style=\"color: #000000;\"><span style=\"font-family: Verdana, sans-serif;\"><span style=\"font-size: medium;\">Contrairement au sionisme, qui a toujours \u00e9t\u00e9 une id\u00e9ologie combinant religion et nationalisme colonial, la r\u00e9sistance palestinienne est rest\u00e9e essentiellement anticoloniale et nationaliste plut\u00f4t que religieuse.<\/span><\/span><\/span><\/p>\n<p align=\"LEFT\"><span style=\"color: #000000;\"><span style=\"font-family: Verdana, sans-serif;\"><span style=\"font-size: medium;\">Pourtant, suivant la tradition des Crois\u00e9s, les sionistes ont utilis\u00e9 des descriptions similaires pour les Palestiniens depuis les ann\u00e9es 1880, les d\u00e9crivant comme des Arabes \u00ab <i>sales<\/i> \u00bb et barbares, des antis\u00e9mites et m\u00eame des nazis.<\/span><\/span><\/span><\/p>\n<p align=\"LEFT\"><span style=\"color: #000000;\"><span style=\"font-family: Verdana, sans-serif;\"><span style=\"font-size: medium;\">Apr\u00e8s la cr\u00e9ation du Hamas en 1987, le gouvernement isra\u00e9lien a commenc\u00e9 \u00e0 les qualifier de musulmans jihadistes antis\u00e9mites qui devaient \u00eatre \u00e9cras\u00e9s.<\/span><\/span><\/span><\/p>\n<p align=\"LEFT\"><span style=\"color: #000000;\"><span style=\"font-family: Verdana, sans-serif;\"><span style=\"font-size: medium;\">Au lendemain des attentats du 11 septembre, les premiers m\u00e9dias occidentaux ont souvent sp\u00e9cul\u00e9 sur la responsabilit\u00e9 du Hamas, bien qu&rsquo;il n&rsquo;ait jamais men\u00e9 d&rsquo;acte de r\u00e9sistance en dehors de la Palestine historique. L&rsquo;imbrication de l&rsquo;islamophobie et du racisme antipalestinien n&rsquo;a fait que s&rsquo;aggraver depuis.<\/span><\/span><\/span><\/p>\n<p align=\"LEFT\"><span style=\"color: #000000;\"><span style=\"font-family: Verdana, sans-serif;\"><span style=\"font-size: medium;\">En juin 2009, le pr\u00e9sident am\u00e9ricain Barack Obama s\u2019est adress\u00e9 non seulement \u00e0 un public \u00e9gyptien local mais aussi \u00e0 l\u2019ensemble du \u00ab monde musulman \u00bb depuis l\u2019Universit\u00e9 du Caire. Il a soulign\u00e9 l\u2019importance de la tol\u00e9rance religieuse des musulmans envers les chr\u00e9tiens \u00e9gyptiens et libanais et a promis de mettre fin \u00e0 la discrimination institutionnalis\u00e9e contre les musulmans am\u00e9ricains qui a suivi le 11 septembre.<\/span><\/span><\/span><\/p>\n<p align=\"LEFT\"><span style=\"color: #000000;\"><span style=\"font-family: Verdana, sans-serif;\"><span style=\"font-size: medium;\">Il a pourtant justifi\u00e9 les campagnes militaires meurtri\u00e8res am\u00e9ricaines en cours en Afghanistan et au Pakistan \u2013 il aurait pu ajouter le Y\u00e9men mais ne l\u2019a pas fait \u2013 comme \u00e9tant n\u00e9cessaires. Son administration ne se contentait pas de tuer des musulmans non am\u00e9ricains dans ces pays, mais visait \u00e9galement des citoyens musulmans am\u00e9ricains non blancs pour les assassiner.<\/span><\/span><\/span><\/p>\n<p align=\"LEFT\"><span style=\"color: #000000;\"><span style=\"font-family: Verdana, sans-serif;\"><span style=\"font-size: medium;\">Dans la m\u00eame veine, Obama a cherch\u00e9 \u00e0 fournir une justification th\u00e9ologique \u00e0 une politique parrain\u00e9e par les \u00c9tats-Unis : l\u2019imposition d\u2019une \u00ab <i>paix<\/i> \u00bb entre Palestiniens et Isra\u00e9liens qui pr\u00e9serve le colonialisme de peuplement juif et l\u2019occupation au d\u00e9triment des droits des Palestiniens.<\/span><\/span><\/span><\/p>\n<p align=\"LEFT\"><span style=\"color: #000000;\"><span style=\"font-family: Verdana, sans-serif;\"><span style=\"font-size: medium;\">Pour y parvenir, il a d\u00e9clar\u00e9 que \u00ab <i>la Terre sainte des trois grandes religions est le lieu de paix que Dieu a voulu qu\u2019elle soit ; lorsque J\u00e9rusalem est un foyer s\u00fbr et durable pour les juifs, les chr\u00e9tiens et les musulmans, et un lieu o\u00f9 tous les enfants d\u2019Abraham peuvent se m\u00ealer pacifiquement comme dans l\u2019histoire<\/i> [coranique] <i>d\u2019Isra<\/i> [sic], <i>lorsque Mo\u00efse, J\u00e9sus et Mohammed<\/i> (que la paix soit sur lui) <i>se sont joints pour prier<\/i> \u00bb.<\/span><\/span><\/span><\/p>\n<p align=\"LEFT\"><span style=\"color: #000000;\"><span style=\"font-family: Verdana, sans-serif;\"><span style=\"font-size: medium;\">Ce faisant, Obama affirmait clairement \u2013 \u200b\u200bd\u2019une mani\u00e8re clairement sioniste \u2013 que les colons juifs de Palestine sont exempt\u00e9s de l\u2019obligation d\u2019\u00eatre tol\u00e9rants. Il a fait valoir qu\u2019ils suscitent une r\u00e9sistance, ce n&rsquo;est pas parce qu\u2019ils sont des colons mais uniquement parce qu\u2019ils sont juifs \u2013 d\u2019o\u00f9 son appel \u00e0 la tol\u00e9rance musulmane et \u00e0 la paix \u0153cum\u00e9nique plut\u00f4t qu\u2019\u00e0 la fin du colonialisme juif.<\/span><\/span><\/span><\/p>\n<p align=\"LEFT\"><span style=\"color: #000000;\"><span style=\"font-family: Verdana, sans-serif;\"><span style=\"font-size: medium;\">Bien s\u00fbr, depuis la r\u00e9volution iranienne, l\u2019islamophobie a fini par englober tous les musulmans du monde.<\/span><\/span><\/span><\/p>\n<p align=\"LEFT\"><span style=\"color: #000000;\"><span style=\"font-family: Verdana, sans-serif;\"><span style=\"font-size: medium;\">Pourtant, \u00e0 l&rsquo;image de l&rsquo;islamophobie des Croisades, qui visait tous les musulmans &#8211; Turcs comme Arabes &#8211; tout en r\u00e9servant une haine particuli\u00e8re aux Palestiniens, l&rsquo;islamophobie d&rsquo;aujourd&rsquo;hui suit un mod\u00e8le similaire.<\/span><\/span><\/span><\/p>\n<p align=\"LEFT\"><span style=\"color: #000000;\"><span style=\"font-family: Verdana, sans-serif;\"><span style=\"font-size: medium;\">Les Palestiniens, consid\u00e9r\u00e9s comme les pires parmi les musulmans, y occupent une place centrale.<\/span><\/span><\/span><\/p>\n<p align=\"LEFT\"><strong><span style=\"color: #000000;\"><span style=\"font-family: Verdana, sans-serif;\"><span style=\"font-size: large;\">Croisade actuelle<\/span><\/span><\/span><\/strong><\/p>\n<p align=\"LEFT\"><span style=\"color: #000000;\"><span style=\"font-family: Verdana, sans-serif;\"><span style=\"font-size: medium;\">Depuis le 7 octobre 2023, date \u00e0 laquelle les forces de r\u00e9sistance palestiniennes ont attaqu\u00e9 Isra\u00ebl, l&rsquo;islamophobie a d\u00e9ferl\u00e9 aux \u00c9tats-Unis et en Europe occidentale, ciblant tous les musulmans et ceux qui sont pris pour eux.<\/span><\/span><\/span><\/p>\n<p align=\"LEFT\"><span style=\"color: #000000;\"><span style=\"font-family: Verdana, sans-serif;\"><span style=\"font-size: medium;\">Si l&rsquo;islamophobie a autrefois aliment\u00e9 l&rsquo;anti-palestinisme comme pr\u00e9texte \u00e0 la conqu\u00eate pendant les croisades, aujourd&rsquo;hui, c&rsquo;est l&rsquo;anti-palestinisme qui alimente l&rsquo;islamophobie en Europe et aux \u00c9tats-Unis.<\/span><\/span><\/span><\/p>\n<p align=\"LEFT\"><span style=\"color: #000000;\"><span style=\"font-family: Verdana, sans-serif;\"><span style=\"font-size: medium;\">Il n&rsquo;est donc gu\u00e8re surprenant que lorsque les Palestiniens se soul\u00e8vent et r\u00e9sistent aujourd&rsquo;hui \u00e0 leurs colons blancs chr\u00e9tiens et juifs, ils menacent toute la structure id\u00e9ologique du monde occidental &#8211; une structure construite sur le moment inaugural des croisades.<\/span><\/span><\/span><\/p>\n<p align=\"LEFT\"><span style=\"color: #000000;\"><span style=\"font-family: Verdana, sans-serif;\"><span style=\"font-size: medium;\">C&rsquo;est pourquoi toutes les armes \u00e0 la disposition du monde \u00ab chr\u00e9tien \u00bb, y compris l&rsquo;islamophobie, ont \u00e9t\u00e9 et doivent \u00eatre d\u00e9ploy\u00e9es contre les Palestiniens dans un effort pour les vaincre.<\/span><\/span><\/span><\/p>\n<p align=\"LEFT\"><span style=\"color: #000000;\"><span style=\"font-family: Verdana, sans-serif;\"><span style=\"font-size: medium;\">Pourtant, un mill\u00e9naire plus tard, les Palestiniens continuent de r\u00e9sister et les nouveaux crois\u00e9s persistent dans leurs tentatives de les \u00e9craser.<\/span><\/span><\/span><\/p>\n<p align=\"LEFT\"><span style=\"color: #000000;\"><span style=\"font-family: Verdana, sans-serif;\"><span style=\"font-size: medium;\">Ce n\u2019est pas un hasard si la croisade actuelle de Trump pour Gaza et son appel \u00e0 l\u2019expulsion de la population palestinienne survivante apr\u00e8s la campagne d\u2019extermination g\u00e9nocidaire d\u2019Isra\u00ebl font \u00e9cho \u00e0 la premi\u00e8re croisade et au g\u00e9nocide et \u00e0 l\u2019expulsion des survivants d\u2019Al-Qods men\u00e9s par les crois\u00e9s.<\/span><\/span><\/span><\/p>\n<p align=\"LEFT\"><span style=\"color: #000000;\"><span style=\"font-family: Verdana, sans-serif;\"><span style=\"font-size: medium;\">Il est assez clair que ces deux projets sont enracin\u00e9s dans le colonialisme de peuplement blanc sur la terre des Palestiniens.<\/span><\/span><\/span><\/p>\n<p align=\"LEFT\"><span style=\"color: #000000;\"><span style=\"font-family: Verdana, sans-serif;\"><span style=\"font-size: medium;\">Tout comme la d\u00e9faite des crois\u00e9s aux XIIe et XIIIe si\u00e8cles et le d\u00e9mant\u00e8lement de leur colonie de peuplement en Palestine ont mis fin \u00e0 leur domination, au vu de la r\u00e9sistance persistante et in\u00e9branlable du peuple palestinien, les chances de succ\u00e8s de cette derni\u00e8re croisade sont au mieux minces.<\/span><\/span><\/span><\/p>\n<pre><em><strong><span style=\"color: #000000;\"><span style=\"font-family: Verdana, sans-serif;\"><span style=\"font-size: medium;\"><span style=\"font-size: small;\">Article original en anglais sur <a href=\"https:\/\/www.middleeasteye.net\/opinion\/how-islamophobia-and-anti-palestinian-racism-were-born-together\">Middle East Eye<\/a> \/ Traduction MR<\/span><\/span><\/span><\/span><\/strong><\/em><\/pre>\n","protected":false},"excerpt":{"rendered":"<p>Joseph Massad, 27 f\u00e9vrier 2025. L\u2019islamophobie et l\u2019anti-palestinisme sont n\u00e9s ensemble, indissociables depuis le d\u00e9but, il y a un mill\u00e9naire. Bien avant que ces id\u00e9ologies n\u2019aient acquis leurs noms contemporains <a class=\"more-link\" href=\"https:\/\/ismfrance.org\/index.php\/2025\/02\/28\/comment-lislamophobie-et-le-racisme-anti-palestinien-sont-nes-ensemble\/\">Lire la suite &rarr;<\/a><\/p>\n","protected":false},"author":3,"featured_media":19823,"comment_status":"closed","ping_status":"closed","sticky":false,"template":"","format":"standard","meta":{"footnotes":""},"categories":[12,2],"tags":[156,58,185],"class_list":["post-18713","post","type-post","status-publish","format-standard","has-post-thumbnail","hentry","category-analyses","category-articles","tag-genocide","tag-histoire","tag-islamophobie"],"yoast_head":"<!-- This site is optimized with the Yoast SEO plugin v27.2 - https:\/\/yoast.com\/product\/yoast-seo-wordpress\/ -->\n<title>Comment l\u2019islamophobie et le racisme anti-palestinien sont n\u00e9s ensemble - International Solidarity Movement - ISM-France<\/title>\n<meta name=\"robots\" content=\"index, follow, max-snippet:-1, max-image-preview:large, max-video-preview:-1\" \/>\n<link rel=\"canonical\" href=\"https:\/\/ismfrance.org\/index.php\/2025\/02\/28\/comment-lislamophobie-et-le-racisme-anti-palestinien-sont-nes-ensemble\/\" \/>\n<meta property=\"og:locale\" content=\"fr_FR\" \/>\n<meta property=\"og:type\" content=\"article\" \/>\n<meta property=\"og:title\" content=\"Comment l\u2019islamophobie et le racisme anti-palestinien sont n\u00e9s ensemble - International Solidarity Movement - ISM-France\" \/>\n<meta property=\"og:description\" content=\"Joseph Massad, 27 f\u00e9vrier 2025. L\u2019islamophobie et l\u2019anti-palestinisme sont n\u00e9s ensemble, indissociables depuis le d\u00e9but, il y a un mill\u00e9naire. Bien avant que ces id\u00e9ologies n\u2019aient acquis leurs noms contemporains Lire la suite &rarr;\" \/>\n<meta property=\"og:url\" content=\"https:\/\/ismfrance.org\/index.php\/2025\/02\/28\/comment-lislamophobie-et-le-racisme-anti-palestinien-sont-nes-ensemble\/\" \/>\n<meta property=\"og:site_name\" content=\"International Solidarity Movement - ISM-France\" \/>\n<meta property=\"article:published_time\" content=\"2025-02-28T10:42:46+00:00\" \/>\n<meta property=\"article:modified_time\" content=\"2025-04-22T17:56:26+00:00\" \/>\n<meta property=\"og:image\" content=\"https:\/\/ismfrance.org\/wp-content\/uploads\/2025\/02\/maroc.jpeg\" \/>\n\t<meta property=\"og:image:width\" content=\"1040\" \/>\n\t<meta property=\"og:image:height\" content=\"780\" \/>\n\t<meta property=\"og:image:type\" content=\"image\/jpeg\" \/>\n<meta name=\"author\" content=\"mru_01\" \/>\n<meta name=\"twitter:card\" content=\"summary_large_image\" \/>\n<meta name=\"twitter:creator\" content=\"@ISMFRANCE\" \/>\n<meta name=\"twitter:site\" content=\"@ISMFRANCE\" \/>\n<meta name=\"twitter:label1\" content=\"\u00c9crit par\" \/>\n\t<meta name=\"twitter:data1\" content=\"mru_01\" \/>\n\t<meta name=\"twitter:label2\" content=\"Dur\u00e9e de lecture estim\u00e9e\" \/>\n\t<meta name=\"twitter:data2\" content=\"11 minutes\" \/>\n<script type=\"application\/ld+json\" class=\"yoast-schema-graph\">{\"@context\":\"https:\/\/schema.org\",\"@graph\":[{\"@type\":\"Article\",\"@id\":\"https:\/\/ismfrance.org\/index.php\/2025\/02\/28\/comment-lislamophobie-et-le-racisme-anti-palestinien-sont-nes-ensemble\/#article\",\"isPartOf\":{\"@id\":\"https:\/\/ismfrance.org\/index.php\/2025\/02\/28\/comment-lislamophobie-et-le-racisme-anti-palestinien-sont-nes-ensemble\/\"},\"author\":{\"name\":\"mru_01\",\"@id\":\"https:\/\/ismfrance.org\/#\/schema\/person\/3c411eb72adfaae19c0dca1f41fae01d\"},\"headline\":\"Comment l\u2019islamophobie et le racisme anti-palestinien sont n\u00e9s ensemble\",\"datePublished\":\"2025-02-28T10:42:46+00:00\",\"dateModified\":\"2025-04-22T17:56:26+00:00\",\"mainEntityOfPage\":{\"@id\":\"https:\/\/ismfrance.org\/index.php\/2025\/02\/28\/comment-lislamophobie-et-le-racisme-anti-palestinien-sont-nes-ensemble\/\"},\"wordCount\":2285,\"publisher\":{\"@id\":\"https:\/\/ismfrance.org\/#organization\"},\"image\":{\"@id\":\"https:\/\/ismfrance.org\/index.php\/2025\/02\/28\/comment-lislamophobie-et-le-racisme-anti-palestinien-sont-nes-ensemble\/#primaryimage\"},\"thumbnailUrl\":\"https:\/\/ismfrance.org\/wp-content\/uploads\/2025\/02\/maroc.jpeg\",\"keywords\":[\"G\u00e9nocide\",\"Histoire\",\"Islamophobie\"],\"articleSection\":[\"Analyses\",\"Articles\"],\"inLanguage\":\"fr-FR\"},{\"@type\":\"WebPage\",\"@id\":\"https:\/\/ismfrance.org\/index.php\/2025\/02\/28\/comment-lislamophobie-et-le-racisme-anti-palestinien-sont-nes-ensemble\/\",\"url\":\"https:\/\/ismfrance.org\/index.php\/2025\/02\/28\/comment-lislamophobie-et-le-racisme-anti-palestinien-sont-nes-ensemble\/\",\"name\":\"Comment l\u2019islamophobie et le racisme anti-palestinien sont n\u00e9s ensemble - International Solidarity Movement - ISM-France\",\"isPartOf\":{\"@id\":\"https:\/\/ismfrance.org\/#website\"},\"primaryImageOfPage\":{\"@id\":\"https:\/\/ismfrance.org\/index.php\/2025\/02\/28\/comment-lislamophobie-et-le-racisme-anti-palestinien-sont-nes-ensemble\/#primaryimage\"},\"image\":{\"@id\":\"https:\/\/ismfrance.org\/index.php\/2025\/02\/28\/comment-lislamophobie-et-le-racisme-anti-palestinien-sont-nes-ensemble\/#primaryimage\"},\"thumbnailUrl\":\"https:\/\/ismfrance.org\/wp-content\/uploads\/2025\/02\/maroc.jpeg\",\"datePublished\":\"2025-02-28T10:42:46+00:00\",\"dateModified\":\"2025-04-22T17:56:26+00:00\",\"breadcrumb\":{\"@id\":\"https:\/\/ismfrance.org\/index.php\/2025\/02\/28\/comment-lislamophobie-et-le-racisme-anti-palestinien-sont-nes-ensemble\/#breadcrumb\"},\"inLanguage\":\"fr-FR\",\"potentialAction\":[{\"@type\":\"ReadAction\",\"target\":[\"https:\/\/ismfrance.org\/index.php\/2025\/02\/28\/comment-lislamophobie-et-le-racisme-anti-palestinien-sont-nes-ensemble\/\"]}]},{\"@type\":\"ImageObject\",\"inLanguage\":\"fr-FR\",\"@id\":\"https:\/\/ismfrance.org\/index.php\/2025\/02\/28\/comment-lislamophobie-et-le-racisme-anti-palestinien-sont-nes-ensemble\/#primaryimage\",\"url\":\"https:\/\/ismfrance.org\/wp-content\/uploads\/2025\/02\/maroc.jpeg\",\"contentUrl\":\"https:\/\/ismfrance.org\/wp-content\/uploads\/2025\/02\/maroc.jpeg\",\"width\":1040,\"height\":780},{\"@type\":\"BreadcrumbList\",\"@id\":\"https:\/\/ismfrance.org\/index.php\/2025\/02\/28\/comment-lislamophobie-et-le-racisme-anti-palestinien-sont-nes-ensemble\/#breadcrumb\",\"itemListElement\":[{\"@type\":\"ListItem\",\"position\":1,\"name\":\"Accueil\",\"item\":\"https:\/\/ismfrance.org\/\"},{\"@type\":\"ListItem\",\"position\":2,\"name\":\"Comment l\u2019islamophobie et le racisme anti-palestinien sont n\u00e9s ensemble\"}]},{\"@type\":\"WebSite\",\"@id\":\"https:\/\/ismfrance.org\/#website\",\"url\":\"https:\/\/ismfrance.org\/\",\"name\":\"ISM Palestine France\",\"description\":\"Soutien aux luttes de lib\u00e9ration du peuple palestinien\",\"publisher\":{\"@id\":\"https:\/\/ismfrance.org\/#organization\"},\"potentialAction\":[{\"@type\":\"SearchAction\",\"target\":{\"@type\":\"EntryPoint\",\"urlTemplate\":\"https:\/\/ismfrance.org\/?s={search_term_string}\"},\"query-input\":{\"@type\":\"PropertyValueSpecification\",\"valueRequired\":true,\"valueName\":\"search_term_string\"}}],\"inLanguage\":\"fr-FR\"},{\"@type\":\"Organization\",\"@id\":\"https:\/\/ismfrance.org\/#organization\",\"name\":\"International Solidarity Movement\",\"url\":\"https:\/\/ismfrance.org\/\",\"logo\":{\"@type\":\"ImageObject\",\"inLanguage\":\"fr-FR\",\"@id\":\"https:\/\/ismfrance.org\/#\/schema\/logo\/image\/\",\"url\":\"https:\/\/ismfrance.org\/wp-content\/uploads\/2020\/12\/00.png\",\"contentUrl\":\"https:\/\/ismfrance.org\/wp-content\/uploads\/2020\/12\/00.png\",\"width\":400,\"height\":400,\"caption\":\"International Solidarity Movement\"},\"image\":{\"@id\":\"https:\/\/ismfrance.org\/#\/schema\/logo\/image\/\"},\"sameAs\":[\"https:\/\/x.com\/ISMFRANCE\"]},{\"@type\":\"Person\",\"@id\":\"https:\/\/ismfrance.org\/#\/schema\/person\/3c411eb72adfaae19c0dca1f41fae01d\",\"name\":\"mru_01\",\"image\":{\"@type\":\"ImageObject\",\"inLanguage\":\"fr-FR\",\"@id\":\"https:\/\/secure.gravatar.com\/avatar\/3a0be343b445d2ccc79e87444a294fad2b232e90d2051d0e3cc219e1ecd6a330?s=96&d=mm&r=g\",\"url\":\"https:\/\/secure.gravatar.com\/avatar\/3a0be343b445d2ccc79e87444a294fad2b232e90d2051d0e3cc219e1ecd6a330?s=96&d=mm&r=g\",\"contentUrl\":\"https:\/\/secure.gravatar.com\/avatar\/3a0be343b445d2ccc79e87444a294fad2b232e90d2051d0e3cc219e1ecd6a330?s=96&d=mm&r=g\",\"caption\":\"mru_01\"},\"url\":\"https:\/\/ismfrance.org\/index.php\/author\/admin02\/\"}]}<\/script>\n<!-- \/ Yoast SEO plugin. -->","yoast_head_json":{"title":"Comment l\u2019islamophobie et le racisme anti-palestinien sont n\u00e9s ensemble - International Solidarity Movement - ISM-France","robots":{"index":"index","follow":"follow","max-snippet":"max-snippet:-1","max-image-preview":"max-image-preview:large","max-video-preview":"max-video-preview:-1"},"canonical":"https:\/\/ismfrance.org\/index.php\/2025\/02\/28\/comment-lislamophobie-et-le-racisme-anti-palestinien-sont-nes-ensemble\/","og_locale":"fr_FR","og_type":"article","og_title":"Comment l\u2019islamophobie et le racisme anti-palestinien sont n\u00e9s ensemble - International Solidarity Movement - ISM-France","og_description":"Joseph Massad, 27 f\u00e9vrier 2025. L\u2019islamophobie et l\u2019anti-palestinisme sont n\u00e9s ensemble, indissociables depuis le d\u00e9but, il y a un mill\u00e9naire. Bien avant que ces id\u00e9ologies n\u2019aient acquis leurs noms contemporains Lire la suite &rarr;","og_url":"https:\/\/ismfrance.org\/index.php\/2025\/02\/28\/comment-lislamophobie-et-le-racisme-anti-palestinien-sont-nes-ensemble\/","og_site_name":"International Solidarity Movement - ISM-France","article_published_time":"2025-02-28T10:42:46+00:00","article_modified_time":"2025-04-22T17:56:26+00:00","og_image":[{"width":1040,"height":780,"url":"https:\/\/ismfrance.org\/wp-content\/uploads\/2025\/02\/maroc.jpeg","type":"image\/jpeg"}],"author":"mru_01","twitter_card":"summary_large_image","twitter_creator":"@ISMFRANCE","twitter_site":"@ISMFRANCE","twitter_misc":{"\u00c9crit par":"mru_01","Dur\u00e9e de lecture estim\u00e9e":"11 minutes"},"schema":{"@context":"https:\/\/schema.org","@graph":[{"@type":"Article","@id":"https:\/\/ismfrance.org\/index.php\/2025\/02\/28\/comment-lislamophobie-et-le-racisme-anti-palestinien-sont-nes-ensemble\/#article","isPartOf":{"@id":"https:\/\/ismfrance.org\/index.php\/2025\/02\/28\/comment-lislamophobie-et-le-racisme-anti-palestinien-sont-nes-ensemble\/"},"author":{"name":"mru_01","@id":"https:\/\/ismfrance.org\/#\/schema\/person\/3c411eb72adfaae19c0dca1f41fae01d"},"headline":"Comment l\u2019islamophobie et le racisme anti-palestinien sont n\u00e9s ensemble","datePublished":"2025-02-28T10:42:46+00:00","dateModified":"2025-04-22T17:56:26+00:00","mainEntityOfPage":{"@id":"https:\/\/ismfrance.org\/index.php\/2025\/02\/28\/comment-lislamophobie-et-le-racisme-anti-palestinien-sont-nes-ensemble\/"},"wordCount":2285,"publisher":{"@id":"https:\/\/ismfrance.org\/#organization"},"image":{"@id":"https:\/\/ismfrance.org\/index.php\/2025\/02\/28\/comment-lislamophobie-et-le-racisme-anti-palestinien-sont-nes-ensemble\/#primaryimage"},"thumbnailUrl":"https:\/\/ismfrance.org\/wp-content\/uploads\/2025\/02\/maroc.jpeg","keywords":["G\u00e9nocide","Histoire","Islamophobie"],"articleSection":["Analyses","Articles"],"inLanguage":"fr-FR"},{"@type":"WebPage","@id":"https:\/\/ismfrance.org\/index.php\/2025\/02\/28\/comment-lislamophobie-et-le-racisme-anti-palestinien-sont-nes-ensemble\/","url":"https:\/\/ismfrance.org\/index.php\/2025\/02\/28\/comment-lislamophobie-et-le-racisme-anti-palestinien-sont-nes-ensemble\/","name":"Comment l\u2019islamophobie et le racisme anti-palestinien sont n\u00e9s ensemble - International Solidarity Movement - ISM-France","isPartOf":{"@id":"https:\/\/ismfrance.org\/#website"},"primaryImageOfPage":{"@id":"https:\/\/ismfrance.org\/index.php\/2025\/02\/28\/comment-lislamophobie-et-le-racisme-anti-palestinien-sont-nes-ensemble\/#primaryimage"},"image":{"@id":"https:\/\/ismfrance.org\/index.php\/2025\/02\/28\/comment-lislamophobie-et-le-racisme-anti-palestinien-sont-nes-ensemble\/#primaryimage"},"thumbnailUrl":"https:\/\/ismfrance.org\/wp-content\/uploads\/2025\/02\/maroc.jpeg","datePublished":"2025-02-28T10:42:46+00:00","dateModified":"2025-04-22T17:56:26+00:00","breadcrumb":{"@id":"https:\/\/ismfrance.org\/index.php\/2025\/02\/28\/comment-lislamophobie-et-le-racisme-anti-palestinien-sont-nes-ensemble\/#breadcrumb"},"inLanguage":"fr-FR","potentialAction":[{"@type":"ReadAction","target":["https:\/\/ismfrance.org\/index.php\/2025\/02\/28\/comment-lislamophobie-et-le-racisme-anti-palestinien-sont-nes-ensemble\/"]}]},{"@type":"ImageObject","inLanguage":"fr-FR","@id":"https:\/\/ismfrance.org\/index.php\/2025\/02\/28\/comment-lislamophobie-et-le-racisme-anti-palestinien-sont-nes-ensemble\/#primaryimage","url":"https:\/\/ismfrance.org\/wp-content\/uploads\/2025\/02\/maroc.jpeg","contentUrl":"https:\/\/ismfrance.org\/wp-content\/uploads\/2025\/02\/maroc.jpeg","width":1040,"height":780},{"@type":"BreadcrumbList","@id":"https:\/\/ismfrance.org\/index.php\/2025\/02\/28\/comment-lislamophobie-et-le-racisme-anti-palestinien-sont-nes-ensemble\/#breadcrumb","itemListElement":[{"@type":"ListItem","position":1,"name":"Accueil","item":"https:\/\/ismfrance.org\/"},{"@type":"ListItem","position":2,"name":"Comment l\u2019islamophobie et le racisme anti-palestinien sont n\u00e9s ensemble"}]},{"@type":"WebSite","@id":"https:\/\/ismfrance.org\/#website","url":"https:\/\/ismfrance.org\/","name":"ISM Palestine France","description":"Soutien aux luttes de lib\u00e9ration du peuple palestinien","publisher":{"@id":"https:\/\/ismfrance.org\/#organization"},"potentialAction":[{"@type":"SearchAction","target":{"@type":"EntryPoint","urlTemplate":"https:\/\/ismfrance.org\/?s={search_term_string}"},"query-input":{"@type":"PropertyValueSpecification","valueRequired":true,"valueName":"search_term_string"}}],"inLanguage":"fr-FR"},{"@type":"Organization","@id":"https:\/\/ismfrance.org\/#organization","name":"International Solidarity Movement","url":"https:\/\/ismfrance.org\/","logo":{"@type":"ImageObject","inLanguage":"fr-FR","@id":"https:\/\/ismfrance.org\/#\/schema\/logo\/image\/","url":"https:\/\/ismfrance.org\/wp-content\/uploads\/2020\/12\/00.png","contentUrl":"https:\/\/ismfrance.org\/wp-content\/uploads\/2020\/12\/00.png","width":400,"height":400,"caption":"International Solidarity Movement"},"image":{"@id":"https:\/\/ismfrance.org\/#\/schema\/logo\/image\/"},"sameAs":["https:\/\/x.com\/ISMFRANCE"]},{"@type":"Person","@id":"https:\/\/ismfrance.org\/#\/schema\/person\/3c411eb72adfaae19c0dca1f41fae01d","name":"mru_01","image":{"@type":"ImageObject","inLanguage":"fr-FR","@id":"https:\/\/secure.gravatar.com\/avatar\/3a0be343b445d2ccc79e87444a294fad2b232e90d2051d0e3cc219e1ecd6a330?s=96&d=mm&r=g","url":"https:\/\/secure.gravatar.com\/avatar\/3a0be343b445d2ccc79e87444a294fad2b232e90d2051d0e3cc219e1ecd6a330?s=96&d=mm&r=g","contentUrl":"https:\/\/secure.gravatar.com\/avatar\/3a0be343b445d2ccc79e87444a294fad2b232e90d2051d0e3cc219e1ecd6a330?s=96&d=mm&r=g","caption":"mru_01"},"url":"https:\/\/ismfrance.org\/index.php\/author\/admin02\/"}]}},"_links":{"self":[{"href":"https:\/\/ismfrance.org\/index.php\/wp-json\/wp\/v2\/posts\/18713","targetHints":{"allow":["GET"]}}],"collection":[{"href":"https:\/\/ismfrance.org\/index.php\/wp-json\/wp\/v2\/posts"}],"about":[{"href":"https:\/\/ismfrance.org\/index.php\/wp-json\/wp\/v2\/types\/post"}],"author":[{"embeddable":true,"href":"https:\/\/ismfrance.org\/index.php\/wp-json\/wp\/v2\/users\/3"}],"replies":[{"embeddable":true,"href":"https:\/\/ismfrance.org\/index.php\/wp-json\/wp\/v2\/comments?post=18713"}],"version-history":[{"count":0,"href":"https:\/\/ismfrance.org\/index.php\/wp-json\/wp\/v2\/posts\/18713\/revisions"}],"wp:featuredmedia":[{"embeddable":true,"href":"https:\/\/ismfrance.org\/index.php\/wp-json\/wp\/v2\/media\/19823"}],"wp:attachment":[{"href":"https:\/\/ismfrance.org\/index.php\/wp-json\/wp\/v2\/media?parent=18713"}],"wp:term":[{"taxonomy":"category","embeddable":true,"href":"https:\/\/ismfrance.org\/index.php\/wp-json\/wp\/v2\/categories?post=18713"},{"taxonomy":"post_tag","embeddable":true,"href":"https:\/\/ismfrance.org\/index.php\/wp-json\/wp\/v2\/tags?post=18713"}],"curies":[{"name":"wp","href":"https:\/\/api.w.org\/{rel}","templated":true}]}}