{"id":18709,"date":"2025-02-27T17:04:44","date_gmt":"2025-02-27T16:04:44","guid":{"rendered":"https:\/\/ismfrance.org\/?p=18709"},"modified":"2025-02-27T17:06:06","modified_gmt":"2025-02-27T16:06:06","slug":"nouveau-plan-de-bataille-pour-la-liberation-de-georges-abdallah","status":"publish","type":"post","link":"https:\/\/ismfrance.org\/index.php\/2025\/02\/27\/nouveau-plan-de-bataille-pour-la-liberation-de-georges-abdallah\/","title":{"rendered":"Nouveau plan de bataille pour la lib\u00e9ration de Georges Abdallah"},"content":{"rendered":"<p><span style=\"color: #000000;\"><span style=\"font-family: Verdana, sans-serif;\"><span style=\"font-size: medium;\"><strong>CUpLGIA, 26 f\u00e9vrier 2025.<\/strong> La Campagne Unitaire vous pr\u00e9sente son nouveau plan de bataille national pour les jours nous s\u00e9parant du 19 Juin et de la lib\u00e9ration de notre camarade, suite au nouvel ajournement honteux et indigne qu&rsquo;a effectu\u00e9 la \u00ab\u00a0justice\u00a0\u00bb fran\u00e7aise.<\/span><\/span><\/span><\/p>\n<p><span style=\"color: #000000;\"><span style=\"font-family: Verdana, sans-serif;\"><span style=\"font-size: medium;\"><a href=\"https:\/\/ismfrance.org\/wp-content\/uploads\/2025\/02\/gia-1.jpeg\"><img loading=\"lazy\" decoding=\"async\" class=\"alignnone size-large wp-image-18710\" src=\"https:\/\/ismfrance.org\/wp-content\/uploads\/2025\/02\/gia-1-700x498.jpeg\" alt=\"\" width=\"600\" height=\"427\" srcset=\"https:\/\/ismfrance.org\/wp-content\/uploads\/2025\/02\/gia-1-700x498.jpeg 700w, https:\/\/ismfrance.org\/wp-content\/uploads\/2025\/02\/gia-1-300x214.jpeg 300w, https:\/\/ismfrance.org\/wp-content\/uploads\/2025\/02\/gia-1-768x547.jpeg 768w, https:\/\/ismfrance.org\/wp-content\/uploads\/2025\/02\/gia-1-1536x1094.jpeg 1536w, https:\/\/ismfrance.org\/wp-content\/uploads\/2025\/02\/gia-1-1320x940.jpeg 1320w, https:\/\/ismfrance.org\/wp-content\/uploads\/2025\/02\/gia-1.jpeg 2048w\" sizes=\"auto, (max-width: 600px) 100vw, 600px\" \/><\/a><\/span><\/span><\/span><\/p>\n<p>Nous vous invitons \u00e0 vous rapprocher de la Campagne Unitaire pour coordonner les milliers d&rsquo;initiatives de soutiens qui doivent fleurir jusqu&rsquo;\u00e0 la lib\u00e9ration totale de notre camarade. Jusqu&rsquo;\u00e0 la victoire, ne baissons pas la garde et intensifions toujours plus notre mobilisation !<\/p>\n<p>Nous devons continuer \u00e0 faire parler de Georges Abdallah, \u00e0 ne rien l\u00e2cher jusqu&rsquo;\u00e0 sa lib\u00e9ration totale, de toutes les mani\u00e8res n\u00e9cessaires, dans la diversit\u00e9 de nos opinions et de nos engagements et de mani\u00e8re unitaire et combative. Plus que jamais, ce sont les actes qui comptent et non les beaux discours.<\/p>\n<p>Rejoignez la vague du Soul\u00e8vement Populaire pour la lib\u00e9ration de Georges Abdallah !<\/p>\n<p><strong><span style=\"color: #000000;\"><span style=\"font-family: Verdana, sans-serif;\"><span style=\"font-size: medium;\">Georges Abdallah doit \u00eatre lib\u00e9r\u00e9 ! <\/span><\/span><\/span><\/strong><\/p>\n<p><strong><span style=\"color: #000000;\"><span style=\"font-family: Verdana, sans-serif;\"><span style=\"font-size: medium;\">Palestine vivra et vaincra ! \u270c\ufe0f<\/span><\/span><\/span><\/strong><\/p>\n<p><span style=\"color: #000000;\"><span style=\"font-family: Verdana, sans-serif;\"><span style=\"font-size: medium;\">Source\u00a0: <a href=\"https:\/\/www.instagram.com\/p\/DGizgIBt3OX\/?igsh=QkJJdW5RTlk0ag==\">CUPlGIA<\/a><\/span><\/span><\/span><\/p>\n","protected":false},"excerpt":{"rendered":"<p>CUpLGIA, 26 f\u00e9vrier 2025. La Campagne Unitaire vous pr\u00e9sente son nouveau plan de bataille national pour les jours nous s\u00e9parant du 19 Juin et de la lib\u00e9ration de notre camarade, <a class=\"more-link\" href=\"https:\/\/ismfrance.org\/index.php\/2025\/02\/27\/nouveau-plan-de-bataille-pour-la-liberation-de-georges-abdallah\/\">Lire la suite &rarr;<\/a><\/p>\n","protected":false},"author":3,"featured_media":18710,"comment_status":"closed","ping_status":"closed","sticky":false,"template":"","format":"standard","meta":{"footnotes":""},"categories":[2,14],"tags":[20,55],"class_list":["post-18709","post","type-post","status-publish","format-standard","has-post-thumbnail","hentry","category-articles","category-communiques","tag-georges-abdallah","tag-materiel-de-lutte"],"yoast_head":"<!-- This site is optimized with the Yoast SEO plugin v27.2 - https:\/\/yoast.com\/product\/yoast-seo-wordpress\/ -->\n<title>Nouveau plan de bataille pour la lib\u00e9ration de Georges Abdallah - International Solidarity Movement - ISM-France<\/title>\n<meta name=\"robots\" content=\"index, follow, max-snippet:-1, max-image-preview:large, max-video-preview:-1\" \/>\n<link rel=\"canonical\" href=\"https:\/\/ismfrance.org\/index.php\/2025\/02\/27\/nouveau-plan-de-bataille-pour-la-liberation-de-georges-abdallah\/\" \/>\n<meta property=\"og:locale\" content=\"fr_FR\" \/>\n<meta property=\"og:type\" content=\"article\" \/>\n<meta property=\"og:title\" content=\"Nouveau plan de bataille pour la lib\u00e9ration de Georges Abdallah - International Solidarity Movement - ISM-France\" \/>\n<meta property=\"og:description\" content=\"CUpLGIA, 26 f\u00e9vrier 2025. La Campagne Unitaire vous pr\u00e9sente son nouveau plan de bataille national pour les jours nous s\u00e9parant du 19 Juin et de la lib\u00e9ration de notre camarade, Lire la suite &rarr;\" \/>\n<meta property=\"og:url\" content=\"https:\/\/ismfrance.org\/index.php\/2025\/02\/27\/nouveau-plan-de-bataille-pour-la-liberation-de-georges-abdallah\/\" \/>\n<meta property=\"og:site_name\" content=\"International Solidarity Movement - ISM-France\" \/>\n<meta property=\"article:published_time\" content=\"2025-02-27T16:04:44+00:00\" \/>\n<meta property=\"article:modified_time\" content=\"2025-02-27T16:06:06+00:00\" \/>\n<meta property=\"og:image\" content=\"https:\/\/ismfrance.org\/wp-content\/uploads\/2025\/02\/gia-1.jpeg\" \/>\n\t<meta property=\"og:image:width\" content=\"2048\" \/>\n\t<meta property=\"og:image:height\" content=\"1458\" \/>\n\t<meta property=\"og:image:type\" content=\"image\/jpeg\" \/>\n<meta name=\"author\" content=\"mru_01\" \/>\n<meta name=\"twitter:card\" content=\"summary_large_image\" \/>\n<meta name=\"twitter:creator\" content=\"@ISMFRANCE\" \/>\n<meta name=\"twitter:site\" content=\"@ISMFRANCE\" \/>\n<meta name=\"twitter:label1\" content=\"\u00c9crit par\" \/>\n\t<meta name=\"twitter:data1\" content=\"mru_01\" \/>\n\t<meta name=\"twitter:label2\" content=\"Dur\u00e9e de lecture estim\u00e9e\" \/>\n\t<meta name=\"twitter:data2\" content=\"2 minutes\" \/>\n<script type=\"application\/ld+json\" class=\"yoast-schema-graph\">{\"@context\":\"https:\/\/schema.org\",\"@graph\":[{\"@type\":\"Article\",\"@id\":\"https:\/\/ismfrance.org\/index.php\/2025\/02\/27\/nouveau-plan-de-bataille-pour-la-liberation-de-georges-abdallah\/#article\",\"isPartOf\":{\"@id\":\"https:\/\/ismfrance.org\/index.php\/2025\/02\/27\/nouveau-plan-de-bataille-pour-la-liberation-de-georges-abdallah\/\"},\"author\":{\"name\":\"mru_01\",\"@id\":\"https:\/\/ismfrance.org\/#\/schema\/person\/3c411eb72adfaae19c0dca1f41fae01d\"},\"headline\":\"Nouveau plan de bataille pour la lib\u00e9ration de Georges Abdallah\",\"datePublished\":\"2025-02-27T16:04:44+00:00\",\"dateModified\":\"2025-02-27T16:06:06+00:00\",\"mainEntityOfPage\":{\"@id\":\"https:\/\/ismfrance.org\/index.php\/2025\/02\/27\/nouveau-plan-de-bataille-pour-la-liberation-de-georges-abdallah\/\"},\"wordCount\":179,\"publisher\":{\"@id\":\"https:\/\/ismfrance.org\/#organization\"},\"image\":{\"@id\":\"https:\/\/ismfrance.org\/index.php\/2025\/02\/27\/nouveau-plan-de-bataille-pour-la-liberation-de-georges-abdallah\/#primaryimage\"},\"thumbnailUrl\":\"https:\/\/ismfrance.org\/wp-content\/uploads\/2025\/02\/gia-1.jpeg\",\"keywords\":[\"Georges Abdallah\",\"Mat\u00e9riel de lutte\"],\"articleSection\":[\"Articles\",\"Communiqu\u00e9s\"],\"inLanguage\":\"fr-FR\"},{\"@type\":\"WebPage\",\"@id\":\"https:\/\/ismfrance.org\/index.php\/2025\/02\/27\/nouveau-plan-de-bataille-pour-la-liberation-de-georges-abdallah\/\",\"url\":\"https:\/\/ismfrance.org\/index.php\/2025\/02\/27\/nouveau-plan-de-bataille-pour-la-liberation-de-georges-abdallah\/\",\"name\":\"Nouveau plan de bataille pour la lib\u00e9ration de Georges Abdallah - International Solidarity Movement - ISM-France\",\"isPartOf\":{\"@id\":\"https:\/\/ismfrance.org\/#website\"},\"primaryImageOfPage\":{\"@id\":\"https:\/\/ismfrance.org\/index.php\/2025\/02\/27\/nouveau-plan-de-bataille-pour-la-liberation-de-georges-abdallah\/#primaryimage\"},\"image\":{\"@id\":\"https:\/\/ismfrance.org\/index.php\/2025\/02\/27\/nouveau-plan-de-bataille-pour-la-liberation-de-georges-abdallah\/#primaryimage\"},\"thumbnailUrl\":\"https:\/\/ismfrance.org\/wp-content\/uploads\/2025\/02\/gia-1.jpeg\",\"datePublished\":\"2025-02-27T16:04:44+00:00\",\"dateModified\":\"2025-02-27T16:06:06+00:00\",\"breadcrumb\":{\"@id\":\"https:\/\/ismfrance.org\/index.php\/2025\/02\/27\/nouveau-plan-de-bataille-pour-la-liberation-de-georges-abdallah\/#breadcrumb\"},\"inLanguage\":\"fr-FR\",\"potentialAction\":[{\"@type\":\"ReadAction\",\"target\":[\"https:\/\/ismfrance.org\/index.php\/2025\/02\/27\/nouveau-plan-de-bataille-pour-la-liberation-de-georges-abdallah\/\"]}]},{\"@type\":\"ImageObject\",\"inLanguage\":\"fr-FR\",\"@id\":\"https:\/\/ismfrance.org\/index.php\/2025\/02\/27\/nouveau-plan-de-bataille-pour-la-liberation-de-georges-abdallah\/#primaryimage\",\"url\":\"https:\/\/ismfrance.org\/wp-content\/uploads\/2025\/02\/gia-1.jpeg\",\"contentUrl\":\"https:\/\/ismfrance.org\/wp-content\/uploads\/2025\/02\/gia-1.jpeg\",\"width\":2048,\"height\":1458},{\"@type\":\"BreadcrumbList\",\"@id\":\"https:\/\/ismfrance.org\/index.php\/2025\/02\/27\/nouveau-plan-de-bataille-pour-la-liberation-de-georges-abdallah\/#breadcrumb\",\"itemListElement\":[{\"@type\":\"ListItem\",\"position\":1,\"name\":\"Accueil\",\"item\":\"https:\/\/ismfrance.org\/\"},{\"@type\":\"ListItem\",\"position\":2,\"name\":\"Nouveau plan de bataille pour la lib\u00e9ration de Georges Abdallah\"}]},{\"@type\":\"WebSite\",\"@id\":\"https:\/\/ismfrance.org\/#website\",\"url\":\"https:\/\/ismfrance.org\/\",\"name\":\"ISM Palestine France\",\"description\":\"Soutien aux luttes de lib\u00e9ration du peuple palestinien\",\"publisher\":{\"@id\":\"https:\/\/ismfrance.org\/#organization\"},\"potentialAction\":[{\"@type\":\"SearchAction\",\"target\":{\"@type\":\"EntryPoint\",\"urlTemplate\":\"https:\/\/ismfrance.org\/?s={search_term_string}\"},\"query-input\":{\"@type\":\"PropertyValueSpecification\",\"valueRequired\":true,\"valueName\":\"search_term_string\"}}],\"inLanguage\":\"fr-FR\"},{\"@type\":\"Organization\",\"@id\":\"https:\/\/ismfrance.org\/#organization\",\"name\":\"International Solidarity Movement\",\"url\":\"https:\/\/ismfrance.org\/\",\"logo\":{\"@type\":\"ImageObject\",\"inLanguage\":\"fr-FR\",\"@id\":\"https:\/\/ismfrance.org\/#\/schema\/logo\/image\/\",\"url\":\"https:\/\/ismfrance.org\/wp-content\/uploads\/2020\/12\/00.png\",\"contentUrl\":\"https:\/\/ismfrance.org\/wp-content\/uploads\/2020\/12\/00.png\",\"width\":400,\"height\":400,\"caption\":\"International Solidarity Movement\"},\"image\":{\"@id\":\"https:\/\/ismfrance.org\/#\/schema\/logo\/image\/\"},\"sameAs\":[\"https:\/\/x.com\/ISMFRANCE\"]},{\"@type\":\"Person\",\"@id\":\"https:\/\/ismfrance.org\/#\/schema\/person\/3c411eb72adfaae19c0dca1f41fae01d\",\"name\":\"mru_01\",\"image\":{\"@type\":\"ImageObject\",\"inLanguage\":\"fr-FR\",\"@id\":\"https:\/\/secure.gravatar.com\/avatar\/3a0be343b445d2ccc79e87444a294fad2b232e90d2051d0e3cc219e1ecd6a330?s=96&d=mm&r=g\",\"url\":\"https:\/\/secure.gravatar.com\/avatar\/3a0be343b445d2ccc79e87444a294fad2b232e90d2051d0e3cc219e1ecd6a330?s=96&d=mm&r=g\",\"contentUrl\":\"https:\/\/secure.gravatar.com\/avatar\/3a0be343b445d2ccc79e87444a294fad2b232e90d2051d0e3cc219e1ecd6a330?s=96&d=mm&r=g\",\"caption\":\"mru_01\"},\"url\":\"https:\/\/ismfrance.org\/index.php\/author\/admin02\/\"}]}<\/script>\n<!-- \/ Yoast SEO plugin. -->","yoast_head_json":{"title":"Nouveau plan de bataille pour la lib\u00e9ration de Georges Abdallah - International Solidarity Movement - ISM-France","robots":{"index":"index","follow":"follow","max-snippet":"max-snippet:-1","max-image-preview":"max-image-preview:large","max-video-preview":"max-video-preview:-1"},"canonical":"https:\/\/ismfrance.org\/index.php\/2025\/02\/27\/nouveau-plan-de-bataille-pour-la-liberation-de-georges-abdallah\/","og_locale":"fr_FR","og_type":"article","og_title":"Nouveau plan de bataille pour la lib\u00e9ration de Georges Abdallah - International Solidarity Movement - ISM-France","og_description":"CUpLGIA, 26 f\u00e9vrier 2025. La Campagne Unitaire vous pr\u00e9sente son nouveau plan de bataille national pour les jours nous s\u00e9parant du 19 Juin et de la lib\u00e9ration de notre camarade, Lire la suite &rarr;","og_url":"https:\/\/ismfrance.org\/index.php\/2025\/02\/27\/nouveau-plan-de-bataille-pour-la-liberation-de-georges-abdallah\/","og_site_name":"International Solidarity Movement - ISM-France","article_published_time":"2025-02-27T16:04:44+00:00","article_modified_time":"2025-02-27T16:06:06+00:00","og_image":[{"width":2048,"height":1458,"url":"https:\/\/ismfrance.org\/wp-content\/uploads\/2025\/02\/gia-1.jpeg","type":"image\/jpeg"}],"author":"mru_01","twitter_card":"summary_large_image","twitter_creator":"@ISMFRANCE","twitter_site":"@ISMFRANCE","twitter_misc":{"\u00c9crit par":"mru_01","Dur\u00e9e de lecture estim\u00e9e":"2 minutes"},"schema":{"@context":"https:\/\/schema.org","@graph":[{"@type":"Article","@id":"https:\/\/ismfrance.org\/index.php\/2025\/02\/27\/nouveau-plan-de-bataille-pour-la-liberation-de-georges-abdallah\/#article","isPartOf":{"@id":"https:\/\/ismfrance.org\/index.php\/2025\/02\/27\/nouveau-plan-de-bataille-pour-la-liberation-de-georges-abdallah\/"},"author":{"name":"mru_01","@id":"https:\/\/ismfrance.org\/#\/schema\/person\/3c411eb72adfaae19c0dca1f41fae01d"},"headline":"Nouveau plan de bataille pour la lib\u00e9ration de Georges Abdallah","datePublished":"2025-02-27T16:04:44+00:00","dateModified":"2025-02-27T16:06:06+00:00","mainEntityOfPage":{"@id":"https:\/\/ismfrance.org\/index.php\/2025\/02\/27\/nouveau-plan-de-bataille-pour-la-liberation-de-georges-abdallah\/"},"wordCount":179,"publisher":{"@id":"https:\/\/ismfrance.org\/#organization"},"image":{"@id":"https:\/\/ismfrance.org\/index.php\/2025\/02\/27\/nouveau-plan-de-bataille-pour-la-liberation-de-georges-abdallah\/#primaryimage"},"thumbnailUrl":"https:\/\/ismfrance.org\/wp-content\/uploads\/2025\/02\/gia-1.jpeg","keywords":["Georges Abdallah","Mat\u00e9riel de lutte"],"articleSection":["Articles","Communiqu\u00e9s"],"inLanguage":"fr-FR"},{"@type":"WebPage","@id":"https:\/\/ismfrance.org\/index.php\/2025\/02\/27\/nouveau-plan-de-bataille-pour-la-liberation-de-georges-abdallah\/","url":"https:\/\/ismfrance.org\/index.php\/2025\/02\/27\/nouveau-plan-de-bataille-pour-la-liberation-de-georges-abdallah\/","name":"Nouveau plan de bataille pour la lib\u00e9ration de Georges Abdallah - International Solidarity Movement - ISM-France","isPartOf":{"@id":"https:\/\/ismfrance.org\/#website"},"primaryImageOfPage":{"@id":"https:\/\/ismfrance.org\/index.php\/2025\/02\/27\/nouveau-plan-de-bataille-pour-la-liberation-de-georges-abdallah\/#primaryimage"},"image":{"@id":"https:\/\/ismfrance.org\/index.php\/2025\/02\/27\/nouveau-plan-de-bataille-pour-la-liberation-de-georges-abdallah\/#primaryimage"},"thumbnailUrl":"https:\/\/ismfrance.org\/wp-content\/uploads\/2025\/02\/gia-1.jpeg","datePublished":"2025-02-27T16:04:44+00:00","dateModified":"2025-02-27T16:06:06+00:00","breadcrumb":{"@id":"https:\/\/ismfrance.org\/index.php\/2025\/02\/27\/nouveau-plan-de-bataille-pour-la-liberation-de-georges-abdallah\/#breadcrumb"},"inLanguage":"fr-FR","potentialAction":[{"@type":"ReadAction","target":["https:\/\/ismfrance.org\/index.php\/2025\/02\/27\/nouveau-plan-de-bataille-pour-la-liberation-de-georges-abdallah\/"]}]},{"@type":"ImageObject","inLanguage":"fr-FR","@id":"https:\/\/ismfrance.org\/index.php\/2025\/02\/27\/nouveau-plan-de-bataille-pour-la-liberation-de-georges-abdallah\/#primaryimage","url":"https:\/\/ismfrance.org\/wp-content\/uploads\/2025\/02\/gia-1.jpeg","contentUrl":"https:\/\/ismfrance.org\/wp-content\/uploads\/2025\/02\/gia-1.jpeg","width":2048,"height":1458},{"@type":"BreadcrumbList","@id":"https:\/\/ismfrance.org\/index.php\/2025\/02\/27\/nouveau-plan-de-bataille-pour-la-liberation-de-georges-abdallah\/#breadcrumb","itemListElement":[{"@type":"ListItem","position":1,"name":"Accueil","item":"https:\/\/ismfrance.org\/"},{"@type":"ListItem","position":2,"name":"Nouveau plan de bataille pour la lib\u00e9ration de Georges Abdallah"}]},{"@type":"WebSite","@id":"https:\/\/ismfrance.org\/#website","url":"https:\/\/ismfrance.org\/","name":"ISM Palestine France","description":"Soutien aux luttes de lib\u00e9ration du peuple palestinien","publisher":{"@id":"https:\/\/ismfrance.org\/#organization"},"potentialAction":[{"@type":"SearchAction","target":{"@type":"EntryPoint","urlTemplate":"https:\/\/ismfrance.org\/?s={search_term_string}"},"query-input":{"@type":"PropertyValueSpecification","valueRequired":true,"valueName":"search_term_string"}}],"inLanguage":"fr-FR"},{"@type":"Organization","@id":"https:\/\/ismfrance.org\/#organization","name":"International Solidarity Movement","url":"https:\/\/ismfrance.org\/","logo":{"@type":"ImageObject","inLanguage":"fr-FR","@id":"https:\/\/ismfrance.org\/#\/schema\/logo\/image\/","url":"https:\/\/ismfrance.org\/wp-content\/uploads\/2020\/12\/00.png","contentUrl":"https:\/\/ismfrance.org\/wp-content\/uploads\/2020\/12\/00.png","width":400,"height":400,"caption":"International Solidarity Movement"},"image":{"@id":"https:\/\/ismfrance.org\/#\/schema\/logo\/image\/"},"sameAs":["https:\/\/x.com\/ISMFRANCE"]},{"@type":"Person","@id":"https:\/\/ismfrance.org\/#\/schema\/person\/3c411eb72adfaae19c0dca1f41fae01d","name":"mru_01","image":{"@type":"ImageObject","inLanguage":"fr-FR","@id":"https:\/\/secure.gravatar.com\/avatar\/3a0be343b445d2ccc79e87444a294fad2b232e90d2051d0e3cc219e1ecd6a330?s=96&d=mm&r=g","url":"https:\/\/secure.gravatar.com\/avatar\/3a0be343b445d2ccc79e87444a294fad2b232e90d2051d0e3cc219e1ecd6a330?s=96&d=mm&r=g","contentUrl":"https:\/\/secure.gravatar.com\/avatar\/3a0be343b445d2ccc79e87444a294fad2b232e90d2051d0e3cc219e1ecd6a330?s=96&d=mm&r=g","caption":"mru_01"},"url":"https:\/\/ismfrance.org\/index.php\/author\/admin02\/"}]}},"_links":{"self":[{"href":"https:\/\/ismfrance.org\/index.php\/wp-json\/wp\/v2\/posts\/18709","targetHints":{"allow":["GET"]}}],"collection":[{"href":"https:\/\/ismfrance.org\/index.php\/wp-json\/wp\/v2\/posts"}],"about":[{"href":"https:\/\/ismfrance.org\/index.php\/wp-json\/wp\/v2\/types\/post"}],"author":[{"embeddable":true,"href":"https:\/\/ismfrance.org\/index.php\/wp-json\/wp\/v2\/users\/3"}],"replies":[{"embeddable":true,"href":"https:\/\/ismfrance.org\/index.php\/wp-json\/wp\/v2\/comments?post=18709"}],"version-history":[{"count":0,"href":"https:\/\/ismfrance.org\/index.php\/wp-json\/wp\/v2\/posts\/18709\/revisions"}],"wp:featuredmedia":[{"embeddable":true,"href":"https:\/\/ismfrance.org\/index.php\/wp-json\/wp\/v2\/media\/18710"}],"wp:attachment":[{"href":"https:\/\/ismfrance.org\/index.php\/wp-json\/wp\/v2\/media?parent=18709"}],"wp:term":[{"taxonomy":"category","embeddable":true,"href":"https:\/\/ismfrance.org\/index.php\/wp-json\/wp\/v2\/categories?post=18709"},{"taxonomy":"post_tag","embeddable":true,"href":"https:\/\/ismfrance.org\/index.php\/wp-json\/wp\/v2\/tags?post=18709"}],"curies":[{"name":"wp","href":"https:\/\/api.w.org\/{rel}","templated":true}]}}