{"id":18614,"date":"2025-02-22T10:48:14","date_gmt":"2025-02-22T09:48:14","guid":{"rendered":"https:\/\/ismfrance.org\/?p=18614"},"modified":"2025-02-22T10:48:14","modified_gmt":"2025-02-22T09:48:14","slug":"euro-med-monitor-revele-les-details-de-lexecution-par-larmee-israelienne-dun-couple-palestinien-age-apres-les-avoir-utilises-comme-boucliers-humains","status":"publish","type":"post","link":"https:\/\/ismfrance.org\/index.php\/2025\/02\/22\/euro-med-monitor-revele-les-details-de-lexecution-par-larmee-israelienne-dun-couple-palestinien-age-apres-les-avoir-utilises-comme-boucliers-humains\/","title":{"rendered":"Euro-Med Monitor r\u00e9v\u00e8le les d\u00e9tails de l\u2019ex\u00e9cution par l\u2019arm\u00e9e isra\u00e9lienne d\u2019un couple palestinien \u00e2g\u00e9 apr\u00e8s les avoir utilis\u00e9s comme boucliers humains"},"content":{"rendered":"<p><span style=\"color: #000000;\"><span style=\"font-family: Tahoma, sans-serif;\"><span style=\"font-size: medium;\"><strong>Euro-Med Monitor, 20 f\u00e9vrier 2025.<\/strong> \u2013 Les forces isra\u00e9liennes ont brutalement tu\u00e9 deux Palestiniens \u00e2g\u00e9s apr\u00e8s les avoir utilis\u00e9s comme boucliers humains lors d\u2019une invasion du quartier d\u2019Al-Zaytoun, au sud de la ville de Gaza, en mai dernier, ont r\u00e9v\u00e9l\u00e9 les enqu\u00eates sur le terrain d\u2019Euro-Med Monitor.<\/span><\/span><\/span><\/p>\n<p><a href=\"https:\/\/ismfrance.org\/wp-content\/uploads\/2025\/02\/boucliers-humains.png\"><img loading=\"lazy\" decoding=\"async\" class=\"size-full wp-image-18617 aligncenter\" src=\"https:\/\/ismfrance.org\/wp-content\/uploads\/2025\/02\/boucliers-humains.png\" alt=\"\" width=\"575\" height=\"299\" srcset=\"https:\/\/ismfrance.org\/wp-content\/uploads\/2025\/02\/boucliers-humains.png 575w, https:\/\/ismfrance.org\/wp-content\/uploads\/2025\/02\/boucliers-humains-300x156.png 300w\" sizes=\"auto, (max-width: 575px) 100vw, 575px\" \/><\/a><span style=\"color: #000000;\"><span style=\"font-family: Tahoma, sans-serif;\"><span style=\"font-size: medium;\">Les victimes du crime ont \u00e9t\u00e9 identifi\u00e9es par les \u00e9quipes de terrain et juridiques d\u2019Euro-Med Monitor comme \u00e9tant le couple mari\u00e9 Mohammed Fahmi Abu Hussein (70 ans) et Mazyona Hassan Fares Abu Hussein (65 ans).<\/span><\/span><\/span><\/p>\n<p><span style=\"color: #000000;\"><span style=\"font-family: Tahoma, sans-serif;\"><span style=\"font-size: medium;\">Une enqu\u00eate men\u00e9e par le site Internet isra\u00e9lien <em>HaMakom<\/em> a r\u00e9v\u00e9l\u00e9 qu\u2019un officier isra\u00e9lien de la brigade Nahal a attach\u00e9 une cha\u00eene d\u2019explosifs autour du cou d\u2019un Palestinien de 70 ans et l\u2019a oblig\u00e9 \u00e0 entrer dans des maisons du quartier d\u2019Al-Zaytoun pour les inspecter et s\u2019assurer qu\u2019elles \u00e9taient s\u00e9curis\u00e9es pendant huit heures. Selon le site Internet, lui et sa femme ont \u00e9t\u00e9 abattus par les forces de l\u2019arm\u00e9e isra\u00e9lienne \u00e0 la fin de la mission.<\/span><\/span><\/span><\/p>\n<p><span style=\"color: #000000;\"><span style=\"font-family: Tahoma, sans-serif;\"><span style=\"font-size: medium;\">Les d\u00e9tails de l\u2019assassinat du couple Abou Hussein par Isra\u00ebl sont identiques \u00e0 ceux publi\u00e9s sur le site Internet <em>HaMakom<\/em> \u00e0 propos d\u2019un incident impliquant un couple non identifi\u00e9, selon les enqu\u00eates d\u2019Euro-Med Monitor. Les deux \u00e9l\u00e9ments de preuve les plus notables sont le fait que la date de l\u2019incident publi\u00e9e par <em>HaMakom<\/em> \u2013 mai 2024 \u2013 et son lieu \u2013 le quartier d\u2019Al-Zaytoun dans la ville de Gaza \u2013 correspondent \u00e0 ce qui a \u00e9t\u00e9 largement rapport\u00e9 dans les m\u00e9dias. Les \u00e2ges estim\u00e9s des victimes qui ont \u00e9t\u00e9 rapport\u00e9s dans les nouvelles correspondent \u00e9galement aux conclusions tir\u00e9es des enqu\u00eates. De plus, les victimes \u00e9taient un couple mari\u00e9, ce qui correspond aux d\u00e9tails du crime r\u00e9cemment r\u00e9v\u00e9l\u00e9s.<\/span><\/span><\/span><\/p>\n<p><span style=\"color: #000000;\"><span style=\"font-family: Tahoma, sans-serif;\"><span style=\"font-size: medium;\">L\u2019un des \u00e9l\u00e9ments de preuve les plus notables en faveur de cette th\u00e9orie est l\u2019information sur les explosifs, qui a \u00e9t\u00e9 v\u00e9rifi\u00e9e par les chercheurs de terrain d\u2019Euro-Med Monitor. et renforce l\u2019id\u00e9e que les deux incidents sont li\u00e9s au m\u00eame crime odieux dans lequel les victimes ont \u00e9t\u00e9 utilis\u00e9es comme boucliers humains avant d\u2019\u00eatre assassin\u00e9es.<\/span><\/span><\/span><\/p>\n<p><span style=\"color: #000000;\"><span style=\"font-family: Tahoma, sans-serif;\"><span style=\"font-size: medium;\">Les investigations d\u2019Euro-Med Monitor ont r\u00e9v\u00e9l\u00e9 des d\u00e9tails horribles qui n\u2019ont pas \u00e9t\u00e9 publi\u00e9s sur le site isra\u00e9lien <em>HaMakom<\/em>. Ces d\u00e9tails sugg\u00e8rent que les deux victimes ont \u00e9t\u00e9 utilis\u00e9es comme boucliers humains et que leur ex\u00e9cution a \u00e9t\u00e9 effectu\u00e9e par la d\u00e9tonation d\u2019explosifs qui \u00e9taient encore attach\u00e9s \u00e0 l\u2019\u00e9pouse, voire aux deux membres du couple, plut\u00f4t que par des coups de feu.<\/span><\/span><\/span><\/p>\n<p><span style=\"color: #000000;\"><span style=\"font-family: Tahoma, sans-serif;\"><span style=\"font-size: medium;\">Le corps de Mazyona Hassan Fares Abu Hussein a \u00e9t\u00e9 r\u00e9duit \u00e0 n\u00e9ant, avec une boucle d\u2019oreille comme seul signe distinctif. La jambe droite de Mohammed Fahmy Abu Hussein \u00e9tait compl\u00e8tement manquante et le c\u00f4t\u00e9 droit de son corps \u00e9tait totalement m\u00e9connaissable, ce qui indique qu\u2019au moins un membre du couple a \u00e9t\u00e9 tu\u00e9 par la d\u00e9tonation d\u2019explosifs plut\u00f4t que par des coups de feu.<\/span><\/span><\/span><\/p>\n<p><iframe loading=\"lazy\" title=\"Israeli forces used an elderly couple as human shields before executing them\" width=\"600\" height=\"450\" src=\"https:\/\/www.youtube.com\/embed\/R0-bmB2NP-0?feature=oembed\" frameborder=\"0\" allow=\"accelerometer; autoplay; clipboard-write; encrypted-media; gyroscope; picture-in-picture; web-share\" referrerpolicy=\"strict-origin-when-cross-origin\" allowfullscreen><\/iframe><\/p>\n<p>*<\/p>\n<p><span style=\"color: #000000;\"><span style=\"font-family: Tahoma, sans-serif;\"><span style=\"font-size: medium;\">Apr\u00e8s l\u2019incident, le fils des deux victimes, Ahmed Mohammed Fahmy Abu Hussein (38 ans), a d\u00e9clar\u00e9 \u00e0 l\u2019\u00e9quipe de terrain d\u2019Euro-Med Monitor que des morceaux des corps de ses parents avaient \u00e9t\u00e9 emport\u00e9s sur la route de Salah al-Din, \u00e0 l\u2019est de Gaza. \u00ab <em>Nous avons d\u00fb \u00e9vacuer le quartier d\u2019Al-Zaytoun lorsque les forces d\u2019occupation sont arriv\u00e9es, mais mes parents sont rest\u00e9s parce qu\u2019ils \u00e9taient trop vieux et avaient du mal \u00e0 se d\u00e9placer<\/em> \u00bb, a-t-il d\u00e9clar\u00e9. \u00ab <em>Jusqu\u2019au 10 mai 2024, lorsque nous avons entendu la peur dans leur voix lors du dernier appel, nous \u00e9tions en communication permanente avec eux. D\u2019apr\u00e8s ce que mon p\u00e8re m\u2019a dit, les forces d\u2019occupation \u00e9taient entr\u00e9es par effraction dans leur maison et [leur avaient ordonn\u00e9] de partir vers le sud de la bande de Gaza.<\/em> \u00bb<\/span><\/span><\/span><\/p>\n<p><span style=\"color: #000000;\"><span style=\"font-family: Tahoma, sans-serif;\"><span style=\"font-size: medium;\">Il a poursuivi : \u00ab <em>J\u2019ai essay\u00e9 de rappeler quelques minutes plus tard, mais le t\u00e9l\u00e9phone \u00e9tait \u00e9teint. Ce n\u2019est que lorsque les forces sont parties et que nous avons d\u00e9couvert la maison compl\u00e8tement br\u00fbl\u00e9e que nous avons appris leur sort. Apr\u00e8s une recherche, nous avons d\u00e9couvert des morceaux du corps de mon p\u00e8re \u00e0 l\u2019h\u00f4pital Al-Ahli, et ma m\u00e8re \u00e9tait en morceaux dans la rue Salah al-Din, o\u00f9 il semble qu\u2019elle ait \u00e9t\u00e9 tu\u00e9e par des explosifs<\/em>. \u00bb<\/span><\/span><\/span><\/p>\n<p><span style=\"color: #000000;\"><span style=\"font-family: Tahoma, sans-serif;\"><span style=\"font-size: medium;\">Ahmed Abu Hussein a poursuivi : \u00ab <em>La jambe droite de mon p\u00e8re \u00e9tait amput\u00e9e, et le c\u00f4t\u00e9 droit de son corps avait compl\u00e8tement disparu. Il \u00e9tait difficile de l\u2019identifier autrement que par certains traits, comme un tatouage sur sa main. Le corps de ma m\u00e8re \u00e9tait compl\u00e8tement d\u00e9truit ; nous ne pouvions distinguer que quelques morceaux de son visage et [ne pouvions] l\u2019identifier que par les dents recouvertes d\u2019or dans sa m\u00e2choire.<\/em> \u00bb<\/span><\/span><\/span><\/p>\n<p><span style=\"color: #000000;\"><span style=\"font-family: Tahoma, sans-serif;\"><span style=\"font-size: medium;\">Abu Hussein a ajout\u00e9 : \u00ab <em>L\u2019aveu de l\u2019arm\u00e9e isra\u00e9lienne et l\u2019annonce ult\u00e9rieure qu\u2019elle avait utilis\u00e9 mon p\u00e8re comme bouclier humain et l\u2019avait ensuite brutalement assassin\u00e9 aux c\u00f4t\u00e9s de ma m\u00e8re nous ont choqu\u00e9s. Apr\u00e8s avoir perdu contact pendant des jours, nous esp\u00e9rions qu\u2019ils \u00e9taient encore en vie, mais nous avons appris plus tard qu\u2019ils avaient \u00e9t\u00e9 brutalement assassin\u00e9s d\u2019une mani\u00e8re que nous n\u2019aurions pas pu pr\u00e9voir<\/em>. \u00bb<\/span><\/span><\/span><\/p>\n<p><span style=\"color: #000000;\"><span style=\"font-family: Tahoma, sans-serif;\"><span style=\"font-size: medium;\">Selon le fils des victimes, ses parents avaient avec eux un sac rempli d\u2019argent et d\u2019or avant leur assassinat, mais le sac a disparu apr\u00e8s le meurtre.<\/span><\/span><\/span><\/p>\n<p><span style=\"color: #000000;\"><span style=\"font-family: Tahoma, sans-serif;\"><span style=\"font-size: medium;\">Ce crime viole le droit international humanitaire et peut \u00e9galement \u00eatre consid\u00e9r\u00e9 comme faisant partie du g\u00e9nocide commis par l\u2019arm\u00e9e d\u2019occupation isra\u00e9lienne contre les Palestiniens dans la bande de Gaza depuis le 7 octobre 2023, au cours duquel des civils ont \u00e9t\u00e9 brutalement tu\u00e9s sans autre raison que leur nationalit\u00e9 palestinienne.<\/span><\/span><\/span><\/p>\n<p><span style=\"color: #000000;\"><span style=\"font-family: Tahoma, sans-serif;\"><span style=\"font-size: medium;\">En outre, ce crime constitue une grave violation du droit international, qui interdit l\u2019utilisation de civils comme boucliers humains et qualifie les homicides d\u00e9lib\u00e9r\u00e9s de crimes contre l\u2019humanit\u00e9 et de crimes de guerre qui appellent des poursuites judiciaires imm\u00e9diates.<\/span><\/span><\/span><\/p>\n<p><span style=\"color: #000000;\"><span style=\"font-family: Tahoma, sans-serif;\"><span style=\"font-size: medium;\">L\u2019aveu de ce crime par l\u2019arm\u00e9e isra\u00e9lienne ne permet pas d\u2019\u00e9chapper \u00e0 sa responsabilit\u00e9 ; il constitue plut\u00f4t une preuve directe des graves violations commises par Isra\u00ebl dans la bande de Gaza. La communaut\u00e9 internationale doit agir rapidement pour que les auteurs de ces crimes r\u00e9pondent de leurs actes et s\u2019assurer qu\u2019ils n\u2019\u00e9chappent pas \u00e0 la punition, ainsi que pour garantir qu\u2019une enqu\u00eate plus approfondie sur le g\u00e9nocide en cours dans la bande de Gaza soit men\u00e9e imm\u00e9diatement.<\/span><\/span><\/span><\/p>\n<p><span style=\"color: #000000;\"><span style=\"font-family: Tahoma, sans-serif;\"><span style=\"font-size: medium;\">La Cour p\u00e9nale internationale doit examiner le crime susmentionn\u00e9 dans le cadre de ses enqu\u00eates en cours sur les crimes commis par Isra\u00ebl dans le territoire palestinien occup\u00e9, et le consid\u00e9rer comme une preuve suppl\u00e9mentaire du g\u00e9nocide isra\u00e9lien en cours dans la bande de Gaza. La communaut\u00e9 internationale doit agir imm\u00e9diatement pour mettre fin au g\u00e9nocide et prot\u00e9ger la population civile de la bande de Gaza, ainsi que pour prendre la responsabilit\u00e9 de r\u00e9v\u00e9ler tous les crimes li\u00e9s \u00e0 l\u2019occupation et de poursuivre les responsables.<\/span><\/span><\/span><\/p>\n<p><em><strong><span style=\"color: #000000;\"><span style=\"font-family: Tahoma, sans-serif;\"><span style=\"font-size: medium;\">Article original en anglais sur <a href=\"https:\/\/euromedmonitor.org\/en\/article\/6621\/Euro-Med-Monitor-reveals-details-of-Israeli-army\u2019s-execution-of-elderly-Palestinian-couple-after-it-used-them-as-human-shields\">Euro-Med Monitor<\/a> \/ Traduction MR<\/span><\/span><\/span><\/strong><\/em><\/p>\n","protected":false},"excerpt":{"rendered":"<p>Euro-Med Monitor, 20 f\u00e9vrier 2025. \u2013 Les forces isra\u00e9liennes ont brutalement tu\u00e9 deux Palestiniens \u00e2g\u00e9s apr\u00e8s les avoir utilis\u00e9s comme boucliers humains lors d\u2019une invasion du quartier d\u2019Al-Zaytoun, au sud <a class=\"more-link\" href=\"https:\/\/ismfrance.org\/index.php\/2025\/02\/22\/euro-med-monitor-revele-les-details-de-lexecution-par-larmee-israelienne-dun-couple-palestinien-age-apres-les-avoir-utilises-comme-boucliers-humains\/\">Lire la suite &rarr;<\/a><\/p>\n","protected":false},"author":3,"featured_media":18617,"comment_status":"closed","ping_status":"closed","sticky":false,"template":"","format":"standard","meta":{"footnotes":""},"categories":[2,13],"tags":[331,156],"class_list":["post-18614","post","type-post","status-publish","format-standard","has-post-thumbnail","hentry","category-articles","category-temoignages","tag-crimes-de-guerre","tag-genocide"],"yoast_head":"<!-- This site is optimized with the Yoast SEO plugin v27.5 - https:\/\/yoast.com\/product\/yoast-seo-wordpress\/ -->\n<title>Euro-Med Monitor r\u00e9v\u00e8le les d\u00e9tails de l\u2019ex\u00e9cution par l\u2019arm\u00e9e isra\u00e9lienne d\u2019un couple palestinien \u00e2g\u00e9 apr\u00e8s les avoir utilis\u00e9s comme boucliers humains - International Solidarity Movement - ISM-France<\/title>\n<meta name=\"robots\" content=\"index, follow, max-snippet:-1, max-image-preview:large, max-video-preview:-1\" \/>\n<link rel=\"canonical\" href=\"https:\/\/ismfrance.org\/index.php\/2025\/02\/22\/euro-med-monitor-revele-les-details-de-lexecution-par-larmee-israelienne-dun-couple-palestinien-age-apres-les-avoir-utilises-comme-boucliers-humains\/\" \/>\n<meta property=\"og:locale\" content=\"fr_FR\" \/>\n<meta property=\"og:type\" content=\"article\" \/>\n<meta property=\"og:title\" content=\"Euro-Med Monitor r\u00e9v\u00e8le les d\u00e9tails de l\u2019ex\u00e9cution par l\u2019arm\u00e9e isra\u00e9lienne d\u2019un couple palestinien \u00e2g\u00e9 apr\u00e8s les avoir utilis\u00e9s comme boucliers humains - International Solidarity Movement - ISM-France\" \/>\n<meta property=\"og:description\" content=\"Euro-Med Monitor, 20 f\u00e9vrier 2025. \u2013 Les forces isra\u00e9liennes ont brutalement tu\u00e9 deux Palestiniens \u00e2g\u00e9s apr\u00e8s les avoir utilis\u00e9s comme boucliers humains lors d\u2019une invasion du quartier d\u2019Al-Zaytoun, au sud Lire la suite &rarr;\" \/>\n<meta property=\"og:url\" content=\"https:\/\/ismfrance.org\/index.php\/2025\/02\/22\/euro-med-monitor-revele-les-details-de-lexecution-par-larmee-israelienne-dun-couple-palestinien-age-apres-les-avoir-utilises-comme-boucliers-humains\/\" \/>\n<meta property=\"og:site_name\" content=\"International Solidarity Movement - ISM-France\" \/>\n<meta property=\"article:published_time\" content=\"2025-02-22T09:48:14+00:00\" \/>\n<meta property=\"og:image\" content=\"https:\/\/ismfrance.org\/wp-content\/uploads\/2025\/02\/boucliers-humains.png\" \/>\n\t<meta property=\"og:image:width\" content=\"575\" \/>\n\t<meta property=\"og:image:height\" content=\"299\" \/>\n\t<meta property=\"og:image:type\" content=\"image\/png\" \/>\n<meta name=\"author\" content=\"mru_01\" \/>\n<meta name=\"twitter:card\" content=\"summary_large_image\" \/>\n<meta name=\"twitter:creator\" content=\"@ISMFRANCE\" \/>\n<meta name=\"twitter:site\" content=\"@ISMFRANCE\" \/>\n<meta name=\"twitter:label1\" content=\"\u00c9crit par\" \/>\n\t<meta name=\"twitter:data1\" content=\"mru_01\" \/>\n\t<meta name=\"twitter:label2\" content=\"Dur\u00e9e de lecture estim\u00e9e\" \/>\n\t<meta name=\"twitter:data2\" content=\"6 minutes\" \/>\n<script type=\"application\/ld+json\" class=\"yoast-schema-graph\">{\"@context\":\"https:\\\/\\\/schema.org\",\"@graph\":[{\"@type\":\"Article\",\"@id\":\"https:\\\/\\\/ismfrance.org\\\/index.php\\\/2025\\\/02\\\/22\\\/euro-med-monitor-revele-les-details-de-lexecution-par-larmee-israelienne-dun-couple-palestinien-age-apres-les-avoir-utilises-comme-boucliers-humains\\\/#article\",\"isPartOf\":{\"@id\":\"https:\\\/\\\/ismfrance.org\\\/index.php\\\/2025\\\/02\\\/22\\\/euro-med-monitor-revele-les-details-de-lexecution-par-larmee-israelienne-dun-couple-palestinien-age-apres-les-avoir-utilises-comme-boucliers-humains\\\/\"},\"author\":{\"name\":\"mru_01\",\"@id\":\"https:\\\/\\\/ismfrance.org\\\/#\\\/schema\\\/person\\\/3c411eb72adfaae19c0dca1f41fae01d\"},\"headline\":\"Euro-Med Monitor r\u00e9v\u00e8le les d\u00e9tails de l\u2019ex\u00e9cution par l\u2019arm\u00e9e isra\u00e9lienne d\u2019un couple palestinien \u00e2g\u00e9 apr\u00e8s les avoir utilis\u00e9s comme boucliers humains\",\"datePublished\":\"2025-02-22T09:48:14+00:00\",\"mainEntityOfPage\":{\"@id\":\"https:\\\/\\\/ismfrance.org\\\/index.php\\\/2025\\\/02\\\/22\\\/euro-med-monitor-revele-les-details-de-lexecution-par-larmee-israelienne-dun-couple-palestinien-age-apres-les-avoir-utilises-comme-boucliers-humains\\\/\"},\"wordCount\":1306,\"publisher\":{\"@id\":\"https:\\\/\\\/ismfrance.org\\\/#organization\"},\"image\":{\"@id\":\"https:\\\/\\\/ismfrance.org\\\/index.php\\\/2025\\\/02\\\/22\\\/euro-med-monitor-revele-les-details-de-lexecution-par-larmee-israelienne-dun-couple-palestinien-age-apres-les-avoir-utilises-comme-boucliers-humains\\\/#primaryimage\"},\"thumbnailUrl\":\"https:\\\/\\\/ismfrance.org\\\/wp-content\\\/uploads\\\/2025\\\/02\\\/boucliers-humains.png\",\"keywords\":[\"Crimes de guerre\",\"G\u00e9nocide\"],\"articleSection\":[\"Articles\",\"T\u00e9moignages\"],\"inLanguage\":\"fr-FR\"},{\"@type\":\"WebPage\",\"@id\":\"https:\\\/\\\/ismfrance.org\\\/index.php\\\/2025\\\/02\\\/22\\\/euro-med-monitor-revele-les-details-de-lexecution-par-larmee-israelienne-dun-couple-palestinien-age-apres-les-avoir-utilises-comme-boucliers-humains\\\/\",\"url\":\"https:\\\/\\\/ismfrance.org\\\/index.php\\\/2025\\\/02\\\/22\\\/euro-med-monitor-revele-les-details-de-lexecution-par-larmee-israelienne-dun-couple-palestinien-age-apres-les-avoir-utilises-comme-boucliers-humains\\\/\",\"name\":\"Euro-Med Monitor r\u00e9v\u00e8le les d\u00e9tails de l\u2019ex\u00e9cution par l\u2019arm\u00e9e isra\u00e9lienne d\u2019un couple palestinien \u00e2g\u00e9 apr\u00e8s les avoir utilis\u00e9s comme boucliers humains - International Solidarity Movement - ISM-France\",\"isPartOf\":{\"@id\":\"https:\\\/\\\/ismfrance.org\\\/#website\"},\"primaryImageOfPage\":{\"@id\":\"https:\\\/\\\/ismfrance.org\\\/index.php\\\/2025\\\/02\\\/22\\\/euro-med-monitor-revele-les-details-de-lexecution-par-larmee-israelienne-dun-couple-palestinien-age-apres-les-avoir-utilises-comme-boucliers-humains\\\/#primaryimage\"},\"image\":{\"@id\":\"https:\\\/\\\/ismfrance.org\\\/index.php\\\/2025\\\/02\\\/22\\\/euro-med-monitor-revele-les-details-de-lexecution-par-larmee-israelienne-dun-couple-palestinien-age-apres-les-avoir-utilises-comme-boucliers-humains\\\/#primaryimage\"},\"thumbnailUrl\":\"https:\\\/\\\/ismfrance.org\\\/wp-content\\\/uploads\\\/2025\\\/02\\\/boucliers-humains.png\",\"datePublished\":\"2025-02-22T09:48:14+00:00\",\"breadcrumb\":{\"@id\":\"https:\\\/\\\/ismfrance.org\\\/index.php\\\/2025\\\/02\\\/22\\\/euro-med-monitor-revele-les-details-de-lexecution-par-larmee-israelienne-dun-couple-palestinien-age-apres-les-avoir-utilises-comme-boucliers-humains\\\/#breadcrumb\"},\"inLanguage\":\"fr-FR\",\"potentialAction\":[{\"@type\":\"ReadAction\",\"target\":[\"https:\\\/\\\/ismfrance.org\\\/index.php\\\/2025\\\/02\\\/22\\\/euro-med-monitor-revele-les-details-de-lexecution-par-larmee-israelienne-dun-couple-palestinien-age-apres-les-avoir-utilises-comme-boucliers-humains\\\/\"]}]},{\"@type\":\"ImageObject\",\"inLanguage\":\"fr-FR\",\"@id\":\"https:\\\/\\\/ismfrance.org\\\/index.php\\\/2025\\\/02\\\/22\\\/euro-med-monitor-revele-les-details-de-lexecution-par-larmee-israelienne-dun-couple-palestinien-age-apres-les-avoir-utilises-comme-boucliers-humains\\\/#primaryimage\",\"url\":\"https:\\\/\\\/ismfrance.org\\\/wp-content\\\/uploads\\\/2025\\\/02\\\/boucliers-humains.png\",\"contentUrl\":\"https:\\\/\\\/ismfrance.org\\\/wp-content\\\/uploads\\\/2025\\\/02\\\/boucliers-humains.png\",\"width\":575,\"height\":299},{\"@type\":\"BreadcrumbList\",\"@id\":\"https:\\\/\\\/ismfrance.org\\\/index.php\\\/2025\\\/02\\\/22\\\/euro-med-monitor-revele-les-details-de-lexecution-par-larmee-israelienne-dun-couple-palestinien-age-apres-les-avoir-utilises-comme-boucliers-humains\\\/#breadcrumb\",\"itemListElement\":[{\"@type\":\"ListItem\",\"position\":1,\"name\":\"Accueil\",\"item\":\"https:\\\/\\\/ismfrance.org\\\/\"},{\"@type\":\"ListItem\",\"position\":2,\"name\":\"Euro-Med Monitor r\u00e9v\u00e8le les d\u00e9tails de l\u2019ex\u00e9cution par l\u2019arm\u00e9e isra\u00e9lienne d\u2019un couple palestinien \u00e2g\u00e9 apr\u00e8s les avoir utilis\u00e9s comme boucliers humains\"}]},{\"@type\":\"WebSite\",\"@id\":\"https:\\\/\\\/ismfrance.org\\\/#website\",\"url\":\"https:\\\/\\\/ismfrance.org\\\/\",\"name\":\"ISM Palestine France\",\"description\":\"Soutien aux luttes de lib\u00e9ration du peuple palestinien\",\"publisher\":{\"@id\":\"https:\\\/\\\/ismfrance.org\\\/#organization\"},\"potentialAction\":[{\"@type\":\"SearchAction\",\"target\":{\"@type\":\"EntryPoint\",\"urlTemplate\":\"https:\\\/\\\/ismfrance.org\\\/?s={search_term_string}\"},\"query-input\":{\"@type\":\"PropertyValueSpecification\",\"valueRequired\":true,\"valueName\":\"search_term_string\"}}],\"inLanguage\":\"fr-FR\"},{\"@type\":\"Organization\",\"@id\":\"https:\\\/\\\/ismfrance.org\\\/#organization\",\"name\":\"International Solidarity Movement\",\"url\":\"https:\\\/\\\/ismfrance.org\\\/\",\"logo\":{\"@type\":\"ImageObject\",\"inLanguage\":\"fr-FR\",\"@id\":\"https:\\\/\\\/ismfrance.org\\\/#\\\/schema\\\/logo\\\/image\\\/\",\"url\":\"https:\\\/\\\/ismfrance.org\\\/wp-content\\\/uploads\\\/2020\\\/12\\\/00.png\",\"contentUrl\":\"https:\\\/\\\/ismfrance.org\\\/wp-content\\\/uploads\\\/2020\\\/12\\\/00.png\",\"width\":400,\"height\":400,\"caption\":\"International Solidarity Movement\"},\"image\":{\"@id\":\"https:\\\/\\\/ismfrance.org\\\/#\\\/schema\\\/logo\\\/image\\\/\"},\"sameAs\":[\"https:\\\/\\\/x.com\\\/ISMFRANCE\"]},{\"@type\":\"Person\",\"@id\":\"https:\\\/\\\/ismfrance.org\\\/#\\\/schema\\\/person\\\/3c411eb72adfaae19c0dca1f41fae01d\",\"name\":\"mru_01\",\"image\":{\"@type\":\"ImageObject\",\"inLanguage\":\"fr-FR\",\"@id\":\"https:\\\/\\\/secure.gravatar.com\\\/avatar\\\/3a0be343b445d2ccc79e87444a294fad2b232e90d2051d0e3cc219e1ecd6a330?s=96&d=mm&r=g\",\"url\":\"https:\\\/\\\/secure.gravatar.com\\\/avatar\\\/3a0be343b445d2ccc79e87444a294fad2b232e90d2051d0e3cc219e1ecd6a330?s=96&d=mm&r=g\",\"contentUrl\":\"https:\\\/\\\/secure.gravatar.com\\\/avatar\\\/3a0be343b445d2ccc79e87444a294fad2b232e90d2051d0e3cc219e1ecd6a330?s=96&d=mm&r=g\",\"caption\":\"mru_01\"},\"url\":\"https:\\\/\\\/ismfrance.org\\\/index.php\\\/author\\\/admin02\\\/\"}]}<\/script>\n<!-- \/ Yoast SEO plugin. -->","yoast_head_json":{"title":"Euro-Med Monitor r\u00e9v\u00e8le les d\u00e9tails de l\u2019ex\u00e9cution par l\u2019arm\u00e9e isra\u00e9lienne d\u2019un couple palestinien \u00e2g\u00e9 apr\u00e8s les avoir utilis\u00e9s comme boucliers humains - International Solidarity Movement - ISM-France","robots":{"index":"index","follow":"follow","max-snippet":"max-snippet:-1","max-image-preview":"max-image-preview:large","max-video-preview":"max-video-preview:-1"},"canonical":"https:\/\/ismfrance.org\/index.php\/2025\/02\/22\/euro-med-monitor-revele-les-details-de-lexecution-par-larmee-israelienne-dun-couple-palestinien-age-apres-les-avoir-utilises-comme-boucliers-humains\/","og_locale":"fr_FR","og_type":"article","og_title":"Euro-Med Monitor r\u00e9v\u00e8le les d\u00e9tails de l\u2019ex\u00e9cution par l\u2019arm\u00e9e isra\u00e9lienne d\u2019un couple palestinien \u00e2g\u00e9 apr\u00e8s les avoir utilis\u00e9s comme boucliers humains - International Solidarity Movement - ISM-France","og_description":"Euro-Med Monitor, 20 f\u00e9vrier 2025. \u2013 Les forces isra\u00e9liennes ont brutalement tu\u00e9 deux Palestiniens \u00e2g\u00e9s apr\u00e8s les avoir utilis\u00e9s comme boucliers humains lors d\u2019une invasion du quartier d\u2019Al-Zaytoun, au sud Lire la suite &rarr;","og_url":"https:\/\/ismfrance.org\/index.php\/2025\/02\/22\/euro-med-monitor-revele-les-details-de-lexecution-par-larmee-israelienne-dun-couple-palestinien-age-apres-les-avoir-utilises-comme-boucliers-humains\/","og_site_name":"International Solidarity Movement - ISM-France","article_published_time":"2025-02-22T09:48:14+00:00","og_image":[{"width":575,"height":299,"url":"https:\/\/ismfrance.org\/wp-content\/uploads\/2025\/02\/boucliers-humains.png","type":"image\/png"}],"author":"mru_01","twitter_card":"summary_large_image","twitter_creator":"@ISMFRANCE","twitter_site":"@ISMFRANCE","twitter_misc":{"\u00c9crit par":"mru_01","Dur\u00e9e de lecture estim\u00e9e":"6 minutes"},"schema":{"@context":"https:\/\/schema.org","@graph":[{"@type":"Article","@id":"https:\/\/ismfrance.org\/index.php\/2025\/02\/22\/euro-med-monitor-revele-les-details-de-lexecution-par-larmee-israelienne-dun-couple-palestinien-age-apres-les-avoir-utilises-comme-boucliers-humains\/#article","isPartOf":{"@id":"https:\/\/ismfrance.org\/index.php\/2025\/02\/22\/euro-med-monitor-revele-les-details-de-lexecution-par-larmee-israelienne-dun-couple-palestinien-age-apres-les-avoir-utilises-comme-boucliers-humains\/"},"author":{"name":"mru_01","@id":"https:\/\/ismfrance.org\/#\/schema\/person\/3c411eb72adfaae19c0dca1f41fae01d"},"headline":"Euro-Med Monitor r\u00e9v\u00e8le les d\u00e9tails de l\u2019ex\u00e9cution par l\u2019arm\u00e9e isra\u00e9lienne d\u2019un couple palestinien \u00e2g\u00e9 apr\u00e8s les avoir utilis\u00e9s comme boucliers humains","datePublished":"2025-02-22T09:48:14+00:00","mainEntityOfPage":{"@id":"https:\/\/ismfrance.org\/index.php\/2025\/02\/22\/euro-med-monitor-revele-les-details-de-lexecution-par-larmee-israelienne-dun-couple-palestinien-age-apres-les-avoir-utilises-comme-boucliers-humains\/"},"wordCount":1306,"publisher":{"@id":"https:\/\/ismfrance.org\/#organization"},"image":{"@id":"https:\/\/ismfrance.org\/index.php\/2025\/02\/22\/euro-med-monitor-revele-les-details-de-lexecution-par-larmee-israelienne-dun-couple-palestinien-age-apres-les-avoir-utilises-comme-boucliers-humains\/#primaryimage"},"thumbnailUrl":"https:\/\/ismfrance.org\/wp-content\/uploads\/2025\/02\/boucliers-humains.png","keywords":["Crimes de guerre","G\u00e9nocide"],"articleSection":["Articles","T\u00e9moignages"],"inLanguage":"fr-FR"},{"@type":"WebPage","@id":"https:\/\/ismfrance.org\/index.php\/2025\/02\/22\/euro-med-monitor-revele-les-details-de-lexecution-par-larmee-israelienne-dun-couple-palestinien-age-apres-les-avoir-utilises-comme-boucliers-humains\/","url":"https:\/\/ismfrance.org\/index.php\/2025\/02\/22\/euro-med-monitor-revele-les-details-de-lexecution-par-larmee-israelienne-dun-couple-palestinien-age-apres-les-avoir-utilises-comme-boucliers-humains\/","name":"Euro-Med Monitor r\u00e9v\u00e8le les d\u00e9tails de l\u2019ex\u00e9cution par l\u2019arm\u00e9e isra\u00e9lienne d\u2019un couple palestinien \u00e2g\u00e9 apr\u00e8s les avoir utilis\u00e9s comme boucliers humains - International Solidarity Movement - ISM-France","isPartOf":{"@id":"https:\/\/ismfrance.org\/#website"},"primaryImageOfPage":{"@id":"https:\/\/ismfrance.org\/index.php\/2025\/02\/22\/euro-med-monitor-revele-les-details-de-lexecution-par-larmee-israelienne-dun-couple-palestinien-age-apres-les-avoir-utilises-comme-boucliers-humains\/#primaryimage"},"image":{"@id":"https:\/\/ismfrance.org\/index.php\/2025\/02\/22\/euro-med-monitor-revele-les-details-de-lexecution-par-larmee-israelienne-dun-couple-palestinien-age-apres-les-avoir-utilises-comme-boucliers-humains\/#primaryimage"},"thumbnailUrl":"https:\/\/ismfrance.org\/wp-content\/uploads\/2025\/02\/boucliers-humains.png","datePublished":"2025-02-22T09:48:14+00:00","breadcrumb":{"@id":"https:\/\/ismfrance.org\/index.php\/2025\/02\/22\/euro-med-monitor-revele-les-details-de-lexecution-par-larmee-israelienne-dun-couple-palestinien-age-apres-les-avoir-utilises-comme-boucliers-humains\/#breadcrumb"},"inLanguage":"fr-FR","potentialAction":[{"@type":"ReadAction","target":["https:\/\/ismfrance.org\/index.php\/2025\/02\/22\/euro-med-monitor-revele-les-details-de-lexecution-par-larmee-israelienne-dun-couple-palestinien-age-apres-les-avoir-utilises-comme-boucliers-humains\/"]}]},{"@type":"ImageObject","inLanguage":"fr-FR","@id":"https:\/\/ismfrance.org\/index.php\/2025\/02\/22\/euro-med-monitor-revele-les-details-de-lexecution-par-larmee-israelienne-dun-couple-palestinien-age-apres-les-avoir-utilises-comme-boucliers-humains\/#primaryimage","url":"https:\/\/ismfrance.org\/wp-content\/uploads\/2025\/02\/boucliers-humains.png","contentUrl":"https:\/\/ismfrance.org\/wp-content\/uploads\/2025\/02\/boucliers-humains.png","width":575,"height":299},{"@type":"BreadcrumbList","@id":"https:\/\/ismfrance.org\/index.php\/2025\/02\/22\/euro-med-monitor-revele-les-details-de-lexecution-par-larmee-israelienne-dun-couple-palestinien-age-apres-les-avoir-utilises-comme-boucliers-humains\/#breadcrumb","itemListElement":[{"@type":"ListItem","position":1,"name":"Accueil","item":"https:\/\/ismfrance.org\/"},{"@type":"ListItem","position":2,"name":"Euro-Med Monitor r\u00e9v\u00e8le les d\u00e9tails de l\u2019ex\u00e9cution par l\u2019arm\u00e9e isra\u00e9lienne d\u2019un couple palestinien \u00e2g\u00e9 apr\u00e8s les avoir utilis\u00e9s comme boucliers humains"}]},{"@type":"WebSite","@id":"https:\/\/ismfrance.org\/#website","url":"https:\/\/ismfrance.org\/","name":"ISM Palestine France","description":"Soutien aux luttes de lib\u00e9ration du peuple palestinien","publisher":{"@id":"https:\/\/ismfrance.org\/#organization"},"potentialAction":[{"@type":"SearchAction","target":{"@type":"EntryPoint","urlTemplate":"https:\/\/ismfrance.org\/?s={search_term_string}"},"query-input":{"@type":"PropertyValueSpecification","valueRequired":true,"valueName":"search_term_string"}}],"inLanguage":"fr-FR"},{"@type":"Organization","@id":"https:\/\/ismfrance.org\/#organization","name":"International Solidarity Movement","url":"https:\/\/ismfrance.org\/","logo":{"@type":"ImageObject","inLanguage":"fr-FR","@id":"https:\/\/ismfrance.org\/#\/schema\/logo\/image\/","url":"https:\/\/ismfrance.org\/wp-content\/uploads\/2020\/12\/00.png","contentUrl":"https:\/\/ismfrance.org\/wp-content\/uploads\/2020\/12\/00.png","width":400,"height":400,"caption":"International Solidarity Movement"},"image":{"@id":"https:\/\/ismfrance.org\/#\/schema\/logo\/image\/"},"sameAs":["https:\/\/x.com\/ISMFRANCE"]},{"@type":"Person","@id":"https:\/\/ismfrance.org\/#\/schema\/person\/3c411eb72adfaae19c0dca1f41fae01d","name":"mru_01","image":{"@type":"ImageObject","inLanguage":"fr-FR","@id":"https:\/\/secure.gravatar.com\/avatar\/3a0be343b445d2ccc79e87444a294fad2b232e90d2051d0e3cc219e1ecd6a330?s=96&d=mm&r=g","url":"https:\/\/secure.gravatar.com\/avatar\/3a0be343b445d2ccc79e87444a294fad2b232e90d2051d0e3cc219e1ecd6a330?s=96&d=mm&r=g","contentUrl":"https:\/\/secure.gravatar.com\/avatar\/3a0be343b445d2ccc79e87444a294fad2b232e90d2051d0e3cc219e1ecd6a330?s=96&d=mm&r=g","caption":"mru_01"},"url":"https:\/\/ismfrance.org\/index.php\/author\/admin02\/"}]}},"_links":{"self":[{"href":"https:\/\/ismfrance.org\/index.php\/wp-json\/wp\/v2\/posts\/18614","targetHints":{"allow":["GET"]}}],"collection":[{"href":"https:\/\/ismfrance.org\/index.php\/wp-json\/wp\/v2\/posts"}],"about":[{"href":"https:\/\/ismfrance.org\/index.php\/wp-json\/wp\/v2\/types\/post"}],"author":[{"embeddable":true,"href":"https:\/\/ismfrance.org\/index.php\/wp-json\/wp\/v2\/users\/3"}],"replies":[{"embeddable":true,"href":"https:\/\/ismfrance.org\/index.php\/wp-json\/wp\/v2\/comments?post=18614"}],"version-history":[{"count":0,"href":"https:\/\/ismfrance.org\/index.php\/wp-json\/wp\/v2\/posts\/18614\/revisions"}],"wp:featuredmedia":[{"embeddable":true,"href":"https:\/\/ismfrance.org\/index.php\/wp-json\/wp\/v2\/media\/18617"}],"wp:attachment":[{"href":"https:\/\/ismfrance.org\/index.php\/wp-json\/wp\/v2\/media?parent=18614"}],"wp:term":[{"taxonomy":"category","embeddable":true,"href":"https:\/\/ismfrance.org\/index.php\/wp-json\/wp\/v2\/categories?post=18614"},{"taxonomy":"post_tag","embeddable":true,"href":"https:\/\/ismfrance.org\/index.php\/wp-json\/wp\/v2\/tags?post=18614"}],"curies":[{"name":"wp","href":"https:\/\/api.w.org\/{rel}","templated":true}]}}