{"id":18577,"date":"2025-02-21T09:18:30","date_gmt":"2025-02-21T08:18:30","guid":{"rendered":"https:\/\/ismfrance.org\/?p=18577"},"modified":"2025-02-21T09:20:40","modified_gmt":"2025-02-21T08:20:40","slug":"guerre-psychologique-et-menace-de-mort-les-derniers-tracts-largues-par-israel-sur-gaza","status":"publish","type":"post","link":"https:\/\/ismfrance.org\/index.php\/2025\/02\/21\/guerre-psychologique-et-menace-de-mort-les-derniers-tracts-largues-par-israel-sur-gaza\/","title":{"rendered":"Guerre psychologique et menaces de mort &#8211; les derniers tracts largu\u00e9s par Isra\u00ebl sur Gaza"},"content":{"rendered":"<p><span style=\"color: #000000;\"><span style=\"font-family: Tahoma, sans-serif;\"><span style=\"font-size: medium;\">20 f\u00e9vrier 2025. Le Shin Bet isra\u00e9lien a largu\u00e9 des tracts sur des quartiers r\u00e9sidentiels de la bande de Gaza. Il s\u2019agit d\u2019une guerre psychologique et d\u2019une menace de tuer et de d\u00e9placer tous les habitants de la bande de Gaza.<\/span><\/span><\/span><\/p>\n<p><a href=\"https:\/\/ismfrance.org\/wp-content\/uploads\/2025\/02\/leaflets.jpeg\"><img loading=\"lazy\" decoding=\"async\" class=\"alignnone size-large wp-image-18579\" src=\"https:\/\/ismfrance.org\/wp-content\/uploads\/2025\/02\/leaflets-543x700.jpeg\" alt=\"\" width=\"543\" height=\"700\" srcset=\"https:\/\/ismfrance.org\/wp-content\/uploads\/2025\/02\/leaflets-543x700.jpeg 543w, https:\/\/ismfrance.org\/wp-content\/uploads\/2025\/02\/leaflets-233x300.jpeg 233w, https:\/\/ismfrance.org\/wp-content\/uploads\/2025\/02\/leaflets-768x991.jpeg 768w, https:\/\/ismfrance.org\/wp-content\/uploads\/2025\/02\/leaflets.jpeg 992w\" sizes=\"auto, (max-width: 543px) 100vw, 543px\" \/><\/a><\/p>\n<p><span style=\"color: #000000;\"><span style=\"font-family: Tahoma, sans-serif;\"><span style=\"font-size: medium;\">\u00ab Au peuple honorable de Gaza, Apr\u00e8s les r\u00e9cents \u00e9v\u00e9nements, le cessez-le-feu temporaire et avant la mise en \u0153uvre du plan obligatoire de Trump, qui forcera votre d\u00e9placement que vous l&rsquo;acceptiez ou non, nous avons d\u00e9cid\u00e9 de lancer un dernier appel. <\/span><\/span><\/span><\/p>\n<p><span style=\"color: #000000;\"><span style=\"font-family: Tahoma, sans-serif;\"><span style=\"font-size: medium;\">Pour ceux qui d\u00e9sirent notre aide et, en retour, acceptent de nous aider, nous n\u2019h\u00e9siterons pas un instant \u00e0 apporter notre aide. <\/span><\/span><\/span><\/p>\n<p><span style=\"color: #000000;\"><span style=\"font-family: Tahoma, sans-serif;\"><span style=\"font-size: medium;\">R\u00e9fl\u00e9chissez \u00e0 vos choix : la carte du monde ne changera pas si Gaza cesse d\u2019exister. Personne ne se sentira concern\u00e9 et personne ne vous demandera de vos nouvelles. Vous \u00eates laiss\u00e9 seuls face \u00e0 votre destin in\u00e9vitable. L\u2019Iran ne peut m\u00eame pas se prot\u00e9ger lui-m\u00eame, et encore moins vous prot\u00e9ger, et vous avez vu de vos propres yeux ce qui se passe. Ni l\u2019Am\u00e9rique ni l\u2019Europe ne se soucient de Gaza, pas plus que vos pays arabes, qui sont d\u00e9sormais nos alli\u00e9s, nous fournissent de l\u2019argent, du p\u00e9trole et des armes, alors qu\u2019ils ne vous envoient que des linceuls. Il reste peu de temps, le jeu est presque termin\u00e9.<\/span><\/span><\/span><\/p>\n<p><span style=\"color: #000000;\"><span style=\"font-family: Tahoma, sans-serif;\"><span style=\"font-size: medium;\">Quiconque veut se sauver avant qu\u2019il ne soit trop tard, nous sommes l\u00e0, et nous resterons ici jusqu\u2019au Jour du Jugement.<\/span><\/span><\/span><span style=\"color: #000000;\">\u00a0<span style=\"font-family: Tahoma, sans-serif;\"><span style=\"font-size: medium;\">\u00bb<\/span><\/span><\/span><\/p>\n","protected":false},"excerpt":{"rendered":"<p>20 f\u00e9vrier 2025. Le Shin Bet isra\u00e9lien a largu\u00e9 des tracts sur des quartiers r\u00e9sidentiels de la bande de Gaza. Il s\u2019agit d\u2019une guerre psychologique et d\u2019une menace de tuer <a class=\"more-link\" href=\"https:\/\/ismfrance.org\/index.php\/2025\/02\/21\/guerre-psychologique-et-menace-de-mort-les-derniers-tracts-largues-par-israel-sur-gaza\/\">Lire la suite &rarr;<\/a><\/p>\n","protected":false},"author":3,"featured_media":18579,"comment_status":"closed","ping_status":"closed","sticky":false,"template":"","format":"standard","meta":{"footnotes":""},"categories":[2,14],"tags":[65],"class_list":["post-18577","post","type-post","status-publish","format-standard","has-post-thumbnail","hentry","category-articles","category-communiques","tag-armement-israelien"],"yoast_head":"<!-- This site is optimized with the Yoast SEO plugin v27.2 - https:\/\/yoast.com\/product\/yoast-seo-wordpress\/ -->\n<title>Guerre psychologique et menaces de mort - les derniers tracts largu\u00e9s par Isra\u00ebl sur Gaza - International Solidarity Movement - ISM-France<\/title>\n<meta name=\"robots\" content=\"index, follow, max-snippet:-1, max-image-preview:large, max-video-preview:-1\" \/>\n<link rel=\"canonical\" href=\"https:\/\/ismfrance.org\/index.php\/2025\/02\/21\/guerre-psychologique-et-menace-de-mort-les-derniers-tracts-largues-par-israel-sur-gaza\/\" \/>\n<meta property=\"og:locale\" content=\"fr_FR\" \/>\n<meta property=\"og:type\" content=\"article\" \/>\n<meta property=\"og:title\" content=\"Guerre psychologique et menaces de mort - les derniers tracts largu\u00e9s par Isra\u00ebl sur Gaza - International Solidarity Movement - ISM-France\" \/>\n<meta property=\"og:description\" content=\"20 f\u00e9vrier 2025. Le Shin Bet isra\u00e9lien a largu\u00e9 des tracts sur des quartiers r\u00e9sidentiels de la bande de Gaza. Il s\u2019agit d\u2019une guerre psychologique et d\u2019une menace de tuer Lire la suite &rarr;\" \/>\n<meta property=\"og:url\" content=\"https:\/\/ismfrance.org\/index.php\/2025\/02\/21\/guerre-psychologique-et-menace-de-mort-les-derniers-tracts-largues-par-israel-sur-gaza\/\" \/>\n<meta property=\"og:site_name\" content=\"International Solidarity Movement - ISM-France\" \/>\n<meta property=\"article:published_time\" content=\"2025-02-21T08:18:30+00:00\" \/>\n<meta property=\"article:modified_time\" content=\"2025-02-21T08:20:40+00:00\" \/>\n<meta property=\"og:image\" content=\"https:\/\/ismfrance.org\/wp-content\/uploads\/2025\/02\/leaflets.jpeg\" \/>\n\t<meta property=\"og:image:width\" content=\"992\" \/>\n\t<meta property=\"og:image:height\" content=\"1280\" \/>\n\t<meta property=\"og:image:type\" content=\"image\/jpeg\" \/>\n<meta name=\"author\" content=\"mru_01\" \/>\n<meta name=\"twitter:card\" content=\"summary_large_image\" \/>\n<meta name=\"twitter:creator\" content=\"@ISMFRANCE\" \/>\n<meta name=\"twitter:site\" content=\"@ISMFRANCE\" \/>\n<meta name=\"twitter:label1\" content=\"\u00c9crit par\" \/>\n\t<meta name=\"twitter:data1\" content=\"mru_01\" \/>\n\t<meta name=\"twitter:label2\" content=\"Dur\u00e9e de lecture estim\u00e9e\" \/>\n\t<meta name=\"twitter:data2\" content=\"2 minutes\" \/>\n<script type=\"application\/ld+json\" class=\"yoast-schema-graph\">{\"@context\":\"https:\/\/schema.org\",\"@graph\":[{\"@type\":\"Article\",\"@id\":\"https:\/\/ismfrance.org\/index.php\/2025\/02\/21\/guerre-psychologique-et-menace-de-mort-les-derniers-tracts-largues-par-israel-sur-gaza\/#article\",\"isPartOf\":{\"@id\":\"https:\/\/ismfrance.org\/index.php\/2025\/02\/21\/guerre-psychologique-et-menace-de-mort-les-derniers-tracts-largues-par-israel-sur-gaza\/\"},\"author\":{\"name\":\"mru_01\",\"@id\":\"https:\/\/ismfrance.org\/#\/schema\/person\/3c411eb72adfaae19c0dca1f41fae01d\"},\"headline\":\"Guerre psychologique et menaces de mort &#8211; les derniers tracts largu\u00e9s par Isra\u00ebl sur Gaza\",\"datePublished\":\"2025-02-21T08:18:30+00:00\",\"dateModified\":\"2025-02-21T08:20:40+00:00\",\"mainEntityOfPage\":{\"@id\":\"https:\/\/ismfrance.org\/index.php\/2025\/02\/21\/guerre-psychologique-et-menace-de-mort-les-derniers-tracts-largues-par-israel-sur-gaza\/\"},\"wordCount\":280,\"publisher\":{\"@id\":\"https:\/\/ismfrance.org\/#organization\"},\"image\":{\"@id\":\"https:\/\/ismfrance.org\/index.php\/2025\/02\/21\/guerre-psychologique-et-menace-de-mort-les-derniers-tracts-largues-par-israel-sur-gaza\/#primaryimage\"},\"thumbnailUrl\":\"https:\/\/ismfrance.org\/wp-content\/uploads\/2025\/02\/leaflets.jpeg\",\"keywords\":[\"armement isra\u00e9lien\"],\"articleSection\":[\"Articles\",\"Communiqu\u00e9s\"],\"inLanguage\":\"fr-FR\"},{\"@type\":\"WebPage\",\"@id\":\"https:\/\/ismfrance.org\/index.php\/2025\/02\/21\/guerre-psychologique-et-menace-de-mort-les-derniers-tracts-largues-par-israel-sur-gaza\/\",\"url\":\"https:\/\/ismfrance.org\/index.php\/2025\/02\/21\/guerre-psychologique-et-menace-de-mort-les-derniers-tracts-largues-par-israel-sur-gaza\/\",\"name\":\"Guerre psychologique et menaces de mort - les derniers tracts largu\u00e9s par Isra\u00ebl sur Gaza - International Solidarity Movement - ISM-France\",\"isPartOf\":{\"@id\":\"https:\/\/ismfrance.org\/#website\"},\"primaryImageOfPage\":{\"@id\":\"https:\/\/ismfrance.org\/index.php\/2025\/02\/21\/guerre-psychologique-et-menace-de-mort-les-derniers-tracts-largues-par-israel-sur-gaza\/#primaryimage\"},\"image\":{\"@id\":\"https:\/\/ismfrance.org\/index.php\/2025\/02\/21\/guerre-psychologique-et-menace-de-mort-les-derniers-tracts-largues-par-israel-sur-gaza\/#primaryimage\"},\"thumbnailUrl\":\"https:\/\/ismfrance.org\/wp-content\/uploads\/2025\/02\/leaflets.jpeg\",\"datePublished\":\"2025-02-21T08:18:30+00:00\",\"dateModified\":\"2025-02-21T08:20:40+00:00\",\"breadcrumb\":{\"@id\":\"https:\/\/ismfrance.org\/index.php\/2025\/02\/21\/guerre-psychologique-et-menace-de-mort-les-derniers-tracts-largues-par-israel-sur-gaza\/#breadcrumb\"},\"inLanguage\":\"fr-FR\",\"potentialAction\":[{\"@type\":\"ReadAction\",\"target\":[\"https:\/\/ismfrance.org\/index.php\/2025\/02\/21\/guerre-psychologique-et-menace-de-mort-les-derniers-tracts-largues-par-israel-sur-gaza\/\"]}]},{\"@type\":\"ImageObject\",\"inLanguage\":\"fr-FR\",\"@id\":\"https:\/\/ismfrance.org\/index.php\/2025\/02\/21\/guerre-psychologique-et-menace-de-mort-les-derniers-tracts-largues-par-israel-sur-gaza\/#primaryimage\",\"url\":\"https:\/\/ismfrance.org\/wp-content\/uploads\/2025\/02\/leaflets.jpeg\",\"contentUrl\":\"https:\/\/ismfrance.org\/wp-content\/uploads\/2025\/02\/leaflets.jpeg\",\"width\":992,\"height\":1280},{\"@type\":\"BreadcrumbList\",\"@id\":\"https:\/\/ismfrance.org\/index.php\/2025\/02\/21\/guerre-psychologique-et-menace-de-mort-les-derniers-tracts-largues-par-israel-sur-gaza\/#breadcrumb\",\"itemListElement\":[{\"@type\":\"ListItem\",\"position\":1,\"name\":\"Accueil\",\"item\":\"https:\/\/ismfrance.org\/\"},{\"@type\":\"ListItem\",\"position\":2,\"name\":\"Guerre psychologique et menaces de mort &#8211; les derniers tracts largu\u00e9s par Isra\u00ebl sur Gaza\"}]},{\"@type\":\"WebSite\",\"@id\":\"https:\/\/ismfrance.org\/#website\",\"url\":\"https:\/\/ismfrance.org\/\",\"name\":\"ISM Palestine France\",\"description\":\"Soutien aux luttes de lib\u00e9ration du peuple palestinien\",\"publisher\":{\"@id\":\"https:\/\/ismfrance.org\/#organization\"},\"potentialAction\":[{\"@type\":\"SearchAction\",\"target\":{\"@type\":\"EntryPoint\",\"urlTemplate\":\"https:\/\/ismfrance.org\/?s={search_term_string}\"},\"query-input\":{\"@type\":\"PropertyValueSpecification\",\"valueRequired\":true,\"valueName\":\"search_term_string\"}}],\"inLanguage\":\"fr-FR\"},{\"@type\":\"Organization\",\"@id\":\"https:\/\/ismfrance.org\/#organization\",\"name\":\"International Solidarity Movement\",\"url\":\"https:\/\/ismfrance.org\/\",\"logo\":{\"@type\":\"ImageObject\",\"inLanguage\":\"fr-FR\",\"@id\":\"https:\/\/ismfrance.org\/#\/schema\/logo\/image\/\",\"url\":\"https:\/\/ismfrance.org\/wp-content\/uploads\/2020\/12\/00.png\",\"contentUrl\":\"https:\/\/ismfrance.org\/wp-content\/uploads\/2020\/12\/00.png\",\"width\":400,\"height\":400,\"caption\":\"International Solidarity Movement\"},\"image\":{\"@id\":\"https:\/\/ismfrance.org\/#\/schema\/logo\/image\/\"},\"sameAs\":[\"https:\/\/x.com\/ISMFRANCE\"]},{\"@type\":\"Person\",\"@id\":\"https:\/\/ismfrance.org\/#\/schema\/person\/3c411eb72adfaae19c0dca1f41fae01d\",\"name\":\"mru_01\",\"image\":{\"@type\":\"ImageObject\",\"inLanguage\":\"fr-FR\",\"@id\":\"https:\/\/secure.gravatar.com\/avatar\/3a0be343b445d2ccc79e87444a294fad2b232e90d2051d0e3cc219e1ecd6a330?s=96&d=mm&r=g\",\"url\":\"https:\/\/secure.gravatar.com\/avatar\/3a0be343b445d2ccc79e87444a294fad2b232e90d2051d0e3cc219e1ecd6a330?s=96&d=mm&r=g\",\"contentUrl\":\"https:\/\/secure.gravatar.com\/avatar\/3a0be343b445d2ccc79e87444a294fad2b232e90d2051d0e3cc219e1ecd6a330?s=96&d=mm&r=g\",\"caption\":\"mru_01\"},\"url\":\"https:\/\/ismfrance.org\/index.php\/author\/admin02\/\"}]}<\/script>\n<!-- \/ Yoast SEO plugin. -->","yoast_head_json":{"title":"Guerre psychologique et menaces de mort - les derniers tracts largu\u00e9s par Isra\u00ebl sur Gaza - International Solidarity Movement - ISM-France","robots":{"index":"index","follow":"follow","max-snippet":"max-snippet:-1","max-image-preview":"max-image-preview:large","max-video-preview":"max-video-preview:-1"},"canonical":"https:\/\/ismfrance.org\/index.php\/2025\/02\/21\/guerre-psychologique-et-menace-de-mort-les-derniers-tracts-largues-par-israel-sur-gaza\/","og_locale":"fr_FR","og_type":"article","og_title":"Guerre psychologique et menaces de mort - les derniers tracts largu\u00e9s par Isra\u00ebl sur Gaza - International Solidarity Movement - ISM-France","og_description":"20 f\u00e9vrier 2025. Le Shin Bet isra\u00e9lien a largu\u00e9 des tracts sur des quartiers r\u00e9sidentiels de la bande de Gaza. Il s\u2019agit d\u2019une guerre psychologique et d\u2019une menace de tuer Lire la suite &rarr;","og_url":"https:\/\/ismfrance.org\/index.php\/2025\/02\/21\/guerre-psychologique-et-menace-de-mort-les-derniers-tracts-largues-par-israel-sur-gaza\/","og_site_name":"International Solidarity Movement - ISM-France","article_published_time":"2025-02-21T08:18:30+00:00","article_modified_time":"2025-02-21T08:20:40+00:00","og_image":[{"width":992,"height":1280,"url":"https:\/\/ismfrance.org\/wp-content\/uploads\/2025\/02\/leaflets.jpeg","type":"image\/jpeg"}],"author":"mru_01","twitter_card":"summary_large_image","twitter_creator":"@ISMFRANCE","twitter_site":"@ISMFRANCE","twitter_misc":{"\u00c9crit par":"mru_01","Dur\u00e9e de lecture estim\u00e9e":"2 minutes"},"schema":{"@context":"https:\/\/schema.org","@graph":[{"@type":"Article","@id":"https:\/\/ismfrance.org\/index.php\/2025\/02\/21\/guerre-psychologique-et-menace-de-mort-les-derniers-tracts-largues-par-israel-sur-gaza\/#article","isPartOf":{"@id":"https:\/\/ismfrance.org\/index.php\/2025\/02\/21\/guerre-psychologique-et-menace-de-mort-les-derniers-tracts-largues-par-israel-sur-gaza\/"},"author":{"name":"mru_01","@id":"https:\/\/ismfrance.org\/#\/schema\/person\/3c411eb72adfaae19c0dca1f41fae01d"},"headline":"Guerre psychologique et menaces de mort &#8211; les derniers tracts largu\u00e9s par Isra\u00ebl sur Gaza","datePublished":"2025-02-21T08:18:30+00:00","dateModified":"2025-02-21T08:20:40+00:00","mainEntityOfPage":{"@id":"https:\/\/ismfrance.org\/index.php\/2025\/02\/21\/guerre-psychologique-et-menace-de-mort-les-derniers-tracts-largues-par-israel-sur-gaza\/"},"wordCount":280,"publisher":{"@id":"https:\/\/ismfrance.org\/#organization"},"image":{"@id":"https:\/\/ismfrance.org\/index.php\/2025\/02\/21\/guerre-psychologique-et-menace-de-mort-les-derniers-tracts-largues-par-israel-sur-gaza\/#primaryimage"},"thumbnailUrl":"https:\/\/ismfrance.org\/wp-content\/uploads\/2025\/02\/leaflets.jpeg","keywords":["armement isra\u00e9lien"],"articleSection":["Articles","Communiqu\u00e9s"],"inLanguage":"fr-FR"},{"@type":"WebPage","@id":"https:\/\/ismfrance.org\/index.php\/2025\/02\/21\/guerre-psychologique-et-menace-de-mort-les-derniers-tracts-largues-par-israel-sur-gaza\/","url":"https:\/\/ismfrance.org\/index.php\/2025\/02\/21\/guerre-psychologique-et-menace-de-mort-les-derniers-tracts-largues-par-israel-sur-gaza\/","name":"Guerre psychologique et menaces de mort - les derniers tracts largu\u00e9s par Isra\u00ebl sur Gaza - International Solidarity Movement - ISM-France","isPartOf":{"@id":"https:\/\/ismfrance.org\/#website"},"primaryImageOfPage":{"@id":"https:\/\/ismfrance.org\/index.php\/2025\/02\/21\/guerre-psychologique-et-menace-de-mort-les-derniers-tracts-largues-par-israel-sur-gaza\/#primaryimage"},"image":{"@id":"https:\/\/ismfrance.org\/index.php\/2025\/02\/21\/guerre-psychologique-et-menace-de-mort-les-derniers-tracts-largues-par-israel-sur-gaza\/#primaryimage"},"thumbnailUrl":"https:\/\/ismfrance.org\/wp-content\/uploads\/2025\/02\/leaflets.jpeg","datePublished":"2025-02-21T08:18:30+00:00","dateModified":"2025-02-21T08:20:40+00:00","breadcrumb":{"@id":"https:\/\/ismfrance.org\/index.php\/2025\/02\/21\/guerre-psychologique-et-menace-de-mort-les-derniers-tracts-largues-par-israel-sur-gaza\/#breadcrumb"},"inLanguage":"fr-FR","potentialAction":[{"@type":"ReadAction","target":["https:\/\/ismfrance.org\/index.php\/2025\/02\/21\/guerre-psychologique-et-menace-de-mort-les-derniers-tracts-largues-par-israel-sur-gaza\/"]}]},{"@type":"ImageObject","inLanguage":"fr-FR","@id":"https:\/\/ismfrance.org\/index.php\/2025\/02\/21\/guerre-psychologique-et-menace-de-mort-les-derniers-tracts-largues-par-israel-sur-gaza\/#primaryimage","url":"https:\/\/ismfrance.org\/wp-content\/uploads\/2025\/02\/leaflets.jpeg","contentUrl":"https:\/\/ismfrance.org\/wp-content\/uploads\/2025\/02\/leaflets.jpeg","width":992,"height":1280},{"@type":"BreadcrumbList","@id":"https:\/\/ismfrance.org\/index.php\/2025\/02\/21\/guerre-psychologique-et-menace-de-mort-les-derniers-tracts-largues-par-israel-sur-gaza\/#breadcrumb","itemListElement":[{"@type":"ListItem","position":1,"name":"Accueil","item":"https:\/\/ismfrance.org\/"},{"@type":"ListItem","position":2,"name":"Guerre psychologique et menaces de mort &#8211; les derniers tracts largu\u00e9s par Isra\u00ebl sur Gaza"}]},{"@type":"WebSite","@id":"https:\/\/ismfrance.org\/#website","url":"https:\/\/ismfrance.org\/","name":"ISM Palestine France","description":"Soutien aux luttes de lib\u00e9ration du peuple palestinien","publisher":{"@id":"https:\/\/ismfrance.org\/#organization"},"potentialAction":[{"@type":"SearchAction","target":{"@type":"EntryPoint","urlTemplate":"https:\/\/ismfrance.org\/?s={search_term_string}"},"query-input":{"@type":"PropertyValueSpecification","valueRequired":true,"valueName":"search_term_string"}}],"inLanguage":"fr-FR"},{"@type":"Organization","@id":"https:\/\/ismfrance.org\/#organization","name":"International Solidarity Movement","url":"https:\/\/ismfrance.org\/","logo":{"@type":"ImageObject","inLanguage":"fr-FR","@id":"https:\/\/ismfrance.org\/#\/schema\/logo\/image\/","url":"https:\/\/ismfrance.org\/wp-content\/uploads\/2020\/12\/00.png","contentUrl":"https:\/\/ismfrance.org\/wp-content\/uploads\/2020\/12\/00.png","width":400,"height":400,"caption":"International Solidarity Movement"},"image":{"@id":"https:\/\/ismfrance.org\/#\/schema\/logo\/image\/"},"sameAs":["https:\/\/x.com\/ISMFRANCE"]},{"@type":"Person","@id":"https:\/\/ismfrance.org\/#\/schema\/person\/3c411eb72adfaae19c0dca1f41fae01d","name":"mru_01","image":{"@type":"ImageObject","inLanguage":"fr-FR","@id":"https:\/\/secure.gravatar.com\/avatar\/3a0be343b445d2ccc79e87444a294fad2b232e90d2051d0e3cc219e1ecd6a330?s=96&d=mm&r=g","url":"https:\/\/secure.gravatar.com\/avatar\/3a0be343b445d2ccc79e87444a294fad2b232e90d2051d0e3cc219e1ecd6a330?s=96&d=mm&r=g","contentUrl":"https:\/\/secure.gravatar.com\/avatar\/3a0be343b445d2ccc79e87444a294fad2b232e90d2051d0e3cc219e1ecd6a330?s=96&d=mm&r=g","caption":"mru_01"},"url":"https:\/\/ismfrance.org\/index.php\/author\/admin02\/"}]}},"_links":{"self":[{"href":"https:\/\/ismfrance.org\/index.php\/wp-json\/wp\/v2\/posts\/18577","targetHints":{"allow":["GET"]}}],"collection":[{"href":"https:\/\/ismfrance.org\/index.php\/wp-json\/wp\/v2\/posts"}],"about":[{"href":"https:\/\/ismfrance.org\/index.php\/wp-json\/wp\/v2\/types\/post"}],"author":[{"embeddable":true,"href":"https:\/\/ismfrance.org\/index.php\/wp-json\/wp\/v2\/users\/3"}],"replies":[{"embeddable":true,"href":"https:\/\/ismfrance.org\/index.php\/wp-json\/wp\/v2\/comments?post=18577"}],"version-history":[{"count":0,"href":"https:\/\/ismfrance.org\/index.php\/wp-json\/wp\/v2\/posts\/18577\/revisions"}],"wp:featuredmedia":[{"embeddable":true,"href":"https:\/\/ismfrance.org\/index.php\/wp-json\/wp\/v2\/media\/18579"}],"wp:attachment":[{"href":"https:\/\/ismfrance.org\/index.php\/wp-json\/wp\/v2\/media?parent=18577"}],"wp:term":[{"taxonomy":"category","embeddable":true,"href":"https:\/\/ismfrance.org\/index.php\/wp-json\/wp\/v2\/categories?post=18577"},{"taxonomy":"post_tag","embeddable":true,"href":"https:\/\/ismfrance.org\/index.php\/wp-json\/wp\/v2\/tags?post=18577"}],"curies":[{"name":"wp","href":"https:\/\/api.w.org\/{rel}","templated":true}]}}