{"id":18554,"date":"2025-02-20T17:32:01","date_gmt":"2025-02-20T16:32:01","guid":{"rendered":"https:\/\/ismfrance.org\/?p=18554"},"modified":"2025-02-20T17:32:01","modified_gmt":"2025-02-20T16:32:01","slug":"georges-abdallah-reste-en-prison-lacharnement-continue-notre-mobilisation-aussi","status":"publish","type":"post","link":"https:\/\/ismfrance.org\/index.php\/2025\/02\/20\/georges-abdallah-reste-en-prison-lacharnement-continue-notre-mobilisation-aussi\/","title":{"rendered":"Georges Abdallah reste en prison : l\u2019acharnement continue, notre mobilisation aussi !"},"content":{"rendered":"<p><strong>Collectif Palestine Vaincra, 20 f\u00e9vrier 2025<\/strong>. Aujourd\u2019hui 20 f\u00e9vrier 2025, la Cour d\u2019Appel de Paris a rendu son verdict. Favorable \u00e0 sa lib\u00e9ration, la Cour a <span style=\"color: #ff0000;\">ajourn\u00e9 la d\u00e9cision de lib\u00e9ration de Georges Abdallah, plus ancien prisonnier politique d\u2019Europe, au 19 juin prochain, sous condition d\u2019indemnisation des parties civiles, \u00e0 savoir les \u00c9tats-Unis<\/span>. A travers une d\u00e9cision perverse, la justice a donc d\u00e9cid\u00e9 de poursuivre un acharnement politique et judiciaire vieux de plus de 40 ans. Alors qu\u2019il est lib\u00e9rable depuis 1999 et malgr\u00e9 10 demandes de lib\u00e9ration, le communiste arabe reste donc derri\u00e8re les murs du centre p\u00e9nitentiaire de Lannemezan. En 2013 d\u00e9j\u00e0, la justice avait ordonn\u00e9 la lib\u00e9ration de Georges Abdallah, lib\u00e9ration conditionn\u00e9e par une expulsion vers le Liban. C\u2019\u00e9tait sans compter sur le barrage de Manuel Valls alors Ministre de l\u2019Int\u00e9rieur et soutien d\u00e9clar\u00e9 de l\u2019occupation sioniste, qui refusa de signer l\u2019arr\u00eat\u00e9 d\u2019expulsion.<\/p>\n<p><a href=\"https:\/\/ismfrance.org\/wp-content\/uploads\/2025\/02\/georges-lannemezan.jpg\"><img loading=\"lazy\" decoding=\"async\" class=\"alignnone size-large wp-image-18556\" src=\"https:\/\/ismfrance.org\/wp-content\/uploads\/2025\/02\/georges-lannemezan-700x394.jpg\" alt=\"\" width=\"600\" height=\"338\" srcset=\"https:\/\/ismfrance.org\/wp-content\/uploads\/2025\/02\/georges-lannemezan-700x394.jpg 700w, https:\/\/ismfrance.org\/wp-content\/uploads\/2025\/02\/georges-lannemezan-300x169.jpg 300w, https:\/\/ismfrance.org\/wp-content\/uploads\/2025\/02\/georges-lannemezan-768x432.jpg 768w, https:\/\/ismfrance.org\/wp-content\/uploads\/2025\/02\/georges-lannemezan.jpg 880w\" sizes=\"auto, (max-width: 600px) 100vw, 600px\" \/><\/a><\/p>\n<p>Rappelons que Georges Abdallah, arr\u00eat\u00e9 en 1984, fait l\u2019objet d\u2019une v\u00e9ritable affaire d\u2019\u00c9tat et a \u00e9t\u00e9 enferm\u00e9 \u00e0 la suite d\u2019un parcours judiciaire d\u2019exception truff\u00e9s d\u2019irr\u00e9gularit\u00e9s. La liste est longue. Citons par exemple le cas de son premier avocat, Jean-Paul Mazurier qui, alors qu\u2019il \u00ab d\u00e9fendait \u00bb le communiste libanais, travaillait \u00e9galement pour la DGSE, les renseignements ext\u00e9rieurs fran\u00e7ais. Ou encore les fausses accusations mont\u00e9es de toutes pi\u00e8ces par Robert Pandraud, ministre charg\u00e9 de la s\u00e9curit\u00e9 de l\u2019\u00e9poque, contre Robert et Maurice Abdallah, fr\u00e8res de Georges et qui ont vu leur portrait placard\u00e9 partout en France. Rappelons aussi que si Georges Abdallah a \u00e9t\u00e9 condamn\u00e9 \u00e0 la prison \u00e0 perp\u00e9tuit\u00e9 (malgr\u00e9 les 10 ans d\u2019emprisonnement requis par le procureur g\u00e9n\u00e9ral), c\u2019est que, de l\u2019aveu m\u00eame des dirigeants de l\u2019\u00e9poque, il a servi de coupable id\u00e9al \u00e0 jeter en p\u00e2ture \u00e0 une \u00e9poque o\u00f9 la France vivait une vague d\u2019attentats sans pr\u00e9c\u00e9dent.<\/p>\n<p>Mais si Georges Adballah est aujourd\u2019hui maintenu en prison, c\u2019est parce que malgr\u00e9 les assauts r\u00e9p\u00e9t\u00e9s de la justice l\u2019exhortant \u00e0 la repentance, il n\u2019a jamais c\u00e9d\u00e9, bien au contraire. Le militant r\u00e9volutionnaire qui s\u2019\u00e9tait engag\u00e9 tr\u00e8s jeune dans les rangs de la r\u00e9sistance palestinienne contre l\u2019invasion sioniste du Liban, n\u2019a jamais abandonn\u00e9 ses convictions et a port\u00e9 haut et fort les couleurs du combat anti imp\u00e9rialiste et antisioniste depuis sa cellule et affirme sans rel\u00e2che :\u00a0<em>\u00ab je ne regrette rien, je ne ferai pas de compromis et je continue \u00e0 r\u00e9sister \u00bb.<\/em>\u00a0Il a su au fil du temps et malgr\u00e9 l\u2019incarc\u00e9ration, prendre part \u00e0 d\u2019innombrables luttes ici et ailleurs. Et c\u2019est justement ce que lui reproche l\u2019\u00c9tat. Celui qui poursuit son combat derri\u00e8re les barreaux est aujourd\u2019hui le symbole de l\u2019engagement imp\u00e9rialiste de la France en Palestine et dans la r\u00e9gion mais \u00e9galement le signe de son soutien inconditionnel \u00e0 l\u2019occupation sioniste en Palestine. Depuis plus de 16 mois, le France s\u2019est rendue complice du g\u00e9nocide en cours \u00e0 Gaza et des massacres perp\u00e9tr\u00e9s dans toute la Palestine occup\u00e9e. En maintenant Georges Adballah en prison, la France poursuit sa politique de b\u00e2illonnement et de r\u00e9pression du mouvement de solidarit\u00e9 avec la r\u00e9sistance palestinienne sous toutes ces formes. L\u2019\u00c9tat fran\u00e7ais, par la voix du parquet, s\u2019est dit pr\u00e9occup\u00e9 par<em>\u00a0\u00ab la menace persistante que repr\u00e9sente Abdallah \u00bb.<\/em><\/p>\n<p><strong>Mobilisons-nous pour faire en sorte de transformer cette \u00ab menace persistante \u00bb en victoire et faire sortir des ge\u00f4les fran\u00e7aises le plus ancien prisonnier politique d\u2019Europe ainsi que l\u2019ensemble des prisonnier\u00b7es palestinien\u00b7nes des ge\u00f4les sionistes !<\/strong><\/p>\n<p><strong>Palestine vivra, Palestine vaincra, lib\u00e9rons Georges Abdallah !<\/strong><\/p>\n<p><em>Collectif Palestine Vaincra, 20 f\u00e9vrier 2025<\/em><\/p>\n","protected":false},"excerpt":{"rendered":"<p>Collectif Palestine Vaincra, 20 f\u00e9vrier 2025. Aujourd\u2019hui 20 f\u00e9vrier 2025, la Cour d\u2019Appel de Paris a rendu son verdict. Favorable \u00e0 sa lib\u00e9ration, la Cour a ajourn\u00e9 la d\u00e9cision de <a class=\"more-link\" href=\"https:\/\/ismfrance.org\/index.php\/2025\/02\/20\/georges-abdallah-reste-en-prison-lacharnement-continue-notre-mobilisation-aussi\/\">Lire la suite &rarr;<\/a><\/p>\n","protected":false},"author":3,"featured_media":18556,"comment_status":"closed","ping_status":"closed","sticky":false,"template":"","format":"standard","meta":{"footnotes":""},"categories":[12,2],"tags":[20],"class_list":["post-18554","post","type-post","status-publish","format-standard","has-post-thumbnail","hentry","category-analyses","category-articles","tag-georges-abdallah"],"yoast_head":"<!-- This site is optimized with the Yoast SEO plugin v27.2 - https:\/\/yoast.com\/product\/yoast-seo-wordpress\/ -->\n<title>Georges Abdallah reste en prison : l\u2019acharnement continue, notre mobilisation aussi ! - International Solidarity Movement - ISM-France<\/title>\n<meta name=\"robots\" content=\"index, follow, max-snippet:-1, max-image-preview:large, max-video-preview:-1\" \/>\n<link rel=\"canonical\" href=\"https:\/\/ismfrance.org\/index.php\/2025\/02\/20\/georges-abdallah-reste-en-prison-lacharnement-continue-notre-mobilisation-aussi\/\" \/>\n<meta property=\"og:locale\" content=\"fr_FR\" \/>\n<meta property=\"og:type\" content=\"article\" \/>\n<meta property=\"og:title\" content=\"Georges Abdallah reste en prison : l\u2019acharnement continue, notre mobilisation aussi ! - International Solidarity Movement - ISM-France\" \/>\n<meta property=\"og:description\" content=\"Collectif Palestine Vaincra, 20 f\u00e9vrier 2025. Aujourd\u2019hui 20 f\u00e9vrier 2025, la Cour d\u2019Appel de Paris a rendu son verdict. Favorable \u00e0 sa lib\u00e9ration, la Cour a ajourn\u00e9 la d\u00e9cision de Lire la suite &rarr;\" \/>\n<meta property=\"og:url\" content=\"https:\/\/ismfrance.org\/index.php\/2025\/02\/20\/georges-abdallah-reste-en-prison-lacharnement-continue-notre-mobilisation-aussi\/\" \/>\n<meta property=\"og:site_name\" content=\"International Solidarity Movement - ISM-France\" \/>\n<meta property=\"article:published_time\" content=\"2025-02-20T16:32:01+00:00\" \/>\n<meta property=\"og:image\" content=\"https:\/\/ismfrance.org\/wp-content\/uploads\/2025\/02\/georges-lannemezan.jpg\" \/>\n\t<meta property=\"og:image:width\" content=\"880\" \/>\n\t<meta property=\"og:image:height\" content=\"495\" \/>\n\t<meta property=\"og:image:type\" content=\"image\/jpeg\" \/>\n<meta name=\"author\" content=\"mru_01\" \/>\n<meta name=\"twitter:card\" content=\"summary_large_image\" \/>\n<meta name=\"twitter:creator\" content=\"@ISMFRANCE\" \/>\n<meta name=\"twitter:site\" content=\"@ISMFRANCE\" \/>\n<meta name=\"twitter:label1\" content=\"\u00c9crit par\" \/>\n\t<meta name=\"twitter:data1\" content=\"mru_01\" \/>\n\t<meta name=\"twitter:label2\" content=\"Dur\u00e9e de lecture estim\u00e9e\" \/>\n\t<meta name=\"twitter:data2\" content=\"4 minutes\" \/>\n<script type=\"application\/ld+json\" class=\"yoast-schema-graph\">{\"@context\":\"https:\/\/schema.org\",\"@graph\":[{\"@type\":\"Article\",\"@id\":\"https:\/\/ismfrance.org\/index.php\/2025\/02\/20\/georges-abdallah-reste-en-prison-lacharnement-continue-notre-mobilisation-aussi\/#article\",\"isPartOf\":{\"@id\":\"https:\/\/ismfrance.org\/index.php\/2025\/02\/20\/georges-abdallah-reste-en-prison-lacharnement-continue-notre-mobilisation-aussi\/\"},\"author\":{\"name\":\"mru_01\",\"@id\":\"https:\/\/ismfrance.org\/#\/schema\/person\/3c411eb72adfaae19c0dca1f41fae01d\"},\"headline\":\"Georges Abdallah reste en prison : l\u2019acharnement continue, notre mobilisation aussi !\",\"datePublished\":\"2025-02-20T16:32:01+00:00\",\"mainEntityOfPage\":{\"@id\":\"https:\/\/ismfrance.org\/index.php\/2025\/02\/20\/georges-abdallah-reste-en-prison-lacharnement-continue-notre-mobilisation-aussi\/\"},\"wordCount\":661,\"publisher\":{\"@id\":\"https:\/\/ismfrance.org\/#organization\"},\"image\":{\"@id\":\"https:\/\/ismfrance.org\/index.php\/2025\/02\/20\/georges-abdallah-reste-en-prison-lacharnement-continue-notre-mobilisation-aussi\/#primaryimage\"},\"thumbnailUrl\":\"https:\/\/ismfrance.org\/wp-content\/uploads\/2025\/02\/georges-lannemezan.jpg\",\"keywords\":[\"Georges Abdallah\"],\"articleSection\":[\"Analyses\",\"Articles\"],\"inLanguage\":\"fr-FR\"},{\"@type\":\"WebPage\",\"@id\":\"https:\/\/ismfrance.org\/index.php\/2025\/02\/20\/georges-abdallah-reste-en-prison-lacharnement-continue-notre-mobilisation-aussi\/\",\"url\":\"https:\/\/ismfrance.org\/index.php\/2025\/02\/20\/georges-abdallah-reste-en-prison-lacharnement-continue-notre-mobilisation-aussi\/\",\"name\":\"Georges Abdallah reste en prison : l\u2019acharnement continue, notre mobilisation aussi ! - International Solidarity Movement - ISM-France\",\"isPartOf\":{\"@id\":\"https:\/\/ismfrance.org\/#website\"},\"primaryImageOfPage\":{\"@id\":\"https:\/\/ismfrance.org\/index.php\/2025\/02\/20\/georges-abdallah-reste-en-prison-lacharnement-continue-notre-mobilisation-aussi\/#primaryimage\"},\"image\":{\"@id\":\"https:\/\/ismfrance.org\/index.php\/2025\/02\/20\/georges-abdallah-reste-en-prison-lacharnement-continue-notre-mobilisation-aussi\/#primaryimage\"},\"thumbnailUrl\":\"https:\/\/ismfrance.org\/wp-content\/uploads\/2025\/02\/georges-lannemezan.jpg\",\"datePublished\":\"2025-02-20T16:32:01+00:00\",\"breadcrumb\":{\"@id\":\"https:\/\/ismfrance.org\/index.php\/2025\/02\/20\/georges-abdallah-reste-en-prison-lacharnement-continue-notre-mobilisation-aussi\/#breadcrumb\"},\"inLanguage\":\"fr-FR\",\"potentialAction\":[{\"@type\":\"ReadAction\",\"target\":[\"https:\/\/ismfrance.org\/index.php\/2025\/02\/20\/georges-abdallah-reste-en-prison-lacharnement-continue-notre-mobilisation-aussi\/\"]}]},{\"@type\":\"ImageObject\",\"inLanguage\":\"fr-FR\",\"@id\":\"https:\/\/ismfrance.org\/index.php\/2025\/02\/20\/georges-abdallah-reste-en-prison-lacharnement-continue-notre-mobilisation-aussi\/#primaryimage\",\"url\":\"https:\/\/ismfrance.org\/wp-content\/uploads\/2025\/02\/georges-lannemezan.jpg\",\"contentUrl\":\"https:\/\/ismfrance.org\/wp-content\/uploads\/2025\/02\/georges-lannemezan.jpg\",\"width\":880,\"height\":495},{\"@type\":\"BreadcrumbList\",\"@id\":\"https:\/\/ismfrance.org\/index.php\/2025\/02\/20\/georges-abdallah-reste-en-prison-lacharnement-continue-notre-mobilisation-aussi\/#breadcrumb\",\"itemListElement\":[{\"@type\":\"ListItem\",\"position\":1,\"name\":\"Accueil\",\"item\":\"https:\/\/ismfrance.org\/\"},{\"@type\":\"ListItem\",\"position\":2,\"name\":\"Georges Abdallah reste en prison : l\u2019acharnement continue, notre mobilisation aussi !\"}]},{\"@type\":\"WebSite\",\"@id\":\"https:\/\/ismfrance.org\/#website\",\"url\":\"https:\/\/ismfrance.org\/\",\"name\":\"ISM Palestine France\",\"description\":\"Soutien aux luttes de lib\u00e9ration du peuple palestinien\",\"publisher\":{\"@id\":\"https:\/\/ismfrance.org\/#organization\"},\"potentialAction\":[{\"@type\":\"SearchAction\",\"target\":{\"@type\":\"EntryPoint\",\"urlTemplate\":\"https:\/\/ismfrance.org\/?s={search_term_string}\"},\"query-input\":{\"@type\":\"PropertyValueSpecification\",\"valueRequired\":true,\"valueName\":\"search_term_string\"}}],\"inLanguage\":\"fr-FR\"},{\"@type\":\"Organization\",\"@id\":\"https:\/\/ismfrance.org\/#organization\",\"name\":\"International Solidarity Movement\",\"url\":\"https:\/\/ismfrance.org\/\",\"logo\":{\"@type\":\"ImageObject\",\"inLanguage\":\"fr-FR\",\"@id\":\"https:\/\/ismfrance.org\/#\/schema\/logo\/image\/\",\"url\":\"https:\/\/ismfrance.org\/wp-content\/uploads\/2020\/12\/00.png\",\"contentUrl\":\"https:\/\/ismfrance.org\/wp-content\/uploads\/2020\/12\/00.png\",\"width\":400,\"height\":400,\"caption\":\"International Solidarity Movement\"},\"image\":{\"@id\":\"https:\/\/ismfrance.org\/#\/schema\/logo\/image\/\"},\"sameAs\":[\"https:\/\/x.com\/ISMFRANCE\"]},{\"@type\":\"Person\",\"@id\":\"https:\/\/ismfrance.org\/#\/schema\/person\/3c411eb72adfaae19c0dca1f41fae01d\",\"name\":\"mru_01\",\"image\":{\"@type\":\"ImageObject\",\"inLanguage\":\"fr-FR\",\"@id\":\"https:\/\/secure.gravatar.com\/avatar\/3a0be343b445d2ccc79e87444a294fad2b232e90d2051d0e3cc219e1ecd6a330?s=96&d=mm&r=g\",\"url\":\"https:\/\/secure.gravatar.com\/avatar\/3a0be343b445d2ccc79e87444a294fad2b232e90d2051d0e3cc219e1ecd6a330?s=96&d=mm&r=g\",\"contentUrl\":\"https:\/\/secure.gravatar.com\/avatar\/3a0be343b445d2ccc79e87444a294fad2b232e90d2051d0e3cc219e1ecd6a330?s=96&d=mm&r=g\",\"caption\":\"mru_01\"},\"url\":\"https:\/\/ismfrance.org\/index.php\/author\/admin02\/\"}]}<\/script>\n<!-- \/ Yoast SEO plugin. -->","yoast_head_json":{"title":"Georges Abdallah reste en prison : l\u2019acharnement continue, notre mobilisation aussi ! - International Solidarity Movement - ISM-France","robots":{"index":"index","follow":"follow","max-snippet":"max-snippet:-1","max-image-preview":"max-image-preview:large","max-video-preview":"max-video-preview:-1"},"canonical":"https:\/\/ismfrance.org\/index.php\/2025\/02\/20\/georges-abdallah-reste-en-prison-lacharnement-continue-notre-mobilisation-aussi\/","og_locale":"fr_FR","og_type":"article","og_title":"Georges Abdallah reste en prison : l\u2019acharnement continue, notre mobilisation aussi ! - International Solidarity Movement - ISM-France","og_description":"Collectif Palestine Vaincra, 20 f\u00e9vrier 2025. Aujourd\u2019hui 20 f\u00e9vrier 2025, la Cour d\u2019Appel de Paris a rendu son verdict. Favorable \u00e0 sa lib\u00e9ration, la Cour a ajourn\u00e9 la d\u00e9cision de Lire la suite &rarr;","og_url":"https:\/\/ismfrance.org\/index.php\/2025\/02\/20\/georges-abdallah-reste-en-prison-lacharnement-continue-notre-mobilisation-aussi\/","og_site_name":"International Solidarity Movement - ISM-France","article_published_time":"2025-02-20T16:32:01+00:00","og_image":[{"width":880,"height":495,"url":"https:\/\/ismfrance.org\/wp-content\/uploads\/2025\/02\/georges-lannemezan.jpg","type":"image\/jpeg"}],"author":"mru_01","twitter_card":"summary_large_image","twitter_creator":"@ISMFRANCE","twitter_site":"@ISMFRANCE","twitter_misc":{"\u00c9crit par":"mru_01","Dur\u00e9e de lecture estim\u00e9e":"4 minutes"},"schema":{"@context":"https:\/\/schema.org","@graph":[{"@type":"Article","@id":"https:\/\/ismfrance.org\/index.php\/2025\/02\/20\/georges-abdallah-reste-en-prison-lacharnement-continue-notre-mobilisation-aussi\/#article","isPartOf":{"@id":"https:\/\/ismfrance.org\/index.php\/2025\/02\/20\/georges-abdallah-reste-en-prison-lacharnement-continue-notre-mobilisation-aussi\/"},"author":{"name":"mru_01","@id":"https:\/\/ismfrance.org\/#\/schema\/person\/3c411eb72adfaae19c0dca1f41fae01d"},"headline":"Georges Abdallah reste en prison : l\u2019acharnement continue, notre mobilisation aussi !","datePublished":"2025-02-20T16:32:01+00:00","mainEntityOfPage":{"@id":"https:\/\/ismfrance.org\/index.php\/2025\/02\/20\/georges-abdallah-reste-en-prison-lacharnement-continue-notre-mobilisation-aussi\/"},"wordCount":661,"publisher":{"@id":"https:\/\/ismfrance.org\/#organization"},"image":{"@id":"https:\/\/ismfrance.org\/index.php\/2025\/02\/20\/georges-abdallah-reste-en-prison-lacharnement-continue-notre-mobilisation-aussi\/#primaryimage"},"thumbnailUrl":"https:\/\/ismfrance.org\/wp-content\/uploads\/2025\/02\/georges-lannemezan.jpg","keywords":["Georges Abdallah"],"articleSection":["Analyses","Articles"],"inLanguage":"fr-FR"},{"@type":"WebPage","@id":"https:\/\/ismfrance.org\/index.php\/2025\/02\/20\/georges-abdallah-reste-en-prison-lacharnement-continue-notre-mobilisation-aussi\/","url":"https:\/\/ismfrance.org\/index.php\/2025\/02\/20\/georges-abdallah-reste-en-prison-lacharnement-continue-notre-mobilisation-aussi\/","name":"Georges Abdallah reste en prison : l\u2019acharnement continue, notre mobilisation aussi ! - International Solidarity Movement - ISM-France","isPartOf":{"@id":"https:\/\/ismfrance.org\/#website"},"primaryImageOfPage":{"@id":"https:\/\/ismfrance.org\/index.php\/2025\/02\/20\/georges-abdallah-reste-en-prison-lacharnement-continue-notre-mobilisation-aussi\/#primaryimage"},"image":{"@id":"https:\/\/ismfrance.org\/index.php\/2025\/02\/20\/georges-abdallah-reste-en-prison-lacharnement-continue-notre-mobilisation-aussi\/#primaryimage"},"thumbnailUrl":"https:\/\/ismfrance.org\/wp-content\/uploads\/2025\/02\/georges-lannemezan.jpg","datePublished":"2025-02-20T16:32:01+00:00","breadcrumb":{"@id":"https:\/\/ismfrance.org\/index.php\/2025\/02\/20\/georges-abdallah-reste-en-prison-lacharnement-continue-notre-mobilisation-aussi\/#breadcrumb"},"inLanguage":"fr-FR","potentialAction":[{"@type":"ReadAction","target":["https:\/\/ismfrance.org\/index.php\/2025\/02\/20\/georges-abdallah-reste-en-prison-lacharnement-continue-notre-mobilisation-aussi\/"]}]},{"@type":"ImageObject","inLanguage":"fr-FR","@id":"https:\/\/ismfrance.org\/index.php\/2025\/02\/20\/georges-abdallah-reste-en-prison-lacharnement-continue-notre-mobilisation-aussi\/#primaryimage","url":"https:\/\/ismfrance.org\/wp-content\/uploads\/2025\/02\/georges-lannemezan.jpg","contentUrl":"https:\/\/ismfrance.org\/wp-content\/uploads\/2025\/02\/georges-lannemezan.jpg","width":880,"height":495},{"@type":"BreadcrumbList","@id":"https:\/\/ismfrance.org\/index.php\/2025\/02\/20\/georges-abdallah-reste-en-prison-lacharnement-continue-notre-mobilisation-aussi\/#breadcrumb","itemListElement":[{"@type":"ListItem","position":1,"name":"Accueil","item":"https:\/\/ismfrance.org\/"},{"@type":"ListItem","position":2,"name":"Georges Abdallah reste en prison : l\u2019acharnement continue, notre mobilisation aussi !"}]},{"@type":"WebSite","@id":"https:\/\/ismfrance.org\/#website","url":"https:\/\/ismfrance.org\/","name":"ISM Palestine France","description":"Soutien aux luttes de lib\u00e9ration du peuple palestinien","publisher":{"@id":"https:\/\/ismfrance.org\/#organization"},"potentialAction":[{"@type":"SearchAction","target":{"@type":"EntryPoint","urlTemplate":"https:\/\/ismfrance.org\/?s={search_term_string}"},"query-input":{"@type":"PropertyValueSpecification","valueRequired":true,"valueName":"search_term_string"}}],"inLanguage":"fr-FR"},{"@type":"Organization","@id":"https:\/\/ismfrance.org\/#organization","name":"International Solidarity Movement","url":"https:\/\/ismfrance.org\/","logo":{"@type":"ImageObject","inLanguage":"fr-FR","@id":"https:\/\/ismfrance.org\/#\/schema\/logo\/image\/","url":"https:\/\/ismfrance.org\/wp-content\/uploads\/2020\/12\/00.png","contentUrl":"https:\/\/ismfrance.org\/wp-content\/uploads\/2020\/12\/00.png","width":400,"height":400,"caption":"International Solidarity Movement"},"image":{"@id":"https:\/\/ismfrance.org\/#\/schema\/logo\/image\/"},"sameAs":["https:\/\/x.com\/ISMFRANCE"]},{"@type":"Person","@id":"https:\/\/ismfrance.org\/#\/schema\/person\/3c411eb72adfaae19c0dca1f41fae01d","name":"mru_01","image":{"@type":"ImageObject","inLanguage":"fr-FR","@id":"https:\/\/secure.gravatar.com\/avatar\/3a0be343b445d2ccc79e87444a294fad2b232e90d2051d0e3cc219e1ecd6a330?s=96&d=mm&r=g","url":"https:\/\/secure.gravatar.com\/avatar\/3a0be343b445d2ccc79e87444a294fad2b232e90d2051d0e3cc219e1ecd6a330?s=96&d=mm&r=g","contentUrl":"https:\/\/secure.gravatar.com\/avatar\/3a0be343b445d2ccc79e87444a294fad2b232e90d2051d0e3cc219e1ecd6a330?s=96&d=mm&r=g","caption":"mru_01"},"url":"https:\/\/ismfrance.org\/index.php\/author\/admin02\/"}]}},"_links":{"self":[{"href":"https:\/\/ismfrance.org\/index.php\/wp-json\/wp\/v2\/posts\/18554","targetHints":{"allow":["GET"]}}],"collection":[{"href":"https:\/\/ismfrance.org\/index.php\/wp-json\/wp\/v2\/posts"}],"about":[{"href":"https:\/\/ismfrance.org\/index.php\/wp-json\/wp\/v2\/types\/post"}],"author":[{"embeddable":true,"href":"https:\/\/ismfrance.org\/index.php\/wp-json\/wp\/v2\/users\/3"}],"replies":[{"embeddable":true,"href":"https:\/\/ismfrance.org\/index.php\/wp-json\/wp\/v2\/comments?post=18554"}],"version-history":[{"count":0,"href":"https:\/\/ismfrance.org\/index.php\/wp-json\/wp\/v2\/posts\/18554\/revisions"}],"wp:featuredmedia":[{"embeddable":true,"href":"https:\/\/ismfrance.org\/index.php\/wp-json\/wp\/v2\/media\/18556"}],"wp:attachment":[{"href":"https:\/\/ismfrance.org\/index.php\/wp-json\/wp\/v2\/media?parent=18554"}],"wp:term":[{"taxonomy":"category","embeddable":true,"href":"https:\/\/ismfrance.org\/index.php\/wp-json\/wp\/v2\/categories?post=18554"},{"taxonomy":"post_tag","embeddable":true,"href":"https:\/\/ismfrance.org\/index.php\/wp-json\/wp\/v2\/tags?post=18554"}],"curies":[{"name":"wp","href":"https:\/\/api.w.org\/{rel}","templated":true}]}}