{"id":1828,"date":"2022-02-07T11:07:02","date_gmt":"2022-02-07T10:07:02","guid":{"rendered":"https:\/\/ismfrance.org\/?p=1828"},"modified":"2022-02-09T17:14:51","modified_gmt":"2022-02-09T16:14:51","slug":"stop-a-lapartheid-de-leau-lancement-le-10-fevrier-2022","status":"publish","type":"post","link":"https:\/\/ismfrance.org\/index.php\/2022\/02\/07\/stop-a-lapartheid-de-leau-lancement-le-10-fevrier-2022\/","title":{"rendered":"Stop \u00e0 l&rsquo;Apartheid de l&rsquo;Eau : Lancement le 10 f\u00e9vrier 2022"},"content":{"rendered":"<p align=\"LEFT\"><span style=\"color: #000000;\"><span style=\"font-family: Verdana, sans-serif;\"><span style=\"font-size: small;\"><b>Jordan Valley Solidarity, 6 f\u00e9vrier 2022.<\/b> Le jeudi 10 f\u00e9vrier, nous lancerons la campagne pour le droit \u00e0 l&rsquo;eau lors d&rsquo;une conf\u00e9rence internationale sur Zoom. Tous nos supporters sont invit\u00e9s \u00e0 y participer. Si vous souhaitez y assister, veuillez envoyer un courriel \u00e0 <strong>info@jordanvalleysolidarity.org<\/strong> pour obtenir le lien vers zoom.<\/span><\/span><\/span><\/p>\n<p align=\"LEFT\"><img loading=\"lazy\" decoding=\"async\" class=\"size-large wp-image-1829 aligncenter\" src=\"https:\/\/ismfrance.org\/wp-content\/uploads\/2022\/02\/hand-water-700x467.jpg\" alt=\"\" width=\"600\" height=\"400\" srcset=\"https:\/\/ismfrance.org\/wp-content\/uploads\/2022\/02\/hand-water-700x467.jpg 700w, https:\/\/ismfrance.org\/wp-content\/uploads\/2022\/02\/hand-water-300x200.jpg 300w, https:\/\/ismfrance.org\/wp-content\/uploads\/2022\/02\/hand-water-768x512.jpg 768w, https:\/\/ismfrance.org\/wp-content\/uploads\/2022\/02\/hand-water.jpg 1024w\" sizes=\"auto, (max-width: 600px) 100vw, 600px\" \/><\/p>\n<p align=\"LEFT\"><span style=\"color: #000000;\"><span style=\"font-family: Verdana, sans-serif;\"><span style=\"font-size: small;\"><b>La conf\u00e9rence se d\u00e9roulera de 11h00 \u00e0 13h00 le jeudi 10 f\u00e9vrier 2022.<\/b><\/span><\/span><\/span><\/p>\n<p align=\"LEFT\"><span style=\"color: #000000;\"><span style=\"font-family: Verdana, sans-serif;\"><span style=\"font-size: small;\">Nous travaillons pour contrer les politiques et pratiques isra\u00e9liennes qui violent le droit fondamental des Palestiniens \u00e0 l&rsquo;eau et pour d\u00e9fendre nos droits qui sont viol\u00e9s dans le secteur de l&rsquo;eau par l&rsquo;occupation isra\u00e9lienne.<\/span><\/span><\/span><\/p>\n<p align=\"LEFT\"><span style=\"color: #000000;\"><span style=\"font-family: Verdana, sans-serif;\"><span style=\"font-size: small;\">En tant que groupe de 15 militants de la vall\u00e9e du Jourdain et de Masafer Yatta, nous vivons avec les cons\u00e9quences de l&rsquo;apartheid de l&rsquo;eau, en particulier dans les zones d\u00e9sign\u00e9es comme zone C par les accords d&rsquo;Oslo. Ce projet est une collaboration entre la <\/span><\/span><\/span><a href=\"https:\/\/ldc-palestine.org\/#:~:text=The%20Land%20Defense%20Coalition%20is%20an%20umbrella%20for,social%20groups%2C%20especially%20agricultural%20workers%2C%20women%20and%20youth\"><span style=\"color: #000000;\"><span style=\"font-family: Verdana, sans-serif;\"><span style=\"font-size: small;\"><i>Land Defense Coalition <\/i><\/span><\/span><\/span><\/a><span style=\"color: #000000;\"><span style=\"font-family: Verdana, sans-serif;\"><span style=\"font-size: small;\">(LDC) et le Centre arabe pour le d\u00e9veloppement des m\u00e9dias sociaux \u2013 <\/span><\/span><\/span><span style=\"color: #000000;\"><span style=\"font-family: Verdana, sans-serif;\"><span style=\"font-size: small;\"><i><a href=\"https:\/\/7amleh.org\">7amleh<\/a>.<\/i><\/span><\/span><\/span><\/p>\n<p align=\"LEFT\"><span style=\"color: #000000;\"><span style=\"font-family: Verdana, sans-serif;\"><span style=\"font-size: small;\">La conf\u00e9rence vise \u00e0\u00a0:<\/span><\/span><\/span><\/p>\n<p align=\"LEFT\"><span style=\"color: #000000;\"><span style=\"font-family: Verdana, sans-serif;\"><span style=\"font-size: small;\">-Exposer les violations du droit (\u00e0 l&rsquo;eau) dans la zone C (plus pr\u00e9cis\u00e9ment dans la vall\u00e9e du Jourdain et le sud des collines d&rsquo;H\u00e9bron) et les menaces constantes auxquelles les r\u00e9sidents de ces zones sont expos\u00e9s quotidiennement.<\/span><\/span><\/span><\/p>\n<p align=\"LEFT\"><span style=\"color: #000000;\"><span style=\"font-family: Verdana, sans-serif;\"><span style=\"font-size: small;\">-Expliquer l&rsquo;apartheid de l&rsquo;eau, utilis\u00e9 par les forces d&rsquo;occupation isra\u00e9liennes comme un outil de d\u00e9placement et son lien avec le vol des ressources (eau, terres agricoles, min\u00e9raux) par l&rsquo;expansion des colonies et l&rsquo;acquisition de territoires par la force en violation du droit international.<\/span><\/span><\/span><\/p>\n<p align=\"LEFT\"><span style=\"color: #000000;\"><span style=\"font-family: Verdana, sans-serif;\"><span style=\"font-size: small;\">-Plaider pour que les r\u00e9sidents de la zone C aient acc\u00e8s \u00e0 la quantit\u00e9 d&rsquo;eau n\u00e9cessaire, conform\u00e9ment au droit international de l&rsquo;eau (\u00e9quit\u00e9 en mati\u00e8re d&rsquo;eau).<\/span><\/span><\/span><\/p>\n<p align=\"LEFT\"><span style=\"color: #000000;\"><span style=\"font-family: Verdana, sans-serif;\"><span style=\"font-size: small;\">-Sensibiliser les (nouveaux) publics et r\u00e9seaux internationaux \u00e0 la question fondamentale de l&rsquo;eau dans la zone C, ainsi que dans le contexte palestinien plus large.\u00a0<\/span><\/span><\/span><\/p>\n<p align=\"LEFT\"><span style=\"color: #000000;\"><span style=\"font-family: Verdana, sans-serif;\"><span style=\"font-size: small;\">-Pr\u00e9senter des actions concr\u00e8tes que les gouvernements peuvent prendre pour faire respecter les droits \u00e0 l&rsquo;eau des Palestiniens et mettre fin imm\u00e9diatement au vol d&rsquo;eau par Isra\u00ebl.<\/span><\/span><\/span><\/p>\n<p align=\"LEFT\"><span style=\"color: #000000;\"><span style=\"font-family: Verdana, sans-serif;\"><span style=\"font-size: small;\">Pour plus d&rsquo;informations sur la campagne Stop Water Apartheid, voir #StopWater Lancement de la campagne pour le droit \u00e0 l&rsquo;eau contre l&rsquo;apartheid.<\/span><\/span><\/span><\/p>\n<p align=\"LEFT\"><img loading=\"lazy\" decoding=\"async\" class=\"size-full wp-image-1838 aligncenter\" src=\"https:\/\/ismfrance.org\/wp-content\/uploads\/2022\/02\/al-hadidiya-drinking.jpg\" alt=\"\" width=\"534\" height=\"361\" srcset=\"https:\/\/ismfrance.org\/wp-content\/uploads\/2022\/02\/al-hadidiya-drinking.jpg 534w, https:\/\/ismfrance.org\/wp-content\/uploads\/2022\/02\/al-hadidiya-drinking-300x203.jpg 300w\" sizes=\"auto, (max-width: 534px) 100vw, 534px\" \/><\/p>\n<p><span style=\"color: #000000;\"><span style=\"font-family: Verdana, sans-serif;\"><span style=\"font-size: small;\"><strong>Le probl\u00e8me\u00a0<\/strong><\/span><\/span><\/span><\/p>\n<p><span style=\"color: #000000;\"><span style=\"font-family: Verdana, sans-serif;\"><span style=\"font-size: small;\">Isra\u00ebl contr\u00f4le 80 % des ressources en eau palestiniennes et les colons isra\u00e9liens utilisent environ six fois la quantit\u00e9 d&rsquo;eau utilis\u00e9e par les 2,6 millions de Palestiniens de Cisjordanie. La plupart des colonies sont situ\u00e9es \u00e0 proximit\u00e9 des ressources en eau, dont l&rsquo;acc\u00e8s est interdit aux Palestiniens. Les colons isra\u00e9liens de la vall\u00e9e du Jourdain utilisent de grandes quantit\u00e9s d&rsquo;eau pour cultiver des produits agricoles destin\u00e9s \u00e0 l&rsquo;exportation, tandis que les agriculteurs palestiniens peinent \u00e0 irriguer leurs cultures.<br \/>\nLes communaut\u00e9s palestiniennes sont expos\u00e9s au risque de devenir des enclaves isol\u00e9es. L&rsquo;annexion <\/span><\/span><\/span><span style=\"color: #000000;\"><span style=\"font-family: Verdana, sans-serif;\"><span style=\"font-size: small;\"><i>de facto<\/i><\/span><\/span><\/span><span style=\"color: #000000;\"><span style=\"font-family: Verdana, sans-serif;\"><span style=\"font-size: small;\"> des terres fertiles de la vall\u00e9e du Jourdain en particulier, le grenier alimentaire de la Cisjordanie, rendrait impossible le fonctionnement d&rsquo;un \u00c9tat palestinien, en le privant des terres et des ressources naturelles n\u00e9cessaires \u00e0 sa subsistance.<\/span><\/span><\/span><\/p>\n<p><span style=\"color: #000000;\"><span style=\"font-family: Verdana, sans-serif;\"><span style=\"font-size: small;\">Aujourd&rsquo;hui d\u00e9j\u00e0, en pleine pand\u00e9mie de COVID-19, les Palestiniens de la zone C ont de plus en plus de mal \u00e0 rester sur leurs terres. Selon l&rsquo;OCHA, 389 structures appartenant \u00e0 des Palestiniens en Cisjordanie ont \u00e9t\u00e9 d\u00e9molies ou confisqu\u00e9es entre mars 2020 et ao\u00fbt 2020, ce qui repr\u00e9sente le taux de destruction moyen le plus \u00e9lev\u00e9 depuis quatre ans. Cela a laiss\u00e9 442 Palestiniens sans abri, exposant encore plus de personnes aux risques li\u00e9s \u00e0 la pand\u00e9mie. Rien qu&rsquo;en ao\u00fbt 2021, 205 personnes ont \u00e9t\u00e9 d\u00e9plac\u00e9es, soit plus qu&rsquo;au cours de tout autre mois depuis janvier 2017.<\/span><\/span><\/span><\/p>\n<p><strong><span style=\"color: #000000;\"><span style=\"font-family: Verdana, sans-serif;\"><span style=\"font-size: small;\">Acc\u00e8s de la vall\u00e9e du Jourdain aux ressources en eau<\/span><\/span><\/span><\/strong><\/p>\n<p><span style=\"color: #000000;\"><span style=\"font-family: Verdana, sans-serif;\"><span style=\"font-size: small;\">La vall\u00e9e du Jourdain, dont 81% est class\u00e9e en zone C, occupe une position strat\u00e9gique dans le contexte palestinien. Elle comprend plus d&rsquo;un cinqui\u00e8me du territoire de la Cisjordanie et contient des r\u00e9serves fonci\u00e8res vitales pour l&rsquo;expansion naturelle des villes palestiniennes. Elle dispose d&rsquo;abondantes ressources en eau &#8211; dont un tiers des r\u00e9serves d&rsquo;eau souterraines de Cisjordanie &#8211; et poss\u00e8de un vaste potentiel pour les industries agricoles, industrielles et touristiques. Le d\u00e9veloppement \u00e9conomique de la vall\u00e9e du Jourdain est consid\u00e9r\u00e9 comme essentiel pour la croissance et le redressement palestiniens et est donc crucial pour la durabilit\u00e9 et la viabilit\u00e9 d&rsquo;un \u00c9tat palestinien ind\u00e9pendant.<\/span><\/span><\/span><\/p>\n<p><span style=\"color: #000000; font-family: Verdana, sans-serif; font-size: small;\">Malgr\u00e9 l&rsquo;abondance des ressources en eau dans la zone C et dans la vall\u00e9e du Jourdain, ces zones souffrent d&rsquo;une grave p\u00e9nurie d&rsquo;eau en raison des politiques d&rsquo;occupation isra\u00e9liennes visant \u00e0 contr\u00f4ler les ressources en eau. Depuis 1967, les autorit\u00e9s d&rsquo;occupation militaire isra\u00e9liennes ont impos\u00e9 une mainmise totale sur toutes les ressources en eau, et se sont appropri\u00e9es des terres palestiniennes pour l&rsquo;\u00e9tablissement et l&rsquo;expansion des colonies isra\u00e9liennes dans la r\u00e9gion. Le droit international humanitaire stipule qu&rsquo;en raison de son statut de puissance occupante dans les territoires palestiniens occup\u00e9s, Isra\u00ebl a des obligations concernant le droit \u00e0 l&rsquo;eau envers les civils prot\u00e9g\u00e9s (les Palestiniens).<\/span><\/p>\n<div id=\"attachment_1839\" style=\"width: 350px\" class=\"wp-caption aligncenter\"><img loading=\"lazy\" decoding=\"async\" aria-describedby=\"caption-attachment-1839\" class=\"size-full wp-image-1839\" src=\"https:\/\/ismfrance.org\/wp-content\/uploads\/2022\/02\/80-pc.jpg\" alt=\"\" width=\"340\" height=\"340\" srcset=\"https:\/\/ismfrance.org\/wp-content\/uploads\/2022\/02\/80-pc.jpg 340w, https:\/\/ismfrance.org\/wp-content\/uploads\/2022\/02\/80-pc-300x300.jpg 300w, https:\/\/ismfrance.org\/wp-content\/uploads\/2022\/02\/80-pc-150x150.jpg 150w, https:\/\/ismfrance.org\/wp-content\/uploads\/2022\/02\/80-pc-144x144.jpg 144w\" sizes=\"auto, (max-width: 340px) 100vw, 340px\" \/><p id=\"caption-attachment-1839\" class=\"wp-caption-text\">Isra\u00ebl contr\u00f4le 80% des ressources palestiniennes en eau.<\/p><\/div>\n<p><span style=\"color: #000000;\"><span style=\"font-family: Verdana, sans-serif;\"><span style=\"font-size: small;\">Le R\u00e8glement de La Haye impose des restrictions \u00e0 l&rsquo;utilisation par une puissance occupante de la propri\u00e9t\u00e9 priv\u00e9e et publique, y compris les ressources naturelles du territoire occup\u00e9. L&rsquo;article 43 du R\u00e8glement de La Haye impose deux obligations \u00e0 une puissance occupante : r\u00e9tablir et assurer, dans la mesure du possible, l&rsquo;ordre et la s\u00e9curit\u00e9 publics dans le territoire occup\u00e9, et respecter, sauf emp\u00eachement absolu, les lois en vigueur dans le territoire occup\u00e9.\u00a0<\/span><\/span><\/span><\/p>\n<p><span style=\"color: #000000;\"><span style=\"font-family: Verdana, sans-serif;\"><span style=\"font-size: small;\">Cependant, Isra\u00ebl a adopt\u00e9 un certain nombre de mesures lui permettant d&rsquo;exercer ill\u00e9galement des droits souverains sur les ressources en eau palestiniennes. Ainsi, Isra\u00ebl a d\u00e9ploy\u00e9 des efforts militaires et politiques consid\u00e9rables (1) pour obtenir, maintenir et consolider l&rsquo;acc\u00e8s exclusif aux ressources en eau palestiniennes, (2) pour s&rsquo;approprier les ressources en eau au seul b\u00e9n\u00e9fice des Isra\u00e9liens, y compris les colons, et (3) pour paralyser le d\u00e9veloppement des infrastructures hydrauliques palestiniennes dans les territoires palestiniens occup\u00e9s, dans le but de transf\u00e9rer de force les communaut\u00e9s palestiniennes. En tant que telles, ces politiques et pratiques ont jet\u00e9 les bases et sous-tendent les trois principaux piliers de l'\u00a0\u00bbapartheid de l&rsquo;eau\u00a0\u00bb d&rsquo;Isra\u00ebl.<\/span><\/span><\/span><\/p>\n<p><strong><span style=\"color: #000000;\"><span style=\"font-family: Verdana, sans-serif;\"><span style=\"font-size: small;\">Comparaison de la consommation d&rsquo;eau<\/span><\/span><\/span><\/strong><\/p>\n<p><span style=\"color: #000000;\"><span style=\"font-family: Verdana, sans-serif;\"><span style=\"font-size: small;\">Tant en termes absolus que proportionnels, les Isra\u00e9liens utilisent une quantit\u00e9 bien plus importante des ressources totales en eau de la r\u00e9gion. Selon les chiffres officiels palestiniens, les colons isra\u00e9liens de Cisjordanie consomment en moyenne 10 fois plus d&rsquo;eau que les r\u00e9sidents palestiniens du territoire. Cela constitue une violation de l&rsquo;article 11(1) du Pacte international relatif aux droits \u00e9conomiques, sociaux et culturels (PIDESC), auquel Isra\u00ebl est partie : \u00ab\u00a0Les \u00c9tats parties au pr\u00e9sent Pacte reconnaissent le droit de toute personne \u00e0 un niveau de vie suffisant pour elle-m\u00eame et sa famille, y compris une nourriture, un v\u00eatement et un logement suffisants, ainsi qu&rsquo;\u00e0 une am\u00e9lioration constante de ses conditions d&rsquo;existence.\u00a0\u00bb<\/span><\/span><\/span><\/p>\n<div id=\"attachment_1840\" style=\"width: 350px\" class=\"wp-caption aligncenter\"><img loading=\"lazy\" decoding=\"async\" aria-describedby=\"caption-attachment-1840\" class=\"size-full wp-image-1840\" src=\"https:\/\/ismfrance.org\/wp-content\/uploads\/2022\/02\/10-x.jpg\" alt=\"\" width=\"340\" height=\"340\" srcset=\"https:\/\/ismfrance.org\/wp-content\/uploads\/2022\/02\/10-x.jpg 340w, https:\/\/ismfrance.org\/wp-content\/uploads\/2022\/02\/10-x-300x300.jpg 300w, https:\/\/ismfrance.org\/wp-content\/uploads\/2022\/02\/10-x-150x150.jpg 150w, https:\/\/ismfrance.org\/wp-content\/uploads\/2022\/02\/10-x-144x144.jpg 144w\" sizes=\"auto, (max-width: 340px) 100vw, 340px\" \/><p id=\"caption-attachment-1840\" class=\"wp-caption-text\">Un colon isra\u00e9lien consomme 10 fois d&rsquo;eau qu&rsquo;un Palestinien autochtone.<\/p><\/div>\n<p><span style=\"color: #000000;\"><span style=\"font-family: Verdana, sans-serif;\"><span style=\"font-size: small;\">Le Comit\u00e9 a r\u00e9affirm\u00e9 sa position en 2002, dans une observation g\u00e9n\u00e9rale consacr\u00e9e sp\u00e9cifiquement au droit \u00e0 l&rsquo;eau, dans laquelle il affirme que le droit de l&rsquo;homme \u00e0 l&rsquo;eau est essentiel pour mener une vie digne. <\/span><\/span><\/span><\/p>\n<p><span style=\"color: #000000;\"><span style=\"font-family: Verdana, sans-serif;\"><span style=\"font-size: small;\">Actuellement, les Palestiniens de Cisjordanie consomment environ 70 litres d&rsquo;eau par habitant et par jour, bien que l&rsquo;Organisation mondiale de la sant\u00e9 (OMS) affirme qu&rsquo;une personne normale a besoin d&rsquo;un minimum de 100 \u00e0 120 litres d&rsquo;eau par jour pour maintenir le niveau de vie le plus \u00e9l\u00e9mentaire. En Isra\u00ebl, cependant, la consommation quotidienne d&rsquo;eau par habitant est d&rsquo;environ 300 litres, tandis que les colons isra\u00e9liens ill\u00e9gaux de Cisjordanie consomment jusqu&rsquo;\u00e0 600 litres par jour.\u00a0Les colonies b\u00e9n\u00e9ficient d&rsquo;une quantit\u00e9 d&rsquo;eau suffisante pour faire fonctionner les fermes et les vergers, <\/span><\/span><\/span><span style=\"color: #000000;\"><span style=\"font-family: Verdana, sans-serif;\"><span style=\"font-size: small;\">ainsi que pour les piscines et les spas, alors que les Palestiniens ont souvent du mal \u00e0 acc\u00e9der aux besoins minimaux en eau<\/span><\/span><\/span><span style=\"color: #000000;\"><span style=\"font-family: Verdana, sans-serif;\"><span style=\"font-size: small;\">.\u00a0En outre, la population palestinienne a doubl\u00e9 depuis la signature des accords d&rsquo;Oslo en 1993, et la quantit\u00e9 d&rsquo;eau disponible en Cisjordanie &#8211; environ 110 millions de m\u00e8tres cubes d&rsquo;eau par an &#8211; reste toujours au niveau de 1995. Selon les accords, \u00ab\u00a0le quota d&rsquo;eau des Palestiniens devrait avoir atteint 200 millions de m\u00e8tres cubes en l&rsquo;an 2000.\u00a0\u00bb<\/span><\/span><\/span><\/p>\n<p><strong><span style=\"color: #000000;\"><span style=\"font-family: Verdana, sans-serif;\"><span style=\"font-size: small;\">Pourquoi faire campagne pour le droit \u00e0 l&rsquo;eau ?\u00a0\u00a0<\/span><\/span><\/span><\/strong><\/p>\n<p><span style=\"color: #000000;\"><span style=\"font-family: Verdana, sans-serif;\"><span style=\"font-size: small;\">La crise de l&rsquo;eau provoqu\u00e9e par l&rsquo;homme a un impact sur tous les aspects de la vie des Palestiniens de la zone C, comme l&rsquo;agriculture, l&rsquo;\u00e9conomie, l&rsquo;\u00e9levage et l&rsquo;environnement.<\/span><\/span><\/span><\/p>\n<p><span style=\"color: #000000;\"><span style=\"font-family: Verdana, sans-serif;\"><span style=\"font-size: small;\">Le droit \u00e0 l&rsquo;eau est le droit humain le plus fondamental. Les Palestiniens se voient refuser l&rsquo;acc\u00e8s \u00e0 ce droit par le r\u00e9gime d&rsquo;apartheid isra\u00e9lien.<\/span><\/span><\/span><\/p>\n<p><span style=\"color: #000000;\"><span style=\"font-family: Verdana, sans-serif;\"><span style=\"font-size: small;\">La grave p\u00e9nurie d&rsquo;eau dans la zone C, cons\u00e9quence des politiques d&rsquo;apartheid isra\u00e9liennes, menace l&rsquo;existence et la r\u00e9silience des Palestiniens et les oblige \u00e0 quitter leurs terres et leurs maisons.<\/span><\/span><\/span><\/p>\n<p><strong><span style=\"color: #000000;\"><span style=\"font-family: Verdana, sans-serif;\"><span style=\"font-size: small;\">Th\u00e9orie du changement<\/span><\/span><\/span><\/strong><\/p>\n<p><span style=\"color: #000000;\"><span style=\"font-family: Verdana, sans-serif;\"><span style=\"font-size: small;\">L&rsquo;int\u00e9gration de l&rsquo;apartheid de l&rsquo;eau en amplifiant les voix des jeunes Palestiniens exposant les violations des droits de l&rsquo;homme li\u00e9es \u00e0 Isra\u00ebl dans la vall\u00e9e du Jourdain conduira \u00e0 une pression internationale pour mettre fin au harc\u00e8lement, \u00e0 l&rsquo;impunit\u00e9 des colons prot\u00e9g\u00e9s par les forces d&rsquo;occupation isra\u00e9liennes, et aux politiques isra\u00e9liennes de discrimination de l&rsquo;eau visant \u00e0 d\u00e9placer les Palestiniens dans la r\u00e9gion.\u00a0<\/span><\/span><\/span><\/p>\n<p><strong><span style=\"color: #000000;\"><span style=\"font-family: Verdana, sans-serif;\"><span style=\"font-size: small;\">Objectifs sp\u00e9cifiques de la campagne :<\/span><\/span><\/span><\/strong><\/p>\n<p><span style=\"color: #000000;\"><span style=\"font-family: Verdana, sans-serif;\"><span style=\"font-size: small;\">&#8211; Exposer les violations du droit (\u00e0 l&rsquo;eau) dans la zone C (sp\u00e9cifiquement dans la vall\u00e9e du Jourdain et les collines du sud d&rsquo;H\u00e9bron) et les menaces constantes auxquelles les r\u00e9sidents de ces zones sont expos\u00e9s quotidiennement.<\/span><\/span><\/span><\/p>\n<p><span style=\"color: #000000;\"><span style=\"font-family: Verdana, sans-serif;\"><span style=\"font-size: small;\">&#8211; Expliquer l&rsquo;apartheid de l&rsquo;eau, utilis\u00e9 par les forces d&rsquo;occupation isra\u00e9liennes comme un outil de d\u00e9placement et son lien avec le vol des ressources (eau, terres agricoles, min\u00e9raux) par l&rsquo;expansion des colonies et l&rsquo;acquisition de territoires par la force en violation du droit international.<\/span><\/span><\/span><\/p>\n<p><span style=\"color: #000000;\"><span style=\"font-family: Verdana, sans-serif;\"><span style=\"font-size: small;\">&#8211; Plaider pour que les r\u00e9sidents de la zone C aient acc\u00e8s \u00e0 la quantit\u00e9 d&rsquo;eau n\u00e9cessaire, conform\u00e9ment au droit international de l&rsquo;eau (\u00e9quit\u00e9 en mati\u00e8re d&rsquo;eau).<\/span><\/span><\/span><\/p>\n<p><span style=\"color: #000000;\"><span style=\"font-family: Verdana, sans-serif;\"><span style=\"font-size: small;\">&#8211; Sensibiliser les (nouveaux) publics et r\u00e9seaux internationaux \u00e0 la question fondamentale de l&rsquo;eau dans la zone C, ainsi que dans le contexte palestinien plus large.\u00a0<\/span><\/span><\/span><\/p>\n<p><span style=\"color: #000000;\"><span style=\"font-family: Verdana, sans-serif;\"><span style=\"font-size: small;\">&#8211; Pr\u00e9senter des actions concr\u00e8tes que les gouvernements peuvent prendre pour faire respecter les droits \u00e0 l&rsquo;eau des Palestiniens et mettre fin imm\u00e9diatement au vol d&rsquo;eau par Isra\u00ebl.<\/span><\/span><\/span><\/p>\n<p align=\"LEFT\"><em>Article original en anglais sur :\u00a0<\/em><a href=\"http:\/\/jordanvalleysolidarity.org\/events-action-call-outs\/stop-water-apartheid-launch-of-our-right-to-water-campaign\/\">Stop Water Apartheid: Launch of our Right to Water campaign &#8211; Jordan Valley Solidarity \/ <\/a><em>Traduction MR<\/em><\/p>\n","protected":false},"excerpt":{"rendered":"<p>Jordan Valley Solidarity, 6 f\u00e9vrier 2022. Le jeudi 10 f\u00e9vrier, nous lancerons la campagne pour le droit \u00e0 l&rsquo;eau lors d&rsquo;une conf\u00e9rence internationale sur Zoom. Tous nos supporters sont invit\u00e9s <a class=\"more-link\" href=\"https:\/\/ismfrance.org\/index.php\/2022\/02\/07\/stop-a-lapartheid-de-leau-lancement-le-10-fevrier-2022\/\">Lire la suite &rarr;<\/a><\/p>\n","protected":false},"author":3,"featured_media":1829,"comment_status":"closed","ping_status":"closed","sticky":false,"template":"","format":"standard","meta":{"footnotes":""},"categories":[2,15],"tags":[152,154,55,45],"class_list":["post-1828","post","type-post","status-publish","format-standard","has-post-thumbnail","hentry","category-articles","category-campagnes","tag-apartheid","tag-eau","tag-materiel-de-lutte","tag-nettoyage-ethnique"],"yoast_head":"<!-- This site is optimized with the Yoast SEO plugin v27.2 - https:\/\/yoast.com\/product\/yoast-seo-wordpress\/ -->\n<title>Stop \u00e0 l&#039;Apartheid de l&#039;Eau : Lancement le 10 f\u00e9vrier 2022 - International Solidarity Movement - ISM-France<\/title>\n<meta name=\"robots\" content=\"index, follow, max-snippet:-1, max-image-preview:large, max-video-preview:-1\" \/>\n<link rel=\"canonical\" href=\"https:\/\/ismfrance.org\/index.php\/2022\/02\/07\/stop-a-lapartheid-de-leau-lancement-le-10-fevrier-2022\/\" \/>\n<meta property=\"og:locale\" content=\"fr_FR\" \/>\n<meta property=\"og:type\" content=\"article\" \/>\n<meta property=\"og:title\" content=\"Stop \u00e0 l&#039;Apartheid de l&#039;Eau : Lancement le 10 f\u00e9vrier 2022 - International Solidarity Movement - ISM-France\" \/>\n<meta property=\"og:description\" content=\"Jordan Valley Solidarity, 6 f\u00e9vrier 2022. Le jeudi 10 f\u00e9vrier, nous lancerons la campagne pour le droit \u00e0 l&rsquo;eau lors d&rsquo;une conf\u00e9rence internationale sur Zoom. Tous nos supporters sont invit\u00e9s Lire la suite &rarr;\" \/>\n<meta property=\"og:url\" content=\"https:\/\/ismfrance.org\/index.php\/2022\/02\/07\/stop-a-lapartheid-de-leau-lancement-le-10-fevrier-2022\/\" \/>\n<meta property=\"og:site_name\" content=\"International Solidarity Movement - ISM-France\" \/>\n<meta property=\"article:published_time\" content=\"2022-02-07T10:07:02+00:00\" \/>\n<meta property=\"article:modified_time\" content=\"2022-02-09T16:14:51+00:00\" \/>\n<meta property=\"og:image\" content=\"https:\/\/ismfrance.org\/wp-content\/uploads\/2022\/02\/hand-water.jpg\" \/>\n\t<meta property=\"og:image:width\" content=\"1024\" \/>\n\t<meta property=\"og:image:height\" content=\"683\" \/>\n\t<meta property=\"og:image:type\" content=\"image\/jpeg\" \/>\n<meta name=\"author\" content=\"mru_01\" \/>\n<meta name=\"twitter:card\" content=\"summary_large_image\" \/>\n<meta name=\"twitter:creator\" content=\"@ISMFRANCE\" \/>\n<meta name=\"twitter:site\" content=\"@ISMFRANCE\" \/>\n<meta name=\"twitter:label1\" content=\"\u00c9crit par\" \/>\n\t<meta name=\"twitter:data1\" content=\"mru_01\" \/>\n\t<meta name=\"twitter:label2\" content=\"Dur\u00e9e de lecture estim\u00e9e\" \/>\n\t<meta name=\"twitter:data2\" content=\"9 minutes\" \/>\n<script type=\"application\/ld+json\" class=\"yoast-schema-graph\">{\"@context\":\"https:\/\/schema.org\",\"@graph\":[{\"@type\":\"Article\",\"@id\":\"https:\/\/ismfrance.org\/index.php\/2022\/02\/07\/stop-a-lapartheid-de-leau-lancement-le-10-fevrier-2022\/#article\",\"isPartOf\":{\"@id\":\"https:\/\/ismfrance.org\/index.php\/2022\/02\/07\/stop-a-lapartheid-de-leau-lancement-le-10-fevrier-2022\/\"},\"author\":{\"name\":\"mru_01\",\"@id\":\"https:\/\/ismfrance.org\/#\/schema\/person\/3c411eb72adfaae19c0dca1f41fae01d\"},\"headline\":\"Stop \u00e0 l&rsquo;Apartheid de l&rsquo;Eau : Lancement le 10 f\u00e9vrier 2022\",\"datePublished\":\"2022-02-07T10:07:02+00:00\",\"dateModified\":\"2022-02-09T16:14:51+00:00\",\"mainEntityOfPage\":{\"@id\":\"https:\/\/ismfrance.org\/index.php\/2022\/02\/07\/stop-a-lapartheid-de-leau-lancement-le-10-fevrier-2022\/\"},\"wordCount\":1893,\"publisher\":{\"@id\":\"https:\/\/ismfrance.org\/#organization\"},\"image\":{\"@id\":\"https:\/\/ismfrance.org\/index.php\/2022\/02\/07\/stop-a-lapartheid-de-leau-lancement-le-10-fevrier-2022\/#primaryimage\"},\"thumbnailUrl\":\"https:\/\/ismfrance.org\/wp-content\/uploads\/2022\/02\/hand-water.jpg\",\"keywords\":[\"Apartheid\",\"Eau\",\"Mat\u00e9riel de lutte\",\"nettoyage ethnique\"],\"articleSection\":[\"Articles\",\"Campagnes\"],\"inLanguage\":\"fr-FR\"},{\"@type\":\"WebPage\",\"@id\":\"https:\/\/ismfrance.org\/index.php\/2022\/02\/07\/stop-a-lapartheid-de-leau-lancement-le-10-fevrier-2022\/\",\"url\":\"https:\/\/ismfrance.org\/index.php\/2022\/02\/07\/stop-a-lapartheid-de-leau-lancement-le-10-fevrier-2022\/\",\"name\":\"Stop \u00e0 l'Apartheid de l'Eau : Lancement le 10 f\u00e9vrier 2022 - International Solidarity Movement - ISM-France\",\"isPartOf\":{\"@id\":\"https:\/\/ismfrance.org\/#website\"},\"primaryImageOfPage\":{\"@id\":\"https:\/\/ismfrance.org\/index.php\/2022\/02\/07\/stop-a-lapartheid-de-leau-lancement-le-10-fevrier-2022\/#primaryimage\"},\"image\":{\"@id\":\"https:\/\/ismfrance.org\/index.php\/2022\/02\/07\/stop-a-lapartheid-de-leau-lancement-le-10-fevrier-2022\/#primaryimage\"},\"thumbnailUrl\":\"https:\/\/ismfrance.org\/wp-content\/uploads\/2022\/02\/hand-water.jpg\",\"datePublished\":\"2022-02-07T10:07:02+00:00\",\"dateModified\":\"2022-02-09T16:14:51+00:00\",\"breadcrumb\":{\"@id\":\"https:\/\/ismfrance.org\/index.php\/2022\/02\/07\/stop-a-lapartheid-de-leau-lancement-le-10-fevrier-2022\/#breadcrumb\"},\"inLanguage\":\"fr-FR\",\"potentialAction\":[{\"@type\":\"ReadAction\",\"target\":[\"https:\/\/ismfrance.org\/index.php\/2022\/02\/07\/stop-a-lapartheid-de-leau-lancement-le-10-fevrier-2022\/\"]}]},{\"@type\":\"ImageObject\",\"inLanguage\":\"fr-FR\",\"@id\":\"https:\/\/ismfrance.org\/index.php\/2022\/02\/07\/stop-a-lapartheid-de-leau-lancement-le-10-fevrier-2022\/#primaryimage\",\"url\":\"https:\/\/ismfrance.org\/wp-content\/uploads\/2022\/02\/hand-water.jpg\",\"contentUrl\":\"https:\/\/ismfrance.org\/wp-content\/uploads\/2022\/02\/hand-water.jpg\",\"width\":1024,\"height\":683},{\"@type\":\"BreadcrumbList\",\"@id\":\"https:\/\/ismfrance.org\/index.php\/2022\/02\/07\/stop-a-lapartheid-de-leau-lancement-le-10-fevrier-2022\/#breadcrumb\",\"itemListElement\":[{\"@type\":\"ListItem\",\"position\":1,\"name\":\"Accueil\",\"item\":\"https:\/\/ismfrance.org\/\"},{\"@type\":\"ListItem\",\"position\":2,\"name\":\"Stop \u00e0 l&#8217;Apartheid de l&#8217;Eau : Lancement le 10 f\u00e9vrier 2022\"}]},{\"@type\":\"WebSite\",\"@id\":\"https:\/\/ismfrance.org\/#website\",\"url\":\"https:\/\/ismfrance.org\/\",\"name\":\"ISM Palestine France\",\"description\":\"Soutien aux luttes de lib\u00e9ration du peuple palestinien\",\"publisher\":{\"@id\":\"https:\/\/ismfrance.org\/#organization\"},\"potentialAction\":[{\"@type\":\"SearchAction\",\"target\":{\"@type\":\"EntryPoint\",\"urlTemplate\":\"https:\/\/ismfrance.org\/?s={search_term_string}\"},\"query-input\":{\"@type\":\"PropertyValueSpecification\",\"valueRequired\":true,\"valueName\":\"search_term_string\"}}],\"inLanguage\":\"fr-FR\"},{\"@type\":\"Organization\",\"@id\":\"https:\/\/ismfrance.org\/#organization\",\"name\":\"International Solidarity Movement\",\"url\":\"https:\/\/ismfrance.org\/\",\"logo\":{\"@type\":\"ImageObject\",\"inLanguage\":\"fr-FR\",\"@id\":\"https:\/\/ismfrance.org\/#\/schema\/logo\/image\/\",\"url\":\"https:\/\/ismfrance.org\/wp-content\/uploads\/2020\/12\/00.png\",\"contentUrl\":\"https:\/\/ismfrance.org\/wp-content\/uploads\/2020\/12\/00.png\",\"width\":400,\"height\":400,\"caption\":\"International Solidarity Movement\"},\"image\":{\"@id\":\"https:\/\/ismfrance.org\/#\/schema\/logo\/image\/\"},\"sameAs\":[\"https:\/\/x.com\/ISMFRANCE\"]},{\"@type\":\"Person\",\"@id\":\"https:\/\/ismfrance.org\/#\/schema\/person\/3c411eb72adfaae19c0dca1f41fae01d\",\"name\":\"mru_01\",\"image\":{\"@type\":\"ImageObject\",\"inLanguage\":\"fr-FR\",\"@id\":\"https:\/\/secure.gravatar.com\/avatar\/3a0be343b445d2ccc79e87444a294fad2b232e90d2051d0e3cc219e1ecd6a330?s=96&d=mm&r=g\",\"url\":\"https:\/\/secure.gravatar.com\/avatar\/3a0be343b445d2ccc79e87444a294fad2b232e90d2051d0e3cc219e1ecd6a330?s=96&d=mm&r=g\",\"contentUrl\":\"https:\/\/secure.gravatar.com\/avatar\/3a0be343b445d2ccc79e87444a294fad2b232e90d2051d0e3cc219e1ecd6a330?s=96&d=mm&r=g\",\"caption\":\"mru_01\"},\"url\":\"https:\/\/ismfrance.org\/index.php\/author\/admin02\/\"}]}<\/script>\n<!-- \/ Yoast SEO plugin. -->","yoast_head_json":{"title":"Stop \u00e0 l'Apartheid de l'Eau : Lancement le 10 f\u00e9vrier 2022 - International Solidarity Movement - ISM-France","robots":{"index":"index","follow":"follow","max-snippet":"max-snippet:-1","max-image-preview":"max-image-preview:large","max-video-preview":"max-video-preview:-1"},"canonical":"https:\/\/ismfrance.org\/index.php\/2022\/02\/07\/stop-a-lapartheid-de-leau-lancement-le-10-fevrier-2022\/","og_locale":"fr_FR","og_type":"article","og_title":"Stop \u00e0 l'Apartheid de l'Eau : Lancement le 10 f\u00e9vrier 2022 - International Solidarity Movement - ISM-France","og_description":"Jordan Valley Solidarity, 6 f\u00e9vrier 2022. Le jeudi 10 f\u00e9vrier, nous lancerons la campagne pour le droit \u00e0 l&rsquo;eau lors d&rsquo;une conf\u00e9rence internationale sur Zoom. Tous nos supporters sont invit\u00e9s Lire la suite &rarr;","og_url":"https:\/\/ismfrance.org\/index.php\/2022\/02\/07\/stop-a-lapartheid-de-leau-lancement-le-10-fevrier-2022\/","og_site_name":"International Solidarity Movement - ISM-France","article_published_time":"2022-02-07T10:07:02+00:00","article_modified_time":"2022-02-09T16:14:51+00:00","og_image":[{"width":1024,"height":683,"url":"https:\/\/ismfrance.org\/wp-content\/uploads\/2022\/02\/hand-water.jpg","type":"image\/jpeg"}],"author":"mru_01","twitter_card":"summary_large_image","twitter_creator":"@ISMFRANCE","twitter_site":"@ISMFRANCE","twitter_misc":{"\u00c9crit par":"mru_01","Dur\u00e9e de lecture estim\u00e9e":"9 minutes"},"schema":{"@context":"https:\/\/schema.org","@graph":[{"@type":"Article","@id":"https:\/\/ismfrance.org\/index.php\/2022\/02\/07\/stop-a-lapartheid-de-leau-lancement-le-10-fevrier-2022\/#article","isPartOf":{"@id":"https:\/\/ismfrance.org\/index.php\/2022\/02\/07\/stop-a-lapartheid-de-leau-lancement-le-10-fevrier-2022\/"},"author":{"name":"mru_01","@id":"https:\/\/ismfrance.org\/#\/schema\/person\/3c411eb72adfaae19c0dca1f41fae01d"},"headline":"Stop \u00e0 l&rsquo;Apartheid de l&rsquo;Eau : Lancement le 10 f\u00e9vrier 2022","datePublished":"2022-02-07T10:07:02+00:00","dateModified":"2022-02-09T16:14:51+00:00","mainEntityOfPage":{"@id":"https:\/\/ismfrance.org\/index.php\/2022\/02\/07\/stop-a-lapartheid-de-leau-lancement-le-10-fevrier-2022\/"},"wordCount":1893,"publisher":{"@id":"https:\/\/ismfrance.org\/#organization"},"image":{"@id":"https:\/\/ismfrance.org\/index.php\/2022\/02\/07\/stop-a-lapartheid-de-leau-lancement-le-10-fevrier-2022\/#primaryimage"},"thumbnailUrl":"https:\/\/ismfrance.org\/wp-content\/uploads\/2022\/02\/hand-water.jpg","keywords":["Apartheid","Eau","Mat\u00e9riel de lutte","nettoyage ethnique"],"articleSection":["Articles","Campagnes"],"inLanguage":"fr-FR"},{"@type":"WebPage","@id":"https:\/\/ismfrance.org\/index.php\/2022\/02\/07\/stop-a-lapartheid-de-leau-lancement-le-10-fevrier-2022\/","url":"https:\/\/ismfrance.org\/index.php\/2022\/02\/07\/stop-a-lapartheid-de-leau-lancement-le-10-fevrier-2022\/","name":"Stop \u00e0 l'Apartheid de l'Eau : Lancement le 10 f\u00e9vrier 2022 - International Solidarity Movement - ISM-France","isPartOf":{"@id":"https:\/\/ismfrance.org\/#website"},"primaryImageOfPage":{"@id":"https:\/\/ismfrance.org\/index.php\/2022\/02\/07\/stop-a-lapartheid-de-leau-lancement-le-10-fevrier-2022\/#primaryimage"},"image":{"@id":"https:\/\/ismfrance.org\/index.php\/2022\/02\/07\/stop-a-lapartheid-de-leau-lancement-le-10-fevrier-2022\/#primaryimage"},"thumbnailUrl":"https:\/\/ismfrance.org\/wp-content\/uploads\/2022\/02\/hand-water.jpg","datePublished":"2022-02-07T10:07:02+00:00","dateModified":"2022-02-09T16:14:51+00:00","breadcrumb":{"@id":"https:\/\/ismfrance.org\/index.php\/2022\/02\/07\/stop-a-lapartheid-de-leau-lancement-le-10-fevrier-2022\/#breadcrumb"},"inLanguage":"fr-FR","potentialAction":[{"@type":"ReadAction","target":["https:\/\/ismfrance.org\/index.php\/2022\/02\/07\/stop-a-lapartheid-de-leau-lancement-le-10-fevrier-2022\/"]}]},{"@type":"ImageObject","inLanguage":"fr-FR","@id":"https:\/\/ismfrance.org\/index.php\/2022\/02\/07\/stop-a-lapartheid-de-leau-lancement-le-10-fevrier-2022\/#primaryimage","url":"https:\/\/ismfrance.org\/wp-content\/uploads\/2022\/02\/hand-water.jpg","contentUrl":"https:\/\/ismfrance.org\/wp-content\/uploads\/2022\/02\/hand-water.jpg","width":1024,"height":683},{"@type":"BreadcrumbList","@id":"https:\/\/ismfrance.org\/index.php\/2022\/02\/07\/stop-a-lapartheid-de-leau-lancement-le-10-fevrier-2022\/#breadcrumb","itemListElement":[{"@type":"ListItem","position":1,"name":"Accueil","item":"https:\/\/ismfrance.org\/"},{"@type":"ListItem","position":2,"name":"Stop \u00e0 l&#8217;Apartheid de l&#8217;Eau : Lancement le 10 f\u00e9vrier 2022"}]},{"@type":"WebSite","@id":"https:\/\/ismfrance.org\/#website","url":"https:\/\/ismfrance.org\/","name":"ISM Palestine France","description":"Soutien aux luttes de lib\u00e9ration du peuple palestinien","publisher":{"@id":"https:\/\/ismfrance.org\/#organization"},"potentialAction":[{"@type":"SearchAction","target":{"@type":"EntryPoint","urlTemplate":"https:\/\/ismfrance.org\/?s={search_term_string}"},"query-input":{"@type":"PropertyValueSpecification","valueRequired":true,"valueName":"search_term_string"}}],"inLanguage":"fr-FR"},{"@type":"Organization","@id":"https:\/\/ismfrance.org\/#organization","name":"International Solidarity Movement","url":"https:\/\/ismfrance.org\/","logo":{"@type":"ImageObject","inLanguage":"fr-FR","@id":"https:\/\/ismfrance.org\/#\/schema\/logo\/image\/","url":"https:\/\/ismfrance.org\/wp-content\/uploads\/2020\/12\/00.png","contentUrl":"https:\/\/ismfrance.org\/wp-content\/uploads\/2020\/12\/00.png","width":400,"height":400,"caption":"International Solidarity Movement"},"image":{"@id":"https:\/\/ismfrance.org\/#\/schema\/logo\/image\/"},"sameAs":["https:\/\/x.com\/ISMFRANCE"]},{"@type":"Person","@id":"https:\/\/ismfrance.org\/#\/schema\/person\/3c411eb72adfaae19c0dca1f41fae01d","name":"mru_01","image":{"@type":"ImageObject","inLanguage":"fr-FR","@id":"https:\/\/secure.gravatar.com\/avatar\/3a0be343b445d2ccc79e87444a294fad2b232e90d2051d0e3cc219e1ecd6a330?s=96&d=mm&r=g","url":"https:\/\/secure.gravatar.com\/avatar\/3a0be343b445d2ccc79e87444a294fad2b232e90d2051d0e3cc219e1ecd6a330?s=96&d=mm&r=g","contentUrl":"https:\/\/secure.gravatar.com\/avatar\/3a0be343b445d2ccc79e87444a294fad2b232e90d2051d0e3cc219e1ecd6a330?s=96&d=mm&r=g","caption":"mru_01"},"url":"https:\/\/ismfrance.org\/index.php\/author\/admin02\/"}]}},"_links":{"self":[{"href":"https:\/\/ismfrance.org\/index.php\/wp-json\/wp\/v2\/posts\/1828","targetHints":{"allow":["GET"]}}],"collection":[{"href":"https:\/\/ismfrance.org\/index.php\/wp-json\/wp\/v2\/posts"}],"about":[{"href":"https:\/\/ismfrance.org\/index.php\/wp-json\/wp\/v2\/types\/post"}],"author":[{"embeddable":true,"href":"https:\/\/ismfrance.org\/index.php\/wp-json\/wp\/v2\/users\/3"}],"replies":[{"embeddable":true,"href":"https:\/\/ismfrance.org\/index.php\/wp-json\/wp\/v2\/comments?post=1828"}],"version-history":[{"count":0,"href":"https:\/\/ismfrance.org\/index.php\/wp-json\/wp\/v2\/posts\/1828\/revisions"}],"wp:featuredmedia":[{"embeddable":true,"href":"https:\/\/ismfrance.org\/index.php\/wp-json\/wp\/v2\/media\/1829"}],"wp:attachment":[{"href":"https:\/\/ismfrance.org\/index.php\/wp-json\/wp\/v2\/media?parent=1828"}],"wp:term":[{"taxonomy":"category","embeddable":true,"href":"https:\/\/ismfrance.org\/index.php\/wp-json\/wp\/v2\/categories?post=1828"},{"taxonomy":"post_tag","embeddable":true,"href":"https:\/\/ismfrance.org\/index.php\/wp-json\/wp\/v2\/tags?post=1828"}],"curies":[{"name":"wp","href":"https:\/\/api.w.org\/{rel}","templated":true}]}}