{"id":18226,"date":"2025-02-07T17:59:54","date_gmt":"2025-02-07T16:59:54","guid":{"rendered":"https:\/\/ismfrance.org\/?p=18226"},"modified":"2025-02-07T17:59:54","modified_gmt":"2025-02-07T16:59:54","slug":"proces-pour-apologie-du-terrorisme-a-montpellier-le-militant-decolonial-condamne-en-appel","status":"publish","type":"post","link":"https:\/\/ismfrance.org\/index.php\/2025\/02\/07\/proces-pour-apologie-du-terrorisme-a-montpellier-le-militant-decolonial-condamne-en-appel\/","title":{"rendered":"Proc\u00e8s pour apologie du terrorisme \u00e0 Montpellier : le militant d\u00e9colonial condamn\u00e9 en appel"},"content":{"rendered":"<p><strong>Le Poing, 6 f\u00e9vrier 2025. <\/strong>Abdel. L., militant d\u00e9colonial qui avait, lors d\u2019une manifestation \u00e0 Montpellier le 4 novembre 2023, salu\u00e9 comme un \u00ab acte de r\u00e9sistance \u00bb, \u00ab h\u00e9ro\u00efque \u00bb, l\u2019attaque du 7 octobre par le Hamas, a finalement \u00e9t\u00e9 condamn\u00e9 en appel \u00e0 un an de prison avec sursis et une inscription au fichier des auteurs d\u2019infractions terroristes.<\/p>\n<p><a href=\"https:\/\/ismfrance.org\/wp-content\/uploads\/2025\/02\/resistance-is-not-terrorisme-720x400-1.jpg\"><img loading=\"lazy\" decoding=\"async\" class=\"alignnone size-large wp-image-18228\" src=\"https:\/\/ismfrance.org\/wp-content\/uploads\/2025\/02\/resistance-is-not-terrorisme-720x400-1-700x389.jpg\" alt=\"\" width=\"600\" height=\"333\" srcset=\"https:\/\/ismfrance.org\/wp-content\/uploads\/2025\/02\/resistance-is-not-terrorisme-720x400-1-700x389.jpg 700w, https:\/\/ismfrance.org\/wp-content\/uploads\/2025\/02\/resistance-is-not-terrorisme-720x400-1-300x167.jpg 300w, https:\/\/ismfrance.org\/wp-content\/uploads\/2025\/02\/resistance-is-not-terrorisme-720x400-1.jpg 720w\" sizes=\"auto, (max-width: 600px) 100vw, 600px\" \/><\/a><\/p>\n<p>C\u2019est ce lundi 3 f\u00e9vrier que la d\u00e9cision de justice a finalement \u00e9t\u00e9 rendue concernant Abdel L.. Ce militant d\u00e9colonial \u00e9tait jug\u00e9 en appel le 2 d\u00e9cembre dernier \u00e0 Montpellier pour avoir, lors d\u2019une manifestation de soutien \u00e0 la Palestine, parl\u00e9 de l\u2019attaque du 7 octobre perp\u00e9tr\u00e9e par le Hamas comme d\u2019un<em>\u00a0\u201cacte de r\u00e9sistance\u201d \u201ch\u00e9ro\u00efque.\u201d\u00a0<\/em>En premi\u00e8re instance, il avait \u00e9t\u00e9 condamn\u00e9 \u00e0 un an de prison avec sursis et une inscription au fichier des auteurs d\u2019infractions terroristes. Une peine confirm\u00e9e en appel et accompagn\u00e9e de 2802 \u20ac de dommages et int\u00e9r\u00eats et 4500\u20ac de frais de justice pour les parties civiles en appel, \u00e0 savoir le\u00a0<em>Bureau National de vigilance contre l\u2019antis\u00e9mitisme<\/em>,\u00a0<em>Avocat sans fronti\u00e8re<\/em>\u00a0et\u00a0<em>Organisation juive europ\u00e9enne<\/em>. Abdel L. a annonc\u00e9 son intention de se pourvoir en cassation.<\/p>\n<p><a href=\"https:\/\/lepoing.net\/montpellier-linterminable-proces-de-lapologie-du-terrorisme\/\" target=\"_blank\" rel=\"noreferrer noopener\">Lors de l\u2019interminable audience\u00a0<\/a>du 2 d\u00e9cembre dernier, Il n\u2019a cess\u00e9 de marteler que son propos est d\u2019inscrire la situation actuelle de la Palestine dans une large compr\u00e9hension politique de sa situation de suj\u00e9tions coloniale. Et comme il le faisait lors de la manifestation du 4 novembre 2023, il n\u2019y voit comme issue que\u00a0<em>\u00ab\u00a0l\u2019application du droit international, sur une terre o\u00f9 les m\u00eames droits seraient accord\u00e9s \u00e0 tous\u00a0\u00bb<\/em>.<\/p>\n<p>On se rappellera de\u00a0<a href=\"https:\/\/www.liberation.fr\/societe\/apologie-du-terrorisme-lex-juge-antiterroriste-marc-trevidic-denonce-un-usage-devoye-de-la-loi-20241009_KN66MILFKVGMNHC5IXBFF3LAPE\/\" target=\"_blank\" rel=\"noreferrer noopener\">l\u2019interview, tr\u00e8s troublante, de Marc Tr\u00e9vidic,<\/a>\u00a0le plus c\u00e9l\u00e8bre des juges fran\u00e7ais anti-terroristes, estimant r\u00e9cemment que cette loi de 2014 sur le d\u00e9lit d\u2019apologie du terrorisme, a conduit \u00e0\u00a0<em>\u00ab\u00a0de v\u00e9ritables abus\u00a0\u00bb<\/em>. Au moins six cents cas de poursuites contre des militants pro-palestiniens ont \u00e9t\u00e9 relev\u00e9s en France depuis le 7 octobre 2023. Le juge Tr\u00e9vidic en appelle au\u00a0<em>\u00ab\u00a0courage politique\u00a0\u00bb\u00a0<\/em>d\u2019<em>\u00ab\u00a0oser faire machine arri\u00e8re\u00a0\u00bb,\u00a0<\/em>en laissant cette incrimination l\u00e0 o\u00f9 elle se trouvait jusqu\u2019alors, dans la loi g\u00e9n\u00e9rale et constitutive de la D\u00e9mocratie fran\u00e7aise, traitant de la libert\u00e9 de la presse.<\/p>\n<p>Source : <a href=\"https:\/\/lepoing.net\/proces-pour-apologie-du-terrorisme-a-montpellier-le-militant-decolonial-condamne-en-appel\/\">Le Poing<\/a><\/p>\n","protected":false},"excerpt":{"rendered":"<p>Le Poing, 6 f\u00e9vrier 2025. Abdel. L., militant d\u00e9colonial qui avait, lors d\u2019une manifestation \u00e0 Montpellier le 4 novembre 2023, salu\u00e9 comme un \u00ab acte de r\u00e9sistance \u00bb, \u00ab h\u00e9ro\u00efque <a class=\"more-link\" href=\"https:\/\/ismfrance.org\/index.php\/2025\/02\/07\/proces-pour-apologie-du-terrorisme-a-montpellier-le-militant-decolonial-condamne-en-appel\/\">Lire la suite &rarr;<\/a><\/p>\n","protected":false},"author":3,"featured_media":18228,"comment_status":"closed","ping_status":"closed","sticky":false,"template":"","format":"standard","meta":{"footnotes":""},"categories":[2,14],"tags":[109,55,70],"class_list":["post-18226","post","type-post","status-publish","format-standard","has-post-thumbnail","hentry","category-articles","category-communiques","tag-criminalisation","tag-materiel-de-lutte","tag-repression"],"yoast_head":"<!-- This site is optimized with the Yoast SEO plugin v27.2 - https:\/\/yoast.com\/product\/yoast-seo-wordpress\/ -->\n<title>Proc\u00e8s pour apologie du terrorisme \u00e0 Montpellier : le militant d\u00e9colonial condamn\u00e9 en appel - International Solidarity Movement - ISM-France<\/title>\n<meta name=\"robots\" content=\"index, follow, max-snippet:-1, max-image-preview:large, max-video-preview:-1\" \/>\n<link rel=\"canonical\" href=\"https:\/\/ismfrance.org\/index.php\/2025\/02\/07\/proces-pour-apologie-du-terrorisme-a-montpellier-le-militant-decolonial-condamne-en-appel\/\" \/>\n<meta property=\"og:locale\" content=\"fr_FR\" \/>\n<meta property=\"og:type\" content=\"article\" \/>\n<meta property=\"og:title\" content=\"Proc\u00e8s pour apologie du terrorisme \u00e0 Montpellier : le militant d\u00e9colonial condamn\u00e9 en appel - International Solidarity Movement - ISM-France\" \/>\n<meta property=\"og:description\" content=\"Le Poing, 6 f\u00e9vrier 2025. Abdel. L., militant d\u00e9colonial qui avait, lors d\u2019une manifestation \u00e0 Montpellier le 4 novembre 2023, salu\u00e9 comme un \u00ab acte de r\u00e9sistance \u00bb, \u00ab h\u00e9ro\u00efque Lire la suite &rarr;\" \/>\n<meta property=\"og:url\" content=\"https:\/\/ismfrance.org\/index.php\/2025\/02\/07\/proces-pour-apologie-du-terrorisme-a-montpellier-le-militant-decolonial-condamne-en-appel\/\" \/>\n<meta property=\"og:site_name\" content=\"International Solidarity Movement - ISM-France\" \/>\n<meta property=\"article:published_time\" content=\"2025-02-07T16:59:54+00:00\" \/>\n<meta property=\"og:image\" content=\"https:\/\/ismfrance.org\/wp-content\/uploads\/2025\/02\/resistance-is-not-terrorisme-720x400-1.jpg\" \/>\n\t<meta property=\"og:image:width\" content=\"720\" \/>\n\t<meta property=\"og:image:height\" content=\"400\" \/>\n\t<meta property=\"og:image:type\" content=\"image\/jpeg\" \/>\n<meta name=\"author\" content=\"mru_01\" \/>\n<meta name=\"twitter:card\" content=\"summary_large_image\" \/>\n<meta name=\"twitter:creator\" content=\"@ISMFRANCE\" \/>\n<meta name=\"twitter:site\" content=\"@ISMFRANCE\" \/>\n<meta name=\"twitter:label1\" content=\"\u00c9crit par\" \/>\n\t<meta name=\"twitter:data1\" content=\"mru_01\" \/>\n\t<meta name=\"twitter:label2\" content=\"Dur\u00e9e de lecture estim\u00e9e\" \/>\n\t<meta name=\"twitter:data2\" content=\"3 minutes\" \/>\n<script type=\"application\/ld+json\" class=\"yoast-schema-graph\">{\"@context\":\"https:\/\/schema.org\",\"@graph\":[{\"@type\":\"Article\",\"@id\":\"https:\/\/ismfrance.org\/index.php\/2025\/02\/07\/proces-pour-apologie-du-terrorisme-a-montpellier-le-militant-decolonial-condamne-en-appel\/#article\",\"isPartOf\":{\"@id\":\"https:\/\/ismfrance.org\/index.php\/2025\/02\/07\/proces-pour-apologie-du-terrorisme-a-montpellier-le-militant-decolonial-condamne-en-appel\/\"},\"author\":{\"name\":\"mru_01\",\"@id\":\"https:\/\/ismfrance.org\/#\/schema\/person\/3c411eb72adfaae19c0dca1f41fae01d\"},\"headline\":\"Proc\u00e8s pour apologie du terrorisme \u00e0 Montpellier : le militant d\u00e9colonial condamn\u00e9 en appel\",\"datePublished\":\"2025-02-07T16:59:54+00:00\",\"mainEntityOfPage\":{\"@id\":\"https:\/\/ismfrance.org\/index.php\/2025\/02\/07\/proces-pour-apologie-du-terrorisme-a-montpellier-le-militant-decolonial-condamne-en-appel\/\"},\"wordCount\":405,\"publisher\":{\"@id\":\"https:\/\/ismfrance.org\/#organization\"},\"image\":{\"@id\":\"https:\/\/ismfrance.org\/index.php\/2025\/02\/07\/proces-pour-apologie-du-terrorisme-a-montpellier-le-militant-decolonial-condamne-en-appel\/#primaryimage\"},\"thumbnailUrl\":\"https:\/\/ismfrance.org\/wp-content\/uploads\/2025\/02\/resistance-is-not-terrorisme-720x400-1.jpg\",\"keywords\":[\"Criminalisation\",\"Mat\u00e9riel de lutte\",\"R\u00e9pression\"],\"articleSection\":[\"Articles\",\"Communiqu\u00e9s\"],\"inLanguage\":\"fr-FR\"},{\"@type\":\"WebPage\",\"@id\":\"https:\/\/ismfrance.org\/index.php\/2025\/02\/07\/proces-pour-apologie-du-terrorisme-a-montpellier-le-militant-decolonial-condamne-en-appel\/\",\"url\":\"https:\/\/ismfrance.org\/index.php\/2025\/02\/07\/proces-pour-apologie-du-terrorisme-a-montpellier-le-militant-decolonial-condamne-en-appel\/\",\"name\":\"Proc\u00e8s pour apologie du terrorisme \u00e0 Montpellier : le militant d\u00e9colonial condamn\u00e9 en appel - International Solidarity Movement - ISM-France\",\"isPartOf\":{\"@id\":\"https:\/\/ismfrance.org\/#website\"},\"primaryImageOfPage\":{\"@id\":\"https:\/\/ismfrance.org\/index.php\/2025\/02\/07\/proces-pour-apologie-du-terrorisme-a-montpellier-le-militant-decolonial-condamne-en-appel\/#primaryimage\"},\"image\":{\"@id\":\"https:\/\/ismfrance.org\/index.php\/2025\/02\/07\/proces-pour-apologie-du-terrorisme-a-montpellier-le-militant-decolonial-condamne-en-appel\/#primaryimage\"},\"thumbnailUrl\":\"https:\/\/ismfrance.org\/wp-content\/uploads\/2025\/02\/resistance-is-not-terrorisme-720x400-1.jpg\",\"datePublished\":\"2025-02-07T16:59:54+00:00\",\"breadcrumb\":{\"@id\":\"https:\/\/ismfrance.org\/index.php\/2025\/02\/07\/proces-pour-apologie-du-terrorisme-a-montpellier-le-militant-decolonial-condamne-en-appel\/#breadcrumb\"},\"inLanguage\":\"fr-FR\",\"potentialAction\":[{\"@type\":\"ReadAction\",\"target\":[\"https:\/\/ismfrance.org\/index.php\/2025\/02\/07\/proces-pour-apologie-du-terrorisme-a-montpellier-le-militant-decolonial-condamne-en-appel\/\"]}]},{\"@type\":\"ImageObject\",\"inLanguage\":\"fr-FR\",\"@id\":\"https:\/\/ismfrance.org\/index.php\/2025\/02\/07\/proces-pour-apologie-du-terrorisme-a-montpellier-le-militant-decolonial-condamne-en-appel\/#primaryimage\",\"url\":\"https:\/\/ismfrance.org\/wp-content\/uploads\/2025\/02\/resistance-is-not-terrorisme-720x400-1.jpg\",\"contentUrl\":\"https:\/\/ismfrance.org\/wp-content\/uploads\/2025\/02\/resistance-is-not-terrorisme-720x400-1.jpg\",\"width\":720,\"height\":400},{\"@type\":\"BreadcrumbList\",\"@id\":\"https:\/\/ismfrance.org\/index.php\/2025\/02\/07\/proces-pour-apologie-du-terrorisme-a-montpellier-le-militant-decolonial-condamne-en-appel\/#breadcrumb\",\"itemListElement\":[{\"@type\":\"ListItem\",\"position\":1,\"name\":\"Accueil\",\"item\":\"https:\/\/ismfrance.org\/\"},{\"@type\":\"ListItem\",\"position\":2,\"name\":\"Proc\u00e8s pour apologie du terrorisme \u00e0 Montpellier : le militant d\u00e9colonial condamn\u00e9 en appel\"}]},{\"@type\":\"WebSite\",\"@id\":\"https:\/\/ismfrance.org\/#website\",\"url\":\"https:\/\/ismfrance.org\/\",\"name\":\"ISM Palestine France\",\"description\":\"Soutien aux luttes de lib\u00e9ration du peuple palestinien\",\"publisher\":{\"@id\":\"https:\/\/ismfrance.org\/#organization\"},\"potentialAction\":[{\"@type\":\"SearchAction\",\"target\":{\"@type\":\"EntryPoint\",\"urlTemplate\":\"https:\/\/ismfrance.org\/?s={search_term_string}\"},\"query-input\":{\"@type\":\"PropertyValueSpecification\",\"valueRequired\":true,\"valueName\":\"search_term_string\"}}],\"inLanguage\":\"fr-FR\"},{\"@type\":\"Organization\",\"@id\":\"https:\/\/ismfrance.org\/#organization\",\"name\":\"International Solidarity Movement\",\"url\":\"https:\/\/ismfrance.org\/\",\"logo\":{\"@type\":\"ImageObject\",\"inLanguage\":\"fr-FR\",\"@id\":\"https:\/\/ismfrance.org\/#\/schema\/logo\/image\/\",\"url\":\"https:\/\/ismfrance.org\/wp-content\/uploads\/2020\/12\/00.png\",\"contentUrl\":\"https:\/\/ismfrance.org\/wp-content\/uploads\/2020\/12\/00.png\",\"width\":400,\"height\":400,\"caption\":\"International Solidarity Movement\"},\"image\":{\"@id\":\"https:\/\/ismfrance.org\/#\/schema\/logo\/image\/\"},\"sameAs\":[\"https:\/\/x.com\/ISMFRANCE\"]},{\"@type\":\"Person\",\"@id\":\"https:\/\/ismfrance.org\/#\/schema\/person\/3c411eb72adfaae19c0dca1f41fae01d\",\"name\":\"mru_01\",\"image\":{\"@type\":\"ImageObject\",\"inLanguage\":\"fr-FR\",\"@id\":\"https:\/\/secure.gravatar.com\/avatar\/3a0be343b445d2ccc79e87444a294fad2b232e90d2051d0e3cc219e1ecd6a330?s=96&d=mm&r=g\",\"url\":\"https:\/\/secure.gravatar.com\/avatar\/3a0be343b445d2ccc79e87444a294fad2b232e90d2051d0e3cc219e1ecd6a330?s=96&d=mm&r=g\",\"contentUrl\":\"https:\/\/secure.gravatar.com\/avatar\/3a0be343b445d2ccc79e87444a294fad2b232e90d2051d0e3cc219e1ecd6a330?s=96&d=mm&r=g\",\"caption\":\"mru_01\"},\"url\":\"https:\/\/ismfrance.org\/index.php\/author\/admin02\/\"}]}<\/script>\n<!-- \/ Yoast SEO plugin. -->","yoast_head_json":{"title":"Proc\u00e8s pour apologie du terrorisme \u00e0 Montpellier : le militant d\u00e9colonial condamn\u00e9 en appel - International Solidarity Movement - ISM-France","robots":{"index":"index","follow":"follow","max-snippet":"max-snippet:-1","max-image-preview":"max-image-preview:large","max-video-preview":"max-video-preview:-1"},"canonical":"https:\/\/ismfrance.org\/index.php\/2025\/02\/07\/proces-pour-apologie-du-terrorisme-a-montpellier-le-militant-decolonial-condamne-en-appel\/","og_locale":"fr_FR","og_type":"article","og_title":"Proc\u00e8s pour apologie du terrorisme \u00e0 Montpellier : le militant d\u00e9colonial condamn\u00e9 en appel - International Solidarity Movement - ISM-France","og_description":"Le Poing, 6 f\u00e9vrier 2025. Abdel. L., militant d\u00e9colonial qui avait, lors d\u2019une manifestation \u00e0 Montpellier le 4 novembre 2023, salu\u00e9 comme un \u00ab acte de r\u00e9sistance \u00bb, \u00ab h\u00e9ro\u00efque Lire la suite &rarr;","og_url":"https:\/\/ismfrance.org\/index.php\/2025\/02\/07\/proces-pour-apologie-du-terrorisme-a-montpellier-le-militant-decolonial-condamne-en-appel\/","og_site_name":"International Solidarity Movement - ISM-France","article_published_time":"2025-02-07T16:59:54+00:00","og_image":[{"width":720,"height":400,"url":"https:\/\/ismfrance.org\/wp-content\/uploads\/2025\/02\/resistance-is-not-terrorisme-720x400-1.jpg","type":"image\/jpeg"}],"author":"mru_01","twitter_card":"summary_large_image","twitter_creator":"@ISMFRANCE","twitter_site":"@ISMFRANCE","twitter_misc":{"\u00c9crit par":"mru_01","Dur\u00e9e de lecture estim\u00e9e":"3 minutes"},"schema":{"@context":"https:\/\/schema.org","@graph":[{"@type":"Article","@id":"https:\/\/ismfrance.org\/index.php\/2025\/02\/07\/proces-pour-apologie-du-terrorisme-a-montpellier-le-militant-decolonial-condamne-en-appel\/#article","isPartOf":{"@id":"https:\/\/ismfrance.org\/index.php\/2025\/02\/07\/proces-pour-apologie-du-terrorisme-a-montpellier-le-militant-decolonial-condamne-en-appel\/"},"author":{"name":"mru_01","@id":"https:\/\/ismfrance.org\/#\/schema\/person\/3c411eb72adfaae19c0dca1f41fae01d"},"headline":"Proc\u00e8s pour apologie du terrorisme \u00e0 Montpellier : le militant d\u00e9colonial condamn\u00e9 en appel","datePublished":"2025-02-07T16:59:54+00:00","mainEntityOfPage":{"@id":"https:\/\/ismfrance.org\/index.php\/2025\/02\/07\/proces-pour-apologie-du-terrorisme-a-montpellier-le-militant-decolonial-condamne-en-appel\/"},"wordCount":405,"publisher":{"@id":"https:\/\/ismfrance.org\/#organization"},"image":{"@id":"https:\/\/ismfrance.org\/index.php\/2025\/02\/07\/proces-pour-apologie-du-terrorisme-a-montpellier-le-militant-decolonial-condamne-en-appel\/#primaryimage"},"thumbnailUrl":"https:\/\/ismfrance.org\/wp-content\/uploads\/2025\/02\/resistance-is-not-terrorisme-720x400-1.jpg","keywords":["Criminalisation","Mat\u00e9riel de lutte","R\u00e9pression"],"articleSection":["Articles","Communiqu\u00e9s"],"inLanguage":"fr-FR"},{"@type":"WebPage","@id":"https:\/\/ismfrance.org\/index.php\/2025\/02\/07\/proces-pour-apologie-du-terrorisme-a-montpellier-le-militant-decolonial-condamne-en-appel\/","url":"https:\/\/ismfrance.org\/index.php\/2025\/02\/07\/proces-pour-apologie-du-terrorisme-a-montpellier-le-militant-decolonial-condamne-en-appel\/","name":"Proc\u00e8s pour apologie du terrorisme \u00e0 Montpellier : le militant d\u00e9colonial condamn\u00e9 en appel - International Solidarity Movement - ISM-France","isPartOf":{"@id":"https:\/\/ismfrance.org\/#website"},"primaryImageOfPage":{"@id":"https:\/\/ismfrance.org\/index.php\/2025\/02\/07\/proces-pour-apologie-du-terrorisme-a-montpellier-le-militant-decolonial-condamne-en-appel\/#primaryimage"},"image":{"@id":"https:\/\/ismfrance.org\/index.php\/2025\/02\/07\/proces-pour-apologie-du-terrorisme-a-montpellier-le-militant-decolonial-condamne-en-appel\/#primaryimage"},"thumbnailUrl":"https:\/\/ismfrance.org\/wp-content\/uploads\/2025\/02\/resistance-is-not-terrorisme-720x400-1.jpg","datePublished":"2025-02-07T16:59:54+00:00","breadcrumb":{"@id":"https:\/\/ismfrance.org\/index.php\/2025\/02\/07\/proces-pour-apologie-du-terrorisme-a-montpellier-le-militant-decolonial-condamne-en-appel\/#breadcrumb"},"inLanguage":"fr-FR","potentialAction":[{"@type":"ReadAction","target":["https:\/\/ismfrance.org\/index.php\/2025\/02\/07\/proces-pour-apologie-du-terrorisme-a-montpellier-le-militant-decolonial-condamne-en-appel\/"]}]},{"@type":"ImageObject","inLanguage":"fr-FR","@id":"https:\/\/ismfrance.org\/index.php\/2025\/02\/07\/proces-pour-apologie-du-terrorisme-a-montpellier-le-militant-decolonial-condamne-en-appel\/#primaryimage","url":"https:\/\/ismfrance.org\/wp-content\/uploads\/2025\/02\/resistance-is-not-terrorisme-720x400-1.jpg","contentUrl":"https:\/\/ismfrance.org\/wp-content\/uploads\/2025\/02\/resistance-is-not-terrorisme-720x400-1.jpg","width":720,"height":400},{"@type":"BreadcrumbList","@id":"https:\/\/ismfrance.org\/index.php\/2025\/02\/07\/proces-pour-apologie-du-terrorisme-a-montpellier-le-militant-decolonial-condamne-en-appel\/#breadcrumb","itemListElement":[{"@type":"ListItem","position":1,"name":"Accueil","item":"https:\/\/ismfrance.org\/"},{"@type":"ListItem","position":2,"name":"Proc\u00e8s pour apologie du terrorisme \u00e0 Montpellier : le militant d\u00e9colonial condamn\u00e9 en appel"}]},{"@type":"WebSite","@id":"https:\/\/ismfrance.org\/#website","url":"https:\/\/ismfrance.org\/","name":"ISM Palestine France","description":"Soutien aux luttes de lib\u00e9ration du peuple palestinien","publisher":{"@id":"https:\/\/ismfrance.org\/#organization"},"potentialAction":[{"@type":"SearchAction","target":{"@type":"EntryPoint","urlTemplate":"https:\/\/ismfrance.org\/?s={search_term_string}"},"query-input":{"@type":"PropertyValueSpecification","valueRequired":true,"valueName":"search_term_string"}}],"inLanguage":"fr-FR"},{"@type":"Organization","@id":"https:\/\/ismfrance.org\/#organization","name":"International Solidarity Movement","url":"https:\/\/ismfrance.org\/","logo":{"@type":"ImageObject","inLanguage":"fr-FR","@id":"https:\/\/ismfrance.org\/#\/schema\/logo\/image\/","url":"https:\/\/ismfrance.org\/wp-content\/uploads\/2020\/12\/00.png","contentUrl":"https:\/\/ismfrance.org\/wp-content\/uploads\/2020\/12\/00.png","width":400,"height":400,"caption":"International Solidarity Movement"},"image":{"@id":"https:\/\/ismfrance.org\/#\/schema\/logo\/image\/"},"sameAs":["https:\/\/x.com\/ISMFRANCE"]},{"@type":"Person","@id":"https:\/\/ismfrance.org\/#\/schema\/person\/3c411eb72adfaae19c0dca1f41fae01d","name":"mru_01","image":{"@type":"ImageObject","inLanguage":"fr-FR","@id":"https:\/\/secure.gravatar.com\/avatar\/3a0be343b445d2ccc79e87444a294fad2b232e90d2051d0e3cc219e1ecd6a330?s=96&d=mm&r=g","url":"https:\/\/secure.gravatar.com\/avatar\/3a0be343b445d2ccc79e87444a294fad2b232e90d2051d0e3cc219e1ecd6a330?s=96&d=mm&r=g","contentUrl":"https:\/\/secure.gravatar.com\/avatar\/3a0be343b445d2ccc79e87444a294fad2b232e90d2051d0e3cc219e1ecd6a330?s=96&d=mm&r=g","caption":"mru_01"},"url":"https:\/\/ismfrance.org\/index.php\/author\/admin02\/"}]}},"_links":{"self":[{"href":"https:\/\/ismfrance.org\/index.php\/wp-json\/wp\/v2\/posts\/18226","targetHints":{"allow":["GET"]}}],"collection":[{"href":"https:\/\/ismfrance.org\/index.php\/wp-json\/wp\/v2\/posts"}],"about":[{"href":"https:\/\/ismfrance.org\/index.php\/wp-json\/wp\/v2\/types\/post"}],"author":[{"embeddable":true,"href":"https:\/\/ismfrance.org\/index.php\/wp-json\/wp\/v2\/users\/3"}],"replies":[{"embeddable":true,"href":"https:\/\/ismfrance.org\/index.php\/wp-json\/wp\/v2\/comments?post=18226"}],"version-history":[{"count":0,"href":"https:\/\/ismfrance.org\/index.php\/wp-json\/wp\/v2\/posts\/18226\/revisions"}],"wp:featuredmedia":[{"embeddable":true,"href":"https:\/\/ismfrance.org\/index.php\/wp-json\/wp\/v2\/media\/18228"}],"wp:attachment":[{"href":"https:\/\/ismfrance.org\/index.php\/wp-json\/wp\/v2\/media?parent=18226"}],"wp:term":[{"taxonomy":"category","embeddable":true,"href":"https:\/\/ismfrance.org\/index.php\/wp-json\/wp\/v2\/categories?post=18226"},{"taxonomy":"post_tag","embeddable":true,"href":"https:\/\/ismfrance.org\/index.php\/wp-json\/wp\/v2\/tags?post=18226"}],"curies":[{"name":"wp","href":"https:\/\/api.w.org\/{rel}","templated":true}]}}