{"id":18190,"date":"2025-02-06T17:52:03","date_gmt":"2025-02-06T16:52:03","guid":{"rendered":"https:\/\/ismfrance.org\/?p=18190"},"modified":"2025-02-06T17:52:22","modified_gmt":"2025-02-06T16:52:22","slug":"notre-peuple-ne-se-soumettra-ni-aux-plans-de-transfert-de-trump-ni-aux-projets-de-colonisation-de-loccupation","status":"publish","type":"post","link":"https:\/\/ismfrance.org\/index.php\/2025\/02\/06\/notre-peuple-ne-se-soumettra-ni-aux-plans-de-transfert-de-trump-ni-aux-projets-de-colonisation-de-loccupation\/","title":{"rendered":"\u00ab\u00a0Notre peuple ne se soumettra ni aux plans de transfert de Trump ni aux projets de colonisation de l\u2019occupation\u00a0\u00bb"},"content":{"rendered":"<p><span style=\"color: #000000;\"><span style=\"font-family: Verdana, sans-serif;\"><span style=\"font-size: medium;\"><strong>Centre palestinien d&rsquo;information, 6 f\u00e9vrier 2025<\/strong>. Mardi, Mahmoud Mardawi, dirigeant du mouvement de r\u00e9sistance islamique Hamas, a exprim\u00e9 son rejet absolu des propositions de l\u2019ex-pr\u00e9sident am\u00e9ricain Donald Trump, les qualifiant de prolongement des projets coloniaux visant \u00e0 effacer la question palestinienne et \u00e0 annuler les droits du peuple palestinien sur sa terre.<\/span><\/span><\/span><\/p>\n<div id=\"attachment_18191\" style=\"width: 610px\" class=\"wp-caption aligncenter\"><a href=\"https:\/\/ismfrance.org\/wp-content\/uploads\/2025\/02\/GjHahjbWkAAnwci.jpeg\"><img loading=\"lazy\" decoding=\"async\" aria-describedby=\"caption-attachment-18191\" class=\"size-large wp-image-18191\" src=\"https:\/\/ismfrance.org\/wp-content\/uploads\/2025\/02\/GjHahjbWkAAnwci-700x467.jpeg\" alt=\"\" width=\"600\" height=\"400\" srcset=\"https:\/\/ismfrance.org\/wp-content\/uploads\/2025\/02\/GjHahjbWkAAnwci-700x467.jpeg 700w, https:\/\/ismfrance.org\/wp-content\/uploads\/2025\/02\/GjHahjbWkAAnwci-300x200.jpeg 300w, https:\/\/ismfrance.org\/wp-content\/uploads\/2025\/02\/GjHahjbWkAAnwci-768x512.jpeg 768w, https:\/\/ismfrance.org\/wp-content\/uploads\/2025\/02\/GjHahjbWkAAnwci.jpeg 1080w\" sizes=\"auto, (max-width: 600px) 100vw, 600px\" \/><\/a><p id=\"caption-attachment-18191\" class=\"wp-caption-text\"><em><strong>Rassemblement devant le consulat am\u00e9ricain \u00e0 Pozna\u0144 (Pologne), en solidarit\u00e9 avec la Palestine et pour condamner les propos de D. Trump sur la prise de contr\u00f4le de la bande de Gaza apr\u00e8s avoir expuls\u00e9 les Palestiniens vers d&rsquo;autres pays. (source <a href=\"https:\/\/x.com\/QudsNen\/status\/1887530012380635538\">Quds News Network<\/a>)<\/strong><\/em><\/p><\/div>\n<p><span style=\"color: #000000;\"><span style=\"font-family: Verdana, sans-serif;\"><span style=\"font-size: medium;\">Mardawi a affirm\u00e9 que ces propos refl\u00e9taient une vision raciste qui cherche \u00e0 d\u00e9raciner le peuple palestinien et \u00e0 red\u00e9finir la carte politique et g\u00e9ographique de la r\u00e9gion au profit des int\u00e9r\u00eats sionistes et coloniaux.<\/span><\/span><\/span><\/p>\n<p><span style=\"color: #000000;\"><span style=\"font-family: Verdana, sans-serif;\"><span style=\"font-size: medium;\">Il a ajout\u00e9 que la r\u00e9ponse \u00e0 ces propos devait \u00eatre une s\u00e9rie de mesures politiques, diplomatiques et sur le terrain, notamment en renfor\u00e7ant l\u2019unit\u00e9 nationale palestinienne et en formant un front national uni pour \u00e9laborer une strat\u00e9gie compl\u00e8te visant \u00e0 faire face aux menaces pesant sur Gaza et la Palestine en g\u00e9n\u00e9ral.<\/span><\/span><\/span><\/p>\n<p><span style=\"color: #000000;\"><span style=\"font-family: Verdana, sans-serif;\"><span style=\"font-size: medium;\">Mardawi a soulign\u00e9 l\u2019importance de l\u2019unification de la position politique palestinienne afin de rejeter toute solution qui toucherait les droits du peuple palestinien ou tenterait de l\u2019expulser de sa terre. Il a \u00e9galement appel\u00e9 \u00e0 des actions diplomatiques au niveau arabe et international, en sollicitant la Ligue arabe et l\u2019Organisation de la coop\u00e9ration islamique pour organiser des r\u00e9unions d\u2019urgence afin d\u2019examiner ces menaces et prendre une position officielle et ferme contre elles.<\/span><\/span><\/span><\/p>\n<p><span style=\"color: #000000;\"><span style=\"font-family: Verdana, sans-serif;\"><span style=\"font-size: medium;\">Il a insist\u00e9 sur la n\u00e9cessit\u00e9 de renforcer la r\u00e9sistance populaire sous toutes ses formes \u00e0 Gaza, en Cisjordanie et dans les territoires palestiniens occup\u00e9s pour rejeter ces projets. \u00ab\u00a0Il est essentiel de r\u00e9sister \u00e0 toute tentative d\u2019imposer de nouveaux faits sur le terrain et de r\u00e9affirmer le droit des Palestiniens \u00e0 rester sur leur terre et \u00e0 r\u00e9sister \u00e0 l\u2019occupation par tous les moyens l\u00e9gitimes\u00a0\u00bb, a-t-il ajout\u00e9.<\/span><\/span><\/span><\/p>\n<p><span style=\"color: #000000;\"><span style=\"font-family: Verdana, sans-serif;\"><span style=\"font-size: medium;\">Enfin, Mardawi a soulign\u00e9 l\u2019importance de mobiliser les m\u00e9dias palestiniens, arabes et internationaux pour d\u00e9voiler la dangerosit\u00e9 de ces d\u00e9clarations et exposer leurs objectifs r\u00e9els, tout en renfor\u00e7ant le soutien populaire arabe et islamique \u00e0 la cause palestinienne et en rejetant toute tentative de reproduire une nouvelle Nakba pour le peuple palestinien.<\/span><\/span><\/span><\/p>\n<p><span style=\"color: #000000;\"><span style=\"font-family: Verdana, sans-serif;\"><span style=\"font-size: medium;\">Il a conclu en affirmant que \u00ab le peuple palestinien \u00e0 Gaza, en Cisjordanie, \u00e0 J\u00e9ru<\/span><\/span><\/span><span style=\"color: #000000;\"><span style=\"font-family: Verdana, sans-serif;\"><span style=\"font-size: medium;\">salem et dans les territoires occup\u00e9s ne renoncera pas \u00e0 ses droits et ne permettra aucune tentative de l\u2019expulser de sa terre. Les propos de Trump ne sont qu\u2019une nouvelle illusion de l\u2019administration am\u00e9ricaine partiale envers l\u2019occupation, et ce projet \u00e9chouera comme ont \u00e9chou\u00e9 toutes les tentatives pr\u00e9c\u00e9dentes.\u00a0\u00bb<\/span><\/span><\/span><\/p>\n<p><em><span style=\"color: #000000;\"><span style=\"font-family: Verdana, sans-serif;\"><span style=\"font-size: medium;\">Source\u00a0: <a href=\"https:\/\/french.palinfo.com\/actualites\/2025\/02\/06\/323668\/\">Centre Palestinien d&rsquo;Information<\/a> <\/span><\/span><\/span><\/em><\/p>\n","protected":false},"excerpt":{"rendered":"<p>Centre palestinien d&rsquo;information, 6 f\u00e9vrier 2025. Mardi, Mahmoud Mardawi, dirigeant du mouvement de r\u00e9sistance islamique Hamas, a exprim\u00e9 son rejet absolu des propositions de l\u2019ex-pr\u00e9sident am\u00e9ricain Donald Trump, les qualifiant <a class=\"more-link\" href=\"https:\/\/ismfrance.org\/index.php\/2025\/02\/06\/notre-peuple-ne-se-soumettra-ni-aux-plans-de-transfert-de-trump-ni-aux-projets-de-colonisation-de-loccupation\/\">Lire la suite &rarr;<\/a><\/p>\n","protected":false},"author":3,"featured_media":18191,"comment_status":"closed","ping_status":"closed","sticky":false,"template":"","format":"standard","meta":{"footnotes":""},"categories":[2,14],"tags":[45,3,440],"class_list":["post-18190","post","type-post","status-publish","format-standard","has-post-thumbnail","hentry","category-articles","category-communiques","tag-nettoyage-ethnique","tag-resistance","tag-trump"],"yoast_head":"<!-- This site is optimized with the Yoast SEO plugin v27.2 - https:\/\/yoast.com\/product\/yoast-seo-wordpress\/ -->\n<title>\u00ab\u00a0Notre peuple ne se soumettra ni aux plans de transfert de Trump ni aux projets de colonisation de l\u2019occupation\u00a0\u00bb - International Solidarity Movement - ISM-France<\/title>\n<meta name=\"robots\" content=\"index, follow, max-snippet:-1, max-image-preview:large, max-video-preview:-1\" \/>\n<link rel=\"canonical\" href=\"https:\/\/ismfrance.org\/index.php\/2025\/02\/06\/notre-peuple-ne-se-soumettra-ni-aux-plans-de-transfert-de-trump-ni-aux-projets-de-colonisation-de-loccupation\/\" \/>\n<meta property=\"og:locale\" content=\"fr_FR\" \/>\n<meta property=\"og:type\" content=\"article\" \/>\n<meta property=\"og:title\" content=\"\u00ab\u00a0Notre peuple ne se soumettra ni aux plans de transfert de Trump ni aux projets de colonisation de l\u2019occupation\u00a0\u00bb - International Solidarity Movement - ISM-France\" \/>\n<meta property=\"og:description\" content=\"Centre palestinien d&rsquo;information, 6 f\u00e9vrier 2025. Mardi, Mahmoud Mardawi, dirigeant du mouvement de r\u00e9sistance islamique Hamas, a exprim\u00e9 son rejet absolu des propositions de l\u2019ex-pr\u00e9sident am\u00e9ricain Donald Trump, les qualifiant Lire la suite &rarr;\" \/>\n<meta property=\"og:url\" content=\"https:\/\/ismfrance.org\/index.php\/2025\/02\/06\/notre-peuple-ne-se-soumettra-ni-aux-plans-de-transfert-de-trump-ni-aux-projets-de-colonisation-de-loccupation\/\" \/>\n<meta property=\"og:site_name\" content=\"International Solidarity Movement - ISM-France\" \/>\n<meta property=\"article:published_time\" content=\"2025-02-06T16:52:03+00:00\" \/>\n<meta property=\"article:modified_time\" content=\"2025-02-06T16:52:22+00:00\" \/>\n<meta property=\"og:image\" content=\"https:\/\/ismfrance.org\/wp-content\/uploads\/2025\/02\/GjHahjbWkAAnwci.jpeg\" \/>\n\t<meta property=\"og:image:width\" content=\"1080\" \/>\n\t<meta property=\"og:image:height\" content=\"720\" \/>\n\t<meta property=\"og:image:type\" content=\"image\/jpeg\" \/>\n<meta name=\"author\" content=\"mru_01\" \/>\n<meta name=\"twitter:card\" content=\"summary_large_image\" \/>\n<meta name=\"twitter:creator\" content=\"@ISMFRANCE\" \/>\n<meta name=\"twitter:site\" content=\"@ISMFRANCE\" \/>\n<meta name=\"twitter:label1\" content=\"\u00c9crit par\" \/>\n\t<meta name=\"twitter:data1\" content=\"mru_01\" \/>\n\t<meta name=\"twitter:label2\" content=\"Dur\u00e9e de lecture estim\u00e9e\" \/>\n\t<meta name=\"twitter:data2\" content=\"3 minutes\" \/>\n<script type=\"application\/ld+json\" class=\"yoast-schema-graph\">{\"@context\":\"https:\/\/schema.org\",\"@graph\":[{\"@type\":\"Article\",\"@id\":\"https:\/\/ismfrance.org\/index.php\/2025\/02\/06\/notre-peuple-ne-se-soumettra-ni-aux-plans-de-transfert-de-trump-ni-aux-projets-de-colonisation-de-loccupation\/#article\",\"isPartOf\":{\"@id\":\"https:\/\/ismfrance.org\/index.php\/2025\/02\/06\/notre-peuple-ne-se-soumettra-ni-aux-plans-de-transfert-de-trump-ni-aux-projets-de-colonisation-de-loccupation\/\"},\"author\":{\"name\":\"mru_01\",\"@id\":\"https:\/\/ismfrance.org\/#\/schema\/person\/3c411eb72adfaae19c0dca1f41fae01d\"},\"headline\":\"\u00ab\u00a0Notre peuple ne se soumettra ni aux plans de transfert de Trump ni aux projets de colonisation de l\u2019occupation\u00a0\u00bb\",\"datePublished\":\"2025-02-06T16:52:03+00:00\",\"dateModified\":\"2025-02-06T16:52:22+00:00\",\"mainEntityOfPage\":{\"@id\":\"https:\/\/ismfrance.org\/index.php\/2025\/02\/06\/notre-peuple-ne-se-soumettra-ni-aux-plans-de-transfert-de-trump-ni-aux-projets-de-colonisation-de-loccupation\/\"},\"wordCount\":508,\"publisher\":{\"@id\":\"https:\/\/ismfrance.org\/#organization\"},\"image\":{\"@id\":\"https:\/\/ismfrance.org\/index.php\/2025\/02\/06\/notre-peuple-ne-se-soumettra-ni-aux-plans-de-transfert-de-trump-ni-aux-projets-de-colonisation-de-loccupation\/#primaryimage\"},\"thumbnailUrl\":\"https:\/\/ismfrance.org\/wp-content\/uploads\/2025\/02\/GjHahjbWkAAnwci.jpeg\",\"keywords\":[\"nettoyage ethnique\",\"R\u00e9sistance\",\"Trump\"],\"articleSection\":[\"Articles\",\"Communiqu\u00e9s\"],\"inLanguage\":\"fr-FR\"},{\"@type\":\"WebPage\",\"@id\":\"https:\/\/ismfrance.org\/index.php\/2025\/02\/06\/notre-peuple-ne-se-soumettra-ni-aux-plans-de-transfert-de-trump-ni-aux-projets-de-colonisation-de-loccupation\/\",\"url\":\"https:\/\/ismfrance.org\/index.php\/2025\/02\/06\/notre-peuple-ne-se-soumettra-ni-aux-plans-de-transfert-de-trump-ni-aux-projets-de-colonisation-de-loccupation\/\",\"name\":\"\u00ab\u00a0Notre peuple ne se soumettra ni aux plans de transfert de Trump ni aux projets de colonisation de l\u2019occupation\u00a0\u00bb - International Solidarity Movement - ISM-France\",\"isPartOf\":{\"@id\":\"https:\/\/ismfrance.org\/#website\"},\"primaryImageOfPage\":{\"@id\":\"https:\/\/ismfrance.org\/index.php\/2025\/02\/06\/notre-peuple-ne-se-soumettra-ni-aux-plans-de-transfert-de-trump-ni-aux-projets-de-colonisation-de-loccupation\/#primaryimage\"},\"image\":{\"@id\":\"https:\/\/ismfrance.org\/index.php\/2025\/02\/06\/notre-peuple-ne-se-soumettra-ni-aux-plans-de-transfert-de-trump-ni-aux-projets-de-colonisation-de-loccupation\/#primaryimage\"},\"thumbnailUrl\":\"https:\/\/ismfrance.org\/wp-content\/uploads\/2025\/02\/GjHahjbWkAAnwci.jpeg\",\"datePublished\":\"2025-02-06T16:52:03+00:00\",\"dateModified\":\"2025-02-06T16:52:22+00:00\",\"breadcrumb\":{\"@id\":\"https:\/\/ismfrance.org\/index.php\/2025\/02\/06\/notre-peuple-ne-se-soumettra-ni-aux-plans-de-transfert-de-trump-ni-aux-projets-de-colonisation-de-loccupation\/#breadcrumb\"},\"inLanguage\":\"fr-FR\",\"potentialAction\":[{\"@type\":\"ReadAction\",\"target\":[\"https:\/\/ismfrance.org\/index.php\/2025\/02\/06\/notre-peuple-ne-se-soumettra-ni-aux-plans-de-transfert-de-trump-ni-aux-projets-de-colonisation-de-loccupation\/\"]}]},{\"@type\":\"ImageObject\",\"inLanguage\":\"fr-FR\",\"@id\":\"https:\/\/ismfrance.org\/index.php\/2025\/02\/06\/notre-peuple-ne-se-soumettra-ni-aux-plans-de-transfert-de-trump-ni-aux-projets-de-colonisation-de-loccupation\/#primaryimage\",\"url\":\"https:\/\/ismfrance.org\/wp-content\/uploads\/2025\/02\/GjHahjbWkAAnwci.jpeg\",\"contentUrl\":\"https:\/\/ismfrance.org\/wp-content\/uploads\/2025\/02\/GjHahjbWkAAnwci.jpeg\",\"width\":1080,\"height\":720,\"caption\":\"Des militants se sont rassembl\u00e9s devant le consulat am\u00e9ricain \u00e0 Pozna\u0144, en solidarit\u00e9 avec la Palestine et pour condamner les propos de Donald Trump sur la prise de contr\u00f4le de la bande de Gaza apr\u00e8s avoir expuls\u00e9 les Palestiniens vers d'autres pays.\"},{\"@type\":\"BreadcrumbList\",\"@id\":\"https:\/\/ismfrance.org\/index.php\/2025\/02\/06\/notre-peuple-ne-se-soumettra-ni-aux-plans-de-transfert-de-trump-ni-aux-projets-de-colonisation-de-loccupation\/#breadcrumb\",\"itemListElement\":[{\"@type\":\"ListItem\",\"position\":1,\"name\":\"Accueil\",\"item\":\"https:\/\/ismfrance.org\/\"},{\"@type\":\"ListItem\",\"position\":2,\"name\":\"\u00ab\u00a0Notre peuple ne se soumettra ni aux plans de transfert de Trump ni aux projets de colonisation de l\u2019occupation\u00a0\u00bb\"}]},{\"@type\":\"WebSite\",\"@id\":\"https:\/\/ismfrance.org\/#website\",\"url\":\"https:\/\/ismfrance.org\/\",\"name\":\"ISM Palestine France\",\"description\":\"Soutien aux luttes de lib\u00e9ration du peuple palestinien\",\"publisher\":{\"@id\":\"https:\/\/ismfrance.org\/#organization\"},\"potentialAction\":[{\"@type\":\"SearchAction\",\"target\":{\"@type\":\"EntryPoint\",\"urlTemplate\":\"https:\/\/ismfrance.org\/?s={search_term_string}\"},\"query-input\":{\"@type\":\"PropertyValueSpecification\",\"valueRequired\":true,\"valueName\":\"search_term_string\"}}],\"inLanguage\":\"fr-FR\"},{\"@type\":\"Organization\",\"@id\":\"https:\/\/ismfrance.org\/#organization\",\"name\":\"International Solidarity Movement\",\"url\":\"https:\/\/ismfrance.org\/\",\"logo\":{\"@type\":\"ImageObject\",\"inLanguage\":\"fr-FR\",\"@id\":\"https:\/\/ismfrance.org\/#\/schema\/logo\/image\/\",\"url\":\"https:\/\/ismfrance.org\/wp-content\/uploads\/2020\/12\/00.png\",\"contentUrl\":\"https:\/\/ismfrance.org\/wp-content\/uploads\/2020\/12\/00.png\",\"width\":400,\"height\":400,\"caption\":\"International Solidarity Movement\"},\"image\":{\"@id\":\"https:\/\/ismfrance.org\/#\/schema\/logo\/image\/\"},\"sameAs\":[\"https:\/\/x.com\/ISMFRANCE\"]},{\"@type\":\"Person\",\"@id\":\"https:\/\/ismfrance.org\/#\/schema\/person\/3c411eb72adfaae19c0dca1f41fae01d\",\"name\":\"mru_01\",\"image\":{\"@type\":\"ImageObject\",\"inLanguage\":\"fr-FR\",\"@id\":\"https:\/\/secure.gravatar.com\/avatar\/3a0be343b445d2ccc79e87444a294fad2b232e90d2051d0e3cc219e1ecd6a330?s=96&d=mm&r=g\",\"url\":\"https:\/\/secure.gravatar.com\/avatar\/3a0be343b445d2ccc79e87444a294fad2b232e90d2051d0e3cc219e1ecd6a330?s=96&d=mm&r=g\",\"contentUrl\":\"https:\/\/secure.gravatar.com\/avatar\/3a0be343b445d2ccc79e87444a294fad2b232e90d2051d0e3cc219e1ecd6a330?s=96&d=mm&r=g\",\"caption\":\"mru_01\"},\"url\":\"https:\/\/ismfrance.org\/index.php\/author\/admin02\/\"}]}<\/script>\n<!-- \/ Yoast SEO plugin. -->","yoast_head_json":{"title":"\u00ab\u00a0Notre peuple ne se soumettra ni aux plans de transfert de Trump ni aux projets de colonisation de l\u2019occupation\u00a0\u00bb - International Solidarity Movement - ISM-France","robots":{"index":"index","follow":"follow","max-snippet":"max-snippet:-1","max-image-preview":"max-image-preview:large","max-video-preview":"max-video-preview:-1"},"canonical":"https:\/\/ismfrance.org\/index.php\/2025\/02\/06\/notre-peuple-ne-se-soumettra-ni-aux-plans-de-transfert-de-trump-ni-aux-projets-de-colonisation-de-loccupation\/","og_locale":"fr_FR","og_type":"article","og_title":"\u00ab\u00a0Notre peuple ne se soumettra ni aux plans de transfert de Trump ni aux projets de colonisation de l\u2019occupation\u00a0\u00bb - International Solidarity Movement - ISM-France","og_description":"Centre palestinien d&rsquo;information, 6 f\u00e9vrier 2025. Mardi, Mahmoud Mardawi, dirigeant du mouvement de r\u00e9sistance islamique Hamas, a exprim\u00e9 son rejet absolu des propositions de l\u2019ex-pr\u00e9sident am\u00e9ricain Donald Trump, les qualifiant Lire la suite &rarr;","og_url":"https:\/\/ismfrance.org\/index.php\/2025\/02\/06\/notre-peuple-ne-se-soumettra-ni-aux-plans-de-transfert-de-trump-ni-aux-projets-de-colonisation-de-loccupation\/","og_site_name":"International Solidarity Movement - ISM-France","article_published_time":"2025-02-06T16:52:03+00:00","article_modified_time":"2025-02-06T16:52:22+00:00","og_image":[{"width":1080,"height":720,"url":"https:\/\/ismfrance.org\/wp-content\/uploads\/2025\/02\/GjHahjbWkAAnwci.jpeg","type":"image\/jpeg"}],"author":"mru_01","twitter_card":"summary_large_image","twitter_creator":"@ISMFRANCE","twitter_site":"@ISMFRANCE","twitter_misc":{"\u00c9crit par":"mru_01","Dur\u00e9e de lecture estim\u00e9e":"3 minutes"},"schema":{"@context":"https:\/\/schema.org","@graph":[{"@type":"Article","@id":"https:\/\/ismfrance.org\/index.php\/2025\/02\/06\/notre-peuple-ne-se-soumettra-ni-aux-plans-de-transfert-de-trump-ni-aux-projets-de-colonisation-de-loccupation\/#article","isPartOf":{"@id":"https:\/\/ismfrance.org\/index.php\/2025\/02\/06\/notre-peuple-ne-se-soumettra-ni-aux-plans-de-transfert-de-trump-ni-aux-projets-de-colonisation-de-loccupation\/"},"author":{"name":"mru_01","@id":"https:\/\/ismfrance.org\/#\/schema\/person\/3c411eb72adfaae19c0dca1f41fae01d"},"headline":"\u00ab\u00a0Notre peuple ne se soumettra ni aux plans de transfert de Trump ni aux projets de colonisation de l\u2019occupation\u00a0\u00bb","datePublished":"2025-02-06T16:52:03+00:00","dateModified":"2025-02-06T16:52:22+00:00","mainEntityOfPage":{"@id":"https:\/\/ismfrance.org\/index.php\/2025\/02\/06\/notre-peuple-ne-se-soumettra-ni-aux-plans-de-transfert-de-trump-ni-aux-projets-de-colonisation-de-loccupation\/"},"wordCount":508,"publisher":{"@id":"https:\/\/ismfrance.org\/#organization"},"image":{"@id":"https:\/\/ismfrance.org\/index.php\/2025\/02\/06\/notre-peuple-ne-se-soumettra-ni-aux-plans-de-transfert-de-trump-ni-aux-projets-de-colonisation-de-loccupation\/#primaryimage"},"thumbnailUrl":"https:\/\/ismfrance.org\/wp-content\/uploads\/2025\/02\/GjHahjbWkAAnwci.jpeg","keywords":["nettoyage ethnique","R\u00e9sistance","Trump"],"articleSection":["Articles","Communiqu\u00e9s"],"inLanguage":"fr-FR"},{"@type":"WebPage","@id":"https:\/\/ismfrance.org\/index.php\/2025\/02\/06\/notre-peuple-ne-se-soumettra-ni-aux-plans-de-transfert-de-trump-ni-aux-projets-de-colonisation-de-loccupation\/","url":"https:\/\/ismfrance.org\/index.php\/2025\/02\/06\/notre-peuple-ne-se-soumettra-ni-aux-plans-de-transfert-de-trump-ni-aux-projets-de-colonisation-de-loccupation\/","name":"\u00ab\u00a0Notre peuple ne se soumettra ni aux plans de transfert de Trump ni aux projets de colonisation de l\u2019occupation\u00a0\u00bb - International Solidarity Movement - ISM-France","isPartOf":{"@id":"https:\/\/ismfrance.org\/#website"},"primaryImageOfPage":{"@id":"https:\/\/ismfrance.org\/index.php\/2025\/02\/06\/notre-peuple-ne-se-soumettra-ni-aux-plans-de-transfert-de-trump-ni-aux-projets-de-colonisation-de-loccupation\/#primaryimage"},"image":{"@id":"https:\/\/ismfrance.org\/index.php\/2025\/02\/06\/notre-peuple-ne-se-soumettra-ni-aux-plans-de-transfert-de-trump-ni-aux-projets-de-colonisation-de-loccupation\/#primaryimage"},"thumbnailUrl":"https:\/\/ismfrance.org\/wp-content\/uploads\/2025\/02\/GjHahjbWkAAnwci.jpeg","datePublished":"2025-02-06T16:52:03+00:00","dateModified":"2025-02-06T16:52:22+00:00","breadcrumb":{"@id":"https:\/\/ismfrance.org\/index.php\/2025\/02\/06\/notre-peuple-ne-se-soumettra-ni-aux-plans-de-transfert-de-trump-ni-aux-projets-de-colonisation-de-loccupation\/#breadcrumb"},"inLanguage":"fr-FR","potentialAction":[{"@type":"ReadAction","target":["https:\/\/ismfrance.org\/index.php\/2025\/02\/06\/notre-peuple-ne-se-soumettra-ni-aux-plans-de-transfert-de-trump-ni-aux-projets-de-colonisation-de-loccupation\/"]}]},{"@type":"ImageObject","inLanguage":"fr-FR","@id":"https:\/\/ismfrance.org\/index.php\/2025\/02\/06\/notre-peuple-ne-se-soumettra-ni-aux-plans-de-transfert-de-trump-ni-aux-projets-de-colonisation-de-loccupation\/#primaryimage","url":"https:\/\/ismfrance.org\/wp-content\/uploads\/2025\/02\/GjHahjbWkAAnwci.jpeg","contentUrl":"https:\/\/ismfrance.org\/wp-content\/uploads\/2025\/02\/GjHahjbWkAAnwci.jpeg","width":1080,"height":720,"caption":"Des militants se sont rassembl\u00e9s devant le consulat am\u00e9ricain \u00e0 Pozna\u0144, en solidarit\u00e9 avec la Palestine et pour condamner les propos de Donald Trump sur la prise de contr\u00f4le de la bande de Gaza apr\u00e8s avoir expuls\u00e9 les Palestiniens vers d'autres pays."},{"@type":"BreadcrumbList","@id":"https:\/\/ismfrance.org\/index.php\/2025\/02\/06\/notre-peuple-ne-se-soumettra-ni-aux-plans-de-transfert-de-trump-ni-aux-projets-de-colonisation-de-loccupation\/#breadcrumb","itemListElement":[{"@type":"ListItem","position":1,"name":"Accueil","item":"https:\/\/ismfrance.org\/"},{"@type":"ListItem","position":2,"name":"\u00ab\u00a0Notre peuple ne se soumettra ni aux plans de transfert de Trump ni aux projets de colonisation de l\u2019occupation\u00a0\u00bb"}]},{"@type":"WebSite","@id":"https:\/\/ismfrance.org\/#website","url":"https:\/\/ismfrance.org\/","name":"ISM Palestine France","description":"Soutien aux luttes de lib\u00e9ration du peuple palestinien","publisher":{"@id":"https:\/\/ismfrance.org\/#organization"},"potentialAction":[{"@type":"SearchAction","target":{"@type":"EntryPoint","urlTemplate":"https:\/\/ismfrance.org\/?s={search_term_string}"},"query-input":{"@type":"PropertyValueSpecification","valueRequired":true,"valueName":"search_term_string"}}],"inLanguage":"fr-FR"},{"@type":"Organization","@id":"https:\/\/ismfrance.org\/#organization","name":"International Solidarity Movement","url":"https:\/\/ismfrance.org\/","logo":{"@type":"ImageObject","inLanguage":"fr-FR","@id":"https:\/\/ismfrance.org\/#\/schema\/logo\/image\/","url":"https:\/\/ismfrance.org\/wp-content\/uploads\/2020\/12\/00.png","contentUrl":"https:\/\/ismfrance.org\/wp-content\/uploads\/2020\/12\/00.png","width":400,"height":400,"caption":"International Solidarity Movement"},"image":{"@id":"https:\/\/ismfrance.org\/#\/schema\/logo\/image\/"},"sameAs":["https:\/\/x.com\/ISMFRANCE"]},{"@type":"Person","@id":"https:\/\/ismfrance.org\/#\/schema\/person\/3c411eb72adfaae19c0dca1f41fae01d","name":"mru_01","image":{"@type":"ImageObject","inLanguage":"fr-FR","@id":"https:\/\/secure.gravatar.com\/avatar\/3a0be343b445d2ccc79e87444a294fad2b232e90d2051d0e3cc219e1ecd6a330?s=96&d=mm&r=g","url":"https:\/\/secure.gravatar.com\/avatar\/3a0be343b445d2ccc79e87444a294fad2b232e90d2051d0e3cc219e1ecd6a330?s=96&d=mm&r=g","contentUrl":"https:\/\/secure.gravatar.com\/avatar\/3a0be343b445d2ccc79e87444a294fad2b232e90d2051d0e3cc219e1ecd6a330?s=96&d=mm&r=g","caption":"mru_01"},"url":"https:\/\/ismfrance.org\/index.php\/author\/admin02\/"}]}},"_links":{"self":[{"href":"https:\/\/ismfrance.org\/index.php\/wp-json\/wp\/v2\/posts\/18190","targetHints":{"allow":["GET"]}}],"collection":[{"href":"https:\/\/ismfrance.org\/index.php\/wp-json\/wp\/v2\/posts"}],"about":[{"href":"https:\/\/ismfrance.org\/index.php\/wp-json\/wp\/v2\/types\/post"}],"author":[{"embeddable":true,"href":"https:\/\/ismfrance.org\/index.php\/wp-json\/wp\/v2\/users\/3"}],"replies":[{"embeddable":true,"href":"https:\/\/ismfrance.org\/index.php\/wp-json\/wp\/v2\/comments?post=18190"}],"version-history":[{"count":0,"href":"https:\/\/ismfrance.org\/index.php\/wp-json\/wp\/v2\/posts\/18190\/revisions"}],"wp:featuredmedia":[{"embeddable":true,"href":"https:\/\/ismfrance.org\/index.php\/wp-json\/wp\/v2\/media\/18191"}],"wp:attachment":[{"href":"https:\/\/ismfrance.org\/index.php\/wp-json\/wp\/v2\/media?parent=18190"}],"wp:term":[{"taxonomy":"category","embeddable":true,"href":"https:\/\/ismfrance.org\/index.php\/wp-json\/wp\/v2\/categories?post=18190"},{"taxonomy":"post_tag","embeddable":true,"href":"https:\/\/ismfrance.org\/index.php\/wp-json\/wp\/v2\/tags?post=18190"}],"curies":[{"name":"wp","href":"https:\/\/api.w.org\/{rel}","templated":true}]}}