{"id":18127,"date":"2025-02-03T18:50:42","date_gmt":"2025-02-03T17:50:42","guid":{"rendered":"https:\/\/ismfrance.org\/?p=18127"},"modified":"2025-02-03T18:50:42","modified_gmt":"2025-02-03T17:50:42","slug":"temoignages-de-gazaouis-la-survie-qui-sorganise-au-jour-le-jour-dans-lenfer-de-gaza-partie-300-2-fevrier-voyage-vers-le-nord","status":"publish","type":"post","link":"https:\/\/ismfrance.org\/index.php\/2025\/02\/03\/temoignages-de-gazaouis-la-survie-qui-sorganise-au-jour-le-jour-dans-lenfer-de-gaza-partie-300-2-fevrier-voyage-vers-le-nord\/","title":{"rendered":"T\u00e9moignages de Gazaouis : La survie qui s\u2019organise au jour le jour dans l\u2019enfer de Gaza \u2013 partie 300\/ 2 f\u00e9vrier \u2013 Voyage vers le nord"},"content":{"rendered":"<p align=\"LEFT\"><span style=\"color: #000000;\"><span style=\"font-family: Arial, sans-serif;\"><span style=\"font-size: medium;\"><strong> Brigitte Challande, 3 f\u00e9vrier 2025<\/strong>. Abu Amir nous raconte son voyage vers le nord, le 2 f\u00e9vrier.<\/span><\/span><\/span><\/p>\n<p align=\"LEFT\"><strong><span style=\"color: #000000;\"><span style=\"font-family: Arial, sans-serif;\"><span style=\"font-size: large;\">\u00ab Mon voyage \u00e0 Gaza et au nord de la bande : entre sc\u00e8nes de destruction et r\u00e9silience humaine<\/span><\/span><\/span><\/strong><\/p>\n<p align=\"LEFT\"><span style=\"color: #000000;\"><span style=\"font-family: Arial, sans-serif;\"><span style=\"font-size: medium;\"><b>D\u00e9but du voyage : de la plage de Nuseirat \u00e0 la plage de Gaza<\/b><br \/>\nMon voyage vers Gaza et le nord de la bande a commenc\u00e9 vendredi \u00e0 16h, partant de la plage de Nuseirat en direction de la plage de Gaza. Le moyen de transport que j&rsquo;ai utilis\u00e9 \u00e9tait inhabituel : une charrette tir\u00e9e par des animaux, illustrant la difficult\u00e9 des d\u00e9placements en raison de la destruction des routes et des infrastructures. Le trajet n&rsquo;\u00e9tait pas physiquement \u00e9puisant, mais le paysage qui d\u00e9filait sous mes yeux alourdissait mon c\u0153ur de tristesse et de douleur. Les ruines des villes et des villages racontaient des histoires de souffrance et de trag\u00e9die.<\/span><\/span><\/span><\/p>\n<p align=\"LEFT\"><a href=\"https:\/\/ismfrance.org\/wp-content\/uploads\/2025\/02\/marche.png\"><img loading=\"lazy\" decoding=\"async\" class=\"alignnone size-large wp-image-18136\" src=\"https:\/\/ismfrance.org\/wp-content\/uploads\/2025\/02\/marche-700x528.png\" alt=\"\" width=\"600\" height=\"453\" srcset=\"https:\/\/ismfrance.org\/wp-content\/uploads\/2025\/02\/marche-700x528.png 700w, https:\/\/ismfrance.org\/wp-content\/uploads\/2025\/02\/marche-300x226.png 300w, https:\/\/ismfrance.org\/wp-content\/uploads\/2025\/02\/marche-768x579.png 768w, https:\/\/ismfrance.org\/wp-content\/uploads\/2025\/02\/marche-350x263.png 350w, https:\/\/ismfrance.org\/wp-content\/uploads\/2025\/02\/marche.png 969w\" sizes=\"auto, (max-width: 600px) 100vw, 600px\" \/><\/a><\/p>\n<p align=\"LEFT\"><span style=\"color: #000000;\"><span style=\"font-family: Arial, sans-serif;\"><span style=\"font-size: medium;\"><b>Des villes r\u00e9duites en ruines<\/b><br \/>\nEn traversant le pont de Wadi Gaza, la destruction est apparue sous forme de b\u00e2timents en ruines. Le premier choc fut ce qui \u00e9tait autrefois un mod\u00e8le d&rsquo;architecture moderne. Il n&rsquo;en restait que quelques colonnes \u00e9parses et le minaret d&rsquo;une mosqu\u00e9e encore debout malgr\u00e9 les bombardements. Une \u00e9cole, presque m\u00e9connaissable au milieu des d\u00e9combres, t\u00e9moignait de la brutalit\u00e9 des frappes. Dix minutes apr\u00e8s avoir quitt\u00e9 cette ville, nous nous sommes approch\u00e9s de Zahra, l\u2019un des quartiers les plus chics de Gaza avant la guerre. \u00c0 1500 m\u00e8tres de distance, seules deux tours r\u00e9sidentielles restaient debout, le reste ayant \u00e9t\u00e9 r\u00e9duit en poussi\u00e8re. M\u00eame les gravats semblaient avoir disparu, comme si la ville avait \u00e9t\u00e9 compl\u00e8tement effac\u00e9e. Nous avons continu\u00e9 notre route sur la c\u00f4te, atteignant Sheikh Ajlin, une r\u00e9gion autrefois c\u00e9l\u00e8bre pour ses vignobles et ses paysages verdoyants. Ce lieu de beaut\u00e9 et de tranquillit\u00e9 n&rsquo;\u00e9tait plus qu&rsquo;un d\u00e9sert de sable et de d\u00e9combres. C\u2019est l\u00e0 que j\u2019ai compris l\u2019ampleur du d\u00e9sastre : Isra\u00ebl n\u2019a pas seulement d\u00e9truit des b\u00e2timents, elle a cherch\u00e9 \u00e0 effacer tout ce qui faisait la vie et l\u2019histoire de Gaza.<\/span><\/span><\/span><\/p>\n<p align=\"LEFT\"><a href=\"https:\/\/ismfrance.org\/wp-content\/uploads\/2025\/02\/route.png\"><img loading=\"lazy\" decoding=\"async\" class=\"alignnone size-large wp-image-18138\" src=\"https:\/\/ismfrance.org\/wp-content\/uploads\/2025\/02\/route-700x526.png\" alt=\"\" width=\"600\" height=\"451\" srcset=\"https:\/\/ismfrance.org\/wp-content\/uploads\/2025\/02\/route-700x526.png 700w, https:\/\/ismfrance.org\/wp-content\/uploads\/2025\/02\/route-300x226.png 300w, https:\/\/ismfrance.org\/wp-content\/uploads\/2025\/02\/route-768x578.png 768w, https:\/\/ismfrance.org\/wp-content\/uploads\/2025\/02\/route-350x263.png 350w, https:\/\/ismfrance.org\/wp-content\/uploads\/2025\/02\/route.png 964w\" sizes=\"auto, (max-width: 600px) 100vw, 600px\" \/><\/a><\/p>\n<p align=\"LEFT\"><span style=\"color: #000000;\"><span style=\"font-family: Arial, sans-serif;\"><span style=\"font-size: medium;\"><b>Tel al-Hawa : quand les ruines deviennent une partie de la route<\/b><br \/>\nEn arrivant \u00e0 Tel al-Hawa, nous avons \u00e9t\u00e9 frapp\u00e9s par l\u2019ampleur des destructions. Les rues \u00e9taient presque impraticables \u00e0 cause des d\u00e9combres, les b\u00e2timents effondr\u00e9s bloquaient la plupart des routes. Selon les estimations, plus de 70% de la r\u00e9gion avait \u00e9t\u00e9 ras\u00e9e. Malgr\u00e9 ces obstacles, nous avons poursuivi notre chemin jusqu\u2019au centre-ville de Gaza, o\u00f9 la destruction devenait encore plus intense \u00e0 mesure que nous avancions vers le nord.<\/span><\/span><\/span><\/p>\n<p align=\"LEFT\"><a href=\"https:\/\/ismfrance.org\/wp-content\/uploads\/2025\/02\/route1.png\"><img loading=\"lazy\" decoding=\"async\" class=\"alignnone size-large wp-image-18139\" src=\"https:\/\/ismfrance.org\/wp-content\/uploads\/2025\/02\/route1-700x524.png\" alt=\"\" width=\"600\" height=\"449\" srcset=\"https:\/\/ismfrance.org\/wp-content\/uploads\/2025\/02\/route1-700x524.png 700w, https:\/\/ismfrance.org\/wp-content\/uploads\/2025\/02\/route1-300x225.png 300w, https:\/\/ismfrance.org\/wp-content\/uploads\/2025\/02\/route1-768x575.png 768w, https:\/\/ismfrance.org\/wp-content\/uploads\/2025\/02\/route1-350x263.png 350w, https:\/\/ismfrance.org\/wp-content\/uploads\/2025\/02\/route1.png 967w\" sizes=\"auto, (max-width: 600px) 100vw, 600px\" \/><\/a><\/p>\n<p align=\"LEFT\"><span style=\"color: #000000;\"><span style=\"font-family: Arial, sans-serif;\"><span style=\"font-size: medium;\"><b>Une nuit \u00e0 Gaza : survivre au quotidien<\/b><br \/>\n\u00c0 Gaza, j\u2019ai pass\u00e9 la nuit chez un ami. Nous avons discut\u00e9 des difficult\u00e9s de la vie quotidienne : la raret\u00e9 de l\u2019eau potable, les coupures d\u2019\u00e9lectricit\u00e9 permanentes et l\u2019impossibilit\u00e9 d\u2019acc\u00e9der \u00e0 Internet. Les quelques stations aliment\u00e9es par l\u2019\u00e9nergie solaire \u00e9taient devenues le seul moyen pour les habitants de recharger leurs t\u00e9l\u00e9phones, et se connecter en ligne relevait d\u00e9sormais du luxe.<\/span><\/span><\/span><\/p>\n<p align=\"LEFT\"><span style=\"color: #000000;\"><span style=\"font-family: Arial, sans-serif;\"><span style=\"font-size: medium;\"><b>Les p\u00eacheurs : une r\u00e9silience face \u00e0 la destruction<\/b><\/span><\/span><\/span><\/p>\n<p align=\"LEFT\"><a href=\"https:\/\/ismfrance.org\/wp-content\/uploads\/2025\/02\/zakaria-1.png\"><img loading=\"lazy\" decoding=\"async\" class=\"alignnone size-large wp-image-18141\" src=\"https:\/\/ismfrance.org\/wp-content\/uploads\/2025\/02\/zakaria-1-700x526.png\" alt=\"\" width=\"600\" height=\"451\" srcset=\"https:\/\/ismfrance.org\/wp-content\/uploads\/2025\/02\/zakaria-1-700x526.png 700w, https:\/\/ismfrance.org\/wp-content\/uploads\/2025\/02\/zakaria-1-300x226.png 300w, https:\/\/ismfrance.org\/wp-content\/uploads\/2025\/02\/zakaria-1-768x578.png 768w, https:\/\/ismfrance.org\/wp-content\/uploads\/2025\/02\/zakaria-1-350x263.png 350w, https:\/\/ismfrance.org\/wp-content\/uploads\/2025\/02\/zakaria-1.png 972w\" sizes=\"auto, (max-width: 600px) 100vw, 600px\" \/><\/a><\/p>\n<p align=\"LEFT\"><span style=\"color: #000000;\"><span style=\"font-family: Arial, sans-serif;\"><span style=\"font-size: medium;\"><a href=\"https:\/\/ismfrance.org\/wp-content\/uploads\/2025\/02\/zakaria.png\"><img loading=\"lazy\" decoding=\"async\" class=\"alignnone size-large wp-image-18133\" src=\"https:\/\/ismfrance.org\/wp-content\/uploads\/2025\/02\/zakaria-700x519.png\" alt=\"\" width=\"600\" height=\"445\" srcset=\"https:\/\/ismfrance.org\/wp-content\/uploads\/2025\/02\/zakaria-700x519.png 700w, https:\/\/ismfrance.org\/wp-content\/uploads\/2025\/02\/zakaria-300x222.png 300w, https:\/\/ismfrance.org\/wp-content\/uploads\/2025\/02\/zakaria-768x569.png 768w, https:\/\/ismfrance.org\/wp-content\/uploads\/2025\/02\/zakaria.png 978w\" sizes=\"auto, (max-width: 600px) 100vw, 600px\" \/><\/a><br \/>\nLe lendemain matin, je me suis rendu au port de Gaza pour rencontrer Zakaria Bakr, pr\u00e9sident du Syndicat des P\u00eacheurs. Il m&rsquo;a montr\u00e9 les destructions inflig\u00e9es \u00e0 l&rsquo;infrastructure maritime. Bien que le port ne soit pas un site militaire, il a \u00e9t\u00e9 m\u00e9thodiquement d\u00e9truit.<\/span><\/span><\/span><\/p>\n<p align=\"LEFT\"><span style=\"color: #000000;\"><span style=\"font-family: Arial, sans-serif;\"><span style=\"font-size: medium;\">Zakaria a d\u00e9crit comment plus de 25 missiles F-16 ont frapp\u00e9 le quai, le scindant en deux et laissant un crat\u00e8re de 20 m\u00e8tres de profondeur. Les pertes sont catastrophiques :<\/span><\/span><\/span><\/p>\n<ul>\n<li>\n<p align=\"LEFT\"><span style=\"color: #000000;\"><span style=\"font-family: Arial, sans-serif;\"><span style=\"font-size: medium;\">93 grands bateaux, co\u00fbtant chacun environ 350 000 dollars, d\u00e9truits.<\/span><\/span><\/span><\/p>\n<\/li>\n<li>\n<p align=\"LEFT\"><span style=\"color: #000000;\"><span style=\"font-family: Arial, sans-serif;\"><span style=\"font-size: medium;\">500 bateaux de taille moyenne et petite an\u00e9antis.<\/span><\/span><\/span><\/p>\n<\/li>\n<li>\n<p align=\"LEFT\"><span style=\"color: #000000;\"><span style=\"font-family: Arial, sans-serif;\"><span style=\"font-size: medium;\">120 ateliers de r\u00e9paration et de stockage d\u00e9molis.<\/span><\/span><\/span><\/p>\n<\/li>\n<li>\n<p align=\"LEFT\"><span style=\"color: #000000;\"><span style=\"font-family: Arial, sans-serif;\"><span style=\"font-size: medium;\">L\u2019usine de glace qui alimentait le march\u00e9 aux poissons an\u00e9antie.<\/span><\/span><\/span><\/p>\n<\/li>\n<li>\n<p align=\"LEFT\"><span style=\"color: #000000;\"><span style=\"font-family: Arial, sans-serif;\"><span style=\"font-size: medium;\">Des filets de p\u00eache d\u2019une valeur de centaines de milliers de shekels br\u00fbl\u00e9s.<\/span><\/span><\/span><\/p>\n<\/li>\n<li>\n<p align=\"LEFT\"><span style=\"color: #000000;\"><span style=\"font-family: Arial, sans-serif;\"><span style=\"font-size: medium;\">21 bateaux touristiques compl\u00e8tement d\u00e9truits.<\/span><\/span><\/span><\/p>\n<\/li>\n<\/ul>\n<p align=\"LEFT\"><a href=\"https:\/\/ismfrance.org\/wp-content\/uploads\/2025\/02\/port.png\"><img loading=\"lazy\" decoding=\"async\" class=\"alignnone size-large wp-image-18140\" src=\"https:\/\/ismfrance.org\/wp-content\/uploads\/2025\/02\/port-700x525.png\" alt=\"\" width=\"600\" height=\"450\" srcset=\"https:\/\/ismfrance.org\/wp-content\/uploads\/2025\/02\/port-700x525.png 700w, https:\/\/ismfrance.org\/wp-content\/uploads\/2025\/02\/port-300x225.png 300w, https:\/\/ismfrance.org\/wp-content\/uploads\/2025\/02\/port-768x576.png 768w, https:\/\/ismfrance.org\/wp-content\/uploads\/2025\/02\/port-350x263.png 350w, https:\/\/ismfrance.org\/wp-content\/uploads\/2025\/02\/port.png 971w\" sizes=\"auto, (max-width: 600px) 100vw, 600px\" \/><\/a><\/p>\n<p align=\"LEFT\"><span style=\"color: #000000;\"><span style=\"font-family: Arial, sans-serif;\"><span style=\"font-size: medium;\"><b>Une image triste au fond de la mer<\/b><br \/>\nEn regardant les eaux du port, nous avons vu des dizaines de bateaux coul\u00e9s, bris\u00e9s et abandonn\u00e9s, comme des t\u00e9moins silencieux du d\u00e9sespoir des p\u00eacheurs qui d\u00e9pendaient de la mer pour survivre.<\/span><\/span><\/span><\/p>\n<p align=\"LEFT\"><span style=\"color: #000000;\"><span style=\"font-family: Arial, sans-serif;\"><span style=\"font-size: medium;\"><b>Les p\u00eacheurs cibl\u00e9s : la mort les traque sur l\u2019eau comme sur la terre<\/b><br \/>\nOutre les destructions, les p\u00eacheurs eux-m\u00eames ont \u00e9t\u00e9 directement pris pour cibles. Le 31 janvier 2025, le p\u00eacheur Saher Al-Qara\u2019an a \u00e9t\u00e9 tu\u00e9 par les tirs des navires isra\u00e9liens. Il \u00e9tait le 47e p\u00eacheur tu\u00e9 en mer en 15 mois. En tout, plus de 150 p\u00eacheurs ont \u00e9t\u00e9 tu\u00e9s, certains en mer, d&rsquo;autres chez eux lors des bombardements.<\/span><\/span><\/span><\/p>\n<p align=\"LEFT\"><span style=\"color: #000000;\"><span style=\"font-family: Arial, sans-serif;\"><span style=\"font-size: medium;\"><b>Le nord de Gaza : sc\u00e8nes de mort et de ruines<\/b><br \/>\nApr\u00e8s notre visite au port, j\u2019ai poursuivi mon voyage vers le nord de Gaza, accompagn\u00e9 par des militants humanitaires.<\/span><\/span><\/span><\/p>\n<p align=\"LEFT\"><a href=\"https:\/\/ismfrance.org\/wp-content\/uploads\/2025\/02\/destruction-1.png\"><img loading=\"lazy\" decoding=\"async\" class=\"alignnone size-large wp-image-18131\" src=\"https:\/\/ismfrance.org\/wp-content\/uploads\/2025\/02\/destruction-1-700x516.png\" alt=\"\" width=\"600\" height=\"442\" srcset=\"https:\/\/ismfrance.org\/wp-content\/uploads\/2025\/02\/destruction-1-700x516.png 700w, https:\/\/ismfrance.org\/wp-content\/uploads\/2025\/02\/destruction-1-300x221.png 300w, https:\/\/ismfrance.org\/wp-content\/uploads\/2025\/02\/destruction-1-768x567.png 768w, https:\/\/ismfrance.org\/wp-content\/uploads\/2025\/02\/destruction-1.png 972w\" sizes=\"auto, (max-width: 600px) 100vw, 600px\" \/><\/a><\/p>\n<p align=\"LEFT\"><span style=\"color: #000000;\"><span style=\"font-family: Arial, sans-serif;\"><span style=\"font-size: medium;\"><b>Une destruction totale : une vie devenue impossible<\/b><br \/>\nEn entrant dans Jabalia, la d\u00e9vastation \u00e9tait omnipr\u00e9sente. Il n\u2019y avait plus de routes, seulement des montagnes de gravats et de poussi\u00e8re. Les quartiers entiers avaient disparu, des milliers de familles se retrouvaient sans abri. En avan\u00e7ant vers Beit Lahia et Beit Hanoun, les sc\u00e8nes devenaient encore plus effroyables. Pas une seule maison n\u2019avait \u00e9t\u00e9 \u00e9pargn\u00e9e, les infrastructures d\u2019eau et d\u2019\u00e9lectricit\u00e9 \u00e9taient hors service. Au milieu de ce chaos, des enfants erraient parmi les ruines, cherchant d\u00e9sesp\u00e9r\u00e9ment des souvenirs de leurs foyers d\u00e9truits.<\/span><\/span><\/span><\/p>\n<p align=\"LEFT\"><span style=\"color: #000000;\"><span style=\"font-family: Arial, sans-serif;\"><span style=\"font-size: medium;\"><b>La lutte pour l\u2019eau potable<\/b><\/span><\/span><\/span><\/p>\n<p align=\"LEFT\"><span style=\"color: #000000;\"><span style=\"font-family: Arial, sans-serif;\"><span style=\"font-size: medium;\"><a href=\"https:\/\/ismfrance.org\/wp-content\/uploads\/2025\/02\/pompe-HS.png\"><img loading=\"lazy\" decoding=\"async\" class=\"alignnone size-large wp-image-18129\" src=\"https:\/\/ismfrance.org\/wp-content\/uploads\/2025\/02\/pompe-HS-700x524.png\" alt=\"\" width=\"600\" height=\"449\" srcset=\"https:\/\/ismfrance.org\/wp-content\/uploads\/2025\/02\/pompe-HS-700x524.png 700w, https:\/\/ismfrance.org\/wp-content\/uploads\/2025\/02\/pompe-HS-300x225.png 300w, https:\/\/ismfrance.org\/wp-content\/uploads\/2025\/02\/pompe-HS-768x575.png 768w, https:\/\/ismfrance.org\/wp-content\/uploads\/2025\/02\/pompe-HS-350x263.png 350w, https:\/\/ismfrance.org\/wp-content\/uploads\/2025\/02\/pompe-HS.png 971w\" sizes=\"auto, (max-width: 600px) 100vw, 600px\" \/><\/a><br \/>\nLes militants m&rsquo;ont emmen\u00e9 voir des puits d\u00e9truits. \u00c0 Jabalia, un puits a \u00e9t\u00e9 compl\u00e8tement d\u00e9moli, incapable de pomper la moindre goutte d\u2019eau. \u00c0 Beit Lahia, un autre puits est hors service, privant des centaines de familles d\u2019eau potable. Un habitant m\u2019a dit, la voix bris\u00e9e :<br \/>\n\u00ab\u00a0<i>Nous ne demandons que de l\u2019eau. Nous ne cherchons plus le confort, juste de quoi survivre.<\/i>\u00ab\u00a0<\/span><\/span><\/span><\/p>\n<p align=\"LEFT\"><span style=\"color: #000000;\"><span style=\"font-family: Arial, sans-serif;\"><span style=\"font-size: medium;\"><b>Rencontre avec les habitants : t\u00e9moignages d\u2019une vie impossible<\/b><br \/>\n\u00c0 Beit Hanoun, un homme nomm\u00e9 Abou Mohammed m\u2019a montr\u00e9 les ruines de sa maison en disant : <i>\u00ab\u00a0Ici se trouvait ma maison, o\u00f9 vivaient mes six enfants. Maintenant, nous <\/i><i>dormons sous les d\u00e9combres et buvons une eau sale. Mais o\u00f9 pouvons-nous aller ?<\/i>\u00ab\u00a0<\/span><\/span><\/span><\/p>\n<p align=\"LEFT\"><span style=\"color: #000000;\"><span style=\"font-family: Arial, sans-serif;\"><span style=\"font-size: medium;\">\u00c0 Jabalia, une vieille femme, Oum Khaled, assise sous une tente de fortune avec son petit-fils, m\u2019a confi\u00e9 en larmes : \u00ab\u00a0<i>Nous menions une vie simple mais digne. Aujourd\u2019hui, nous n\u2019avons plus rien, ni nourriture, ni eau, ni m\u00eame un endroit pour dormir<\/i>.\u00a0\u00bb<\/span><\/span><\/span><\/p>\n<p align=\"LEFT\"><span style=\"color: #000000;\"><span style=\"font-family: Arial, sans-serif;\"><span style=\"font-size: medium;\"><b>Efforts humanitaires : un espoir au milieu des ruines<\/b><br \/>\nMalgr\u00e9 la d\u00e9tresse, les militants humanitaires s\u2019effor\u00e7aient de mettre en place des initiatives pour soulager les souffrances :<\/span><\/span><\/span><\/p>\n<ol>\n<li>\n<p align=\"LEFT\"><span style=\"color: #000000;\"><span style=\"font-family: Arial, sans-serif;\"><span style=\"font-size: medium;\">R\u00e9parer les puits d\u2019eau endommag\u00e9s.<\/span><\/span><\/span><\/p>\n<\/li>\n<li>\n<p align=\"LEFT\"><span style=\"color: #000000;\"><span style=\"font-family: Arial, sans-serif;\"><span style=\"font-size: medium;\">Installer des stations de dessalement mobiles.<\/span><\/span><\/span><\/p>\n<\/li>\n<li>\n<p align=\"LEFT\"><span style=\"color: #000000;\"><span style=\"font-family: Arial, sans-serif;\"><span style=\"font-size: medium;\">Construire de nouveaux camps pour les sans-abri.<\/span><\/span><\/span><\/p>\n<\/li>\n<li>\n<p align=\"LEFT\"><span style=\"color: #000000;\"><span style=\"font-family: Arial, sans-serif;\"><span style=\"font-size: medium;\">Distribuer des denr\u00e9es alimentaires et de l\u2019eau potable.<\/span><\/span><\/span><\/p>\n<\/li>\n<li>\n<p align=\"LEFT\"><span style=\"color: #000000;\"><span style=\"font-family: Arial, sans-serif;\"><span style=\"font-size: medium;\">Utiliser des camions-citernes pour approvisionner les zones les plus touch\u00e9es.<\/span><\/span><\/span><\/p>\n<\/li>\n<\/ol>\n<p align=\"LEFT\"><span style=\"color: #000000;\"><span style=\"font-family: Arial, sans-serif;\"><span style=\"font-size: medium;\">Touch\u00e9 par leurs efforts, j\u2019ai d\u00e9cid\u00e9 de financer deux camions d\u2019eau, l\u2019un pour Beit Lahia et l\u2019autre pour Beit Hanoun, via l\u2019organisation UJFP.<\/span><\/span><\/span><\/p>\n<p align=\"LEFT\"><span style=\"color: #000000;\"><span style=\"font-family: Arial, sans-serif;\"><span style=\"font-size: medium;\"><b>Conclusion : Gaza, un symbole de r\u00e9silience<\/b><br \/>\nMon voyage \u00e0 Gaza et au nord de la bande s\u2019est termin\u00e9, mais les sc\u00e8nes de destruction resteront grav\u00e9es en moi. Malgr\u00e9 les ruines, les pertes et la souffrance, Gaza reste debout, port\u00e9e par la d\u00e9termination et le courage de son peuple. Gaza n\u2019est pas qu\u2019une ville, c\u2019est une histoire de r\u00e9sistance. Et tant qu\u2019il y aura des Palestiniens pour y vivre, Gaza ne mourra jamais.<\/span><\/span><\/span><\/p>\n<p align=\"LEFT\"><span style=\"color: #000000;\"><span style=\"font-family: Arial, sans-serif;\"><span style=\"font-size: medium;\"><i><b>Photos et vid\u00e9os <a href=\"https:\/\/drive.google.com\/drive\/folders\/1MwlLonTBkxglxWuOE37z-FIcyWP24D8A\">ICI<\/a>.<\/b><\/i><\/span><\/span><\/span><\/p>\n<hr \/>\n<p align=\"LEFT\"><strong>Retrouvez l\u2019ensemble des t\u00e9moignages d\u2019Abu Amir et Marsel :<\/strong><\/p>\n<p>*<strong>Abu Amir Mutasem Ele\u00efwa<\/strong>\u00a0est coordinateur des Projets paysans depuis 2016 au sud de la bande de Gaza et correspondant de l\u2019Union Juive Fran\u00e7aise pour la Paix.<\/p>\n<p>*<strong>Marsel Alledawi<\/strong>\u00a0est responsable du Centre Ibn Sina du nord de la bande de Gaza, centre qui se consacre au suivi \u00e9ducatif et psychologique de l\u2019enfance.<\/p>\n<p>Tous les deux sont soutenus par l\u2019UJFP en France.<\/p>\n<p><strong><em>Cliquez ici pour consulter les\u00a0<a href=\"https:\/\/ismfrance.org\/index.php\/temoignages-gazaouis-survie-enfer-gaza-1\/\" target=\"_blank\" rel=\"noopener\">T\u00e9moignages du 20 novembre 2023 au 5 janvier 2025.<\/a><\/em><\/strong><\/p>\n<p><a href=\"https:\/\/ismfrance.org\/index.php\/2025\/01\/07\/temoignages-de-gazaouis-la-survie-qui-sorganise-au-jour-le-jour-dans-lenfer-de-gaza-partie-270-6-janvier-un-regard-sur-gaza\/\">Partie 270<\/a>\u00a0\/ 6 janvier\u00a0;\u00a0<a href=\"https:\/\/ismfrance.org\/index.php\/2025\/01\/09\/deuxieme-hiver-sous-des-abris-de-fortune-dans-la-faim-et-la-souffrance-le-temoignage-de-madleen-seule-femme-pecheure-dans-la-bande-de-gaza\/\">Partie 271<\/a>\u00a0\/ 7 janvier\u00a0;\u00a0<a href=\"https:\/\/ismfrance.org\/index.php\/2025\/01\/09\/temoignages-de-gazaouis-la-survie-qui-sorganise-au-jour-le-jour-dans-lenfer-de-gaza-partie-272-8-janvier-agressions-sans-limite\/\">Partie 272<\/a>\u00a0: 8 janvier\u00a0;\u00a0<a href=\"https:\/\/ismfrance.org\/index.php\/2025\/01\/10\/temoignages-de-gazaouis-la-survie-qui-sorganise-au-jour-le-jour-dans-lenfer-de-gaza-partie-273-10-janvier-fournitures-dhiver-pour-les-camps-de-d\/\">Partie 273<\/a>\u00a0: 10 janvier\u00a0;\u00a0<a href=\"https:\/\/ismfrance.org\/index.php\/2025\/01\/11\/temoignages-de-gazaouis-la-survie-qui-sorganise-au-jour-le-jour-dans-lenfer-de-gaza-partie-274-11-janvier-distribution-alimentaire-les-6-7-et-8-janvier\/\">Partie 274<\/a>\u00a0\/ 11 janvier ;\u00a0<a href=\"https:\/\/ismfrance.org\/index.php\/2025\/01\/11\/temoignages-de-gazaouis-la-survie-qui-sorganise-au-jour-le-jour-dans-lenfer-de-gaza-partie-275-11-janvier-1-rapport-complet-sur-la-situation-generale-dans-l\/\">Partie 275<\/a>\u00a0\/ 11 janvier (1) ;\u00a0<a href=\"https:\/\/ismfrance.org\/index.php\/2025\/01\/12\/temoignages-de-gazaouis-la-survie-qui-sorganise-au-jour-le-jour-dans-lenfer-de-gaza-partie-276-12-janvier-des-actions-persistantes-dans-les-camps-d\/\">Partie 276<\/a>\u00a0: 12 janvier ;\u00a0<a href=\"https:\/\/ismfrance.org\/index.php\/2025\/01\/14\/temoignages-de-gazaouis-la-survie-qui-sorganise-au-jour-le-jour-dans-lenfer-de-gaza-partie-277-13-janvier-massacres-continus-et-espoir-de-treve-imminent\/\">Partie 277<\/a>\u00a0: 13 janvier ;<a href=\"https:\/\/ismfrance.org\/index.php\/2025\/01\/15\/temoignages-de-gazaouis-la-survie-qui-sorganise-au-jour-le-jour-dans-lenfer-de-gaza-partie-278-14-janvier-initiative-pain-despoir\/\">\u00a0Partie 278<\/a>\u00a0: 14 janvier.\u00a0<a href=\"https:\/\/ismfrance.org\/index.php\/2025\/01\/16\/temoignages-de-gazaouis-la-survie-qui-sorganise-au-jour-le-jour-dans-lenfer-de-gaza-partie-279-15-janvier-apres-lannonce-dun-cess\/\">Partie 279<\/a>\u00a0: 15 janvier.\u00a0<a href=\"https:\/\/ismfrance.org\/index.php\/2025\/01\/17\/17518\/\">Partie 280<\/a>\u00a0: 16 janvier.\u00a0<a href=\"https:\/\/ismfrance.org\/index.php\/2025\/01\/17\/temoignages-de-gazaouis-la-survie-qui-sorganise-au-jour-le-jour-dans-lenfer-de-gaza-partie-280-16-janvier-un-accord-dans-un-ciel-tres-sombre\/\">Partie 281<\/a>\u00a0: 16 janvier\/1.\u00a0<a href=\"https:\/\/ismfrance.org\/index.php\/2025\/01\/18\/temoignages-de-gazaouis-la-survie-qui-sorganise-au-jour-le-jour-dans-lenfer-de-gaza-partie-282-17-janvier-laccord-une-joie-teintee\/\">Partie 282<\/a>\u00a0: 17 janvier.\u00a0<a href=\"https:\/\/ismfrance.org\/index.php\/2025\/01\/19\/temoignages-de-gazaouis-la-survie-qui-sorganise-au-jour-le-jour-dans-lenfer-de-gaza-partie-283-18-janvier-laccord-vu-de-gaza-calme\/\">Partie 283<\/a>\u00a0: 18 janvier.\u00a0<a href=\"https:\/\/ismfrance.org\/index.php\/2025\/01\/20\/temoignages-de-gazaouis-la-survie-qui-sorganise-au-jour-le-jour-dans-lenfer-de-gaza-partie-284-18-janvier-1-saison-de-la-recolte-de-lespoir-pour\/\">Partie 284<\/a>\u00a0: 18 janvier\/1.<a href=\"https:\/\/ismfrance.org\/index.php\/2025\/01\/21\/temoignages-de-gazaouis-la-survie-qui-sorganise-au-jour-le-jour-dans-lenfer-de-gaza-partie-285-19-20-janvier-la-joie-de-la-treve-melee-au-choc-de-la-dec\/\">\u00a0Partie 285<\/a>\u00a0: 19-20 janvier.\u00a0<a href=\"https:\/\/ismfrance.org\/index.php\/2025\/01\/22\/temoignages-de-gazaouis-la-survie-qui-sorganise-au-jour-le-jour-dans-lenfer-de-gaza-partie-286-22-janvier-israel-reprendra-t-il-la-guerre-apres-avo\/\">Partie 286<\/a>\u00a0: 22 janvier.\u00a0<a href=\"https:\/\/ismfrance.org\/index.php\/2025\/01\/23\/17722\/\">Partie 287<\/a>\u00a0: 22 janvier\/1.\u00a0<a href=\"https:\/\/ismfrance.org\/index.php\/2025\/01\/24\/temoignages-de-gazaouis-la-survie-qui-sorganise-au-jour-le-jour-dans-lenfer-de-gaza-partie-288-23-janvier-dans-le-defi-que-represente-la-situation-le-tr\/\">Partie 288<\/a>\u00a0: 23 janvier.\u00a0<a href=\"https:\/\/ismfrance.org\/index.php\/2025\/01\/25\/temoignages-de-gazaouis-la-survie-qui-sorganise-au-jour-le-jour-dans-lenfer-de-gaza-partie-289-23-janvier-1-une-tragedie-continue\/\">Partie 289<\/a>\u00a0: 23 janvier-1.\u00a0<a href=\"https:\/\/ismfrance.org\/index.php\/2025\/01\/26\/temoignages-de-gazaouis-la-survie-qui-sorganise-au-jour-le-jour-dans-lenfer-de-gaza-partie-290-25-janvier-preparer-les-femmes-au-retour-dans-leurs-regions-d\/\">Partie 290<\/a>\u00a0: 25 janvier.\u00a0<a href=\"https:\/\/ismfrance.org\/index.php\/2025\/01\/27\/temoignages-de-gazaouis-la-survie-qui-sorganise-au-jour-le-jour-dans-lenfer-de-gaza-partie-291-26-janvier-les-terribles-conditions-du-retour-chez-soi-pou\/\">Partie 291<\/a>\u00a0: 26 janvier.<a href=\"https:\/\/ismfrance.org\/index.php\/2025\/01\/27\/temoignages-de-gazaouis-la-survie-qui-sorganise-au-jour-le-jour-dans-lenfer-de-gaza-partie-292-27-janvier-contexte-menacant-pour-le-retour-des-gazaouis-d\/\">\u00a0Partie 292<\/a>\u00a0: 27 janvier.\u00a0<a href=\"https:\/\/ismfrance.org\/index.php\/2025\/01\/29\/temoignages-de-gazaouis-la-survie-qui-sorganise-au-jour-le-jour-dans-lenfer-de-gaza-partie-293-28-janvier-une-description-frappante-la-tragedie-de\/\">Partie 293<\/a>\u00a0: 28 janvier.\u00a0<a href=\"https:\/\/ismfrance.org\/index.php\/2025\/01\/29\/temoignages-de-gazaouis-la-survie-qui-sorganise-au-jour-le-jour-dans-lenfer-de-gaza-partie-294-28-janvier-retour-de-zakaria-baker-pecheur-au-port-de-gaza\/\">Partie 294<\/a>\u00a0: 28 janvier (1).\u00a0<a href=\"https:\/\/ismfrance.org\/index.php\/2025\/01\/29\/temoignages-de-gazaouis-la-survie-qui-sorganise-au-jour-le-jour-dans-lenfer-de-gaza-partie-295-29-janvier-entre-deplacement-et-retour\/\">Partie 295<\/a>\u00a0: 29 janvier.<a href=\"https:\/\/ismfrance.org\/index.php\/2025\/01\/31\/temoignages-de-gazaouis-la-survie-qui-sorganise-au-jour-le-jour-dans-lenfer-de-gaza-partie-296-30-janvier-survivre-dans-le-nord-de-gaza-et-distribution-d\/\">\u00a0Partie 296<\/a>\u00a0: 30 janvier.\u00a0<a href=\"https:\/\/ismfrance.org\/index.php\/2025\/02\/01\/temoignages-de-gazaouis-la-survie-qui-sorganise-au-jour-le-jour-dans-lenfer-de-gaza-partie-297-31-janvier-dans-les-camps-de-deplaces-une-lutte-constant\/\">Partie 297<\/a>\u00a0: 31 janvier.\u00a0<a href=\"https:\/\/ismfrance.org\/index.php\/2025\/02\/02\/temoignages-de-gazaouis-la-survie-qui-sorganise-au-jour-le-jour-dans-lenfer-de-gaza-partie-298-1er-fevrier-dans-le-nord-de-la-bande-de-gaza-entre-la-fai\/\">Partie 298<\/a> : 1er f\u00e9vrier. <a href=\"https:\/\/ismfrance.org\/index.php\/2025\/02\/03\/temoignages-de-gazaouis-la-survie-qui-sorganise-au-jour-le-jour-dans-lenfer-de-gaza-partie-299-1er-fevrier-1-tenacite-persistance-regularite-main\/\">Partie 299<\/a> : 1er f\u00e9vrier\/1.<\/p>\n<hr \/>\n<p><strong>Pour participer \u00e0 la collecte \u00ab Urgence Guerre \u00e0 Gaza \u00bb :\u00a0<a href=\"https:\/\/www.helloasso.com\/associations\/union-juive-francaise-pour-la-paix\/collectes\/urgence-guerre-a-gaza\">HelloAsso.com<\/a><\/strong><br \/>\n<strong>Les t\u00e9moignages sont \u00e9galement publi\u00e9s sur\u00a0<a href=\"https:\/\/ujfp.org\/\">UJFP<\/a>,\u00a0<a href=\"https:\/\/altermidi.org\/\">Altermidi<\/a>\u00a0et sur\u00a0<a href=\"https:\/\/lepoing.net\/\">Le Poing<\/a>.<\/strong><\/p>\n","protected":false},"excerpt":{"rendered":"<p>Brigitte Challande, 3 f\u00e9vrier 2025. Abu Amir nous raconte son voyage vers le nord, le 2 f\u00e9vrier. \u00ab Mon voyage \u00e0 Gaza et au nord de la bande : entre <a class=\"more-link\" href=\"https:\/\/ismfrance.org\/index.php\/2025\/02\/03\/temoignages-de-gazaouis-la-survie-qui-sorganise-au-jour-le-jour-dans-lenfer-de-gaza-partie-300-2-fevrier-voyage-vers-le-nord\/\">Lire la suite &rarr;<\/a><\/p>\n","protected":false},"author":3,"featured_media":18141,"comment_status":"closed","ping_status":"closed","sticky":false,"template":"","format":"standard","meta":{"footnotes":""},"categories":[2,13],"tags":[156,29,46],"class_list":["post-18127","post","type-post","status-publish","format-standard","has-post-thumbnail","hentry","category-articles","category-temoignages","tag-genocide","tag-refugies","tag-solidarite"],"yoast_head":"<!-- This site is optimized with the Yoast SEO plugin v27.2 - https:\/\/yoast.com\/product\/yoast-seo-wordpress\/ -->\n<title>T\u00e9moignages de Gazaouis : La survie qui s\u2019organise au jour le jour dans l\u2019enfer de Gaza \u2013 partie 300\/ 2 f\u00e9vrier \u2013 Voyage vers le nord - International Solidarity Movement - ISM-France<\/title>\n<meta name=\"robots\" content=\"index, follow, max-snippet:-1, max-image-preview:large, max-video-preview:-1\" \/>\n<link rel=\"canonical\" href=\"https:\/\/ismfrance.org\/index.php\/2025\/02\/03\/temoignages-de-gazaouis-la-survie-qui-sorganise-au-jour-le-jour-dans-lenfer-de-gaza-partie-300-2-fevrier-voyage-vers-le-nord\/\" \/>\n<meta property=\"og:locale\" content=\"fr_FR\" \/>\n<meta property=\"og:type\" content=\"article\" \/>\n<meta property=\"og:title\" content=\"T\u00e9moignages de Gazaouis : La survie qui s\u2019organise au jour le jour dans l\u2019enfer de Gaza \u2013 partie 300\/ 2 f\u00e9vrier \u2013 Voyage vers le nord - International Solidarity Movement - ISM-France\" \/>\n<meta property=\"og:description\" content=\"Brigitte Challande, 3 f\u00e9vrier 2025. Abu Amir nous raconte son voyage vers le nord, le 2 f\u00e9vrier. \u00ab Mon voyage \u00e0 Gaza et au nord de la bande : entre Lire la suite &rarr;\" \/>\n<meta property=\"og:url\" content=\"https:\/\/ismfrance.org\/index.php\/2025\/02\/03\/temoignages-de-gazaouis-la-survie-qui-sorganise-au-jour-le-jour-dans-lenfer-de-gaza-partie-300-2-fevrier-voyage-vers-le-nord\/\" \/>\n<meta property=\"og:site_name\" content=\"International Solidarity Movement - ISM-France\" \/>\n<meta property=\"article:published_time\" content=\"2025-02-03T17:50:42+00:00\" \/>\n<meta property=\"og:image\" content=\"https:\/\/ismfrance.org\/wp-content\/uploads\/2025\/02\/zakaria-1.png\" \/>\n\t<meta property=\"og:image:width\" content=\"972\" \/>\n\t<meta property=\"og:image:height\" content=\"731\" \/>\n\t<meta property=\"og:image:type\" content=\"image\/png\" \/>\n<meta name=\"author\" content=\"mru_01\" \/>\n<meta name=\"twitter:card\" content=\"summary_large_image\" \/>\n<meta name=\"twitter:creator\" content=\"@ISMFRANCE\" \/>\n<meta name=\"twitter:site\" content=\"@ISMFRANCE\" \/>\n<meta name=\"twitter:label1\" content=\"\u00c9crit par\" \/>\n\t<meta name=\"twitter:data1\" content=\"mru_01\" \/>\n\t<meta name=\"twitter:label2\" content=\"Dur\u00e9e de lecture estim\u00e9e\" \/>\n\t<meta name=\"twitter:data2\" content=\"9 minutes\" \/>\n<script type=\"application\/ld+json\" class=\"yoast-schema-graph\">{\"@context\":\"https:\/\/schema.org\",\"@graph\":[{\"@type\":\"Article\",\"@id\":\"https:\/\/ismfrance.org\/index.php\/2025\/02\/03\/temoignages-de-gazaouis-la-survie-qui-sorganise-au-jour-le-jour-dans-lenfer-de-gaza-partie-300-2-fevrier-voyage-vers-le-nord\/#article\",\"isPartOf\":{\"@id\":\"https:\/\/ismfrance.org\/index.php\/2025\/02\/03\/temoignages-de-gazaouis-la-survie-qui-sorganise-au-jour-le-jour-dans-lenfer-de-gaza-partie-300-2-fevrier-voyage-vers-le-nord\/\"},\"author\":{\"name\":\"mru_01\",\"@id\":\"https:\/\/ismfrance.org\/#\/schema\/person\/3c411eb72adfaae19c0dca1f41fae01d\"},\"headline\":\"T\u00e9moignages de Gazaouis : La survie qui s\u2019organise au jour le jour dans l\u2019enfer de Gaza \u2013 partie 300\/ 2 f\u00e9vrier \u2013 Voyage vers le nord\",\"datePublished\":\"2025-02-03T17:50:42+00:00\",\"mainEntityOfPage\":{\"@id\":\"https:\/\/ismfrance.org\/index.php\/2025\/02\/03\/temoignages-de-gazaouis-la-survie-qui-sorganise-au-jour-le-jour-dans-lenfer-de-gaza-partie-300-2-fevrier-voyage-vers-le-nord\/\"},\"wordCount\":1504,\"publisher\":{\"@id\":\"https:\/\/ismfrance.org\/#organization\"},\"image\":{\"@id\":\"https:\/\/ismfrance.org\/index.php\/2025\/02\/03\/temoignages-de-gazaouis-la-survie-qui-sorganise-au-jour-le-jour-dans-lenfer-de-gaza-partie-300-2-fevrier-voyage-vers-le-nord\/#primaryimage\"},\"thumbnailUrl\":\"https:\/\/ismfrance.org\/wp-content\/uploads\/2025\/02\/zakaria-1.png\",\"keywords\":[\"G\u00e9nocide\",\"r\u00e9fugi\u00e9s\",\"solidarit\u00e9\"],\"articleSection\":[\"Articles\",\"T\u00e9moignages\"],\"inLanguage\":\"fr-FR\"},{\"@type\":\"WebPage\",\"@id\":\"https:\/\/ismfrance.org\/index.php\/2025\/02\/03\/temoignages-de-gazaouis-la-survie-qui-sorganise-au-jour-le-jour-dans-lenfer-de-gaza-partie-300-2-fevrier-voyage-vers-le-nord\/\",\"url\":\"https:\/\/ismfrance.org\/index.php\/2025\/02\/03\/temoignages-de-gazaouis-la-survie-qui-sorganise-au-jour-le-jour-dans-lenfer-de-gaza-partie-300-2-fevrier-voyage-vers-le-nord\/\",\"name\":\"T\u00e9moignages de Gazaouis : La survie qui s\u2019organise au jour le jour dans l\u2019enfer de Gaza \u2013 partie 300\/ 2 f\u00e9vrier \u2013 Voyage vers le nord - International Solidarity Movement - ISM-France\",\"isPartOf\":{\"@id\":\"https:\/\/ismfrance.org\/#website\"},\"primaryImageOfPage\":{\"@id\":\"https:\/\/ismfrance.org\/index.php\/2025\/02\/03\/temoignages-de-gazaouis-la-survie-qui-sorganise-au-jour-le-jour-dans-lenfer-de-gaza-partie-300-2-fevrier-voyage-vers-le-nord\/#primaryimage\"},\"image\":{\"@id\":\"https:\/\/ismfrance.org\/index.php\/2025\/02\/03\/temoignages-de-gazaouis-la-survie-qui-sorganise-au-jour-le-jour-dans-lenfer-de-gaza-partie-300-2-fevrier-voyage-vers-le-nord\/#primaryimage\"},\"thumbnailUrl\":\"https:\/\/ismfrance.org\/wp-content\/uploads\/2025\/02\/zakaria-1.png\",\"datePublished\":\"2025-02-03T17:50:42+00:00\",\"breadcrumb\":{\"@id\":\"https:\/\/ismfrance.org\/index.php\/2025\/02\/03\/temoignages-de-gazaouis-la-survie-qui-sorganise-au-jour-le-jour-dans-lenfer-de-gaza-partie-300-2-fevrier-voyage-vers-le-nord\/#breadcrumb\"},\"inLanguage\":\"fr-FR\",\"potentialAction\":[{\"@type\":\"ReadAction\",\"target\":[\"https:\/\/ismfrance.org\/index.php\/2025\/02\/03\/temoignages-de-gazaouis-la-survie-qui-sorganise-au-jour-le-jour-dans-lenfer-de-gaza-partie-300-2-fevrier-voyage-vers-le-nord\/\"]}]},{\"@type\":\"ImageObject\",\"inLanguage\":\"fr-FR\",\"@id\":\"https:\/\/ismfrance.org\/index.php\/2025\/02\/03\/temoignages-de-gazaouis-la-survie-qui-sorganise-au-jour-le-jour-dans-lenfer-de-gaza-partie-300-2-fevrier-voyage-vers-le-nord\/#primaryimage\",\"url\":\"https:\/\/ismfrance.org\/wp-content\/uploads\/2025\/02\/zakaria-1.png\",\"contentUrl\":\"https:\/\/ismfrance.org\/wp-content\/uploads\/2025\/02\/zakaria-1.png\",\"width\":972,\"height\":731},{\"@type\":\"BreadcrumbList\",\"@id\":\"https:\/\/ismfrance.org\/index.php\/2025\/02\/03\/temoignages-de-gazaouis-la-survie-qui-sorganise-au-jour-le-jour-dans-lenfer-de-gaza-partie-300-2-fevrier-voyage-vers-le-nord\/#breadcrumb\",\"itemListElement\":[{\"@type\":\"ListItem\",\"position\":1,\"name\":\"Accueil\",\"item\":\"https:\/\/ismfrance.org\/\"},{\"@type\":\"ListItem\",\"position\":2,\"name\":\"T\u00e9moignages de Gazaouis : La survie qui s\u2019organise au jour le jour dans l\u2019enfer de Gaza \u2013 partie 300\/ 2 f\u00e9vrier \u2013 Voyage vers le nord\"}]},{\"@type\":\"WebSite\",\"@id\":\"https:\/\/ismfrance.org\/#website\",\"url\":\"https:\/\/ismfrance.org\/\",\"name\":\"ISM Palestine France\",\"description\":\"Soutien aux luttes de lib\u00e9ration du peuple palestinien\",\"publisher\":{\"@id\":\"https:\/\/ismfrance.org\/#organization\"},\"potentialAction\":[{\"@type\":\"SearchAction\",\"target\":{\"@type\":\"EntryPoint\",\"urlTemplate\":\"https:\/\/ismfrance.org\/?s={search_term_string}\"},\"query-input\":{\"@type\":\"PropertyValueSpecification\",\"valueRequired\":true,\"valueName\":\"search_term_string\"}}],\"inLanguage\":\"fr-FR\"},{\"@type\":\"Organization\",\"@id\":\"https:\/\/ismfrance.org\/#organization\",\"name\":\"International Solidarity Movement\",\"url\":\"https:\/\/ismfrance.org\/\",\"logo\":{\"@type\":\"ImageObject\",\"inLanguage\":\"fr-FR\",\"@id\":\"https:\/\/ismfrance.org\/#\/schema\/logo\/image\/\",\"url\":\"https:\/\/ismfrance.org\/wp-content\/uploads\/2020\/12\/00.png\",\"contentUrl\":\"https:\/\/ismfrance.org\/wp-content\/uploads\/2020\/12\/00.png\",\"width\":400,\"height\":400,\"caption\":\"International Solidarity Movement\"},\"image\":{\"@id\":\"https:\/\/ismfrance.org\/#\/schema\/logo\/image\/\"},\"sameAs\":[\"https:\/\/x.com\/ISMFRANCE\"]},{\"@type\":\"Person\",\"@id\":\"https:\/\/ismfrance.org\/#\/schema\/person\/3c411eb72adfaae19c0dca1f41fae01d\",\"name\":\"mru_01\",\"image\":{\"@type\":\"ImageObject\",\"inLanguage\":\"fr-FR\",\"@id\":\"https:\/\/secure.gravatar.com\/avatar\/3a0be343b445d2ccc79e87444a294fad2b232e90d2051d0e3cc219e1ecd6a330?s=96&d=mm&r=g\",\"url\":\"https:\/\/secure.gravatar.com\/avatar\/3a0be343b445d2ccc79e87444a294fad2b232e90d2051d0e3cc219e1ecd6a330?s=96&d=mm&r=g\",\"contentUrl\":\"https:\/\/secure.gravatar.com\/avatar\/3a0be343b445d2ccc79e87444a294fad2b232e90d2051d0e3cc219e1ecd6a330?s=96&d=mm&r=g\",\"caption\":\"mru_01\"},\"url\":\"https:\/\/ismfrance.org\/index.php\/author\/admin02\/\"}]}<\/script>\n<!-- \/ Yoast SEO plugin. -->","yoast_head_json":{"title":"T\u00e9moignages de Gazaouis : La survie qui s\u2019organise au jour le jour dans l\u2019enfer de Gaza \u2013 partie 300\/ 2 f\u00e9vrier \u2013 Voyage vers le nord - International Solidarity Movement - ISM-France","robots":{"index":"index","follow":"follow","max-snippet":"max-snippet:-1","max-image-preview":"max-image-preview:large","max-video-preview":"max-video-preview:-1"},"canonical":"https:\/\/ismfrance.org\/index.php\/2025\/02\/03\/temoignages-de-gazaouis-la-survie-qui-sorganise-au-jour-le-jour-dans-lenfer-de-gaza-partie-300-2-fevrier-voyage-vers-le-nord\/","og_locale":"fr_FR","og_type":"article","og_title":"T\u00e9moignages de Gazaouis : La survie qui s\u2019organise au jour le jour dans l\u2019enfer de Gaza \u2013 partie 300\/ 2 f\u00e9vrier \u2013 Voyage vers le nord - International Solidarity Movement - ISM-France","og_description":"Brigitte Challande, 3 f\u00e9vrier 2025. Abu Amir nous raconte son voyage vers le nord, le 2 f\u00e9vrier. \u00ab Mon voyage \u00e0 Gaza et au nord de la bande : entre Lire la suite &rarr;","og_url":"https:\/\/ismfrance.org\/index.php\/2025\/02\/03\/temoignages-de-gazaouis-la-survie-qui-sorganise-au-jour-le-jour-dans-lenfer-de-gaza-partie-300-2-fevrier-voyage-vers-le-nord\/","og_site_name":"International Solidarity Movement - ISM-France","article_published_time":"2025-02-03T17:50:42+00:00","og_image":[{"width":972,"height":731,"url":"https:\/\/ismfrance.org\/wp-content\/uploads\/2025\/02\/zakaria-1.png","type":"image\/png"}],"author":"mru_01","twitter_card":"summary_large_image","twitter_creator":"@ISMFRANCE","twitter_site":"@ISMFRANCE","twitter_misc":{"\u00c9crit par":"mru_01","Dur\u00e9e de lecture estim\u00e9e":"9 minutes"},"schema":{"@context":"https:\/\/schema.org","@graph":[{"@type":"Article","@id":"https:\/\/ismfrance.org\/index.php\/2025\/02\/03\/temoignages-de-gazaouis-la-survie-qui-sorganise-au-jour-le-jour-dans-lenfer-de-gaza-partie-300-2-fevrier-voyage-vers-le-nord\/#article","isPartOf":{"@id":"https:\/\/ismfrance.org\/index.php\/2025\/02\/03\/temoignages-de-gazaouis-la-survie-qui-sorganise-au-jour-le-jour-dans-lenfer-de-gaza-partie-300-2-fevrier-voyage-vers-le-nord\/"},"author":{"name":"mru_01","@id":"https:\/\/ismfrance.org\/#\/schema\/person\/3c411eb72adfaae19c0dca1f41fae01d"},"headline":"T\u00e9moignages de Gazaouis : La survie qui s\u2019organise au jour le jour dans l\u2019enfer de Gaza \u2013 partie 300\/ 2 f\u00e9vrier \u2013 Voyage vers le nord","datePublished":"2025-02-03T17:50:42+00:00","mainEntityOfPage":{"@id":"https:\/\/ismfrance.org\/index.php\/2025\/02\/03\/temoignages-de-gazaouis-la-survie-qui-sorganise-au-jour-le-jour-dans-lenfer-de-gaza-partie-300-2-fevrier-voyage-vers-le-nord\/"},"wordCount":1504,"publisher":{"@id":"https:\/\/ismfrance.org\/#organization"},"image":{"@id":"https:\/\/ismfrance.org\/index.php\/2025\/02\/03\/temoignages-de-gazaouis-la-survie-qui-sorganise-au-jour-le-jour-dans-lenfer-de-gaza-partie-300-2-fevrier-voyage-vers-le-nord\/#primaryimage"},"thumbnailUrl":"https:\/\/ismfrance.org\/wp-content\/uploads\/2025\/02\/zakaria-1.png","keywords":["G\u00e9nocide","r\u00e9fugi\u00e9s","solidarit\u00e9"],"articleSection":["Articles","T\u00e9moignages"],"inLanguage":"fr-FR"},{"@type":"WebPage","@id":"https:\/\/ismfrance.org\/index.php\/2025\/02\/03\/temoignages-de-gazaouis-la-survie-qui-sorganise-au-jour-le-jour-dans-lenfer-de-gaza-partie-300-2-fevrier-voyage-vers-le-nord\/","url":"https:\/\/ismfrance.org\/index.php\/2025\/02\/03\/temoignages-de-gazaouis-la-survie-qui-sorganise-au-jour-le-jour-dans-lenfer-de-gaza-partie-300-2-fevrier-voyage-vers-le-nord\/","name":"T\u00e9moignages de Gazaouis : La survie qui s\u2019organise au jour le jour dans l\u2019enfer de Gaza \u2013 partie 300\/ 2 f\u00e9vrier \u2013 Voyage vers le nord - International Solidarity Movement - ISM-France","isPartOf":{"@id":"https:\/\/ismfrance.org\/#website"},"primaryImageOfPage":{"@id":"https:\/\/ismfrance.org\/index.php\/2025\/02\/03\/temoignages-de-gazaouis-la-survie-qui-sorganise-au-jour-le-jour-dans-lenfer-de-gaza-partie-300-2-fevrier-voyage-vers-le-nord\/#primaryimage"},"image":{"@id":"https:\/\/ismfrance.org\/index.php\/2025\/02\/03\/temoignages-de-gazaouis-la-survie-qui-sorganise-au-jour-le-jour-dans-lenfer-de-gaza-partie-300-2-fevrier-voyage-vers-le-nord\/#primaryimage"},"thumbnailUrl":"https:\/\/ismfrance.org\/wp-content\/uploads\/2025\/02\/zakaria-1.png","datePublished":"2025-02-03T17:50:42+00:00","breadcrumb":{"@id":"https:\/\/ismfrance.org\/index.php\/2025\/02\/03\/temoignages-de-gazaouis-la-survie-qui-sorganise-au-jour-le-jour-dans-lenfer-de-gaza-partie-300-2-fevrier-voyage-vers-le-nord\/#breadcrumb"},"inLanguage":"fr-FR","potentialAction":[{"@type":"ReadAction","target":["https:\/\/ismfrance.org\/index.php\/2025\/02\/03\/temoignages-de-gazaouis-la-survie-qui-sorganise-au-jour-le-jour-dans-lenfer-de-gaza-partie-300-2-fevrier-voyage-vers-le-nord\/"]}]},{"@type":"ImageObject","inLanguage":"fr-FR","@id":"https:\/\/ismfrance.org\/index.php\/2025\/02\/03\/temoignages-de-gazaouis-la-survie-qui-sorganise-au-jour-le-jour-dans-lenfer-de-gaza-partie-300-2-fevrier-voyage-vers-le-nord\/#primaryimage","url":"https:\/\/ismfrance.org\/wp-content\/uploads\/2025\/02\/zakaria-1.png","contentUrl":"https:\/\/ismfrance.org\/wp-content\/uploads\/2025\/02\/zakaria-1.png","width":972,"height":731},{"@type":"BreadcrumbList","@id":"https:\/\/ismfrance.org\/index.php\/2025\/02\/03\/temoignages-de-gazaouis-la-survie-qui-sorganise-au-jour-le-jour-dans-lenfer-de-gaza-partie-300-2-fevrier-voyage-vers-le-nord\/#breadcrumb","itemListElement":[{"@type":"ListItem","position":1,"name":"Accueil","item":"https:\/\/ismfrance.org\/"},{"@type":"ListItem","position":2,"name":"T\u00e9moignages de Gazaouis : La survie qui s\u2019organise au jour le jour dans l\u2019enfer de Gaza \u2013 partie 300\/ 2 f\u00e9vrier \u2013 Voyage vers le nord"}]},{"@type":"WebSite","@id":"https:\/\/ismfrance.org\/#website","url":"https:\/\/ismfrance.org\/","name":"ISM Palestine France","description":"Soutien aux luttes de lib\u00e9ration du peuple palestinien","publisher":{"@id":"https:\/\/ismfrance.org\/#organization"},"potentialAction":[{"@type":"SearchAction","target":{"@type":"EntryPoint","urlTemplate":"https:\/\/ismfrance.org\/?s={search_term_string}"},"query-input":{"@type":"PropertyValueSpecification","valueRequired":true,"valueName":"search_term_string"}}],"inLanguage":"fr-FR"},{"@type":"Organization","@id":"https:\/\/ismfrance.org\/#organization","name":"International Solidarity Movement","url":"https:\/\/ismfrance.org\/","logo":{"@type":"ImageObject","inLanguage":"fr-FR","@id":"https:\/\/ismfrance.org\/#\/schema\/logo\/image\/","url":"https:\/\/ismfrance.org\/wp-content\/uploads\/2020\/12\/00.png","contentUrl":"https:\/\/ismfrance.org\/wp-content\/uploads\/2020\/12\/00.png","width":400,"height":400,"caption":"International Solidarity Movement"},"image":{"@id":"https:\/\/ismfrance.org\/#\/schema\/logo\/image\/"},"sameAs":["https:\/\/x.com\/ISMFRANCE"]},{"@type":"Person","@id":"https:\/\/ismfrance.org\/#\/schema\/person\/3c411eb72adfaae19c0dca1f41fae01d","name":"mru_01","image":{"@type":"ImageObject","inLanguage":"fr-FR","@id":"https:\/\/secure.gravatar.com\/avatar\/3a0be343b445d2ccc79e87444a294fad2b232e90d2051d0e3cc219e1ecd6a330?s=96&d=mm&r=g","url":"https:\/\/secure.gravatar.com\/avatar\/3a0be343b445d2ccc79e87444a294fad2b232e90d2051d0e3cc219e1ecd6a330?s=96&d=mm&r=g","contentUrl":"https:\/\/secure.gravatar.com\/avatar\/3a0be343b445d2ccc79e87444a294fad2b232e90d2051d0e3cc219e1ecd6a330?s=96&d=mm&r=g","caption":"mru_01"},"url":"https:\/\/ismfrance.org\/index.php\/author\/admin02\/"}]}},"_links":{"self":[{"href":"https:\/\/ismfrance.org\/index.php\/wp-json\/wp\/v2\/posts\/18127","targetHints":{"allow":["GET"]}}],"collection":[{"href":"https:\/\/ismfrance.org\/index.php\/wp-json\/wp\/v2\/posts"}],"about":[{"href":"https:\/\/ismfrance.org\/index.php\/wp-json\/wp\/v2\/types\/post"}],"author":[{"embeddable":true,"href":"https:\/\/ismfrance.org\/index.php\/wp-json\/wp\/v2\/users\/3"}],"replies":[{"embeddable":true,"href":"https:\/\/ismfrance.org\/index.php\/wp-json\/wp\/v2\/comments?post=18127"}],"version-history":[{"count":0,"href":"https:\/\/ismfrance.org\/index.php\/wp-json\/wp\/v2\/posts\/18127\/revisions"}],"wp:featuredmedia":[{"embeddable":true,"href":"https:\/\/ismfrance.org\/index.php\/wp-json\/wp\/v2\/media\/18141"}],"wp:attachment":[{"href":"https:\/\/ismfrance.org\/index.php\/wp-json\/wp\/v2\/media?parent=18127"}],"wp:term":[{"taxonomy":"category","embeddable":true,"href":"https:\/\/ismfrance.org\/index.php\/wp-json\/wp\/v2\/categories?post=18127"},{"taxonomy":"post_tag","embeddable":true,"href":"https:\/\/ismfrance.org\/index.php\/wp-json\/wp\/v2\/tags?post=18127"}],"curies":[{"name":"wp","href":"https:\/\/api.w.org\/{rel}","templated":true}]}}