{"id":18062,"date":"2025-02-01T18:03:34","date_gmt":"2025-02-01T17:03:34","guid":{"rendered":"https:\/\/ismfrance.org\/?p=18062"},"modified":"2025-02-01T18:03:34","modified_gmt":"2025-02-01T17:03:34","slug":"declaration-conjointe-inaugurale-du-groupe-de-la-haye","status":"publish","type":"post","link":"https:\/\/ismfrance.org\/index.php\/2025\/02\/01\/declaration-conjointe-inaugurale-du-groupe-de-la-haye\/","title":{"rendered":"D\u00c9CLARATION CONJOINTE INAUGURALE DU GROUPE DE LA HAYE"},"content":{"rendered":"<p align=\"LEFT\"><span style=\"color: #000000;\"><span style=\"font-family: Arial, sans-serif;\"><span style=\"font-size: medium;\"><strong>Groupe de La Haye, 31 janvier 2025. <\/strong><\/span><\/span><\/span><span style=\"color: #000000;\"><span style=\"font-family: Arial, sans-serif;\">Nous, repr\u00e9sentants des gouvernements du Belize, de l&rsquo;\u00c9tat plurinational de Bolivie, de la R\u00e9publique de Colombie, de la R\u00e9publique de Cuba, de la R\u00e9publique du Honduras, de la Malaisie, de la R\u00e9publique de Namibie, de la R\u00e9publique du S\u00e9n\u00e9gal et de la R\u00e9publique d&rsquo;Afrique du Sud, r\u00e9unis \u00e0 La Haye, aux Pays-Bas, en ce 31 janvier 2025, inaugurons le Groupe de La Haye,<\/span><\/span><\/p>\n<p align=\"LEFT\"><a href=\"https:\/\/ismfrance.org\/wp-content\/uploads\/2025\/02\/grpe-La-Haye.png\"><img loading=\"lazy\" decoding=\"async\" class=\"size-large wp-image-18068 aligncenter\" src=\"https:\/\/ismfrance.org\/wp-content\/uploads\/2025\/02\/grpe-La-Haye-700x224.png\" alt=\"\" width=\"600\" height=\"192\" srcset=\"https:\/\/ismfrance.org\/wp-content\/uploads\/2025\/02\/grpe-La-Haye-700x224.png 700w, https:\/\/ismfrance.org\/wp-content\/uploads\/2025\/02\/grpe-La-Haye-300x96.png 300w, https:\/\/ismfrance.org\/wp-content\/uploads\/2025\/02\/grpe-La-Haye.png 706w\" sizes=\"auto, (max-width: 600px) 100vw, 600px\" \/><\/a><span style=\"color: #000000;\"><span style=\"font-family: Arial, sans-serif;\"><i><b>Guid\u00e9s<\/b><\/i> par les buts et principes \u00e9nonc\u00e9s dans la Charte des Nations Unies, ainsi que par la responsabilit\u00e9 de toutes les nations de d\u00e9fendre les droits inali\u00e9nables, y compris le droit \u00e0 l&rsquo;autod\u00e9termination, qu&rsquo;elle consacre pour tous les peuples,<\/span><\/span><\/p>\n<p><i><b>Attrist\u00e9s<\/b><\/i> par la perte des vies, des moyens de subsistance, des communaut\u00e9s et du patrimoine culturel due aux actions g\u00e9nocidaires d&rsquo;Isra\u00ebl, puissance occupante, \u00e0 Gaza et dans le reste du territoire palestinien occup\u00e9 contre le peuple palestinien,<\/p>\n<p><i><b>Refusant<\/b><\/i> de rester passifs face \u00e0 de tels crimes internationaux,<\/p>\n<p><i><b>D\u00e9termin\u00e9s<\/b><\/i> \u00e0 remplir nos obligations pour mettre fin \u00e0 l&rsquo;occupation isra\u00e9lienne de l&rsquo;\u00c9tat de Palestine et soutenir la r\u00e9alisation du droit inali\u00e9nable du peuple palestinien \u00e0 l&rsquo;autod\u00e9termination, y compris le droit \u00e0 un \u00c9tat palestinien ind\u00e9pendant,<\/p>\n<p><i><b>Rappelant<\/b><\/i><b> :<\/b><\/p>\n<p>&#8211; les ordonnances de la Cour internationale de Justice dans l&rsquo;affaire <i>Afrique du Sud c. Isra\u00ebl<\/i> du 29 d\u00e9cembre 2023, qui refl\u00e8tent une pr\u00e9occupation s\u00e9rieuse quant \u00e0 la perp\u00e9tration de crimes de g\u00e9nocide en Palestine, et notant le nombre important et diversifi\u00e9 d&rsquo;\u00c9tats qui se sont joints en tant que tierces parties \u00e0 l&rsquo;affaire, pour exiger la condamnation et la cessation imm\u00e9diate du g\u00e9nocide en cours\u00a0;<\/p>\n<p>&#8211; l&rsquo;avis consultatif de la Cour internationale de Justice du 19 juillet 2024 sur les \u00ab\u00a0<i>Cons\u00e9quences juridiques d\u00e9coulant des politiques et pratiques d&rsquo;Isra\u00ebl dans le territoire palestinien occup\u00e9, y compris J\u00e9rusalem-Est<\/i> \u00bb\u00a0;<\/p>\n<p>&#8211; l&rsquo;avis consultatif de la Cour internationale de Justice du 9 juillet 2004 sur les \u00ab\u00a0<i>Cons\u00e9quences juridiques de la construction d&rsquo;un mur dans le territoire palestinien occup\u00e9\u00a0<\/i>\u00bb\u00a0;<\/p>\n<p>&#8211; la r\u00e9solution A\/RES\/Es-10\/24 de l&rsquo;Assembl\u00e9e g\u00e9n\u00e9rale des Nations Unies, adopt\u00e9e le 18 septembre 2024 lors de la dixi\u00e8me session extraordinaire d&rsquo;urgence, qui a endoss\u00e9 l&rsquo;avis consultatif de la CIJ de juillet 2024 et les engagements des \u00c9tats membres \u00e0 respecter les obligations d\u00e9coulant du droit international, telles que refl\u00e9t\u00e9es dans l&rsquo;avis consultatif\u00a0;<\/p>\n<p>&#8211; la d\u00e9cision de la Cour p\u00e9nale internationale du 21 novembre 2024 d&rsquo;\u00e9mettre des mandats d&rsquo;arr\u00eat indiquant qu&rsquo;il existe \u00ab\u00a0<i>des motifs raisonnables de croire que M. Netanyahu et M. Gallant sont p\u00e9nalement responsables, chacun portant une responsabilit\u00e9 p\u00e9nale en tant que sup\u00e9rieur hi\u00e9rarchique civils crime de guerre consistant \u00e0 diriger intentionnellement des attaques contre la population civile&#8230; du crime de guerre de famine comme m\u00e9thode de guerre&#8230; et des crimes contre l&rsquo;humanit\u00e9 de meurtre, pers\u00e9cution et autres actes inhumains<\/i>\u00a0\u00bb\u00a0;<\/p>\n<p>&#8211; l&rsquo;ordonnance de la Cour internationale de Justice dans l&rsquo;affaire <i>Nicaragua c. Allemagne<\/i> du 30 avril 2024, qui \u00ab\u00a0rappelle \u00e0 tous les \u00c9tats les obligations internationales qui leur incombent en ce qui concerne le transfert d\u2019armes \u00e0 des parties \u00e0 un conflit arm\u00e9, afin d\u2019\u00e9viter le risque que ces armes soient utilis\u00e9es pour commettre des violations\u00a0\u00bb de la Convention sur le g\u00e9nocide et des Conventions de Gen\u00e8ve pour ce qui concerne la conduite d&rsquo;Isra\u00ebl \u00e0 Gaza et dans le reste du territoire palestinien occup\u00e9\u00a0;<\/p>\n<p>&#8211; les r\u00e9solutions 418 (4 novembre 1977) et 591 (28 novembre 1986) du Conseil de s\u00e9curit\u00e9 des Nations Unies, qui ont \u00ab\u00a0<i>impos\u00e9 un embargo obligatoire sur les armes<\/i>\u00a0\u00bb contre l&rsquo;Afrique du Sud de l&rsquo;apartheid\u00a0;<\/p>\n<p>&#8211; toutes les r\u00e9solutions pertinentes du Conseil de s\u00e9curit\u00e9, y compris la r\u00e9solution 2334 (2016) du 23 d\u00e9cembre 2016, qui a r\u00e9affirm\u00e9 que \u00ab\u00a0<i>l&rsquo;\u00e9tablissement par Isra\u00ebl de colonies dans le territoire palestinien occup\u00e9 depuis 1967, y compris J\u00e9rusalem-Est, n&rsquo;a aucune validit\u00e9 l\u00e9gale et constitue une violation flagrante du droit international\u00a0<\/i>\u00bb\u00a0;<\/p>\n<p><i><b>Soulignant<\/b><\/i> que les normes juridiques viol\u00e9es par Isra\u00ebl incluent certaines obligations de caract\u00e8re <i>erga omnes<\/i> qui, par leur nature m\u00eame, concernent tous les \u00c9tats et, compte tenu de l&rsquo;importance des droits en jeu, tous les \u00c9tats peuvent \u00eatre consid\u00e9r\u00e9s comme ayant un int\u00e9r\u00eat juridique \u00e0 leur protection\u00a0;<\/p>\n<p><i><b>Insistant<\/b><\/i> sur la n\u00e9cessit\u00e9 d&rsquo;assurer la responsabilit\u00e9 pour les crimes les plus graves en vertu du droit international par des enqu\u00eates et des poursuites appropri\u00e9es, \u00e9quitables et ind\u00e9pendantes au niveau national ou international, et de garantir la justice pour toutes les victimes ainsi que la pr\u00e9vention de futurs crimes\u00a0;<\/p>\n<p><i><b>Convaincus<\/b><\/i> qu&rsquo;une action collective par des mesures juridiques et diplomatiques coordonn\u00e9es aux niveaux national et international est un imp\u00e9ratif urgent pour faire respecter les principes de justice et de responsabilit\u00e9 qui fondent la Charte des Nations Unies,<\/p>\n<p><i><b>D\u00e9clarons notre intention de<\/b><\/i><b>\u00a0:<\/b><\/p>\n<p>1. <i>Soutenir la r\u00e9solution A\/RES\/Es-10\/24 des Nations Unies et, dans le cas des \u00c9tats parties, appuyer les demandes de la Cour p\u00e9nale internationale pour respecter nos obligations en vertu du Statut de Rome, concernant les mandats \u00e9mis le 21 novembre 2024\u00a0; et mettre en \u0153uvre les mesures provisoires de la Cour internationale de Justice, \u00e9mises les 26 janvier, 28 mars et 24 mai 2024<\/i>.<\/p>\n<p>2. <i>Emp\u00eacher la fourniture ou le transfert d&rsquo;armes, de munitions et d&rsquo;\u00e9quipements assimil\u00e9s \u00e0 Isra\u00ebl, dans tous les cas o\u00f9 il existe un risque clair que ces armes et articles assimil\u00e9s soient utilis\u00e9s pour commettre ou faciliter des violations du droit humanitaire, du droit international des droits de l&rsquo;homme ou de l&rsquo;interdiction du g\u00e9nocide, conform\u00e9ment \u00e0 nos obligations internationales et en coh\u00e9rence avec l&rsquo;avis consultatif de la Cour internationale de Justice du 19 juillet 2024 et la r\u00e9solution A\/RES\/Es-10\/24 de l&rsquo;Assembl\u00e9e g\u00e9n\u00e9rale des Nations Unies.<\/i><\/p>\n<p>3. <i>Emp\u00eacher l&rsquo;accostage de navires dans tout port, le cas \u00e9ch\u00e9ant, relevant de notre juridiction territoriale, dans tous les cas o\u00f9 il existe un risque manifeste que ces navires soient utilis\u00e9s pour transporter du carburant militaire et des armes \u00e0 destination d&rsquo;Isra\u00ebl, susceptibles d&rsquo;\u00eatre utilis\u00e9s pour commettre ou faciliter des violations du droit humanitaire, des droits humains et de l&rsquo;interdiction du g\u00e9nocide en Palestine, conform\u00e9ment \u00e0 l&rsquo;obligation juridique imp\u00e9rative des \u00c9tats de coop\u00e9rer pour pr\u00e9venir le g\u00e9nocide et d&rsquo;autres violations des normes imp\u00e9ratives par tous les moyens juridiques \u00e0 leur disposition.<\/i><\/p>\n<p>Nous prendrons des mesures suppl\u00e9mentaires efficaces pour mettre fin \u00e0 l&rsquo;occupation isra\u00e9lienne de l&rsquo;\u00c9tat de Palestine et \u00e9liminer les obstacles \u00e0 la r\u00e9alisation du droit du peuple palestinien \u00e0 l&rsquo;autod\u00e9termination, y compris le droit \u00e0 un \u00c9tat palestinien ind\u00e9pendant.<\/p>\n<p>Nous invitons tous les \u00c9tats \u00e0 mener toutes les actions et politiques possibles pour mettre fin \u00e0 l&rsquo;occupation isra\u00e9lienne de l&rsquo;\u00c9tat de Palestine.<\/p>\n<p>Nous appelons toutes les nations \u00e0 nous rejoindre au sein du Groupe de La Haye dans un engagement solennel en faveur d&rsquo;un ordre international fond\u00e9 sur le droit et le respect du droit international, qui, avec les principes de justice, est essentiel pour une coexistence pacifique et une coop\u00e9ration entre les \u00c9tats.<\/p>\n<p align=\"LEFT\"><a href=\"https:\/\/ismfrance.org\/wp-content\/uploads\/2025\/02\/signature-La-Haye.png\"><img loading=\"lazy\" decoding=\"async\" class=\"alignnone size-large wp-image-18064\" src=\"https:\/\/ismfrance.org\/wp-content\/uploads\/2025\/02\/signature-La-Haye-700x109.png\" alt=\"\" width=\"600\" height=\"93\" srcset=\"https:\/\/ismfrance.org\/wp-content\/uploads\/2025\/02\/signature-La-Haye-700x109.png 700w, https:\/\/ismfrance.org\/wp-content\/uploads\/2025\/02\/signature-La-Haye-300x47.png 300w, https:\/\/ismfrance.org\/wp-content\/uploads\/2025\/02\/signature-La-Haye-768x120.png 768w, https:\/\/ismfrance.org\/wp-content\/uploads\/2025\/02\/signature-La-Haye.png 1262w\" sizes=\"auto, (max-width: 600px) 100vw, 600px\" \/><\/a><\/p>\n<p align=\"LEFT\"><em><strong><span style=\"color: #000000;\"><span style=\"font-family: Arial, sans-serif;\"><span style=\"font-size: medium;\">Article original en anglais sur <a href=\"https:\/\/thehaguegroup.org\/\">The Hague Group<\/a> \/ Traduction Chris &amp; Dine<\/span><\/span><\/span><\/strong><\/em><\/p>\n","protected":false},"excerpt":{"rendered":"<p>Groupe de La Haye, 31 janvier 2025. Nous, repr\u00e9sentants des gouvernements du Belize, de l&rsquo;\u00c9tat plurinational de Bolivie, de la R\u00e9publique de Colombie, de la R\u00e9publique de Cuba, de la <a class=\"more-link\" href=\"https:\/\/ismfrance.org\/index.php\/2025\/02\/01\/declaration-conjointe-inaugurale-du-groupe-de-la-haye\/\">Lire la suite &rarr;<\/a><\/p>\n","protected":false},"author":3,"featured_media":18068,"comment_status":"closed","ping_status":"closed","sticky":false,"template":"","format":"standard","meta":{"footnotes":""},"categories":[2,14],"tags":[439,3],"class_list":["post-18062","post","type-post","status-publish","format-standard","has-post-thumbnail","hentry","category-articles","category-communiques","tag-groupe-de-la-haye","tag-resistance"],"yoast_head":"<!-- This site is optimized with the Yoast SEO plugin v27.2 - https:\/\/yoast.com\/product\/yoast-seo-wordpress\/ -->\n<title>D\u00c9CLARATION CONJOINTE INAUGURALE DU GROUPE DE LA HAYE - International Solidarity Movement - ISM-France<\/title>\n<meta name=\"robots\" content=\"index, follow, max-snippet:-1, max-image-preview:large, max-video-preview:-1\" \/>\n<link rel=\"canonical\" href=\"https:\/\/ismfrance.org\/index.php\/2025\/02\/01\/declaration-conjointe-inaugurale-du-groupe-de-la-haye\/\" \/>\n<meta property=\"og:locale\" content=\"fr_FR\" \/>\n<meta property=\"og:type\" content=\"article\" \/>\n<meta property=\"og:title\" content=\"D\u00c9CLARATION CONJOINTE INAUGURALE DU GROUPE DE LA HAYE - International Solidarity Movement - ISM-France\" \/>\n<meta property=\"og:description\" content=\"Groupe de La Haye, 31 janvier 2025. Nous, repr\u00e9sentants des gouvernements du Belize, de l&rsquo;\u00c9tat plurinational de Bolivie, de la R\u00e9publique de Colombie, de la R\u00e9publique de Cuba, de la Lire la suite &rarr;\" \/>\n<meta property=\"og:url\" content=\"https:\/\/ismfrance.org\/index.php\/2025\/02\/01\/declaration-conjointe-inaugurale-du-groupe-de-la-haye\/\" \/>\n<meta property=\"og:site_name\" content=\"International Solidarity Movement - ISM-France\" \/>\n<meta property=\"article:published_time\" content=\"2025-02-01T17:03:34+00:00\" \/>\n<meta property=\"og:image\" content=\"https:\/\/ismfrance.org\/wp-content\/uploads\/2025\/02\/grpe-La-Haye.png\" \/>\n\t<meta property=\"og:image:width\" content=\"706\" \/>\n\t<meta property=\"og:image:height\" content=\"226\" \/>\n\t<meta property=\"og:image:type\" content=\"image\/png\" \/>\n<meta name=\"author\" content=\"mru_01\" \/>\n<meta name=\"twitter:card\" content=\"summary_large_image\" \/>\n<meta name=\"twitter:creator\" content=\"@ISMFRANCE\" \/>\n<meta name=\"twitter:site\" content=\"@ISMFRANCE\" \/>\n<meta name=\"twitter:label1\" content=\"\u00c9crit par\" \/>\n\t<meta name=\"twitter:data1\" content=\"mru_01\" \/>\n\t<meta name=\"twitter:label2\" content=\"Dur\u00e9e de lecture estim\u00e9e\" \/>\n\t<meta name=\"twitter:data2\" content=\"7 minutes\" \/>\n<script type=\"application\/ld+json\" class=\"yoast-schema-graph\">{\"@context\":\"https:\/\/schema.org\",\"@graph\":[{\"@type\":\"Article\",\"@id\":\"https:\/\/ismfrance.org\/index.php\/2025\/02\/01\/declaration-conjointe-inaugurale-du-groupe-de-la-haye\/#article\",\"isPartOf\":{\"@id\":\"https:\/\/ismfrance.org\/index.php\/2025\/02\/01\/declaration-conjointe-inaugurale-du-groupe-de-la-haye\/\"},\"author\":{\"name\":\"mru_01\",\"@id\":\"https:\/\/ismfrance.org\/#\/schema\/person\/3c411eb72adfaae19c0dca1f41fae01d\"},\"headline\":\"D\u00c9CLARATION CONJOINTE INAUGURALE DU GROUPE DE LA HAYE\",\"datePublished\":\"2025-02-01T17:03:34+00:00\",\"mainEntityOfPage\":{\"@id\":\"https:\/\/ismfrance.org\/index.php\/2025\/02\/01\/declaration-conjointe-inaugurale-du-groupe-de-la-haye\/\"},\"wordCount\":1241,\"publisher\":{\"@id\":\"https:\/\/ismfrance.org\/#organization\"},\"image\":{\"@id\":\"https:\/\/ismfrance.org\/index.php\/2025\/02\/01\/declaration-conjointe-inaugurale-du-groupe-de-la-haye\/#primaryimage\"},\"thumbnailUrl\":\"https:\/\/ismfrance.org\/wp-content\/uploads\/2025\/02\/grpe-La-Haye.png\",\"keywords\":[\"Groupe de La Haye\",\"R\u00e9sistance\"],\"articleSection\":[\"Articles\",\"Communiqu\u00e9s\"],\"inLanguage\":\"fr-FR\"},{\"@type\":\"WebPage\",\"@id\":\"https:\/\/ismfrance.org\/index.php\/2025\/02\/01\/declaration-conjointe-inaugurale-du-groupe-de-la-haye\/\",\"url\":\"https:\/\/ismfrance.org\/index.php\/2025\/02\/01\/declaration-conjointe-inaugurale-du-groupe-de-la-haye\/\",\"name\":\"D\u00c9CLARATION CONJOINTE INAUGURALE DU GROUPE DE LA HAYE - International Solidarity Movement - ISM-France\",\"isPartOf\":{\"@id\":\"https:\/\/ismfrance.org\/#website\"},\"primaryImageOfPage\":{\"@id\":\"https:\/\/ismfrance.org\/index.php\/2025\/02\/01\/declaration-conjointe-inaugurale-du-groupe-de-la-haye\/#primaryimage\"},\"image\":{\"@id\":\"https:\/\/ismfrance.org\/index.php\/2025\/02\/01\/declaration-conjointe-inaugurale-du-groupe-de-la-haye\/#primaryimage\"},\"thumbnailUrl\":\"https:\/\/ismfrance.org\/wp-content\/uploads\/2025\/02\/grpe-La-Haye.png\",\"datePublished\":\"2025-02-01T17:03:34+00:00\",\"breadcrumb\":{\"@id\":\"https:\/\/ismfrance.org\/index.php\/2025\/02\/01\/declaration-conjointe-inaugurale-du-groupe-de-la-haye\/#breadcrumb\"},\"inLanguage\":\"fr-FR\",\"potentialAction\":[{\"@type\":\"ReadAction\",\"target\":[\"https:\/\/ismfrance.org\/index.php\/2025\/02\/01\/declaration-conjointe-inaugurale-du-groupe-de-la-haye\/\"]}]},{\"@type\":\"ImageObject\",\"inLanguage\":\"fr-FR\",\"@id\":\"https:\/\/ismfrance.org\/index.php\/2025\/02\/01\/declaration-conjointe-inaugurale-du-groupe-de-la-haye\/#primaryimage\",\"url\":\"https:\/\/ismfrance.org\/wp-content\/uploads\/2025\/02\/grpe-La-Haye.png\",\"contentUrl\":\"https:\/\/ismfrance.org\/wp-content\/uploads\/2025\/02\/grpe-La-Haye.png\",\"width\":706,\"height\":226},{\"@type\":\"BreadcrumbList\",\"@id\":\"https:\/\/ismfrance.org\/index.php\/2025\/02\/01\/declaration-conjointe-inaugurale-du-groupe-de-la-haye\/#breadcrumb\",\"itemListElement\":[{\"@type\":\"ListItem\",\"position\":1,\"name\":\"Accueil\",\"item\":\"https:\/\/ismfrance.org\/\"},{\"@type\":\"ListItem\",\"position\":2,\"name\":\"D\u00c9CLARATION CONJOINTE INAUGURALE DU GROUPE DE LA HAYE\"}]},{\"@type\":\"WebSite\",\"@id\":\"https:\/\/ismfrance.org\/#website\",\"url\":\"https:\/\/ismfrance.org\/\",\"name\":\"ISM Palestine France\",\"description\":\"Soutien aux luttes de lib\u00e9ration du peuple palestinien\",\"publisher\":{\"@id\":\"https:\/\/ismfrance.org\/#organization\"},\"potentialAction\":[{\"@type\":\"SearchAction\",\"target\":{\"@type\":\"EntryPoint\",\"urlTemplate\":\"https:\/\/ismfrance.org\/?s={search_term_string}\"},\"query-input\":{\"@type\":\"PropertyValueSpecification\",\"valueRequired\":true,\"valueName\":\"search_term_string\"}}],\"inLanguage\":\"fr-FR\"},{\"@type\":\"Organization\",\"@id\":\"https:\/\/ismfrance.org\/#organization\",\"name\":\"International Solidarity Movement\",\"url\":\"https:\/\/ismfrance.org\/\",\"logo\":{\"@type\":\"ImageObject\",\"inLanguage\":\"fr-FR\",\"@id\":\"https:\/\/ismfrance.org\/#\/schema\/logo\/image\/\",\"url\":\"https:\/\/ismfrance.org\/wp-content\/uploads\/2020\/12\/00.png\",\"contentUrl\":\"https:\/\/ismfrance.org\/wp-content\/uploads\/2020\/12\/00.png\",\"width\":400,\"height\":400,\"caption\":\"International Solidarity Movement\"},\"image\":{\"@id\":\"https:\/\/ismfrance.org\/#\/schema\/logo\/image\/\"},\"sameAs\":[\"https:\/\/x.com\/ISMFRANCE\"]},{\"@type\":\"Person\",\"@id\":\"https:\/\/ismfrance.org\/#\/schema\/person\/3c411eb72adfaae19c0dca1f41fae01d\",\"name\":\"mru_01\",\"image\":{\"@type\":\"ImageObject\",\"inLanguage\":\"fr-FR\",\"@id\":\"https:\/\/secure.gravatar.com\/avatar\/3a0be343b445d2ccc79e87444a294fad2b232e90d2051d0e3cc219e1ecd6a330?s=96&d=mm&r=g\",\"url\":\"https:\/\/secure.gravatar.com\/avatar\/3a0be343b445d2ccc79e87444a294fad2b232e90d2051d0e3cc219e1ecd6a330?s=96&d=mm&r=g\",\"contentUrl\":\"https:\/\/secure.gravatar.com\/avatar\/3a0be343b445d2ccc79e87444a294fad2b232e90d2051d0e3cc219e1ecd6a330?s=96&d=mm&r=g\",\"caption\":\"mru_01\"},\"url\":\"https:\/\/ismfrance.org\/index.php\/author\/admin02\/\"}]}<\/script>\n<!-- \/ Yoast SEO plugin. -->","yoast_head_json":{"title":"D\u00c9CLARATION CONJOINTE INAUGURALE DU GROUPE DE LA HAYE - International Solidarity Movement - ISM-France","robots":{"index":"index","follow":"follow","max-snippet":"max-snippet:-1","max-image-preview":"max-image-preview:large","max-video-preview":"max-video-preview:-1"},"canonical":"https:\/\/ismfrance.org\/index.php\/2025\/02\/01\/declaration-conjointe-inaugurale-du-groupe-de-la-haye\/","og_locale":"fr_FR","og_type":"article","og_title":"D\u00c9CLARATION CONJOINTE INAUGURALE DU GROUPE DE LA HAYE - International Solidarity Movement - ISM-France","og_description":"Groupe de La Haye, 31 janvier 2025. Nous, repr\u00e9sentants des gouvernements du Belize, de l&rsquo;\u00c9tat plurinational de Bolivie, de la R\u00e9publique de Colombie, de la R\u00e9publique de Cuba, de la Lire la suite &rarr;","og_url":"https:\/\/ismfrance.org\/index.php\/2025\/02\/01\/declaration-conjointe-inaugurale-du-groupe-de-la-haye\/","og_site_name":"International Solidarity Movement - ISM-France","article_published_time":"2025-02-01T17:03:34+00:00","og_image":[{"width":706,"height":226,"url":"https:\/\/ismfrance.org\/wp-content\/uploads\/2025\/02\/grpe-La-Haye.png","type":"image\/png"}],"author":"mru_01","twitter_card":"summary_large_image","twitter_creator":"@ISMFRANCE","twitter_site":"@ISMFRANCE","twitter_misc":{"\u00c9crit par":"mru_01","Dur\u00e9e de lecture estim\u00e9e":"7 minutes"},"schema":{"@context":"https:\/\/schema.org","@graph":[{"@type":"Article","@id":"https:\/\/ismfrance.org\/index.php\/2025\/02\/01\/declaration-conjointe-inaugurale-du-groupe-de-la-haye\/#article","isPartOf":{"@id":"https:\/\/ismfrance.org\/index.php\/2025\/02\/01\/declaration-conjointe-inaugurale-du-groupe-de-la-haye\/"},"author":{"name":"mru_01","@id":"https:\/\/ismfrance.org\/#\/schema\/person\/3c411eb72adfaae19c0dca1f41fae01d"},"headline":"D\u00c9CLARATION CONJOINTE INAUGURALE DU GROUPE DE LA HAYE","datePublished":"2025-02-01T17:03:34+00:00","mainEntityOfPage":{"@id":"https:\/\/ismfrance.org\/index.php\/2025\/02\/01\/declaration-conjointe-inaugurale-du-groupe-de-la-haye\/"},"wordCount":1241,"publisher":{"@id":"https:\/\/ismfrance.org\/#organization"},"image":{"@id":"https:\/\/ismfrance.org\/index.php\/2025\/02\/01\/declaration-conjointe-inaugurale-du-groupe-de-la-haye\/#primaryimage"},"thumbnailUrl":"https:\/\/ismfrance.org\/wp-content\/uploads\/2025\/02\/grpe-La-Haye.png","keywords":["Groupe de La Haye","R\u00e9sistance"],"articleSection":["Articles","Communiqu\u00e9s"],"inLanguage":"fr-FR"},{"@type":"WebPage","@id":"https:\/\/ismfrance.org\/index.php\/2025\/02\/01\/declaration-conjointe-inaugurale-du-groupe-de-la-haye\/","url":"https:\/\/ismfrance.org\/index.php\/2025\/02\/01\/declaration-conjointe-inaugurale-du-groupe-de-la-haye\/","name":"D\u00c9CLARATION CONJOINTE INAUGURALE DU GROUPE DE LA HAYE - International Solidarity Movement - ISM-France","isPartOf":{"@id":"https:\/\/ismfrance.org\/#website"},"primaryImageOfPage":{"@id":"https:\/\/ismfrance.org\/index.php\/2025\/02\/01\/declaration-conjointe-inaugurale-du-groupe-de-la-haye\/#primaryimage"},"image":{"@id":"https:\/\/ismfrance.org\/index.php\/2025\/02\/01\/declaration-conjointe-inaugurale-du-groupe-de-la-haye\/#primaryimage"},"thumbnailUrl":"https:\/\/ismfrance.org\/wp-content\/uploads\/2025\/02\/grpe-La-Haye.png","datePublished":"2025-02-01T17:03:34+00:00","breadcrumb":{"@id":"https:\/\/ismfrance.org\/index.php\/2025\/02\/01\/declaration-conjointe-inaugurale-du-groupe-de-la-haye\/#breadcrumb"},"inLanguage":"fr-FR","potentialAction":[{"@type":"ReadAction","target":["https:\/\/ismfrance.org\/index.php\/2025\/02\/01\/declaration-conjointe-inaugurale-du-groupe-de-la-haye\/"]}]},{"@type":"ImageObject","inLanguage":"fr-FR","@id":"https:\/\/ismfrance.org\/index.php\/2025\/02\/01\/declaration-conjointe-inaugurale-du-groupe-de-la-haye\/#primaryimage","url":"https:\/\/ismfrance.org\/wp-content\/uploads\/2025\/02\/grpe-La-Haye.png","contentUrl":"https:\/\/ismfrance.org\/wp-content\/uploads\/2025\/02\/grpe-La-Haye.png","width":706,"height":226},{"@type":"BreadcrumbList","@id":"https:\/\/ismfrance.org\/index.php\/2025\/02\/01\/declaration-conjointe-inaugurale-du-groupe-de-la-haye\/#breadcrumb","itemListElement":[{"@type":"ListItem","position":1,"name":"Accueil","item":"https:\/\/ismfrance.org\/"},{"@type":"ListItem","position":2,"name":"D\u00c9CLARATION CONJOINTE INAUGURALE DU GROUPE DE LA HAYE"}]},{"@type":"WebSite","@id":"https:\/\/ismfrance.org\/#website","url":"https:\/\/ismfrance.org\/","name":"ISM Palestine France","description":"Soutien aux luttes de lib\u00e9ration du peuple palestinien","publisher":{"@id":"https:\/\/ismfrance.org\/#organization"},"potentialAction":[{"@type":"SearchAction","target":{"@type":"EntryPoint","urlTemplate":"https:\/\/ismfrance.org\/?s={search_term_string}"},"query-input":{"@type":"PropertyValueSpecification","valueRequired":true,"valueName":"search_term_string"}}],"inLanguage":"fr-FR"},{"@type":"Organization","@id":"https:\/\/ismfrance.org\/#organization","name":"International Solidarity Movement","url":"https:\/\/ismfrance.org\/","logo":{"@type":"ImageObject","inLanguage":"fr-FR","@id":"https:\/\/ismfrance.org\/#\/schema\/logo\/image\/","url":"https:\/\/ismfrance.org\/wp-content\/uploads\/2020\/12\/00.png","contentUrl":"https:\/\/ismfrance.org\/wp-content\/uploads\/2020\/12\/00.png","width":400,"height":400,"caption":"International Solidarity Movement"},"image":{"@id":"https:\/\/ismfrance.org\/#\/schema\/logo\/image\/"},"sameAs":["https:\/\/x.com\/ISMFRANCE"]},{"@type":"Person","@id":"https:\/\/ismfrance.org\/#\/schema\/person\/3c411eb72adfaae19c0dca1f41fae01d","name":"mru_01","image":{"@type":"ImageObject","inLanguage":"fr-FR","@id":"https:\/\/secure.gravatar.com\/avatar\/3a0be343b445d2ccc79e87444a294fad2b232e90d2051d0e3cc219e1ecd6a330?s=96&d=mm&r=g","url":"https:\/\/secure.gravatar.com\/avatar\/3a0be343b445d2ccc79e87444a294fad2b232e90d2051d0e3cc219e1ecd6a330?s=96&d=mm&r=g","contentUrl":"https:\/\/secure.gravatar.com\/avatar\/3a0be343b445d2ccc79e87444a294fad2b232e90d2051d0e3cc219e1ecd6a330?s=96&d=mm&r=g","caption":"mru_01"},"url":"https:\/\/ismfrance.org\/index.php\/author\/admin02\/"}]}},"_links":{"self":[{"href":"https:\/\/ismfrance.org\/index.php\/wp-json\/wp\/v2\/posts\/18062","targetHints":{"allow":["GET"]}}],"collection":[{"href":"https:\/\/ismfrance.org\/index.php\/wp-json\/wp\/v2\/posts"}],"about":[{"href":"https:\/\/ismfrance.org\/index.php\/wp-json\/wp\/v2\/types\/post"}],"author":[{"embeddable":true,"href":"https:\/\/ismfrance.org\/index.php\/wp-json\/wp\/v2\/users\/3"}],"replies":[{"embeddable":true,"href":"https:\/\/ismfrance.org\/index.php\/wp-json\/wp\/v2\/comments?post=18062"}],"version-history":[{"count":0,"href":"https:\/\/ismfrance.org\/index.php\/wp-json\/wp\/v2\/posts\/18062\/revisions"}],"wp:featuredmedia":[{"embeddable":true,"href":"https:\/\/ismfrance.org\/index.php\/wp-json\/wp\/v2\/media\/18068"}],"wp:attachment":[{"href":"https:\/\/ismfrance.org\/index.php\/wp-json\/wp\/v2\/media?parent=18062"}],"wp:term":[{"taxonomy":"category","embeddable":true,"href":"https:\/\/ismfrance.org\/index.php\/wp-json\/wp\/v2\/categories?post=18062"},{"taxonomy":"post_tag","embeddable":true,"href":"https:\/\/ismfrance.org\/index.php\/wp-json\/wp\/v2\/tags?post=18062"}],"curies":[{"name":"wp","href":"https:\/\/api.w.org\/{rel}","templated":true}]}}