{"id":17905,"date":"2025-01-28T13:37:14","date_gmt":"2025-01-28T12:37:14","guid":{"rendered":"https:\/\/ismfrance.org\/?p=17905"},"modified":"2025-01-28T13:37:14","modified_gmt":"2025-01-28T12:37:14","slug":"le-retour-au-nord-de-gaza-brise-lillusion-de-la-victoire-medias-israeliens","status":"publish","type":"post","link":"https:\/\/ismfrance.org\/index.php\/2025\/01\/28\/le-retour-au-nord-de-gaza-brise-lillusion-de-la-victoire-medias-israeliens\/","title":{"rendered":"Le retour au nord de Gaza \u00ab brise l&rsquo;illusion de la victoire \u00bb : m\u00e9dias isra\u00e9liens"},"content":{"rendered":"<p><span style=\"color: #000000;\"><span style=\"font-family: Verdana, sans-serif;\"><span style=\"font-size: medium;\"><strong>Al Mayadeen, 27 janvier 2025<\/strong>. Les images des Palestiniens qui retournent au nord de Gaza par le passage de Netzarim \u00ab d\u00e9truisent l&rsquo;illusion d&rsquo;une victoire absolue \u00bb, ont d\u00e9clar\u00e9 les m\u00e9dias isra\u00e9liens, faisant r\u00e9f\u00e9rence au v\u0153u du Premier ministre Benjamin Netanyahu d&rsquo;une victoire totale \u00e0 Gaza.<\/span><\/span><\/span><\/p>\n<div id=\"attachment_17906\" style=\"width: 593px\" class=\"wp-caption alignnone\"><a href=\"https:\/\/ismfrance.org\/wp-content\/uploads\/2025\/01\/retour-nord.png\"><img loading=\"lazy\" decoding=\"async\" aria-describedby=\"caption-attachment-17906\" class=\"wp-image-17906 size-full\" src=\"https:\/\/ismfrance.org\/wp-content\/uploads\/2025\/01\/retour-nord.png\" alt=\"\" width=\"583\" height=\"520\" srcset=\"https:\/\/ismfrance.org\/wp-content\/uploads\/2025\/01\/retour-nord.png 583w, https:\/\/ismfrance.org\/wp-content\/uploads\/2025\/01\/retour-nord-300x268.png 300w\" sizes=\"auto, (max-width: 583px) 100vw, 583px\" \/><\/a><p id=\"caption-attachment-17906\" class=\"wp-caption-text\">Retour au nord. (image de la <a href=\"https:\/\/x.com\/i\/status\/1883839221829656729\">video de Quds News Network<\/a>)<\/p><\/div>\n<p><span style=\"color: #000000;\"><span style=\"font-family: Verdana, sans-serif;\"><span style=\"font-size: medium;\">Selon l&rsquo;analyste militaire de <i>Haaretz<\/i>, Amos Harel, le retour des Palestiniens dans le nord de Gaza et ce qui reste de leurs maisons \u00e0 pied, notamment par la route de Netzarim, confirme dans une large mesure la fin de la guerre entre \u00ab Isra\u00ebl \u00bb et le Hamas.<\/span><\/span><\/span><\/p>\n<p><span style=\"color: #000000;\"><span style=\"font-family: Verdana, sans-serif;\"><span style=\"font-size: medium;\">Les images de leur retour prises lundi invalident le v\u0153u de Benjamin Netanyahu et de ses soutiens d&rsquo;une victoire totale \u00e0 Gaza, a \u00e9galement ajout\u00e9 Harel.<\/span><\/span><\/span><\/p>\n<p><span style=\"color: #000000;\"><span style=\"font-family: Verdana, sans-serif;\"><span style=\"font-size: medium;\">\u00ab\u00a0Pendant la majeure partie de la guerre, Netanyahou a refus\u00e9 de discuter des arrangements pour le lendemain \u00e0 Gaza. Il n&rsquo;a pas accept\u00e9 d&rsquo;ouvrir une fen\u00eatre pour la participation de l&rsquo;Autorit\u00e9 palestinienne \u00e0 Gaza et a continu\u00e9 \u00e0 promouvoir un sc\u00e9nario illusoire de d\u00e9faite totale du Hamas\u00a0\u00bb\u00a0\u00bb, a ajout\u00e9 l&rsquo;analyste isra\u00e9lien, soulignant qu&rsquo;actuellement, il semble que le Premier ministre devra se contenter de beaucoup moins.<\/span><\/span><\/span><\/p>\n<p><span style=\"color: #000000;\"><span style=\"font-family: Verdana, sans-serif;\"><span style=\"font-size: medium;\">Quant au Hamas, la priorit\u00e9 accord\u00e9e \u00e0 la lib\u00e9ration des prisonniers, en particulier sa gestion de l&rsquo;incident impliquant la captive Arbel Yehud, est une concession tactique en faveur d&rsquo;un gain strat\u00e9gique : le retour des habitants dans le nord de Gaza et la pr\u00e9vention de la reprise des combats, a-t-il expliqu\u00e9. \u00ab\u00a0La d\u00e9cision finale pourrait reposer entre les mains du pr\u00e9sident am\u00e9ricain Donald Trump. La rencontre pr\u00e9vue entre lui et Netanyahou semble \u00eatre d&rsquo;une importance cruciale\u00a0\u00bb, selon Harel.<\/span><\/span><\/span><\/p>\n<p><span style=\"color: #000000;\"><span style=\"font-family: Verdana, sans-serif;\"><span style=\"font-size: medium;\">Il a ensuite pr\u00e9cis\u00e9 que le retour des Palestiniens dans le nord de Gaza compliquerait \u00e0 nouveau le soi-disant processus d&rsquo;\u00e9vacuation des civils du nord si l&rsquo;arm\u00e9e isra\u00e9lienne envahissait le district, ind\u00e9pendamment du fait que l&rsquo;accord de cessez-le-feu s&rsquo;effondre apr\u00e8s le temps imparti et la premi\u00e8re phase, entre autres contraintes op\u00e9rationnelles.<\/span><\/span><\/span><\/p>\n<p><strong><span style=\"color: #000000;\"><span style=\"font-family: Verdana, sans-serif;\"><span style=\"font-size: large;\">\u00ab Pas d&rsquo;\u00e9limination absolue \u00bb<\/span><\/span><\/span><\/strong><\/p>\n<p><span style=\"color: #000000;\"><span style=\"font-family: Verdana, sans-serif;\"><span style=\"font-size: medium;\">Dans ce contexte, Harel a \u00e9galement affirm\u00e9 que l&rsquo;occupation isra\u00e9lienne a port\u00e9 au Hamas le coup le plus dur qu&rsquo;elle pouvait porter contre un adversaire depuis sa formation. Cependant, il ne s&rsquo;agit pas de l&rsquo;\u00e9limination absolue [du Hamas], a-t-il affirm\u00e9.<\/span><\/span><\/span><\/p>\n<p><span style=\"color: #000000;\"><span style=\"font-family: Verdana, sans-serif;\"><span style=\"font-size: medium;\">\u00ab C&rsquo;est la source des promesses faites par le ministre des Finances Bezalel Smotrich, qui s&rsquo;accroche \u00e0 son si\u00e8ge malgr\u00e9 son opposition \u00e0 l&rsquo;accord sur les prisonniers, concernant un retour rapide \u00e0 la guerre \u00bb, a-t-il d\u00e9clar\u00e9, ajoutant que la r\u00e9alit\u00e9 est loin de ce que le cabinet isra\u00e9lien essaie de fabriquer, tout comme la possibilit\u00e9 de reprendre la guerre contre Gaza.<\/span><\/span><\/span><\/p>\n<p><span style=\"color: #000000;\"><span style=\"font-family: Verdana, sans-serif;\"><span style=\"font-size: medium;\">Harel a ensuite affirm\u00e9 que la d\u00e9cision serait prise par le pr\u00e9sident am\u00e9ricain Donald Trump, plut\u00f4t que par Netanyahu.<\/span><\/span><\/span><\/p>\n<p><span style=\"color: #000000;\"><span style=\"font-family: Verdana, sans-serif;\"><span style=\"font-size: medium;\">Il a not\u00e9 que \u00ab Trump aime l\u2019ambigu\u00eft\u00e9 et le manque de clart\u00e9 jusqu\u2019\u00e0 ce qu\u2019il d\u00e9cide \u00bb, ce qui explique la difficult\u00e9 de pr\u00e9dire son comportement. Mais selon les indications qu\u2019il a donn\u00e9es ces derni\u00e8res semaines, \u00ab sa principale pr\u00e9occupation n\u2019est pas de reprendre la guerre mais d\u2019y mettre fin. \u00bb<\/span><\/span><\/span><\/p>\n<p><span style=\"color: #000000;\"><span style=\"font-family: Verdana, sans-serif;\"><span style=\"font-size: medium;\">Pour l\u2019instant, il semble que Trump ait l\u2019intention de faire pression sur Netanyahou pour qu\u2019il conclue l\u2019accord d\u2019\u00e9change de prisonniers, \u00e9tablisse un m\u00e9ga-accord am\u00e9ricano-saoudien-isra\u00e9lien et reconnaisse potentiellement une vision future d\u2019un \u00c9tat palestinien, a d\u00e9clar\u00e9 Harel.<\/span><\/span><\/span><\/p>\n<p><span style=\"color: #000000;\"><span style=\"font-family: Verdana, sans-serif;\"><span style=\"font-size: medium;\">Cependant, Trump a sugg\u00e9r\u00e9 samedi un plan controvers\u00e9 pour \u00ab simplement nettoyer \u00bb Gaza par l\u2019expulsion massive de sa population vers l\u2019\u00c9gypte et la Jordanie voisines, pr\u00e9sentant la proposition comme une \u00e9tape vers la \u00ab paix au Moyen-Orient \u00bb.<\/span><\/span><\/span><\/p>\n<p><span style=\"color: #000000;\"><span style=\"font-family: Verdana, sans-serif;\"><span style=\"font-size: medium;\">Qualifiant Gaza de \u00ab site de d\u00e9molition \u00bb au lendemain du g\u00e9nocide isra\u00e9lien, Trump a r\u00e9v\u00e9l\u00e9 qu\u2019il avait discut\u00e9 de l\u2019id\u00e9e avec le roi de Jordanie Abdallah II et qu\u2019il pr\u00e9voyait de nouvelles discussions avec les dirigeants \u00e9gyptiens.<\/span><\/span><\/span><\/p>\n<p><span style=\"color: #000000;\"><span style=\"font-family: Verdana, sans-serif;\"><span style=\"font-size: medium;\">\u00ab J&rsquo;aimerais que l&rsquo;\u00c9gypte accueille des gens. Et j&rsquo;aimerais que la Jordanie accueille des gens \u00bb, a d\u00e9clar\u00e9 Trump aux journalistes \u00e0 bord d&rsquo;Air Force One.<\/span><\/span><\/span><\/p>\n<p><span style=\"color: #000000;\"><span style=\"font-family: Verdana, sans-serif;\"><span style=\"font-size: medium;\">Il a estim\u00e9 que \u00ab probablement un million et demi de personnes \u00bb pourraient \u00eatre d\u00e9plac\u00e9es, ajoutant : \u00ab Nous allons simplement nettoyer tout cela. Vous savez, au fil des si\u00e8cles, ce site a connu de nombreux, nombreux conflits. Et je ne sais pas, quelque chose doit se passer. \u00bb<\/span><\/span><\/span><\/p>\n<pre><em><strong><span style=\"color: #000000;\"><span style=\"font-family: Verdana, sans-serif;\"><span style=\"font-size: medium;\"><span style=\"font-size: small;\">Article original en anglais sur <a href=\"https:\/\/english.almayadeen.net\/news\/politics\/return-to-north-gaza-shatters-illusion-of-victory---israeli\">Al Mayadeen<\/a> \/ Traduction MR<\/span><\/span><\/span><\/span><\/strong><\/em><\/pre>\n","protected":false},"excerpt":{"rendered":"<p>Al Mayadeen, 27 janvier 2025. Les images des Palestiniens qui retournent au nord de Gaza par le passage de Netzarim \u00ab d\u00e9truisent l&rsquo;illusion d&rsquo;une victoire absolue \u00bb, ont d\u00e9clar\u00e9 les <a class=\"more-link\" href=\"https:\/\/ismfrance.org\/index.php\/2025\/01\/28\/le-retour-au-nord-de-gaza-brise-lillusion-de-la-victoire-medias-israeliens\/\">Lire la suite &rarr;<\/a><\/p>\n","protected":false},"author":3,"featured_media":17906,"comment_status":"closed","ping_status":"closed","sticky":false,"template":"","format":"standard","meta":{"footnotes":""},"categories":[12,2],"tags":[156,3],"class_list":["post-17905","post","type-post","status-publish","format-standard","has-post-thumbnail","hentry","category-analyses","category-articles","tag-genocide","tag-resistance"],"yoast_head":"<!-- This site is optimized with the Yoast SEO plugin v27.2 - https:\/\/yoast.com\/product\/yoast-seo-wordpress\/ -->\n<title>Le retour au nord de Gaza \u00ab brise l&#039;illusion de la victoire \u00bb : m\u00e9dias isra\u00e9liens - International Solidarity Movement - ISM-France<\/title>\n<meta name=\"robots\" content=\"index, follow, max-snippet:-1, max-image-preview:large, max-video-preview:-1\" \/>\n<link rel=\"canonical\" href=\"https:\/\/ismfrance.org\/index.php\/2025\/01\/28\/le-retour-au-nord-de-gaza-brise-lillusion-de-la-victoire-medias-israeliens\/\" \/>\n<meta property=\"og:locale\" content=\"fr_FR\" \/>\n<meta property=\"og:type\" content=\"article\" \/>\n<meta property=\"og:title\" content=\"Le retour au nord de Gaza \u00ab brise l&#039;illusion de la victoire \u00bb : m\u00e9dias isra\u00e9liens - International Solidarity Movement - ISM-France\" \/>\n<meta property=\"og:description\" content=\"Al Mayadeen, 27 janvier 2025. Les images des Palestiniens qui retournent au nord de Gaza par le passage de Netzarim \u00ab d\u00e9truisent l&rsquo;illusion d&rsquo;une victoire absolue \u00bb, ont d\u00e9clar\u00e9 les Lire la suite &rarr;\" \/>\n<meta property=\"og:url\" content=\"https:\/\/ismfrance.org\/index.php\/2025\/01\/28\/le-retour-au-nord-de-gaza-brise-lillusion-de-la-victoire-medias-israeliens\/\" \/>\n<meta property=\"og:site_name\" content=\"International Solidarity Movement - ISM-France\" \/>\n<meta property=\"article:published_time\" content=\"2025-01-28T12:37:14+00:00\" \/>\n<meta property=\"og:image\" content=\"https:\/\/ismfrance.org\/wp-content\/uploads\/2025\/01\/retour-nord.png\" \/>\n\t<meta property=\"og:image:width\" content=\"583\" \/>\n\t<meta property=\"og:image:height\" content=\"520\" \/>\n\t<meta property=\"og:image:type\" content=\"image\/png\" \/>\n<meta name=\"author\" content=\"mru_01\" \/>\n<meta name=\"twitter:card\" content=\"summary_large_image\" \/>\n<meta name=\"twitter:creator\" content=\"@ISMFRANCE\" \/>\n<meta name=\"twitter:site\" content=\"@ISMFRANCE\" \/>\n<meta name=\"twitter:label1\" content=\"\u00c9crit par\" \/>\n\t<meta name=\"twitter:data1\" content=\"mru_01\" \/>\n\t<meta name=\"twitter:label2\" content=\"Dur\u00e9e de lecture estim\u00e9e\" \/>\n\t<meta name=\"twitter:data2\" content=\"4 minutes\" \/>\n<script type=\"application\/ld+json\" class=\"yoast-schema-graph\">{\"@context\":\"https:\/\/schema.org\",\"@graph\":[{\"@type\":\"Article\",\"@id\":\"https:\/\/ismfrance.org\/index.php\/2025\/01\/28\/le-retour-au-nord-de-gaza-brise-lillusion-de-la-victoire-medias-israeliens\/#article\",\"isPartOf\":{\"@id\":\"https:\/\/ismfrance.org\/index.php\/2025\/01\/28\/le-retour-au-nord-de-gaza-brise-lillusion-de-la-victoire-medias-israeliens\/\"},\"author\":{\"name\":\"mru_01\",\"@id\":\"https:\/\/ismfrance.org\/#\/schema\/person\/3c411eb72adfaae19c0dca1f41fae01d\"},\"headline\":\"Le retour au nord de Gaza \u00ab brise l&rsquo;illusion de la victoire \u00bb : m\u00e9dias isra\u00e9liens\",\"datePublished\":\"2025-01-28T12:37:14+00:00\",\"mainEntityOfPage\":{\"@id\":\"https:\/\/ismfrance.org\/index.php\/2025\/01\/28\/le-retour-au-nord-de-gaza-brise-lillusion-de-la-victoire-medias-israeliens\/\"},\"wordCount\":780,\"publisher\":{\"@id\":\"https:\/\/ismfrance.org\/#organization\"},\"image\":{\"@id\":\"https:\/\/ismfrance.org\/index.php\/2025\/01\/28\/le-retour-au-nord-de-gaza-brise-lillusion-de-la-victoire-medias-israeliens\/#primaryimage\"},\"thumbnailUrl\":\"https:\/\/ismfrance.org\/wp-content\/uploads\/2025\/01\/retour-nord.png\",\"keywords\":[\"G\u00e9nocide\",\"R\u00e9sistance\"],\"articleSection\":[\"Analyses\",\"Articles\"],\"inLanguage\":\"fr-FR\"},{\"@type\":\"WebPage\",\"@id\":\"https:\/\/ismfrance.org\/index.php\/2025\/01\/28\/le-retour-au-nord-de-gaza-brise-lillusion-de-la-victoire-medias-israeliens\/\",\"url\":\"https:\/\/ismfrance.org\/index.php\/2025\/01\/28\/le-retour-au-nord-de-gaza-brise-lillusion-de-la-victoire-medias-israeliens\/\",\"name\":\"Le retour au nord de Gaza \u00ab brise l'illusion de la victoire \u00bb : m\u00e9dias isra\u00e9liens - International Solidarity Movement - ISM-France\",\"isPartOf\":{\"@id\":\"https:\/\/ismfrance.org\/#website\"},\"primaryImageOfPage\":{\"@id\":\"https:\/\/ismfrance.org\/index.php\/2025\/01\/28\/le-retour-au-nord-de-gaza-brise-lillusion-de-la-victoire-medias-israeliens\/#primaryimage\"},\"image\":{\"@id\":\"https:\/\/ismfrance.org\/index.php\/2025\/01\/28\/le-retour-au-nord-de-gaza-brise-lillusion-de-la-victoire-medias-israeliens\/#primaryimage\"},\"thumbnailUrl\":\"https:\/\/ismfrance.org\/wp-content\/uploads\/2025\/01\/retour-nord.png\",\"datePublished\":\"2025-01-28T12:37:14+00:00\",\"breadcrumb\":{\"@id\":\"https:\/\/ismfrance.org\/index.php\/2025\/01\/28\/le-retour-au-nord-de-gaza-brise-lillusion-de-la-victoire-medias-israeliens\/#breadcrumb\"},\"inLanguage\":\"fr-FR\",\"potentialAction\":[{\"@type\":\"ReadAction\",\"target\":[\"https:\/\/ismfrance.org\/index.php\/2025\/01\/28\/le-retour-au-nord-de-gaza-brise-lillusion-de-la-victoire-medias-israeliens\/\"]}]},{\"@type\":\"ImageObject\",\"inLanguage\":\"fr-FR\",\"@id\":\"https:\/\/ismfrance.org\/index.php\/2025\/01\/28\/le-retour-au-nord-de-gaza-brise-lillusion-de-la-victoire-medias-israeliens\/#primaryimage\",\"url\":\"https:\/\/ismfrance.org\/wp-content\/uploads\/2025\/01\/retour-nord.png\",\"contentUrl\":\"https:\/\/ismfrance.org\/wp-content\/uploads\/2025\/01\/retour-nord.png\",\"width\":583,\"height\":520},{\"@type\":\"BreadcrumbList\",\"@id\":\"https:\/\/ismfrance.org\/index.php\/2025\/01\/28\/le-retour-au-nord-de-gaza-brise-lillusion-de-la-victoire-medias-israeliens\/#breadcrumb\",\"itemListElement\":[{\"@type\":\"ListItem\",\"position\":1,\"name\":\"Accueil\",\"item\":\"https:\/\/ismfrance.org\/\"},{\"@type\":\"ListItem\",\"position\":2,\"name\":\"Le retour au nord de Gaza \u00ab brise l&rsquo;illusion de la victoire \u00bb : m\u00e9dias isra\u00e9liens\"}]},{\"@type\":\"WebSite\",\"@id\":\"https:\/\/ismfrance.org\/#website\",\"url\":\"https:\/\/ismfrance.org\/\",\"name\":\"ISM Palestine France\",\"description\":\"Soutien aux luttes de lib\u00e9ration du peuple palestinien\",\"publisher\":{\"@id\":\"https:\/\/ismfrance.org\/#organization\"},\"potentialAction\":[{\"@type\":\"SearchAction\",\"target\":{\"@type\":\"EntryPoint\",\"urlTemplate\":\"https:\/\/ismfrance.org\/?s={search_term_string}\"},\"query-input\":{\"@type\":\"PropertyValueSpecification\",\"valueRequired\":true,\"valueName\":\"search_term_string\"}}],\"inLanguage\":\"fr-FR\"},{\"@type\":\"Organization\",\"@id\":\"https:\/\/ismfrance.org\/#organization\",\"name\":\"International Solidarity Movement\",\"url\":\"https:\/\/ismfrance.org\/\",\"logo\":{\"@type\":\"ImageObject\",\"inLanguage\":\"fr-FR\",\"@id\":\"https:\/\/ismfrance.org\/#\/schema\/logo\/image\/\",\"url\":\"https:\/\/ismfrance.org\/wp-content\/uploads\/2020\/12\/00.png\",\"contentUrl\":\"https:\/\/ismfrance.org\/wp-content\/uploads\/2020\/12\/00.png\",\"width\":400,\"height\":400,\"caption\":\"International Solidarity Movement\"},\"image\":{\"@id\":\"https:\/\/ismfrance.org\/#\/schema\/logo\/image\/\"},\"sameAs\":[\"https:\/\/x.com\/ISMFRANCE\"]},{\"@type\":\"Person\",\"@id\":\"https:\/\/ismfrance.org\/#\/schema\/person\/3c411eb72adfaae19c0dca1f41fae01d\",\"name\":\"mru_01\",\"image\":{\"@type\":\"ImageObject\",\"inLanguage\":\"fr-FR\",\"@id\":\"https:\/\/secure.gravatar.com\/avatar\/3a0be343b445d2ccc79e87444a294fad2b232e90d2051d0e3cc219e1ecd6a330?s=96&d=mm&r=g\",\"url\":\"https:\/\/secure.gravatar.com\/avatar\/3a0be343b445d2ccc79e87444a294fad2b232e90d2051d0e3cc219e1ecd6a330?s=96&d=mm&r=g\",\"contentUrl\":\"https:\/\/secure.gravatar.com\/avatar\/3a0be343b445d2ccc79e87444a294fad2b232e90d2051d0e3cc219e1ecd6a330?s=96&d=mm&r=g\",\"caption\":\"mru_01\"},\"url\":\"https:\/\/ismfrance.org\/index.php\/author\/admin02\/\"}]}<\/script>\n<!-- \/ Yoast SEO plugin. -->","yoast_head_json":{"title":"Le retour au nord de Gaza \u00ab brise l'illusion de la victoire \u00bb : m\u00e9dias isra\u00e9liens - International Solidarity Movement - ISM-France","robots":{"index":"index","follow":"follow","max-snippet":"max-snippet:-1","max-image-preview":"max-image-preview:large","max-video-preview":"max-video-preview:-1"},"canonical":"https:\/\/ismfrance.org\/index.php\/2025\/01\/28\/le-retour-au-nord-de-gaza-brise-lillusion-de-la-victoire-medias-israeliens\/","og_locale":"fr_FR","og_type":"article","og_title":"Le retour au nord de Gaza \u00ab brise l'illusion de la victoire \u00bb : m\u00e9dias isra\u00e9liens - International Solidarity Movement - ISM-France","og_description":"Al Mayadeen, 27 janvier 2025. Les images des Palestiniens qui retournent au nord de Gaza par le passage de Netzarim \u00ab d\u00e9truisent l&rsquo;illusion d&rsquo;une victoire absolue \u00bb, ont d\u00e9clar\u00e9 les Lire la suite &rarr;","og_url":"https:\/\/ismfrance.org\/index.php\/2025\/01\/28\/le-retour-au-nord-de-gaza-brise-lillusion-de-la-victoire-medias-israeliens\/","og_site_name":"International Solidarity Movement - ISM-France","article_published_time":"2025-01-28T12:37:14+00:00","og_image":[{"width":583,"height":520,"url":"https:\/\/ismfrance.org\/wp-content\/uploads\/2025\/01\/retour-nord.png","type":"image\/png"}],"author":"mru_01","twitter_card":"summary_large_image","twitter_creator":"@ISMFRANCE","twitter_site":"@ISMFRANCE","twitter_misc":{"\u00c9crit par":"mru_01","Dur\u00e9e de lecture estim\u00e9e":"4 minutes"},"schema":{"@context":"https:\/\/schema.org","@graph":[{"@type":"Article","@id":"https:\/\/ismfrance.org\/index.php\/2025\/01\/28\/le-retour-au-nord-de-gaza-brise-lillusion-de-la-victoire-medias-israeliens\/#article","isPartOf":{"@id":"https:\/\/ismfrance.org\/index.php\/2025\/01\/28\/le-retour-au-nord-de-gaza-brise-lillusion-de-la-victoire-medias-israeliens\/"},"author":{"name":"mru_01","@id":"https:\/\/ismfrance.org\/#\/schema\/person\/3c411eb72adfaae19c0dca1f41fae01d"},"headline":"Le retour au nord de Gaza \u00ab brise l&rsquo;illusion de la victoire \u00bb : m\u00e9dias isra\u00e9liens","datePublished":"2025-01-28T12:37:14+00:00","mainEntityOfPage":{"@id":"https:\/\/ismfrance.org\/index.php\/2025\/01\/28\/le-retour-au-nord-de-gaza-brise-lillusion-de-la-victoire-medias-israeliens\/"},"wordCount":780,"publisher":{"@id":"https:\/\/ismfrance.org\/#organization"},"image":{"@id":"https:\/\/ismfrance.org\/index.php\/2025\/01\/28\/le-retour-au-nord-de-gaza-brise-lillusion-de-la-victoire-medias-israeliens\/#primaryimage"},"thumbnailUrl":"https:\/\/ismfrance.org\/wp-content\/uploads\/2025\/01\/retour-nord.png","keywords":["G\u00e9nocide","R\u00e9sistance"],"articleSection":["Analyses","Articles"],"inLanguage":"fr-FR"},{"@type":"WebPage","@id":"https:\/\/ismfrance.org\/index.php\/2025\/01\/28\/le-retour-au-nord-de-gaza-brise-lillusion-de-la-victoire-medias-israeliens\/","url":"https:\/\/ismfrance.org\/index.php\/2025\/01\/28\/le-retour-au-nord-de-gaza-brise-lillusion-de-la-victoire-medias-israeliens\/","name":"Le retour au nord de Gaza \u00ab brise l'illusion de la victoire \u00bb : m\u00e9dias isra\u00e9liens - International Solidarity Movement - ISM-France","isPartOf":{"@id":"https:\/\/ismfrance.org\/#website"},"primaryImageOfPage":{"@id":"https:\/\/ismfrance.org\/index.php\/2025\/01\/28\/le-retour-au-nord-de-gaza-brise-lillusion-de-la-victoire-medias-israeliens\/#primaryimage"},"image":{"@id":"https:\/\/ismfrance.org\/index.php\/2025\/01\/28\/le-retour-au-nord-de-gaza-brise-lillusion-de-la-victoire-medias-israeliens\/#primaryimage"},"thumbnailUrl":"https:\/\/ismfrance.org\/wp-content\/uploads\/2025\/01\/retour-nord.png","datePublished":"2025-01-28T12:37:14+00:00","breadcrumb":{"@id":"https:\/\/ismfrance.org\/index.php\/2025\/01\/28\/le-retour-au-nord-de-gaza-brise-lillusion-de-la-victoire-medias-israeliens\/#breadcrumb"},"inLanguage":"fr-FR","potentialAction":[{"@type":"ReadAction","target":["https:\/\/ismfrance.org\/index.php\/2025\/01\/28\/le-retour-au-nord-de-gaza-brise-lillusion-de-la-victoire-medias-israeliens\/"]}]},{"@type":"ImageObject","inLanguage":"fr-FR","@id":"https:\/\/ismfrance.org\/index.php\/2025\/01\/28\/le-retour-au-nord-de-gaza-brise-lillusion-de-la-victoire-medias-israeliens\/#primaryimage","url":"https:\/\/ismfrance.org\/wp-content\/uploads\/2025\/01\/retour-nord.png","contentUrl":"https:\/\/ismfrance.org\/wp-content\/uploads\/2025\/01\/retour-nord.png","width":583,"height":520},{"@type":"BreadcrumbList","@id":"https:\/\/ismfrance.org\/index.php\/2025\/01\/28\/le-retour-au-nord-de-gaza-brise-lillusion-de-la-victoire-medias-israeliens\/#breadcrumb","itemListElement":[{"@type":"ListItem","position":1,"name":"Accueil","item":"https:\/\/ismfrance.org\/"},{"@type":"ListItem","position":2,"name":"Le retour au nord de Gaza \u00ab brise l&rsquo;illusion de la victoire \u00bb : m\u00e9dias isra\u00e9liens"}]},{"@type":"WebSite","@id":"https:\/\/ismfrance.org\/#website","url":"https:\/\/ismfrance.org\/","name":"ISM Palestine France","description":"Soutien aux luttes de lib\u00e9ration du peuple palestinien","publisher":{"@id":"https:\/\/ismfrance.org\/#organization"},"potentialAction":[{"@type":"SearchAction","target":{"@type":"EntryPoint","urlTemplate":"https:\/\/ismfrance.org\/?s={search_term_string}"},"query-input":{"@type":"PropertyValueSpecification","valueRequired":true,"valueName":"search_term_string"}}],"inLanguage":"fr-FR"},{"@type":"Organization","@id":"https:\/\/ismfrance.org\/#organization","name":"International Solidarity Movement","url":"https:\/\/ismfrance.org\/","logo":{"@type":"ImageObject","inLanguage":"fr-FR","@id":"https:\/\/ismfrance.org\/#\/schema\/logo\/image\/","url":"https:\/\/ismfrance.org\/wp-content\/uploads\/2020\/12\/00.png","contentUrl":"https:\/\/ismfrance.org\/wp-content\/uploads\/2020\/12\/00.png","width":400,"height":400,"caption":"International Solidarity Movement"},"image":{"@id":"https:\/\/ismfrance.org\/#\/schema\/logo\/image\/"},"sameAs":["https:\/\/x.com\/ISMFRANCE"]},{"@type":"Person","@id":"https:\/\/ismfrance.org\/#\/schema\/person\/3c411eb72adfaae19c0dca1f41fae01d","name":"mru_01","image":{"@type":"ImageObject","inLanguage":"fr-FR","@id":"https:\/\/secure.gravatar.com\/avatar\/3a0be343b445d2ccc79e87444a294fad2b232e90d2051d0e3cc219e1ecd6a330?s=96&d=mm&r=g","url":"https:\/\/secure.gravatar.com\/avatar\/3a0be343b445d2ccc79e87444a294fad2b232e90d2051d0e3cc219e1ecd6a330?s=96&d=mm&r=g","contentUrl":"https:\/\/secure.gravatar.com\/avatar\/3a0be343b445d2ccc79e87444a294fad2b232e90d2051d0e3cc219e1ecd6a330?s=96&d=mm&r=g","caption":"mru_01"},"url":"https:\/\/ismfrance.org\/index.php\/author\/admin02\/"}]}},"_links":{"self":[{"href":"https:\/\/ismfrance.org\/index.php\/wp-json\/wp\/v2\/posts\/17905","targetHints":{"allow":["GET"]}}],"collection":[{"href":"https:\/\/ismfrance.org\/index.php\/wp-json\/wp\/v2\/posts"}],"about":[{"href":"https:\/\/ismfrance.org\/index.php\/wp-json\/wp\/v2\/types\/post"}],"author":[{"embeddable":true,"href":"https:\/\/ismfrance.org\/index.php\/wp-json\/wp\/v2\/users\/3"}],"replies":[{"embeddable":true,"href":"https:\/\/ismfrance.org\/index.php\/wp-json\/wp\/v2\/comments?post=17905"}],"version-history":[{"count":0,"href":"https:\/\/ismfrance.org\/index.php\/wp-json\/wp\/v2\/posts\/17905\/revisions"}],"wp:featuredmedia":[{"embeddable":true,"href":"https:\/\/ismfrance.org\/index.php\/wp-json\/wp\/v2\/media\/17906"}],"wp:attachment":[{"href":"https:\/\/ismfrance.org\/index.php\/wp-json\/wp\/v2\/media?parent=17905"}],"wp:term":[{"taxonomy":"category","embeddable":true,"href":"https:\/\/ismfrance.org\/index.php\/wp-json\/wp\/v2\/categories?post=17905"},{"taxonomy":"post_tag","embeddable":true,"href":"https:\/\/ismfrance.org\/index.php\/wp-json\/wp\/v2\/tags?post=17905"}],"curies":[{"name":"wp","href":"https:\/\/api.w.org\/{rel}","templated":true}]}}