{"id":17808,"date":"2025-01-25T21:08:33","date_gmt":"2025-01-25T20:08:33","guid":{"rendered":"https:\/\/ismfrance.org\/?p=17808"},"modified":"2025-01-26T12:03:10","modified_gmt":"2025-01-26T11:03:10","slug":"liesse-a-ramallah-alors-que-les-palestiniens-accueillent-les-prisonniers-liberes","status":"publish","type":"post","link":"https:\/\/ismfrance.org\/index.php\/2025\/01\/25\/liesse-a-ramallah-alors-que-les-palestiniens-accueillent-les-prisonniers-liberes\/","title":{"rendered":"Liesse \u00e0 Ramallah alors que les Palestiniens accueillent les prisonniers lib\u00e9r\u00e9s"},"content":{"rendered":"<p align=\"LEFT\"><span style=\"color: #000000;\"><span style=\"font-family: Verdana, sans-serif;\"><span style=\"font-size: medium;\"><strong>Fayha Shalash, 25 janvier 2025<\/strong>. La ville de Ramallah, en Cisjordanie occup\u00e9e, a <a href=\"https:\/\/x.com\/i\/status\/1883151639084961887\">explos\u00e9 de joie<\/a> samedi apr\u00e8s-midi lorsque les <a href=\"https:\/\/x.com\/i\/status\/1883137708337586564\">Palestiniens ont accueilli<\/a> 114 prisonniers, dont de nombreux condamn\u00e9s \u00e0 perp\u00e9tuit\u00e9, qui ont \u00e9t\u00e9 lib\u00e9r\u00e9s d&rsquo;une prison isra\u00e9lienne dans le cadre du cessez-le-feu entre le Hamas et Isra\u00ebl \u00e0 Gaza.<\/span><\/span><\/span><\/p>\n<p align=\"LEFT\"><a href=\"https:\/\/ismfrance.org\/wp-content\/uploads\/2025\/01\/arrivee.jpeg\"><img loading=\"lazy\" decoding=\"async\" class=\"size-large wp-image-17814 aligncenter\" src=\"https:\/\/ismfrance.org\/wp-content\/uploads\/2025\/01\/arrivee-700x393.jpeg\" alt=\"\" width=\"600\" height=\"337\" srcset=\"https:\/\/ismfrance.org\/wp-content\/uploads\/2025\/01\/arrivee-700x393.jpeg 700w, https:\/\/ismfrance.org\/wp-content\/uploads\/2025\/01\/arrivee-300x169.jpeg 300w, https:\/\/ismfrance.org\/wp-content\/uploads\/2025\/01\/arrivee-768x432.jpeg 768w, https:\/\/ismfrance.org\/wp-content\/uploads\/2025\/01\/arrivee.jpeg 1080w\" sizes=\"auto, (max-width: 600px) 100vw, 600px\" \/><\/a><\/p>\n<div id=\"attachment_17809\" style=\"width: 582px\" class=\"wp-caption aligncenter\"><a href=\"https:\/\/ismfrance.org\/wp-content\/uploads\/2025\/01\/arrival-prisoners.png\"><img loading=\"lazy\" decoding=\"async\" aria-describedby=\"caption-attachment-17809\" class=\"wp-image-17809 size-full\" src=\"https:\/\/ismfrance.org\/wp-content\/uploads\/2025\/01\/arrival-prisoners.png\" alt=\"\" width=\"572\" height=\"576\" srcset=\"https:\/\/ismfrance.org\/wp-content\/uploads\/2025\/01\/arrival-prisoners.png 572w, https:\/\/ismfrance.org\/wp-content\/uploads\/2025\/01\/arrival-prisoners-298x300.png 298w, https:\/\/ismfrance.org\/wp-content\/uploads\/2025\/01\/arrival-prisoners-150x150.png 150w, https:\/\/ismfrance.org\/wp-content\/uploads\/2025\/01\/arrival-prisoners-144x144.png 144w\" sizes=\"auto, (max-width: 572px) 100vw, 572px\" \/><\/a><p id=\"caption-attachment-17809\" class=\"wp-caption-text\"><em><strong>Arriv\u00e9e d&rsquo;un contingent de prisonniers palestiniens lib\u00e9r\u00e9s ce 25 janvier (extrait <a href=\"https:\/\/x.com\/i\/status\/1883154698578096195\">vid\u00e9o Quds News Network<\/a>)<\/strong><\/em><\/p><\/div>\n<p align=\"LEFT\"><span style=\"color: #000000;\"><span style=\"font-family: Verdana, sans-serif;\"><span style=\"font-size: medium;\">Isra\u00ebl a lib\u00e9r\u00e9 200 prisonniers samedi : 107 ont \u00e9t\u00e9 envoy\u00e9s \u00e0 Ramallah, 5 \u00e0 J\u00e9rusalem, un \u00e0 Umm al-Fahm &#8211; une ville palestinienne en Isra\u00ebl &#8211; et 16 \u00e0 Gaza. 70 prisonniers suppl\u00e9mentaires ont \u00e9t\u00e9 <a href=\"https:\/\/x.com\/i\/status\/1883145192284541114\">emmen\u00e9s en \u00c9gypte<\/a>, d&rsquo;o\u00f9 ils seront expuls\u00e9s vers d&rsquo;autres pays.<\/span><\/span><\/span><\/p>\n<div id=\"attachment_17813\" style=\"width: 610px\" class=\"wp-caption aligncenter\"><a href=\"https:\/\/ismfrance.org\/wp-content\/uploads\/2025\/01\/GiJKaoLXoAA8Amz.jpeg\"><img loading=\"lazy\" decoding=\"async\" aria-describedby=\"caption-attachment-17813\" class=\"wp-image-17813 size-large\" src=\"https:\/\/ismfrance.org\/wp-content\/uploads\/2025\/01\/GiJKaoLXoAA8Amz-700x394.jpeg\" alt=\"\" width=\"600\" height=\"338\" srcset=\"https:\/\/ismfrance.org\/wp-content\/uploads\/2025\/01\/GiJKaoLXoAA8Amz-700x394.jpeg 700w, https:\/\/ismfrance.org\/wp-content\/uploads\/2025\/01\/GiJKaoLXoAA8Amz-300x169.jpeg 300w, https:\/\/ismfrance.org\/wp-content\/uploads\/2025\/01\/GiJKaoLXoAA8Amz-768x432.jpeg 768w, https:\/\/ismfrance.org\/wp-content\/uploads\/2025\/01\/GiJKaoLXoAA8Amz.jpeg 1280w\" sizes=\"auto, (max-width: 600px) 100vw, 600px\" \/><\/a><p id=\"caption-attachment-17813\" class=\"wp-caption-text\"><em><strong><a href=\"https:\/\/x.com\/QudsNen\/status\/1883149429777281331\/photo\/2\">Photo Quds News Network.<\/a><\/strong><\/em><\/p><\/div>\n<p align=\"LEFT\"><span style=\"color: #000000;\"><span style=\"font-family: Verdana, sans-serif;\"><span style=\"font-size: medium;\">La lib\u00e9ration des prisonniers en Cisjordanie a eu lieu depuis la prison militaire d&rsquo;Ofer, \u00e0 l&rsquo;ouest de Ramallah, quelques heures apr\u00e8s que le Hamas a lib\u00e9r\u00e9 quatre femmes soldats dans le cadre de la deuxi\u00e8me phase des op\u00e9rations de lib\u00e9ration de captifs d\u00e9crites dans l&rsquo;accord de cessez-le-feu.<\/span><\/span><\/span><\/p>\n<p align=\"LEFT\"><a href=\"https:\/\/ismfrance.org\/wp-content\/uploads\/2025\/01\/raed-al-saadi.jpeg\"><img loading=\"lazy\" decoding=\"async\" class=\"size-large wp-image-17817 aligncenter\" src=\"https:\/\/ismfrance.org\/wp-content\/uploads\/2025\/01\/raed-al-saadi-700x700.jpeg\" alt=\"\" width=\"600\" height=\"600\" srcset=\"https:\/\/ismfrance.org\/wp-content\/uploads\/2025\/01\/raed-al-saadi-700x700.jpeg 700w, https:\/\/ismfrance.org\/wp-content\/uploads\/2025\/01\/raed-al-saadi-300x300.jpeg 300w, https:\/\/ismfrance.org\/wp-content\/uploads\/2025\/01\/raed-al-saadi-150x150.jpeg 150w, https:\/\/ismfrance.org\/wp-content\/uploads\/2025\/01\/raed-al-saadi-768x768.jpeg 768w, https:\/\/ismfrance.org\/wp-content\/uploads\/2025\/01\/raed-al-saadi-144x144.jpeg 144w, https:\/\/ismfrance.org\/wp-content\/uploads\/2025\/01\/raed-al-saadi.jpeg 1080w\" sizes=\"auto, (max-width: 600px) 100vw, 600px\" \/><\/a><\/p>\n<p align=\"LEFT\"><span style=\"color: #000000;\"><span style=\"font-family: Verdana, sans-serif;\"><span style=\"font-size: medium;\">Avant la lib\u00e9ration des prisonniers palestiniens, Isra\u00ebl a impos\u00e9 des mesures strictes pour emp\u00eacher toute c\u00e9l\u00e9bration en Cisjordanie. Les forces isra\u00e9liennes ont attaqu\u00e9 Beitunia, la ville la plus proche de la prison d&rsquo;Ofer, et ont emp\u00each\u00e9 les Palestiniens de s&rsquo;approcher de la zone. Elles ont \u00e9galement fait irruption dans les maisons de plusieurs prisonniers, avertissant les familles de ne pas organiser d&rsquo;\u00e9v\u00e9nements festifs.<\/span><\/span><\/span><\/p>\n<div id=\"attachment_17811\" style=\"width: 610px\" class=\"wp-caption aligncenter\"><a href=\"https:\/\/ismfrance.org\/wp-content\/uploads\/2025\/01\/ahmad-hussein-ali.jpeg\"><img loading=\"lazy\" decoding=\"async\" aria-describedby=\"caption-attachment-17811\" class=\"wp-image-17811 size-large\" src=\"https:\/\/ismfrance.org\/wp-content\/uploads\/2025\/01\/ahmad-hussein-ali-700x524.jpeg\" alt=\"\" width=\"600\" height=\"449\" srcset=\"https:\/\/ismfrance.org\/wp-content\/uploads\/2025\/01\/ahmad-hussein-ali-700x524.jpeg 700w, https:\/\/ismfrance.org\/wp-content\/uploads\/2025\/01\/ahmad-hussein-ali-300x225.jpeg 300w, https:\/\/ismfrance.org\/wp-content\/uploads\/2025\/01\/ahmad-hussein-ali-768x575.jpeg 768w, https:\/\/ismfrance.org\/wp-content\/uploads\/2025\/01\/ahmad-hussein-ali-350x263.jpeg 350w, https:\/\/ismfrance.org\/wp-content\/uploads\/2025\/01\/ahmad-hussein-ali.jpeg 1280w\" sizes=\"auto, (max-width: 600px) 100vw, 600px\" \/><\/a><p id=\"caption-attachment-17811\" class=\"wp-caption-text\"><strong><em>Ahmad Hussein Ali, d&rsquo;Al Quds occup\u00e9e, retrouve sa famille (photo <a href=\"https:\/\/x.com\/QudsNen\/status\/1883151819238686817\/photo\/1\">Quds News Network<\/a>).<\/em><\/strong><\/p><\/div>\n<p align=\"LEFT\"><span style=\"color: #000000;\"><span style=\"font-family: Verdana, sans-serif;\"><span style=\"font-size: medium;\">Les bus transportant les prisonniers sont arriv\u00e9s dans le centre de Ramallah sous une s\u00e9curit\u00e9 renforc\u00e9e impos\u00e9e par les forces de s\u00e9curit\u00e9 de l&rsquo;Autorit\u00e9 palestinienne (AP), qui ont restreint l&rsquo;acc\u00e8s des bus jusqu&rsquo;\u00e0 ce qu&rsquo;ils atteignent la zone d&rsquo;accueil d\u00e9sign\u00e9e. Elles ont \u00e9galement interdit le d\u00e9ploiement des drapeaux du Hamas et les ont confisqu\u00e9s.<\/span><\/span><\/span><\/p>\n<p align=\"LEFT\"><span style=\"color: #000000;\"><span style=\"font-family: Verdana, sans-serif;\"><span style=\"font-size: medium;\">Les prisonniers lib\u00e9r\u00e9s, au corps \u00e9maci\u00e9 et au visage fatigu\u00e9, ont embrass\u00e9 leurs familles dans des retrouvailles en larmes. Ils ont racont\u00e9 comment l&rsquo;ann\u00e9e \u00e9coul\u00e9e en d\u00e9tention avait \u00e9t\u00e9 l&rsquo;une des plus difficiles, marqu\u00e9e par des conditions difficiles et des attaques fr\u00e9quentes des gardes isra\u00e9liens.<\/span><\/span><\/span><\/p>\n<div id=\"attachment_17819\" style=\"width: 585px\" class=\"wp-caption aligncenter\"><a href=\"https:\/\/ismfrance.org\/wp-content\/uploads\/2025\/01\/mohammad-al-arda.png\"><img loading=\"lazy\" decoding=\"async\" aria-describedby=\"caption-attachment-17819\" class=\"wp-image-17819 size-full\" src=\"https:\/\/ismfrance.org\/wp-content\/uploads\/2025\/01\/mohammad-al-arda.png\" alt=\"\" width=\"575\" height=\"576\" srcset=\"https:\/\/ismfrance.org\/wp-content\/uploads\/2025\/01\/mohammad-al-arda.png 575w, https:\/\/ismfrance.org\/wp-content\/uploads\/2025\/01\/mohammad-al-arda-300x300.png 300w, https:\/\/ismfrance.org\/wp-content\/uploads\/2025\/01\/mohammad-al-arda-150x150.png 150w, https:\/\/ismfrance.org\/wp-content\/uploads\/2025\/01\/mohammad-al-arda-144x144.png 144w\" sizes=\"auto, (max-width: 575px) 100vw, 575px\" \/><\/a><p id=\"caption-attachment-17819\" class=\"wp-caption-text\"><em><strong>Mohammad al-Arda, l&rsquo;un des 6 h\u00e9ros de la lib\u00e9ration \u00e0 la petite cueill\u00e8re de la prison de Gilboa, de retour chez lui. (vid\u00e9o <a href=\"https:\/\/x.com\/i\/status\/1883141920823914973\">Samidoun<\/a>)<\/strong><\/em><\/p><\/div>\n<p align=\"LEFT\"><span style=\"color: #000000;\"><span style=\"font-family: Verdana, sans-serif;\"><span style=\"font-size: medium;\">Au cours des 15 derniers mois, plus de 50 prisonniers sont morts en d\u00e9tention isra\u00e9lienne.<\/span><\/span><\/span><\/p>\n<p align=\"LEFT\"><strong><span style=\"color: #000000;\"><span style=\"font-family: Verdana, sans-serif;\"><span style=\"font-size: large;\">\u00ab\u00a0La lib\u00e9ration de notre peuple\u00a0\u00bb<\/span><\/span><\/span><\/strong><\/p>\n<p align=\"LEFT\"><span style=\"color: #000000;\"><span style=\"font-family: Verdana, sans-serif;\"><span style=\"font-size: medium;\">Un prisonnier lib\u00e9r\u00e9, Mohammed Tabtab de Ramallah, a d\u00e9clar\u00e9 \u00e0 <i>Middle East Eye<\/i> qu&rsquo;il ressentait un m\u00e9lange d&rsquo;\u00e9motions, ajoutant que l&rsquo;accueil massif qu&rsquo;ils ont re\u00e7u \u00ab\u00a0a rempli leur c\u0153ur d&rsquo;une joie immense\u00a0\u00bb. Tabtab, qui a purg\u00e9 13 ans d&rsquo;une peine de 15 ans et demi, a exprim\u00e9 sa gratitude \u00e0 la r\u00e9sistance palestinienne et au peuple de Gaza, qui \u00ab ont pay\u00e9 le prix de leur libert\u00e9 avec leur sang \u00bb.<\/span><\/span><\/span><\/p>\n<p align=\"LEFT\"><a href=\"https:\/\/ismfrance.org\/wp-content\/uploads\/2025\/01\/GiI_ygqWIAAkSrQ.jpeg\"><img loading=\"lazy\" decoding=\"async\" class=\"size-large wp-image-17821 aligncenter\" src=\"https:\/\/ismfrance.org\/wp-content\/uploads\/2025\/01\/GiI_ygqWIAAkSrQ-700x525.jpeg\" alt=\"\" width=\"600\" height=\"450\" srcset=\"https:\/\/ismfrance.org\/wp-content\/uploads\/2025\/01\/GiI_ygqWIAAkSrQ-700x525.jpeg 700w, https:\/\/ismfrance.org\/wp-content\/uploads\/2025\/01\/GiI_ygqWIAAkSrQ-300x225.jpeg 300w, https:\/\/ismfrance.org\/wp-content\/uploads\/2025\/01\/GiI_ygqWIAAkSrQ-768x576.jpeg 768w, https:\/\/ismfrance.org\/wp-content\/uploads\/2025\/01\/GiI_ygqWIAAkSrQ-350x263.jpeg 350w, https:\/\/ismfrance.org\/wp-content\/uploads\/2025\/01\/GiI_ygqWIAAkSrQ.jpeg 1280w\" sizes=\"auto, (max-width: 600px) 100vw, 600px\" \/><\/a><span style=\"color: #000000;\"><span style=\"font-family: Verdana, sans-serif;\"><span style=\"font-size: medium;\">\u00ab Ce que nous avons endur\u00e9 en prison a \u00e9t\u00e9 extr\u00eamement difficile. Mais d\u00e8s que nous avons vu nos familles, nous avons tout oubli\u00e9 et ressenti un bonheur que nos c\u0153urs n&rsquo;avaient pas ressenti depuis des ann\u00e9es \u00bb, a d\u00e9clar\u00e9 Tabtab.<\/span><\/span><\/span><\/p>\n<p align=\"LEFT\"><span style=\"color: #000000;\"><span style=\"font-family: Verdana, sans-serif;\"><span style=\"font-size: medium;\">Saeed Hermas, de Bethl\u00e9em, qui a \u00e9t\u00e9 condamn\u00e9 \u00e0 14 ans de prison et a purg\u00e9 neuf ans, a remerci\u00e9 les responsables de leur lib\u00e9ration des \u00ab prisons injustes \u00bb d&rsquo;Isra\u00ebl.<\/span><\/span><\/span><\/p>\n<p align=\"LEFT\"><span style=\"color: #000000;\"><span style=\"font-family: Verdana, sans-serif;\"><span style=\"font-size: medium;\">\u00ab Nous avons beaucoup souffert, mais tout cela \u00e9tait pour la lib\u00e9ration de notre peuple \u00bb, a-t-il ajout\u00e9.<\/span><\/span><\/span><\/p>\n<p align=\"LEFT\"><a href=\"https:\/\/ismfrance.org\/wp-content\/uploads\/2025\/01\/mohammed-al-tous.png\"><img loading=\"lazy\" decoding=\"async\" class=\"size-large wp-image-17834 aligncenter\" src=\"https:\/\/ismfrance.org\/wp-content\/uploads\/2025\/01\/mohammed-al-tous-561x700.png\" alt=\"\" width=\"561\" height=\"700\" srcset=\"https:\/\/ismfrance.org\/wp-content\/uploads\/2025\/01\/mohammed-al-tous-561x700.png 561w, https:\/\/ismfrance.org\/wp-content\/uploads\/2025\/01\/mohammed-al-tous-240x300.png 240w, https:\/\/ismfrance.org\/wp-content\/uploads\/2025\/01\/mohammed-al-tous.png 583w\" sizes=\"auto, (max-width: 561px) 100vw, 561px\" \/><\/a><\/p>\n<p align=\"LEFT\"><span style=\"color: #000000;\"><span style=\"font-family: Verdana, sans-serif;\"><span style=\"font-size: medium;\">Hermas a termin\u00e9 la br\u00e8ve interview, la voix lasse, en disant : \u00ab Veuillez m&rsquo;excuser, je suis malade et je souffre de fractures. \u00bb<\/span><\/span><\/span><\/p>\n<p align=\"LEFT\"><span style=\"color: #000000;\"><span style=\"font-family: Verdana, sans-serif;\"><span style=\"font-size: medium;\">Pendant ce temps, la famille du prisonnier jordanien Ammar Huwaitat a r\u00e9v\u00e9l\u00e9 qu&rsquo;il avait refus\u00e9 de signer les papiers autorisant sa lib\u00e9ration en Cisjordanie ou \u00e0 Gaza, insistant pour retourner exclusivement dans son pays d&rsquo;origine. Isra\u00ebl a rejet\u00e9 sa demande et il est toujours en d\u00e9tention.<\/span><\/span><\/span><\/p>\n<p align=\"LEFT\"><span style=\"color: #000000;\"><span style=\"font-family: Verdana, sans-serif;\"><span style=\"font-size: medium;\">Huwaitat, qui est d\u00e9tenu dans les prisons isra\u00e9liennes depuis 2002, purge une peine d&#8217;emprisonnement \u00e0 perp\u00e9tuit\u00e9 plus 20 ans suppl\u00e9mentaires. Il a \u00e9t\u00e9 victime d&rsquo;agressions r\u00e9p\u00e9t\u00e9es pendant son incarc\u00e9ration. <\/span><\/span><\/span><\/p>\n<p align=\"LEFT\"><em><strong><span style=\"color: #000000;\"><span style=\"font-family: Verdana, sans-serif;\"><span style=\"font-size: medium;\">Article original en anglais sur <a href=\"https:\/\/www.middleeasteye.net\/news\/joy-ramallah-palestinians-welcome-freed-prisoners\">Middle East Eye<\/a> \/ Traduction MR<\/span><\/span><\/span><\/strong><\/em><\/p>\n","protected":false},"excerpt":{"rendered":"<p>Fayha Shalash, 25 janvier 2025. La ville de Ramallah, en Cisjordanie occup\u00e9e, a explos\u00e9 de joie samedi apr\u00e8s-midi lorsque les Palestiniens ont accueilli 114 prisonniers, dont de nombreux condamn\u00e9s \u00e0 <a class=\"more-link\" href=\"https:\/\/ismfrance.org\/index.php\/2025\/01\/25\/liesse-a-ramallah-alors-que-les-palestiniens-accueillent-les-prisonniers-liberes\/\">Lire la suite &rarr;<\/a><\/p>\n","protected":false},"author":3,"featured_media":17821,"comment_status":"closed","ping_status":"closed","sticky":false,"template":"","format":"standard","meta":{"footnotes":""},"categories":[12,2],"tags":[281],"class_list":["post-17808","post","type-post","status-publish","format-standard","has-post-thumbnail","hentry","category-analyses","category-articles","tag-echange-de-prisonniers"],"yoast_head":"<!-- This site is optimized with the Yoast SEO plugin v27.2 - https:\/\/yoast.com\/product\/yoast-seo-wordpress\/ -->\n<title>Liesse \u00e0 Ramallah alors que les Palestiniens accueillent les prisonniers lib\u00e9r\u00e9s - International Solidarity Movement - ISM-France<\/title>\n<meta name=\"robots\" content=\"index, follow, max-snippet:-1, max-image-preview:large, max-video-preview:-1\" \/>\n<link rel=\"canonical\" href=\"https:\/\/ismfrance.org\/index.php\/2025\/01\/25\/liesse-a-ramallah-alors-que-les-palestiniens-accueillent-les-prisonniers-liberes\/\" \/>\n<meta property=\"og:locale\" content=\"fr_FR\" \/>\n<meta property=\"og:type\" content=\"article\" \/>\n<meta property=\"og:title\" content=\"Liesse \u00e0 Ramallah alors que les Palestiniens accueillent les prisonniers lib\u00e9r\u00e9s - International Solidarity Movement - ISM-France\" \/>\n<meta property=\"og:description\" content=\"Fayha Shalash, 25 janvier 2025. La ville de Ramallah, en Cisjordanie occup\u00e9e, a explos\u00e9 de joie samedi apr\u00e8s-midi lorsque les Palestiniens ont accueilli 114 prisonniers, dont de nombreux condamn\u00e9s \u00e0 Lire la suite &rarr;\" \/>\n<meta property=\"og:url\" content=\"https:\/\/ismfrance.org\/index.php\/2025\/01\/25\/liesse-a-ramallah-alors-que-les-palestiniens-accueillent-les-prisonniers-liberes\/\" \/>\n<meta property=\"og:site_name\" content=\"International Solidarity Movement - ISM-France\" \/>\n<meta property=\"article:published_time\" content=\"2025-01-25T20:08:33+00:00\" \/>\n<meta property=\"article:modified_time\" content=\"2025-01-26T11:03:10+00:00\" \/>\n<meta property=\"og:image\" content=\"https:\/\/ismfrance.org\/wp-content\/uploads\/2025\/01\/GiI_ygqWIAAkSrQ.jpeg\" \/>\n\t<meta property=\"og:image:width\" content=\"1280\" \/>\n\t<meta property=\"og:image:height\" content=\"960\" \/>\n\t<meta property=\"og:image:type\" content=\"image\/jpeg\" \/>\n<meta name=\"author\" content=\"mru_01\" \/>\n<meta name=\"twitter:card\" content=\"summary_large_image\" \/>\n<meta name=\"twitter:creator\" content=\"@ISMFRANCE\" \/>\n<meta name=\"twitter:site\" content=\"@ISMFRANCE\" \/>\n<meta name=\"twitter:label1\" content=\"\u00c9crit par\" \/>\n\t<meta name=\"twitter:data1\" content=\"mru_01\" \/>\n\t<meta name=\"twitter:label2\" content=\"Dur\u00e9e de lecture estim\u00e9e\" \/>\n\t<meta name=\"twitter:data2\" content=\"6 minutes\" \/>\n<script type=\"application\/ld+json\" class=\"yoast-schema-graph\">{\"@context\":\"https:\/\/schema.org\",\"@graph\":[{\"@type\":\"Article\",\"@id\":\"https:\/\/ismfrance.org\/index.php\/2025\/01\/25\/liesse-a-ramallah-alors-que-les-palestiniens-accueillent-les-prisonniers-liberes\/#article\",\"isPartOf\":{\"@id\":\"https:\/\/ismfrance.org\/index.php\/2025\/01\/25\/liesse-a-ramallah-alors-que-les-palestiniens-accueillent-les-prisonniers-liberes\/\"},\"author\":{\"name\":\"mru_01\",\"@id\":\"https:\/\/ismfrance.org\/#\/schema\/person\/3c411eb72adfaae19c0dca1f41fae01d\"},\"headline\":\"Liesse \u00e0 Ramallah alors que les Palestiniens accueillent les prisonniers lib\u00e9r\u00e9s\",\"datePublished\":\"2025-01-25T20:08:33+00:00\",\"dateModified\":\"2025-01-26T11:03:10+00:00\",\"mainEntityOfPage\":{\"@id\":\"https:\/\/ismfrance.org\/index.php\/2025\/01\/25\/liesse-a-ramallah-alors-que-les-palestiniens-accueillent-les-prisonniers-liberes\/\"},\"wordCount\":770,\"publisher\":{\"@id\":\"https:\/\/ismfrance.org\/#organization\"},\"image\":{\"@id\":\"https:\/\/ismfrance.org\/index.php\/2025\/01\/25\/liesse-a-ramallah-alors-que-les-palestiniens-accueillent-les-prisonniers-liberes\/#primaryimage\"},\"thumbnailUrl\":\"https:\/\/ismfrance.org\/wp-content\/uploads\/2025\/01\/GiI_ygqWIAAkSrQ.jpeg\",\"keywords\":[\"\u00e9change de prisonniers\"],\"articleSection\":[\"Analyses\",\"Articles\"],\"inLanguage\":\"fr-FR\"},{\"@type\":\"WebPage\",\"@id\":\"https:\/\/ismfrance.org\/index.php\/2025\/01\/25\/liesse-a-ramallah-alors-que-les-palestiniens-accueillent-les-prisonniers-liberes\/\",\"url\":\"https:\/\/ismfrance.org\/index.php\/2025\/01\/25\/liesse-a-ramallah-alors-que-les-palestiniens-accueillent-les-prisonniers-liberes\/\",\"name\":\"Liesse \u00e0 Ramallah alors que les Palestiniens accueillent les prisonniers lib\u00e9r\u00e9s - International Solidarity Movement - ISM-France\",\"isPartOf\":{\"@id\":\"https:\/\/ismfrance.org\/#website\"},\"primaryImageOfPage\":{\"@id\":\"https:\/\/ismfrance.org\/index.php\/2025\/01\/25\/liesse-a-ramallah-alors-que-les-palestiniens-accueillent-les-prisonniers-liberes\/#primaryimage\"},\"image\":{\"@id\":\"https:\/\/ismfrance.org\/index.php\/2025\/01\/25\/liesse-a-ramallah-alors-que-les-palestiniens-accueillent-les-prisonniers-liberes\/#primaryimage\"},\"thumbnailUrl\":\"https:\/\/ismfrance.org\/wp-content\/uploads\/2025\/01\/GiI_ygqWIAAkSrQ.jpeg\",\"datePublished\":\"2025-01-25T20:08:33+00:00\",\"dateModified\":\"2025-01-26T11:03:10+00:00\",\"breadcrumb\":{\"@id\":\"https:\/\/ismfrance.org\/index.php\/2025\/01\/25\/liesse-a-ramallah-alors-que-les-palestiniens-accueillent-les-prisonniers-liberes\/#breadcrumb\"},\"inLanguage\":\"fr-FR\",\"potentialAction\":[{\"@type\":\"ReadAction\",\"target\":[\"https:\/\/ismfrance.org\/index.php\/2025\/01\/25\/liesse-a-ramallah-alors-que-les-palestiniens-accueillent-les-prisonniers-liberes\/\"]}]},{\"@type\":\"ImageObject\",\"inLanguage\":\"fr-FR\",\"@id\":\"https:\/\/ismfrance.org\/index.php\/2025\/01\/25\/liesse-a-ramallah-alors-que-les-palestiniens-accueillent-les-prisonniers-liberes\/#primaryimage\",\"url\":\"https:\/\/ismfrance.org\/wp-content\/uploads\/2025\/01\/GiI_ygqWIAAkSrQ.jpeg\",\"contentUrl\":\"https:\/\/ismfrance.org\/wp-content\/uploads\/2025\/01\/GiI_ygqWIAAkSrQ.jpeg\",\"width\":1280,\"height\":960},{\"@type\":\"BreadcrumbList\",\"@id\":\"https:\/\/ismfrance.org\/index.php\/2025\/01\/25\/liesse-a-ramallah-alors-que-les-palestiniens-accueillent-les-prisonniers-liberes\/#breadcrumb\",\"itemListElement\":[{\"@type\":\"ListItem\",\"position\":1,\"name\":\"Accueil\",\"item\":\"https:\/\/ismfrance.org\/\"},{\"@type\":\"ListItem\",\"position\":2,\"name\":\"Liesse \u00e0 Ramallah alors que les Palestiniens accueillent les prisonniers lib\u00e9r\u00e9s\"}]},{\"@type\":\"WebSite\",\"@id\":\"https:\/\/ismfrance.org\/#website\",\"url\":\"https:\/\/ismfrance.org\/\",\"name\":\"ISM Palestine France\",\"description\":\"Soutien aux luttes de lib\u00e9ration du peuple palestinien\",\"publisher\":{\"@id\":\"https:\/\/ismfrance.org\/#organization\"},\"potentialAction\":[{\"@type\":\"SearchAction\",\"target\":{\"@type\":\"EntryPoint\",\"urlTemplate\":\"https:\/\/ismfrance.org\/?s={search_term_string}\"},\"query-input\":{\"@type\":\"PropertyValueSpecification\",\"valueRequired\":true,\"valueName\":\"search_term_string\"}}],\"inLanguage\":\"fr-FR\"},{\"@type\":\"Organization\",\"@id\":\"https:\/\/ismfrance.org\/#organization\",\"name\":\"International Solidarity Movement\",\"url\":\"https:\/\/ismfrance.org\/\",\"logo\":{\"@type\":\"ImageObject\",\"inLanguage\":\"fr-FR\",\"@id\":\"https:\/\/ismfrance.org\/#\/schema\/logo\/image\/\",\"url\":\"https:\/\/ismfrance.org\/wp-content\/uploads\/2020\/12\/00.png\",\"contentUrl\":\"https:\/\/ismfrance.org\/wp-content\/uploads\/2020\/12\/00.png\",\"width\":400,\"height\":400,\"caption\":\"International Solidarity Movement\"},\"image\":{\"@id\":\"https:\/\/ismfrance.org\/#\/schema\/logo\/image\/\"},\"sameAs\":[\"https:\/\/x.com\/ISMFRANCE\"]},{\"@type\":\"Person\",\"@id\":\"https:\/\/ismfrance.org\/#\/schema\/person\/3c411eb72adfaae19c0dca1f41fae01d\",\"name\":\"mru_01\",\"image\":{\"@type\":\"ImageObject\",\"inLanguage\":\"fr-FR\",\"@id\":\"https:\/\/secure.gravatar.com\/avatar\/3a0be343b445d2ccc79e87444a294fad2b232e90d2051d0e3cc219e1ecd6a330?s=96&d=mm&r=g\",\"url\":\"https:\/\/secure.gravatar.com\/avatar\/3a0be343b445d2ccc79e87444a294fad2b232e90d2051d0e3cc219e1ecd6a330?s=96&d=mm&r=g\",\"contentUrl\":\"https:\/\/secure.gravatar.com\/avatar\/3a0be343b445d2ccc79e87444a294fad2b232e90d2051d0e3cc219e1ecd6a330?s=96&d=mm&r=g\",\"caption\":\"mru_01\"},\"url\":\"https:\/\/ismfrance.org\/index.php\/author\/admin02\/\"}]}<\/script>\n<!-- \/ Yoast SEO plugin. -->","yoast_head_json":{"title":"Liesse \u00e0 Ramallah alors que les Palestiniens accueillent les prisonniers lib\u00e9r\u00e9s - International Solidarity Movement - ISM-France","robots":{"index":"index","follow":"follow","max-snippet":"max-snippet:-1","max-image-preview":"max-image-preview:large","max-video-preview":"max-video-preview:-1"},"canonical":"https:\/\/ismfrance.org\/index.php\/2025\/01\/25\/liesse-a-ramallah-alors-que-les-palestiniens-accueillent-les-prisonniers-liberes\/","og_locale":"fr_FR","og_type":"article","og_title":"Liesse \u00e0 Ramallah alors que les Palestiniens accueillent les prisonniers lib\u00e9r\u00e9s - International Solidarity Movement - ISM-France","og_description":"Fayha Shalash, 25 janvier 2025. La ville de Ramallah, en Cisjordanie occup\u00e9e, a explos\u00e9 de joie samedi apr\u00e8s-midi lorsque les Palestiniens ont accueilli 114 prisonniers, dont de nombreux condamn\u00e9s \u00e0 Lire la suite &rarr;","og_url":"https:\/\/ismfrance.org\/index.php\/2025\/01\/25\/liesse-a-ramallah-alors-que-les-palestiniens-accueillent-les-prisonniers-liberes\/","og_site_name":"International Solidarity Movement - ISM-France","article_published_time":"2025-01-25T20:08:33+00:00","article_modified_time":"2025-01-26T11:03:10+00:00","og_image":[{"width":1280,"height":960,"url":"https:\/\/ismfrance.org\/wp-content\/uploads\/2025\/01\/GiI_ygqWIAAkSrQ.jpeg","type":"image\/jpeg"}],"author":"mru_01","twitter_card":"summary_large_image","twitter_creator":"@ISMFRANCE","twitter_site":"@ISMFRANCE","twitter_misc":{"\u00c9crit par":"mru_01","Dur\u00e9e de lecture estim\u00e9e":"6 minutes"},"schema":{"@context":"https:\/\/schema.org","@graph":[{"@type":"Article","@id":"https:\/\/ismfrance.org\/index.php\/2025\/01\/25\/liesse-a-ramallah-alors-que-les-palestiniens-accueillent-les-prisonniers-liberes\/#article","isPartOf":{"@id":"https:\/\/ismfrance.org\/index.php\/2025\/01\/25\/liesse-a-ramallah-alors-que-les-palestiniens-accueillent-les-prisonniers-liberes\/"},"author":{"name":"mru_01","@id":"https:\/\/ismfrance.org\/#\/schema\/person\/3c411eb72adfaae19c0dca1f41fae01d"},"headline":"Liesse \u00e0 Ramallah alors que les Palestiniens accueillent les prisonniers lib\u00e9r\u00e9s","datePublished":"2025-01-25T20:08:33+00:00","dateModified":"2025-01-26T11:03:10+00:00","mainEntityOfPage":{"@id":"https:\/\/ismfrance.org\/index.php\/2025\/01\/25\/liesse-a-ramallah-alors-que-les-palestiniens-accueillent-les-prisonniers-liberes\/"},"wordCount":770,"publisher":{"@id":"https:\/\/ismfrance.org\/#organization"},"image":{"@id":"https:\/\/ismfrance.org\/index.php\/2025\/01\/25\/liesse-a-ramallah-alors-que-les-palestiniens-accueillent-les-prisonniers-liberes\/#primaryimage"},"thumbnailUrl":"https:\/\/ismfrance.org\/wp-content\/uploads\/2025\/01\/GiI_ygqWIAAkSrQ.jpeg","keywords":["\u00e9change de prisonniers"],"articleSection":["Analyses","Articles"],"inLanguage":"fr-FR"},{"@type":"WebPage","@id":"https:\/\/ismfrance.org\/index.php\/2025\/01\/25\/liesse-a-ramallah-alors-que-les-palestiniens-accueillent-les-prisonniers-liberes\/","url":"https:\/\/ismfrance.org\/index.php\/2025\/01\/25\/liesse-a-ramallah-alors-que-les-palestiniens-accueillent-les-prisonniers-liberes\/","name":"Liesse \u00e0 Ramallah alors que les Palestiniens accueillent les prisonniers lib\u00e9r\u00e9s - International Solidarity Movement - ISM-France","isPartOf":{"@id":"https:\/\/ismfrance.org\/#website"},"primaryImageOfPage":{"@id":"https:\/\/ismfrance.org\/index.php\/2025\/01\/25\/liesse-a-ramallah-alors-que-les-palestiniens-accueillent-les-prisonniers-liberes\/#primaryimage"},"image":{"@id":"https:\/\/ismfrance.org\/index.php\/2025\/01\/25\/liesse-a-ramallah-alors-que-les-palestiniens-accueillent-les-prisonniers-liberes\/#primaryimage"},"thumbnailUrl":"https:\/\/ismfrance.org\/wp-content\/uploads\/2025\/01\/GiI_ygqWIAAkSrQ.jpeg","datePublished":"2025-01-25T20:08:33+00:00","dateModified":"2025-01-26T11:03:10+00:00","breadcrumb":{"@id":"https:\/\/ismfrance.org\/index.php\/2025\/01\/25\/liesse-a-ramallah-alors-que-les-palestiniens-accueillent-les-prisonniers-liberes\/#breadcrumb"},"inLanguage":"fr-FR","potentialAction":[{"@type":"ReadAction","target":["https:\/\/ismfrance.org\/index.php\/2025\/01\/25\/liesse-a-ramallah-alors-que-les-palestiniens-accueillent-les-prisonniers-liberes\/"]}]},{"@type":"ImageObject","inLanguage":"fr-FR","@id":"https:\/\/ismfrance.org\/index.php\/2025\/01\/25\/liesse-a-ramallah-alors-que-les-palestiniens-accueillent-les-prisonniers-liberes\/#primaryimage","url":"https:\/\/ismfrance.org\/wp-content\/uploads\/2025\/01\/GiI_ygqWIAAkSrQ.jpeg","contentUrl":"https:\/\/ismfrance.org\/wp-content\/uploads\/2025\/01\/GiI_ygqWIAAkSrQ.jpeg","width":1280,"height":960},{"@type":"BreadcrumbList","@id":"https:\/\/ismfrance.org\/index.php\/2025\/01\/25\/liesse-a-ramallah-alors-que-les-palestiniens-accueillent-les-prisonniers-liberes\/#breadcrumb","itemListElement":[{"@type":"ListItem","position":1,"name":"Accueil","item":"https:\/\/ismfrance.org\/"},{"@type":"ListItem","position":2,"name":"Liesse \u00e0 Ramallah alors que les Palestiniens accueillent les prisonniers lib\u00e9r\u00e9s"}]},{"@type":"WebSite","@id":"https:\/\/ismfrance.org\/#website","url":"https:\/\/ismfrance.org\/","name":"ISM Palestine France","description":"Soutien aux luttes de lib\u00e9ration du peuple palestinien","publisher":{"@id":"https:\/\/ismfrance.org\/#organization"},"potentialAction":[{"@type":"SearchAction","target":{"@type":"EntryPoint","urlTemplate":"https:\/\/ismfrance.org\/?s={search_term_string}"},"query-input":{"@type":"PropertyValueSpecification","valueRequired":true,"valueName":"search_term_string"}}],"inLanguage":"fr-FR"},{"@type":"Organization","@id":"https:\/\/ismfrance.org\/#organization","name":"International Solidarity Movement","url":"https:\/\/ismfrance.org\/","logo":{"@type":"ImageObject","inLanguage":"fr-FR","@id":"https:\/\/ismfrance.org\/#\/schema\/logo\/image\/","url":"https:\/\/ismfrance.org\/wp-content\/uploads\/2020\/12\/00.png","contentUrl":"https:\/\/ismfrance.org\/wp-content\/uploads\/2020\/12\/00.png","width":400,"height":400,"caption":"International Solidarity Movement"},"image":{"@id":"https:\/\/ismfrance.org\/#\/schema\/logo\/image\/"},"sameAs":["https:\/\/x.com\/ISMFRANCE"]},{"@type":"Person","@id":"https:\/\/ismfrance.org\/#\/schema\/person\/3c411eb72adfaae19c0dca1f41fae01d","name":"mru_01","image":{"@type":"ImageObject","inLanguage":"fr-FR","@id":"https:\/\/secure.gravatar.com\/avatar\/3a0be343b445d2ccc79e87444a294fad2b232e90d2051d0e3cc219e1ecd6a330?s=96&d=mm&r=g","url":"https:\/\/secure.gravatar.com\/avatar\/3a0be343b445d2ccc79e87444a294fad2b232e90d2051d0e3cc219e1ecd6a330?s=96&d=mm&r=g","contentUrl":"https:\/\/secure.gravatar.com\/avatar\/3a0be343b445d2ccc79e87444a294fad2b232e90d2051d0e3cc219e1ecd6a330?s=96&d=mm&r=g","caption":"mru_01"},"url":"https:\/\/ismfrance.org\/index.php\/author\/admin02\/"}]}},"_links":{"self":[{"href":"https:\/\/ismfrance.org\/index.php\/wp-json\/wp\/v2\/posts\/17808","targetHints":{"allow":["GET"]}}],"collection":[{"href":"https:\/\/ismfrance.org\/index.php\/wp-json\/wp\/v2\/posts"}],"about":[{"href":"https:\/\/ismfrance.org\/index.php\/wp-json\/wp\/v2\/types\/post"}],"author":[{"embeddable":true,"href":"https:\/\/ismfrance.org\/index.php\/wp-json\/wp\/v2\/users\/3"}],"replies":[{"embeddable":true,"href":"https:\/\/ismfrance.org\/index.php\/wp-json\/wp\/v2\/comments?post=17808"}],"version-history":[{"count":0,"href":"https:\/\/ismfrance.org\/index.php\/wp-json\/wp\/v2\/posts\/17808\/revisions"}],"wp:featuredmedia":[{"embeddable":true,"href":"https:\/\/ismfrance.org\/index.php\/wp-json\/wp\/v2\/media\/17821"}],"wp:attachment":[{"href":"https:\/\/ismfrance.org\/index.php\/wp-json\/wp\/v2\/media?parent=17808"}],"wp:term":[{"taxonomy":"category","embeddable":true,"href":"https:\/\/ismfrance.org\/index.php\/wp-json\/wp\/v2\/categories?post=17808"},{"taxonomy":"post_tag","embeddable":true,"href":"https:\/\/ismfrance.org\/index.php\/wp-json\/wp\/v2\/tags?post=17808"}],"curies":[{"name":"wp","href":"https:\/\/api.w.org\/{rel}","templated":true}]}}