{"id":17761,"date":"2025-01-24T13:26:31","date_gmt":"2025-01-24T12:26:31","guid":{"rendered":"https:\/\/ismfrance.org\/?p=17761"},"modified":"2025-01-24T13:28:36","modified_gmt":"2025-01-24T12:28:36","slug":"declaration-du-hamas-aux-familles-des-prisonniers-israeliens-dans-la-bande-de-gaza","status":"publish","type":"post","link":"https:\/\/ismfrance.org\/index.php\/2025\/01\/24\/declaration-du-hamas-aux-familles-des-prisonniers-israeliens-dans-la-bande-de-gaza\/","title":{"rendered":"D\u00e9claration du Hamas aux familles des prisonniers \u00ab isra\u00e9liens \u00bb dans la bande de Gaza"},"content":{"rendered":"<p align=\"LEFT\"><span style=\"color: #000000;\"><span style=\"font-family: Verdana, sans-serif;\"><span style=\"font-size: medium;\">23 janvier 2025. \u00ab Alors que les pr\u00e9paratifs sont en cours pour la lib\u00e9ration d&rsquo;un deuxi\u00e8me groupe de prisonniers \u00ab isra\u00e9liens \u00bb de Gaza, nous avons suivi avec une grande surprise les d\u00e9clarations de plusieurs dirigeants de l&rsquo;occupation du gouvernement extr\u00e9miste \u00ab isra\u00e9lien \u00bb, qui ont fait allusion \u00e0 la reprise de la guerre et de la destruction dans la bande de Gaza.<\/span><\/span><\/span><\/p>\n<div id=\"attachment_17763\" style=\"width: 610px\" class=\"wp-caption alignnone\"><a href=\"https:\/\/ismfrance.org\/wp-content\/uploads\/2025\/01\/muhammad-shehada.jpeg\"><img loading=\"lazy\" decoding=\"async\" aria-describedby=\"caption-attachment-17763\" class=\"wp-image-17763 size-large\" src=\"https:\/\/ismfrance.org\/wp-content\/uploads\/2025\/01\/muhammad-shehada-700x497.jpeg\" alt=\"\" width=\"600\" height=\"426\" srcset=\"https:\/\/ismfrance.org\/wp-content\/uploads\/2025\/01\/muhammad-shehada-700x497.jpeg 700w, https:\/\/ismfrance.org\/wp-content\/uploads\/2025\/01\/muhammad-shehada-300x213.jpeg 300w, https:\/\/ismfrance.org\/wp-content\/uploads\/2025\/01\/muhammad-shehada-768x545.jpeg 768w, https:\/\/ismfrance.org\/wp-content\/uploads\/2025\/01\/muhammad-shehada-1320x937.jpeg 1320w, https:\/\/ismfrance.org\/wp-content\/uploads\/2025\/01\/muhammad-shehada.jpeg 1418w\" sizes=\"auto, (max-width: 600px) 100vw, 600px\" \/><\/a><p id=\"caption-attachment-17763\" class=\"wp-caption-text\">Remise de 3 captives isra\u00e9liennes \u00e0 la Croix-Rouge le 19 janvier 2025 \u00e0 Gaza (photo <a href=\"https:\/\/x.com\/muhammadshehad2\">Muhammad Shehada<\/a>)<\/p><\/div>\n<p align=\"LEFT\"><span style=\"color: #000000;\"><span style=\"font-family: Verdana, sans-serif;\"><span style=\"font-size: medium;\">Le Hamas et la r\u00e9sistance ont d\u00e9montr\u00e9 un engagement fort pour pr\u00e9server la vie des prisonniers \u00ab isra\u00e9liens \u00bb sous notre garde et pour garantir que leurs besoins fondamentaux soient satisfaits, malgr\u00e9 le g\u00e9nocide, la famine et les attaques subies par notre peuple. Cela comprend le bombardement de certains sites de d\u00e9tention \u00e0 plusieurs reprises au cours des 15 derniers mois et le meurtre et la torture de d\u00e9tenus palestiniens dans les prisons de l&rsquo;occupation, des actes qui font honte \u00e0 l&rsquo;humanit\u00e9 elle-m\u00eame.<\/span><\/span><\/span><\/p>\n<p align=\"LEFT\"><span style=\"color: #000000;\"><span style=\"font-family: Verdana, sans-serif;\"><span style=\"font-size: medium;\">Apr\u00e8s avoir conclu l&rsquo;accord de cessez-le-feu et lib\u00e9r\u00e9 le premier groupe de prisonni\u00e8res, nous \u00e9tions profond\u00e9ment d\u00e9termin\u00e9s \u00e0 assurer leur lib\u00e9ration de mani\u00e8re civilis\u00e9e et humaine, contrairement au traitement que nos d\u00e9tenues ont subi lors de leur lib\u00e9ration.<\/span><\/span><\/span><\/p>\n<p align=\"LEFT\"><span style=\"color: #000000;\"><span style=\"font-family: Verdana, sans-serif;\"><span style=\"font-size: medium;\">Aujourd&rsquo;hui, nous vous adressons ce message dans un moment de grande complexit\u00e9 et de douleur pour tous. Nous ressentons un grand danger dans les r\u00e9centes d\u00e9clarations faites par les dirigeants politiques \u00ab isra\u00e9liens \u00bb. Ces remarques signalent une menace imminente pour tout le monde, y compris vos proches encore \u00e0 Gaza.<\/span><\/span><\/span><\/p>\n<p align=\"LEFT\"><span style=\"color: #000000;\"><span style=\"font-family: Verdana, sans-serif;\"><span style=\"font-size: medium;\">Les r\u00e9centes d\u00e9clarations des responsables du gouvernement \u00ab isra\u00e9lien \u00bb, sugg\u00e9rant des intentions de reprendre la guerre et la destruction \u00e0 Gaza, suscitent de graves inqui\u00e9tudes quant \u00e0 la s\u00e9curit\u00e9 de vos enfants et des centaines de milliers de civils innocents qui souffrent sous le si\u00e8ge et la guerre.<\/span><\/span><\/span><\/p>\n<p align=\"LEFT\"><span style=\"color: #000000;\"><span style=\"font-family: Verdana, sans-serif;\"><span style=\"font-size: medium;\">Nous vous pr\u00e9sentons ici la plus importante de ces d\u00e9clarations :<\/span><\/span><\/span><\/p>\n<p align=\"LEFT\"><span style=\"color: #000000;\"><span style=\"font-family: Verdana, sans-serif;\"><span style=\"font-size: medium;\">1- Le ministre des Finances Bezalel Smotrich a d\u00e9clar\u00e9 le 20 janvier 2025 qu&rsquo;il avait re\u00e7u une promesse personnelle du Premier ministre Benjamin Netanyahu de reprendre l&rsquo;agression contre Gaza apr\u00e8s la premi\u00e8re phase de l&rsquo;accord, consid\u00e9rant le cessez-le-feu comme une simple \u00e9tape temporaire, qui sera suivie d&rsquo;une nouvelle guerre pour \u00e9liminer le Hamas.<\/span><\/span><\/span><\/p>\n<p align=\"LEFT\"><span style=\"color: #000000;\"><span style=\"font-family: Verdana, sans-serif;\"><span style=\"font-size: medium;\">2- Le Premier ministre Benjamin Netanyahu a indiqu\u00e9 le 18 janvier 2025 que l&rsquo;accord de cessez-le-feu \u00e9tait temporaire, affirmant qu'\u00a0\u00bbIsra\u00ebl\u00a0\u00bb reprendrait les combats \u00ab\u00a0d&rsquo;une mani\u00e8re nouvelle et avec une grande force\u00a0\u00bb si les circonstances l&rsquo;exigeaient.<\/span><\/span><\/span><\/p>\n<p align=\"LEFT\"><span style=\"color: #000000;\"><span style=\"font-family: Verdana, sans-serif;\"><span style=\"font-size: medium;\">3- Le ministre Dudi Amsalem a affirm\u00e9 le 22 janvier 2025 que la deuxi\u00e8me phase de l&rsquo;accord de cessez-le-feu n&rsquo;aurait pas lieu, appelant \u00e0 un retour in\u00e9vitable \u00e0 la guerre.<\/span><\/span><\/span><\/p>\n<p align=\"LEFT\"><span style=\"color: #000000;\"><span style=\"font-family: Verdana, sans-serif;\"><span style=\"font-size: medium;\">4- Le d\u00e9put\u00e9 Tally Gotliv a exig\u00e9 le 22 janvier 2025 la saisie de terres \u00e0 Gaza et l&rsquo;\u00e9tablissement de bases militaires dans cette zone, qualifiant la tr\u00eave d'\u00a0\u00bbirr\u00e9elle\u00a0\u00bb.<\/span><\/span><\/span><\/p>\n<p align=\"LEFT\"><span style=\"color: #000000;\"><span style=\"font-family: Verdana, sans-serif;\"><span style=\"font-size: medium;\">Nous avertissons que ces d\u00e9clarations menacent non seulement un retour \u00e0 l&rsquo;escalade et \u00e0 la destruction, mais mettent \u00e9galement en danger direct la s\u00e9curit\u00e9 de vos proches.<\/span><\/span><\/span><\/p>\n<p align=\"LEFT\"><span style=\"color: #000000;\"><span style=\"font-family: Verdana, sans-serif;\"><span style=\"font-size: medium;\">Nous vous appelons, en tant que familles des captifs les plus touch\u00e9es par ce qui pourrait arriver, \u00e0 adopter une position humanitaire responsable et \u00e0 faire entendre votre voix au gouvernement \u00ab\u00a0isra\u00e9lien\u00a0\u00bb et \u00e0 ses dirigeants. Ces dirigeants privil\u00e9gient leurs int\u00e9r\u00eats personnels et politiques au d\u00e9triment de l\u2019int\u00e9r\u00eat public, qui devrait se concentrer sur la s\u00e9curit\u00e9 de vos fils et de tous les habitants de Gaza, et sur le respect des accords.<\/span><\/span><\/span><\/p>\n<p align=\"LEFT\"><span style=\"color: #000000;\"><span style=\"font-family: Verdana, sans-serif;\"><span style=\"font-size: medium;\">Nous pensons que vos voix peuvent apporter un r\u00e9el changement et que vos revendications peuvent faire la diff\u00e9rence pour repousser l\u2019irresponsabilit\u00e9 de ce gouvernement d\u2019extr\u00eame-droite et de ses dirigeants. Vos voix peuvent les pousser \u00e0 respecter les accords qui garantissent la s\u00e9curit\u00e9 de tous et le retour de vos proches. La guerre n\u2019apportera que davantage de destruction et de pertes, mettant la vie des prisonniers restants en r\u00e9el danger et un sort incertain.<\/span><\/span><\/span><\/p>\n<p align=\"LEFT\"><span style=\"color: #000000;\"><span style=\"font-family: Verdana, sans-serif;\"><span style=\"font-size: medium;\">Bureau des martyrs, des prisonniers et des bless\u00e9s<\/span><\/span><\/span><\/p>\n<p align=\"LEFT\"><span style=\"color: #000000;\"><span style=\"font-family: Verdana, sans-serif;\"><span style=\"font-size: medium;\">Mouvement de r\u00e9sistance islamique Hamas<\/span><\/span><\/span><\/p>\n<p align=\"LEFT\"><span style=\"color: #000000;\"><span style=\"font-family: Verdana, sans-serif;\"><span style=\"font-size: medium;\">11 Rajab 1446 AH<\/span><\/span><\/span><\/p>\n<p align=\"LEFT\"><span style=\"color: #000000;\"><span style=\"font-family: Verdana, sans-serif;\"><span style=\"font-size: medium;\">23 janvier 2025 CE \u00bb <\/span><\/span><\/span><\/p>\n<pre><em><strong><span style=\"color: #339966;\"><span style=\"font-family: Verdana, sans-serif;\"><span style=\"font-size: medium;\">Source en anglais : <a style=\"color: #339966;\" href=\"https:\/\/x.com\/SuppressedNws\/status\/1882665782548590867\">Suppressed News<\/a> \/ Traduction MR<\/span><\/span><\/span><\/strong><\/em><\/pre>\n","protected":false},"excerpt":{"rendered":"<p>23 janvier 2025. \u00ab Alors que les pr\u00e9paratifs sont en cours pour la lib\u00e9ration d&rsquo;un deuxi\u00e8me groupe de prisonniers \u00ab isra\u00e9liens \u00bb de Gaza, nous avons suivi avec une grande <a class=\"more-link\" href=\"https:\/\/ismfrance.org\/index.php\/2025\/01\/24\/declaration-du-hamas-aux-familles-des-prisonniers-israeliens-dans-la-bande-de-gaza\/\">Lire la suite &rarr;<\/a><\/p>\n","protected":false},"author":3,"featured_media":17763,"comment_status":"closed","ping_status":"closed","sticky":false,"template":"","format":"standard","meta":{"footnotes":""},"categories":[2,14],"tags":[437,3],"class_list":["post-17761","post","type-post","status-publish","format-standard","has-post-thumbnail","hentry","category-articles","category-communiques","tag-cessez-le-feu","tag-resistance"],"yoast_head":"<!-- This site is optimized with the Yoast SEO plugin v27.2 - https:\/\/yoast.com\/product\/yoast-seo-wordpress\/ -->\n<title>D\u00e9claration du Hamas aux familles des prisonniers \u00ab isra\u00e9liens \u00bb dans la bande de Gaza - International Solidarity Movement - ISM-France<\/title>\n<meta name=\"robots\" content=\"index, follow, max-snippet:-1, max-image-preview:large, max-video-preview:-1\" \/>\n<link rel=\"canonical\" href=\"https:\/\/ismfrance.org\/index.php\/2025\/01\/24\/declaration-du-hamas-aux-familles-des-prisonniers-israeliens-dans-la-bande-de-gaza\/\" \/>\n<meta property=\"og:locale\" content=\"fr_FR\" \/>\n<meta property=\"og:type\" content=\"article\" \/>\n<meta property=\"og:title\" content=\"D\u00e9claration du Hamas aux familles des prisonniers \u00ab isra\u00e9liens \u00bb dans la bande de Gaza - International Solidarity Movement - ISM-France\" \/>\n<meta property=\"og:description\" content=\"23 janvier 2025. \u00ab Alors que les pr\u00e9paratifs sont en cours pour la lib\u00e9ration d&rsquo;un deuxi\u00e8me groupe de prisonniers \u00ab isra\u00e9liens \u00bb de Gaza, nous avons suivi avec une grande Lire la suite &rarr;\" \/>\n<meta property=\"og:url\" content=\"https:\/\/ismfrance.org\/index.php\/2025\/01\/24\/declaration-du-hamas-aux-familles-des-prisonniers-israeliens-dans-la-bande-de-gaza\/\" \/>\n<meta property=\"og:site_name\" content=\"International Solidarity Movement - ISM-France\" \/>\n<meta property=\"article:published_time\" content=\"2025-01-24T12:26:31+00:00\" \/>\n<meta property=\"article:modified_time\" content=\"2025-01-24T12:28:36+00:00\" \/>\n<meta property=\"og:image\" content=\"https:\/\/ismfrance.org\/wp-content\/uploads\/2025\/01\/muhammad-shehada.jpeg\" \/>\n\t<meta property=\"og:image:width\" content=\"1418\" \/>\n\t<meta property=\"og:image:height\" content=\"1007\" \/>\n\t<meta property=\"og:image:type\" content=\"image\/jpeg\" \/>\n<meta name=\"author\" content=\"mru_01\" \/>\n<meta name=\"twitter:card\" content=\"summary_large_image\" \/>\n<meta name=\"twitter:creator\" content=\"@ISMFRANCE\" \/>\n<meta name=\"twitter:site\" content=\"@ISMFRANCE\" \/>\n<meta name=\"twitter:label1\" content=\"\u00c9crit par\" \/>\n\t<meta name=\"twitter:data1\" content=\"mru_01\" \/>\n\t<meta name=\"twitter:label2\" content=\"Dur\u00e9e de lecture estim\u00e9e\" \/>\n\t<meta name=\"twitter:data2\" content=\"4 minutes\" \/>\n<script type=\"application\/ld+json\" class=\"yoast-schema-graph\">{\"@context\":\"https:\/\/schema.org\",\"@graph\":[{\"@type\":\"Article\",\"@id\":\"https:\/\/ismfrance.org\/index.php\/2025\/01\/24\/declaration-du-hamas-aux-familles-des-prisonniers-israeliens-dans-la-bande-de-gaza\/#article\",\"isPartOf\":{\"@id\":\"https:\/\/ismfrance.org\/index.php\/2025\/01\/24\/declaration-du-hamas-aux-familles-des-prisonniers-israeliens-dans-la-bande-de-gaza\/\"},\"author\":{\"name\":\"mru_01\",\"@id\":\"https:\/\/ismfrance.org\/#\/schema\/person\/3c411eb72adfaae19c0dca1f41fae01d\"},\"headline\":\"D\u00e9claration du Hamas aux familles des prisonniers \u00ab isra\u00e9liens \u00bb dans la bande de Gaza\",\"datePublished\":\"2025-01-24T12:26:31+00:00\",\"dateModified\":\"2025-01-24T12:28:36+00:00\",\"mainEntityOfPage\":{\"@id\":\"https:\/\/ismfrance.org\/index.php\/2025\/01\/24\/declaration-du-hamas-aux-familles-des-prisonniers-israeliens-dans-la-bande-de-gaza\/\"},\"wordCount\":718,\"publisher\":{\"@id\":\"https:\/\/ismfrance.org\/#organization\"},\"image\":{\"@id\":\"https:\/\/ismfrance.org\/index.php\/2025\/01\/24\/declaration-du-hamas-aux-familles-des-prisonniers-israeliens-dans-la-bande-de-gaza\/#primaryimage\"},\"thumbnailUrl\":\"https:\/\/ismfrance.org\/wp-content\/uploads\/2025\/01\/muhammad-shehada.jpeg\",\"keywords\":[\"cessez-le-feu\",\"R\u00e9sistance\"],\"articleSection\":[\"Articles\",\"Communiqu\u00e9s\"],\"inLanguage\":\"fr-FR\"},{\"@type\":\"WebPage\",\"@id\":\"https:\/\/ismfrance.org\/index.php\/2025\/01\/24\/declaration-du-hamas-aux-familles-des-prisonniers-israeliens-dans-la-bande-de-gaza\/\",\"url\":\"https:\/\/ismfrance.org\/index.php\/2025\/01\/24\/declaration-du-hamas-aux-familles-des-prisonniers-israeliens-dans-la-bande-de-gaza\/\",\"name\":\"D\u00e9claration du Hamas aux familles des prisonniers \u00ab isra\u00e9liens \u00bb dans la bande de Gaza - International Solidarity Movement - ISM-France\",\"isPartOf\":{\"@id\":\"https:\/\/ismfrance.org\/#website\"},\"primaryImageOfPage\":{\"@id\":\"https:\/\/ismfrance.org\/index.php\/2025\/01\/24\/declaration-du-hamas-aux-familles-des-prisonniers-israeliens-dans-la-bande-de-gaza\/#primaryimage\"},\"image\":{\"@id\":\"https:\/\/ismfrance.org\/index.php\/2025\/01\/24\/declaration-du-hamas-aux-familles-des-prisonniers-israeliens-dans-la-bande-de-gaza\/#primaryimage\"},\"thumbnailUrl\":\"https:\/\/ismfrance.org\/wp-content\/uploads\/2025\/01\/muhammad-shehada.jpeg\",\"datePublished\":\"2025-01-24T12:26:31+00:00\",\"dateModified\":\"2025-01-24T12:28:36+00:00\",\"breadcrumb\":{\"@id\":\"https:\/\/ismfrance.org\/index.php\/2025\/01\/24\/declaration-du-hamas-aux-familles-des-prisonniers-israeliens-dans-la-bande-de-gaza\/#breadcrumb\"},\"inLanguage\":\"fr-FR\",\"potentialAction\":[{\"@type\":\"ReadAction\",\"target\":[\"https:\/\/ismfrance.org\/index.php\/2025\/01\/24\/declaration-du-hamas-aux-familles-des-prisonniers-israeliens-dans-la-bande-de-gaza\/\"]}]},{\"@type\":\"ImageObject\",\"inLanguage\":\"fr-FR\",\"@id\":\"https:\/\/ismfrance.org\/index.php\/2025\/01\/24\/declaration-du-hamas-aux-familles-des-prisonniers-israeliens-dans-la-bande-de-gaza\/#primaryimage\",\"url\":\"https:\/\/ismfrance.org\/wp-content\/uploads\/2025\/01\/muhammad-shehada.jpeg\",\"contentUrl\":\"https:\/\/ismfrance.org\/wp-content\/uploads\/2025\/01\/muhammad-shehada.jpeg\",\"width\":1418,\"height\":1007},{\"@type\":\"BreadcrumbList\",\"@id\":\"https:\/\/ismfrance.org\/index.php\/2025\/01\/24\/declaration-du-hamas-aux-familles-des-prisonniers-israeliens-dans-la-bande-de-gaza\/#breadcrumb\",\"itemListElement\":[{\"@type\":\"ListItem\",\"position\":1,\"name\":\"Accueil\",\"item\":\"https:\/\/ismfrance.org\/\"},{\"@type\":\"ListItem\",\"position\":2,\"name\":\"D\u00e9claration du Hamas aux familles des prisonniers \u00ab isra\u00e9liens \u00bb dans la bande de Gaza\"}]},{\"@type\":\"WebSite\",\"@id\":\"https:\/\/ismfrance.org\/#website\",\"url\":\"https:\/\/ismfrance.org\/\",\"name\":\"ISM Palestine France\",\"description\":\"Soutien aux luttes de lib\u00e9ration du peuple palestinien\",\"publisher\":{\"@id\":\"https:\/\/ismfrance.org\/#organization\"},\"potentialAction\":[{\"@type\":\"SearchAction\",\"target\":{\"@type\":\"EntryPoint\",\"urlTemplate\":\"https:\/\/ismfrance.org\/?s={search_term_string}\"},\"query-input\":{\"@type\":\"PropertyValueSpecification\",\"valueRequired\":true,\"valueName\":\"search_term_string\"}}],\"inLanguage\":\"fr-FR\"},{\"@type\":\"Organization\",\"@id\":\"https:\/\/ismfrance.org\/#organization\",\"name\":\"International Solidarity Movement\",\"url\":\"https:\/\/ismfrance.org\/\",\"logo\":{\"@type\":\"ImageObject\",\"inLanguage\":\"fr-FR\",\"@id\":\"https:\/\/ismfrance.org\/#\/schema\/logo\/image\/\",\"url\":\"https:\/\/ismfrance.org\/wp-content\/uploads\/2020\/12\/00.png\",\"contentUrl\":\"https:\/\/ismfrance.org\/wp-content\/uploads\/2020\/12\/00.png\",\"width\":400,\"height\":400,\"caption\":\"International Solidarity Movement\"},\"image\":{\"@id\":\"https:\/\/ismfrance.org\/#\/schema\/logo\/image\/\"},\"sameAs\":[\"https:\/\/x.com\/ISMFRANCE\"]},{\"@type\":\"Person\",\"@id\":\"https:\/\/ismfrance.org\/#\/schema\/person\/3c411eb72adfaae19c0dca1f41fae01d\",\"name\":\"mru_01\",\"image\":{\"@type\":\"ImageObject\",\"inLanguage\":\"fr-FR\",\"@id\":\"https:\/\/secure.gravatar.com\/avatar\/3a0be343b445d2ccc79e87444a294fad2b232e90d2051d0e3cc219e1ecd6a330?s=96&d=mm&r=g\",\"url\":\"https:\/\/secure.gravatar.com\/avatar\/3a0be343b445d2ccc79e87444a294fad2b232e90d2051d0e3cc219e1ecd6a330?s=96&d=mm&r=g\",\"contentUrl\":\"https:\/\/secure.gravatar.com\/avatar\/3a0be343b445d2ccc79e87444a294fad2b232e90d2051d0e3cc219e1ecd6a330?s=96&d=mm&r=g\",\"caption\":\"mru_01\"},\"url\":\"https:\/\/ismfrance.org\/index.php\/author\/admin02\/\"}]}<\/script>\n<!-- \/ Yoast SEO plugin. -->","yoast_head_json":{"title":"D\u00e9claration du Hamas aux familles des prisonniers \u00ab isra\u00e9liens \u00bb dans la bande de Gaza - International Solidarity Movement - ISM-France","robots":{"index":"index","follow":"follow","max-snippet":"max-snippet:-1","max-image-preview":"max-image-preview:large","max-video-preview":"max-video-preview:-1"},"canonical":"https:\/\/ismfrance.org\/index.php\/2025\/01\/24\/declaration-du-hamas-aux-familles-des-prisonniers-israeliens-dans-la-bande-de-gaza\/","og_locale":"fr_FR","og_type":"article","og_title":"D\u00e9claration du Hamas aux familles des prisonniers \u00ab isra\u00e9liens \u00bb dans la bande de Gaza - International Solidarity Movement - ISM-France","og_description":"23 janvier 2025. \u00ab Alors que les pr\u00e9paratifs sont en cours pour la lib\u00e9ration d&rsquo;un deuxi\u00e8me groupe de prisonniers \u00ab isra\u00e9liens \u00bb de Gaza, nous avons suivi avec une grande Lire la suite &rarr;","og_url":"https:\/\/ismfrance.org\/index.php\/2025\/01\/24\/declaration-du-hamas-aux-familles-des-prisonniers-israeliens-dans-la-bande-de-gaza\/","og_site_name":"International Solidarity Movement - ISM-France","article_published_time":"2025-01-24T12:26:31+00:00","article_modified_time":"2025-01-24T12:28:36+00:00","og_image":[{"width":1418,"height":1007,"url":"https:\/\/ismfrance.org\/wp-content\/uploads\/2025\/01\/muhammad-shehada.jpeg","type":"image\/jpeg"}],"author":"mru_01","twitter_card":"summary_large_image","twitter_creator":"@ISMFRANCE","twitter_site":"@ISMFRANCE","twitter_misc":{"\u00c9crit par":"mru_01","Dur\u00e9e de lecture estim\u00e9e":"4 minutes"},"schema":{"@context":"https:\/\/schema.org","@graph":[{"@type":"Article","@id":"https:\/\/ismfrance.org\/index.php\/2025\/01\/24\/declaration-du-hamas-aux-familles-des-prisonniers-israeliens-dans-la-bande-de-gaza\/#article","isPartOf":{"@id":"https:\/\/ismfrance.org\/index.php\/2025\/01\/24\/declaration-du-hamas-aux-familles-des-prisonniers-israeliens-dans-la-bande-de-gaza\/"},"author":{"name":"mru_01","@id":"https:\/\/ismfrance.org\/#\/schema\/person\/3c411eb72adfaae19c0dca1f41fae01d"},"headline":"D\u00e9claration du Hamas aux familles des prisonniers \u00ab isra\u00e9liens \u00bb dans la bande de Gaza","datePublished":"2025-01-24T12:26:31+00:00","dateModified":"2025-01-24T12:28:36+00:00","mainEntityOfPage":{"@id":"https:\/\/ismfrance.org\/index.php\/2025\/01\/24\/declaration-du-hamas-aux-familles-des-prisonniers-israeliens-dans-la-bande-de-gaza\/"},"wordCount":718,"publisher":{"@id":"https:\/\/ismfrance.org\/#organization"},"image":{"@id":"https:\/\/ismfrance.org\/index.php\/2025\/01\/24\/declaration-du-hamas-aux-familles-des-prisonniers-israeliens-dans-la-bande-de-gaza\/#primaryimage"},"thumbnailUrl":"https:\/\/ismfrance.org\/wp-content\/uploads\/2025\/01\/muhammad-shehada.jpeg","keywords":["cessez-le-feu","R\u00e9sistance"],"articleSection":["Articles","Communiqu\u00e9s"],"inLanguage":"fr-FR"},{"@type":"WebPage","@id":"https:\/\/ismfrance.org\/index.php\/2025\/01\/24\/declaration-du-hamas-aux-familles-des-prisonniers-israeliens-dans-la-bande-de-gaza\/","url":"https:\/\/ismfrance.org\/index.php\/2025\/01\/24\/declaration-du-hamas-aux-familles-des-prisonniers-israeliens-dans-la-bande-de-gaza\/","name":"D\u00e9claration du Hamas aux familles des prisonniers \u00ab isra\u00e9liens \u00bb dans la bande de Gaza - International Solidarity Movement - ISM-France","isPartOf":{"@id":"https:\/\/ismfrance.org\/#website"},"primaryImageOfPage":{"@id":"https:\/\/ismfrance.org\/index.php\/2025\/01\/24\/declaration-du-hamas-aux-familles-des-prisonniers-israeliens-dans-la-bande-de-gaza\/#primaryimage"},"image":{"@id":"https:\/\/ismfrance.org\/index.php\/2025\/01\/24\/declaration-du-hamas-aux-familles-des-prisonniers-israeliens-dans-la-bande-de-gaza\/#primaryimage"},"thumbnailUrl":"https:\/\/ismfrance.org\/wp-content\/uploads\/2025\/01\/muhammad-shehada.jpeg","datePublished":"2025-01-24T12:26:31+00:00","dateModified":"2025-01-24T12:28:36+00:00","breadcrumb":{"@id":"https:\/\/ismfrance.org\/index.php\/2025\/01\/24\/declaration-du-hamas-aux-familles-des-prisonniers-israeliens-dans-la-bande-de-gaza\/#breadcrumb"},"inLanguage":"fr-FR","potentialAction":[{"@type":"ReadAction","target":["https:\/\/ismfrance.org\/index.php\/2025\/01\/24\/declaration-du-hamas-aux-familles-des-prisonniers-israeliens-dans-la-bande-de-gaza\/"]}]},{"@type":"ImageObject","inLanguage":"fr-FR","@id":"https:\/\/ismfrance.org\/index.php\/2025\/01\/24\/declaration-du-hamas-aux-familles-des-prisonniers-israeliens-dans-la-bande-de-gaza\/#primaryimage","url":"https:\/\/ismfrance.org\/wp-content\/uploads\/2025\/01\/muhammad-shehada.jpeg","contentUrl":"https:\/\/ismfrance.org\/wp-content\/uploads\/2025\/01\/muhammad-shehada.jpeg","width":1418,"height":1007},{"@type":"BreadcrumbList","@id":"https:\/\/ismfrance.org\/index.php\/2025\/01\/24\/declaration-du-hamas-aux-familles-des-prisonniers-israeliens-dans-la-bande-de-gaza\/#breadcrumb","itemListElement":[{"@type":"ListItem","position":1,"name":"Accueil","item":"https:\/\/ismfrance.org\/"},{"@type":"ListItem","position":2,"name":"D\u00e9claration du Hamas aux familles des prisonniers \u00ab isra\u00e9liens \u00bb dans la bande de Gaza"}]},{"@type":"WebSite","@id":"https:\/\/ismfrance.org\/#website","url":"https:\/\/ismfrance.org\/","name":"ISM Palestine France","description":"Soutien aux luttes de lib\u00e9ration du peuple palestinien","publisher":{"@id":"https:\/\/ismfrance.org\/#organization"},"potentialAction":[{"@type":"SearchAction","target":{"@type":"EntryPoint","urlTemplate":"https:\/\/ismfrance.org\/?s={search_term_string}"},"query-input":{"@type":"PropertyValueSpecification","valueRequired":true,"valueName":"search_term_string"}}],"inLanguage":"fr-FR"},{"@type":"Organization","@id":"https:\/\/ismfrance.org\/#organization","name":"International Solidarity Movement","url":"https:\/\/ismfrance.org\/","logo":{"@type":"ImageObject","inLanguage":"fr-FR","@id":"https:\/\/ismfrance.org\/#\/schema\/logo\/image\/","url":"https:\/\/ismfrance.org\/wp-content\/uploads\/2020\/12\/00.png","contentUrl":"https:\/\/ismfrance.org\/wp-content\/uploads\/2020\/12\/00.png","width":400,"height":400,"caption":"International Solidarity Movement"},"image":{"@id":"https:\/\/ismfrance.org\/#\/schema\/logo\/image\/"},"sameAs":["https:\/\/x.com\/ISMFRANCE"]},{"@type":"Person","@id":"https:\/\/ismfrance.org\/#\/schema\/person\/3c411eb72adfaae19c0dca1f41fae01d","name":"mru_01","image":{"@type":"ImageObject","inLanguage":"fr-FR","@id":"https:\/\/secure.gravatar.com\/avatar\/3a0be343b445d2ccc79e87444a294fad2b232e90d2051d0e3cc219e1ecd6a330?s=96&d=mm&r=g","url":"https:\/\/secure.gravatar.com\/avatar\/3a0be343b445d2ccc79e87444a294fad2b232e90d2051d0e3cc219e1ecd6a330?s=96&d=mm&r=g","contentUrl":"https:\/\/secure.gravatar.com\/avatar\/3a0be343b445d2ccc79e87444a294fad2b232e90d2051d0e3cc219e1ecd6a330?s=96&d=mm&r=g","caption":"mru_01"},"url":"https:\/\/ismfrance.org\/index.php\/author\/admin02\/"}]}},"_links":{"self":[{"href":"https:\/\/ismfrance.org\/index.php\/wp-json\/wp\/v2\/posts\/17761","targetHints":{"allow":["GET"]}}],"collection":[{"href":"https:\/\/ismfrance.org\/index.php\/wp-json\/wp\/v2\/posts"}],"about":[{"href":"https:\/\/ismfrance.org\/index.php\/wp-json\/wp\/v2\/types\/post"}],"author":[{"embeddable":true,"href":"https:\/\/ismfrance.org\/index.php\/wp-json\/wp\/v2\/users\/3"}],"replies":[{"embeddable":true,"href":"https:\/\/ismfrance.org\/index.php\/wp-json\/wp\/v2\/comments?post=17761"}],"version-history":[{"count":0,"href":"https:\/\/ismfrance.org\/index.php\/wp-json\/wp\/v2\/posts\/17761\/revisions"}],"wp:featuredmedia":[{"embeddable":true,"href":"https:\/\/ismfrance.org\/index.php\/wp-json\/wp\/v2\/media\/17763"}],"wp:attachment":[{"href":"https:\/\/ismfrance.org\/index.php\/wp-json\/wp\/v2\/media?parent=17761"}],"wp:term":[{"taxonomy":"category","embeddable":true,"href":"https:\/\/ismfrance.org\/index.php\/wp-json\/wp\/v2\/categories?post=17761"},{"taxonomy":"post_tag","embeddable":true,"href":"https:\/\/ismfrance.org\/index.php\/wp-json\/wp\/v2\/tags?post=17761"}],"curies":[{"name":"wp","href":"https:\/\/api.w.org\/{rel}","templated":true}]}}