{"id":17605,"date":"2025-01-19T19:42:58","date_gmt":"2025-01-19T18:42:58","guid":{"rendered":"https:\/\/ismfrance.org\/?p=17605"},"modified":"2025-01-19T19:42:58","modified_gmt":"2025-01-19T18:42:58","slug":"palestine-gaza-jusque-la-liberation","status":"publish","type":"post","link":"https:\/\/ismfrance.org\/index.php\/2025\/01\/19\/palestine-gaza-jusque-la-liberation\/","title":{"rendered":"PALESTINE &#8211; GAZA, JUSQUE LA LIB\u00c9RATION !"},"content":{"rendered":"<p align=\"LEFT\"><span style=\"color: #000000;\"><span style=\"font-family: Arial, sans-serif;\"><span style=\"font-size: medium;\"><strong>Association de Palestiniens en Ile-de-France, 19 janvier 2025<\/strong>. Honneur et M\u00e9moire pour les martyrs, les bless\u00e9s, les prisonniers, qui ont subi le feu, la mort et la destruction, la guerre g\u00e9nocidaire sur le territoire de Gaza pendant 471 jours, transform\u00e9 en camp d&rsquo;extermination par l&rsquo;\u00c9tat colonial Isra\u00ebl et ses alli\u00e9s, les USA, l&rsquo;Europe et autres pays dans le monde.<\/span><\/span><\/span><\/p>\n<p align=\"LEFT\"><a href=\"https:\/\/ismfrance.org\/wp-content\/uploads\/2025\/01\/GhrG0zdXkAAosZ3.jpeg\"><img loading=\"lazy\" decoding=\"async\" class=\"size-large wp-image-17612 aligncenter\" src=\"https:\/\/ismfrance.org\/wp-content\/uploads\/2025\/01\/GhrG0zdXkAAosZ3-679x700.jpeg\" alt=\"\" width=\"600\" height=\"619\" srcset=\"https:\/\/ismfrance.org\/wp-content\/uploads\/2025\/01\/GhrG0zdXkAAosZ3-679x700.jpeg 679w, https:\/\/ismfrance.org\/wp-content\/uploads\/2025\/01\/GhrG0zdXkAAosZ3-291x300.jpeg 291w, https:\/\/ismfrance.org\/wp-content\/uploads\/2025\/01\/GhrG0zdXkAAosZ3-768x791.jpeg 768w, https:\/\/ismfrance.org\/wp-content\/uploads\/2025\/01\/GhrG0zdXkAAosZ3.jpeg 994w\" sizes=\"auto, (max-width: 600px) 100vw, 600px\" \/><\/a><\/p>\n<p align=\"LEFT\"><span style=\"color: #000000;\"><span style=\"font-family: Arial, sans-serif;\"><span style=\"font-size: medium;\">Enfin le cessez-le-feu est appliqu\u00e9 depuis ce matin sur le territoire de Gaza pour commencer l&rsquo;\u00e9change des prisonniers.<\/span><\/span><\/span><\/p>\n<p align=\"LEFT\"><span style=\"color: #000000;\"><span style=\"font-family: Arial, sans-serif;\"><span style=\"font-size: medium;\">Plus de 46.000 martyrs d\u00e9clar\u00e9s et environ 25.000 personnes d\u00e9c\u00e9d\u00e9es sous les d\u00e9combres, plus de 106.000 bless\u00e9s, ce qui au total repr\u00e9sente pr\u00e8s de 10% de la population de Gaza. <\/span><\/span><\/span><\/p>\n<p align=\"LEFT\"><span style=\"color: #000000;\"><span style=\"font-family: Arial, sans-serif;\"><span style=\"font-size: medium;\">Les criminels sionistes et leurs alli\u00e9s ont voulu an\u00e9antir la population de Gaza et la cause palestinienne durant cette guerre.<\/span><\/span><\/span><\/p>\n<p align=\"LEFT\"><span style=\"color: #000000;\"><span style=\"font-family: Arial, sans-serif;\"><span style=\"font-size: medium;\">Quelle alternative a le peuple de Palestine pour se d\u00e9fendre sinon la r\u00e9sistance\u00a0?<\/span><\/span><\/span><\/p>\n<p align=\"LEFT\"><span style=\"color: #000000;\"><span style=\"font-family: Arial, sans-serif;\"><span style=\"font-size: medium;\">Que l&rsquo;on ne s&rsquo;y trompe pas, ce qui c&rsquo;est pass\u00e9 depuis le 7 octobre 2023 n&rsquo;est que la continuit\u00e9 de la spoliation de 1948.<\/span><\/span><\/span><\/p>\n<p align=\"LEFT\"><span style=\"color: #000000;\"><span style=\"font-family: Arial, sans-serif;\"><span style=\"font-size: medium;\">Depuis cette date, des centaines de localit\u00e9s palestiniennes ont \u00e9t\u00e9 d\u00e9truites et ras\u00e9es.<\/span><\/span><\/span><\/p>\n<p align=\"LEFT\"><span style=\"color: #000000;\"><span style=\"font-family: Arial, sans-serif;\"><span style=\"font-size: medium;\">Aujourd&rsquo;hui, celles et ceux du peuple palestinien qui ont souffert et r\u00e9sist\u00e9 sont les descendants des Palestiniens de la Nakba de 1948.<\/span><\/span><\/span><\/p>\n<p align=\"LEFT\"><span style=\"color: #000000;\"><span style=\"font-family: Arial, sans-serif;\"><span style=\"font-size: medium;\">Aujourd&rsquo;hui, malgr\u00e9 les morts et la destruction, l&rsquo;Etat colonial n&rsquo;a pas r\u00e9alis\u00e9 ses objectifs, gr\u00e2ce aussi au soutien de la r\u00e9sistance libanaise, y\u00e9m\u00e9nite et irakienne et de la solidarit\u00e9 internationale.<\/span><\/span><\/span><\/p>\n<p align=\"LEFT\"><span style=\"color: #000000;\"><span style=\"font-family: Arial, sans-serif;\"><span style=\"font-size: medium;\">La lutte pour la lib\u00e9ration de la Palestine va se poursuivre jusqu&rsquo;\u00e0 en finir avec ce syst\u00e8me colonial qu&rsquo;est l&rsquo;Etat Isra\u00ebl et l&rsquo;instauration d&rsquo;un Etat palestinien ind\u00e9pendant et d\u00e9mocratique avec J\u00e9rusalem pour capitale de la mer au Jourdain.<\/span><\/span><\/span><\/p>\n<p style=\"text-align: center;\" align=\"LEFT\"><span style=\"color: #000000;\"><span style=\"font-family: Arial, sans-serif;\"><span style=\"font-size: medium;\">Vive la r\u00e9sistance du peuple palestinien<br \/>\nLibert\u00e9 pour les prisonniers<br \/>\nDroit au retour pour les r\u00e9fugi\u00e9s palestiniens expuls\u00e9s depuis 1948 sur leurs terres d&rsquo;origine<br \/>\nPalestine Vaincra<\/span><\/span><\/span><\/p>\n<p style=\"text-align: center;\" align=\"LEFT\"><span style=\"color: #000000;\"><span style=\"font-family: Arial, sans-serif;\"><span style=\"font-size: medium;\">******************<\/span><\/span><\/span><\/p>\n<p style=\"text-align: right;\" align=\"LEFT\"><strong>\u0643\u0641\u0631 \u0642\u0627\u0633\u0645<\/strong><br \/>\n<strong>\u0625\u0646\u0646\u064a \u0639\u062f\u062a \u0645\u0646 \u0627\u0644\u0645\u0648\u062a \u0644\u0623\u062d\u064a\u0627\u060c \u0644\u0623\u063a\u0646\u064a<\/strong><br \/>\n<strong>\u0641\u062f\u0639\u064a\u0646\u064a \u0623\u0633\u062a\u0639\u0631 \u0635\u0648\u062a\u064a \u0645\u0646 \u062c\u0631\u062d \u062a\u0648\u0647\u0651\u062c<\/strong><br \/>\n<strong>\u0648 \u0623\u0639\u064a\u0646\u064a\u0646\u064a \u0639\u0644\u0649 \u0627\u0644\u062d\u0642\u062f \u0627\u0644\u0630\u064a \u064a\u0632\u0631\u0639 \u0641\u064a \u0642\u0644\u0628\u064a \u0639\u0648\u0633\u062c<\/strong><br \/>\n<strong>\u0625\u0646\u0646\u064a \u0645\u0646\u062f\u0648\u0628 \u062c\u0631\u062d \u0644\u0627 \u064a\u0633\u0627\u0648\u0645<\/strong><br \/>\n<strong>\u0639\u0644\u0645\u062a\u0646\u064a \u0636\u0631\u0628\u0629 \u0627\u0644\u062c\u0644\u0627\u062f \u0623\u0646 \u0623\u0645\u0634\u064a \u0639\u0644\u0649 \u062c\u0631\u062d\u064a<\/strong><br \/>\n<strong>\u0648 \u0623\u0645\u0634\u064a..<\/strong><br \/>\n<strong>\u062b\u0645 \u0623\u0645\u0634\u064a ..<\/strong><br \/>\n<strong>\u0648 \u0623\u0642\u0627\u0648\u0645<\/strong><\/p>\n<p><strong>Kafr Qassam<\/strong><\/p>\n<p>Je suis revenu d&rsquo;entre les morts pour vivre et chanter,<br \/>\nAlors laisse-moi emprunter ma voix \u00e0 une blessure br\u00fblante<br \/>\nEt mes yeux sont riv\u00e9s sur la haine qui est plant\u00e9e dans mon c\u0153ur comme un chardon<br \/>\nJe suis le repr\u00e9sentant d&rsquo;une blessure qui ne transige pas<br \/>\nLes coups de mon bourreau m&rsquo;ont appris \u00e0 marcher sur ma blessure<br \/>\n\u00c0 marcher<br \/>\nPuis \u00e0 marcher<br \/>\nEt \u00e0 r\u00e9sister<\/p>\n<p><em><strong>Mahmoud Darwich<\/strong><\/em><\/p>\n<p style=\"text-align: center;\" align=\"LEFT\">********<\/p>\n","protected":false},"excerpt":{"rendered":"<p>Association de Palestiniens en Ile-de-France, 19 janvier 2025. Honneur et M\u00e9moire pour les martyrs, les bless\u00e9s, les prisonniers, qui ont subi le feu, la mort et la destruction, la guerre <a class=\"more-link\" href=\"https:\/\/ismfrance.org\/index.php\/2025\/01\/19\/palestine-gaza-jusque-la-liberation\/\">Lire la suite &rarr;<\/a><\/p>\n","protected":false},"author":3,"featured_media":17612,"comment_status":"closed","ping_status":"closed","sticky":false,"template":"","format":"standard","meta":{"footnotes":""},"categories":[2,14],"tags":[437,3],"class_list":["post-17605","post","type-post","status-publish","format-standard","has-post-thumbnail","hentry","category-articles","category-communiques","tag-cessez-le-feu","tag-resistance"],"yoast_head":"<!-- This site is optimized with the Yoast SEO plugin v27.2 - https:\/\/yoast.com\/product\/yoast-seo-wordpress\/ -->\n<title>PALESTINE - GAZA, JUSQUE LA LIB\u00c9RATION ! - International Solidarity Movement - ISM-France<\/title>\n<meta name=\"robots\" content=\"index, follow, max-snippet:-1, max-image-preview:large, max-video-preview:-1\" \/>\n<link rel=\"canonical\" href=\"https:\/\/ismfrance.org\/index.php\/2025\/01\/19\/palestine-gaza-jusque-la-liberation\/\" \/>\n<meta property=\"og:locale\" content=\"fr_FR\" \/>\n<meta property=\"og:type\" content=\"article\" \/>\n<meta property=\"og:title\" content=\"PALESTINE - GAZA, JUSQUE LA LIB\u00c9RATION ! - International Solidarity Movement - ISM-France\" \/>\n<meta property=\"og:description\" content=\"Association de Palestiniens en Ile-de-France, 19 janvier 2025. Honneur et M\u00e9moire pour les martyrs, les bless\u00e9s, les prisonniers, qui ont subi le feu, la mort et la destruction, la guerre Lire la suite &rarr;\" \/>\n<meta property=\"og:url\" content=\"https:\/\/ismfrance.org\/index.php\/2025\/01\/19\/palestine-gaza-jusque-la-liberation\/\" \/>\n<meta property=\"og:site_name\" content=\"International Solidarity Movement - ISM-France\" \/>\n<meta property=\"article:published_time\" content=\"2025-01-19T18:42:58+00:00\" \/>\n<meta property=\"og:image\" content=\"https:\/\/ismfrance.org\/wp-content\/uploads\/2025\/01\/GhrG0zdXkAAosZ3.jpeg\" \/>\n\t<meta property=\"og:image:width\" content=\"994\" \/>\n\t<meta property=\"og:image:height\" content=\"1024\" \/>\n\t<meta property=\"og:image:type\" content=\"image\/jpeg\" \/>\n<meta name=\"author\" content=\"mru_01\" \/>\n<meta name=\"twitter:card\" content=\"summary_large_image\" \/>\n<meta name=\"twitter:creator\" content=\"@ISMFRANCE\" \/>\n<meta name=\"twitter:site\" content=\"@ISMFRANCE\" \/>\n<meta name=\"twitter:label1\" content=\"\u00c9crit par\" \/>\n\t<meta name=\"twitter:data1\" content=\"mru_01\" \/>\n\t<meta name=\"twitter:label2\" content=\"Dur\u00e9e de lecture estim\u00e9e\" \/>\n\t<meta name=\"twitter:data2\" content=\"3 minutes\" \/>\n<script type=\"application\/ld+json\" class=\"yoast-schema-graph\">{\"@context\":\"https:\/\/schema.org\",\"@graph\":[{\"@type\":\"Article\",\"@id\":\"https:\/\/ismfrance.org\/index.php\/2025\/01\/19\/palestine-gaza-jusque-la-liberation\/#article\",\"isPartOf\":{\"@id\":\"https:\/\/ismfrance.org\/index.php\/2025\/01\/19\/palestine-gaza-jusque-la-liberation\/\"},\"author\":{\"name\":\"mru_01\",\"@id\":\"https:\/\/ismfrance.org\/#\/schema\/person\/3c411eb72adfaae19c0dca1f41fae01d\"},\"headline\":\"PALESTINE &#8211; GAZA, JUSQUE LA LIB\u00c9RATION !\",\"datePublished\":\"2025-01-19T18:42:58+00:00\",\"mainEntityOfPage\":{\"@id\":\"https:\/\/ismfrance.org\/index.php\/2025\/01\/19\/palestine-gaza-jusque-la-liberation\/\"},\"wordCount\":416,\"publisher\":{\"@id\":\"https:\/\/ismfrance.org\/#organization\"},\"image\":{\"@id\":\"https:\/\/ismfrance.org\/index.php\/2025\/01\/19\/palestine-gaza-jusque-la-liberation\/#primaryimage\"},\"thumbnailUrl\":\"https:\/\/ismfrance.org\/wp-content\/uploads\/2025\/01\/GhrG0zdXkAAosZ3.jpeg\",\"keywords\":[\"cessez-le-feu\",\"R\u00e9sistance\"],\"articleSection\":[\"Articles\",\"Communiqu\u00e9s\"],\"inLanguage\":\"fr-FR\"},{\"@type\":\"WebPage\",\"@id\":\"https:\/\/ismfrance.org\/index.php\/2025\/01\/19\/palestine-gaza-jusque-la-liberation\/\",\"url\":\"https:\/\/ismfrance.org\/index.php\/2025\/01\/19\/palestine-gaza-jusque-la-liberation\/\",\"name\":\"PALESTINE - GAZA, JUSQUE LA LIB\u00c9RATION ! - International Solidarity Movement - ISM-France\",\"isPartOf\":{\"@id\":\"https:\/\/ismfrance.org\/#website\"},\"primaryImageOfPage\":{\"@id\":\"https:\/\/ismfrance.org\/index.php\/2025\/01\/19\/palestine-gaza-jusque-la-liberation\/#primaryimage\"},\"image\":{\"@id\":\"https:\/\/ismfrance.org\/index.php\/2025\/01\/19\/palestine-gaza-jusque-la-liberation\/#primaryimage\"},\"thumbnailUrl\":\"https:\/\/ismfrance.org\/wp-content\/uploads\/2025\/01\/GhrG0zdXkAAosZ3.jpeg\",\"datePublished\":\"2025-01-19T18:42:58+00:00\",\"breadcrumb\":{\"@id\":\"https:\/\/ismfrance.org\/index.php\/2025\/01\/19\/palestine-gaza-jusque-la-liberation\/#breadcrumb\"},\"inLanguage\":\"fr-FR\",\"potentialAction\":[{\"@type\":\"ReadAction\",\"target\":[\"https:\/\/ismfrance.org\/index.php\/2025\/01\/19\/palestine-gaza-jusque-la-liberation\/\"]}]},{\"@type\":\"ImageObject\",\"inLanguage\":\"fr-FR\",\"@id\":\"https:\/\/ismfrance.org\/index.php\/2025\/01\/19\/palestine-gaza-jusque-la-liberation\/#primaryimage\",\"url\":\"https:\/\/ismfrance.org\/wp-content\/uploads\/2025\/01\/GhrG0zdXkAAosZ3.jpeg\",\"contentUrl\":\"https:\/\/ismfrance.org\/wp-content\/uploads\/2025\/01\/GhrG0zdXkAAosZ3.jpeg\",\"width\":994,\"height\":1024},{\"@type\":\"BreadcrumbList\",\"@id\":\"https:\/\/ismfrance.org\/index.php\/2025\/01\/19\/palestine-gaza-jusque-la-liberation\/#breadcrumb\",\"itemListElement\":[{\"@type\":\"ListItem\",\"position\":1,\"name\":\"Accueil\",\"item\":\"https:\/\/ismfrance.org\/\"},{\"@type\":\"ListItem\",\"position\":2,\"name\":\"PALESTINE &#8211; GAZA, JUSQUE LA LIB\u00c9RATION !\"}]},{\"@type\":\"WebSite\",\"@id\":\"https:\/\/ismfrance.org\/#website\",\"url\":\"https:\/\/ismfrance.org\/\",\"name\":\"ISM Palestine France\",\"description\":\"Soutien aux luttes de lib\u00e9ration du peuple palestinien\",\"publisher\":{\"@id\":\"https:\/\/ismfrance.org\/#organization\"},\"potentialAction\":[{\"@type\":\"SearchAction\",\"target\":{\"@type\":\"EntryPoint\",\"urlTemplate\":\"https:\/\/ismfrance.org\/?s={search_term_string}\"},\"query-input\":{\"@type\":\"PropertyValueSpecification\",\"valueRequired\":true,\"valueName\":\"search_term_string\"}}],\"inLanguage\":\"fr-FR\"},{\"@type\":\"Organization\",\"@id\":\"https:\/\/ismfrance.org\/#organization\",\"name\":\"International Solidarity Movement\",\"url\":\"https:\/\/ismfrance.org\/\",\"logo\":{\"@type\":\"ImageObject\",\"inLanguage\":\"fr-FR\",\"@id\":\"https:\/\/ismfrance.org\/#\/schema\/logo\/image\/\",\"url\":\"https:\/\/ismfrance.org\/wp-content\/uploads\/2020\/12\/00.png\",\"contentUrl\":\"https:\/\/ismfrance.org\/wp-content\/uploads\/2020\/12\/00.png\",\"width\":400,\"height\":400,\"caption\":\"International Solidarity Movement\"},\"image\":{\"@id\":\"https:\/\/ismfrance.org\/#\/schema\/logo\/image\/\"},\"sameAs\":[\"https:\/\/x.com\/ISMFRANCE\"]},{\"@type\":\"Person\",\"@id\":\"https:\/\/ismfrance.org\/#\/schema\/person\/3c411eb72adfaae19c0dca1f41fae01d\",\"name\":\"mru_01\",\"image\":{\"@type\":\"ImageObject\",\"inLanguage\":\"fr-FR\",\"@id\":\"https:\/\/secure.gravatar.com\/avatar\/3a0be343b445d2ccc79e87444a294fad2b232e90d2051d0e3cc219e1ecd6a330?s=96&d=mm&r=g\",\"url\":\"https:\/\/secure.gravatar.com\/avatar\/3a0be343b445d2ccc79e87444a294fad2b232e90d2051d0e3cc219e1ecd6a330?s=96&d=mm&r=g\",\"contentUrl\":\"https:\/\/secure.gravatar.com\/avatar\/3a0be343b445d2ccc79e87444a294fad2b232e90d2051d0e3cc219e1ecd6a330?s=96&d=mm&r=g\",\"caption\":\"mru_01\"},\"url\":\"https:\/\/ismfrance.org\/index.php\/author\/admin02\/\"}]}<\/script>\n<!-- \/ Yoast SEO plugin. -->","yoast_head_json":{"title":"PALESTINE - GAZA, JUSQUE LA LIB\u00c9RATION ! - International Solidarity Movement - ISM-France","robots":{"index":"index","follow":"follow","max-snippet":"max-snippet:-1","max-image-preview":"max-image-preview:large","max-video-preview":"max-video-preview:-1"},"canonical":"https:\/\/ismfrance.org\/index.php\/2025\/01\/19\/palestine-gaza-jusque-la-liberation\/","og_locale":"fr_FR","og_type":"article","og_title":"PALESTINE - GAZA, JUSQUE LA LIB\u00c9RATION ! - International Solidarity Movement - ISM-France","og_description":"Association de Palestiniens en Ile-de-France, 19 janvier 2025. Honneur et M\u00e9moire pour les martyrs, les bless\u00e9s, les prisonniers, qui ont subi le feu, la mort et la destruction, la guerre Lire la suite &rarr;","og_url":"https:\/\/ismfrance.org\/index.php\/2025\/01\/19\/palestine-gaza-jusque-la-liberation\/","og_site_name":"International Solidarity Movement - ISM-France","article_published_time":"2025-01-19T18:42:58+00:00","og_image":[{"width":994,"height":1024,"url":"https:\/\/ismfrance.org\/wp-content\/uploads\/2025\/01\/GhrG0zdXkAAosZ3.jpeg","type":"image\/jpeg"}],"author":"mru_01","twitter_card":"summary_large_image","twitter_creator":"@ISMFRANCE","twitter_site":"@ISMFRANCE","twitter_misc":{"\u00c9crit par":"mru_01","Dur\u00e9e de lecture estim\u00e9e":"3 minutes"},"schema":{"@context":"https:\/\/schema.org","@graph":[{"@type":"Article","@id":"https:\/\/ismfrance.org\/index.php\/2025\/01\/19\/palestine-gaza-jusque-la-liberation\/#article","isPartOf":{"@id":"https:\/\/ismfrance.org\/index.php\/2025\/01\/19\/palestine-gaza-jusque-la-liberation\/"},"author":{"name":"mru_01","@id":"https:\/\/ismfrance.org\/#\/schema\/person\/3c411eb72adfaae19c0dca1f41fae01d"},"headline":"PALESTINE &#8211; GAZA, JUSQUE LA LIB\u00c9RATION !","datePublished":"2025-01-19T18:42:58+00:00","mainEntityOfPage":{"@id":"https:\/\/ismfrance.org\/index.php\/2025\/01\/19\/palestine-gaza-jusque-la-liberation\/"},"wordCount":416,"publisher":{"@id":"https:\/\/ismfrance.org\/#organization"},"image":{"@id":"https:\/\/ismfrance.org\/index.php\/2025\/01\/19\/palestine-gaza-jusque-la-liberation\/#primaryimage"},"thumbnailUrl":"https:\/\/ismfrance.org\/wp-content\/uploads\/2025\/01\/GhrG0zdXkAAosZ3.jpeg","keywords":["cessez-le-feu","R\u00e9sistance"],"articleSection":["Articles","Communiqu\u00e9s"],"inLanguage":"fr-FR"},{"@type":"WebPage","@id":"https:\/\/ismfrance.org\/index.php\/2025\/01\/19\/palestine-gaza-jusque-la-liberation\/","url":"https:\/\/ismfrance.org\/index.php\/2025\/01\/19\/palestine-gaza-jusque-la-liberation\/","name":"PALESTINE - GAZA, JUSQUE LA LIB\u00c9RATION ! - International Solidarity Movement - ISM-France","isPartOf":{"@id":"https:\/\/ismfrance.org\/#website"},"primaryImageOfPage":{"@id":"https:\/\/ismfrance.org\/index.php\/2025\/01\/19\/palestine-gaza-jusque-la-liberation\/#primaryimage"},"image":{"@id":"https:\/\/ismfrance.org\/index.php\/2025\/01\/19\/palestine-gaza-jusque-la-liberation\/#primaryimage"},"thumbnailUrl":"https:\/\/ismfrance.org\/wp-content\/uploads\/2025\/01\/GhrG0zdXkAAosZ3.jpeg","datePublished":"2025-01-19T18:42:58+00:00","breadcrumb":{"@id":"https:\/\/ismfrance.org\/index.php\/2025\/01\/19\/palestine-gaza-jusque-la-liberation\/#breadcrumb"},"inLanguage":"fr-FR","potentialAction":[{"@type":"ReadAction","target":["https:\/\/ismfrance.org\/index.php\/2025\/01\/19\/palestine-gaza-jusque-la-liberation\/"]}]},{"@type":"ImageObject","inLanguage":"fr-FR","@id":"https:\/\/ismfrance.org\/index.php\/2025\/01\/19\/palestine-gaza-jusque-la-liberation\/#primaryimage","url":"https:\/\/ismfrance.org\/wp-content\/uploads\/2025\/01\/GhrG0zdXkAAosZ3.jpeg","contentUrl":"https:\/\/ismfrance.org\/wp-content\/uploads\/2025\/01\/GhrG0zdXkAAosZ3.jpeg","width":994,"height":1024},{"@type":"BreadcrumbList","@id":"https:\/\/ismfrance.org\/index.php\/2025\/01\/19\/palestine-gaza-jusque-la-liberation\/#breadcrumb","itemListElement":[{"@type":"ListItem","position":1,"name":"Accueil","item":"https:\/\/ismfrance.org\/"},{"@type":"ListItem","position":2,"name":"PALESTINE &#8211; GAZA, JUSQUE LA LIB\u00c9RATION !"}]},{"@type":"WebSite","@id":"https:\/\/ismfrance.org\/#website","url":"https:\/\/ismfrance.org\/","name":"ISM Palestine France","description":"Soutien aux luttes de lib\u00e9ration du peuple palestinien","publisher":{"@id":"https:\/\/ismfrance.org\/#organization"},"potentialAction":[{"@type":"SearchAction","target":{"@type":"EntryPoint","urlTemplate":"https:\/\/ismfrance.org\/?s={search_term_string}"},"query-input":{"@type":"PropertyValueSpecification","valueRequired":true,"valueName":"search_term_string"}}],"inLanguage":"fr-FR"},{"@type":"Organization","@id":"https:\/\/ismfrance.org\/#organization","name":"International Solidarity Movement","url":"https:\/\/ismfrance.org\/","logo":{"@type":"ImageObject","inLanguage":"fr-FR","@id":"https:\/\/ismfrance.org\/#\/schema\/logo\/image\/","url":"https:\/\/ismfrance.org\/wp-content\/uploads\/2020\/12\/00.png","contentUrl":"https:\/\/ismfrance.org\/wp-content\/uploads\/2020\/12\/00.png","width":400,"height":400,"caption":"International Solidarity Movement"},"image":{"@id":"https:\/\/ismfrance.org\/#\/schema\/logo\/image\/"},"sameAs":["https:\/\/x.com\/ISMFRANCE"]},{"@type":"Person","@id":"https:\/\/ismfrance.org\/#\/schema\/person\/3c411eb72adfaae19c0dca1f41fae01d","name":"mru_01","image":{"@type":"ImageObject","inLanguage":"fr-FR","@id":"https:\/\/secure.gravatar.com\/avatar\/3a0be343b445d2ccc79e87444a294fad2b232e90d2051d0e3cc219e1ecd6a330?s=96&d=mm&r=g","url":"https:\/\/secure.gravatar.com\/avatar\/3a0be343b445d2ccc79e87444a294fad2b232e90d2051d0e3cc219e1ecd6a330?s=96&d=mm&r=g","contentUrl":"https:\/\/secure.gravatar.com\/avatar\/3a0be343b445d2ccc79e87444a294fad2b232e90d2051d0e3cc219e1ecd6a330?s=96&d=mm&r=g","caption":"mru_01"},"url":"https:\/\/ismfrance.org\/index.php\/author\/admin02\/"}]}},"_links":{"self":[{"href":"https:\/\/ismfrance.org\/index.php\/wp-json\/wp\/v2\/posts\/17605","targetHints":{"allow":["GET"]}}],"collection":[{"href":"https:\/\/ismfrance.org\/index.php\/wp-json\/wp\/v2\/posts"}],"about":[{"href":"https:\/\/ismfrance.org\/index.php\/wp-json\/wp\/v2\/types\/post"}],"author":[{"embeddable":true,"href":"https:\/\/ismfrance.org\/index.php\/wp-json\/wp\/v2\/users\/3"}],"replies":[{"embeddable":true,"href":"https:\/\/ismfrance.org\/index.php\/wp-json\/wp\/v2\/comments?post=17605"}],"version-history":[{"count":0,"href":"https:\/\/ismfrance.org\/index.php\/wp-json\/wp\/v2\/posts\/17605\/revisions"}],"wp:featuredmedia":[{"embeddable":true,"href":"https:\/\/ismfrance.org\/index.php\/wp-json\/wp\/v2\/media\/17612"}],"wp:attachment":[{"href":"https:\/\/ismfrance.org\/index.php\/wp-json\/wp\/v2\/media?parent=17605"}],"wp:term":[{"taxonomy":"category","embeddable":true,"href":"https:\/\/ismfrance.org\/index.php\/wp-json\/wp\/v2\/categories?post=17605"},{"taxonomy":"post_tag","embeddable":true,"href":"https:\/\/ismfrance.org\/index.php\/wp-json\/wp\/v2\/tags?post=17605"}],"curies":[{"name":"wp","href":"https:\/\/api.w.org\/{rel}","templated":true}]}}