{"id":17590,"date":"2025-01-19T18:20:30","date_gmt":"2025-01-19T17:20:30","guid":{"rendered":"https:\/\/ismfrance.org\/?p=17590"},"modified":"2025-01-19T18:23:29","modified_gmt":"2025-01-19T17:23:29","slug":"dimanche-matin-un-jour-glorieux-dheroisme-de-sacrifice-et-de-resilience","status":"publish","type":"post","link":"https:\/\/ismfrance.org\/index.php\/2025\/01\/19\/dimanche-matin-un-jour-glorieux-dheroisme-de-sacrifice-et-de-resilience\/","title":{"rendered":"Dimanche matin : un jour glorieux d\u2019h\u00e9ro\u00efsme, de sacrifice et de r\u00e9silience"},"content":{"rendered":"<p><span style=\"color: #000000;\"><span style=\"font-family: Tahoma, sans-serif;\"><span style=\"font-size: medium;\"><strong><span style=\"color: #008000;\"><a style=\"color: #008000;\" href=\"https:\/\/www.middleeastmonitor.com\/6-author\/muhammad-jamil\/\">Muhammad Jamil<\/a>,<\/span> 19 janvier 2025.<\/strong> Alors que le cessez-le-feu entre en vigueur aujourd\u2019hui, dimanche, la population de Gaza va enfin reprendre son souffle et commencer \u00e0 panser ses blessures apr\u00e8s avoir endur\u00e9 plus de 15 mois du g\u00e9nocide le plus horrible de l\u2019\u00e8re moderne. Le monde va se rendre compte que les chiffres publi\u00e9s et les sc\u00e8nes diffus\u00e9es pendant le massacre ne refl\u00e8tent pas vraiment l\u2019ampleur de la catastrophe ; elle est bien plus grande et plus horrible que quiconque peut l\u2019imaginer.<\/span><\/span><\/span><\/p>\n<p><a href=\"https:\/\/ismfrance.org\/wp-content\/uploads\/2025\/01\/gaza-hommage.jpeg\"><img loading=\"lazy\" decoding=\"async\" class=\"alignnone size-large wp-image-17591\" src=\"https:\/\/ismfrance.org\/wp-content\/uploads\/2025\/01\/gaza-hommage-700x689.jpeg\" alt=\"\" width=\"600\" height=\"591\" srcset=\"https:\/\/ismfrance.org\/wp-content\/uploads\/2025\/01\/gaza-hommage-700x689.jpeg 700w, https:\/\/ismfrance.org\/wp-content\/uploads\/2025\/01\/gaza-hommage-300x295.jpeg 300w, https:\/\/ismfrance.org\/wp-content\/uploads\/2025\/01\/gaza-hommage-768x756.jpeg 768w, https:\/\/ismfrance.org\/wp-content\/uploads\/2025\/01\/gaza-hommage.jpeg 1152w\" sizes=\"auto, (max-width: 600px) 100vw, 600px\" \/><\/a><\/p>\n<p><span style=\"color: #000000;\"><span style=\"font-family: Tahoma, sans-serif;\"><span style=\"font-size: medium;\">La population de Gaza, qui a v\u00e9cu les horreurs de la guerre, a vu ses maisons d\u00e9truites au-dessus de ses t\u00eates, a perdu des \u00eatres chers, a \u00e9t\u00e9 d\u00e9plac\u00e9e, bless\u00e9e, d\u00e9racin\u00e9e et affam\u00e9e, s\u2019est d\u00e9vers\u00e9e dans les rues \u2013 jeunes et vieux \u2013 dansant de joie lorsque la nouvelle de l\u2019accord de cessez-le-feu a \u00e9t\u00e9 annonc\u00e9e. Cette c\u00e9l\u00e9bration de la vie t\u00e9moigne de leur moral, malgr\u00e9 les massacres et les destructions incessantes qu\u2019elle a endur\u00e9s.<\/span><\/span><\/span><\/p>\n<p><span style=\"color: #000000;\"><span style=\"font-family: Tahoma, sans-serif;\"><span style=\"font-size: medium;\">La population de Gaza a tout \u00e0 fait le droit de c\u00e9l\u00e9brer et de se r\u00e9jouir. Les horreurs auxquelles elle a \u00e9t\u00e9 confront\u00e9e sont un fardeau trop lourd pour des montagnes. Elle a r\u00e9sist\u00e9 aux tonnes de bombes qui l&rsquo;a cibl\u00e9s par terre, par mer et par air, dans le but d\u2019\u00e9radiquer tous les aspects de la vie au sens le plus vrai du terme. Les histoires et les images partag\u00e9es par les m\u00e9dias ne repr\u00e9sentent qu\u2019une fraction de ce que les Gazaouis eux-m\u00eames \u2013 et le monde \u2013 d\u00e9couvriront lorsque la poussi\u00e8re de la guerre retombera.<\/span><\/span><\/span><\/p>\n<p><span style=\"color: #000000;\"><span style=\"font-family: Tahoma, sans-serif;\"><span style=\"font-size: medium;\">L\u2019occupation a lanc\u00e9 une campagne de bombardements aveugles imm\u00e9diatement apr\u00e8s l\u2019annonce du cessez-le-feu, d\u00e9montrant la brutalit\u00e9 de ses actes et son m\u00e9pris total pour le caract\u00e8re sacr\u00e9 de la vie. Les frappes ont vis\u00e9 les abris h\u00e9bergeant les personnes d\u00e9plac\u00e9es et tous les lieux o\u00f9 la vie battait encore son plein, faisant des dizaines de martyrs et des centaines de bless\u00e9s. Cette fois, l\u2019objectif n\u2019\u00e9tait pas seulement de continuer \u00e0 tuer, mais aussi d\u2019\u00e9teindre la joie du peuple de Gaza.<\/span><\/span><\/span><\/p>\n<p><span style=\"color: #000000;\"><span style=\"font-family: Tahoma, sans-serif;\"><span style=\"font-size: medium;\">L\u2019ampleur r\u00e9elle de la catastrophe qui s\u2019est abattue sur les habitants, les arbres et les pierres de Gaza deviendra \u00e9vidente lorsque des dizaines de milliers de personnes d\u00e9plac\u00e9es retourneront dans leurs villes et leurs quartiers, entamant le douloureux voyage de recherche de leurs maisons d\u00e9truites et de leurs proches perdus sous les d\u00e9combres, de ceux qui ont \u00e9t\u00e9 s\u00e9par\u00e9s pendant leur fuite ou de ceux qui ont \u00e9t\u00e9 enlev\u00e9s par l\u2019occupation et dont le sort reste inconnu.<\/span><\/span><\/span><\/p>\n<p><span style=\"color: #000000;\"><span style=\"font-family: Tahoma, sans-serif;\"><span style=\"font-size: medium;\">Un nouveau chapitre de l\u2019histoire du g\u00e9nocide va se d\u00e9rouler, intitul\u00e9 \u00ab Les cons\u00e9quences catastrophiques du g\u00e9nocide \u00bb, qui ravivera de mani\u00e8re saisissante ses horribles d\u00e9tails comme s\u2019ils se produisaient \u00e0 nouveau. Le monde, qui a regard\u00e9 sans vergogne, apprendra des v\u00e9rit\u00e9s horribles sur une trag\u00e9die qu\u2019il n\u2019a pas su g\u00e9rer ni m\u00eame att\u00e9nuer. Beaucoup se demanderont : comment le peuple de Gaza a-t-il pu endurer et pers\u00e9v\u00e9rer dans ce pays inond\u00e9 de milliers de tonnes de bombes ?<\/span><\/span><\/span><\/p>\n<p><span style=\"color: #000000;\"><span style=\"font-family: Tahoma, sans-serif;\"><span style=\"font-size: medium;\">Le matin du cessez-le-feu marque une renaissance pour les habitants de Gaza, semblable \u00e0 la vie qui \u00e9merge contre toute attente. C\u2019est une journ\u00e9e magnifique qui t\u00e9moigne de la patience, de la r\u00e9silience et du d\u00e9fi. Ils ont affront\u00e9 la mort qui les entourait de toutes parts \u2013 sur terre, sur mer et dans les airs. Ils n\u2019ont pas capitul\u00e9 mais se sont accroch\u00e9s \u00e0 la vie, sans se laisser d\u00e9courager par la trahison de leurs alli\u00e9s et de ceux qui auraient d\u00fb les soutenir.<\/span><\/span><\/span><\/p>\n<p><span style=\"color: #000000;\"><span style=\"font-family: Tahoma, sans-serif;\"><span style=\"font-size: medium;\">La matin\u00e9e de dimanche restera dans l\u2019histoire comme un t\u00e9moignage d\u2019h\u00e9ro\u00efsme, de sacrifice et de r\u00e9silience face \u00e0 la machine de guerre la plus f\u00e9roce de l\u2019\u00e8re moderne. Soutenue par une meute de pr\u00e9dateurs rassemblant leurs forces pour an\u00e9antir 2,5 millions de personnes sous le couvert d\u2019une soi-disant \u00ab victoire \u00bb. Mais ils ont \u00e9chou\u00e9. Le sang vers\u00e9 a vaincu leurs \u00e9p\u00e9es, r\u00e9v\u00e9lant leur barbarie. Le peuple de Gaza est devenu un symbole de sacrifice, de d\u00e9vouement et de fid\u00e9lit\u00e9 \u00e0 sa terre ancestrale.<\/span><\/span><\/span><\/p>\n<p><span style=\"color: #000000;\"><span style=\"font-family: Tahoma, sans-serif;\"><span style=\"font-size: medium;\">Certains sont r\u00e9ticents \u00e0 l\u2019id\u00e9e de parler de la victoire de Gaza apr\u00e8s 15 mois de massacres, et ne mesurent le succ\u00e8s qu\u2019\u00e0 l\u2019\u00e9chelle des pertes humaines et mat\u00e9rielles. Oui, les pertes sont immenses et chaque goutte de sang vers\u00e9e est pr\u00e9cieuse. Si les habitants de Gaza avaient un moyen d\u2019emp\u00eacher l\u2019effusion de sang, ils l\u2019auraient pris, car ils consid\u00e8rent la vie comme sacr\u00e9e. Mais l\u2019occupation, qui glorifie la mort des autres et se compla\u00eet dans la ruine et la destruction, ne leur a laiss\u00e9 d\u2019autre choix que de supporter et de r\u00e9sister pour remporter la victoire.<\/span><\/span><\/span><\/p>\n<p><span style=\"color: #000000;\"><span style=\"font-family: Tahoma, sans-serif;\"><span style=\"font-size: medium;\">Netanyahou, son arm\u00e9e et toutes les forces qui les soutiennent \u2013 \u200b\u200bde l\u2019Occident colonial, dirig\u00e9 par les \u00c9tats-Unis, aux normalisateurs arabes \u2013 ont \u00e9t\u00e9 vaincus. Leurs r\u00eaves et leurs objectifs d\u00e9clar\u00e9s au d\u00e9but de l\u2019agression ont \u00e9t\u00e9 enterr\u00e9s dans les sables de Gaza. Ceux qui ont soutenu Netanyahou parmi les normalisateurs arabes ont \u00e9galement \u00e9t\u00e9 d\u00e9\u00e7us. Gaza reste la braise in\u00e9branlable de la r\u00e9volution, perturbant leur sommeil et inspirant aux peuples de la r\u00e9gion l\u2019essence de la vie dans la libert\u00e9 et la dignit\u00e9.<\/span><\/span><\/span><\/p>\n<p><span style=\"color: #000000;\"><span style=\"font-family: Tahoma, sans-serif;\"><span style=\"font-size: medium;\">Les sc\u00e8nes de bombes d\u00e9truisant des quartiers entiers, les flammes consumant les corps des victimes \u2013 enfants, femmes et hommes \u2013, les corps bris\u00e9s, les t\u00eates coup\u00e9es et les cris des femmes et des enfants sous les d\u00e9combres pendant 15 mois n\u2019ont pas suffi \u00e0 l\u2019administration sioniste de Biden et aux gouvernements occidentaux pour prendre fermement position contre le fascisme de Netanyahou et mettre fin au g\u00e9nocide. Au contraire, ils ont continu\u00e9 \u00e0 le soutenir, \u00e0 justifier ses crimes et \u00e0 jeter le doute sur ces atrocit\u00e9s.<\/span><\/span><\/span><\/p>\n<p><span style=\"color: #000000;\"><span style=\"font-family: Tahoma, sans-serif;\"><span style=\"font-size: medium;\">Ces sc\u00e8nes n\u2019ont pas non plus suffi \u00e0 contraindre ceux qui partagent la religion, la langue et l\u2019identit\u00e9 arabe avec le peuple de Gaza \u00e0 rompre ou \u00e0 geler les relations diplomatiques avec l\u2019entit\u00e9. Au lieu de cela, ils ont intensifi\u00e9 leurs relations et leurs efforts de normalisation. Des rapports cr\u00e9dibles ont parl\u00e9 d\u2019un corridor terrestre pour le transport de marchandises vers l\u2019entit\u00e9 pendant que les habitants de Gaza mouraient de faim. En priv\u00e9, ils ont soutenu le g\u00e9nocide et ont conseill\u00e9 \u00e0 Netanyahou d\u2019\u00eatre patient pour obtenir sa \u00ab victoire \u00bb.<\/span><\/span><\/span><\/p>\n<p><span style=\"color: #000000;\"><span style=\"font-family: Tahoma, sans-serif;\"><span style=\"font-size: medium;\">Les tueurs et leurs soutiens ont pr\u00e9vu de continuer jusqu\u2019\u00e0 ce que Gaza soit compl\u00e8tement \u00e9radiqu\u00e9e. Mais la r\u00e9silience de Gaza, conjugu\u00e9e \u00e0 l\u2019investiture imminente de Trump et \u00e0 ses menaces, a boulevers\u00e9 tous ces calculs. Cet homme d\u2019affaires, un samedi, les a tous pi\u00e9tin\u00e9s et a forc\u00e9 Netanyahou \u00e0 accepter un accord qui \u00e9tait sur la table depuis mai de l\u2019ann\u00e9e derni\u00e8re. Avec son esprit commercial agressif, Trump a r\u00e9ussi ce que Biden, un politicien chevronn\u00e9 et soumis aux menaces du lobby sioniste, n\u2019a pas pu faire.<\/span><\/span><\/span><\/p>\n<p><span style=\"color: #000000;\"><span style=\"font-family: Tahoma, sans-serif;\"><span style=\"font-size: medium;\">Les m\u00e9dias occidentaux, complices du r\u00e9cit sioniste, ont jou\u00e9 un r\u00f4le important dans la perp\u00e9tuation du g\u00e9nocide. D\u00e8s le d\u00e9but, ils ont fait \u00e9cho \u00e0 la version sioniste pour justifier les massacres, puis ont jet\u00e9 le doute sur l\u2019ampleur et la nature des crimes de l\u2019occupation. Ils ont lanc\u00e9 avec empressement des accusations d\u2019antis\u00e9mitisme pour diaboliser quiconque exprimait sa solidarit\u00e9 avec le peuple de Gaza, que ce soit dans la rue ou sur Internet.<\/span><\/span><\/span><\/p>\n<p><span style=\"color: #000000;\"><span style=\"font-family: Tahoma, sans-serif;\"><span style=\"font-size: medium;\">Il ne fait aucun doute que la propagande malveillante des m\u00e9dias occidentaux, rappelant les tactiques de Goebbels \u00e0 l\u2019\u00e9poque nazie, a enhardi l\u2019occupation et donn\u00e9 le feu vert \u00e0 ses crimes, en particulier la destruction et l\u2019incendie d\u2019h\u00f4pitaux, sous pr\u00e9texte qu\u2019ils servaient de bases militantes ou qu\u2019ils \u00e9taient d\u00e9tenus en otages. L\u2019occupation n\u2019aurait pas pu commettre la plupart de ces crimes si ces m\u00e9dias avaient adh\u00e9r\u00e9 aux principes d\u2019int\u00e9grit\u00e9 journalistique, qui ont compl\u00e8tement disparu pendant le g\u00e9nocide.<\/span><\/span><\/span><\/p>\n<p><span style=\"color: #000000;\"><span style=\"font-family: Tahoma, sans-serif;\"><span style=\"font-size: medium;\">Les personnes irrit\u00e9es par l\u2019accord de cessez-le-feu incluent Abbas et sa faction \u00e0 Ramallah, qui l\u2019ont rejet\u00e9 comme \u00ab ridicule et sans valeur \u00bb, car il ne leur a apport\u00e9 aucun avantage malgr\u00e9 les services substantiels qu\u2019ils ont rendus \u00e0 l\u2019occupation pendant le g\u00e9nocide. Il s\u2019agissait notamment de poursuivre les militants, de prot\u00e9ger les colons et m\u00eame d\u2019assi\u00e9ger le camp de r\u00e9fugi\u00e9s de J\u00e9nine comme le fait l\u2019occupation, tout en maintenant la neutralit\u00e9 de la Cisjordanie tout au long du g\u00e9nocide.<\/span><\/span><\/span><\/p>\n<p><span style=\"color: #000000;\"><span style=\"font-family: Tahoma, sans-serif;\"><span style=\"font-size: medium;\">Il est remarquable qu\u2019Abbas, qui a minimis\u00e9 l\u2019accord, ait d\u00e9clar\u00e9 que \u00ab l\u2019autorit\u00e9 est pr\u00eate \u00e0 imposer son contr\u00f4le sur Gaza \u00bb. Cette affirmation absurde est sans \u00e9quivalent, car personne \u00e0 Gaza ne permettrait \u00e0 ces gens de poser le pied sur un sol impr\u00e9gn\u00e9 du sang de dizaines de milliers de personnes qui ont sacrifi\u00e9 leur vie pour emp\u00eacher le contr\u00f4le de l\u2019occupation. Comment pourraient-ils laisser ses collaborateurs r\u00e9aliser ce pour quoi ils se sont battus ?<\/span><\/span><\/span><\/p>\n<p><span style=\"color: #000000;\"><span style=\"font-family: Tahoma, sans-serif;\"><span style=\"font-size: medium;\">Abbas devrait se pr\u00e9occuper de son sort et de celui de son autorit\u00e9 apr\u00e8s le cessez-le-feu. Il devrait laisser Gaza \u00e0 son peuple, qui sait mieux que quiconque ce qu\u2019il fait. Les nouveaux d\u00e9cideurs am\u00e9ricains et le gouvernement de Netanyahou sont d\u00e9termin\u00e9s \u00e0 se d\u00e9barrasser de cette autorit\u00e9 maintenant qu\u2019elle a rempli sa fonction, permettant \u00e0 l\u2019occupation de d\u00e9vorer la Cisjordanie par le biais des colonies. Tel est le sort des tra\u00eetres : abandonn\u00e9s par leur peuple et rejet\u00e9s par leurs ma\u00eetres, leur destin fait \u00e9cho \u00e0 celui d\u2019innombrables autres \u00e0 travers l\u2019histoire.<\/span><\/span><\/span><\/p>\n<p><span style=\"color: #000000;\"><span style=\"font-family: Tahoma, sans-serif;\"><span style=\"font-size: medium;\">Nous sommes convaincus que les habitants de Gaza, avec les quelques soutiens sinc\u00e8res qui les entourent, pourront reconstruire leur vie. Gaza vibrera \u00e0 nouveau de vie. Le chemin sera long et ardu, mais avec la volont\u00e9 in\u00e9branlable dont nous avons fait preuve tout au long des mois de g\u00e9nocide, tous les obstacles pourront \u00eatre surmont\u00e9s. Il est de notre devoir de leur apporter tout le soutien dont nous sommes capables, de continuer \u00e0 les aider sur tous les fronts et de poursuivre sans rel\u00e2che les auteurs et complices de ce g\u00e9nocide.<\/span><\/span><\/span><\/p>\n<pre><strong><em><span style=\"color: #000000;\"><span style=\"font-family: Tahoma, sans-serif;\"><span style=\"font-size: medium;\"><span style=\"font-size: small;\">Article original en anglais sur <a href=\"https:\/\/www.middleeastmonitor.com\/20250119-sunday-morning-a-glorious-day-of-heroism-sacrifice-and-resilience\/\">Middle East Monitor<\/a> \/ Traduction MR<\/span><\/span><\/span><\/span><\/em><\/strong><\/pre>\n","protected":false},"excerpt":{"rendered":"<p>Muhammad Jamil, 19 janvier 2025. Alors que le cessez-le-feu entre en vigueur aujourd\u2019hui, dimanche, la population de Gaza va enfin reprendre son souffle et commencer \u00e0 panser ses blessures apr\u00e8s <a class=\"more-link\" href=\"https:\/\/ismfrance.org\/index.php\/2025\/01\/19\/dimanche-matin-un-jour-glorieux-dheroisme-de-sacrifice-et-de-resilience\/\">Lire la suite &rarr;<\/a><\/p>\n","protected":false},"author":3,"featured_media":17591,"comment_status":"closed","ping_status":"closed","sticky":false,"template":"","format":"standard","meta":{"footnotes":""},"categories":[12,2],"tags":[437,3],"class_list":["post-17590","post","type-post","status-publish","format-standard","has-post-thumbnail","hentry","category-analyses","category-articles","tag-cessez-le-feu","tag-resistance"],"yoast_head":"<!-- This site is optimized with the Yoast SEO plugin v27.2 - https:\/\/yoast.com\/product\/yoast-seo-wordpress\/ -->\n<title>Dimanche matin : un jour glorieux d\u2019h\u00e9ro\u00efsme, de sacrifice et de r\u00e9silience - International Solidarity Movement - ISM-France<\/title>\n<meta name=\"robots\" content=\"index, follow, max-snippet:-1, max-image-preview:large, max-video-preview:-1\" \/>\n<link rel=\"canonical\" href=\"https:\/\/ismfrance.org\/index.php\/2025\/01\/19\/dimanche-matin-un-jour-glorieux-dheroisme-de-sacrifice-et-de-resilience\/\" \/>\n<meta property=\"og:locale\" content=\"fr_FR\" \/>\n<meta property=\"og:type\" content=\"article\" \/>\n<meta property=\"og:title\" content=\"Dimanche matin : un jour glorieux d\u2019h\u00e9ro\u00efsme, de sacrifice et de r\u00e9silience - International Solidarity Movement - ISM-France\" \/>\n<meta property=\"og:description\" content=\"Muhammad Jamil, 19 janvier 2025. Alors que le cessez-le-feu entre en vigueur aujourd\u2019hui, dimanche, la population de Gaza va enfin reprendre son souffle et commencer \u00e0 panser ses blessures apr\u00e8s Lire la suite &rarr;\" \/>\n<meta property=\"og:url\" content=\"https:\/\/ismfrance.org\/index.php\/2025\/01\/19\/dimanche-matin-un-jour-glorieux-dheroisme-de-sacrifice-et-de-resilience\/\" \/>\n<meta property=\"og:site_name\" content=\"International Solidarity Movement - ISM-France\" \/>\n<meta property=\"article:published_time\" content=\"2025-01-19T17:20:30+00:00\" \/>\n<meta property=\"article:modified_time\" content=\"2025-01-19T17:23:29+00:00\" \/>\n<meta property=\"og:image\" content=\"https:\/\/ismfrance.org\/wp-content\/uploads\/2025\/01\/gaza-hommage.jpeg\" \/>\n\t<meta property=\"og:image:width\" content=\"1152\" \/>\n\t<meta property=\"og:image:height\" content=\"1134\" \/>\n\t<meta property=\"og:image:type\" content=\"image\/jpeg\" \/>\n<meta name=\"author\" content=\"mru_01\" \/>\n<meta name=\"twitter:card\" content=\"summary_large_image\" \/>\n<meta name=\"twitter:creator\" content=\"@ISMFRANCE\" \/>\n<meta name=\"twitter:site\" content=\"@ISMFRANCE\" \/>\n<meta name=\"twitter:label1\" content=\"\u00c9crit par\" \/>\n\t<meta name=\"twitter:data1\" content=\"mru_01\" \/>\n\t<meta name=\"twitter:label2\" content=\"Dur\u00e9e de lecture estim\u00e9e\" \/>\n\t<meta name=\"twitter:data2\" content=\"9 minutes\" \/>\n<script type=\"application\/ld+json\" class=\"yoast-schema-graph\">{\"@context\":\"https:\/\/schema.org\",\"@graph\":[{\"@type\":\"Article\",\"@id\":\"https:\/\/ismfrance.org\/index.php\/2025\/01\/19\/dimanche-matin-un-jour-glorieux-dheroisme-de-sacrifice-et-de-resilience\/#article\",\"isPartOf\":{\"@id\":\"https:\/\/ismfrance.org\/index.php\/2025\/01\/19\/dimanche-matin-un-jour-glorieux-dheroisme-de-sacrifice-et-de-resilience\/\"},\"author\":{\"name\":\"mru_01\",\"@id\":\"https:\/\/ismfrance.org\/#\/schema\/person\/3c411eb72adfaae19c0dca1f41fae01d\"},\"headline\":\"Dimanche matin : un jour glorieux d\u2019h\u00e9ro\u00efsme, de sacrifice et de r\u00e9silience\",\"datePublished\":\"2025-01-19T17:20:30+00:00\",\"dateModified\":\"2025-01-19T17:23:29+00:00\",\"mainEntityOfPage\":{\"@id\":\"https:\/\/ismfrance.org\/index.php\/2025\/01\/19\/dimanche-matin-un-jour-glorieux-dheroisme-de-sacrifice-et-de-resilience\/\"},\"wordCount\":1808,\"publisher\":{\"@id\":\"https:\/\/ismfrance.org\/#organization\"},\"image\":{\"@id\":\"https:\/\/ismfrance.org\/index.php\/2025\/01\/19\/dimanche-matin-un-jour-glorieux-dheroisme-de-sacrifice-et-de-resilience\/#primaryimage\"},\"thumbnailUrl\":\"https:\/\/ismfrance.org\/wp-content\/uploads\/2025\/01\/gaza-hommage.jpeg\",\"keywords\":[\"cessez-le-feu\",\"R\u00e9sistance\"],\"articleSection\":[\"Analyses\",\"Articles\"],\"inLanguage\":\"fr-FR\"},{\"@type\":\"WebPage\",\"@id\":\"https:\/\/ismfrance.org\/index.php\/2025\/01\/19\/dimanche-matin-un-jour-glorieux-dheroisme-de-sacrifice-et-de-resilience\/\",\"url\":\"https:\/\/ismfrance.org\/index.php\/2025\/01\/19\/dimanche-matin-un-jour-glorieux-dheroisme-de-sacrifice-et-de-resilience\/\",\"name\":\"Dimanche matin : un jour glorieux d\u2019h\u00e9ro\u00efsme, de sacrifice et de r\u00e9silience - International Solidarity Movement - ISM-France\",\"isPartOf\":{\"@id\":\"https:\/\/ismfrance.org\/#website\"},\"primaryImageOfPage\":{\"@id\":\"https:\/\/ismfrance.org\/index.php\/2025\/01\/19\/dimanche-matin-un-jour-glorieux-dheroisme-de-sacrifice-et-de-resilience\/#primaryimage\"},\"image\":{\"@id\":\"https:\/\/ismfrance.org\/index.php\/2025\/01\/19\/dimanche-matin-un-jour-glorieux-dheroisme-de-sacrifice-et-de-resilience\/#primaryimage\"},\"thumbnailUrl\":\"https:\/\/ismfrance.org\/wp-content\/uploads\/2025\/01\/gaza-hommage.jpeg\",\"datePublished\":\"2025-01-19T17:20:30+00:00\",\"dateModified\":\"2025-01-19T17:23:29+00:00\",\"breadcrumb\":{\"@id\":\"https:\/\/ismfrance.org\/index.php\/2025\/01\/19\/dimanche-matin-un-jour-glorieux-dheroisme-de-sacrifice-et-de-resilience\/#breadcrumb\"},\"inLanguage\":\"fr-FR\",\"potentialAction\":[{\"@type\":\"ReadAction\",\"target\":[\"https:\/\/ismfrance.org\/index.php\/2025\/01\/19\/dimanche-matin-un-jour-glorieux-dheroisme-de-sacrifice-et-de-resilience\/\"]}]},{\"@type\":\"ImageObject\",\"inLanguage\":\"fr-FR\",\"@id\":\"https:\/\/ismfrance.org\/index.php\/2025\/01\/19\/dimanche-matin-un-jour-glorieux-dheroisme-de-sacrifice-et-de-resilience\/#primaryimage\",\"url\":\"https:\/\/ismfrance.org\/wp-content\/uploads\/2025\/01\/gaza-hommage.jpeg\",\"contentUrl\":\"https:\/\/ismfrance.org\/wp-content\/uploads\/2025\/01\/gaza-hommage.jpeg\",\"width\":1152,\"height\":1134},{\"@type\":\"BreadcrumbList\",\"@id\":\"https:\/\/ismfrance.org\/index.php\/2025\/01\/19\/dimanche-matin-un-jour-glorieux-dheroisme-de-sacrifice-et-de-resilience\/#breadcrumb\",\"itemListElement\":[{\"@type\":\"ListItem\",\"position\":1,\"name\":\"Accueil\",\"item\":\"https:\/\/ismfrance.org\/\"},{\"@type\":\"ListItem\",\"position\":2,\"name\":\"Dimanche matin : un jour glorieux d\u2019h\u00e9ro\u00efsme, de sacrifice et de r\u00e9silience\"}]},{\"@type\":\"WebSite\",\"@id\":\"https:\/\/ismfrance.org\/#website\",\"url\":\"https:\/\/ismfrance.org\/\",\"name\":\"ISM Palestine France\",\"description\":\"Soutien aux luttes de lib\u00e9ration du peuple palestinien\",\"publisher\":{\"@id\":\"https:\/\/ismfrance.org\/#organization\"},\"potentialAction\":[{\"@type\":\"SearchAction\",\"target\":{\"@type\":\"EntryPoint\",\"urlTemplate\":\"https:\/\/ismfrance.org\/?s={search_term_string}\"},\"query-input\":{\"@type\":\"PropertyValueSpecification\",\"valueRequired\":true,\"valueName\":\"search_term_string\"}}],\"inLanguage\":\"fr-FR\"},{\"@type\":\"Organization\",\"@id\":\"https:\/\/ismfrance.org\/#organization\",\"name\":\"International Solidarity Movement\",\"url\":\"https:\/\/ismfrance.org\/\",\"logo\":{\"@type\":\"ImageObject\",\"inLanguage\":\"fr-FR\",\"@id\":\"https:\/\/ismfrance.org\/#\/schema\/logo\/image\/\",\"url\":\"https:\/\/ismfrance.org\/wp-content\/uploads\/2020\/12\/00.png\",\"contentUrl\":\"https:\/\/ismfrance.org\/wp-content\/uploads\/2020\/12\/00.png\",\"width\":400,\"height\":400,\"caption\":\"International Solidarity Movement\"},\"image\":{\"@id\":\"https:\/\/ismfrance.org\/#\/schema\/logo\/image\/\"},\"sameAs\":[\"https:\/\/x.com\/ISMFRANCE\"]},{\"@type\":\"Person\",\"@id\":\"https:\/\/ismfrance.org\/#\/schema\/person\/3c411eb72adfaae19c0dca1f41fae01d\",\"name\":\"mru_01\",\"image\":{\"@type\":\"ImageObject\",\"inLanguage\":\"fr-FR\",\"@id\":\"https:\/\/secure.gravatar.com\/avatar\/3a0be343b445d2ccc79e87444a294fad2b232e90d2051d0e3cc219e1ecd6a330?s=96&d=mm&r=g\",\"url\":\"https:\/\/secure.gravatar.com\/avatar\/3a0be343b445d2ccc79e87444a294fad2b232e90d2051d0e3cc219e1ecd6a330?s=96&d=mm&r=g\",\"contentUrl\":\"https:\/\/secure.gravatar.com\/avatar\/3a0be343b445d2ccc79e87444a294fad2b232e90d2051d0e3cc219e1ecd6a330?s=96&d=mm&r=g\",\"caption\":\"mru_01\"},\"url\":\"https:\/\/ismfrance.org\/index.php\/author\/admin02\/\"}]}<\/script>\n<!-- \/ Yoast SEO plugin. -->","yoast_head_json":{"title":"Dimanche matin : un jour glorieux d\u2019h\u00e9ro\u00efsme, de sacrifice et de r\u00e9silience - International Solidarity Movement - ISM-France","robots":{"index":"index","follow":"follow","max-snippet":"max-snippet:-1","max-image-preview":"max-image-preview:large","max-video-preview":"max-video-preview:-1"},"canonical":"https:\/\/ismfrance.org\/index.php\/2025\/01\/19\/dimanche-matin-un-jour-glorieux-dheroisme-de-sacrifice-et-de-resilience\/","og_locale":"fr_FR","og_type":"article","og_title":"Dimanche matin : un jour glorieux d\u2019h\u00e9ro\u00efsme, de sacrifice et de r\u00e9silience - International Solidarity Movement - ISM-France","og_description":"Muhammad Jamil, 19 janvier 2025. Alors que le cessez-le-feu entre en vigueur aujourd\u2019hui, dimanche, la population de Gaza va enfin reprendre son souffle et commencer \u00e0 panser ses blessures apr\u00e8s Lire la suite &rarr;","og_url":"https:\/\/ismfrance.org\/index.php\/2025\/01\/19\/dimanche-matin-un-jour-glorieux-dheroisme-de-sacrifice-et-de-resilience\/","og_site_name":"International Solidarity Movement - ISM-France","article_published_time":"2025-01-19T17:20:30+00:00","article_modified_time":"2025-01-19T17:23:29+00:00","og_image":[{"width":1152,"height":1134,"url":"https:\/\/ismfrance.org\/wp-content\/uploads\/2025\/01\/gaza-hommage.jpeg","type":"image\/jpeg"}],"author":"mru_01","twitter_card":"summary_large_image","twitter_creator":"@ISMFRANCE","twitter_site":"@ISMFRANCE","twitter_misc":{"\u00c9crit par":"mru_01","Dur\u00e9e de lecture estim\u00e9e":"9 minutes"},"schema":{"@context":"https:\/\/schema.org","@graph":[{"@type":"Article","@id":"https:\/\/ismfrance.org\/index.php\/2025\/01\/19\/dimanche-matin-un-jour-glorieux-dheroisme-de-sacrifice-et-de-resilience\/#article","isPartOf":{"@id":"https:\/\/ismfrance.org\/index.php\/2025\/01\/19\/dimanche-matin-un-jour-glorieux-dheroisme-de-sacrifice-et-de-resilience\/"},"author":{"name":"mru_01","@id":"https:\/\/ismfrance.org\/#\/schema\/person\/3c411eb72adfaae19c0dca1f41fae01d"},"headline":"Dimanche matin : un jour glorieux d\u2019h\u00e9ro\u00efsme, de sacrifice et de r\u00e9silience","datePublished":"2025-01-19T17:20:30+00:00","dateModified":"2025-01-19T17:23:29+00:00","mainEntityOfPage":{"@id":"https:\/\/ismfrance.org\/index.php\/2025\/01\/19\/dimanche-matin-un-jour-glorieux-dheroisme-de-sacrifice-et-de-resilience\/"},"wordCount":1808,"publisher":{"@id":"https:\/\/ismfrance.org\/#organization"},"image":{"@id":"https:\/\/ismfrance.org\/index.php\/2025\/01\/19\/dimanche-matin-un-jour-glorieux-dheroisme-de-sacrifice-et-de-resilience\/#primaryimage"},"thumbnailUrl":"https:\/\/ismfrance.org\/wp-content\/uploads\/2025\/01\/gaza-hommage.jpeg","keywords":["cessez-le-feu","R\u00e9sistance"],"articleSection":["Analyses","Articles"],"inLanguage":"fr-FR"},{"@type":"WebPage","@id":"https:\/\/ismfrance.org\/index.php\/2025\/01\/19\/dimanche-matin-un-jour-glorieux-dheroisme-de-sacrifice-et-de-resilience\/","url":"https:\/\/ismfrance.org\/index.php\/2025\/01\/19\/dimanche-matin-un-jour-glorieux-dheroisme-de-sacrifice-et-de-resilience\/","name":"Dimanche matin : un jour glorieux d\u2019h\u00e9ro\u00efsme, de sacrifice et de r\u00e9silience - International Solidarity Movement - ISM-France","isPartOf":{"@id":"https:\/\/ismfrance.org\/#website"},"primaryImageOfPage":{"@id":"https:\/\/ismfrance.org\/index.php\/2025\/01\/19\/dimanche-matin-un-jour-glorieux-dheroisme-de-sacrifice-et-de-resilience\/#primaryimage"},"image":{"@id":"https:\/\/ismfrance.org\/index.php\/2025\/01\/19\/dimanche-matin-un-jour-glorieux-dheroisme-de-sacrifice-et-de-resilience\/#primaryimage"},"thumbnailUrl":"https:\/\/ismfrance.org\/wp-content\/uploads\/2025\/01\/gaza-hommage.jpeg","datePublished":"2025-01-19T17:20:30+00:00","dateModified":"2025-01-19T17:23:29+00:00","breadcrumb":{"@id":"https:\/\/ismfrance.org\/index.php\/2025\/01\/19\/dimanche-matin-un-jour-glorieux-dheroisme-de-sacrifice-et-de-resilience\/#breadcrumb"},"inLanguage":"fr-FR","potentialAction":[{"@type":"ReadAction","target":["https:\/\/ismfrance.org\/index.php\/2025\/01\/19\/dimanche-matin-un-jour-glorieux-dheroisme-de-sacrifice-et-de-resilience\/"]}]},{"@type":"ImageObject","inLanguage":"fr-FR","@id":"https:\/\/ismfrance.org\/index.php\/2025\/01\/19\/dimanche-matin-un-jour-glorieux-dheroisme-de-sacrifice-et-de-resilience\/#primaryimage","url":"https:\/\/ismfrance.org\/wp-content\/uploads\/2025\/01\/gaza-hommage.jpeg","contentUrl":"https:\/\/ismfrance.org\/wp-content\/uploads\/2025\/01\/gaza-hommage.jpeg","width":1152,"height":1134},{"@type":"BreadcrumbList","@id":"https:\/\/ismfrance.org\/index.php\/2025\/01\/19\/dimanche-matin-un-jour-glorieux-dheroisme-de-sacrifice-et-de-resilience\/#breadcrumb","itemListElement":[{"@type":"ListItem","position":1,"name":"Accueil","item":"https:\/\/ismfrance.org\/"},{"@type":"ListItem","position":2,"name":"Dimanche matin : un jour glorieux d\u2019h\u00e9ro\u00efsme, de sacrifice et de r\u00e9silience"}]},{"@type":"WebSite","@id":"https:\/\/ismfrance.org\/#website","url":"https:\/\/ismfrance.org\/","name":"ISM Palestine France","description":"Soutien aux luttes de lib\u00e9ration du peuple palestinien","publisher":{"@id":"https:\/\/ismfrance.org\/#organization"},"potentialAction":[{"@type":"SearchAction","target":{"@type":"EntryPoint","urlTemplate":"https:\/\/ismfrance.org\/?s={search_term_string}"},"query-input":{"@type":"PropertyValueSpecification","valueRequired":true,"valueName":"search_term_string"}}],"inLanguage":"fr-FR"},{"@type":"Organization","@id":"https:\/\/ismfrance.org\/#organization","name":"International Solidarity Movement","url":"https:\/\/ismfrance.org\/","logo":{"@type":"ImageObject","inLanguage":"fr-FR","@id":"https:\/\/ismfrance.org\/#\/schema\/logo\/image\/","url":"https:\/\/ismfrance.org\/wp-content\/uploads\/2020\/12\/00.png","contentUrl":"https:\/\/ismfrance.org\/wp-content\/uploads\/2020\/12\/00.png","width":400,"height":400,"caption":"International Solidarity Movement"},"image":{"@id":"https:\/\/ismfrance.org\/#\/schema\/logo\/image\/"},"sameAs":["https:\/\/x.com\/ISMFRANCE"]},{"@type":"Person","@id":"https:\/\/ismfrance.org\/#\/schema\/person\/3c411eb72adfaae19c0dca1f41fae01d","name":"mru_01","image":{"@type":"ImageObject","inLanguage":"fr-FR","@id":"https:\/\/secure.gravatar.com\/avatar\/3a0be343b445d2ccc79e87444a294fad2b232e90d2051d0e3cc219e1ecd6a330?s=96&d=mm&r=g","url":"https:\/\/secure.gravatar.com\/avatar\/3a0be343b445d2ccc79e87444a294fad2b232e90d2051d0e3cc219e1ecd6a330?s=96&d=mm&r=g","contentUrl":"https:\/\/secure.gravatar.com\/avatar\/3a0be343b445d2ccc79e87444a294fad2b232e90d2051d0e3cc219e1ecd6a330?s=96&d=mm&r=g","caption":"mru_01"},"url":"https:\/\/ismfrance.org\/index.php\/author\/admin02\/"}]}},"_links":{"self":[{"href":"https:\/\/ismfrance.org\/index.php\/wp-json\/wp\/v2\/posts\/17590","targetHints":{"allow":["GET"]}}],"collection":[{"href":"https:\/\/ismfrance.org\/index.php\/wp-json\/wp\/v2\/posts"}],"about":[{"href":"https:\/\/ismfrance.org\/index.php\/wp-json\/wp\/v2\/types\/post"}],"author":[{"embeddable":true,"href":"https:\/\/ismfrance.org\/index.php\/wp-json\/wp\/v2\/users\/3"}],"replies":[{"embeddable":true,"href":"https:\/\/ismfrance.org\/index.php\/wp-json\/wp\/v2\/comments?post=17590"}],"version-history":[{"count":0,"href":"https:\/\/ismfrance.org\/index.php\/wp-json\/wp\/v2\/posts\/17590\/revisions"}],"wp:featuredmedia":[{"embeddable":true,"href":"https:\/\/ismfrance.org\/index.php\/wp-json\/wp\/v2\/media\/17591"}],"wp:attachment":[{"href":"https:\/\/ismfrance.org\/index.php\/wp-json\/wp\/v2\/media?parent=17590"}],"wp:term":[{"taxonomy":"category","embeddable":true,"href":"https:\/\/ismfrance.org\/index.php\/wp-json\/wp\/v2\/categories?post=17590"},{"taxonomy":"post_tag","embeddable":true,"href":"https:\/\/ismfrance.org\/index.php\/wp-json\/wp\/v2\/tags?post=17590"}],"curies":[{"name":"wp","href":"https:\/\/api.w.org\/{rel}","templated":true}]}}