{"id":17587,"date":"2025-01-19T17:11:16","date_gmt":"2025-01-19T16:11:16","guid":{"rendered":"https:\/\/ismfrance.org\/?p=17587"},"modified":"2025-01-19T17:11:16","modified_gmt":"2025-01-19T16:11:16","slug":"cisjordanie-occupee-record-de-terres-volees-par-israel-plus-dhectares-annexes-depuis-le-7-octobre-quen-30-ans","status":"publish","type":"post","link":"https:\/\/ismfrance.org\/index.php\/2025\/01\/19\/cisjordanie-occupee-record-de-terres-volees-par-israel-plus-dhectares-annexes-depuis-le-7-octobre-quen-30-ans\/","title":{"rendered":"Cisjordanie occup\u00e9e : record de terres vol\u00e9es par Isra\u00ebl. Plus d\u2019hectares annex\u00e9s depuis le 7 octobre qu\u2019en 30 ans"},"content":{"rendered":"<p><span style=\"color: #000000;\"><span style=\"font-family: Tahoma, sans-serif;\"><span style=\"font-size: medium;\"><strong>ISM, Beit Lid, nord de la Cisjordanie occup\u00e9e, 16 janvier 2025.<\/strong> \u2013 Depuis le 7 octobre, alors que tous les regards sont tourn\u00e9s vers Gaza o\u00f9 ils d\u00e9truisent tout, les Isra\u00e9liens ont saisi le plus grand nombre de dunams jamais vu ici en Cisjordanie. \u00ab En un an, ils ont d\u00e9clar\u00e9 \u00ab\u00a0terres isra\u00e9liennes\u00a0\u00bb plus d\u2019hectares qu\u2019ils n\u2019en avaient jamais d\u00e9clar\u00e9 au cours des 30 derni\u00e8res ann\u00e9es \u00bb, dit R., en regardant le nouvel avant-poste qui s\u2019\u00e9l\u00e8ve devant nous \u00e0 Beit Lid. \u00ab Si les \u00c9tats occidentaux continuent de financer et de l\u00e9gitimer Isra\u00ebl, peut-\u00eatre qu\u2019ils essaieront vraiment d\u2019annexer toute la Cisjordanie. \u00bb Il secoue la t\u00eate. \u00ab En plus des terres qu\u2019ils volent, il faut compter toutes les routes qu\u2019ils bloquent, et les terres auxquelles nous n&rsquo;avons plus acc\u00e8s parce qu\u2019elles sont proches des nouvelles colonies isra\u00e9liennes. \u00bb Une demande, un cri silencieux qui r\u00e9sonne de plus en plus clairement du nord au sud de la Cisjordanie, o\u00f9 Isra\u00ebl m\u00e8ne une v\u00e9ritable guerre d\u2019annexion, faite de saisies de terres record, de destructions de maisons palestiniennes et d\u2019un flot de fonds pour les colonies ill\u00e9gales qui surgissent d\u00e9j\u00e0 sur les terres palestiniennes.<\/span><\/span><\/span><\/p>\n<p><a href=\"https:\/\/ismfrance.org\/wp-content\/uploads\/2025\/01\/colons-collines.jpeg\"><img loading=\"lazy\" decoding=\"async\" class=\"alignnone size-large wp-image-17588\" src=\"https:\/\/ismfrance.org\/wp-content\/uploads\/2025\/01\/colons-collines-700x438.jpeg\" alt=\"\" width=\"600\" height=\"375\" srcset=\"https:\/\/ismfrance.org\/wp-content\/uploads\/2025\/01\/colons-collines-700x438.jpeg 700w, https:\/\/ismfrance.org\/wp-content\/uploads\/2025\/01\/colons-collines-300x188.jpeg 300w, https:\/\/ismfrance.org\/wp-content\/uploads\/2025\/01\/colons-collines-768x480.jpeg 768w, https:\/\/ismfrance.org\/wp-content\/uploads\/2025\/01\/colons-collines-750x470.jpeg 750w, https:\/\/ismfrance.org\/wp-content\/uploads\/2025\/01\/colons-collines-640x401.jpeg 640w, https:\/\/ismfrance.org\/wp-content\/uploads\/2025\/01\/colons-collines.jpeg 1024w\" sizes=\"auto, (max-width: 600px) 100vw, 600px\" \/><\/a><\/p>\n<p><span style=\"color: #000000;\"><span style=\"font-family: Tahoma, sans-serif;\"><span style=\"font-size: medium;\">La famille \u00e9largie de R. nous accueille au milieu des oliviers du petit village de 5.600 habitants situ\u00e9 entre Tulkarem et Naplouse, au nord de la Cisjordanie. On nous sert d\u2019abord du th\u00e9, puis du caf\u00e9, dans la tradition de l\u2019accueil typique des Palestiniens. Six agriculteurs sont r\u00e9unis pour nous accueillir. \u00ab C\u2019est l\u00e0, vous voyez ? C\u2019est le nouvel avant-poste d\u2019Abu Jamrah, qui va agrandir la colonie d\u2019Einav. Ils nous ont vol\u00e9 30 dunams (3 ha) de terre pour le construire. \u00bb <\/span><\/span><\/span><\/p>\n<p><span style=\"color: #000000;\"><span style=\"font-family: Tahoma, sans-serif;\"><span style=\"font-size: medium;\">Devant nous, sur la colline en face, des caravanes et des pr\u00e9fabriqu\u00e9s, une antenne de t\u00e9l\u00e9communications, des voitures et des v\u00e9hicules. \u00ab Depuis le 7 octobre, l\u2019Autorit\u00e9 isra\u00e9lienne a commenc\u00e9 \u00e0 \u00e9tendre ses colonies dans les territoires palestiniens. Ce n\u2019est qu\u2019un exemple. \u00ab Ces derniers mois, dans la seule province de Tulkarem, ils ont construit quatre autres avant-postes : Qaffin, Shweikeh, Avni Hevets (shouffeh) et Jbara. Ils volent de plus en plus de terres, dans le silence de tous \u00bb, explique R. \u00c0 des centaines de m\u00e8tres \u00e0 vol d\u2019oiseau de l\u2019avant-poste, au milieu de la v\u00e9g\u00e9tation, flotte un grand drapeau isra\u00e9lien. \u00ab Ils veulent aller jusque-l\u00e0. Comme toujours, ils n\u2019y ont aucun droit. Cette terre appartenait \u00e0 la famille de mon grand-p\u00e8re. \u00bb <\/span><\/span><\/span><\/p>\n<p><span style=\"color: #000000;\"><span style=\"font-family: Tahoma, sans-serif;\"><span style=\"font-size: medium;\">Dans la zone autour de Tulkarem, les Isra\u00e9liens ne d\u00e9livrent m\u00eame pas d\u2019accords pour acc\u00e9der \u00e0 quelques jours de terre : c\u2019est une punition collective pour toute la population du village, consid\u00e9r\u00e9 comme le \u00ab berceau \u00bb de la r\u00e9sistance, disent-ils. \u00ab Cette ann\u00e9e, ils nous ont emp\u00each\u00e9s de r\u00e9colter environ 2.000 oliviers \u00bb, r\u00e9p\u00e8te R., au nom de tous. Un coup dur pour les \u00e9conomies familiales d\u00e9j\u00e0 difficiles en cette p\u00e9riode de guerre. \u00ab Les colons ont m\u00eame essay\u00e9 de voler nos \u00e2nes, mais ils n\u2019ont pas r\u00e9ussi. \u00bb <\/span><\/span><\/span><\/p>\n<p><span style=\"color: #000000;\"><span style=\"font-family: Tahoma, sans-serif;\"><span style=\"font-size: medium;\">L\u2019histoire de la famille de R. est l\u2019histoire de plus en plus de Palestiniens qui, depuis le 7 octobre, subissent encore plus de harc\u00e8lement, de violence et de vol de terres que depuis le d\u00e9but de l\u2019occupation de 1967.<\/span><\/span><\/span><\/p>\n<p><span style=\"color: #000000;\"><span style=\"font-family: Tahoma, sans-serif;\"><span style=\"font-size: medium;\">Selon la Commission de r\u00e9sistance au mur et \u00e0 la colonisation, Isra\u00ebl a <a href=\"https:\/\/www.cwrc.ps\/page-2245-en.html\">confisqu\u00e9<\/a> 52.000 dunams (5.200ha) en un an. C\u2019est un chiffre \u00e9norme, aggrav\u00e9 par les nouvelles annexions d\u00e9clar\u00e9es ces derni\u00e8res semaines. En fait, en une seule journ\u00e9e, le ministre des Finances Bazalel Smotrich a annonc\u00e9 la confiscation de 24.000 dunams (2.400ha) les d\u00e9clarant \u00ab terres d\u2019\u00c9tat \u00bb. Il s\u2019agit de la plus grande confiscation jamais effectu\u00e9e, couvrant plus de la moiti\u00e9 des hectares qu\u2019Isra\u00ebl a pris depuis les accords d\u2019Oslo en 1993. \u00c0 cela s\u2019ajoutent les 25.000 dunams (2.500ha) qui ont \u00e9t\u00e9 confisqu\u00e9s sous pr\u00e9texte de modifier les limites des r\u00e9serves naturelles, ainsi que les 1.233 dunams (123ha) confisqu\u00e9s \u00e0 des \u00ab fins militaires \u00bb. La \u00ab pratique \u00bb isra\u00e9lienne des terres \u00ab \u00e9tatiques \u00bb autoproclam\u00e9es avait \u00e9t\u00e9 interrompue en 1992, jusqu\u2019\u00e0 ce que le premier gouvernement de Netanyhahu la ressuscite en 1998. Depuis lors, jusqu\u2019au 7 octobre 2023, les confiscations ont \u00e9t\u00e9 p\u00e9riodiques jusqu\u2019\u00e0 atteindre le chiffre de <a href=\"https:\/\/peacenow.org.il\/en\/state-land-declaration-12000-dunams\">40.000 dunams<\/a> (4.000ha).<\/span><\/span><\/span><\/p>\n<p><span style=\"color: #000000;\"><span style=\"font-family: Tahoma, sans-serif;\"><span style=\"font-size: medium;\">Au cours des 14 derniers mois, il semble que le gouvernement se soit pr\u00e9cipit\u00e9 pour s\u2019emparer d\u2019autant de terres que possible. L\u2019objectif est clair, et les diff\u00e9rents ministres de Tel-Aviv l\u2019ont ouvertement d\u00e9clar\u00e9 : cr\u00e9er des couloirs entre les colonies, en construire de nouvelles, annexer la Cisjordanie et ainsi lutter contre les tentatives de construction d\u2019un \u00c9tat palestinien. Un objectif qu\u2019Isra\u00ebl a toujours eu, mais qui conna\u00eet une acc\u00e9l\u00e9ration sans pr\u00e9c\u00e9dent. \u00ab 2025 sera l\u2019ann\u00e9e de la souverainet\u00e9 sur la Jud\u00e9e et la Samarie \u00bb, a <a href=\"https:\/\/x.com\/bezalelsm\/status\/1864925799792398528\">\u00e9crit<\/a> Smotrich sur <\/span><\/span><\/span><span style=\"color: #000000;\"><span style=\"font-family: Tahoma, sans-serif;\"><span style=\"font-size: medium;\"><i>X<\/i><\/span><\/span><\/span><span style=\"color: #000000;\"><span style=\"font-family: Tahoma, sans-serif;\"><span style=\"font-size: medium;\">, en utilisant le nom qu\u2019Isra\u00ebl donne \u00e0 cette partie de la Palestine. Les ministres de Tel-Aviv veulent profiter de la pr\u00e9sidence de Trump, et peut-\u00eatre de l\u2019inaction internationale d\u00e9sormais manifeste, pour mettre en \u0153uvre l\u2019un de leurs plans pour la cr\u00e9ation du Grand Isra\u00ebl : la disparition de la Cisjordanie en tant que telle. \u00c0 commencer par le d\u00e9sinvestissement d\u00e9j\u00e0 annonc\u00e9 de l\u2019Administration civile en Cisjordanie et le transfert de ses pouvoirs directement aux mains des minist\u00e8res isra\u00e9liens.<\/span><\/span><\/span><\/p>\n<p><span style=\"color: #000000;\"><span style=\"font-family: Tahoma, sans-serif;\"><span style=\"font-size: medium;\">Selon l\u2019organisation isra\u00e9lienne <\/span><\/span><\/span><span style=\"color: #000000;\"><span style=\"font-family: Tahoma, sans-serif;\"><span style=\"font-size: medium;\"><i>PeaceNow<\/i><\/span><\/span><\/span><span style=\"color: #000000;\"><span style=\"font-family: Tahoma, sans-serif;\"><span style=\"font-size: medium;\">, au moins <a href=\"https:\/\/peacenow.org.il\/wp-content\/uploads\/2024\/10\/War-and-Annexation-Peace-Now-Report-October-2024.pdf\">43 nouveaux avant-postes<\/a> ont \u00e9t\u00e9 construits depuis le 7 octobre dans toute la r\u00e9gion, et 5 nouvelles colonies. 70 avant-postes \u2013 ill\u00e9gaux selon la loi isra\u00e9lienne elle-m\u00eame \u2013 ont \u00e9t\u00e9 l\u00e9galis\u00e9s, plus 3 autres qui ont \u00e9t\u00e9 d\u00e9sign\u00e9s comme \u00ab quartiers \u00bb de colonies voisines. De nouvelles colonies ont \u00e9galement \u00e9t\u00e9 l\u00e9galis\u00e9es \u00e0 l\u2019int\u00e9rieur de la ville d\u2019H\u00e9bron. La colonisation du territoire se fait \u00e9galement gr\u00e2ce aux dizaines de kilom\u00e8tres de routes pour relier les colonies qui ont \u00e9t\u00e9 approuv\u00e9s, avec un financement de plus de 7 milliards de shekels. Environ 450 millions de shekels suppl\u00e9mentaires ont \u00e9t\u00e9 promis pour des \u00ab projets \u00bb dans les colonies et les avant-postes pour encourager l\u2019arriv\u00e9e de nouveaux colons.<\/span><\/span><\/span><\/p>\n<p><span style=\"color: #000000;\"><span style=\"font-family: Tahoma, sans-serif;\"><span style=\"font-size: medium;\">Alors qu&rsquo;il emp\u00eache les Palestiniens de construire de nouvelles maisons, en partie gr\u00e2ce \u00e0 la d\u00e9finition de nombreuses terres comme \u00ab zones militaires \u00bb ou \u00ab r\u00e9serves naturelles \u00bb, le gouvernement de Tel-Aviv a autoris\u00e9 la construction de 8.861 nouveaux logements dans les colonies. Simultan\u00e9ment, par la violence des colons et de l\u2019arm\u00e9e, au moins 277 familles palestiniennes (environ 1.630 personnes) et entre 19 et 28 communaut\u00e9s b\u00e9douines toute enti\u00e8res ont \u00e9t\u00e9 chass\u00e9es de leurs terres. Les menaces, les incendies, les vols de b\u00e9tail, les sabotages des moyens de subsistance et les violences de toutes sortes se sont en effet intensifi\u00e9s dans de nombreuses zones de Cisjordanie (alors que c\u2019\u00e9tait d\u00e9j\u00e0 la norme dans de nombreuses zones avant m\u00eame le 7 octobre). D\u2019autant qu\u2019Isra\u00ebl a donn\u00e9 le feu vert aux colons et leur a donn\u00e9 des milliers d\u2019armes, leur promettant de fait l\u2019impunit\u00e9 pour leurs actes. Depuis le 7 octobre, 16.663 attaques ont \u00e9t\u00e9 perp\u00e9tr\u00e9es contre des terres et des biens palestiniens.<\/span><\/span><\/span><\/p>\n<p><span style=\"color: #000000;\"><span style=\"font-family: Tahoma, sans-serif;\"><span style=\"font-size: medium;\">Au moins 900 maisons ont \u00e9t\u00e9 d\u00e9molies, sans compter les centaines et centaines de maisons d\u00e9truites lors des raids militaires sur les camps de J\u00e9nine, Tulkarem, Tubas et Naplouse.<\/span><\/span><\/span><\/p>\n<p><span style=\"color: #000000;\"><span style=\"font-family: Tahoma, sans-serif;\"><span style=\"font-size: medium;\">La Cisjordanie subit une attaque directe sans pr\u00e9c\u00e9dent. Le 15 d\u00e9cembre, le minist\u00e8re palestinien des Affaires \u00e9trang\u00e8res et des Expatri\u00e9s a \u00e9galement <a href=\"https:\/\/english.wafa.ps\/Pages\/Details\/152563?__cf_chl_rt_tk=K0FCCGucUHJbuL5IEcc_vFEFQJOiAKWqRMekdSZIXXs-1734435492-1.0.1.1-Tj6zdITvF2gg1zT1YLSugINHCy36LoBbJ7MtkTXBVzI\">exprim\u00e9<\/a> sa profonde inqui\u00e9tude face \u00e0 la r\u00e9cente escalade des actions unilat\u00e9rales et ill\u00e9gales d\u2019Isra\u00ebl en Cisjordanie occup\u00e9e qui vise \u00e0 \u00ab intensifier et \u00e9tendre le nettoyage ethnique et l\u2019annexion progressive \u00bb. Il a appel\u00e9 la communaut\u00e9 internationale \u00e0 mettre en \u0153uvre ses r\u00e9solutions, en particulier la r\u00e9solution 2735 du Conseil de s\u00e9curit\u00e9 de l\u2019ONU et la d\u00e9cision de l\u2019Assembl\u00e9e g\u00e9n\u00e9rale de l\u2019ONU adoptant l\u2019avis consultatif de la Cour internationale de justice.<\/span><\/span><\/span><\/p>\n<p><span style=\"color: #000000;\"><span style=\"font-family: Tahoma, sans-serif;\"><span style=\"font-size: medium;\">\u00ab R\u00e9soudre la question palestinienne et mettre fin \u00e0 l\u2019occupation est le seul moyen d\u2019assurer la s\u00e9curit\u00e9, la stabilit\u00e9 et la prosp\u00e9rit\u00e9 pour la r\u00e9gion et le monde \u00bb, a-t-il r\u00e9it\u00e9r\u00e9. Dans l\u2019espoir que quelqu\u2019un agira.<\/span><\/span><\/span><\/p>\n<pre><strong><em><span style=\"color: #000000;\"><span style=\"font-family: Tahoma, sans-serif;\"><span style=\"font-size: small;\">Article original en anglais sur <a href=\"https:\/\/palsolidarity.org\/2025\/01\/west-bank-record-amount-of-land-stolen-by-israel-more-acres-annexed-since-oct-7-than-in-30-years\/\">Palsolidarity.org<\/a> \/ Traduction MR<\/span><\/span><\/span><\/em><\/strong><\/pre>\n","protected":false},"excerpt":{"rendered":"<p>ISM, Beit Lid, nord de la Cisjordanie occup\u00e9e, 16 janvier 2025. \u2013 Depuis le 7 octobre, alors que tous les regards sont tourn\u00e9s vers Gaza o\u00f9 ils d\u00e9truisent tout, les <a class=\"more-link\" href=\"https:\/\/ismfrance.org\/index.php\/2025\/01\/19\/cisjordanie-occupee-record-de-terres-volees-par-israel-plus-dhectares-annexes-depuis-le-7-octobre-quen-30-ans\/\">Lire la suite &rarr;<\/a><\/p>\n","protected":false},"author":3,"featured_media":17588,"comment_status":"closed","ping_status":"closed","sticky":false,"template":"","format":"standard","meta":{"footnotes":""},"categories":[2,13],"tags":[158,45],"class_list":["post-17587","post","type-post","status-publish","format-standard","has-post-thumbnail","hentry","category-articles","category-temoignages","tag-colonialisme-de-peuplement","tag-nettoyage-ethnique"],"yoast_head":"<!-- This site is optimized with the Yoast SEO plugin v27.2 - https:\/\/yoast.com\/product\/yoast-seo-wordpress\/ -->\n<title>Cisjordanie occup\u00e9e : record de terres vol\u00e9es par Isra\u00ebl. Plus d\u2019hectares annex\u00e9s depuis le 7 octobre qu\u2019en 30 ans - International Solidarity Movement - ISM-France<\/title>\n<meta name=\"robots\" content=\"index, follow, max-snippet:-1, max-image-preview:large, max-video-preview:-1\" \/>\n<link rel=\"canonical\" href=\"https:\/\/ismfrance.org\/index.php\/2025\/01\/19\/cisjordanie-occupee-record-de-terres-volees-par-israel-plus-dhectares-annexes-depuis-le-7-octobre-quen-30-ans\/\" \/>\n<meta property=\"og:locale\" content=\"fr_FR\" \/>\n<meta property=\"og:type\" content=\"article\" \/>\n<meta property=\"og:title\" content=\"Cisjordanie occup\u00e9e : record de terres vol\u00e9es par Isra\u00ebl. Plus d\u2019hectares annex\u00e9s depuis le 7 octobre qu\u2019en 30 ans - International Solidarity Movement - ISM-France\" \/>\n<meta property=\"og:description\" content=\"ISM, Beit Lid, nord de la Cisjordanie occup\u00e9e, 16 janvier 2025. \u2013 Depuis le 7 octobre, alors que tous les regards sont tourn\u00e9s vers Gaza o\u00f9 ils d\u00e9truisent tout, les Lire la suite &rarr;\" \/>\n<meta property=\"og:url\" content=\"https:\/\/ismfrance.org\/index.php\/2025\/01\/19\/cisjordanie-occupee-record-de-terres-volees-par-israel-plus-dhectares-annexes-depuis-le-7-octobre-quen-30-ans\/\" \/>\n<meta property=\"og:site_name\" content=\"International Solidarity Movement - ISM-France\" \/>\n<meta property=\"article:published_time\" content=\"2025-01-19T16:11:16+00:00\" \/>\n<meta property=\"og:image\" content=\"https:\/\/ismfrance.org\/wp-content\/uploads\/2025\/01\/colons-collines.jpeg\" \/>\n\t<meta property=\"og:image:width\" content=\"1024\" \/>\n\t<meta property=\"og:image:height\" content=\"640\" \/>\n\t<meta property=\"og:image:type\" content=\"image\/jpeg\" \/>\n<meta name=\"author\" content=\"mru_01\" \/>\n<meta name=\"twitter:card\" content=\"summary_large_image\" \/>\n<meta name=\"twitter:creator\" content=\"@ISMFRANCE\" \/>\n<meta name=\"twitter:site\" content=\"@ISMFRANCE\" \/>\n<meta name=\"twitter:label1\" content=\"\u00c9crit par\" \/>\n\t<meta name=\"twitter:data1\" content=\"mru_01\" \/>\n\t<meta name=\"twitter:label2\" content=\"Dur\u00e9e de lecture estim\u00e9e\" \/>\n\t<meta name=\"twitter:data2\" content=\"7 minutes\" \/>\n<script type=\"application\/ld+json\" class=\"yoast-schema-graph\">{\"@context\":\"https:\/\/schema.org\",\"@graph\":[{\"@type\":\"Article\",\"@id\":\"https:\/\/ismfrance.org\/index.php\/2025\/01\/19\/cisjordanie-occupee-record-de-terres-volees-par-israel-plus-dhectares-annexes-depuis-le-7-octobre-quen-30-ans\/#article\",\"isPartOf\":{\"@id\":\"https:\/\/ismfrance.org\/index.php\/2025\/01\/19\/cisjordanie-occupee-record-de-terres-volees-par-israel-plus-dhectares-annexes-depuis-le-7-octobre-quen-30-ans\/\"},\"author\":{\"name\":\"mru_01\",\"@id\":\"https:\/\/ismfrance.org\/#\/schema\/person\/3c411eb72adfaae19c0dca1f41fae01d\"},\"headline\":\"Cisjordanie occup\u00e9e : record de terres vol\u00e9es par Isra\u00ebl. Plus d\u2019hectares annex\u00e9s depuis le 7 octobre qu\u2019en 30 ans\",\"datePublished\":\"2025-01-19T16:11:16+00:00\",\"mainEntityOfPage\":{\"@id\":\"https:\/\/ismfrance.org\/index.php\/2025\/01\/19\/cisjordanie-occupee-record-de-terres-volees-par-israel-plus-dhectares-annexes-depuis-le-7-octobre-quen-30-ans\/\"},\"wordCount\":1439,\"publisher\":{\"@id\":\"https:\/\/ismfrance.org\/#organization\"},\"image\":{\"@id\":\"https:\/\/ismfrance.org\/index.php\/2025\/01\/19\/cisjordanie-occupee-record-de-terres-volees-par-israel-plus-dhectares-annexes-depuis-le-7-octobre-quen-30-ans\/#primaryimage\"},\"thumbnailUrl\":\"https:\/\/ismfrance.org\/wp-content\/uploads\/2025\/01\/colons-collines.jpeg\",\"keywords\":[\"Colonialisme de peuplement\",\"nettoyage ethnique\"],\"articleSection\":[\"Articles\",\"T\u00e9moignages\"],\"inLanguage\":\"fr-FR\"},{\"@type\":\"WebPage\",\"@id\":\"https:\/\/ismfrance.org\/index.php\/2025\/01\/19\/cisjordanie-occupee-record-de-terres-volees-par-israel-plus-dhectares-annexes-depuis-le-7-octobre-quen-30-ans\/\",\"url\":\"https:\/\/ismfrance.org\/index.php\/2025\/01\/19\/cisjordanie-occupee-record-de-terres-volees-par-israel-plus-dhectares-annexes-depuis-le-7-octobre-quen-30-ans\/\",\"name\":\"Cisjordanie occup\u00e9e : record de terres vol\u00e9es par Isra\u00ebl. Plus d\u2019hectares annex\u00e9s depuis le 7 octobre qu\u2019en 30 ans - International Solidarity Movement - ISM-France\",\"isPartOf\":{\"@id\":\"https:\/\/ismfrance.org\/#website\"},\"primaryImageOfPage\":{\"@id\":\"https:\/\/ismfrance.org\/index.php\/2025\/01\/19\/cisjordanie-occupee-record-de-terres-volees-par-israel-plus-dhectares-annexes-depuis-le-7-octobre-quen-30-ans\/#primaryimage\"},\"image\":{\"@id\":\"https:\/\/ismfrance.org\/index.php\/2025\/01\/19\/cisjordanie-occupee-record-de-terres-volees-par-israel-plus-dhectares-annexes-depuis-le-7-octobre-quen-30-ans\/#primaryimage\"},\"thumbnailUrl\":\"https:\/\/ismfrance.org\/wp-content\/uploads\/2025\/01\/colons-collines.jpeg\",\"datePublished\":\"2025-01-19T16:11:16+00:00\",\"breadcrumb\":{\"@id\":\"https:\/\/ismfrance.org\/index.php\/2025\/01\/19\/cisjordanie-occupee-record-de-terres-volees-par-israel-plus-dhectares-annexes-depuis-le-7-octobre-quen-30-ans\/#breadcrumb\"},\"inLanguage\":\"fr-FR\",\"potentialAction\":[{\"@type\":\"ReadAction\",\"target\":[\"https:\/\/ismfrance.org\/index.php\/2025\/01\/19\/cisjordanie-occupee-record-de-terres-volees-par-israel-plus-dhectares-annexes-depuis-le-7-octobre-quen-30-ans\/\"]}]},{\"@type\":\"ImageObject\",\"inLanguage\":\"fr-FR\",\"@id\":\"https:\/\/ismfrance.org\/index.php\/2025\/01\/19\/cisjordanie-occupee-record-de-terres-volees-par-israel-plus-dhectares-annexes-depuis-le-7-octobre-quen-30-ans\/#primaryimage\",\"url\":\"https:\/\/ismfrance.org\/wp-content\/uploads\/2025\/01\/colons-collines.jpeg\",\"contentUrl\":\"https:\/\/ismfrance.org\/wp-content\/uploads\/2025\/01\/colons-collines.jpeg\",\"width\":1024,\"height\":640},{\"@type\":\"BreadcrumbList\",\"@id\":\"https:\/\/ismfrance.org\/index.php\/2025\/01\/19\/cisjordanie-occupee-record-de-terres-volees-par-israel-plus-dhectares-annexes-depuis-le-7-octobre-quen-30-ans\/#breadcrumb\",\"itemListElement\":[{\"@type\":\"ListItem\",\"position\":1,\"name\":\"Accueil\",\"item\":\"https:\/\/ismfrance.org\/\"},{\"@type\":\"ListItem\",\"position\":2,\"name\":\"Cisjordanie occup\u00e9e : record de terres vol\u00e9es par Isra\u00ebl. Plus d\u2019hectares annex\u00e9s depuis le 7 octobre qu\u2019en 30 ans\"}]},{\"@type\":\"WebSite\",\"@id\":\"https:\/\/ismfrance.org\/#website\",\"url\":\"https:\/\/ismfrance.org\/\",\"name\":\"ISM Palestine France\",\"description\":\"Soutien aux luttes de lib\u00e9ration du peuple palestinien\",\"publisher\":{\"@id\":\"https:\/\/ismfrance.org\/#organization\"},\"potentialAction\":[{\"@type\":\"SearchAction\",\"target\":{\"@type\":\"EntryPoint\",\"urlTemplate\":\"https:\/\/ismfrance.org\/?s={search_term_string}\"},\"query-input\":{\"@type\":\"PropertyValueSpecification\",\"valueRequired\":true,\"valueName\":\"search_term_string\"}}],\"inLanguage\":\"fr-FR\"},{\"@type\":\"Organization\",\"@id\":\"https:\/\/ismfrance.org\/#organization\",\"name\":\"International Solidarity Movement\",\"url\":\"https:\/\/ismfrance.org\/\",\"logo\":{\"@type\":\"ImageObject\",\"inLanguage\":\"fr-FR\",\"@id\":\"https:\/\/ismfrance.org\/#\/schema\/logo\/image\/\",\"url\":\"https:\/\/ismfrance.org\/wp-content\/uploads\/2020\/12\/00.png\",\"contentUrl\":\"https:\/\/ismfrance.org\/wp-content\/uploads\/2020\/12\/00.png\",\"width\":400,\"height\":400,\"caption\":\"International Solidarity Movement\"},\"image\":{\"@id\":\"https:\/\/ismfrance.org\/#\/schema\/logo\/image\/\"},\"sameAs\":[\"https:\/\/x.com\/ISMFRANCE\"]},{\"@type\":\"Person\",\"@id\":\"https:\/\/ismfrance.org\/#\/schema\/person\/3c411eb72adfaae19c0dca1f41fae01d\",\"name\":\"mru_01\",\"image\":{\"@type\":\"ImageObject\",\"inLanguage\":\"fr-FR\",\"@id\":\"https:\/\/secure.gravatar.com\/avatar\/3a0be343b445d2ccc79e87444a294fad2b232e90d2051d0e3cc219e1ecd6a330?s=96&d=mm&r=g\",\"url\":\"https:\/\/secure.gravatar.com\/avatar\/3a0be343b445d2ccc79e87444a294fad2b232e90d2051d0e3cc219e1ecd6a330?s=96&d=mm&r=g\",\"contentUrl\":\"https:\/\/secure.gravatar.com\/avatar\/3a0be343b445d2ccc79e87444a294fad2b232e90d2051d0e3cc219e1ecd6a330?s=96&d=mm&r=g\",\"caption\":\"mru_01\"},\"url\":\"https:\/\/ismfrance.org\/index.php\/author\/admin02\/\"}]}<\/script>\n<!-- \/ Yoast SEO plugin. -->","yoast_head_json":{"title":"Cisjordanie occup\u00e9e : record de terres vol\u00e9es par Isra\u00ebl. Plus d\u2019hectares annex\u00e9s depuis le 7 octobre qu\u2019en 30 ans - International Solidarity Movement - ISM-France","robots":{"index":"index","follow":"follow","max-snippet":"max-snippet:-1","max-image-preview":"max-image-preview:large","max-video-preview":"max-video-preview:-1"},"canonical":"https:\/\/ismfrance.org\/index.php\/2025\/01\/19\/cisjordanie-occupee-record-de-terres-volees-par-israel-plus-dhectares-annexes-depuis-le-7-octobre-quen-30-ans\/","og_locale":"fr_FR","og_type":"article","og_title":"Cisjordanie occup\u00e9e : record de terres vol\u00e9es par Isra\u00ebl. Plus d\u2019hectares annex\u00e9s depuis le 7 octobre qu\u2019en 30 ans - International Solidarity Movement - ISM-France","og_description":"ISM, Beit Lid, nord de la Cisjordanie occup\u00e9e, 16 janvier 2025. \u2013 Depuis le 7 octobre, alors que tous les regards sont tourn\u00e9s vers Gaza o\u00f9 ils d\u00e9truisent tout, les Lire la suite &rarr;","og_url":"https:\/\/ismfrance.org\/index.php\/2025\/01\/19\/cisjordanie-occupee-record-de-terres-volees-par-israel-plus-dhectares-annexes-depuis-le-7-octobre-quen-30-ans\/","og_site_name":"International Solidarity Movement - ISM-France","article_published_time":"2025-01-19T16:11:16+00:00","og_image":[{"width":1024,"height":640,"url":"https:\/\/ismfrance.org\/wp-content\/uploads\/2025\/01\/colons-collines.jpeg","type":"image\/jpeg"}],"author":"mru_01","twitter_card":"summary_large_image","twitter_creator":"@ISMFRANCE","twitter_site":"@ISMFRANCE","twitter_misc":{"\u00c9crit par":"mru_01","Dur\u00e9e de lecture estim\u00e9e":"7 minutes"},"schema":{"@context":"https:\/\/schema.org","@graph":[{"@type":"Article","@id":"https:\/\/ismfrance.org\/index.php\/2025\/01\/19\/cisjordanie-occupee-record-de-terres-volees-par-israel-plus-dhectares-annexes-depuis-le-7-octobre-quen-30-ans\/#article","isPartOf":{"@id":"https:\/\/ismfrance.org\/index.php\/2025\/01\/19\/cisjordanie-occupee-record-de-terres-volees-par-israel-plus-dhectares-annexes-depuis-le-7-octobre-quen-30-ans\/"},"author":{"name":"mru_01","@id":"https:\/\/ismfrance.org\/#\/schema\/person\/3c411eb72adfaae19c0dca1f41fae01d"},"headline":"Cisjordanie occup\u00e9e : record de terres vol\u00e9es par Isra\u00ebl. Plus d\u2019hectares annex\u00e9s depuis le 7 octobre qu\u2019en 30 ans","datePublished":"2025-01-19T16:11:16+00:00","mainEntityOfPage":{"@id":"https:\/\/ismfrance.org\/index.php\/2025\/01\/19\/cisjordanie-occupee-record-de-terres-volees-par-israel-plus-dhectares-annexes-depuis-le-7-octobre-quen-30-ans\/"},"wordCount":1439,"publisher":{"@id":"https:\/\/ismfrance.org\/#organization"},"image":{"@id":"https:\/\/ismfrance.org\/index.php\/2025\/01\/19\/cisjordanie-occupee-record-de-terres-volees-par-israel-plus-dhectares-annexes-depuis-le-7-octobre-quen-30-ans\/#primaryimage"},"thumbnailUrl":"https:\/\/ismfrance.org\/wp-content\/uploads\/2025\/01\/colons-collines.jpeg","keywords":["Colonialisme de peuplement","nettoyage ethnique"],"articleSection":["Articles","T\u00e9moignages"],"inLanguage":"fr-FR"},{"@type":"WebPage","@id":"https:\/\/ismfrance.org\/index.php\/2025\/01\/19\/cisjordanie-occupee-record-de-terres-volees-par-israel-plus-dhectares-annexes-depuis-le-7-octobre-quen-30-ans\/","url":"https:\/\/ismfrance.org\/index.php\/2025\/01\/19\/cisjordanie-occupee-record-de-terres-volees-par-israel-plus-dhectares-annexes-depuis-le-7-octobre-quen-30-ans\/","name":"Cisjordanie occup\u00e9e : record de terres vol\u00e9es par Isra\u00ebl. Plus d\u2019hectares annex\u00e9s depuis le 7 octobre qu\u2019en 30 ans - International Solidarity Movement - ISM-France","isPartOf":{"@id":"https:\/\/ismfrance.org\/#website"},"primaryImageOfPage":{"@id":"https:\/\/ismfrance.org\/index.php\/2025\/01\/19\/cisjordanie-occupee-record-de-terres-volees-par-israel-plus-dhectares-annexes-depuis-le-7-octobre-quen-30-ans\/#primaryimage"},"image":{"@id":"https:\/\/ismfrance.org\/index.php\/2025\/01\/19\/cisjordanie-occupee-record-de-terres-volees-par-israel-plus-dhectares-annexes-depuis-le-7-octobre-quen-30-ans\/#primaryimage"},"thumbnailUrl":"https:\/\/ismfrance.org\/wp-content\/uploads\/2025\/01\/colons-collines.jpeg","datePublished":"2025-01-19T16:11:16+00:00","breadcrumb":{"@id":"https:\/\/ismfrance.org\/index.php\/2025\/01\/19\/cisjordanie-occupee-record-de-terres-volees-par-israel-plus-dhectares-annexes-depuis-le-7-octobre-quen-30-ans\/#breadcrumb"},"inLanguage":"fr-FR","potentialAction":[{"@type":"ReadAction","target":["https:\/\/ismfrance.org\/index.php\/2025\/01\/19\/cisjordanie-occupee-record-de-terres-volees-par-israel-plus-dhectares-annexes-depuis-le-7-octobre-quen-30-ans\/"]}]},{"@type":"ImageObject","inLanguage":"fr-FR","@id":"https:\/\/ismfrance.org\/index.php\/2025\/01\/19\/cisjordanie-occupee-record-de-terres-volees-par-israel-plus-dhectares-annexes-depuis-le-7-octobre-quen-30-ans\/#primaryimage","url":"https:\/\/ismfrance.org\/wp-content\/uploads\/2025\/01\/colons-collines.jpeg","contentUrl":"https:\/\/ismfrance.org\/wp-content\/uploads\/2025\/01\/colons-collines.jpeg","width":1024,"height":640},{"@type":"BreadcrumbList","@id":"https:\/\/ismfrance.org\/index.php\/2025\/01\/19\/cisjordanie-occupee-record-de-terres-volees-par-israel-plus-dhectares-annexes-depuis-le-7-octobre-quen-30-ans\/#breadcrumb","itemListElement":[{"@type":"ListItem","position":1,"name":"Accueil","item":"https:\/\/ismfrance.org\/"},{"@type":"ListItem","position":2,"name":"Cisjordanie occup\u00e9e : record de terres vol\u00e9es par Isra\u00ebl. Plus d\u2019hectares annex\u00e9s depuis le 7 octobre qu\u2019en 30 ans"}]},{"@type":"WebSite","@id":"https:\/\/ismfrance.org\/#website","url":"https:\/\/ismfrance.org\/","name":"ISM Palestine France","description":"Soutien aux luttes de lib\u00e9ration du peuple palestinien","publisher":{"@id":"https:\/\/ismfrance.org\/#organization"},"potentialAction":[{"@type":"SearchAction","target":{"@type":"EntryPoint","urlTemplate":"https:\/\/ismfrance.org\/?s={search_term_string}"},"query-input":{"@type":"PropertyValueSpecification","valueRequired":true,"valueName":"search_term_string"}}],"inLanguage":"fr-FR"},{"@type":"Organization","@id":"https:\/\/ismfrance.org\/#organization","name":"International Solidarity Movement","url":"https:\/\/ismfrance.org\/","logo":{"@type":"ImageObject","inLanguage":"fr-FR","@id":"https:\/\/ismfrance.org\/#\/schema\/logo\/image\/","url":"https:\/\/ismfrance.org\/wp-content\/uploads\/2020\/12\/00.png","contentUrl":"https:\/\/ismfrance.org\/wp-content\/uploads\/2020\/12\/00.png","width":400,"height":400,"caption":"International Solidarity Movement"},"image":{"@id":"https:\/\/ismfrance.org\/#\/schema\/logo\/image\/"},"sameAs":["https:\/\/x.com\/ISMFRANCE"]},{"@type":"Person","@id":"https:\/\/ismfrance.org\/#\/schema\/person\/3c411eb72adfaae19c0dca1f41fae01d","name":"mru_01","image":{"@type":"ImageObject","inLanguage":"fr-FR","@id":"https:\/\/secure.gravatar.com\/avatar\/3a0be343b445d2ccc79e87444a294fad2b232e90d2051d0e3cc219e1ecd6a330?s=96&d=mm&r=g","url":"https:\/\/secure.gravatar.com\/avatar\/3a0be343b445d2ccc79e87444a294fad2b232e90d2051d0e3cc219e1ecd6a330?s=96&d=mm&r=g","contentUrl":"https:\/\/secure.gravatar.com\/avatar\/3a0be343b445d2ccc79e87444a294fad2b232e90d2051d0e3cc219e1ecd6a330?s=96&d=mm&r=g","caption":"mru_01"},"url":"https:\/\/ismfrance.org\/index.php\/author\/admin02\/"}]}},"_links":{"self":[{"href":"https:\/\/ismfrance.org\/index.php\/wp-json\/wp\/v2\/posts\/17587","targetHints":{"allow":["GET"]}}],"collection":[{"href":"https:\/\/ismfrance.org\/index.php\/wp-json\/wp\/v2\/posts"}],"about":[{"href":"https:\/\/ismfrance.org\/index.php\/wp-json\/wp\/v2\/types\/post"}],"author":[{"embeddable":true,"href":"https:\/\/ismfrance.org\/index.php\/wp-json\/wp\/v2\/users\/3"}],"replies":[{"embeddable":true,"href":"https:\/\/ismfrance.org\/index.php\/wp-json\/wp\/v2\/comments?post=17587"}],"version-history":[{"count":0,"href":"https:\/\/ismfrance.org\/index.php\/wp-json\/wp\/v2\/posts\/17587\/revisions"}],"wp:featuredmedia":[{"embeddable":true,"href":"https:\/\/ismfrance.org\/index.php\/wp-json\/wp\/v2\/media\/17588"}],"wp:attachment":[{"href":"https:\/\/ismfrance.org\/index.php\/wp-json\/wp\/v2\/media?parent=17587"}],"wp:term":[{"taxonomy":"category","embeddable":true,"href":"https:\/\/ismfrance.org\/index.php\/wp-json\/wp\/v2\/categories?post=17587"},{"taxonomy":"post_tag","embeddable":true,"href":"https:\/\/ismfrance.org\/index.php\/wp-json\/wp\/v2\/tags?post=17587"}],"curies":[{"name":"wp","href":"https:\/\/api.w.org\/{rel}","templated":true}]}}