{"id":17426,"date":"2025-01-13T15:15:44","date_gmt":"2025-01-13T14:15:44","guid":{"rendered":"https:\/\/ismfrance.org\/?p=17426"},"modified":"2025-01-13T15:15:44","modified_gmt":"2025-01-13T14:15:44","slug":"normaliser-lexpansion-israel-jette-son-devolu-sur-le-sinai-egyptien","status":"publish","type":"post","link":"https:\/\/ismfrance.org\/index.php\/2025\/01\/13\/normaliser-lexpansion-israel-jette-son-devolu-sur-le-sinai-egyptien\/","title":{"rendered":"Normaliser l&rsquo;expansion : Isra\u00ebl jette son d\u00e9volu sur le Sina\u00ef \u00e9gyptien"},"content":{"rendered":"<p><span style=\"font-family: Verdana, sans-serif;\"><span style=\"font-size: medium;\"><strong>Robert Inlakesh, 10 janvier 2025<\/strong>. Alors qu&rsquo;Isra\u00ebl accuse l&rsquo;\u00c9gypte de renforcer ses <a href=\"https:\/\/www.newarab.com\/news\/israeli-officials-warn-egypts-military-activity-sinai\">capacit\u00e9s militaires<\/a> dans la p\u00e9ninsule du Sina\u00ef, les tensions entre les deux \u00c9tats, li\u00e9s par leur trait\u00e9 de normalisation de 1979, atteignent un point d&rsquo;\u00e9bullition. Les responsables isra\u00e9liens et les groupes de r\u00e9flexion n\u00e9oconservateurs alli\u00e9s intensifient activement la rh\u00e9torique all\u00e9guant la violation du trait\u00e9 de paix par Le Caire tout en faisant allusion aux ambitions de Tel-Aviv de s&rsquo;\u00e9tendre sur le territoire \u00e9gyptien.<\/span><\/span><\/p>\n<p><a href=\"https:\/\/ismfrance.org\/wp-content\/uploads\/2025\/01\/the-cradle.jpeg\"><img loading=\"lazy\" decoding=\"async\" class=\"size-large wp-image-17427 aligncenter\" src=\"https:\/\/ismfrance.org\/wp-content\/uploads\/2025\/01\/the-cradle-700x331.jpeg\" alt=\"\" width=\"600\" height=\"284\" srcset=\"https:\/\/ismfrance.org\/wp-content\/uploads\/2025\/01\/the-cradle-700x331.jpeg 700w, https:\/\/ismfrance.org\/wp-content\/uploads\/2025\/01\/the-cradle-300x142.jpeg 300w, https:\/\/ismfrance.org\/wp-content\/uploads\/2025\/01\/the-cradle-768x363.jpeg 768w, https:\/\/ismfrance.org\/wp-content\/uploads\/2025\/01\/the-cradle-1536x727.jpeg 1536w, https:\/\/ismfrance.org\/wp-content\/uploads\/2025\/01\/the-cradle-2048x969.jpeg 2048w, https:\/\/ismfrance.org\/wp-content\/uploads\/2025\/01\/the-cradle-1320x625.jpeg 1320w\" sizes=\"auto, (max-width: 600px) 100vw, 600px\" \/><\/a><\/p>\n<p><span style=\"font-family: Verdana, sans-serif;\"><span style=\"font-size: medium;\">En septembre 2024, la Fondation pour la d\u00e9fense des d\u00e9mocraties (FDD), bas\u00e9e \u00e0 Washington, a publi\u00e9 un <a href=\"https:\/\/www.fdd.org\/analysis\/op_eds\/2024\/09\/10\/egypt-has-violated-its-peace-treaty-with-israel-it-must-face-consequences\/\">rapport<\/a> accusant l&rsquo;\u00c9gypte d&rsquo;avoir pr\u00e9tendument aid\u00e9 le Hamas \u00e0 travers des tunnels menant \u00e0 Gaza pour permettre au mouvement de r\u00e9sistance palestinien de renforcer ses capacit\u00e9s militaires. Ces accusations sont un peu exag\u00e9r\u00e9es, compte tenu de l&rsquo;acrimonie de longue date du Caire envers les organisations li\u00e9es aux Fr\u00e8res musulmans.<\/span><\/span><\/p>\n<p><strong><span style=\"font-family: Verdana, sans-serif;\"><span style=\"font-size: large;\">L\u2019impasse au Sina\u00ef s\u2019intensifie<\/span><\/span><\/strong><\/p>\n<p><span style=\"font-family: Verdana, sans-serif;\"><span style=\"font-size: medium;\">Ces all\u00e9gations ont \u00e9t\u00e9 contredites par des documents r\u00e9cemment divulgu\u00e9s montrant les mesures agressives prises par l\u2019\u00c9gypte pour d\u00e9truire <a href=\"https:\/\/www.middleeasteye.net\/news\/egypt-army-leak-destruction-gaza-tunnels-rafah\">plus de 2.000 tunnels<\/a> entre 2011 et 2015. De hauts responsables militaires \u00e9gyptiens ont m\u00eame envisag\u00e9 la construction d\u2019un canal pour an\u00e9antir ces r\u00e9seaux souterrains.<\/span><\/span><\/p>\n<p><span style=\"font-family: Verdana, sans-serif;\"><span style=\"font-size: medium;\">En septembre \u00e9galement, l\u2019analyste militaire isra\u00e9lien Alon Ben-David a admis sur <a href=\"https:\/\/www.middleeastmonitor.com\/20240905-no-operational-tunnel-found-by-israel-along-gaza-egypt-border-corridor-israeli-analyst\/\"><i>Channel 13 News<\/i><\/a> qu\u2019\u00ab aucun tunnel ouvert n\u2019a \u00e9t\u00e9 d\u00e9couvert sur le territoire \u00e9gyptien. Aucun tunnel utilisable n\u2019a \u00e9t\u00e9 d\u00e9couvert sous le corridor de Philadelphie \u00bb.<\/span><\/span><\/p>\n<p><span style=\"font-family: Verdana, sans-serif;\"><span style=\"font-size: medium;\">Cependant, les all\u00e9gations de Tel-Aviv ne s\u2019arr\u00eatent pas l\u00e0. L\u2019ancien ambassadeur d\u2019Isra\u00ebl en \u00c9gypte, David Govrin, a maintenant accus\u00e9 Le Caire d\u2019avoir viol\u00e9 le trait\u00e9 de normalisation en renfor\u00e7ant sa pr\u00e9sence militaire dans le Sina\u00ef. Le <a href=\"https:\/\/www.middleeastmonitor.com\/20241224-ex-israel-envoy-accuses-egypt-of-breaching-peace-deal\/\"><i>Yedioth Aharonoth<\/i><\/a> l&rsquo;a cit\u00e9 comme ayant dit : \u00ab apr\u00e8s toutes ces ann\u00e9es, et m\u00eame apr\u00e8s le 7 octobre 2023, des questions subsistent quant \u00e0 la v\u00e9ritable reconnaissance par l\u2019\u00c9gypte d\u2019Isra\u00ebl dans ses fronti\u00e8res de 1948 \u00bb. <\/span><\/span><\/p>\n<p><span style=\"font-family: Verdana, sans-serif;\"><span style=\"font-size: medium;\">Le 7 janvier, l\u2019\u00c9tat occupant <a href=\"https:\/\/allisrael.com\/israel-requests-answers-for-egypt-s-increased-military-presence-in-sinai-peninsula-report\">a officiellement exig\u00e9<\/a> des explications de l\u2019\u00c9gypte concernant ses activit\u00e9s militaires dans le Sina\u00ef, invoquant des violations du trait\u00e9 li\u00e9es \u00e0 la d\u00e9militarisation. Les \u00c9tats-Unis, qui ont n\u00e9goci\u00e9 le trait\u00e9 de 1979, se sont joints \u00e0 ce ch\u0153ur, en retenant 95 millions de dollars d\u2019aide militaire \u00e0 l\u2019\u00c9gypte \u2013 une tactique r\u00e9currente utilis\u00e9e pour exercer une pression sur Le Caire.<\/span><\/span><\/p>\n<p><span style=\"font-family: Verdana, sans-serif;\"><span style=\"font-size: medium;\">Washington a ensuite <a href=\"https:\/\/www.ctvnews.ca\/world\/u-s-shifts-more-than-100m-in-military-aid-from-israel-and-egypt-to-lebanon-to-bolster-ceasefire-1.7167401\">redirig\u00e9<\/a> ces fonds vers les Forces arm\u00e9es libanaises (FAL), faisant \u00e9cho \u00e0 des coupes similaires en 2023 lorsque l\u2019aide destin\u00e9e \u00e0 l\u2019\u00c9gypte a \u00e9t\u00e9 d\u00e9tourn\u00e9e vers Ta\u00efwan. Cette d\u00e9cision s\u2019inscrit dans le cadre d\u2019une pression accrue sur Beyrouth, pour contraindre et inciter le gouvernement libanais \u00e0 se <a href=\"https:\/\/thecradle.co\/articles\/presidential-elections-in-lebanon-a-battle-for-sovereignty-or-foreign-control\">conformer \u00e0 l\u2019influence am\u00e9ricaine<\/a> sur ses affaires int\u00e9rieures, en particulier avec le pr\u00e9sident nouvellement \u00e9lu Joseph Aoun.<\/span><\/span><\/p>\n<p><span style=\"font-family: Verdana, sans-serif;\"><span style=\"font-size: medium;\">Si les violations des droits de l\u2019homme en \u00c9gypte ont \u00e9t\u00e9 abondamment document\u00e9es, c\u2019est une carte que le gouvernement am\u00e9ricain utilise r\u00e9guli\u00e8rement lorsqu\u2019il veut voir son alli\u00e9 nord-africain jouer le jeu. Il faut noter que l\u2019\u00c9gypte a toujours \u00e9t\u00e9 le deuxi\u00e8me plus grand b\u00e9n\u00e9ficiaire de l\u2019aide \u00e9trang\u00e8re am\u00e9ricaine apr\u00e8s Isra\u00ebl.<\/span><\/span><\/p>\n<p><strong><span style=\"font-family: Verdana, sans-serif;\"><span style=\"font-size: large;\">Impasse dans le Sina\u00ef<\/span><\/span><\/strong><\/p>\n<p><span style=\"font-family: Verdana, sans-serif;\"><span style=\"font-size: medium;\">En 2005, apr\u00e8s le retrait isra\u00e9lien de la bande de Gaza vers sa p\u00e9riph\u00e9rie, un accord a \u00e9t\u00e9 conclu autorisant 750 membres des forces de s\u00e9curit\u00e9 \u00e9gyptiennes \u00e0 entrer dans la p\u00e9ninsule du Sina\u00ef.<\/span><\/span><\/p>\n<p><span style=\"font-family: Verdana, sans-serif;\"><span style=\"font-size: medium;\">A l&rsquo;\u00e9poque, Yuval Steinitz, alors pr\u00e9sident de la commission des affaires \u00e9trang\u00e8res et de la d\u00e9fense d&rsquo;Isra\u00ebl, s&rsquo;\u00e9tait farouchement oppos\u00e9 \u00e0 l&rsquo;accord, le qualifiant de \u00ab <a href=\"https:\/\/www.makorrishon.co.il\/news\/764718\/\">jour noir<\/a> \u00bb et mettant en garde :<\/span><\/span><\/p>\n<p><span style=\"font-family: Verdana, sans-serif;\"><span style=\"font-size: medium;\">\u00ab Nous faisons entrer le loup dans la bergerie. C&rsquo;est une \u00e9clipse solaire qui s&rsquo;est abattue sur le gouvernement, qui renonce \u00e0 d\u00e9militariser le Sina\u00ef en \u00e9change d&rsquo;un rago\u00fbt de lentilles de compliments et de gestes. \u00bb<\/span><\/span><\/p>\n<p><span style=\"font-family: Verdana, sans-serif;\"><span style=\"font-size: medium;\">Depuis lors, Le Caire a soumis des centaines de demandes de d\u00e9ploiement de forces et d&rsquo;\u00e9quipements suppl\u00e9mentaires dans le Sina\u00ef, dont la plupart ont \u00e9t\u00e9 approuv\u00e9es par Tel-Aviv, en particulier apr\u00e8s la mont\u00e9e d&rsquo;une <a href=\"https:\/\/www.rand.org\/pubs\/commentary\/2019\/08\/making-headway-against-the-sinai-insurgency.html\">insurrection takfiri<\/a> en 2013. En 2018, le <a href=\"https:\/\/www.timesofisrael.com\/israel-carrying-out-secret-air-strike-campaign-in-sinai-to-help-egypt-report\/\"><i>New York Times<\/i><\/a> a r\u00e9v\u00e9l\u00e9 qu&rsquo;Isra\u00ebl avait men\u00e9 des frappes a\u00e9riennes \u00e0 l&rsquo;int\u00e9rieur du Sina\u00ef \u00e0 la demande du pr\u00e9sident \u00e9gyptien Abdel Fattah el-Sisi pour contrer l&rsquo;activit\u00e9 des insurg\u00e9s.<\/span><\/span><\/p>\n<p><span style=\"font-family: Verdana, sans-serif;\"><span style=\"font-size: medium;\">Au lendemain de l&rsquo;op\u00e9ration D\u00e9luge d&rsquo;Al-Aqsa, les relations entre Le Caire et Tel-Aviv ont commenc\u00e9 \u00e0 se d\u00e9t\u00e9riorer consid\u00e9rablement. L&rsquo;\u00c9tat occupant a initialement propos\u00e9 que l&rsquo;\u00c9gypte facilite le nettoyage ethnique via une <a href=\"https:\/\/carnegieendowment.org\/sada\/2023\/10\/south-into-the-sinai-will-israel-force-palestinians-out-of-gaza?lang=en\">expulsion massive<\/a> de la population de Gaza dans le Sina\u00ef en cr\u00e9ant une zone tampon entre Gaza et la Palestine occup\u00e9e. Le pr\u00e9sident Sisi a cat\u00e9goriquement <a href=\"https:\/\/thecradle.co\/articles\/egypt-rejects-displacement-of-gazans-to-sinai-sisi\">rejet\u00e9<\/a> le plan, d\u00e9clenchant de nouvelles tensions.<\/span><\/span><\/p>\n<p><span style=\"font-family: Verdana, sans-serif;\"><span style=\"font-size: medium;\">D\u00e9but 2024, l&rsquo;arm\u00e9e d&rsquo;occupation a intensifi\u00e9 son invasion de Gaza, le Premier ministre Netanyahou annon\u00e7ant une attaque sur Rafah, la ville la plus au sud de la bande de Gaza. L\u2019\u00c9gypte a rapidement diffus\u00e9 des <a href=\"https:\/\/www.sis.gov.eg\/Story\/191152\/Egypt-warns-Israeli-retaking-of-Philadelphi-Corridor-would-violate-peace-treaty?lang=en-us\">mises en garde<\/a> contre toute tentative de reprendre le Corridor de Philadelphi, une zone frontali\u00e8re qui s\u00e9pare l&rsquo;Egypte et Gaza, arguant que de telles actions violeraient le trait\u00e9 de normalisation de 1979.<\/span><\/span><\/p>\n<p><span style=\"font-family: Verdana, sans-serif;\"><span style=\"font-size: medium;\">Le 6 mai, dans une progression tragique, Isra\u00ebl a lanc\u00e9 une offensive contre Rafah, le jour m\u00eame o\u00f9 le Hamas acceptait une proposition de cessez-le-feu. Cette offensive, qui comprenait la prise du passage de Rafah et du corridor de Philadelphie, a \u00e9t\u00e9 condamn\u00e9e m\u00eame par l\u2019ancien Premier ministre isra\u00e9lien Ehud Barak, qui l\u2019a <a href=\"https:\/\/megafon-news.co.il\/asys\/archives\/373242\">qualifi\u00e9e<\/a> de \u00ab violation flagrante de l\u2019accord de paix avec l\u2019\u00c9gypte \u00bb. Malgr\u00e9 les menaces du Caire d\u2019annuler le trait\u00e9, la premi\u00e8re r\u00e9ponse de Sissi a \u00e9t\u00e9 de rejoindre l\u2019affaire de l\u2019Afrique du Sud devant la Cour internationale de justice (CIJ) qui accuse Isra\u00ebl de <a href=\"https:\/\/www.alarabiya.net\/arab-and-world\/egypt\/2024\/05\/13\/\u0628\u0639\u062f-35-\u0639\u0627\u0645\u0627-\u0645\u0646-\u0623\u062e\u0631-\u0645\u0648\u0627\u062c\u0647\u0629-\u0628\u064a\u0646\u0647\u0645\u0627-\u0645\u0635\u0631-\u062a\u0648\u062c\u0647-\u0636\u0631\u0628\u0629-\u062c\u062f\u064a\u062f-\u0644\u0627\u0633\u0631\u0627\u0626\u064a\u0644\">g\u00e9nocide \u00e0 Gaza<\/a>.<\/span><\/span><\/p>\n<p><span style=\"font-family: Verdana, sans-serif;\"><span style=\"font-size: medium;\">Lorsque les chars isra\u00e9liens sont entr\u00e9s pour la premi\u00e8re fois au point de passage de Rafah, ils ont profan\u00e9 la zone et se sont moqu\u00e9s des gardes \u00e9gyptiens qui y \u00e9taient post\u00e9s. Plus tard dans le m\u00eame mois, un affrontement a \u00e9clat\u00e9 et des soldats isra\u00e9liens <a href=\"https:\/\/www.aljazeera.net\/news\/2024\/5\/27\/\u0639\u0627\u062c\u0644-\u0645\u0648\u0642\u0639-\u0648\u0627\u0644\u0644\u0627-\u0627\u0644\u0625\u0633\u0631\u0627\u0626\u064a\u0644\u064a-\u0645\u0642\u062a\u0644\">ont tu\u00e9 un soldat \u00e9gyptien<\/a>. Isra\u00ebl a ensuite lanc\u00e9 une <a href=\"https:\/\/arabic.rt.com\/world\/1466583-\u0625\u0630\u0627\u0639\u0629-\u0627\u0644\u062c\u064a\u0634-\u0627\u0644\u0625\u0633\u0631\u0627\u0626\u064a\u0644\u064a-\u0639\u0646-\u0645\u0635\u0627\u062f\u0631-\u0645\u0635\u0631\u064a\u0629-\u0627\u0644\u0637\u064a\u0631\u0627\u0646-\u0627\u0644\u0625\u0633\u0631\u0627\u0626\u064a\u0644\u064a-\u064a\u0642\u0635\u0641-\u0645\u0648\u0627\u0642\u0639-\u0641\u064a-\u0633\u064a\u0646\u0627\u0621\/\">s\u00e9rie de frappes a\u00e9riennes<\/a> en juin contre des cibles dans la p\u00e9ninsule du Sina\u00ef.<\/span><\/span><\/p>\n<p><strong><span style=\"font-family: Verdana, sans-serif;\"><span style=\"font-size: large;\">La vision sioniste de l\u2019expansion en \u00c9gypte<\/span><\/span><\/strong><\/p>\n<p><span style=\"font-family: Verdana, sans-serif;\"><span style=\"font-size: medium;\">L\u2019ann\u00e9e derni\u00e8re, des <a href=\"https:\/\/www.middleeastmonitor.com\/20240208-british-documents-reveal-israeli-plans-to-nullify-egyptian-sovereignty-over-strategic-sinai-peninsula\/\">documents<\/a> d\u00e9couverts dans les Archives nationales britanniques ont mis en lumi\u00e8re la campagne historique d\u2019Isra\u00ebl pour l\u00e9gitimer sa revendication sur la p\u00e9ninsule du Sina\u00ef. Pendant l\u2019occupation du Sina\u00ef par Isra\u00ebl apr\u00e8s la guerre de 1967, des lobbyistes et des groupes de r\u00e9flexion pro-isra\u00e9liens en Occident ont diffus\u00e9 des r\u00e9cits dont le but \u00e9tait de d\u00e9l\u00e9gitimer la souverainet\u00e9 \u00e9gyptienne sur cette r\u00e9gion strat\u00e9gique.<\/span><\/span><\/p>\n<p><span style=\"font-family: Verdana, sans-serif;\"><span style=\"font-size: medium;\">Deux ans seulement apr\u00e8s l\u2019occupation du Sina\u00ef, qui avait r\u00e9sult\u00e9 de la guerre d\u2019agression isra\u00e9lienne de juin 1967, le <\/span><\/span><span style=\"font-family: Verdana, sans-serif;\"><span style=\"font-size: medium;\"><i>Jewish Observer<\/i><\/span><\/span><span style=\"font-family: Verdana, sans-serif;\"><span style=\"font-size: medium;\"> et le <\/span><\/span><span style=\"font-family: Verdana, sans-serif;\"><span style=\"font-size: medium;\"><i>Middle East Review<\/i><\/span><\/span><span style=\"font-family: Verdana, sans-serif;\"><span style=\"font-size: medium;\"> ont publi\u00e9 un article dont la couverture \u00e9tait provocatrice : \u00ab Le Sina\u00ef sans les \u00c9gyptiens \u2013 un nouveau regard sur le pass\u00e9, le pr\u00e9sent et l\u2019avenir \u00bb.<\/span><\/span><\/p>\n<p><span style=\"font-family: Verdana, sans-serif;\"><span style=\"font-size: medium;\">La F\u00e9d\u00e9ration sioniste de Grande-Bretagne a m\u00eame soutenu que, puisque le Sina\u00ef avait \u00e9t\u00e9 sous le contr\u00f4le de la Turquie jusqu\u2019en 1923, il aurait d\u00fb \u00eatre int\u00e9gr\u00e9 au mandat britannique sur la Palestine, jetant ainsi les bases des revendications d\u2019Isra\u00ebl sur le territoire.<\/span><\/span><\/p>\n<p><a href=\"https:\/\/ismfrance.org\/wp-content\/uploads\/2025\/01\/GgmyLMZX0AAN3VM.jpeg\"><img loading=\"lazy\" decoding=\"async\" class=\"size-large wp-image-17429 aligncenter\" src=\"https:\/\/ismfrance.org\/wp-content\/uploads\/2025\/01\/GgmyLMZX0AAN3VM-700x700.jpeg\" alt=\"\" width=\"600\" height=\"600\" srcset=\"https:\/\/ismfrance.org\/wp-content\/uploads\/2025\/01\/GgmyLMZX0AAN3VM-700x700.jpeg 700w, https:\/\/ismfrance.org\/wp-content\/uploads\/2025\/01\/GgmyLMZX0AAN3VM-300x300.jpeg 300w, https:\/\/ismfrance.org\/wp-content\/uploads\/2025\/01\/GgmyLMZX0AAN3VM-150x150.jpeg 150w, https:\/\/ismfrance.org\/wp-content\/uploads\/2025\/01\/GgmyLMZX0AAN3VM-768x768.jpeg 768w, https:\/\/ismfrance.org\/wp-content\/uploads\/2025\/01\/GgmyLMZX0AAN3VM-144x144.jpeg 144w, https:\/\/ismfrance.org\/wp-content\/uploads\/2025\/01\/GgmyLMZX0AAN3VM.jpeg 1080w\" sizes=\"auto, (max-width: 600px) 100vw, 600px\" \/><\/a><span style=\"font-family: Verdana, sans-serif;\"><span style=\"font-size: medium;\">Aujourd\u2019hui, des arguments similaires ont refait surface pour justifier les <a href=\"https:\/\/thecradle.co\/articles\/israels-calculus-in-syria-exploit-anarchy-for-strategic-dominance\">ambitions expansionnistes<\/a> d\u2019Isra\u00ebl. Le 6 janvier, des comptes de r\u00e9seaux sociaux isra\u00e9lo-arabes ont publi\u00e9 une <a href=\"https:\/\/x.com\/IsraelArabic\/status\/1876226997585641924?ref_src=twsrc%5Etfw%7Ctwcamp%5Etweetembed%7Ctwterm%5E1876226997585641924%7Ctwgr%5E607cf298fc24c3c002857c958dd07c9a589b95d1%7Ctwcon%5Es1_&amp;ref_url=https:\/\/www.timesofisrael.com\/violation-of-international-norms-biblical-map-of-israel-sparks-outrage-from-jordan\/\">carte<\/a> (ci-dessus) pr\u00e9sentant les territoires suppos\u00e9s des anciens royaumes de Juda et d\u2019Isra\u00ebl, d\u00e9clenchant la <a href=\"https:\/\/www.middleeastmonitor.com\/20250109-gulf-countries-condemn-greater-israel-map\/\">condamnation<\/a> de la Jordanie et des \u00c9tats du golfe Persique. Si ces revendications visent ouvertement les terres jordaniennes, libanaises et syriennes, elles incluent aussi subtilement des parties de l\u2019\u00c9gypte moderne, <a href=\"https:\/\/library.loras.edu\/religiousstudies\/southernkingdom\">en particulier le Sina\u00ef<\/a>.<\/span><\/span><\/p>\n<p><span style=\"font-family: Verdana, sans-serif;\"><span style=\"font-size: medium;\">En juillet de l\u2019ann\u00e9e derni\u00e8re, le ministre isra\u00e9lien du Patrimoine, Amichai Eliyahu, a <a href=\"https:\/\/www.middleeastmonitor.com\/20240703-israel-minister-promotes-tweet-calling-for-reoccupation-of-egypts-sinai-peninsula\/\">retweet\u00e9<\/a> un message publi\u00e9 sur X qui appelait l\u2019arm\u00e9e d\u2019occupation \u00e0 occuper la p\u00e9ninsule du Sina\u00ef, ainsi que le sud du Liban, le sud de la Syrie et, \u00e0 terme, une partie de la Jordanie.<\/span><\/span><\/p>\n<p><span style=\"font-family: Verdana, sans-serif;\"><span style=\"font-size: medium;\">En septembre, alors qu\u2019Isra\u00ebl lan\u00e7ait son assaut contre le Liban, le <\/span><\/span><span style=\"font-family: Verdana, sans-serif;\"><span style=\"font-size: medium;\"><i>Jerusalem Post<\/i><\/span><\/span><span style=\"font-family: Verdana, sans-serif;\"><span style=\"font-size: medium;\"> a publi\u00e9 un <a href=\"https:\/\/web.archive.org\/web\/20240925120359\/https:\/www.jpost.com\/judaism\/article-821680#821680\">article<\/a> intitul\u00e9 \u00ab Le Liban fait-il partie du territoire promis d\u2019Isra\u00ebl ? \u00bb, qui a ensuite \u00e9t\u00e9 retir\u00e9 apr\u00e8s un toll\u00e9 consid\u00e9rable.<\/span><\/span><\/p>\n<p><strong><span style=\"font-family: Verdana, sans-serif;\"><span style=\"font-size: large;\">Une menace existentielle pour la r\u00e9gion WANA <span style=\"color: #333333;\">(Asie de l\u2019Ouest et Afrique du Nord)<\/span><\/span><\/span><\/strong><\/p>\n<p><span style=\"font-family: Verdana, sans-serif;\"><span style=\"font-size: medium;\">\u00c0 l\u2019heure actuelle, Isra\u00ebl parle ouvertement de <a href=\"https:\/\/www.i24news.tv\/en\/news\/israel-at-war\/artc-israel-plans-on-remaining-in-lebanon-on-3-bases-after-ceasefire-report\">rester au Sud-Liban<\/a> m\u00eame apr\u00e8s la p\u00e9riode de mise en \u0153uvre du cessez-le-feu de 60 jours, alors qu\u2019il <a href=\"https:\/\/www.cbc.ca\/news\/israel-occupy-buffer-zone-syria-netanyahu-1.7413045\">\u00e9tend<\/a> actuellement son occupation au territoire syrien de jour en jour. Il cherche \u00e9galement \u00e0 annexer de mani\u00e8re imminente la Cisjordanie occup\u00e9e. Toutes ces mesures t\u00e9moignent du s\u00e9rieux avec lequel Isra\u00ebl s\u2019efforce d\u2019\u00e9tendre ses fronti\u00e8res non d\u00e9clar\u00e9es.<\/span><\/span><\/p>\n<p><a href=\"https:\/\/ismfrance.org\/wp-content\/uploads\/2025\/01\/smotrich.png\"><img loading=\"lazy\" decoding=\"async\" class=\"size-large wp-image-17432 aligncenter\" src=\"https:\/\/ismfrance.org\/wp-content\/uploads\/2025\/01\/smotrich-700x394.png\" alt=\"\" width=\"600\" height=\"338\" srcset=\"https:\/\/ismfrance.org\/wp-content\/uploads\/2025\/01\/smotrich-700x394.png 700w, https:\/\/ismfrance.org\/wp-content\/uploads\/2025\/01\/smotrich-300x169.png 300w, https:\/\/ismfrance.org\/wp-content\/uploads\/2025\/01\/smotrich-768x433.png 768w, https:\/\/ismfrance.org\/wp-content\/uploads\/2025\/01\/smotrich.png 850w\" sizes=\"auto, (max-width: 600px) 100vw, 600px\" \/><\/a><span style=\"font-family: Verdana, sans-serif;\"><span style=\"font-size: medium;\">En mars 2023, le ministre isra\u00e9lien des Finances, Bezalel Smotrich, a publiquement affich\u00e9 une <a href=\"https:\/\/www.axios.com\/2023\/03\/20\/bezalel-smotrich-jordan-greater-israel-map-palestinians\">carte <\/a>du \u00ab Grand Isra\u00ebl \u00bb, alimentant les sp\u00e9culations sur les objectifs \u00e0 long terme des dirigeants sionistes. La vision du \u00ab Grand Isra\u00ebl \u00bb englobe des parties du Liban, de l\u2019\u00c9gypte, de la Syrie, de la Jordanie, de l\u2019Arabie saoudite et de l\u2019Irak.<\/span><\/span><\/p>\n<p><span style=\"font-family: Verdana, sans-serif;\"><span style=\"font-size: medium;\">Les dirigeants isra\u00e9liens utilisent des justifications historiques, religieuses et politiques pour faire avancer ces revendications, une strat\u00e9gie qui, selon l\u2019ancien secr\u00e9taire g\u00e9n\u00e9ral du Hezbollah, Hassan Nasrallah, se poursuivrait sans rel\u00e2che \u00e0 moins d\u2019\u00eatre confront\u00e9e \u00e0 une r\u00e9sistance arabe unifi\u00e9e.<\/span><\/span><\/p>\n<p><em><span style=\"font-family: Verdana, sans-serif;\"><span style=\"font-size: medium;\">Article original en anglais sur<\/span><\/span><\/em><strong><em><span style=\"font-family: Verdana, sans-serif;\"><span style=\"font-size: medium;\"><a href=\"https:\/\/thecradle.co\/articles\/normalizing-expansion-israel-sets-its-sights-on-egypts-sinai\">The Cradle<\/a> \/ <\/span><\/span><\/em><\/strong><em><span style=\"font-family: Verdana, sans-serif;\"><span style=\"font-size: medium;\">Traduction MR<\/span><\/span><\/em><\/p>\n","protected":false},"excerpt":{"rendered":"<p>Robert Inlakesh, 10 janvier 2025. Alors qu&rsquo;Isra\u00ebl accuse l&rsquo;\u00c9gypte de renforcer ses capacit\u00e9s militaires dans la p\u00e9ninsule du Sina\u00ef, les tensions entre les deux \u00c9tats, li\u00e9s par leur trait\u00e9 de <a class=\"more-link\" href=\"https:\/\/ismfrance.org\/index.php\/2025\/01\/13\/normaliser-lexpansion-israel-jette-son-devolu-sur-le-sinai-egyptien\/\">Lire la suite &rarr;<\/a><\/p>\n","protected":false},"author":3,"featured_media":17427,"comment_status":"closed","ping_status":"closed","sticky":false,"template":"","format":"standard","meta":{"footnotes":""},"categories":[12,2],"tags":[323,74],"class_list":["post-17426","post","type-post","status-publish","format-standard","has-post-thumbnail","hentry","category-analyses","category-articles","tag-egypte","tag-sionisme"],"yoast_head":"<!-- This site is optimized with the Yoast SEO plugin v27.5 - https:\/\/yoast.com\/product\/yoast-seo-wordpress\/ -->\n<title>Normaliser l&#039;expansion : Isra\u00ebl jette son d\u00e9volu sur le Sina\u00ef \u00e9gyptien - International Solidarity Movement - ISM-France<\/title>\n<meta name=\"robots\" content=\"index, follow, max-snippet:-1, max-image-preview:large, max-video-preview:-1\" \/>\n<link rel=\"canonical\" href=\"https:\/\/ismfrance.org\/index.php\/2025\/01\/13\/normaliser-lexpansion-israel-jette-son-devolu-sur-le-sinai-egyptien\/\" \/>\n<meta property=\"og:locale\" content=\"fr_FR\" \/>\n<meta property=\"og:type\" content=\"article\" \/>\n<meta property=\"og:title\" content=\"Normaliser l&#039;expansion : Isra\u00ebl jette son d\u00e9volu sur le Sina\u00ef \u00e9gyptien - International Solidarity Movement - ISM-France\" \/>\n<meta property=\"og:description\" content=\"Robert Inlakesh, 10 janvier 2025. Alors qu&rsquo;Isra\u00ebl accuse l&rsquo;\u00c9gypte de renforcer ses capacit\u00e9s militaires dans la p\u00e9ninsule du Sina\u00ef, les tensions entre les deux \u00c9tats, li\u00e9s par leur trait\u00e9 de Lire la suite &rarr;\" \/>\n<meta property=\"og:url\" content=\"https:\/\/ismfrance.org\/index.php\/2025\/01\/13\/normaliser-lexpansion-israel-jette-son-devolu-sur-le-sinai-egyptien\/\" \/>\n<meta property=\"og:site_name\" content=\"International Solidarity Movement - ISM-France\" \/>\n<meta property=\"article:published_time\" content=\"2025-01-13T14:15:44+00:00\" \/>\n<meta property=\"og:image\" content=\"https:\/\/ismfrance.org\/wp-content\/uploads\/2025\/01\/the-cradle.jpeg\" \/>\n\t<meta property=\"og:image:width\" content=\"2088\" \/>\n\t<meta property=\"og:image:height\" content=\"988\" \/>\n\t<meta property=\"og:image:type\" content=\"image\/jpeg\" \/>\n<meta name=\"author\" content=\"mru_01\" \/>\n<meta name=\"twitter:card\" content=\"summary_large_image\" \/>\n<meta name=\"twitter:creator\" content=\"@ISMFRANCE\" \/>\n<meta name=\"twitter:site\" content=\"@ISMFRANCE\" \/>\n<meta name=\"twitter:label1\" content=\"\u00c9crit par\" \/>\n\t<meta name=\"twitter:data1\" content=\"mru_01\" \/>\n\t<meta name=\"twitter:label2\" content=\"Dur\u00e9e de lecture estim\u00e9e\" \/>\n\t<meta name=\"twitter:data2\" content=\"9 minutes\" \/>\n<script type=\"application\/ld+json\" class=\"yoast-schema-graph\">{\"@context\":\"https:\\\/\\\/schema.org\",\"@graph\":[{\"@type\":\"Article\",\"@id\":\"https:\\\/\\\/ismfrance.org\\\/index.php\\\/2025\\\/01\\\/13\\\/normaliser-lexpansion-israel-jette-son-devolu-sur-le-sinai-egyptien\\\/#article\",\"isPartOf\":{\"@id\":\"https:\\\/\\\/ismfrance.org\\\/index.php\\\/2025\\\/01\\\/13\\\/normaliser-lexpansion-israel-jette-son-devolu-sur-le-sinai-egyptien\\\/\"},\"author\":{\"name\":\"mru_01\",\"@id\":\"https:\\\/\\\/ismfrance.org\\\/#\\\/schema\\\/person\\\/3c411eb72adfaae19c0dca1f41fae01d\"},\"headline\":\"Normaliser l&rsquo;expansion : Isra\u00ebl jette son d\u00e9volu sur le Sina\u00ef \u00e9gyptien\",\"datePublished\":\"2025-01-13T14:15:44+00:00\",\"mainEntityOfPage\":{\"@id\":\"https:\\\/\\\/ismfrance.org\\\/index.php\\\/2025\\\/01\\\/13\\\/normaliser-lexpansion-israel-jette-son-devolu-sur-le-sinai-egyptien\\\/\"},\"wordCount\":1699,\"publisher\":{\"@id\":\"https:\\\/\\\/ismfrance.org\\\/#organization\"},\"image\":{\"@id\":\"https:\\\/\\\/ismfrance.org\\\/index.php\\\/2025\\\/01\\\/13\\\/normaliser-lexpansion-israel-jette-son-devolu-sur-le-sinai-egyptien\\\/#primaryimage\"},\"thumbnailUrl\":\"https:\\\/\\\/ismfrance.org\\\/wp-content\\\/uploads\\\/2025\\\/01\\\/the-cradle.jpeg\",\"keywords\":[\"Egypte\",\"Sionisme\"],\"articleSection\":[\"Analyses\",\"Articles\"],\"inLanguage\":\"fr-FR\"},{\"@type\":\"WebPage\",\"@id\":\"https:\\\/\\\/ismfrance.org\\\/index.php\\\/2025\\\/01\\\/13\\\/normaliser-lexpansion-israel-jette-son-devolu-sur-le-sinai-egyptien\\\/\",\"url\":\"https:\\\/\\\/ismfrance.org\\\/index.php\\\/2025\\\/01\\\/13\\\/normaliser-lexpansion-israel-jette-son-devolu-sur-le-sinai-egyptien\\\/\",\"name\":\"Normaliser l'expansion : Isra\u00ebl jette son d\u00e9volu sur le Sina\u00ef \u00e9gyptien - International Solidarity Movement - ISM-France\",\"isPartOf\":{\"@id\":\"https:\\\/\\\/ismfrance.org\\\/#website\"},\"primaryImageOfPage\":{\"@id\":\"https:\\\/\\\/ismfrance.org\\\/index.php\\\/2025\\\/01\\\/13\\\/normaliser-lexpansion-israel-jette-son-devolu-sur-le-sinai-egyptien\\\/#primaryimage\"},\"image\":{\"@id\":\"https:\\\/\\\/ismfrance.org\\\/index.php\\\/2025\\\/01\\\/13\\\/normaliser-lexpansion-israel-jette-son-devolu-sur-le-sinai-egyptien\\\/#primaryimage\"},\"thumbnailUrl\":\"https:\\\/\\\/ismfrance.org\\\/wp-content\\\/uploads\\\/2025\\\/01\\\/the-cradle.jpeg\",\"datePublished\":\"2025-01-13T14:15:44+00:00\",\"breadcrumb\":{\"@id\":\"https:\\\/\\\/ismfrance.org\\\/index.php\\\/2025\\\/01\\\/13\\\/normaliser-lexpansion-israel-jette-son-devolu-sur-le-sinai-egyptien\\\/#breadcrumb\"},\"inLanguage\":\"fr-FR\",\"potentialAction\":[{\"@type\":\"ReadAction\",\"target\":[\"https:\\\/\\\/ismfrance.org\\\/index.php\\\/2025\\\/01\\\/13\\\/normaliser-lexpansion-israel-jette-son-devolu-sur-le-sinai-egyptien\\\/\"]}]},{\"@type\":\"ImageObject\",\"inLanguage\":\"fr-FR\",\"@id\":\"https:\\\/\\\/ismfrance.org\\\/index.php\\\/2025\\\/01\\\/13\\\/normaliser-lexpansion-israel-jette-son-devolu-sur-le-sinai-egyptien\\\/#primaryimage\",\"url\":\"https:\\\/\\\/ismfrance.org\\\/wp-content\\\/uploads\\\/2025\\\/01\\\/the-cradle.jpeg\",\"contentUrl\":\"https:\\\/\\\/ismfrance.org\\\/wp-content\\\/uploads\\\/2025\\\/01\\\/the-cradle.jpeg\",\"width\":2088,\"height\":988},{\"@type\":\"BreadcrumbList\",\"@id\":\"https:\\\/\\\/ismfrance.org\\\/index.php\\\/2025\\\/01\\\/13\\\/normaliser-lexpansion-israel-jette-son-devolu-sur-le-sinai-egyptien\\\/#breadcrumb\",\"itemListElement\":[{\"@type\":\"ListItem\",\"position\":1,\"name\":\"Accueil\",\"item\":\"https:\\\/\\\/ismfrance.org\\\/\"},{\"@type\":\"ListItem\",\"position\":2,\"name\":\"Normaliser l&rsquo;expansion : Isra\u00ebl jette son d\u00e9volu sur le Sina\u00ef \u00e9gyptien\"}]},{\"@type\":\"WebSite\",\"@id\":\"https:\\\/\\\/ismfrance.org\\\/#website\",\"url\":\"https:\\\/\\\/ismfrance.org\\\/\",\"name\":\"ISM Palestine France\",\"description\":\"Soutien aux luttes de lib\u00e9ration du peuple palestinien\",\"publisher\":{\"@id\":\"https:\\\/\\\/ismfrance.org\\\/#organization\"},\"potentialAction\":[{\"@type\":\"SearchAction\",\"target\":{\"@type\":\"EntryPoint\",\"urlTemplate\":\"https:\\\/\\\/ismfrance.org\\\/?s={search_term_string}\"},\"query-input\":{\"@type\":\"PropertyValueSpecification\",\"valueRequired\":true,\"valueName\":\"search_term_string\"}}],\"inLanguage\":\"fr-FR\"},{\"@type\":\"Organization\",\"@id\":\"https:\\\/\\\/ismfrance.org\\\/#organization\",\"name\":\"International Solidarity Movement\",\"url\":\"https:\\\/\\\/ismfrance.org\\\/\",\"logo\":{\"@type\":\"ImageObject\",\"inLanguage\":\"fr-FR\",\"@id\":\"https:\\\/\\\/ismfrance.org\\\/#\\\/schema\\\/logo\\\/image\\\/\",\"url\":\"https:\\\/\\\/ismfrance.org\\\/wp-content\\\/uploads\\\/2020\\\/12\\\/00.png\",\"contentUrl\":\"https:\\\/\\\/ismfrance.org\\\/wp-content\\\/uploads\\\/2020\\\/12\\\/00.png\",\"width\":400,\"height\":400,\"caption\":\"International Solidarity Movement\"},\"image\":{\"@id\":\"https:\\\/\\\/ismfrance.org\\\/#\\\/schema\\\/logo\\\/image\\\/\"},\"sameAs\":[\"https:\\\/\\\/x.com\\\/ISMFRANCE\"]},{\"@type\":\"Person\",\"@id\":\"https:\\\/\\\/ismfrance.org\\\/#\\\/schema\\\/person\\\/3c411eb72adfaae19c0dca1f41fae01d\",\"name\":\"mru_01\",\"image\":{\"@type\":\"ImageObject\",\"inLanguage\":\"fr-FR\",\"@id\":\"https:\\\/\\\/secure.gravatar.com\\\/avatar\\\/3a0be343b445d2ccc79e87444a294fad2b232e90d2051d0e3cc219e1ecd6a330?s=96&d=mm&r=g\",\"url\":\"https:\\\/\\\/secure.gravatar.com\\\/avatar\\\/3a0be343b445d2ccc79e87444a294fad2b232e90d2051d0e3cc219e1ecd6a330?s=96&d=mm&r=g\",\"contentUrl\":\"https:\\\/\\\/secure.gravatar.com\\\/avatar\\\/3a0be343b445d2ccc79e87444a294fad2b232e90d2051d0e3cc219e1ecd6a330?s=96&d=mm&r=g\",\"caption\":\"mru_01\"},\"url\":\"https:\\\/\\\/ismfrance.org\\\/index.php\\\/author\\\/admin02\\\/\"}]}<\/script>\n<!-- \/ Yoast SEO plugin. -->","yoast_head_json":{"title":"Normaliser l'expansion : Isra\u00ebl jette son d\u00e9volu sur le Sina\u00ef \u00e9gyptien - International Solidarity Movement - ISM-France","robots":{"index":"index","follow":"follow","max-snippet":"max-snippet:-1","max-image-preview":"max-image-preview:large","max-video-preview":"max-video-preview:-1"},"canonical":"https:\/\/ismfrance.org\/index.php\/2025\/01\/13\/normaliser-lexpansion-israel-jette-son-devolu-sur-le-sinai-egyptien\/","og_locale":"fr_FR","og_type":"article","og_title":"Normaliser l'expansion : Isra\u00ebl jette son d\u00e9volu sur le Sina\u00ef \u00e9gyptien - International Solidarity Movement - ISM-France","og_description":"Robert Inlakesh, 10 janvier 2025. Alors qu&rsquo;Isra\u00ebl accuse l&rsquo;\u00c9gypte de renforcer ses capacit\u00e9s militaires dans la p\u00e9ninsule du Sina\u00ef, les tensions entre les deux \u00c9tats, li\u00e9s par leur trait\u00e9 de Lire la suite &rarr;","og_url":"https:\/\/ismfrance.org\/index.php\/2025\/01\/13\/normaliser-lexpansion-israel-jette-son-devolu-sur-le-sinai-egyptien\/","og_site_name":"International Solidarity Movement - ISM-France","article_published_time":"2025-01-13T14:15:44+00:00","og_image":[{"width":2088,"height":988,"url":"https:\/\/ismfrance.org\/wp-content\/uploads\/2025\/01\/the-cradle.jpeg","type":"image\/jpeg"}],"author":"mru_01","twitter_card":"summary_large_image","twitter_creator":"@ISMFRANCE","twitter_site":"@ISMFRANCE","twitter_misc":{"\u00c9crit par":"mru_01","Dur\u00e9e de lecture estim\u00e9e":"9 minutes"},"schema":{"@context":"https:\/\/schema.org","@graph":[{"@type":"Article","@id":"https:\/\/ismfrance.org\/index.php\/2025\/01\/13\/normaliser-lexpansion-israel-jette-son-devolu-sur-le-sinai-egyptien\/#article","isPartOf":{"@id":"https:\/\/ismfrance.org\/index.php\/2025\/01\/13\/normaliser-lexpansion-israel-jette-son-devolu-sur-le-sinai-egyptien\/"},"author":{"name":"mru_01","@id":"https:\/\/ismfrance.org\/#\/schema\/person\/3c411eb72adfaae19c0dca1f41fae01d"},"headline":"Normaliser l&rsquo;expansion : Isra\u00ebl jette son d\u00e9volu sur le Sina\u00ef \u00e9gyptien","datePublished":"2025-01-13T14:15:44+00:00","mainEntityOfPage":{"@id":"https:\/\/ismfrance.org\/index.php\/2025\/01\/13\/normaliser-lexpansion-israel-jette-son-devolu-sur-le-sinai-egyptien\/"},"wordCount":1699,"publisher":{"@id":"https:\/\/ismfrance.org\/#organization"},"image":{"@id":"https:\/\/ismfrance.org\/index.php\/2025\/01\/13\/normaliser-lexpansion-israel-jette-son-devolu-sur-le-sinai-egyptien\/#primaryimage"},"thumbnailUrl":"https:\/\/ismfrance.org\/wp-content\/uploads\/2025\/01\/the-cradle.jpeg","keywords":["Egypte","Sionisme"],"articleSection":["Analyses","Articles"],"inLanguage":"fr-FR"},{"@type":"WebPage","@id":"https:\/\/ismfrance.org\/index.php\/2025\/01\/13\/normaliser-lexpansion-israel-jette-son-devolu-sur-le-sinai-egyptien\/","url":"https:\/\/ismfrance.org\/index.php\/2025\/01\/13\/normaliser-lexpansion-israel-jette-son-devolu-sur-le-sinai-egyptien\/","name":"Normaliser l'expansion : Isra\u00ebl jette son d\u00e9volu sur le Sina\u00ef \u00e9gyptien - International Solidarity Movement - ISM-France","isPartOf":{"@id":"https:\/\/ismfrance.org\/#website"},"primaryImageOfPage":{"@id":"https:\/\/ismfrance.org\/index.php\/2025\/01\/13\/normaliser-lexpansion-israel-jette-son-devolu-sur-le-sinai-egyptien\/#primaryimage"},"image":{"@id":"https:\/\/ismfrance.org\/index.php\/2025\/01\/13\/normaliser-lexpansion-israel-jette-son-devolu-sur-le-sinai-egyptien\/#primaryimage"},"thumbnailUrl":"https:\/\/ismfrance.org\/wp-content\/uploads\/2025\/01\/the-cradle.jpeg","datePublished":"2025-01-13T14:15:44+00:00","breadcrumb":{"@id":"https:\/\/ismfrance.org\/index.php\/2025\/01\/13\/normaliser-lexpansion-israel-jette-son-devolu-sur-le-sinai-egyptien\/#breadcrumb"},"inLanguage":"fr-FR","potentialAction":[{"@type":"ReadAction","target":["https:\/\/ismfrance.org\/index.php\/2025\/01\/13\/normaliser-lexpansion-israel-jette-son-devolu-sur-le-sinai-egyptien\/"]}]},{"@type":"ImageObject","inLanguage":"fr-FR","@id":"https:\/\/ismfrance.org\/index.php\/2025\/01\/13\/normaliser-lexpansion-israel-jette-son-devolu-sur-le-sinai-egyptien\/#primaryimage","url":"https:\/\/ismfrance.org\/wp-content\/uploads\/2025\/01\/the-cradle.jpeg","contentUrl":"https:\/\/ismfrance.org\/wp-content\/uploads\/2025\/01\/the-cradle.jpeg","width":2088,"height":988},{"@type":"BreadcrumbList","@id":"https:\/\/ismfrance.org\/index.php\/2025\/01\/13\/normaliser-lexpansion-israel-jette-son-devolu-sur-le-sinai-egyptien\/#breadcrumb","itemListElement":[{"@type":"ListItem","position":1,"name":"Accueil","item":"https:\/\/ismfrance.org\/"},{"@type":"ListItem","position":2,"name":"Normaliser l&rsquo;expansion : Isra\u00ebl jette son d\u00e9volu sur le Sina\u00ef \u00e9gyptien"}]},{"@type":"WebSite","@id":"https:\/\/ismfrance.org\/#website","url":"https:\/\/ismfrance.org\/","name":"ISM Palestine France","description":"Soutien aux luttes de lib\u00e9ration du peuple palestinien","publisher":{"@id":"https:\/\/ismfrance.org\/#organization"},"potentialAction":[{"@type":"SearchAction","target":{"@type":"EntryPoint","urlTemplate":"https:\/\/ismfrance.org\/?s={search_term_string}"},"query-input":{"@type":"PropertyValueSpecification","valueRequired":true,"valueName":"search_term_string"}}],"inLanguage":"fr-FR"},{"@type":"Organization","@id":"https:\/\/ismfrance.org\/#organization","name":"International Solidarity Movement","url":"https:\/\/ismfrance.org\/","logo":{"@type":"ImageObject","inLanguage":"fr-FR","@id":"https:\/\/ismfrance.org\/#\/schema\/logo\/image\/","url":"https:\/\/ismfrance.org\/wp-content\/uploads\/2020\/12\/00.png","contentUrl":"https:\/\/ismfrance.org\/wp-content\/uploads\/2020\/12\/00.png","width":400,"height":400,"caption":"International Solidarity Movement"},"image":{"@id":"https:\/\/ismfrance.org\/#\/schema\/logo\/image\/"},"sameAs":["https:\/\/x.com\/ISMFRANCE"]},{"@type":"Person","@id":"https:\/\/ismfrance.org\/#\/schema\/person\/3c411eb72adfaae19c0dca1f41fae01d","name":"mru_01","image":{"@type":"ImageObject","inLanguage":"fr-FR","@id":"https:\/\/secure.gravatar.com\/avatar\/3a0be343b445d2ccc79e87444a294fad2b232e90d2051d0e3cc219e1ecd6a330?s=96&d=mm&r=g","url":"https:\/\/secure.gravatar.com\/avatar\/3a0be343b445d2ccc79e87444a294fad2b232e90d2051d0e3cc219e1ecd6a330?s=96&d=mm&r=g","contentUrl":"https:\/\/secure.gravatar.com\/avatar\/3a0be343b445d2ccc79e87444a294fad2b232e90d2051d0e3cc219e1ecd6a330?s=96&d=mm&r=g","caption":"mru_01"},"url":"https:\/\/ismfrance.org\/index.php\/author\/admin02\/"}]}},"_links":{"self":[{"href":"https:\/\/ismfrance.org\/index.php\/wp-json\/wp\/v2\/posts\/17426","targetHints":{"allow":["GET"]}}],"collection":[{"href":"https:\/\/ismfrance.org\/index.php\/wp-json\/wp\/v2\/posts"}],"about":[{"href":"https:\/\/ismfrance.org\/index.php\/wp-json\/wp\/v2\/types\/post"}],"author":[{"embeddable":true,"href":"https:\/\/ismfrance.org\/index.php\/wp-json\/wp\/v2\/users\/3"}],"replies":[{"embeddable":true,"href":"https:\/\/ismfrance.org\/index.php\/wp-json\/wp\/v2\/comments?post=17426"}],"version-history":[{"count":0,"href":"https:\/\/ismfrance.org\/index.php\/wp-json\/wp\/v2\/posts\/17426\/revisions"}],"wp:featuredmedia":[{"embeddable":true,"href":"https:\/\/ismfrance.org\/index.php\/wp-json\/wp\/v2\/media\/17427"}],"wp:attachment":[{"href":"https:\/\/ismfrance.org\/index.php\/wp-json\/wp\/v2\/media?parent=17426"}],"wp:term":[{"taxonomy":"category","embeddable":true,"href":"https:\/\/ismfrance.org\/index.php\/wp-json\/wp\/v2\/categories?post=17426"},{"taxonomy":"post_tag","embeddable":true,"href":"https:\/\/ismfrance.org\/index.php\/wp-json\/wp\/v2\/tags?post=17426"}],"curies":[{"name":"wp","href":"https:\/\/api.w.org\/{rel}","templated":true}]}}