{"id":1709,"date":"2022-01-24T13:08:17","date_gmt":"2022-01-24T12:08:17","guid":{"rendered":"https:\/\/ismfrance.org\/?p=1709"},"modified":"2022-01-24T13:16:01","modified_gmt":"2022-01-24T12:16:01","slug":"israel-nest-pas-un-etat-normal","status":"publish","type":"post","link":"https:\/\/ismfrance.org\/index.php\/2022\/01\/24\/israel-nest-pas-un-etat-normal\/","title":{"rendered":"Isra\u00ebl n&rsquo;est pas un \u00ab\u00a0Etat\u00a0\u00bb normal"},"content":{"rendered":"<p align=\"LEFT\"><span style=\"font-family: Calibri, serif;\"><span style=\"font-size: large;\"><b><span lang=\"en-GB\">Sayid Marcos Ten\u00f3rio, 23 janvier 2022. <\/span><\/b><span lang=\"en-GB\">Le Mouvement de la r\u00e9sistance islamique (Hamas) a adopt\u00e9 un nouveau programme en mai 2017, dans lequel il se d\u00e9clare mouvement national, islamique, de lib\u00e9ration et de r\u00e9sistance palestinien dont l&rsquo;objectif strat\u00e9gique est de lib\u00e9rer la Palestine et d&rsquo;affronter le projet colonial sioniste du nomm\u00e9 \u00ab\u00a0\u00c9tat juif\u00a0\u00bb.<\/span><\/span><\/span><\/p>\n<p align=\"LEFT\"><img loading=\"lazy\" decoding=\"async\" class=\"aligncenter size-full wp-image-1710\" src=\"https:\/\/ismfrance.org\/wp-content\/uploads\/2022\/01\/sumud-1.jpg\" alt=\"\" width=\"1080\" height=\"984\" srcset=\"https:\/\/ismfrance.org\/wp-content\/uploads\/2022\/01\/sumud-1.jpg 1080w, https:\/\/ismfrance.org\/wp-content\/uploads\/2022\/01\/sumud-1-300x273.jpg 300w, https:\/\/ismfrance.org\/wp-content\/uploads\/2022\/01\/sumud-1-700x638.jpg 700w, https:\/\/ismfrance.org\/wp-content\/uploads\/2022\/01\/sumud-1-768x700.jpg 768w\" sizes=\"auto, (max-width: 1080px) 100vw, 1080px\" \/><\/p>\n<p lang=\"en-GB\" align=\"LEFT\"><span style=\"font-family: Calibri, serif;\"><span style=\"font-size: large;\">Selon la d\u00e9finition programmatique du mouvement, la Palestine est la terre et le foyer du peuple palestinien, une terre arabe islamique sainte et b\u00e9nie qui occupe une place sp\u00e9ciale au c\u0153ur de ce que l&rsquo;on entend par Oumma (Nation) islamique, form\u00e9e par le territoire qui s&rsquo;\u00e9tend du Jourdain \u00e0 l&rsquo;est \u00e0 la M\u00e9diterran\u00e9e \u00e0 l&rsquo;ouest et de Ras Al-Naqurah au nord \u00e0 Umm Al-Rashrash au sud.<\/span><\/span><\/p>\n<p lang=\"en-GB\" align=\"LEFT\"><span style=\"font-family: Calibri, serif;\"><span style=\"font-size: large;\">Le mouvement d\u00e9clare que l&rsquo;occupation coloniale de la Palestine historique, ainsi que l&rsquo;expulsion et le bannissement du peuple palestinien, qui a commenc\u00e9 avec la Nakba (trag\u00e9die) en 1948, n&rsquo;annule pas le droit du peuple palestinien \u00e0 l&rsquo;int\u00e9gralit\u00e9 de la terre, tout en ne reconnaissant aucun droit de l&rsquo;\u00c9tat juif sur celle-ci. <\/span><\/span><\/p>\n<p lang=\"en-GB\" align=\"LEFT\"><span style=\"font-family: Calibri, serif;\"><span style=\"font-size: large;\">Ces formulations programmatiques seraient-elles contraires au droit \u00e0 l&rsquo;existence d'\u00a0\u00bbIsra\u00ebl\u00a0\u00bb ? <\/span><\/span><\/p>\n<p lang=\"en-GB\" align=\"LEFT\"><span style=\"font-family: Calibri, serif;\"><span style=\"font-size: large;\">Pour le Hamas, quelles que soient les catastrophes qui ont frapp\u00e9 le peuple palestinien depuis 1948, en raison de la partition, de l&rsquo;occupation et de la politique sioniste de d\u00e9placement et de nettoyage ethnique, l&rsquo;identit\u00e9 palestinienne ne sera pas effac\u00e9e ou ni\u00e9e. Un Palestinien, homme ou femme, ne perdra jamais son identit\u00e9 nationale et ses droits, m\u00eame apr\u00e8s avoir acquis une seconde nationalit\u00e9.<\/span><\/span><\/p>\n<p lang=\"en-GB\" align=\"LEFT\"><span style=\"font-family: Calibri, serif;\"><span style=\"font-size: large;\">Le programme du mouvement indique clairement que le conflit en Palestine occup\u00e9e est bas\u00e9 sur la lutte contre le projet colonial sioniste, et non contre les juifs. La r\u00e9sistance comprend que sans que soient \u00e9limin\u00e9es les causes sous-jacentes de l&rsquo;injustice et de la tyrannie, il n&rsquo;y aura pas de paix et de s\u00e9curit\u00e9, car \u00ab\u00a0Isra\u00ebl\u00a0\u00bb est une entit\u00e9 colonialiste qui impose une occupation ill\u00e9gale de la Palestine et soumet le peuple palestinien \u00e0 l&rsquo;oppression, au si\u00e8ge, \u00e0 l&rsquo;humiliation quotidienne et aux violations syst\u00e9matiques des droits de l&rsquo;homme. Et contre cela, le Hamas promet de se battre avec acharnement.<\/span><\/span><\/p>\n<p align=\"LEFT\"><span style=\"font-family: Calibri, serif;\"><span style=\"font-size: large;\"><span lang=\"en-GB\">Dans la nouvelle formulation du programme, le Hamas soutient qu&rsquo;Isra\u00ebl n&rsquo;est pas un \u00c9tat normal, mais une occupation de colons juifs ashk\u00e9nazes, khazars et s\u00e9farades venus d&rsquo;Europe, qui a \u00e9t\u00e9 cr\u00e9\u00e9e au cours du processus d&rsquo;expulsion et d&rsquo;expropriation massive du peuple palestinien. Depuis 1948, des millions de Palestiniens continuent d&rsquo;\u00eatre victimes de l&rsquo;occupation, de l&rsquo;exil et de la dispersion. Dans ce cas, le Hamas estime que reconna\u00eetre \u00ab\u00a0Isra\u00ebl\u00a0\u00bb reviendrait \u00e0 l\u00e9gitimer toutes les revendications et les mythes sionistes sur lesquels repose la cr\u00e9ation de l'\u00a0\u00bb\u00c9tat d&rsquo;Isra\u00ebl\u00a0\u00bb.<\/span><\/span><\/span><\/p>\n<p lang=\"en-GB\" align=\"LEFT\"><span style=\"font-family: Calibri, serif;\"><span style=\"font-size: large;\">La relation entre le peuple palestinien et Isra\u00ebl n&rsquo;est pas une relation entre \u00c9tats souverains. C&rsquo;est une relation d\u00e9termin\u00e9e par le colonialisme, l&rsquo;expropriation militaire et l&rsquo;occupation isra\u00e9liens, et par la lutte des Palestiniens pour la libert\u00e9 et l&rsquo;autod\u00e9termination. C&rsquo;est la r\u00e9alit\u00e9, et elle est incontournable. Demander aux Palestiniens de reconna\u00eetre l&rsquo;occupation isra\u00e9lienne reviendrait \u00e0 demander aux Sud-Africains noirs de reconna\u00eetre la l\u00e9gitimit\u00e9 du r\u00e9gime d&rsquo;apartheid sud-africain blanc ; ou \u00e0 esp\u00e9rer que les Alg\u00e9riens reconnaissent l&rsquo;occupation fran\u00e7aise pendant leur guerre de lib\u00e9ration nationale.<\/span><\/span><\/p>\n<p lang=\"en-GB\" align=\"LEFT\"><span style=\"font-family: Calibri, serif;\"><span style=\"font-size: large;\">Pour les Palestiniens, accepter la r\u00e9alit\u00e9 de leur occupant et de leur oppresseur revient \u00e0 abandonner le r\u00eave de libert\u00e9 et de lib\u00e9ration et \u00e0 trahir ceux qui ont lutt\u00e9 longtemps et durement pour leur libert\u00e9, leur autod\u00e9termination et leur dignit\u00e9, ainsi que le principe m\u00eame de la lutte universelle pour la justice et la libert\u00e9 &#8211; des pr\u00e9misses inscrites dans les dispositions divines, dans le droit international et dans la Charte des Nations unies.<\/span><\/span><\/p>\n<p lang=\"en-GB\" align=\"LEFT\"><span style=\"font-family: Calibri, serif;\"><span style=\"font-size: large;\">Les dirigeants du mouvement affirment qu&rsquo;il est possible de reconna\u00eetre ses amis, mais qu&rsquo;il est plut\u00f4t absurde d&rsquo;accepter la l\u00e9gitimit\u00e9 de ses ennemis. Ils consid\u00e8rent qu&rsquo;il est absurde d&rsquo;utiliser la reconnaissance d'\u00a0\u00bbIsra\u00ebl\u00a0\u00bb comme une condition pr\u00e9alable \u00e0 l&rsquo;entr\u00e9e en vigueur d'\u00a0\u00bbaccords de paix\u00a0\u00bb ou de \u00ab\u00a0normalisations\u00a0\u00bb, alors que l&rsquo;on sait qu'\u00a0\u00bbIsra\u00ebl\u00a0\u00bb poursuit ses actions syst\u00e9matiques d&rsquo;injustice et d&rsquo;oppression \u00e0 l&rsquo;encontre des Palestiniens, tout en continuant \u00e0 \u00e9tendre l&rsquo;occupation.<\/span><\/span><\/p>\n<p lang=\"en-GB\" align=\"LEFT\"><span style=\"font-family: Calibri, serif;\"><span style=\"font-size: large;\">L&rsquo;Organisation de Lib\u00e9ration de la Palestine (OLP) a reconnu l'\u00a0\u00bbEtat d&rsquo;Isra\u00ebl\u00a0\u00bb en 1988 et a r\u00e9it\u00e9r\u00e9 cette reconnaissance dans le processus des n\u00e9gociations d&rsquo;Oslo en 1993, en plus de promouvoir diverses initiatives de paix avec \u00ab\u00a0Isra\u00ebl\u00a0\u00bb depuis la Conf\u00e9rence de Madrid en 1991. Il faut se demander ce que ces n\u00e9gociations et cette reconnaissance ont apport\u00e9 aux Palestiniens. <\/span><\/span><\/p>\n<p lang=\"en-GB\" align=\"LEFT\"><span style=\"font-family: Calibri, serif;\"><span style=\"font-size: large;\">Les gouvernements isra\u00e9liens n&rsquo;ont jamais respect\u00e9 les termes de ces accords. \u00ab\u00a0Isra\u00ebl\u00a0\u00bb n&rsquo;a jamais reconnu les droits historiques et politiques l\u00e9gitimes du peuple palestinien \u00e0 la terre et au retour, ni sa responsabilit\u00e9 morale, politique et juridique dans l&rsquo;expropriation des terres et l&rsquo;expulsion des Palestiniens. <\/span><\/span><\/p>\n<p lang=\"en-GB\" align=\"LEFT\"><span style=\"font-family: Calibri, serif;\"><span style=\"font-size: large;\">Au contraire, Isra\u00ebl continue d&rsquo;attaquer militairement les Palestiniens par des agressions massives et en s&#8217;emparant de terres, de construire de nouvelles colonies juives ill\u00e9gales et de les agrandir, d&rsquo;assi\u00e9ger Gaza et de violer syst\u00e9matiquement les droits de l&rsquo;homme des Palestiniens, accumulant le nombre stup\u00e9fiant de plus de 4.600 prisonniers politiques, parmi lesquels environ 160 enfants, 34 femmes, 547 Palestiniens condamn\u00e9s \u00e0 la prison \u00e0 vie et 9 membres du Conseil l\u00e9gislatif palestinien, l\u00e9gitimement \u00e9lu en 2006. On estime que depuis la Nakba, plus d&rsquo;un million de Palestiniens de tous \u00e2ges sont pass\u00e9s par les prisons sionistes.<\/span><\/span><\/p>\n<p lang=\"en-GB\" align=\"LEFT\"><span style=\"font-family: Calibri, serif;\"><span style=\"font-size: large;\">Sur la base de l&rsquo;exp\u00e9rience de ces \u00ab\u00a0accords de paix\u00a0\u00bb et d&rsquo;autres n\u00e9gociations avec l&rsquo;occupant sioniste, il est plus qu&rsquo;\u00e9vident que ces initiatives n&rsquo;ont pas r\u00e9ussi \u00e0 restaurer les droits des Palestiniens, pas plus qu&rsquo;elles n&rsquo;ont garanti l&rsquo;efficacit\u00e9 des diverses r\u00e9solutions des Nations unies (ONU) qui pourraient restaurer ces droits. Le probl\u00e8me principal n&rsquo;est pas les n\u00e9gociations, mais le fait qu'\u00a0\u00bbIsra\u00ebl\u00a0\u00bb ne reconna\u00eet aucun des droits des Palestiniens. Isra\u00ebl ne respecte tout simplement pas les accords, continue de transgresser ce qui a \u00e9t\u00e9 convenu et va encore plus loin dans sa politique colonialiste agressive dans les territoires palestiniens.<\/span><\/span><\/p>\n<p lang=\"en-GB\" align=\"LEFT\"><span style=\"font-family: Calibri, serif;\"><span style=\"font-size: large;\">Du point de vue de la r\u00e9sistance palestinienne, il serait impensable, immoral et injuste d&rsquo;attendre des Palestiniens, qui sont continuellement opprim\u00e9s et assujettis par l&rsquo;occupation militaire isra\u00e9lienne, qu&rsquo;ils capitulent devant les conditions humiliantes d&rsquo;Isra\u00ebl. Il n&rsquo;existe aucun pr\u00e9c\u00e9dent dans l&rsquo;histoire moderne o\u00f9 un peuple a consenti au vol de sa patrie sans r\u00e9sister, et le peuple de Palestine a d\u00e9finitivement d\u00e9montr\u00e9 au cours de ces 73 ann\u00e9es qu&rsquo;il ne fera pas exception.<\/span><\/span><\/p>\n<p lang=\"en-GB\" align=\"LEFT\"><span style=\"font-family: Calibri, serif;\"><span style=\"font-size: large;\"><i>Article envoy\u00e9 par l&rsquo;auteur \/ Traduction de l&rsquo;anglais MR<\/i><\/span><\/span><\/p>\n<p align=\"LEFT\"><span style=\"color: #201f1e;\"><span style=\"font-family: Vrinda, serif;\"><span style=\"font-size: medium;\">[writers slug=sayid-marcos-tenorio]<\/span><\/span><\/span><\/p>\n","protected":false},"excerpt":{"rendered":"<p>Sayid Marcos Ten\u00f3rio, 23 janvier 2022. Le Mouvement de la r\u00e9sistance islamique (Hamas) a adopt\u00e9 un nouveau programme en mai 2017, dans lequel il se d\u00e9clare mouvement national, islamique, de <a class=\"more-link\" href=\"https:\/\/ismfrance.org\/index.php\/2022\/01\/24\/israel-nest-pas-un-etat-normal\/\">Lire la suite &rarr;<\/a><\/p>\n","protected":false},"author":3,"featured_media":1710,"comment_status":"closed","ping_status":"closed","sticky":false,"template":"","format":"standard","meta":{"footnotes":""},"categories":[12,2],"tags":[58,74],"class_list":["post-1709","post","type-post","status-publish","format-standard","has-post-thumbnail","hentry","category-analyses","category-articles","tag-histoire","tag-sionisme"],"yoast_head":"<!-- This site is optimized with the Yoast SEO plugin v27.2 - https:\/\/yoast.com\/product\/yoast-seo-wordpress\/ -->\n<title>Isra\u00ebl n&#039;est pas un &quot;Etat&quot; normal - International Solidarity Movement - ISM-France<\/title>\n<meta name=\"robots\" content=\"index, follow, max-snippet:-1, max-image-preview:large, max-video-preview:-1\" \/>\n<link rel=\"canonical\" href=\"https:\/\/ismfrance.org\/index.php\/2022\/01\/24\/israel-nest-pas-un-etat-normal\/\" \/>\n<meta property=\"og:locale\" content=\"fr_FR\" \/>\n<meta property=\"og:type\" content=\"article\" \/>\n<meta property=\"og:title\" content=\"Isra\u00ebl n&#039;est pas un &quot;Etat&quot; normal - International Solidarity Movement - ISM-France\" \/>\n<meta property=\"og:description\" content=\"Sayid Marcos Ten\u00f3rio, 23 janvier 2022. Le Mouvement de la r\u00e9sistance islamique (Hamas) a adopt\u00e9 un nouveau programme en mai 2017, dans lequel il se d\u00e9clare mouvement national, islamique, de Lire la suite &rarr;\" \/>\n<meta property=\"og:url\" content=\"https:\/\/ismfrance.org\/index.php\/2022\/01\/24\/israel-nest-pas-un-etat-normal\/\" \/>\n<meta property=\"og:site_name\" content=\"International Solidarity Movement - ISM-France\" \/>\n<meta property=\"article:published_time\" content=\"2022-01-24T12:08:17+00:00\" \/>\n<meta property=\"article:modified_time\" content=\"2022-01-24T12:16:01+00:00\" \/>\n<meta property=\"og:image\" content=\"https:\/\/ismfrance.org\/wp-content\/uploads\/2022\/01\/sumud-1.jpg\" \/>\n\t<meta property=\"og:image:width\" content=\"1080\" \/>\n\t<meta property=\"og:image:height\" content=\"984\" \/>\n\t<meta property=\"og:image:type\" content=\"image\/jpeg\" \/>\n<meta name=\"author\" content=\"mru_01\" \/>\n<meta name=\"twitter:card\" content=\"summary_large_image\" \/>\n<meta name=\"twitter:creator\" content=\"@ISMFRANCE\" \/>\n<meta name=\"twitter:site\" content=\"@ISMFRANCE\" \/>\n<meta name=\"twitter:label1\" content=\"\u00c9crit par\" \/>\n\t<meta name=\"twitter:data1\" content=\"mru_01\" \/>\n\t<meta name=\"twitter:label2\" content=\"Dur\u00e9e de lecture estim\u00e9e\" \/>\n\t<meta name=\"twitter:data2\" content=\"6 minutes\" \/>\n<script type=\"application\/ld+json\" class=\"yoast-schema-graph\">{\"@context\":\"https:\/\/schema.org\",\"@graph\":[{\"@type\":\"Article\",\"@id\":\"https:\/\/ismfrance.org\/index.php\/2022\/01\/24\/israel-nest-pas-un-etat-normal\/#article\",\"isPartOf\":{\"@id\":\"https:\/\/ismfrance.org\/index.php\/2022\/01\/24\/israel-nest-pas-un-etat-normal\/\"},\"author\":{\"name\":\"mru_01\",\"@id\":\"https:\/\/ismfrance.org\/#\/schema\/person\/3c411eb72adfaae19c0dca1f41fae01d\"},\"headline\":\"Isra\u00ebl n&rsquo;est pas un \u00ab\u00a0Etat\u00a0\u00bb normal\",\"datePublished\":\"2022-01-24T12:08:17+00:00\",\"dateModified\":\"2022-01-24T12:16:01+00:00\",\"mainEntityOfPage\":{\"@id\":\"https:\/\/ismfrance.org\/index.php\/2022\/01\/24\/israel-nest-pas-un-etat-normal\/\"},\"wordCount\":1198,\"publisher\":{\"@id\":\"https:\/\/ismfrance.org\/#organization\"},\"image\":{\"@id\":\"https:\/\/ismfrance.org\/index.php\/2022\/01\/24\/israel-nest-pas-un-etat-normal\/#primaryimage\"},\"thumbnailUrl\":\"https:\/\/ismfrance.org\/wp-content\/uploads\/2022\/01\/sumud-1.jpg\",\"keywords\":[\"Histoire\",\"Sionisme\"],\"articleSection\":[\"Analyses\",\"Articles\"],\"inLanguage\":\"fr-FR\"},{\"@type\":\"WebPage\",\"@id\":\"https:\/\/ismfrance.org\/index.php\/2022\/01\/24\/israel-nest-pas-un-etat-normal\/\",\"url\":\"https:\/\/ismfrance.org\/index.php\/2022\/01\/24\/israel-nest-pas-un-etat-normal\/\",\"name\":\"Isra\u00ebl n'est pas un \\\"Etat\\\" normal - International Solidarity Movement - ISM-France\",\"isPartOf\":{\"@id\":\"https:\/\/ismfrance.org\/#website\"},\"primaryImageOfPage\":{\"@id\":\"https:\/\/ismfrance.org\/index.php\/2022\/01\/24\/israel-nest-pas-un-etat-normal\/#primaryimage\"},\"image\":{\"@id\":\"https:\/\/ismfrance.org\/index.php\/2022\/01\/24\/israel-nest-pas-un-etat-normal\/#primaryimage\"},\"thumbnailUrl\":\"https:\/\/ismfrance.org\/wp-content\/uploads\/2022\/01\/sumud-1.jpg\",\"datePublished\":\"2022-01-24T12:08:17+00:00\",\"dateModified\":\"2022-01-24T12:16:01+00:00\",\"breadcrumb\":{\"@id\":\"https:\/\/ismfrance.org\/index.php\/2022\/01\/24\/israel-nest-pas-un-etat-normal\/#breadcrumb\"},\"inLanguage\":\"fr-FR\",\"potentialAction\":[{\"@type\":\"ReadAction\",\"target\":[\"https:\/\/ismfrance.org\/index.php\/2022\/01\/24\/israel-nest-pas-un-etat-normal\/\"]}]},{\"@type\":\"ImageObject\",\"inLanguage\":\"fr-FR\",\"@id\":\"https:\/\/ismfrance.org\/index.php\/2022\/01\/24\/israel-nest-pas-un-etat-normal\/#primaryimage\",\"url\":\"https:\/\/ismfrance.org\/wp-content\/uploads\/2022\/01\/sumud-1.jpg\",\"contentUrl\":\"https:\/\/ismfrance.org\/wp-content\/uploads\/2022\/01\/sumud-1.jpg\",\"width\":1080,\"height\":984},{\"@type\":\"BreadcrumbList\",\"@id\":\"https:\/\/ismfrance.org\/index.php\/2022\/01\/24\/israel-nest-pas-un-etat-normal\/#breadcrumb\",\"itemListElement\":[{\"@type\":\"ListItem\",\"position\":1,\"name\":\"Accueil\",\"item\":\"https:\/\/ismfrance.org\/\"},{\"@type\":\"ListItem\",\"position\":2,\"name\":\"Isra\u00ebl n&#8217;est pas un &#8220;Etat&#8221; normal\"}]},{\"@type\":\"WebSite\",\"@id\":\"https:\/\/ismfrance.org\/#website\",\"url\":\"https:\/\/ismfrance.org\/\",\"name\":\"ISM Palestine France\",\"description\":\"Soutien aux luttes de lib\u00e9ration du peuple palestinien\",\"publisher\":{\"@id\":\"https:\/\/ismfrance.org\/#organization\"},\"potentialAction\":[{\"@type\":\"SearchAction\",\"target\":{\"@type\":\"EntryPoint\",\"urlTemplate\":\"https:\/\/ismfrance.org\/?s={search_term_string}\"},\"query-input\":{\"@type\":\"PropertyValueSpecification\",\"valueRequired\":true,\"valueName\":\"search_term_string\"}}],\"inLanguage\":\"fr-FR\"},{\"@type\":\"Organization\",\"@id\":\"https:\/\/ismfrance.org\/#organization\",\"name\":\"International Solidarity Movement\",\"url\":\"https:\/\/ismfrance.org\/\",\"logo\":{\"@type\":\"ImageObject\",\"inLanguage\":\"fr-FR\",\"@id\":\"https:\/\/ismfrance.org\/#\/schema\/logo\/image\/\",\"url\":\"https:\/\/ismfrance.org\/wp-content\/uploads\/2020\/12\/00.png\",\"contentUrl\":\"https:\/\/ismfrance.org\/wp-content\/uploads\/2020\/12\/00.png\",\"width\":400,\"height\":400,\"caption\":\"International Solidarity Movement\"},\"image\":{\"@id\":\"https:\/\/ismfrance.org\/#\/schema\/logo\/image\/\"},\"sameAs\":[\"https:\/\/x.com\/ISMFRANCE\"]},{\"@type\":\"Person\",\"@id\":\"https:\/\/ismfrance.org\/#\/schema\/person\/3c411eb72adfaae19c0dca1f41fae01d\",\"name\":\"mru_01\",\"image\":{\"@type\":\"ImageObject\",\"inLanguage\":\"fr-FR\",\"@id\":\"https:\/\/secure.gravatar.com\/avatar\/3a0be343b445d2ccc79e87444a294fad2b232e90d2051d0e3cc219e1ecd6a330?s=96&d=mm&r=g\",\"url\":\"https:\/\/secure.gravatar.com\/avatar\/3a0be343b445d2ccc79e87444a294fad2b232e90d2051d0e3cc219e1ecd6a330?s=96&d=mm&r=g\",\"contentUrl\":\"https:\/\/secure.gravatar.com\/avatar\/3a0be343b445d2ccc79e87444a294fad2b232e90d2051d0e3cc219e1ecd6a330?s=96&d=mm&r=g\",\"caption\":\"mru_01\"},\"url\":\"https:\/\/ismfrance.org\/index.php\/author\/admin02\/\"}]}<\/script>\n<!-- \/ Yoast SEO plugin. -->","yoast_head_json":{"title":"Isra\u00ebl n'est pas un \"Etat\" normal - International Solidarity Movement - ISM-France","robots":{"index":"index","follow":"follow","max-snippet":"max-snippet:-1","max-image-preview":"max-image-preview:large","max-video-preview":"max-video-preview:-1"},"canonical":"https:\/\/ismfrance.org\/index.php\/2022\/01\/24\/israel-nest-pas-un-etat-normal\/","og_locale":"fr_FR","og_type":"article","og_title":"Isra\u00ebl n'est pas un \"Etat\" normal - International Solidarity Movement - ISM-France","og_description":"Sayid Marcos Ten\u00f3rio, 23 janvier 2022. Le Mouvement de la r\u00e9sistance islamique (Hamas) a adopt\u00e9 un nouveau programme en mai 2017, dans lequel il se d\u00e9clare mouvement national, islamique, de Lire la suite &rarr;","og_url":"https:\/\/ismfrance.org\/index.php\/2022\/01\/24\/israel-nest-pas-un-etat-normal\/","og_site_name":"International Solidarity Movement - ISM-France","article_published_time":"2022-01-24T12:08:17+00:00","article_modified_time":"2022-01-24T12:16:01+00:00","og_image":[{"width":1080,"height":984,"url":"https:\/\/ismfrance.org\/wp-content\/uploads\/2022\/01\/sumud-1.jpg","type":"image\/jpeg"}],"author":"mru_01","twitter_card":"summary_large_image","twitter_creator":"@ISMFRANCE","twitter_site":"@ISMFRANCE","twitter_misc":{"\u00c9crit par":"mru_01","Dur\u00e9e de lecture estim\u00e9e":"6 minutes"},"schema":{"@context":"https:\/\/schema.org","@graph":[{"@type":"Article","@id":"https:\/\/ismfrance.org\/index.php\/2022\/01\/24\/israel-nest-pas-un-etat-normal\/#article","isPartOf":{"@id":"https:\/\/ismfrance.org\/index.php\/2022\/01\/24\/israel-nest-pas-un-etat-normal\/"},"author":{"name":"mru_01","@id":"https:\/\/ismfrance.org\/#\/schema\/person\/3c411eb72adfaae19c0dca1f41fae01d"},"headline":"Isra\u00ebl n&rsquo;est pas un \u00ab\u00a0Etat\u00a0\u00bb normal","datePublished":"2022-01-24T12:08:17+00:00","dateModified":"2022-01-24T12:16:01+00:00","mainEntityOfPage":{"@id":"https:\/\/ismfrance.org\/index.php\/2022\/01\/24\/israel-nest-pas-un-etat-normal\/"},"wordCount":1198,"publisher":{"@id":"https:\/\/ismfrance.org\/#organization"},"image":{"@id":"https:\/\/ismfrance.org\/index.php\/2022\/01\/24\/israel-nest-pas-un-etat-normal\/#primaryimage"},"thumbnailUrl":"https:\/\/ismfrance.org\/wp-content\/uploads\/2022\/01\/sumud-1.jpg","keywords":["Histoire","Sionisme"],"articleSection":["Analyses","Articles"],"inLanguage":"fr-FR"},{"@type":"WebPage","@id":"https:\/\/ismfrance.org\/index.php\/2022\/01\/24\/israel-nest-pas-un-etat-normal\/","url":"https:\/\/ismfrance.org\/index.php\/2022\/01\/24\/israel-nest-pas-un-etat-normal\/","name":"Isra\u00ebl n'est pas un \"Etat\" normal - International Solidarity Movement - ISM-France","isPartOf":{"@id":"https:\/\/ismfrance.org\/#website"},"primaryImageOfPage":{"@id":"https:\/\/ismfrance.org\/index.php\/2022\/01\/24\/israel-nest-pas-un-etat-normal\/#primaryimage"},"image":{"@id":"https:\/\/ismfrance.org\/index.php\/2022\/01\/24\/israel-nest-pas-un-etat-normal\/#primaryimage"},"thumbnailUrl":"https:\/\/ismfrance.org\/wp-content\/uploads\/2022\/01\/sumud-1.jpg","datePublished":"2022-01-24T12:08:17+00:00","dateModified":"2022-01-24T12:16:01+00:00","breadcrumb":{"@id":"https:\/\/ismfrance.org\/index.php\/2022\/01\/24\/israel-nest-pas-un-etat-normal\/#breadcrumb"},"inLanguage":"fr-FR","potentialAction":[{"@type":"ReadAction","target":["https:\/\/ismfrance.org\/index.php\/2022\/01\/24\/israel-nest-pas-un-etat-normal\/"]}]},{"@type":"ImageObject","inLanguage":"fr-FR","@id":"https:\/\/ismfrance.org\/index.php\/2022\/01\/24\/israel-nest-pas-un-etat-normal\/#primaryimage","url":"https:\/\/ismfrance.org\/wp-content\/uploads\/2022\/01\/sumud-1.jpg","contentUrl":"https:\/\/ismfrance.org\/wp-content\/uploads\/2022\/01\/sumud-1.jpg","width":1080,"height":984},{"@type":"BreadcrumbList","@id":"https:\/\/ismfrance.org\/index.php\/2022\/01\/24\/israel-nest-pas-un-etat-normal\/#breadcrumb","itemListElement":[{"@type":"ListItem","position":1,"name":"Accueil","item":"https:\/\/ismfrance.org\/"},{"@type":"ListItem","position":2,"name":"Isra\u00ebl n&#8217;est pas un &#8220;Etat&#8221; normal"}]},{"@type":"WebSite","@id":"https:\/\/ismfrance.org\/#website","url":"https:\/\/ismfrance.org\/","name":"ISM Palestine France","description":"Soutien aux luttes de lib\u00e9ration du peuple palestinien","publisher":{"@id":"https:\/\/ismfrance.org\/#organization"},"potentialAction":[{"@type":"SearchAction","target":{"@type":"EntryPoint","urlTemplate":"https:\/\/ismfrance.org\/?s={search_term_string}"},"query-input":{"@type":"PropertyValueSpecification","valueRequired":true,"valueName":"search_term_string"}}],"inLanguage":"fr-FR"},{"@type":"Organization","@id":"https:\/\/ismfrance.org\/#organization","name":"International Solidarity Movement","url":"https:\/\/ismfrance.org\/","logo":{"@type":"ImageObject","inLanguage":"fr-FR","@id":"https:\/\/ismfrance.org\/#\/schema\/logo\/image\/","url":"https:\/\/ismfrance.org\/wp-content\/uploads\/2020\/12\/00.png","contentUrl":"https:\/\/ismfrance.org\/wp-content\/uploads\/2020\/12\/00.png","width":400,"height":400,"caption":"International Solidarity Movement"},"image":{"@id":"https:\/\/ismfrance.org\/#\/schema\/logo\/image\/"},"sameAs":["https:\/\/x.com\/ISMFRANCE"]},{"@type":"Person","@id":"https:\/\/ismfrance.org\/#\/schema\/person\/3c411eb72adfaae19c0dca1f41fae01d","name":"mru_01","image":{"@type":"ImageObject","inLanguage":"fr-FR","@id":"https:\/\/secure.gravatar.com\/avatar\/3a0be343b445d2ccc79e87444a294fad2b232e90d2051d0e3cc219e1ecd6a330?s=96&d=mm&r=g","url":"https:\/\/secure.gravatar.com\/avatar\/3a0be343b445d2ccc79e87444a294fad2b232e90d2051d0e3cc219e1ecd6a330?s=96&d=mm&r=g","contentUrl":"https:\/\/secure.gravatar.com\/avatar\/3a0be343b445d2ccc79e87444a294fad2b232e90d2051d0e3cc219e1ecd6a330?s=96&d=mm&r=g","caption":"mru_01"},"url":"https:\/\/ismfrance.org\/index.php\/author\/admin02\/"}]}},"_links":{"self":[{"href":"https:\/\/ismfrance.org\/index.php\/wp-json\/wp\/v2\/posts\/1709","targetHints":{"allow":["GET"]}}],"collection":[{"href":"https:\/\/ismfrance.org\/index.php\/wp-json\/wp\/v2\/posts"}],"about":[{"href":"https:\/\/ismfrance.org\/index.php\/wp-json\/wp\/v2\/types\/post"}],"author":[{"embeddable":true,"href":"https:\/\/ismfrance.org\/index.php\/wp-json\/wp\/v2\/users\/3"}],"replies":[{"embeddable":true,"href":"https:\/\/ismfrance.org\/index.php\/wp-json\/wp\/v2\/comments?post=1709"}],"version-history":[{"count":0,"href":"https:\/\/ismfrance.org\/index.php\/wp-json\/wp\/v2\/posts\/1709\/revisions"}],"wp:featuredmedia":[{"embeddable":true,"href":"https:\/\/ismfrance.org\/index.php\/wp-json\/wp\/v2\/media\/1710"}],"wp:attachment":[{"href":"https:\/\/ismfrance.org\/index.php\/wp-json\/wp\/v2\/media?parent=1709"}],"wp:term":[{"taxonomy":"category","embeddable":true,"href":"https:\/\/ismfrance.org\/index.php\/wp-json\/wp\/v2\/categories?post=1709"},{"taxonomy":"post_tag","embeddable":true,"href":"https:\/\/ismfrance.org\/index.php\/wp-json\/wp\/v2\/tags?post=1709"}],"curies":[{"name":"wp","href":"https:\/\/api.w.org\/{rel}","templated":true}]}}