{"id":17011,"date":"2024-12-27T15:58:21","date_gmt":"2024-12-27T14:58:21","guid":{"rendered":"https:\/\/ismfrance.org\/?p=17011"},"modified":"2024-12-27T18:59:42","modified_gmt":"2024-12-27T17:59:42","slug":"les-forces-doccupation-israeliennes-prennent-dassaut-lhopital-kamal-adwan-dans-le-nord-de-gaza-et-y-mettent-le-feu","status":"publish","type":"post","link":"https:\/\/ismfrance.org\/index.php\/2024\/12\/27\/les-forces-doccupation-israeliennes-prennent-dassaut-lhopital-kamal-adwan-dans-le-nord-de-gaza-et-y-mettent-le-feu\/","title":{"rendered":"Les forces d&rsquo;occupation isra\u00e9liennes prennent d&rsquo;assaut l&rsquo;h\u00f4pital Kamal Adwan dans le nord de Gaza et y mettent le feu &#8211; Communiqu\u00e9 Dr Al  Rish"},"content":{"rendered":"<p><span style=\"color: #000000;\"><span style=\"font-family: Verdana, sans-serif;\"><span style=\"font-size: medium;\"><strong>Al Mayadeen, 27 d\u00e9cembre 2024<\/strong>. Les forces d&rsquo;occupation isra\u00e9liennes (IOF) ont men\u00e9 vendredi une attaque \u00e9pouvantable contre l&rsquo;h\u00f4pital Kamal Adwan dans le nord de Gaza\u00a0; elles ont incendi\u00e9 cinq de ses sections, <a href=\"https:\/\/x.com\/i\/status\/1872625872366092468\">enlev\u00e9 des patients et du personnel m\u00e9dical apr\u00e8s les avoir forc\u00e9 \u00e0 se d\u00e9shabiller<\/a>.<\/span><\/span><\/span><\/p>\n<p><a href=\"https:\/\/ismfrance.org\/wp-content\/uploads\/2024\/12\/f9245b80-c450-11ef-a517-00163e02c055.webp\"><img loading=\"lazy\" decoding=\"async\" class=\"alignnone size-large wp-image-17014\" src=\"https:\/\/ismfrance.org\/wp-content\/uploads\/2024\/12\/f9245b80-c450-11ef-a517-00163e02c055-700x388.webp\" alt=\"\" width=\"600\" height=\"333\" srcset=\"https:\/\/ismfrance.org\/wp-content\/uploads\/2024\/12\/f9245b80-c450-11ef-a517-00163e02c055-700x388.webp 700w, https:\/\/ismfrance.org\/wp-content\/uploads\/2024\/12\/f9245b80-c450-11ef-a517-00163e02c055-300x166.webp 300w, https:\/\/ismfrance.org\/wp-content\/uploads\/2024\/12\/f9245b80-c450-11ef-a517-00163e02c055-768x426.webp 768w, https:\/\/ismfrance.org\/wp-content\/uploads\/2024\/12\/f9245b80-c450-11ef-a517-00163e02c055-1536x852.webp 1536w, https:\/\/ismfrance.org\/wp-content\/uploads\/2024\/12\/f9245b80-c450-11ef-a517-00163e02c055-1320x732.webp 1320w, https:\/\/ismfrance.org\/wp-content\/uploads\/2024\/12\/f9245b80-c450-11ef-a517-00163e02c055.webp 2048w\" sizes=\"auto, (max-width: 600px) 100vw, 600px\" \/><\/a><\/p>\n<p><span style=\"color: #000000;\"><span style=\"font-family: Verdana, sans-serif;\"><span style=\"font-size: medium;\">Le minist\u00e8re de la Sant\u00e9 \u00e0 Gaza a d\u00e9clar\u00e9 que l&rsquo;incendie avait commenc\u00e9 \u00e0 se propager \u00e0 tous les b\u00e2timents de l&rsquo;h\u00f4pital, que les forces d&rsquo;occupation avaient incendi\u00e9 les sections d&rsquo;op\u00e9rations et de chirurgie, ainsi que les unit\u00e9s de laboratoire, de maintenance et d&rsquo;urgence.<\/span><\/span><\/span><\/p>\n<p><span style=\"color: #000000;\"><span style=\"font-family: Verdana, sans-serif;\"><span style=\"font-size: medium;\">Dans une escalade alarmante, les forces d&rsquo;occupation isra\u00e9liennes ont lanc\u00e9 une frappe a\u00e9rienne \u00e0 proximit\u00e9 de l&rsquo;h\u00f4pital, apr\u00e8s avoir pris d&rsquo;assaut ses locaux et d\u00e9plac\u00e9 de force 300 patients. Beaucoup de ces patients, qui d\u00e9pendaient d&rsquo;appareils m\u00e9dicaux vitaux, ont \u00e9t\u00e9 laiss\u00e9s dehors, expos\u00e9s au froid glacial, mettant encore plus en danger leur sant\u00e9 fragile.<\/span><\/span><\/span><\/p>\n<p><span style=\"color: #000000;\"><span style=\"font-family: Verdana, sans-serif;\"><span style=\"font-size: medium;\">Les forces d&rsquo;occupation isra\u00e9liennes ont \u00e9galement fouill\u00e9 minutieusement les patients et le personnel m\u00e9dical, ajoutant \u00e0 leur traumatisme.<\/span><\/span><\/span><\/p>\n<p><span style=\"color: #000000;\"><span style=\"font-family: Verdana, sans-serif;\"><span style=\"font-size: medium;\">Apr\u00e8s avoir d\u00e9plac\u00e9 de force les patients et le personnel de l&rsquo;h\u00f4pital, les forces d&rsquo;occupation ont kidnapp\u00e9 les patients, ainsi que les habitants des environs, et les ont rassembl\u00e9s dans la cour de l&rsquo;\u00e9cole al-Fakhoura dans des conditions climatiques difficiles.<\/span><\/span><\/span><\/p>\n<p><span style=\"color: #000000;\"><span style=\"font-family: Verdana, sans-serif;\"><span style=\"font-size: medium;\">Cette action a \u00e9t\u00e9 condamn\u00e9e comme une grave violation du droit international humanitaire, qui montre le m\u00e9pris de l&rsquo;arm\u00e9e isra\u00e9lienne pour le caract\u00e8re sacr\u00e9 des installations m\u00e9dicales et le bien-\u00eatre des personnes vuln\u00e9rables \u00e0 Gaza.<\/span><\/span><\/span><\/p>\n<p><strong><span style=\"color: #000000;\"><span style=\"font-family: Verdana, sans-serif;\"><span style=\"font-size: large;\">Le sort in\u00e9vitable des habitants du nord de Gaza sera la mort<\/span><\/span><\/span><\/strong><\/p>\n<p><span style=\"color: #000000;\"><span style=\"font-family: Verdana, sans-serif;\"><span style=\"font-size: medium;\">Le correspondant d&rsquo;<i>Al Mayadeen<\/i> \u00e0 Gaza a not\u00e9 qu&rsquo;avec l&rsquo;attaque contre l&rsquo;h\u00f4pital Kamal Adwan, tous les h\u00f4pitaux du nord de la bande de Gaza sont maintenant hors service.<\/span><\/span><\/span><\/p>\n<div id=\"attachment_17018\" style=\"width: 610px\" class=\"wp-caption alignnone\"><a href=\"https:\/\/ismfrance.org\/wp-content\/uploads\/2024\/12\/nord-gaza.jpeg\"><img loading=\"lazy\" decoding=\"async\" aria-describedby=\"caption-attachment-17018\" class=\"wp-image-17018 size-large\" src=\"https:\/\/ismfrance.org\/wp-content\/uploads\/2024\/12\/nord-gaza-700x697.jpeg\" alt=\"\" width=\"600\" height=\"597\" srcset=\"https:\/\/ismfrance.org\/wp-content\/uploads\/2024\/12\/nord-gaza-700x697.jpeg 700w, https:\/\/ismfrance.org\/wp-content\/uploads\/2024\/12\/nord-gaza-300x300.jpeg 300w, https:\/\/ismfrance.org\/wp-content\/uploads\/2024\/12\/nord-gaza-150x150.jpeg 150w, https:\/\/ismfrance.org\/wp-content\/uploads\/2024\/12\/nord-gaza-768x765.jpeg 768w, https:\/\/ismfrance.org\/wp-content\/uploads\/2024\/12\/nord-gaza-144x144.jpeg 144w, https:\/\/ismfrance.org\/wp-content\/uploads\/2024\/12\/nord-gaza.jpeg 903w\" sizes=\"auto, (max-width: 600px) 100vw, 600px\" \/><\/a><p id=\"caption-attachment-17018\" class=\"wp-caption-text\">Nord de Gaza, 27 d\u00e9cembre 2024.<\/p><\/div>\n<p><span style=\"color: #000000;\"><span style=\"font-family: Verdana, sans-serif;\"><span style=\"font-size: medium;\">De son c\u00f4t\u00e9, le directeur des h\u00f4pitaux de la bande de Gaza a soulign\u00e9 que \u00ab le monde libre doit intervenir imm\u00e9diatement pour mettre fin \u00e0 la guerre isra\u00e9lienne contre la bande de Gaza \u00bb, que le personnel m\u00e9dical est soumis \u00e0 des abus de la part des forces isra\u00e9liennes dans divers h\u00f4pitaux de la bande qu&rsquo;elles prennent d&rsquo;assaut.<\/span><\/span><\/span><\/p>\n<p><span style=\"color: #000000;\"><span style=\"font-family: Verdana, sans-serif;\"><span style=\"font-size: medium;\">La suspension des services \u00e0 l&rsquo;h\u00f4pital Kamal Adwan prive les habitants du nord de Gaza de soins m\u00e9dicaux, a d\u00e9clar\u00e9 le directeur, qui a alert\u00e9 que dans la situation actuelle, le sort in\u00e9vitable des habitants de la r\u00e9gion sera la mort.<\/span><\/span><\/span><\/p>\n<p><span style=\"color: #000000;\"><span style=\"font-family: Verdana, sans-serif;\"><span style=\"font-size: medium;\">Le minist\u00e8re de la Sant\u00e9 de Gaza a d\u00e9clar\u00e9 que le directeur de l&rsquo;h\u00f4pital Kamal Adwan, le Dr Hussam Abu Safiya, a re\u00e7u une menace claire de l&rsquo;occupation selon laquelle il sera cette fois-ci arr\u00eat\u00e9.<\/span><\/span><\/span><\/p>\n<p><strong><span style=\"color: #000000;\"><span style=\"font-family: Verdana, sans-serif;\"><span style=\"font-size: large;\">Le Hamas condamne l&rsquo;attaque comme un crime de guerre<\/span><\/span><\/span><\/strong><\/p>\n<p><span style=\"color: #000000;\"><span style=\"font-family: Verdana, sans-serif;\"><span style=\"font-size: medium;\">En r\u00e9ponse \u00e0 cette derni\u00e8re attaque isra\u00e9lienne, le Hamas a condamn\u00e9 les actions comme un \u00ab crime de guerre \u00bb ajout\u00e9 \u00e0 une liste croissante d&rsquo;atrocit\u00e9s commises par \u00ab Isra\u00ebl \u00bb contre le peuple palestinien. Le groupe a critiqu\u00e9 la communaut\u00e9 internationale pour son inaction continue en mati\u00e8re de protection des civils et des installations m\u00e9dicales.<\/span><\/span><\/span><\/p>\n<p><span style=\"color: #000000;\"><span style=\"font-family: Verdana, sans-serif;\"><span style=\"font-size: medium;\">Il a en outre accus\u00e9 les \u00c9tats-Unis de complicit\u00e9 dans l&rsquo;agression en cours, qualifiant les actions de l&rsquo;arm\u00e9e isra\u00e9lienne de \u00ab crimes de guerre sionistes \u00bb commis dans un silence mondial.<\/span><\/span><\/span><\/p>\n<p><span style=\"color: #000000;\"><span style=\"font-family: Verdana, sans-serif;\"><span style=\"font-size: medium;\">Le mouvement a tenu l&rsquo;occupation isra\u00e9lienne et l&rsquo;administration am\u00e9ricaine pleinement responsables de la vie des patients, des bless\u00e9s et du personnel m\u00e9dical travaillant \u00e0 l&rsquo;h\u00f4pital. Ces propos font suite \u00e0 l&rsquo;isolement total des Palestiniens, \u00e0 des rapports faisant \u00e9tat d&rsquo;abus, \u00e0 l&rsquo;arrestation de plusieurs individus et \u00e0 leur transfert vers un lieu inconnu.<\/span><\/span><\/span><\/p>\n<p><span style=\"color: #000000;\"><span style=\"font-family: Verdana, sans-serif;\"><span style=\"font-size: medium;\">Le Hamas a exhort\u00e9 la communaut\u00e9 internationale, notamment les Nations Unies, \u00e0 rompre le silence et \u00e0 prendre des mesures imm\u00e9diates pour mettre un terme au g\u00e9nocide isra\u00e9lien en cours \u00e0 Gaza. Le groupe a appel\u00e9 \u00e0 des mesures pour garantir que les responsables isra\u00e9liens rendent des comptes pour les atrocit\u00e9s commises par l&rsquo;entit\u00e9 isra\u00e9lienne, exigeant que les responsables isra\u00e9liens soient traduits en justice pour leurs crimes contre l&rsquo;humanit\u00e9.<\/span><\/span><\/span><\/p>\n<p><strong><span style=\"color: #000000;\"><span style=\"font-family: Verdana, sans-serif;\"><span style=\"font-size: large;\">Les forces d\u2019occupation isra\u00e9liennes ont tir\u00e9 directement sur l\u2019h\u00f4pital al-Awda<\/span><\/span><\/span><\/strong><\/p>\n<p><span style=\"color: #000000;\"><span style=\"font-family: Verdana, sans-serif;\"><span style=\"font-size: medium;\">Au cours d\u2019une nouvelle attaque contre des h\u00f4pitaux \u00e0 Gaza, les forces d\u2019occupation isra\u00e9liennes ont tir\u00e9 sur l\u2019h\u00f4pital al-Awda et ses environs dans le nord de Gaza plus t\u00f4t dans la journ\u00e9e. Le bombardement a suivi la d\u00e9tonation d\u2019un engin explosif t\u00e9l\u00e9command\u00e9 pr\u00e8s de l\u2019\u00e9tablissement aux premi\u00e8res heures de la matin\u00e9e.<\/span><\/span><\/span><\/p>\n<p><span style=\"color: #000000;\"><span style=\"font-family: Verdana, sans-serif;\"><span style=\"font-size: medium;\">Parall\u00e8lement, le minist\u00e8re de la Sant\u00e9 \u00e0 Gaza a confirm\u00e9 la mort du Dr Ahmed al-Zaharneh, m\u00e9decin \u00e0 l\u2019h\u00f4pital europ\u00e9en de Gaza, d\u00e9c\u00e9d\u00e9 en raison des conditions extr\u00eamement froides \u00e0 Gaza, son corps ayant \u00e9t\u00e9 retrouv\u00e9 dans sa tente dans la zone de Mawasi, \u00e0 l\u2019ouest de Khan Younis dans le sud de Gaza.<\/span><\/span><\/span><\/p>\n<p><strong><span style=\"color: #000000;\"><span style=\"font-family: Verdana, sans-serif;\"><span style=\"font-size: large;\">Plus de 10 Palestiniens tu\u00e9s dans les frappes a\u00e9riennes isra\u00e9liennes en cours<\/span><\/span><\/span><\/strong><\/p>\n<p><span style=\"color: #000000;\"><span style=\"font-family: Verdana, sans-serif;\"><span style=\"font-size: medium;\">Le correspondant d\u2019<i>Al Mayadeen<\/i> a rapport\u00e9 que plus de 10 Palestiniens ont \u00e9t\u00e9 tu\u00e9s, et au moins 30 autres bless\u00e9s, la plupart d\u2019entre eux des femmes et des enfants, dans une s\u00e9rie de frappes a\u00e9riennes isra\u00e9liennes sur Gaza depuis les premi\u00e8res heures de ce vendredi matin, dans le cadre d\u2019attaques intensifi\u00e9es sur la partie nord de la bande de Gaza.<\/span><\/span><\/span><\/p>\n<p><span style=\"color: #000000;\"><span style=\"font-family: Verdana, sans-serif;\"><span style=\"font-size: medium;\">Parmi les zones cibl\u00e9es figurait le terrain de Halawah \u00e0 Jabalia al-Balad, au nord de Gaza, o\u00f9 plusieurs Palestiniens ont \u00e9t\u00e9 bless\u00e9s. En outre, les forces isra\u00e9liennes ont cibl\u00e9 une maison dans le quartier d\u2019al-Sabra de la ville de Gaza, tuant cinq Palestiniens et en blessant trois autres.<\/span><\/span><\/span><\/p>\n<p><span style=\"color: #000000;\"><span style=\"font-family: Verdana, sans-serif;\"><span style=\"font-size: medium;\">Dans le quartier d\u2019al-Zaytoun, au sud-est de la ville de Gaza, une autre maison a \u00e9t\u00e9 touch\u00e9e. Cependant, les \u00e9quipes de la D\u00e9fense civile n\u2019ont pas pu se rendre sur place pour secourir les bless\u00e9s, car l\u2019occupation avait auparavant et cat\u00e9goriquement refus\u00e9 toute coordination avec la Croix-Rouge.<\/span><\/span><\/span><\/p>\n<p><span style=\"color: #000000;\"><span style=\"font-family: Verdana, sans-serif;\"><span style=\"font-size: medium;\">L\u2019ampleur des destructions et des pertes en vies humaines continue de s\u2019aggraver alors que la crise humanitaire \u00e0 Gaza s\u2019aggrave, les installations m\u00e9dicales et civiles \u00e9tant de plus en plus attaqu\u00e9es.<\/span><\/span><\/span><\/p>\n<pre><em><span style=\"color: #000000;\"><span style=\"font-family: Verdana, sans-serif;\"><span style=\"font-size: medium;\"><span style=\"font-size: small;\">Article original en anglais sur <a href=\"https:\/\/english.almayadeen.net\/news\/politics\/iof-storm-kamal-adwan-hospital-in-northern-gaza--set-fire-to\">Al Mayadeen<\/a> \/ Traduction MR<\/span><\/span><\/span><\/span><\/em><\/pre>\n<hr \/>\n<p><strong><span style=\"color: #000000;\"><span style=\"font-family: Verdana, sans-serif;\"><span style=\"font-size: medium;\">Communiqu\u00e9 du Dr Yousef Abu Al Rish, vice-ministre de la Sant\u00e9, 27 d\u00e9cembre 2024, 13.41 heure de Gaza<\/span><\/span><\/span><\/strong><\/p>\n<p><span style=\"color: #000000;\"><span style=\"font-family: Verdana, sans-serif;\"><span style=\"font-size: medium;\">Je viens d&rsquo;avoir une conversation t\u00e9l\u00e9phonique avec l&rsquo;un des membres du personnel soignant de l&rsquo;h\u00f4pital Kamal Adwan, et en voici le compte-rendu :<\/span><\/span><\/span><\/p>\n<p><span style=\"color: #000000;\"><span style=\"font-family: Verdana, sans-serif;\"><span style=\"font-size: medium;\">&#8211; Apr\u00e8s que l&rsquo;occupation a fait irruption dans l&rsquo;h\u00f4pital, ils ont arr\u00eat\u00e9 toutes personnes qui pouvaient se d\u00e9placer et les ont emmen\u00e9es vers une destination inconnue.<\/span><\/span><\/span><\/p>\n<p><span style=\"color: #000000;\"><span style=\"font-family: Verdana, sans-serif;\"><span style=\"font-size: medium;\">&#8211; \u2060[cela incluait] les patients, leurs soignants et une partie du personnel de sant\u00e9.<\/span><\/span><\/span><\/p>\n<p><span style=\"color: #000000;\"><span style=\"font-family: Verdana, sans-serif;\"><span style=\"font-size: medium;\">&#8211; Pour \u2060les patients dont l&rsquo;\u00e9tat est consid\u00e9r\u00e9 comme mod\u00e9r\u00e9 \u00e0 grave, l&rsquo;\u00e9vacuation a commenc\u00e9 pour en emmener la moiti\u00e9 vers l&rsquo;h\u00f4pital indon\u00e9sien.<\/span><\/span><\/span><\/p>\n<p><span style=\"color: #000000;\"><span style=\"font-family: Verdana, sans-serif;\"><span style=\"font-size: medium;\">&#8211; \u2060l&rsquo;h\u00f4pital indon\u00e9sien n&rsquo;est pas fonctionnel,<\/span><\/span><\/span><\/p>\n<p><span style=\"color: #000000;\"><span style=\"font-family: Verdana, sans-serif;\"><span style=\"font-size: medium;\">&#8211; \u2060et ce qui reste maintenant \u00e0 l&rsquo;int\u00e9rieur de l&rsquo;h\u00f4pital, ce sont 25 patients.<\/span><\/span><\/span><\/p>\n<p><span style=\"color: #000000;\"><span style=\"font-family: Verdana, sans-serif;\"><span style=\"font-size: medium;\">&#8211; \u2060il y a aussi 60 professionnels de sant\u00e9.<\/span><\/span><\/span><\/p>\n<p><span style=\"color: #000000;\"><span style=\"font-family: Verdana, sans-serif;\"><span style=\"font-size: medium;\">&#8211; \u2060on m&rsquo;a dit que l&rsquo;h\u00f4pital avait [alors] \u00e9t\u00e9 incendi\u00e9,<\/span><\/span><\/span><\/p>\n<p><span style=\"color: #000000;\"><span style=\"font-family: Verdana, sans-serif;\"><span style=\"font-size: medium;\">&#8211; \u2060le service de maintenance a compl\u00e8tement br\u00fbl\u00e9,<\/span><\/span><\/span><\/p>\n<p><span style=\"color: #000000;\"><span style=\"font-family: Verdana, sans-serif;\"><span style=\"font-size: medium;\">&#8211; \u2060le laboratoire a compl\u00e8tement br\u00fbl\u00e9,<\/span><\/span><\/span><\/p>\n<p><span style=\"color: #000000;\"><span style=\"font-family: Verdana, sans-serif;\"><span style=\"font-size: medium;\">&#8211; \u2060le service d&rsquo;op\u00e9ration a compl\u00e8tement br\u00fbl\u00e9,<\/span><\/span><\/span><\/p>\n<p><span style=\"color: #000000;\"><span style=\"font-family: Verdana, sans-serif;\"><span style=\"font-size: medium;\">&#8211; \u2060le service de chirurgie a \u00e9t compl\u00e8tement br\u00fbl\u00e9,<\/span><\/span><\/span><\/p>\n<p><span style=\"color: #000000;\"><span style=\"font-family: Verdana, sans-serif;\"><span style=\"font-size: medium;\">&#8211; \u2060les magasins de l&rsquo;h\u00f4pital ont compl\u00e8tement br\u00fbl\u00e9s.<\/span><\/span><\/span><\/p>\n<p><span style=\"color: #000000;\"><span style=\"font-family: Verdana, sans-serif;\"><span style=\"font-size: medium;\">&#8211; \u2060Les forces d&rsquo;occupation coordonnent maintenant l&rsquo;\u00e9vacuation des patients et du personnel restants vers l&rsquo;h\u00f4pital indon\u00e9sien, notant que l&rsquo;h\u00f4pital indon\u00e9sien comme indiqu\u00e9 pr\u00e9c\u00e9demment n&rsquo;est plus fonctionnel en raison de sa destruction [par les [IDF] de sa fondation, de ses d\u00e9partements, des g\u00e9n\u00e9rateurs et des r\u00e9serves d&rsquo;oxyg\u00e8ne\u201d<\/span><\/span><\/span><\/p>\n<p><span style=\"color: #000000;\"><span style=\"font-family: Verdana, sans-serif;\"><span style=\"font-size: medium;\">&#8211; A 19h heure fran\u00e7aise, confirmation que le directeur de l&rsquo;h\u00f4pital, le docteur Hussam Abu Safiyeh, a \u00e9t\u00e9 kidnapp\u00e9 par les forces d&rsquo;occupation parce qu&rsquo;il refusait de quitter ses patients.<\/span><\/span><\/span><\/p>\n<p><em>Source : Compte X <a href=\"https:\/\/x.com\/AbujomaaGaza\/status\/1872652276680061126\">Motasem A Dalloul<\/a>, journaliste.<\/em><\/p>\n","protected":false},"excerpt":{"rendered":"<p>Al Mayadeen, 27 d\u00e9cembre 2024. Les forces d&rsquo;occupation isra\u00e9liennes (IOF) ont men\u00e9 vendredi une attaque \u00e9pouvantable contre l&rsquo;h\u00f4pital Kamal Adwan dans le nord de Gaza\u00a0; elles ont incendi\u00e9 cinq de <a class=\"more-link\" href=\"https:\/\/ismfrance.org\/index.php\/2024\/12\/27\/les-forces-doccupation-israeliennes-prennent-dassaut-lhopital-kamal-adwan-dans-le-nord-de-gaza-et-y-mettent-le-feu\/\">Lire la suite &rarr;<\/a><\/p>\n","protected":false},"author":3,"featured_media":17014,"comment_status":"closed","ping_status":"closed","sticky":false,"template":"","format":"standard","meta":{"footnotes":""},"categories":[2,13],"tags":[156],"class_list":["post-17011","post","type-post","status-publish","format-standard","has-post-thumbnail","hentry","category-articles","category-temoignages","tag-genocide"],"yoast_head":"<!-- This site is optimized with the Yoast SEO plugin v27.2 - https:\/\/yoast.com\/product\/yoast-seo-wordpress\/ -->\n<title>Les forces d&#039;occupation isra\u00e9liennes prennent d&#039;assaut l&#039;h\u00f4pital Kamal Adwan dans le nord de Gaza et y mettent le feu - Communiqu\u00e9 Dr Al Rish - International Solidarity Movement - ISM-France<\/title>\n<meta name=\"robots\" content=\"index, follow, max-snippet:-1, max-image-preview:large, max-video-preview:-1\" \/>\n<link rel=\"canonical\" href=\"https:\/\/ismfrance.org\/index.php\/2024\/12\/27\/les-forces-doccupation-israeliennes-prennent-dassaut-lhopital-kamal-adwan-dans-le-nord-de-gaza-et-y-mettent-le-feu\/\" \/>\n<meta property=\"og:locale\" content=\"fr_FR\" \/>\n<meta property=\"og:type\" content=\"article\" \/>\n<meta property=\"og:title\" content=\"Les forces d&#039;occupation isra\u00e9liennes prennent d&#039;assaut l&#039;h\u00f4pital Kamal Adwan dans le nord de Gaza et y mettent le feu - Communiqu\u00e9 Dr Al Rish - International Solidarity Movement - ISM-France\" \/>\n<meta property=\"og:description\" content=\"Al Mayadeen, 27 d\u00e9cembre 2024. Les forces d&rsquo;occupation isra\u00e9liennes (IOF) ont men\u00e9 vendredi une attaque \u00e9pouvantable contre l&rsquo;h\u00f4pital Kamal Adwan dans le nord de Gaza\u00a0; elles ont incendi\u00e9 cinq de Lire la suite &rarr;\" \/>\n<meta property=\"og:url\" content=\"https:\/\/ismfrance.org\/index.php\/2024\/12\/27\/les-forces-doccupation-israeliennes-prennent-dassaut-lhopital-kamal-adwan-dans-le-nord-de-gaza-et-y-mettent-le-feu\/\" \/>\n<meta property=\"og:site_name\" content=\"International Solidarity Movement - ISM-France\" \/>\n<meta property=\"article:published_time\" content=\"2024-12-27T14:58:21+00:00\" \/>\n<meta property=\"article:modified_time\" content=\"2024-12-27T17:59:42+00:00\" \/>\n<meta property=\"og:image\" content=\"https:\/\/ismfrance.org\/wp-content\/uploads\/2024\/12\/f9245b80-c450-11ef-a517-00163e02c055.webp\" \/>\n\t<meta property=\"og:image:width\" content=\"2048\" \/>\n\t<meta property=\"og:image:height\" content=\"1136\" \/>\n\t<meta property=\"og:image:type\" content=\"image\/webp\" \/>\n<meta name=\"author\" content=\"mru_01\" \/>\n<meta name=\"twitter:card\" content=\"summary_large_image\" \/>\n<meta name=\"twitter:creator\" content=\"@ISMFRANCE\" \/>\n<meta name=\"twitter:site\" content=\"@ISMFRANCE\" \/>\n<meta name=\"twitter:label1\" content=\"\u00c9crit par\" \/>\n\t<meta name=\"twitter:data1\" content=\"mru_01\" \/>\n\t<meta name=\"twitter:label2\" content=\"Dur\u00e9e de lecture estim\u00e9e\" \/>\n\t<meta name=\"twitter:data2\" content=\"7 minutes\" \/>\n<script type=\"application\/ld+json\" class=\"yoast-schema-graph\">{\"@context\":\"https:\/\/schema.org\",\"@graph\":[{\"@type\":\"Article\",\"@id\":\"https:\/\/ismfrance.org\/index.php\/2024\/12\/27\/les-forces-doccupation-israeliennes-prennent-dassaut-lhopital-kamal-adwan-dans-le-nord-de-gaza-et-y-mettent-le-feu\/#article\",\"isPartOf\":{\"@id\":\"https:\/\/ismfrance.org\/index.php\/2024\/12\/27\/les-forces-doccupation-israeliennes-prennent-dassaut-lhopital-kamal-adwan-dans-le-nord-de-gaza-et-y-mettent-le-feu\/\"},\"author\":{\"name\":\"mru_01\",\"@id\":\"https:\/\/ismfrance.org\/#\/schema\/person\/3c411eb72adfaae19c0dca1f41fae01d\"},\"headline\":\"Les forces d&rsquo;occupation isra\u00e9liennes prennent d&rsquo;assaut l&rsquo;h\u00f4pital Kamal Adwan dans le nord de Gaza et y mettent le feu &#8211; Communiqu\u00e9 Dr Al Rish\",\"datePublished\":\"2024-12-27T14:58:21+00:00\",\"dateModified\":\"2024-12-27T17:59:42+00:00\",\"mainEntityOfPage\":{\"@id\":\"https:\/\/ismfrance.org\/index.php\/2024\/12\/27\/les-forces-doccupation-israeliennes-prennent-dassaut-lhopital-kamal-adwan-dans-le-nord-de-gaza-et-y-mettent-le-feu\/\"},\"wordCount\":1438,\"publisher\":{\"@id\":\"https:\/\/ismfrance.org\/#organization\"},\"image\":{\"@id\":\"https:\/\/ismfrance.org\/index.php\/2024\/12\/27\/les-forces-doccupation-israeliennes-prennent-dassaut-lhopital-kamal-adwan-dans-le-nord-de-gaza-et-y-mettent-le-feu\/#primaryimage\"},\"thumbnailUrl\":\"https:\/\/ismfrance.org\/wp-content\/uploads\/2024\/12\/f9245b80-c450-11ef-a517-00163e02c055.webp\",\"keywords\":[\"G\u00e9nocide\"],\"articleSection\":[\"Articles\",\"T\u00e9moignages\"],\"inLanguage\":\"fr-FR\"},{\"@type\":\"WebPage\",\"@id\":\"https:\/\/ismfrance.org\/index.php\/2024\/12\/27\/les-forces-doccupation-israeliennes-prennent-dassaut-lhopital-kamal-adwan-dans-le-nord-de-gaza-et-y-mettent-le-feu\/\",\"url\":\"https:\/\/ismfrance.org\/index.php\/2024\/12\/27\/les-forces-doccupation-israeliennes-prennent-dassaut-lhopital-kamal-adwan-dans-le-nord-de-gaza-et-y-mettent-le-feu\/\",\"name\":\"Les forces d'occupation isra\u00e9liennes prennent d'assaut l'h\u00f4pital Kamal Adwan dans le nord de Gaza et y mettent le feu - Communiqu\u00e9 Dr Al Rish - International Solidarity Movement - ISM-France\",\"isPartOf\":{\"@id\":\"https:\/\/ismfrance.org\/#website\"},\"primaryImageOfPage\":{\"@id\":\"https:\/\/ismfrance.org\/index.php\/2024\/12\/27\/les-forces-doccupation-israeliennes-prennent-dassaut-lhopital-kamal-adwan-dans-le-nord-de-gaza-et-y-mettent-le-feu\/#primaryimage\"},\"image\":{\"@id\":\"https:\/\/ismfrance.org\/index.php\/2024\/12\/27\/les-forces-doccupation-israeliennes-prennent-dassaut-lhopital-kamal-adwan-dans-le-nord-de-gaza-et-y-mettent-le-feu\/#primaryimage\"},\"thumbnailUrl\":\"https:\/\/ismfrance.org\/wp-content\/uploads\/2024\/12\/f9245b80-c450-11ef-a517-00163e02c055.webp\",\"datePublished\":\"2024-12-27T14:58:21+00:00\",\"dateModified\":\"2024-12-27T17:59:42+00:00\",\"breadcrumb\":{\"@id\":\"https:\/\/ismfrance.org\/index.php\/2024\/12\/27\/les-forces-doccupation-israeliennes-prennent-dassaut-lhopital-kamal-adwan-dans-le-nord-de-gaza-et-y-mettent-le-feu\/#breadcrumb\"},\"inLanguage\":\"fr-FR\",\"potentialAction\":[{\"@type\":\"ReadAction\",\"target\":[\"https:\/\/ismfrance.org\/index.php\/2024\/12\/27\/les-forces-doccupation-israeliennes-prennent-dassaut-lhopital-kamal-adwan-dans-le-nord-de-gaza-et-y-mettent-le-feu\/\"]}]},{\"@type\":\"ImageObject\",\"inLanguage\":\"fr-FR\",\"@id\":\"https:\/\/ismfrance.org\/index.php\/2024\/12\/27\/les-forces-doccupation-israeliennes-prennent-dassaut-lhopital-kamal-adwan-dans-le-nord-de-gaza-et-y-mettent-le-feu\/#primaryimage\",\"url\":\"https:\/\/ismfrance.org\/wp-content\/uploads\/2024\/12\/f9245b80-c450-11ef-a517-00163e02c055.webp\",\"contentUrl\":\"https:\/\/ismfrance.org\/wp-content\/uploads\/2024\/12\/f9245b80-c450-11ef-a517-00163e02c055.webp\",\"width\":2048,\"height\":1136},{\"@type\":\"BreadcrumbList\",\"@id\":\"https:\/\/ismfrance.org\/index.php\/2024\/12\/27\/les-forces-doccupation-israeliennes-prennent-dassaut-lhopital-kamal-adwan-dans-le-nord-de-gaza-et-y-mettent-le-feu\/#breadcrumb\",\"itemListElement\":[{\"@type\":\"ListItem\",\"position\":1,\"name\":\"Accueil\",\"item\":\"https:\/\/ismfrance.org\/\"},{\"@type\":\"ListItem\",\"position\":2,\"name\":\"Les forces d&rsquo;occupation isra\u00e9liennes prennent d&rsquo;assaut l&rsquo;h\u00f4pital Kamal Adwan dans le nord de Gaza et y mettent le feu &#8211; Communiqu\u00e9 Dr Al Rish\"}]},{\"@type\":\"WebSite\",\"@id\":\"https:\/\/ismfrance.org\/#website\",\"url\":\"https:\/\/ismfrance.org\/\",\"name\":\"ISM Palestine France\",\"description\":\"Soutien aux luttes de lib\u00e9ration du peuple palestinien\",\"publisher\":{\"@id\":\"https:\/\/ismfrance.org\/#organization\"},\"potentialAction\":[{\"@type\":\"SearchAction\",\"target\":{\"@type\":\"EntryPoint\",\"urlTemplate\":\"https:\/\/ismfrance.org\/?s={search_term_string}\"},\"query-input\":{\"@type\":\"PropertyValueSpecification\",\"valueRequired\":true,\"valueName\":\"search_term_string\"}}],\"inLanguage\":\"fr-FR\"},{\"@type\":\"Organization\",\"@id\":\"https:\/\/ismfrance.org\/#organization\",\"name\":\"International Solidarity Movement\",\"url\":\"https:\/\/ismfrance.org\/\",\"logo\":{\"@type\":\"ImageObject\",\"inLanguage\":\"fr-FR\",\"@id\":\"https:\/\/ismfrance.org\/#\/schema\/logo\/image\/\",\"url\":\"https:\/\/ismfrance.org\/wp-content\/uploads\/2020\/12\/00.png\",\"contentUrl\":\"https:\/\/ismfrance.org\/wp-content\/uploads\/2020\/12\/00.png\",\"width\":400,\"height\":400,\"caption\":\"International Solidarity Movement\"},\"image\":{\"@id\":\"https:\/\/ismfrance.org\/#\/schema\/logo\/image\/\"},\"sameAs\":[\"https:\/\/x.com\/ISMFRANCE\"]},{\"@type\":\"Person\",\"@id\":\"https:\/\/ismfrance.org\/#\/schema\/person\/3c411eb72adfaae19c0dca1f41fae01d\",\"name\":\"mru_01\",\"image\":{\"@type\":\"ImageObject\",\"inLanguage\":\"fr-FR\",\"@id\":\"https:\/\/secure.gravatar.com\/avatar\/3a0be343b445d2ccc79e87444a294fad2b232e90d2051d0e3cc219e1ecd6a330?s=96&d=mm&r=g\",\"url\":\"https:\/\/secure.gravatar.com\/avatar\/3a0be343b445d2ccc79e87444a294fad2b232e90d2051d0e3cc219e1ecd6a330?s=96&d=mm&r=g\",\"contentUrl\":\"https:\/\/secure.gravatar.com\/avatar\/3a0be343b445d2ccc79e87444a294fad2b232e90d2051d0e3cc219e1ecd6a330?s=96&d=mm&r=g\",\"caption\":\"mru_01\"},\"url\":\"https:\/\/ismfrance.org\/index.php\/author\/admin02\/\"}]}<\/script>\n<!-- \/ Yoast SEO plugin. -->","yoast_head_json":{"title":"Les forces d'occupation isra\u00e9liennes prennent d'assaut l'h\u00f4pital Kamal Adwan dans le nord de Gaza et y mettent le feu - Communiqu\u00e9 Dr Al Rish - International Solidarity Movement - ISM-France","robots":{"index":"index","follow":"follow","max-snippet":"max-snippet:-1","max-image-preview":"max-image-preview:large","max-video-preview":"max-video-preview:-1"},"canonical":"https:\/\/ismfrance.org\/index.php\/2024\/12\/27\/les-forces-doccupation-israeliennes-prennent-dassaut-lhopital-kamal-adwan-dans-le-nord-de-gaza-et-y-mettent-le-feu\/","og_locale":"fr_FR","og_type":"article","og_title":"Les forces d'occupation isra\u00e9liennes prennent d'assaut l'h\u00f4pital Kamal Adwan dans le nord de Gaza et y mettent le feu - Communiqu\u00e9 Dr Al Rish - International Solidarity Movement - ISM-France","og_description":"Al Mayadeen, 27 d\u00e9cembre 2024. Les forces d&rsquo;occupation isra\u00e9liennes (IOF) ont men\u00e9 vendredi une attaque \u00e9pouvantable contre l&rsquo;h\u00f4pital Kamal Adwan dans le nord de Gaza\u00a0; elles ont incendi\u00e9 cinq de Lire la suite &rarr;","og_url":"https:\/\/ismfrance.org\/index.php\/2024\/12\/27\/les-forces-doccupation-israeliennes-prennent-dassaut-lhopital-kamal-adwan-dans-le-nord-de-gaza-et-y-mettent-le-feu\/","og_site_name":"International Solidarity Movement - ISM-France","article_published_time":"2024-12-27T14:58:21+00:00","article_modified_time":"2024-12-27T17:59:42+00:00","og_image":[{"width":2048,"height":1136,"url":"https:\/\/ismfrance.org\/wp-content\/uploads\/2024\/12\/f9245b80-c450-11ef-a517-00163e02c055.webp","type":"image\/webp"}],"author":"mru_01","twitter_card":"summary_large_image","twitter_creator":"@ISMFRANCE","twitter_site":"@ISMFRANCE","twitter_misc":{"\u00c9crit par":"mru_01","Dur\u00e9e de lecture estim\u00e9e":"7 minutes"},"schema":{"@context":"https:\/\/schema.org","@graph":[{"@type":"Article","@id":"https:\/\/ismfrance.org\/index.php\/2024\/12\/27\/les-forces-doccupation-israeliennes-prennent-dassaut-lhopital-kamal-adwan-dans-le-nord-de-gaza-et-y-mettent-le-feu\/#article","isPartOf":{"@id":"https:\/\/ismfrance.org\/index.php\/2024\/12\/27\/les-forces-doccupation-israeliennes-prennent-dassaut-lhopital-kamal-adwan-dans-le-nord-de-gaza-et-y-mettent-le-feu\/"},"author":{"name":"mru_01","@id":"https:\/\/ismfrance.org\/#\/schema\/person\/3c411eb72adfaae19c0dca1f41fae01d"},"headline":"Les forces d&rsquo;occupation isra\u00e9liennes prennent d&rsquo;assaut l&rsquo;h\u00f4pital Kamal Adwan dans le nord de Gaza et y mettent le feu &#8211; Communiqu\u00e9 Dr Al Rish","datePublished":"2024-12-27T14:58:21+00:00","dateModified":"2024-12-27T17:59:42+00:00","mainEntityOfPage":{"@id":"https:\/\/ismfrance.org\/index.php\/2024\/12\/27\/les-forces-doccupation-israeliennes-prennent-dassaut-lhopital-kamal-adwan-dans-le-nord-de-gaza-et-y-mettent-le-feu\/"},"wordCount":1438,"publisher":{"@id":"https:\/\/ismfrance.org\/#organization"},"image":{"@id":"https:\/\/ismfrance.org\/index.php\/2024\/12\/27\/les-forces-doccupation-israeliennes-prennent-dassaut-lhopital-kamal-adwan-dans-le-nord-de-gaza-et-y-mettent-le-feu\/#primaryimage"},"thumbnailUrl":"https:\/\/ismfrance.org\/wp-content\/uploads\/2024\/12\/f9245b80-c450-11ef-a517-00163e02c055.webp","keywords":["G\u00e9nocide"],"articleSection":["Articles","T\u00e9moignages"],"inLanguage":"fr-FR"},{"@type":"WebPage","@id":"https:\/\/ismfrance.org\/index.php\/2024\/12\/27\/les-forces-doccupation-israeliennes-prennent-dassaut-lhopital-kamal-adwan-dans-le-nord-de-gaza-et-y-mettent-le-feu\/","url":"https:\/\/ismfrance.org\/index.php\/2024\/12\/27\/les-forces-doccupation-israeliennes-prennent-dassaut-lhopital-kamal-adwan-dans-le-nord-de-gaza-et-y-mettent-le-feu\/","name":"Les forces d'occupation isra\u00e9liennes prennent d'assaut l'h\u00f4pital Kamal Adwan dans le nord de Gaza et y mettent le feu - Communiqu\u00e9 Dr Al Rish - International Solidarity Movement - ISM-France","isPartOf":{"@id":"https:\/\/ismfrance.org\/#website"},"primaryImageOfPage":{"@id":"https:\/\/ismfrance.org\/index.php\/2024\/12\/27\/les-forces-doccupation-israeliennes-prennent-dassaut-lhopital-kamal-adwan-dans-le-nord-de-gaza-et-y-mettent-le-feu\/#primaryimage"},"image":{"@id":"https:\/\/ismfrance.org\/index.php\/2024\/12\/27\/les-forces-doccupation-israeliennes-prennent-dassaut-lhopital-kamal-adwan-dans-le-nord-de-gaza-et-y-mettent-le-feu\/#primaryimage"},"thumbnailUrl":"https:\/\/ismfrance.org\/wp-content\/uploads\/2024\/12\/f9245b80-c450-11ef-a517-00163e02c055.webp","datePublished":"2024-12-27T14:58:21+00:00","dateModified":"2024-12-27T17:59:42+00:00","breadcrumb":{"@id":"https:\/\/ismfrance.org\/index.php\/2024\/12\/27\/les-forces-doccupation-israeliennes-prennent-dassaut-lhopital-kamal-adwan-dans-le-nord-de-gaza-et-y-mettent-le-feu\/#breadcrumb"},"inLanguage":"fr-FR","potentialAction":[{"@type":"ReadAction","target":["https:\/\/ismfrance.org\/index.php\/2024\/12\/27\/les-forces-doccupation-israeliennes-prennent-dassaut-lhopital-kamal-adwan-dans-le-nord-de-gaza-et-y-mettent-le-feu\/"]}]},{"@type":"ImageObject","inLanguage":"fr-FR","@id":"https:\/\/ismfrance.org\/index.php\/2024\/12\/27\/les-forces-doccupation-israeliennes-prennent-dassaut-lhopital-kamal-adwan-dans-le-nord-de-gaza-et-y-mettent-le-feu\/#primaryimage","url":"https:\/\/ismfrance.org\/wp-content\/uploads\/2024\/12\/f9245b80-c450-11ef-a517-00163e02c055.webp","contentUrl":"https:\/\/ismfrance.org\/wp-content\/uploads\/2024\/12\/f9245b80-c450-11ef-a517-00163e02c055.webp","width":2048,"height":1136},{"@type":"BreadcrumbList","@id":"https:\/\/ismfrance.org\/index.php\/2024\/12\/27\/les-forces-doccupation-israeliennes-prennent-dassaut-lhopital-kamal-adwan-dans-le-nord-de-gaza-et-y-mettent-le-feu\/#breadcrumb","itemListElement":[{"@type":"ListItem","position":1,"name":"Accueil","item":"https:\/\/ismfrance.org\/"},{"@type":"ListItem","position":2,"name":"Les forces d&rsquo;occupation isra\u00e9liennes prennent d&rsquo;assaut l&rsquo;h\u00f4pital Kamal Adwan dans le nord de Gaza et y mettent le feu &#8211; Communiqu\u00e9 Dr Al Rish"}]},{"@type":"WebSite","@id":"https:\/\/ismfrance.org\/#website","url":"https:\/\/ismfrance.org\/","name":"ISM Palestine France","description":"Soutien aux luttes de lib\u00e9ration du peuple palestinien","publisher":{"@id":"https:\/\/ismfrance.org\/#organization"},"potentialAction":[{"@type":"SearchAction","target":{"@type":"EntryPoint","urlTemplate":"https:\/\/ismfrance.org\/?s={search_term_string}"},"query-input":{"@type":"PropertyValueSpecification","valueRequired":true,"valueName":"search_term_string"}}],"inLanguage":"fr-FR"},{"@type":"Organization","@id":"https:\/\/ismfrance.org\/#organization","name":"International Solidarity Movement","url":"https:\/\/ismfrance.org\/","logo":{"@type":"ImageObject","inLanguage":"fr-FR","@id":"https:\/\/ismfrance.org\/#\/schema\/logo\/image\/","url":"https:\/\/ismfrance.org\/wp-content\/uploads\/2020\/12\/00.png","contentUrl":"https:\/\/ismfrance.org\/wp-content\/uploads\/2020\/12\/00.png","width":400,"height":400,"caption":"International Solidarity Movement"},"image":{"@id":"https:\/\/ismfrance.org\/#\/schema\/logo\/image\/"},"sameAs":["https:\/\/x.com\/ISMFRANCE"]},{"@type":"Person","@id":"https:\/\/ismfrance.org\/#\/schema\/person\/3c411eb72adfaae19c0dca1f41fae01d","name":"mru_01","image":{"@type":"ImageObject","inLanguage":"fr-FR","@id":"https:\/\/secure.gravatar.com\/avatar\/3a0be343b445d2ccc79e87444a294fad2b232e90d2051d0e3cc219e1ecd6a330?s=96&d=mm&r=g","url":"https:\/\/secure.gravatar.com\/avatar\/3a0be343b445d2ccc79e87444a294fad2b232e90d2051d0e3cc219e1ecd6a330?s=96&d=mm&r=g","contentUrl":"https:\/\/secure.gravatar.com\/avatar\/3a0be343b445d2ccc79e87444a294fad2b232e90d2051d0e3cc219e1ecd6a330?s=96&d=mm&r=g","caption":"mru_01"},"url":"https:\/\/ismfrance.org\/index.php\/author\/admin02\/"}]}},"_links":{"self":[{"href":"https:\/\/ismfrance.org\/index.php\/wp-json\/wp\/v2\/posts\/17011","targetHints":{"allow":["GET"]}}],"collection":[{"href":"https:\/\/ismfrance.org\/index.php\/wp-json\/wp\/v2\/posts"}],"about":[{"href":"https:\/\/ismfrance.org\/index.php\/wp-json\/wp\/v2\/types\/post"}],"author":[{"embeddable":true,"href":"https:\/\/ismfrance.org\/index.php\/wp-json\/wp\/v2\/users\/3"}],"replies":[{"embeddable":true,"href":"https:\/\/ismfrance.org\/index.php\/wp-json\/wp\/v2\/comments?post=17011"}],"version-history":[{"count":0,"href":"https:\/\/ismfrance.org\/index.php\/wp-json\/wp\/v2\/posts\/17011\/revisions"}],"wp:featuredmedia":[{"embeddable":true,"href":"https:\/\/ismfrance.org\/index.php\/wp-json\/wp\/v2\/media\/17014"}],"wp:attachment":[{"href":"https:\/\/ismfrance.org\/index.php\/wp-json\/wp\/v2\/media?parent=17011"}],"wp:term":[{"taxonomy":"category","embeddable":true,"href":"https:\/\/ismfrance.org\/index.php\/wp-json\/wp\/v2\/categories?post=17011"},{"taxonomy":"post_tag","embeddable":true,"href":"https:\/\/ismfrance.org\/index.php\/wp-json\/wp\/v2\/tags?post=17011"}],"curies":[{"name":"wp","href":"https:\/\/api.w.org\/{rel}","templated":true}]}}