{"id":16922,"date":"2024-12-23T16:35:32","date_gmt":"2024-12-23T15:35:32","guid":{"rendered":"https:\/\/ismfrance.org\/?p=16922"},"modified":"2024-12-23T16:36:04","modified_gmt":"2024-12-23T15:36:04","slug":"la-scene-du-crime-se-repete","status":"publish","type":"post","link":"https:\/\/ismfrance.org\/index.php\/2024\/12\/23\/la-scene-du-crime-se-repete\/","title":{"rendered":"La sc\u00e8ne du crime se r\u00e9p\u00e8te"},"content":{"rendered":"<p><span style=\"color: #000000;\"><span style=\"font-family: Arial, sans-serif;\"><span style=\"font-size: medium;\"><strong>Diana Khwaelid, ISM-Palestine, 22 d\u00e9cembre 2024<\/strong>. Six Palestiniens ont \u00e9t\u00e9 tu\u00e9s lors d\u2019op\u00e9rations isra\u00e9liennes dans les camps de Tulkarem et de Balata en moins de trois heures, le jeudi 19 d\u00e9cembre au matin.<\/span><\/span><\/span><\/p>\n<p><a href=\"https:\/\/ismfrance.org\/wp-content\/uploads\/2024\/12\/tulkarem.jpeg\"><img loading=\"lazy\" decoding=\"async\" class=\"alignnone size-large wp-image-16924\" src=\"https:\/\/ismfrance.org\/wp-content\/uploads\/2024\/12\/tulkarem-700x467.jpeg\" alt=\"\" width=\"600\" height=\"400\" srcset=\"https:\/\/ismfrance.org\/wp-content\/uploads\/2024\/12\/tulkarem-700x467.jpeg 700w, https:\/\/ismfrance.org\/wp-content\/uploads\/2024\/12\/tulkarem-300x200.jpeg 300w, https:\/\/ismfrance.org\/wp-content\/uploads\/2024\/12\/tulkarem-768x512.jpeg 768w, https:\/\/ismfrance.org\/wp-content\/uploads\/2024\/12\/tulkarem-1536x1024.jpeg 1536w, https:\/\/ismfrance.org\/wp-content\/uploads\/2024\/12\/tulkarem-1320x880.jpeg 1320w, https:\/\/ismfrance.org\/wp-content\/uploads\/2024\/12\/tulkarem.jpeg 2048w\" sizes=\"auto, (max-width: 600px) 100vw, 600px\" \/><\/a><\/p>\n<p><span style=\"color: #000000;\"><span style=\"font-family: Arial, sans-serif;\"><span style=\"font-size: medium;\">Quatre jeunes Palestiniens ont \u00e9t\u00e9 tu\u00e9s par les forces isra\u00e9liennes dans le camp de Tulkarem, dans le cadre d\u2019une s\u00e9rie d\u2019attentats.<\/span><\/span><\/span><\/p>\n<p><span style=\"color: #000000;\"><span style=\"font-family: Arial, sans-serif;\"><span style=\"font-size: medium;\">Jeudi 19 d\u00e9cembre \u00e0 midi, une voiture civile transportant quatre Palestiniens dans le quartier d\u2019Al-Balawneh du camp de Tulkarem a explos\u00e9 et a tu\u00e9 les quatre passagers.<\/span><\/span><\/span><\/p>\n<p><span style=\"color: #000000;\"><span style=\"font-family: Arial, sans-serif;\"><span style=\"font-size: medium;\">Des t\u00e9moins oculaires de Balawneh ont d\u00e9clar\u00e9 qu\u2019\u00e0 environ 13h30, ils avaient entendu l\u2019explosion et vu <a href=\"https:\/\/x.com\/Khaled56479679\/status\/1869716106178633832\">une voiture en flammes<\/a> avec quatre jeunes hommes \u00e0 l\u2019int\u00e9rieur.<\/span><\/span><\/span><\/p>\n<p><span style=\"color: #000000;\"><span style=\"font-family: Arial, sans-serif;\"><span style=\"font-size: medium;\">Thaer Sheikh Ali \u00e9tait chez lui au moment de l\u2019explosion. Il la d\u00e9crit comme puissante. Il est sorti pour voir ce qui s\u2019est pass\u00e9 et dit : \u00ab Les corps des martyrs dans la voiture \u00e9taient compl\u00e8tement br\u00fbl\u00e9s au point qu&rsquo;ils \u00e9taient compl\u00e8tement d\u00e9form\u00e9s. \u00bb Il ajoute qu\u2019il a vu un Palestinien bless\u00e9 au sol, qui a ensuite \u00e9t\u00e9 emmen\u00e9 \u00e0 l\u2019h\u00f4pital.<\/span><\/span><\/span><\/p>\n<p><span style=\"color: #000000;\"><span style=\"font-family: Arial, sans-serif;\"><span style=\"font-size: medium;\">Selon les t\u00e9moins oculaires palestiniens, ils ont fait de leur mieux pour \u00e9teindre les flammes. Des \u00e9quipes m\u00e9dicales palestiniennes se sont pr\u00e9cipit\u00e9es sur les lieux pour r\u00e9cup\u00e9rer les corps des quatre martyrs \u00e0 l&rsquo;int\u00e9rieur de la voiture.<\/span><\/span><\/span><\/p>\n<p><a href=\"https:\/\/ismfrance.org\/wp-content\/uploads\/2024\/12\/aurevoir.jpeg\"><img loading=\"lazy\" decoding=\"async\" class=\"alignnone size-large wp-image-16926\" src=\"https:\/\/ismfrance.org\/wp-content\/uploads\/2024\/12\/aurevoir-700x433.jpeg\" alt=\"\" width=\"600\" height=\"371\" srcset=\"https:\/\/ismfrance.org\/wp-content\/uploads\/2024\/12\/aurevoir-700x433.jpeg 700w, https:\/\/ismfrance.org\/wp-content\/uploads\/2024\/12\/aurevoir-300x185.jpeg 300w, https:\/\/ismfrance.org\/wp-content\/uploads\/2024\/12\/aurevoir-768x475.jpeg 768w, https:\/\/ismfrance.org\/wp-content\/uploads\/2024\/12\/aurevoir.jpeg 825w\" sizes=\"auto, (max-width: 600px) 100vw, 600px\" \/><\/a><\/p>\n<p><span style=\"color: #000000;\"><span style=\"font-family: Arial, sans-serif;\"><span style=\"font-size: medium;\">Balawneh est un quartier anim\u00e9 o\u00f9 vivent de nombreux palestiniens. Cela n&rsquo;a pas emp\u00each\u00e9 les forces d&rsquo;occupation de cibler la voiture.<\/span><\/span><\/span><\/p>\n<p><span style=\"color: #000000;\"><span style=\"font-family: Arial, sans-serif;\"><span style=\"font-size: medium;\">Le m\u00eame jour, les forces d&rsquo;occupation isra\u00e9liennes ont pris d&rsquo;assaut Tulkarem avec des bulldozers dans une op\u00e9ration de destruction qui a dur\u00e9 cinq heures dans les quartiers de Balawneh et d&rsquo;Okasha.<\/span><\/span><\/span><\/p>\n<p><span style=\"color: #000000;\"><span style=\"font-family: Arial, sans-serif;\"><span style=\"font-size: medium;\">Le camp de r\u00e9fugi\u00e9s de Tulkarem a \u00e9t\u00e9 le th\u00e9\u00e2tre de nombreux meurtres perp\u00e9tr\u00e9s par les forces d&rsquo;occupation, en particulier depuis le 7 octobre de l&rsquo;ann\u00e9e derni\u00e8re. La liste de plus en plus longue des martyrs provoque une profonde tristesse dans le camp. Ces quatre derniers sont d\u00e9crits comme \u00ab les plus beaux ornements du camp \u00bb.<\/span><\/span><\/span><\/p>\n<p><span style=\"color: #000000;\"><span style=\"font-family: Arial, sans-serif;\"><span style=\"font-size: medium;\">Les factions d&rsquo;Action nationale de la ville de Tulkarem ont d\u00e9clar\u00e9 une p\u00e9riode de deuil dans toute la ville pour les quatre jeunes.<\/span><\/span><\/span><\/p>\n<p><strong><span style=\"font-size: large;\"><span style=\"color: #000000;\"><span style=\"font-family: Arial, sans-serif;\">Camp de Balata<\/span><\/span><\/span><\/strong><\/p>\n<p><a href=\"https:\/\/ismfrance.org\/wp-content\/uploads\/2024\/12\/balata.jpg\"><img loading=\"lazy\" decoding=\"async\" class=\"alignnone size-large wp-image-16925\" src=\"https:\/\/ismfrance.org\/wp-content\/uploads\/2024\/12\/balata-700x467.jpg\" alt=\"\" width=\"600\" height=\"400\" srcset=\"https:\/\/ismfrance.org\/wp-content\/uploads\/2024\/12\/balata-700x467.jpg 700w, https:\/\/ismfrance.org\/wp-content\/uploads\/2024\/12\/balata-300x200.jpg 300w, https:\/\/ismfrance.org\/wp-content\/uploads\/2024\/12\/balata-768x512.jpg 768w, https:\/\/ismfrance.org\/wp-content\/uploads\/2024\/12\/balata-1536x1024.jpg 1536w, https:\/\/ismfrance.org\/wp-content\/uploads\/2024\/12\/balata-1320x880.jpg 1320w, https:\/\/ismfrance.org\/wp-content\/uploads\/2024\/12\/balata.jpg 2048w\" sizes=\"auto, (max-width: 600px) 100vw, 600px\" \/><\/a><\/p>\n<p><span style=\"color: #000000;\"><span style=\"font-family: Arial, sans-serif;\"><span style=\"font-size: medium;\">Le m\u00eame jeudi matin, les forces d&rsquo;occupation isra\u00e9liennes ont pris d&rsquo;assaut le camp de Balata, \u00e0 l&rsquo;est de la ville de Naplouse, pour arr\u00eater un militant palestinien du camp. Ils ont \u00e9chou\u00e9, mais des tireurs d\u2019\u00e9lite isra\u00e9liens, alors qu\u2019ils \u00e9taient en poste dans le camp, ont ouvert le feu sur des civils non arm\u00e9s dans le camp \u2013 tuant, selon l\u2019Organisation palestinienne de la sant\u00e9, deux Palestiniens, dont une femme \u00e2g\u00e9e de 80 ans. Ce sont deux autres martyrs dans les attaques intensives sur cette partie de la Cisjordanie.<\/span><\/span><\/span><\/p>\n<p><span style=\"color: #000000;\"><span style=\"font-family: Arial, sans-serif;\"><span style=\"font-size: medium;\">Article original en anglais sur <a href=\"https:\/\/palsolidarity.org\/2024\/12\/the-crime-scene-repeats\/\">palsolidarity.org <\/a>\/ Traduction MR<\/span><\/span><\/span><\/p>\n","protected":false},"excerpt":{"rendered":"<p>Diana Khwaelid, ISM-Palestine, 22 d\u00e9cembre 2024. Six Palestiniens ont \u00e9t\u00e9 tu\u00e9s lors d\u2019op\u00e9rations isra\u00e9liennes dans les camps de Tulkarem et de Balata en moins de trois heures, le jeudi 19 <a class=\"more-link\" href=\"https:\/\/ismfrance.org\/index.php\/2024\/12\/23\/la-scene-du-crime-se-repete\/\">Lire la suite &rarr;<\/a><\/p>\n","protected":false},"author":3,"featured_media":16924,"comment_status":"closed","ping_status":"closed","sticky":false,"template":"","format":"standard","meta":{"footnotes":""},"categories":[2,13],"tags":[155],"class_list":["post-16922","post","type-post","status-publish","format-standard","has-post-thumbnail","hentry","category-articles","category-temoignages","tag-assassinats-cibles"],"yoast_head":"<!-- This site is optimized with the Yoast SEO plugin v27.2 - https:\/\/yoast.com\/product\/yoast-seo-wordpress\/ -->\n<title>La sc\u00e8ne du crime se r\u00e9p\u00e8te - International Solidarity Movement - ISM-France<\/title>\n<meta name=\"robots\" content=\"index, follow, max-snippet:-1, max-image-preview:large, max-video-preview:-1\" \/>\n<link rel=\"canonical\" href=\"https:\/\/ismfrance.org\/index.php\/2024\/12\/23\/la-scene-du-crime-se-repete\/\" \/>\n<meta property=\"og:locale\" content=\"fr_FR\" \/>\n<meta property=\"og:type\" content=\"article\" \/>\n<meta property=\"og:title\" content=\"La sc\u00e8ne du crime se r\u00e9p\u00e8te - International Solidarity Movement - ISM-France\" \/>\n<meta property=\"og:description\" content=\"Diana Khwaelid, ISM-Palestine, 22 d\u00e9cembre 2024. Six Palestiniens ont \u00e9t\u00e9 tu\u00e9s lors d\u2019op\u00e9rations isra\u00e9liennes dans les camps de Tulkarem et de Balata en moins de trois heures, le jeudi 19 Lire la suite &rarr;\" \/>\n<meta property=\"og:url\" content=\"https:\/\/ismfrance.org\/index.php\/2024\/12\/23\/la-scene-du-crime-se-repete\/\" \/>\n<meta property=\"og:site_name\" content=\"International Solidarity Movement - ISM-France\" \/>\n<meta property=\"article:published_time\" content=\"2024-12-23T15:35:32+00:00\" \/>\n<meta property=\"article:modified_time\" content=\"2024-12-23T15:36:04+00:00\" \/>\n<meta property=\"og:image\" content=\"https:\/\/ismfrance.org\/wp-content\/uploads\/2024\/12\/tulkarem.jpeg\" \/>\n\t<meta property=\"og:image:width\" content=\"2048\" \/>\n\t<meta property=\"og:image:height\" content=\"1365\" \/>\n\t<meta property=\"og:image:type\" content=\"image\/jpeg\" \/>\n<meta name=\"author\" content=\"mru_01\" \/>\n<meta name=\"twitter:card\" content=\"summary_large_image\" \/>\n<meta name=\"twitter:creator\" content=\"@ISMFRANCE\" \/>\n<meta name=\"twitter:site\" content=\"@ISMFRANCE\" \/>\n<meta name=\"twitter:label1\" content=\"\u00c9crit par\" \/>\n\t<meta name=\"twitter:data1\" content=\"mru_01\" \/>\n\t<meta name=\"twitter:label2\" content=\"Dur\u00e9e de lecture estim\u00e9e\" \/>\n\t<meta name=\"twitter:data2\" content=\"4 minutes\" \/>\n<script type=\"application\/ld+json\" class=\"yoast-schema-graph\">{\"@context\":\"https:\/\/schema.org\",\"@graph\":[{\"@type\":\"Article\",\"@id\":\"https:\/\/ismfrance.org\/index.php\/2024\/12\/23\/la-scene-du-crime-se-repete\/#article\",\"isPartOf\":{\"@id\":\"https:\/\/ismfrance.org\/index.php\/2024\/12\/23\/la-scene-du-crime-se-repete\/\"},\"author\":{\"name\":\"mru_01\",\"@id\":\"https:\/\/ismfrance.org\/#\/schema\/person\/3c411eb72adfaae19c0dca1f41fae01d\"},\"headline\":\"La sc\u00e8ne du crime se r\u00e9p\u00e8te\",\"datePublished\":\"2024-12-23T15:35:32+00:00\",\"dateModified\":\"2024-12-23T15:36:04+00:00\",\"mainEntityOfPage\":{\"@id\":\"https:\/\/ismfrance.org\/index.php\/2024\/12\/23\/la-scene-du-crime-se-repete\/\"},\"wordCount\":504,\"publisher\":{\"@id\":\"https:\/\/ismfrance.org\/#organization\"},\"image\":{\"@id\":\"https:\/\/ismfrance.org\/index.php\/2024\/12\/23\/la-scene-du-crime-se-repete\/#primaryimage\"},\"thumbnailUrl\":\"https:\/\/ismfrance.org\/wp-content\/uploads\/2024\/12\/tulkarem.jpeg\",\"keywords\":[\"Assassinats cibl\u00e9s\"],\"articleSection\":[\"Articles\",\"T\u00e9moignages\"],\"inLanguage\":\"fr-FR\"},{\"@type\":\"WebPage\",\"@id\":\"https:\/\/ismfrance.org\/index.php\/2024\/12\/23\/la-scene-du-crime-se-repete\/\",\"url\":\"https:\/\/ismfrance.org\/index.php\/2024\/12\/23\/la-scene-du-crime-se-repete\/\",\"name\":\"La sc\u00e8ne du crime se r\u00e9p\u00e8te - International Solidarity Movement - ISM-France\",\"isPartOf\":{\"@id\":\"https:\/\/ismfrance.org\/#website\"},\"primaryImageOfPage\":{\"@id\":\"https:\/\/ismfrance.org\/index.php\/2024\/12\/23\/la-scene-du-crime-se-repete\/#primaryimage\"},\"image\":{\"@id\":\"https:\/\/ismfrance.org\/index.php\/2024\/12\/23\/la-scene-du-crime-se-repete\/#primaryimage\"},\"thumbnailUrl\":\"https:\/\/ismfrance.org\/wp-content\/uploads\/2024\/12\/tulkarem.jpeg\",\"datePublished\":\"2024-12-23T15:35:32+00:00\",\"dateModified\":\"2024-12-23T15:36:04+00:00\",\"breadcrumb\":{\"@id\":\"https:\/\/ismfrance.org\/index.php\/2024\/12\/23\/la-scene-du-crime-se-repete\/#breadcrumb\"},\"inLanguage\":\"fr-FR\",\"potentialAction\":[{\"@type\":\"ReadAction\",\"target\":[\"https:\/\/ismfrance.org\/index.php\/2024\/12\/23\/la-scene-du-crime-se-repete\/\"]}]},{\"@type\":\"ImageObject\",\"inLanguage\":\"fr-FR\",\"@id\":\"https:\/\/ismfrance.org\/index.php\/2024\/12\/23\/la-scene-du-crime-se-repete\/#primaryimage\",\"url\":\"https:\/\/ismfrance.org\/wp-content\/uploads\/2024\/12\/tulkarem.jpeg\",\"contentUrl\":\"https:\/\/ismfrance.org\/wp-content\/uploads\/2024\/12\/tulkarem.jpeg\",\"width\":2048,\"height\":1365},{\"@type\":\"BreadcrumbList\",\"@id\":\"https:\/\/ismfrance.org\/index.php\/2024\/12\/23\/la-scene-du-crime-se-repete\/#breadcrumb\",\"itemListElement\":[{\"@type\":\"ListItem\",\"position\":1,\"name\":\"Accueil\",\"item\":\"https:\/\/ismfrance.org\/\"},{\"@type\":\"ListItem\",\"position\":2,\"name\":\"La sc\u00e8ne du crime se r\u00e9p\u00e8te\"}]},{\"@type\":\"WebSite\",\"@id\":\"https:\/\/ismfrance.org\/#website\",\"url\":\"https:\/\/ismfrance.org\/\",\"name\":\"ISM Palestine France\",\"description\":\"Soutien aux luttes de lib\u00e9ration du peuple palestinien\",\"publisher\":{\"@id\":\"https:\/\/ismfrance.org\/#organization\"},\"potentialAction\":[{\"@type\":\"SearchAction\",\"target\":{\"@type\":\"EntryPoint\",\"urlTemplate\":\"https:\/\/ismfrance.org\/?s={search_term_string}\"},\"query-input\":{\"@type\":\"PropertyValueSpecification\",\"valueRequired\":true,\"valueName\":\"search_term_string\"}}],\"inLanguage\":\"fr-FR\"},{\"@type\":\"Organization\",\"@id\":\"https:\/\/ismfrance.org\/#organization\",\"name\":\"International Solidarity Movement\",\"url\":\"https:\/\/ismfrance.org\/\",\"logo\":{\"@type\":\"ImageObject\",\"inLanguage\":\"fr-FR\",\"@id\":\"https:\/\/ismfrance.org\/#\/schema\/logo\/image\/\",\"url\":\"https:\/\/ismfrance.org\/wp-content\/uploads\/2020\/12\/00.png\",\"contentUrl\":\"https:\/\/ismfrance.org\/wp-content\/uploads\/2020\/12\/00.png\",\"width\":400,\"height\":400,\"caption\":\"International Solidarity Movement\"},\"image\":{\"@id\":\"https:\/\/ismfrance.org\/#\/schema\/logo\/image\/\"},\"sameAs\":[\"https:\/\/x.com\/ISMFRANCE\"]},{\"@type\":\"Person\",\"@id\":\"https:\/\/ismfrance.org\/#\/schema\/person\/3c411eb72adfaae19c0dca1f41fae01d\",\"name\":\"mru_01\",\"image\":{\"@type\":\"ImageObject\",\"inLanguage\":\"fr-FR\",\"@id\":\"https:\/\/secure.gravatar.com\/avatar\/3a0be343b445d2ccc79e87444a294fad2b232e90d2051d0e3cc219e1ecd6a330?s=96&d=mm&r=g\",\"url\":\"https:\/\/secure.gravatar.com\/avatar\/3a0be343b445d2ccc79e87444a294fad2b232e90d2051d0e3cc219e1ecd6a330?s=96&d=mm&r=g\",\"contentUrl\":\"https:\/\/secure.gravatar.com\/avatar\/3a0be343b445d2ccc79e87444a294fad2b232e90d2051d0e3cc219e1ecd6a330?s=96&d=mm&r=g\",\"caption\":\"mru_01\"},\"url\":\"https:\/\/ismfrance.org\/index.php\/author\/admin02\/\"}]}<\/script>\n<!-- \/ Yoast SEO plugin. -->","yoast_head_json":{"title":"La sc\u00e8ne du crime se r\u00e9p\u00e8te - International Solidarity Movement - ISM-France","robots":{"index":"index","follow":"follow","max-snippet":"max-snippet:-1","max-image-preview":"max-image-preview:large","max-video-preview":"max-video-preview:-1"},"canonical":"https:\/\/ismfrance.org\/index.php\/2024\/12\/23\/la-scene-du-crime-se-repete\/","og_locale":"fr_FR","og_type":"article","og_title":"La sc\u00e8ne du crime se r\u00e9p\u00e8te - International Solidarity Movement - ISM-France","og_description":"Diana Khwaelid, ISM-Palestine, 22 d\u00e9cembre 2024. Six Palestiniens ont \u00e9t\u00e9 tu\u00e9s lors d\u2019op\u00e9rations isra\u00e9liennes dans les camps de Tulkarem et de Balata en moins de trois heures, le jeudi 19 Lire la suite &rarr;","og_url":"https:\/\/ismfrance.org\/index.php\/2024\/12\/23\/la-scene-du-crime-se-repete\/","og_site_name":"International Solidarity Movement - ISM-France","article_published_time":"2024-12-23T15:35:32+00:00","article_modified_time":"2024-12-23T15:36:04+00:00","og_image":[{"width":2048,"height":1365,"url":"https:\/\/ismfrance.org\/wp-content\/uploads\/2024\/12\/tulkarem.jpeg","type":"image\/jpeg"}],"author":"mru_01","twitter_card":"summary_large_image","twitter_creator":"@ISMFRANCE","twitter_site":"@ISMFRANCE","twitter_misc":{"\u00c9crit par":"mru_01","Dur\u00e9e de lecture estim\u00e9e":"4 minutes"},"schema":{"@context":"https:\/\/schema.org","@graph":[{"@type":"Article","@id":"https:\/\/ismfrance.org\/index.php\/2024\/12\/23\/la-scene-du-crime-se-repete\/#article","isPartOf":{"@id":"https:\/\/ismfrance.org\/index.php\/2024\/12\/23\/la-scene-du-crime-se-repete\/"},"author":{"name":"mru_01","@id":"https:\/\/ismfrance.org\/#\/schema\/person\/3c411eb72adfaae19c0dca1f41fae01d"},"headline":"La sc\u00e8ne du crime se r\u00e9p\u00e8te","datePublished":"2024-12-23T15:35:32+00:00","dateModified":"2024-12-23T15:36:04+00:00","mainEntityOfPage":{"@id":"https:\/\/ismfrance.org\/index.php\/2024\/12\/23\/la-scene-du-crime-se-repete\/"},"wordCount":504,"publisher":{"@id":"https:\/\/ismfrance.org\/#organization"},"image":{"@id":"https:\/\/ismfrance.org\/index.php\/2024\/12\/23\/la-scene-du-crime-se-repete\/#primaryimage"},"thumbnailUrl":"https:\/\/ismfrance.org\/wp-content\/uploads\/2024\/12\/tulkarem.jpeg","keywords":["Assassinats cibl\u00e9s"],"articleSection":["Articles","T\u00e9moignages"],"inLanguage":"fr-FR"},{"@type":"WebPage","@id":"https:\/\/ismfrance.org\/index.php\/2024\/12\/23\/la-scene-du-crime-se-repete\/","url":"https:\/\/ismfrance.org\/index.php\/2024\/12\/23\/la-scene-du-crime-se-repete\/","name":"La sc\u00e8ne du crime se r\u00e9p\u00e8te - International Solidarity Movement - ISM-France","isPartOf":{"@id":"https:\/\/ismfrance.org\/#website"},"primaryImageOfPage":{"@id":"https:\/\/ismfrance.org\/index.php\/2024\/12\/23\/la-scene-du-crime-se-repete\/#primaryimage"},"image":{"@id":"https:\/\/ismfrance.org\/index.php\/2024\/12\/23\/la-scene-du-crime-se-repete\/#primaryimage"},"thumbnailUrl":"https:\/\/ismfrance.org\/wp-content\/uploads\/2024\/12\/tulkarem.jpeg","datePublished":"2024-12-23T15:35:32+00:00","dateModified":"2024-12-23T15:36:04+00:00","breadcrumb":{"@id":"https:\/\/ismfrance.org\/index.php\/2024\/12\/23\/la-scene-du-crime-se-repete\/#breadcrumb"},"inLanguage":"fr-FR","potentialAction":[{"@type":"ReadAction","target":["https:\/\/ismfrance.org\/index.php\/2024\/12\/23\/la-scene-du-crime-se-repete\/"]}]},{"@type":"ImageObject","inLanguage":"fr-FR","@id":"https:\/\/ismfrance.org\/index.php\/2024\/12\/23\/la-scene-du-crime-se-repete\/#primaryimage","url":"https:\/\/ismfrance.org\/wp-content\/uploads\/2024\/12\/tulkarem.jpeg","contentUrl":"https:\/\/ismfrance.org\/wp-content\/uploads\/2024\/12\/tulkarem.jpeg","width":2048,"height":1365},{"@type":"BreadcrumbList","@id":"https:\/\/ismfrance.org\/index.php\/2024\/12\/23\/la-scene-du-crime-se-repete\/#breadcrumb","itemListElement":[{"@type":"ListItem","position":1,"name":"Accueil","item":"https:\/\/ismfrance.org\/"},{"@type":"ListItem","position":2,"name":"La sc\u00e8ne du crime se r\u00e9p\u00e8te"}]},{"@type":"WebSite","@id":"https:\/\/ismfrance.org\/#website","url":"https:\/\/ismfrance.org\/","name":"ISM Palestine France","description":"Soutien aux luttes de lib\u00e9ration du peuple palestinien","publisher":{"@id":"https:\/\/ismfrance.org\/#organization"},"potentialAction":[{"@type":"SearchAction","target":{"@type":"EntryPoint","urlTemplate":"https:\/\/ismfrance.org\/?s={search_term_string}"},"query-input":{"@type":"PropertyValueSpecification","valueRequired":true,"valueName":"search_term_string"}}],"inLanguage":"fr-FR"},{"@type":"Organization","@id":"https:\/\/ismfrance.org\/#organization","name":"International Solidarity Movement","url":"https:\/\/ismfrance.org\/","logo":{"@type":"ImageObject","inLanguage":"fr-FR","@id":"https:\/\/ismfrance.org\/#\/schema\/logo\/image\/","url":"https:\/\/ismfrance.org\/wp-content\/uploads\/2020\/12\/00.png","contentUrl":"https:\/\/ismfrance.org\/wp-content\/uploads\/2020\/12\/00.png","width":400,"height":400,"caption":"International Solidarity Movement"},"image":{"@id":"https:\/\/ismfrance.org\/#\/schema\/logo\/image\/"},"sameAs":["https:\/\/x.com\/ISMFRANCE"]},{"@type":"Person","@id":"https:\/\/ismfrance.org\/#\/schema\/person\/3c411eb72adfaae19c0dca1f41fae01d","name":"mru_01","image":{"@type":"ImageObject","inLanguage":"fr-FR","@id":"https:\/\/secure.gravatar.com\/avatar\/3a0be343b445d2ccc79e87444a294fad2b232e90d2051d0e3cc219e1ecd6a330?s=96&d=mm&r=g","url":"https:\/\/secure.gravatar.com\/avatar\/3a0be343b445d2ccc79e87444a294fad2b232e90d2051d0e3cc219e1ecd6a330?s=96&d=mm&r=g","contentUrl":"https:\/\/secure.gravatar.com\/avatar\/3a0be343b445d2ccc79e87444a294fad2b232e90d2051d0e3cc219e1ecd6a330?s=96&d=mm&r=g","caption":"mru_01"},"url":"https:\/\/ismfrance.org\/index.php\/author\/admin02\/"}]}},"_links":{"self":[{"href":"https:\/\/ismfrance.org\/index.php\/wp-json\/wp\/v2\/posts\/16922","targetHints":{"allow":["GET"]}}],"collection":[{"href":"https:\/\/ismfrance.org\/index.php\/wp-json\/wp\/v2\/posts"}],"about":[{"href":"https:\/\/ismfrance.org\/index.php\/wp-json\/wp\/v2\/types\/post"}],"author":[{"embeddable":true,"href":"https:\/\/ismfrance.org\/index.php\/wp-json\/wp\/v2\/users\/3"}],"replies":[{"embeddable":true,"href":"https:\/\/ismfrance.org\/index.php\/wp-json\/wp\/v2\/comments?post=16922"}],"version-history":[{"count":0,"href":"https:\/\/ismfrance.org\/index.php\/wp-json\/wp\/v2\/posts\/16922\/revisions"}],"wp:featuredmedia":[{"embeddable":true,"href":"https:\/\/ismfrance.org\/index.php\/wp-json\/wp\/v2\/media\/16924"}],"wp:attachment":[{"href":"https:\/\/ismfrance.org\/index.php\/wp-json\/wp\/v2\/media?parent=16922"}],"wp:term":[{"taxonomy":"category","embeddable":true,"href":"https:\/\/ismfrance.org\/index.php\/wp-json\/wp\/v2\/categories?post=16922"},{"taxonomy":"post_tag","embeddable":true,"href":"https:\/\/ismfrance.org\/index.php\/wp-json\/wp\/v2\/tags?post=16922"}],"curies":[{"name":"wp","href":"https:\/\/api.w.org\/{rel}","templated":true}]}}