{"id":16914,"date":"2024-12-22T12:08:34","date_gmt":"2024-12-22T11:08:34","guid":{"rendered":"https:\/\/ismfrance.org\/?p=16914"},"modified":"2025-01-05T16:48:12","modified_gmt":"2025-01-05T15:48:12","slug":"temoignages-de-gazaouis-la-survie-qui-sorganise-au-jour-le-jour-dans-lenfer-de-gaza-partie-256-21-decembre-les-conditions-de-vie-tres-dures-des-deplaces","status":"publish","type":"post","link":"https:\/\/ismfrance.org\/index.php\/2024\/12\/22\/temoignages-de-gazaouis-la-survie-qui-sorganise-au-jour-le-jour-dans-lenfer-de-gaza-partie-256-21-decembre-les-conditions-de-vie-tres-dures-des-deplaces\/","title":{"rendered":"T\u00e9moignages de Gazaouis : La survie qui s\u2019organise au jour le jour dans l\u2019enfer de Gaza \u2013 partie 256 \/ 21 d\u00e9cembre \u2013\u00a0Les conditions de vie tr\u00e8s dures des d\u00e9plac\u00e9s dans les camps de Gaza\u00a0"},"content":{"rendered":"<p align=\"LEFT\"><span style=\"color: #000000;\"><span style=\"font-family: Arial, sans-serif;\"><span style=\"font-size: medium;\"><b>Brigitte Challande, 22 d\u00e9cembre 2024. <\/b>Un texte d\u2019Abu Amir, re\u00e7u le soir du 21 d\u00e9cembre.\u00a0<\/span><\/span><\/span><\/p>\n<blockquote><p>Cliquez ici pour consulter les <a href=\"https:\/\/ismfrance.org\/index.php\/temoignages-gazaouis-survie-enfer-gaza-1\/\" rel=\"noopener\" target=\"_blank\">R\u00e9cits complets<\/a>.<\/p><\/blockquote>\n<p align=\"LEFT\"><span style=\"color: #000000;\"><span style=\"font-family: Arial, sans-serif;\"><span style=\"font-size: medium;\"><b>\u00ab\u00a0<span style=\"font-size: large;\">Une souffrance quotidienne et des solutions humanitaires\u00a0<\/span><\/b><\/span><\/span><\/span><\/p>\n<p align=\"LEFT\"><span style=\"color: #000000;\"><span style=\"font-family: Arial, sans-serif;\"><span style=\"font-size: medium;\">Les d\u00e9plac\u00e9s vivant dans les camps de r\u00e9fugi\u00e9s \u00e0 Gaza endurent des conditions de vie extr\u00eamement difficiles qui se d\u00e9t\u00e9riorent encore avec la poursuite de la guerre et l&rsquo;aggravation des crises humanitaires. Des milliers de familles survivent dans des tentes d\u00e9labr\u00e9es d\u00e9pourvues des besoins de base, face \u00e0 une grave p\u00e9nurie de nourriture, de v\u00eatements et de fournitures essentielles, rendant leur quotidien un combat constant pour la survie.\u00a0<\/span><\/span><\/span><\/p>\n<p align=\"LEFT\"><a href=\"https:\/\/ismfrance.org\/wp-content\/uploads\/2024\/12\/IMG_3501.jpg\"><img loading=\"lazy\" decoding=\"async\" class=\"alignnone size-large wp-image-16917\" src=\"https:\/\/ismfrance.org\/wp-content\/uploads\/2024\/12\/IMG_3501-700x394.jpg\" alt=\"\" width=\"600\" height=\"338\" srcset=\"https:\/\/ismfrance.org\/wp-content\/uploads\/2024\/12\/IMG_3501-700x394.jpg 700w, https:\/\/ismfrance.org\/wp-content\/uploads\/2024\/12\/IMG_3501-300x169.jpg 300w, https:\/\/ismfrance.org\/wp-content\/uploads\/2024\/12\/IMG_3501-768x432.jpg 768w, https:\/\/ismfrance.org\/wp-content\/uploads\/2024\/12\/IMG_3501.jpg 1280w\" sizes=\"auto, (max-width: 600px) 100vw, 600px\" \/><\/a><\/p>\n<p align=\"LEFT\"><span style=\"color: #000000;\"><span style=\"font-family: Arial, sans-serif;\"><span style=\"font-size: medium;\"><b>Des crises r\u00e9currentes qui exacerbent la souffrance des d\u00e9plac\u00e9s\u00a0<\/b><\/span><\/span><\/span><\/p>\n<p align=\"LEFT\"><span style=\"color: #000000;\"><span style=\"font-family: Arial, sans-serif;\"><span style=\"font-size: medium;\">Depuis le d\u00e9but de la guerre, les d\u00e9plac\u00e9s sont confront\u00e9s \u00e0 des crises r\u00e9currentes qui amplifient leur d\u00e9tresse. Parmi elles, la crise du pain se distingue comme un d\u00e9fi majeur. Les familles s\u2019entassent dans de longues files d\u2019attente devant les boulangeries, sous la pluie battante et dans le froid hivernal, esp\u00e9rant obtenir quelques morceaux de pain pour nourrir leurs enfants. Cependant, tous ne r\u00e9ussissent pas \u00e0 obtenir leur ration alimentaire en raison du manque de ressources et des retards dans la distribution. De nombreuses familles retournent \u00e0 leurs tentes les mains vides, ce qui accro\u00eet leur sentiment de privation et de d\u00e9sespoir.\u00a0<\/span><\/span><\/span><\/p>\n<p align=\"LEFT\"><span style=\"color: #000000;\"><span style=\"font-family: Arial, sans-serif;\"><span style=\"font-size: medium;\">En plus de la crise du pain, les d\u00e9plac\u00e9s subissent une p\u00e9nurie aigu\u00eb de fournitures hivernales telles que des couvertures, des v\u00eatements chauds et des b\u00e2ches plastiques pour r\u00e9parer leurs tentes endommag\u00e9es. Avec la baisse des temp\u00e9ratures et les pluies abondantes, ces articles deviennent essentiels pour garantir un minimum de chaleur et de s\u00e9curit\u00e9. Les enfants et les femmes sont les plus vuln\u00e9rables, souffrant souvent de maladies li\u00e9es au froid et \u00e0 la malnutrition dues aux conditions de vie pr\u00e9caires.\u00a0<\/span><\/span><\/span><\/p>\n<p align=\"LEFT\"><span style=\"color: #000000;\"><span style=\"font-family: Arial, sans-serif;\"><span style=\"font-size: medium;\"><b>Les files d\u2019attente pour la nourriture : Une image quotidienne de la souffrance\u00a0<\/b><\/span><\/span><\/span><\/p>\n<p align=\"LEFT\"><span style=\"color: #000000;\"><span style=\"font-family: Arial, sans-serif;\"><span style=\"font-size: medium;\">Les longues files d\u2019attente devant les centres de distribution alimentaire sont devenues une sc\u00e8ne quotidienne dans les camps de d\u00e9plac\u00e9s. Des milliers de familles attendent sous la pluie et dans des conditions m\u00e9t\u00e9orologiques difficiles pour recevoir un simple repas, souvent leur seule source de nourriture. Ces files d\u2019attente refl\u00e8tent l\u2019ampleur de la crise alimentaire dans ces camps, o\u00f9 les autorit\u00e9s locales peinent \u00e0 r\u00e9pondre \u00e0 la demande croissante. Parfois, les d\u00e9plac\u00e9s doivent repartir sans nourriture apr\u00e8s des heures d\u2019attente, exacerbant leur sentiment d\u2019impuissance et de frustration.\u00a0<\/span><\/span><\/span><\/p>\n<p align=\"LEFT\"><a href=\"https:\/\/ismfrance.org\/wp-content\/uploads\/2024\/12\/IMG_3515.jpg\"><img loading=\"lazy\" decoding=\"async\" class=\"alignnone size-large wp-image-16918\" src=\"https:\/\/ismfrance.org\/wp-content\/uploads\/2024\/12\/IMG_3515-700x391.jpg\" alt=\"\" width=\"600\" height=\"335\" srcset=\"https:\/\/ismfrance.org\/wp-content\/uploads\/2024\/12\/IMG_3515-700x391.jpg 700w, https:\/\/ismfrance.org\/wp-content\/uploads\/2024\/12\/IMG_3515-300x168.jpg 300w, https:\/\/ismfrance.org\/wp-content\/uploads\/2024\/12\/IMG_3515-768x429.jpg 768w, https:\/\/ismfrance.org\/wp-content\/uploads\/2024\/12\/IMG_3515.jpg 1170w\" sizes=\"auto, (max-width: 600px) 100vw, 600px\" \/><\/a><\/p>\n<p align=\"LEFT\"><span style=\"color: #000000;\"><span style=\"font-family: Arial, sans-serif;\"><span style=\"font-size: medium;\"><b>L\u2019importance du programme alimentaire dans le camp Al-Fajr\u00a0<\/b><\/span><\/span><\/span><\/p>\n<p align=\"LEFT\"><span style=\"color: #000000;\"><span style=\"font-family: Arial, sans-serif;\"><span style=\"font-size: medium;\">Face \u00e0 ces souffrances, l\u2019importance des initiatives humanitaires men\u00e9es par les associations de solidarit\u00e9 se fait sentir. Le programme alimentaire mis en \u0153uvre par l&rsquo;UJFP dans le camp Al-Fajr, \u00e0 Mawassi Khan Youn\u00e8s, est un exemple remarquable de ces actions. Ce programme soutient 1.600 familles en leur fournissant des repas quotidiens, assurant ainsi leur s\u00e9curit\u00e9 alimentaire. Cette initiative ne se limite pas \u00e0 la distribution de nourriture ; elle contribue \u00e9galement \u00e0 maintenir la paix dans le camp en r\u00e9duisant les tensions li\u00e9es au manque de nourriture. Le programme joue un r\u00f4le essentiel dans la stabilit\u00e9 sociale des d\u00e9plac\u00e9s et att\u00e9nue les probl\u00e8mes caus\u00e9s par la crise alimentaire.\u00a0<\/span><\/span><\/span><\/p>\n<p align=\"LEFT\"><span style=\"color: #000000;\"><span style=\"font-family: Arial, sans-serif;\"><span style=\"font-size: medium;\"><b>Des initiatives humanitaires pour all\u00e9ger la souffrance\u00a0<\/b><\/span><\/span><\/span><\/p>\n<p align=\"LEFT\"><span style=\"color: #000000;\"><span style=\"font-family: Arial, sans-serif;\"><span style=\"font-size: medium;\">En plus du programme alimentaire, les \u00e9quipes de l&rsquo;UJFP mettent en \u0153uvre diverses initiatives pour am\u00e9liorer les conditions des d\u00e9plac\u00e9s. L\u2019initiative <b>\u00ab\u00a0Pain de l\u2019espoir\u00a0\u00bb<\/b> vise \u00e0 fournir du pain aux familles n\u00e9cessiteuses, aidant ainsi \u00e0 r\u00e9pondre \u00e0 une partie de leurs besoins quotidiens. Cette initiative r\u00e9duit les files d\u2019attente et am\u00e9liore l\u2019acc\u00e8s au pain, en particulier pour les familles qui ne peuvent pas se permettre de patienter de longues heures.\u00a0<\/span><\/span><\/span><\/p>\n<p align=\"LEFT\"><a href=\"https:\/\/ismfrance.org\/wp-content\/uploads\/2024\/12\/IMG_3509.jpg\"><img loading=\"lazy\" decoding=\"async\" class=\"alignnone size-large wp-image-16919\" src=\"https:\/\/ismfrance.org\/wp-content\/uploads\/2024\/12\/IMG_3509-700x382.jpg\" alt=\"\" width=\"600\" height=\"327\" srcset=\"https:\/\/ismfrance.org\/wp-content\/uploads\/2024\/12\/IMG_3509-700x382.jpg 700w, https:\/\/ismfrance.org\/wp-content\/uploads\/2024\/12\/IMG_3509-300x164.jpg 300w, https:\/\/ismfrance.org\/wp-content\/uploads\/2024\/12\/IMG_3509-768x420.jpg 768w, https:\/\/ismfrance.org\/wp-content\/uploads\/2024\/12\/IMG_3509.jpg 1166w\" sizes=\"auto, (max-width: 600px) 100vw, 600px\" \/><\/a><\/p>\n<p align=\"LEFT\"><span style=\"color: #000000;\"><span style=\"font-family: Arial, sans-serif;\"><span style=\"font-size: medium;\">De m\u00eame, l\u2019initiative <b>\u00ab\u00a0Hiver \u00e0 l\u2019abri\u00a0\u00bb<\/b> se concentre sur la distribution de fournitures hivernales essentielles, notamment des v\u00eatements chauds, des couvertures et des b\u00e2ches plastiques pour r\u00e9parer les tentes endommag\u00e9es. Ces aides permettent aux familles d\u00e9plac\u00e9es de traverser l\u2019hiver avec une relative s\u00e9curit\u00e9, am\u00e9liorant leurs conditions de vie et r\u00e9duisant les risques de maladies li\u00e9es au froid.\u00a0<\/span><\/span><\/span><\/p>\n<p align=\"LEFT\"><span style=\"color: #000000;\"><span style=\"font-family: Arial, sans-serif;\"><span style=\"font-size: medium;\"><b>Un r\u00f4le humanitaire global : \u00c9ducation et soutien psychologique\u00a0<\/b><\/span><\/span><\/span><\/p>\n<p align=\"LEFT\"><span style=\"color: #000000;\"><span style=\"font-family: Arial, sans-serif;\"><span style=\"font-size: medium;\">Les efforts de l&rsquo;UJFP ne se limitent pas \u00e0 fournir de la nourriture et des fournitures de base. L\u2019organisation s\u2019engage \u00e9galement \u00e0 r\u00e9pondre \u00e0 d\u2019autres aspects de la vie des d\u00e9plac\u00e9s. Elle a cr\u00e9\u00e9 et g\u00e8re des centres \u00e9ducatifs dans les camps pour offrir une \u00e9ducation aux enfants priv\u00e9s d\u2019\u00e9coles en raison du d\u00e9placement. L\u2019\u00e9ducation est une pierre angulaire pour construire l\u2019avenir et aide les enfants \u00e0 garder espoir malgr\u00e9 les conditions difficiles.\u00a0<\/span><\/span><\/span><\/p>\n<p align=\"LEFT\"><span style=\"color: #000000;\"><span style=\"font-family: Arial, sans-serif;\"><span style=\"font-size: medium;\">En outre, l&rsquo;UJFP accorde une attention particuli\u00e8re au soutien psychologique, mettant en place des programmes sp\u00e9cialement con\u00e7us pour les femmes et les enfants afin de les aider \u00e0 surmonter les traumatismes caus\u00e9s par la guerre et le d\u00e9placement. Ces s\u00e9ances de soutien visent \u00e0 r\u00e9duire le stress et l\u2019anxi\u00e9t\u00e9, tout en dotant les femmes des comp\u00e9tences n\u00e9cessaires pour prendre soin de leurs familles dans des conditions difficiles. Les enfants, quant \u00e0 eux, participent \u00e0 des activit\u00e9s qui les aident \u00e0 surmonter leurs traumatismes et \u00e0 retrouver une part de leur enfance vol\u00e9e.\u00a0<\/span><\/span><\/span><\/p>\n<p align=\"LEFT\"><a href=\"https:\/\/ismfrance.org\/wp-content\/uploads\/2024\/12\/IMG_3492.jpg\"><img loading=\"lazy\" decoding=\"async\" class=\"alignnone size-large wp-image-16920\" src=\"https:\/\/ismfrance.org\/wp-content\/uploads\/2024\/12\/IMG_3492-700x391.jpg\" alt=\"\" width=\"600\" height=\"335\" srcset=\"https:\/\/ismfrance.org\/wp-content\/uploads\/2024\/12\/IMG_3492-700x391.jpg 700w, https:\/\/ismfrance.org\/wp-content\/uploads\/2024\/12\/IMG_3492-300x168.jpg 300w, https:\/\/ismfrance.org\/wp-content\/uploads\/2024\/12\/IMG_3492-768x429.jpg 768w, https:\/\/ismfrance.org\/wp-content\/uploads\/2024\/12\/IMG_3492.jpg 1166w\" sizes=\"auto, (max-width: 600px) 100vw, 600px\" \/><\/a><\/p>\n<p align=\"LEFT\"><span style=\"color: #000000;\"><span style=\"font-family: Arial, sans-serif;\"><span style=\"font-size: medium;\"><b>L\u2019importance du r\u00f4le humanitaire des\u00a0 associations de solidarit\u00e9<\/b><\/span><\/span><\/span><\/p>\n<p align=\"LEFT\"><span style=\"color: #000000;\"><span style=\"font-family: Arial, sans-serif;\"><span style=\"font-size: medium;\">Avec la poursuite de la guerre et l\u2019aggravation des crises, le r\u00f4le des organisations humanitaires devient plus crucial que jamais. Les efforts d\u00e9ploy\u00e9s par l&rsquo;UJFP et d\u2019autres institutions humanitaires contribuent de mani\u00e8re significative \u00e0 all\u00e9ger les souffrances des d\u00e9plac\u00e9s et \u00e0 fournir des solutions pratiques pour am\u00e9liorer leurs conditions de vie. Ces initiatives ne sont pas seulement des secours d\u2019urgence, mais aussi un investissement dans la r\u00e9silience des communaut\u00e9s d\u00e9plac\u00e9es et leur capacit\u00e9 \u00e0 faire face aux crises.\u00a0<\/span><\/span><\/span><\/p>\n<p align=\"LEFT\"><span style=\"color: #000000;\"><span style=\"font-family: Arial, sans-serif;\"><span style=\"font-size: medium;\">En conclusion, les d\u00e9plac\u00e9s dans les camps de Gaza ont besoin d\u2019un soutien international et local accru pour fournir des solutions durables qui traitent les causes profondes du probl\u00e8me et leur garantissent une vie digne. Ces camps, devenus un refuge ultime pour des milliers de personnes, refl\u00e8tent la dure r\u00e9alit\u00e9 de la crise humanitaire \u00e0 Gaza et soulignent l\u2019urgence d\u2019une r\u00e9ponse plus large et plus soutenue pour am\u00e9liorer leur sort.<\/span><\/span><\/span><\/p>\n<p dir=\"RTL\" align=\"LEFT\"><span style=\"color: #000000;\"><span style=\"font-family: Arial, sans-serif;\"><span style=\"font-size: medium;\"><b>Photos et vid\u00e9os <a href=\"https:\/\/drive.google.com\/drive\/folders\/18XXiP9FlQT8LQ5MkmxBDv8h9QwzS7ZrU\">ICI<\/a><\/b><\/span><\/span><\/span><\/p>\n<p style=\"text-align: center;\" align=\"CENTER\"><b><span style=\"color: #000000;\"><span style=\"font-family: Arial, sans-serif;\"><span style=\"font-size: medium;\">***<\/span><\/span><\/span><\/b><\/p>\n<p align=\"LEFT\"><span style=\"color: #000000;\"><span style=\"font-family: Arial, sans-serif;\"><span style=\"font-size: medium;\">Marsel relaie <a href=\"https:\/\/x.com\/i\/status\/1870649055673819585\">l&rsquo;appel d\u00e9sesp\u00e9r\u00e9 du Dr. Hussam Abu Safia<\/a>, qui a <\/span><\/span><\/span><span style=\"color: #000000;\"><span style=\"font-family: Arial, sans-serif;\"><span style=\"font-size: medium;\">re\u00e7u de l&rsquo;occup ation l&rsquo;ordre d&rsquo;\u00e9vacuer les bless\u00e9s. Il a expliqu\u00e9 que le transfert des bless\u00e9s vers l&rsquo;h\u00f4pital indon\u00e9sien est impossible dans les d\u00e9lais impartis.<\/span><\/span><\/span><span style=\"color: #000000;\"><span style=\"font-family: Arial, sans-serif;\"><span style=\"font-size: medium;\"> De plus, <\/span><\/span><\/span><span style=\"color: #000000;\"><span style=\"font-family: Arial, sans-serif;\"><span style=\"font-size: medium;\">\u00ab\u00a0dans l\u2019h\u00f4pital Kamal Adwan, nous et les patients sommes en train de mourir de faim.\u00a0\u00bb<\/span><\/span><\/span><\/p>\n<hr \/>\n<p align=\"LEFT\"><strong>Retrouvez l\u2019ensemble des t\u00e9moignages d\u2019Abu Amir et Marsel :<\/strong><\/p>\n<p>*<strong>Abu Amir Mutasem Ele\u00efwa<\/strong>\u00a0est coordinateur des Projets paysans depuis 2016 au sud de la bande de Gaza et correspondant de l\u2019Union Juive Fran\u00e7aise pour la Paix.<\/p>\n<p>*<strong>Marsel Alledawi<\/strong>\u00a0est responsable du Centre Ibn Sina du nord de la bande de Gaza, centre qui se consacre au suivi \u00e9ducatif et psychologique de l\u2019enfance.<\/p>\n<p>Tous les deux sont soutenus par l\u2019UJFP en France.<\/p>\n<hr \/>\n<p><strong>Pour participer \u00e0 la collecte \u00ab Urgence Guerre \u00e0 Gaza \u00bb :\u00a0<a href=\"https:\/\/www.helloasso.com\/associations\/union-juive-francaise-pour-la-paix\/collectes\/urgence-guerre-a-gaza\">HelloAsso.com<\/a><\/strong><br \/>\n<strong>Les t\u00e9moignages sont \u00e9galement publi\u00e9s sur\u00a0<a href=\"https:\/\/ujfp.org\/\">UJFP<\/a>,\u00a0<a href=\"https:\/\/altermidi.org\/\">Altermidi<\/a>\u00a0et sur\u00a0<a href=\"https:\/\/lepoing.net\/\">Le Poing<\/a>.<\/strong><\/p>\n","protected":false},"excerpt":{"rendered":"<p>Brigitte Challande, 22 d\u00e9cembre 2024. Un texte d\u2019Abu Amir, re\u00e7u le soir du 21 d\u00e9cembre.\u00a0 Cliquez ici pour consulter les R\u00e9cits complets. \u00ab\u00a0Une souffrance quotidienne et des solutions humanitaires\u00a0 Les <a class=\"more-link\" href=\"https:\/\/ismfrance.org\/index.php\/2024\/12\/22\/temoignages-de-gazaouis-la-survie-qui-sorganise-au-jour-le-jour-dans-lenfer-de-gaza-partie-256-21-decembre-les-conditions-de-vie-tres-dures-des-deplaces\/\">Lire la suite &rarr;<\/a><\/p>\n","protected":false},"author":3,"featured_media":16917,"comment_status":"closed","ping_status":"closed","sticky":false,"template":"","format":"standard","meta":{"footnotes":""},"categories":[2,13],"tags":[156,29],"class_list":["post-16914","post","type-post","status-publish","format-standard","has-post-thumbnail","hentry","category-articles","category-temoignages","tag-genocide","tag-refugies"],"yoast_head":"<!-- This site is optimized with the Yoast SEO plugin v27.2 - https:\/\/yoast.com\/product\/yoast-seo-wordpress\/ -->\n<title>T\u00e9moignages de Gazaouis : La survie qui s\u2019organise au jour le jour dans l\u2019enfer de Gaza \u2013 partie 256 \/ 21 d\u00e9cembre \u2013\u00a0Les conditions de vie tr\u00e8s dures des d\u00e9plac\u00e9s dans les camps de Gaza\u00a0 - International Solidarity Movement - ISM-France<\/title>\n<meta name=\"robots\" content=\"index, follow, max-snippet:-1, max-image-preview:large, max-video-preview:-1\" \/>\n<link rel=\"canonical\" href=\"https:\/\/ismfrance.org\/index.php\/2024\/12\/22\/temoignages-de-gazaouis-la-survie-qui-sorganise-au-jour-le-jour-dans-lenfer-de-gaza-partie-256-21-decembre-les-conditions-de-vie-tres-dures-des-deplaces\/\" \/>\n<meta property=\"og:locale\" content=\"fr_FR\" \/>\n<meta property=\"og:type\" content=\"article\" \/>\n<meta property=\"og:title\" content=\"T\u00e9moignages de Gazaouis : La survie qui s\u2019organise au jour le jour dans l\u2019enfer de Gaza \u2013 partie 256 \/ 21 d\u00e9cembre \u2013\u00a0Les conditions de vie tr\u00e8s dures des d\u00e9plac\u00e9s dans les camps de Gaza\u00a0 - International Solidarity Movement - ISM-France\" \/>\n<meta property=\"og:description\" content=\"Brigitte Challande, 22 d\u00e9cembre 2024. Un texte d\u2019Abu Amir, re\u00e7u le soir du 21 d\u00e9cembre.\u00a0 Cliquez ici pour consulter les R\u00e9cits complets. \u00ab\u00a0Une souffrance quotidienne et des solutions humanitaires\u00a0 Les Lire la suite &rarr;\" \/>\n<meta property=\"og:url\" content=\"https:\/\/ismfrance.org\/index.php\/2024\/12\/22\/temoignages-de-gazaouis-la-survie-qui-sorganise-au-jour-le-jour-dans-lenfer-de-gaza-partie-256-21-decembre-les-conditions-de-vie-tres-dures-des-deplaces\/\" \/>\n<meta property=\"og:site_name\" content=\"International Solidarity Movement - ISM-France\" \/>\n<meta property=\"article:published_time\" content=\"2024-12-22T11:08:34+00:00\" \/>\n<meta property=\"article:modified_time\" content=\"2025-01-05T15:48:12+00:00\" \/>\n<meta property=\"og:image\" content=\"https:\/\/ismfrance.org\/wp-content\/uploads\/2024\/12\/IMG_3501.jpg\" \/>\n\t<meta property=\"og:image:width\" content=\"1280\" \/>\n\t<meta property=\"og:image:height\" content=\"720\" \/>\n\t<meta property=\"og:image:type\" content=\"image\/jpeg\" \/>\n<meta name=\"author\" content=\"mru_01\" \/>\n<meta name=\"twitter:card\" content=\"summary_large_image\" \/>\n<meta name=\"twitter:creator\" content=\"@ISMFRANCE\" \/>\n<meta name=\"twitter:site\" content=\"@ISMFRANCE\" \/>\n<meta name=\"twitter:label1\" content=\"\u00c9crit par\" \/>\n\t<meta name=\"twitter:data1\" content=\"mru_01\" \/>\n\t<meta name=\"twitter:label2\" content=\"Dur\u00e9e de lecture estim\u00e9e\" \/>\n\t<meta name=\"twitter:data2\" content=\"8 minutes\" \/>\n<script type=\"application\/ld+json\" class=\"yoast-schema-graph\">{\"@context\":\"https:\/\/schema.org\",\"@graph\":[{\"@type\":\"Article\",\"@id\":\"https:\/\/ismfrance.org\/index.php\/2024\/12\/22\/temoignages-de-gazaouis-la-survie-qui-sorganise-au-jour-le-jour-dans-lenfer-de-gaza-partie-256-21-decembre-les-conditions-de-vie-tres-dures-des-deplaces\/#article\",\"isPartOf\":{\"@id\":\"https:\/\/ismfrance.org\/index.php\/2024\/12\/22\/temoignages-de-gazaouis-la-survie-qui-sorganise-au-jour-le-jour-dans-lenfer-de-gaza-partie-256-21-decembre-les-conditions-de-vie-tres-dures-des-deplaces\/\"},\"author\":{\"name\":\"mru_01\",\"@id\":\"https:\/\/ismfrance.org\/#\/schema\/person\/3c411eb72adfaae19c0dca1f41fae01d\"},\"headline\":\"T\u00e9moignages de Gazaouis : La survie qui s\u2019organise au jour le jour dans l\u2019enfer de Gaza \u2013 partie 256 \/ 21 d\u00e9cembre \u2013\u00a0Les conditions de vie tr\u00e8s dures des d\u00e9plac\u00e9s dans les camps de Gaza\u00a0\",\"datePublished\":\"2024-12-22T11:08:34+00:00\",\"dateModified\":\"2025-01-05T15:48:12+00:00\",\"mainEntityOfPage\":{\"@id\":\"https:\/\/ismfrance.org\/index.php\/2024\/12\/22\/temoignages-de-gazaouis-la-survie-qui-sorganise-au-jour-le-jour-dans-lenfer-de-gaza-partie-256-21-decembre-les-conditions-de-vie-tres-dures-des-deplaces\/\"},\"wordCount\":1301,\"publisher\":{\"@id\":\"https:\/\/ismfrance.org\/#organization\"},\"image\":{\"@id\":\"https:\/\/ismfrance.org\/index.php\/2024\/12\/22\/temoignages-de-gazaouis-la-survie-qui-sorganise-au-jour-le-jour-dans-lenfer-de-gaza-partie-256-21-decembre-les-conditions-de-vie-tres-dures-des-deplaces\/#primaryimage\"},\"thumbnailUrl\":\"https:\/\/ismfrance.org\/wp-content\/uploads\/2024\/12\/IMG_3501.jpg\",\"keywords\":[\"G\u00e9nocide\",\"r\u00e9fugi\u00e9s\"],\"articleSection\":[\"Articles\",\"T\u00e9moignages\"],\"inLanguage\":\"fr-FR\"},{\"@type\":\"WebPage\",\"@id\":\"https:\/\/ismfrance.org\/index.php\/2024\/12\/22\/temoignages-de-gazaouis-la-survie-qui-sorganise-au-jour-le-jour-dans-lenfer-de-gaza-partie-256-21-decembre-les-conditions-de-vie-tres-dures-des-deplaces\/\",\"url\":\"https:\/\/ismfrance.org\/index.php\/2024\/12\/22\/temoignages-de-gazaouis-la-survie-qui-sorganise-au-jour-le-jour-dans-lenfer-de-gaza-partie-256-21-decembre-les-conditions-de-vie-tres-dures-des-deplaces\/\",\"name\":\"T\u00e9moignages de Gazaouis : La survie qui s\u2019organise au jour le jour dans l\u2019enfer de Gaza \u2013 partie 256 \/ 21 d\u00e9cembre \u2013\u00a0Les conditions de vie tr\u00e8s dures des d\u00e9plac\u00e9s dans les camps de Gaza\u00a0 - International Solidarity Movement - ISM-France\",\"isPartOf\":{\"@id\":\"https:\/\/ismfrance.org\/#website\"},\"primaryImageOfPage\":{\"@id\":\"https:\/\/ismfrance.org\/index.php\/2024\/12\/22\/temoignages-de-gazaouis-la-survie-qui-sorganise-au-jour-le-jour-dans-lenfer-de-gaza-partie-256-21-decembre-les-conditions-de-vie-tres-dures-des-deplaces\/#primaryimage\"},\"image\":{\"@id\":\"https:\/\/ismfrance.org\/index.php\/2024\/12\/22\/temoignages-de-gazaouis-la-survie-qui-sorganise-au-jour-le-jour-dans-lenfer-de-gaza-partie-256-21-decembre-les-conditions-de-vie-tres-dures-des-deplaces\/#primaryimage\"},\"thumbnailUrl\":\"https:\/\/ismfrance.org\/wp-content\/uploads\/2024\/12\/IMG_3501.jpg\",\"datePublished\":\"2024-12-22T11:08:34+00:00\",\"dateModified\":\"2025-01-05T15:48:12+00:00\",\"breadcrumb\":{\"@id\":\"https:\/\/ismfrance.org\/index.php\/2024\/12\/22\/temoignages-de-gazaouis-la-survie-qui-sorganise-au-jour-le-jour-dans-lenfer-de-gaza-partie-256-21-decembre-les-conditions-de-vie-tres-dures-des-deplaces\/#breadcrumb\"},\"inLanguage\":\"fr-FR\",\"potentialAction\":[{\"@type\":\"ReadAction\",\"target\":[\"https:\/\/ismfrance.org\/index.php\/2024\/12\/22\/temoignages-de-gazaouis-la-survie-qui-sorganise-au-jour-le-jour-dans-lenfer-de-gaza-partie-256-21-decembre-les-conditions-de-vie-tres-dures-des-deplaces\/\"]}]},{\"@type\":\"ImageObject\",\"inLanguage\":\"fr-FR\",\"@id\":\"https:\/\/ismfrance.org\/index.php\/2024\/12\/22\/temoignages-de-gazaouis-la-survie-qui-sorganise-au-jour-le-jour-dans-lenfer-de-gaza-partie-256-21-decembre-les-conditions-de-vie-tres-dures-des-deplaces\/#primaryimage\",\"url\":\"https:\/\/ismfrance.org\/wp-content\/uploads\/2024\/12\/IMG_3501.jpg\",\"contentUrl\":\"https:\/\/ismfrance.org\/wp-content\/uploads\/2024\/12\/IMG_3501.jpg\",\"width\":1280,\"height\":720},{\"@type\":\"BreadcrumbList\",\"@id\":\"https:\/\/ismfrance.org\/index.php\/2024\/12\/22\/temoignages-de-gazaouis-la-survie-qui-sorganise-au-jour-le-jour-dans-lenfer-de-gaza-partie-256-21-decembre-les-conditions-de-vie-tres-dures-des-deplaces\/#breadcrumb\",\"itemListElement\":[{\"@type\":\"ListItem\",\"position\":1,\"name\":\"Accueil\",\"item\":\"https:\/\/ismfrance.org\/\"},{\"@type\":\"ListItem\",\"position\":2,\"name\":\"T\u00e9moignages de Gazaouis : La survie qui s\u2019organise au jour le jour dans l\u2019enfer de Gaza \u2013 partie 256 \/ 21 d\u00e9cembre \u2013\u00a0Les conditions de vie tr\u00e8s dures des d\u00e9plac\u00e9s dans les camps de Gaza\u00a0\"}]},{\"@type\":\"WebSite\",\"@id\":\"https:\/\/ismfrance.org\/#website\",\"url\":\"https:\/\/ismfrance.org\/\",\"name\":\"ISM Palestine France\",\"description\":\"Soutien aux luttes de lib\u00e9ration du peuple palestinien\",\"publisher\":{\"@id\":\"https:\/\/ismfrance.org\/#organization\"},\"potentialAction\":[{\"@type\":\"SearchAction\",\"target\":{\"@type\":\"EntryPoint\",\"urlTemplate\":\"https:\/\/ismfrance.org\/?s={search_term_string}\"},\"query-input\":{\"@type\":\"PropertyValueSpecification\",\"valueRequired\":true,\"valueName\":\"search_term_string\"}}],\"inLanguage\":\"fr-FR\"},{\"@type\":\"Organization\",\"@id\":\"https:\/\/ismfrance.org\/#organization\",\"name\":\"International Solidarity Movement\",\"url\":\"https:\/\/ismfrance.org\/\",\"logo\":{\"@type\":\"ImageObject\",\"inLanguage\":\"fr-FR\",\"@id\":\"https:\/\/ismfrance.org\/#\/schema\/logo\/image\/\",\"url\":\"https:\/\/ismfrance.org\/wp-content\/uploads\/2020\/12\/00.png\",\"contentUrl\":\"https:\/\/ismfrance.org\/wp-content\/uploads\/2020\/12\/00.png\",\"width\":400,\"height\":400,\"caption\":\"International Solidarity Movement\"},\"image\":{\"@id\":\"https:\/\/ismfrance.org\/#\/schema\/logo\/image\/\"},\"sameAs\":[\"https:\/\/x.com\/ISMFRANCE\"]},{\"@type\":\"Person\",\"@id\":\"https:\/\/ismfrance.org\/#\/schema\/person\/3c411eb72adfaae19c0dca1f41fae01d\",\"name\":\"mru_01\",\"image\":{\"@type\":\"ImageObject\",\"inLanguage\":\"fr-FR\",\"@id\":\"https:\/\/secure.gravatar.com\/avatar\/3a0be343b445d2ccc79e87444a294fad2b232e90d2051d0e3cc219e1ecd6a330?s=96&d=mm&r=g\",\"url\":\"https:\/\/secure.gravatar.com\/avatar\/3a0be343b445d2ccc79e87444a294fad2b232e90d2051d0e3cc219e1ecd6a330?s=96&d=mm&r=g\",\"contentUrl\":\"https:\/\/secure.gravatar.com\/avatar\/3a0be343b445d2ccc79e87444a294fad2b232e90d2051d0e3cc219e1ecd6a330?s=96&d=mm&r=g\",\"caption\":\"mru_01\"},\"url\":\"https:\/\/ismfrance.org\/index.php\/author\/admin02\/\"}]}<\/script>\n<!-- \/ Yoast SEO plugin. -->","yoast_head_json":{"title":"T\u00e9moignages de Gazaouis : La survie qui s\u2019organise au jour le jour dans l\u2019enfer de Gaza \u2013 partie 256 \/ 21 d\u00e9cembre \u2013\u00a0Les conditions de vie tr\u00e8s dures des d\u00e9plac\u00e9s dans les camps de Gaza\u00a0 - International Solidarity Movement - ISM-France","robots":{"index":"index","follow":"follow","max-snippet":"max-snippet:-1","max-image-preview":"max-image-preview:large","max-video-preview":"max-video-preview:-1"},"canonical":"https:\/\/ismfrance.org\/index.php\/2024\/12\/22\/temoignages-de-gazaouis-la-survie-qui-sorganise-au-jour-le-jour-dans-lenfer-de-gaza-partie-256-21-decembre-les-conditions-de-vie-tres-dures-des-deplaces\/","og_locale":"fr_FR","og_type":"article","og_title":"T\u00e9moignages de Gazaouis : La survie qui s\u2019organise au jour le jour dans l\u2019enfer de Gaza \u2013 partie 256 \/ 21 d\u00e9cembre \u2013\u00a0Les conditions de vie tr\u00e8s dures des d\u00e9plac\u00e9s dans les camps de Gaza\u00a0 - International Solidarity Movement - ISM-France","og_description":"Brigitte Challande, 22 d\u00e9cembre 2024. Un texte d\u2019Abu Amir, re\u00e7u le soir du 21 d\u00e9cembre.\u00a0 Cliquez ici pour consulter les R\u00e9cits complets. \u00ab\u00a0Une souffrance quotidienne et des solutions humanitaires\u00a0 Les Lire la suite &rarr;","og_url":"https:\/\/ismfrance.org\/index.php\/2024\/12\/22\/temoignages-de-gazaouis-la-survie-qui-sorganise-au-jour-le-jour-dans-lenfer-de-gaza-partie-256-21-decembre-les-conditions-de-vie-tres-dures-des-deplaces\/","og_site_name":"International Solidarity Movement - ISM-France","article_published_time":"2024-12-22T11:08:34+00:00","article_modified_time":"2025-01-05T15:48:12+00:00","og_image":[{"width":1280,"height":720,"url":"https:\/\/ismfrance.org\/wp-content\/uploads\/2024\/12\/IMG_3501.jpg","type":"image\/jpeg"}],"author":"mru_01","twitter_card":"summary_large_image","twitter_creator":"@ISMFRANCE","twitter_site":"@ISMFRANCE","twitter_misc":{"\u00c9crit par":"mru_01","Dur\u00e9e de lecture estim\u00e9e":"8 minutes"},"schema":{"@context":"https:\/\/schema.org","@graph":[{"@type":"Article","@id":"https:\/\/ismfrance.org\/index.php\/2024\/12\/22\/temoignages-de-gazaouis-la-survie-qui-sorganise-au-jour-le-jour-dans-lenfer-de-gaza-partie-256-21-decembre-les-conditions-de-vie-tres-dures-des-deplaces\/#article","isPartOf":{"@id":"https:\/\/ismfrance.org\/index.php\/2024\/12\/22\/temoignages-de-gazaouis-la-survie-qui-sorganise-au-jour-le-jour-dans-lenfer-de-gaza-partie-256-21-decembre-les-conditions-de-vie-tres-dures-des-deplaces\/"},"author":{"name":"mru_01","@id":"https:\/\/ismfrance.org\/#\/schema\/person\/3c411eb72adfaae19c0dca1f41fae01d"},"headline":"T\u00e9moignages de Gazaouis : La survie qui s\u2019organise au jour le jour dans l\u2019enfer de Gaza \u2013 partie 256 \/ 21 d\u00e9cembre \u2013\u00a0Les conditions de vie tr\u00e8s dures des d\u00e9plac\u00e9s dans les camps de Gaza\u00a0","datePublished":"2024-12-22T11:08:34+00:00","dateModified":"2025-01-05T15:48:12+00:00","mainEntityOfPage":{"@id":"https:\/\/ismfrance.org\/index.php\/2024\/12\/22\/temoignages-de-gazaouis-la-survie-qui-sorganise-au-jour-le-jour-dans-lenfer-de-gaza-partie-256-21-decembre-les-conditions-de-vie-tres-dures-des-deplaces\/"},"wordCount":1301,"publisher":{"@id":"https:\/\/ismfrance.org\/#organization"},"image":{"@id":"https:\/\/ismfrance.org\/index.php\/2024\/12\/22\/temoignages-de-gazaouis-la-survie-qui-sorganise-au-jour-le-jour-dans-lenfer-de-gaza-partie-256-21-decembre-les-conditions-de-vie-tres-dures-des-deplaces\/#primaryimage"},"thumbnailUrl":"https:\/\/ismfrance.org\/wp-content\/uploads\/2024\/12\/IMG_3501.jpg","keywords":["G\u00e9nocide","r\u00e9fugi\u00e9s"],"articleSection":["Articles","T\u00e9moignages"],"inLanguage":"fr-FR"},{"@type":"WebPage","@id":"https:\/\/ismfrance.org\/index.php\/2024\/12\/22\/temoignages-de-gazaouis-la-survie-qui-sorganise-au-jour-le-jour-dans-lenfer-de-gaza-partie-256-21-decembre-les-conditions-de-vie-tres-dures-des-deplaces\/","url":"https:\/\/ismfrance.org\/index.php\/2024\/12\/22\/temoignages-de-gazaouis-la-survie-qui-sorganise-au-jour-le-jour-dans-lenfer-de-gaza-partie-256-21-decembre-les-conditions-de-vie-tres-dures-des-deplaces\/","name":"T\u00e9moignages de Gazaouis : La survie qui s\u2019organise au jour le jour dans l\u2019enfer de Gaza \u2013 partie 256 \/ 21 d\u00e9cembre \u2013\u00a0Les conditions de vie tr\u00e8s dures des d\u00e9plac\u00e9s dans les camps de Gaza\u00a0 - International Solidarity Movement - ISM-France","isPartOf":{"@id":"https:\/\/ismfrance.org\/#website"},"primaryImageOfPage":{"@id":"https:\/\/ismfrance.org\/index.php\/2024\/12\/22\/temoignages-de-gazaouis-la-survie-qui-sorganise-au-jour-le-jour-dans-lenfer-de-gaza-partie-256-21-decembre-les-conditions-de-vie-tres-dures-des-deplaces\/#primaryimage"},"image":{"@id":"https:\/\/ismfrance.org\/index.php\/2024\/12\/22\/temoignages-de-gazaouis-la-survie-qui-sorganise-au-jour-le-jour-dans-lenfer-de-gaza-partie-256-21-decembre-les-conditions-de-vie-tres-dures-des-deplaces\/#primaryimage"},"thumbnailUrl":"https:\/\/ismfrance.org\/wp-content\/uploads\/2024\/12\/IMG_3501.jpg","datePublished":"2024-12-22T11:08:34+00:00","dateModified":"2025-01-05T15:48:12+00:00","breadcrumb":{"@id":"https:\/\/ismfrance.org\/index.php\/2024\/12\/22\/temoignages-de-gazaouis-la-survie-qui-sorganise-au-jour-le-jour-dans-lenfer-de-gaza-partie-256-21-decembre-les-conditions-de-vie-tres-dures-des-deplaces\/#breadcrumb"},"inLanguage":"fr-FR","potentialAction":[{"@type":"ReadAction","target":["https:\/\/ismfrance.org\/index.php\/2024\/12\/22\/temoignages-de-gazaouis-la-survie-qui-sorganise-au-jour-le-jour-dans-lenfer-de-gaza-partie-256-21-decembre-les-conditions-de-vie-tres-dures-des-deplaces\/"]}]},{"@type":"ImageObject","inLanguage":"fr-FR","@id":"https:\/\/ismfrance.org\/index.php\/2024\/12\/22\/temoignages-de-gazaouis-la-survie-qui-sorganise-au-jour-le-jour-dans-lenfer-de-gaza-partie-256-21-decembre-les-conditions-de-vie-tres-dures-des-deplaces\/#primaryimage","url":"https:\/\/ismfrance.org\/wp-content\/uploads\/2024\/12\/IMG_3501.jpg","contentUrl":"https:\/\/ismfrance.org\/wp-content\/uploads\/2024\/12\/IMG_3501.jpg","width":1280,"height":720},{"@type":"BreadcrumbList","@id":"https:\/\/ismfrance.org\/index.php\/2024\/12\/22\/temoignages-de-gazaouis-la-survie-qui-sorganise-au-jour-le-jour-dans-lenfer-de-gaza-partie-256-21-decembre-les-conditions-de-vie-tres-dures-des-deplaces\/#breadcrumb","itemListElement":[{"@type":"ListItem","position":1,"name":"Accueil","item":"https:\/\/ismfrance.org\/"},{"@type":"ListItem","position":2,"name":"T\u00e9moignages de Gazaouis : La survie qui s\u2019organise au jour le jour dans l\u2019enfer de Gaza \u2013 partie 256 \/ 21 d\u00e9cembre \u2013\u00a0Les conditions de vie tr\u00e8s dures des d\u00e9plac\u00e9s dans les camps de Gaza\u00a0"}]},{"@type":"WebSite","@id":"https:\/\/ismfrance.org\/#website","url":"https:\/\/ismfrance.org\/","name":"ISM Palestine France","description":"Soutien aux luttes de lib\u00e9ration du peuple palestinien","publisher":{"@id":"https:\/\/ismfrance.org\/#organization"},"potentialAction":[{"@type":"SearchAction","target":{"@type":"EntryPoint","urlTemplate":"https:\/\/ismfrance.org\/?s={search_term_string}"},"query-input":{"@type":"PropertyValueSpecification","valueRequired":true,"valueName":"search_term_string"}}],"inLanguage":"fr-FR"},{"@type":"Organization","@id":"https:\/\/ismfrance.org\/#organization","name":"International Solidarity Movement","url":"https:\/\/ismfrance.org\/","logo":{"@type":"ImageObject","inLanguage":"fr-FR","@id":"https:\/\/ismfrance.org\/#\/schema\/logo\/image\/","url":"https:\/\/ismfrance.org\/wp-content\/uploads\/2020\/12\/00.png","contentUrl":"https:\/\/ismfrance.org\/wp-content\/uploads\/2020\/12\/00.png","width":400,"height":400,"caption":"International Solidarity Movement"},"image":{"@id":"https:\/\/ismfrance.org\/#\/schema\/logo\/image\/"},"sameAs":["https:\/\/x.com\/ISMFRANCE"]},{"@type":"Person","@id":"https:\/\/ismfrance.org\/#\/schema\/person\/3c411eb72adfaae19c0dca1f41fae01d","name":"mru_01","image":{"@type":"ImageObject","inLanguage":"fr-FR","@id":"https:\/\/secure.gravatar.com\/avatar\/3a0be343b445d2ccc79e87444a294fad2b232e90d2051d0e3cc219e1ecd6a330?s=96&d=mm&r=g","url":"https:\/\/secure.gravatar.com\/avatar\/3a0be343b445d2ccc79e87444a294fad2b232e90d2051d0e3cc219e1ecd6a330?s=96&d=mm&r=g","contentUrl":"https:\/\/secure.gravatar.com\/avatar\/3a0be343b445d2ccc79e87444a294fad2b232e90d2051d0e3cc219e1ecd6a330?s=96&d=mm&r=g","caption":"mru_01"},"url":"https:\/\/ismfrance.org\/index.php\/author\/admin02\/"}]}},"_links":{"self":[{"href":"https:\/\/ismfrance.org\/index.php\/wp-json\/wp\/v2\/posts\/16914","targetHints":{"allow":["GET"]}}],"collection":[{"href":"https:\/\/ismfrance.org\/index.php\/wp-json\/wp\/v2\/posts"}],"about":[{"href":"https:\/\/ismfrance.org\/index.php\/wp-json\/wp\/v2\/types\/post"}],"author":[{"embeddable":true,"href":"https:\/\/ismfrance.org\/index.php\/wp-json\/wp\/v2\/users\/3"}],"replies":[{"embeddable":true,"href":"https:\/\/ismfrance.org\/index.php\/wp-json\/wp\/v2\/comments?post=16914"}],"version-history":[{"count":0,"href":"https:\/\/ismfrance.org\/index.php\/wp-json\/wp\/v2\/posts\/16914\/revisions"}],"wp:featuredmedia":[{"embeddable":true,"href":"https:\/\/ismfrance.org\/index.php\/wp-json\/wp\/v2\/media\/16917"}],"wp:attachment":[{"href":"https:\/\/ismfrance.org\/index.php\/wp-json\/wp\/v2\/media?parent=16914"}],"wp:term":[{"taxonomy":"category","embeddable":true,"href":"https:\/\/ismfrance.org\/index.php\/wp-json\/wp\/v2\/categories?post=16914"},{"taxonomy":"post_tag","embeddable":true,"href":"https:\/\/ismfrance.org\/index.php\/wp-json\/wp\/v2\/tags?post=16914"}],"curies":[{"name":"wp","href":"https:\/\/api.w.org\/{rel}","templated":true}]}}