{"id":15847,"date":"2024-11-23T09:29:26","date_gmt":"2024-11-23T08:29:26","guid":{"rendered":"https:\/\/ismfrance.org\/?p=15847"},"modified":"2024-11-23T09:31:34","modified_gmt":"2024-11-23T08:31:34","slug":"la-course-a-la-guerre","status":"publish","type":"post","link":"https:\/\/ismfrance.org\/index.php\/2024\/11\/23\/la-course-a-la-guerre\/","title":{"rendered":"LA COURSE \u00c0 LA GUERRE"},"content":{"rendered":"<p><span style=\"color: #000000;\"><span style=\"font-family: Arial, sans-serif;\"><span style=\"font-size: medium;\"><strong>Manlio Dinucci, 22 novembre 2024<\/strong>. Le pr\u00e9sident Biden a autoris\u00e9 l\u2019Ukraine \u00e0 utiliser des armes \u00e9tasuniennes \u00e0 longue port\u00e9e contre la Russie : ce sont les missiles ATACMS avec une port\u00e9e de plus de 300 km. Imm\u00e9diatement les premiers missiles de ce type ont \u00e9t\u00e9 lanc\u00e9s contre des objectifs en territoire russe. Peu apr\u00e8s la Grande-Bretagne a autoris\u00e9 l\u2019Ukraine \u00e0 utiliser contre la Russie des missiles Storm Shadows \u00e0 longue port\u00e9e, \u00e0 la production desquels participe aussi l\u2019Italie avec la soci\u00e9t\u00e9 Leonardo.\u00a0La Russie a alors frapp\u00e9 un site a\u00e9rospatial militaire ukrainien avec le nouveau missile hypersonique Oreshnik \u00e0 t\u00eates multiples non nucl\u00e9aires, armable aussi de t\u00eates nucl\u00e9aires.<\/span><\/span><\/span><\/p>\n<p><span style=\"color: #000000;\"><span style=\"font-family: Arial, sans-serif;\"><span style=\"font-size: medium;\">Le ministre des Affaires Etrang\u00e8res russe Lavrov a d\u00e9clar\u00e9 que de telles attaques contre la Russie sont le signe que l\u2019Occident veut l\u2019escalade, rappelant aussi que le pr\u00e9sident Poutine avait averti les pays occidentaux de la fa\u00e7on dont la position de la Russie serait chang\u00e9e si cette cat\u00e9gorie d\u2019armes avec port\u00e9e de 300 km \u00e9tait approuv\u00e9e. Le 19 novembre, le pr\u00e9sident Poutine a sign\u00e9 un d\u00e9cret qui ratifie la r\u00e9vision de la doctrine nucl\u00e9aire russe. Voici, en synth\u00e8se, quelles en sont les dispositions cl\u00e9s :<\/span><\/span><\/span><\/p>\n<p><span style=\"color: #000000;\"><span style=\"font-family: Arial, sans-serif;\"><span style=\"font-size: medium;\">1 \u201cLa dissuasion nucl\u00e9aire est destin\u00e9e \u00e0 un potentiel adversaire, qui peut comprendre des pays singuliers et des alliances militaires (blocs, unions) qui consid\u00e8rent la Russie comme un ennemi potentiel et qui poss\u00e8dent des armes nucl\u00e9aires et\/ou d\u2019autres armes de destruction de masse, ou qui ont de substantielles capacit\u00e9s de combat de forces d\u2019emploi g\u00e9n\u00e9ral.<\/span><\/span><\/span><\/p>\n<p><span style=\"color: #000000;\"><span style=\"font-family: Arial, sans-serif;\"><span style=\"font-size: medium;\">2 \u201cLa Russie s\u2019engagera aussi dans la dissuasion nucl\u00e9aire contre ces pays qui offrent leur territoire, leurs zones maritimes, l\u2019espace a\u00e9rien et leurs ressources pour une agression contre elle. L\u2019agression de la part de tout \u00c9tat non nucl\u00e9aire, mais avec l\u2019implication ou le soutien d\u2019un \u00c9tat nucl\u00e9aire, sera consid\u00e9r\u00e9e comme une attaque conjointe contre la Russie\u201d.<\/span><\/span><\/span><\/p>\n<p><span style=\"color: #000000;\"><span style=\"font-family: Arial, sans-serif;\"><span style=\"font-size: medium;\">3 \u201cEn outre, une riposte nucl\u00e9aire est consid\u00e9r\u00e9e comme possible en cas de menace critique \u00e0 la souverainet\u00e9 de la Russie, y compris avec des armes conventionnelles, dont une attaque contre la Bi\u00e9lorussie ou une attaque massive d\u2019avions de guerre, missiles de croisi\u00e8re, drones ou autres v\u00e9livoles qui traversent la fronti\u00e8re russe.\u201d<\/span><\/span><\/span><\/p>\n<p><span style=\"color: #000000;\"><span style=\"font-family: Arial, sans-serif;\"><span style=\"font-size: medium;\">L\u2019Italie entre dans la cat\u00e9gorie d\u00e9finie au point 2 : bien qu\u2019\u00e9tant un pays non-nucl\u00e9aire adh\u00e9rant au Trait\u00e9 de non-prolif\u00e9ration qui lui interdit de recevoir de quiconque des armes nucl\u00e9aires, elle h\u00e9berge sur son propre territoire des armes nucl\u00e9aires \u00e9tasuniennes dirig\u00e9es contre la Russie, \u00e0 l\u2019utilisation desquelles est pr\u00eate l\u2019A\u00e9ronautique italienne sous commandement \u00e9tasunien. L\u2019Italie et d\u2019autres pays europ\u00e9ens dans la m\u00eame situation (Allemagne, Belgique, Pays-Bas) entrent ainsi dans la dissuasion nucl\u00e9aire russe : c\u2019est-\u00e0-dire que des missiles nucl\u00e9aires russes sont point\u00e9s sur les bases nucl\u00e9aires en Italie.<\/span><\/span><\/span><\/p>\n<p><span style=\"color: #000000;\"><span style=\"font-family: Arial, sans-serif;\"><span style=\"font-size: medium;\">Ignorant le danger croissant de guerre nucl\u00e9aire, l\u2019Administration Biden, l\u2019OTAN et l\u2019Union Europ\u00e9enne intensifient l\u2019escalade contre la Russie, avec l\u2019intention de faire pr\u00e9cipiter la situation avant que l\u2019Administration Trump puisse ouvrir un canal de n\u00e9gociations avec la Russie. L\u2019OTAN est en train de conduire en Finlande une grande manoeuvre de guerre dirig\u00e9e contre la Russie \u00e0 laquelle participent sous commandement USA 28 pays dont l\u2019Italie. L\u2019Union Europ\u00e9enne conduira une manoeuvre militaire analogue en Allemagne. Les cinq plus grands pays de l\u2019Union Europ\u00e9enne -France, Allemagne, Italie, Espagne et Grande-Bretagne- ont d\u00e9cid\u00e9 d\u2019\u00e9mettre conjointement des Obligations de la D\u00e9fense pour soutenir l&rsquo;industrie guerri\u00e8re europ\u00e9enne. Ursula von der Leyen a d\u00e9clar\u00e9 que l\u2019UE a besoin d\u2019investir 500 milliards d\u2019euros dans la prochaine d\u00e9cennie par potentialiser ses forces militaires et continuer \u00e0 armer l\u2019Ukraine.<\/span><\/span><\/span><\/p>\n<p><em><span style=\"color: #000000;\"><span style=\"font-family: Arial, sans-serif;\"><span style=\"font-size: medium;\">Bref r\u00e9sum\u00e9 de la revue de presse internationale\u00a0Grandangolo\u00a0de vendredi 22 novembre 2024 sur la cha\u00eene TV italienne\u00a0<a href=\"https:\/\/www.byoblu.com\/category\/grandangolo-pangea\/\">Byoblu<\/a>\u00a0\/\u00a0<\/span><\/span><\/span><span style=\"color: #000000;\"><span style=\"font-family: Arial, sans-serif;\"><span style=\"font-size: medium;\">Traduit de l\u2019italien par M-A P.<\/span><\/span><\/span><\/em><\/p>\n","protected":false},"excerpt":{"rendered":"<p>Manlio Dinucci, 22 novembre 2024. Le pr\u00e9sident Biden a autoris\u00e9 l\u2019Ukraine \u00e0 utiliser des armes \u00e9tasuniennes \u00e0 longue port\u00e9e contre la Russie : ce sont les missiles ATACMS avec une <a class=\"more-link\" href=\"https:\/\/ismfrance.org\/index.php\/2024\/11\/23\/la-course-a-la-guerre\/\">Lire la suite &rarr;<\/a><\/p>\n","protected":false},"author":3,"featured_media":0,"comment_status":"closed","ping_status":"closed","sticky":false,"template":"","format":"standard","meta":{"footnotes":""},"categories":[12,2],"tags":[434,433,167],"class_list":["post-15847","post","type-post","status-publish","format-standard","hentry","category-analyses","category-articles","tag-3eme-guerre-mondiale","tag-geopoli","tag-russie"],"yoast_head":"<!-- This site is optimized with the Yoast SEO plugin v27.2 - https:\/\/yoast.com\/product\/yoast-seo-wordpress\/ -->\n<title>LA COURSE \u00c0 LA GUERRE - International Solidarity Movement - ISM-France<\/title>\n<meta name=\"robots\" content=\"index, follow, max-snippet:-1, max-image-preview:large, max-video-preview:-1\" \/>\n<link rel=\"canonical\" href=\"https:\/\/ismfrance.org\/index.php\/2024\/11\/23\/la-course-a-la-guerre\/\" \/>\n<meta property=\"og:locale\" content=\"fr_FR\" \/>\n<meta property=\"og:type\" content=\"article\" \/>\n<meta property=\"og:title\" content=\"LA COURSE \u00c0 LA GUERRE - International Solidarity Movement - ISM-France\" \/>\n<meta property=\"og:description\" content=\"Manlio Dinucci, 22 novembre 2024. Le pr\u00e9sident Biden a autoris\u00e9 l\u2019Ukraine \u00e0 utiliser des armes \u00e9tasuniennes \u00e0 longue port\u00e9e contre la Russie : ce sont les missiles ATACMS avec une Lire la suite &rarr;\" \/>\n<meta property=\"og:url\" content=\"https:\/\/ismfrance.org\/index.php\/2024\/11\/23\/la-course-a-la-guerre\/\" \/>\n<meta property=\"og:site_name\" content=\"International Solidarity Movement - ISM-France\" \/>\n<meta property=\"article:published_time\" content=\"2024-11-23T08:29:26+00:00\" \/>\n<meta property=\"article:modified_time\" content=\"2024-11-23T08:31:34+00:00\" \/>\n<meta name=\"author\" content=\"mru_01\" \/>\n<meta name=\"twitter:card\" content=\"summary_large_image\" \/>\n<meta name=\"twitter:creator\" content=\"@ISMFRANCE\" \/>\n<meta name=\"twitter:site\" content=\"@ISMFRANCE\" \/>\n<meta name=\"twitter:label1\" content=\"\u00c9crit par\" \/>\n\t<meta name=\"twitter:data1\" content=\"mru_01\" \/>\n\t<meta name=\"twitter:label2\" content=\"Dur\u00e9e de lecture estim\u00e9e\" \/>\n\t<meta name=\"twitter:data2\" content=\"4 minutes\" \/>\n<script type=\"application\/ld+json\" class=\"yoast-schema-graph\">{\"@context\":\"https:\/\/schema.org\",\"@graph\":[{\"@type\":\"Article\",\"@id\":\"https:\/\/ismfrance.org\/index.php\/2024\/11\/23\/la-course-a-la-guerre\/#article\",\"isPartOf\":{\"@id\":\"https:\/\/ismfrance.org\/index.php\/2024\/11\/23\/la-course-a-la-guerre\/\"},\"author\":{\"name\":\"mru_01\",\"@id\":\"https:\/\/ismfrance.org\/#\/schema\/person\/3c411eb72adfaae19c0dca1f41fae01d\"},\"headline\":\"LA COURSE \u00c0 LA GUERRE\",\"datePublished\":\"2024-11-23T08:29:26+00:00\",\"dateModified\":\"2024-11-23T08:31:34+00:00\",\"mainEntityOfPage\":{\"@id\":\"https:\/\/ismfrance.org\/index.php\/2024\/11\/23\/la-course-a-la-guerre\/\"},\"wordCount\":696,\"publisher\":{\"@id\":\"https:\/\/ismfrance.org\/#organization\"},\"keywords\":[\"3\u00e8me guerre mondiale\",\"g\u00e9opoli\",\"Russie\"],\"articleSection\":[\"Analyses\",\"Articles\"],\"inLanguage\":\"fr-FR\"},{\"@type\":\"WebPage\",\"@id\":\"https:\/\/ismfrance.org\/index.php\/2024\/11\/23\/la-course-a-la-guerre\/\",\"url\":\"https:\/\/ismfrance.org\/index.php\/2024\/11\/23\/la-course-a-la-guerre\/\",\"name\":\"LA COURSE \u00c0 LA GUERRE - International Solidarity Movement - ISM-France\",\"isPartOf\":{\"@id\":\"https:\/\/ismfrance.org\/#website\"},\"datePublished\":\"2024-11-23T08:29:26+00:00\",\"dateModified\":\"2024-11-23T08:31:34+00:00\",\"breadcrumb\":{\"@id\":\"https:\/\/ismfrance.org\/index.php\/2024\/11\/23\/la-course-a-la-guerre\/#breadcrumb\"},\"inLanguage\":\"fr-FR\",\"potentialAction\":[{\"@type\":\"ReadAction\",\"target\":[\"https:\/\/ismfrance.org\/index.php\/2024\/11\/23\/la-course-a-la-guerre\/\"]}]},{\"@type\":\"BreadcrumbList\",\"@id\":\"https:\/\/ismfrance.org\/index.php\/2024\/11\/23\/la-course-a-la-guerre\/#breadcrumb\",\"itemListElement\":[{\"@type\":\"ListItem\",\"position\":1,\"name\":\"Accueil\",\"item\":\"https:\/\/ismfrance.org\/\"},{\"@type\":\"ListItem\",\"position\":2,\"name\":\"LA COURSE \u00c0 LA GUERRE\"}]},{\"@type\":\"WebSite\",\"@id\":\"https:\/\/ismfrance.org\/#website\",\"url\":\"https:\/\/ismfrance.org\/\",\"name\":\"ISM Palestine France\",\"description\":\"Soutien aux luttes de lib\u00e9ration du peuple palestinien\",\"publisher\":{\"@id\":\"https:\/\/ismfrance.org\/#organization\"},\"potentialAction\":[{\"@type\":\"SearchAction\",\"target\":{\"@type\":\"EntryPoint\",\"urlTemplate\":\"https:\/\/ismfrance.org\/?s={search_term_string}\"},\"query-input\":{\"@type\":\"PropertyValueSpecification\",\"valueRequired\":true,\"valueName\":\"search_term_string\"}}],\"inLanguage\":\"fr-FR\"},{\"@type\":\"Organization\",\"@id\":\"https:\/\/ismfrance.org\/#organization\",\"name\":\"International Solidarity Movement\",\"url\":\"https:\/\/ismfrance.org\/\",\"logo\":{\"@type\":\"ImageObject\",\"inLanguage\":\"fr-FR\",\"@id\":\"https:\/\/ismfrance.org\/#\/schema\/logo\/image\/\",\"url\":\"https:\/\/ismfrance.org\/wp-content\/uploads\/2020\/12\/00.png\",\"contentUrl\":\"https:\/\/ismfrance.org\/wp-content\/uploads\/2020\/12\/00.png\",\"width\":400,\"height\":400,\"caption\":\"International Solidarity Movement\"},\"image\":{\"@id\":\"https:\/\/ismfrance.org\/#\/schema\/logo\/image\/\"},\"sameAs\":[\"https:\/\/x.com\/ISMFRANCE\"]},{\"@type\":\"Person\",\"@id\":\"https:\/\/ismfrance.org\/#\/schema\/person\/3c411eb72adfaae19c0dca1f41fae01d\",\"name\":\"mru_01\",\"image\":{\"@type\":\"ImageObject\",\"inLanguage\":\"fr-FR\",\"@id\":\"https:\/\/secure.gravatar.com\/avatar\/3a0be343b445d2ccc79e87444a294fad2b232e90d2051d0e3cc219e1ecd6a330?s=96&d=mm&r=g\",\"url\":\"https:\/\/secure.gravatar.com\/avatar\/3a0be343b445d2ccc79e87444a294fad2b232e90d2051d0e3cc219e1ecd6a330?s=96&d=mm&r=g\",\"contentUrl\":\"https:\/\/secure.gravatar.com\/avatar\/3a0be343b445d2ccc79e87444a294fad2b232e90d2051d0e3cc219e1ecd6a330?s=96&d=mm&r=g\",\"caption\":\"mru_01\"},\"url\":\"https:\/\/ismfrance.org\/index.php\/author\/admin02\/\"}]}<\/script>\n<!-- \/ Yoast SEO plugin. -->","yoast_head_json":{"title":"LA COURSE \u00c0 LA GUERRE - International Solidarity Movement - ISM-France","robots":{"index":"index","follow":"follow","max-snippet":"max-snippet:-1","max-image-preview":"max-image-preview:large","max-video-preview":"max-video-preview:-1"},"canonical":"https:\/\/ismfrance.org\/index.php\/2024\/11\/23\/la-course-a-la-guerre\/","og_locale":"fr_FR","og_type":"article","og_title":"LA COURSE \u00c0 LA GUERRE - International Solidarity Movement - ISM-France","og_description":"Manlio Dinucci, 22 novembre 2024. Le pr\u00e9sident Biden a autoris\u00e9 l\u2019Ukraine \u00e0 utiliser des armes \u00e9tasuniennes \u00e0 longue port\u00e9e contre la Russie : ce sont les missiles ATACMS avec une Lire la suite &rarr;","og_url":"https:\/\/ismfrance.org\/index.php\/2024\/11\/23\/la-course-a-la-guerre\/","og_site_name":"International Solidarity Movement - ISM-France","article_published_time":"2024-11-23T08:29:26+00:00","article_modified_time":"2024-11-23T08:31:34+00:00","author":"mru_01","twitter_card":"summary_large_image","twitter_creator":"@ISMFRANCE","twitter_site":"@ISMFRANCE","twitter_misc":{"\u00c9crit par":"mru_01","Dur\u00e9e de lecture estim\u00e9e":"4 minutes"},"schema":{"@context":"https:\/\/schema.org","@graph":[{"@type":"Article","@id":"https:\/\/ismfrance.org\/index.php\/2024\/11\/23\/la-course-a-la-guerre\/#article","isPartOf":{"@id":"https:\/\/ismfrance.org\/index.php\/2024\/11\/23\/la-course-a-la-guerre\/"},"author":{"name":"mru_01","@id":"https:\/\/ismfrance.org\/#\/schema\/person\/3c411eb72adfaae19c0dca1f41fae01d"},"headline":"LA COURSE \u00c0 LA GUERRE","datePublished":"2024-11-23T08:29:26+00:00","dateModified":"2024-11-23T08:31:34+00:00","mainEntityOfPage":{"@id":"https:\/\/ismfrance.org\/index.php\/2024\/11\/23\/la-course-a-la-guerre\/"},"wordCount":696,"publisher":{"@id":"https:\/\/ismfrance.org\/#organization"},"keywords":["3\u00e8me guerre mondiale","g\u00e9opoli","Russie"],"articleSection":["Analyses","Articles"],"inLanguage":"fr-FR"},{"@type":"WebPage","@id":"https:\/\/ismfrance.org\/index.php\/2024\/11\/23\/la-course-a-la-guerre\/","url":"https:\/\/ismfrance.org\/index.php\/2024\/11\/23\/la-course-a-la-guerre\/","name":"LA COURSE \u00c0 LA GUERRE - International Solidarity Movement - ISM-France","isPartOf":{"@id":"https:\/\/ismfrance.org\/#website"},"datePublished":"2024-11-23T08:29:26+00:00","dateModified":"2024-11-23T08:31:34+00:00","breadcrumb":{"@id":"https:\/\/ismfrance.org\/index.php\/2024\/11\/23\/la-course-a-la-guerre\/#breadcrumb"},"inLanguage":"fr-FR","potentialAction":[{"@type":"ReadAction","target":["https:\/\/ismfrance.org\/index.php\/2024\/11\/23\/la-course-a-la-guerre\/"]}]},{"@type":"BreadcrumbList","@id":"https:\/\/ismfrance.org\/index.php\/2024\/11\/23\/la-course-a-la-guerre\/#breadcrumb","itemListElement":[{"@type":"ListItem","position":1,"name":"Accueil","item":"https:\/\/ismfrance.org\/"},{"@type":"ListItem","position":2,"name":"LA COURSE \u00c0 LA GUERRE"}]},{"@type":"WebSite","@id":"https:\/\/ismfrance.org\/#website","url":"https:\/\/ismfrance.org\/","name":"ISM Palestine France","description":"Soutien aux luttes de lib\u00e9ration du peuple palestinien","publisher":{"@id":"https:\/\/ismfrance.org\/#organization"},"potentialAction":[{"@type":"SearchAction","target":{"@type":"EntryPoint","urlTemplate":"https:\/\/ismfrance.org\/?s={search_term_string}"},"query-input":{"@type":"PropertyValueSpecification","valueRequired":true,"valueName":"search_term_string"}}],"inLanguage":"fr-FR"},{"@type":"Organization","@id":"https:\/\/ismfrance.org\/#organization","name":"International Solidarity Movement","url":"https:\/\/ismfrance.org\/","logo":{"@type":"ImageObject","inLanguage":"fr-FR","@id":"https:\/\/ismfrance.org\/#\/schema\/logo\/image\/","url":"https:\/\/ismfrance.org\/wp-content\/uploads\/2020\/12\/00.png","contentUrl":"https:\/\/ismfrance.org\/wp-content\/uploads\/2020\/12\/00.png","width":400,"height":400,"caption":"International Solidarity Movement"},"image":{"@id":"https:\/\/ismfrance.org\/#\/schema\/logo\/image\/"},"sameAs":["https:\/\/x.com\/ISMFRANCE"]},{"@type":"Person","@id":"https:\/\/ismfrance.org\/#\/schema\/person\/3c411eb72adfaae19c0dca1f41fae01d","name":"mru_01","image":{"@type":"ImageObject","inLanguage":"fr-FR","@id":"https:\/\/secure.gravatar.com\/avatar\/3a0be343b445d2ccc79e87444a294fad2b232e90d2051d0e3cc219e1ecd6a330?s=96&d=mm&r=g","url":"https:\/\/secure.gravatar.com\/avatar\/3a0be343b445d2ccc79e87444a294fad2b232e90d2051d0e3cc219e1ecd6a330?s=96&d=mm&r=g","contentUrl":"https:\/\/secure.gravatar.com\/avatar\/3a0be343b445d2ccc79e87444a294fad2b232e90d2051d0e3cc219e1ecd6a330?s=96&d=mm&r=g","caption":"mru_01"},"url":"https:\/\/ismfrance.org\/index.php\/author\/admin02\/"}]}},"_links":{"self":[{"href":"https:\/\/ismfrance.org\/index.php\/wp-json\/wp\/v2\/posts\/15847","targetHints":{"allow":["GET"]}}],"collection":[{"href":"https:\/\/ismfrance.org\/index.php\/wp-json\/wp\/v2\/posts"}],"about":[{"href":"https:\/\/ismfrance.org\/index.php\/wp-json\/wp\/v2\/types\/post"}],"author":[{"embeddable":true,"href":"https:\/\/ismfrance.org\/index.php\/wp-json\/wp\/v2\/users\/3"}],"replies":[{"embeddable":true,"href":"https:\/\/ismfrance.org\/index.php\/wp-json\/wp\/v2\/comments?post=15847"}],"version-history":[{"count":0,"href":"https:\/\/ismfrance.org\/index.php\/wp-json\/wp\/v2\/posts\/15847\/revisions"}],"wp:attachment":[{"href":"https:\/\/ismfrance.org\/index.php\/wp-json\/wp\/v2\/media?parent=15847"}],"wp:term":[{"taxonomy":"category","embeddable":true,"href":"https:\/\/ismfrance.org\/index.php\/wp-json\/wp\/v2\/categories?post=15847"},{"taxonomy":"post_tag","embeddable":true,"href":"https:\/\/ismfrance.org\/index.php\/wp-json\/wp\/v2\/tags?post=15847"}],"curies":[{"name":"wp","href":"https:\/\/api.w.org\/{rel}","templated":true}]}}