{"id":15732,"date":"2024-11-17T16:06:47","date_gmt":"2024-11-17T15:06:47","guid":{"rendered":"https:\/\/ismfrance.org\/?p=15732"},"modified":"2024-11-17T19:47:32","modified_gmt":"2024-11-17T18:47:32","slug":"pour-georges-abdallah-la-liberation-cest-maintenant","status":"publish","type":"post","link":"https:\/\/ismfrance.org\/index.php\/2024\/11\/17\/pour-georges-abdallah-la-liberation-cest-maintenant\/","title":{"rendered":"Pour Georges Abdallah, la lib\u00e9ration, c&rsquo;est maintenant !"},"content":{"rendered":"<p><span style=\"font-family: Tahoma, sans-serif;\"><span style=\"font-size: large;\"><span style=\"color: #0f1419;\"><span style=\"color: #008000;\"><a style=\"color: #008000;\" href=\"https:\/\/x.com\/CUpLGIA\/status\/1858159675964809643\">La Campagne Unitaire pour la Lib\u00e9ration de Georges Ibrahim Abdallah<\/a> <\/span>vous appelle \u00e0 rester mobilis\u00e9s jusqu&rsquo;\u00e0 sa lib\u00e9ration totale. Ne tombons pas dans le pi\u00e8ge de voir faiblir notre mobilisation en attendant le proc\u00e8s en appel !<\/span><\/span><\/span><\/p>\n<p><a href=\"https:\/\/ismfrance.org\/wp-content\/uploads\/2024\/11\/georges-1.jpeg\"><img loading=\"lazy\" decoding=\"async\" class=\"size-large wp-image-15733 aligncenter\" src=\"https:\/\/ismfrance.org\/wp-content\/uploads\/2024\/11\/georges-1-560x700.jpeg\" alt=\"\" width=\"560\" height=\"700\" srcset=\"https:\/\/ismfrance.org\/wp-content\/uploads\/2024\/11\/georges-1-560x700.jpeg 560w, https:\/\/ismfrance.org\/wp-content\/uploads\/2024\/11\/georges-1-240x300.jpeg 240w, https:\/\/ismfrance.org\/wp-content\/uploads\/2024\/11\/georges-1.jpeg 720w\" sizes=\"auto, (max-width: 560px) 100vw, 560px\" \/><\/a><\/p>\n<p style=\"text-align: center;\"><strong><span style=\"font-family: Tahoma, sans-serif;\"><span style=\"font-size: large;\"><span style=\"color: #0f1419;\">Georges Abdallah doit \u00eatre libre !<\/span> <\/span><\/span><\/strong><\/p>\n<p style=\"text-align: center;\"><strong>*****<\/strong><\/p>\n<h2 class=\"western\"><span style=\"color: #000000;\"><span style=\"font-family: Tahoma, sans-serif;\"><span style=\"font-size: large;\">Victoire historique\u00a0: la justice ordonne la lib\u00e9ration de Georges Abdallah<\/span><\/span><\/span><\/h2>\n<p><span style=\"color: #000000;\"><span style=\"font-family: Tahoma, sans-serif;\"><span style=\"font-size: medium;\"><a href=\"https:\/\/www.revolutionpermanente.fr\/Victoire-historique-la-justice-valide-la-liberation-de-Georges-Abdallah\">Pierre Michel, R\u00e9volution Permanente, 15.11.2024<\/a>. Ce vendredi, le juge d\u2019application des peines a accept\u00e9 la 11\u00e8me demande de lib\u00e9ration conditionnelle du prisonnier politique libanais. Alors que le parquet a fait appel, il va falloir se mobiliser pour imposer cette d\u00e9cision historique.<\/span><\/span><\/span><\/p>\n<p><span style=\"color: #000000;\"><span style=\"font-family: Tahoma, sans-serif;\"><span style=\"font-size: medium;\">Ce vendredi, le tribunal d\u2019application des peines rendait sa d\u00e9cision concernait la 11\u00e8me demande de lib\u00e9ration conditionnelle de Georges Ibrahim Abdallah. Communiste libanais, militant de la cause palestinienne, Abdallah a \u00e9t\u00e9 arr\u00eat\u00e9 en 1984, puis condamn\u00e9 en 1987 pour complicit\u00e9 d\u2019assassinat \u00e0 la suite d\u2019une instruction \u00e0 charge. Lib\u00e9rable depuis 1999, l\u2019\u00c9tat fran\u00e7ais a syst\u00e9matiquement emp\u00each\u00e9 sa remise en libert\u00e9 depuis.<\/span><\/span><\/span><\/p>\n<p><span style=\"color: #000000;\"><span style=\"font-family: Tahoma, sans-serif;\"><span style=\"font-size: medium;\">La d\u00e9cision de ce vendredi est donc historique. \u00ab\u00a0<i>C\u2019est une \u00e9norme victoire politique et juridique<\/i>\u00a0\u00bb explique Jean-Louis Chalanset, avocat de Georges Ibrahim Abdallah, contact\u00e9 par\u00a0<i>R\u00e9volution Permanente<\/i>. Si en 2013 une premi\u00e8re demande de lib\u00e9ration conditionnelle avait \u00e9t\u00e9 valid\u00e9e par la justice, celle-ci \u00e9tait conditionn\u00e9e \u00e0 un arr\u00eat\u00e9 d\u2019expulsion que l\u2019\u00c9tat fran\u00e7ais avait bloqu\u00e9, maintenant le militant pro-palestinien emprisonn\u00e9.<\/span><\/span><\/span><\/p>\n<p><span style=\"color: #000000;\"><span style=\"font-family: Tahoma, sans-serif;\"><span style=\"font-size: medium;\">Cette fois, \u00ab\u00a0<i>le tribunal d\u2019application des peines a admis Georges Ibrahim Abdallah au b\u00e9n\u00e9fice de la lib\u00e9ration conditionnelle \u00e0 compter du 6 d\u00e9cembre prochain, subordonn\u00e9e \u00e0 la condition de quitter le territoire national et de ne plus y para\u00eetre<\/i>\u00a0\u00bb a expliqu\u00e9 le Parquet national anti-terroriste. Celui-ci a cependant fait appel, dans une nouvelle expression de l\u2019acharnement qui vise le plus vieux prisonnier politique d\u2019Europe.<\/span><\/span><\/span><\/p>\n<div id=\"attachment_15737\" style=\"width: 610px\" class=\"wp-caption alignnone\"><a href=\"https:\/\/ismfrance.org\/wp-content\/uploads\/2024\/11\/GIA-mobilisation-nationale.png\"><img loading=\"lazy\" decoding=\"async\" aria-describedby=\"caption-attachment-15737\" class=\"wp-image-15737 size-large\" src=\"https:\/\/ismfrance.org\/wp-content\/uploads\/2024\/11\/GIA-mobilisation-nationale-700x284.png\" alt=\"\" width=\"600\" height=\"243\" srcset=\"https:\/\/ismfrance.org\/wp-content\/uploads\/2024\/11\/GIA-mobilisation-nationale-700x284.png 700w, https:\/\/ismfrance.org\/wp-content\/uploads\/2024\/11\/GIA-mobilisation-nationale-300x122.png 300w, https:\/\/ismfrance.org\/wp-content\/uploads\/2024\/11\/GIA-mobilisation-nationale-768x311.png 768w, https:\/\/ismfrance.org\/wp-content\/uploads\/2024\/11\/GIA-mobilisation-nationale.png 1204w\" sizes=\"auto, (max-width: 600px) 100vw, 600px\" \/><\/a><p id=\"caption-attachment-15737\" class=\"wp-caption-text\">Mobilisation internationale \u00e0 la veille du vendredi 15 novembre.<\/p><\/div>\n<p><span style=\"color: #000000;\"><span style=\"font-family: Tahoma, sans-serif;\"><span style=\"font-size: medium;\">Une nouvelle audience devrait donc avoir lieu d\u2019ici deux \u00e0 trois mois. Quelques semaines apr\u00e8s la mobilisation annuelle pour la lib\u00e9ration de Georges Abdallah \u00e0 Lannemezan, un grand combat est donc devant nous, pour imposer cette d\u00e9cision et aller au bout de la lib\u00e9ration du militant. <strong>Dans les jours et semaines \u00e0 venir, il va falloir construire un front tr\u00e8s large en solidarit\u00e9 avec Georges. Une lutte \u00e9troitement li\u00e9e au combat contre le g\u00e9nocide en Palestine et la criminalisation de la solidarit\u00e9 avec le peuple palestinien<\/strong>.<\/span><\/span><\/span><\/p>\n<p style=\"text-align: center;\"><strong>****<\/strong><\/p>\n","protected":false},"excerpt":{"rendered":"<p>La Campagne Unitaire pour la Lib\u00e9ration de Georges Ibrahim Abdallah vous appelle \u00e0 rester mobilis\u00e9s jusqu&rsquo;\u00e0 sa lib\u00e9ration totale. Ne tombons pas dans le pi\u00e8ge de voir faiblir notre mobilisation <a class=\"more-link\" href=\"https:\/\/ismfrance.org\/index.php\/2024\/11\/17\/pour-georges-abdallah-la-liberation-cest-maintenant\/\">Lire la suite &rarr;<\/a><\/p>\n","protected":false},"author":3,"featured_media":15737,"comment_status":"closed","ping_status":"closed","sticky":false,"template":"","format":"standard","meta":{"footnotes":""},"categories":[2,14],"tags":[20],"class_list":["post-15732","post","type-post","status-publish","format-standard","has-post-thumbnail","hentry","category-articles","category-communiques","tag-georges-abdallah"],"yoast_head":"<!-- This site is optimized with the Yoast SEO plugin v27.2 - https:\/\/yoast.com\/product\/yoast-seo-wordpress\/ -->\n<title>Pour Georges Abdallah, la lib\u00e9ration, c&#039;est maintenant ! - International Solidarity Movement - ISM-France<\/title>\n<meta name=\"robots\" content=\"index, follow, max-snippet:-1, max-image-preview:large, max-video-preview:-1\" \/>\n<link rel=\"canonical\" href=\"https:\/\/ismfrance.org\/index.php\/2024\/11\/17\/pour-georges-abdallah-la-liberation-cest-maintenant\/\" \/>\n<meta property=\"og:locale\" content=\"fr_FR\" \/>\n<meta property=\"og:type\" content=\"article\" \/>\n<meta property=\"og:title\" content=\"Pour Georges Abdallah, la lib\u00e9ration, c&#039;est maintenant ! - International Solidarity Movement - ISM-France\" \/>\n<meta property=\"og:description\" content=\"La Campagne Unitaire pour la Lib\u00e9ration de Georges Ibrahim Abdallah vous appelle \u00e0 rester mobilis\u00e9s jusqu&rsquo;\u00e0 sa lib\u00e9ration totale. Ne tombons pas dans le pi\u00e8ge de voir faiblir notre mobilisation Lire la suite &rarr;\" \/>\n<meta property=\"og:url\" content=\"https:\/\/ismfrance.org\/index.php\/2024\/11\/17\/pour-georges-abdallah-la-liberation-cest-maintenant\/\" \/>\n<meta property=\"og:site_name\" content=\"International Solidarity Movement - ISM-France\" \/>\n<meta property=\"article:published_time\" content=\"2024-11-17T15:06:47+00:00\" \/>\n<meta property=\"article:modified_time\" content=\"2024-11-17T18:47:32+00:00\" \/>\n<meta property=\"og:image\" content=\"https:\/\/ismfrance.org\/wp-content\/uploads\/2024\/11\/GIA-mobilisation-nationale.png\" \/>\n\t<meta property=\"og:image:width\" content=\"1204\" \/>\n\t<meta property=\"og:image:height\" content=\"488\" \/>\n\t<meta property=\"og:image:type\" content=\"image\/png\" \/>\n<meta name=\"author\" content=\"mru_01\" \/>\n<meta name=\"twitter:card\" content=\"summary_large_image\" \/>\n<meta name=\"twitter:creator\" content=\"@ISMFRANCE\" \/>\n<meta name=\"twitter:site\" content=\"@ISMFRANCE\" \/>\n<meta name=\"twitter:label1\" content=\"\u00c9crit par\" \/>\n\t<meta name=\"twitter:data1\" content=\"mru_01\" \/>\n\t<meta name=\"twitter:label2\" content=\"Dur\u00e9e de lecture estim\u00e9e\" \/>\n\t<meta name=\"twitter:data2\" content=\"3 minutes\" \/>\n<script type=\"application\/ld+json\" class=\"yoast-schema-graph\">{\"@context\":\"https:\/\/schema.org\",\"@graph\":[{\"@type\":\"Article\",\"@id\":\"https:\/\/ismfrance.org\/index.php\/2024\/11\/17\/pour-georges-abdallah-la-liberation-cest-maintenant\/#article\",\"isPartOf\":{\"@id\":\"https:\/\/ismfrance.org\/index.php\/2024\/11\/17\/pour-georges-abdallah-la-liberation-cest-maintenant\/\"},\"author\":{\"name\":\"mru_01\",\"@id\":\"https:\/\/ismfrance.org\/#\/schema\/person\/3c411eb72adfaae19c0dca1f41fae01d\"},\"headline\":\"Pour Georges Abdallah, la lib\u00e9ration, c&rsquo;est maintenant !\",\"datePublished\":\"2024-11-17T15:06:47+00:00\",\"dateModified\":\"2024-11-17T18:47:32+00:00\",\"mainEntityOfPage\":{\"@id\":\"https:\/\/ismfrance.org\/index.php\/2024\/11\/17\/pour-georges-abdallah-la-liberation-cest-maintenant\/\"},\"wordCount\":419,\"publisher\":{\"@id\":\"https:\/\/ismfrance.org\/#organization\"},\"image\":{\"@id\":\"https:\/\/ismfrance.org\/index.php\/2024\/11\/17\/pour-georges-abdallah-la-liberation-cest-maintenant\/#primaryimage\"},\"thumbnailUrl\":\"https:\/\/ismfrance.org\/wp-content\/uploads\/2024\/11\/GIA-mobilisation-nationale.png\",\"keywords\":[\"Georges Abdallah\"],\"articleSection\":[\"Articles\",\"Communiqu\u00e9s\"],\"inLanguage\":\"fr-FR\"},{\"@type\":\"WebPage\",\"@id\":\"https:\/\/ismfrance.org\/index.php\/2024\/11\/17\/pour-georges-abdallah-la-liberation-cest-maintenant\/\",\"url\":\"https:\/\/ismfrance.org\/index.php\/2024\/11\/17\/pour-georges-abdallah-la-liberation-cest-maintenant\/\",\"name\":\"Pour Georges Abdallah, la lib\u00e9ration, c'est maintenant ! - International Solidarity Movement - ISM-France\",\"isPartOf\":{\"@id\":\"https:\/\/ismfrance.org\/#website\"},\"primaryImageOfPage\":{\"@id\":\"https:\/\/ismfrance.org\/index.php\/2024\/11\/17\/pour-georges-abdallah-la-liberation-cest-maintenant\/#primaryimage\"},\"image\":{\"@id\":\"https:\/\/ismfrance.org\/index.php\/2024\/11\/17\/pour-georges-abdallah-la-liberation-cest-maintenant\/#primaryimage\"},\"thumbnailUrl\":\"https:\/\/ismfrance.org\/wp-content\/uploads\/2024\/11\/GIA-mobilisation-nationale.png\",\"datePublished\":\"2024-11-17T15:06:47+00:00\",\"dateModified\":\"2024-11-17T18:47:32+00:00\",\"breadcrumb\":{\"@id\":\"https:\/\/ismfrance.org\/index.php\/2024\/11\/17\/pour-georges-abdallah-la-liberation-cest-maintenant\/#breadcrumb\"},\"inLanguage\":\"fr-FR\",\"potentialAction\":[{\"@type\":\"ReadAction\",\"target\":[\"https:\/\/ismfrance.org\/index.php\/2024\/11\/17\/pour-georges-abdallah-la-liberation-cest-maintenant\/\"]}]},{\"@type\":\"ImageObject\",\"inLanguage\":\"fr-FR\",\"@id\":\"https:\/\/ismfrance.org\/index.php\/2024\/11\/17\/pour-georges-abdallah-la-liberation-cest-maintenant\/#primaryimage\",\"url\":\"https:\/\/ismfrance.org\/wp-content\/uploads\/2024\/11\/GIA-mobilisation-nationale.png\",\"contentUrl\":\"https:\/\/ismfrance.org\/wp-content\/uploads\/2024\/11\/GIA-mobilisation-nationale.png\",\"width\":1204,\"height\":488},{\"@type\":\"BreadcrumbList\",\"@id\":\"https:\/\/ismfrance.org\/index.php\/2024\/11\/17\/pour-georges-abdallah-la-liberation-cest-maintenant\/#breadcrumb\",\"itemListElement\":[{\"@type\":\"ListItem\",\"position\":1,\"name\":\"Accueil\",\"item\":\"https:\/\/ismfrance.org\/\"},{\"@type\":\"ListItem\",\"position\":2,\"name\":\"Pour Georges Abdallah, la lib\u00e9ration, c&rsquo;est maintenant !\"}]},{\"@type\":\"WebSite\",\"@id\":\"https:\/\/ismfrance.org\/#website\",\"url\":\"https:\/\/ismfrance.org\/\",\"name\":\"ISM Palestine France\",\"description\":\"Soutien aux luttes de lib\u00e9ration du peuple palestinien\",\"publisher\":{\"@id\":\"https:\/\/ismfrance.org\/#organization\"},\"potentialAction\":[{\"@type\":\"SearchAction\",\"target\":{\"@type\":\"EntryPoint\",\"urlTemplate\":\"https:\/\/ismfrance.org\/?s={search_term_string}\"},\"query-input\":{\"@type\":\"PropertyValueSpecification\",\"valueRequired\":true,\"valueName\":\"search_term_string\"}}],\"inLanguage\":\"fr-FR\"},{\"@type\":\"Organization\",\"@id\":\"https:\/\/ismfrance.org\/#organization\",\"name\":\"International Solidarity Movement\",\"url\":\"https:\/\/ismfrance.org\/\",\"logo\":{\"@type\":\"ImageObject\",\"inLanguage\":\"fr-FR\",\"@id\":\"https:\/\/ismfrance.org\/#\/schema\/logo\/image\/\",\"url\":\"https:\/\/ismfrance.org\/wp-content\/uploads\/2020\/12\/00.png\",\"contentUrl\":\"https:\/\/ismfrance.org\/wp-content\/uploads\/2020\/12\/00.png\",\"width\":400,\"height\":400,\"caption\":\"International Solidarity Movement\"},\"image\":{\"@id\":\"https:\/\/ismfrance.org\/#\/schema\/logo\/image\/\"},\"sameAs\":[\"https:\/\/x.com\/ISMFRANCE\"]},{\"@type\":\"Person\",\"@id\":\"https:\/\/ismfrance.org\/#\/schema\/person\/3c411eb72adfaae19c0dca1f41fae01d\",\"name\":\"mru_01\",\"image\":{\"@type\":\"ImageObject\",\"inLanguage\":\"fr-FR\",\"@id\":\"https:\/\/secure.gravatar.com\/avatar\/3a0be343b445d2ccc79e87444a294fad2b232e90d2051d0e3cc219e1ecd6a330?s=96&d=mm&r=g\",\"url\":\"https:\/\/secure.gravatar.com\/avatar\/3a0be343b445d2ccc79e87444a294fad2b232e90d2051d0e3cc219e1ecd6a330?s=96&d=mm&r=g\",\"contentUrl\":\"https:\/\/secure.gravatar.com\/avatar\/3a0be343b445d2ccc79e87444a294fad2b232e90d2051d0e3cc219e1ecd6a330?s=96&d=mm&r=g\",\"caption\":\"mru_01\"},\"url\":\"https:\/\/ismfrance.org\/index.php\/author\/admin02\/\"}]}<\/script>\n<!-- \/ Yoast SEO plugin. -->","yoast_head_json":{"title":"Pour Georges Abdallah, la lib\u00e9ration, c'est maintenant ! - International Solidarity Movement - ISM-France","robots":{"index":"index","follow":"follow","max-snippet":"max-snippet:-1","max-image-preview":"max-image-preview:large","max-video-preview":"max-video-preview:-1"},"canonical":"https:\/\/ismfrance.org\/index.php\/2024\/11\/17\/pour-georges-abdallah-la-liberation-cest-maintenant\/","og_locale":"fr_FR","og_type":"article","og_title":"Pour Georges Abdallah, la lib\u00e9ration, c'est maintenant ! - International Solidarity Movement - ISM-France","og_description":"La Campagne Unitaire pour la Lib\u00e9ration de Georges Ibrahim Abdallah vous appelle \u00e0 rester mobilis\u00e9s jusqu&rsquo;\u00e0 sa lib\u00e9ration totale. Ne tombons pas dans le pi\u00e8ge de voir faiblir notre mobilisation Lire la suite &rarr;","og_url":"https:\/\/ismfrance.org\/index.php\/2024\/11\/17\/pour-georges-abdallah-la-liberation-cest-maintenant\/","og_site_name":"International Solidarity Movement - ISM-France","article_published_time":"2024-11-17T15:06:47+00:00","article_modified_time":"2024-11-17T18:47:32+00:00","og_image":[{"width":1204,"height":488,"url":"https:\/\/ismfrance.org\/wp-content\/uploads\/2024\/11\/GIA-mobilisation-nationale.png","type":"image\/png"}],"author":"mru_01","twitter_card":"summary_large_image","twitter_creator":"@ISMFRANCE","twitter_site":"@ISMFRANCE","twitter_misc":{"\u00c9crit par":"mru_01","Dur\u00e9e de lecture estim\u00e9e":"3 minutes"},"schema":{"@context":"https:\/\/schema.org","@graph":[{"@type":"Article","@id":"https:\/\/ismfrance.org\/index.php\/2024\/11\/17\/pour-georges-abdallah-la-liberation-cest-maintenant\/#article","isPartOf":{"@id":"https:\/\/ismfrance.org\/index.php\/2024\/11\/17\/pour-georges-abdallah-la-liberation-cest-maintenant\/"},"author":{"name":"mru_01","@id":"https:\/\/ismfrance.org\/#\/schema\/person\/3c411eb72adfaae19c0dca1f41fae01d"},"headline":"Pour Georges Abdallah, la lib\u00e9ration, c&rsquo;est maintenant !","datePublished":"2024-11-17T15:06:47+00:00","dateModified":"2024-11-17T18:47:32+00:00","mainEntityOfPage":{"@id":"https:\/\/ismfrance.org\/index.php\/2024\/11\/17\/pour-georges-abdallah-la-liberation-cest-maintenant\/"},"wordCount":419,"publisher":{"@id":"https:\/\/ismfrance.org\/#organization"},"image":{"@id":"https:\/\/ismfrance.org\/index.php\/2024\/11\/17\/pour-georges-abdallah-la-liberation-cest-maintenant\/#primaryimage"},"thumbnailUrl":"https:\/\/ismfrance.org\/wp-content\/uploads\/2024\/11\/GIA-mobilisation-nationale.png","keywords":["Georges Abdallah"],"articleSection":["Articles","Communiqu\u00e9s"],"inLanguage":"fr-FR"},{"@type":"WebPage","@id":"https:\/\/ismfrance.org\/index.php\/2024\/11\/17\/pour-georges-abdallah-la-liberation-cest-maintenant\/","url":"https:\/\/ismfrance.org\/index.php\/2024\/11\/17\/pour-georges-abdallah-la-liberation-cest-maintenant\/","name":"Pour Georges Abdallah, la lib\u00e9ration, c'est maintenant ! - International Solidarity Movement - ISM-France","isPartOf":{"@id":"https:\/\/ismfrance.org\/#website"},"primaryImageOfPage":{"@id":"https:\/\/ismfrance.org\/index.php\/2024\/11\/17\/pour-georges-abdallah-la-liberation-cest-maintenant\/#primaryimage"},"image":{"@id":"https:\/\/ismfrance.org\/index.php\/2024\/11\/17\/pour-georges-abdallah-la-liberation-cest-maintenant\/#primaryimage"},"thumbnailUrl":"https:\/\/ismfrance.org\/wp-content\/uploads\/2024\/11\/GIA-mobilisation-nationale.png","datePublished":"2024-11-17T15:06:47+00:00","dateModified":"2024-11-17T18:47:32+00:00","breadcrumb":{"@id":"https:\/\/ismfrance.org\/index.php\/2024\/11\/17\/pour-georges-abdallah-la-liberation-cest-maintenant\/#breadcrumb"},"inLanguage":"fr-FR","potentialAction":[{"@type":"ReadAction","target":["https:\/\/ismfrance.org\/index.php\/2024\/11\/17\/pour-georges-abdallah-la-liberation-cest-maintenant\/"]}]},{"@type":"ImageObject","inLanguage":"fr-FR","@id":"https:\/\/ismfrance.org\/index.php\/2024\/11\/17\/pour-georges-abdallah-la-liberation-cest-maintenant\/#primaryimage","url":"https:\/\/ismfrance.org\/wp-content\/uploads\/2024\/11\/GIA-mobilisation-nationale.png","contentUrl":"https:\/\/ismfrance.org\/wp-content\/uploads\/2024\/11\/GIA-mobilisation-nationale.png","width":1204,"height":488},{"@type":"BreadcrumbList","@id":"https:\/\/ismfrance.org\/index.php\/2024\/11\/17\/pour-georges-abdallah-la-liberation-cest-maintenant\/#breadcrumb","itemListElement":[{"@type":"ListItem","position":1,"name":"Accueil","item":"https:\/\/ismfrance.org\/"},{"@type":"ListItem","position":2,"name":"Pour Georges Abdallah, la lib\u00e9ration, c&rsquo;est maintenant !"}]},{"@type":"WebSite","@id":"https:\/\/ismfrance.org\/#website","url":"https:\/\/ismfrance.org\/","name":"ISM Palestine France","description":"Soutien aux luttes de lib\u00e9ration du peuple palestinien","publisher":{"@id":"https:\/\/ismfrance.org\/#organization"},"potentialAction":[{"@type":"SearchAction","target":{"@type":"EntryPoint","urlTemplate":"https:\/\/ismfrance.org\/?s={search_term_string}"},"query-input":{"@type":"PropertyValueSpecification","valueRequired":true,"valueName":"search_term_string"}}],"inLanguage":"fr-FR"},{"@type":"Organization","@id":"https:\/\/ismfrance.org\/#organization","name":"International Solidarity Movement","url":"https:\/\/ismfrance.org\/","logo":{"@type":"ImageObject","inLanguage":"fr-FR","@id":"https:\/\/ismfrance.org\/#\/schema\/logo\/image\/","url":"https:\/\/ismfrance.org\/wp-content\/uploads\/2020\/12\/00.png","contentUrl":"https:\/\/ismfrance.org\/wp-content\/uploads\/2020\/12\/00.png","width":400,"height":400,"caption":"International Solidarity Movement"},"image":{"@id":"https:\/\/ismfrance.org\/#\/schema\/logo\/image\/"},"sameAs":["https:\/\/x.com\/ISMFRANCE"]},{"@type":"Person","@id":"https:\/\/ismfrance.org\/#\/schema\/person\/3c411eb72adfaae19c0dca1f41fae01d","name":"mru_01","image":{"@type":"ImageObject","inLanguage":"fr-FR","@id":"https:\/\/secure.gravatar.com\/avatar\/3a0be343b445d2ccc79e87444a294fad2b232e90d2051d0e3cc219e1ecd6a330?s=96&d=mm&r=g","url":"https:\/\/secure.gravatar.com\/avatar\/3a0be343b445d2ccc79e87444a294fad2b232e90d2051d0e3cc219e1ecd6a330?s=96&d=mm&r=g","contentUrl":"https:\/\/secure.gravatar.com\/avatar\/3a0be343b445d2ccc79e87444a294fad2b232e90d2051d0e3cc219e1ecd6a330?s=96&d=mm&r=g","caption":"mru_01"},"url":"https:\/\/ismfrance.org\/index.php\/author\/admin02\/"}]}},"_links":{"self":[{"href":"https:\/\/ismfrance.org\/index.php\/wp-json\/wp\/v2\/posts\/15732","targetHints":{"allow":["GET"]}}],"collection":[{"href":"https:\/\/ismfrance.org\/index.php\/wp-json\/wp\/v2\/posts"}],"about":[{"href":"https:\/\/ismfrance.org\/index.php\/wp-json\/wp\/v2\/types\/post"}],"author":[{"embeddable":true,"href":"https:\/\/ismfrance.org\/index.php\/wp-json\/wp\/v2\/users\/3"}],"replies":[{"embeddable":true,"href":"https:\/\/ismfrance.org\/index.php\/wp-json\/wp\/v2\/comments?post=15732"}],"version-history":[{"count":0,"href":"https:\/\/ismfrance.org\/index.php\/wp-json\/wp\/v2\/posts\/15732\/revisions"}],"wp:featuredmedia":[{"embeddable":true,"href":"https:\/\/ismfrance.org\/index.php\/wp-json\/wp\/v2\/media\/15737"}],"wp:attachment":[{"href":"https:\/\/ismfrance.org\/index.php\/wp-json\/wp\/v2\/media?parent=15732"}],"wp:term":[{"taxonomy":"category","embeddable":true,"href":"https:\/\/ismfrance.org\/index.php\/wp-json\/wp\/v2\/categories?post=15732"},{"taxonomy":"post_tag","embeddable":true,"href":"https:\/\/ismfrance.org\/index.php\/wp-json\/wp\/v2\/tags?post=15732"}],"curies":[{"name":"wp","href":"https:\/\/api.w.org\/{rel}","templated":true}]}}