{"id":15488,"date":"2024-11-09T13:38:52","date_gmt":"2024-11-09T12:38:52","guid":{"rendered":"https:\/\/ismfrance.org\/?p=15488"},"modified":"2024-12-20T19:25:36","modified_gmt":"2024-12-20T18:25:36","slug":"temoignages-de-gazaouis-la-survie-qui-sorganise-au-jour-le-jour-dans-lenfer-de-gaza-partie-216-1-8-novembre-alerte-a-rafah","status":"publish","type":"post","link":"https:\/\/ismfrance.org\/index.php\/2024\/11\/09\/temoignages-de-gazaouis-la-survie-qui-sorganise-au-jour-le-jour-dans-lenfer-de-gaza-partie-216-1-8-novembre-alerte-a-rafah\/","title":{"rendered":"T\u00e9moignages de Gazaouis : La survie qui s\u2019organise au jour le jour dans l\u2019enfer de Gaza \u2013 partie 216\/1- 8 novembre \u2013\u00a0Alerte \u00e0 Rafah\u00a0!"},"content":{"rendered":"<p align=\"LEFT\"><span style=\"color: #000000;\"><span style=\"font-family: Arial, sans-serif;\"><span style=\"font-size: medium;\"><b>Brigitte Challande, 9 novembre 2024. Chaine d\u2019information <i>Alam<\/i> 24\/27 &#8211; sous la vid\u00e9o est \u00e9crit en arabe :\u00a0<\/b><\/span><\/span><\/span><span style=\"color: #000000;\"><span style=\"font-family: Arial, sans-serif;\"><span style=\"font-size: medium;\">\u00ab\u00a0Destruction indescriptible. Des engins sp\u00e9ciaux appartenant \u00e0 l\u2019occupation proc\u00e8dent \u00e0 la d\u00e9molition de maisons et d\u2019installations de citoyens dans la ville de Rafah, au sud de la bande de Gaza\u00a0\u00bb<\/span><\/span><\/span><\/p>\n<blockquote><p>Cliquez ici pour consulter les <a href=\"https:\/\/ismfrance.org\/index.php\/temoignages-gazaouis-survie-enfer-gaza-1\/\" rel=\"noopener\" target=\"_blank\">R\u00e9cits complets<\/a>.<\/p><\/blockquote>\n<p align=\"LEFT\"><a href=\"https:\/\/ismfrance.org\/wp-content\/uploads\/2024\/11\/lieu-video-rafah.jpeg\"><img loading=\"lazy\" decoding=\"async\" class=\"size-full wp-image-15494 aligncenter\" src=\"https:\/\/ismfrance.org\/wp-content\/uploads\/2024\/11\/lieu-video-rafah.jpeg\" alt=\"\" width=\"504\" height=\"454\" srcset=\"https:\/\/ismfrance.org\/wp-content\/uploads\/2024\/11\/lieu-video-rafah.jpeg 504w, https:\/\/ismfrance.org\/wp-content\/uploads\/2024\/11\/lieu-video-rafah-300x270.jpeg 300w\" sizes=\"auto, (max-width: 504px) 100vw, 504px\" \/><\/a><\/p>\n<div style=\"width: 600px;\" class=\"wp-video\"><video class=\"wp-video-shortcode\" id=\"video-15488-1\" width=\"600\" height=\"450\" preload=\"metadata\" controls=\"controls\"><source type=\"video\/mp4\" src=\"https:\/\/ismfrance.org\/wp-content\/uploads\/2024\/11\/rafah-destruction.mp4?_=1\" \/><a href=\"https:\/\/ismfrance.org\/wp-content\/uploads\/2024\/11\/rafah-destruction.mp4\">https:\/\/ismfrance.org\/wp-content\/uploads\/2024\/11\/rafah-destruction.mp4<\/a><\/video><\/div>\n<p align=\"LEFT\">*<\/p>\n<p align=\"LEFT\"><span style=\"color: #000000;\"><span style=\"font-family: Arial, sans-serif;\"><span style=\"font-size: medium;\">En r\u00e9action \u00e0 ce qui se passe \u00e0 Rafah, Abu Amir \u00e9crit\u00a0: <\/span><\/span><\/span><\/p>\n<p align=\"LEFT\"><span style=\"color: #000000;\"><span style=\"font-family: Arial, sans-serif;\"><span style=\"font-size: medium;\"><b>\u00ab\u00a0Attaques isra\u00e9liennes contre des biens civils \u00e0 Gaza : destruction syst\u00e9matique dans un silence international<\/b><\/span><\/span><\/span><\/p>\n<p align=\"LEFT\"><span style=\"color: #000000;\"><span style=\"font-family: Arial, sans-serif;\"><span style=\"font-size: medium;\">Dans la ville de Rafah, au sud de la bande de Gaza, les v\u00e9hicules militaires isra\u00e9liens poursuivent la destruction d&rsquo;habitations et de biens civils, notamment des maisons vides dont les propri\u00e9taires ont \u00e9t\u00e9 contraints de partir pour \u00e9chapper aux tirs et aux bombardements. Ces op\u00e9rations s\u2019inscrivent dans le cadre d\u2019une vaste campagne visant \u00e0 d\u00e9truire les infrastructures et la vie des citoyens, au m\u00e9pris des normes humanitaires ou des lois internationales interdisant de prendre pour cible des biens civils.<\/span><\/span><\/span><\/p>\n<p align=\"LEFT\"><span style=\"color: #000000;\"><span style=\"font-family: Arial, sans-serif;\"><span style=\"font-size: medium;\">Ces attaques, que l&rsquo;on peut qualifier de racistes et injustifi\u00e9es, ciblent tous les aspects de la vie dans la bande de Gaza, alors qu&rsquo;Isra\u00ebl s&rsquo;efforce d&rsquo;effacer les monuments urbains et de d\u00e9truire les infrastructures dans diverses zones, comme si le but \u00e9tait d&rsquo;\u00e9liminer tout ce qui repr\u00e9sente la vie palestinienne. Cette politique hostile a pour but non seulement \u00e0 d\u00e9truire les habitations, mais aussi d&rsquo;effacer la m\u00e9moire collective des populations et \u00e0 rompre tous les liens qui les unissent \u00e0 leur terre et \u00e0 leurs foyers.<\/span><\/span><\/span><\/p>\n<p align=\"LEFT\"><span style=\"color: #000000;\"><span style=\"font-family: Arial, sans-serif;\"><span style=\"font-size: medium;\">\u00c0 cette sombre sc\u00e8ne s\u2019ajoute le silence international qui encourage indirectement l\u2019occupation, alors que le monde reste les bras crois\u00e9s et regarde ce qui se passe \u00e0 Gaza, comme s\u2019il donnait le feu vert \u00e0 Isra\u00ebl pour poursuivre sa politique de d\u00e9molition et de destruction contre le peuple palestinien. ignorant toutes les voix appelant \u00e0 la fin de ces graves violations. Le silence international repr\u00e9sente non seulement une trahison envers les Palestiniens, mais refl\u00e8te \u00e9galement un \u00e9tat de complicit\u00e9 avec l\u2019occupation et renforce son insistance \u00e0 poursuivre ses campagnes agressives sans aucune dissuasion.<\/span><\/span><\/span><\/p>\n<p align=\"LEFT\"><span style=\"color: #000000;\"><span style=\"font-family: Arial, sans-serif;\"><span style=\"font-size: medium;\">La destruction de maisons vides constitue \u00e9galement une menace pour le tissu social et la soci\u00e9t\u00e9 palestinienne \u00e0 Gaza, car les familles retournent chez elles et les retrouvent sous les d\u00e9combres, ce qui exacerbe leurs souffrances psychologiques et accro\u00eet la difficult\u00e9 de vivre dans des conditions de bombardements. Chaque maison d\u00e9molie n&rsquo;est pas seulement un b\u00e2timent en brique et en ciment, mais plut\u00f4t un souvenir et des ann\u00e9es de travail et d&rsquo;efforts et un refuge que ses propri\u00e9taires ont perdu. Ces attaques, men\u00e9es sous de fragiles justifications, visent essentiellement \u00e0 semer la terreur et le d\u00e9sespoir dans le c\u0153ur des Palestiniens et \u00e0 accro\u00eetre la pression sur le peuple palestinien pour le pousser \u00e0 migrer ou \u00e0 se d\u00e9placer de mani\u00e8re r\u00e9p\u00e9t\u00e9e \u00e0 l\u2019int\u00e9rieur du pays.<\/span><\/span><\/span><\/p>\n<p align=\"LEFT\"><span style=\"color: #000000;\"><span style=\"font-family: Arial, sans-serif;\"><span style=\"font-size: medium;\">Le ciblage des pierres et des arbres ne se limite pas \u00e0 la destruction des maisons, mais concerne \u00e9galement les terres agricoles et les fermes dont d\u00e9pendent les habitants pour leur subsistance quotidienne. Les v\u00e9hicules militaires isra\u00e9liens ont d\u00e9truit de nombreux champs agricoles et d\u00e9racin\u00e9 des arbres, causant d&rsquo;importantes pertes \u00e9conomiques aux habitants qui d\u00e9pendent de l&rsquo;agriculture comme seule source de subsistance. D\u00e9truire les terres agricoles signifie \u00e9galement priver des milliers de familles de leurs moyens de subsistance, d\u00e9truire leur \u00e9conomie locale et accro\u00eetre leur d\u00e9pendance \u00e0 l\u2019\u00e9gard de l\u2019aide humanitaire compte tenu de la d\u00e9t\u00e9rioration des conditions \u00e9conomiques et de vie.<\/span><\/span><\/span><\/p>\n<div id=\"attachment_15496\" style=\"width: 610px\" class=\"wp-caption alignnone\"><a href=\"https:\/\/ismfrance.org\/wp-content\/uploads\/2024\/11\/abu-sabla-family.jpeg\"><img loading=\"lazy\" decoding=\"async\" aria-describedby=\"caption-attachment-15496\" class=\"size-large wp-image-15496\" src=\"https:\/\/ismfrance.org\/wp-content\/uploads\/2024\/11\/abu-sabla-family-700x525.jpeg\" alt=\"\" width=\"600\" height=\"450\" srcset=\"https:\/\/ismfrance.org\/wp-content\/uploads\/2024\/11\/abu-sabla-family-700x525.jpeg 700w, https:\/\/ismfrance.org\/wp-content\/uploads\/2024\/11\/abu-sabla-family-300x225.jpeg 300w, https:\/\/ismfrance.org\/wp-content\/uploads\/2024\/11\/abu-sabla-family-768x576.jpeg 768w, https:\/\/ismfrance.org\/wp-content\/uploads\/2024\/11\/abu-sabla-family-350x263.jpeg 350w, https:\/\/ismfrance.org\/wp-content\/uploads\/2024\/11\/abu-sabla-family.jpeg 1024w\" sizes=\"auto, (max-width: 600px) 100vw, 600px\" \/><\/a><p id=\"caption-attachment-15496\" class=\"wp-caption-text\">7 novembre : Dans le quartier de Ma\u2019an \u00e0 Rafah, trois membres de la famille Abu Sabla, partis \u00e0 la recherche de quatre membres de la famille disparus, ont \u00e9t\u00e9 attaqu\u00e9s par les forces isra\u00e9liennes qui les ont tu\u00e9s. Cela porte le nombre de morts \u00e0 sept.<br \/>Les victimes identifi\u00e9es sont :<br \/>1. Sami Ibrahim Abu Sanimeh<br \/>2. Eyad Yasser Abu Moor<br \/>3. L\u2019enfant Mohammad Abu Ma\u2019mar<br \/>4. Ayman Marwan Al-Jazzar<br \/>5. Ali Zayed Kayed Abu Sabla<br \/>6. Mohammad Ziyad Abu Sabla<br \/>7. Ibrahim Farid Abu Sabla<\/p><\/div>\n<p align=\"LEFT\"><span style=\"color: #000000;\"><span style=\"font-family: Arial, sans-serif;\"><span style=\"font-size: medium;\">Dans ces circonstances, le citoyen palestinien se retrouve coinc\u00e9 entre la cruaut\u00e9 des attaques militaires et l\u2019absence de tout v\u00e9ritable soutien international qui lui rende justice, alors que de nombreux pays et organisations internationales ignorent l\u2019ampleur de la trag\u00e9die que vit la population de Gaza. Ce silence renforce la politique d\u2019impunit\u00e9 et donne \u00e0 l\u2019occupation le sentiment d\u2019\u00eatre au-dessus des lois, ce qui l\u2019incite \u00e0 poursuivre ses violations sans craindre d\u2019avoir \u00e0 rendre des comptes ou \u00e0 rendre des comptes.<\/span><\/span><\/span><\/p>\n<p align=\"LEFT\"><span style=\"color: #000000;\"><span style=\"font-family: Arial, sans-serif;\"><span style=\"font-size: medium;\">Ces attaques isra\u00e9liennes contre la ville de Rafah et d\u2019autres villes de la bande de Gaza montrent la volont\u00e9 de d\u00e9molir compl\u00e8tement la structure soci\u00e9tale palestinienne, car elles vont au-del\u00e0 du simple ciblage des b\u00e2timents et cherchent \u00e0 d\u00e9truire le moral et la capacit\u00e9 de r\u00e9sistance du peuple palestinien. Avec chaque d\u00e9molition, la douleur des familles se renouvelle et leur espoir de vivre dans la dignit\u00e9 et la s\u00e9curit\u00e9 est vol\u00e9, de sorte que les souvenirs des maisons, des arbres et des terres agricoles restent t\u00e9moins de l&rsquo;injustice de l&rsquo;occupation.<\/span><\/span><\/span><\/p>\n<p align=\"LEFT\"><span style=\"color: #000000;\"><span style=\"font-family: Arial, sans-serif;\"><span style=\"font-size: medium;\">Le peuple palestinien, malgr\u00e9 toutes les tentatives de destruction et d&rsquo;intimidation, reste accroch\u00e9 \u00e0 sa terre et \u00e0 son droit \u00e0 la vie et \u00e0 la dignit\u00e9. Toutefois, l\u2019ampleur des souffrances exige une action urgente de la communaut\u00e9 internationale, qui doit assumer ses responsabilit\u00e9s morales et juridiques et mettre un terme \u00e0 ces pratiques brutales. L\u2019absence de justice ne fait qu\u2019entra\u00eener davantage de destructions et de trag\u00e9dies, et le monde ne peut pas rester les bras crois\u00e9s pendant qu\u2019un peuple tout entier est d\u00e9truit sous ses yeux.<\/span><\/span><\/span><\/p>\n<p align=\"LEFT\"><span style=\"color: #000000;\"><span style=\"font-family: Arial, sans-serif;\"><span style=\"font-size: medium;\">Ne serait-il pas temps que la protestation mondiale enfle\u00a0?\u00a0\u00bb<\/span><\/span><\/span><\/p>\n<hr \/>\n<p align=\"LEFT\"><strong>Retrouvez l\u2019ensemble des t\u00e9moignages d\u2019Abu Amir et Marsel :<\/strong><\/p>\n<p>*<strong>Abu Amir Mutasem Ele\u00efwa<\/strong>\u00a0est coordinateur des Projets paysans depuis 2016 au sud de la bande de Gaza et correspondant de l\u2019Union Juive Fran\u00e7aise pour la Paix.<\/p>\n<p>*<strong>Marsel Alledawi<\/strong>\u00a0est responsable du Centre Ibn Sina du nord de la bande de Gaza, centre qui se consacre au suivi \u00e9ducatif et psychologique de l\u2019enfance.<\/p>\n<p>Tous les deux sont soutenus par l\u2019UJFP en France.<\/p>\n<pre><strong><em>Pour participer \u00e0 la collecte \"Urgence Guerre \u00e0 Gaza\" : <a href=\"https:\/\/www.helloasso.com\/associations\/union-juive-francaise-pour-la-paix\/collectes\/urgence-guerre-a-gaza\">HelloAsso.com<\/a><\/em><\/strong><\/pre>\n<hr \/>\n<pre><strong><em>Les t\u00e9moignages sont \u00e9galement publi\u00e9s sur <a href=\"https:\/\/ujfp.org\/\">UJFP<\/a>; <a href=\"https:\/\/altermidi.org\/2023\/12\/27\/la-survie-qui-sorganise-au-jour-le-jour-dans-lenfer-de-gaza\/\">Altermidi.org<\/a><\/em><\/strong><\/pre>\n","protected":false},"excerpt":{"rendered":"<p>Brigitte Challande, 9 novembre 2024. Chaine d\u2019information Alam 24\/27 &#8211; sous la vid\u00e9o est \u00e9crit en arabe :\u00a0\u00ab\u00a0Destruction indescriptible. Des engins sp\u00e9ciaux appartenant \u00e0 l\u2019occupation proc\u00e8dent \u00e0 la d\u00e9molition de <a class=\"more-link\" href=\"https:\/\/ismfrance.org\/index.php\/2024\/11\/09\/temoignages-de-gazaouis-la-survie-qui-sorganise-au-jour-le-jour-dans-lenfer-de-gaza-partie-216-1-8-novembre-alerte-a-rafah\/\">Lire la suite &rarr;<\/a><\/p>\n","protected":false},"author":3,"featured_media":15496,"comment_status":"closed","ping_status":"closed","sticky":false,"template":"","format":"standard","meta":{"footnotes":""},"categories":[2,13],"tags":[156,29],"class_list":["post-15488","post","type-post","status-publish","format-standard","has-post-thumbnail","hentry","category-articles","category-temoignages","tag-genocide","tag-refugies"],"yoast_head":"<!-- This site is optimized with the Yoast SEO plugin v27.2 - https:\/\/yoast.com\/product\/yoast-seo-wordpress\/ -->\n<title>T\u00e9moignages de Gazaouis : La survie qui s\u2019organise au jour le jour dans l\u2019enfer de Gaza \u2013 partie 216\/1- 8 novembre \u2013\u00a0Alerte \u00e0 Rafah\u00a0! - International Solidarity Movement - ISM-France<\/title>\n<meta name=\"robots\" content=\"index, follow, max-snippet:-1, max-image-preview:large, max-video-preview:-1\" \/>\n<link rel=\"canonical\" href=\"https:\/\/ismfrance.org\/index.php\/2024\/11\/09\/temoignages-de-gazaouis-la-survie-qui-sorganise-au-jour-le-jour-dans-lenfer-de-gaza-partie-216-1-8-novembre-alerte-a-rafah\/\" \/>\n<meta property=\"og:locale\" content=\"fr_FR\" \/>\n<meta property=\"og:type\" content=\"article\" \/>\n<meta property=\"og:title\" content=\"T\u00e9moignages de Gazaouis : La survie qui s\u2019organise au jour le jour dans l\u2019enfer de Gaza \u2013 partie 216\/1- 8 novembre \u2013\u00a0Alerte \u00e0 Rafah\u00a0! - International Solidarity Movement - ISM-France\" \/>\n<meta property=\"og:description\" content=\"Brigitte Challande, 9 novembre 2024. Chaine d\u2019information Alam 24\/27 &#8211; sous la vid\u00e9o est \u00e9crit en arabe :\u00a0\u00ab\u00a0Destruction indescriptible. Des engins sp\u00e9ciaux appartenant \u00e0 l\u2019occupation proc\u00e8dent \u00e0 la d\u00e9molition de Lire la suite &rarr;\" \/>\n<meta property=\"og:url\" content=\"https:\/\/ismfrance.org\/index.php\/2024\/11\/09\/temoignages-de-gazaouis-la-survie-qui-sorganise-au-jour-le-jour-dans-lenfer-de-gaza-partie-216-1-8-novembre-alerte-a-rafah\/\" \/>\n<meta property=\"og:site_name\" content=\"International Solidarity Movement - ISM-France\" \/>\n<meta property=\"article:published_time\" content=\"2024-11-09T12:38:52+00:00\" \/>\n<meta property=\"article:modified_time\" content=\"2024-12-20T18:25:36+00:00\" \/>\n<meta property=\"og:image\" content=\"https:\/\/ismfrance.org\/wp-content\/uploads\/2024\/11\/abu-sabla-family.jpeg\" \/>\n\t<meta property=\"og:image:width\" content=\"1024\" \/>\n\t<meta property=\"og:image:height\" content=\"768\" \/>\n\t<meta property=\"og:image:type\" content=\"image\/jpeg\" \/>\n<meta name=\"author\" content=\"mru_01\" \/>\n<meta name=\"twitter:card\" content=\"summary_large_image\" \/>\n<meta name=\"twitter:creator\" content=\"@ISMFRANCE\" \/>\n<meta name=\"twitter:site\" content=\"@ISMFRANCE\" \/>\n<meta name=\"twitter:label1\" content=\"\u00c9crit par\" \/>\n\t<meta name=\"twitter:data1\" content=\"mru_01\" \/>\n\t<meta name=\"twitter:label2\" content=\"Dur\u00e9e de lecture estim\u00e9e\" \/>\n\t<meta name=\"twitter:data2\" content=\"11 minutes\" \/>\n<script type=\"application\/ld+json\" class=\"yoast-schema-graph\">{\"@context\":\"https:\/\/schema.org\",\"@graph\":[{\"@type\":\"Article\",\"@id\":\"https:\/\/ismfrance.org\/index.php\/2024\/11\/09\/temoignages-de-gazaouis-la-survie-qui-sorganise-au-jour-le-jour-dans-lenfer-de-gaza-partie-216-1-8-novembre-alerte-a-rafah\/#article\",\"isPartOf\":{\"@id\":\"https:\/\/ismfrance.org\/index.php\/2024\/11\/09\/temoignages-de-gazaouis-la-survie-qui-sorganise-au-jour-le-jour-dans-lenfer-de-gaza-partie-216-1-8-novembre-alerte-a-rafah\/\"},\"author\":{\"name\":\"mru_01\",\"@id\":\"https:\/\/ismfrance.org\/#\/schema\/person\/3c411eb72adfaae19c0dca1f41fae01d\"},\"headline\":\"T\u00e9moignages de Gazaouis : La survie qui s\u2019organise au jour le jour dans l\u2019enfer de Gaza \u2013 partie 216\/1- 8 novembre \u2013\u00a0Alerte \u00e0 Rafah\u00a0!\",\"datePublished\":\"2024-11-09T12:38:52+00:00\",\"dateModified\":\"2024-12-20T18:25:36+00:00\",\"mainEntityOfPage\":{\"@id\":\"https:\/\/ismfrance.org\/index.php\/2024\/11\/09\/temoignages-de-gazaouis-la-survie-qui-sorganise-au-jour-le-jour-dans-lenfer-de-gaza-partie-216-1-8-novembre-alerte-a-rafah\/\"},\"wordCount\":1107,\"publisher\":{\"@id\":\"https:\/\/ismfrance.org\/#organization\"},\"image\":{\"@id\":\"https:\/\/ismfrance.org\/index.php\/2024\/11\/09\/temoignages-de-gazaouis-la-survie-qui-sorganise-au-jour-le-jour-dans-lenfer-de-gaza-partie-216-1-8-novembre-alerte-a-rafah\/#primaryimage\"},\"thumbnailUrl\":\"https:\/\/ismfrance.org\/wp-content\/uploads\/2024\/11\/abu-sabla-family.jpeg\",\"keywords\":[\"G\u00e9nocide\",\"r\u00e9fugi\u00e9s\"],\"articleSection\":[\"Articles\",\"T\u00e9moignages\"],\"inLanguage\":\"fr-FR\"},{\"@type\":\"WebPage\",\"@id\":\"https:\/\/ismfrance.org\/index.php\/2024\/11\/09\/temoignages-de-gazaouis-la-survie-qui-sorganise-au-jour-le-jour-dans-lenfer-de-gaza-partie-216-1-8-novembre-alerte-a-rafah\/\",\"url\":\"https:\/\/ismfrance.org\/index.php\/2024\/11\/09\/temoignages-de-gazaouis-la-survie-qui-sorganise-au-jour-le-jour-dans-lenfer-de-gaza-partie-216-1-8-novembre-alerte-a-rafah\/\",\"name\":\"T\u00e9moignages de Gazaouis : La survie qui s\u2019organise au jour le jour dans l\u2019enfer de Gaza \u2013 partie 216\/1- 8 novembre \u2013\u00a0Alerte \u00e0 Rafah\u00a0! - International Solidarity Movement - ISM-France\",\"isPartOf\":{\"@id\":\"https:\/\/ismfrance.org\/#website\"},\"primaryImageOfPage\":{\"@id\":\"https:\/\/ismfrance.org\/index.php\/2024\/11\/09\/temoignages-de-gazaouis-la-survie-qui-sorganise-au-jour-le-jour-dans-lenfer-de-gaza-partie-216-1-8-novembre-alerte-a-rafah\/#primaryimage\"},\"image\":{\"@id\":\"https:\/\/ismfrance.org\/index.php\/2024\/11\/09\/temoignages-de-gazaouis-la-survie-qui-sorganise-au-jour-le-jour-dans-lenfer-de-gaza-partie-216-1-8-novembre-alerte-a-rafah\/#primaryimage\"},\"thumbnailUrl\":\"https:\/\/ismfrance.org\/wp-content\/uploads\/2024\/11\/abu-sabla-family.jpeg\",\"datePublished\":\"2024-11-09T12:38:52+00:00\",\"dateModified\":\"2024-12-20T18:25:36+00:00\",\"breadcrumb\":{\"@id\":\"https:\/\/ismfrance.org\/index.php\/2024\/11\/09\/temoignages-de-gazaouis-la-survie-qui-sorganise-au-jour-le-jour-dans-lenfer-de-gaza-partie-216-1-8-novembre-alerte-a-rafah\/#breadcrumb\"},\"inLanguage\":\"fr-FR\",\"potentialAction\":[{\"@type\":\"ReadAction\",\"target\":[\"https:\/\/ismfrance.org\/index.php\/2024\/11\/09\/temoignages-de-gazaouis-la-survie-qui-sorganise-au-jour-le-jour-dans-lenfer-de-gaza-partie-216-1-8-novembre-alerte-a-rafah\/\"]}]},{\"@type\":\"ImageObject\",\"inLanguage\":\"fr-FR\",\"@id\":\"https:\/\/ismfrance.org\/index.php\/2024\/11\/09\/temoignages-de-gazaouis-la-survie-qui-sorganise-au-jour-le-jour-dans-lenfer-de-gaza-partie-216-1-8-novembre-alerte-a-rafah\/#primaryimage\",\"url\":\"https:\/\/ismfrance.org\/wp-content\/uploads\/2024\/11\/abu-sabla-family.jpeg\",\"contentUrl\":\"https:\/\/ismfrance.org\/wp-content\/uploads\/2024\/11\/abu-sabla-family.jpeg\",\"width\":1024,\"height\":768,\"caption\":\"Dans le quartier de Ma\u2019an \u00e0 Rafah, trois membres de la famille Abu Sabla, partis \u00e0 la recherche de quatre membres de la famille disparus, ont \u00e9t\u00e9 attaqu\u00e9s par les forces isra\u00e9liennes et ont perdu la vie. Cela porte le nombre de morts \u00e0 sept. Les victimes identifi\u00e9es sont : 1. Sami Ibrahim Abu Sanimeh 2. Eyad Yasser Abu Moor 3. L\u2019enfant Mohammad Abu Ma\u2019mar 4. Ayman Marwan Al-Jazzar 5. Ali Zayed Kayed Abu Sabla 6. Mohammad Ziyad Abu Sabla 7. Ibrahim Farid Abu Sabla\"},{\"@type\":\"BreadcrumbList\",\"@id\":\"https:\/\/ismfrance.org\/index.php\/2024\/11\/09\/temoignages-de-gazaouis-la-survie-qui-sorganise-au-jour-le-jour-dans-lenfer-de-gaza-partie-216-1-8-novembre-alerte-a-rafah\/#breadcrumb\",\"itemListElement\":[{\"@type\":\"ListItem\",\"position\":1,\"name\":\"Accueil\",\"item\":\"https:\/\/ismfrance.org\/\"},{\"@type\":\"ListItem\",\"position\":2,\"name\":\"T\u00e9moignages de Gazaouis : La survie qui s\u2019organise au jour le jour dans l\u2019enfer de Gaza \u2013 partie 216\/1- 8 novembre \u2013\u00a0Alerte \u00e0 Rafah\u00a0!\"}]},{\"@type\":\"WebSite\",\"@id\":\"https:\/\/ismfrance.org\/#website\",\"url\":\"https:\/\/ismfrance.org\/\",\"name\":\"ISM Palestine France\",\"description\":\"Soutien aux luttes de lib\u00e9ration du peuple palestinien\",\"publisher\":{\"@id\":\"https:\/\/ismfrance.org\/#organization\"},\"potentialAction\":[{\"@type\":\"SearchAction\",\"target\":{\"@type\":\"EntryPoint\",\"urlTemplate\":\"https:\/\/ismfrance.org\/?s={search_term_string}\"},\"query-input\":{\"@type\":\"PropertyValueSpecification\",\"valueRequired\":true,\"valueName\":\"search_term_string\"}}],\"inLanguage\":\"fr-FR\"},{\"@type\":\"Organization\",\"@id\":\"https:\/\/ismfrance.org\/#organization\",\"name\":\"International Solidarity Movement\",\"url\":\"https:\/\/ismfrance.org\/\",\"logo\":{\"@type\":\"ImageObject\",\"inLanguage\":\"fr-FR\",\"@id\":\"https:\/\/ismfrance.org\/#\/schema\/logo\/image\/\",\"url\":\"https:\/\/ismfrance.org\/wp-content\/uploads\/2020\/12\/00.png\",\"contentUrl\":\"https:\/\/ismfrance.org\/wp-content\/uploads\/2020\/12\/00.png\",\"width\":400,\"height\":400,\"caption\":\"International Solidarity Movement\"},\"image\":{\"@id\":\"https:\/\/ismfrance.org\/#\/schema\/logo\/image\/\"},\"sameAs\":[\"https:\/\/x.com\/ISMFRANCE\"]},{\"@type\":\"Person\",\"@id\":\"https:\/\/ismfrance.org\/#\/schema\/person\/3c411eb72adfaae19c0dca1f41fae01d\",\"name\":\"mru_01\",\"image\":{\"@type\":\"ImageObject\",\"inLanguage\":\"fr-FR\",\"@id\":\"https:\/\/secure.gravatar.com\/avatar\/3a0be343b445d2ccc79e87444a294fad2b232e90d2051d0e3cc219e1ecd6a330?s=96&d=mm&r=g\",\"url\":\"https:\/\/secure.gravatar.com\/avatar\/3a0be343b445d2ccc79e87444a294fad2b232e90d2051d0e3cc219e1ecd6a330?s=96&d=mm&r=g\",\"contentUrl\":\"https:\/\/secure.gravatar.com\/avatar\/3a0be343b445d2ccc79e87444a294fad2b232e90d2051d0e3cc219e1ecd6a330?s=96&d=mm&r=g\",\"caption\":\"mru_01\"},\"url\":\"https:\/\/ismfrance.org\/index.php\/author\/admin02\/\"}]}<\/script>\n<!-- \/ Yoast SEO plugin. -->","yoast_head_json":{"title":"T\u00e9moignages de Gazaouis : La survie qui s\u2019organise au jour le jour dans l\u2019enfer de Gaza \u2013 partie 216\/1- 8 novembre \u2013\u00a0Alerte \u00e0 Rafah\u00a0! - International Solidarity Movement - ISM-France","robots":{"index":"index","follow":"follow","max-snippet":"max-snippet:-1","max-image-preview":"max-image-preview:large","max-video-preview":"max-video-preview:-1"},"canonical":"https:\/\/ismfrance.org\/index.php\/2024\/11\/09\/temoignages-de-gazaouis-la-survie-qui-sorganise-au-jour-le-jour-dans-lenfer-de-gaza-partie-216-1-8-novembre-alerte-a-rafah\/","og_locale":"fr_FR","og_type":"article","og_title":"T\u00e9moignages de Gazaouis : La survie qui s\u2019organise au jour le jour dans l\u2019enfer de Gaza \u2013 partie 216\/1- 8 novembre \u2013\u00a0Alerte \u00e0 Rafah\u00a0! - International Solidarity Movement - ISM-France","og_description":"Brigitte Challande, 9 novembre 2024. Chaine d\u2019information Alam 24\/27 &#8211; sous la vid\u00e9o est \u00e9crit en arabe :\u00a0\u00ab\u00a0Destruction indescriptible. Des engins sp\u00e9ciaux appartenant \u00e0 l\u2019occupation proc\u00e8dent \u00e0 la d\u00e9molition de Lire la suite &rarr;","og_url":"https:\/\/ismfrance.org\/index.php\/2024\/11\/09\/temoignages-de-gazaouis-la-survie-qui-sorganise-au-jour-le-jour-dans-lenfer-de-gaza-partie-216-1-8-novembre-alerte-a-rafah\/","og_site_name":"International Solidarity Movement - ISM-France","article_published_time":"2024-11-09T12:38:52+00:00","article_modified_time":"2024-12-20T18:25:36+00:00","og_image":[{"width":1024,"height":768,"url":"https:\/\/ismfrance.org\/wp-content\/uploads\/2024\/11\/abu-sabla-family.jpeg","type":"image\/jpeg"}],"author":"mru_01","twitter_card":"summary_large_image","twitter_creator":"@ISMFRANCE","twitter_site":"@ISMFRANCE","twitter_misc":{"\u00c9crit par":"mru_01","Dur\u00e9e de lecture estim\u00e9e":"11 minutes"},"schema":{"@context":"https:\/\/schema.org","@graph":[{"@type":"Article","@id":"https:\/\/ismfrance.org\/index.php\/2024\/11\/09\/temoignages-de-gazaouis-la-survie-qui-sorganise-au-jour-le-jour-dans-lenfer-de-gaza-partie-216-1-8-novembre-alerte-a-rafah\/#article","isPartOf":{"@id":"https:\/\/ismfrance.org\/index.php\/2024\/11\/09\/temoignages-de-gazaouis-la-survie-qui-sorganise-au-jour-le-jour-dans-lenfer-de-gaza-partie-216-1-8-novembre-alerte-a-rafah\/"},"author":{"name":"mru_01","@id":"https:\/\/ismfrance.org\/#\/schema\/person\/3c411eb72adfaae19c0dca1f41fae01d"},"headline":"T\u00e9moignages de Gazaouis : La survie qui s\u2019organise au jour le jour dans l\u2019enfer de Gaza \u2013 partie 216\/1- 8 novembre \u2013\u00a0Alerte \u00e0 Rafah\u00a0!","datePublished":"2024-11-09T12:38:52+00:00","dateModified":"2024-12-20T18:25:36+00:00","mainEntityOfPage":{"@id":"https:\/\/ismfrance.org\/index.php\/2024\/11\/09\/temoignages-de-gazaouis-la-survie-qui-sorganise-au-jour-le-jour-dans-lenfer-de-gaza-partie-216-1-8-novembre-alerte-a-rafah\/"},"wordCount":1107,"publisher":{"@id":"https:\/\/ismfrance.org\/#organization"},"image":{"@id":"https:\/\/ismfrance.org\/index.php\/2024\/11\/09\/temoignages-de-gazaouis-la-survie-qui-sorganise-au-jour-le-jour-dans-lenfer-de-gaza-partie-216-1-8-novembre-alerte-a-rafah\/#primaryimage"},"thumbnailUrl":"https:\/\/ismfrance.org\/wp-content\/uploads\/2024\/11\/abu-sabla-family.jpeg","keywords":["G\u00e9nocide","r\u00e9fugi\u00e9s"],"articleSection":["Articles","T\u00e9moignages"],"inLanguage":"fr-FR"},{"@type":"WebPage","@id":"https:\/\/ismfrance.org\/index.php\/2024\/11\/09\/temoignages-de-gazaouis-la-survie-qui-sorganise-au-jour-le-jour-dans-lenfer-de-gaza-partie-216-1-8-novembre-alerte-a-rafah\/","url":"https:\/\/ismfrance.org\/index.php\/2024\/11\/09\/temoignages-de-gazaouis-la-survie-qui-sorganise-au-jour-le-jour-dans-lenfer-de-gaza-partie-216-1-8-novembre-alerte-a-rafah\/","name":"T\u00e9moignages de Gazaouis : La survie qui s\u2019organise au jour le jour dans l\u2019enfer de Gaza \u2013 partie 216\/1- 8 novembre \u2013\u00a0Alerte \u00e0 Rafah\u00a0! - International Solidarity Movement - ISM-France","isPartOf":{"@id":"https:\/\/ismfrance.org\/#website"},"primaryImageOfPage":{"@id":"https:\/\/ismfrance.org\/index.php\/2024\/11\/09\/temoignages-de-gazaouis-la-survie-qui-sorganise-au-jour-le-jour-dans-lenfer-de-gaza-partie-216-1-8-novembre-alerte-a-rafah\/#primaryimage"},"image":{"@id":"https:\/\/ismfrance.org\/index.php\/2024\/11\/09\/temoignages-de-gazaouis-la-survie-qui-sorganise-au-jour-le-jour-dans-lenfer-de-gaza-partie-216-1-8-novembre-alerte-a-rafah\/#primaryimage"},"thumbnailUrl":"https:\/\/ismfrance.org\/wp-content\/uploads\/2024\/11\/abu-sabla-family.jpeg","datePublished":"2024-11-09T12:38:52+00:00","dateModified":"2024-12-20T18:25:36+00:00","breadcrumb":{"@id":"https:\/\/ismfrance.org\/index.php\/2024\/11\/09\/temoignages-de-gazaouis-la-survie-qui-sorganise-au-jour-le-jour-dans-lenfer-de-gaza-partie-216-1-8-novembre-alerte-a-rafah\/#breadcrumb"},"inLanguage":"fr-FR","potentialAction":[{"@type":"ReadAction","target":["https:\/\/ismfrance.org\/index.php\/2024\/11\/09\/temoignages-de-gazaouis-la-survie-qui-sorganise-au-jour-le-jour-dans-lenfer-de-gaza-partie-216-1-8-novembre-alerte-a-rafah\/"]}]},{"@type":"ImageObject","inLanguage":"fr-FR","@id":"https:\/\/ismfrance.org\/index.php\/2024\/11\/09\/temoignages-de-gazaouis-la-survie-qui-sorganise-au-jour-le-jour-dans-lenfer-de-gaza-partie-216-1-8-novembre-alerte-a-rafah\/#primaryimage","url":"https:\/\/ismfrance.org\/wp-content\/uploads\/2024\/11\/abu-sabla-family.jpeg","contentUrl":"https:\/\/ismfrance.org\/wp-content\/uploads\/2024\/11\/abu-sabla-family.jpeg","width":1024,"height":768,"caption":"Dans le quartier de Ma\u2019an \u00e0 Rafah, trois membres de la famille Abu Sabla, partis \u00e0 la recherche de quatre membres de la famille disparus, ont \u00e9t\u00e9 attaqu\u00e9s par les forces isra\u00e9liennes et ont perdu la vie. Cela porte le nombre de morts \u00e0 sept. Les victimes identifi\u00e9es sont : 1. Sami Ibrahim Abu Sanimeh 2. Eyad Yasser Abu Moor 3. L\u2019enfant Mohammad Abu Ma\u2019mar 4. Ayman Marwan Al-Jazzar 5. Ali Zayed Kayed Abu Sabla 6. Mohammad Ziyad Abu Sabla 7. Ibrahim Farid Abu Sabla"},{"@type":"BreadcrumbList","@id":"https:\/\/ismfrance.org\/index.php\/2024\/11\/09\/temoignages-de-gazaouis-la-survie-qui-sorganise-au-jour-le-jour-dans-lenfer-de-gaza-partie-216-1-8-novembre-alerte-a-rafah\/#breadcrumb","itemListElement":[{"@type":"ListItem","position":1,"name":"Accueil","item":"https:\/\/ismfrance.org\/"},{"@type":"ListItem","position":2,"name":"T\u00e9moignages de Gazaouis : La survie qui s\u2019organise au jour le jour dans l\u2019enfer de Gaza \u2013 partie 216\/1- 8 novembre \u2013\u00a0Alerte \u00e0 Rafah\u00a0!"}]},{"@type":"WebSite","@id":"https:\/\/ismfrance.org\/#website","url":"https:\/\/ismfrance.org\/","name":"ISM Palestine France","description":"Soutien aux luttes de lib\u00e9ration du peuple palestinien","publisher":{"@id":"https:\/\/ismfrance.org\/#organization"},"potentialAction":[{"@type":"SearchAction","target":{"@type":"EntryPoint","urlTemplate":"https:\/\/ismfrance.org\/?s={search_term_string}"},"query-input":{"@type":"PropertyValueSpecification","valueRequired":true,"valueName":"search_term_string"}}],"inLanguage":"fr-FR"},{"@type":"Organization","@id":"https:\/\/ismfrance.org\/#organization","name":"International Solidarity Movement","url":"https:\/\/ismfrance.org\/","logo":{"@type":"ImageObject","inLanguage":"fr-FR","@id":"https:\/\/ismfrance.org\/#\/schema\/logo\/image\/","url":"https:\/\/ismfrance.org\/wp-content\/uploads\/2020\/12\/00.png","contentUrl":"https:\/\/ismfrance.org\/wp-content\/uploads\/2020\/12\/00.png","width":400,"height":400,"caption":"International Solidarity Movement"},"image":{"@id":"https:\/\/ismfrance.org\/#\/schema\/logo\/image\/"},"sameAs":["https:\/\/x.com\/ISMFRANCE"]},{"@type":"Person","@id":"https:\/\/ismfrance.org\/#\/schema\/person\/3c411eb72adfaae19c0dca1f41fae01d","name":"mru_01","image":{"@type":"ImageObject","inLanguage":"fr-FR","@id":"https:\/\/secure.gravatar.com\/avatar\/3a0be343b445d2ccc79e87444a294fad2b232e90d2051d0e3cc219e1ecd6a330?s=96&d=mm&r=g","url":"https:\/\/secure.gravatar.com\/avatar\/3a0be343b445d2ccc79e87444a294fad2b232e90d2051d0e3cc219e1ecd6a330?s=96&d=mm&r=g","contentUrl":"https:\/\/secure.gravatar.com\/avatar\/3a0be343b445d2ccc79e87444a294fad2b232e90d2051d0e3cc219e1ecd6a330?s=96&d=mm&r=g","caption":"mru_01"},"url":"https:\/\/ismfrance.org\/index.php\/author\/admin02\/"}]}},"_links":{"self":[{"href":"https:\/\/ismfrance.org\/index.php\/wp-json\/wp\/v2\/posts\/15488","targetHints":{"allow":["GET"]}}],"collection":[{"href":"https:\/\/ismfrance.org\/index.php\/wp-json\/wp\/v2\/posts"}],"about":[{"href":"https:\/\/ismfrance.org\/index.php\/wp-json\/wp\/v2\/types\/post"}],"author":[{"embeddable":true,"href":"https:\/\/ismfrance.org\/index.php\/wp-json\/wp\/v2\/users\/3"}],"replies":[{"embeddable":true,"href":"https:\/\/ismfrance.org\/index.php\/wp-json\/wp\/v2\/comments?post=15488"}],"version-history":[{"count":0,"href":"https:\/\/ismfrance.org\/index.php\/wp-json\/wp\/v2\/posts\/15488\/revisions"}],"wp:featuredmedia":[{"embeddable":true,"href":"https:\/\/ismfrance.org\/index.php\/wp-json\/wp\/v2\/media\/15496"}],"wp:attachment":[{"href":"https:\/\/ismfrance.org\/index.php\/wp-json\/wp\/v2\/media?parent=15488"}],"wp:term":[{"taxonomy":"category","embeddable":true,"href":"https:\/\/ismfrance.org\/index.php\/wp-json\/wp\/v2\/categories?post=15488"},{"taxonomy":"post_tag","embeddable":true,"href":"https:\/\/ismfrance.org\/index.php\/wp-json\/wp\/v2\/tags?post=15488"}],"curies":[{"name":"wp","href":"https:\/\/api.w.org\/{rel}","templated":true}]}}