{"id":1540,"date":"2022-01-05T16:15:30","date_gmt":"2022-01-05T15:15:30","guid":{"rendered":"https:\/\/ismfrance.org\/?p=1540"},"modified":"2022-05-01T14:12:27","modified_gmt":"2022-05-01T12:12:27","slug":"sumud-un-livre-sur-la-resistance-des-prisonniers-palestiniens","status":"publish","type":"post","link":"https:\/\/ismfrance.org\/index.php\/2022\/01\/05\/sumud-un-livre-sur-la-resistance-des-prisonniers-palestiniens\/","title":{"rendered":"SUMUD : un livre sur la r\u00e9sistance des prisonniers palestiniens"},"content":{"rendered":"<p><span style=\"color: #000000;\"><span style=\"font-family: Arial, sans-serif;\"><span style=\"font-size: small;\"><strong>Charleroi pour la Palestine, 28 d\u00e9cembre 2021.<\/strong> Des prisonniers palestiniens morts de leur gr\u00e8ve de la faim et des \u00e9vad\u00e9s \u00e0 l\u2019aide de cuillers d\u2019une prison de haute s\u00e9curit\u00e9 isra\u00e9lienne : ce qui les lie s\u2019appelle <\/span><\/span><\/span><strong><span style=\"color: #000000;\"><span style=\"font-family: Arial, sans-serif;\"><span style=\"font-size: small;\"><b>sumud. <\/b><\/span><\/span><\/span><\/strong><span style=\"color: #000000;\"><span style=\"font-family: Arial, sans-serif;\"><span style=\"font-size: small;\">C\u2019est l\u2019esprit de r\u00e9sistance extraordinaire d\u2019un peuple et de ses prisonniers, femmes, hommes, enfants, face \u00e0 l\u2019occupation, \u00e0 la torture et aux conditions de d\u00e9tention.<\/span><\/span><\/span><\/p>\n<p><img loading=\"lazy\" decoding=\"async\" class=\"aligncenter size-full wp-image-1541\" src=\"https:\/\/ismfrance.org\/wp-content\/uploads\/2022\/01\/Sumud.jpg\" alt=\"\" width=\"550\" height=\"387\" srcset=\"https:\/\/ismfrance.org\/wp-content\/uploads\/2022\/01\/Sumud.jpg 550w, https:\/\/ismfrance.org\/wp-content\/uploads\/2022\/01\/Sumud-300x211.jpg 300w\" sizes=\"auto, (max-width: 550px) 100vw, 550px\" \/><\/p>\n<p><span style=\"color: #000000;\"><span style=\"font-family: Arial, sans-serif;\"><span style=\"font-size: small;\">Le livre, qui vient de sortir aux \u00e9ditions\u00a0<\/span><\/span><\/span><strong><a href=\"http:\/\/www.antidote-publishers.be\/pour-antidote-lannee-2022-est-placee-sous-le-signe-de-la-resistance-des-prisonniers-palestiniens\/?fbclid=IwAR0Q1twJBim9NVu4a-EwRWO-IPvheqDQyn2Hk5qAMBsejKMLRXU7vowv6fg\" target=\"_blank\" rel=\"noopener\"><span style=\"color: #1d990f;\"><span style=\"font-family: Arial, sans-serif;\"><span style=\"font-size: small;\"><u><b>Antidote<\/b><\/u><\/span><\/span><\/span><\/a><\/strong><span style=\"color: #000000;\"><span style=\"font-family: Arial, sans-serif;\"><span style=\"font-size: small;\">, pr\u00e9sente l\u2019\u00e9tude de\u00a0<\/span><\/span><\/span><strong><a href=\"https:\/\/charleroi-pourlapalestine.be\/index.php\/tag\/lena-meari\/\"><span style=\"color: #1d990f;\"><span style=\"font-family: Arial, sans-serif;\"><span style=\"font-size: small;\"><u><b>Lena Meari<\/b><\/u><\/span><\/span><\/span><\/a><\/strong><span style=\"color: #000000;\"><span style=\"font-family: Arial, sans-serif;\"><span style=\"font-size: small;\">\u00a0: \u201c<\/span><\/span><\/span><strong><span style=\"color: #000000;\"><span style=\"font-family: Arial, sans-serif;\"><span style=\"font-size: small;\"><i><b>SUMUD. Une philosophie palestinienne de la r\u00e9sistance dans les prisons coloniales\u201d<\/b><\/i><\/span><\/span><\/span><\/strong><span style=\"color: #000000;\"><span style=\"font-family: Arial, sans-serif;\"><span style=\"font-size: small;\">, des\u00a0<\/span><\/span><\/span><strong><span style=\"color: #000000;\"><span style=\"font-family: Arial, sans-serif;\"><span style=\"font-size: small;\"><b>contributions<\/b><\/span><\/span><\/span><\/strong><span style=\"color: #000000;\"><span style=\"font-family: Arial, sans-serif;\"><span style=\"font-size: small;\">\u00a0de r\u00e9seaux, sites et collectifs pour la Palestine, ainsi que\u00a0<\/span><\/span><\/span><strong><span style=\"color: #000000;\"><span style=\"font-family: Arial, sans-serif;\"><span style=\"font-size: small;\"><b>dessins<\/b><\/span><\/span><\/span><\/strong><span style=\"color: #000000;\"><span style=\"font-family: Arial, sans-serif;\"><span style=\"font-size: small;\">\u00a0d\u2019<\/span><\/span><\/span><strong><a href=\"https:\/\/charleroi-pourlapalestine.be\/index.php\/2020\/05\/25\/a-frassini-ma-seule-requete-cest-que-nous-puissions-retourner-sur-notre-terre\/\" target=\"_blank\" rel=\"noopener\"><span style=\"color: #1d990f;\"><span style=\"font-family: Arial, sans-serif;\"><span style=\"font-size: small;\"><u><b>Ahmed Frassini<\/b><\/u><\/span><\/span><\/span><\/a><\/strong><span style=\"color: #000000;\"><span style=\"font-family: Arial, sans-serif;\"><span style=\"font-size: small;\">\u00a0et des<\/span><\/span><\/span><strong><span style=\"color: #000000;\"><span style=\"font-family: Arial, sans-serif;\"><span style=\"font-size: small;\">\u00a0<\/span><\/span><\/span><\/strong><strong><span style=\"color: #000000;\"><span style=\"font-family: Arial, sans-serif;\"><span style=\"font-size: small;\"><b>propositions d\u2019action<\/b><\/span><\/span><\/span><\/strong><span style=\"color: #000000;\"><span style=\"font-family: Arial, sans-serif;\"><span style=\"font-size: small;\">\u00a0en soutien aux prisonniers palestiniens.<\/span><\/span><\/span><\/p>\n<p><span style=\"color: #444444;\"><span style=\"font-family: Arial, sans-serif;\"><span style=\"font-size: medium;\"><b>L\u2019\u00e9tude de Lena Meari<\/b><\/span><\/span><\/span><\/p>\n<h3 class=\"western\"><strong><span style=\"color: #444444;\">\u201c<\/span><\/strong><strong><span style=\"color: #444444;\"><span style=\"font-family: Arial, sans-serif;\"><span style=\"font-size: small;\"><i><b>Le SUMUD, une philosophie palestinienne de la r\u00e9sistance dans les prisons coloniales\u201d,<\/b><\/i><\/span><\/span><\/span><\/strong><\/h3>\n<p><span style=\"color: #000000;\"><span style=\"font-family: Arial, sans-serif;\"><span style=\"font-size: small;\">pr\u00e9sente et analyse de nombreux t\u00e9moignages d\u2019anciens d\u00e9tenus palestiniens rappelant leurs exp\u00e9riences lors des interrogatoires dans les prisons isra\u00e9liennes et leur capacit\u00e9 de r\u00e9sister aux mauvais traitements et aux tortures.<\/span><\/span><\/span><\/p>\n<blockquote><p><strong><span style=\"color: #000000;\"><span style=\"font-family: Arial, sans-serif;\"><span style=\"font-size: small;\"><b>Ibrahim<\/b><\/span><\/span><\/span><\/strong><span style=\"color: #000000;\"><span style=\"font-family: Arial, sans-serif;\"><span style=\"font-size: small;\">\u00a0(\u00e0 l\u2019interrogateur du Shabak) :\u00a0<\/span><\/span><\/span><em><span style=\"color: #000000;\"><span style=\"font-family: Arial, sans-serif;\"><span style=\"font-size: small;\"><i>\u00ab Vous n\u2019avez jamais interrog\u00e9 une table ? Maintenant, je suis une table. Allez donc interroger une table. Si elle vous r\u00e9pond, revenez chez moi et vous verrez que je suis devenu une montagne. \u00bb\u00a0<\/i><\/span><\/span><\/span><\/em><span style=\"color: #000000;\"><span style=\"font-family: Arial, sans-serif;\"><span style=\"font-size: small;\"><br \/>\n<\/span><\/span><\/span><strong><a href=\"https:\/\/www.chroniquepalestine.com\/souvenons-nous-de-ibrahim-al-rai-militant-revolutionnaire-mort-sous-la-torture\/\" target=\"_blank\" rel=\"noopener\"><span style=\"color: #1d990f;\"><span style=\"font-family: Arial, sans-serif;\"><span style=\"font-size: small;\"><u><b>Ibrahim El-Ra\u2019ii<\/b><\/u><\/span><\/span><\/span><\/a><\/strong><span style=\"color: #000000;\"><span style=\"font-family: Arial, sans-serif;\"><span style=\"font-size: small;\">, cit\u00e9 dans un manuel publi\u00e9 par le Comit\u00e9 pour la premi\u00e8re comm\u00e9moration du martyr Ibrahim Mahmood El Ra\u2019ii.<\/span><\/span><\/span><\/p>\n<p><em><span style=\"color: #000000;\"><span style=\"font-family: Arial, sans-serif;\"><span style=\"font-size: small;\"><i>\u00ab\u00a0Alors que j\u2019\u00e9tais encha\u00een\u00e9 et attach\u00e9 dans une position d\u00e9form\u00e9e et extr\u00eamement douloureuse dans le \u201dplacard\u201d, une tr\u00e8s petite cellule utilis\u00e9e par le Shabak comme technique de torture, je d\u00e9ambulais dans ma ville de Ramallah, accompagn\u00e9 de mes camarades, de la famille, de gens que j\u2019aimais. Je m\u2019imaginais comment ils allaient m\u2019accueillir une fois que j\u2019aurais \u00e9t\u00e9 rel\u00e2ch\u00e9 sans avoir rien confess\u00e9.<\/i><\/span><\/span><\/span><\/em><span style=\"color: #000000;\"><span style=\"font-family: Arial, sans-serif;\"><span style=\"font-size: small;\">\u00a0\u00bb<br \/>\n<\/span><\/span><\/span><strong><span style=\"color: #000000;\"><span style=\"font-family: Arial, sans-serif;\"><span style=\"font-size: small;\"><b>Marshud<\/b><\/span><\/span><\/span><\/strong><span style=\"color: #000000;\"><span style=\"font-family: Arial, sans-serif;\"><span style=\"font-size: small;\">, un Palestinien en mode sumud<\/span><\/span><\/span><\/p>\n<p><em><span style=\"color: #000000;\"><span style=\"font-family: Arial, sans-serif;\"><span style=\"font-size: small;\"><i>\u00ab\u00a0Afin d\u2019\u00eatre \u00e0 m\u00eame de pratiquer le sumud au cours de l\u2019interrogatoire, j\u2019envisageais la mort comme une option viable. J\u2019ai imagin\u00e9 ma mort \u00e0 de nombreuses reprises, durant les interrogatoires. Cela m\u2019a endurci et a facilit\u00e9 mon sumud.\u00a0\u00bb \u00a0<\/i><\/span><\/span><\/span><\/em><span style=\"color: #000000;\"><span style=\"font-family: Arial, sans-serif;\"><span style=\"font-size: small;\"><br \/>\n<\/span><\/span><\/span><strong><span style=\"color: #000000;\"><span style=\"font-family: Arial, sans-serif;\"><span style=\"font-size: small;\"><b>Ahmad Qatamesh<\/b><\/span><\/span><\/span><\/strong><span style=\"color: #000000;\"><span style=\"font-family: Arial, sans-serif;\"><span style=\"font-size: small;\">, un Palestinien en mode sumud<\/span><\/span><\/span><\/p><\/blockquote>\n<h2 class=\"western\"><span style=\"color: #000000;\"><span style=\"font-family: Arial, sans-serif;\"><span style=\"font-size: medium;\"><b>Les dessins d\u2019Ahmed Frassini<\/b><\/span><\/span><\/span><\/h2>\n<p><span style=\"color: #000000;\"><span style=\"font-family: Arial, sans-serif;\"><span style=\"font-size: small;\">soulignent la souffrance et la r\u00e9sistance des Palestiniens emprisonn\u00e9s. Ils rappellent son propre emprisonnement, lorsque, enfant durant la premi\u00e8re Intifada, il fut emprisonn\u00e9 \u00e0 plusieurs reprises par l\u2019occupant. Emprisonnements dont il porte encore les s\u00e9quelles aujourd\u2019hui.<\/span><\/span><\/span><\/p>\n<h2 class=\"western\"><span style=\"color: #000000;\"><span style=\"font-family: Arial, sans-serif;\"><span style=\"font-size: medium;\"><b>Les contributions d\u2019actrices et acteurs de la solidarit\u00e9<\/b><\/span><\/span><\/span><\/h2>\n<p><span style=\"color: #000000;\"><span style=\"font-family: Arial, sans-serif;\"><span style=\"font-size: small;\">commentent l\u2019\u00e9tude de Lena Meari et font le lien entre le sumud des prisonniers et la r\u00e9sistance de tout le peuple palestinien dans ses luttes quotidiennes, une r\u00e9sistance qui s\u2019est encore exprim\u00e9e de fa\u00e7on importante cette ann\u00e9e, lors de l\u2019\u00e9vasion des six prisonniers de la prison de Gilboa et lors du soul\u00e8vement de l\u2019Unit\u00e9 au mois de mai, dans toute la Palestine historique.<\/span><\/span><\/span><\/p>\n<p><span style=\"color: #000000;\"><span style=\"font-family: Arial, sans-serif;\"><span style=\"font-size: medium;\"><b>Les diverses contributions<\/b><\/span><\/span><\/span><\/p>\n<p><span style=\"color: #000000;\"><span style=\"font-family: Arial, sans-serif;\"><span style=\"font-size: small;\">&#8211; Sur la ligne de front de la lutte : Les Palestiniens en mode de Sumud \u2013<\/span><\/span><\/span><a href=\"https:\/\/samidoun.net\/\" target=\"_blank\" rel=\"noopener\"><span style=\"color: #1d990f;\"><span style=\"font-family: Arial, sans-serif;\"><span style=\"font-size: small;\"><u>\u00a0<span style=\"color: #339966;\">Samidoun<\/span><\/u><\/span><\/span><\/span><\/a><span style=\"color: #000000;\"><span style=\"font-family: Arial, sans-serif;\"><span style=\"font-size: small;\"><br \/>\n&#8211; Le sourire et le Sumud \u2013 <\/span><\/span><\/span><a href=\"https:\/\/palestinevaincra.com\/\" target=\"_blank\" rel=\"noopener\"><span style=\"color: #444444;\"><span style=\"font-family: Arial, sans-serif;\"><span style=\"font-size: small;\"><u><span style=\"color: #339966;\">Collectif Palestine Vaincra<\/span><\/u><\/span><\/span><\/span><\/a><span style=\"color: #000000;\"><span style=\"font-family: Arial, sans-serif;\"><span style=\"font-size: small;\"><br \/>\n&#8211; Agir contre la torture des Palestiniens ! \u2013<\/span><\/span><\/span><span style=\"color: #339966;\"><a style=\"color: #339966;\" href=\"https:\/\/europalestine.com\/\" target=\"_blank\" rel=\"noopener\"><span style=\"font-family: Arial, sans-serif;\"><span style=\"font-size: small;\"><u>\u00a0CAPJPO-Europalestine<\/u><\/span><\/span><\/a><\/span><span style=\"color: #000000;\"><span style=\"font-family: Arial, sans-serif;\"><span style=\"font-size: small;\"><br \/>\n&#8211; Rien ne peut arr\u00eater la soif de libert\u00e9 du peuple palestinien \u2013<span style=\"color: #339966;\">\u00a0<\/span><\/span><\/span><\/span><span style=\"color: #339966;\"><a style=\"color: #339966;\" href=\"https:\/\/charleroi-pourlapalestine.be\/index.php\/category\/plate-forme-charleroi-palestine\/\" target=\"_blank\" rel=\"noopener\"><span style=\"font-family: Arial, sans-serif;\"><span style=\"font-size: small;\"><u>Plate-forme Charleroi-Palestine<\/u><\/span><\/span><\/a><\/span><span style=\"color: #000000;\"><span style=\"font-family: Arial, sans-serif;\"><span style=\"font-size: small;\"><br \/>\n&#8211; Le sumud, une affirmation politique sur laquelle l\u2019occupant isra\u00e9lien va se briser \u2013 <\/span><\/span><\/span><span style=\"color: #339966;\"><a style=\"color: #339966;\" href=\"https:\/\/www.chroniquepalestine.com\/\" target=\"_blank\" rel=\"noopener\"><span style=\"font-family: Arial, sans-serif;\"><span style=\"font-size: small;\"><u>Chronique de Palestine<\/u><\/span><\/span><\/a><\/span><span style=\"color: #000000;\"><span style=\"font-family: Arial, sans-serif;\"><span style=\"font-size: small;\"><br \/>\n&#8211; Samy m\u2019a parl\u00e9 de son exp\u00e9rience de prisonnier \u2013<span style=\"color: #99cc00;\"> <a style=\"color: #99cc00;\" href=\"https:\/\/ismfrance.org\"><span style=\"color: #339966;\">ISM-France<\/span><\/a><\/span><\/span><\/span><\/span><\/p>\n<p><span style=\"color: #000000;\"><span style=\"font-family: Arial, sans-serif;\"><span style=\"font-size: medium;\"><b>Pour commander le livre,<\/b><\/span><\/span><\/span><\/p>\n<p><span style=\"color: #000000;\"><span style=\"font-family: Arial, sans-serif;\"><span style=\"font-size: small;\">merci de verser<\/span><\/span><\/span><strong><span style=\"color: #000000;\"><span style=\"font-family: Arial, sans-serif;\"><span style=\"font-size: small;\">\u00a0<\/span><\/span><\/span><\/strong><strong><span style=\"color: #000000;\"><span style=\"font-family: Arial, sans-serif;\"><span style=\"font-size: small;\"><b>13 euros<\/b><\/span><\/span><\/span><\/strong><span style=\"color: #000000;\"><span style=\"font-family: Arial, sans-serif;\"><span style=\"font-size: small;\">\u00a0(prix d\u2019envoi compris),\u00a0avec mention \u00ab<\/span><\/span><\/span><strong><span style=\"color: #000000;\"><span style=\"font-family: Arial, sans-serif;\"><span style=\"font-size: small;\">\u00a0<\/span><\/span><\/span><\/strong><strong><span style=\"color: #000000;\"><span style=\"font-family: Arial, sans-serif;\"><span style=\"font-size: small;\"><b>sumud \u00bb ET votre adresse postale,<\/b><\/span><\/span><\/span><\/strong><span style=\"color: #000000;\"><span style=\"font-family: Arial, sans-serif;\"><span style=\"font-size: small;\">\u00a0sur le compte d\u2019<\/span><\/span><\/span><strong><span style=\"color: #000000;\"><span style=\"font-family: Arial, sans-serif;\"><span style=\"font-size: small;\"><b>Antidote<\/b><\/span><\/span><\/span><\/strong><span style=\"color: #000000;\"><span style=\"font-family: Arial, sans-serif;\"><span style=\"font-size: small;\">,<\/span><\/span><\/span><\/p>\n<p><span style=\"color: #000000;\"><span style=\"font-family: Arial, sans-serif;\"><span style=\"font-size: small;\">IBAN : BE20 0004 2359 4956\u00a0 \u00a0<\/span><\/span><\/span><\/p>\n<p><span style=\"color: #000000;\"><span style=\"font-family: Arial, sans-serif;\"><span style=\"font-size: small;\">BIC: BPOTBEB1XXX<\/span><\/span><\/span><\/p>\n<p><span style=\"color: #000000;\"><span style=\"font-family: Arial, sans-serif;\"><span style=\"font-size: small;\"><i>Source\u00a0: <span style=\"color: #339966;\"><a style=\"color: #339966;\" href=\"https:\/\/charleroi-pourlapalestine.be\/index.php\/2021\/12\/28\/sumud-un-livre-sur-la-resistance-des-prisonniers-palestinienssumud\/\">Charleroi pour la Palestine<\/a><\/span><\/i><\/span><\/span><\/span><\/p>\n","protected":false},"excerpt":{"rendered":"<p>Charleroi pour la Palestine, 28 d\u00e9cembre 2021. Des prisonniers palestiniens morts de leur gr\u00e8ve de la faim et des \u00e9vad\u00e9s \u00e0 l\u2019aide de cuillers d\u2019une prison de haute s\u00e9curit\u00e9 isra\u00e9lienne <a class=\"more-link\" href=\"https:\/\/ismfrance.org\/index.php\/2022\/01\/05\/sumud-un-livre-sur-la-resistance-des-prisonniers-palestiniens\/\">Lire la suite &rarr;<\/a><\/p>\n","protected":false},"author":3,"featured_media":1541,"comment_status":"closed","ping_status":"closed","sticky":false,"template":"","format":"standard","meta":{"footnotes":""},"categories":[12,2],"tags":[44,21],"class_list":["post-1540","post","type-post","status-publish","format-standard","has-post-thumbnail","hentry","category-analyses","category-articles","tag-materiel-militant","tag-prisonniers"],"yoast_head":"<!-- This site is optimized with the Yoast SEO plugin v27.2 - https:\/\/yoast.com\/product\/yoast-seo-wordpress\/ -->\n<title>SUMUD : un livre sur la r\u00e9sistance des prisonniers palestiniens - International Solidarity Movement - ISM-France<\/title>\n<meta name=\"robots\" content=\"index, follow, max-snippet:-1, max-image-preview:large, max-video-preview:-1\" \/>\n<link rel=\"canonical\" href=\"https:\/\/ismfrance.org\/index.php\/2022\/01\/05\/sumud-un-livre-sur-la-resistance-des-prisonniers-palestiniens\/\" \/>\n<meta property=\"og:locale\" content=\"fr_FR\" \/>\n<meta property=\"og:type\" content=\"article\" \/>\n<meta property=\"og:title\" content=\"SUMUD : un livre sur la r\u00e9sistance des prisonniers palestiniens - International Solidarity Movement - ISM-France\" \/>\n<meta property=\"og:description\" content=\"Charleroi pour la Palestine, 28 d\u00e9cembre 2021. Des prisonniers palestiniens morts de leur gr\u00e8ve de la faim et des \u00e9vad\u00e9s \u00e0 l\u2019aide de cuillers d\u2019une prison de haute s\u00e9curit\u00e9 isra\u00e9lienne Lire la suite &rarr;\" \/>\n<meta property=\"og:url\" content=\"https:\/\/ismfrance.org\/index.php\/2022\/01\/05\/sumud-un-livre-sur-la-resistance-des-prisonniers-palestiniens\/\" \/>\n<meta property=\"og:site_name\" content=\"International Solidarity Movement - ISM-France\" \/>\n<meta property=\"article:published_time\" content=\"2022-01-05T15:15:30+00:00\" \/>\n<meta property=\"article:modified_time\" content=\"2022-05-01T12:12:27+00:00\" \/>\n<meta property=\"og:image\" content=\"https:\/\/ismfrance.org\/wp-content\/uploads\/2022\/01\/Sumud.jpg\" \/>\n\t<meta property=\"og:image:width\" content=\"550\" \/>\n\t<meta property=\"og:image:height\" content=\"387\" \/>\n\t<meta property=\"og:image:type\" content=\"image\/jpeg\" \/>\n<meta name=\"author\" content=\"mru_01\" \/>\n<meta name=\"twitter:card\" content=\"summary_large_image\" \/>\n<meta name=\"twitter:creator\" content=\"@ISMFRANCE\" \/>\n<meta name=\"twitter:site\" content=\"@ISMFRANCE\" \/>\n<meta name=\"twitter:label1\" content=\"\u00c9crit par\" \/>\n\t<meta name=\"twitter:data1\" content=\"mru_01\" \/>\n\t<meta name=\"twitter:label2\" content=\"Dur\u00e9e de lecture estim\u00e9e\" \/>\n\t<meta name=\"twitter:data2\" content=\"3 minutes\" \/>\n<script type=\"application\/ld+json\" class=\"yoast-schema-graph\">{\"@context\":\"https:\/\/schema.org\",\"@graph\":[{\"@type\":\"Article\",\"@id\":\"https:\/\/ismfrance.org\/index.php\/2022\/01\/05\/sumud-un-livre-sur-la-resistance-des-prisonniers-palestiniens\/#article\",\"isPartOf\":{\"@id\":\"https:\/\/ismfrance.org\/index.php\/2022\/01\/05\/sumud-un-livre-sur-la-resistance-des-prisonniers-palestiniens\/\"},\"author\":{\"name\":\"mru_01\",\"@id\":\"https:\/\/ismfrance.org\/#\/schema\/person\/3c411eb72adfaae19c0dca1f41fae01d\"},\"headline\":\"SUMUD : un livre sur la r\u00e9sistance des prisonniers palestiniens\",\"datePublished\":\"2022-01-05T15:15:30+00:00\",\"dateModified\":\"2022-05-01T12:12:27+00:00\",\"mainEntityOfPage\":{\"@id\":\"https:\/\/ismfrance.org\/index.php\/2022\/01\/05\/sumud-un-livre-sur-la-resistance-des-prisonniers-palestiniens\/\"},\"wordCount\":626,\"publisher\":{\"@id\":\"https:\/\/ismfrance.org\/#organization\"},\"image\":{\"@id\":\"https:\/\/ismfrance.org\/index.php\/2022\/01\/05\/sumud-un-livre-sur-la-resistance-des-prisonniers-palestiniens\/#primaryimage\"},\"thumbnailUrl\":\"https:\/\/ismfrance.org\/wp-content\/uploads\/2022\/01\/Sumud.jpg\",\"keywords\":[\"mat\u00e9riel militant\",\"Prisonniers\"],\"articleSection\":[\"Analyses\",\"Articles\"],\"inLanguage\":\"fr-FR\"},{\"@type\":\"WebPage\",\"@id\":\"https:\/\/ismfrance.org\/index.php\/2022\/01\/05\/sumud-un-livre-sur-la-resistance-des-prisonniers-palestiniens\/\",\"url\":\"https:\/\/ismfrance.org\/index.php\/2022\/01\/05\/sumud-un-livre-sur-la-resistance-des-prisonniers-palestiniens\/\",\"name\":\"SUMUD : un livre sur la r\u00e9sistance des prisonniers palestiniens - International Solidarity Movement - ISM-France\",\"isPartOf\":{\"@id\":\"https:\/\/ismfrance.org\/#website\"},\"primaryImageOfPage\":{\"@id\":\"https:\/\/ismfrance.org\/index.php\/2022\/01\/05\/sumud-un-livre-sur-la-resistance-des-prisonniers-palestiniens\/#primaryimage\"},\"image\":{\"@id\":\"https:\/\/ismfrance.org\/index.php\/2022\/01\/05\/sumud-un-livre-sur-la-resistance-des-prisonniers-palestiniens\/#primaryimage\"},\"thumbnailUrl\":\"https:\/\/ismfrance.org\/wp-content\/uploads\/2022\/01\/Sumud.jpg\",\"datePublished\":\"2022-01-05T15:15:30+00:00\",\"dateModified\":\"2022-05-01T12:12:27+00:00\",\"breadcrumb\":{\"@id\":\"https:\/\/ismfrance.org\/index.php\/2022\/01\/05\/sumud-un-livre-sur-la-resistance-des-prisonniers-palestiniens\/#breadcrumb\"},\"inLanguage\":\"fr-FR\",\"potentialAction\":[{\"@type\":\"ReadAction\",\"target\":[\"https:\/\/ismfrance.org\/index.php\/2022\/01\/05\/sumud-un-livre-sur-la-resistance-des-prisonniers-palestiniens\/\"]}]},{\"@type\":\"ImageObject\",\"inLanguage\":\"fr-FR\",\"@id\":\"https:\/\/ismfrance.org\/index.php\/2022\/01\/05\/sumud-un-livre-sur-la-resistance-des-prisonniers-palestiniens\/#primaryimage\",\"url\":\"https:\/\/ismfrance.org\/wp-content\/uploads\/2022\/01\/Sumud.jpg\",\"contentUrl\":\"https:\/\/ismfrance.org\/wp-content\/uploads\/2022\/01\/Sumud.jpg\",\"width\":550,\"height\":387},{\"@type\":\"BreadcrumbList\",\"@id\":\"https:\/\/ismfrance.org\/index.php\/2022\/01\/05\/sumud-un-livre-sur-la-resistance-des-prisonniers-palestiniens\/#breadcrumb\",\"itemListElement\":[{\"@type\":\"ListItem\",\"position\":1,\"name\":\"Accueil\",\"item\":\"https:\/\/ismfrance.org\/\"},{\"@type\":\"ListItem\",\"position\":2,\"name\":\"SUMUD : un livre sur la r\u00e9sistance des prisonniers palestiniens\"}]},{\"@type\":\"WebSite\",\"@id\":\"https:\/\/ismfrance.org\/#website\",\"url\":\"https:\/\/ismfrance.org\/\",\"name\":\"ISM Palestine France\",\"description\":\"Soutien aux luttes de lib\u00e9ration du peuple palestinien\",\"publisher\":{\"@id\":\"https:\/\/ismfrance.org\/#organization\"},\"potentialAction\":[{\"@type\":\"SearchAction\",\"target\":{\"@type\":\"EntryPoint\",\"urlTemplate\":\"https:\/\/ismfrance.org\/?s={search_term_string}\"},\"query-input\":{\"@type\":\"PropertyValueSpecification\",\"valueRequired\":true,\"valueName\":\"search_term_string\"}}],\"inLanguage\":\"fr-FR\"},{\"@type\":\"Organization\",\"@id\":\"https:\/\/ismfrance.org\/#organization\",\"name\":\"International Solidarity Movement\",\"url\":\"https:\/\/ismfrance.org\/\",\"logo\":{\"@type\":\"ImageObject\",\"inLanguage\":\"fr-FR\",\"@id\":\"https:\/\/ismfrance.org\/#\/schema\/logo\/image\/\",\"url\":\"https:\/\/ismfrance.org\/wp-content\/uploads\/2020\/12\/00.png\",\"contentUrl\":\"https:\/\/ismfrance.org\/wp-content\/uploads\/2020\/12\/00.png\",\"width\":400,\"height\":400,\"caption\":\"International Solidarity Movement\"},\"image\":{\"@id\":\"https:\/\/ismfrance.org\/#\/schema\/logo\/image\/\"},\"sameAs\":[\"https:\/\/x.com\/ISMFRANCE\"]},{\"@type\":\"Person\",\"@id\":\"https:\/\/ismfrance.org\/#\/schema\/person\/3c411eb72adfaae19c0dca1f41fae01d\",\"name\":\"mru_01\",\"image\":{\"@type\":\"ImageObject\",\"inLanguage\":\"fr-FR\",\"@id\":\"https:\/\/secure.gravatar.com\/avatar\/3a0be343b445d2ccc79e87444a294fad2b232e90d2051d0e3cc219e1ecd6a330?s=96&d=mm&r=g\",\"url\":\"https:\/\/secure.gravatar.com\/avatar\/3a0be343b445d2ccc79e87444a294fad2b232e90d2051d0e3cc219e1ecd6a330?s=96&d=mm&r=g\",\"contentUrl\":\"https:\/\/secure.gravatar.com\/avatar\/3a0be343b445d2ccc79e87444a294fad2b232e90d2051d0e3cc219e1ecd6a330?s=96&d=mm&r=g\",\"caption\":\"mru_01\"},\"url\":\"https:\/\/ismfrance.org\/index.php\/author\/admin02\/\"}]}<\/script>\n<!-- \/ Yoast SEO plugin. -->","yoast_head_json":{"title":"SUMUD : un livre sur la r\u00e9sistance des prisonniers palestiniens - International Solidarity Movement - ISM-France","robots":{"index":"index","follow":"follow","max-snippet":"max-snippet:-1","max-image-preview":"max-image-preview:large","max-video-preview":"max-video-preview:-1"},"canonical":"https:\/\/ismfrance.org\/index.php\/2022\/01\/05\/sumud-un-livre-sur-la-resistance-des-prisonniers-palestiniens\/","og_locale":"fr_FR","og_type":"article","og_title":"SUMUD : un livre sur la r\u00e9sistance des prisonniers palestiniens - International Solidarity Movement - ISM-France","og_description":"Charleroi pour la Palestine, 28 d\u00e9cembre 2021. Des prisonniers palestiniens morts de leur gr\u00e8ve de la faim et des \u00e9vad\u00e9s \u00e0 l\u2019aide de cuillers d\u2019une prison de haute s\u00e9curit\u00e9 isra\u00e9lienne Lire la suite &rarr;","og_url":"https:\/\/ismfrance.org\/index.php\/2022\/01\/05\/sumud-un-livre-sur-la-resistance-des-prisonniers-palestiniens\/","og_site_name":"International Solidarity Movement - ISM-France","article_published_time":"2022-01-05T15:15:30+00:00","article_modified_time":"2022-05-01T12:12:27+00:00","og_image":[{"width":550,"height":387,"url":"https:\/\/ismfrance.org\/wp-content\/uploads\/2022\/01\/Sumud.jpg","type":"image\/jpeg"}],"author":"mru_01","twitter_card":"summary_large_image","twitter_creator":"@ISMFRANCE","twitter_site":"@ISMFRANCE","twitter_misc":{"\u00c9crit par":"mru_01","Dur\u00e9e de lecture estim\u00e9e":"3 minutes"},"schema":{"@context":"https:\/\/schema.org","@graph":[{"@type":"Article","@id":"https:\/\/ismfrance.org\/index.php\/2022\/01\/05\/sumud-un-livre-sur-la-resistance-des-prisonniers-palestiniens\/#article","isPartOf":{"@id":"https:\/\/ismfrance.org\/index.php\/2022\/01\/05\/sumud-un-livre-sur-la-resistance-des-prisonniers-palestiniens\/"},"author":{"name":"mru_01","@id":"https:\/\/ismfrance.org\/#\/schema\/person\/3c411eb72adfaae19c0dca1f41fae01d"},"headline":"SUMUD : un livre sur la r\u00e9sistance des prisonniers palestiniens","datePublished":"2022-01-05T15:15:30+00:00","dateModified":"2022-05-01T12:12:27+00:00","mainEntityOfPage":{"@id":"https:\/\/ismfrance.org\/index.php\/2022\/01\/05\/sumud-un-livre-sur-la-resistance-des-prisonniers-palestiniens\/"},"wordCount":626,"publisher":{"@id":"https:\/\/ismfrance.org\/#organization"},"image":{"@id":"https:\/\/ismfrance.org\/index.php\/2022\/01\/05\/sumud-un-livre-sur-la-resistance-des-prisonniers-palestiniens\/#primaryimage"},"thumbnailUrl":"https:\/\/ismfrance.org\/wp-content\/uploads\/2022\/01\/Sumud.jpg","keywords":["mat\u00e9riel militant","Prisonniers"],"articleSection":["Analyses","Articles"],"inLanguage":"fr-FR"},{"@type":"WebPage","@id":"https:\/\/ismfrance.org\/index.php\/2022\/01\/05\/sumud-un-livre-sur-la-resistance-des-prisonniers-palestiniens\/","url":"https:\/\/ismfrance.org\/index.php\/2022\/01\/05\/sumud-un-livre-sur-la-resistance-des-prisonniers-palestiniens\/","name":"SUMUD : un livre sur la r\u00e9sistance des prisonniers palestiniens - International Solidarity Movement - ISM-France","isPartOf":{"@id":"https:\/\/ismfrance.org\/#website"},"primaryImageOfPage":{"@id":"https:\/\/ismfrance.org\/index.php\/2022\/01\/05\/sumud-un-livre-sur-la-resistance-des-prisonniers-palestiniens\/#primaryimage"},"image":{"@id":"https:\/\/ismfrance.org\/index.php\/2022\/01\/05\/sumud-un-livre-sur-la-resistance-des-prisonniers-palestiniens\/#primaryimage"},"thumbnailUrl":"https:\/\/ismfrance.org\/wp-content\/uploads\/2022\/01\/Sumud.jpg","datePublished":"2022-01-05T15:15:30+00:00","dateModified":"2022-05-01T12:12:27+00:00","breadcrumb":{"@id":"https:\/\/ismfrance.org\/index.php\/2022\/01\/05\/sumud-un-livre-sur-la-resistance-des-prisonniers-palestiniens\/#breadcrumb"},"inLanguage":"fr-FR","potentialAction":[{"@type":"ReadAction","target":["https:\/\/ismfrance.org\/index.php\/2022\/01\/05\/sumud-un-livre-sur-la-resistance-des-prisonniers-palestiniens\/"]}]},{"@type":"ImageObject","inLanguage":"fr-FR","@id":"https:\/\/ismfrance.org\/index.php\/2022\/01\/05\/sumud-un-livre-sur-la-resistance-des-prisonniers-palestiniens\/#primaryimage","url":"https:\/\/ismfrance.org\/wp-content\/uploads\/2022\/01\/Sumud.jpg","contentUrl":"https:\/\/ismfrance.org\/wp-content\/uploads\/2022\/01\/Sumud.jpg","width":550,"height":387},{"@type":"BreadcrumbList","@id":"https:\/\/ismfrance.org\/index.php\/2022\/01\/05\/sumud-un-livre-sur-la-resistance-des-prisonniers-palestiniens\/#breadcrumb","itemListElement":[{"@type":"ListItem","position":1,"name":"Accueil","item":"https:\/\/ismfrance.org\/"},{"@type":"ListItem","position":2,"name":"SUMUD : un livre sur la r\u00e9sistance des prisonniers palestiniens"}]},{"@type":"WebSite","@id":"https:\/\/ismfrance.org\/#website","url":"https:\/\/ismfrance.org\/","name":"ISM Palestine France","description":"Soutien aux luttes de lib\u00e9ration du peuple palestinien","publisher":{"@id":"https:\/\/ismfrance.org\/#organization"},"potentialAction":[{"@type":"SearchAction","target":{"@type":"EntryPoint","urlTemplate":"https:\/\/ismfrance.org\/?s={search_term_string}"},"query-input":{"@type":"PropertyValueSpecification","valueRequired":true,"valueName":"search_term_string"}}],"inLanguage":"fr-FR"},{"@type":"Organization","@id":"https:\/\/ismfrance.org\/#organization","name":"International Solidarity Movement","url":"https:\/\/ismfrance.org\/","logo":{"@type":"ImageObject","inLanguage":"fr-FR","@id":"https:\/\/ismfrance.org\/#\/schema\/logo\/image\/","url":"https:\/\/ismfrance.org\/wp-content\/uploads\/2020\/12\/00.png","contentUrl":"https:\/\/ismfrance.org\/wp-content\/uploads\/2020\/12\/00.png","width":400,"height":400,"caption":"International Solidarity Movement"},"image":{"@id":"https:\/\/ismfrance.org\/#\/schema\/logo\/image\/"},"sameAs":["https:\/\/x.com\/ISMFRANCE"]},{"@type":"Person","@id":"https:\/\/ismfrance.org\/#\/schema\/person\/3c411eb72adfaae19c0dca1f41fae01d","name":"mru_01","image":{"@type":"ImageObject","inLanguage":"fr-FR","@id":"https:\/\/secure.gravatar.com\/avatar\/3a0be343b445d2ccc79e87444a294fad2b232e90d2051d0e3cc219e1ecd6a330?s=96&d=mm&r=g","url":"https:\/\/secure.gravatar.com\/avatar\/3a0be343b445d2ccc79e87444a294fad2b232e90d2051d0e3cc219e1ecd6a330?s=96&d=mm&r=g","contentUrl":"https:\/\/secure.gravatar.com\/avatar\/3a0be343b445d2ccc79e87444a294fad2b232e90d2051d0e3cc219e1ecd6a330?s=96&d=mm&r=g","caption":"mru_01"},"url":"https:\/\/ismfrance.org\/index.php\/author\/admin02\/"}]}},"_links":{"self":[{"href":"https:\/\/ismfrance.org\/index.php\/wp-json\/wp\/v2\/posts\/1540","targetHints":{"allow":["GET"]}}],"collection":[{"href":"https:\/\/ismfrance.org\/index.php\/wp-json\/wp\/v2\/posts"}],"about":[{"href":"https:\/\/ismfrance.org\/index.php\/wp-json\/wp\/v2\/types\/post"}],"author":[{"embeddable":true,"href":"https:\/\/ismfrance.org\/index.php\/wp-json\/wp\/v2\/users\/3"}],"replies":[{"embeddable":true,"href":"https:\/\/ismfrance.org\/index.php\/wp-json\/wp\/v2\/comments?post=1540"}],"version-history":[{"count":0,"href":"https:\/\/ismfrance.org\/index.php\/wp-json\/wp\/v2\/posts\/1540\/revisions"}],"wp:featuredmedia":[{"embeddable":true,"href":"https:\/\/ismfrance.org\/index.php\/wp-json\/wp\/v2\/media\/1541"}],"wp:attachment":[{"href":"https:\/\/ismfrance.org\/index.php\/wp-json\/wp\/v2\/media?parent=1540"}],"wp:term":[{"taxonomy":"category","embeddable":true,"href":"https:\/\/ismfrance.org\/index.php\/wp-json\/wp\/v2\/categories?post=1540"},{"taxonomy":"post_tag","embeddable":true,"href":"https:\/\/ismfrance.org\/index.php\/wp-json\/wp\/v2\/tags?post=1540"}],"curies":[{"name":"wp","href":"https:\/\/api.w.org\/{rel}","templated":true}]}}