{"id":15343,"date":"2024-11-04T09:07:59","date_gmt":"2024-11-04T08:07:59","guid":{"rendered":"https:\/\/ismfrance.org\/?p=15343"},"modified":"2024-11-04T09:32:30","modified_gmt":"2024-11-04T08:32:30","slug":"de-gaza-au-liban-notre-jour-present-et-leur-jour-dapres","status":"publish","type":"post","link":"https:\/\/ismfrance.org\/index.php\/2024\/11\/04\/de-gaza-au-liban-notre-jour-present-et-leur-jour-dapres\/","title":{"rendered":"De Gaza au Liban, notre \u2018jour pr\u00e9sent\u2019 et leur \u2018jour\u00a0d\u2019apr\u00e8s\u2019"},"content":{"rendered":"<p><strong><span style=\"color: #000000;\"><span style=\"font-family: Arial, sans-serif;\"><span style=\"font-size: medium;\">Ibrahim al-Amin, 18 octobre 2024. <\/span><\/span><\/span><\/strong><span style=\"color: #000000;\"><span style=\"font-family: Arial, sans-serif;\"><span style=\"font-size: medium;\">Dans le monde de la politique, la terminologie fait partie int\u00e9grante des r\u00e9cits v\u00e9hicul\u00e9s par ceux qui participent \u00e0 une grande bataille. Inutile de remonter tr\u00e8s loin dans l\u2019histoire : souvenons-nous simplement qu\u2019apr\u00e8s les premi\u00e8res semaines de la guerre d\u2019an\u00e9antissement men\u00e9e par l&rsquo;ennemi \u00e0 Gaza, certains ont commenc\u00e9 \u00e0 nous inviter \u00e0 r\u00e9fl\u00e9chir au \u00ab jour d&rsquo;apr\u00e8s \u00bb. En l&rsquo;examinant de plus pr\u00e8s, ce terme appara\u00eet imm\u00e9diatement comme une ruse des parrains et alli\u00e9s de l&rsquo;ennemi pour se soustraire \u00e0 leur responsabilit\u00e9 d\u2019arr\u00eater le g\u00e9nocide, tout en constituant un signe d\u2019espoir pour les agents des ennemis am\u00e9ricains et isra\u00e9liens qui attendent de r\u00e9colter les fruits de cette guerre.<\/span><\/span><\/span><\/p>\n<div id=\"attachment_15345\" style=\"width: 610px\" class=\"wp-caption alignnone\"><a href=\"https:\/\/ismfrance.org\/wp-content\/uploads\/2024\/11\/crown.jpeg\"><img loading=\"lazy\" decoding=\"async\" aria-describedby=\"caption-attachment-15345\" class=\"wp-image-15345 size-large\" src=\"https:\/\/ismfrance.org\/wp-content\/uploads\/2024\/11\/crown-700x564.jpeg\" alt=\"\" width=\"600\" height=\"483\" srcset=\"https:\/\/ismfrance.org\/wp-content\/uploads\/2024\/11\/crown-700x564.jpeg 700w, https:\/\/ismfrance.org\/wp-content\/uploads\/2024\/11\/crown-300x242.jpeg 300w, https:\/\/ismfrance.org\/wp-content\/uploads\/2024\/11\/crown-768x619.jpeg 768w, https:\/\/ismfrance.org\/wp-content\/uploads\/2024\/11\/crown.jpeg 968w\" sizes=\"auto, (max-width: 600px) 100vw, 600px\" \/><\/a><p id=\"caption-attachment-15345\" class=\"wp-caption-text\">\u00ab\u00a0Vous \u00eates la couronne sur notre t\u00eate\u00a0\u00bb. Le Liban et la Palestine ne font qu&rsquo;un dans la r\u00e9sistance \u00e0 l&rsquo;entit\u00e9 sioniste g\u00e9nocidaire.<\/p><\/div>\n<p><span style=\"color: #000000;\"><span style=\"font-family: Arial, sans-serif;\"><span style=\"font-size: medium;\">L\u2019id\u00e9e du \u00ab jour d&rsquo;apr\u00e8s \u00bb repose sur un bouleversement total de la situation, partant du principe que tout ce qui existait avant la guerre ne doit plus exister apr\u00e8s. Cela signifie, en r\u00e9alit\u00e9, une capitulation totale face \u00e0 l&rsquo;ennemi.<\/span><\/span><\/span><\/p>\n<p><span style=\"color: #000000;\"><span style=\"font-family: Arial, sans-serif;\"><span style=\"font-size: medium;\">\u00c0 Gaza, par exemple, ceux qui ont rapidement lanc\u00e9 l\u2019initiative du \u00ab jour d&rsquo;apr\u00e8s \u00bb agissent comme si la R\u00e9sistance avait \u00e9chou\u00e9 et que son \u00e9poque \u00e9tait r\u00e9volue. Lorsqu&rsquo;ils \u00e9voquent le \u00ab jour d&rsquo;apr\u00e8s \u00bb, ils cherchent \u00e0 d\u00e9tourner l&rsquo;attention du peuple de notre \u00ab jour pr\u00e9sent \u00bb. S\u2019\u00e9tant d\u00e9j\u00e0 exempt\u00e9s de la mission de r\u00e9sister \u00e0 l\u2019ennemi, ils promeuvent l\u2019id\u00e9e que les gens n\u2019ont aucun r\u00f4le \u00e0 jouer dans leur propre \u00ab pr\u00e9sent \u00bb.<\/span><\/span><\/span><\/p>\n<p><span style=\"color: #000000;\"><span style=\"font-family: Arial, sans-serif;\"><span style=\"font-size: medium;\">Face \u00e0 cela, il est imp\u00e9ratif de clore d\u00e9finitivement ce d\u00e9bat et d\u2019agir selon une r\u00e8gle claire : nous sommes au c\u0153ur de la bataille de \u00ab l\u2019aujourd\u2019hui \u00bb, et toute discussion sur \u00ab demain \u00bb ne nous concerne absolument pas. Ce terme appartient aux ennemis et \u00e0 ceux qui cherchent \u00e0 d\u00e9placer le pays d\u2019un bord \u00e0 l\u2019autre, en se d\u00e9robant \u00e0 leur r\u00f4le dans le \u00ab pr\u00e9sent \u00bb, ce qui n\u2019est pas notre vocation.<\/span><\/span><\/span><\/p>\n<p><span style=\"color: #000000;\"><span style=\"font-family: Arial, sans-serif;\"><span style=\"font-size: medium;\">\u00ab Aujourd\u2019hui \u00bb est un jour sans fin, une suite de longues journ\u00e9es, dont le seul mot d\u2019ordre est : \u00ab R\u00e9sistance et pers\u00e9v\u00e9rance \u00bb. Quiconque se sent concern\u00e9 par cette lutte contre ce vaste ensemble d&rsquo;ennemis ne doit pas se laisser happer par leurs d\u00e9bats ni par leurs projections pr\u00e9sent\u00e9es comme des v\u00e9rit\u00e9s. Il doit, au contraire, rester concentr\u00e9 sur les exigences de notre \u00ab pr\u00e9sent \u00bb, celles qui dictent notre participation et notre contribution \u00e0 cette r\u00e9sistance sacr\u00e9e. Quant \u00e0 ceux qui fuient ce devoir, ils appartiennent \u00e0 leur \u00ab jour d&rsquo;apr\u00e8s \u00bb qui n&rsquo;existe que dans leur imagination, d\u2019autant plus qu&rsquo;ils savent eux-m\u00eames que seul notre pr\u00e9sent fa\u00e7onne l&rsquo;avenir que nous vivons et que nous b\u00e2tissons.<\/span><\/span><\/span><\/p>\n<p><span style=\"color: #000000;\"><span style=\"font-family: Arial, sans-serif;\"><span style=\"font-size: medium;\">Comme \u00e0 Gaza, il en va de m\u00eame au Liban : \u00e0 peine quelques jours apr\u00e8s le d\u00e9but de l\u2019offensive brutale de l&rsquo;ennemi contre le Liban, les partisans du projet hostile nous interrogeaient d\u00e9j\u00e0 sur le \u00ab jour d&rsquo;apr\u00e8s \u00bb. Ils agissent, avec rage et malveillance, comme si l&rsquo;ennemi avait remport\u00e9 la guerre, consid\u00e9rant que toute r\u00e9sistance actuelle est futile. Si nous nous penchons sur ce qu&rsquo;ils attendent du \u00ab jour d&rsquo;apr\u00e8s \u00bb, nous constatons qu&rsquo;ils reviennent aux m\u00eames ambitions et r\u00eaves que nous avons combattus depuis la cr\u00e9ation de cet entit\u00e9 monstrueuse. Ce sont des objectifs que les ennemis am\u00e9ricains et isra\u00e9liens n\u2019ont pas r\u00e9ussi \u00e0 atteindre pendant des d\u00e9cennies, malgr\u00e9 toutes les guerres qu\u2019ils ont men\u00e9es \u00e0 cette fin.<\/span><\/span><\/span><\/p>\n<p><span style=\"color: #000000;\"><span style=\"font-family: Arial, sans-serif;\"><span style=\"font-size: medium;\">Mais, fid\u00e8les \u00e0 eux-m\u00eames, ils persistent, voyant dans la poursuite de la r\u00e9sistance une forme de \u00ab d\u00e9ni \u00bb ou de \u00ab fanfaronnade \u00bb. Ils le font avec une grande arrogance, car leur projet repose sur l&rsquo;id\u00e9e que la r\u00e9sistance est vaine, qu&rsquo;elle co\u00fbte trop cher et n&rsquo;apporte que destruction et ruine. Ils cherchent \u00e0 convaincre les gens que la bataille est perdue et appellent \u00e0 une reddition totale. Certains ont d\u00e9j\u00e0 pr\u00f4n\u00e9 la reddition en la qualifiant d&rsquo; \u00ab acte salvateur \u00bb, qui constitue en r\u00e9alit\u00e9 l\u2019essence de ce que les ennemis souhaitent.<\/span><\/span><\/span><\/p>\n<p><span style=\"color: #000000;\"><span style=\"font-family: Arial, sans-serif;\"><span style=\"font-size: medium;\">Aujourd&rsquo;hui, notre pays est en \u00e9tat de r\u00e9sistance, et ceux qui ont renonc\u00e9 essaient de nous convaincre que la soumission est la voie du salut, agissant comme ils l&rsquo;ont fait par le pass\u00e9, en pr\u00e9tendant que la bataille s&rsquo;est termin\u00e9e par la victoire de l&rsquo;ennemi.<\/span><\/span><\/span><\/p>\n<p><span style=\"color: #000000;\"><span style=\"font-family: Arial, sans-serif;\"><span style=\"font-size: medium;\">Mais ces gens-l\u00e0 ont-ils demand\u00e9 \u00e0 l\u2019ennemi lui-m\u00eame sa vision du \u00ab jour d&rsquo;apr\u00e8s \u00bb ? Quelqu\u2019un peut-il trouver chez l\u2019ennemi une id\u00e9e concr\u00e8te de ce que serait ce \u00ab jour d&rsquo;apr\u00e8s \u00bb ? Y a-t-il un v\u00e9ritable d\u00e9bat parmi les ennemis am\u00e9ricains et isra\u00e9liens sur leur propre avenir apr\u00e8s cette guerre ? Certainement pas. Pourquoi ? Parce qu&rsquo;ils ne se sentent pas concern\u00e9s par le \u00ab jour d&rsquo;apr\u00e8s \u00bb, ayant con\u00e7u ce concept pour les autres, pas pour eux-m\u00eames, et agissent en pr\u00e9sumant qu&rsquo;ils sortiront de la guerre victorieux.<\/span><\/span><\/span><\/p>\n<p><span style=\"color: #000000;\"><span style=\"font-family: Arial, sans-serif;\"><span style=\"font-size: medium;\">Ce que font les ennemis aujourd&rsquo;hui, dans notre pr\u00e9sent, c&rsquo;est mener la bataille la plus f\u00e9roce contre le plus puissant mouvement de r\u00e9sistance aux occupations am\u00e9ricaine et isra\u00e9lienne dans notre r\u00e9gion et notre pays. Leur strat\u00e9gie repose exclusivement sur la violence, l&rsquo;extermination de l&rsquo;autre : que ce soit par annihilation directe, comme c&rsquo;est le cas actuellement \u00e0 Gaza et au Liban, ou en tuant l&rsquo;esprit des gens, les r\u00e9duisant \u00e0 de simples machines et num\u00e9ros dans un monde domin\u00e9 par ce monstre capitaliste, aujourd\u2019hui plus impitoyable et vil que jamais, comme en t\u00e9moignent les errances du progr\u00e8s dans les forteresses de l&rsquo;Occident.<\/span><\/span><\/span><\/p>\n<p><span style=\"color: #000000;\"><span style=\"font-family: Arial, sans-serif;\"><span style=\"font-size: medium;\">Quant \u00e0 nous, nous ne sommes pas en dehors de l\u2019histoire, et notre \u00ab jour pr\u00e9sent \u00bb est l\u2019h\u00e9ritage pour lequel tous ceux qui sont tomb\u00e9s ont lutt\u00e9 et se sont sacrifi\u00e9s. C\u2019est la voie vers l\u2019avenir que nous d\u00e9sirons pour nous-m\u00eames. Cela nous pousse \u00e0 faire des choix difficiles, impliquant fatigue et sacrifices, mais aussi une libert\u00e9 bien plus pr\u00e9cieuse que l\u2019asservissement.<\/span><\/span><\/span><\/p>\n<p><span style=\"color: #000000;\"><span style=\"font-family: Arial, sans-serif;\"><span style=\"font-size: medium;\">Notre pr\u00e9sent est un jour qui nous confronte \u00e0 de grands d\u00e9fis. Il impose aussi notre ordre du jour, qui se concentre sur la pr\u00e9servation de la R\u00e9sistance, la garantie de sa continuit\u00e9, et la protection de ses membres, de son corps et de ses moyens de production. Tout ce que nous accomplissons aujourd&rsquo;hui pr\u00e9pare l&rsquo;\u00e9limination de leur \u00ab jour d&rsquo;apr\u00e8s \u00bb. Ceux qui croient que cette guerre permettra aux ennemis de persister longtemps ne comprennent pas la port\u00e9e des sacrifices faits aujourd&rsquo;hui. Ce que font les r\u00e9sistants, ici et maintenant, est le v\u00e9ritable acte du \u00ab pr\u00e9sent \u00bb. C\u2019est aujourd\u2019hui que se forgent nos lendemains, \u00e0 l\u2019image de ceux qui se sont sacrifi\u00e9s avant nous !<\/span><\/span><\/span><\/p>\n<p><em><span style=\"color: #000000;\"><span style=\"font-family: Arial, sans-serif;\"><span style=\"font-size: medium;\">Article original publi\u00e9 en arabe sur<a href=\"https:\/\/www.al-akhbar.com\/Home_Page\/385567\/\u064a\u0648\u0645\u0646\u0627-\u0627\u0644\u062d\u0627\u0644\u064a-\u0648\u064a\u0648\u0645\u0647\u0645-\u0627\u0644\u062a\u0627\u0644\"> Al-Akhbar<\/a> le 18.10.2024 \/ Traduction :\u00a0<a href=\"https:\/\/emea01.safelinks.protection.outlook.com\/?url=https%3A%2F%2Flecridespeupleshome.wordpress.com%2F%3Faction%3Duser_content_redirect%26uuid%3Dbb4427a523bd651dac68ff3f80342b1a6a3251eb2e00860a0396e88fbfe11882%26blog_id%3D163429246%26post_id%3D21267%26user_id%3D0%26subs_id%3D5582356%26signature%3Db9215175b5c17658375b3e841ece21f9%26email_name%3Dnew-post%26user_email%3Dmireillerumeau%40hotmail.com%26encoded_url%3DaHR0cHM6Ly9sZWNyaWRlc3BldXBsZXMuc3Vic3RhY2suY29tL3AvYXR0YXF1ZS10ZXJyb3Jpc3RlLW1hamV1cmUtZGlzcmFlbA%3D&amp;data=05%7C02%7C%7C7408eae47b2a46ad16ab08dcfba11fa4%7C84df9e7fe9f640afb435aaaaaaaaaaaa%7C1%7C0%7C638661916662464544%7CUnknown%7CTWFpbGZsb3d8eyJWIjoiMC4wLjAwMDAiLCJQIjoiV2luMzIiLCJBTiI6Ik1haWwiLCJXVCI6Mn0%3D%7C0%7C%7C%7C&amp;sdata=K7xTXFUDhWm%2Bmf6f9MqXuKs4A7ffM%2BmuEam5558qqRA%3D&amp;reserved=0\"><u>lecridespeuples.substack.com<\/u><\/a><\/span><\/span><\/span><\/em><\/p>\n<hr \/>\n<p><span style=\"color: #000000;\"><span style=\"font-family: Arial, sans-serif;\"><span style=\"font-size: medium;\"><strong>Ibrahim al-Amin est r\u00e9dacteur en chef du quotidien libanais <\/strong><em>Al-Akhbar.<\/em><\/span><\/span><\/span><\/p>\n","protected":false},"excerpt":{"rendered":"<p>Ibrahim al-Amin, 18 octobre 2024. Dans le monde de la politique, la terminologie fait partie int\u00e9grante des r\u00e9cits v\u00e9hicul\u00e9s par ceux qui participent \u00e0 une grande bataille. Inutile de remonter <a class=\"more-link\" href=\"https:\/\/ismfrance.org\/index.php\/2024\/11\/04\/de-gaza-au-liban-notre-jour-present-et-leur-jour-dapres\/\">Lire la suite &rarr;<\/a><\/p>\n","protected":false},"author":3,"featured_media":15345,"comment_status":"closed","ping_status":"closed","sticky":false,"template":"","format":"standard","meta":{"footnotes":""},"categories":[12,2],"tags":[228],"class_list":["post-15343","post","type-post","status-publish","format-standard","has-post-thumbnail","hentry","category-analyses","category-articles","tag-axe-de-la-resistance"],"yoast_head":"<!-- This site is optimized with the Yoast SEO plugin v27.2 - https:\/\/yoast.com\/product\/yoast-seo-wordpress\/ -->\n<title>De Gaza au Liban, notre \u2018jour pr\u00e9sent\u2019 et leur \u2018jour\u00a0d\u2019apr\u00e8s\u2019 - International Solidarity Movement - ISM-France<\/title>\n<meta name=\"robots\" content=\"index, follow, max-snippet:-1, max-image-preview:large, max-video-preview:-1\" \/>\n<link rel=\"canonical\" href=\"https:\/\/ismfrance.org\/index.php\/2024\/11\/04\/de-gaza-au-liban-notre-jour-present-et-leur-jour-dapres\/\" \/>\n<meta property=\"og:locale\" content=\"fr_FR\" \/>\n<meta property=\"og:type\" content=\"article\" \/>\n<meta property=\"og:title\" content=\"De Gaza au Liban, notre \u2018jour pr\u00e9sent\u2019 et leur \u2018jour\u00a0d\u2019apr\u00e8s\u2019 - International Solidarity Movement - ISM-France\" \/>\n<meta property=\"og:description\" content=\"Ibrahim al-Amin, 18 octobre 2024. Dans le monde de la politique, la terminologie fait partie int\u00e9grante des r\u00e9cits v\u00e9hicul\u00e9s par ceux qui participent \u00e0 une grande bataille. Inutile de remonter Lire la suite &rarr;\" \/>\n<meta property=\"og:url\" content=\"https:\/\/ismfrance.org\/index.php\/2024\/11\/04\/de-gaza-au-liban-notre-jour-present-et-leur-jour-dapres\/\" \/>\n<meta property=\"og:site_name\" content=\"International Solidarity Movement - ISM-France\" \/>\n<meta property=\"article:published_time\" content=\"2024-11-04T08:07:59+00:00\" \/>\n<meta property=\"article:modified_time\" content=\"2024-11-04T08:32:30+00:00\" \/>\n<meta property=\"og:image\" content=\"https:\/\/ismfrance.org\/wp-content\/uploads\/2024\/11\/crown.jpeg\" \/>\n\t<meta property=\"og:image:width\" content=\"968\" \/>\n\t<meta property=\"og:image:height\" content=\"780\" \/>\n\t<meta property=\"og:image:type\" content=\"image\/jpeg\" \/>\n<meta name=\"author\" content=\"mru_01\" \/>\n<meta name=\"twitter:card\" content=\"summary_large_image\" \/>\n<meta name=\"twitter:creator\" content=\"@ISMFRANCE\" \/>\n<meta name=\"twitter:site\" content=\"@ISMFRANCE\" \/>\n<meta name=\"twitter:label1\" content=\"\u00c9crit par\" \/>\n\t<meta name=\"twitter:data1\" content=\"mru_01\" \/>\n\t<meta name=\"twitter:label2\" content=\"Dur\u00e9e de lecture estim\u00e9e\" \/>\n\t<meta name=\"twitter:data2\" content=\"6 minutes\" \/>\n<script type=\"application\/ld+json\" class=\"yoast-schema-graph\">{\"@context\":\"https:\/\/schema.org\",\"@graph\":[{\"@type\":\"Article\",\"@id\":\"https:\/\/ismfrance.org\/index.php\/2024\/11\/04\/de-gaza-au-liban-notre-jour-present-et-leur-jour-dapres\/#article\",\"isPartOf\":{\"@id\":\"https:\/\/ismfrance.org\/index.php\/2024\/11\/04\/de-gaza-au-liban-notre-jour-present-et-leur-jour-dapres\/\"},\"author\":{\"name\":\"mru_01\",\"@id\":\"https:\/\/ismfrance.org\/#\/schema\/person\/3c411eb72adfaae19c0dca1f41fae01d\"},\"headline\":\"De Gaza au Liban, notre \u2018jour pr\u00e9sent\u2019 et leur \u2018jour\u00a0d\u2019apr\u00e8s\u2019\",\"datePublished\":\"2024-11-04T08:07:59+00:00\",\"dateModified\":\"2024-11-04T08:32:30+00:00\",\"mainEntityOfPage\":{\"@id\":\"https:\/\/ismfrance.org\/index.php\/2024\/11\/04\/de-gaza-au-liban-notre-jour-present-et-leur-jour-dapres\/\"},\"wordCount\":1249,\"publisher\":{\"@id\":\"https:\/\/ismfrance.org\/#organization\"},\"image\":{\"@id\":\"https:\/\/ismfrance.org\/index.php\/2024\/11\/04\/de-gaza-au-liban-notre-jour-present-et-leur-jour-dapres\/#primaryimage\"},\"thumbnailUrl\":\"https:\/\/ismfrance.org\/wp-content\/uploads\/2024\/11\/crown.jpeg\",\"keywords\":[\"Axe de la R\u00e9sistance\"],\"articleSection\":[\"Analyses\",\"Articles\"],\"inLanguage\":\"fr-FR\"},{\"@type\":\"WebPage\",\"@id\":\"https:\/\/ismfrance.org\/index.php\/2024\/11\/04\/de-gaza-au-liban-notre-jour-present-et-leur-jour-dapres\/\",\"url\":\"https:\/\/ismfrance.org\/index.php\/2024\/11\/04\/de-gaza-au-liban-notre-jour-present-et-leur-jour-dapres\/\",\"name\":\"De Gaza au Liban, notre \u2018jour pr\u00e9sent\u2019 et leur \u2018jour\u00a0d\u2019apr\u00e8s\u2019 - International Solidarity Movement - ISM-France\",\"isPartOf\":{\"@id\":\"https:\/\/ismfrance.org\/#website\"},\"primaryImageOfPage\":{\"@id\":\"https:\/\/ismfrance.org\/index.php\/2024\/11\/04\/de-gaza-au-liban-notre-jour-present-et-leur-jour-dapres\/#primaryimage\"},\"image\":{\"@id\":\"https:\/\/ismfrance.org\/index.php\/2024\/11\/04\/de-gaza-au-liban-notre-jour-present-et-leur-jour-dapres\/#primaryimage\"},\"thumbnailUrl\":\"https:\/\/ismfrance.org\/wp-content\/uploads\/2024\/11\/crown.jpeg\",\"datePublished\":\"2024-11-04T08:07:59+00:00\",\"dateModified\":\"2024-11-04T08:32:30+00:00\",\"breadcrumb\":{\"@id\":\"https:\/\/ismfrance.org\/index.php\/2024\/11\/04\/de-gaza-au-liban-notre-jour-present-et-leur-jour-dapres\/#breadcrumb\"},\"inLanguage\":\"fr-FR\",\"potentialAction\":[{\"@type\":\"ReadAction\",\"target\":[\"https:\/\/ismfrance.org\/index.php\/2024\/11\/04\/de-gaza-au-liban-notre-jour-present-et-leur-jour-dapres\/\"]}]},{\"@type\":\"ImageObject\",\"inLanguage\":\"fr-FR\",\"@id\":\"https:\/\/ismfrance.org\/index.php\/2024\/11\/04\/de-gaza-au-liban-notre-jour-present-et-leur-jour-dapres\/#primaryimage\",\"url\":\"https:\/\/ismfrance.org\/wp-content\/uploads\/2024\/11\/crown.jpeg\",\"contentUrl\":\"https:\/\/ismfrance.org\/wp-content\/uploads\/2024\/11\/crown.jpeg\",\"width\":968,\"height\":780},{\"@type\":\"BreadcrumbList\",\"@id\":\"https:\/\/ismfrance.org\/index.php\/2024\/11\/04\/de-gaza-au-liban-notre-jour-present-et-leur-jour-dapres\/#breadcrumb\",\"itemListElement\":[{\"@type\":\"ListItem\",\"position\":1,\"name\":\"Accueil\",\"item\":\"https:\/\/ismfrance.org\/\"},{\"@type\":\"ListItem\",\"position\":2,\"name\":\"De Gaza au Liban, notre \u2018jour pr\u00e9sent\u2019 et leur \u2018jour\u00a0d\u2019apr\u00e8s\u2019\"}]},{\"@type\":\"WebSite\",\"@id\":\"https:\/\/ismfrance.org\/#website\",\"url\":\"https:\/\/ismfrance.org\/\",\"name\":\"ISM Palestine France\",\"description\":\"Soutien aux luttes de lib\u00e9ration du peuple palestinien\",\"publisher\":{\"@id\":\"https:\/\/ismfrance.org\/#organization\"},\"potentialAction\":[{\"@type\":\"SearchAction\",\"target\":{\"@type\":\"EntryPoint\",\"urlTemplate\":\"https:\/\/ismfrance.org\/?s={search_term_string}\"},\"query-input\":{\"@type\":\"PropertyValueSpecification\",\"valueRequired\":true,\"valueName\":\"search_term_string\"}}],\"inLanguage\":\"fr-FR\"},{\"@type\":\"Organization\",\"@id\":\"https:\/\/ismfrance.org\/#organization\",\"name\":\"International Solidarity Movement\",\"url\":\"https:\/\/ismfrance.org\/\",\"logo\":{\"@type\":\"ImageObject\",\"inLanguage\":\"fr-FR\",\"@id\":\"https:\/\/ismfrance.org\/#\/schema\/logo\/image\/\",\"url\":\"https:\/\/ismfrance.org\/wp-content\/uploads\/2020\/12\/00.png\",\"contentUrl\":\"https:\/\/ismfrance.org\/wp-content\/uploads\/2020\/12\/00.png\",\"width\":400,\"height\":400,\"caption\":\"International Solidarity Movement\"},\"image\":{\"@id\":\"https:\/\/ismfrance.org\/#\/schema\/logo\/image\/\"},\"sameAs\":[\"https:\/\/x.com\/ISMFRANCE\"]},{\"@type\":\"Person\",\"@id\":\"https:\/\/ismfrance.org\/#\/schema\/person\/3c411eb72adfaae19c0dca1f41fae01d\",\"name\":\"mru_01\",\"image\":{\"@type\":\"ImageObject\",\"inLanguage\":\"fr-FR\",\"@id\":\"https:\/\/secure.gravatar.com\/avatar\/3a0be343b445d2ccc79e87444a294fad2b232e90d2051d0e3cc219e1ecd6a330?s=96&d=mm&r=g\",\"url\":\"https:\/\/secure.gravatar.com\/avatar\/3a0be343b445d2ccc79e87444a294fad2b232e90d2051d0e3cc219e1ecd6a330?s=96&d=mm&r=g\",\"contentUrl\":\"https:\/\/secure.gravatar.com\/avatar\/3a0be343b445d2ccc79e87444a294fad2b232e90d2051d0e3cc219e1ecd6a330?s=96&d=mm&r=g\",\"caption\":\"mru_01\"},\"url\":\"https:\/\/ismfrance.org\/index.php\/author\/admin02\/\"}]}<\/script>\n<!-- \/ Yoast SEO plugin. -->","yoast_head_json":{"title":"De Gaza au Liban, notre \u2018jour pr\u00e9sent\u2019 et leur \u2018jour\u00a0d\u2019apr\u00e8s\u2019 - International Solidarity Movement - ISM-France","robots":{"index":"index","follow":"follow","max-snippet":"max-snippet:-1","max-image-preview":"max-image-preview:large","max-video-preview":"max-video-preview:-1"},"canonical":"https:\/\/ismfrance.org\/index.php\/2024\/11\/04\/de-gaza-au-liban-notre-jour-present-et-leur-jour-dapres\/","og_locale":"fr_FR","og_type":"article","og_title":"De Gaza au Liban, notre \u2018jour pr\u00e9sent\u2019 et leur \u2018jour\u00a0d\u2019apr\u00e8s\u2019 - International Solidarity Movement - ISM-France","og_description":"Ibrahim al-Amin, 18 octobre 2024. Dans le monde de la politique, la terminologie fait partie int\u00e9grante des r\u00e9cits v\u00e9hicul\u00e9s par ceux qui participent \u00e0 une grande bataille. Inutile de remonter Lire la suite &rarr;","og_url":"https:\/\/ismfrance.org\/index.php\/2024\/11\/04\/de-gaza-au-liban-notre-jour-present-et-leur-jour-dapres\/","og_site_name":"International Solidarity Movement - ISM-France","article_published_time":"2024-11-04T08:07:59+00:00","article_modified_time":"2024-11-04T08:32:30+00:00","og_image":[{"width":968,"height":780,"url":"https:\/\/ismfrance.org\/wp-content\/uploads\/2024\/11\/crown.jpeg","type":"image\/jpeg"}],"author":"mru_01","twitter_card":"summary_large_image","twitter_creator":"@ISMFRANCE","twitter_site":"@ISMFRANCE","twitter_misc":{"\u00c9crit par":"mru_01","Dur\u00e9e de lecture estim\u00e9e":"6 minutes"},"schema":{"@context":"https:\/\/schema.org","@graph":[{"@type":"Article","@id":"https:\/\/ismfrance.org\/index.php\/2024\/11\/04\/de-gaza-au-liban-notre-jour-present-et-leur-jour-dapres\/#article","isPartOf":{"@id":"https:\/\/ismfrance.org\/index.php\/2024\/11\/04\/de-gaza-au-liban-notre-jour-present-et-leur-jour-dapres\/"},"author":{"name":"mru_01","@id":"https:\/\/ismfrance.org\/#\/schema\/person\/3c411eb72adfaae19c0dca1f41fae01d"},"headline":"De Gaza au Liban, notre \u2018jour pr\u00e9sent\u2019 et leur \u2018jour\u00a0d\u2019apr\u00e8s\u2019","datePublished":"2024-11-04T08:07:59+00:00","dateModified":"2024-11-04T08:32:30+00:00","mainEntityOfPage":{"@id":"https:\/\/ismfrance.org\/index.php\/2024\/11\/04\/de-gaza-au-liban-notre-jour-present-et-leur-jour-dapres\/"},"wordCount":1249,"publisher":{"@id":"https:\/\/ismfrance.org\/#organization"},"image":{"@id":"https:\/\/ismfrance.org\/index.php\/2024\/11\/04\/de-gaza-au-liban-notre-jour-present-et-leur-jour-dapres\/#primaryimage"},"thumbnailUrl":"https:\/\/ismfrance.org\/wp-content\/uploads\/2024\/11\/crown.jpeg","keywords":["Axe de la R\u00e9sistance"],"articleSection":["Analyses","Articles"],"inLanguage":"fr-FR"},{"@type":"WebPage","@id":"https:\/\/ismfrance.org\/index.php\/2024\/11\/04\/de-gaza-au-liban-notre-jour-present-et-leur-jour-dapres\/","url":"https:\/\/ismfrance.org\/index.php\/2024\/11\/04\/de-gaza-au-liban-notre-jour-present-et-leur-jour-dapres\/","name":"De Gaza au Liban, notre \u2018jour pr\u00e9sent\u2019 et leur \u2018jour\u00a0d\u2019apr\u00e8s\u2019 - International Solidarity Movement - ISM-France","isPartOf":{"@id":"https:\/\/ismfrance.org\/#website"},"primaryImageOfPage":{"@id":"https:\/\/ismfrance.org\/index.php\/2024\/11\/04\/de-gaza-au-liban-notre-jour-present-et-leur-jour-dapres\/#primaryimage"},"image":{"@id":"https:\/\/ismfrance.org\/index.php\/2024\/11\/04\/de-gaza-au-liban-notre-jour-present-et-leur-jour-dapres\/#primaryimage"},"thumbnailUrl":"https:\/\/ismfrance.org\/wp-content\/uploads\/2024\/11\/crown.jpeg","datePublished":"2024-11-04T08:07:59+00:00","dateModified":"2024-11-04T08:32:30+00:00","breadcrumb":{"@id":"https:\/\/ismfrance.org\/index.php\/2024\/11\/04\/de-gaza-au-liban-notre-jour-present-et-leur-jour-dapres\/#breadcrumb"},"inLanguage":"fr-FR","potentialAction":[{"@type":"ReadAction","target":["https:\/\/ismfrance.org\/index.php\/2024\/11\/04\/de-gaza-au-liban-notre-jour-present-et-leur-jour-dapres\/"]}]},{"@type":"ImageObject","inLanguage":"fr-FR","@id":"https:\/\/ismfrance.org\/index.php\/2024\/11\/04\/de-gaza-au-liban-notre-jour-present-et-leur-jour-dapres\/#primaryimage","url":"https:\/\/ismfrance.org\/wp-content\/uploads\/2024\/11\/crown.jpeg","contentUrl":"https:\/\/ismfrance.org\/wp-content\/uploads\/2024\/11\/crown.jpeg","width":968,"height":780},{"@type":"BreadcrumbList","@id":"https:\/\/ismfrance.org\/index.php\/2024\/11\/04\/de-gaza-au-liban-notre-jour-present-et-leur-jour-dapres\/#breadcrumb","itemListElement":[{"@type":"ListItem","position":1,"name":"Accueil","item":"https:\/\/ismfrance.org\/"},{"@type":"ListItem","position":2,"name":"De Gaza au Liban, notre \u2018jour pr\u00e9sent\u2019 et leur \u2018jour\u00a0d\u2019apr\u00e8s\u2019"}]},{"@type":"WebSite","@id":"https:\/\/ismfrance.org\/#website","url":"https:\/\/ismfrance.org\/","name":"ISM Palestine France","description":"Soutien aux luttes de lib\u00e9ration du peuple palestinien","publisher":{"@id":"https:\/\/ismfrance.org\/#organization"},"potentialAction":[{"@type":"SearchAction","target":{"@type":"EntryPoint","urlTemplate":"https:\/\/ismfrance.org\/?s={search_term_string}"},"query-input":{"@type":"PropertyValueSpecification","valueRequired":true,"valueName":"search_term_string"}}],"inLanguage":"fr-FR"},{"@type":"Organization","@id":"https:\/\/ismfrance.org\/#organization","name":"International Solidarity Movement","url":"https:\/\/ismfrance.org\/","logo":{"@type":"ImageObject","inLanguage":"fr-FR","@id":"https:\/\/ismfrance.org\/#\/schema\/logo\/image\/","url":"https:\/\/ismfrance.org\/wp-content\/uploads\/2020\/12\/00.png","contentUrl":"https:\/\/ismfrance.org\/wp-content\/uploads\/2020\/12\/00.png","width":400,"height":400,"caption":"International Solidarity Movement"},"image":{"@id":"https:\/\/ismfrance.org\/#\/schema\/logo\/image\/"},"sameAs":["https:\/\/x.com\/ISMFRANCE"]},{"@type":"Person","@id":"https:\/\/ismfrance.org\/#\/schema\/person\/3c411eb72adfaae19c0dca1f41fae01d","name":"mru_01","image":{"@type":"ImageObject","inLanguage":"fr-FR","@id":"https:\/\/secure.gravatar.com\/avatar\/3a0be343b445d2ccc79e87444a294fad2b232e90d2051d0e3cc219e1ecd6a330?s=96&d=mm&r=g","url":"https:\/\/secure.gravatar.com\/avatar\/3a0be343b445d2ccc79e87444a294fad2b232e90d2051d0e3cc219e1ecd6a330?s=96&d=mm&r=g","contentUrl":"https:\/\/secure.gravatar.com\/avatar\/3a0be343b445d2ccc79e87444a294fad2b232e90d2051d0e3cc219e1ecd6a330?s=96&d=mm&r=g","caption":"mru_01"},"url":"https:\/\/ismfrance.org\/index.php\/author\/admin02\/"}]}},"_links":{"self":[{"href":"https:\/\/ismfrance.org\/index.php\/wp-json\/wp\/v2\/posts\/15343","targetHints":{"allow":["GET"]}}],"collection":[{"href":"https:\/\/ismfrance.org\/index.php\/wp-json\/wp\/v2\/posts"}],"about":[{"href":"https:\/\/ismfrance.org\/index.php\/wp-json\/wp\/v2\/types\/post"}],"author":[{"embeddable":true,"href":"https:\/\/ismfrance.org\/index.php\/wp-json\/wp\/v2\/users\/3"}],"replies":[{"embeddable":true,"href":"https:\/\/ismfrance.org\/index.php\/wp-json\/wp\/v2\/comments?post=15343"}],"version-history":[{"count":0,"href":"https:\/\/ismfrance.org\/index.php\/wp-json\/wp\/v2\/posts\/15343\/revisions"}],"wp:featuredmedia":[{"embeddable":true,"href":"https:\/\/ismfrance.org\/index.php\/wp-json\/wp\/v2\/media\/15345"}],"wp:attachment":[{"href":"https:\/\/ismfrance.org\/index.php\/wp-json\/wp\/v2\/media?parent=15343"}],"wp:term":[{"taxonomy":"category","embeddable":true,"href":"https:\/\/ismfrance.org\/index.php\/wp-json\/wp\/v2\/categories?post=15343"},{"taxonomy":"post_tag","embeddable":true,"href":"https:\/\/ismfrance.org\/index.php\/wp-json\/wp\/v2\/tags?post=15343"}],"curies":[{"name":"wp","href":"https:\/\/api.w.org\/{rel}","templated":true}]}}