{"id":15155,"date":"2024-10-27T11:00:42","date_gmt":"2024-10-27T10:00:42","guid":{"rendered":"https:\/\/ismfrance.org\/?p=15155"},"modified":"2024-10-27T11:01:14","modified_gmt":"2024-10-27T10:01:14","slug":"reecrire-la-resolution-1701-la-couverture-diplomatique-de-hochstein-pour-lexpansion-israelienne","status":"publish","type":"post","link":"https:\/\/ismfrance.org\/index.php\/2024\/10\/27\/reecrire-la-resolution-1701-la-couverture-diplomatique-de-hochstein-pour-lexpansion-israelienne\/","title":{"rendered":"R\u00e9\u00e9crire la r\u00e9solution 1701 : la couverture diplomatique de Hochstein pour l\u2019expansion isra\u00e9lienne"},"content":{"rendered":"<p><span style=\"color: #000000;\"><span style=\"font-family: Verdana, sans-serif;\"><span style=\"font-size: medium;\"><strong>Anis Raiss, 25 octobre 2024<\/strong>. Le 21 octobre, Amos Hochstein, n\u00e9 en Isra\u00ebl en 1973 et <a href=\"https:\/\/www.trtworld.com\/magazine\/can-the-us-envoy-to-the-middle-east-an-israeli-army-veteran-end-the-war-18177630\">ancien membre d\u2019\u00e9quipage de char isra\u00e9lien<\/a>, est revenu au Liban en tant qu\u2019envoy\u00e9 des Etats-Unis, non pas pour prot\u00e9ger la paix mais pour la red\u00e9finir selon les conditions de Tel-Aviv.<\/span><\/span><\/span><\/p>\n<p><a href=\"https:\/\/ismfrance.org\/wp-content\/uploads\/2024\/10\/reso-1701.jpeg\"><img loading=\"lazy\" decoding=\"async\" class=\"size-large wp-image-15159 aligncenter\" src=\"https:\/\/ismfrance.org\/wp-content\/uploads\/2024\/10\/reso-1701-700x331.jpeg\" alt=\"\" width=\"600\" height=\"284\" srcset=\"https:\/\/ismfrance.org\/wp-content\/uploads\/2024\/10\/reso-1701-700x331.jpeg 700w, https:\/\/ismfrance.org\/wp-content\/uploads\/2024\/10\/reso-1701-300x142.jpeg 300w, https:\/\/ismfrance.org\/wp-content\/uploads\/2024\/10\/reso-1701-768x363.jpeg 768w, https:\/\/ismfrance.org\/wp-content\/uploads\/2024\/10\/reso-1701-1536x727.jpeg 1536w, https:\/\/ismfrance.org\/wp-content\/uploads\/2024\/10\/reso-1701-2048x969.jpeg 2048w, https:\/\/ismfrance.org\/wp-content\/uploads\/2024\/10\/reso-1701-1320x625.jpeg 1320w\" sizes=\"auto, (max-width: 600px) 100vw, 600px\" \/><\/a><span style=\"color: #000000;\"><span style=\"font-family: Verdana, sans-serif;\"><span style=\"font-size: medium;\">L\u2019ironie est ind\u00e9niable : Isra\u00ebl, apr\u00e8s avoir <a href=\"https:\/\/thecradle.co\/articles-id\/27404\">perdu 28 chars<\/a> en presque autant de jours lors de sa derni\u00e8re tentative d\u2019invasion, envoie maintenant l\u2019un de ses anciens membres d\u2019\u00e9quipage de char, non pas au combat, mais dans la diplomatie \u2013 pour obtenir par les mots ce que la force militaire n\u2019a pas pu assurer : le contr\u00f4le du Liban par le biais de r\u00e9visions de la <a href=\"https:\/\/news.un.org\/fr\/story\/2024\/10\/1149391\">r\u00e9solution 1701 de l\u2019ONU<\/a>.<\/span><\/span><\/span><\/p>\n<p><span style=\"color: #000000;\"><span style=\"font-family: Verdana, sans-serif;\"><span style=\"font-size: medium;\">La mission de Hochstein peut sembler \u00eatre un acte de diplomatie, mais s\u2019agit-il vraiment de favoriser la paix ? Ou s\u2019aligne-t-il sur la politique isra\u00e9lienne pour recadrer le contr\u00f4le tout en \u00e9rodant la souverainet\u00e9 du Liban ? Le vernis diplomatique ne cache que faiblement l\u2019agenda sous-jacent du contr\u00f4le.<\/span><\/span><\/span><\/p>\n<p><span style=\"color: #000000;\"><span style=\"font-family: Verdana, sans-serif;\"><span style=\"font-size: medium;\"><b>D\u2019Oslo \u00e0 la r\u00e9solution 1701\u00a0: r\u00e9interpr\u00e9ter la paix pour le contr\u00f4le<\/b><\/span><\/span><\/span><\/p>\n<p><span style=\"color: #000000;\"><span style=\"font-family: Verdana, sans-serif;\"><span style=\"font-size: medium;\">La strat\u00e9gie isra\u00e9lienne de manipulation des processus de paix n\u2019a rien de nouveau. Dans une <a href=\"https:\/\/x.com\/trtworld\/status\/1711750682733355146\">vid\u00e9o de 2001<\/a> divulgu\u00e9e, le Premier ministre isra\u00e9lien Benjamin Netanyahu s\u2019est vant\u00e9 d\u2019avoir manipul\u00e9 les accords d\u2019Oslo, en utilisant des expressions vagues comme \u00ab\u00a0installations militaires\u00a0\u00bb pour renforcer le contr\u00f4le isra\u00e9lien sur les zones contest\u00e9es.<\/span><\/span><\/span><\/p>\n<p><span style=\"color: #000000;\"><span style=\"font-family: Verdana, sans-serif;\"><span style=\"font-size: medium;\">Netanyahu y d\u00e9clare clairement : \u00ab\u00a0On peut facilement man\u0153uvrer l&rsquo;Am\u00e9rique\u00a0\u00bb, faisant allusion \u00e0 la facilit\u00e9 avec laquelle l\u2019influence isra\u00e9lienne fa\u00e7onne la diplomatie am\u00e9ricaine \u2013 une dynamique qui est \u00e9vidente aujourd\u2019hui dans les actions de Hochstein.<\/span><\/span><\/span><\/p>\n<p><span style=\"color: #000000;\"><span style=\"font-family: Verdana, sans-serif;\"><span style=\"font-size: medium;\">La pression exerc\u00e9e par le v\u00e9t\u00e9ran de l\u2019arm\u00e9e isra\u00e9lienne pour que des <a href=\"https:\/\/thecradle.co\/articles-id\/27375\">amendements \u00e0 la r\u00e9solution 1701<\/a> soient apport\u00e9s est une continuation claire de cette strat\u00e9gie\u00a0: faire avancer les int\u00e9r\u00eats de l\u2019\u00c9tat occupant sous le couvert de la diplomatie de Washington. Tout comme Netanyahu a r\u00e9interpr\u00e9t\u00e9 les accords d\u2019Oslo pour consolider le contr\u00f4le isra\u00e9lien, les modifications propos\u00e9es par Hochstein \u00e0 la r\u00e9solution 1701 visent \u00e0 en faire un outil permettant d\u2019\u00e9tendre l\u2019influence de Tel-Aviv. Il ne s\u2019agit pas de diplomatie pour la paix, mais de diplomatie pour le pouvoir.<\/span><\/span><\/span><\/p>\n<p><span style=\"color: #000000;\"><span style=\"font-family: Verdana, sans-serif;\"><span style=\"font-size: medium;\"><b>1701 : la bataille inachev\u00e9e d\u2019Isra\u00ebl<\/b><\/span><\/span><\/span><\/p>\n<p><span style=\"color: #000000;\"><span style=\"font-family: Verdana, sans-serif;\"><span style=\"font-size: medium;\">La r\u00e9solution 1701, adopt\u00e9e par le Conseil de s\u00e9curit\u00e9 de l\u2019ONU le 11 ao\u00fbt 2006, a marqu\u00e9 un tournant pour Isra\u00ebl, qui s\u2019est retrouv\u00e9 incapable de vaincre le Hezbollah pendant la guerre de juillet, malgr\u00e9 ses capacit\u00e9s militaires de pointe.<\/span><\/span><\/span><\/p>\n<p><span style=\"color: #000000;\"><span style=\"font-family: Verdana, sans-serif;\"><span style=\"font-size: medium;\">N\u00e9goci\u00e9 par la secr\u00e9taire d\u2019\u00c9tat am\u00e9ricaine de l\u2019\u00e9poque, Condoleezza Rice, le cessez-le-feu a permis \u00e0 Isra\u00ebl de sauver la face sous couvert de diplomatie plut\u00f4t que de se retrouver confront\u00e9 \u00e0 une bataille longue et ingagnable. Mais la r\u00e9solution est depuis lors un point de discorde permanent, qu\u2019Isra\u00ebl a viol\u00e9 \u00e0 plusieurs reprises.<\/span><\/span><\/span><\/p>\n<p><span style=\"color: #000000;\"><span style=\"font-family: Verdana, sans-serif;\"><span style=\"font-size: medium;\">Une violation notable est l\u2019occupation continue des fermes de Chebaa par Isra\u00ebl, qui contrevient \u00e0 la fois \u00e0 la r\u00e9solution 1701 et \u00e0 la r\u00e9solution 425 ant\u00e9rieure. La d\u00e9cision du Hezbollah de rester arm\u00e9, souvent critiqu\u00e9e au niveau international et dans certains milieux au niveau national, devient une r\u00e9ponse logique et l\u00e9galement justifi\u00e9e en vertu du droit international, compte tenu de l\u2019occupation du territoire libanais par Isra\u00ebl. La pr\u00e9sence continue des forces isra\u00e9liennes porte atteinte \u00e0 la paix que la r\u00e9solution 1701 visait \u00e0 \u00e9tablir.<\/span><\/span><\/span><\/p>\n<p><span style=\"color: #000000;\"><span style=\"font-family: Verdana, sans-serif;\"><span style=\"font-size: medium;\">Le m\u00e9pris de Tel-Aviv pour la r\u00e9solution s\u2019\u00e9tend au-del\u00e0 de l\u2019occupation territoriale. Depuis 2013, Isra\u00ebl a viol\u00e9 \u00e0 plusieurs reprises l\u2019espace a\u00e9rien libanais pour mener des frappes contre la Syrie, traitant le ciel libanais comme une porte d\u00e9rob\u00e9e sans surveillance pour les interventions \u00e9trang\u00e8res.<\/span><\/span><\/span><\/p>\n<p><span style=\"color: #000000;\"><span style=\"font-family: Verdana, sans-serif;\"><span style=\"font-size: medium;\">Ce comportement belliqueux s\u2019apparente \u00e0 celui d\u2019un intrus qui utilise la cour d\u2019un voisin pour en attaquer un autre \u2013 un acte qui porte enti\u00e8rement atteinte \u00e0 la souverainet\u00e9 du Liban. En ao\u00fbt 2019, une escalade significative s\u2019est produite lorsqu\u2019Isra\u00ebl a lanc\u00e9 une frappe de drone \u00e0 Beyrouth, que le pr\u00e9sident de l\u2019\u00e9poque, Michel Aoun, a <a href=\"https:\/\/www.aljazeera.com\/news\/2019\/8\/26\/lebanon-president-israel-drone-attack-a-declaration-of-war\">condamn\u00e9e<\/a> comme une \u00ab d\u00e9claration de guerre \u00bb.<\/span><\/span><\/span><\/p>\n<p><span style=\"color: #000000;\"><span style=\"font-family: Verdana, sans-serif;\"><span style=\"font-size: medium;\">En outre, l\u2019occupation par Isra\u00ebl de la partie nord du village de Ghajar viole \u00e0 la fois la Ligne bleue et la r\u00e9solution 1701. Malgr\u00e9 le d\u00e9ploiement de la FINUL et des forces arm\u00e9es libanaises au sud du fleuve Litani, le refus persistant d\u2019Isra\u00ebl de se retirer garantit que la paix reste insaisissable, laissant le Liban sous la menace constante d\u2019une agression isra\u00e9lienne.<\/span><\/span><\/span><\/p>\n<p><span style=\"color: #000000;\"><span style=\"font-family: Verdana, sans-serif;\"><span style=\"font-size: medium;\"><b>R\u00e9\u00e9crire la r\u00e9solution 1701<\/b><\/span><\/span><\/span><\/p>\n<p><span style=\"color: #000000;\"><span style=\"font-family: Verdana, sans-serif;\"><span style=\"font-size: medium;\">Les <a href=\"https:\/\/thecradle.co\/articles-id\/27359\">amendements<\/a> propos\u00e9s par Hochstein \u00e0 la r\u00e9solution 1701 r\u00e9v\u00e8lent la strat\u00e9gie plus large d\u2019Isra\u00ebl consistant \u00e0 utiliser les m\u00e9canismes internationaux pour atteindre ses objectifs. Ces changements \u00e9tendraient la juridiction de la FINUL \u00e0 deux kilom\u00e8tres au nord du fleuve Litani, permettant aux forces internationales de mener des recherches, des patrouilles et des inspections sans avoir besoin de l\u2019approbation des autorit\u00e9s libanaises. Ces inspections peuvent inclure la fouille de v\u00e9hicules, de propri\u00e9t\u00e9s priv\u00e9es et de sites suspects d\u2019armes.<\/span><\/span><\/span><\/p>\n<p><span style=\"color: #000000;\"><span style=\"font-family: Verdana, sans-serif;\"><span style=\"font-size: medium;\">En r\u00e9alit\u00e9, il s\u2019agit d\u2019une demande faite au Liban de c\u00e9der le contr\u00f4le de son propre territoire \u2013 une atteinte manifeste \u00e0 sa souverainet\u00e9. Sous couvert de maintien de la paix, cela donnerait \u00e0 Isra\u00ebl un contr\u00f4le indirect sur la dynamique de s\u00e9curit\u00e9 int\u00e9rieure du Liban, d\u2019autant plus que les renseignements pour ces op\u00e9rations peuvent \u00eatre influenc\u00e9s par des sources isra\u00e9liennes, voire provenir de sources isra\u00e9liennes.<\/span><\/span><\/span><\/p>\n<p><span style=\"color: #000000;\"><span style=\"font-family: Verdana, sans-serif;\"><span style=\"font-size: medium;\"><b>Les yeux riv\u00e9s sur le sud<\/b><\/span><\/span><\/span><\/p>\n<p><span style=\"color: #000000;\"><span style=\"font-family: Verdana, sans-serif;\"><span style=\"font-size: medium;\">La proposition de Hochstein soul\u00e8ve des inqui\u00e9tudes cruciales concernant la surveillance des services de renseignement : qui guidera ces op\u00e9rations et comment les int\u00e9r\u00eats secrets isra\u00e9liens pourraient-ils \u00eatre servis ? L\u2019implication potentielle d\u2019entreprises technologiques isra\u00e9liennes comme Toka, cofond\u00e9e par l\u2019ancien Premier ministre Ehud Barak, est r\u00e9v\u00e9latrice.<\/span><\/span><\/span><\/p>\n<p><span style=\"color: #000000;\"><span style=\"font-family: Verdana, sans-serif;\"><span style=\"font-size: medium;\">Toka est sp\u00e9cialis\u00e9e dans les <a href=\"https:\/\/www.arnongrunberg.com\/now\/blog\/6973-incriminate\">technologies de surveillance<\/a> avanc\u00e9es qui permettent de pirater et de manipuler les flux vid\u00e9o en direct ou enregistr\u00e9s des cam\u00e9ras de s\u00e9curit\u00e9 publiques et priv\u00e9es, notamment celles des ports, des a\u00e9roports et des postes fronti\u00e8res.<\/span><\/span><\/span><\/p>\n<p><span style=\"color: #000000;\"><span style=\"font-family: Verdana, sans-serif;\"><span style=\"font-size: medium;\">Si la technologie de Toka est d\u00e9ploy\u00e9e dans le sud du Liban, elle pourrait potentiellement compromettre les syst\u00e8mes m\u00eames utilis\u00e9s par la FINUL. Cette technologie, qui ne laisse aucune trace, pourrait \u00eatre exploit\u00e9e pour surveiller le Hezbollah et les mouvements militaires libanais, le tout sous couvert d\u2019op\u00e9rations internationales de maintien de la paix. Les cons\u00e9quences seraient profondes : une \u00e9rosion compl\u00e8te de la s\u00e9curit\u00e9 du Liban, remplac\u00e9e par un r\u00e9seau de surveillance manipul\u00e9 par Isra\u00ebl pour servir ses propres int\u00e9r\u00eats strat\u00e9giques.<\/span><\/span><\/span><\/p>\n<p><span style=\"color: #000000;\"><span style=\"font-family: Verdana, sans-serif;\"><span style=\"font-size: medium;\">L\u2019approche de surveillance secr\u00e8te d\u2019Isra\u00ebl peut \u00eatre observ\u00e9e dans la fa\u00e7on dont il g\u00e8re les banlieues sud de Beyrouth. La tristement c\u00e9l\u00e8bre <a href=\"https:\/\/www.france24.com\/fr\/moyen-orient\/20231121-la-doctrine-dahiya-ou-comment-isra\u00ebl-a-th\u00e9oris\u00e9-l-usage-disproportionn\u00e9-de-la-force\">doctrine Dahiya<\/a> pr\u00e9conise la destruction massive de zones civiles pour cibler les bastions du Hezbollah, mais Isra\u00ebl semble \u00e9viter d\u2019appliquer pleinement cette politique \u2013 peut-\u00eatre en raison de son d\u00e9sir de pr\u00e9server les infrastructures qui soutiennent les op\u00e9rations secr\u00e8tes.<\/span><\/span><\/span><\/p>\n<p><span style=\"color: #000000;\"><span style=\"font-family: Verdana, sans-serif;\"><span style=\"font-size: medium;\">Des technologies comme celles de Toka sugg\u00e8rent un plan plus calcul\u00e9, permettant une surveillance 24 heures sur 24 et 7 jours sur 7 des zones contr\u00f4l\u00e9es par le Hezbollah sous le fleuve Litani. Arm\u00e9 de renseignements pr\u00e9cis, Isra\u00ebl pourrait ex\u00e9cuter des frappes cibl\u00e9es ou des assassinats similaires \u00e0 ceux observ\u00e9s pendant la guerre de 2006, transformant le sud du Liban en une zone de surveillance perp\u00e9tuelle et de violence intermittente \u2013 tout cela sous pr\u00e9texte d\u2019adh\u00e9rer \u00e0 la r\u00e9solution 1701.<\/span><\/span><\/span><\/p>\n<p><span style=\"color: #000000;\"><span style=\"font-family: Verdana, sans-serif;\"><span style=\"font-size: medium;\"><b>Le rejet de Berri<\/b><\/span><\/span><\/span><\/p>\n<p><span style=\"color: #000000;\"><span style=\"font-family: Verdana, sans-serif;\"><span style=\"font-size: medium;\">Nabih Berri, leader de longue date du mouvement Amal et alli\u00e9 fid\u00e8le du Hezbollah, s\u2019est imm\u00e9diatement oppos\u00e9 aux amendements propos\u00e9s par Hochstein. En tant que pr\u00e9sident du Parlement depuis 1992, Berri a jou\u00e9 un r\u00f4le cl\u00e9 dans la r\u00e9sistance aux empi\u00e8tements isra\u00e9liens et dans la d\u00e9fense de la souverainet\u00e9 libanaise.<\/span><\/span><\/span><\/p>\n<p><span style=\"color: #000000;\"><span style=\"font-family: Verdana, sans-serif;\"><span style=\"font-size: medium;\">Sa relation de longue date avec le Hezbollah et le mouvement politique chiite au sens large le positionne comme une figure essentielle dans la lutte du Liban contre l\u2019intervention \u00e9trang\u00e8re. Apr\u00e8s avoir re\u00e7u les propositions de Hochstein, Berri les a reconnues pour ce qu\u2019elles \u00e9taient : une tentative de saper la souverainet\u00e9 libanaise sous couvert de renforcement du maintien de la paix.<\/span><\/span><\/span><\/p>\n<p><span style=\"color: #000000;\"><span style=\"font-family: Verdana, sans-serif;\"><span style=\"font-size: medium;\">Alors que Hochstein a pr\u00e9sent\u00e9 ces amendements comme n\u00e9cessaires \u00e0 la stabilit\u00e9, la r\u00e9ponse de Berri a \u00e9t\u00e9 claire : le v\u00e9ritable probl\u00e8me n\u2019est pas le manque de surveillance mais les violations continues de l\u2019espace a\u00e9rien et du territoire libanais par Isra\u00ebl. Comme l\u2019a soulign\u00e9 Berri, toute v\u00e9ritable qu\u00eate de paix doit commencer par tenir Isra\u00ebl responsable de son agression et s\u2019assurer qu\u2019il respecte les r\u00e9solutions existantes de l\u2019ONU.<\/span><\/span><\/span><\/p>\n<p><span style=\"color: #000000;\"><span style=\"font-family: Verdana, sans-serif;\"><span style=\"font-size: medium;\">Il a <a href=\"https:\/\/www.mtv.com.lb\/en\/News\/Local\/1504515\/berri--this-is-the-last-opportunity\">annonc\u00e9<\/a> que \u00ab le consensus parmi les Libanais sur la r\u00e9solution 1701 est un consensus rare, et nous y sommes attach\u00e9s \u00bb, ajoutant : \u00ab Nous rejetons tout amendement \u00e0 la r\u00e9solution 1701, que ce soit par augmentation ou par diminution. \u00bb<\/span><\/span><\/span><\/p>\n<p><span style=\"color: #000000;\"><span style=\"font-family: Verdana, sans-serif;\"><span style=\"font-size: medium;\">Dans une interview avec <i>Al Arabiya TV<\/i>, Berri a \u00e9galement d\u00e9clar\u00e9 : \u00ab Je suis mandat\u00e9 par le Hezbollah depuis 2006, et il accepte la r\u00e9solution 1701. \u00bb<\/span><\/span><\/span><\/p>\n<p><span style=\"color: #000000;\"><span style=\"font-family: Verdana, sans-serif;\"><span style=\"font-size: medium;\">La r\u00e9solution 1701, cens\u00e9e \u00e9tablir la paix, est en train d\u2019\u00eatre transform\u00e9e en un outil de surveillance \u2013 un m\u00e9canisme permettant \u00e0 Isra\u00ebl d\u2019accomplir ce qu\u2019il n\u2019a pas pu faire par des moyens militaires. L\u2019utilisation d\u2019une technologie de surveillance sophistiqu\u00e9e, l\u2019application s\u00e9lective des conditions du cessez-le-feu et l\u2019implication des forces internationales servent toutes \u00e0 saper la souverainet\u00e9 du Liban, faisant de la \u00ab paix \u00bb un mot creux.<\/span><\/span><\/span><\/p>\n<pre><em><span style=\"color: #000000;\"><span style=\"font-family: Verdana, sans-serif;\"><span style=\"font-size: medium;\">Article original en anglais sur <a href=\"https:\/\/thecradle.co\/articles\/rewriting-resolution-1701-hochsteins-diplomatic-cover-for-israeli-expansion\">The Cradle<\/a> \/ Traduction MR<\/span><\/span><\/span><\/em><\/pre>\n<hr \/>\n<p><span style=\"color: #000000;\"><span style=\"font-family: Verdana, sans-serif;\"><span style=\"font-size: medium;\"><a href=\"https:\/\/ismfrance.org\/wp-content\/uploads\/2024\/10\/Anis-2.png\"><img loading=\"lazy\" decoding=\"async\" class=\"size-thumbnail wp-image-15157 alignleft\" src=\"https:\/\/ismfrance.org\/wp-content\/uploads\/2024\/10\/Anis-2-150x150.png\" alt=\"\" width=\"150\" height=\"150\" srcset=\"https:\/\/ismfrance.org\/wp-content\/uploads\/2024\/10\/Anis-2-150x150.png 150w, https:\/\/ismfrance.org\/wp-content\/uploads\/2024\/10\/Anis-2-300x300.png 300w, https:\/\/ismfrance.org\/wp-content\/uploads\/2024\/10\/Anis-2-144x144.png 144w, https:\/\/ismfrance.org\/wp-content\/uploads\/2024\/10\/Anis-2.png 500w\" sizes=\"auto, (max-width: 150px) 100vw, 150px\" \/><\/a>L&rsquo;auteur\u00a0: <\/span><\/span><\/span><\/p>\n<p><span style=\"color: #000000;\"><span style=\"font-family: Verdana, sans-serif;\"><span style=\"font-size: medium;\">Anis Raiss est un analyste g\u00e9opolitique ind\u00e9pendant sp\u00e9cialis\u00e9 dans le Moyen-Orient et le monde multipolaire \u00e9mergent. N\u00e9 aux Pays-Bas de parents berb\u00e8res, Raiss publie ses travaux dans ce qu&rsquo;on appelle aujourd&rsquo;hui les samizdats n\u00e9erlandais. Sa devise en mati\u00e8re d&rsquo;analyse g\u00e9opolitique est \u00ab omnibus dubitandum \u00bb, \u00ab\u00a0commencer par douter de tout\u00a0\u00bb. <\/span><\/span><\/span><\/p>\n","protected":false},"excerpt":{"rendered":"<p>Anis Raiss, 25 octobre 2024. Le 21 octobre, Amos Hochstein, n\u00e9 en Isra\u00ebl en 1973 et ancien membre d\u2019\u00e9quipage de char isra\u00e9lien, est revenu au Liban en tant qu\u2019envoy\u00e9 des <a class=\"more-link\" href=\"https:\/\/ismfrance.org\/index.php\/2024\/10\/27\/reecrire-la-resolution-1701-la-couverture-diplomatique-de-hochstein-pour-lexpansion-israelienne\/\">Lire la suite &rarr;<\/a><\/p>\n","protected":false},"author":3,"featured_media":15159,"comment_status":"closed","ping_status":"closed","sticky":false,"template":"","format":"standard","meta":{"footnotes":""},"categories":[12,2],"tags":[76,176],"class_list":["post-15155","post","type-post","status-publish","format-standard","has-post-thumbnail","hentry","category-analyses","category-articles","tag-liban","tag-onu"],"yoast_head":"<!-- This site is optimized with the Yoast SEO plugin v27.2 - https:\/\/yoast.com\/product\/yoast-seo-wordpress\/ -->\n<title>R\u00e9\u00e9crire la r\u00e9solution 1701 : la couverture diplomatique de Hochstein pour l\u2019expansion isra\u00e9lienne - International Solidarity Movement - ISM-France<\/title>\n<meta name=\"robots\" content=\"index, follow, max-snippet:-1, max-image-preview:large, max-video-preview:-1\" \/>\n<link rel=\"canonical\" href=\"https:\/\/ismfrance.org\/index.php\/2024\/10\/27\/reecrire-la-resolution-1701-la-couverture-diplomatique-de-hochstein-pour-lexpansion-israelienne\/\" \/>\n<meta property=\"og:locale\" content=\"fr_FR\" \/>\n<meta property=\"og:type\" content=\"article\" \/>\n<meta property=\"og:title\" content=\"R\u00e9\u00e9crire la r\u00e9solution 1701 : la couverture diplomatique de Hochstein pour l\u2019expansion isra\u00e9lienne - International Solidarity Movement - ISM-France\" \/>\n<meta property=\"og:description\" content=\"Anis Raiss, 25 octobre 2024. Le 21 octobre, Amos Hochstein, n\u00e9 en Isra\u00ebl en 1973 et ancien membre d\u2019\u00e9quipage de char isra\u00e9lien, est revenu au Liban en tant qu\u2019envoy\u00e9 des Lire la suite &rarr;\" \/>\n<meta property=\"og:url\" content=\"https:\/\/ismfrance.org\/index.php\/2024\/10\/27\/reecrire-la-resolution-1701-la-couverture-diplomatique-de-hochstein-pour-lexpansion-israelienne\/\" \/>\n<meta property=\"og:site_name\" content=\"International Solidarity Movement - ISM-France\" \/>\n<meta property=\"article:published_time\" content=\"2024-10-27T10:00:42+00:00\" \/>\n<meta property=\"article:modified_time\" content=\"2024-10-27T10:01:14+00:00\" \/>\n<meta property=\"og:image\" content=\"https:\/\/ismfrance.org\/wp-content\/uploads\/2024\/10\/reso-1701.jpeg\" \/>\n\t<meta property=\"og:image:width\" content=\"2088\" \/>\n\t<meta property=\"og:image:height\" content=\"988\" \/>\n\t<meta property=\"og:image:type\" content=\"image\/jpeg\" \/>\n<meta name=\"author\" content=\"mru_01\" \/>\n<meta name=\"twitter:card\" content=\"summary_large_image\" \/>\n<meta name=\"twitter:creator\" content=\"@ISMFRANCE\" \/>\n<meta name=\"twitter:site\" content=\"@ISMFRANCE\" \/>\n<meta name=\"twitter:label1\" content=\"\u00c9crit par\" \/>\n\t<meta name=\"twitter:data1\" content=\"mru_01\" \/>\n\t<meta name=\"twitter:label2\" content=\"Dur\u00e9e de lecture estim\u00e9e\" \/>\n\t<meta name=\"twitter:data2\" content=\"9 minutes\" \/>\n<script type=\"application\/ld+json\" class=\"yoast-schema-graph\">{\"@context\":\"https:\/\/schema.org\",\"@graph\":[{\"@type\":\"Article\",\"@id\":\"https:\/\/ismfrance.org\/index.php\/2024\/10\/27\/reecrire-la-resolution-1701-la-couverture-diplomatique-de-hochstein-pour-lexpansion-israelienne\/#article\",\"isPartOf\":{\"@id\":\"https:\/\/ismfrance.org\/index.php\/2024\/10\/27\/reecrire-la-resolution-1701-la-couverture-diplomatique-de-hochstein-pour-lexpansion-israelienne\/\"},\"author\":{\"name\":\"mru_01\",\"@id\":\"https:\/\/ismfrance.org\/#\/schema\/person\/3c411eb72adfaae19c0dca1f41fae01d\"},\"headline\":\"R\u00e9\u00e9crire la r\u00e9solution 1701 : la couverture diplomatique de Hochstein pour l\u2019expansion isra\u00e9lienne\",\"datePublished\":\"2024-10-27T10:00:42+00:00\",\"dateModified\":\"2024-10-27T10:01:14+00:00\",\"mainEntityOfPage\":{\"@id\":\"https:\/\/ismfrance.org\/index.php\/2024\/10\/27\/reecrire-la-resolution-1701-la-couverture-diplomatique-de-hochstein-pour-lexpansion-israelienne\/\"},\"wordCount\":1767,\"publisher\":{\"@id\":\"https:\/\/ismfrance.org\/#organization\"},\"image\":{\"@id\":\"https:\/\/ismfrance.org\/index.php\/2024\/10\/27\/reecrire-la-resolution-1701-la-couverture-diplomatique-de-hochstein-pour-lexpansion-israelienne\/#primaryimage\"},\"thumbnailUrl\":\"https:\/\/ismfrance.org\/wp-content\/uploads\/2024\/10\/reso-1701.jpeg\",\"keywords\":[\"Liban\",\"ONU\"],\"articleSection\":[\"Analyses\",\"Articles\"],\"inLanguage\":\"fr-FR\"},{\"@type\":\"WebPage\",\"@id\":\"https:\/\/ismfrance.org\/index.php\/2024\/10\/27\/reecrire-la-resolution-1701-la-couverture-diplomatique-de-hochstein-pour-lexpansion-israelienne\/\",\"url\":\"https:\/\/ismfrance.org\/index.php\/2024\/10\/27\/reecrire-la-resolution-1701-la-couverture-diplomatique-de-hochstein-pour-lexpansion-israelienne\/\",\"name\":\"R\u00e9\u00e9crire la r\u00e9solution 1701 : la couverture diplomatique de Hochstein pour l\u2019expansion isra\u00e9lienne - International Solidarity Movement - ISM-France\",\"isPartOf\":{\"@id\":\"https:\/\/ismfrance.org\/#website\"},\"primaryImageOfPage\":{\"@id\":\"https:\/\/ismfrance.org\/index.php\/2024\/10\/27\/reecrire-la-resolution-1701-la-couverture-diplomatique-de-hochstein-pour-lexpansion-israelienne\/#primaryimage\"},\"image\":{\"@id\":\"https:\/\/ismfrance.org\/index.php\/2024\/10\/27\/reecrire-la-resolution-1701-la-couverture-diplomatique-de-hochstein-pour-lexpansion-israelienne\/#primaryimage\"},\"thumbnailUrl\":\"https:\/\/ismfrance.org\/wp-content\/uploads\/2024\/10\/reso-1701.jpeg\",\"datePublished\":\"2024-10-27T10:00:42+00:00\",\"dateModified\":\"2024-10-27T10:01:14+00:00\",\"breadcrumb\":{\"@id\":\"https:\/\/ismfrance.org\/index.php\/2024\/10\/27\/reecrire-la-resolution-1701-la-couverture-diplomatique-de-hochstein-pour-lexpansion-israelienne\/#breadcrumb\"},\"inLanguage\":\"fr-FR\",\"potentialAction\":[{\"@type\":\"ReadAction\",\"target\":[\"https:\/\/ismfrance.org\/index.php\/2024\/10\/27\/reecrire-la-resolution-1701-la-couverture-diplomatique-de-hochstein-pour-lexpansion-israelienne\/\"]}]},{\"@type\":\"ImageObject\",\"inLanguage\":\"fr-FR\",\"@id\":\"https:\/\/ismfrance.org\/index.php\/2024\/10\/27\/reecrire-la-resolution-1701-la-couverture-diplomatique-de-hochstein-pour-lexpansion-israelienne\/#primaryimage\",\"url\":\"https:\/\/ismfrance.org\/wp-content\/uploads\/2024\/10\/reso-1701.jpeg\",\"contentUrl\":\"https:\/\/ismfrance.org\/wp-content\/uploads\/2024\/10\/reso-1701.jpeg\",\"width\":2088,\"height\":988},{\"@type\":\"BreadcrumbList\",\"@id\":\"https:\/\/ismfrance.org\/index.php\/2024\/10\/27\/reecrire-la-resolution-1701-la-couverture-diplomatique-de-hochstein-pour-lexpansion-israelienne\/#breadcrumb\",\"itemListElement\":[{\"@type\":\"ListItem\",\"position\":1,\"name\":\"Accueil\",\"item\":\"https:\/\/ismfrance.org\/\"},{\"@type\":\"ListItem\",\"position\":2,\"name\":\"R\u00e9\u00e9crire la r\u00e9solution 1701 : la couverture diplomatique de Hochstein pour l\u2019expansion isra\u00e9lienne\"}]},{\"@type\":\"WebSite\",\"@id\":\"https:\/\/ismfrance.org\/#website\",\"url\":\"https:\/\/ismfrance.org\/\",\"name\":\"ISM Palestine France\",\"description\":\"Soutien aux luttes de lib\u00e9ration du peuple palestinien\",\"publisher\":{\"@id\":\"https:\/\/ismfrance.org\/#organization\"},\"potentialAction\":[{\"@type\":\"SearchAction\",\"target\":{\"@type\":\"EntryPoint\",\"urlTemplate\":\"https:\/\/ismfrance.org\/?s={search_term_string}\"},\"query-input\":{\"@type\":\"PropertyValueSpecification\",\"valueRequired\":true,\"valueName\":\"search_term_string\"}}],\"inLanguage\":\"fr-FR\"},{\"@type\":\"Organization\",\"@id\":\"https:\/\/ismfrance.org\/#organization\",\"name\":\"International Solidarity Movement\",\"url\":\"https:\/\/ismfrance.org\/\",\"logo\":{\"@type\":\"ImageObject\",\"inLanguage\":\"fr-FR\",\"@id\":\"https:\/\/ismfrance.org\/#\/schema\/logo\/image\/\",\"url\":\"https:\/\/ismfrance.org\/wp-content\/uploads\/2020\/12\/00.png\",\"contentUrl\":\"https:\/\/ismfrance.org\/wp-content\/uploads\/2020\/12\/00.png\",\"width\":400,\"height\":400,\"caption\":\"International Solidarity Movement\"},\"image\":{\"@id\":\"https:\/\/ismfrance.org\/#\/schema\/logo\/image\/\"},\"sameAs\":[\"https:\/\/x.com\/ISMFRANCE\"]},{\"@type\":\"Person\",\"@id\":\"https:\/\/ismfrance.org\/#\/schema\/person\/3c411eb72adfaae19c0dca1f41fae01d\",\"name\":\"mru_01\",\"image\":{\"@type\":\"ImageObject\",\"inLanguage\":\"fr-FR\",\"@id\":\"https:\/\/secure.gravatar.com\/avatar\/3a0be343b445d2ccc79e87444a294fad2b232e90d2051d0e3cc219e1ecd6a330?s=96&d=mm&r=g\",\"url\":\"https:\/\/secure.gravatar.com\/avatar\/3a0be343b445d2ccc79e87444a294fad2b232e90d2051d0e3cc219e1ecd6a330?s=96&d=mm&r=g\",\"contentUrl\":\"https:\/\/secure.gravatar.com\/avatar\/3a0be343b445d2ccc79e87444a294fad2b232e90d2051d0e3cc219e1ecd6a330?s=96&d=mm&r=g\",\"caption\":\"mru_01\"},\"url\":\"https:\/\/ismfrance.org\/index.php\/author\/admin02\/\"}]}<\/script>\n<!-- \/ Yoast SEO plugin. -->","yoast_head_json":{"title":"R\u00e9\u00e9crire la r\u00e9solution 1701 : la couverture diplomatique de Hochstein pour l\u2019expansion isra\u00e9lienne - International Solidarity Movement - ISM-France","robots":{"index":"index","follow":"follow","max-snippet":"max-snippet:-1","max-image-preview":"max-image-preview:large","max-video-preview":"max-video-preview:-1"},"canonical":"https:\/\/ismfrance.org\/index.php\/2024\/10\/27\/reecrire-la-resolution-1701-la-couverture-diplomatique-de-hochstein-pour-lexpansion-israelienne\/","og_locale":"fr_FR","og_type":"article","og_title":"R\u00e9\u00e9crire la r\u00e9solution 1701 : la couverture diplomatique de Hochstein pour l\u2019expansion isra\u00e9lienne - International Solidarity Movement - ISM-France","og_description":"Anis Raiss, 25 octobre 2024. Le 21 octobre, Amos Hochstein, n\u00e9 en Isra\u00ebl en 1973 et ancien membre d\u2019\u00e9quipage de char isra\u00e9lien, est revenu au Liban en tant qu\u2019envoy\u00e9 des Lire la suite &rarr;","og_url":"https:\/\/ismfrance.org\/index.php\/2024\/10\/27\/reecrire-la-resolution-1701-la-couverture-diplomatique-de-hochstein-pour-lexpansion-israelienne\/","og_site_name":"International Solidarity Movement - ISM-France","article_published_time":"2024-10-27T10:00:42+00:00","article_modified_time":"2024-10-27T10:01:14+00:00","og_image":[{"width":2088,"height":988,"url":"https:\/\/ismfrance.org\/wp-content\/uploads\/2024\/10\/reso-1701.jpeg","type":"image\/jpeg"}],"author":"mru_01","twitter_card":"summary_large_image","twitter_creator":"@ISMFRANCE","twitter_site":"@ISMFRANCE","twitter_misc":{"\u00c9crit par":"mru_01","Dur\u00e9e de lecture estim\u00e9e":"9 minutes"},"schema":{"@context":"https:\/\/schema.org","@graph":[{"@type":"Article","@id":"https:\/\/ismfrance.org\/index.php\/2024\/10\/27\/reecrire-la-resolution-1701-la-couverture-diplomatique-de-hochstein-pour-lexpansion-israelienne\/#article","isPartOf":{"@id":"https:\/\/ismfrance.org\/index.php\/2024\/10\/27\/reecrire-la-resolution-1701-la-couverture-diplomatique-de-hochstein-pour-lexpansion-israelienne\/"},"author":{"name":"mru_01","@id":"https:\/\/ismfrance.org\/#\/schema\/person\/3c411eb72adfaae19c0dca1f41fae01d"},"headline":"R\u00e9\u00e9crire la r\u00e9solution 1701 : la couverture diplomatique de Hochstein pour l\u2019expansion isra\u00e9lienne","datePublished":"2024-10-27T10:00:42+00:00","dateModified":"2024-10-27T10:01:14+00:00","mainEntityOfPage":{"@id":"https:\/\/ismfrance.org\/index.php\/2024\/10\/27\/reecrire-la-resolution-1701-la-couverture-diplomatique-de-hochstein-pour-lexpansion-israelienne\/"},"wordCount":1767,"publisher":{"@id":"https:\/\/ismfrance.org\/#organization"},"image":{"@id":"https:\/\/ismfrance.org\/index.php\/2024\/10\/27\/reecrire-la-resolution-1701-la-couverture-diplomatique-de-hochstein-pour-lexpansion-israelienne\/#primaryimage"},"thumbnailUrl":"https:\/\/ismfrance.org\/wp-content\/uploads\/2024\/10\/reso-1701.jpeg","keywords":["Liban","ONU"],"articleSection":["Analyses","Articles"],"inLanguage":"fr-FR"},{"@type":"WebPage","@id":"https:\/\/ismfrance.org\/index.php\/2024\/10\/27\/reecrire-la-resolution-1701-la-couverture-diplomatique-de-hochstein-pour-lexpansion-israelienne\/","url":"https:\/\/ismfrance.org\/index.php\/2024\/10\/27\/reecrire-la-resolution-1701-la-couverture-diplomatique-de-hochstein-pour-lexpansion-israelienne\/","name":"R\u00e9\u00e9crire la r\u00e9solution 1701 : la couverture diplomatique de Hochstein pour l\u2019expansion isra\u00e9lienne - International Solidarity Movement - ISM-France","isPartOf":{"@id":"https:\/\/ismfrance.org\/#website"},"primaryImageOfPage":{"@id":"https:\/\/ismfrance.org\/index.php\/2024\/10\/27\/reecrire-la-resolution-1701-la-couverture-diplomatique-de-hochstein-pour-lexpansion-israelienne\/#primaryimage"},"image":{"@id":"https:\/\/ismfrance.org\/index.php\/2024\/10\/27\/reecrire-la-resolution-1701-la-couverture-diplomatique-de-hochstein-pour-lexpansion-israelienne\/#primaryimage"},"thumbnailUrl":"https:\/\/ismfrance.org\/wp-content\/uploads\/2024\/10\/reso-1701.jpeg","datePublished":"2024-10-27T10:00:42+00:00","dateModified":"2024-10-27T10:01:14+00:00","breadcrumb":{"@id":"https:\/\/ismfrance.org\/index.php\/2024\/10\/27\/reecrire-la-resolution-1701-la-couverture-diplomatique-de-hochstein-pour-lexpansion-israelienne\/#breadcrumb"},"inLanguage":"fr-FR","potentialAction":[{"@type":"ReadAction","target":["https:\/\/ismfrance.org\/index.php\/2024\/10\/27\/reecrire-la-resolution-1701-la-couverture-diplomatique-de-hochstein-pour-lexpansion-israelienne\/"]}]},{"@type":"ImageObject","inLanguage":"fr-FR","@id":"https:\/\/ismfrance.org\/index.php\/2024\/10\/27\/reecrire-la-resolution-1701-la-couverture-diplomatique-de-hochstein-pour-lexpansion-israelienne\/#primaryimage","url":"https:\/\/ismfrance.org\/wp-content\/uploads\/2024\/10\/reso-1701.jpeg","contentUrl":"https:\/\/ismfrance.org\/wp-content\/uploads\/2024\/10\/reso-1701.jpeg","width":2088,"height":988},{"@type":"BreadcrumbList","@id":"https:\/\/ismfrance.org\/index.php\/2024\/10\/27\/reecrire-la-resolution-1701-la-couverture-diplomatique-de-hochstein-pour-lexpansion-israelienne\/#breadcrumb","itemListElement":[{"@type":"ListItem","position":1,"name":"Accueil","item":"https:\/\/ismfrance.org\/"},{"@type":"ListItem","position":2,"name":"R\u00e9\u00e9crire la r\u00e9solution 1701 : la couverture diplomatique de Hochstein pour l\u2019expansion isra\u00e9lienne"}]},{"@type":"WebSite","@id":"https:\/\/ismfrance.org\/#website","url":"https:\/\/ismfrance.org\/","name":"ISM Palestine France","description":"Soutien aux luttes de lib\u00e9ration du peuple palestinien","publisher":{"@id":"https:\/\/ismfrance.org\/#organization"},"potentialAction":[{"@type":"SearchAction","target":{"@type":"EntryPoint","urlTemplate":"https:\/\/ismfrance.org\/?s={search_term_string}"},"query-input":{"@type":"PropertyValueSpecification","valueRequired":true,"valueName":"search_term_string"}}],"inLanguage":"fr-FR"},{"@type":"Organization","@id":"https:\/\/ismfrance.org\/#organization","name":"International Solidarity Movement","url":"https:\/\/ismfrance.org\/","logo":{"@type":"ImageObject","inLanguage":"fr-FR","@id":"https:\/\/ismfrance.org\/#\/schema\/logo\/image\/","url":"https:\/\/ismfrance.org\/wp-content\/uploads\/2020\/12\/00.png","contentUrl":"https:\/\/ismfrance.org\/wp-content\/uploads\/2020\/12\/00.png","width":400,"height":400,"caption":"International Solidarity Movement"},"image":{"@id":"https:\/\/ismfrance.org\/#\/schema\/logo\/image\/"},"sameAs":["https:\/\/x.com\/ISMFRANCE"]},{"@type":"Person","@id":"https:\/\/ismfrance.org\/#\/schema\/person\/3c411eb72adfaae19c0dca1f41fae01d","name":"mru_01","image":{"@type":"ImageObject","inLanguage":"fr-FR","@id":"https:\/\/secure.gravatar.com\/avatar\/3a0be343b445d2ccc79e87444a294fad2b232e90d2051d0e3cc219e1ecd6a330?s=96&d=mm&r=g","url":"https:\/\/secure.gravatar.com\/avatar\/3a0be343b445d2ccc79e87444a294fad2b232e90d2051d0e3cc219e1ecd6a330?s=96&d=mm&r=g","contentUrl":"https:\/\/secure.gravatar.com\/avatar\/3a0be343b445d2ccc79e87444a294fad2b232e90d2051d0e3cc219e1ecd6a330?s=96&d=mm&r=g","caption":"mru_01"},"url":"https:\/\/ismfrance.org\/index.php\/author\/admin02\/"}]}},"_links":{"self":[{"href":"https:\/\/ismfrance.org\/index.php\/wp-json\/wp\/v2\/posts\/15155","targetHints":{"allow":["GET"]}}],"collection":[{"href":"https:\/\/ismfrance.org\/index.php\/wp-json\/wp\/v2\/posts"}],"about":[{"href":"https:\/\/ismfrance.org\/index.php\/wp-json\/wp\/v2\/types\/post"}],"author":[{"embeddable":true,"href":"https:\/\/ismfrance.org\/index.php\/wp-json\/wp\/v2\/users\/3"}],"replies":[{"embeddable":true,"href":"https:\/\/ismfrance.org\/index.php\/wp-json\/wp\/v2\/comments?post=15155"}],"version-history":[{"count":0,"href":"https:\/\/ismfrance.org\/index.php\/wp-json\/wp\/v2\/posts\/15155\/revisions"}],"wp:featuredmedia":[{"embeddable":true,"href":"https:\/\/ismfrance.org\/index.php\/wp-json\/wp\/v2\/media\/15159"}],"wp:attachment":[{"href":"https:\/\/ismfrance.org\/index.php\/wp-json\/wp\/v2\/media?parent=15155"}],"wp:term":[{"taxonomy":"category","embeddable":true,"href":"https:\/\/ismfrance.org\/index.php\/wp-json\/wp\/v2\/categories?post=15155"},{"taxonomy":"post_tag","embeddable":true,"href":"https:\/\/ismfrance.org\/index.php\/wp-json\/wp\/v2\/tags?post=15155"}],"curies":[{"name":"wp","href":"https:\/\/api.w.org\/{rel}","templated":true}]}}