{"id":1501,"date":"2021-12-31T09:40:01","date_gmt":"2021-12-31T08:40:01","guid":{"rendered":"https:\/\/ismfrance.org\/?p=1501"},"modified":"2021-12-31T09:40:01","modified_gmt":"2021-12-31T08:40:01","slug":"les-dessous-de-la-rencontre-entre-gantz-et-abbas","status":"publish","type":"post","link":"https:\/\/ismfrance.org\/index.php\/2021\/12\/31\/les-dessous-de-la-rencontre-entre-gantz-et-abbas\/","title":{"rendered":"Les dessous de la rencontre entre Gantz et Abbas"},"content":{"rendered":"<p align=\"LEFT\"><span style=\"color: #333333;\"><span style=\"font-family: Droid Arabic Naskh, sans-serif;\"><span style=\"font-size: medium;\"><b>Al-Manar, 30 d\u00e9cembre 2021.<\/b> Le quotidien libanais<i> Al-Akhbar<\/i> a r\u00e9v\u00e9l\u00e9 les dessous de la rencontre entre le chef de l\u2019Autorit\u00e9 palestinienne, Mahmoud Abbas, et le ministre isra\u00e9lien de la guerre Benny Gantz.<\/span><\/span><\/span><\/p>\n<p align=\"LEFT\"><img loading=\"lazy\" decoding=\"async\" class=\"aligncenter size-full wp-image-1502\" src=\"https:\/\/ismfrance.org\/wp-content\/uploads\/2021\/12\/destruction-maison.jpg\" alt=\"\" width=\"1110\" height=\"740\" srcset=\"https:\/\/ismfrance.org\/wp-content\/uploads\/2021\/12\/destruction-maison.jpg 1110w, https:\/\/ismfrance.org\/wp-content\/uploads\/2021\/12\/destruction-maison-300x200.jpg 300w, https:\/\/ismfrance.org\/wp-content\/uploads\/2021\/12\/destruction-maison-700x467.jpg 700w, https:\/\/ismfrance.org\/wp-content\/uploads\/2021\/12\/destruction-maison-768x512.jpg 768w\" sizes=\"auto, (max-width: 1110px) 100vw, 1110px\" \/><\/p>\n<p align=\"LEFT\"><span style=\"color: #333333;\"><span style=\"font-family: Droid Arabic Naskh, sans-serif;\"><span style=\"font-size: medium;\">Citant des sources au sein de l\u2019Autorit\u00e9 palestinienne, il affirme que la r\u00e9union n\u2019a pas du tout abord\u00e9 des questions politiques, mais s\u2019est plut\u00f4t concentr\u00e9e sur la pr\u00e9vention de l\u2019effondrement de l\u2019Autorit\u00e9 et le renforcement de sa s\u00e9curit\u00e9 face \u00e0 l\u2019augmentation des op\u00e9rations de la r\u00e9sistance dans la Cisjordanie occup\u00e9e.<\/span><\/span><\/span><\/p>\n<p align=\"LEFT\"><span style=\"color: #333333;\"><span style=\"font-family: Droid Arabic Naskh, sans-serif;\"><span style=\"font-size: medium;\">Les deux parties ont convenu d\u2019intensifier la coop\u00e9ration s\u00e9curitaire, adoptant des mesures visant \u00e0 r\u00e9duire les frictions entre les colons et les soldats isra\u00e9liens d\u2019un c\u00f4t\u00e9, et les Palestiniens de l\u2019autre.<\/span><\/span><\/span><\/p>\n<p align=\"LEFT\"><span style=\"color: #333333;\"><span style=\"font-family: Droid Arabic Naskh, sans-serif;\"><span style=\"font-size: medium;\">Selon les m\u00eames sources, l\u2019arm\u00e9e d\u2019occupation s\u2019appuiera sur les forces de s\u00e9curit\u00e9 palestiniennes pour arr\u00eater les personnes qu\u2019elle soup\u00e7onne de vouloir mener des op\u00e9rations (anti-occupation).<\/span><\/span><\/span><\/p>\n<p align=\"LEFT\"><span style=\"color: #333333;\"><span style=\"font-family: Droid Arabic Naskh, sans-serif;\"><span style=\"font-size: medium;\">Les deux parties consolideront leurs efforts pour avorter la formation de cellules militaires pour le Hamas et le Jihad islamique en Cisjordanie.<\/span><\/span><\/span><\/p>\n<p align=\"LEFT\"><span style=\"color: #333333;\"><span style=\"font-family: Droid Arabic Naskh, sans-serif;\"><span style=\"font-size: medium;\">Pour leur part, les m\u00e9dias isra\u00e9liens ont rapport\u00e9 que les deux dirigeants se sont offerts des cadeaux. Mahmoud Abbas a offert \u00e0 Gantz un bijou, tandis que ce dernier a donn\u00e9 \u00e0 Abbas une bouteille d\u2019huile (de Palestine occup\u00e9e).<\/span><\/span><\/span><\/p>\n<p align=\"LEFT\"><span style=\"color: #333333;\"><span style=\"font-family: Droid Arabic Naskh, sans-serif;\"><span style=\"font-size: medium;\">En r\u00e9action, les factions de la r\u00e9sistance palestinienne ont condamn\u00e9 cet entretien qui constitue \u00ab une couverture pour les crimes de l\u2019occupation contre le peuple palestinien \u00bb, soulignant qu\u2019il \u00ab ne sert pas la cause palestinienne \u00bb.<\/span><\/span><\/span><\/p>\n<p align=\"LEFT\"><span style=\"color: #333333;\"><span style=\"font-family: Droid Arabic Naskh, sans-serif;\"><span style=\"font-size: medium;\">Le Hamas a estim\u00e9 que \u00ab la r\u00e9union est s\u00e9curitaire par excellence. Elle vise \u00e0 principalement cibler les r\u00e9volutionnaires de la Cisjordanie et \u00e0 mettre en place des m\u00e9canismes pour renforcer la coop\u00e9ration s\u00e9curitaire afin d\u2019affecter la r\u00e9sistance \u00bb.<\/span><\/span><\/span><\/p>\n<p align=\"LEFT\"><em><span style=\"color: #333333;\"><span style=\"font-family: Droid Arabic Naskh, sans-serif;\"><span style=\"font-size: medium;\">Article original sur <a href=\"https:\/\/french.almanar.com.lb\/2221276\">Al-Manar<\/a>.<\/span><\/span><\/span><\/em><\/p>\n<p align=\"LEFT\">\n<p align=\"LEFT\">\n","protected":false},"excerpt":{"rendered":"<p>Al-Manar, 30 d\u00e9cembre 2021. Le quotidien libanais Al-Akhbar a r\u00e9v\u00e9l\u00e9 les dessous de la rencontre entre le chef de l\u2019Autorit\u00e9 palestinienne, Mahmoud Abbas, et le ministre isra\u00e9lien de la guerre <a class=\"more-link\" href=\"https:\/\/ismfrance.org\/index.php\/2021\/12\/31\/les-dessous-de-la-rencontre-entre-gantz-et-abbas\/\">Lire la suite &rarr;<\/a><\/p>\n","protected":false},"author":3,"featured_media":1502,"comment_status":"closed","ping_status":"closed","sticky":false,"template":"","format":"standard","meta":{"footnotes":""},"categories":[2,14],"tags":[53],"class_list":["post-1501","post","type-post","status-publish","format-standard","has-post-thumbnail","hentry","category-articles","category-communiques","tag-collabos"],"yoast_head":"<!-- This site is optimized with the Yoast SEO plugin v27.2 - https:\/\/yoast.com\/product\/yoast-seo-wordpress\/ -->\n<title>Les dessous de la rencontre entre Gantz et Abbas - International Solidarity Movement - ISM-France<\/title>\n<meta name=\"robots\" content=\"index, follow, max-snippet:-1, max-image-preview:large, max-video-preview:-1\" \/>\n<link rel=\"canonical\" href=\"https:\/\/ismfrance.org\/index.php\/2021\/12\/31\/les-dessous-de-la-rencontre-entre-gantz-et-abbas\/\" \/>\n<meta property=\"og:locale\" content=\"fr_FR\" \/>\n<meta property=\"og:type\" content=\"article\" \/>\n<meta property=\"og:title\" content=\"Les dessous de la rencontre entre Gantz et Abbas - International Solidarity Movement - ISM-France\" \/>\n<meta property=\"og:description\" content=\"Al-Manar, 30 d\u00e9cembre 2021. Le quotidien libanais Al-Akhbar a r\u00e9v\u00e9l\u00e9 les dessous de la rencontre entre le chef de l\u2019Autorit\u00e9 palestinienne, Mahmoud Abbas, et le ministre isra\u00e9lien de la guerre Lire la suite &rarr;\" \/>\n<meta property=\"og:url\" content=\"https:\/\/ismfrance.org\/index.php\/2021\/12\/31\/les-dessous-de-la-rencontre-entre-gantz-et-abbas\/\" \/>\n<meta property=\"og:site_name\" content=\"International Solidarity Movement - ISM-France\" \/>\n<meta property=\"article:published_time\" content=\"2021-12-31T08:40:01+00:00\" \/>\n<meta property=\"og:image\" content=\"https:\/\/ismfrance.org\/wp-content\/uploads\/2021\/12\/destruction-maison.jpg\" \/>\n\t<meta property=\"og:image:width\" content=\"1110\" \/>\n\t<meta property=\"og:image:height\" content=\"740\" \/>\n\t<meta property=\"og:image:type\" content=\"image\/jpeg\" \/>\n<meta name=\"author\" content=\"mru_01\" \/>\n<meta name=\"twitter:card\" content=\"summary_large_image\" \/>\n<meta name=\"twitter:creator\" content=\"@ISMFRANCE\" \/>\n<meta name=\"twitter:site\" content=\"@ISMFRANCE\" \/>\n<meta name=\"twitter:label1\" content=\"\u00c9crit par\" \/>\n\t<meta name=\"twitter:data1\" content=\"mru_01\" \/>\n\t<meta name=\"twitter:label2\" content=\"Dur\u00e9e de lecture estim\u00e9e\" \/>\n\t<meta name=\"twitter:data2\" content=\"2 minutes\" \/>\n<script type=\"application\/ld+json\" class=\"yoast-schema-graph\">{\"@context\":\"https:\/\/schema.org\",\"@graph\":[{\"@type\":\"Article\",\"@id\":\"https:\/\/ismfrance.org\/index.php\/2021\/12\/31\/les-dessous-de-la-rencontre-entre-gantz-et-abbas\/#article\",\"isPartOf\":{\"@id\":\"https:\/\/ismfrance.org\/index.php\/2021\/12\/31\/les-dessous-de-la-rencontre-entre-gantz-et-abbas\/\"},\"author\":{\"name\":\"mru_01\",\"@id\":\"https:\/\/ismfrance.org\/#\/schema\/person\/3c411eb72adfaae19c0dca1f41fae01d\"},\"headline\":\"Les dessous de la rencontre entre Gantz et Abbas\",\"datePublished\":\"2021-12-31T08:40:01+00:00\",\"mainEntityOfPage\":{\"@id\":\"https:\/\/ismfrance.org\/index.php\/2021\/12\/31\/les-dessous-de-la-rencontre-entre-gantz-et-abbas\/\"},\"wordCount\":327,\"publisher\":{\"@id\":\"https:\/\/ismfrance.org\/#organization\"},\"image\":{\"@id\":\"https:\/\/ismfrance.org\/index.php\/2021\/12\/31\/les-dessous-de-la-rencontre-entre-gantz-et-abbas\/#primaryimage\"},\"thumbnailUrl\":\"https:\/\/ismfrance.org\/wp-content\/uploads\/2021\/12\/destruction-maison.jpg\",\"keywords\":[\"Collabos\"],\"articleSection\":[\"Articles\",\"Communiqu\u00e9s\"],\"inLanguage\":\"fr-FR\"},{\"@type\":\"WebPage\",\"@id\":\"https:\/\/ismfrance.org\/index.php\/2021\/12\/31\/les-dessous-de-la-rencontre-entre-gantz-et-abbas\/\",\"url\":\"https:\/\/ismfrance.org\/index.php\/2021\/12\/31\/les-dessous-de-la-rencontre-entre-gantz-et-abbas\/\",\"name\":\"Les dessous de la rencontre entre Gantz et Abbas - International Solidarity Movement - ISM-France\",\"isPartOf\":{\"@id\":\"https:\/\/ismfrance.org\/#website\"},\"primaryImageOfPage\":{\"@id\":\"https:\/\/ismfrance.org\/index.php\/2021\/12\/31\/les-dessous-de-la-rencontre-entre-gantz-et-abbas\/#primaryimage\"},\"image\":{\"@id\":\"https:\/\/ismfrance.org\/index.php\/2021\/12\/31\/les-dessous-de-la-rencontre-entre-gantz-et-abbas\/#primaryimage\"},\"thumbnailUrl\":\"https:\/\/ismfrance.org\/wp-content\/uploads\/2021\/12\/destruction-maison.jpg\",\"datePublished\":\"2021-12-31T08:40:01+00:00\",\"breadcrumb\":{\"@id\":\"https:\/\/ismfrance.org\/index.php\/2021\/12\/31\/les-dessous-de-la-rencontre-entre-gantz-et-abbas\/#breadcrumb\"},\"inLanguage\":\"fr-FR\",\"potentialAction\":[{\"@type\":\"ReadAction\",\"target\":[\"https:\/\/ismfrance.org\/index.php\/2021\/12\/31\/les-dessous-de-la-rencontre-entre-gantz-et-abbas\/\"]}]},{\"@type\":\"ImageObject\",\"inLanguage\":\"fr-FR\",\"@id\":\"https:\/\/ismfrance.org\/index.php\/2021\/12\/31\/les-dessous-de-la-rencontre-entre-gantz-et-abbas\/#primaryimage\",\"url\":\"https:\/\/ismfrance.org\/wp-content\/uploads\/2021\/12\/destruction-maison.jpg\",\"contentUrl\":\"https:\/\/ismfrance.org\/wp-content\/uploads\/2021\/12\/destruction-maison.jpg\",\"width\":1110,\"height\":740},{\"@type\":\"BreadcrumbList\",\"@id\":\"https:\/\/ismfrance.org\/index.php\/2021\/12\/31\/les-dessous-de-la-rencontre-entre-gantz-et-abbas\/#breadcrumb\",\"itemListElement\":[{\"@type\":\"ListItem\",\"position\":1,\"name\":\"Accueil\",\"item\":\"https:\/\/ismfrance.org\/\"},{\"@type\":\"ListItem\",\"position\":2,\"name\":\"Les dessous de la rencontre entre Gantz et Abbas\"}]},{\"@type\":\"WebSite\",\"@id\":\"https:\/\/ismfrance.org\/#website\",\"url\":\"https:\/\/ismfrance.org\/\",\"name\":\"ISM Palestine France\",\"description\":\"Soutien aux luttes de lib\u00e9ration du peuple palestinien\",\"publisher\":{\"@id\":\"https:\/\/ismfrance.org\/#organization\"},\"potentialAction\":[{\"@type\":\"SearchAction\",\"target\":{\"@type\":\"EntryPoint\",\"urlTemplate\":\"https:\/\/ismfrance.org\/?s={search_term_string}\"},\"query-input\":{\"@type\":\"PropertyValueSpecification\",\"valueRequired\":true,\"valueName\":\"search_term_string\"}}],\"inLanguage\":\"fr-FR\"},{\"@type\":\"Organization\",\"@id\":\"https:\/\/ismfrance.org\/#organization\",\"name\":\"International Solidarity Movement\",\"url\":\"https:\/\/ismfrance.org\/\",\"logo\":{\"@type\":\"ImageObject\",\"inLanguage\":\"fr-FR\",\"@id\":\"https:\/\/ismfrance.org\/#\/schema\/logo\/image\/\",\"url\":\"https:\/\/ismfrance.org\/wp-content\/uploads\/2020\/12\/00.png\",\"contentUrl\":\"https:\/\/ismfrance.org\/wp-content\/uploads\/2020\/12\/00.png\",\"width\":400,\"height\":400,\"caption\":\"International Solidarity Movement\"},\"image\":{\"@id\":\"https:\/\/ismfrance.org\/#\/schema\/logo\/image\/\"},\"sameAs\":[\"https:\/\/x.com\/ISMFRANCE\"]},{\"@type\":\"Person\",\"@id\":\"https:\/\/ismfrance.org\/#\/schema\/person\/3c411eb72adfaae19c0dca1f41fae01d\",\"name\":\"mru_01\",\"image\":{\"@type\":\"ImageObject\",\"inLanguage\":\"fr-FR\",\"@id\":\"https:\/\/secure.gravatar.com\/avatar\/3a0be343b445d2ccc79e87444a294fad2b232e90d2051d0e3cc219e1ecd6a330?s=96&d=mm&r=g\",\"url\":\"https:\/\/secure.gravatar.com\/avatar\/3a0be343b445d2ccc79e87444a294fad2b232e90d2051d0e3cc219e1ecd6a330?s=96&d=mm&r=g\",\"contentUrl\":\"https:\/\/secure.gravatar.com\/avatar\/3a0be343b445d2ccc79e87444a294fad2b232e90d2051d0e3cc219e1ecd6a330?s=96&d=mm&r=g\",\"caption\":\"mru_01\"},\"url\":\"https:\/\/ismfrance.org\/index.php\/author\/admin02\/\"}]}<\/script>\n<!-- \/ Yoast SEO plugin. -->","yoast_head_json":{"title":"Les dessous de la rencontre entre Gantz et Abbas - International Solidarity Movement - ISM-France","robots":{"index":"index","follow":"follow","max-snippet":"max-snippet:-1","max-image-preview":"max-image-preview:large","max-video-preview":"max-video-preview:-1"},"canonical":"https:\/\/ismfrance.org\/index.php\/2021\/12\/31\/les-dessous-de-la-rencontre-entre-gantz-et-abbas\/","og_locale":"fr_FR","og_type":"article","og_title":"Les dessous de la rencontre entre Gantz et Abbas - International Solidarity Movement - ISM-France","og_description":"Al-Manar, 30 d\u00e9cembre 2021. Le quotidien libanais Al-Akhbar a r\u00e9v\u00e9l\u00e9 les dessous de la rencontre entre le chef de l\u2019Autorit\u00e9 palestinienne, Mahmoud Abbas, et le ministre isra\u00e9lien de la guerre Lire la suite &rarr;","og_url":"https:\/\/ismfrance.org\/index.php\/2021\/12\/31\/les-dessous-de-la-rencontre-entre-gantz-et-abbas\/","og_site_name":"International Solidarity Movement - ISM-France","article_published_time":"2021-12-31T08:40:01+00:00","og_image":[{"width":1110,"height":740,"url":"https:\/\/ismfrance.org\/wp-content\/uploads\/2021\/12\/destruction-maison.jpg","type":"image\/jpeg"}],"author":"mru_01","twitter_card":"summary_large_image","twitter_creator":"@ISMFRANCE","twitter_site":"@ISMFRANCE","twitter_misc":{"\u00c9crit par":"mru_01","Dur\u00e9e de lecture estim\u00e9e":"2 minutes"},"schema":{"@context":"https:\/\/schema.org","@graph":[{"@type":"Article","@id":"https:\/\/ismfrance.org\/index.php\/2021\/12\/31\/les-dessous-de-la-rencontre-entre-gantz-et-abbas\/#article","isPartOf":{"@id":"https:\/\/ismfrance.org\/index.php\/2021\/12\/31\/les-dessous-de-la-rencontre-entre-gantz-et-abbas\/"},"author":{"name":"mru_01","@id":"https:\/\/ismfrance.org\/#\/schema\/person\/3c411eb72adfaae19c0dca1f41fae01d"},"headline":"Les dessous de la rencontre entre Gantz et Abbas","datePublished":"2021-12-31T08:40:01+00:00","mainEntityOfPage":{"@id":"https:\/\/ismfrance.org\/index.php\/2021\/12\/31\/les-dessous-de-la-rencontre-entre-gantz-et-abbas\/"},"wordCount":327,"publisher":{"@id":"https:\/\/ismfrance.org\/#organization"},"image":{"@id":"https:\/\/ismfrance.org\/index.php\/2021\/12\/31\/les-dessous-de-la-rencontre-entre-gantz-et-abbas\/#primaryimage"},"thumbnailUrl":"https:\/\/ismfrance.org\/wp-content\/uploads\/2021\/12\/destruction-maison.jpg","keywords":["Collabos"],"articleSection":["Articles","Communiqu\u00e9s"],"inLanguage":"fr-FR"},{"@type":"WebPage","@id":"https:\/\/ismfrance.org\/index.php\/2021\/12\/31\/les-dessous-de-la-rencontre-entre-gantz-et-abbas\/","url":"https:\/\/ismfrance.org\/index.php\/2021\/12\/31\/les-dessous-de-la-rencontre-entre-gantz-et-abbas\/","name":"Les dessous de la rencontre entre Gantz et Abbas - International Solidarity Movement - ISM-France","isPartOf":{"@id":"https:\/\/ismfrance.org\/#website"},"primaryImageOfPage":{"@id":"https:\/\/ismfrance.org\/index.php\/2021\/12\/31\/les-dessous-de-la-rencontre-entre-gantz-et-abbas\/#primaryimage"},"image":{"@id":"https:\/\/ismfrance.org\/index.php\/2021\/12\/31\/les-dessous-de-la-rencontre-entre-gantz-et-abbas\/#primaryimage"},"thumbnailUrl":"https:\/\/ismfrance.org\/wp-content\/uploads\/2021\/12\/destruction-maison.jpg","datePublished":"2021-12-31T08:40:01+00:00","breadcrumb":{"@id":"https:\/\/ismfrance.org\/index.php\/2021\/12\/31\/les-dessous-de-la-rencontre-entre-gantz-et-abbas\/#breadcrumb"},"inLanguage":"fr-FR","potentialAction":[{"@type":"ReadAction","target":["https:\/\/ismfrance.org\/index.php\/2021\/12\/31\/les-dessous-de-la-rencontre-entre-gantz-et-abbas\/"]}]},{"@type":"ImageObject","inLanguage":"fr-FR","@id":"https:\/\/ismfrance.org\/index.php\/2021\/12\/31\/les-dessous-de-la-rencontre-entre-gantz-et-abbas\/#primaryimage","url":"https:\/\/ismfrance.org\/wp-content\/uploads\/2021\/12\/destruction-maison.jpg","contentUrl":"https:\/\/ismfrance.org\/wp-content\/uploads\/2021\/12\/destruction-maison.jpg","width":1110,"height":740},{"@type":"BreadcrumbList","@id":"https:\/\/ismfrance.org\/index.php\/2021\/12\/31\/les-dessous-de-la-rencontre-entre-gantz-et-abbas\/#breadcrumb","itemListElement":[{"@type":"ListItem","position":1,"name":"Accueil","item":"https:\/\/ismfrance.org\/"},{"@type":"ListItem","position":2,"name":"Les dessous de la rencontre entre Gantz et Abbas"}]},{"@type":"WebSite","@id":"https:\/\/ismfrance.org\/#website","url":"https:\/\/ismfrance.org\/","name":"ISM Palestine France","description":"Soutien aux luttes de lib\u00e9ration du peuple palestinien","publisher":{"@id":"https:\/\/ismfrance.org\/#organization"},"potentialAction":[{"@type":"SearchAction","target":{"@type":"EntryPoint","urlTemplate":"https:\/\/ismfrance.org\/?s={search_term_string}"},"query-input":{"@type":"PropertyValueSpecification","valueRequired":true,"valueName":"search_term_string"}}],"inLanguage":"fr-FR"},{"@type":"Organization","@id":"https:\/\/ismfrance.org\/#organization","name":"International Solidarity Movement","url":"https:\/\/ismfrance.org\/","logo":{"@type":"ImageObject","inLanguage":"fr-FR","@id":"https:\/\/ismfrance.org\/#\/schema\/logo\/image\/","url":"https:\/\/ismfrance.org\/wp-content\/uploads\/2020\/12\/00.png","contentUrl":"https:\/\/ismfrance.org\/wp-content\/uploads\/2020\/12\/00.png","width":400,"height":400,"caption":"International Solidarity Movement"},"image":{"@id":"https:\/\/ismfrance.org\/#\/schema\/logo\/image\/"},"sameAs":["https:\/\/x.com\/ISMFRANCE"]},{"@type":"Person","@id":"https:\/\/ismfrance.org\/#\/schema\/person\/3c411eb72adfaae19c0dca1f41fae01d","name":"mru_01","image":{"@type":"ImageObject","inLanguage":"fr-FR","@id":"https:\/\/secure.gravatar.com\/avatar\/3a0be343b445d2ccc79e87444a294fad2b232e90d2051d0e3cc219e1ecd6a330?s=96&d=mm&r=g","url":"https:\/\/secure.gravatar.com\/avatar\/3a0be343b445d2ccc79e87444a294fad2b232e90d2051d0e3cc219e1ecd6a330?s=96&d=mm&r=g","contentUrl":"https:\/\/secure.gravatar.com\/avatar\/3a0be343b445d2ccc79e87444a294fad2b232e90d2051d0e3cc219e1ecd6a330?s=96&d=mm&r=g","caption":"mru_01"},"url":"https:\/\/ismfrance.org\/index.php\/author\/admin02\/"}]}},"_links":{"self":[{"href":"https:\/\/ismfrance.org\/index.php\/wp-json\/wp\/v2\/posts\/1501","targetHints":{"allow":["GET"]}}],"collection":[{"href":"https:\/\/ismfrance.org\/index.php\/wp-json\/wp\/v2\/posts"}],"about":[{"href":"https:\/\/ismfrance.org\/index.php\/wp-json\/wp\/v2\/types\/post"}],"author":[{"embeddable":true,"href":"https:\/\/ismfrance.org\/index.php\/wp-json\/wp\/v2\/users\/3"}],"replies":[{"embeddable":true,"href":"https:\/\/ismfrance.org\/index.php\/wp-json\/wp\/v2\/comments?post=1501"}],"version-history":[{"count":0,"href":"https:\/\/ismfrance.org\/index.php\/wp-json\/wp\/v2\/posts\/1501\/revisions"}],"wp:featuredmedia":[{"embeddable":true,"href":"https:\/\/ismfrance.org\/index.php\/wp-json\/wp\/v2\/media\/1502"}],"wp:attachment":[{"href":"https:\/\/ismfrance.org\/index.php\/wp-json\/wp\/v2\/media?parent=1501"}],"wp:term":[{"taxonomy":"category","embeddable":true,"href":"https:\/\/ismfrance.org\/index.php\/wp-json\/wp\/v2\/categories?post=1501"},{"taxonomy":"post_tag","embeddable":true,"href":"https:\/\/ismfrance.org\/index.php\/wp-json\/wp\/v2\/tags?post=1501"}],"curies":[{"name":"wp","href":"https:\/\/api.w.org\/{rel}","templated":true}]}}