{"id":14995,"date":"2024-10-20T15:26:00","date_gmt":"2024-10-20T13:26:00","guid":{"rendered":"https:\/\/ismfrance.org\/?p=14995"},"modified":"2024-10-20T15:26:00","modified_gmt":"2024-10-20T13:26:00","slug":"lhypocrisie-de-loccident-est-un-gouffre-sans-fond-pour-les-palestiniens","status":"publish","type":"post","link":"https:\/\/ismfrance.org\/index.php\/2024\/10\/20\/lhypocrisie-de-loccident-est-un-gouffre-sans-fond-pour-les-palestiniens\/","title":{"rendered":"L\u2019hypocrisie de l\u2019Occident est un gouffre sans fond pour les Palestiniens"},"content":{"rendered":"<p><span style=\"color: #000000;\"><span style=\"font-family: Verdana, sans-serif;\"><span style=\"font-size: medium;\"><strong>Ramona Wadi, 20 octobre 2024<\/strong>. Au d\u00e9but du g\u00e9nocide isra\u00e9lien \u00e0 Gaza, le Premier ministre isra\u00e9lien Benjamin Netanyahu a d\u00e9clar\u00e9 une guerre contre le Hamas. Apr\u00e8s avoir tu\u00e9 42.500 civils, d\u00e9plac\u00e9 la totalit\u00e9 de la population de Gaza et tu\u00e9 les principaux dirigeants du Hamas, Ismail Haniyeh, Mohammed Deif et Yahya Sinwar, Netanyahu est de nouveau mont\u00e9 sur son podium colonial pour rappeler au monde que la \u00ab guerre \u00bb n\u2019est pas termin\u00e9e. Car, selon la logique coloniale sioniste, le g\u00e9nocide ne peut \u00eatre termin\u00e9 que lorsqu\u2019il ne restera plus aucun Palestinien \u00e0 Gaza.<\/span><\/span><\/span><\/p>\n<div id=\"attachment_14996\" style=\"width: 610px\" class=\"wp-caption aligncenter\"><a href=\"https:\/\/ismfrance.org\/wp-content\/uploads\/2024\/10\/beit-lahiya-2010.jpeg\"><img loading=\"lazy\" decoding=\"async\" aria-describedby=\"caption-attachment-14996\" class=\"wp-image-14996 size-large\" src=\"https:\/\/ismfrance.org\/wp-content\/uploads\/2024\/10\/beit-lahiya-2010-700x383.jpeg\" alt=\"\" width=\"600\" height=\"328\" srcset=\"https:\/\/ismfrance.org\/wp-content\/uploads\/2024\/10\/beit-lahiya-2010-700x383.jpeg 700w, https:\/\/ismfrance.org\/wp-content\/uploads\/2024\/10\/beit-lahiya-2010-300x164.jpeg 300w, https:\/\/ismfrance.org\/wp-content\/uploads\/2024\/10\/beit-lahiya-2010-768x420.jpeg 768w, https:\/\/ismfrance.org\/wp-content\/uploads\/2024\/10\/beit-lahiya-2010.jpeg 1290w\" sizes=\"auto, (max-width: 600px) 100vw, 600px\" \/><\/a><p id=\"caption-attachment-14996\" class=\"wp-caption-text\">Massacre \u00e0 Beit Lahia, 20 octobre 2024.<\/p><\/div>\n<p><span style=\"color: #000000;\"><span style=\"font-family: Verdana, sans-serif;\"><span style=\"font-size: medium;\">Les alli\u00e9s d\u2019Isra\u00ebl en Occident ont salu\u00e9 la mort de Sinwar. Prenons l\u2019exemple du Premier ministre australien Anthony Albanese, qui a d\u00e9crit Sinwar comme \u00ab un ennemi du peuple isra\u00e9lien et un ennemi des peuples \u00e9pris de paix o\u00f9 qu\u2019ils soient \u00bb. Le Hamas n\u2019a jamais internationalis\u00e9 sa r\u00e9sistance \u2013 il a toujours affirm\u00e9 que sa r\u00e9sistance anticoloniale \u00e9tait contenue contre Isra\u00ebl \u2013 un droit en vertu du droit international \u2013 alors pourquoi Albanese tente-t-il de rendre l\u2019assassinat de Sinwar pertinent pour les personnes ext\u00e9rieures \u00e0 la Palestine ? Pour marquer des points en faveur du g\u00e9nocide isra\u00e9lien aupr\u00e8s de ceux qui le soutiennent d\u00e9j\u00e0 ? Les personnes qui comprennent la r\u00e9sistance anticoloniale l\u00e9gitime ne se laisseront pas influencer, et si le droit international \u00e9tait vraiment respect\u00e9, il n\u2019y aurait pas de place pour les commentaires d\u2019Albanese, ni pour Isra\u00ebl. Car rappelons-nous que l\u2019ONU s\u2019est d\u00e9clar\u00e9e engag\u00e9e \u00e0 \u00e9radiquer le colonialisme, mais n\u2019a pas tenu parole.<\/span><\/span><\/span><\/p>\n<p><span style=\"color: #000000;\"><span style=\"font-family: Verdana, sans-serif;\"><span style=\"font-size: medium;\">Les dirigeants europ\u00e9ens ne s&rsquo;en sortent pas mieux. Le pr\u00e9sident du Conseil europ\u00e9en, Charles Michel, a accus\u00e9 le Hamas d\u2019\u00eatre responsable des souffrances du peuple palestinien tout au long du g\u00e9nocide. Le pr\u00e9sident fran\u00e7ais Emmanuel Macron a d\u00e9crit l\u2019assassinat de Sinwar comme un tournant. \u00ab Nous devons saisir cette opportunit\u00e9 pour lib\u00e9rer les otages et mettre fin \u00e0 la guerre \u00bb, a-t-il d\u00e9clar\u00e9 apr\u00e8s le sommet du Conseil europ\u00e9en. La ministre allemande des Affaires \u00e9trang\u00e8res, Annalena Baerbock, a d\u00e9crit Sinwar comme ayant caus\u00e9 \u00ab des souffrances incommensurables dans toute une r\u00e9gion \u00bb. La pr\u00e9sidente de la Commission europ\u00e9enne, Ursula von der Leyen, qui a gard\u00e9 le silence pendant tout le massacre isra\u00e9lien des Palestiniens \u00e0 Gaza, tout en maintenant sa position pro-g\u00e9nocidaire et pro-coloniale, a d\u00e9crit la mort de Sinwar comme \u00ab un affaiblissement certain et significatif du Hamas \u00bb.<\/span><\/span><\/span><\/p>\n<p><span style=\"color: #000000;\"><span style=\"font-family: Verdana, sans-serif;\"><span style=\"font-size: medium;\">De son c\u00f4t\u00e9, le pr\u00e9sident am\u00e9ricain Joe Biden a f\u00e9licit\u00e9 Netanyahou pour l\u2019assassinat de Sinwar, car le chef du Hamas \u00ab a beaucoup de sang sur les mains \u2013 du sang am\u00e9ricain, du sang isra\u00e9lien et d\u2019autres \u00bb. Les groupes sanguins comptent apparemment pour les colonialistes. Car le sang des colonis\u00e9s, dont Netanyahou et l\u2019\u00c9tat d\u2019Isra\u00ebl tout entier sont non seulement impr\u00e9gn\u00e9s mais sur lequel ils ont b\u00e2ti, n\u2019est jamais mentionn\u00e9, malgr\u00e9 sa visibilit\u00e9. Car dans la version coloniale promue par Isra\u00ebl et les \u00c9tats-Unis, les Palestiniens n\u2019ont apparemment pas de sang.<\/span><\/span><\/span><\/p>\n<p><span style=\"color: #000000;\"><span style=\"font-family: Verdana, sans-serif;\"><span style=\"font-size: medium;\">Ce qui ressort \u00e0 premi\u00e8re vue, c\u2019est que les dirigeants occidentaux voient pr\u00e9tendument une \u00ab opportunit\u00e9 \u00bb dans l\u2019assassinat de Sinwar, tandis que Netanyahou ne voit pas la fin du g\u00e9nocide tant que le dernier Palestinien debout ne tombera pas. Cependant, quoi qu\u2019en disent les dirigeants occidentaux, leur soutien au g\u00e9nocide est in\u00e9branlable. Pour maintenir un semblant de <i>statu quo<\/i> inexistant, les dirigeants occidentaux n\u2019ont pas perdu de temps \u00e0 se pr\u00e9cipiter vers la rh\u00e9torique habituelle de lib\u00e9ration des otages isra\u00e9liens, de n\u00e9gociation d\u2019un cessez-le-feu et du principe favori de l\u2019Occident \u2013 \u200b\u200ble paradigme \u00e0 deux \u00c9tats.<\/span><\/span><\/span><\/p>\n<p><span style=\"color: #000000;\"><span style=\"font-family: Verdana, sans-serif;\"><span style=\"font-size: medium;\">A \u00e9couter les dirigeants occidentaux, l\u2019assassinat de Sinwar d\u00e9tient la cl\u00e9 de ces trois \u00e9v\u00e9nements. Pourtant, l\u2019Occident sait que Netanyahou dicte le rythme, et il a d\u00e9j\u00e0 d\u00e9cid\u00e9 qu\u2019il n\u2019y a pas de retour en arri\u00e8re apr\u00e8s le g\u00e9nocide, le cessez-le-feu et la solution \u00e0 deux \u00c9tats. N\u2019est-il pas temps que l\u2019Occident prenne Netanyahou au mot publiquement ? Pourquoi les Palestiniens doivent-ils encore \u00e9couter les absurdit\u00e9s de la solution \u00e0 deux \u00c9tats, parler d\u2019opportunit\u00e9s, de cessez-le-feu qui n\u2019arrivent jamais ? Comment se fait-il que l\u2019Occident ait encore besoin d\u2019exploiter les Palestiniens pour maintenir sa pertinence dans ce contexte ?<\/span><\/span><\/span><\/p>\n<p><span style=\"color: #000000;\"><span style=\"font-family: Verdana, sans-serif;\"><span style=\"font-size: medium;\">Selon Albanese, un cessez-le-feu apr\u00e8s l\u2019assassinat de Sinwar \u00ab brisera le cycle de la violence et mettra la r\u00e9gion sur la voie d\u2019une solution durable \u00e0 deux \u00c9tats \u00bb. Jeudi, le chancelier allemand Olaf Scholz a d\u00e9clar\u00e9 : \u00ab Le pr\u00e9sident Biden et d\u2019autres proposent une forme de cessez-le-feu et nous la soutenons pleinement. \u00bb Est-il si difficile d\u2019imaginer \u00e0 quoi pourrait ressembler un cessez-le-feu ? Peut-\u00eatre, si par cessez-le-feu, l\u2019Occident entend un cessez-le-feu dans lequel Isra\u00ebl continue de bombarder les civils \u00e0 sa guise.<\/span><\/span><\/span><\/p>\n<p><span style=\"color: #000000;\"><span style=\"font-family: Verdana, sans-serif;\"><span style=\"font-size: medium;\">Apr\u00e8s le g\u00e9nocide, on ne croira plus jamais l\u2019Occident. Le meurtre de Sinwar, selon Biden, donne la possibilit\u00e9 \u00ab d\u2019un r\u00e8glement politique qui offre un avenir meilleur aux Isra\u00e9liens et aux Palestiniens \u00bb. Quel que soit le terme utilis\u00e9 par l\u2019Occident pour d\u00e9crire le g\u00e9nocide \u00e0 Gaza, les faits sont que 42.500 civils ont \u00e9t\u00e9 tu\u00e9s et que le nombre de morts est tr\u00e8s probablement plus \u00e9lev\u00e9. Les Palestiniens de Gaza restent d\u00e9plac\u00e9s de force et incapables de rentrer chez eux. Isra\u00ebl bombarde des zones dens\u00e9ment peupl\u00e9es pour infliger un plus grand nombre de morts aux Palestiniens. Alors, quel est la solution politique envisag\u00e9e par les \u00c9tats-Unis ?<\/span><\/span><\/span><\/p>\n<p><span style=\"color: #000000;\"><span style=\"font-family: Verdana, sans-serif;\"><span style=\"font-size: medium;\">Pendant des d\u00e9cennies, le compromis \u00e0 deux \u00c9tats n\u2019a concern\u00e9 que Isra\u00ebl et la communaut\u00e9 internationale. Honte \u00e0 tous les pays, en particulier ceux qui ont le plus critiqu\u00e9 Isra\u00ebl et soutenu la Palestine, d\u2019avoir continu\u00e9 \u00e0 soutenir une telle parodie, sachant pertinemment que l\u2019expansion coloniale ne permettrait pas la cr\u00e9ation d\u2019un \u00c9tat palestinien, car elle ne permet aucun renversement du colonialisme.<\/span><\/span><\/span><\/p>\n<p><span style=\"color: #000000;\"><span style=\"font-family: Verdana, sans-serif;\"><span style=\"font-size: medium;\">Puisque Netanyahou a clairement \u00e9tabli que le g\u00e9nocide ne cessera pas, et que m\u00eame les images en direct de Palestiniens d\u00e9chiquet\u00e9s en lambeaux de chair ou br\u00fbl\u00e9s vifs ne constituent pas une preuve de crimes de guerre pour les \u00c9tats-Unis, Biden et ses alli\u00e9s devraient clarifier aux Palestiniens que le soi-disant r\u00e8glement politique envisag\u00e9 est un r\u00e8glement sans Palestiniens du tout.<\/span><\/span><\/span><\/p>\n<p><span style=\"color: #000000;\"><span style=\"font-family: Verdana, sans-serif;\"><span style=\"font-size: medium;\">Le <i>Jerusalem Post<\/i> a rapport\u00e9 un autre geste macabre de l\u2019arm\u00e9e isra\u00e9lienne \u2013 le largage de tracts repr\u00e9sentant le corps sans vie de Sinwar avec un avertissement : \u00ab Quiconque l\u00e2che l\u2019arme et remet les otages sera autoris\u00e9 \u00e0 partir et \u00e0 vivre en paix. \u00bb Tout d\u2019abord, de nombreux civils palestiniens ne sont pas arm\u00e9s et n\u2019ont pas \u00e9t\u00e9 arm\u00e9s. Deuxi\u00e8mement, les civils ne cachent pas les otages \u2013 ils sont occup\u00e9s \u00e0 essayer de survivre au g\u00e9nocide isra\u00e9lien. Et o\u00f9 partir, exactement, alors que la tactique d\u2019Isra\u00ebl consiste \u00e0 rassembler des civils pour infliger un plus grand nombre de morts ? Ou \u00e0 bombarder des trajectoires suppos\u00e9es s\u00fbres alors que les Palestiniens sont d\u00e9plac\u00e9s de force ?<\/span><\/span><\/span><\/p>\n<p><span style=\"color: #000000;\"><span style=\"font-family: Verdana, sans-serif;\"><span style=\"font-size: medium;\">Les Palestiniens ne sont pas pertinents pour le paradigme des deux \u00c9tats, sauf pour maintenir son existence jusqu\u2019\u00e0 ce que cela soit n\u00e9cessaire. En faisant r\u00e9f\u00e9rence \u00e0 la politique des deux \u00c9tats \u00e0 la moindre occasion diplomatique, l\u2019Occident d\u00e9tourne l\u2019attention du g\u00e9nocide tout en permettant \u00e0 Netanyahou de continuer \u00e0 an\u00e9antir les Palestiniens. C\u2019est l\u2019ab\u00eeme que le paradigme des deux \u00c9tats et tous ses partisans ont cr\u00e9\u00e9 pour les Palestiniens \u2013 la farce macabre consistant \u00e0 forcer les Palestiniens \u00e0 un pr\u00e9tendu pragmatisme pour faciliter leur massacre pour Isra\u00ebl. <\/span><\/span><\/span><\/p>\n<p><em><span style=\"color: #000000;\"><span style=\"font-family: Verdana, sans-serif;\"><span style=\"font-size: medium;\">Article original en anglais sur <a href=\"https:\/\/www.middleeastmonitor.com\/20241020-the-wests-hypocrisy-is-a-bottomless-pit-for-palestinians\/\">Middle East Monitor<\/a> \/ Traduction MR<\/span><\/span><\/span><\/em><\/p>\n","protected":false},"excerpt":{"rendered":"<p>Ramona Wadi, 20 octobre 2024. Au d\u00e9but du g\u00e9nocide isra\u00e9lien \u00e0 Gaza, le Premier ministre isra\u00e9lien Benjamin Netanyahu a d\u00e9clar\u00e9 une guerre contre le Hamas. Apr\u00e8s avoir tu\u00e9 42.500 civils, <a class=\"more-link\" href=\"https:\/\/ismfrance.org\/index.php\/2024\/10\/20\/lhypocrisie-de-loccident-est-un-gouffre-sans-fond-pour-les-palestiniens\/\">Lire la suite &rarr;<\/a><\/p>\n","protected":false},"author":3,"featured_media":14996,"comment_status":"closed","ping_status":"closed","sticky":false,"template":"","format":"standard","meta":{"footnotes":""},"categories":[12,2],"tags":[53,156],"class_list":["post-14995","post","type-post","status-publish","format-standard","has-post-thumbnail","hentry","category-analyses","category-articles","tag-collabos","tag-genocide"],"yoast_head":"<!-- This site is optimized with the Yoast SEO plugin v27.2 - https:\/\/yoast.com\/product\/yoast-seo-wordpress\/ -->\n<title>L\u2019hypocrisie de l\u2019Occident est un gouffre sans fond pour les Palestiniens - International Solidarity Movement - ISM-France<\/title>\n<meta name=\"robots\" content=\"index, follow, max-snippet:-1, max-image-preview:large, max-video-preview:-1\" \/>\n<link rel=\"canonical\" href=\"https:\/\/ismfrance.org\/index.php\/2024\/10\/20\/lhypocrisie-de-loccident-est-un-gouffre-sans-fond-pour-les-palestiniens\/\" \/>\n<meta property=\"og:locale\" content=\"fr_FR\" \/>\n<meta property=\"og:type\" content=\"article\" \/>\n<meta property=\"og:title\" content=\"L\u2019hypocrisie de l\u2019Occident est un gouffre sans fond pour les Palestiniens - International Solidarity Movement - ISM-France\" \/>\n<meta property=\"og:description\" content=\"Ramona Wadi, 20 octobre 2024. Au d\u00e9but du g\u00e9nocide isra\u00e9lien \u00e0 Gaza, le Premier ministre isra\u00e9lien Benjamin Netanyahu a d\u00e9clar\u00e9 une guerre contre le Hamas. Apr\u00e8s avoir tu\u00e9 42.500 civils, Lire la suite &rarr;\" \/>\n<meta property=\"og:url\" content=\"https:\/\/ismfrance.org\/index.php\/2024\/10\/20\/lhypocrisie-de-loccident-est-un-gouffre-sans-fond-pour-les-palestiniens\/\" \/>\n<meta property=\"og:site_name\" content=\"International Solidarity Movement - ISM-France\" \/>\n<meta property=\"article:published_time\" content=\"2024-10-20T13:26:00+00:00\" \/>\n<meta property=\"og:image\" content=\"https:\/\/ismfrance.org\/wp-content\/uploads\/2024\/10\/beit-lahiya-2010.jpeg\" \/>\n\t<meta property=\"og:image:width\" content=\"1290\" \/>\n\t<meta property=\"og:image:height\" content=\"706\" \/>\n\t<meta property=\"og:image:type\" content=\"image\/jpeg\" \/>\n<meta name=\"author\" content=\"mru_01\" \/>\n<meta name=\"twitter:card\" content=\"summary_large_image\" \/>\n<meta name=\"twitter:creator\" content=\"@ISMFRANCE\" \/>\n<meta name=\"twitter:site\" content=\"@ISMFRANCE\" \/>\n<meta name=\"twitter:label1\" content=\"\u00c9crit par\" \/>\n\t<meta name=\"twitter:data1\" content=\"mru_01\" \/>\n\t<meta name=\"twitter:label2\" content=\"Dur\u00e9e de lecture estim\u00e9e\" \/>\n\t<meta name=\"twitter:data2\" content=\"7 minutes\" \/>\n<script type=\"application\/ld+json\" class=\"yoast-schema-graph\">{\"@context\":\"https:\/\/schema.org\",\"@graph\":[{\"@type\":\"Article\",\"@id\":\"https:\/\/ismfrance.org\/index.php\/2024\/10\/20\/lhypocrisie-de-loccident-est-un-gouffre-sans-fond-pour-les-palestiniens\/#article\",\"isPartOf\":{\"@id\":\"https:\/\/ismfrance.org\/index.php\/2024\/10\/20\/lhypocrisie-de-loccident-est-un-gouffre-sans-fond-pour-les-palestiniens\/\"},\"author\":{\"name\":\"mru_01\",\"@id\":\"https:\/\/ismfrance.org\/#\/schema\/person\/3c411eb72adfaae19c0dca1f41fae01d\"},\"headline\":\"L\u2019hypocrisie de l\u2019Occident est un gouffre sans fond pour les Palestiniens\",\"datePublished\":\"2024-10-20T13:26:00+00:00\",\"mainEntityOfPage\":{\"@id\":\"https:\/\/ismfrance.org\/index.php\/2024\/10\/20\/lhypocrisie-de-loccident-est-un-gouffre-sans-fond-pour-les-palestiniens\/\"},\"wordCount\":1354,\"publisher\":{\"@id\":\"https:\/\/ismfrance.org\/#organization\"},\"image\":{\"@id\":\"https:\/\/ismfrance.org\/index.php\/2024\/10\/20\/lhypocrisie-de-loccident-est-un-gouffre-sans-fond-pour-les-palestiniens\/#primaryimage\"},\"thumbnailUrl\":\"https:\/\/ismfrance.org\/wp-content\/uploads\/2024\/10\/beit-lahiya-2010.jpeg\",\"keywords\":[\"Collabos\",\"G\u00e9nocide\"],\"articleSection\":[\"Analyses\",\"Articles\"],\"inLanguage\":\"fr-FR\"},{\"@type\":\"WebPage\",\"@id\":\"https:\/\/ismfrance.org\/index.php\/2024\/10\/20\/lhypocrisie-de-loccident-est-un-gouffre-sans-fond-pour-les-palestiniens\/\",\"url\":\"https:\/\/ismfrance.org\/index.php\/2024\/10\/20\/lhypocrisie-de-loccident-est-un-gouffre-sans-fond-pour-les-palestiniens\/\",\"name\":\"L\u2019hypocrisie de l\u2019Occident est un gouffre sans fond pour les Palestiniens - International Solidarity Movement - ISM-France\",\"isPartOf\":{\"@id\":\"https:\/\/ismfrance.org\/#website\"},\"primaryImageOfPage\":{\"@id\":\"https:\/\/ismfrance.org\/index.php\/2024\/10\/20\/lhypocrisie-de-loccident-est-un-gouffre-sans-fond-pour-les-palestiniens\/#primaryimage\"},\"image\":{\"@id\":\"https:\/\/ismfrance.org\/index.php\/2024\/10\/20\/lhypocrisie-de-loccident-est-un-gouffre-sans-fond-pour-les-palestiniens\/#primaryimage\"},\"thumbnailUrl\":\"https:\/\/ismfrance.org\/wp-content\/uploads\/2024\/10\/beit-lahiya-2010.jpeg\",\"datePublished\":\"2024-10-20T13:26:00+00:00\",\"breadcrumb\":{\"@id\":\"https:\/\/ismfrance.org\/index.php\/2024\/10\/20\/lhypocrisie-de-loccident-est-un-gouffre-sans-fond-pour-les-palestiniens\/#breadcrumb\"},\"inLanguage\":\"fr-FR\",\"potentialAction\":[{\"@type\":\"ReadAction\",\"target\":[\"https:\/\/ismfrance.org\/index.php\/2024\/10\/20\/lhypocrisie-de-loccident-est-un-gouffre-sans-fond-pour-les-palestiniens\/\"]}]},{\"@type\":\"ImageObject\",\"inLanguage\":\"fr-FR\",\"@id\":\"https:\/\/ismfrance.org\/index.php\/2024\/10\/20\/lhypocrisie-de-loccident-est-un-gouffre-sans-fond-pour-les-palestiniens\/#primaryimage\",\"url\":\"https:\/\/ismfrance.org\/wp-content\/uploads\/2024\/10\/beit-lahiya-2010.jpeg\",\"contentUrl\":\"https:\/\/ismfrance.org\/wp-content\/uploads\/2024\/10\/beit-lahiya-2010.jpeg\",\"width\":1290,\"height\":706},{\"@type\":\"BreadcrumbList\",\"@id\":\"https:\/\/ismfrance.org\/index.php\/2024\/10\/20\/lhypocrisie-de-loccident-est-un-gouffre-sans-fond-pour-les-palestiniens\/#breadcrumb\",\"itemListElement\":[{\"@type\":\"ListItem\",\"position\":1,\"name\":\"Accueil\",\"item\":\"https:\/\/ismfrance.org\/\"},{\"@type\":\"ListItem\",\"position\":2,\"name\":\"L\u2019hypocrisie de l\u2019Occident est un gouffre sans fond pour les Palestiniens\"}]},{\"@type\":\"WebSite\",\"@id\":\"https:\/\/ismfrance.org\/#website\",\"url\":\"https:\/\/ismfrance.org\/\",\"name\":\"ISM Palestine France\",\"description\":\"Soutien aux luttes de lib\u00e9ration du peuple palestinien\",\"publisher\":{\"@id\":\"https:\/\/ismfrance.org\/#organization\"},\"potentialAction\":[{\"@type\":\"SearchAction\",\"target\":{\"@type\":\"EntryPoint\",\"urlTemplate\":\"https:\/\/ismfrance.org\/?s={search_term_string}\"},\"query-input\":{\"@type\":\"PropertyValueSpecification\",\"valueRequired\":true,\"valueName\":\"search_term_string\"}}],\"inLanguage\":\"fr-FR\"},{\"@type\":\"Organization\",\"@id\":\"https:\/\/ismfrance.org\/#organization\",\"name\":\"International Solidarity Movement\",\"url\":\"https:\/\/ismfrance.org\/\",\"logo\":{\"@type\":\"ImageObject\",\"inLanguage\":\"fr-FR\",\"@id\":\"https:\/\/ismfrance.org\/#\/schema\/logo\/image\/\",\"url\":\"https:\/\/ismfrance.org\/wp-content\/uploads\/2020\/12\/00.png\",\"contentUrl\":\"https:\/\/ismfrance.org\/wp-content\/uploads\/2020\/12\/00.png\",\"width\":400,\"height\":400,\"caption\":\"International Solidarity Movement\"},\"image\":{\"@id\":\"https:\/\/ismfrance.org\/#\/schema\/logo\/image\/\"},\"sameAs\":[\"https:\/\/x.com\/ISMFRANCE\"]},{\"@type\":\"Person\",\"@id\":\"https:\/\/ismfrance.org\/#\/schema\/person\/3c411eb72adfaae19c0dca1f41fae01d\",\"name\":\"mru_01\",\"image\":{\"@type\":\"ImageObject\",\"inLanguage\":\"fr-FR\",\"@id\":\"https:\/\/secure.gravatar.com\/avatar\/3a0be343b445d2ccc79e87444a294fad2b232e90d2051d0e3cc219e1ecd6a330?s=96&d=mm&r=g\",\"url\":\"https:\/\/secure.gravatar.com\/avatar\/3a0be343b445d2ccc79e87444a294fad2b232e90d2051d0e3cc219e1ecd6a330?s=96&d=mm&r=g\",\"contentUrl\":\"https:\/\/secure.gravatar.com\/avatar\/3a0be343b445d2ccc79e87444a294fad2b232e90d2051d0e3cc219e1ecd6a330?s=96&d=mm&r=g\",\"caption\":\"mru_01\"},\"url\":\"https:\/\/ismfrance.org\/index.php\/author\/admin02\/\"}]}<\/script>\n<!-- \/ Yoast SEO plugin. -->","yoast_head_json":{"title":"L\u2019hypocrisie de l\u2019Occident est un gouffre sans fond pour les Palestiniens - International Solidarity Movement - ISM-France","robots":{"index":"index","follow":"follow","max-snippet":"max-snippet:-1","max-image-preview":"max-image-preview:large","max-video-preview":"max-video-preview:-1"},"canonical":"https:\/\/ismfrance.org\/index.php\/2024\/10\/20\/lhypocrisie-de-loccident-est-un-gouffre-sans-fond-pour-les-palestiniens\/","og_locale":"fr_FR","og_type":"article","og_title":"L\u2019hypocrisie de l\u2019Occident est un gouffre sans fond pour les Palestiniens - International Solidarity Movement - ISM-France","og_description":"Ramona Wadi, 20 octobre 2024. Au d\u00e9but du g\u00e9nocide isra\u00e9lien \u00e0 Gaza, le Premier ministre isra\u00e9lien Benjamin Netanyahu a d\u00e9clar\u00e9 une guerre contre le Hamas. Apr\u00e8s avoir tu\u00e9 42.500 civils, Lire la suite &rarr;","og_url":"https:\/\/ismfrance.org\/index.php\/2024\/10\/20\/lhypocrisie-de-loccident-est-un-gouffre-sans-fond-pour-les-palestiniens\/","og_site_name":"International Solidarity Movement - ISM-France","article_published_time":"2024-10-20T13:26:00+00:00","og_image":[{"width":1290,"height":706,"url":"https:\/\/ismfrance.org\/wp-content\/uploads\/2024\/10\/beit-lahiya-2010.jpeg","type":"image\/jpeg"}],"author":"mru_01","twitter_card":"summary_large_image","twitter_creator":"@ISMFRANCE","twitter_site":"@ISMFRANCE","twitter_misc":{"\u00c9crit par":"mru_01","Dur\u00e9e de lecture estim\u00e9e":"7 minutes"},"schema":{"@context":"https:\/\/schema.org","@graph":[{"@type":"Article","@id":"https:\/\/ismfrance.org\/index.php\/2024\/10\/20\/lhypocrisie-de-loccident-est-un-gouffre-sans-fond-pour-les-palestiniens\/#article","isPartOf":{"@id":"https:\/\/ismfrance.org\/index.php\/2024\/10\/20\/lhypocrisie-de-loccident-est-un-gouffre-sans-fond-pour-les-palestiniens\/"},"author":{"name":"mru_01","@id":"https:\/\/ismfrance.org\/#\/schema\/person\/3c411eb72adfaae19c0dca1f41fae01d"},"headline":"L\u2019hypocrisie de l\u2019Occident est un gouffre sans fond pour les Palestiniens","datePublished":"2024-10-20T13:26:00+00:00","mainEntityOfPage":{"@id":"https:\/\/ismfrance.org\/index.php\/2024\/10\/20\/lhypocrisie-de-loccident-est-un-gouffre-sans-fond-pour-les-palestiniens\/"},"wordCount":1354,"publisher":{"@id":"https:\/\/ismfrance.org\/#organization"},"image":{"@id":"https:\/\/ismfrance.org\/index.php\/2024\/10\/20\/lhypocrisie-de-loccident-est-un-gouffre-sans-fond-pour-les-palestiniens\/#primaryimage"},"thumbnailUrl":"https:\/\/ismfrance.org\/wp-content\/uploads\/2024\/10\/beit-lahiya-2010.jpeg","keywords":["Collabos","G\u00e9nocide"],"articleSection":["Analyses","Articles"],"inLanguage":"fr-FR"},{"@type":"WebPage","@id":"https:\/\/ismfrance.org\/index.php\/2024\/10\/20\/lhypocrisie-de-loccident-est-un-gouffre-sans-fond-pour-les-palestiniens\/","url":"https:\/\/ismfrance.org\/index.php\/2024\/10\/20\/lhypocrisie-de-loccident-est-un-gouffre-sans-fond-pour-les-palestiniens\/","name":"L\u2019hypocrisie de l\u2019Occident est un gouffre sans fond pour les Palestiniens - International Solidarity Movement - ISM-France","isPartOf":{"@id":"https:\/\/ismfrance.org\/#website"},"primaryImageOfPage":{"@id":"https:\/\/ismfrance.org\/index.php\/2024\/10\/20\/lhypocrisie-de-loccident-est-un-gouffre-sans-fond-pour-les-palestiniens\/#primaryimage"},"image":{"@id":"https:\/\/ismfrance.org\/index.php\/2024\/10\/20\/lhypocrisie-de-loccident-est-un-gouffre-sans-fond-pour-les-palestiniens\/#primaryimage"},"thumbnailUrl":"https:\/\/ismfrance.org\/wp-content\/uploads\/2024\/10\/beit-lahiya-2010.jpeg","datePublished":"2024-10-20T13:26:00+00:00","breadcrumb":{"@id":"https:\/\/ismfrance.org\/index.php\/2024\/10\/20\/lhypocrisie-de-loccident-est-un-gouffre-sans-fond-pour-les-palestiniens\/#breadcrumb"},"inLanguage":"fr-FR","potentialAction":[{"@type":"ReadAction","target":["https:\/\/ismfrance.org\/index.php\/2024\/10\/20\/lhypocrisie-de-loccident-est-un-gouffre-sans-fond-pour-les-palestiniens\/"]}]},{"@type":"ImageObject","inLanguage":"fr-FR","@id":"https:\/\/ismfrance.org\/index.php\/2024\/10\/20\/lhypocrisie-de-loccident-est-un-gouffre-sans-fond-pour-les-palestiniens\/#primaryimage","url":"https:\/\/ismfrance.org\/wp-content\/uploads\/2024\/10\/beit-lahiya-2010.jpeg","contentUrl":"https:\/\/ismfrance.org\/wp-content\/uploads\/2024\/10\/beit-lahiya-2010.jpeg","width":1290,"height":706},{"@type":"BreadcrumbList","@id":"https:\/\/ismfrance.org\/index.php\/2024\/10\/20\/lhypocrisie-de-loccident-est-un-gouffre-sans-fond-pour-les-palestiniens\/#breadcrumb","itemListElement":[{"@type":"ListItem","position":1,"name":"Accueil","item":"https:\/\/ismfrance.org\/"},{"@type":"ListItem","position":2,"name":"L\u2019hypocrisie de l\u2019Occident est un gouffre sans fond pour les Palestiniens"}]},{"@type":"WebSite","@id":"https:\/\/ismfrance.org\/#website","url":"https:\/\/ismfrance.org\/","name":"ISM Palestine France","description":"Soutien aux luttes de lib\u00e9ration du peuple palestinien","publisher":{"@id":"https:\/\/ismfrance.org\/#organization"},"potentialAction":[{"@type":"SearchAction","target":{"@type":"EntryPoint","urlTemplate":"https:\/\/ismfrance.org\/?s={search_term_string}"},"query-input":{"@type":"PropertyValueSpecification","valueRequired":true,"valueName":"search_term_string"}}],"inLanguage":"fr-FR"},{"@type":"Organization","@id":"https:\/\/ismfrance.org\/#organization","name":"International Solidarity Movement","url":"https:\/\/ismfrance.org\/","logo":{"@type":"ImageObject","inLanguage":"fr-FR","@id":"https:\/\/ismfrance.org\/#\/schema\/logo\/image\/","url":"https:\/\/ismfrance.org\/wp-content\/uploads\/2020\/12\/00.png","contentUrl":"https:\/\/ismfrance.org\/wp-content\/uploads\/2020\/12\/00.png","width":400,"height":400,"caption":"International Solidarity Movement"},"image":{"@id":"https:\/\/ismfrance.org\/#\/schema\/logo\/image\/"},"sameAs":["https:\/\/x.com\/ISMFRANCE"]},{"@type":"Person","@id":"https:\/\/ismfrance.org\/#\/schema\/person\/3c411eb72adfaae19c0dca1f41fae01d","name":"mru_01","image":{"@type":"ImageObject","inLanguage":"fr-FR","@id":"https:\/\/secure.gravatar.com\/avatar\/3a0be343b445d2ccc79e87444a294fad2b232e90d2051d0e3cc219e1ecd6a330?s=96&d=mm&r=g","url":"https:\/\/secure.gravatar.com\/avatar\/3a0be343b445d2ccc79e87444a294fad2b232e90d2051d0e3cc219e1ecd6a330?s=96&d=mm&r=g","contentUrl":"https:\/\/secure.gravatar.com\/avatar\/3a0be343b445d2ccc79e87444a294fad2b232e90d2051d0e3cc219e1ecd6a330?s=96&d=mm&r=g","caption":"mru_01"},"url":"https:\/\/ismfrance.org\/index.php\/author\/admin02\/"}]}},"_links":{"self":[{"href":"https:\/\/ismfrance.org\/index.php\/wp-json\/wp\/v2\/posts\/14995","targetHints":{"allow":["GET"]}}],"collection":[{"href":"https:\/\/ismfrance.org\/index.php\/wp-json\/wp\/v2\/posts"}],"about":[{"href":"https:\/\/ismfrance.org\/index.php\/wp-json\/wp\/v2\/types\/post"}],"author":[{"embeddable":true,"href":"https:\/\/ismfrance.org\/index.php\/wp-json\/wp\/v2\/users\/3"}],"replies":[{"embeddable":true,"href":"https:\/\/ismfrance.org\/index.php\/wp-json\/wp\/v2\/comments?post=14995"}],"version-history":[{"count":0,"href":"https:\/\/ismfrance.org\/index.php\/wp-json\/wp\/v2\/posts\/14995\/revisions"}],"wp:featuredmedia":[{"embeddable":true,"href":"https:\/\/ismfrance.org\/index.php\/wp-json\/wp\/v2\/media\/14996"}],"wp:attachment":[{"href":"https:\/\/ismfrance.org\/index.php\/wp-json\/wp\/v2\/media?parent=14995"}],"wp:term":[{"taxonomy":"category","embeddable":true,"href":"https:\/\/ismfrance.org\/index.php\/wp-json\/wp\/v2\/categories?post=14995"},{"taxonomy":"post_tag","embeddable":true,"href":"https:\/\/ismfrance.org\/index.php\/wp-json\/wp\/v2\/tags?post=14995"}],"curies":[{"name":"wp","href":"https:\/\/api.w.org\/{rel}","templated":true}]}}