{"id":14944,"date":"2024-10-18T16:59:54","date_gmt":"2024-10-18T14:59:54","guid":{"rendered":"https:\/\/ismfrance.org\/?p=14944"},"modified":"2024-10-19T11:00:23","modified_gmt":"2024-10-19T09:00:23","slug":"yahya-sinwar-est-mort-en-combattant-israel-sa-mort-ne-vaincra-pas-le-hamas","status":"publish","type":"post","link":"https:\/\/ismfrance.org\/index.php\/2024\/10\/18\/yahya-sinwar-est-mort-en-combattant-israel-sa-mort-ne-vaincra-pas-le-hamas\/","title":{"rendered":"Yahya Sinwar est mort en combattant Isra\u00ebl. Sa mort ne vaincra pas le Hamas"},"content":{"rendered":"<p><span style=\"color: #000000;\"><span style=\"font-family: Arial, sans-serif;\"><span style=\"font-size: medium;\"><strong>Azzam Tamimi, 18 octobre 2024<\/strong>. Les premi\u00e8res photos publi\u00e9es sur les r\u00e9seaux sociaux du chef du Hamas Yahya Sinwar, gisant mort \u00e0 l&rsquo;int\u00e9rieur de ce qui semble \u00eatre une maison partiellement d\u00e9molie \u00e0 Gaza, ne correspondaient peut-\u00eatre pas \u00e0 ce que les dirigeants isra\u00e9liens voulaient que le monde voie.<\/span><\/span><\/span><\/p>\n<p><a href=\"https:\/\/ismfrance.org\/wp-content\/uploads\/2024\/10\/GaLCAPEXYAAIi8j.jpeg\"><img loading=\"lazy\" decoding=\"async\" class=\"alignnone size-large wp-image-14946\" src=\"https:\/\/ismfrance.org\/wp-content\/uploads\/2024\/10\/GaLCAPEXYAAIi8j-700x700.jpeg\" alt=\"\" width=\"600\" height=\"600\" srcset=\"https:\/\/ismfrance.org\/wp-content\/uploads\/2024\/10\/GaLCAPEXYAAIi8j-700x700.jpeg 700w, https:\/\/ismfrance.org\/wp-content\/uploads\/2024\/10\/GaLCAPEXYAAIi8j-300x300.jpeg 300w, https:\/\/ismfrance.org\/wp-content\/uploads\/2024\/10\/GaLCAPEXYAAIi8j-150x150.jpeg 150w, https:\/\/ismfrance.org\/wp-content\/uploads\/2024\/10\/GaLCAPEXYAAIi8j-768x768.jpeg 768w, https:\/\/ismfrance.org\/wp-content\/uploads\/2024\/10\/GaLCAPEXYAAIi8j-144x144.jpeg 144w, https:\/\/ismfrance.org\/wp-content\/uploads\/2024\/10\/GaLCAPEXYAAIi8j.jpeg 1080w\" sizes=\"auto, (max-width: 600px) 100vw, 600px\" \/><\/a><\/p>\n<p><span style=\"color: #000000;\"><span style=\"font-family: Arial, sans-serif;\"><span style=\"font-size: medium;\">On a sugg\u00e9r\u00e9 que les soldats qui ont trouv\u00e9 le corps sans vie et soup\u00e7onnaient qu&rsquo;il s&rsquo;agissait de Sinwar l&rsquo;ont rapidement photographi\u00e9 et envoy\u00e9 les photos \u00e0 des connaissances qui les ont \u00e0 leur tour publi\u00e9es pour que le monde les voie.<\/span><\/span><\/span><\/p>\n<p><span style=\"color: #000000;\"><span style=\"font-family: Arial, sans-serif;\"><span style=\"font-size: medium;\">Leurs sup\u00e9rieurs avaient en t\u00eate une version diff\u00e9rente de la mort de l&rsquo;homme.<\/span><\/span><\/span><\/p>\n<p><span style=\"color: #000000;\"><span style=\"font-family: Arial, sans-serif;\"><span style=\"font-size: medium;\">Ils auraient pr\u00e9f\u00e9r\u00e9 dessiner l&rsquo;image d&rsquo;un chef du Hamas se cachant dans un tunnel en utilisant des otages isra\u00e9liens comme boucliers humains. La v\u00e9rit\u00e9 est que le principal dirigeant du Hamas a perdu la vie en combattant ses ennemis.<\/span><\/span><\/span><\/p>\n<p><span style=\"color: #000000;\"><span style=\"font-family: Arial, sans-serif;\"><span style=\"font-size: medium;\">Ce n&rsquo;est pas tout.<\/span><\/span><\/span><\/p>\n<p><span style=\"color: #000000;\"><span style=\"font-family: Arial, sans-serif;\"><span style=\"font-size: medium;\">Les photos montrent une blessure par balle dans sa t\u00eate. Il ne cherchait pas \u00e0 fuir, comme le Premier ministre isra\u00e9lien Benjamin Netanyahu aurait voulu le faire croire, mais il est mort en affrontant les soldats isra\u00e9liens qui se trouvaient face \u00e0 face.<\/span><\/span><\/span><\/p>\n<p><span style=\"color: #000000;\"><span style=\"font-family: Arial, sans-serif;\"><span style=\"font-size: medium;\">Du point de vue palestinien, cela serait consid\u00e9r\u00e9 comme la mort la plus noble et la plus honorable.<\/span><\/span><\/span><\/p>\n<div id=\"attachment_14970\" style=\"width: 610px\" class=\"wp-caption alignnone\"><a href=\"https:\/\/ismfrance.org\/wp-content\/uploads\/2024\/10\/yahya-blesse.jpeg\"><img loading=\"lazy\" decoding=\"async\" aria-describedby=\"caption-attachment-14970\" class=\"wp-image-14970 size-large\" src=\"https:\/\/ismfrance.org\/wp-content\/uploads\/2024\/10\/yahya-blesse-700x453.jpeg\" alt=\"\" width=\"600\" height=\"388\" srcset=\"https:\/\/ismfrance.org\/wp-content\/uploads\/2024\/10\/yahya-blesse-700x453.jpeg 700w, https:\/\/ismfrance.org\/wp-content\/uploads\/2024\/10\/yahya-blesse-300x194.jpeg 300w, https:\/\/ismfrance.org\/wp-content\/uploads\/2024\/10\/yahya-blesse-768x497.jpeg 768w, https:\/\/ismfrance.org\/wp-content\/uploads\/2024\/10\/yahya-blesse.jpeg 1280w\" sizes=\"auto, (max-width: 600px) 100vw, 600px\" \/><\/a><p id=\"caption-attachment-14970\" class=\"wp-caption-text\">Capture d&rsquo;image de la <a href=\"https:\/\/x.com\/i\/status\/1847259820690165837\">vid\u00e9o<\/a> publi\u00e9e par l&rsquo;arm\u00e9e d&rsquo;occupation sur les derniers instants de Yahya Sinwar vivant, bless\u00e9, fixant le drone et lui lan\u00e7ant un baton en signe de d\u00e9fiance.<\/p><\/div>\n<p><strong><span style=\"color: #000000;\"><span style=\"font-family: Arial, sans-serif;\"><span style=\"font-size: large;\">Leader incontest\u00e9<\/span><\/span><\/span><\/strong><\/p>\n<p><span style=\"color: #000000;\"><span style=\"font-family: Arial, sans-serif;\"><span style=\"font-size: medium;\">Yahya Sinwar, ou Abu Ibrahim comme on l\u2019appelle dans les cercles du Hamas, est n\u00e9 dans le camp de r\u00e9fugi\u00e9s de Khan Younis dans la bande de Gaza en octobre 1962 dans une famille de r\u00e9fugi\u00e9s originaires de la ville palestinienne de Majdal. En 1948, des gangs sionistes ont occup\u00e9 le village pendant la Nakba palestinienne (la cr\u00e9ation de l\u2019\u00c9tat d\u2019Isra\u00ebl) et l\u2019ont rebaptis\u00e9 Ashkelon.<\/span><\/span><\/span><\/p>\n<p><span style=\"color: #000000;\"><span style=\"font-family: Arial, sans-serif;\"><span style=\"font-size: medium;\">Comme des milliers d\u2019habitants des zones situ\u00e9es au nord de Gaza, qui sont devenues du jour au lendemain \u00ab l\u2019\u00c9tat d\u2019Isra\u00ebl \u00bb, la famille de Sinwar a fui vers le sud pour ce qu\u2019ils pensaient \u00e0 l\u2019\u00e9poque \u00eatre un refuge temporaire.<\/span><\/span><\/span><\/p>\n<p><span style=\"color: #000000;\"><span style=\"font-family: Arial, sans-serif;\"><span style=\"font-size: medium;\">Tous ces r\u00e9fugi\u00e9s \u00e9taient convaincus qu\u2019en quelques jours, ils seraient de retour chez eux d\u00e8s que les troupes des pays arabes voisins parviendraient, comme promis, \u00e0 leur venir en aide, en s\u00e9curisant leurs villes et villages et en dissuadant les gangs juifs qui perp\u00e9traient des massacres pour chasser la population palestinienne. Ce ne fut pas le cas.<\/span><\/span><\/span><\/p>\n<p><span style=\"color: #000000;\"><span style=\"font-family: Arial, sans-serif;\"><span style=\"font-size: medium;\">Sinwar est all\u00e9 \u00e0 l\u2019\u00e9cole \u00e0 Gaza et a \u00e9tudi\u00e9 la litt\u00e9rature arabe \u00e0 l\u2019Universit\u00e9 islamique. Il \u00e9tait un \u00e9tudiant actif au lyc\u00e9e et \u00e0 l\u2019universit\u00e9 o\u00f9 il a rejoint la section des Fr\u00e8res musulmans en Palestine. Les Isra\u00e9liens l&rsquo;ont d\u00e9tenu une premi\u00e8re fois \u00e0 l\u2019\u00e2ge de 20 ans en 1982 pendant 10 mois, puis une nouvelle fois en 1985 pendant huit mois.<\/span><\/span><\/span><\/p>\n<p><span style=\"color: #000000;\"><span style=\"font-family: Arial, sans-serif;\"><span style=\"font-size: medium;\">Lors de la cr\u00e9ation du Hamas en 1987, Sinwar est devenu l\u2019un de ses principaux agents et a \u00e9t\u00e9 charg\u00e9 par le fondateur du Hamas, Cheikh Ahmad Yassine, de mettre en place un appareil de s\u00e9curit\u00e9 connu sous le nom de Majd. L\u2019un des objectifs \u00e9tait de d\u00e9tecter, de poursuivre et de punir les collaborateurs qui informaient les forces d\u2019occupation isra\u00e9liennes sur les militants palestiniens dans la bande de Gaza.<\/span><\/span><\/span><\/p>\n<p><span style=\"color: #000000;\"><span style=\"font-family: Arial, sans-serif;\"><span style=\"font-size: medium;\">Il a finalement \u00e9t\u00e9 arr\u00eat\u00e9 en 1988 et condamn\u00e9 \u00e0 quatre peines de prison \u00e0 vie pour avoir enlev\u00e9 et tu\u00e9 deux soldats isra\u00e9liens et pour avoir tu\u00e9 quatre Palestiniens soup\u00e7onn\u00e9s de collaboration avec Isra\u00ebl.<\/span><\/span><\/span><\/p>\n<p><span style=\"color: #000000;\"><span style=\"font-family: Arial, sans-serif;\"><span style=\"font-size: medium;\">Il est rest\u00e9 en d\u00e9tention isra\u00e9lienne pendant 23 ans, au cours desquels il a appris l&rsquo;h\u00e9breu et traduit ou \u00e9crit plusieurs livres. Il a \u00e9galement jou\u00e9 un r\u00f4le de premier plan dans la gestion des affaires des d\u00e9tenus du Hamas et dans la coordination des relations et le r\u00e8glement des diff\u00e9rends avec les d\u00e9tenus d&rsquo;autres factions.<\/span><\/span><\/span><\/p>\n<p><span style=\"color: #000000;\"><span style=\"font-family: Arial, sans-serif;\"><span style=\"font-size: medium;\">En 2011, il \u00e9tait l&rsquo;un des plus d&rsquo;un millier de d\u00e9tenus palestiniens lib\u00e9r\u00e9s en \u00e9change d&rsquo;un soldat isra\u00e9lien appel\u00e9 Gilad Shalit. Apr\u00e8s son \u00e9mancipation, Sinwar a occup\u00e9 des postes importants au sein du mouvement.<\/span><\/span><\/span><\/p>\n<p><span style=\"color: #000000;\"><span style=\"font-family: Arial, sans-serif;\"><span style=\"font-size: medium;\">Un an seulement apr\u00e8s sa sortie de d\u00e9tention, il a \u00e9t\u00e9 \u00e9lu en 2012 membre du bureau politique du Hamas et a jou\u00e9 un r\u00f4le de premier plan dans l&rsquo;administration de l&rsquo;aile militaire du mouvement, les Brigades Izziddin Al-Qassam.<\/span><\/span><\/span><\/p>\n<p><span style=\"color: #000000;\"><span style=\"font-family: Arial, sans-serif;\"><span style=\"font-size: medium;\">Sinwar a gagn\u00e9 en importance en 2021 lorsqu&rsquo;il a \u00e9t\u00e9 \u00e9lu \u00e0 la t\u00eate de l&rsquo;organisation locale du Hamas \u00e0 Gaza. Cette ann\u00e9e-l\u00e0, les tensions \u00e0 J\u00e9rusalem li\u00e9es aux tentatives r\u00e9p\u00e9t\u00e9es des colons juifs de prendre d\u2019assaut la mosqu\u00e9e Al-Aqsa et aux restrictions isra\u00e9liennes impos\u00e9es aux fid\u00e8les palestiniens ont d\u00e9clench\u00e9 une nouvelle guerre \u00e0 Gaza qui a dur\u00e9 11 jours.<\/span><\/span><\/span><\/p>\n<p><span style=\"color: #000000;\"><span style=\"font-family: Arial, sans-serif;\"><span style=\"font-size: medium;\">Il s\u2019agissait de la quatri\u00e8me attaque majeure d\u2019Isra\u00ebl contre Gaza en 14 ans. Les d\u00e9g\u00e2ts ont \u00e9t\u00e9 consid\u00e9rables et des centaines de victimes ont \u00e9t\u00e9 tu\u00e9es. Pourtant, la guerre a \u00e9tabli Sinwar comme le leader incontest\u00e9 de l\u2019enclave.<\/span><\/span><\/span><\/p>\n<p><span style=\"color: #000000;\"><span style=\"font-family: Arial, sans-serif;\"><span style=\"font-size: medium;\">Selon un r\u00e9cent rapport du <i>New York Times <\/i>citant des documents du Hamas, que les Isra\u00e9liens auraient trouv\u00e9s dans un ordinateur portable \u00e0 Gaza, Sinwar et un cercle tr\u00e8s proche de quelques-uns de ses camarades ont commenc\u00e9 \u00e0 pr\u00e9parer une offensive majeure contre Isra\u00ebl d\u00e8s 2021.<\/span><\/span><\/span><\/p>\n<p><span style=\"color: #000000;\"><span style=\"font-family: Arial, sans-serif;\"><span style=\"font-size: medium;\">Apr\u00e8s l&rsquo;assassinat d&rsquo;Ismail Haniyeh par Isra\u00ebl \u00e0 T\u00e9h\u00e9ran le 31 juillet 2024, apr\u00e8s de longues d\u00e9lib\u00e9rations et de nombreuses sp\u00e9culations, le Conseil de la Choura du Hamas a nomm\u00e9 Sinwar successeur d&rsquo;Haniyah comme nouveau chef politique du mouvement le 5 ao\u00fbt, \u00e0 la surprise de nombreux observateurs.<\/span><\/span><\/span><\/p>\n<p><strong><span style=\"color: #000000;\"><span style=\"font-family: Arial, sans-serif;\"><span style=\"font-size: large;\">Un mouvement r\u00e9silient<\/span><\/span><\/span><\/strong><\/p>\n<p><span style=\"color: #000000;\"><span style=\"font-family: Arial, sans-serif;\"><span style=\"font-size: medium;\">Selon les conventions, un tel poste devait \u00eatre occup\u00e9 par une personnalit\u00e9 du Hamas de la diaspora en raison des t\u00e2ches politiques et diplomatiques que ce poste implique et qui n\u00e9cessitent une libre circulation.<\/span><\/span><\/span><\/p>\n<p><span style=\"color: #000000;\"><span style=\"font-family: Arial, sans-serif;\"><span style=\"font-size: medium;\">Khaled Meshaal\u00a0\u00e9tait consid\u00e9r\u00e9 par beaucoup comme le candidat le plus probable. Pourtant, Meshaal a refus\u00e9 d\u2019accepter la nomination et a insist\u00e9 sur le fait que Gaza, qui r\u00e9sistait \u00e0 l\u2019agression isra\u00e9lienne, devrait \u00eatre la seule \u00e0 avoir le droit de diriger le mouvement pendant cette p\u00e9riode critique de l\u2019histoire du mouvement.<\/span><\/span><\/span><\/p>\n<p><span style=\"color: #000000;\"><span style=\"font-family: Arial, sans-serif;\"><span style=\"font-size: medium;\">Bien que l\u2019assassinat de Sinwar soit consid\u00e9r\u00e9 comme un nouveau coup dur pour le Hamas, il est tr\u00e8s peu probable qu\u2019il affecte sa strat\u00e9gie \u00e0 long terme.<\/span><\/span><\/span><\/p>\n<p><span style=\"color: #000000;\"><span style=\"font-family: Arial, sans-serif;\"><span style=\"font-size: medium;\">Isra\u00ebl a r\u00e9ussi \u00e0 plusieurs reprises \u00e0 presque d\u00e9capiter le mouvement. Pourtant, il n\u2019a pas r\u00e9ussi \u00e0 affaiblir sa d\u00e9termination, et encore moins \u00e0 l\u2019\u00e9craser.<\/span><\/span><\/span><\/p>\n<p><span style=\"color: #000000;\"><span style=\"font-family: Arial, sans-serif;\"><span style=\"font-size: medium;\">La liste des hauts dirigeants \u00e9limin\u00e9s depuis l\u2019\u00e9mergence du Hamas sur la sc\u00e8ne palestinienne \u00e0 la fin des ann\u00e9es 1980 est assez longue. Il comprend le fondateur du mouvement, Cheikh Yassine, le 21 mars 2004, et son successeur, Abd al-Aziz al-Rantisi, le 17 avril 2004.<\/span><\/span><\/span><\/p>\n<p><span style=\"color: #000000;\"><span style=\"font-family: Arial, sans-serif;\"><span style=\"font-size: medium;\">Le chef de l\u2019aile militaire du Hamas, les Brigades Izziddin Al-Qassam, Ahmed al-Jaabari, a \u00e9t\u00e9 assassin\u00e9 le 14 novembre 2012. Plus r\u00e9cemment, les Isra\u00e9liens ont assassin\u00e9 le chef adjoint du Hamas, Salih al-Arouri, le 2 janvier 2024, et le chef politique du mouvement, Ismail Haniyeh, le 31 juillet.<\/span><\/span><\/span><\/p>\n<p><span style=\"color: #000000;\"><span style=\"font-family: Arial, sans-serif;\"><span style=\"font-size: medium;\">La r\u00e9silience du mouvement d\u00e9coule de deux facteurs. Tout d\u2019abord, le Hamas repr\u00e9sente une id\u00e9e, et cette id\u00e9e est que les Palestiniens avaient autrefois une patrie qui leur a \u00e9t\u00e9 vol\u00e9e pour faire place \u00e0 la cr\u00e9ation d\u2019une patrie juive consid\u00e9r\u00e9e il y a un si\u00e8cle comme la solution parfaite au probl\u00e8me juif de l\u2019Europe.<\/span><\/span><\/span><\/p>\n<p><span style=\"color: #000000;\"><span style=\"font-family: Arial, sans-serif;\"><span style=\"font-size: medium;\">Les Palestiniens luttent pour rentrer chez eux depuis plus de trois quarts de si\u00e8cle.<\/span><\/span><\/span><\/p>\n<p><span style=\"color: #000000;\"><span style=\"font-family: Arial, sans-serif;\"><span style=\"font-size: medium;\">L\u2019\u00e9mergence du Hamas n\u2019\u00e9tait pas seulement une cons\u00e9quence de l\u2019intifada palestinienne (soul\u00e8vement) qui a \u00e9clat\u00e9 un jour avant (9.12.1987) la naissance du mouvement (10.12.1987) mais aussi une cons\u00e9quence de la d\u00e9cision de la direction de l\u2019Organisation de lib\u00e9ration de la Palestine (OLP) sous Yasser Arafat de renoncer \u00e0 la r\u00e9sistance en faveur d\u2019un accord de paix avec Isra\u00ebl. Cela s\u2019est av\u00e9r\u00e9 \u00eatre un \u00e9chec total, rien de moins qu\u2019une capitulation.<\/span><\/span><\/span><\/p>\n<p><span style=\"color: #000000;\"><span style=\"font-family: Arial, sans-serif;\"><span style=\"font-size: medium;\">Le temps passant a donn\u00e9 raison au Hamas et l\u2019OLP a perdu son statut de repr\u00e9sentant de la cause dans l\u2019esprit de la plupart des Palestiniens. Les accords d\u2019Oslo entre l\u2019OLP et Isra\u00ebl n\u2019ont fait que transformer le premier en une agence de collaboration s\u00e9curitaire travaillant pour le second.<\/span><\/span><\/span><\/p>\n<p><span style=\"color: #000000;\"><span style=\"font-family: Arial, sans-serif;\"><span style=\"font-size: medium;\">Depuis 1993, les Palestiniens ont vu davantage de leurs terres confisqu\u00e9es, davantage de leurs maisons d\u00e9molies et davantage de leurs fils et filles tu\u00e9s, mutil\u00e9s ou d\u00e9tenus par les Isra\u00e9liens. L\u2019\u00c9tat palestinien promis n\u2019a jamais vu le jour et la solution \u00e0 deux \u00c9tats s\u2019est transform\u00e9e en mirage, les colonies juives ayant envahi une grande partie des territoires palestiniens en Cisjordanie et \u00e0 J\u00e9rusalem-Est.<\/span><\/span><\/span><\/p>\n<p><span style=\"color: #000000;\"><span style=\"font-family: Arial, sans-serif;\"><span style=\"font-size: medium;\">Le deuxi\u00e8me facteur est que le Hamas est un mouvement institutionnel avec une direction \u00e9lue. Il n\u2019a pas de culte de la personnalit\u00e9, et les dirigeants qui disparaissent sont imm\u00e9diatement et sans heurts remplac\u00e9s.<\/span><\/span><\/span><\/p>\n<p><span style=\"color: #000000;\"><span style=\"font-family: Arial, sans-serif;\"><span style=\"font-size: medium;\">Il reste \u00e0 voir qui est susceptible de succ\u00e9der \u00e0 Sinwar. Peut-\u00eatre que cette fois-ci, il s\u2019agira plut\u00f4t d\u2019un membre de la diaspora.<\/span><\/span><\/span><\/p>\n<p><span style=\"color: #000000;\"><span style=\"font-family: Arial, sans-serif;\"><span style=\"font-size: medium;\">Et il est possible que le mouvement d\u00e9cide de vivre pour le moment avec un chef adjoint jusqu\u2019\u00e0 la tenue des \u00e9lections. Cependant, il est peu probable que des \u00e9lections aient lieu avant la fin de la guerre, et c\u2019est quelque chose de difficile \u00e0 pr\u00e9voir lorsque les flammes du conflit semblent s\u2019\u00e9tendre au-del\u00e0 de la Palestine pour engloutir toute la r\u00e9gion.<\/span><\/span><\/span><\/p>\n<p><strong><span style=\"color: #000000;\"><span style=\"font-family: Arial, sans-serif;\"><span style=\"font-size: large;\">Pas de fin en vue<\/span><\/span><\/span><\/strong><\/p>\n<p><span style=\"color: #000000;\"><span style=\"font-family: Arial, sans-serif;\"><span style=\"font-size: medium;\">Enfin, malgr\u00e9 la perte, le martyre a toujours \u00e9t\u00e9 un puissant outil de recrutement. Dans la culture palestinienne \u2013 comme dans la culture islamique \u2013, le martyre n\u2019est pas une perte mais un gain.<\/span><\/span><\/span><\/p>\n<p><span style=\"color: #000000;\"><span style=\"font-family: Arial, sans-serif;\"><span style=\"font-size: medium;\">Sinwar, comme tous ses pr\u00e9d\u00e9cesseurs assassin\u00e9s par Isra\u00ebl, sera c\u00e9l\u00e9br\u00e9 par beaucoup comme un grand martyr qui a p\u00e9ri en combattant les envahisseurs.<\/span><\/span><\/span><\/p>\n<p><span style=\"color: #000000;\"><span style=\"font-family: Arial, sans-serif;\"><span style=\"font-size: medium;\">Il y a, comme on peut s\u2019y attendre, des sp\u00e9culations quant \u00e0 savoir si l\u2019assassinat de Sinwar ouvrira la voie \u00e0 une fin prochaine de la guerre.<\/span><\/span><\/span><\/p>\n<p><span style=\"color: #000000;\"><span style=\"font-family: Arial, sans-serif;\"><span style=\"font-size: medium;\">La guerre peut prendre fin si Isra\u00ebl accepte les termes d\u2019un cessez-le-feu d\u00e9j\u00e0 accept\u00e9 par le Hamas et propos\u00e9 \u00e0 l\u2019origine par le pr\u00e9sident am\u00e9ricain Biden.<\/span><\/span><\/span><\/p>\n<p><span style=\"color: #000000;\"><span style=\"font-family: Arial, sans-serif;\"><span style=\"font-size: medium;\">Cependant, si Netanyahou insiste toujours pour d\u00e9truire le Hamas et lib\u00e9rer les otages sans rien offrir en \u00e9change, il est tr\u00e8s peu probable que nous assistions de sit\u00f4t \u00e0 une fin des combats.<\/span><\/span><\/span><\/p>\n<p><span style=\"color: #000000;\"><span style=\"font-family: Arial, sans-serif;\"><span style=\"font-size: medium;\">Il existe bien s\u00fbr le risque que le retrait de Sinwar de la sc\u00e8ne enhardisse encore davantage Netanyahou, en particulier dans le contexte des prochaines \u00e9lections am\u00e9ricaines, qu\u2019il attend avec impatience.<\/span><\/span><\/span><\/p>\n<p><span style=\"color: #000000;\"><span style=\"font-family: Arial, sans-serif;\"><span style=\"font-size: medium;\">La guerre risque de s\u2019\u00e9tendre et de s\u2019intensifier si l\u2019Iran est frapp\u00e9 pour venger sa derni\u00e8re attaque. Tout d\u00e9pend de ce qu\u2019Isra\u00ebl est susceptible de cibler en Iran.<\/span><\/span><\/span><\/p>\n<p><span style=\"color: #000000;\"><span style=\"font-family: Arial, sans-serif;\"><span style=\"font-size: medium;\">Quant au conflit, m\u00eame si cette guerre prend fin, il est tr\u00e8s peu probable que la r\u00e9gion reste calme tant que les Palestiniens seront priv\u00e9s de leurs droits fondamentaux et tant que l\u2019occupation isra\u00e9lienne se poursuivra.<\/span><\/span><\/span><\/p>\n<p><span style=\"color: #000000;\"><span style=\"font-family: Verdana, sans-serif;\"><span style=\"font-size: small;\"><span style=\"font-family: Arial, sans-serif;\"><span style=\"font-size: medium;\">Article original en anglais sur <a href=\"https:\/\/www.middleeasteye.net\/opinion\/gaza-war-yahya-sinwar-death-fighting-israel-will-not-defeat-hamas-why\">Middle East Eye<\/a> \/ Traduction MR<\/span><\/span><\/span><\/span><\/span><\/p>\n","protected":false},"excerpt":{"rendered":"<p>Azzam Tamimi, 18 octobre 2024. Les premi\u00e8res photos publi\u00e9es sur les r\u00e9seaux sociaux du chef du Hamas Yahya Sinwar, gisant mort \u00e0 l&rsquo;int\u00e9rieur de ce qui semble \u00eatre une maison <a class=\"more-link\" href=\"https:\/\/ismfrance.org\/index.php\/2024\/10\/18\/yahya-sinwar-est-mort-en-combattant-israel-sa-mort-ne-vaincra-pas-le-hamas\/\">Lire la suite &rarr;<\/a><\/p>\n","protected":false},"author":3,"featured_media":14946,"comment_status":"closed","ping_status":"closed","sticky":false,"template":"","format":"standard","meta":{"footnotes":""},"categories":[12,2],"tags":[155,111,3],"class_list":["post-14944","post","type-post","status-publish","format-standard","has-post-thumbnail","hentry","category-analyses","category-articles","tag-assassinats-cibles","tag-martyrs","tag-resistance"],"yoast_head":"<!-- This site is optimized with the Yoast SEO plugin v27.2 - https:\/\/yoast.com\/product\/yoast-seo-wordpress\/ -->\n<title>Yahya Sinwar est mort en combattant Isra\u00ebl. Sa mort ne vaincra pas le Hamas - International Solidarity Movement - ISM-France<\/title>\n<meta name=\"robots\" content=\"index, follow, max-snippet:-1, max-image-preview:large, max-video-preview:-1\" \/>\n<link rel=\"canonical\" href=\"https:\/\/ismfrance.org\/index.php\/2024\/10\/18\/yahya-sinwar-est-mort-en-combattant-israel-sa-mort-ne-vaincra-pas-le-hamas\/\" \/>\n<meta property=\"og:locale\" content=\"fr_FR\" \/>\n<meta property=\"og:type\" content=\"article\" \/>\n<meta property=\"og:title\" content=\"Yahya Sinwar est mort en combattant Isra\u00ebl. Sa mort ne vaincra pas le Hamas - International Solidarity Movement - ISM-France\" \/>\n<meta property=\"og:description\" content=\"Azzam Tamimi, 18 octobre 2024. Les premi\u00e8res photos publi\u00e9es sur les r\u00e9seaux sociaux du chef du Hamas Yahya Sinwar, gisant mort \u00e0 l&rsquo;int\u00e9rieur de ce qui semble \u00eatre une maison Lire la suite &rarr;\" \/>\n<meta property=\"og:url\" content=\"https:\/\/ismfrance.org\/index.php\/2024\/10\/18\/yahya-sinwar-est-mort-en-combattant-israel-sa-mort-ne-vaincra-pas-le-hamas\/\" \/>\n<meta property=\"og:site_name\" content=\"International Solidarity Movement - ISM-France\" \/>\n<meta property=\"article:published_time\" content=\"2024-10-18T14:59:54+00:00\" \/>\n<meta property=\"article:modified_time\" content=\"2024-10-19T09:00:23+00:00\" \/>\n<meta property=\"og:image\" content=\"https:\/\/ismfrance.org\/wp-content\/uploads\/2024\/10\/GaLCAPEXYAAIi8j.jpeg\" \/>\n\t<meta property=\"og:image:width\" content=\"1080\" \/>\n\t<meta property=\"og:image:height\" content=\"1080\" \/>\n\t<meta property=\"og:image:type\" content=\"image\/jpeg\" \/>\n<meta name=\"author\" content=\"mru_01\" \/>\n<meta name=\"twitter:card\" content=\"summary_large_image\" \/>\n<meta name=\"twitter:creator\" content=\"@ISMFRANCE\" \/>\n<meta name=\"twitter:site\" content=\"@ISMFRANCE\" \/>\n<meta name=\"twitter:label1\" content=\"\u00c9crit par\" \/>\n\t<meta name=\"twitter:data1\" content=\"mru_01\" \/>\n\t<meta name=\"twitter:label2\" content=\"Dur\u00e9e de lecture estim\u00e9e\" \/>\n\t<meta name=\"twitter:data2\" content=\"10 minutes\" \/>\n<script type=\"application\/ld+json\" class=\"yoast-schema-graph\">{\"@context\":\"https:\/\/schema.org\",\"@graph\":[{\"@type\":\"Article\",\"@id\":\"https:\/\/ismfrance.org\/index.php\/2024\/10\/18\/yahya-sinwar-est-mort-en-combattant-israel-sa-mort-ne-vaincra-pas-le-hamas\/#article\",\"isPartOf\":{\"@id\":\"https:\/\/ismfrance.org\/index.php\/2024\/10\/18\/yahya-sinwar-est-mort-en-combattant-israel-sa-mort-ne-vaincra-pas-le-hamas\/\"},\"author\":{\"name\":\"mru_01\",\"@id\":\"https:\/\/ismfrance.org\/#\/schema\/person\/3c411eb72adfaae19c0dca1f41fae01d\"},\"headline\":\"Yahya Sinwar est mort en combattant Isra\u00ebl. Sa mort ne vaincra pas le Hamas\",\"datePublished\":\"2024-10-18T14:59:54+00:00\",\"dateModified\":\"2024-10-19T09:00:23+00:00\",\"mainEntityOfPage\":{\"@id\":\"https:\/\/ismfrance.org\/index.php\/2024\/10\/18\/yahya-sinwar-est-mort-en-combattant-israel-sa-mort-ne-vaincra-pas-le-hamas\/\"},\"wordCount\":1970,\"publisher\":{\"@id\":\"https:\/\/ismfrance.org\/#organization\"},\"image\":{\"@id\":\"https:\/\/ismfrance.org\/index.php\/2024\/10\/18\/yahya-sinwar-est-mort-en-combattant-israel-sa-mort-ne-vaincra-pas-le-hamas\/#primaryimage\"},\"thumbnailUrl\":\"https:\/\/ismfrance.org\/wp-content\/uploads\/2024\/10\/GaLCAPEXYAAIi8j.jpeg\",\"keywords\":[\"Assassinats cibl\u00e9s\",\"Martyrs\",\"R\u00e9sistance\"],\"articleSection\":[\"Analyses\",\"Articles\"],\"inLanguage\":\"fr-FR\"},{\"@type\":\"WebPage\",\"@id\":\"https:\/\/ismfrance.org\/index.php\/2024\/10\/18\/yahya-sinwar-est-mort-en-combattant-israel-sa-mort-ne-vaincra-pas-le-hamas\/\",\"url\":\"https:\/\/ismfrance.org\/index.php\/2024\/10\/18\/yahya-sinwar-est-mort-en-combattant-israel-sa-mort-ne-vaincra-pas-le-hamas\/\",\"name\":\"Yahya Sinwar est mort en combattant Isra\u00ebl. Sa mort ne vaincra pas le Hamas - International Solidarity Movement - ISM-France\",\"isPartOf\":{\"@id\":\"https:\/\/ismfrance.org\/#website\"},\"primaryImageOfPage\":{\"@id\":\"https:\/\/ismfrance.org\/index.php\/2024\/10\/18\/yahya-sinwar-est-mort-en-combattant-israel-sa-mort-ne-vaincra-pas-le-hamas\/#primaryimage\"},\"image\":{\"@id\":\"https:\/\/ismfrance.org\/index.php\/2024\/10\/18\/yahya-sinwar-est-mort-en-combattant-israel-sa-mort-ne-vaincra-pas-le-hamas\/#primaryimage\"},\"thumbnailUrl\":\"https:\/\/ismfrance.org\/wp-content\/uploads\/2024\/10\/GaLCAPEXYAAIi8j.jpeg\",\"datePublished\":\"2024-10-18T14:59:54+00:00\",\"dateModified\":\"2024-10-19T09:00:23+00:00\",\"breadcrumb\":{\"@id\":\"https:\/\/ismfrance.org\/index.php\/2024\/10\/18\/yahya-sinwar-est-mort-en-combattant-israel-sa-mort-ne-vaincra-pas-le-hamas\/#breadcrumb\"},\"inLanguage\":\"fr-FR\",\"potentialAction\":[{\"@type\":\"ReadAction\",\"target\":[\"https:\/\/ismfrance.org\/index.php\/2024\/10\/18\/yahya-sinwar-est-mort-en-combattant-israel-sa-mort-ne-vaincra-pas-le-hamas\/\"]}]},{\"@type\":\"ImageObject\",\"inLanguage\":\"fr-FR\",\"@id\":\"https:\/\/ismfrance.org\/index.php\/2024\/10\/18\/yahya-sinwar-est-mort-en-combattant-israel-sa-mort-ne-vaincra-pas-le-hamas\/#primaryimage\",\"url\":\"https:\/\/ismfrance.org\/wp-content\/uploads\/2024\/10\/GaLCAPEXYAAIi8j.jpeg\",\"contentUrl\":\"https:\/\/ismfrance.org\/wp-content\/uploads\/2024\/10\/GaLCAPEXYAAIi8j.jpeg\",\"width\":1080,\"height\":1080},{\"@type\":\"BreadcrumbList\",\"@id\":\"https:\/\/ismfrance.org\/index.php\/2024\/10\/18\/yahya-sinwar-est-mort-en-combattant-israel-sa-mort-ne-vaincra-pas-le-hamas\/#breadcrumb\",\"itemListElement\":[{\"@type\":\"ListItem\",\"position\":1,\"name\":\"Accueil\",\"item\":\"https:\/\/ismfrance.org\/\"},{\"@type\":\"ListItem\",\"position\":2,\"name\":\"Yahya Sinwar est mort en combattant Isra\u00ebl. Sa mort ne vaincra pas le Hamas\"}]},{\"@type\":\"WebSite\",\"@id\":\"https:\/\/ismfrance.org\/#website\",\"url\":\"https:\/\/ismfrance.org\/\",\"name\":\"ISM Palestine France\",\"description\":\"Soutien aux luttes de lib\u00e9ration du peuple palestinien\",\"publisher\":{\"@id\":\"https:\/\/ismfrance.org\/#organization\"},\"potentialAction\":[{\"@type\":\"SearchAction\",\"target\":{\"@type\":\"EntryPoint\",\"urlTemplate\":\"https:\/\/ismfrance.org\/?s={search_term_string}\"},\"query-input\":{\"@type\":\"PropertyValueSpecification\",\"valueRequired\":true,\"valueName\":\"search_term_string\"}}],\"inLanguage\":\"fr-FR\"},{\"@type\":\"Organization\",\"@id\":\"https:\/\/ismfrance.org\/#organization\",\"name\":\"International Solidarity Movement\",\"url\":\"https:\/\/ismfrance.org\/\",\"logo\":{\"@type\":\"ImageObject\",\"inLanguage\":\"fr-FR\",\"@id\":\"https:\/\/ismfrance.org\/#\/schema\/logo\/image\/\",\"url\":\"https:\/\/ismfrance.org\/wp-content\/uploads\/2020\/12\/00.png\",\"contentUrl\":\"https:\/\/ismfrance.org\/wp-content\/uploads\/2020\/12\/00.png\",\"width\":400,\"height\":400,\"caption\":\"International Solidarity Movement\"},\"image\":{\"@id\":\"https:\/\/ismfrance.org\/#\/schema\/logo\/image\/\"},\"sameAs\":[\"https:\/\/x.com\/ISMFRANCE\"]},{\"@type\":\"Person\",\"@id\":\"https:\/\/ismfrance.org\/#\/schema\/person\/3c411eb72adfaae19c0dca1f41fae01d\",\"name\":\"mru_01\",\"image\":{\"@type\":\"ImageObject\",\"inLanguage\":\"fr-FR\",\"@id\":\"https:\/\/secure.gravatar.com\/avatar\/3a0be343b445d2ccc79e87444a294fad2b232e90d2051d0e3cc219e1ecd6a330?s=96&d=mm&r=g\",\"url\":\"https:\/\/secure.gravatar.com\/avatar\/3a0be343b445d2ccc79e87444a294fad2b232e90d2051d0e3cc219e1ecd6a330?s=96&d=mm&r=g\",\"contentUrl\":\"https:\/\/secure.gravatar.com\/avatar\/3a0be343b445d2ccc79e87444a294fad2b232e90d2051d0e3cc219e1ecd6a330?s=96&d=mm&r=g\",\"caption\":\"mru_01\"},\"url\":\"https:\/\/ismfrance.org\/index.php\/author\/admin02\/\"}]}<\/script>\n<!-- \/ Yoast SEO plugin. -->","yoast_head_json":{"title":"Yahya Sinwar est mort en combattant Isra\u00ebl. Sa mort ne vaincra pas le Hamas - International Solidarity Movement - ISM-France","robots":{"index":"index","follow":"follow","max-snippet":"max-snippet:-1","max-image-preview":"max-image-preview:large","max-video-preview":"max-video-preview:-1"},"canonical":"https:\/\/ismfrance.org\/index.php\/2024\/10\/18\/yahya-sinwar-est-mort-en-combattant-israel-sa-mort-ne-vaincra-pas-le-hamas\/","og_locale":"fr_FR","og_type":"article","og_title":"Yahya Sinwar est mort en combattant Isra\u00ebl. Sa mort ne vaincra pas le Hamas - International Solidarity Movement - ISM-France","og_description":"Azzam Tamimi, 18 octobre 2024. Les premi\u00e8res photos publi\u00e9es sur les r\u00e9seaux sociaux du chef du Hamas Yahya Sinwar, gisant mort \u00e0 l&rsquo;int\u00e9rieur de ce qui semble \u00eatre une maison Lire la suite &rarr;","og_url":"https:\/\/ismfrance.org\/index.php\/2024\/10\/18\/yahya-sinwar-est-mort-en-combattant-israel-sa-mort-ne-vaincra-pas-le-hamas\/","og_site_name":"International Solidarity Movement - ISM-France","article_published_time":"2024-10-18T14:59:54+00:00","article_modified_time":"2024-10-19T09:00:23+00:00","og_image":[{"width":1080,"height":1080,"url":"https:\/\/ismfrance.org\/wp-content\/uploads\/2024\/10\/GaLCAPEXYAAIi8j.jpeg","type":"image\/jpeg"}],"author":"mru_01","twitter_card":"summary_large_image","twitter_creator":"@ISMFRANCE","twitter_site":"@ISMFRANCE","twitter_misc":{"\u00c9crit par":"mru_01","Dur\u00e9e de lecture estim\u00e9e":"10 minutes"},"schema":{"@context":"https:\/\/schema.org","@graph":[{"@type":"Article","@id":"https:\/\/ismfrance.org\/index.php\/2024\/10\/18\/yahya-sinwar-est-mort-en-combattant-israel-sa-mort-ne-vaincra-pas-le-hamas\/#article","isPartOf":{"@id":"https:\/\/ismfrance.org\/index.php\/2024\/10\/18\/yahya-sinwar-est-mort-en-combattant-israel-sa-mort-ne-vaincra-pas-le-hamas\/"},"author":{"name":"mru_01","@id":"https:\/\/ismfrance.org\/#\/schema\/person\/3c411eb72adfaae19c0dca1f41fae01d"},"headline":"Yahya Sinwar est mort en combattant Isra\u00ebl. Sa mort ne vaincra pas le Hamas","datePublished":"2024-10-18T14:59:54+00:00","dateModified":"2024-10-19T09:00:23+00:00","mainEntityOfPage":{"@id":"https:\/\/ismfrance.org\/index.php\/2024\/10\/18\/yahya-sinwar-est-mort-en-combattant-israel-sa-mort-ne-vaincra-pas-le-hamas\/"},"wordCount":1970,"publisher":{"@id":"https:\/\/ismfrance.org\/#organization"},"image":{"@id":"https:\/\/ismfrance.org\/index.php\/2024\/10\/18\/yahya-sinwar-est-mort-en-combattant-israel-sa-mort-ne-vaincra-pas-le-hamas\/#primaryimage"},"thumbnailUrl":"https:\/\/ismfrance.org\/wp-content\/uploads\/2024\/10\/GaLCAPEXYAAIi8j.jpeg","keywords":["Assassinats cibl\u00e9s","Martyrs","R\u00e9sistance"],"articleSection":["Analyses","Articles"],"inLanguage":"fr-FR"},{"@type":"WebPage","@id":"https:\/\/ismfrance.org\/index.php\/2024\/10\/18\/yahya-sinwar-est-mort-en-combattant-israel-sa-mort-ne-vaincra-pas-le-hamas\/","url":"https:\/\/ismfrance.org\/index.php\/2024\/10\/18\/yahya-sinwar-est-mort-en-combattant-israel-sa-mort-ne-vaincra-pas-le-hamas\/","name":"Yahya Sinwar est mort en combattant Isra\u00ebl. Sa mort ne vaincra pas le Hamas - International Solidarity Movement - ISM-France","isPartOf":{"@id":"https:\/\/ismfrance.org\/#website"},"primaryImageOfPage":{"@id":"https:\/\/ismfrance.org\/index.php\/2024\/10\/18\/yahya-sinwar-est-mort-en-combattant-israel-sa-mort-ne-vaincra-pas-le-hamas\/#primaryimage"},"image":{"@id":"https:\/\/ismfrance.org\/index.php\/2024\/10\/18\/yahya-sinwar-est-mort-en-combattant-israel-sa-mort-ne-vaincra-pas-le-hamas\/#primaryimage"},"thumbnailUrl":"https:\/\/ismfrance.org\/wp-content\/uploads\/2024\/10\/GaLCAPEXYAAIi8j.jpeg","datePublished":"2024-10-18T14:59:54+00:00","dateModified":"2024-10-19T09:00:23+00:00","breadcrumb":{"@id":"https:\/\/ismfrance.org\/index.php\/2024\/10\/18\/yahya-sinwar-est-mort-en-combattant-israel-sa-mort-ne-vaincra-pas-le-hamas\/#breadcrumb"},"inLanguage":"fr-FR","potentialAction":[{"@type":"ReadAction","target":["https:\/\/ismfrance.org\/index.php\/2024\/10\/18\/yahya-sinwar-est-mort-en-combattant-israel-sa-mort-ne-vaincra-pas-le-hamas\/"]}]},{"@type":"ImageObject","inLanguage":"fr-FR","@id":"https:\/\/ismfrance.org\/index.php\/2024\/10\/18\/yahya-sinwar-est-mort-en-combattant-israel-sa-mort-ne-vaincra-pas-le-hamas\/#primaryimage","url":"https:\/\/ismfrance.org\/wp-content\/uploads\/2024\/10\/GaLCAPEXYAAIi8j.jpeg","contentUrl":"https:\/\/ismfrance.org\/wp-content\/uploads\/2024\/10\/GaLCAPEXYAAIi8j.jpeg","width":1080,"height":1080},{"@type":"BreadcrumbList","@id":"https:\/\/ismfrance.org\/index.php\/2024\/10\/18\/yahya-sinwar-est-mort-en-combattant-israel-sa-mort-ne-vaincra-pas-le-hamas\/#breadcrumb","itemListElement":[{"@type":"ListItem","position":1,"name":"Accueil","item":"https:\/\/ismfrance.org\/"},{"@type":"ListItem","position":2,"name":"Yahya Sinwar est mort en combattant Isra\u00ebl. Sa mort ne vaincra pas le Hamas"}]},{"@type":"WebSite","@id":"https:\/\/ismfrance.org\/#website","url":"https:\/\/ismfrance.org\/","name":"ISM Palestine France","description":"Soutien aux luttes de lib\u00e9ration du peuple palestinien","publisher":{"@id":"https:\/\/ismfrance.org\/#organization"},"potentialAction":[{"@type":"SearchAction","target":{"@type":"EntryPoint","urlTemplate":"https:\/\/ismfrance.org\/?s={search_term_string}"},"query-input":{"@type":"PropertyValueSpecification","valueRequired":true,"valueName":"search_term_string"}}],"inLanguage":"fr-FR"},{"@type":"Organization","@id":"https:\/\/ismfrance.org\/#organization","name":"International Solidarity Movement","url":"https:\/\/ismfrance.org\/","logo":{"@type":"ImageObject","inLanguage":"fr-FR","@id":"https:\/\/ismfrance.org\/#\/schema\/logo\/image\/","url":"https:\/\/ismfrance.org\/wp-content\/uploads\/2020\/12\/00.png","contentUrl":"https:\/\/ismfrance.org\/wp-content\/uploads\/2020\/12\/00.png","width":400,"height":400,"caption":"International Solidarity Movement"},"image":{"@id":"https:\/\/ismfrance.org\/#\/schema\/logo\/image\/"},"sameAs":["https:\/\/x.com\/ISMFRANCE"]},{"@type":"Person","@id":"https:\/\/ismfrance.org\/#\/schema\/person\/3c411eb72adfaae19c0dca1f41fae01d","name":"mru_01","image":{"@type":"ImageObject","inLanguage":"fr-FR","@id":"https:\/\/secure.gravatar.com\/avatar\/3a0be343b445d2ccc79e87444a294fad2b232e90d2051d0e3cc219e1ecd6a330?s=96&d=mm&r=g","url":"https:\/\/secure.gravatar.com\/avatar\/3a0be343b445d2ccc79e87444a294fad2b232e90d2051d0e3cc219e1ecd6a330?s=96&d=mm&r=g","contentUrl":"https:\/\/secure.gravatar.com\/avatar\/3a0be343b445d2ccc79e87444a294fad2b232e90d2051d0e3cc219e1ecd6a330?s=96&d=mm&r=g","caption":"mru_01"},"url":"https:\/\/ismfrance.org\/index.php\/author\/admin02\/"}]}},"_links":{"self":[{"href":"https:\/\/ismfrance.org\/index.php\/wp-json\/wp\/v2\/posts\/14944","targetHints":{"allow":["GET"]}}],"collection":[{"href":"https:\/\/ismfrance.org\/index.php\/wp-json\/wp\/v2\/posts"}],"about":[{"href":"https:\/\/ismfrance.org\/index.php\/wp-json\/wp\/v2\/types\/post"}],"author":[{"embeddable":true,"href":"https:\/\/ismfrance.org\/index.php\/wp-json\/wp\/v2\/users\/3"}],"replies":[{"embeddable":true,"href":"https:\/\/ismfrance.org\/index.php\/wp-json\/wp\/v2\/comments?post=14944"}],"version-history":[{"count":0,"href":"https:\/\/ismfrance.org\/index.php\/wp-json\/wp\/v2\/posts\/14944\/revisions"}],"wp:featuredmedia":[{"embeddable":true,"href":"https:\/\/ismfrance.org\/index.php\/wp-json\/wp\/v2\/media\/14946"}],"wp:attachment":[{"href":"https:\/\/ismfrance.org\/index.php\/wp-json\/wp\/v2\/media?parent=14944"}],"wp:term":[{"taxonomy":"category","embeddable":true,"href":"https:\/\/ismfrance.org\/index.php\/wp-json\/wp\/v2\/categories?post=14944"},{"taxonomy":"post_tag","embeddable":true,"href":"https:\/\/ismfrance.org\/index.php\/wp-json\/wp\/v2\/tags?post=14944"}],"curies":[{"name":"wp","href":"https:\/\/api.w.org\/{rel}","templated":true}]}}