{"id":14934,"date":"2024-10-18T08:58:32","date_gmt":"2024-10-18T06:58:32","guid":{"rendered":"https:\/\/ismfrance.org\/?p=14934"},"modified":"2024-10-18T09:23:48","modified_gmt":"2024-10-18T07:23:48","slug":"hommage-a-notre-camarade-suzanne","status":"publish","type":"post","link":"https:\/\/ismfrance.org\/index.php\/2024\/10\/18\/hommage-a-notre-camarade-suzanne\/","title":{"rendered":"Hommage \u00e0 notre camarade Suzanne"},"content":{"rendered":"<p><strong>CLGIA, 16 octobre 2024<\/strong>. Un hommage \u00e0 notre ch\u00e8re camarade Suzanne, r\u00e9cemment d\u00e9c\u00e9d\u00e9e le 14 septembre, s\u2019est tenu \u00e0 Paris, le vendredi 11 octobre.<\/p>\n<p><a href=\"https:\/\/ismfrance.org\/wp-content\/uploads\/2024\/10\/suz.jpeg\"><img loading=\"lazy\" decoding=\"async\" class=\"alignnone size-full wp-image-14935\" src=\"https:\/\/ismfrance.org\/wp-content\/uploads\/2024\/10\/suz.jpeg\" alt=\"\" width=\"678\" height=\"381\" srcset=\"https:\/\/ismfrance.org\/wp-content\/uploads\/2024\/10\/suz.jpeg 678w, https:\/\/ismfrance.org\/wp-content\/uploads\/2024\/10\/suz-300x169.jpeg 300w\" sizes=\"auto, (max-width: 678px) 100vw, 678px\" \/><\/a><\/p>\n<p>Les camarades et les ami.es qui ont partag\u00e9 avec notre ch\u00e8re Suzanne ses combats de toute une vie se sont r\u00e9uni.es, nombreux et nombreuses, jeunes et moins jeunes, pour vivre ensemble ce moment de tristesse et d\u2019\u00e9motion, certes, mais aussi cet hommage militant, optimiste et plein de d\u00e9termination.<\/p>\n<p>Ses camarades et ses ami.es ont rappel\u00e9 les diff\u00e9rentes luttes que la camarade Suzanne a men\u00e9es avec force et courage durant sa vie de combattante : son combat anti-imp\u00e9rialiste et antifasciste, son combat pour la lib\u00e9ration des prisonniers r\u00e9volutionnaires, pour la lib\u00e9ration de la Palestine, pour la lib\u00e9ration de Georges Abdallah, pour la lib\u00e9ration de tous les peuples opprim\u00e9s du monde entier. Ces t\u00e9moignages se sont accompagn\u00e9s de chants r\u00e9volutionnaires comme le souhaitait notre camarade. De nombreuses photos et vid\u00e9os ont \u00e9t\u00e9 projet\u00e9es pour illustrer l\u2019action militante de Suzanne.<\/p>\n<p>Georges Abdallah, de derri\u00e8re les barreaux, a particip\u00e9 \u00e0 l\u2019hommage et a exprim\u00e9 sa peine \u00e0 l\u2019id\u00e9e de dire ses adieux \u00e0 sa camarade et amie Suzanne par ces mots :<\/p>\n<p><em>\u00ab\u00a0Notre Suzanne qui participait \u00e0 la lutte jusqu\u2019\u00e0 l\u2019\u00e9puisement de toutes ses forces ne peut nous quitter compl\u00e8tement. Elle demeure en vie \u00e0 tout jamais dans nos c\u0153urs et dans l\u2019esprit des militants et militantes engag\u00e9.es dans cette \u00e9pop\u00e9e de r\u00e9sistance en vue d\u2019un monde meilleur. Elle demeure en vie \u00e0 tout jamais avec Catherine et tous ceux et celles qui les ont pr\u00e9c\u00e9d\u00e9es telles des flambeaux qui illuminent le chemin de la r\u00e9sistance, de la lib\u00e9ration, de la libert\u00e9 et de l\u2019\u00e9mancipation.<\/em><\/p>\n<p><em>A toi, tr\u00e8s cher Bernard et \u00e0 vous toutes et tous cher.es ami.es et cher.es camarades, de derri\u00e8re les barreaux, une forte pens\u00e9e, mes sentiments de profonde sympathie et mes plus sinc\u00e8res condol\u00e9ances attrist\u00e9es.\u00a0\u00bb<\/em><\/p>\n<p>Pour celles et ceux qui n\u2019ont pu \u00eatre pr\u00e9sent.es, la soir\u00e9e a \u00e9t\u00e9 film\u00e9e et est disponible sur le lien suivant :<\/p>\n<p><a href=\"https:\/\/youtu.be\/C99ZvNbCoLI?si=0CpNTvHizL_tfSSf\">https:\/\/youtu.be\/C99ZvNbCoLI?si=0CpNTvHizL_tfSSf<\/a><\/p>\n<p><strong>En te rendant hommage ch\u00e8re camarade Suzanne, nous nous engageons \u00e0 ne rien abandonner, \u00e0 ne rien l\u00e2cher et \u00e0 continuer le combat, ton combat de toute une vie, jusqu\u2019au bout, comme tu le dis si bien, pour la victoire ou la victoire !<\/strong><\/p>\n<p><a href=\"https:\/\/ismfrance.org\/wp-content\/uploads\/2024\/10\/visuel_hommage_octobre_suz.png\"><img loading=\"lazy\" decoding=\"async\" class=\"alignnone size-large wp-image-14936\" src=\"https:\/\/ismfrance.org\/wp-content\/uploads\/2024\/10\/visuel_hommage_octobre_suz-560x700.png\" alt=\"\" width=\"560\" height=\"700\" srcset=\"https:\/\/ismfrance.org\/wp-content\/uploads\/2024\/10\/visuel_hommage_octobre_suz-560x700.png 560w, https:\/\/ismfrance.org\/wp-content\/uploads\/2024\/10\/visuel_hommage_octobre_suz-240x300.png 240w, https:\/\/ismfrance.org\/wp-content\/uploads\/2024\/10\/visuel_hommage_octobre_suz-768x960.png 768w, https:\/\/ismfrance.org\/wp-content\/uploads\/2024\/10\/visuel_hommage_octobre_suz.png 1229w\" sizes=\"auto, (max-width: 560px) 100vw, 560px\" \/><\/a><\/p>\n<p>Source : <strong><a href=\"https:\/\/liberonsgeorges.samizdat.net\/mobilisation\/hommage-a-notre-camarade-suzanne\/\">CLGIA<\/a><\/strong><\/p>\n","protected":false},"excerpt":{"rendered":"<p>CLGIA, 16 octobre 2024. Un hommage \u00e0 notre ch\u00e8re camarade Suzanne, r\u00e9cemment d\u00e9c\u00e9d\u00e9e le 14 septembre, s\u2019est tenu \u00e0 Paris, le vendredi 11 octobre. Les camarades et les ami.es qui <a class=\"more-link\" href=\"https:\/\/ismfrance.org\/index.php\/2024\/10\/18\/hommage-a-notre-camarade-suzanne\/\">Lire la suite &rarr;<\/a><\/p>\n","protected":false},"author":3,"featured_media":14935,"comment_status":"closed","ping_status":"closed","sticky":false,"template":"","format":"standard","meta":{"footnotes":""},"categories":[2,13],"tags":[20,44],"class_list":["post-14934","post","type-post","status-publish","format-standard","has-post-thumbnail","hentry","category-articles","category-temoignages","tag-georges-abdallah","tag-materiel-militant"],"yoast_head":"<!-- This site is optimized with the Yoast SEO plugin v27.2 - https:\/\/yoast.com\/product\/yoast-seo-wordpress\/ -->\n<title>Hommage \u00e0 notre camarade Suzanne - International Solidarity Movement - ISM-France<\/title>\n<meta name=\"robots\" content=\"index, follow, max-snippet:-1, max-image-preview:large, max-video-preview:-1\" \/>\n<link rel=\"canonical\" href=\"https:\/\/ismfrance.org\/index.php\/2024\/10\/18\/hommage-a-notre-camarade-suzanne\/\" \/>\n<meta property=\"og:locale\" content=\"fr_FR\" \/>\n<meta property=\"og:type\" content=\"article\" \/>\n<meta property=\"og:title\" content=\"Hommage \u00e0 notre camarade Suzanne - International Solidarity Movement - ISM-France\" \/>\n<meta property=\"og:description\" content=\"CLGIA, 16 octobre 2024. Un hommage \u00e0 notre ch\u00e8re camarade Suzanne, r\u00e9cemment d\u00e9c\u00e9d\u00e9e le 14 septembre, s\u2019est tenu \u00e0 Paris, le vendredi 11 octobre. Les camarades et les ami.es qui Lire la suite &rarr;\" \/>\n<meta property=\"og:url\" content=\"https:\/\/ismfrance.org\/index.php\/2024\/10\/18\/hommage-a-notre-camarade-suzanne\/\" \/>\n<meta property=\"og:site_name\" content=\"International Solidarity Movement - ISM-France\" \/>\n<meta property=\"article:published_time\" content=\"2024-10-18T06:58:32+00:00\" \/>\n<meta property=\"article:modified_time\" content=\"2024-10-18T07:23:48+00:00\" \/>\n<meta property=\"og:image\" content=\"https:\/\/ismfrance.org\/wp-content\/uploads\/2024\/10\/suz.jpeg\" \/>\n\t<meta property=\"og:image:width\" content=\"678\" \/>\n\t<meta property=\"og:image:height\" content=\"381\" \/>\n\t<meta property=\"og:image:type\" content=\"image\/jpeg\" \/>\n<meta name=\"author\" content=\"mru_01\" \/>\n<meta name=\"twitter:card\" content=\"summary_large_image\" \/>\n<meta name=\"twitter:creator\" content=\"@ISMFRANCE\" \/>\n<meta name=\"twitter:site\" content=\"@ISMFRANCE\" \/>\n<meta name=\"twitter:label1\" content=\"\u00c9crit par\" \/>\n\t<meta name=\"twitter:data1\" content=\"mru_01\" \/>\n\t<meta name=\"twitter:label2\" content=\"Dur\u00e9e de lecture estim\u00e9e\" \/>\n\t<meta name=\"twitter:data2\" content=\"3 minutes\" \/>\n<script type=\"application\/ld+json\" class=\"yoast-schema-graph\">{\"@context\":\"https:\/\/schema.org\",\"@graph\":[{\"@type\":\"Article\",\"@id\":\"https:\/\/ismfrance.org\/index.php\/2024\/10\/18\/hommage-a-notre-camarade-suzanne\/#article\",\"isPartOf\":{\"@id\":\"https:\/\/ismfrance.org\/index.php\/2024\/10\/18\/hommage-a-notre-camarade-suzanne\/\"},\"author\":{\"name\":\"mru_01\",\"@id\":\"https:\/\/ismfrance.org\/#\/schema\/person\/3c411eb72adfaae19c0dca1f41fae01d\"},\"headline\":\"Hommage \u00e0 notre camarade Suzanne\",\"datePublished\":\"2024-10-18T06:58:32+00:00\",\"dateModified\":\"2024-10-18T07:23:48+00:00\",\"mainEntityOfPage\":{\"@id\":\"https:\/\/ismfrance.org\/index.php\/2024\/10\/18\/hommage-a-notre-camarade-suzanne\/\"},\"wordCount\":432,\"publisher\":{\"@id\":\"https:\/\/ismfrance.org\/#organization\"},\"image\":{\"@id\":\"https:\/\/ismfrance.org\/index.php\/2024\/10\/18\/hommage-a-notre-camarade-suzanne\/#primaryimage\"},\"thumbnailUrl\":\"https:\/\/ismfrance.org\/wp-content\/uploads\/2024\/10\/suz.jpeg\",\"keywords\":[\"Georges Abdallah\",\"mat\u00e9riel militant\"],\"articleSection\":[\"Articles\",\"T\u00e9moignages\"],\"inLanguage\":\"fr-FR\"},{\"@type\":\"WebPage\",\"@id\":\"https:\/\/ismfrance.org\/index.php\/2024\/10\/18\/hommage-a-notre-camarade-suzanne\/\",\"url\":\"https:\/\/ismfrance.org\/index.php\/2024\/10\/18\/hommage-a-notre-camarade-suzanne\/\",\"name\":\"Hommage \u00e0 notre camarade Suzanne - International Solidarity Movement - ISM-France\",\"isPartOf\":{\"@id\":\"https:\/\/ismfrance.org\/#website\"},\"primaryImageOfPage\":{\"@id\":\"https:\/\/ismfrance.org\/index.php\/2024\/10\/18\/hommage-a-notre-camarade-suzanne\/#primaryimage\"},\"image\":{\"@id\":\"https:\/\/ismfrance.org\/index.php\/2024\/10\/18\/hommage-a-notre-camarade-suzanne\/#primaryimage\"},\"thumbnailUrl\":\"https:\/\/ismfrance.org\/wp-content\/uploads\/2024\/10\/suz.jpeg\",\"datePublished\":\"2024-10-18T06:58:32+00:00\",\"dateModified\":\"2024-10-18T07:23:48+00:00\",\"breadcrumb\":{\"@id\":\"https:\/\/ismfrance.org\/index.php\/2024\/10\/18\/hommage-a-notre-camarade-suzanne\/#breadcrumb\"},\"inLanguage\":\"fr-FR\",\"potentialAction\":[{\"@type\":\"ReadAction\",\"target\":[\"https:\/\/ismfrance.org\/index.php\/2024\/10\/18\/hommage-a-notre-camarade-suzanne\/\"]}]},{\"@type\":\"ImageObject\",\"inLanguage\":\"fr-FR\",\"@id\":\"https:\/\/ismfrance.org\/index.php\/2024\/10\/18\/hommage-a-notre-camarade-suzanne\/#primaryimage\",\"url\":\"https:\/\/ismfrance.org\/wp-content\/uploads\/2024\/10\/suz.jpeg\",\"contentUrl\":\"https:\/\/ismfrance.org\/wp-content\/uploads\/2024\/10\/suz.jpeg\",\"width\":678,\"height\":381},{\"@type\":\"BreadcrumbList\",\"@id\":\"https:\/\/ismfrance.org\/index.php\/2024\/10\/18\/hommage-a-notre-camarade-suzanne\/#breadcrumb\",\"itemListElement\":[{\"@type\":\"ListItem\",\"position\":1,\"name\":\"Accueil\",\"item\":\"https:\/\/ismfrance.org\/\"},{\"@type\":\"ListItem\",\"position\":2,\"name\":\"Hommage \u00e0 notre camarade Suzanne\"}]},{\"@type\":\"WebSite\",\"@id\":\"https:\/\/ismfrance.org\/#website\",\"url\":\"https:\/\/ismfrance.org\/\",\"name\":\"ISM Palestine France\",\"description\":\"Soutien aux luttes de lib\u00e9ration du peuple palestinien\",\"publisher\":{\"@id\":\"https:\/\/ismfrance.org\/#organization\"},\"potentialAction\":[{\"@type\":\"SearchAction\",\"target\":{\"@type\":\"EntryPoint\",\"urlTemplate\":\"https:\/\/ismfrance.org\/?s={search_term_string}\"},\"query-input\":{\"@type\":\"PropertyValueSpecification\",\"valueRequired\":true,\"valueName\":\"search_term_string\"}}],\"inLanguage\":\"fr-FR\"},{\"@type\":\"Organization\",\"@id\":\"https:\/\/ismfrance.org\/#organization\",\"name\":\"International Solidarity Movement\",\"url\":\"https:\/\/ismfrance.org\/\",\"logo\":{\"@type\":\"ImageObject\",\"inLanguage\":\"fr-FR\",\"@id\":\"https:\/\/ismfrance.org\/#\/schema\/logo\/image\/\",\"url\":\"https:\/\/ismfrance.org\/wp-content\/uploads\/2020\/12\/00.png\",\"contentUrl\":\"https:\/\/ismfrance.org\/wp-content\/uploads\/2020\/12\/00.png\",\"width\":400,\"height\":400,\"caption\":\"International Solidarity Movement\"},\"image\":{\"@id\":\"https:\/\/ismfrance.org\/#\/schema\/logo\/image\/\"},\"sameAs\":[\"https:\/\/x.com\/ISMFRANCE\"]},{\"@type\":\"Person\",\"@id\":\"https:\/\/ismfrance.org\/#\/schema\/person\/3c411eb72adfaae19c0dca1f41fae01d\",\"name\":\"mru_01\",\"image\":{\"@type\":\"ImageObject\",\"inLanguage\":\"fr-FR\",\"@id\":\"https:\/\/secure.gravatar.com\/avatar\/3a0be343b445d2ccc79e87444a294fad2b232e90d2051d0e3cc219e1ecd6a330?s=96&d=mm&r=g\",\"url\":\"https:\/\/secure.gravatar.com\/avatar\/3a0be343b445d2ccc79e87444a294fad2b232e90d2051d0e3cc219e1ecd6a330?s=96&d=mm&r=g\",\"contentUrl\":\"https:\/\/secure.gravatar.com\/avatar\/3a0be343b445d2ccc79e87444a294fad2b232e90d2051d0e3cc219e1ecd6a330?s=96&d=mm&r=g\",\"caption\":\"mru_01\"},\"url\":\"https:\/\/ismfrance.org\/index.php\/author\/admin02\/\"}]}<\/script>\n<!-- \/ Yoast SEO plugin. -->","yoast_head_json":{"title":"Hommage \u00e0 notre camarade Suzanne - International Solidarity Movement - ISM-France","robots":{"index":"index","follow":"follow","max-snippet":"max-snippet:-1","max-image-preview":"max-image-preview:large","max-video-preview":"max-video-preview:-1"},"canonical":"https:\/\/ismfrance.org\/index.php\/2024\/10\/18\/hommage-a-notre-camarade-suzanne\/","og_locale":"fr_FR","og_type":"article","og_title":"Hommage \u00e0 notre camarade Suzanne - International Solidarity Movement - ISM-France","og_description":"CLGIA, 16 octobre 2024. Un hommage \u00e0 notre ch\u00e8re camarade Suzanne, r\u00e9cemment d\u00e9c\u00e9d\u00e9e le 14 septembre, s\u2019est tenu \u00e0 Paris, le vendredi 11 octobre. Les camarades et les ami.es qui Lire la suite &rarr;","og_url":"https:\/\/ismfrance.org\/index.php\/2024\/10\/18\/hommage-a-notre-camarade-suzanne\/","og_site_name":"International Solidarity Movement - ISM-France","article_published_time":"2024-10-18T06:58:32+00:00","article_modified_time":"2024-10-18T07:23:48+00:00","og_image":[{"width":678,"height":381,"url":"https:\/\/ismfrance.org\/wp-content\/uploads\/2024\/10\/suz.jpeg","type":"image\/jpeg"}],"author":"mru_01","twitter_card":"summary_large_image","twitter_creator":"@ISMFRANCE","twitter_site":"@ISMFRANCE","twitter_misc":{"\u00c9crit par":"mru_01","Dur\u00e9e de lecture estim\u00e9e":"3 minutes"},"schema":{"@context":"https:\/\/schema.org","@graph":[{"@type":"Article","@id":"https:\/\/ismfrance.org\/index.php\/2024\/10\/18\/hommage-a-notre-camarade-suzanne\/#article","isPartOf":{"@id":"https:\/\/ismfrance.org\/index.php\/2024\/10\/18\/hommage-a-notre-camarade-suzanne\/"},"author":{"name":"mru_01","@id":"https:\/\/ismfrance.org\/#\/schema\/person\/3c411eb72adfaae19c0dca1f41fae01d"},"headline":"Hommage \u00e0 notre camarade Suzanne","datePublished":"2024-10-18T06:58:32+00:00","dateModified":"2024-10-18T07:23:48+00:00","mainEntityOfPage":{"@id":"https:\/\/ismfrance.org\/index.php\/2024\/10\/18\/hommage-a-notre-camarade-suzanne\/"},"wordCount":432,"publisher":{"@id":"https:\/\/ismfrance.org\/#organization"},"image":{"@id":"https:\/\/ismfrance.org\/index.php\/2024\/10\/18\/hommage-a-notre-camarade-suzanne\/#primaryimage"},"thumbnailUrl":"https:\/\/ismfrance.org\/wp-content\/uploads\/2024\/10\/suz.jpeg","keywords":["Georges Abdallah","mat\u00e9riel militant"],"articleSection":["Articles","T\u00e9moignages"],"inLanguage":"fr-FR"},{"@type":"WebPage","@id":"https:\/\/ismfrance.org\/index.php\/2024\/10\/18\/hommage-a-notre-camarade-suzanne\/","url":"https:\/\/ismfrance.org\/index.php\/2024\/10\/18\/hommage-a-notre-camarade-suzanne\/","name":"Hommage \u00e0 notre camarade Suzanne - International Solidarity Movement - ISM-France","isPartOf":{"@id":"https:\/\/ismfrance.org\/#website"},"primaryImageOfPage":{"@id":"https:\/\/ismfrance.org\/index.php\/2024\/10\/18\/hommage-a-notre-camarade-suzanne\/#primaryimage"},"image":{"@id":"https:\/\/ismfrance.org\/index.php\/2024\/10\/18\/hommage-a-notre-camarade-suzanne\/#primaryimage"},"thumbnailUrl":"https:\/\/ismfrance.org\/wp-content\/uploads\/2024\/10\/suz.jpeg","datePublished":"2024-10-18T06:58:32+00:00","dateModified":"2024-10-18T07:23:48+00:00","breadcrumb":{"@id":"https:\/\/ismfrance.org\/index.php\/2024\/10\/18\/hommage-a-notre-camarade-suzanne\/#breadcrumb"},"inLanguage":"fr-FR","potentialAction":[{"@type":"ReadAction","target":["https:\/\/ismfrance.org\/index.php\/2024\/10\/18\/hommage-a-notre-camarade-suzanne\/"]}]},{"@type":"ImageObject","inLanguage":"fr-FR","@id":"https:\/\/ismfrance.org\/index.php\/2024\/10\/18\/hommage-a-notre-camarade-suzanne\/#primaryimage","url":"https:\/\/ismfrance.org\/wp-content\/uploads\/2024\/10\/suz.jpeg","contentUrl":"https:\/\/ismfrance.org\/wp-content\/uploads\/2024\/10\/suz.jpeg","width":678,"height":381},{"@type":"BreadcrumbList","@id":"https:\/\/ismfrance.org\/index.php\/2024\/10\/18\/hommage-a-notre-camarade-suzanne\/#breadcrumb","itemListElement":[{"@type":"ListItem","position":1,"name":"Accueil","item":"https:\/\/ismfrance.org\/"},{"@type":"ListItem","position":2,"name":"Hommage \u00e0 notre camarade Suzanne"}]},{"@type":"WebSite","@id":"https:\/\/ismfrance.org\/#website","url":"https:\/\/ismfrance.org\/","name":"ISM Palestine France","description":"Soutien aux luttes de lib\u00e9ration du peuple palestinien","publisher":{"@id":"https:\/\/ismfrance.org\/#organization"},"potentialAction":[{"@type":"SearchAction","target":{"@type":"EntryPoint","urlTemplate":"https:\/\/ismfrance.org\/?s={search_term_string}"},"query-input":{"@type":"PropertyValueSpecification","valueRequired":true,"valueName":"search_term_string"}}],"inLanguage":"fr-FR"},{"@type":"Organization","@id":"https:\/\/ismfrance.org\/#organization","name":"International Solidarity Movement","url":"https:\/\/ismfrance.org\/","logo":{"@type":"ImageObject","inLanguage":"fr-FR","@id":"https:\/\/ismfrance.org\/#\/schema\/logo\/image\/","url":"https:\/\/ismfrance.org\/wp-content\/uploads\/2020\/12\/00.png","contentUrl":"https:\/\/ismfrance.org\/wp-content\/uploads\/2020\/12\/00.png","width":400,"height":400,"caption":"International Solidarity Movement"},"image":{"@id":"https:\/\/ismfrance.org\/#\/schema\/logo\/image\/"},"sameAs":["https:\/\/x.com\/ISMFRANCE"]},{"@type":"Person","@id":"https:\/\/ismfrance.org\/#\/schema\/person\/3c411eb72adfaae19c0dca1f41fae01d","name":"mru_01","image":{"@type":"ImageObject","inLanguage":"fr-FR","@id":"https:\/\/secure.gravatar.com\/avatar\/3a0be343b445d2ccc79e87444a294fad2b232e90d2051d0e3cc219e1ecd6a330?s=96&d=mm&r=g","url":"https:\/\/secure.gravatar.com\/avatar\/3a0be343b445d2ccc79e87444a294fad2b232e90d2051d0e3cc219e1ecd6a330?s=96&d=mm&r=g","contentUrl":"https:\/\/secure.gravatar.com\/avatar\/3a0be343b445d2ccc79e87444a294fad2b232e90d2051d0e3cc219e1ecd6a330?s=96&d=mm&r=g","caption":"mru_01"},"url":"https:\/\/ismfrance.org\/index.php\/author\/admin02\/"}]}},"_links":{"self":[{"href":"https:\/\/ismfrance.org\/index.php\/wp-json\/wp\/v2\/posts\/14934","targetHints":{"allow":["GET"]}}],"collection":[{"href":"https:\/\/ismfrance.org\/index.php\/wp-json\/wp\/v2\/posts"}],"about":[{"href":"https:\/\/ismfrance.org\/index.php\/wp-json\/wp\/v2\/types\/post"}],"author":[{"embeddable":true,"href":"https:\/\/ismfrance.org\/index.php\/wp-json\/wp\/v2\/users\/3"}],"replies":[{"embeddable":true,"href":"https:\/\/ismfrance.org\/index.php\/wp-json\/wp\/v2\/comments?post=14934"}],"version-history":[{"count":0,"href":"https:\/\/ismfrance.org\/index.php\/wp-json\/wp\/v2\/posts\/14934\/revisions"}],"wp:featuredmedia":[{"embeddable":true,"href":"https:\/\/ismfrance.org\/index.php\/wp-json\/wp\/v2\/media\/14935"}],"wp:attachment":[{"href":"https:\/\/ismfrance.org\/index.php\/wp-json\/wp\/v2\/media?parent=14934"}],"wp:term":[{"taxonomy":"category","embeddable":true,"href":"https:\/\/ismfrance.org\/index.php\/wp-json\/wp\/v2\/categories?post=14934"},{"taxonomy":"post_tag","embeddable":true,"href":"https:\/\/ismfrance.org\/index.php\/wp-json\/wp\/v2\/tags?post=14934"}],"curies":[{"name":"wp","href":"https:\/\/api.w.org\/{rel}","templated":true}]}}