{"id":1490,"date":"2021-12-29T11:41:03","date_gmt":"2021-12-29T10:41:03","guid":{"rendered":"https:\/\/ismfrance.org\/?p=1490"},"modified":"2021-12-29T11:46:14","modified_gmt":"2021-12-29T10:46:14","slug":"israel-demolit-une-maison-palestinienne-a-jerusalem-23-personnes-a-la-rue-video","status":"publish","type":"post","link":"https:\/\/ismfrance.org\/index.php\/2021\/12\/29\/israel-demolit-une-maison-palestinienne-a-jerusalem-23-personnes-a-la-rue-video\/","title":{"rendered":"Isra\u00ebl d\u00e9molit une maison palestinienne \u00e0 J\u00e9rusalem, 23 personnes \u00e0 la rue (vid\u00e9o)"},"content":{"rendered":"<p><b>MEMO, 28 d\u00e9cembre 2021.<\/b> Les autorit\u00e9s d&rsquo;occupation isra\u00e9liennes ont d\u00e9moli mardi une maison de trois \u00e9tages appartenant \u00e0 des Palestiniens dans le quartier d&rsquo;al Isawiyyeh \u00e0 J\u00e9rusalem-Est occup\u00e9e, d\u00e9pla\u00e7ant 23 personnes, ont rapport\u00e9 les agences de presse locales.<\/p>\n<p><img loading=\"lazy\" decoding=\"async\" class=\"aligncenter size-full wp-image-1491\" src=\"https:\/\/ismfrance.org\/wp-content\/uploads\/2021\/12\/nidal-mustafa.jpg\" alt=\"\" width=\"1599\" height=\"899\" srcset=\"https:\/\/ismfrance.org\/wp-content\/uploads\/2021\/12\/nidal-mustafa.jpg 1599w, https:\/\/ismfrance.org\/wp-content\/uploads\/2021\/12\/nidal-mustafa-300x169.jpg 300w, https:\/\/ismfrance.org\/wp-content\/uploads\/2021\/12\/nidal-mustafa-700x394.jpg 700w, https:\/\/ismfrance.org\/wp-content\/uploads\/2021\/12\/nidal-mustafa-768x432.jpg 768w, https:\/\/ismfrance.org\/wp-content\/uploads\/2021\/12\/nidal-mustafa-1536x864.jpg 1536w, https:\/\/ismfrance.org\/wp-content\/uploads\/2021\/12\/nidal-mustafa-1320x742.jpg 1320w\" sizes=\"auto, (max-width: 1599px) 100vw, 1599px\" \/><\/p>\n<p>Le propri\u00e9taire de la maison, Nidal Yassin Mustafa, a d\u00e9clar\u00e9 que le personnel de la municipalit\u00e9, prot\u00e9g\u00e9 par la police d&rsquo;occupation isra\u00e9lienne, a encercl\u00e9 la zone o\u00f9 se trouve l&rsquo;immeuble et l&rsquo;a d\u00e9moli sous pr\u00e9texte qu&rsquo;il avait \u00e9t\u00e9 construit sans permis.<\/p>\n<p>Nidal Mustafa a d\u00e9clar\u00e9 que 23 personnes vivaient \u00e0 l&rsquo;int\u00e9rieur de cette maison qui sont toutes devenues sans-abri car elles ont \u00e9t\u00e9 laiss\u00e9es \u00e0 la rue.<\/p>\n<p>S&rsquo;adressant \u00e0 l&rsquo;agence de presse <a href=\"https:\/\/safa.ps\/post\/318807\/%D8%A7%D9%84%D8%A7%D8%AD%D8%AA%D9%84%D8%A7%D9%84-%D9%8A%D8%B4%D8%B1%D8%AF-23-%D9%81%D8%B1%D8%AF-%D8%A7-%D9%85%D9%86-%D8%B9%D8%A7%D8%A6%D9%84%D8%A9-%D8%A8%D8%A7%D9%84%D8%B9%D9%8A%D8%B3%D9%88%D9%8A%D8%A9\">Safa<\/a>, Nidal a d\u00e9clar\u00e9 que la famille avait re\u00e7u une premi\u00e8re note lui demandant de payer une amende de 90.000 NIS (26.000 \u20ac) il y a sept ans.<\/p>\n<p>https:\/\/youtu.be\/SYJsiFoWW8A<\/p>\n<p>Il a ajout\u00e9 que sa famille a pay\u00e9 l&rsquo;amende, mais que la municipalit\u00e9 lui a demand\u00e9 de payer une nouvelle amende de 140.000 NIS (40.000 \u20ac). \u00ab\u00a0Nous avons pay\u00e9 40 000 NIS (11.500 \u20ac)\u00a0\u00bb, a-t-il d\u00e9clar\u00e9.<\/p>\n<p>Nidal a \u00e9galement pr\u00e9cis\u00e9 que sa famille a pay\u00e9 des dizaines de milliers de shekels pour des plans, des cartes et d&rsquo;autres personnels afin d&rsquo;obtenir un permis de construire, mais sans succ\u00e8s.<\/p>\n<p>Les Palestiniens sont contraints de construire sur leurs terres \u00e0 J\u00e9rusalem occup\u00e9e sans permis, car il leur est presque impossible d&rsquo;en obtenir un.<\/p>\n<p>L&rsquo;occupation isra\u00e9lienne s&rsquo;efforce de r\u00e9duire au minimum la pr\u00e9sence palestinienne dans la ville afin de modifier l&rsquo;\u00e9quilibre d\u00e9mographique en faveur de la population juive.<\/p>\n<p>La famille a d\u00e9clar\u00e9 qu&rsquo;apr\u00e8s avoir tout tenter pour sauver sa maison, elle a demand\u00e9 \u00e0 la municipalit\u00e9 isra\u00e9lienne de d\u00e9molir elle-m\u00eame le b\u00e2timent afin d&rsquo;\u00e9viter les frais \u00e9lev\u00e9s \u00e0 payer \u00e0 la municipalit\u00e9, mais celle-ci les a surpris et est venue d\u00e9molir la maison sans autre notice.<\/p>\n<p><em>Article original en anglais sur <a href=\"https:\/\/www.middleeastmonitor.com\/20211228-israel-demolishes-palestinian-house-in-jerusalem-displaces-23-people\/\">Middle East Monitor<\/a> \/ Traduction MR<\/em><\/p>\n","protected":false},"excerpt":{"rendered":"<p>MEMO, 28 d\u00e9cembre 2021. Les autorit\u00e9s d&rsquo;occupation isra\u00e9liennes ont d\u00e9moli mardi une maison de trois \u00e9tages appartenant \u00e0 des Palestiniens dans le quartier d&rsquo;al Isawiyyeh \u00e0 J\u00e9rusalem-Est occup\u00e9e, d\u00e9pla\u00e7ant 23 <a class=\"more-link\" href=\"https:\/\/ismfrance.org\/index.php\/2021\/12\/29\/israel-demolit-une-maison-palestinienne-a-jerusalem-23-personnes-a-la-rue-video\/\">Lire la suite &rarr;<\/a><\/p>\n","protected":false},"author":3,"featured_media":1491,"comment_status":"closed","ping_status":"closed","sticky":false,"template":"","format":"standard","meta":{"footnotes":""},"categories":[1],"tags":[128,116,45],"class_list":["post-1490","post","type-post","status-publish","format-standard","has-post-thumbnail","hentry","category-non-classe","tag-demolition-de-maison","tag-judaisation","tag-nettoyage-ethnique"],"yoast_head":"<!-- This site is optimized with the Yoast SEO plugin v27.5 - https:\/\/yoast.com\/product\/yoast-seo-wordpress\/ -->\n<title>Isra\u00ebl d\u00e9molit une maison palestinienne \u00e0 J\u00e9rusalem, 23 personnes \u00e0 la rue (vid\u00e9o) - International Solidarity Movement - ISM-France<\/title>\n<meta name=\"robots\" content=\"index, follow, max-snippet:-1, max-image-preview:large, max-video-preview:-1\" \/>\n<link rel=\"canonical\" href=\"https:\/\/ismfrance.org\/index.php\/2021\/12\/29\/israel-demolit-une-maison-palestinienne-a-jerusalem-23-personnes-a-la-rue-video\/\" \/>\n<meta property=\"og:locale\" content=\"fr_FR\" \/>\n<meta property=\"og:type\" content=\"article\" \/>\n<meta property=\"og:title\" content=\"Isra\u00ebl d\u00e9molit une maison palestinienne \u00e0 J\u00e9rusalem, 23 personnes \u00e0 la rue (vid\u00e9o) - International Solidarity Movement - ISM-France\" \/>\n<meta property=\"og:description\" content=\"MEMO, 28 d\u00e9cembre 2021. Les autorit\u00e9s d&rsquo;occupation isra\u00e9liennes ont d\u00e9moli mardi une maison de trois \u00e9tages appartenant \u00e0 des Palestiniens dans le quartier d&rsquo;al Isawiyyeh \u00e0 J\u00e9rusalem-Est occup\u00e9e, d\u00e9pla\u00e7ant 23 Lire la suite &rarr;\" \/>\n<meta property=\"og:url\" content=\"https:\/\/ismfrance.org\/index.php\/2021\/12\/29\/israel-demolit-une-maison-palestinienne-a-jerusalem-23-personnes-a-la-rue-video\/\" \/>\n<meta property=\"og:site_name\" content=\"International Solidarity Movement - ISM-France\" \/>\n<meta property=\"article:published_time\" content=\"2021-12-29T10:41:03+00:00\" \/>\n<meta property=\"article:modified_time\" content=\"2021-12-29T10:46:14+00:00\" \/>\n<meta property=\"og:image\" content=\"https:\/\/ismfrance.org\/wp-content\/uploads\/2021\/12\/nidal-mustafa.jpg\" \/>\n\t<meta property=\"og:image:width\" content=\"1599\" \/>\n\t<meta property=\"og:image:height\" content=\"899\" \/>\n\t<meta property=\"og:image:type\" content=\"image\/jpeg\" \/>\n<meta name=\"author\" content=\"mru_01\" \/>\n<meta name=\"twitter:card\" content=\"summary_large_image\" \/>\n<meta name=\"twitter:creator\" content=\"@ISMFRANCE\" \/>\n<meta name=\"twitter:site\" content=\"@ISMFRANCE\" \/>\n<meta name=\"twitter:label1\" content=\"\u00c9crit par\" \/>\n\t<meta name=\"twitter:data1\" content=\"mru_01\" \/>\n\t<meta name=\"twitter:label2\" content=\"Dur\u00e9e de lecture estim\u00e9e\" \/>\n\t<meta name=\"twitter:data2\" content=\"2 minutes\" \/>\n<script type=\"application\/ld+json\" class=\"yoast-schema-graph\">{\"@context\":\"https:\\\/\\\/schema.org\",\"@graph\":[{\"@type\":\"Article\",\"@id\":\"https:\\\/\\\/ismfrance.org\\\/index.php\\\/2021\\\/12\\\/29\\\/israel-demolit-une-maison-palestinienne-a-jerusalem-23-personnes-a-la-rue-video\\\/#article\",\"isPartOf\":{\"@id\":\"https:\\\/\\\/ismfrance.org\\\/index.php\\\/2021\\\/12\\\/29\\\/israel-demolit-une-maison-palestinienne-a-jerusalem-23-personnes-a-la-rue-video\\\/\"},\"author\":{\"name\":\"mru_01\",\"@id\":\"https:\\\/\\\/ismfrance.org\\\/#\\\/schema\\\/person\\\/3c411eb72adfaae19c0dca1f41fae01d\"},\"headline\":\"Isra\u00ebl d\u00e9molit une maison palestinienne \u00e0 J\u00e9rusalem, 23 personnes \u00e0 la rue (vid\u00e9o)\",\"datePublished\":\"2021-12-29T10:41:03+00:00\",\"dateModified\":\"2021-12-29T10:46:14+00:00\",\"mainEntityOfPage\":{\"@id\":\"https:\\\/\\\/ismfrance.org\\\/index.php\\\/2021\\\/12\\\/29\\\/israel-demolit-une-maison-palestinienne-a-jerusalem-23-personnes-a-la-rue-video\\\/\"},\"wordCount\":362,\"publisher\":{\"@id\":\"https:\\\/\\\/ismfrance.org\\\/#organization\"},\"image\":{\"@id\":\"https:\\\/\\\/ismfrance.org\\\/index.php\\\/2021\\\/12\\\/29\\\/israel-demolit-une-maison-palestinienne-a-jerusalem-23-personnes-a-la-rue-video\\\/#primaryimage\"},\"thumbnailUrl\":\"https:\\\/\\\/ismfrance.org\\\/wp-content\\\/uploads\\\/2021\\\/12\\\/nidal-mustafa.jpg\",\"keywords\":[\"D\u00e9molition de maison\",\"Juda\u00efsation\",\"nettoyage ethnique\"],\"inLanguage\":\"fr-FR\"},{\"@type\":\"WebPage\",\"@id\":\"https:\\\/\\\/ismfrance.org\\\/index.php\\\/2021\\\/12\\\/29\\\/israel-demolit-une-maison-palestinienne-a-jerusalem-23-personnes-a-la-rue-video\\\/\",\"url\":\"https:\\\/\\\/ismfrance.org\\\/index.php\\\/2021\\\/12\\\/29\\\/israel-demolit-une-maison-palestinienne-a-jerusalem-23-personnes-a-la-rue-video\\\/\",\"name\":\"Isra\u00ebl d\u00e9molit une maison palestinienne \u00e0 J\u00e9rusalem, 23 personnes \u00e0 la rue (vid\u00e9o) - International Solidarity Movement - ISM-France\",\"isPartOf\":{\"@id\":\"https:\\\/\\\/ismfrance.org\\\/#website\"},\"primaryImageOfPage\":{\"@id\":\"https:\\\/\\\/ismfrance.org\\\/index.php\\\/2021\\\/12\\\/29\\\/israel-demolit-une-maison-palestinienne-a-jerusalem-23-personnes-a-la-rue-video\\\/#primaryimage\"},\"image\":{\"@id\":\"https:\\\/\\\/ismfrance.org\\\/index.php\\\/2021\\\/12\\\/29\\\/israel-demolit-une-maison-palestinienne-a-jerusalem-23-personnes-a-la-rue-video\\\/#primaryimage\"},\"thumbnailUrl\":\"https:\\\/\\\/ismfrance.org\\\/wp-content\\\/uploads\\\/2021\\\/12\\\/nidal-mustafa.jpg\",\"datePublished\":\"2021-12-29T10:41:03+00:00\",\"dateModified\":\"2021-12-29T10:46:14+00:00\",\"breadcrumb\":{\"@id\":\"https:\\\/\\\/ismfrance.org\\\/index.php\\\/2021\\\/12\\\/29\\\/israel-demolit-une-maison-palestinienne-a-jerusalem-23-personnes-a-la-rue-video\\\/#breadcrumb\"},\"inLanguage\":\"fr-FR\",\"potentialAction\":[{\"@type\":\"ReadAction\",\"target\":[\"https:\\\/\\\/ismfrance.org\\\/index.php\\\/2021\\\/12\\\/29\\\/israel-demolit-une-maison-palestinienne-a-jerusalem-23-personnes-a-la-rue-video\\\/\"]}]},{\"@type\":\"ImageObject\",\"inLanguage\":\"fr-FR\",\"@id\":\"https:\\\/\\\/ismfrance.org\\\/index.php\\\/2021\\\/12\\\/29\\\/israel-demolit-une-maison-palestinienne-a-jerusalem-23-personnes-a-la-rue-video\\\/#primaryimage\",\"url\":\"https:\\\/\\\/ismfrance.org\\\/wp-content\\\/uploads\\\/2021\\\/12\\\/nidal-mustafa.jpg\",\"contentUrl\":\"https:\\\/\\\/ismfrance.org\\\/wp-content\\\/uploads\\\/2021\\\/12\\\/nidal-mustafa.jpg\",\"width\":1599,\"height\":899},{\"@type\":\"BreadcrumbList\",\"@id\":\"https:\\\/\\\/ismfrance.org\\\/index.php\\\/2021\\\/12\\\/29\\\/israel-demolit-une-maison-palestinienne-a-jerusalem-23-personnes-a-la-rue-video\\\/#breadcrumb\",\"itemListElement\":[{\"@type\":\"ListItem\",\"position\":1,\"name\":\"Accueil\",\"item\":\"https:\\\/\\\/ismfrance.org\\\/\"},{\"@type\":\"ListItem\",\"position\":2,\"name\":\"Isra\u00ebl d\u00e9molit une maison palestinienne \u00e0 J\u00e9rusalem, 23 personnes \u00e0 la rue (vid\u00e9o)\"}]},{\"@type\":\"WebSite\",\"@id\":\"https:\\\/\\\/ismfrance.org\\\/#website\",\"url\":\"https:\\\/\\\/ismfrance.org\\\/\",\"name\":\"ISM Palestine France\",\"description\":\"Soutien aux luttes de lib\u00e9ration du peuple palestinien\",\"publisher\":{\"@id\":\"https:\\\/\\\/ismfrance.org\\\/#organization\"},\"potentialAction\":[{\"@type\":\"SearchAction\",\"target\":{\"@type\":\"EntryPoint\",\"urlTemplate\":\"https:\\\/\\\/ismfrance.org\\\/?s={search_term_string}\"},\"query-input\":{\"@type\":\"PropertyValueSpecification\",\"valueRequired\":true,\"valueName\":\"search_term_string\"}}],\"inLanguage\":\"fr-FR\"},{\"@type\":\"Organization\",\"@id\":\"https:\\\/\\\/ismfrance.org\\\/#organization\",\"name\":\"International Solidarity Movement\",\"url\":\"https:\\\/\\\/ismfrance.org\\\/\",\"logo\":{\"@type\":\"ImageObject\",\"inLanguage\":\"fr-FR\",\"@id\":\"https:\\\/\\\/ismfrance.org\\\/#\\\/schema\\\/logo\\\/image\\\/\",\"url\":\"https:\\\/\\\/ismfrance.org\\\/wp-content\\\/uploads\\\/2020\\\/12\\\/00.png\",\"contentUrl\":\"https:\\\/\\\/ismfrance.org\\\/wp-content\\\/uploads\\\/2020\\\/12\\\/00.png\",\"width\":400,\"height\":400,\"caption\":\"International Solidarity Movement\"},\"image\":{\"@id\":\"https:\\\/\\\/ismfrance.org\\\/#\\\/schema\\\/logo\\\/image\\\/\"},\"sameAs\":[\"https:\\\/\\\/x.com\\\/ISMFRANCE\"]},{\"@type\":\"Person\",\"@id\":\"https:\\\/\\\/ismfrance.org\\\/#\\\/schema\\\/person\\\/3c411eb72adfaae19c0dca1f41fae01d\",\"name\":\"mru_01\",\"image\":{\"@type\":\"ImageObject\",\"inLanguage\":\"fr-FR\",\"@id\":\"https:\\\/\\\/secure.gravatar.com\\\/avatar\\\/3a0be343b445d2ccc79e87444a294fad2b232e90d2051d0e3cc219e1ecd6a330?s=96&d=mm&r=g\",\"url\":\"https:\\\/\\\/secure.gravatar.com\\\/avatar\\\/3a0be343b445d2ccc79e87444a294fad2b232e90d2051d0e3cc219e1ecd6a330?s=96&d=mm&r=g\",\"contentUrl\":\"https:\\\/\\\/secure.gravatar.com\\\/avatar\\\/3a0be343b445d2ccc79e87444a294fad2b232e90d2051d0e3cc219e1ecd6a330?s=96&d=mm&r=g\",\"caption\":\"mru_01\"},\"url\":\"https:\\\/\\\/ismfrance.org\\\/index.php\\\/author\\\/admin02\\\/\"}]}<\/script>\n<!-- \/ Yoast SEO plugin. -->","yoast_head_json":{"title":"Isra\u00ebl d\u00e9molit une maison palestinienne \u00e0 J\u00e9rusalem, 23 personnes \u00e0 la rue (vid\u00e9o) - International Solidarity Movement - ISM-France","robots":{"index":"index","follow":"follow","max-snippet":"max-snippet:-1","max-image-preview":"max-image-preview:large","max-video-preview":"max-video-preview:-1"},"canonical":"https:\/\/ismfrance.org\/index.php\/2021\/12\/29\/israel-demolit-une-maison-palestinienne-a-jerusalem-23-personnes-a-la-rue-video\/","og_locale":"fr_FR","og_type":"article","og_title":"Isra\u00ebl d\u00e9molit une maison palestinienne \u00e0 J\u00e9rusalem, 23 personnes \u00e0 la rue (vid\u00e9o) - International Solidarity Movement - ISM-France","og_description":"MEMO, 28 d\u00e9cembre 2021. Les autorit\u00e9s d&rsquo;occupation isra\u00e9liennes ont d\u00e9moli mardi une maison de trois \u00e9tages appartenant \u00e0 des Palestiniens dans le quartier d&rsquo;al Isawiyyeh \u00e0 J\u00e9rusalem-Est occup\u00e9e, d\u00e9pla\u00e7ant 23 Lire la suite &rarr;","og_url":"https:\/\/ismfrance.org\/index.php\/2021\/12\/29\/israel-demolit-une-maison-palestinienne-a-jerusalem-23-personnes-a-la-rue-video\/","og_site_name":"International Solidarity Movement - ISM-France","article_published_time":"2021-12-29T10:41:03+00:00","article_modified_time":"2021-12-29T10:46:14+00:00","og_image":[{"width":1599,"height":899,"url":"https:\/\/ismfrance.org\/wp-content\/uploads\/2021\/12\/nidal-mustafa.jpg","type":"image\/jpeg"}],"author":"mru_01","twitter_card":"summary_large_image","twitter_creator":"@ISMFRANCE","twitter_site":"@ISMFRANCE","twitter_misc":{"\u00c9crit par":"mru_01","Dur\u00e9e de lecture estim\u00e9e":"2 minutes"},"schema":{"@context":"https:\/\/schema.org","@graph":[{"@type":"Article","@id":"https:\/\/ismfrance.org\/index.php\/2021\/12\/29\/israel-demolit-une-maison-palestinienne-a-jerusalem-23-personnes-a-la-rue-video\/#article","isPartOf":{"@id":"https:\/\/ismfrance.org\/index.php\/2021\/12\/29\/israel-demolit-une-maison-palestinienne-a-jerusalem-23-personnes-a-la-rue-video\/"},"author":{"name":"mru_01","@id":"https:\/\/ismfrance.org\/#\/schema\/person\/3c411eb72adfaae19c0dca1f41fae01d"},"headline":"Isra\u00ebl d\u00e9molit une maison palestinienne \u00e0 J\u00e9rusalem, 23 personnes \u00e0 la rue (vid\u00e9o)","datePublished":"2021-12-29T10:41:03+00:00","dateModified":"2021-12-29T10:46:14+00:00","mainEntityOfPage":{"@id":"https:\/\/ismfrance.org\/index.php\/2021\/12\/29\/israel-demolit-une-maison-palestinienne-a-jerusalem-23-personnes-a-la-rue-video\/"},"wordCount":362,"publisher":{"@id":"https:\/\/ismfrance.org\/#organization"},"image":{"@id":"https:\/\/ismfrance.org\/index.php\/2021\/12\/29\/israel-demolit-une-maison-palestinienne-a-jerusalem-23-personnes-a-la-rue-video\/#primaryimage"},"thumbnailUrl":"https:\/\/ismfrance.org\/wp-content\/uploads\/2021\/12\/nidal-mustafa.jpg","keywords":["D\u00e9molition de maison","Juda\u00efsation","nettoyage ethnique"],"inLanguage":"fr-FR"},{"@type":"WebPage","@id":"https:\/\/ismfrance.org\/index.php\/2021\/12\/29\/israel-demolit-une-maison-palestinienne-a-jerusalem-23-personnes-a-la-rue-video\/","url":"https:\/\/ismfrance.org\/index.php\/2021\/12\/29\/israel-demolit-une-maison-palestinienne-a-jerusalem-23-personnes-a-la-rue-video\/","name":"Isra\u00ebl d\u00e9molit une maison palestinienne \u00e0 J\u00e9rusalem, 23 personnes \u00e0 la rue (vid\u00e9o) - International Solidarity Movement - ISM-France","isPartOf":{"@id":"https:\/\/ismfrance.org\/#website"},"primaryImageOfPage":{"@id":"https:\/\/ismfrance.org\/index.php\/2021\/12\/29\/israel-demolit-une-maison-palestinienne-a-jerusalem-23-personnes-a-la-rue-video\/#primaryimage"},"image":{"@id":"https:\/\/ismfrance.org\/index.php\/2021\/12\/29\/israel-demolit-une-maison-palestinienne-a-jerusalem-23-personnes-a-la-rue-video\/#primaryimage"},"thumbnailUrl":"https:\/\/ismfrance.org\/wp-content\/uploads\/2021\/12\/nidal-mustafa.jpg","datePublished":"2021-12-29T10:41:03+00:00","dateModified":"2021-12-29T10:46:14+00:00","breadcrumb":{"@id":"https:\/\/ismfrance.org\/index.php\/2021\/12\/29\/israel-demolit-une-maison-palestinienne-a-jerusalem-23-personnes-a-la-rue-video\/#breadcrumb"},"inLanguage":"fr-FR","potentialAction":[{"@type":"ReadAction","target":["https:\/\/ismfrance.org\/index.php\/2021\/12\/29\/israel-demolit-une-maison-palestinienne-a-jerusalem-23-personnes-a-la-rue-video\/"]}]},{"@type":"ImageObject","inLanguage":"fr-FR","@id":"https:\/\/ismfrance.org\/index.php\/2021\/12\/29\/israel-demolit-une-maison-palestinienne-a-jerusalem-23-personnes-a-la-rue-video\/#primaryimage","url":"https:\/\/ismfrance.org\/wp-content\/uploads\/2021\/12\/nidal-mustafa.jpg","contentUrl":"https:\/\/ismfrance.org\/wp-content\/uploads\/2021\/12\/nidal-mustafa.jpg","width":1599,"height":899},{"@type":"BreadcrumbList","@id":"https:\/\/ismfrance.org\/index.php\/2021\/12\/29\/israel-demolit-une-maison-palestinienne-a-jerusalem-23-personnes-a-la-rue-video\/#breadcrumb","itemListElement":[{"@type":"ListItem","position":1,"name":"Accueil","item":"https:\/\/ismfrance.org\/"},{"@type":"ListItem","position":2,"name":"Isra\u00ebl d\u00e9molit une maison palestinienne \u00e0 J\u00e9rusalem, 23 personnes \u00e0 la rue (vid\u00e9o)"}]},{"@type":"WebSite","@id":"https:\/\/ismfrance.org\/#website","url":"https:\/\/ismfrance.org\/","name":"ISM Palestine France","description":"Soutien aux luttes de lib\u00e9ration du peuple palestinien","publisher":{"@id":"https:\/\/ismfrance.org\/#organization"},"potentialAction":[{"@type":"SearchAction","target":{"@type":"EntryPoint","urlTemplate":"https:\/\/ismfrance.org\/?s={search_term_string}"},"query-input":{"@type":"PropertyValueSpecification","valueRequired":true,"valueName":"search_term_string"}}],"inLanguage":"fr-FR"},{"@type":"Organization","@id":"https:\/\/ismfrance.org\/#organization","name":"International Solidarity Movement","url":"https:\/\/ismfrance.org\/","logo":{"@type":"ImageObject","inLanguage":"fr-FR","@id":"https:\/\/ismfrance.org\/#\/schema\/logo\/image\/","url":"https:\/\/ismfrance.org\/wp-content\/uploads\/2020\/12\/00.png","contentUrl":"https:\/\/ismfrance.org\/wp-content\/uploads\/2020\/12\/00.png","width":400,"height":400,"caption":"International Solidarity Movement"},"image":{"@id":"https:\/\/ismfrance.org\/#\/schema\/logo\/image\/"},"sameAs":["https:\/\/x.com\/ISMFRANCE"]},{"@type":"Person","@id":"https:\/\/ismfrance.org\/#\/schema\/person\/3c411eb72adfaae19c0dca1f41fae01d","name":"mru_01","image":{"@type":"ImageObject","inLanguage":"fr-FR","@id":"https:\/\/secure.gravatar.com\/avatar\/3a0be343b445d2ccc79e87444a294fad2b232e90d2051d0e3cc219e1ecd6a330?s=96&d=mm&r=g","url":"https:\/\/secure.gravatar.com\/avatar\/3a0be343b445d2ccc79e87444a294fad2b232e90d2051d0e3cc219e1ecd6a330?s=96&d=mm&r=g","contentUrl":"https:\/\/secure.gravatar.com\/avatar\/3a0be343b445d2ccc79e87444a294fad2b232e90d2051d0e3cc219e1ecd6a330?s=96&d=mm&r=g","caption":"mru_01"},"url":"https:\/\/ismfrance.org\/index.php\/author\/admin02\/"}]}},"_links":{"self":[{"href":"https:\/\/ismfrance.org\/index.php\/wp-json\/wp\/v2\/posts\/1490","targetHints":{"allow":["GET"]}}],"collection":[{"href":"https:\/\/ismfrance.org\/index.php\/wp-json\/wp\/v2\/posts"}],"about":[{"href":"https:\/\/ismfrance.org\/index.php\/wp-json\/wp\/v2\/types\/post"}],"author":[{"embeddable":true,"href":"https:\/\/ismfrance.org\/index.php\/wp-json\/wp\/v2\/users\/3"}],"replies":[{"embeddable":true,"href":"https:\/\/ismfrance.org\/index.php\/wp-json\/wp\/v2\/comments?post=1490"}],"version-history":[{"count":0,"href":"https:\/\/ismfrance.org\/index.php\/wp-json\/wp\/v2\/posts\/1490\/revisions"}],"wp:featuredmedia":[{"embeddable":true,"href":"https:\/\/ismfrance.org\/index.php\/wp-json\/wp\/v2\/media\/1491"}],"wp:attachment":[{"href":"https:\/\/ismfrance.org\/index.php\/wp-json\/wp\/v2\/media?parent=1490"}],"wp:term":[{"taxonomy":"category","embeddable":true,"href":"https:\/\/ismfrance.org\/index.php\/wp-json\/wp\/v2\/categories?post=1490"},{"taxonomy":"post_tag","embeddable":true,"href":"https:\/\/ismfrance.org\/index.php\/wp-json\/wp\/v2\/tags?post=1490"}],"curies":[{"name":"wp","href":"https:\/\/api.w.org\/{rel}","templated":true}]}}